{"id":1990,"date":"2025-09-01T13:07:02","date_gmt":"2025-09-01T13:07:02","guid":{"rendered":"https:\/\/eautomobiliai.lt\/index.php\/2025\/09\/01\/hyundai-siulo-7-metu-garantija-iskaitant-ev\/"},"modified":"2025-09-01T13:07:02","modified_gmt":"2025-09-01T13:07:02","slug":"hyundai-siulo-7-metu-garantija-iskaitant-ev","status":"publish","type":"post","link":"http:\/\/eautomobiliai.lt\/index.php\/2025\/09\/01\/hyundai-siulo-7-metu-garantija-iskaitant-ev\/","title":{"rendered":"\u201eHyundai\u201c si\u016blo 7 met\u0173 garantij\u0105, \u012fskaitant EV"},"content":{"rendered":"<p> <br \/>\n<\/p>\n<div id=\"\">\n<p>\u201eHyundai\u201c, vienas i\u0161 pirm\u0173j\u0173 prek\u0117s \u017eenkl\u0173, atne\u0161usi\u0173 EV pasi\u016bl\u0105 \u012f Australij\u0105, dabar padidino vis\u0173 j\u0173 keleivini\u0173 automobili\u0173 garantij\u0105 iki 7 met\u0173, \u012fskaitant j\u0173 EV sud\u0117t\u012f &#8211;<span style=\"font-weight: 400;\"> Jei jie aptarnauja savo transporto priemon\u0119 \u201eHyundai\u201c pardav\u0117joje.<\/span><\/p>\n<p>Anks\u010diau ilgametis 5 met\u0173 pasi\u016blymas buvo parengtas 18 met\u0173 ir vis dar i\u0161lieka savininkams, kurie nusprend\u017eia nevykdyti savo automobilio \u201eHyundai\u201c atstovyb\u0117je visoje \u0161alyje.<\/p>\n<p><span style=\"font-weight: 400;\">\u0160i garantija taip pat apima pagrindinius transporto priemoni\u0173 komponentus, tokius kaip korozija, da\u017e\u0173 patvarumas ir daugialyp\u0117s terp\u0117s sistema, tai yra daugiau nei tai, k\u0105 \u0161iandien si\u016blo daugelis kit\u0173 prek\u0117s \u017eenkl\u0173.<\/span><\/p>\n<figure id=\"attachment_174672\" aria-describedby=\"caption-attachment-174672\" style=\"width: 1000px\" class=\"wp-caption aligncenter\"><img loading=\"lazy\" decoding=\"async\" class=\"size-full wp-image-174672\" src=\"https:\/\/thedriven.io\/wp-content\/uploads\/2023\/12\/New-Kona-Electric-Premium-feature-image.jpg\" alt=\"\" width=\"1000\" height=\"667\" srcset=\"https:\/\/thedriven.io\/wp-content\/uploads\/2023\/12\/New-Kona-Electric-Premium-feature-image.jpg 1000w, https:\/\/thedriven.io\/wp-content\/uploads\/2023\/12\/New-Kona-Electric-Premium-feature-image-388x259.jpg 388w, https:\/\/thedriven.io\/wp-content\/uploads\/2023\/12\/New-Kona-Electric-Premium-feature-image-800x534.jpg 800w, https:\/\/thedriven.io\/wp-content\/uploads\/2023\/12\/New-Kona-Electric-Premium-feature-image-120x80.jpg 120w, https:\/\/thedriven.io\/wp-content\/uploads\/2023\/12\/New-Kona-Electric-Premium-feature-image-90x60.jpg 90w, https:\/\/thedriven.io\/wp-content\/uploads\/2023\/12\/New-Kona-Electric-Premium-feature-image-320x213.jpg 320w, https:\/\/thedriven.io\/wp-content\/uploads\/2023\/12\/New-Kona-Electric-Premium-feature-image-560x374.jpg 560w, https:\/\/thedriven.io\/wp-content\/uploads\/2023\/12\/New-Kona-Electric-Premium-feature-image-150x100.jpg 150w, https:\/\/thedriven.io\/wp-content\/uploads\/2023\/12\/New-Kona-Electric-Premium-feature-image-240x160.jpg 240w, https:\/\/thedriven.io\/wp-content\/uploads\/2023\/12\/New-Kona-Electric-Premium-feature-image-180x120.jpg 180w, https:\/\/thedriven.io\/wp-content\/uploads\/2023\/12\/New-Kona-Electric-Premium-feature-image-640x427.jpg 640w, https:\/\/thedriven.io\/wp-content\/uploads\/2023\/12\/New-Kona-Electric-Premium-feature-image-300x200.jpg 300w\" sizes=\"auto, (max-width: 1000px) 100vw, 1000px\"\/><figcaption id=\"caption-attachment-174672\" class=\"wp-caption-text\">Nauja \u201eKona Electric Premium\u201c. Vaizdas: \u201eHyundai\u201c<\/figcaption><\/figure>\n<p><span style=\"font-weight: 400;\">\u201eKaip pirmasis Australijos automobili\u0173 prek\u0117s \u017eenklas, si\u016blantis 5 met\u0173 neribot\u0105 kilometro garantij\u0105, mes pripa\u017e\u012fstame strategin\u0119 konkurencin\u0117s garantijos padengimo svarb\u0105\u201c,-sakoma \u201eHyundai Motor Company Australia\u201c generalinio direktoriaus Don Romano.<\/span><\/p>\n<p><span style=\"font-weight: 400;\">\u201ePer pastaruosius kelet\u0105 m\u0117nesi\u0173 mes glaud\u017eiai bendradarbiavome su savo Nacionaline prekybos atstov\u0173 taryba, kad sukurtume \u012ftikinam\u0105 ir labai patraukl\u0173 garantijos paket\u0105, kuris suteikia dar labiau ramyb\u0119 m\u016bs\u0173 savininkams\u201c.<\/span><\/p>\n<p><span style=\"font-weight: 400;\">\u0160iuo metu \u201eHyundai\u201c parduoda elektrinius modelius \u012fvairiuose populiariuose segmentuose. <\/span>Vienas i\u0161 ilgalaiki\u0173 modeli\u0173 yra \u201eKona Electric\u201c, taip pat \u201eIoniq 5\u201c visureigis ir \u201eIoniq 6\u201c sedanas.<\/p>\n<p>Anks\u010diau \u0161iais metais \u201eHyundai\u201c i\u0161leido du modelius, nukreiptus \u012f kompakti\u0161k\u0105 miesto automobili\u0173 segment\u0105 \u201eHyundai Instroter\u201c pavidalu, kartu atsine\u0161damas didel\u012f 7 viet\u0173 elektrin\u012f visureig\u012f-visi\u0161kai nauj\u0105 \u201eIoniq 9\u201c.<\/p>\n<figure id=\"attachment_180439\" aria-describedby=\"caption-attachment-180439\" style=\"width: 1200px\" class=\"wp-caption aligncenter\"><img decoding=\"async\" class=\"size-full wp-image-180439 native-lazyload-js-fallback\" alt=\"\u201eHyundai INSTRER\u201c i\u0161or\u0117. \u0160altinis: Hyundai\" width=\"1200\" height=\"600\" loading=\"lazy\" src=\"https:\/\/b2232832.smushcdn.com\/2232832\/wp-content\/uploads\/2024\/06\/Hyundai-Inster-exterior.webp?lossy=1&amp;strip=0&amp;webp=1\" srcset=\"https:\/\/b2232832.smushcdn.com\/2232832\/wp-content\/uploads\/2024\/06\/Hyundai-Inster-exterior.webp?lossy=1&amp;strip=0&amp;webp=1 1200w, https:\/\/b2232832.smushcdn.com\/2232832\/wp-content\/uploads\/2024\/06\/Hyundai-Inster-exterior-388x194.webp?lossy=1&amp;strip=0&amp;webp=1 388w, https:\/\/b2232832.smushcdn.com\/2232832\/wp-content\/uploads\/2024\/06\/Hyundai-Inster-exterior-1160x580.webp?lossy=1&amp;strip=0&amp;webp=1 1160w, https:\/\/b2232832.smushcdn.com\/2232832\/wp-content\/uploads\/2024\/06\/Hyundai-Inster-exterior-800x400.webp?lossy=1&amp;strip=0&amp;webp=1 800w, https:\/\/b2232832.smushcdn.com\/2232832\/wp-content\/uploads\/2024\/06\/Hyundai-Inster-exterior-120x60.webp?lossy=1&amp;strip=0&amp;webp=1 120w, https:\/\/b2232832.smushcdn.com\/2232832\/wp-content\/uploads\/2024\/06\/Hyundai-Inster-exterior-90x45.webp?lossy=1&amp;strip=0&amp;webp=1 90w, https:\/\/b2232832.smushcdn.com\/2232832\/wp-content\/uploads\/2024\/06\/Hyundai-Inster-exterior-320x160.webp?lossy=1&amp;strip=0&amp;webp=1 320w, https:\/\/b2232832.smushcdn.com\/2232832\/wp-content\/uploads\/2024\/06\/Hyundai-Inster-exterior-560x280.webp?lossy=1&amp;strip=0&amp;webp=1 560w, https:\/\/b2232832.smushcdn.com\/2232832\/wp-content\/uploads\/2024\/06\/Hyundai-Inster-exterior-150x75.webp?lossy=1&amp;strip=0&amp;webp=1 150w, https:\/\/b2232832.smushcdn.com\/2232832\/wp-content\/uploads\/2024\/06\/Hyundai-Inster-exterior-240x120.webp?lossy=1&amp;strip=0&amp;webp=1 240w, https:\/\/b2232832.smushcdn.com\/2232832\/wp-content\/uploads\/2024\/06\/Hyundai-Inster-exterior-180x90.webp?lossy=1&amp;strip=0&amp;webp=1 180w, https:\/\/b2232832.smushcdn.com\/2232832\/wp-content\/uploads\/2024\/06\/Hyundai-Inster-exterior-640x320.webp?lossy=1&amp;strip=0&amp;webp=1 640w, https:\/\/b2232832.smushcdn.com\/2232832\/wp-content\/uploads\/2024\/06\/Hyundai-Inster-exterior-1120x560.webp?lossy=1&amp;strip=0&amp;webp=1 1120w, https:\/\/b2232832.smushcdn.com\/2232832\/wp-content\/uploads\/2024\/06\/Hyundai-Inster-exterior-300x150.webp?lossy=1&amp;strip=0&amp;webp=1 300w\" data-sizes=\"(max-width: 1160px) 100vw, 1160px\"\/><img loading=\"lazy\" decoding=\"async\" class=\"size-full wp-image-180439\" src=\"https:\/\/thedriven.io\/wp-content\/uploads\/2024\/06\/Hyundai-Inster-exterior.webp\" alt=\"\u201eHyundai INSTRER\u201c i\u0161or\u0117. \u0160altinis: Hyundai\" width=\"1200\" height=\"600\" srcset=\"https:\/\/thedriven.io\/wp-content\/uploads\/2024\/06\/Hyundai-Inster-exterior.webp 1200w, https:\/\/thedriven.io\/wp-content\/uploads\/2024\/06\/Hyundai-Inster-exterior-388x194.webp 388w, https:\/\/thedriven.io\/wp-content\/uploads\/2024\/06\/Hyundai-Inster-exterior-1160x580.webp 1160w, https:\/\/thedriven.io\/wp-content\/uploads\/2024\/06\/Hyundai-Inster-exterior-800x400.webp 800w, https:\/\/thedriven.io\/wp-content\/uploads\/2024\/06\/Hyundai-Inster-exterior-120x60.webp 120w, https:\/\/thedriven.io\/wp-content\/uploads\/2024\/06\/Hyundai-Inster-exterior-90x45.webp 90w, https:\/\/thedriven.io\/wp-content\/uploads\/2024\/06\/Hyundai-Inster-exterior-320x160.webp 320w, https:\/\/thedriven.io\/wp-content\/uploads\/2024\/06\/Hyundai-Inster-exterior-560x280.webp 560w, https:\/\/thedriven.io\/wp-content\/uploads\/2024\/06\/Hyundai-Inster-exterior-150x75.webp 150w, https:\/\/thedriven.io\/wp-content\/uploads\/2024\/06\/Hyundai-Inster-exterior-240x120.webp 240w, https:\/\/thedriven.io\/wp-content\/uploads\/2024\/06\/Hyundai-Inster-exterior-180x90.webp 180w, https:\/\/thedriven.io\/wp-content\/uploads\/2024\/06\/Hyundai-Inster-exterior-640x320.webp 640w, https:\/\/thedriven.io\/wp-content\/uploads\/2024\/06\/Hyundai-Inster-exterior-1120x560.webp 1120w, https:\/\/thedriven.io\/wp-content\/uploads\/2024\/06\/Hyundai-Inster-exterior-300x150.webp 300w\" sizes=\"auto, (max-width: 1160px) 100vw, 1160px\"\/><figcaption id=\"caption-attachment-180439\" class=\"wp-caption-text\">\u201eHyundai INSTRER\u201c i\u0161or\u0117. \u0160altinis: Hyundai<\/figcaption><\/figure>\n<p>\u201eIoniq 9\u201c taip pat yra prabangiausias prek\u0117s \u017eenklo pasi\u016blymas iki \u0161iol, kuris, be abejo, yra su staigiomis kainos etiket\u0117mis, pradedant nuo 119 750 USD prie\u0161 kelyje.<\/p>\n<p>\u201eEV\u201c serijoje prek\u0117s \u017eenklas ir toliau si\u016blys savo 8 met\u0173 160 000 km garantij\u0105 ant automobilio auk\u0161tos \u012ftampos akumuliatoriaus pakuot\u0117s, kuri per pastaruosius kelerius metus buvo pramon\u0117s standartas.<\/p>\n<p><span style=\"font-weight: 400;\">\u0160is garantijos pasi\u016blymas yra gana geras EV pirk\u0117jams, nors ne 10 met\u0173 garantija, kuri\u0105 MG si\u016blo visuose automobiliuose, \u012fskaitant EV.<\/span><\/p>\n<figure id=\"attachment_184079\" aria-describedby=\"caption-attachment-184079\" style=\"width: 1280px\" class=\"wp-caption alignnone\"><img decoding=\"async\" class=\"wp-image-184079 size-full native-lazyload-js-fallback\" alt=\"\" width=\"1280\" height=\"640\" loading=\"lazy\" src=\"https:\/\/b2232832.smushcdn.com\/2232832\/wp-content\/uploads\/2024\/12\/Hyundai-Ioniq-9-2.jpg?lossy=1&amp;strip=0&amp;webp=1\" srcset=\"https:\/\/b2232832.smushcdn.com\/2232832\/wp-content\/uploads\/2024\/12\/Hyundai-Ioniq-9-2.jpg?lossy=1&amp;strip=0&amp;webp=1 1280w, https:\/\/b2232832.smushcdn.com\/2232832\/wp-content\/uploads\/2024\/12\/Hyundai-Ioniq-9-2-388x194.jpg?lossy=1&amp;strip=0&amp;webp=1 388w, https:\/\/b2232832.smushcdn.com\/2232832\/wp-content\/uploads\/2024\/12\/Hyundai-Ioniq-9-2-1160x580.jpg?lossy=1&amp;strip=0&amp;webp=1 1160w, https:\/\/b2232832.smushcdn.com\/2232832\/wp-content\/uploads\/2024\/12\/Hyundai-Ioniq-9-2-800x400.jpg?lossy=1&amp;strip=0&amp;webp=1 800w, https:\/\/b2232832.smushcdn.com\/2232832\/wp-content\/uploads\/2024\/12\/Hyundai-Ioniq-9-2-120x60.jpg?lossy=1&amp;strip=0&amp;webp=1 120w, https:\/\/b2232832.smushcdn.com\/2232832\/wp-content\/uploads\/2024\/12\/Hyundai-Ioniq-9-2-90x45.jpg?lossy=1&amp;strip=0&amp;webp=1 90w, https:\/\/b2232832.smushcdn.com\/2232832\/wp-content\/uploads\/2024\/12\/Hyundai-Ioniq-9-2-320x160.jpg?lossy=1&amp;strip=0&amp;webp=1 320w, https:\/\/b2232832.smushcdn.com\/2232832\/wp-content\/uploads\/2024\/12\/Hyundai-Ioniq-9-2-560x280.jpg?lossy=1&amp;strip=0&amp;webp=1 560w, https:\/\/b2232832.smushcdn.com\/2232832\/wp-content\/uploads\/2024\/12\/Hyundai-Ioniq-9-2-150x75.jpg?lossy=1&amp;strip=0&amp;webp=1 150w, https:\/\/b2232832.smushcdn.com\/2232832\/wp-content\/uploads\/2024\/12\/Hyundai-Ioniq-9-2-240x120.jpg?lossy=1&amp;strip=0&amp;webp=1 240w, https:\/\/b2232832.smushcdn.com\/2232832\/wp-content\/uploads\/2024\/12\/Hyundai-Ioniq-9-2-180x90.jpg?lossy=1&amp;strip=0&amp;webp=1 180w, https:\/\/b2232832.smushcdn.com\/2232832\/wp-content\/uploads\/2024\/12\/Hyundai-Ioniq-9-2-640x320.jpg?lossy=1&amp;strip=0&amp;webp=1 640w, https:\/\/b2232832.smushcdn.com\/2232832\/wp-content\/uploads\/2024\/12\/Hyundai-Ioniq-9-2-1120x560.jpg?lossy=1&amp;strip=0&amp;webp=1 1120w, https:\/\/b2232832.smushcdn.com\/2232832\/wp-content\/uploads\/2024\/12\/Hyundai-Ioniq-9-2-300x150.jpg?lossy=1&amp;strip=0&amp;webp=1 300w\" data-sizes=\"(max-width: 1160px) 100vw, 1160px\"\/><img loading=\"lazy\" decoding=\"async\" class=\"wp-image-184079 size-full\" src=\"https:\/\/thedriven.io\/wp-content\/uploads\/2024\/12\/Hyundai-Ioniq-9-2.jpg\" alt=\"\" width=\"1280\" height=\"640\" srcset=\"https:\/\/thedriven.io\/wp-content\/uploads\/2024\/12\/Hyundai-Ioniq-9-2.jpg 1280w, https:\/\/thedriven.io\/wp-content\/uploads\/2024\/12\/Hyundai-Ioniq-9-2-388x194.jpg 388w, https:\/\/thedriven.io\/wp-content\/uploads\/2024\/12\/Hyundai-Ioniq-9-2-1160x580.jpg 1160w, https:\/\/thedriven.io\/wp-content\/uploads\/2024\/12\/Hyundai-Ioniq-9-2-800x400.jpg 800w, https:\/\/thedriven.io\/wp-content\/uploads\/2024\/12\/Hyundai-Ioniq-9-2-120x60.jpg 120w, https:\/\/thedriven.io\/wp-content\/uploads\/2024\/12\/Hyundai-Ioniq-9-2-90x45.jpg 90w, https:\/\/thedriven.io\/wp-content\/uploads\/2024\/12\/Hyundai-Ioniq-9-2-320x160.jpg 320w, https:\/\/thedriven.io\/wp-content\/uploads\/2024\/12\/Hyundai-Ioniq-9-2-560x280.jpg 560w, https:\/\/thedriven.io\/wp-content\/uploads\/2024\/12\/Hyundai-Ioniq-9-2-150x75.jpg 150w, https:\/\/thedriven.io\/wp-content\/uploads\/2024\/12\/Hyundai-Ioniq-9-2-240x120.jpg 240w, https:\/\/thedriven.io\/wp-content\/uploads\/2024\/12\/Hyundai-Ioniq-9-2-180x90.jpg 180w, https:\/\/thedriven.io\/wp-content\/uploads\/2024\/12\/Hyundai-Ioniq-9-2-640x320.jpg 640w, https:\/\/thedriven.io\/wp-content\/uploads\/2024\/12\/Hyundai-Ioniq-9-2-1120x560.jpg 1120w, https:\/\/thedriven.io\/wp-content\/uploads\/2024\/12\/Hyundai-Ioniq-9-2-300x150.jpg 300w\" sizes=\"auto, (max-width: 1160px) 100vw, 1160px\"\/><figcaption id=\"caption-attachment-184079\" class=\"wp-caption-text\">Vaizdas: \u201eHyundai\u201c<\/figcaption><\/figure>\n<p><span style=\"font-weight: 400;\">Naujojoje 7 met\u0173 garantijoje ne\u012ftraukiamos transporto priemon\u0117s, naudojamos komerciniams tikslams.<\/span><\/p>\n<p><span style=\"font-weight: 400;\">Klientams, kurie neseniai \u012fsigijo \u201eHyundai\u201c, tai taip pat yra iki 2025 m. Bir\u017eelio 1 d.<\/span><\/p>\n<p>Dar 1999 m. \u201eHyundai\u201c suteik\u0117 5 met\u0173 130 000 kilometr\u0173 garantij\u0105, kuri 2007 m. Buvo padidinta iki 5 met\u0173 neribotos kilometro pasi\u016blymo.<\/p>\n<div class=\"saboxplugin-wrap\" itemtype=\"http:\/\/schema.org\/Person\" itemscope=\"\" itemprop=\"author\">\n<div class=\"saboxplugin-tab\">\n<div class=\"saboxplugin-gravatar\"><img decoding=\"async\" width=\"100\" height=\"100\" alt=\"Rizas Akhtar\" itemprop=\"image\" loading=\"lazy\" class=\"native-lazyload-js-fallback\" src=\"https:\/\/b2232832.smushcdn.com\/2232832\/wp-content\/uploads\/2022\/02\/Riz.jpg?lossy=1&amp;strip=0&amp;webp=1\"\/><img loading=\"lazy\" decoding=\"async\" src=\"https:\/\/thedriven.io\/wp-content\/uploads\/2022\/02\/Riz.jpg\" width=\"100\" height=\"100\" alt=\"Rizas Akhtar\" itemprop=\"image\"\/><\/div>\n<div class=\"saboxplugin-desc\">\n<div itemprop=\"description\">\n<p>RIZ yra \u201eCarloop\u201c \u012fk\u016br\u0117jas, \u012fsik\u016br\u0119s Melburne, specializuojasi Australijos EV duomenyse, \u012f\u017evalgos ataskaitose ir tendencijose. Jis yra mechanikos in\u017einierius, prie\u0161 pradedant \u201eCarloop\u201c pirmuosius 7 savo karjeros statybos transporto infrastrukt\u016bros metus. Jis turi aistr\u0105 automobiliams, ypa\u010d EV ir nori pad\u0117ti suma\u017einti transporto i\u0161metim\u0105 Australijoje. \u0160iuo metu jis vairuoja \u201eRed Tesla\u201c model\u012f 3.<\/p>\n<\/div>\n<\/div>\n<\/div>\n<\/div>\n<p><!-- AI CONTENT END 1 --><\/p><\/div>\n<p><br \/>\n<br \/><a href=\"https:\/\/thedriven.io\/2025\/09\/01\/hyundai-offers-7-year-warranty-across-line-up-including-evs\/\">Source link <\/a><\/p>\n","protected":false},"excerpt":{"rendered":"<p>\u201eHyundai\u201c, vienas i\u0161 pirm\u0173j\u0173 prek\u0117s \u017eenkl\u0173, atne\u0161usi\u0173 EV pasi\u016bl\u0105 \u012f Australij\u0105, dabar padidino vis\u0173 j\u0173 keleivini\u0173 automobili\u0173 garantij\u0105 iki 7&hellip;<\/p>\n","protected":false},"author":1,"featured_media":1991,"comment_status":"open","ping_status":"open","sticky":false,"template":"","format":"standard","meta":{"om_disable_all_campaigns":false,"_monsterinsights_skip_tracking":false,"_monsterinsights_sitenote_active":false,"_monsterinsights_sitenote_note":"","_monsterinsights_sitenote_category":0,"footnotes":""},"categories":[39],"tags":[3610,605,700,216,478],"class_list":["post-1990","post","type-post","status-publish","format-standard","has-post-thumbnail","hentry","category-eautomobiliu-technine-puse","tag-garantija","tag-hyundai","tag-iskaitant","tag-metu","tag-siulo"],"aioseo_notices":[],"yoast_head":"<!-- This site is optimized with the Yoast SEO plugin v26.8 - https:\/\/yoast.com\/product\/yoast-seo-wordpress\/ -->\n<title>\u201eHyundai\u201c si\u016blo 7 met\u0173 garantij\u0105, \u012fskaitant EV - Eautomobiliai.lt<\/title>\n<meta name=\"robots\" content=\"index, follow, max-snippet:-1, max-image-preview:large, max-video-preview:-1\" \/>\n<link rel=\"canonical\" href=\"http:\/\/eautomobiliai.lt\/index.php\/2025\/09\/01\/hyundai-siulo-7-metu-garantija-iskaitant-ev\/\" \/>\n<meta property=\"og:locale\" content=\"lt_LT\" \/>\n<meta property=\"og:type\" content=\"article\" \/>\n<meta property=\"og:title\" content=\"\u201eHyundai\u201c si\u016blo 7 met\u0173 garantij\u0105, \u012fskaitant EV - Eautomobiliai.lt\" \/>\n<meta property=\"og:description\" content=\"\u201eHyundai\u201c, vienas i\u0161 pirm\u0173j\u0173 prek\u0117s \u017eenkl\u0173, atne\u0161usi\u0173 EV pasi\u016bl\u0105 \u012f Australij\u0105, dabar padidino vis\u0173 j\u0173 keleivini\u0173 automobili\u0173 garantij\u0105 iki 7&hellip;\" \/>\n<meta property=\"og:url\" content=\"http:\/\/eautomobiliai.lt\/index.php\/2025\/09\/01\/hyundai-siulo-7-metu-garantija-iskaitant-ev\/\" \/>\n<meta property=\"og:site_name\" content=\"Eautomobiliai.lt\" \/>\n<meta property=\"article:published_time\" content=\"2025-09-01T13:07:02+00:00\" \/>\n<meta property=\"og:image\" content=\"http:\/\/eautomobiliai.lt\/wp-content\/uploads\/2025\/09\/\u201eHyundai-siulo-7-metu-garantija-iskaitant-EV.jpg\" \/>\n\t<meta property=\"og:image:width\" content=\"807\" \/>\n\t<meta property=\"og:image:height\" content=\"405\" \/>\n\t<meta property=\"og:image:type\" content=\"image\/jpeg\" \/>\n<meta name=\"author\" content=\"admin\" \/>\n<meta name=\"twitter:card\" content=\"summary_large_image\" \/>\n<meta name=\"twitter:label1\" content=\"Written by\" \/>\n\t<meta name=\"twitter:data1\" content=\"admin\" \/>\n\t<meta name=\"twitter:label2\" content=\"Est. reading time\" \/>\n\t<meta name=\"twitter:data2\" content=\"2 minut\u0117s\" \/>\n<script type=\"application\/ld+json\" class=\"yoast-schema-graph\">{\"@context\":\"https:\/\/schema.org\",\"@graph\":[{\"@type\":\"Article\",\"@id\":\"http:\/\/eautomobiliai.lt\/index.php\/2025\/09\/01\/hyundai-siulo-7-metu-garantija-iskaitant-ev\/#article\",\"isPartOf\":{\"@id\":\"http:\/\/eautomobiliai.lt\/index.php\/2025\/09\/01\/hyundai-siulo-7-metu-garantija-iskaitant-ev\/\"},\"author\":{\"name\":\"admin\",\"@id\":\"https:\/\/eautomobiliai.lt\/#\/schema\/person\/ecf2a967f361217d056061f74deb92f2\"},\"headline\":\"\u201eHyundai\u201c si\u016blo 7 met\u0173 garantij\u0105, \u012fskaitant EV\",\"datePublished\":\"2025-09-01T13:07:02+00:00\",\"mainEntityOfPage\":{\"@id\":\"http:\/\/eautomobiliai.lt\/index.php\/2025\/09\/01\/hyundai-siulo-7-metu-garantija-iskaitant-ev\/\"},\"wordCount\":414,\"commentCount\":0,\"image\":{\"@id\":\"http:\/\/eautomobiliai.lt\/index.php\/2025\/09\/01\/hyundai-siulo-7-metu-garantija-iskaitant-ev\/#primaryimage\"},\"thumbnailUrl\":\"http:\/\/eautomobiliai.lt\/wp-content\/uploads\/2025\/09\/\u201eHyundai-siulo-7-metu-garantija-iskaitant-EV.jpg\",\"keywords\":[\"garantij\u0105\",\"Hyundai\",\"\u012fskaitant\",\"met\u0173\",\"si\u016blo\"],\"articleSection\":[\"eAUTOMOBILI\u0172 TECHNIN\u0116 PUS\u0116\"],\"inLanguage\":\"lt-LT\",\"potentialAction\":[{\"@type\":\"CommentAction\",\"name\":\"Comment\",\"target\":[\"http:\/\/eautomobiliai.lt\/index.php\/2025\/09\/01\/hyundai-siulo-7-metu-garantija-iskaitant-ev\/#respond\"]}]},{\"@type\":\"WebPage\",\"@id\":\"http:\/\/eautomobiliai.lt\/index.php\/2025\/09\/01\/hyundai-siulo-7-metu-garantija-iskaitant-ev\/\",\"url\":\"http:\/\/eautomobiliai.lt\/index.php\/2025\/09\/01\/hyundai-siulo-7-metu-garantija-iskaitant-ev\/\",\"name\":\"\u201eHyundai\u201c si\u016blo 7 met\u0173 garantij\u0105, \u012fskaitant EV - Eautomobiliai.lt\",\"isPartOf\":{\"@id\":\"https:\/\/eautomobiliai.lt\/#website\"},\"primaryImageOfPage\":{\"@id\":\"http:\/\/eautomobiliai.lt\/index.php\/2025\/09\/01\/hyundai-siulo-7-metu-garantija-iskaitant-ev\/#primaryimage\"},\"image\":{\"@id\":\"http:\/\/eautomobiliai.lt\/index.php\/2025\/09\/01\/hyundai-siulo-7-metu-garantija-iskaitant-ev\/#primaryimage\"},\"thumbnailUrl\":\"http:\/\/eautomobiliai.lt\/wp-content\/uploads\/2025\/09\/\u201eHyundai-siulo-7-metu-garantija-iskaitant-EV.jpg\",\"datePublished\":\"2025-09-01T13:07:02+00:00\",\"author\":{\"@id\":\"https:\/\/eautomobiliai.lt\/#\/schema\/person\/ecf2a967f361217d056061f74deb92f2\"},\"breadcrumb\":{\"@id\":\"http:\/\/eautomobiliai.lt\/index.php\/2025\/09\/01\/hyundai-siulo-7-metu-garantija-iskaitant-ev\/#breadcrumb\"},\"inLanguage\":\"lt-LT\",\"potentialAction\":[{\"@type\":\"ReadAction\",\"target\":[\"http:\/\/eautomobiliai.lt\/index.php\/2025\/09\/01\/hyundai-siulo-7-metu-garantija-iskaitant-ev\/\"]}]},{\"@type\":\"ImageObject\",\"inLanguage\":\"lt-LT\",\"@id\":\"http:\/\/eautomobiliai.lt\/index.php\/2025\/09\/01\/hyundai-siulo-7-metu-garantija-iskaitant-ev\/#primaryimage\",\"url\":\"http:\/\/eautomobiliai.lt\/wp-content\/uploads\/2025\/09\/\u201eHyundai-siulo-7-metu-garantija-iskaitant-EV.jpg\",\"contentUrl\":\"http:\/\/eautomobiliai.lt\/wp-content\/uploads\/2025\/09\/\u201eHyundai-siulo-7-metu-garantija-iskaitant-EV.jpg\",\"width\":807,\"height\":405},{\"@type\":\"BreadcrumbList\",\"@id\":\"http:\/\/eautomobiliai.lt\/index.php\/2025\/09\/01\/hyundai-siulo-7-metu-garantija-iskaitant-ev\/#breadcrumb\",\"itemListElement\":[{\"@type\":\"ListItem\",\"position\":1,\"name\":\"Home\",\"item\":\"https:\/\/eautomobiliai.lt\/\"},{\"@type\":\"ListItem\",\"position\":2,\"name\":\"\u201eHyundai\u201c si\u016blo 7 met\u0173 garantij\u0105, \u012fskaitant EV\"}]},{\"@type\":\"WebSite\",\"@id\":\"https:\/\/eautomobiliai.lt\/#website\",\"url\":\"https:\/\/eautomobiliai.lt\/\",\"name\":\"Eautomobiliai.lt\",\"description\":\"Elektrinis transportas, technologijos\",\"potentialAction\":[{\"@type\":\"SearchAction\",\"target\":{\"@type\":\"EntryPoint\",\"urlTemplate\":\"https:\/\/eautomobiliai.lt\/?s={search_term_string}\"},\"query-input\":{\"@type\":\"PropertyValueSpecification\",\"valueRequired\":true,\"valueName\":\"search_term_string\"}}],\"inLanguage\":\"lt-LT\"},{\"@type\":\"Person\",\"@id\":\"https:\/\/eautomobiliai.lt\/#\/schema\/person\/ecf2a967f361217d056061f74deb92f2\",\"name\":\"admin\",\"image\":{\"@type\":\"ImageObject\",\"inLanguage\":\"lt-LT\",\"@id\":\"https:\/\/eautomobiliai.lt\/#\/schema\/person\/image\/\",\"url\":\"https:\/\/secure.gravatar.com\/avatar\/6323379efae0c70c686c7905444d6bbd?s=96&d=mm&r=g\",\"contentUrl\":\"https:\/\/secure.gravatar.com\/avatar\/6323379efae0c70c686c7905444d6bbd?s=96&d=mm&r=g\",\"caption\":\"admin\"},\"sameAs\":[\"http:\/\/eautomobiliai.lt\"],\"url\":\"http:\/\/eautomobiliai.lt\/index.php\/author\/admin\/\"}]}<\/script>\n<!-- \/ Yoast SEO plugin. -->","yoast_head_json":{"title":"\u201eHyundai\u201c si\u016blo 7 met\u0173 garantij\u0105, \u012fskaitant EV - Eautomobiliai.lt","robots":{"index":"index","follow":"follow","max-snippet":"max-snippet:-1","max-image-preview":"max-image-preview:large","max-video-preview":"max-video-preview:-1"},"canonical":"http:\/\/eautomobiliai.lt\/index.php\/2025\/09\/01\/hyundai-siulo-7-metu-garantija-iskaitant-ev\/","og_locale":"lt_LT","og_type":"article","og_title":"\u201eHyundai\u201c si\u016blo 7 met\u0173 garantij\u0105, \u012fskaitant EV - Eautomobiliai.lt","og_description":"\u201eHyundai\u201c, vienas i\u0161 pirm\u0173j\u0173 prek\u0117s \u017eenkl\u0173, atne\u0161usi\u0173 EV pasi\u016bl\u0105 \u012f Australij\u0105, dabar padidino vis\u0173 j\u0173 keleivini\u0173 automobili\u0173 garantij\u0105 iki 7&hellip;","og_url":"http:\/\/eautomobiliai.lt\/index.php\/2025\/09\/01\/hyundai-siulo-7-metu-garantija-iskaitant-ev\/","og_site_name":"Eautomobiliai.lt","article_published_time":"2025-09-01T13:07:02+00:00","og_image":[{"width":807,"height":405,"url":"http:\/\/eautomobiliai.lt\/wp-content\/uploads\/2025\/09\/\u201eHyundai-siulo-7-metu-garantija-iskaitant-EV.jpg","type":"image\/jpeg"}],"author":"admin","twitter_card":"summary_large_image","twitter_misc":{"Written by":"admin","Est. reading time":"2 minut\u0117s"},"schema":{"@context":"https:\/\/schema.org","@graph":[{"@type":"Article","@id":"http:\/\/eautomobiliai.lt\/index.php\/2025\/09\/01\/hyundai-siulo-7-metu-garantija-iskaitant-ev\/#article","isPartOf":{"@id":"http:\/\/eautomobiliai.lt\/index.php\/2025\/09\/01\/hyundai-siulo-7-metu-garantija-iskaitant-ev\/"},"author":{"name":"admin","@id":"https:\/\/eautomobiliai.lt\/#\/schema\/person\/ecf2a967f361217d056061f74deb92f2"},"headline":"\u201eHyundai\u201c si\u016blo 7 met\u0173 garantij\u0105, \u012fskaitant EV","datePublished":"2025-09-01T13:07:02+00:00","mainEntityOfPage":{"@id":"http:\/\/eautomobiliai.lt\/index.php\/2025\/09\/01\/hyundai-siulo-7-metu-garantija-iskaitant-ev\/"},"wordCount":414,"commentCount":0,"image":{"@id":"http:\/\/eautomobiliai.lt\/index.php\/2025\/09\/01\/hyundai-siulo-7-metu-garantija-iskaitant-ev\/#primaryimage"},"thumbnailUrl":"http:\/\/eautomobiliai.lt\/wp-content\/uploads\/2025\/09\/\u201eHyundai-siulo-7-metu-garantija-iskaitant-EV.jpg","keywords":["garantij\u0105","Hyundai","\u012fskaitant","met\u0173","si\u016blo"],"articleSection":["eAUTOMOBILI\u0172 TECHNIN\u0116 PUS\u0116"],"inLanguage":"lt-LT","potentialAction":[{"@type":"CommentAction","name":"Comment","target":["http:\/\/eautomobiliai.lt\/index.php\/2025\/09\/01\/hyundai-siulo-7-metu-garantija-iskaitant-ev\/#respond"]}]},{"@type":"WebPage","@id":"http:\/\/eautomobiliai.lt\/index.php\/2025\/09\/01\/hyundai-siulo-7-metu-garantija-iskaitant-ev\/","url":"http:\/\/eautomobiliai.lt\/index.php\/2025\/09\/01\/hyundai-siulo-7-metu-garantija-iskaitant-ev\/","name":"\u201eHyundai\u201c si\u016blo 7 met\u0173 garantij\u0105, \u012fskaitant EV - Eautomobiliai.lt","isPartOf":{"@id":"https:\/\/eautomobiliai.lt\/#website"},"primaryImageOfPage":{"@id":"http:\/\/eautomobiliai.lt\/index.php\/2025\/09\/01\/hyundai-siulo-7-metu-garantija-iskaitant-ev\/#primaryimage"},"image":{"@id":"http:\/\/eautomobiliai.lt\/index.php\/2025\/09\/01\/hyundai-siulo-7-metu-garantija-iskaitant-ev\/#primaryimage"},"thumbnailUrl":"http:\/\/eautomobiliai.lt\/wp-content\/uploads\/2025\/09\/\u201eHyundai-siulo-7-metu-garantija-iskaitant-EV.jpg","datePublished":"2025-09-01T13:07:02+00:00","author":{"@id":"https:\/\/eautomobiliai.lt\/#\/schema\/person\/ecf2a967f361217d056061f74deb92f2"},"breadcrumb":{"@id":"http:\/\/eautomobiliai.lt\/index.php\/2025\/09\/01\/hyundai-siulo-7-metu-garantija-iskaitant-ev\/#breadcrumb"},"inLanguage":"lt-LT","potentialAction":[{"@type":"ReadAction","target":["http:\/\/eautomobiliai.lt\/index.php\/2025\/09\/01\/hyundai-siulo-7-metu-garantija-iskaitant-ev\/"]}]},{"@type":"ImageObject","inLanguage":"lt-LT","@id":"http:\/\/eautomobiliai.lt\/index.php\/2025\/09\/01\/hyundai-siulo-7-metu-garantija-iskaitant-ev\/#primaryimage","url":"http:\/\/eautomobiliai.lt\/wp-content\/uploads\/2025\/09\/\u201eHyundai-siulo-7-metu-garantija-iskaitant-EV.jpg","contentUrl":"http:\/\/eautomobiliai.lt\/wp-content\/uploads\/2025\/09\/\u201eHyundai-siulo-7-metu-garantija-iskaitant-EV.jpg","width":807,"height":405},{"@type":"BreadcrumbList","@id":"http:\/\/eautomobiliai.lt\/index.php\/2025\/09\/01\/hyundai-siulo-7-metu-garantija-iskaitant-ev\/#breadcrumb","itemListElement":[{"@type":"ListItem","position":1,"name":"Home","item":"https:\/\/eautomobiliai.lt\/"},{"@type":"ListItem","position":2,"name":"\u201eHyundai\u201c si\u016blo 7 met\u0173 garantij\u0105, \u012fskaitant EV"}]},{"@type":"WebSite","@id":"https:\/\/eautomobiliai.lt\/#website","url":"https:\/\/eautomobiliai.lt\/","name":"Eautomobiliai.lt","description":"Elektrinis transportas, technologijos","potentialAction":[{"@type":"SearchAction","target":{"@type":"EntryPoint","urlTemplate":"https:\/\/eautomobiliai.lt\/?s={search_term_string}"},"query-input":{"@type":"PropertyValueSpecification","valueRequired":true,"valueName":"search_term_string"}}],"inLanguage":"lt-LT"},{"@type":"Person","@id":"https:\/\/eautomobiliai.lt\/#\/schema\/person\/ecf2a967f361217d056061f74deb92f2","name":"admin","image":{"@type":"ImageObject","inLanguage":"lt-LT","@id":"https:\/\/eautomobiliai.lt\/#\/schema\/person\/image\/","url":"https:\/\/secure.gravatar.com\/avatar\/6323379efae0c70c686c7905444d6bbd?s=96&d=mm&r=g","contentUrl":"https:\/\/secure.gravatar.com\/avatar\/6323379efae0c70c686c7905444d6bbd?s=96&d=mm&r=g","caption":"admin"},"sameAs":["http:\/\/eautomobiliai.lt"],"url":"http:\/\/eautomobiliai.lt\/index.php\/author\/admin\/"}]}},"_links":{"self":[{"href":"http:\/\/eautomobiliai.lt\/index.php\/wp-json\/wp\/v2\/posts\/1990","targetHints":{"allow":["GET"]}}],"collection":[{"href":"http:\/\/eautomobiliai.lt\/index.php\/wp-json\/wp\/v2\/posts"}],"about":[{"href":"http:\/\/eautomobiliai.lt\/index.php\/wp-json\/wp\/v2\/types\/post"}],"author":[{"embeddable":true,"href":"http:\/\/eautomobiliai.lt\/index.php\/wp-json\/wp\/v2\/users\/1"}],"replies":[{"embeddable":true,"href":"http:\/\/eautomobiliai.lt\/index.php\/wp-json\/wp\/v2\/comments?post=1990"}],"version-history":[{"count":0,"href":"http:\/\/eautomobiliai.lt\/index.php\/wp-json\/wp\/v2\/posts\/1990\/revisions"}],"wp:featuredmedia":[{"embeddable":true,"href":"http:\/\/eautomobiliai.lt\/index.php\/wp-json\/wp\/v2\/media\/1991"}],"wp:attachment":[{"href":"http:\/\/eautomobiliai.lt\/index.php\/wp-json\/wp\/v2\/media?parent=1990"}],"wp:term":[{"taxonomy":"category","embeddable":true,"href":"http:\/\/eautomobiliai.lt\/index.php\/wp-json\/wp\/v2\/categories?post=1990"},{"taxonomy":"post_tag","embeddable":true,"href":"http:\/\/eautomobiliai.lt\/index.php\/wp-json\/wp\/v2\/tags?post=1990"}],"curies":[{"name":"wp","href":"https:\/\/api.w.org\/{rel}","templated":true}]}}