{"id":1992,"date":"2025-09-01T17:08:01","date_gmt":"2025-09-01T17:08:01","guid":{"rendered":"http:\/\/eautomobiliai.lt\/index.php\/2025\/09\/01\/kia-skelbia-ev5-kainas-ir-siulo-iki-329-myliu-atstumu\/"},"modified":"2025-09-01T17:08:01","modified_gmt":"2025-09-01T17:08:01","slug":"kia-skelbia-ev5-kainas-ir-siulo-iki-329-myliu-atstumu","status":"publish","type":"post","link":"http:\/\/eautomobiliai.lt\/index.php\/2025\/09\/01\/kia-skelbia-ev5-kainas-ir-siulo-iki-329-myliu-atstumu\/","title":{"rendered":"\u201eKia\u201c skelbia \u201eEV5\u201c kainas ir si\u016blo iki 329 myli\u0173 atstumu"},"content":{"rendered":"<p> <br \/>\n<\/p>\n<div>\n<figure class=\"img-border featured-image\">\n\t<\/figure>\n<p>\u201eKia EV5\u201c oficialiai atvyko \u012f JK. Pirmadien\u012f \u201eKia\u201c, girianti iki 329 myli\u0173 nuotolio, atidar\u0117 naujojo \u201eSportage\u201c dyd\u017eio elektrinio visureigio u\u017esakymus. \u010cia yra \u201eKia EV5\u201c kain\u0173, diapazono ir kit\u0173 JK rinkos specifikacij\u0173 suskirstymas.<\/p>\n<p><span id=\"more-432352\"\/><\/p>\n<h2 class=\"wp-block-heading\" id=\"h-kia-ev5-prices-and-range-in-the-uk\">\u201eKia EV5\u201c kainos ir diapazonas JK<\/h2>\n<p>KIA EV5 vadina \u201ekertiniu akmeniu\u201c savo elektrifikavimo strategijos akmen\u012f. Vidutinio dyd\u017eio elektrinis visureigis yra ma\u017edaug \u201eTesla Model Y\u201c dyd\u017eio ir pakrautas su naujausia \u201eKia\u201c technologija, programin\u0117 \u012franga ir dailus naujas stilius.<\/p>\n<p>Pirmadien\u012f atidar\u0119s EV5 u\u017esakymus JK, \u201eKia\u201c dabar si\u016blo visureig\u012f visame kiekvienoje konkurencingiausio Europos segmento j\u0117gain\u0117je.<\/p>\n<p>\u201eEV5\u201c galima \u012fsigyti i\u0161 trij\u0173 apdaila: \u201eAir\u201c, \u201eGT-Line\u201c ir \u201eGT-Line S.\u201c. Visi trys variantai yra varomi 81,4 kWh baterija, si\u016blanti nuo 329 myli\u0173 diapazon\u0105. Remdamasis 400 V platforma, \u201eKia\u201c teig\u0117, kad elektrinis visureigis gali \u012fkrauti nuo 10% iki 80% ma\u017edaug per 30 minu\u010di\u0173.<\/p>\n<p>\t<span class=\"outbrain-ad-label\">Skelbimas &#8211; slinkite daugiau turinio<\/span><\/p>\n<p>Visi trys yra maitinami vienu priekyje pritvirtintu elektriniu varikliu, galin\u010diu pagaminti iki 214 arklio gali\u0173 (160 kW) ir 295 nm sukimo moment\u0105. \u201eEV5\u201c gali pereiti nuo 0 iki 62 myli\u0173 per valand\u0105 per 8,4 sekund\u0117s.<\/p>\n<figure class=\"wp-block-image alignwide size-large\"><img loading=\"lazy\" decoding=\"async\" height=\"512\" width=\"1024\" src=\"https:\/\/electrek.co\/wp-content\/uploads\/sites\/3\/2025\/09\/Kia-EV5-prices-UK-1.jpeg?quality=82&amp;strip=all&amp;w=1024\" alt=\"\u201eKia-EV5-Suprices-UK\u201c\" class=\"wp-image-432374\" srcset=\"https:\/\/electrek.co\/wp-content\/uploads\/sites\/3\/2025\/09\/Kia-EV5-prices-UK-1.jpeg 1400w, https:\/\/electrek.co\/wp-content\/uploads\/sites\/3\/2025\/09\/Kia-EV5-prices-UK-1.jpeg?resize=150,75 150w, https:\/\/electrek.co\/wp-content\/uploads\/sites\/3\/2025\/09\/Kia-EV5-prices-UK-1.jpeg?resize=300,150 300w, https:\/\/electrek.co\/wp-content\/uploads\/sites\/3\/2025\/09\/Kia-EV5-prices-UK-1.jpeg?resize=768,384 768w, https:\/\/electrek.co\/wp-content\/uploads\/sites\/3\/2025\/09\/Kia-EV5-prices-UK-1.jpeg?resize=1024,512 1024w, https:\/\/electrek.co\/wp-content\/uploads\/sites\/3\/2025\/09\/Kia-EV5-prices-UK-1.jpeg?resize=350,175 350w, https:\/\/electrek.co\/wp-content\/uploads\/sites\/3\/2025\/09\/Kia-EV5-prices-UK-1.jpeg?resize=140,70 140w, https:\/\/electrek.co\/wp-content\/uploads\/sites\/3\/2025\/09\/Kia-EV5-prices-UK-1.jpeg?resize=290,145 290w\" sizes=\"auto, (max-width: 1024px) 100vw, 1024px\"\/><figcaption class=\"wp-element-caption\">EV5 GT-LINE (\u0161altinis: gaukite)<\/figcaption><\/figure>\n<p>Interjere yra nauja \u201eKia\u201c sujungta automobilio nar\u0161ymo kabina (CCNC), \u012f kuri\u0105 \u012feina trij\u0173 ekran\u0173 ir pramog\u0173 informacin\u0117 sistema.<\/p>\n<p>\u201eKia\u201c CCNC informaciniame informaciniame prane\u0161ime yra dvigubas 12,3 \u2033 tvarkykl\u0117s ekranas ir navigacijos ekranai su belaid\u017eiu \u201eApple CarPlay\u201c ir \u201eAndroid Auto\u201c, taip pat 5,3 \u2033 klimato valdymo ekranu. Tinkamame 12,3 \u2033 \u201eHead-Up\u201c ekrane (HUD) galima rasti auk\u0161tesn\u0117se apdailos parinktyse.<\/p>\n<div class=\"wp-block-jetpack-tiled-gallery aligncenter is-style-columns\">\n<div class=\"\">\n<div class=\"tiled-gallery__gallery\">\n<div class=\"tiled-gallery__row\">\n<div class=\"tiled-gallery__col\" style=\"flex-basis:50.00000%\">\n<figure data-wp-context=\"{\" imageid=\"\" data-wp-interactive=\"core\/image\" class=\"tiled-gallery__item wp-lightbox-container\"><img decoding=\"async\" data-wp-class--hide=\"state.isContentHidden\" data-wp-class--show=\"state.isContentVisible\" data-wp-init=\"callbacks.setButtonStyles\" data-wp-on-async--click=\"actions.showLightbox\" data-wp-on-async--load=\"callbacks.setButtonStyles\" data-wp-on-async-window--resize=\"callbacks.setButtonStyles\" srcset=\"https:\/\/i0.wp.com\/electrek.co\/wp-content\/uploads\/sites\/3\/2025\/09\/Kia-EV5-prices-UK-2.jpeg?strip=info&amp;w=600&amp;ssl=1 600w,https:\/\/i0.wp.com\/electrek.co\/wp-content\/uploads\/sites\/3\/2025\/09\/Kia-EV5-prices-UK-2.jpeg?strip=info&amp;w=900&amp;ssl=1 900w,https:\/\/i0.wp.com\/electrek.co\/wp-content\/uploads\/sites\/3\/2025\/09\/Kia-EV5-prices-UK-2.jpeg?strip=info&amp;w=1200&amp;ssl=1 1200w,https:\/\/i0.wp.com\/electrek.co\/wp-content\/uploads\/sites\/3\/2025\/09\/Kia-EV5-prices-UK-2.jpeg?strip=info&amp;w=1400&amp;ssl=1 1400w\" alt=\"\u201eKia-EV5-Suprices-UK\u201c\" data-height=\"700\" data-id=\"432375\" data-link=\"https:\/\/electrek.co\/?attachment_id=432375\" data-url=\"https:\/\/electrek.co\/wp-content\/uploads\/sites\/3\/2025\/09\/Kia-EV5-prices-UK-2.jpeg?quality=82&amp;strip=all&amp;w=1024\" data-width=\"1400\" src=\"https:\/\/i0.wp.com\/electrek.co\/wp-content\/uploads\/sites\/3\/2025\/09\/Kia-EV5-prices-UK-2.jpeg?ssl=1\" data-amp-layout=\"responsive\"\/><button class=\"lightbox-trigger\" type=\"button\" aria-haspopup=\"dialog\" aria-label=\"Enlarge\" data-wp-init=\"callbacks.initTriggerButton\" data-wp-on-async--click=\"actions.showLightbox\" data-wp-style--right=\"state.imageButtonRight\" data-wp-style--top=\"state.imageButtonTop\"><br \/>\n\t\t\t<svg xmlns=\"http:\/\/www.w3.org\/2000\/svg\" width=\"12\" height=\"12\" fill=\"none\" viewbox=\"0 0 12 12\">\n\t\t\t\t<path fill=\"#fff\" d=\"M2 0a2 2 0 0 0-2 2v2h1.5V2a.5.5 0 0 1 .5-.5h2V0H2Zm2 10.5H2a.5.5 0 0 1-.5-.5V8H0v2a2 2 0 0 0 2 2h2v-1.5ZM8 12v-1.5h2a.5.5 0 0 0 .5-.5V8H12v2a2 2 0 0 1-2 2H8Zm2-12a2 2 0 0 1 2 2v2h-1.5V2a.5.5 0 0 0-.5-.5H8V0h2Z\"\/>\n\t\t\t<\/svg><br \/>\n\t\t<\/button><\/figure>\n<\/div>\n<div class=\"tiled-gallery__col\" style=\"flex-basis:50.00000%\">\n<figure data-wp-context=\"{\" imageid=\"\" data-wp-interactive=\"core\/image\" class=\"tiled-gallery__item wp-lightbox-container\"><img decoding=\"async\" data-wp-class--hide=\"state.isContentHidden\" data-wp-class--show=\"state.isContentVisible\" data-wp-init=\"callbacks.setButtonStyles\" data-wp-on-async--click=\"actions.showLightbox\" data-wp-on-async--load=\"callbacks.setButtonStyles\" data-wp-on-async-window--resize=\"callbacks.setButtonStyles\" srcset=\"https:\/\/i0.wp.com\/electrek.co\/wp-content\/uploads\/sites\/3\/2025\/09\/Kia-EV5-prices-UK-3.jpeg?strip=info&amp;w=600&amp;ssl=1 600w,https:\/\/i0.wp.com\/electrek.co\/wp-content\/uploads\/sites\/3\/2025\/09\/Kia-EV5-prices-UK-3.jpeg?strip=info&amp;w=900&amp;ssl=1 900w,https:\/\/i0.wp.com\/electrek.co\/wp-content\/uploads\/sites\/3\/2025\/09\/Kia-EV5-prices-UK-3.jpeg?strip=info&amp;w=1200&amp;ssl=1 1200w,https:\/\/i0.wp.com\/electrek.co\/wp-content\/uploads\/sites\/3\/2025\/09\/Kia-EV5-prices-UK-3.jpeg?strip=info&amp;w=1400&amp;ssl=1 1400w\" alt=\"\u201eKia-EV5-Suprices-UK\u201c\" data-height=\"700\" data-id=\"432376\" data-link=\"https:\/\/electrek.co\/?attachment_id=432376\" data-url=\"https:\/\/electrek.co\/wp-content\/uploads\/sites\/3\/2025\/09\/Kia-EV5-prices-UK-3.jpeg?quality=82&amp;strip=all&amp;w=1024\" data-width=\"1400\" src=\"https:\/\/i0.wp.com\/electrek.co\/wp-content\/uploads\/sites\/3\/2025\/09\/Kia-EV5-prices-UK-3.jpeg?ssl=1\" data-amp-layout=\"responsive\"\/><button class=\"lightbox-trigger\" type=\"button\" aria-haspopup=\"dialog\" aria-label=\"Enlarge\" data-wp-init=\"callbacks.initTriggerButton\" data-wp-on-async--click=\"actions.showLightbox\" data-wp-style--right=\"state.imageButtonRight\" data-wp-style--top=\"state.imageButtonTop\"><br \/>\n\t\t\t<svg xmlns=\"http:\/\/www.w3.org\/2000\/svg\" width=\"12\" height=\"12\" fill=\"none\" viewbox=\"0 0 12 12\">\n\t\t\t\t<path fill=\"#fff\" d=\"M2 0a2 2 0 0 0-2 2v2h1.5V2a.5.5 0 0 1 .5-.5h2V0H2Zm2 10.5H2a.5.5 0 0 1-.5-.5V8H0v2a2 2 0 0 0 2 2h2v-1.5ZM8 12v-1.5h2a.5.5 0 0 0 .5-.5V8H12v2a2 2 0 0 1-2 2H8Zm2-12a2 2 0 0 1 2 2v2h-1.5V2a.5.5 0 0 0-.5-.5H8V0h2Z\"\/>\n\t\t\t<\/svg><br \/>\n\t\t<\/button><\/figure>\n<\/div>\n<\/div>\n<\/div>\n<\/div>\n<\/div>\n<p>1 875 mm plo\u010dio, 4 610 mm ilgio, 1 675 mm auk\u0161\u010dio ir 2 750 mm rat\u0173 baz\u0117, EV5 yra 10 mm platesnis, 70 mm ilgesnis ir 30 mm auk\u0161tesnis nei \u201eSportage\u201c.<\/p>\n<p>\u201eBase Kia EV5\u201c oro kainos prasideda nuo 39 295 svar\u0173 sterling\u0173 (53 000 USD), kelyje (OTR). Atnaujinus \u012f sporti\u0161k\u0105 \u201eGT-Line\u201c model\u012f, kuris \u012fgyja i\u0161skirtin\u012f apdailos i\u0161or\u0117s ir interjero dizaino elementus, kainuoja nuo 42 595 svar\u0173 sterling\u0173 (57 800 USD). \u201eGT-Line S\u201c diapazonas prasideda nuo 47 095 svar\u0173 sterling\u0173 (63 700 USD).<\/p>\n<figure class=\"wp-block-table\">\n<table>\n<tbody>\n<tr>\n<td\/>\n<td><strong>Pradin\u0117 kaina<br \/><\/strong>(OTR)<\/td>\n<td><strong>Va\u017eiavimo diapazonas<br \/><\/strong>(WLTP)<\/td>\n<\/tr>\n<tr>\n<td><strong>\u201eKia EV5\u201c oras<\/strong><\/td>\n<td>\u00a3 39 295 (53 000 USD)<\/td>\n<td>329 mylios<\/td>\n<\/tr>\n<tr>\n<td><strong>\u201eKia EV5 GT-Line\u201c<\/strong><\/td>\n<td>\u00a3 42 595 (57 800 USD)<\/td>\n<td>313 myli\u0173<\/td>\n<\/tr>\n<tr>\n<td><strong>KIA EV5 GT-LINE S<\/strong><\/td>\n<td>\u00a3 47 095 (63 700 USD)<\/td>\n<td>313 myli\u0173<\/td>\n<\/tr>\n<\/tbody>\n<\/table><figcaption class=\"wp-element-caption\">\u201eKia EV5\u201c kainos ir diapazonas JK<\/figcaption><\/figure>\n<p>\u201eEV5\u201c prisijungia prie EV3, EV4, EV6 ir EV9, kai \u201eKia\u201c i\u0161ple\u010dia savo elektromobili\u0173 rinkin\u012f JK. KIA EV3 buvo geriausiai parduodama ma\u017emenin\u0117 prekyba JK per pirm\u0105j\u0105 2025 m. Pusmet\u012f. <\/p>\n<p>Ar gali didesnis jo brolis, \u201eEV5\u201c, vir\u0161uje? I\u0161ankstiniai u\u017esakymai dabar yra atviri, o \u201eKia\u201c planuoja pristatyti pirm\u0105sias klient\u0173 transporto priemones v\u0117liau \u0161iais metais.<\/p>\n<p>Kaip brolis \u201eSportage\u201c, \u201eKia\u201c pasaulin\u0117, Europos ir JK mastu perkamiausia transporto priemon\u0117, ji i\u0161 tikr\u0173j\u0173 gali tur\u0117ti galimyb\u0119. Prane\u0161kite mums, k\u0105 apie tai galvojate komentaruose \u017eemiau.<\/p>\n<div class=\"ad-disclaimer-container\">\n<p class=\"disclaimer-affiliate\"><em>FPK: Mes naudojame pajamas gaunan\u010dias automatinio filialo nuorodas.<\/em> Daugiau.<\/p>\n<p><!-- post ad --><\/div>\n<\/p><\/div>\n<p><br \/>\n<br \/><a href=\"https:\/\/electrek.co\/2025\/09\/01\/kia-announces-ev5-prices-offering-up-to-329-miles-of-range\/\">Source link <\/a><\/p>\n","protected":false},"excerpt":{"rendered":"<p>\u201eKia EV5\u201c oficialiai atvyko \u012f JK. Pirmadien\u012f \u201eKia\u201c, girianti iki 329 myli\u0173 nuotolio, atidar\u0117 naujojo \u201eSportage\u201c dyd\u017eio elektrinio visureigio u\u017esakymus.&hellip;<\/p>\n","protected":false},"author":1,"featured_media":1993,"comment_status":"open","ping_status":"open","sticky":false,"template":"","format":"standard","meta":{"om_disable_all_campaigns":false,"_monsterinsights_skip_tracking":false,"_monsterinsights_sitenote_active":false,"_monsterinsights_sitenote_note":"","_monsterinsights_sitenote_category":0,"footnotes":""},"categories":[8],"tags":[2043,122,425,1374,121,539,478,2006],"class_list":["post-1992","post","type-post","status-publish","format-standard","has-post-thumbnail","hentry","category-elektriniai-automobiliai","tag-atstumu","tag-ev5","tag-iki","tag-kainas","tag-kia","tag-myliu","tag-siulo","tag-skelbia"],"aioseo_notices":[],"yoast_head":"<!-- This site is optimized with the Yoast SEO plugin v26.8 - https:\/\/yoast.com\/product\/yoast-seo-wordpress\/ -->\n<title>\u201eKia\u201c skelbia \u201eEV5\u201c kainas ir si\u016blo iki 329 myli\u0173 atstumu - Eautomobiliai.lt<\/title>\n<meta name=\"robots\" content=\"index, follow, max-snippet:-1, max-image-preview:large, max-video-preview:-1\" \/>\n<link rel=\"canonical\" href=\"http:\/\/eautomobiliai.lt\/index.php\/2025\/09\/01\/kia-skelbia-ev5-kainas-ir-siulo-iki-329-myliu-atstumu\/\" \/>\n<meta property=\"og:locale\" content=\"lt_LT\" \/>\n<meta property=\"og:type\" content=\"article\" \/>\n<meta property=\"og:title\" content=\"\u201eKia\u201c skelbia \u201eEV5\u201c kainas ir si\u016blo iki 329 myli\u0173 atstumu - Eautomobiliai.lt\" \/>\n<meta property=\"og:description\" content=\"\u201eKia EV5\u201c oficialiai atvyko \u012f JK. Pirmadien\u012f \u201eKia\u201c, girianti iki 329 myli\u0173 nuotolio, atidar\u0117 naujojo \u201eSportage\u201c dyd\u017eio elektrinio visureigio u\u017esakymus.&hellip;\" \/>\n<meta property=\"og:url\" content=\"http:\/\/eautomobiliai.lt\/index.php\/2025\/09\/01\/kia-skelbia-ev5-kainas-ir-siulo-iki-329-myliu-atstumu\/\" \/>\n<meta property=\"og:site_name\" content=\"Eautomobiliai.lt\" \/>\n<meta property=\"article:published_time\" content=\"2025-09-01T17:08:01+00:00\" \/>\n<meta property=\"og:image\" content=\"http:\/\/eautomobiliai.lt\/wp-content\/uploads\/2025\/09\/\u201eKia-skelbia-\u201eEV5-kainas-ir-siulo-iki-329-myliu-atstumu.jpeg\" \/>\n\t<meta property=\"og:image:width\" content=\"1200\" \/>\n\t<meta property=\"og:image:height\" content=\"628\" \/>\n\t<meta property=\"og:image:type\" content=\"image\/jpeg\" \/>\n<meta name=\"author\" content=\"admin\" \/>\n<meta name=\"twitter:card\" content=\"summary_large_image\" \/>\n<meta name=\"twitter:label1\" content=\"Written by\" \/>\n\t<meta name=\"twitter:data1\" content=\"admin\" \/>\n\t<meta name=\"twitter:label2\" content=\"Est. reading time\" \/>\n\t<meta name=\"twitter:data2\" content=\"2 minut\u0117s\" \/>\n<script type=\"application\/ld+json\" class=\"yoast-schema-graph\">{\"@context\":\"https:\/\/schema.org\",\"@graph\":[{\"@type\":\"Article\",\"@id\":\"http:\/\/eautomobiliai.lt\/index.php\/2025\/09\/01\/kia-skelbia-ev5-kainas-ir-siulo-iki-329-myliu-atstumu\/#article\",\"isPartOf\":{\"@id\":\"http:\/\/eautomobiliai.lt\/index.php\/2025\/09\/01\/kia-skelbia-ev5-kainas-ir-siulo-iki-329-myliu-atstumu\/\"},\"author\":{\"name\":\"admin\",\"@id\":\"https:\/\/eautomobiliai.lt\/#\/schema\/person\/ecf2a967f361217d056061f74deb92f2\"},\"headline\":\"\u201eKia\u201c skelbia \u201eEV5\u201c kainas ir si\u016blo iki 329 myli\u0173 atstumu\",\"datePublished\":\"2025-09-01T17:08:01+00:00\",\"mainEntityOfPage\":{\"@id\":\"http:\/\/eautomobiliai.lt\/index.php\/2025\/09\/01\/kia-skelbia-ev5-kainas-ir-siulo-iki-329-myliu-atstumu\/\"},\"wordCount\":435,\"commentCount\":0,\"image\":{\"@id\":\"http:\/\/eautomobiliai.lt\/index.php\/2025\/09\/01\/kia-skelbia-ev5-kainas-ir-siulo-iki-329-myliu-atstumu\/#primaryimage\"},\"thumbnailUrl\":\"http:\/\/eautomobiliai.lt\/wp-content\/uploads\/2025\/09\/\u201eKia-skelbia-\u201eEV5-kainas-ir-siulo-iki-329-myliu-atstumu.jpeg\",\"keywords\":[\"atstumu\",\"EV5\",\"iki\",\"kainas\",\"Kia\",\"myliu\",\"si\u016blo\",\"skelbia\"],\"articleSection\":[\"ELEKTRINIAI AUTOMOBILIAI\"],\"inLanguage\":\"lt-LT\",\"potentialAction\":[{\"@type\":\"CommentAction\",\"name\":\"Comment\",\"target\":[\"http:\/\/eautomobiliai.lt\/index.php\/2025\/09\/01\/kia-skelbia-ev5-kainas-ir-siulo-iki-329-myliu-atstumu\/#respond\"]}]},{\"@type\":\"WebPage\",\"@id\":\"http:\/\/eautomobiliai.lt\/index.php\/2025\/09\/01\/kia-skelbia-ev5-kainas-ir-siulo-iki-329-myliu-atstumu\/\",\"url\":\"http:\/\/eautomobiliai.lt\/index.php\/2025\/09\/01\/kia-skelbia-ev5-kainas-ir-siulo-iki-329-myliu-atstumu\/\",\"name\":\"\u201eKia\u201c skelbia \u201eEV5\u201c kainas ir si\u016blo iki 329 myli\u0173 atstumu - Eautomobiliai.lt\",\"isPartOf\":{\"@id\":\"https:\/\/eautomobiliai.lt\/#website\"},\"primaryImageOfPage\":{\"@id\":\"http:\/\/eautomobiliai.lt\/index.php\/2025\/09\/01\/kia-skelbia-ev5-kainas-ir-siulo-iki-329-myliu-atstumu\/#primaryimage\"},\"image\":{\"@id\":\"http:\/\/eautomobiliai.lt\/index.php\/2025\/09\/01\/kia-skelbia-ev5-kainas-ir-siulo-iki-329-myliu-atstumu\/#primaryimage\"},\"thumbnailUrl\":\"http:\/\/eautomobiliai.lt\/wp-content\/uploads\/2025\/09\/\u201eKia-skelbia-\u201eEV5-kainas-ir-siulo-iki-329-myliu-atstumu.jpeg\",\"datePublished\":\"2025-09-01T17:08:01+00:00\",\"author\":{\"@id\":\"https:\/\/eautomobiliai.lt\/#\/schema\/person\/ecf2a967f361217d056061f74deb92f2\"},\"breadcrumb\":{\"@id\":\"http:\/\/eautomobiliai.lt\/index.php\/2025\/09\/01\/kia-skelbia-ev5-kainas-ir-siulo-iki-329-myliu-atstumu\/#breadcrumb\"},\"inLanguage\":\"lt-LT\",\"potentialAction\":[{\"@type\":\"ReadAction\",\"target\":[\"http:\/\/eautomobiliai.lt\/index.php\/2025\/09\/01\/kia-skelbia-ev5-kainas-ir-siulo-iki-329-myliu-atstumu\/\"]}]},{\"@type\":\"ImageObject\",\"inLanguage\":\"lt-LT\",\"@id\":\"http:\/\/eautomobiliai.lt\/index.php\/2025\/09\/01\/kia-skelbia-ev5-kainas-ir-siulo-iki-329-myliu-atstumu\/#primaryimage\",\"url\":\"http:\/\/eautomobiliai.lt\/wp-content\/uploads\/2025\/09\/\u201eKia-skelbia-\u201eEV5-kainas-ir-siulo-iki-329-myliu-atstumu.jpeg\",\"contentUrl\":\"http:\/\/eautomobiliai.lt\/wp-content\/uploads\/2025\/09\/\u201eKia-skelbia-\u201eEV5-kainas-ir-siulo-iki-329-myliu-atstumu.jpeg\",\"width\":1200,\"height\":628},{\"@type\":\"BreadcrumbList\",\"@id\":\"http:\/\/eautomobiliai.lt\/index.php\/2025\/09\/01\/kia-skelbia-ev5-kainas-ir-siulo-iki-329-myliu-atstumu\/#breadcrumb\",\"itemListElement\":[{\"@type\":\"ListItem\",\"position\":1,\"name\":\"Home\",\"item\":\"https:\/\/eautomobiliai.lt\/\"},{\"@type\":\"ListItem\",\"position\":2,\"name\":\"\u201eKia\u201c skelbia \u201eEV5\u201c kainas ir si\u016blo iki 329 myli\u0173 atstumu\"}]},{\"@type\":\"WebSite\",\"@id\":\"https:\/\/eautomobiliai.lt\/#website\",\"url\":\"https:\/\/eautomobiliai.lt\/\",\"name\":\"Eautomobiliai.lt\",\"description\":\"Elektrinis transportas, technologijos\",\"potentialAction\":[{\"@type\":\"SearchAction\",\"target\":{\"@type\":\"EntryPoint\",\"urlTemplate\":\"https:\/\/eautomobiliai.lt\/?s={search_term_string}\"},\"query-input\":{\"@type\":\"PropertyValueSpecification\",\"valueRequired\":true,\"valueName\":\"search_term_string\"}}],\"inLanguage\":\"lt-LT\"},{\"@type\":\"Person\",\"@id\":\"https:\/\/eautomobiliai.lt\/#\/schema\/person\/ecf2a967f361217d056061f74deb92f2\",\"name\":\"admin\",\"image\":{\"@type\":\"ImageObject\",\"inLanguage\":\"lt-LT\",\"@id\":\"https:\/\/eautomobiliai.lt\/#\/schema\/person\/image\/\",\"url\":\"https:\/\/secure.gravatar.com\/avatar\/6323379efae0c70c686c7905444d6bbd?s=96&d=mm&r=g\",\"contentUrl\":\"https:\/\/secure.gravatar.com\/avatar\/6323379efae0c70c686c7905444d6bbd?s=96&d=mm&r=g\",\"caption\":\"admin\"},\"sameAs\":[\"http:\/\/eautomobiliai.lt\"],\"url\":\"http:\/\/eautomobiliai.lt\/index.php\/author\/admin\/\"}]}<\/script>\n<!-- \/ Yoast SEO plugin. -->","yoast_head_json":{"title":"\u201eKia\u201c skelbia \u201eEV5\u201c kainas ir si\u016blo iki 329 myli\u0173 atstumu - Eautomobiliai.lt","robots":{"index":"index","follow":"follow","max-snippet":"max-snippet:-1","max-image-preview":"max-image-preview:large","max-video-preview":"max-video-preview:-1"},"canonical":"http:\/\/eautomobiliai.lt\/index.php\/2025\/09\/01\/kia-skelbia-ev5-kainas-ir-siulo-iki-329-myliu-atstumu\/","og_locale":"lt_LT","og_type":"article","og_title":"\u201eKia\u201c skelbia \u201eEV5\u201c kainas ir si\u016blo iki 329 myli\u0173 atstumu - Eautomobiliai.lt","og_description":"\u201eKia EV5\u201c oficialiai atvyko \u012f JK. Pirmadien\u012f \u201eKia\u201c, girianti iki 329 myli\u0173 nuotolio, atidar\u0117 naujojo \u201eSportage\u201c dyd\u017eio elektrinio visureigio u\u017esakymus.&hellip;","og_url":"http:\/\/eautomobiliai.lt\/index.php\/2025\/09\/01\/kia-skelbia-ev5-kainas-ir-siulo-iki-329-myliu-atstumu\/","og_site_name":"Eautomobiliai.lt","article_published_time":"2025-09-01T17:08:01+00:00","og_image":[{"width":1200,"height":628,"url":"http:\/\/eautomobiliai.lt\/wp-content\/uploads\/2025\/09\/\u201eKia-skelbia-\u201eEV5-kainas-ir-siulo-iki-329-myliu-atstumu.jpeg","type":"image\/jpeg"}],"author":"admin","twitter_card":"summary_large_image","twitter_misc":{"Written by":"admin","Est. reading time":"2 minut\u0117s"},"schema":{"@context":"https:\/\/schema.org","@graph":[{"@type":"Article","@id":"http:\/\/eautomobiliai.lt\/index.php\/2025\/09\/01\/kia-skelbia-ev5-kainas-ir-siulo-iki-329-myliu-atstumu\/#article","isPartOf":{"@id":"http:\/\/eautomobiliai.lt\/index.php\/2025\/09\/01\/kia-skelbia-ev5-kainas-ir-siulo-iki-329-myliu-atstumu\/"},"author":{"name":"admin","@id":"https:\/\/eautomobiliai.lt\/#\/schema\/person\/ecf2a967f361217d056061f74deb92f2"},"headline":"\u201eKia\u201c skelbia \u201eEV5\u201c kainas ir si\u016blo iki 329 myli\u0173 atstumu","datePublished":"2025-09-01T17:08:01+00:00","mainEntityOfPage":{"@id":"http:\/\/eautomobiliai.lt\/index.php\/2025\/09\/01\/kia-skelbia-ev5-kainas-ir-siulo-iki-329-myliu-atstumu\/"},"wordCount":435,"commentCount":0,"image":{"@id":"http:\/\/eautomobiliai.lt\/index.php\/2025\/09\/01\/kia-skelbia-ev5-kainas-ir-siulo-iki-329-myliu-atstumu\/#primaryimage"},"thumbnailUrl":"http:\/\/eautomobiliai.lt\/wp-content\/uploads\/2025\/09\/\u201eKia-skelbia-\u201eEV5-kainas-ir-siulo-iki-329-myliu-atstumu.jpeg","keywords":["atstumu","EV5","iki","kainas","Kia","myliu","si\u016blo","skelbia"],"articleSection":["ELEKTRINIAI AUTOMOBILIAI"],"inLanguage":"lt-LT","potentialAction":[{"@type":"CommentAction","name":"Comment","target":["http:\/\/eautomobiliai.lt\/index.php\/2025\/09\/01\/kia-skelbia-ev5-kainas-ir-siulo-iki-329-myliu-atstumu\/#respond"]}]},{"@type":"WebPage","@id":"http:\/\/eautomobiliai.lt\/index.php\/2025\/09\/01\/kia-skelbia-ev5-kainas-ir-siulo-iki-329-myliu-atstumu\/","url":"http:\/\/eautomobiliai.lt\/index.php\/2025\/09\/01\/kia-skelbia-ev5-kainas-ir-siulo-iki-329-myliu-atstumu\/","name":"\u201eKia\u201c skelbia \u201eEV5\u201c kainas ir si\u016blo iki 329 myli\u0173 atstumu - Eautomobiliai.lt","isPartOf":{"@id":"https:\/\/eautomobiliai.lt\/#website"},"primaryImageOfPage":{"@id":"http:\/\/eautomobiliai.lt\/index.php\/2025\/09\/01\/kia-skelbia-ev5-kainas-ir-siulo-iki-329-myliu-atstumu\/#primaryimage"},"image":{"@id":"http:\/\/eautomobiliai.lt\/index.php\/2025\/09\/01\/kia-skelbia-ev5-kainas-ir-siulo-iki-329-myliu-atstumu\/#primaryimage"},"thumbnailUrl":"http:\/\/eautomobiliai.lt\/wp-content\/uploads\/2025\/09\/\u201eKia-skelbia-\u201eEV5-kainas-ir-siulo-iki-329-myliu-atstumu.jpeg","datePublished":"2025-09-01T17:08:01+00:00","author":{"@id":"https:\/\/eautomobiliai.lt\/#\/schema\/person\/ecf2a967f361217d056061f74deb92f2"},"breadcrumb":{"@id":"http:\/\/eautomobiliai.lt\/index.php\/2025\/09\/01\/kia-skelbia-ev5-kainas-ir-siulo-iki-329-myliu-atstumu\/#breadcrumb"},"inLanguage":"lt-LT","potentialAction":[{"@type":"ReadAction","target":["http:\/\/eautomobiliai.lt\/index.php\/2025\/09\/01\/kia-skelbia-ev5-kainas-ir-siulo-iki-329-myliu-atstumu\/"]}]},{"@type":"ImageObject","inLanguage":"lt-LT","@id":"http:\/\/eautomobiliai.lt\/index.php\/2025\/09\/01\/kia-skelbia-ev5-kainas-ir-siulo-iki-329-myliu-atstumu\/#primaryimage","url":"http:\/\/eautomobiliai.lt\/wp-content\/uploads\/2025\/09\/\u201eKia-skelbia-\u201eEV5-kainas-ir-siulo-iki-329-myliu-atstumu.jpeg","contentUrl":"http:\/\/eautomobiliai.lt\/wp-content\/uploads\/2025\/09\/\u201eKia-skelbia-\u201eEV5-kainas-ir-siulo-iki-329-myliu-atstumu.jpeg","width":1200,"height":628},{"@type":"BreadcrumbList","@id":"http:\/\/eautomobiliai.lt\/index.php\/2025\/09\/01\/kia-skelbia-ev5-kainas-ir-siulo-iki-329-myliu-atstumu\/#breadcrumb","itemListElement":[{"@type":"ListItem","position":1,"name":"Home","item":"https:\/\/eautomobiliai.lt\/"},{"@type":"ListItem","position":2,"name":"\u201eKia\u201c skelbia \u201eEV5\u201c kainas ir si\u016blo iki 329 myli\u0173 atstumu"}]},{"@type":"WebSite","@id":"https:\/\/eautomobiliai.lt\/#website","url":"https:\/\/eautomobiliai.lt\/","name":"Eautomobiliai.lt","description":"Elektrinis transportas, technologijos","potentialAction":[{"@type":"SearchAction","target":{"@type":"EntryPoint","urlTemplate":"https:\/\/eautomobiliai.lt\/?s={search_term_string}"},"query-input":{"@type":"PropertyValueSpecification","valueRequired":true,"valueName":"search_term_string"}}],"inLanguage":"lt-LT"},{"@type":"Person","@id":"https:\/\/eautomobiliai.lt\/#\/schema\/person\/ecf2a967f361217d056061f74deb92f2","name":"admin","image":{"@type":"ImageObject","inLanguage":"lt-LT","@id":"https:\/\/eautomobiliai.lt\/#\/schema\/person\/image\/","url":"https:\/\/secure.gravatar.com\/avatar\/6323379efae0c70c686c7905444d6bbd?s=96&d=mm&r=g","contentUrl":"https:\/\/secure.gravatar.com\/avatar\/6323379efae0c70c686c7905444d6bbd?s=96&d=mm&r=g","caption":"admin"},"sameAs":["http:\/\/eautomobiliai.lt"],"url":"http:\/\/eautomobiliai.lt\/index.php\/author\/admin\/"}]}},"_links":{"self":[{"href":"http:\/\/eautomobiliai.lt\/index.php\/wp-json\/wp\/v2\/posts\/1992","targetHints":{"allow":["GET"]}}],"collection":[{"href":"http:\/\/eautomobiliai.lt\/index.php\/wp-json\/wp\/v2\/posts"}],"about":[{"href":"http:\/\/eautomobiliai.lt\/index.php\/wp-json\/wp\/v2\/types\/post"}],"author":[{"embeddable":true,"href":"http:\/\/eautomobiliai.lt\/index.php\/wp-json\/wp\/v2\/users\/1"}],"replies":[{"embeddable":true,"href":"http:\/\/eautomobiliai.lt\/index.php\/wp-json\/wp\/v2\/comments?post=1992"}],"version-history":[{"count":0,"href":"http:\/\/eautomobiliai.lt\/index.php\/wp-json\/wp\/v2\/posts\/1992\/revisions"}],"wp:featuredmedia":[{"embeddable":true,"href":"http:\/\/eautomobiliai.lt\/index.php\/wp-json\/wp\/v2\/media\/1993"}],"wp:attachment":[{"href":"http:\/\/eautomobiliai.lt\/index.php\/wp-json\/wp\/v2\/media?parent=1992"}],"wp:term":[{"taxonomy":"category","embeddable":true,"href":"http:\/\/eautomobiliai.lt\/index.php\/wp-json\/wp\/v2\/categories?post=1992"},{"taxonomy":"post_tag","embeddable":true,"href":"http:\/\/eautomobiliai.lt\/index.php\/wp-json\/wp\/v2\/tags?post=1992"}],"curies":[{"name":"wp","href":"https:\/\/api.w.org\/{rel}","templated":true}]}}