{"id":2010,"date":"2025-09-03T21:15:12","date_gmt":"2025-09-03T21:15:12","guid":{"rendered":"http:\/\/eautomobiliai.lt\/index.php\/2025\/09\/03\/norvegijos-ev-pardavimai-islaiko-nepaprasta-tempa-97-pct-rinkos-dalimi-tesla-vel-virsuje\/"},"modified":"2025-09-03T21:15:12","modified_gmt":"2025-09-03T21:15:12","slug":"norvegijos-ev-pardavimai-islaiko-nepaprasta-tempa-97-pct-rinkos-dalimi-tesla-vel-virsuje","status":"publish","type":"post","link":"http:\/\/eautomobiliai.lt\/index.php\/2025\/09\/03\/norvegijos-ev-pardavimai-islaiko-nepaprasta-tempa-97-pct-rinkos-dalimi-tesla-vel-virsuje\/","title":{"rendered":"\u201eNorvegijos EV\u201c pardavimai i\u0161laiko nepaprast\u0105 temp\u0105 97 PCT rinkos dalimi, \u201eTesla\u201c v\u0117l vir\u0161uje"},"content":{"rendered":"<p> <br \/>\n<\/p>\n<div id=\"\">\n<p>Norvegija ir toliau eina pasaulio elektromobili\u0173 (EV) pri\u0117mimo lyder\u0117s pareigas, dar kart\u0105 matydamas \u201eEV\u201c akcij\u0173 s\u0105skait\u0105 97 procentams vis\u0173 nauj\u0173 automobili\u0173 pardavim\u0173 per vien\u0105 m\u0117nes\u012f.<\/p>\n<p>\u201eOpplysningsR\u00e5det\u201c, skirtas \u201eVeiTrafikken\u201c (OFV), Norvegijos keli\u0173 eismo informacijos taryba, pirmadien\u012f paskelb\u0117 naujus keleivi\u0173 automobili\u0173 pardavimo duomenis, kuriuose rugpj\u016b\u010dio m\u0117n. Bendras pardavimai buvo 13 915, ty 25,2 proc., Palyginti su 2024 m. Rugpj\u016b\u010dio m\u0117n.<\/p>\n<p>O ketvirt\u0105 m\u0117nes\u012f per pastaruosius penkis EVS sudar\u0117 apie 97 procentus vis\u0173 parduot\u0173 nauj\u0173 keleivini\u0173 automobili\u0173. I\u0161 viso rugpj\u016b\u010dio m\u0117n. Buvo parduota 13 482 nauji visi\u0161kai elektriniai keleiviniai automobiliai, i\u0161 viso per pirmuosius a\u0161tuonis 2025 m. Iki 93 524 m\u0117nesi\u0173 parduodam\u0173 EV, bendra dalis &#8211; 94,5 proc.<\/p>\n<p>I\u0161 \u0161iek tiek daugiau nei 2,9 milijono keleivini\u0173 automobili\u0173 Norvegijos keliuose 30 procent\u0173 dabar yra elektriniai.<\/p>\n<p>Tik 433 keleiviniai automobiliai, parduodami Norvegijoje rugpj\u016bt\u012f, nebuvo gryna elektra, ta\u010diau net ir tada 263 i\u0161 j\u0173 buvo hibrid\u0173 laikas.<\/p>\n<p><\/p>\n<p>\u201eMes niekada nemat\u0117me tokios didel\u0117s elektromobili\u0173 dalies rugs\u0117jo prad\u017eioje, nors ir tur\u0117jome individualius m\u0117nesius, kuri\u0173 dalis buvo didesn\u0117\u201c, &#8211; sak\u0117 \u00d8yvind Solberg Thorsen, OFV direktorius.<\/p>\n<p>\u201eI\u0161 beveik 14 000 nauj\u0173 keleivini\u0173 automobili\u0173 rugpj\u016bt\u012f buvo ma\u017eiau nei penki \u0161imtai skirting\u0173 benzino ir dyzelini\u0173 automobili\u0173 variant\u0173.\u201c<\/p>\n<p>\u012edomu tai, kad, skirtingai nei daugelyje likusios kontinentin\u0117s Europos, \u201eTesla\u201c gr\u012f\u017eo \u012f vir\u0161enyb\u0119 Norvegijoje, rugpj\u016b\u010dio m\u0117n. Baig\u0117 kaip geriausiai parduodamas automobili\u0173 prek\u0117s \u017eenklas, kuriame parduota 3 014 vienet\u0173, ir sudar\u0117 21,7 proc. Vis\u0173 parduodam\u0173 nauj\u0173 keleivini\u0173 automobili\u0173.<\/p>\n<p><img loading=\"lazy\" decoding=\"async\" class=\"aligncenter size-full wp-image-190260 lazyload\" src=\"https:\/\/b2232832.smushcdn.com\/2232832\/wp-content\/uploads\/2025\/09\/Norway-OFV-August-new-car-sales-2.jpg?lossy=1&amp;strip=0&amp;webp=1\" alt=\"\" width=\"1141\" height=\"448\" srcset=\"https:\/\/b2232832.smushcdn.com\/2232832\/wp-content\/uploads\/2025\/09\/Norway-OFV-August-new-car-sales-2.jpg?lossy=1&amp;strip=0&amp;webp=1 1141w, https:\/\/b2232832.smushcdn.com\/2232832\/wp-content\/uploads\/2025\/09\/Norway-OFV-August-new-car-sales-2-388x152.jpg?lossy=1&amp;strip=0&amp;webp=1 388w, https:\/\/b2232832.smushcdn.com\/2232832\/wp-content\/uploads\/2025\/09\/Norway-OFV-August-new-car-sales-2-800x314.jpg?lossy=1&amp;strip=0&amp;webp=1 800w, https:\/\/b2232832.smushcdn.com\/2232832\/wp-content\/uploads\/2025\/09\/Norway-OFV-August-new-car-sales-2-120x47.jpg?lossy=1&amp;strip=0&amp;webp=1 120w, https:\/\/b2232832.smushcdn.com\/2232832\/wp-content\/uploads\/2025\/09\/Norway-OFV-August-new-car-sales-2-90x35.jpg?lossy=1&amp;strip=0&amp;webp=1 90w, https:\/\/b2232832.smushcdn.com\/2232832\/wp-content\/uploads\/2025\/09\/Norway-OFV-August-new-car-sales-2-320x126.jpg?lossy=1&amp;strip=0&amp;webp=1 320w, https:\/\/b2232832.smushcdn.com\/2232832\/wp-content\/uploads\/2025\/09\/Norway-OFV-August-new-car-sales-2-560x220.jpg?lossy=1&amp;strip=0&amp;webp=1 560w, https:\/\/b2232832.smushcdn.com\/2232832\/wp-content\/uploads\/2025\/09\/Norway-OFV-August-new-car-sales-2-150x59.jpg?lossy=1&amp;strip=0&amp;webp=1 150w, https:\/\/b2232832.smushcdn.com\/2232832\/wp-content\/uploads\/2025\/09\/Norway-OFV-August-new-car-sales-2-240x94.jpg?lossy=1&amp;strip=0&amp;webp=1 240w, https:\/\/b2232832.smushcdn.com\/2232832\/wp-content\/uploads\/2025\/09\/Norway-OFV-August-new-car-sales-2-180x71.jpg?lossy=1&amp;strip=0&amp;webp=1 180w, https:\/\/b2232832.smushcdn.com\/2232832\/wp-content\/uploads\/2025\/09\/Norway-OFV-August-new-car-sales-2-640x251.jpg?lossy=1&amp;strip=0&amp;webp=1 640w, https:\/\/b2232832.smushcdn.com\/2232832\/wp-content\/uploads\/2025\/09\/Norway-OFV-August-new-car-sales-2-1120x440.jpg?lossy=1&amp;strip=0&amp;webp=1 1120w, https:\/\/b2232832.smushcdn.com\/2232832\/wp-content\/uploads\/2025\/09\/Norway-OFV-August-new-car-sales-2-300x118.jpg?lossy=1&amp;strip=0&amp;webp=1 300w, https:\/\/b2232832.smushcdn.com\/2232832\/wp-content\/uploads\/2025\/09\/Norway-OFV-August-new-car-sales-2.jpg?size=464x182&amp;lossy=1&amp;strip=0&amp;webp=1 464w, https:\/\/b2232832.smushcdn.com\/2232832\/wp-content\/uploads\/2025\/09\/Norway-OFV-August-new-car-sales-2.jpg?size=696x273&amp;lossy=1&amp;strip=0&amp;webp=1 696w, https:\/\/b2232832.smushcdn.com\/2232832\/wp-content\/uploads\/2025\/09\/Norway-OFV-August-new-car-sales-2.jpg?size=928x364&amp;lossy=1&amp;strip=0&amp;webp=1 928w\" data-sizes=\"auto\" style=\"--smush-placeholder-width: 1141px; --smush-placeholder-aspect-ratio: 1141\/448;\" data-original-sizes=\"(max-width: 1141px) 100vw, 1141px\"\/><\/p>\n<p>Atnaujintas \u201eTesla\u201c modelis Y parod\u0117, kad rugpj\u016bt\u012f buvo parduota 2 456 vienetai, o \u201eTesla 3\u201c buvo tre\u010diasis geriausiai parduodamas modelis su 552 vienetais.<\/p>\n<p>U\u017etikrino antr\u0105j\u0105 viet\u0105 geriausiai parduodamiems automobili\u0173 prek\u0117s \u017eenklams, buvo \u201eVolkswagen\u201c su 1 782 vienetais ir sudar\u0117 12,8 proc. \u201eVolkswagen\u201c tur\u0117jo tris automobilius i\u0161 \u0161e\u0161i\u0173 geriausi\u0173j\u0173, \u012fskaitant ID.4 (656), ID.3 (482) ir ID.7 (412).<\/p>\n<p><img loading=\"lazy\" decoding=\"async\" class=\"aligncenter size-full wp-image-190259 lazyload\" src=\"https:\/\/b2232832.smushcdn.com\/2232832\/wp-content\/uploads\/2025\/09\/Norway-OFV-August-new-car-sales-3.jpg?lossy=1&amp;strip=0&amp;webp=1\" alt=\"\" width=\"1145\" height=\"451\" srcset=\"https:\/\/b2232832.smushcdn.com\/2232832\/wp-content\/uploads\/2025\/09\/Norway-OFV-August-new-car-sales-3.jpg?lossy=1&amp;strip=0&amp;webp=1 1145w, https:\/\/b2232832.smushcdn.com\/2232832\/wp-content\/uploads\/2025\/09\/Norway-OFV-August-new-car-sales-3-388x153.jpg?lossy=1&amp;strip=0&amp;webp=1 388w, https:\/\/b2232832.smushcdn.com\/2232832\/wp-content\/uploads\/2025\/09\/Norway-OFV-August-new-car-sales-3-800x315.jpg?lossy=1&amp;strip=0&amp;webp=1 800w, https:\/\/b2232832.smushcdn.com\/2232832\/wp-content\/uploads\/2025\/09\/Norway-OFV-August-new-car-sales-3-120x47.jpg?lossy=1&amp;strip=0&amp;webp=1 120w, https:\/\/b2232832.smushcdn.com\/2232832\/wp-content\/uploads\/2025\/09\/Norway-OFV-August-new-car-sales-3-90x35.jpg?lossy=1&amp;strip=0&amp;webp=1 90w, https:\/\/b2232832.smushcdn.com\/2232832\/wp-content\/uploads\/2025\/09\/Norway-OFV-August-new-car-sales-3-320x126.jpg?lossy=1&amp;strip=0&amp;webp=1 320w, https:\/\/b2232832.smushcdn.com\/2232832\/wp-content\/uploads\/2025\/09\/Norway-OFV-August-new-car-sales-3-560x221.jpg?lossy=1&amp;strip=0&amp;webp=1 560w, https:\/\/b2232832.smushcdn.com\/2232832\/wp-content\/uploads\/2025\/09\/Norway-OFV-August-new-car-sales-3-150x59.jpg?lossy=1&amp;strip=0&amp;webp=1 150w, https:\/\/b2232832.smushcdn.com\/2232832\/wp-content\/uploads\/2025\/09\/Norway-OFV-August-new-car-sales-3-240x95.jpg?lossy=1&amp;strip=0&amp;webp=1 240w, https:\/\/b2232832.smushcdn.com\/2232832\/wp-content\/uploads\/2025\/09\/Norway-OFV-August-new-car-sales-3-180x71.jpg?lossy=1&amp;strip=0&amp;webp=1 180w, https:\/\/b2232832.smushcdn.com\/2232832\/wp-content\/uploads\/2025\/09\/Norway-OFV-August-new-car-sales-3-640x252.jpg?lossy=1&amp;strip=0&amp;webp=1 640w, https:\/\/b2232832.smushcdn.com\/2232832\/wp-content\/uploads\/2025\/09\/Norway-OFV-August-new-car-sales-3-1120x441.jpg?lossy=1&amp;strip=0&amp;webp=1 1120w, https:\/\/b2232832.smushcdn.com\/2232832\/wp-content\/uploads\/2025\/09\/Norway-OFV-August-new-car-sales-3-300x118.jpg?lossy=1&amp;strip=0&amp;webp=1 300w, https:\/\/b2232832.smushcdn.com\/2232832\/wp-content\/uploads\/2025\/09\/Norway-OFV-August-new-car-sales-3.jpg?size=464x183&amp;lossy=1&amp;strip=0&amp;webp=1 464w, https:\/\/b2232832.smushcdn.com\/2232832\/wp-content\/uploads\/2025\/09\/Norway-OFV-August-new-car-sales-3.jpg?size=696x274&amp;lossy=1&amp;strip=0&amp;webp=1 696w, https:\/\/b2232832.smushcdn.com\/2232832\/wp-content\/uploads\/2025\/09\/Norway-OFV-August-new-car-sales-3.jpg?size=928x366&amp;lossy=1&amp;strip=0&amp;webp=1 928w\" data-sizes=\"auto\" style=\"--smush-placeholder-width: 1145px; --smush-placeholder-aspect-ratio: 1145\/451;\" data-original-sizes=\"(max-width: 1145px) 100vw, 1145px\"\/><\/p>\n<p>\u201eOFV\u201c tikisi, kad daugelis vykstan\u010di\u0173 reklamini\u0173 kampanij\u0173 t\u0119sis visus metus, o tai pad\u0117s u\u017etikrinti nauj\u0173 automobili\u0173 pardavimo impuls\u0105, o ypa\u010d naujus EV pardavimus.<\/p>\n<p>\u201eVis didesnis elektromobili\u0173 parkas yra naudingas visiems, o sen\u0173 automobili\u0173 pakeitimas naujais yra pats tikslas\u201c, &#8211; sak\u0117 Thorsenas.<\/p>\n<p>\u201eNauji automobiliai u\u017eter\u0161ia ma\u017eiau, ir ne ma\u017eiau svarb\u016bs jie yra saugesni.<\/p>\n<p>Kalbant apie kuriuos automobili\u0173 prek\u0117s \u017eenklus, \u201eTesla\u201c ir Kinijos automobili\u0173 prek\u0117s \u017eenklai \u0161iuo metu turi \u0161iek tiek daugiau nei 30 procent\u0173 rinkos. Bus \u012fdomu pamatyti, kaip tai vystosi atsi\u017evelgiant \u012f klasikinius prek\u0117s \u017eenklus, kuriuos tradici\u0161kai pasirinko norvegai. \u201c<\/p>\n<div class=\"saboxplugin-wrap\" itemtype=\"http:\/\/schema.org\/Person\" itemscope=\"\" itemprop=\"author\">\n<div class=\"saboxplugin-tab\">\n<div class=\"saboxplugin-gravatar\"><img decoding=\"async\" alt=\"Joshua S. Hill\" class=\"avatar avatar-100 photo native-lazyload-js-fallback\" height=\"100\" width=\"100\" itemprop=\"image\" loading=\"lazy\" src=\"https:\/\/secure.gravatar.com\/avatar\/674502fafd2221f0fc2baf7da1435a7980e9492ea0657bfcd546273621f39689?s=100&amp;d=mm&amp;r=g\" srcset=\"https:\/\/secure.gravatar.com\/avatar\/674502fafd2221f0fc2baf7da1435a7980e9492ea0657bfcd546273621f39689?s=200&amp;d=mm&amp;r=g 2x\"\/><img decoding=\"async\" loading=\"lazy\" alt=\"Joshua S. Hill\" src=\"https:\/\/secure.gravatar.com\/avatar\/674502fafd2221f0fc2baf7da1435a7980e9492ea0657bfcd546273621f39689?s=100&amp;d=mm&amp;r=g\" srcset=\"https:\/\/secure.gravatar.com\/avatar\/674502fafd2221f0fc2baf7da1435a7980e9492ea0657bfcd546273621f39689?s=200&amp;d=mm&amp;r=g 2x\" class=\"avatar avatar-100 photo\" height=\"100\" width=\"100\" itemprop=\"image\"\/><\/div>\n<div class=\"saboxplugin-desc\">\n<div itemprop=\"description\">\n<p>Joshua S. Hill yra Melburno \u017eurnalistas, daugiau nei 15 met\u0173 ra\u0161antis apie klimato poky\u010dius, \u0161varias technologijas ir elektrines transporto priemones. Jis prane\u0161a apie elektrines transporto priemones ir \u0161varias atnaujinimo ekonomikos ir varomosios technologijas nuo 2012 m. Jo pageidaujamas transporto b\u016bdas yra jo kojos.<\/p>\n<\/div>\n<\/div>\n<\/div>\n<\/div>\n<p><!-- AI CONTENT END 1 --><\/p><\/div>\n<p><br \/>\n<br \/><a href=\"https:\/\/thedriven.io\/2025\/09\/02\/norway-ev-sales-maintain-extraordinary-pace-at-97-pct-market-share-tesla-back-on-top\/\">Source link <\/a><\/p>\n","protected":false},"excerpt":{"rendered":"<p>Norvegija ir toliau eina pasaulio elektromobili\u0173 (EV) pri\u0117mimo lyder\u0117s pareigas, dar kart\u0105 matydamas \u201eEV\u201c akcij\u0173 s\u0105skait\u0105 97 procentams vis\u0173 nauj\u0173&hellip;<\/p>\n","protected":false},"author":1,"featured_media":2011,"comment_status":"open","ping_status":"open","sticky":false,"template":"","format":"standard","meta":{"om_disable_all_campaigns":false,"_monsterinsights_skip_tracking":false,"_monsterinsights_sitenote_active":false,"_monsterinsights_sitenote_note":"","_monsterinsights_sitenote_category":0,"footnotes":""},"categories":[39],"tags":[3635,3632,3633,3631,901,1121,103,3634,14,1683,2928],"class_list":["post-2010","post","type-post","status-publish","format-standard","has-post-thumbnail","hentry","category-eautomobiliu-technine-puse","tag-dalimi","tag-islaiko","tag-nepaprasta","tag-norvegijos","tag-pardavimai","tag-pct","tag-rinkos","tag-tempa","tag-tesla","tag-vel","tag-virsuje"],"aioseo_notices":[],"yoast_head":"<!-- This site is optimized with the Yoast SEO plugin v26.8 - https:\/\/yoast.com\/product\/yoast-seo-wordpress\/ -->\n<title>\u201eNorvegijos EV\u201c pardavimai i\u0161laiko nepaprast\u0105 temp\u0105 97 PCT rinkos dalimi, \u201eTesla\u201c v\u0117l vir\u0161uje - Eautomobiliai.lt<\/title>\n<meta name=\"robots\" content=\"index, follow, max-snippet:-1, max-image-preview:large, max-video-preview:-1\" \/>\n<link rel=\"canonical\" href=\"http:\/\/eautomobiliai.lt\/index.php\/2025\/09\/03\/norvegijos-ev-pardavimai-islaiko-nepaprasta-tempa-97-pct-rinkos-dalimi-tesla-vel-virsuje\/\" \/>\n<meta property=\"og:locale\" content=\"lt_LT\" \/>\n<meta property=\"og:type\" content=\"article\" \/>\n<meta property=\"og:title\" content=\"\u201eNorvegijos EV\u201c pardavimai i\u0161laiko nepaprast\u0105 temp\u0105 97 PCT rinkos dalimi, \u201eTesla\u201c v\u0117l vir\u0161uje - Eautomobiliai.lt\" \/>\n<meta property=\"og:description\" content=\"Norvegija ir toliau eina pasaulio elektromobili\u0173 (EV) pri\u0117mimo lyder\u0117s pareigas, dar kart\u0105 matydamas \u201eEV\u201c akcij\u0173 s\u0105skait\u0105 97 procentams vis\u0173 nauj\u0173&hellip;\" \/>\n<meta property=\"og:url\" content=\"http:\/\/eautomobiliai.lt\/index.php\/2025\/09\/03\/norvegijos-ev-pardavimai-islaiko-nepaprasta-tempa-97-pct-rinkos-dalimi-tesla-vel-virsuje\/\" \/>\n<meta property=\"og:site_name\" content=\"Eautomobiliai.lt\" \/>\n<meta property=\"article:published_time\" content=\"2025-09-03T21:15:12+00:00\" \/>\n<meta property=\"og:image\" content=\"http:\/\/eautomobiliai.lt\/wp-content\/uploads\/2025\/09\/\u201eNorvegijos-EV-pardavimai-islaiko-nepaprasta-tempa-97-PCT-rinkos-dalimi.jpeg\" \/>\n\t<meta property=\"og:image:width\" content=\"1500\" \/>\n\t<meta property=\"og:image:height\" content=\"844\" \/>\n\t<meta property=\"og:image:type\" content=\"image\/jpeg\" \/>\n<meta name=\"author\" content=\"admin\" \/>\n<meta name=\"twitter:card\" content=\"summary_large_image\" \/>\n<meta name=\"twitter:label1\" content=\"Written by\" \/>\n\t<meta name=\"twitter:data1\" content=\"admin\" \/>\n\t<meta name=\"twitter:label2\" content=\"Est. reading time\" \/>\n\t<meta name=\"twitter:data2\" content=\"2 minut\u0117s\" \/>\n<script type=\"application\/ld+json\" class=\"yoast-schema-graph\">{\"@context\":\"https:\/\/schema.org\",\"@graph\":[{\"@type\":\"Article\",\"@id\":\"http:\/\/eautomobiliai.lt\/index.php\/2025\/09\/03\/norvegijos-ev-pardavimai-islaiko-nepaprasta-tempa-97-pct-rinkos-dalimi-tesla-vel-virsuje\/#article\",\"isPartOf\":{\"@id\":\"http:\/\/eautomobiliai.lt\/index.php\/2025\/09\/03\/norvegijos-ev-pardavimai-islaiko-nepaprasta-tempa-97-pct-rinkos-dalimi-tesla-vel-virsuje\/\"},\"author\":{\"name\":\"admin\",\"@id\":\"http:\/\/eautomobiliai.lt\/#\/schema\/person\/ecf2a967f361217d056061f74deb92f2\"},\"headline\":\"\u201eNorvegijos EV\u201c pardavimai i\u0161laiko nepaprast\u0105 temp\u0105 97 PCT rinkos dalimi, \u201eTesla\u201c v\u0117l vir\u0161uje\",\"datePublished\":\"2025-09-03T21:15:12+00:00\",\"mainEntityOfPage\":{\"@id\":\"http:\/\/eautomobiliai.lt\/index.php\/2025\/09\/03\/norvegijos-ev-pardavimai-islaiko-nepaprasta-tempa-97-pct-rinkos-dalimi-tesla-vel-virsuje\/\"},\"wordCount\":450,\"commentCount\":0,\"image\":{\"@id\":\"http:\/\/eautomobiliai.lt\/index.php\/2025\/09\/03\/norvegijos-ev-pardavimai-islaiko-nepaprasta-tempa-97-pct-rinkos-dalimi-tesla-vel-virsuje\/#primaryimage\"},\"thumbnailUrl\":\"http:\/\/eautomobiliai.lt\/wp-content\/uploads\/2025\/09\/\u201eNorvegijos-EV-pardavimai-islaiko-nepaprasta-tempa-97-PCT-rinkos-dalimi.jpeg\",\"keywords\":[\"dalimi\",\"i\u0161laiko\",\"nepaprast\u0105\",\"Norvegijos\",\"pardavimai\",\"pct\",\"rinkos\",\"temp\u0105\",\"Tesla\",\"v\u0117l\",\"vir\u0161uje\"],\"articleSection\":[\"eAUTOMOBILI\u0172 TECHNIN\u0116 PUS\u0116\"],\"inLanguage\":\"lt-LT\",\"potentialAction\":[{\"@type\":\"CommentAction\",\"name\":\"Comment\",\"target\":[\"http:\/\/eautomobiliai.lt\/index.php\/2025\/09\/03\/norvegijos-ev-pardavimai-islaiko-nepaprasta-tempa-97-pct-rinkos-dalimi-tesla-vel-virsuje\/#respond\"]}]},{\"@type\":\"WebPage\",\"@id\":\"http:\/\/eautomobiliai.lt\/index.php\/2025\/09\/03\/norvegijos-ev-pardavimai-islaiko-nepaprasta-tempa-97-pct-rinkos-dalimi-tesla-vel-virsuje\/\",\"url\":\"http:\/\/eautomobiliai.lt\/index.php\/2025\/09\/03\/norvegijos-ev-pardavimai-islaiko-nepaprasta-tempa-97-pct-rinkos-dalimi-tesla-vel-virsuje\/\",\"name\":\"\u201eNorvegijos EV\u201c pardavimai i\u0161laiko nepaprast\u0105 temp\u0105 97 PCT rinkos dalimi, \u201eTesla\u201c v\u0117l vir\u0161uje - Eautomobiliai.lt\",\"isPartOf\":{\"@id\":\"http:\/\/eautomobiliai.lt\/#website\"},\"primaryImageOfPage\":{\"@id\":\"http:\/\/eautomobiliai.lt\/index.php\/2025\/09\/03\/norvegijos-ev-pardavimai-islaiko-nepaprasta-tempa-97-pct-rinkos-dalimi-tesla-vel-virsuje\/#primaryimage\"},\"image\":{\"@id\":\"http:\/\/eautomobiliai.lt\/index.php\/2025\/09\/03\/norvegijos-ev-pardavimai-islaiko-nepaprasta-tempa-97-pct-rinkos-dalimi-tesla-vel-virsuje\/#primaryimage\"},\"thumbnailUrl\":\"http:\/\/eautomobiliai.lt\/wp-content\/uploads\/2025\/09\/\u201eNorvegijos-EV-pardavimai-islaiko-nepaprasta-tempa-97-PCT-rinkos-dalimi.jpeg\",\"datePublished\":\"2025-09-03T21:15:12+00:00\",\"author\":{\"@id\":\"http:\/\/eautomobiliai.lt\/#\/schema\/person\/ecf2a967f361217d056061f74deb92f2\"},\"breadcrumb\":{\"@id\":\"http:\/\/eautomobiliai.lt\/index.php\/2025\/09\/03\/norvegijos-ev-pardavimai-islaiko-nepaprasta-tempa-97-pct-rinkos-dalimi-tesla-vel-virsuje\/#breadcrumb\"},\"inLanguage\":\"lt-LT\",\"potentialAction\":[{\"@type\":\"ReadAction\",\"target\":[\"http:\/\/eautomobiliai.lt\/index.php\/2025\/09\/03\/norvegijos-ev-pardavimai-islaiko-nepaprasta-tempa-97-pct-rinkos-dalimi-tesla-vel-virsuje\/\"]}]},{\"@type\":\"ImageObject\",\"inLanguage\":\"lt-LT\",\"@id\":\"http:\/\/eautomobiliai.lt\/index.php\/2025\/09\/03\/norvegijos-ev-pardavimai-islaiko-nepaprasta-tempa-97-pct-rinkos-dalimi-tesla-vel-virsuje\/#primaryimage\",\"url\":\"http:\/\/eautomobiliai.lt\/wp-content\/uploads\/2025\/09\/\u201eNorvegijos-EV-pardavimai-islaiko-nepaprasta-tempa-97-PCT-rinkos-dalimi.jpeg\",\"contentUrl\":\"http:\/\/eautomobiliai.lt\/wp-content\/uploads\/2025\/09\/\u201eNorvegijos-EV-pardavimai-islaiko-nepaprasta-tempa-97-PCT-rinkos-dalimi.jpeg\",\"width\":1500,\"height\":844},{\"@type\":\"BreadcrumbList\",\"@id\":\"http:\/\/eautomobiliai.lt\/index.php\/2025\/09\/03\/norvegijos-ev-pardavimai-islaiko-nepaprasta-tempa-97-pct-rinkos-dalimi-tesla-vel-virsuje\/#breadcrumb\",\"itemListElement\":[{\"@type\":\"ListItem\",\"position\":1,\"name\":\"Home\",\"item\":\"http:\/\/eautomobiliai.lt\/\"},{\"@type\":\"ListItem\",\"position\":2,\"name\":\"\u201eNorvegijos EV\u201c pardavimai i\u0161laiko nepaprast\u0105 temp\u0105 97 PCT rinkos dalimi, \u201eTesla\u201c v\u0117l vir\u0161uje\"}]},{\"@type\":\"WebSite\",\"@id\":\"http:\/\/eautomobiliai.lt\/#website\",\"url\":\"http:\/\/eautomobiliai.lt\/\",\"name\":\"Eautomobiliai.lt\",\"description\":\"Elektrinis transportas, technologijos\",\"potentialAction\":[{\"@type\":\"SearchAction\",\"target\":{\"@type\":\"EntryPoint\",\"urlTemplate\":\"http:\/\/eautomobiliai.lt\/?s={search_term_string}\"},\"query-input\":{\"@type\":\"PropertyValueSpecification\",\"valueRequired\":true,\"valueName\":\"search_term_string\"}}],\"inLanguage\":\"lt-LT\"},{\"@type\":\"Person\",\"@id\":\"http:\/\/eautomobiliai.lt\/#\/schema\/person\/ecf2a967f361217d056061f74deb92f2\",\"name\":\"admin\",\"image\":{\"@type\":\"ImageObject\",\"inLanguage\":\"lt-LT\",\"@id\":\"http:\/\/eautomobiliai.lt\/#\/schema\/person\/image\/\",\"url\":\"https:\/\/secure.gravatar.com\/avatar\/6323379efae0c70c686c7905444d6bbd?s=96&d=mm&r=g\",\"contentUrl\":\"https:\/\/secure.gravatar.com\/avatar\/6323379efae0c70c686c7905444d6bbd?s=96&d=mm&r=g\",\"caption\":\"admin\"},\"sameAs\":[\"http:\/\/eautomobiliai.lt\"],\"url\":\"http:\/\/eautomobiliai.lt\/index.php\/author\/admin\/\"}]}<\/script>\n<!-- \/ Yoast SEO plugin. -->","yoast_head_json":{"title":"\u201eNorvegijos EV\u201c pardavimai i\u0161laiko nepaprast\u0105 temp\u0105 97 PCT rinkos dalimi, \u201eTesla\u201c v\u0117l vir\u0161uje - Eautomobiliai.lt","robots":{"index":"index","follow":"follow","max-snippet":"max-snippet:-1","max-image-preview":"max-image-preview:large","max-video-preview":"max-video-preview:-1"},"canonical":"http:\/\/eautomobiliai.lt\/index.php\/2025\/09\/03\/norvegijos-ev-pardavimai-islaiko-nepaprasta-tempa-97-pct-rinkos-dalimi-tesla-vel-virsuje\/","og_locale":"lt_LT","og_type":"article","og_title":"\u201eNorvegijos EV\u201c pardavimai i\u0161laiko nepaprast\u0105 temp\u0105 97 PCT rinkos dalimi, \u201eTesla\u201c v\u0117l vir\u0161uje - Eautomobiliai.lt","og_description":"Norvegija ir toliau eina pasaulio elektromobili\u0173 (EV) pri\u0117mimo lyder\u0117s pareigas, dar kart\u0105 matydamas \u201eEV\u201c akcij\u0173 s\u0105skait\u0105 97 procentams vis\u0173 nauj\u0173&hellip;","og_url":"http:\/\/eautomobiliai.lt\/index.php\/2025\/09\/03\/norvegijos-ev-pardavimai-islaiko-nepaprasta-tempa-97-pct-rinkos-dalimi-tesla-vel-virsuje\/","og_site_name":"Eautomobiliai.lt","article_published_time":"2025-09-03T21:15:12+00:00","og_image":[{"width":1500,"height":844,"url":"http:\/\/eautomobiliai.lt\/wp-content\/uploads\/2025\/09\/\u201eNorvegijos-EV-pardavimai-islaiko-nepaprasta-tempa-97-PCT-rinkos-dalimi.jpeg","type":"image\/jpeg"}],"author":"admin","twitter_card":"summary_large_image","twitter_misc":{"Written by":"admin","Est. reading time":"2 minut\u0117s"},"schema":{"@context":"https:\/\/schema.org","@graph":[{"@type":"Article","@id":"http:\/\/eautomobiliai.lt\/index.php\/2025\/09\/03\/norvegijos-ev-pardavimai-islaiko-nepaprasta-tempa-97-pct-rinkos-dalimi-tesla-vel-virsuje\/#article","isPartOf":{"@id":"http:\/\/eautomobiliai.lt\/index.php\/2025\/09\/03\/norvegijos-ev-pardavimai-islaiko-nepaprasta-tempa-97-pct-rinkos-dalimi-tesla-vel-virsuje\/"},"author":{"name":"admin","@id":"http:\/\/eautomobiliai.lt\/#\/schema\/person\/ecf2a967f361217d056061f74deb92f2"},"headline":"\u201eNorvegijos EV\u201c pardavimai i\u0161laiko nepaprast\u0105 temp\u0105 97 PCT rinkos dalimi, \u201eTesla\u201c v\u0117l vir\u0161uje","datePublished":"2025-09-03T21:15:12+00:00","mainEntityOfPage":{"@id":"http:\/\/eautomobiliai.lt\/index.php\/2025\/09\/03\/norvegijos-ev-pardavimai-islaiko-nepaprasta-tempa-97-pct-rinkos-dalimi-tesla-vel-virsuje\/"},"wordCount":450,"commentCount":0,"image":{"@id":"http:\/\/eautomobiliai.lt\/index.php\/2025\/09\/03\/norvegijos-ev-pardavimai-islaiko-nepaprasta-tempa-97-pct-rinkos-dalimi-tesla-vel-virsuje\/#primaryimage"},"thumbnailUrl":"http:\/\/eautomobiliai.lt\/wp-content\/uploads\/2025\/09\/\u201eNorvegijos-EV-pardavimai-islaiko-nepaprasta-tempa-97-PCT-rinkos-dalimi.jpeg","keywords":["dalimi","i\u0161laiko","nepaprast\u0105","Norvegijos","pardavimai","pct","rinkos","temp\u0105","Tesla","v\u0117l","vir\u0161uje"],"articleSection":["eAUTOMOBILI\u0172 TECHNIN\u0116 PUS\u0116"],"inLanguage":"lt-LT","potentialAction":[{"@type":"CommentAction","name":"Comment","target":["http:\/\/eautomobiliai.lt\/index.php\/2025\/09\/03\/norvegijos-ev-pardavimai-islaiko-nepaprasta-tempa-97-pct-rinkos-dalimi-tesla-vel-virsuje\/#respond"]}]},{"@type":"WebPage","@id":"http:\/\/eautomobiliai.lt\/index.php\/2025\/09\/03\/norvegijos-ev-pardavimai-islaiko-nepaprasta-tempa-97-pct-rinkos-dalimi-tesla-vel-virsuje\/","url":"http:\/\/eautomobiliai.lt\/index.php\/2025\/09\/03\/norvegijos-ev-pardavimai-islaiko-nepaprasta-tempa-97-pct-rinkos-dalimi-tesla-vel-virsuje\/","name":"\u201eNorvegijos EV\u201c pardavimai i\u0161laiko nepaprast\u0105 temp\u0105 97 PCT rinkos dalimi, \u201eTesla\u201c v\u0117l vir\u0161uje - Eautomobiliai.lt","isPartOf":{"@id":"http:\/\/eautomobiliai.lt\/#website"},"primaryImageOfPage":{"@id":"http:\/\/eautomobiliai.lt\/index.php\/2025\/09\/03\/norvegijos-ev-pardavimai-islaiko-nepaprasta-tempa-97-pct-rinkos-dalimi-tesla-vel-virsuje\/#primaryimage"},"image":{"@id":"http:\/\/eautomobiliai.lt\/index.php\/2025\/09\/03\/norvegijos-ev-pardavimai-islaiko-nepaprasta-tempa-97-pct-rinkos-dalimi-tesla-vel-virsuje\/#primaryimage"},"thumbnailUrl":"http:\/\/eautomobiliai.lt\/wp-content\/uploads\/2025\/09\/\u201eNorvegijos-EV-pardavimai-islaiko-nepaprasta-tempa-97-PCT-rinkos-dalimi.jpeg","datePublished":"2025-09-03T21:15:12+00:00","author":{"@id":"http:\/\/eautomobiliai.lt\/#\/schema\/person\/ecf2a967f361217d056061f74deb92f2"},"breadcrumb":{"@id":"http:\/\/eautomobiliai.lt\/index.php\/2025\/09\/03\/norvegijos-ev-pardavimai-islaiko-nepaprasta-tempa-97-pct-rinkos-dalimi-tesla-vel-virsuje\/#breadcrumb"},"inLanguage":"lt-LT","potentialAction":[{"@type":"ReadAction","target":["http:\/\/eautomobiliai.lt\/index.php\/2025\/09\/03\/norvegijos-ev-pardavimai-islaiko-nepaprasta-tempa-97-pct-rinkos-dalimi-tesla-vel-virsuje\/"]}]},{"@type":"ImageObject","inLanguage":"lt-LT","@id":"http:\/\/eautomobiliai.lt\/index.php\/2025\/09\/03\/norvegijos-ev-pardavimai-islaiko-nepaprasta-tempa-97-pct-rinkos-dalimi-tesla-vel-virsuje\/#primaryimage","url":"http:\/\/eautomobiliai.lt\/wp-content\/uploads\/2025\/09\/\u201eNorvegijos-EV-pardavimai-islaiko-nepaprasta-tempa-97-PCT-rinkos-dalimi.jpeg","contentUrl":"http:\/\/eautomobiliai.lt\/wp-content\/uploads\/2025\/09\/\u201eNorvegijos-EV-pardavimai-islaiko-nepaprasta-tempa-97-PCT-rinkos-dalimi.jpeg","width":1500,"height":844},{"@type":"BreadcrumbList","@id":"http:\/\/eautomobiliai.lt\/index.php\/2025\/09\/03\/norvegijos-ev-pardavimai-islaiko-nepaprasta-tempa-97-pct-rinkos-dalimi-tesla-vel-virsuje\/#breadcrumb","itemListElement":[{"@type":"ListItem","position":1,"name":"Home","item":"http:\/\/eautomobiliai.lt\/"},{"@type":"ListItem","position":2,"name":"\u201eNorvegijos EV\u201c pardavimai i\u0161laiko nepaprast\u0105 temp\u0105 97 PCT rinkos dalimi, \u201eTesla\u201c v\u0117l vir\u0161uje"}]},{"@type":"WebSite","@id":"http:\/\/eautomobiliai.lt\/#website","url":"http:\/\/eautomobiliai.lt\/","name":"Eautomobiliai.lt","description":"Elektrinis transportas, technologijos","potentialAction":[{"@type":"SearchAction","target":{"@type":"EntryPoint","urlTemplate":"http:\/\/eautomobiliai.lt\/?s={search_term_string}"},"query-input":{"@type":"PropertyValueSpecification","valueRequired":true,"valueName":"search_term_string"}}],"inLanguage":"lt-LT"},{"@type":"Person","@id":"http:\/\/eautomobiliai.lt\/#\/schema\/person\/ecf2a967f361217d056061f74deb92f2","name":"admin","image":{"@type":"ImageObject","inLanguage":"lt-LT","@id":"http:\/\/eautomobiliai.lt\/#\/schema\/person\/image\/","url":"https:\/\/secure.gravatar.com\/avatar\/6323379efae0c70c686c7905444d6bbd?s=96&d=mm&r=g","contentUrl":"https:\/\/secure.gravatar.com\/avatar\/6323379efae0c70c686c7905444d6bbd?s=96&d=mm&r=g","caption":"admin"},"sameAs":["http:\/\/eautomobiliai.lt"],"url":"http:\/\/eautomobiliai.lt\/index.php\/author\/admin\/"}]}},"_links":{"self":[{"href":"http:\/\/eautomobiliai.lt\/index.php\/wp-json\/wp\/v2\/posts\/2010","targetHints":{"allow":["GET"]}}],"collection":[{"href":"http:\/\/eautomobiliai.lt\/index.php\/wp-json\/wp\/v2\/posts"}],"about":[{"href":"http:\/\/eautomobiliai.lt\/index.php\/wp-json\/wp\/v2\/types\/post"}],"author":[{"embeddable":true,"href":"http:\/\/eautomobiliai.lt\/index.php\/wp-json\/wp\/v2\/users\/1"}],"replies":[{"embeddable":true,"href":"http:\/\/eautomobiliai.lt\/index.php\/wp-json\/wp\/v2\/comments?post=2010"}],"version-history":[{"count":0,"href":"http:\/\/eautomobiliai.lt\/index.php\/wp-json\/wp\/v2\/posts\/2010\/revisions"}],"wp:featuredmedia":[{"embeddable":true,"href":"http:\/\/eautomobiliai.lt\/index.php\/wp-json\/wp\/v2\/media\/2011"}],"wp:attachment":[{"href":"http:\/\/eautomobiliai.lt\/index.php\/wp-json\/wp\/v2\/media?parent=2010"}],"wp:term":[{"taxonomy":"category","embeddable":true,"href":"http:\/\/eautomobiliai.lt\/index.php\/wp-json\/wp\/v2\/categories?post=2010"},{"taxonomy":"post_tag","embeddable":true,"href":"http:\/\/eautomobiliai.lt\/index.php\/wp-json\/wp\/v2\/tags?post=2010"}],"curies":[{"name":"wp","href":"https:\/\/api.w.org\/{rel}","templated":true}]}}