{"id":2031,"date":"2025-09-05T17:27:43","date_gmt":"2025-09-05T17:27:43","guid":{"rendered":"http:\/\/eautomobiliai.lt\/index.php\/2025\/09\/05\/naujaji-hyundai-ev-augala-ka-tik-surenge-ledas-simtai-suimta\/"},"modified":"2025-09-05T17:27:43","modified_gmt":"2025-09-05T17:27:43","slug":"naujaji-hyundai-ev-augala-ka-tik-surenge-ledas-simtai-suimta","status":"publish","type":"post","link":"http:\/\/eautomobiliai.lt\/index.php\/2025\/09\/05\/naujaji-hyundai-ev-augala-ka-tik-surenge-ledas-simtai-suimta\/","title":{"rendered":"Nauj\u0105j\u012f \u201eHyundai\u201c EV augal\u0105 k\u0105 tik sureng\u0117 ledas, \u201e\u0161imtai\u201c suimta"},"content":{"rendered":"<p> <br \/>\n<\/p>\n<div>\n<figure class=\"img-border featured-image\">\n\t<\/figure>\n<p>Masyvi\u0105 nauj\u0105 \u201eHyundai EV\u201c gamykl\u0105, esan\u010di\u0105 u\u017e Savanos, D\u017eord\u017eijos valstijoje, ketvirtadien\u012f. Federaliniai agentai u\u017e\u0117m\u0117 \u0161imtus \u017emoni\u0173 \u012f are\u0161tin\u0119 viet\u0105, \u012fskaitant \u201eLG Energy Solution\u201c vadovus, \u201eHyundai\u201c akumuliatoriaus partner\u012f ir gamyklos bendrasavinink\u012f.<\/p>\n<p><span id=\"more-432888\"\/><\/p>\n<h2 class=\"wp-block-heading\" id=\"h-why-was-the-hyundai-ev-plant-raided-by-ice\">Kod\u0117l \u201eHyundai EV\u201c gamykl\u0105 reidavo ledas?<\/h2>\n<p>\u0160i\u0173 met\u0173 prad\u017eioje Gruzijoje \u0161vent\u0117 did\u017eiul\u012f savo naujos \u201eHyundai Motor Group Metaplant America\u201c (HMGMA) atidarym\u0105, Kor\u0117jos automobili\u0173 gamintojas teig\u0117, kad \u201ejud\u0117jimo ateitis su Amerika, Amerikoje\u201c.<\/p>\n<p>Ketvirtadien\u012f JAV imigracijos vald\u017eios institucijos sureng\u0117 naujos akumuliatori\u0173 gamyklos statybviet\u0119. Remiantis vietiniais prane\u0161imais, iki 475 \u017emoni\u0173 buvo are\u0161tuota kaip dalis tyrimo d\u0117l dokument\u0173 neturin\u010di\u0173 asmen\u0173. LG prane\u0161ime spaudai teig\u0117, kad \u201eHyundai\u201c darbuotojai buvo tarp \u0161imt\u0173, paimt\u0173 \u012f are\u0161tin\u0119.<\/p>\n<p>Piet\u0173 Kor\u0117jos u\u017esienio reikal\u0173 ministerija penktadien\u012f paskelb\u0117 parei\u0161kim\u0105 (per <em>\u201eYonhap\u201c naujienos<\/em>), teigdami, kad su asmenimis buvo elgiamasi nes\u0105\u017einingai.<\/p>\n<p>\t<span class=\"outbrain-ad-label\">Skelbimas &#8211; slinkite daugiau turinio<\/span><\/p>\n<p>\u201eM\u016bs\u0173 \u012fmoni\u0173, investuojan\u010di\u0173 \u012f JAV, ekonomin\u0117 veikla ir m\u016bs\u0173 pilie\u010di\u0173 teis\u0117s ir interesai neturi b\u016bti nes\u0105\u017einingai pa\u017eeista\u201c,-teig\u0117 Piet\u0173 Kor\u0117jos ministerijos atstovas Lee Jae-Woong.<\/p>\n<figure class=\"wp-block-image aligncenter size-large\"><img loading=\"lazy\" decoding=\"async\" height=\"512\" width=\"1024\" src=\"https:\/\/electrek.co\/wp-content\/uploads\/sites\/3\/2025\/08\/Hyundai-billions-US-investment.jpeg?quality=82&amp;strip=all&amp;w=1024\" alt=\"\u201eHyundai-Ev-Plant-Raid\u201c\" class=\"wp-image-431457\" srcset=\"https:\/\/electrek.co\/wp-content\/uploads\/sites\/3\/2025\/08\/Hyundai-billions-US-investment.jpeg 1400w, https:\/\/electrek.co\/wp-content\/uploads\/sites\/3\/2025\/08\/Hyundai-billions-US-investment.jpeg?resize=150,75 150w, https:\/\/electrek.co\/wp-content\/uploads\/sites\/3\/2025\/08\/Hyundai-billions-US-investment.jpeg?resize=300,150 300w, https:\/\/electrek.co\/wp-content\/uploads\/sites\/3\/2025\/08\/Hyundai-billions-US-investment.jpeg?resize=768,384 768w, https:\/\/electrek.co\/wp-content\/uploads\/sites\/3\/2025\/08\/Hyundai-billions-US-investment.jpeg?resize=1024,512 1024w, https:\/\/electrek.co\/wp-content\/uploads\/sites\/3\/2025\/08\/Hyundai-billions-US-investment.jpeg?resize=350,175 350w, https:\/\/electrek.co\/wp-content\/uploads\/sites\/3\/2025\/08\/Hyundai-billions-US-investment.jpeg?resize=140,70 140w, https:\/\/electrek.co\/wp-content\/uploads\/sites\/3\/2025\/08\/Hyundai-billions-US-investment.jpeg?resize=290,145 290w\" sizes=\"auto, (max-width: 1024px) 100vw, 1024px\"\/><figcaption class=\"wp-element-caption\">\u201eHyundai Ioniq 9\u201c modeliai, sukurti \u201eHMGMA EV\u201c gamykloje Gruzijoje (\u0161altinis: \u201eHyundai\u201c)<\/figcaption><\/figure>\n<p>Ministerijos atstovas prid\u016br\u0117, kad \u201emes perteik\u0117me savo susir\u016bpinim\u0105 ir apgailestaujame per JAV ambasad\u0105 Seule \u0161iandien\u201c. Kor\u0117ja i\u0161siunt\u0117 pareig\u016bnus \u012f Va\u0161ington\u0105 ir \u012f \u201eHyundai\u201c gamykl\u0105, kad b\u016bt\u0173 galima \u012fsteigti darbo grup\u0119, kuri spr\u0119st\u0173 \u0161\u012f klausim\u0105.<\/p>\n<p>Svetain\u0117 i\u0161 viso siekia beveik 3000 ha ir apima surinkimo \u012frengin\u012f, du akumuliatori\u0173 gamyklas, suvirinimo parduotuv\u0119 ir kelet\u0105 kit\u0173 mokymui, logistikai ir dar daugiau.<\/p>\n<figure class=\"wp-block-image aligncenter size-large\"><img loading=\"lazy\" decoding=\"async\" height=\"512\" width=\"1024\" src=\"https:\/\/electrek.co\/wp-content\/uploads\/sites\/3\/2025\/03\/Hyundai-EV-plant-open.jpeg?quality=82&amp;strip=all&amp;w=1024\" alt=\"\u201eHyundai-EV-Augal-Raided I-He\u201c\" class=\"wp-image-408012\" srcset=\"https:\/\/electrek.co\/wp-content\/uploads\/sites\/3\/2025\/03\/Hyundai-EV-plant-open.jpeg 1400w, https:\/\/electrek.co\/wp-content\/uploads\/sites\/3\/2025\/03\/Hyundai-EV-plant-open.jpeg?resize=150,75 150w, https:\/\/electrek.co\/wp-content\/uploads\/sites\/3\/2025\/03\/Hyundai-EV-plant-open.jpeg?resize=300,150 300w, https:\/\/electrek.co\/wp-content\/uploads\/sites\/3\/2025\/03\/Hyundai-EV-plant-open.jpeg?resize=768,384 768w, https:\/\/electrek.co\/wp-content\/uploads\/sites\/3\/2025\/03\/Hyundai-EV-plant-open.jpeg?resize=1024,512 1024w, https:\/\/electrek.co\/wp-content\/uploads\/sites\/3\/2025\/03\/Hyundai-EV-plant-open.jpeg?resize=350,175 350w, https:\/\/electrek.co\/wp-content\/uploads\/sites\/3\/2025\/03\/Hyundai-EV-plant-open.jpeg?resize=140,70 140w, https:\/\/electrek.co\/wp-content\/uploads\/sites\/3\/2025\/03\/Hyundai-EV-plant-open.jpeg?resize=290,145 290w\" sizes=\"auto, (max-width: 1024px) 100vw, 1024px\"\/><figcaption class=\"wp-element-caption\">\u201eHyundai Motor Group Metaplant America\u201c (\u0161altinis: \u201eHyundai\u201c)<\/figcaption><\/figure>\n<p>Tikimasi, kad, kaip did\u017eiausias Gruzijos ekonominis projektas, gamykla, \u012fskaitant \u201eHyundai\u201c tiek\u0117jus, sukurs beveik 40 000 darbo viet\u0173, o valstyb\u0117je pritrauks 12,6 milijardo doleri\u0173.<\/p>\n<p>\u0160iuo metu \u201eHyundai\u201c stato nauj\u0105j\u012f 2025 Ioniq 5 ir 2026 \u201eIoniq 9\u201c, savo pirm\u0105j\u012f trij\u0173 eili\u0173 elektrin\u012f visureig\u012f, D\u017eord\u017eijos \u012fstaigoje.<\/p>\n<figure class=\"wp-block-image aligncenter size-large\"><img loading=\"lazy\" decoding=\"async\" height=\"512\" width=\"1024\" src=\"https:\/\/electrek.co\/wp-content\/uploads\/sites\/3\/2025\/07\/Hyundai-IONIQ-5-lease.jpeg?quality=82&amp;strip=all&amp;w=1024\" alt=\"\u201eHyundai-Ioniq-5-Breakout-Ev\u201c\" class=\"wp-image-424118\" srcset=\"https:\/\/electrek.co\/wp-content\/uploads\/sites\/3\/2025\/07\/Hyundai-IONIQ-5-lease.jpeg 1400w, https:\/\/electrek.co\/wp-content\/uploads\/sites\/3\/2025\/07\/Hyundai-IONIQ-5-lease.jpeg?resize=150,75 150w, https:\/\/electrek.co\/wp-content\/uploads\/sites\/3\/2025\/07\/Hyundai-IONIQ-5-lease.jpeg?resize=300,150 300w, https:\/\/electrek.co\/wp-content\/uploads\/sites\/3\/2025\/07\/Hyundai-IONIQ-5-lease.jpeg?resize=768,384 768w, https:\/\/electrek.co\/wp-content\/uploads\/sites\/3\/2025\/07\/Hyundai-IONIQ-5-lease.jpeg?resize=1024,512 1024w, https:\/\/electrek.co\/wp-content\/uploads\/sites\/3\/2025\/07\/Hyundai-IONIQ-5-lease.jpeg?resize=350,175 350w, https:\/\/electrek.co\/wp-content\/uploads\/sites\/3\/2025\/07\/Hyundai-IONIQ-5-lease.jpeg?resize=140,70 140w, https:\/\/electrek.co\/wp-content\/uploads\/sites\/3\/2025\/07\/Hyundai-IONIQ-5-lease.jpeg?resize=290,145 290w\" sizes=\"auto, (max-width: 1024px) 100vw, 1024px\"\/><figcaption class=\"wp-element-caption\">2025 m. \u201eHyundai Ioniq 5\u201c \u201eTesla\u201c kompresoriuje (\u0161altinis: \u201eHyundai\u201c)<\/figcaption><\/figure>\n<p>Ledo reidas \u012fvyko pra\u0117jus kelioms dienoms po to, kai JAV prezidentas Trumpas sureng\u0117 Piet\u0173 Kor\u0117jos prezident\u0105 Lee Jae Myung\u0105 Baltuosiuose r\u016bmuose. Tai yra agresyvaus administracijos susidorojimo su imigracija dalis. Lee \u012fsipareigojo \u012f JAV investuoti dar 150 milijard\u0173 doleri\u0173, \u012fskaitant nauj\u0105 EV akumuliatori\u0173 gamykl\u0105, nes ji siekia palengvinti prekybos \u012ftamp\u0105.<\/p>\n<p>\u201eLG Energy Solution\u201c ir Piet\u0173 Kor\u0117jos vyriausyb\u0117 stengiasi u\u017etikrinti darbuotoj\u0173 ir kit\u0173 paleidim\u0105. Netrukus patikrinkite, nes tai yra nuolatin\u0117 istorija. Mes jus atnaujinsime naujausiais.<\/p>\n<p><em>\u0160altinis: \u201eThe New York Times\u201c, \u201eYonhap News\u201c<\/em><\/p>\n<div class=\"ad-disclaimer-container\">\n<p class=\"disclaimer-affiliate\"><em>FPK: Mes naudojame pajamas gaunan\u010dias automatinio filialo nuorodas.<\/em> Daugiau.<\/p>\n<p><!-- post ad --><\/div>\n<\/p><\/div>\n<p><br \/>\n<br \/><a href=\"https:\/\/electrek.co\/2025\/09\/05\/hyundais-new-ev-plant-raided-by-ice-hundreds-arrested\/\">Source link <\/a><\/p>\n","protected":false},"excerpt":{"rendered":"<p>Masyvi\u0105 nauj\u0105 \u201eHyundai EV\u201c gamykl\u0105, esan\u010di\u0105 u\u017e Savanos, D\u017eord\u017eijos valstijoje, ketvirtadien\u012f. Federaliniai agentai u\u017e\u0117m\u0117 \u0161imtus \u017emoni\u0173 \u012f are\u0161tin\u0119 viet\u0105, \u012fskaitant&hellip;<\/p>\n","protected":false},"author":1,"featured_media":2032,"comment_status":"open","ping_status":"open","sticky":false,"template":"","format":"standard","meta":{"om_disable_all_campaigns":false,"_monsterinsights_skip_tracking":false,"_monsterinsights_sitenote_active":false,"_monsterinsights_sitenote_note":"","_monsterinsights_sitenote_category":0,"footnotes":""},"categories":[8],"tags":[3657,605,272,3659,1770,3660,3661,3658,273],"class_list":["post-2031","post","type-post","status-publish","format-standard","has-post-thumbnail","hentry","category-elektriniai-automobiliai","tag-augala","tag-hyundai","tag-ka","tag-ledas","tag-naujaji","tag-simtai","tag-suimta","tag-surenge","tag-tik"],"aioseo_notices":[],"yoast_head":"<!-- This site is optimized with the Yoast SEO plugin v26.8 - https:\/\/yoast.com\/product\/yoast-seo-wordpress\/ -->\n<title>Nauj\u0105j\u012f \u201eHyundai\u201c EV augal\u0105 k\u0105 tik sureng\u0117 ledas, \u201e\u0161imtai\u201c suimta - Eautomobiliai.lt<\/title>\n<meta name=\"robots\" content=\"index, follow, max-snippet:-1, max-image-preview:large, max-video-preview:-1\" \/>\n<link rel=\"canonical\" href=\"https:\/\/eautomobiliai.lt\/index.php\/2025\/09\/05\/naujaji-hyundai-ev-augala-ka-tik-surenge-ledas-simtai-suimta\/\" \/>\n<meta property=\"og:locale\" content=\"lt_LT\" \/>\n<meta property=\"og:type\" content=\"article\" \/>\n<meta property=\"og:title\" content=\"Nauj\u0105j\u012f \u201eHyundai\u201c EV augal\u0105 k\u0105 tik sureng\u0117 ledas, \u201e\u0161imtai\u201c suimta - Eautomobiliai.lt\" \/>\n<meta property=\"og:description\" content=\"Masyvi\u0105 nauj\u0105 \u201eHyundai EV\u201c gamykl\u0105, esan\u010di\u0105 u\u017e Savanos, D\u017eord\u017eijos valstijoje, ketvirtadien\u012f. Federaliniai agentai u\u017e\u0117m\u0117 \u0161imtus \u017emoni\u0173 \u012f are\u0161tin\u0119 viet\u0105, \u012fskaitant&hellip;\" \/>\n<meta property=\"og:url\" content=\"https:\/\/eautomobiliai.lt\/index.php\/2025\/09\/05\/naujaji-hyundai-ev-augala-ka-tik-surenge-ledas-simtai-suimta\/\" \/>\n<meta property=\"og:site_name\" content=\"Eautomobiliai.lt\" \/>\n<meta property=\"article:published_time\" content=\"2025-09-05T17:27:43+00:00\" \/>\n<meta property=\"og:image\" content=\"https:\/\/eautomobiliai.lt\/wp-content\/uploads\/2025\/09\/Naujaji-\u201eHyundai-EV-augala-ka-tik-surenge-ledas-\u201esimtai-suimta.jpeg\" \/>\n\t<meta property=\"og:image:width\" content=\"1200\" \/>\n\t<meta property=\"og:image:height\" content=\"628\" \/>\n\t<meta property=\"og:image:type\" content=\"image\/jpeg\" \/>\n<meta name=\"author\" content=\"admin\" \/>\n<meta name=\"twitter:card\" content=\"summary_large_image\" \/>\n<meta name=\"twitter:label1\" content=\"Written by\" \/>\n\t<meta name=\"twitter:data1\" content=\"admin\" \/>\n\t<meta name=\"twitter:label2\" content=\"Est. reading time\" \/>\n\t<meta name=\"twitter:data2\" content=\"2 minut\u0117s\" \/>\n<script type=\"application\/ld+json\" class=\"yoast-schema-graph\">{\"@context\":\"https:\/\/schema.org\",\"@graph\":[{\"@type\":\"Article\",\"@id\":\"https:\/\/eautomobiliai.lt\/index.php\/2025\/09\/05\/naujaji-hyundai-ev-augala-ka-tik-surenge-ledas-simtai-suimta\/#article\",\"isPartOf\":{\"@id\":\"https:\/\/eautomobiliai.lt\/index.php\/2025\/09\/05\/naujaji-hyundai-ev-augala-ka-tik-surenge-ledas-simtai-suimta\/\"},\"author\":{\"name\":\"admin\",\"@id\":\"https:\/\/eautomobiliai.lt\/#\/schema\/person\/ecf2a967f361217d056061f74deb92f2\"},\"headline\":\"Nauj\u0105j\u012f \u201eHyundai\u201c EV augal\u0105 k\u0105 tik sureng\u0117 ledas, \u201e\u0161imtai\u201c suimta\",\"datePublished\":\"2025-09-05T17:27:43+00:00\",\"mainEntityOfPage\":{\"@id\":\"https:\/\/eautomobiliai.lt\/index.php\/2025\/09\/05\/naujaji-hyundai-ev-augala-ka-tik-surenge-ledas-simtai-suimta\/\"},\"wordCount\":410,\"commentCount\":0,\"image\":{\"@id\":\"https:\/\/eautomobiliai.lt\/index.php\/2025\/09\/05\/naujaji-hyundai-ev-augala-ka-tik-surenge-ledas-simtai-suimta\/#primaryimage\"},\"thumbnailUrl\":\"http:\/\/eautomobiliai.lt\/wp-content\/uploads\/2025\/09\/Naujaji-\u201eHyundai-EV-augala-ka-tik-surenge-ledas-\u201esimtai-suimta.jpeg\",\"keywords\":[\"augal\u0105\",\"Hyundai\",\"k\u0105\",\"ledas\",\"nauj\u0105j\u012f\",\"\u0161imtai\",\"suimta\",\"sureng\u0117\",\"tik\"],\"articleSection\":[\"ELEKTRINIAI AUTOMOBILIAI\"],\"inLanguage\":\"lt-LT\",\"potentialAction\":[{\"@type\":\"CommentAction\",\"name\":\"Comment\",\"target\":[\"https:\/\/eautomobiliai.lt\/index.php\/2025\/09\/05\/naujaji-hyundai-ev-augala-ka-tik-surenge-ledas-simtai-suimta\/#respond\"]}]},{\"@type\":\"WebPage\",\"@id\":\"https:\/\/eautomobiliai.lt\/index.php\/2025\/09\/05\/naujaji-hyundai-ev-augala-ka-tik-surenge-ledas-simtai-suimta\/\",\"url\":\"https:\/\/eautomobiliai.lt\/index.php\/2025\/09\/05\/naujaji-hyundai-ev-augala-ka-tik-surenge-ledas-simtai-suimta\/\",\"name\":\"Nauj\u0105j\u012f \u201eHyundai\u201c EV augal\u0105 k\u0105 tik sureng\u0117 ledas, \u201e\u0161imtai\u201c suimta - Eautomobiliai.lt\",\"isPartOf\":{\"@id\":\"https:\/\/eautomobiliai.lt\/#website\"},\"primaryImageOfPage\":{\"@id\":\"https:\/\/eautomobiliai.lt\/index.php\/2025\/09\/05\/naujaji-hyundai-ev-augala-ka-tik-surenge-ledas-simtai-suimta\/#primaryimage\"},\"image\":{\"@id\":\"https:\/\/eautomobiliai.lt\/index.php\/2025\/09\/05\/naujaji-hyundai-ev-augala-ka-tik-surenge-ledas-simtai-suimta\/#primaryimage\"},\"thumbnailUrl\":\"http:\/\/eautomobiliai.lt\/wp-content\/uploads\/2025\/09\/Naujaji-\u201eHyundai-EV-augala-ka-tik-surenge-ledas-\u201esimtai-suimta.jpeg\",\"datePublished\":\"2025-09-05T17:27:43+00:00\",\"author\":{\"@id\":\"https:\/\/eautomobiliai.lt\/#\/schema\/person\/ecf2a967f361217d056061f74deb92f2\"},\"breadcrumb\":{\"@id\":\"https:\/\/eautomobiliai.lt\/index.php\/2025\/09\/05\/naujaji-hyundai-ev-augala-ka-tik-surenge-ledas-simtai-suimta\/#breadcrumb\"},\"inLanguage\":\"lt-LT\",\"potentialAction\":[{\"@type\":\"ReadAction\",\"target\":[\"https:\/\/eautomobiliai.lt\/index.php\/2025\/09\/05\/naujaji-hyundai-ev-augala-ka-tik-surenge-ledas-simtai-suimta\/\"]}]},{\"@type\":\"ImageObject\",\"inLanguage\":\"lt-LT\",\"@id\":\"https:\/\/eautomobiliai.lt\/index.php\/2025\/09\/05\/naujaji-hyundai-ev-augala-ka-tik-surenge-ledas-simtai-suimta\/#primaryimage\",\"url\":\"http:\/\/eautomobiliai.lt\/wp-content\/uploads\/2025\/09\/Naujaji-\u201eHyundai-EV-augala-ka-tik-surenge-ledas-\u201esimtai-suimta.jpeg\",\"contentUrl\":\"http:\/\/eautomobiliai.lt\/wp-content\/uploads\/2025\/09\/Naujaji-\u201eHyundai-EV-augala-ka-tik-surenge-ledas-\u201esimtai-suimta.jpeg\",\"width\":1200,\"height\":628},{\"@type\":\"BreadcrumbList\",\"@id\":\"https:\/\/eautomobiliai.lt\/index.php\/2025\/09\/05\/naujaji-hyundai-ev-augala-ka-tik-surenge-ledas-simtai-suimta\/#breadcrumb\",\"itemListElement\":[{\"@type\":\"ListItem\",\"position\":1,\"name\":\"Home\",\"item\":\"https:\/\/eautomobiliai.lt\/\"},{\"@type\":\"ListItem\",\"position\":2,\"name\":\"Nauj\u0105j\u012f \u201eHyundai\u201c EV augal\u0105 k\u0105 tik sureng\u0117 ledas, \u201e\u0161imtai\u201c suimta\"}]},{\"@type\":\"WebSite\",\"@id\":\"https:\/\/eautomobiliai.lt\/#website\",\"url\":\"https:\/\/eautomobiliai.lt\/\",\"name\":\"Eautomobiliai.lt\",\"description\":\"Elektrinis transportas, technologijos\",\"potentialAction\":[{\"@type\":\"SearchAction\",\"target\":{\"@type\":\"EntryPoint\",\"urlTemplate\":\"https:\/\/eautomobiliai.lt\/?s={search_term_string}\"},\"query-input\":{\"@type\":\"PropertyValueSpecification\",\"valueRequired\":true,\"valueName\":\"search_term_string\"}}],\"inLanguage\":\"lt-LT\"},{\"@type\":\"Person\",\"@id\":\"https:\/\/eautomobiliai.lt\/#\/schema\/person\/ecf2a967f361217d056061f74deb92f2\",\"name\":\"admin\",\"image\":{\"@type\":\"ImageObject\",\"inLanguage\":\"lt-LT\",\"@id\":\"https:\/\/eautomobiliai.lt\/#\/schema\/person\/image\/\",\"url\":\"https:\/\/secure.gravatar.com\/avatar\/6323379efae0c70c686c7905444d6bbd?s=96&d=mm&r=g\",\"contentUrl\":\"https:\/\/secure.gravatar.com\/avatar\/6323379efae0c70c686c7905444d6bbd?s=96&d=mm&r=g\",\"caption\":\"admin\"},\"sameAs\":[\"http:\/\/eautomobiliai.lt\"],\"url\":\"http:\/\/eautomobiliai.lt\/index.php\/author\/admin\/\"}]}<\/script>\n<!-- \/ Yoast SEO plugin. -->","yoast_head_json":{"title":"Nauj\u0105j\u012f \u201eHyundai\u201c EV augal\u0105 k\u0105 tik sureng\u0117 ledas, \u201e\u0161imtai\u201c suimta - Eautomobiliai.lt","robots":{"index":"index","follow":"follow","max-snippet":"max-snippet:-1","max-image-preview":"max-image-preview:large","max-video-preview":"max-video-preview:-1"},"canonical":"https:\/\/eautomobiliai.lt\/index.php\/2025\/09\/05\/naujaji-hyundai-ev-augala-ka-tik-surenge-ledas-simtai-suimta\/","og_locale":"lt_LT","og_type":"article","og_title":"Nauj\u0105j\u012f \u201eHyundai\u201c EV augal\u0105 k\u0105 tik sureng\u0117 ledas, \u201e\u0161imtai\u201c suimta - Eautomobiliai.lt","og_description":"Masyvi\u0105 nauj\u0105 \u201eHyundai EV\u201c gamykl\u0105, esan\u010di\u0105 u\u017e Savanos, D\u017eord\u017eijos valstijoje, ketvirtadien\u012f. Federaliniai agentai u\u017e\u0117m\u0117 \u0161imtus \u017emoni\u0173 \u012f are\u0161tin\u0119 viet\u0105, \u012fskaitant&hellip;","og_url":"https:\/\/eautomobiliai.lt\/index.php\/2025\/09\/05\/naujaji-hyundai-ev-augala-ka-tik-surenge-ledas-simtai-suimta\/","og_site_name":"Eautomobiliai.lt","article_published_time":"2025-09-05T17:27:43+00:00","og_image":[{"width":1200,"height":628,"url":"https:\/\/eautomobiliai.lt\/wp-content\/uploads\/2025\/09\/Naujaji-\u201eHyundai-EV-augala-ka-tik-surenge-ledas-\u201esimtai-suimta.jpeg","type":"image\/jpeg"}],"author":"admin","twitter_card":"summary_large_image","twitter_misc":{"Written by":"admin","Est. reading time":"2 minut\u0117s"},"schema":{"@context":"https:\/\/schema.org","@graph":[{"@type":"Article","@id":"https:\/\/eautomobiliai.lt\/index.php\/2025\/09\/05\/naujaji-hyundai-ev-augala-ka-tik-surenge-ledas-simtai-suimta\/#article","isPartOf":{"@id":"https:\/\/eautomobiliai.lt\/index.php\/2025\/09\/05\/naujaji-hyundai-ev-augala-ka-tik-surenge-ledas-simtai-suimta\/"},"author":{"name":"admin","@id":"https:\/\/eautomobiliai.lt\/#\/schema\/person\/ecf2a967f361217d056061f74deb92f2"},"headline":"Nauj\u0105j\u012f \u201eHyundai\u201c EV augal\u0105 k\u0105 tik sureng\u0117 ledas, \u201e\u0161imtai\u201c suimta","datePublished":"2025-09-05T17:27:43+00:00","mainEntityOfPage":{"@id":"https:\/\/eautomobiliai.lt\/index.php\/2025\/09\/05\/naujaji-hyundai-ev-augala-ka-tik-surenge-ledas-simtai-suimta\/"},"wordCount":410,"commentCount":0,"image":{"@id":"https:\/\/eautomobiliai.lt\/index.php\/2025\/09\/05\/naujaji-hyundai-ev-augala-ka-tik-surenge-ledas-simtai-suimta\/#primaryimage"},"thumbnailUrl":"http:\/\/eautomobiliai.lt\/wp-content\/uploads\/2025\/09\/Naujaji-\u201eHyundai-EV-augala-ka-tik-surenge-ledas-\u201esimtai-suimta.jpeg","keywords":["augal\u0105","Hyundai","k\u0105","ledas","nauj\u0105j\u012f","\u0161imtai","suimta","sureng\u0117","tik"],"articleSection":["ELEKTRINIAI AUTOMOBILIAI"],"inLanguage":"lt-LT","potentialAction":[{"@type":"CommentAction","name":"Comment","target":["https:\/\/eautomobiliai.lt\/index.php\/2025\/09\/05\/naujaji-hyundai-ev-augala-ka-tik-surenge-ledas-simtai-suimta\/#respond"]}]},{"@type":"WebPage","@id":"https:\/\/eautomobiliai.lt\/index.php\/2025\/09\/05\/naujaji-hyundai-ev-augala-ka-tik-surenge-ledas-simtai-suimta\/","url":"https:\/\/eautomobiliai.lt\/index.php\/2025\/09\/05\/naujaji-hyundai-ev-augala-ka-tik-surenge-ledas-simtai-suimta\/","name":"Nauj\u0105j\u012f \u201eHyundai\u201c EV augal\u0105 k\u0105 tik sureng\u0117 ledas, \u201e\u0161imtai\u201c suimta - Eautomobiliai.lt","isPartOf":{"@id":"https:\/\/eautomobiliai.lt\/#website"},"primaryImageOfPage":{"@id":"https:\/\/eautomobiliai.lt\/index.php\/2025\/09\/05\/naujaji-hyundai-ev-augala-ka-tik-surenge-ledas-simtai-suimta\/#primaryimage"},"image":{"@id":"https:\/\/eautomobiliai.lt\/index.php\/2025\/09\/05\/naujaji-hyundai-ev-augala-ka-tik-surenge-ledas-simtai-suimta\/#primaryimage"},"thumbnailUrl":"http:\/\/eautomobiliai.lt\/wp-content\/uploads\/2025\/09\/Naujaji-\u201eHyundai-EV-augala-ka-tik-surenge-ledas-\u201esimtai-suimta.jpeg","datePublished":"2025-09-05T17:27:43+00:00","author":{"@id":"https:\/\/eautomobiliai.lt\/#\/schema\/person\/ecf2a967f361217d056061f74deb92f2"},"breadcrumb":{"@id":"https:\/\/eautomobiliai.lt\/index.php\/2025\/09\/05\/naujaji-hyundai-ev-augala-ka-tik-surenge-ledas-simtai-suimta\/#breadcrumb"},"inLanguage":"lt-LT","potentialAction":[{"@type":"ReadAction","target":["https:\/\/eautomobiliai.lt\/index.php\/2025\/09\/05\/naujaji-hyundai-ev-augala-ka-tik-surenge-ledas-simtai-suimta\/"]}]},{"@type":"ImageObject","inLanguage":"lt-LT","@id":"https:\/\/eautomobiliai.lt\/index.php\/2025\/09\/05\/naujaji-hyundai-ev-augala-ka-tik-surenge-ledas-simtai-suimta\/#primaryimage","url":"http:\/\/eautomobiliai.lt\/wp-content\/uploads\/2025\/09\/Naujaji-\u201eHyundai-EV-augala-ka-tik-surenge-ledas-\u201esimtai-suimta.jpeg","contentUrl":"http:\/\/eautomobiliai.lt\/wp-content\/uploads\/2025\/09\/Naujaji-\u201eHyundai-EV-augala-ka-tik-surenge-ledas-\u201esimtai-suimta.jpeg","width":1200,"height":628},{"@type":"BreadcrumbList","@id":"https:\/\/eautomobiliai.lt\/index.php\/2025\/09\/05\/naujaji-hyundai-ev-augala-ka-tik-surenge-ledas-simtai-suimta\/#breadcrumb","itemListElement":[{"@type":"ListItem","position":1,"name":"Home","item":"https:\/\/eautomobiliai.lt\/"},{"@type":"ListItem","position":2,"name":"Nauj\u0105j\u012f \u201eHyundai\u201c EV augal\u0105 k\u0105 tik sureng\u0117 ledas, \u201e\u0161imtai\u201c suimta"}]},{"@type":"WebSite","@id":"https:\/\/eautomobiliai.lt\/#website","url":"https:\/\/eautomobiliai.lt\/","name":"Eautomobiliai.lt","description":"Elektrinis transportas, technologijos","potentialAction":[{"@type":"SearchAction","target":{"@type":"EntryPoint","urlTemplate":"https:\/\/eautomobiliai.lt\/?s={search_term_string}"},"query-input":{"@type":"PropertyValueSpecification","valueRequired":true,"valueName":"search_term_string"}}],"inLanguage":"lt-LT"},{"@type":"Person","@id":"https:\/\/eautomobiliai.lt\/#\/schema\/person\/ecf2a967f361217d056061f74deb92f2","name":"admin","image":{"@type":"ImageObject","inLanguage":"lt-LT","@id":"https:\/\/eautomobiliai.lt\/#\/schema\/person\/image\/","url":"https:\/\/secure.gravatar.com\/avatar\/6323379efae0c70c686c7905444d6bbd?s=96&d=mm&r=g","contentUrl":"https:\/\/secure.gravatar.com\/avatar\/6323379efae0c70c686c7905444d6bbd?s=96&d=mm&r=g","caption":"admin"},"sameAs":["http:\/\/eautomobiliai.lt"],"url":"http:\/\/eautomobiliai.lt\/index.php\/author\/admin\/"}]}},"_links":{"self":[{"href":"http:\/\/eautomobiliai.lt\/index.php\/wp-json\/wp\/v2\/posts\/2031","targetHints":{"allow":["GET"]}}],"collection":[{"href":"http:\/\/eautomobiliai.lt\/index.php\/wp-json\/wp\/v2\/posts"}],"about":[{"href":"http:\/\/eautomobiliai.lt\/index.php\/wp-json\/wp\/v2\/types\/post"}],"author":[{"embeddable":true,"href":"http:\/\/eautomobiliai.lt\/index.php\/wp-json\/wp\/v2\/users\/1"}],"replies":[{"embeddable":true,"href":"http:\/\/eautomobiliai.lt\/index.php\/wp-json\/wp\/v2\/comments?post=2031"}],"version-history":[{"count":0,"href":"http:\/\/eautomobiliai.lt\/index.php\/wp-json\/wp\/v2\/posts\/2031\/revisions"}],"wp:featuredmedia":[{"embeddable":true,"href":"http:\/\/eautomobiliai.lt\/index.php\/wp-json\/wp\/v2\/media\/2032"}],"wp:attachment":[{"href":"http:\/\/eautomobiliai.lt\/index.php\/wp-json\/wp\/v2\/media?parent=2031"}],"wp:term":[{"taxonomy":"category","embeddable":true,"href":"http:\/\/eautomobiliai.lt\/index.php\/wp-json\/wp\/v2\/categories?post=2031"},{"taxonomy":"post_tag","embeddable":true,"href":"http:\/\/eautomobiliai.lt\/index.php\/wp-json\/wp\/v2\/tags?post=2031"}],"curies":[{"name":"wp","href":"https:\/\/api.w.org\/{rel}","templated":true}]}}