{"id":2034,"date":"2025-09-06T01:28:16","date_gmt":"2025-09-06T01:28:16","guid":{"rendered":"http:\/\/eautomobiliai.lt\/index.php\/2025\/09\/06\/tesla-keicia-visisko-savarankisko-vairavimo-prasme-atsisako-pazadeti-autonomijos\/"},"modified":"2025-09-06T01:28:16","modified_gmt":"2025-09-06T01:28:16","slug":"tesla-keicia-visisko-savarankisko-vairavimo-prasme-atsisako-pazadeti-autonomijos","status":"publish","type":"post","link":"http:\/\/eautomobiliai.lt\/index.php\/2025\/09\/06\/tesla-keicia-visisko-savarankisko-vairavimo-prasme-atsisako-pazadeti-autonomijos\/","title":{"rendered":"\u201eTesla\u201c kei\u010dia \u201evisi\u0161ko savaranki\u0161ko vairavimo\u201c prasm\u0119, atsisako pa\u017ead\u0117ti autonomijos"},"content":{"rendered":"<p> <br \/>\n<\/p>\n<div>\n<figure class=\"img-border featured-image\">\n\t<\/figure>\n<p>\u201eTesla\u201c pakeit\u0117 \u201evisi\u0161ko savaranki\u0161ko vairavimo\u201c, dar \u017einomo kaip \u201eFSD\u201c, prasm\u0119 atsisakyti pirminio pa\u017eado suteikti nepri\u017ei\u016brim\u0105 autonomij\u0105.<\/p>\n<p><span id=\"more-432992\"\/><\/p>\n<p>Nuo 2016 m. \u201eTesla\u201c teig\u0117, kad visos jos gamybos transporto priemon\u0117s gal\u0117s pasiekti nepri\u017ei\u016brim\u0173 savaranki\u0161ko vairavimo galimybi\u0173.<\/p>\n<p>Generalinis direktorius Elonas Muskas teig\u0117, kad tai \u012fvyks kiekvien\u0173 met\u0173 pabaigoje nuo 2018 m.<\/p>\n<p>\u201eTesla\u201c netgi pardav\u0117 programin\u0117s \u012frangos paket\u0105, \u017einom\u0105 kaip \u201eVisas savaranki\u0161ko vairavimo galimybes\u201c (FSD), u\u017e klientams iki 15 000 USD, pa\u017ead\u0117dama, kad pa\u017eangi vairuotojo ir pagalbin\u0117s sistemos sistema taps visi\u0161kai autonomi\u0161ka per programin\u0117s \u012frangos atnaujinimus.<\/p>\n<p>\t<span class=\"outbrain-ad-label\">Skelbimas &#8211; slinkite daugiau turinio<\/span><\/p>\n<p>Pra\u0117jus beveik de\u0161imtme\u010diui, pa\u017eadas dar n\u0117ra \u012fvykdytas, o \u201eTesla\u201c jau patvirtino, kad visos 2016\u20132023 m. Gamintos transporto priemon\u0117s neturi tinkamos aparatin\u0117s \u012frangos, kad gal\u0117t\u0173 pristatyti nepri\u017ei\u016brimus savaranki\u0161kus vairavimus, kaip buvo \u017ead\u0117ta.<\/p>\n<p>Muskas aptar\u0117 \u0161i\u0173 transporto priemoni\u0173 kompiuteri\u0173 atnaujinim\u0105, kad nuramint\u0173 savininkus, ta\u010diau n\u0117ra jokio konkretaus plano j\u012f \u012fgyvendinti.<\/p>\n<p>Nors n\u0117ra abejon\u0117s, kad \u201eTesla\u201c pa\u017ead\u0117jo nepri\u017ei\u016brim\u0173 savaranki\u0161ko vairavimo galimybi\u0173 FSD pirk\u0117jams nuo 2016 iki 2023 m., Automobili\u0173 gamintojas nuo to laiko atnaujino savo kalb\u0105 ir dabar parduoda tik \u201epiln\u0105 savaranki\u0161k\u0105 vairavim\u0105 (pri\u017ei\u016brim\u0105)\u201c klientams:<\/p>\n<figure class=\"wp-block-image alignwide size-full\"><img loading=\"lazy\" decoding=\"async\" width=\"630\" height=\"694\" src=\"https:\/\/electrek.co\/wp-content\/uploads\/sites\/3\/2025\/09\/Screenshot-2025-09-05-at-2.07.54-PM.png\" alt=\"\" class=\"wp-image-432997\" srcset=\"https:\/\/electrek.co\/wp-content\/uploads\/sites\/3\/2025\/09\/Screenshot-2025-09-05-at-2.07.54-PM.png 630w, https:\/\/electrek.co\/wp-content\/uploads\/sites\/3\/2025\/09\/Screenshot-2025-09-05-at-2.07.54-PM.png?resize=136,150 136w, https:\/\/electrek.co\/wp-content\/uploads\/sites\/3\/2025\/09\/Screenshot-2025-09-05-at-2.07.54-PM.png?resize=272,300 272w, https:\/\/electrek.co\/wp-content\/uploads\/sites\/3\/2025\/09\/Screenshot-2025-09-05-at-2.07.54-PM.png?resize=318,350 318w, https:\/\/electrek.co\/wp-content\/uploads\/sites\/3\/2025\/09\/Screenshot-2025-09-05-at-2.07.54-PM.png?resize=140,154 140w, https:\/\/electrek.co\/wp-content\/uploads\/sites\/3\/2025\/09\/Screenshot-2025-09-05-at-2.07.54-PM.png?resize=150,165 150w\" sizes=\"auto, (max-width: 630px) 100vw, 630px\"\/><\/figure>\n<p>Puikus atspaudas mini, kad jis nepadaro transporto priemon\u0117s \u201esavaranki\u0161kos\u201c ir nepa\u017eeid\u017eia jos kaip funkcijos. <\/p>\n<p>Kitaip tariant, \u017emon\u0117s, perkantys FSD \u0161iandien, i\u0161 tikr\u0173j\u0173 neperka nepri\u017ei\u016brimo savaranki\u0161ko vairavimo galimybi\u0173, kaip tai padar\u0117 ankstesni pirk\u0117jai.<\/p>\n<p>Be to, \u201eTesla\u201c valdyba k\u0105 tik pateik\u0117 nauj\u0105<span style=\"margin-right: 0px; margin-bottom: 0px; margin-left: 0px; padding: 0px;\">precedento neturintis generalinio direktoriaus kompensacij\u0173 paketas akcinink\u0173 patvirtinimui, kuris gali suteikti Muskui iki 1 trilijono USD akcij\u0173 pasirinkimo sandori\u0173.<\/span> tam tikr\u0173 etap\u0173 pasiekimas.<\/p>\n<p>Vienas i\u0161 \u0161i\u0173 etap\u0173 yra \u201eTesla\u201c, turinti \u201e10 milijon\u0173 aktyvi\u0173 FSD prenumerat\u0173\u201c.<\/p>\n<p>I\u0161 pirmo \u017evilgsnio FSD pirk\u0117jams tai b\u016bt\u0173 tikimasi, nes dalis Musko kompensacijos priklausyt\u0173 nuo to, ar bus teikiama FSD pa\u017eadai.<\/p>\n<p>Ta\u010diau \u201eTesla\u201c pakeit\u0117 FSD apibr\u0117\u017eim\u0105 kompensacij\u0173 pakete su ypa\u010d neai\u0161kiu \u201c<\/p>\n<blockquote class=\"wp-block-quote is-layout-flow wp-block-quote-is-layout-flow\">\n<p>\u201eFSD\u201c &#8211; pa\u017eangi vairavimo sistema, neatsi\u017evelgiant \u012f naudojam\u0105 rinkodaros pavadinim\u0105, galint\u012f atlikti transportavimo u\u017eduotis, kurios teikia autonomines ar pana\u0161ias funkcijas nurodytomis vairavimo s\u0105lygomis.<\/p>\n<\/blockquote>\n<p>\u201eTesla\u201c dabar laiko FSD tik \u201epa\u017eangi\u0105 vairavimo sistem\u0105\u201c, kuri tur\u0117t\u0173 b\u016bti \u201epaj\u0117gi atlikti transportavimo u\u017eduotis, kurios \u012frodo savaranki\u0161k\u0105 ar pana\u0161i\u0105 funkcionalum\u0105\u201c.<\/p>\n<p>Dabartin\u0117 FSD versija, kuriai reikalingas nuolatinis vairuotojo pri\u017ei\u016brimas, gal\u0117t\u0173 lengvai pritaikyti t\u0105 apra\u0161\u0105.<\/p>\n<p>Tod\u0117l FSD dabar neatsi\u017evelgia \u012f \u201eTesla\u201c savinink\u0173 pa\u017ead\u0105, kad gal\u0117s miegoti savo transporto priemon\u0117se ir pabusti savo kelion\u0117s tiksle &#8211; pa\u017eadas, kur\u012f Muskas daugel\u012f met\u0173 pardavin\u0117jo \u201eTesla\u201c transporto priemones.<\/p>\n<h2 class=\"wp-block-heading\" id=\"h-electrek-s-take\">\u201eElectrek&#8217;s Take\u201c<\/h2>\n<p>Tai, kaip \u201eTesla\u201c aptaria autonomij\u0105 su klientais ir investuotojais, palyginti su tuo, kaip ji pateikia j\u0105 savo teismo dokumentuose ir teisi\u0161kai \u012fpareigojan\u010diuose dokumentuose yra labai skirtingi.<\/p>\n<p>Tai tur\u0117t\u0173 jaudintis visiems, kurie tuo domisi.<\/p>\n<p>Tur\u0117dama \u0161\u012f labai neai\u0161k\u0173 naujojo generalinio direktoriaus kompensavimo paketo apra\u0161ym\u0105, \u201eTesla\u201c tiesiogine prasme gal\u0117t\u0173 pa\u017eod\u017eiui suma\u017einti FSD kain\u0105 ir net pa\u0161alinti bazin\u012f autopilot\u0105, kad klientai nukreipt\u0173 \u012f FSD ir suteikt\u0173 muskustui \u0161imtus milijard\u0173 doleri\u0173 akcij\u0173.<\/p>\n<p>Yra precedentas, kad \u201eTesla\u201c ma\u017eina FSD kain\u0105. I\u0161 prad\u017ei\u0173 Muskas teig\u0117, kad \u201eTesla\u201c pama\u017eu padidins FSD paketo kain\u0105, nes funkcijos pager\u0117jo ir art\u0117jo prie nepri\u017ei\u016brimo autonomijos.<\/p>\n<p>Tai buvo tiesa kur\u012f laik\u0105, bet tada \u201eTesla\u201c prad\u0117jo ma\u017einti FSD kainas, kurios dabar suma\u017e\u0117jo 7000 USD nuo j\u0173 auk\u0161to 2023 m.:<\/p>\n<figure class=\"wp-block-image alignwide size-large\"><img loading=\"lazy\" decoding=\"async\" height=\"577\" width=\"1024\" src=\"https:\/\/electrek.co\/wp-content\/uploads\/sites\/3\/2025\/09\/Screenshot-2025-09-05-at-2.33.55-PM.png?w=1024\" alt=\"\" class=\"wp-image-432996\" srcset=\"https:\/\/electrek.co\/wp-content\/uploads\/sites\/3\/2025\/09\/Screenshot-2025-09-05-at-2.33.55-PM.png 1818w, https:\/\/electrek.co\/wp-content\/uploads\/sites\/3\/2025\/09\/Screenshot-2025-09-05-at-2.33.55-PM.png?resize=150,84 150w, https:\/\/electrek.co\/wp-content\/uploads\/sites\/3\/2025\/09\/Screenshot-2025-09-05-at-2.33.55-PM.png?resize=300,169 300w, https:\/\/electrek.co\/wp-content\/uploads\/sites\/3\/2025\/09\/Screenshot-2025-09-05-at-2.33.55-PM.png?resize=768,433 768w, https:\/\/electrek.co\/wp-content\/uploads\/sites\/3\/2025\/09\/Screenshot-2025-09-05-at-2.33.55-PM.png?resize=1024,577 1024w, https:\/\/electrek.co\/wp-content\/uploads\/sites\/3\/2025\/09\/Screenshot-2025-09-05-at-2.33.55-PM.png?resize=1536,865 1536w, https:\/\/electrek.co\/wp-content\/uploads\/sites\/3\/2025\/09\/Screenshot-2025-09-05-at-2.33.55-PM.png?resize=350,197 350w, https:\/\/electrek.co\/wp-content\/uploads\/sites\/3\/2025\/09\/Screenshot-2025-09-05-at-2.33.55-PM.png?resize=140,79 140w, https:\/\/electrek.co\/wp-content\/uploads\/sites\/3\/2025\/09\/Screenshot-2025-09-05-at-2.33.55-PM.png?resize=1600,901 1600w\" sizes=\"auto, (max-width: 1024px) 100vw, 1024px\"\/><\/figure>\n<p>\u0160i tendencija yra gana akivaizdi ir atsitiktinai prasid\u0117jo, kai \u201eTesla\u201c pardavimai prad\u0117jo ma\u017e\u0117ti.<\/p>\n<p>FSD dabar yra paprasta ADAS sistema, be pa\u017ead\u0173 nepri\u017ei\u016brimu savaranki\u0161ko vairavimo. Tai gali s\u0105\u017einingai b\u016bti vienas did\u017eiausi\u0173 vis\u0173 laik\u0173 melagingos reklamos ar masalo ir per\u0117jimo atvej\u0173.<\/p>\n<div class=\"ad-disclaimer-container\">\n<p class=\"disclaimer-affiliate\"><em>FPK: Mes naudojame pajamas gaunan\u010dias automatinio filialo nuorodas.<\/em> Daugiau.<\/p>\n<p><!-- post ad --><\/div>\n<\/p><\/div>\n<p><br \/>\n<br \/><a href=\"https:\/\/electrek.co\/2025\/09\/05\/tesla-changes-meaning-full-self-driving-give-up-promise-autonomy\/\">Source link <\/a><\/p>\n","protected":false},"excerpt":{"rendered":"<p>\u201eTesla\u201c pakeit\u0117 \u201evisi\u0161ko savaranki\u0161ko vairavimo\u201c, dar \u017einomo kaip \u201eFSD\u201c, prasm\u0119 atsisakyti pirminio pa\u017eado suteikti nepri\u017ei\u016brim\u0105 autonomij\u0105. Nuo 2016 m. \u201eTesla\u201c&hellip;<\/p>\n","protected":false},"author":1,"featured_media":2035,"comment_status":"open","ping_status":"open","sticky":false,"template":"","format":"standard","meta":{"om_disable_all_campaigns":false,"_monsterinsights_skip_tracking":false,"_monsterinsights_sitenote_active":false,"_monsterinsights_sitenote_note":"","_monsterinsights_sitenote_category":0,"footnotes":""},"categories":[8],"tags":[3663,1169,1620,3664,3662,1980,14,279,2553],"class_list":["post-2034","post","type-post","status-publish","format-standard","has-post-thumbnail","hentry","category-elektriniai-automobiliai","tag-atsisako","tag-autonomijos","tag-keicia","tag-pazadeti","tag-prasme","tag-savarankisko","tag-tesla","tag-vairavimo","tag-visisko"],"aioseo_notices":[],"yoast_head":"<!-- This site is optimized with the Yoast SEO plugin v26.8 - https:\/\/yoast.com\/product\/yoast-seo-wordpress\/ -->\n<title>\u201eTesla\u201c kei\u010dia \u201evisi\u0161ko savaranki\u0161ko vairavimo\u201c prasm\u0119, atsisako pa\u017ead\u0117ti autonomijos - Eautomobiliai.lt<\/title>\n<meta name=\"robots\" content=\"index, follow, max-snippet:-1, max-image-preview:large, max-video-preview:-1\" \/>\n<link rel=\"canonical\" href=\"https:\/\/eautomobiliai.lt\/index.php\/2025\/09\/06\/tesla-keicia-visisko-savarankisko-vairavimo-prasme-atsisako-pazadeti-autonomijos\/\" \/>\n<meta property=\"og:locale\" content=\"lt_LT\" \/>\n<meta property=\"og:type\" content=\"article\" \/>\n<meta property=\"og:title\" content=\"\u201eTesla\u201c kei\u010dia \u201evisi\u0161ko savaranki\u0161ko vairavimo\u201c prasm\u0119, atsisako pa\u017ead\u0117ti autonomijos - Eautomobiliai.lt\" \/>\n<meta property=\"og:description\" content=\"\u201eTesla\u201c pakeit\u0117 \u201evisi\u0161ko savaranki\u0161ko vairavimo\u201c, dar \u017einomo kaip \u201eFSD\u201c, prasm\u0119 atsisakyti pirminio pa\u017eado suteikti nepri\u017ei\u016brim\u0105 autonomij\u0105. Nuo 2016 m. \u201eTesla\u201c&hellip;\" \/>\n<meta property=\"og:url\" content=\"https:\/\/eautomobiliai.lt\/index.php\/2025\/09\/06\/tesla-keicia-visisko-savarankisko-vairavimo-prasme-atsisako-pazadeti-autonomijos\/\" \/>\n<meta property=\"og:site_name\" content=\"Eautomobiliai.lt\" \/>\n<meta property=\"article:published_time\" content=\"2025-09-06T01:28:16+00:00\" \/>\n<meta property=\"og:image\" content=\"https:\/\/eautomobiliai.lt\/wp-content\/uploads\/2025\/09\/\u201eTesla-keicia-\u201evisisko-savarankisko-vairavimo-prasme-atsisako-pazadeti-autonomijos.png\" \/>\n\t<meta property=\"og:image:width\" content=\"1598\" \/>\n\t<meta property=\"og:image:height\" content=\"874\" \/>\n\t<meta property=\"og:image:type\" content=\"image\/png\" \/>\n<meta name=\"author\" content=\"admin\" \/>\n<meta name=\"twitter:card\" content=\"summary_large_image\" \/>\n<meta name=\"twitter:label1\" content=\"Written by\" \/>\n\t<meta name=\"twitter:data1\" content=\"admin\" \/>\n\t<meta name=\"twitter:label2\" content=\"Est. reading time\" \/>\n\t<meta name=\"twitter:data2\" content=\"3 minut\u0117s\" \/>\n<script type=\"application\/ld+json\" class=\"yoast-schema-graph\">{\"@context\":\"https:\/\/schema.org\",\"@graph\":[{\"@type\":\"Article\",\"@id\":\"https:\/\/eautomobiliai.lt\/index.php\/2025\/09\/06\/tesla-keicia-visisko-savarankisko-vairavimo-prasme-atsisako-pazadeti-autonomijos\/#article\",\"isPartOf\":{\"@id\":\"https:\/\/eautomobiliai.lt\/index.php\/2025\/09\/06\/tesla-keicia-visisko-savarankisko-vairavimo-prasme-atsisako-pazadeti-autonomijos\/\"},\"author\":{\"name\":\"admin\",\"@id\":\"https:\/\/eautomobiliai.lt\/#\/schema\/person\/ecf2a967f361217d056061f74deb92f2\"},\"headline\":\"\u201eTesla\u201c kei\u010dia \u201evisi\u0161ko savaranki\u0161ko vairavimo\u201c prasm\u0119, atsisako pa\u017ead\u0117ti autonomijos\",\"datePublished\":\"2025-09-06T01:28:16+00:00\",\"mainEntityOfPage\":{\"@id\":\"https:\/\/eautomobiliai.lt\/index.php\/2025\/09\/06\/tesla-keicia-visisko-savarankisko-vairavimo-prasme-atsisako-pazadeti-autonomijos\/\"},\"wordCount\":646,\"commentCount\":0,\"image\":{\"@id\":\"https:\/\/eautomobiliai.lt\/index.php\/2025\/09\/06\/tesla-keicia-visisko-savarankisko-vairavimo-prasme-atsisako-pazadeti-autonomijos\/#primaryimage\"},\"thumbnailUrl\":\"http:\/\/eautomobiliai.lt\/wp-content\/uploads\/2025\/09\/\u201eTesla-keicia-\u201evisisko-savarankisko-vairavimo-prasme-atsisako-pazadeti-autonomijos.png\",\"keywords\":[\"atsisako\",\"autonomijos\",\"kei\u010dia\",\"pa\u017ead\u0117ti\",\"prasm\u0119\",\"savaranki\u0161ko\",\"Tesla\",\"Vairavimo\",\"Visi\u0161ko\"],\"articleSection\":[\"ELEKTRINIAI AUTOMOBILIAI\"],\"inLanguage\":\"lt-LT\",\"potentialAction\":[{\"@type\":\"CommentAction\",\"name\":\"Comment\",\"target\":[\"https:\/\/eautomobiliai.lt\/index.php\/2025\/09\/06\/tesla-keicia-visisko-savarankisko-vairavimo-prasme-atsisako-pazadeti-autonomijos\/#respond\"]}]},{\"@type\":\"WebPage\",\"@id\":\"https:\/\/eautomobiliai.lt\/index.php\/2025\/09\/06\/tesla-keicia-visisko-savarankisko-vairavimo-prasme-atsisako-pazadeti-autonomijos\/\",\"url\":\"https:\/\/eautomobiliai.lt\/index.php\/2025\/09\/06\/tesla-keicia-visisko-savarankisko-vairavimo-prasme-atsisako-pazadeti-autonomijos\/\",\"name\":\"\u201eTesla\u201c kei\u010dia \u201evisi\u0161ko savaranki\u0161ko vairavimo\u201c prasm\u0119, atsisako pa\u017ead\u0117ti autonomijos - Eautomobiliai.lt\",\"isPartOf\":{\"@id\":\"https:\/\/eautomobiliai.lt\/#website\"},\"primaryImageOfPage\":{\"@id\":\"https:\/\/eautomobiliai.lt\/index.php\/2025\/09\/06\/tesla-keicia-visisko-savarankisko-vairavimo-prasme-atsisako-pazadeti-autonomijos\/#primaryimage\"},\"image\":{\"@id\":\"https:\/\/eautomobiliai.lt\/index.php\/2025\/09\/06\/tesla-keicia-visisko-savarankisko-vairavimo-prasme-atsisako-pazadeti-autonomijos\/#primaryimage\"},\"thumbnailUrl\":\"http:\/\/eautomobiliai.lt\/wp-content\/uploads\/2025\/09\/\u201eTesla-keicia-\u201evisisko-savarankisko-vairavimo-prasme-atsisako-pazadeti-autonomijos.png\",\"datePublished\":\"2025-09-06T01:28:16+00:00\",\"author\":{\"@id\":\"https:\/\/eautomobiliai.lt\/#\/schema\/person\/ecf2a967f361217d056061f74deb92f2\"},\"breadcrumb\":{\"@id\":\"https:\/\/eautomobiliai.lt\/index.php\/2025\/09\/06\/tesla-keicia-visisko-savarankisko-vairavimo-prasme-atsisako-pazadeti-autonomijos\/#breadcrumb\"},\"inLanguage\":\"lt-LT\",\"potentialAction\":[{\"@type\":\"ReadAction\",\"target\":[\"https:\/\/eautomobiliai.lt\/index.php\/2025\/09\/06\/tesla-keicia-visisko-savarankisko-vairavimo-prasme-atsisako-pazadeti-autonomijos\/\"]}]},{\"@type\":\"ImageObject\",\"inLanguage\":\"lt-LT\",\"@id\":\"https:\/\/eautomobiliai.lt\/index.php\/2025\/09\/06\/tesla-keicia-visisko-savarankisko-vairavimo-prasme-atsisako-pazadeti-autonomijos\/#primaryimage\",\"url\":\"http:\/\/eautomobiliai.lt\/wp-content\/uploads\/2025\/09\/\u201eTesla-keicia-\u201evisisko-savarankisko-vairavimo-prasme-atsisako-pazadeti-autonomijos.png\",\"contentUrl\":\"http:\/\/eautomobiliai.lt\/wp-content\/uploads\/2025\/09\/\u201eTesla-keicia-\u201evisisko-savarankisko-vairavimo-prasme-atsisako-pazadeti-autonomijos.png\",\"width\":1598,\"height\":874},{\"@type\":\"BreadcrumbList\",\"@id\":\"https:\/\/eautomobiliai.lt\/index.php\/2025\/09\/06\/tesla-keicia-visisko-savarankisko-vairavimo-prasme-atsisako-pazadeti-autonomijos\/#breadcrumb\",\"itemListElement\":[{\"@type\":\"ListItem\",\"position\":1,\"name\":\"Home\",\"item\":\"https:\/\/eautomobiliai.lt\/\"},{\"@type\":\"ListItem\",\"position\":2,\"name\":\"\u201eTesla\u201c kei\u010dia \u201evisi\u0161ko savaranki\u0161ko vairavimo\u201c prasm\u0119, atsisako pa\u017ead\u0117ti autonomijos\"}]},{\"@type\":\"WebSite\",\"@id\":\"https:\/\/eautomobiliai.lt\/#website\",\"url\":\"https:\/\/eautomobiliai.lt\/\",\"name\":\"Eautomobiliai.lt\",\"description\":\"Elektrinis transportas, technologijos\",\"potentialAction\":[{\"@type\":\"SearchAction\",\"target\":{\"@type\":\"EntryPoint\",\"urlTemplate\":\"https:\/\/eautomobiliai.lt\/?s={search_term_string}\"},\"query-input\":{\"@type\":\"PropertyValueSpecification\",\"valueRequired\":true,\"valueName\":\"search_term_string\"}}],\"inLanguage\":\"lt-LT\"},{\"@type\":\"Person\",\"@id\":\"https:\/\/eautomobiliai.lt\/#\/schema\/person\/ecf2a967f361217d056061f74deb92f2\",\"name\":\"admin\",\"image\":{\"@type\":\"ImageObject\",\"inLanguage\":\"lt-LT\",\"@id\":\"https:\/\/eautomobiliai.lt\/#\/schema\/person\/image\/\",\"url\":\"https:\/\/secure.gravatar.com\/avatar\/6323379efae0c70c686c7905444d6bbd?s=96&d=mm&r=g\",\"contentUrl\":\"https:\/\/secure.gravatar.com\/avatar\/6323379efae0c70c686c7905444d6bbd?s=96&d=mm&r=g\",\"caption\":\"admin\"},\"sameAs\":[\"http:\/\/eautomobiliai.lt\"],\"url\":\"http:\/\/eautomobiliai.lt\/index.php\/author\/admin\/\"}]}<\/script>\n<!-- \/ Yoast SEO plugin. -->","yoast_head_json":{"title":"\u201eTesla\u201c kei\u010dia \u201evisi\u0161ko savaranki\u0161ko vairavimo\u201c prasm\u0119, atsisako pa\u017ead\u0117ti autonomijos - Eautomobiliai.lt","robots":{"index":"index","follow":"follow","max-snippet":"max-snippet:-1","max-image-preview":"max-image-preview:large","max-video-preview":"max-video-preview:-1"},"canonical":"https:\/\/eautomobiliai.lt\/index.php\/2025\/09\/06\/tesla-keicia-visisko-savarankisko-vairavimo-prasme-atsisako-pazadeti-autonomijos\/","og_locale":"lt_LT","og_type":"article","og_title":"\u201eTesla\u201c kei\u010dia \u201evisi\u0161ko savaranki\u0161ko vairavimo\u201c prasm\u0119, atsisako pa\u017ead\u0117ti autonomijos - Eautomobiliai.lt","og_description":"\u201eTesla\u201c pakeit\u0117 \u201evisi\u0161ko savaranki\u0161ko vairavimo\u201c, dar \u017einomo kaip \u201eFSD\u201c, prasm\u0119 atsisakyti pirminio pa\u017eado suteikti nepri\u017ei\u016brim\u0105 autonomij\u0105. Nuo 2016 m. \u201eTesla\u201c&hellip;","og_url":"https:\/\/eautomobiliai.lt\/index.php\/2025\/09\/06\/tesla-keicia-visisko-savarankisko-vairavimo-prasme-atsisako-pazadeti-autonomijos\/","og_site_name":"Eautomobiliai.lt","article_published_time":"2025-09-06T01:28:16+00:00","og_image":[{"width":1598,"height":874,"url":"https:\/\/eautomobiliai.lt\/wp-content\/uploads\/2025\/09\/\u201eTesla-keicia-\u201evisisko-savarankisko-vairavimo-prasme-atsisako-pazadeti-autonomijos.png","type":"image\/png"}],"author":"admin","twitter_card":"summary_large_image","twitter_misc":{"Written by":"admin","Est. reading time":"3 minut\u0117s"},"schema":{"@context":"https:\/\/schema.org","@graph":[{"@type":"Article","@id":"https:\/\/eautomobiliai.lt\/index.php\/2025\/09\/06\/tesla-keicia-visisko-savarankisko-vairavimo-prasme-atsisako-pazadeti-autonomijos\/#article","isPartOf":{"@id":"https:\/\/eautomobiliai.lt\/index.php\/2025\/09\/06\/tesla-keicia-visisko-savarankisko-vairavimo-prasme-atsisako-pazadeti-autonomijos\/"},"author":{"name":"admin","@id":"https:\/\/eautomobiliai.lt\/#\/schema\/person\/ecf2a967f361217d056061f74deb92f2"},"headline":"\u201eTesla\u201c kei\u010dia \u201evisi\u0161ko savaranki\u0161ko vairavimo\u201c prasm\u0119, atsisako pa\u017ead\u0117ti autonomijos","datePublished":"2025-09-06T01:28:16+00:00","mainEntityOfPage":{"@id":"https:\/\/eautomobiliai.lt\/index.php\/2025\/09\/06\/tesla-keicia-visisko-savarankisko-vairavimo-prasme-atsisako-pazadeti-autonomijos\/"},"wordCount":646,"commentCount":0,"image":{"@id":"https:\/\/eautomobiliai.lt\/index.php\/2025\/09\/06\/tesla-keicia-visisko-savarankisko-vairavimo-prasme-atsisako-pazadeti-autonomijos\/#primaryimage"},"thumbnailUrl":"http:\/\/eautomobiliai.lt\/wp-content\/uploads\/2025\/09\/\u201eTesla-keicia-\u201evisisko-savarankisko-vairavimo-prasme-atsisako-pazadeti-autonomijos.png","keywords":["atsisako","autonomijos","kei\u010dia","pa\u017ead\u0117ti","prasm\u0119","savaranki\u0161ko","Tesla","Vairavimo","Visi\u0161ko"],"articleSection":["ELEKTRINIAI AUTOMOBILIAI"],"inLanguage":"lt-LT","potentialAction":[{"@type":"CommentAction","name":"Comment","target":["https:\/\/eautomobiliai.lt\/index.php\/2025\/09\/06\/tesla-keicia-visisko-savarankisko-vairavimo-prasme-atsisako-pazadeti-autonomijos\/#respond"]}]},{"@type":"WebPage","@id":"https:\/\/eautomobiliai.lt\/index.php\/2025\/09\/06\/tesla-keicia-visisko-savarankisko-vairavimo-prasme-atsisako-pazadeti-autonomijos\/","url":"https:\/\/eautomobiliai.lt\/index.php\/2025\/09\/06\/tesla-keicia-visisko-savarankisko-vairavimo-prasme-atsisako-pazadeti-autonomijos\/","name":"\u201eTesla\u201c kei\u010dia \u201evisi\u0161ko savaranki\u0161ko vairavimo\u201c prasm\u0119, atsisako pa\u017ead\u0117ti autonomijos - Eautomobiliai.lt","isPartOf":{"@id":"https:\/\/eautomobiliai.lt\/#website"},"primaryImageOfPage":{"@id":"https:\/\/eautomobiliai.lt\/index.php\/2025\/09\/06\/tesla-keicia-visisko-savarankisko-vairavimo-prasme-atsisako-pazadeti-autonomijos\/#primaryimage"},"image":{"@id":"https:\/\/eautomobiliai.lt\/index.php\/2025\/09\/06\/tesla-keicia-visisko-savarankisko-vairavimo-prasme-atsisako-pazadeti-autonomijos\/#primaryimage"},"thumbnailUrl":"http:\/\/eautomobiliai.lt\/wp-content\/uploads\/2025\/09\/\u201eTesla-keicia-\u201evisisko-savarankisko-vairavimo-prasme-atsisako-pazadeti-autonomijos.png","datePublished":"2025-09-06T01:28:16+00:00","author":{"@id":"https:\/\/eautomobiliai.lt\/#\/schema\/person\/ecf2a967f361217d056061f74deb92f2"},"breadcrumb":{"@id":"https:\/\/eautomobiliai.lt\/index.php\/2025\/09\/06\/tesla-keicia-visisko-savarankisko-vairavimo-prasme-atsisako-pazadeti-autonomijos\/#breadcrumb"},"inLanguage":"lt-LT","potentialAction":[{"@type":"ReadAction","target":["https:\/\/eautomobiliai.lt\/index.php\/2025\/09\/06\/tesla-keicia-visisko-savarankisko-vairavimo-prasme-atsisako-pazadeti-autonomijos\/"]}]},{"@type":"ImageObject","inLanguage":"lt-LT","@id":"https:\/\/eautomobiliai.lt\/index.php\/2025\/09\/06\/tesla-keicia-visisko-savarankisko-vairavimo-prasme-atsisako-pazadeti-autonomijos\/#primaryimage","url":"http:\/\/eautomobiliai.lt\/wp-content\/uploads\/2025\/09\/\u201eTesla-keicia-\u201evisisko-savarankisko-vairavimo-prasme-atsisako-pazadeti-autonomijos.png","contentUrl":"http:\/\/eautomobiliai.lt\/wp-content\/uploads\/2025\/09\/\u201eTesla-keicia-\u201evisisko-savarankisko-vairavimo-prasme-atsisako-pazadeti-autonomijos.png","width":1598,"height":874},{"@type":"BreadcrumbList","@id":"https:\/\/eautomobiliai.lt\/index.php\/2025\/09\/06\/tesla-keicia-visisko-savarankisko-vairavimo-prasme-atsisako-pazadeti-autonomijos\/#breadcrumb","itemListElement":[{"@type":"ListItem","position":1,"name":"Home","item":"https:\/\/eautomobiliai.lt\/"},{"@type":"ListItem","position":2,"name":"\u201eTesla\u201c kei\u010dia \u201evisi\u0161ko savaranki\u0161ko vairavimo\u201c prasm\u0119, atsisako pa\u017ead\u0117ti autonomijos"}]},{"@type":"WebSite","@id":"https:\/\/eautomobiliai.lt\/#website","url":"https:\/\/eautomobiliai.lt\/","name":"Eautomobiliai.lt","description":"Elektrinis transportas, technologijos","potentialAction":[{"@type":"SearchAction","target":{"@type":"EntryPoint","urlTemplate":"https:\/\/eautomobiliai.lt\/?s={search_term_string}"},"query-input":{"@type":"PropertyValueSpecification","valueRequired":true,"valueName":"search_term_string"}}],"inLanguage":"lt-LT"},{"@type":"Person","@id":"https:\/\/eautomobiliai.lt\/#\/schema\/person\/ecf2a967f361217d056061f74deb92f2","name":"admin","image":{"@type":"ImageObject","inLanguage":"lt-LT","@id":"https:\/\/eautomobiliai.lt\/#\/schema\/person\/image\/","url":"https:\/\/secure.gravatar.com\/avatar\/6323379efae0c70c686c7905444d6bbd?s=96&d=mm&r=g","contentUrl":"https:\/\/secure.gravatar.com\/avatar\/6323379efae0c70c686c7905444d6bbd?s=96&d=mm&r=g","caption":"admin"},"sameAs":["http:\/\/eautomobiliai.lt"],"url":"http:\/\/eautomobiliai.lt\/index.php\/author\/admin\/"}]}},"_links":{"self":[{"href":"http:\/\/eautomobiliai.lt\/index.php\/wp-json\/wp\/v2\/posts\/2034","targetHints":{"allow":["GET"]}}],"collection":[{"href":"http:\/\/eautomobiliai.lt\/index.php\/wp-json\/wp\/v2\/posts"}],"about":[{"href":"http:\/\/eautomobiliai.lt\/index.php\/wp-json\/wp\/v2\/types\/post"}],"author":[{"embeddable":true,"href":"http:\/\/eautomobiliai.lt\/index.php\/wp-json\/wp\/v2\/users\/1"}],"replies":[{"embeddable":true,"href":"http:\/\/eautomobiliai.lt\/index.php\/wp-json\/wp\/v2\/comments?post=2034"}],"version-history":[{"count":0,"href":"http:\/\/eautomobiliai.lt\/index.php\/wp-json\/wp\/v2\/posts\/2034\/revisions"}],"wp:featuredmedia":[{"embeddable":true,"href":"http:\/\/eautomobiliai.lt\/index.php\/wp-json\/wp\/v2\/media\/2035"}],"wp:attachment":[{"href":"http:\/\/eautomobiliai.lt\/index.php\/wp-json\/wp\/v2\/media?parent=2034"}],"wp:term":[{"taxonomy":"category","embeddable":true,"href":"http:\/\/eautomobiliai.lt\/index.php\/wp-json\/wp\/v2\/categories?post=2034"},{"taxonomy":"post_tag","embeddable":true,"href":"http:\/\/eautomobiliai.lt\/index.php\/wp-json\/wp\/v2\/tags?post=2034"}],"curies":[{"name":"wp","href":"https:\/\/api.w.org\/{rel}","templated":true}]}}