{"id":2068,"date":"2025-09-09T05:39:16","date_gmt":"2025-09-09T05:39:16","guid":{"rendered":"https:\/\/eautomobiliai.lt\/index.php\/2025\/09\/09\/vw-bmw-mercedes-demonstruoja-naujus-ev-kad-butu-galima-paslepti-nuosmuki-nes-nvo-perspeja-apie-zalia-plovima\/"},"modified":"2025-09-09T05:39:16","modified_gmt":"2025-09-09T05:39:16","slug":"vw-bmw-mercedes-demonstruoja-naujus-ev-kad-butu-galima-paslepti-nuosmuki-nes-nvo-perspeja-apie-zalia-plovima","status":"publish","type":"post","link":"http:\/\/eautomobiliai.lt\/index.php\/2025\/09\/09\/vw-bmw-mercedes-demonstruoja-naujus-ev-kad-butu-galima-paslepti-nuosmuki-nes-nvo-perspeja-apie-zalia-plovima\/","title":{"rendered":"\u201eVW\u201c, BMW, \u201eMercedes\u201c demonstruoja naujus EV, kad b\u016bt\u0173 galima pasl\u0117pti nuosmuk\u012f, nes NVO persp\u0117ja apie \u017eali\u0105 plovim\u0105"},"content":{"rendered":"<p> <br \/>\n<\/p>\n<div id=\"\">\n<p>\u0160ios savait\u0117s IAA mobilumo parodoje Miunchene Miunchene pristat\u0117 naujus elektrinius modelius VW, BMW ir \u201eMercedes\u201c, \u201eMercedes\u201c, pasak analitik\u0173, pasak analitik\u0173, gali b\u016bti labai svarbus \u017eingsnis sustabdyti j\u0173 nuosmuk\u012f pasaulin\u0117se rinkose. Aplinkosaugos organizacijos apkaltino bendroves \u201e\u017ealiuoju plovimu\u201c u\u017e tai, kad vis dar pasikliauja degimo varikli\u0173 pardavimu ir lobizmu, prie\u0161taraujant grie\u017etoms ES i\u0161metimo taisykl\u0117ms.<\/p>\n<p>Atsi\u017evelgiant \u012f ma\u017e\u0117jan\u010dio pelno ir ma\u017e\u0117jan\u010dios pasaulin\u0117s rinkos dal\u012f, vokie\u010di\u0173 automobili\u0173 gamintojai VW, BMW ir \u201eMercedes\u201c \u0161i\u0173 met\u0173 IAA mobilumo parodoje Miunchene pristat\u0117 naujos kartos elektrines transporto priemones.<\/p>\n<p>Po to, kai nuvyl\u0117 ankstesni\u0173 modeli\u0173 ir investicij\u0173, kuri\u0173 vert\u0117 milijardai eur\u0173, pardavimai, naujos transporto priemon\u0117s \u017eada ilgesnius diapazonus ir greitesn\u012f \u012fkrovimo laik\u0105 kartu su kitomis naujov\u0117mis. Pramon\u0117s ekspertai persp\u0117ja modelius, \u012fskaitant BMW \u201eNeue Klasse\u201c, gali atstovauti paskutinei automobili\u0173 gamintoj\u0173 galimyb\u0119 pasukti potvyn\u012f.<\/p>\n<p>Remiantis \u201eBusiness Daily Handelsblatt\u201c skai\u010diavimais, bendra trij\u0173 grupi\u0173 rinkos dalis &#8211; Europa, JAV ir Kinija &#8211; pirm\u0105 kart\u0105 per de\u0161imtme\u010dius suma\u017e\u0117jo \u017eemiau 20 procent\u0173 per kelis de\u0161imtme\u010dius.<\/p>\n<p>I\u0161 ma\u017edaug 1,2 mln. Darbo viet\u0173 Vokietijoje pirmaujan\u010dioje Vokietijos pramon\u0117je iki 2030 m. Konsultuojama nuo 150 000 iki 220 000 d\u0117l tarif\u0173, spiralini\u0173 s\u0105naud\u0173 ir geopolitin\u0117s \u012ftampos, konsultantams Oliveris Wymanas persp\u0117ja prane\u0161ime, kur\u012f mato dokumente.<\/p>\n<p>McKinsey suteik\u0117 pana\u0161iai ni\u016bri\u0105 perspektyv\u0105. \u201ePer\u0117jimas prie elektrinio mobilumo ir programin\u0117s \u012frangos paremt\u0173 transporto priemoni\u0173, nepalankios vietos s\u0105lygos, naujos konkurentai ir prekybos s\u0105lygos gali b\u016bti nustatyta iki tre\u010ddalio prid\u0117tin\u0117s pramon\u0117s vert\u0117s-440 milijard\u0173 eur\u0173-rizikuoti iki 2035 m.\u201c,-neseniai pateiktoje Handelsblatt cituojamoje ataskaitoje ra\u0161\u0117 konsultacijos.<\/p>\n<div id=\"ez-toc-container\" class=\"ez-toc-v2_0_82_2 counter-hierarchy ez-toc-counter ez-toc-grey ez-toc-container-direction\">\n<div class=\"ez-toc-title-container\">\n<p class=\"ez-toc-title\" style=\"cursor:inherit\">Turinys:<\/p>\n<span class=\"ez-toc-title-toggle\"><a href=\"#\" class=\"ez-toc-pull-right ez-toc-btn ez-toc-btn-xs ez-toc-btn-default ez-toc-toggle\" aria-label=\"Toggle Table of Content\"><span class=\"ez-toc-js-icon-con\"><span class=\"\"><span class=\"eztoc-hide\" style=\"display:none;\">Toggle<\/span><span class=\"ez-toc-icon-toggle-span\"><svg style=\"fill: #999;color:#999\" xmlns=\"http:\/\/www.w3.org\/2000\/svg\" class=\"list-377408\" width=\"20px\" height=\"20px\" viewBox=\"0 0 24 24\" fill=\"none\"><path d=\"M6 6H4v2h2V6zm14 0H8v2h12V6zM4 11h2v2H4v-2zm16 0H8v2h12v-2zM4 16h2v2H4v-2zm16 0H8v2h12v-2z\" fill=\"currentColor\"><\/path><\/svg><svg style=\"fill: #999;color:#999\" class=\"arrow-unsorted-368013\" xmlns=\"http:\/\/www.w3.org\/2000\/svg\" width=\"10px\" height=\"10px\" viewBox=\"0 0 24 24\" version=\"1.2\" baseProfile=\"tiny\"><path d=\"M18.2 9.3l-6.2-6.3-6.2 6.3c-.2.2-.3.4-.3.7s.1.5.3.7c.2.2.4.3.7.3h11c.3 0 .5-.1.7-.3.2-.2.3-.5.3-.7s-.1-.5-.3-.7zM5.8 14.7l6.2 6.3 6.2-6.3c.2-.2.3-.5.3-.7s-.1-.5-.3-.7c-.2-.2-.4-.3-.7-.3h-11c-.3 0-.5.1-.7.3-.2.2-.3.5-.3.7s.1.5.3.7z\"\/><\/svg><\/span><\/span><\/span><\/a><\/span><\/div>\n<nav><ul class='ez-toc-list ez-toc-list-level-1 ' ><li class='ez-toc-page-1 ez-toc-heading-level-3'><a class=\"ez-toc-link ez-toc-heading-1\" href=\"http:\/\/eautomobiliai.lt\/index.php\/2025\/09\/09\/vw-bmw-mercedes-demonstruoja-naujus-ev-kad-butu-galima-paslepti-nuosmuki-nes-nvo-perspeja-apie-zalia-plovima\/#Paskutinio_griovio_bandymas\" >Paskutinio griovio bandymas?<\/a><\/li><li class='ez-toc-page-1 ez-toc-heading-level-3'><a class=\"ez-toc-link ez-toc-heading-2\" href=\"http:\/\/eautomobiliai.lt\/index.php\/2025\/09\/09\/vw-bmw-mercedes-demonstruoja-naujus-ev-kad-butu-galima-paslepti-nuosmuki-nes-nvo-perspeja-apie-zalia-plovima\/#Zaliuojantys_kaltinimai\" >\u017daliuojantys kaltinimai<\/a><\/li><li class='ez-toc-page-1 ez-toc-heading-level-3'><a class=\"ez-toc-link ez-toc-heading-3\" href=\"http:\/\/eautomobiliai.lt\/index.php\/2025\/09\/09\/vw-bmw-mercedes-demonstruoja-naujus-ev-kad-butu-galima-paslepti-nuosmuki-nes-nvo-perspeja-apie-zalia-plovima\/#Automobiliu_virsuniu_susitikimas_kantroje\" >Automobili\u0173 vir\u0161\u016bni\u0173 susitikimas kantroje<\/a><\/li><\/ul><\/nav><\/div>\n<h3><span class=\"ez-toc-section\" id=\"Paskutinio_griovio_bandymas\"><\/span>Paskutinio griovio bandymas?<span class=\"ez-toc-section-end\"><\/span><\/h3>\n<p>Automobili\u0173 gamintojai patiria did\u017eiul\u012f spaudim\u0105, kad galutinai \u012fvaldyt\u0173 per\u0117jim\u0105 prie elektros jud\u0117jimo ir susijusi\u0173 i\u0161\u0161\u016bki\u0173, toki\u0173 kaip skaitmeninimas, sak\u0117 Fabianas Brandtas, Oliverio Wymano vadovas Vokietijoje. \u201eVokietijos automobili\u0173 gamintojai turi veikti dabar, o j\u0173 kasos vis dar yra pilni. Prie\u0161ingu atveju jie rizikuoja baigtis kaip daugelis tiek\u0117j\u0173, kuriems tr\u016bksta kapitalo pertvarkyti\u201c, &#8211; persp\u0117jo Brandtas.<\/p>\n<p>Ta\u010diau, prie\u0161ingai nei \u201eCarmakers\u201c entuziastingi pristatymai IAA, jie galb\u016bt pakeit\u0117 pavar\u0105, kai reikia pereiti prie elektrini\u0173 pavar\u0173.<\/p>\n<p>Remiantis IFO ekonomikos instituto analize, per pastaruosius dvejus metus daugiausia d\u0117mesio skyr\u0117 pramon\u0117s darbo viet\u0173, daugiausia d\u0117mesio skiriant elektriniam mobilumui. \u201eDarbo darbo paklausos pl\u0117tra ekologi\u0161kose vietose rodo, kad strukt\u016briniai poky\u010diai \u017eymiai sul\u0117t\u0117ja\u201c, &#8211; sak\u0117 instituto Oliveris Falckas.<\/p>\n<p>\u201eGreen Mobility NVO Transport &#038; Environment\u201c (T&#038;E) ataskaitoje taip pat nustatyta, kad Europos automobili\u0173 gamintojai pereinant \u201ei\u0161\u0117m\u0117 koj\u0105 nuo duj\u0173\u201c.<\/p>\n<p>\u201eDabar Europa susiduria su lemiamu pasirinkimu: arba vadovauti pasaulin\u0117ms BEV (akumuliatoriaus elektromobili\u0173) lenktyn\u0117ms ir u\u017etikrintai patekti \u012f elektrin\u012f am\u017ei\u0173 arba rizik\u0105 atsilikti nuo i\u0161kastinio kuro eros\u201c, &#8211; sak\u0117 T&#038;E, pabr\u0117\u017edamas, kad pamaina i\u0161liko d\u0117l pigesni\u0173 baterij\u0173 ir geresn\u0117s \u012fkrovimo apr\u0117pties, \u201enepaisant automobili\u0173 gamintoj\u0173 bandymo sul\u0117tinti EV rink\u0105\u201c.<\/p>\n<h3><span class=\"ez-toc-section\" id=\"Zaliuojantys_kaltinimai\"><\/span>\u017daliuojantys kaltinimai<span class=\"ez-toc-section-end\"><\/span><\/h3>\n<p>Aplinkosaugos grup\u0117s apkaltino automobili\u0173 gamintojus, kad jis apgavo visuomen\u0119 su savo pristatymais pasaulin\u0117je automobili\u0173 parodoje.<\/p>\n<p>\u201eVokietijos automobili\u0173 gamintojai nori naudoti IAA mobilum\u0105 kaip figos lap\u0105, kad pasl\u0117pt\u0173 savo i\u0161kastinio kuro verslo model\u012f\u201c,-sak\u0117 J\u00fcrgen Resch, NVO aplinkos apsaugos veiksmo Vokietijos (DUH) vadovas. \u201eNepaisant grandiozini\u0173 prane\u0161im\u0173 apie didesn\u012f elektronin\u012f mobilum\u0105, IAA pirmiausia i\u0161lieka \u017ealiuojan\u010diu spektakliu\u201c.<\/p>\n<p>Resch prid\u016br\u0117, kad automobili\u0173 pramon\u0117 agresyviai lobizavo pagal esamas klimato apsaugos taisykles ES lygiu, pavyzd\u017eiui, minimal\u016bs CO2 standartai degimo varikli\u0173 automobiliams.<\/p>\n<p>\u017dem\u0117s draugai Vokietija (Bund) laik\u0117si pana\u0161ios pozicijos. \u201eNors IAA automobili\u0173 kompanijos pristato kaip novatori\u0161kas ir modernias, tos pa\u010dios \u012fmon\u0117s ir j\u0173 lobist\u0173 organizacijos Briuselyje stengiasi atsigr\u0119\u017eti \u012f laikrod\u012f.\u201c<\/p>\n<p>Bundas paragino bendras vyriausyb\u0117s ir automobili\u0173 gamintoj\u0173 pastangas pagaliau apr\u016bpinti ma\u017eus ir prieinamus elektromobilius, o ne prabangius modelius.<\/p>\n<h3><span class=\"ez-toc-section\" id=\"Automobiliu_virsuniu_susitikimas_kantroje\"><\/span>Automobili\u0173 vir\u0161\u016bni\u0173 susitikimas kantroje<span class=\"ez-toc-section-end\"><\/span><\/h3>\n<p>Automobili\u0173 paroda taip pat papild\u0117 degalus \u012f Vokietijos politines diskusijas apie tai, kaip susidoroti su pramon\u0117s krize. Kancleris Friedrichas Merzas teig\u0117, kad planuoja \u201evir\u0161\u016bni\u0173 susitikim\u0105 su automobiliais\u201c, kad aptart\u0173 veiksmus, kurie yra b\u016btini norint sustabdyti santykin\u012f nuosmuk\u012f.<\/p>\n<p>Bavarijos premjeras Markusas S\u00f6deris, CSU, Merzo CDU seser\u0173 partijos narys, atnaujino savo raginim\u0105 pakeisti ES 2035 m. Draudim\u0105 parduoti naujus degimo variklius.<\/p>\n<p>\u201eDegimo variklis turi ateit\u012f su sintetiniais kurais ir naujomis technologijomis. ES 2035 degimo variklio draudimas kelia pavoj\u0173 \u0161imtams t\u016bkstan\u010di\u0173 darbo viet\u0173\u201c, &#8211; laikra\u0161\u010diui \u201eBild Am Sonntag\u201c pasakojo S\u00f6deris ir prid\u016br\u0117, kad automobili\u0173 pramon\u0117 sudar\u0117 \u201em\u016bs\u0173 ekonomikos \u0161ird\u012f &#8211; be automobili\u0173, kyla pavojus \u017elugti\u201c.<\/p>\n<p>Yra platus sutarimas, kad sintetinis kuras, dar \u017einomas kaip el. Fualai, neu\u017emerks svarbaus vaidmens transporto keliuose, nes jis b\u016bt\u0173 per brangus.<\/p>\n<p>Reaguodamas \u012f \u201eS\u00f6der\u201c komentarus, pramon\u0117s ekspertas Ferdinandas Dudenh\u00f6fferis, \u201eCenter Automotive Research\u201c (CAR) vadovas, persp\u0117jo, kad v\u0117l atidarant diskusijas apie 2035 m. Degimo variklio faz\u0119, ne tik potencial\u016bs automobili\u0173 pirk\u0117jai, bet ir dar labiau padidins potencialius automobili\u0173 pirk\u0117jus ir dar labiau padidins pardavimus.<\/p>\n<p><em>\u0160varios energijos viela. Atkuriama gavus leidim\u0105.<\/em><\/p>\n<p><!-- AI CONTENT END 1 --><\/p><\/div>\n<p><br \/>\n<br \/><a href=\"https:\/\/thedriven.io\/2025\/09\/09\/vw-bmw-mercedes-showcase-new-evs-to-stem-downturn-as-ngos-warn-of-greenwashing\/\">Source link <\/a><\/p>\n","protected":false},"excerpt":{"rendered":"<p>\u0160ios savait\u0117s IAA mobilumo parodoje Miunchene Miunchene pristat\u0117 naujus elektrinius modelius VW, BMW ir \u201eMercedes\u201c, \u201eMercedes\u201c, pasak analitik\u0173, pasak analitik\u0173,&hellip;<\/p>\n","protected":false},"author":1,"featured_media":2069,"comment_status":"open","ping_status":"open","sticky":false,"template":"","format":"standard","meta":{"om_disable_all_campaigns":false,"_monsterinsights_skip_tracking":false,"_monsterinsights_sitenote_active":false,"_monsterinsights_sitenote_note":"","_monsterinsights_sitenote_category":0,"footnotes":""},"categories":[39],"tags":[165,2797,340,1050,341,339,2609,656,116,2126,3707,342,2315,3709,3708],"class_list":["post-2068","post","type-post","status-publish","format-standard","has-post-thumbnail","hentry","category-eautomobiliu-technine-puse","tag-apie","tag-bmw","tag-butu","tag-demonstruoja","tag-galima","tag-kad","tag-mercedes","tag-naujus","tag-nes","tag-nuosmuki","tag-nvo","tag-paslepti","tag-perspeja","tag-plovima","tag-zalia"],"aioseo_notices":[],"yoast_head":"<!-- This site is optimized with the Yoast SEO plugin v26.8 - https:\/\/yoast.com\/product\/yoast-seo-wordpress\/ -->\n<title>\u201eVW\u201c, BMW, \u201eMercedes\u201c demonstruoja naujus EV, kad b\u016bt\u0173 galima pasl\u0117pti nuosmuk\u012f, nes NVO persp\u0117ja apie \u017eali\u0105 plovim\u0105 - Eautomobiliai.lt<\/title>\n<meta name=\"robots\" content=\"index, follow, max-snippet:-1, max-image-preview:large, max-video-preview:-1\" \/>\n<link rel=\"canonical\" href=\"http:\/\/eautomobiliai.lt\/index.php\/2025\/09\/09\/vw-bmw-mercedes-demonstruoja-naujus-ev-kad-butu-galima-paslepti-nuosmuki-nes-nvo-perspeja-apie-zalia-plovima\/\" \/>\n<meta property=\"og:locale\" content=\"lt_LT\" \/>\n<meta property=\"og:type\" content=\"article\" \/>\n<meta property=\"og:title\" content=\"\u201eVW\u201c, BMW, \u201eMercedes\u201c demonstruoja naujus EV, kad b\u016bt\u0173 galima pasl\u0117pti nuosmuk\u012f, nes NVO persp\u0117ja apie \u017eali\u0105 plovim\u0105 - Eautomobiliai.lt\" \/>\n<meta property=\"og:description\" content=\"\u0160ios savait\u0117s IAA mobilumo parodoje Miunchene Miunchene pristat\u0117 naujus elektrinius modelius VW, BMW ir \u201eMercedes\u201c, \u201eMercedes\u201c, pasak analitik\u0173, pasak analitik\u0173,&hellip;\" \/>\n<meta property=\"og:url\" content=\"http:\/\/eautomobiliai.lt\/index.php\/2025\/09\/09\/vw-bmw-mercedes-demonstruoja-naujus-ev-kad-butu-galima-paslepti-nuosmuki-nes-nvo-perspeja-apie-zalia-plovima\/\" \/>\n<meta property=\"og:site_name\" content=\"Eautomobiliai.lt\" \/>\n<meta property=\"article:published_time\" content=\"2025-09-09T05:39:16+00:00\" \/>\n<meta property=\"og:image\" content=\"http:\/\/eautomobiliai.lt\/wp-content\/uploads\/2025\/09\/\u201eVW-BMW-\u201eMercedes-demonstruoja-naujus-EV-kad-butu-galima-paslepti.jpg\" \/>\n\t<meta property=\"og:image:width\" content=\"1200\" \/>\n\t<meta property=\"og:image:height\" content=\"675\" \/>\n\t<meta property=\"og:image:type\" content=\"image\/jpeg\" \/>\n<meta name=\"author\" content=\"admin\" \/>\n<meta name=\"twitter:card\" content=\"summary_large_image\" \/>\n<meta name=\"twitter:label1\" content=\"Written by\" \/>\n\t<meta name=\"twitter:data1\" content=\"admin\" \/>\n\t<meta name=\"twitter:label2\" content=\"Est. reading time\" \/>\n\t<meta name=\"twitter:data2\" content=\"4 minut\u0117s\" \/>\n<script type=\"application\/ld+json\" class=\"yoast-schema-graph\">{\"@context\":\"https:\/\/schema.org\",\"@graph\":[{\"@type\":\"Article\",\"@id\":\"http:\/\/eautomobiliai.lt\/index.php\/2025\/09\/09\/vw-bmw-mercedes-demonstruoja-naujus-ev-kad-butu-galima-paslepti-nuosmuki-nes-nvo-perspeja-apie-zalia-plovima\/#article\",\"isPartOf\":{\"@id\":\"http:\/\/eautomobiliai.lt\/index.php\/2025\/09\/09\/vw-bmw-mercedes-demonstruoja-naujus-ev-kad-butu-galima-paslepti-nuosmuki-nes-nvo-perspeja-apie-zalia-plovima\/\"},\"author\":{\"name\":\"admin\",\"@id\":\"https:\/\/eautomobiliai.lt\/#\/schema\/person\/ecf2a967f361217d056061f74deb92f2\"},\"headline\":\"\u201eVW\u201c, BMW, \u201eMercedes\u201c demonstruoja naujus EV, kad b\u016bt\u0173 galima pasl\u0117pti nuosmuk\u012f, nes NVO persp\u0117ja apie \u017eali\u0105 plovim\u0105\",\"datePublished\":\"2025-09-09T05:39:16+00:00\",\"mainEntityOfPage\":{\"@id\":\"http:\/\/eautomobiliai.lt\/index.php\/2025\/09\/09\/vw-bmw-mercedes-demonstruoja-naujus-ev-kad-butu-galima-paslepti-nuosmuki-nes-nvo-perspeja-apie-zalia-plovima\/\"},\"wordCount\":831,\"commentCount\":0,\"image\":{\"@id\":\"http:\/\/eautomobiliai.lt\/index.php\/2025\/09\/09\/vw-bmw-mercedes-demonstruoja-naujus-ev-kad-butu-galima-paslepti-nuosmuki-nes-nvo-perspeja-apie-zalia-plovima\/#primaryimage\"},\"thumbnailUrl\":\"http:\/\/eautomobiliai.lt\/wp-content\/uploads\/2025\/09\/\u201eVW-BMW-\u201eMercedes-demonstruoja-naujus-EV-kad-butu-galima-paslepti.jpg\",\"keywords\":[\"apie\",\"BMW\",\"b\u016bt\u0173\",\"demonstruoja\",\"galima\",\"kad\",\"Mercedes\",\"naujus\",\"nes\",\"nuosmuk\u012f\",\"NVO\",\"pasl\u0117pti\",\"persp\u0117ja\",\"plovim\u0105\",\"\u017eali\u0105\"],\"articleSection\":[\"eAUTOMOBILI\u0172 TECHNIN\u0116 PUS\u0116\"],\"inLanguage\":\"lt-LT\",\"potentialAction\":[{\"@type\":\"CommentAction\",\"name\":\"Comment\",\"target\":[\"http:\/\/eautomobiliai.lt\/index.php\/2025\/09\/09\/vw-bmw-mercedes-demonstruoja-naujus-ev-kad-butu-galima-paslepti-nuosmuki-nes-nvo-perspeja-apie-zalia-plovima\/#respond\"]}]},{\"@type\":\"WebPage\",\"@id\":\"http:\/\/eautomobiliai.lt\/index.php\/2025\/09\/09\/vw-bmw-mercedes-demonstruoja-naujus-ev-kad-butu-galima-paslepti-nuosmuki-nes-nvo-perspeja-apie-zalia-plovima\/\",\"url\":\"http:\/\/eautomobiliai.lt\/index.php\/2025\/09\/09\/vw-bmw-mercedes-demonstruoja-naujus-ev-kad-butu-galima-paslepti-nuosmuki-nes-nvo-perspeja-apie-zalia-plovima\/\",\"name\":\"\u201eVW\u201c, BMW, \u201eMercedes\u201c demonstruoja naujus EV, kad b\u016bt\u0173 galima pasl\u0117pti nuosmuk\u012f, nes NVO persp\u0117ja apie \u017eali\u0105 plovim\u0105 - Eautomobiliai.lt\",\"isPartOf\":{\"@id\":\"https:\/\/eautomobiliai.lt\/#website\"},\"primaryImageOfPage\":{\"@id\":\"http:\/\/eautomobiliai.lt\/index.php\/2025\/09\/09\/vw-bmw-mercedes-demonstruoja-naujus-ev-kad-butu-galima-paslepti-nuosmuki-nes-nvo-perspeja-apie-zalia-plovima\/#primaryimage\"},\"image\":{\"@id\":\"http:\/\/eautomobiliai.lt\/index.php\/2025\/09\/09\/vw-bmw-mercedes-demonstruoja-naujus-ev-kad-butu-galima-paslepti-nuosmuki-nes-nvo-perspeja-apie-zalia-plovima\/#primaryimage\"},\"thumbnailUrl\":\"http:\/\/eautomobiliai.lt\/wp-content\/uploads\/2025\/09\/\u201eVW-BMW-\u201eMercedes-demonstruoja-naujus-EV-kad-butu-galima-paslepti.jpg\",\"datePublished\":\"2025-09-09T05:39:16+00:00\",\"author\":{\"@id\":\"https:\/\/eautomobiliai.lt\/#\/schema\/person\/ecf2a967f361217d056061f74deb92f2\"},\"breadcrumb\":{\"@id\":\"http:\/\/eautomobiliai.lt\/index.php\/2025\/09\/09\/vw-bmw-mercedes-demonstruoja-naujus-ev-kad-butu-galima-paslepti-nuosmuki-nes-nvo-perspeja-apie-zalia-plovima\/#breadcrumb\"},\"inLanguage\":\"lt-LT\",\"potentialAction\":[{\"@type\":\"ReadAction\",\"target\":[\"http:\/\/eautomobiliai.lt\/index.php\/2025\/09\/09\/vw-bmw-mercedes-demonstruoja-naujus-ev-kad-butu-galima-paslepti-nuosmuki-nes-nvo-perspeja-apie-zalia-plovima\/\"]}]},{\"@type\":\"ImageObject\",\"inLanguage\":\"lt-LT\",\"@id\":\"http:\/\/eautomobiliai.lt\/index.php\/2025\/09\/09\/vw-bmw-mercedes-demonstruoja-naujus-ev-kad-butu-galima-paslepti-nuosmuki-nes-nvo-perspeja-apie-zalia-plovima\/#primaryimage\",\"url\":\"http:\/\/eautomobiliai.lt\/wp-content\/uploads\/2025\/09\/\u201eVW-BMW-\u201eMercedes-demonstruoja-naujus-EV-kad-butu-galima-paslepti.jpg\",\"contentUrl\":\"http:\/\/eautomobiliai.lt\/wp-content\/uploads\/2025\/09\/\u201eVW-BMW-\u201eMercedes-demonstruoja-naujus-EV-kad-butu-galima-paslepti.jpg\",\"width\":1200,\"height\":675},{\"@type\":\"BreadcrumbList\",\"@id\":\"http:\/\/eautomobiliai.lt\/index.php\/2025\/09\/09\/vw-bmw-mercedes-demonstruoja-naujus-ev-kad-butu-galima-paslepti-nuosmuki-nes-nvo-perspeja-apie-zalia-plovima\/#breadcrumb\",\"itemListElement\":[{\"@type\":\"ListItem\",\"position\":1,\"name\":\"Home\",\"item\":\"https:\/\/eautomobiliai.lt\/\"},{\"@type\":\"ListItem\",\"position\":2,\"name\":\"\u201eVW\u201c, BMW, \u201eMercedes\u201c demonstruoja naujus EV, kad b\u016bt\u0173 galima pasl\u0117pti nuosmuk\u012f, nes NVO persp\u0117ja apie \u017eali\u0105 plovim\u0105\"}]},{\"@type\":\"WebSite\",\"@id\":\"https:\/\/eautomobiliai.lt\/#website\",\"url\":\"https:\/\/eautomobiliai.lt\/\",\"name\":\"Eautomobiliai.lt\",\"description\":\"Elektrinis transportas, technologijos\",\"potentialAction\":[{\"@type\":\"SearchAction\",\"target\":{\"@type\":\"EntryPoint\",\"urlTemplate\":\"https:\/\/eautomobiliai.lt\/?s={search_term_string}\"},\"query-input\":{\"@type\":\"PropertyValueSpecification\",\"valueRequired\":true,\"valueName\":\"search_term_string\"}}],\"inLanguage\":\"lt-LT\"},{\"@type\":\"Person\",\"@id\":\"https:\/\/eautomobiliai.lt\/#\/schema\/person\/ecf2a967f361217d056061f74deb92f2\",\"name\":\"admin\",\"image\":{\"@type\":\"ImageObject\",\"inLanguage\":\"lt-LT\",\"@id\":\"https:\/\/eautomobiliai.lt\/#\/schema\/person\/image\/\",\"url\":\"https:\/\/secure.gravatar.com\/avatar\/6323379efae0c70c686c7905444d6bbd?s=96&d=mm&r=g\",\"contentUrl\":\"https:\/\/secure.gravatar.com\/avatar\/6323379efae0c70c686c7905444d6bbd?s=96&d=mm&r=g\",\"caption\":\"admin\"},\"sameAs\":[\"http:\/\/eautomobiliai.lt\"],\"url\":\"http:\/\/eautomobiliai.lt\/index.php\/author\/admin\/\"}]}<\/script>\n<!-- \/ Yoast SEO plugin. -->","yoast_head_json":{"title":"\u201eVW\u201c, BMW, \u201eMercedes\u201c demonstruoja naujus EV, kad b\u016bt\u0173 galima pasl\u0117pti nuosmuk\u012f, nes NVO persp\u0117ja apie \u017eali\u0105 plovim\u0105 - Eautomobiliai.lt","robots":{"index":"index","follow":"follow","max-snippet":"max-snippet:-1","max-image-preview":"max-image-preview:large","max-video-preview":"max-video-preview:-1"},"canonical":"http:\/\/eautomobiliai.lt\/index.php\/2025\/09\/09\/vw-bmw-mercedes-demonstruoja-naujus-ev-kad-butu-galima-paslepti-nuosmuki-nes-nvo-perspeja-apie-zalia-plovima\/","og_locale":"lt_LT","og_type":"article","og_title":"\u201eVW\u201c, BMW, \u201eMercedes\u201c demonstruoja naujus EV, kad b\u016bt\u0173 galima pasl\u0117pti nuosmuk\u012f, nes NVO persp\u0117ja apie \u017eali\u0105 plovim\u0105 - Eautomobiliai.lt","og_description":"\u0160ios savait\u0117s IAA mobilumo parodoje Miunchene Miunchene pristat\u0117 naujus elektrinius modelius VW, BMW ir \u201eMercedes\u201c, \u201eMercedes\u201c, pasak analitik\u0173, pasak analitik\u0173,&hellip;","og_url":"http:\/\/eautomobiliai.lt\/index.php\/2025\/09\/09\/vw-bmw-mercedes-demonstruoja-naujus-ev-kad-butu-galima-paslepti-nuosmuki-nes-nvo-perspeja-apie-zalia-plovima\/","og_site_name":"Eautomobiliai.lt","article_published_time":"2025-09-09T05:39:16+00:00","og_image":[{"width":1200,"height":675,"url":"http:\/\/eautomobiliai.lt\/wp-content\/uploads\/2025\/09\/\u201eVW-BMW-\u201eMercedes-demonstruoja-naujus-EV-kad-butu-galima-paslepti.jpg","type":"image\/jpeg"}],"author":"admin","twitter_card":"summary_large_image","twitter_misc":{"Written by":"admin","Est. reading time":"4 minut\u0117s"},"schema":{"@context":"https:\/\/schema.org","@graph":[{"@type":"Article","@id":"http:\/\/eautomobiliai.lt\/index.php\/2025\/09\/09\/vw-bmw-mercedes-demonstruoja-naujus-ev-kad-butu-galima-paslepti-nuosmuki-nes-nvo-perspeja-apie-zalia-plovima\/#article","isPartOf":{"@id":"http:\/\/eautomobiliai.lt\/index.php\/2025\/09\/09\/vw-bmw-mercedes-demonstruoja-naujus-ev-kad-butu-galima-paslepti-nuosmuki-nes-nvo-perspeja-apie-zalia-plovima\/"},"author":{"name":"admin","@id":"https:\/\/eautomobiliai.lt\/#\/schema\/person\/ecf2a967f361217d056061f74deb92f2"},"headline":"\u201eVW\u201c, BMW, \u201eMercedes\u201c demonstruoja naujus EV, kad b\u016bt\u0173 galima pasl\u0117pti nuosmuk\u012f, nes NVO persp\u0117ja apie \u017eali\u0105 plovim\u0105","datePublished":"2025-09-09T05:39:16+00:00","mainEntityOfPage":{"@id":"http:\/\/eautomobiliai.lt\/index.php\/2025\/09\/09\/vw-bmw-mercedes-demonstruoja-naujus-ev-kad-butu-galima-paslepti-nuosmuki-nes-nvo-perspeja-apie-zalia-plovima\/"},"wordCount":831,"commentCount":0,"image":{"@id":"http:\/\/eautomobiliai.lt\/index.php\/2025\/09\/09\/vw-bmw-mercedes-demonstruoja-naujus-ev-kad-butu-galima-paslepti-nuosmuki-nes-nvo-perspeja-apie-zalia-plovima\/#primaryimage"},"thumbnailUrl":"http:\/\/eautomobiliai.lt\/wp-content\/uploads\/2025\/09\/\u201eVW-BMW-\u201eMercedes-demonstruoja-naujus-EV-kad-butu-galima-paslepti.jpg","keywords":["apie","BMW","b\u016bt\u0173","demonstruoja","galima","kad","Mercedes","naujus","nes","nuosmuk\u012f","NVO","pasl\u0117pti","persp\u0117ja","plovim\u0105","\u017eali\u0105"],"articleSection":["eAUTOMOBILI\u0172 TECHNIN\u0116 PUS\u0116"],"inLanguage":"lt-LT","potentialAction":[{"@type":"CommentAction","name":"Comment","target":["http:\/\/eautomobiliai.lt\/index.php\/2025\/09\/09\/vw-bmw-mercedes-demonstruoja-naujus-ev-kad-butu-galima-paslepti-nuosmuki-nes-nvo-perspeja-apie-zalia-plovima\/#respond"]}]},{"@type":"WebPage","@id":"http:\/\/eautomobiliai.lt\/index.php\/2025\/09\/09\/vw-bmw-mercedes-demonstruoja-naujus-ev-kad-butu-galima-paslepti-nuosmuki-nes-nvo-perspeja-apie-zalia-plovima\/","url":"http:\/\/eautomobiliai.lt\/index.php\/2025\/09\/09\/vw-bmw-mercedes-demonstruoja-naujus-ev-kad-butu-galima-paslepti-nuosmuki-nes-nvo-perspeja-apie-zalia-plovima\/","name":"\u201eVW\u201c, BMW, \u201eMercedes\u201c demonstruoja naujus EV, kad b\u016bt\u0173 galima pasl\u0117pti nuosmuk\u012f, nes NVO persp\u0117ja apie \u017eali\u0105 plovim\u0105 - Eautomobiliai.lt","isPartOf":{"@id":"https:\/\/eautomobiliai.lt\/#website"},"primaryImageOfPage":{"@id":"http:\/\/eautomobiliai.lt\/index.php\/2025\/09\/09\/vw-bmw-mercedes-demonstruoja-naujus-ev-kad-butu-galima-paslepti-nuosmuki-nes-nvo-perspeja-apie-zalia-plovima\/#primaryimage"},"image":{"@id":"http:\/\/eautomobiliai.lt\/index.php\/2025\/09\/09\/vw-bmw-mercedes-demonstruoja-naujus-ev-kad-butu-galima-paslepti-nuosmuki-nes-nvo-perspeja-apie-zalia-plovima\/#primaryimage"},"thumbnailUrl":"http:\/\/eautomobiliai.lt\/wp-content\/uploads\/2025\/09\/\u201eVW-BMW-\u201eMercedes-demonstruoja-naujus-EV-kad-butu-galima-paslepti.jpg","datePublished":"2025-09-09T05:39:16+00:00","author":{"@id":"https:\/\/eautomobiliai.lt\/#\/schema\/person\/ecf2a967f361217d056061f74deb92f2"},"breadcrumb":{"@id":"http:\/\/eautomobiliai.lt\/index.php\/2025\/09\/09\/vw-bmw-mercedes-demonstruoja-naujus-ev-kad-butu-galima-paslepti-nuosmuki-nes-nvo-perspeja-apie-zalia-plovima\/#breadcrumb"},"inLanguage":"lt-LT","potentialAction":[{"@type":"ReadAction","target":["http:\/\/eautomobiliai.lt\/index.php\/2025\/09\/09\/vw-bmw-mercedes-demonstruoja-naujus-ev-kad-butu-galima-paslepti-nuosmuki-nes-nvo-perspeja-apie-zalia-plovima\/"]}]},{"@type":"ImageObject","inLanguage":"lt-LT","@id":"http:\/\/eautomobiliai.lt\/index.php\/2025\/09\/09\/vw-bmw-mercedes-demonstruoja-naujus-ev-kad-butu-galima-paslepti-nuosmuki-nes-nvo-perspeja-apie-zalia-plovima\/#primaryimage","url":"http:\/\/eautomobiliai.lt\/wp-content\/uploads\/2025\/09\/\u201eVW-BMW-\u201eMercedes-demonstruoja-naujus-EV-kad-butu-galima-paslepti.jpg","contentUrl":"http:\/\/eautomobiliai.lt\/wp-content\/uploads\/2025\/09\/\u201eVW-BMW-\u201eMercedes-demonstruoja-naujus-EV-kad-butu-galima-paslepti.jpg","width":1200,"height":675},{"@type":"BreadcrumbList","@id":"http:\/\/eautomobiliai.lt\/index.php\/2025\/09\/09\/vw-bmw-mercedes-demonstruoja-naujus-ev-kad-butu-galima-paslepti-nuosmuki-nes-nvo-perspeja-apie-zalia-plovima\/#breadcrumb","itemListElement":[{"@type":"ListItem","position":1,"name":"Home","item":"https:\/\/eautomobiliai.lt\/"},{"@type":"ListItem","position":2,"name":"\u201eVW\u201c, BMW, \u201eMercedes\u201c demonstruoja naujus EV, kad b\u016bt\u0173 galima pasl\u0117pti nuosmuk\u012f, nes NVO persp\u0117ja apie \u017eali\u0105 plovim\u0105"}]},{"@type":"WebSite","@id":"https:\/\/eautomobiliai.lt\/#website","url":"https:\/\/eautomobiliai.lt\/","name":"Eautomobiliai.lt","description":"Elektrinis transportas, technologijos","potentialAction":[{"@type":"SearchAction","target":{"@type":"EntryPoint","urlTemplate":"https:\/\/eautomobiliai.lt\/?s={search_term_string}"},"query-input":{"@type":"PropertyValueSpecification","valueRequired":true,"valueName":"search_term_string"}}],"inLanguage":"lt-LT"},{"@type":"Person","@id":"https:\/\/eautomobiliai.lt\/#\/schema\/person\/ecf2a967f361217d056061f74deb92f2","name":"admin","image":{"@type":"ImageObject","inLanguage":"lt-LT","@id":"https:\/\/eautomobiliai.lt\/#\/schema\/person\/image\/","url":"https:\/\/secure.gravatar.com\/avatar\/6323379efae0c70c686c7905444d6bbd?s=96&d=mm&r=g","contentUrl":"https:\/\/secure.gravatar.com\/avatar\/6323379efae0c70c686c7905444d6bbd?s=96&d=mm&r=g","caption":"admin"},"sameAs":["http:\/\/eautomobiliai.lt"],"url":"http:\/\/eautomobiliai.lt\/index.php\/author\/admin\/"}]}},"_links":{"self":[{"href":"http:\/\/eautomobiliai.lt\/index.php\/wp-json\/wp\/v2\/posts\/2068","targetHints":{"allow":["GET"]}}],"collection":[{"href":"http:\/\/eautomobiliai.lt\/index.php\/wp-json\/wp\/v2\/posts"}],"about":[{"href":"http:\/\/eautomobiliai.lt\/index.php\/wp-json\/wp\/v2\/types\/post"}],"author":[{"embeddable":true,"href":"http:\/\/eautomobiliai.lt\/index.php\/wp-json\/wp\/v2\/users\/1"}],"replies":[{"embeddable":true,"href":"http:\/\/eautomobiliai.lt\/index.php\/wp-json\/wp\/v2\/comments?post=2068"}],"version-history":[{"count":0,"href":"http:\/\/eautomobiliai.lt\/index.php\/wp-json\/wp\/v2\/posts\/2068\/revisions"}],"wp:featuredmedia":[{"embeddable":true,"href":"http:\/\/eautomobiliai.lt\/index.php\/wp-json\/wp\/v2\/media\/2069"}],"wp:attachment":[{"href":"http:\/\/eautomobiliai.lt\/index.php\/wp-json\/wp\/v2\/media?parent=2068"}],"wp:term":[{"taxonomy":"category","embeddable":true,"href":"http:\/\/eautomobiliai.lt\/index.php\/wp-json\/wp\/v2\/categories?post=2068"},{"taxonomy":"post_tag","embeddable":true,"href":"http:\/\/eautomobiliai.lt\/index.php\/wp-json\/wp\/v2\/tags?post=2068"}],"curies":[{"name":"wp","href":"https:\/\/api.w.org\/{rel}","templated":true}]}}