{"id":2098,"date":"2025-09-12T09:56:52","date_gmt":"2025-09-12T09:56:52","guid":{"rendered":"http:\/\/eautomobiliai.lt\/index.php\/2025\/09\/12\/tesla-inzinierius-kaltina-elona-muska-isdavusiu-tesla-misija-isejimo-laiske\/"},"modified":"2025-09-12T09:56:52","modified_gmt":"2025-09-12T09:56:52","slug":"tesla-inzinierius-kaltina-elona-muska-isdavusiu-tesla-misija-isejimo-laiske","status":"publish","type":"post","link":"http:\/\/eautomobiliai.lt\/index.php\/2025\/09\/12\/tesla-inzinierius-kaltina-elona-muska-isdavusiu-tesla-misija-isejimo-laiske\/","title":{"rendered":"\u201eTesla\u201c in\u017einierius kaltina Elon\u0105 Musk\u0105 i\u0161davusiu \u201eTesla\u201c misij\u0105 i\u0161\u0117jimo lai\u0161ke"},"content":{"rendered":"<p> <br \/>\n<\/p>\n<div>\n<figure class=\"img-border featured-image\">\n\t<\/figure>\n<p>Ilgametis \u201eTesla\u201c in\u017einierius paskelb\u0117 savo pasitraukim\u0105 i\u0161 bendrov\u0117s, nurodydamas Elon\u0105 Musk\u0105 kaip pagrindin\u0119 mesti mesti prie\u017east\u012f. Savo vie\u0161ame i\u0161\u0117jimo lai\u0161ke jis nusprend\u0117 atskleisti generalinio direktoriaus i\u0161davyst\u0119 \u201eTesla\u201c misijoje.<\/p>\n<p><span id=\"more-433872\"\/><\/p>\n<p>Giorgio Balestrieri pastaruosius 8 metus praleido \u201eTesla\u201c. <\/p>\n<p>Did\u017ei\u0105j\u0105 laiko dal\u012f jis praleido kaip duomen\u0173 analitikas Energijos kaupimo skyriuje, o paskui kaip algoritmo in\u017einierius, dirbantis \u201eAutobidder\u201c, \u201eTesla\u201c realiojo laiko prekybos ir energetikos turto kontrol\u0117s platformoje.<\/p>\n<p>Jo kadencijos metu \u201eBalestrieri\u201c pad\u0117jo paspartinti energijos kaupimo dislokavim\u0105 nuo k\u016bdikyst\u0117s iki dabartin\u0117s b\u016bkl\u0117s, kaip reik\u0161mingo energijos per\u0117jimo d\u0117lion\u0117s.<\/p>\n<p>\t<span class=\"outbrain-ad-label\">Skelbimas &#8211; slinkite daugiau turinio<\/span><\/p>\n<p>\u0160iandien jis paskelb\u0117 savo pasitraukim\u0105 i\u0161 Teslos. <\/p>\n<p>I\u0161\u0117jimo lai\u0161ke, pavie\u0161intu \u201eLinkedIn\u201c, Balestrieri pad\u0117kojo savo kolegoms ir pasveikino juos u\u017e vis\u0105 pa\u017eang\u0105, kuri\u0105 jie kartu padar\u0117 per daugel\u012f met\u0173.<\/p>\n<p>Lai\u0161ke in\u017einierius neveng\u0117 nurodyti \u201epagrindin\u0117s prie\u017easties\u201c, kod\u0117l jis i\u0161vyko: Elonas Muskas.<\/p>\n<p>Balestrieri paai\u0161kino, kad, jo manymu, generaliniam direktoriui nepavyko \u201eTesla\u201c misijos:<\/p>\n<blockquote class=\"wp-block-quote is-layout-flow wp-block-quote-is-layout-flow\">\n<p>Visa tai pasakius, a\u0161 turiu kreiptis \u012f drambl\u012f kambaryje: pagrindin\u0117 prie\u017eastis, d\u0117l kurios palieku, yra ta, kad, manau, Elonas padar\u0117 did\u017eiul\u0119 \u017eal\u0105 \u201eTesla\u201c misijai (ir keli\u0173 \u0161ali\u0173 demokratini\u0173 institucij\u0173 sveikatai). Be to, Elono lyderyst\u0117 ir sprendim\u0173 pri\u0117mimas atrodo rimtai pa\u017eeistas. Atsi\u017evelgiant \u012f jo did\u017eiul\u012f (ir augant\u012f, nepaai\u0161kinamai) \u201eTesla\u201c akcij\u0173 paket\u0105, a\u0161 nebegaliu \u012ftikinti sav\u0119s, kad tai yra tinkama vieta b\u016bti. Tai susij\u0119 ne tik su politika: kalbama apie mel\u0105 visuomenei, manipuliuoti vie\u0161uoju diskursu, nukreipti ma\u017eumas ir remti klimato kaitos neig\u0117jus ir politines j\u0117gas, suderintas su naftos ir duj\u0173 pramone. Manau, kad gana negin\u010dijama, kad dabartin\u0117 JAV administracija sul\u0117tina energijos per\u0117jim\u0105. Deja, greitis yra labai svarbus, jei norime i\u0161vengti blogiausi\u0173 klimato poky\u010di\u0173 padarini\u0173.<\/p>\n<\/blockquote>\n<p>Vis\u0105 lai\u0161k\u0105 galite perskaityti \u010dia.<\/p>\n<h2 class=\"wp-block-heading\" id=\"h-electrek-s-take\">\u201eElectrek&#8217;s Take\u201c<\/h2>\n<p>Jam gerai. A\u0161 dalinuosi sentimentais. <\/p>\n<p>A\u0161 nekaltinu n\u0117 vieno, dirban\u010dio \u201eTesla\u201c. Kaip ir \u201eBalestrieri\u201c, \u201eTesla\u201c galite tur\u0117ti prasming\u0105 darb\u0105, kuris vis dar prisideda prie misijos paspartinti pasaulio per\u0117jim\u0105 prie tvarios ekonomikos. <\/p>\n<p>Ta\u010diau tai gali b\u016bti nelinksma, kai generalinis direktorius imasi ai\u0161ki\u0173 veiksm\u0173 prie\u0161 misij\u0105 dideliu mastu, pavyzd\u017eiui, finansuoti klimato poky\u010dius, naikinan\u010dius politikus, kurie \u012fgyvendina politik\u0105, kuri dabar sul\u0117tina atsinaujinan\u010dios energijos ir elektros transporto per\u0117jimo diegim\u0105.<\/p>\n<p>Daugeliui \u017emoni\u0173, kurie prisijung\u0117 prie \u201eTesla\u201c d\u0117l misijos, atrodyt\u0173, kaip \u201eBalestrieri\u201c, ji gali jaustis neproduktyviai.<\/p>\n<p>Manau, kad akivaizdu, kad tai prisideda prie reik\u0161mingo talent\u0173 i\u0161\u0117jimo, kur\u012f mes mat\u0117me \u201eTesla\u201c per pastaruosius dvejus metus.<\/p>\n<p>Musko vadovyb\u0117 n\u0117ra tokia, kokia buvo anks\u010diau.<\/p>\n<div class=\"ad-disclaimer-container\">\n<p class=\"disclaimer-affiliate\"><em>FPK: Mes naudojame pajamas gaunan\u010dias automatinio filialo nuorodas.<\/em> Daugiau.<\/p>\n<p><!-- post ad --><\/div>\n<\/p><\/div>\n<p><br \/>\n<br \/><a href=\"https:\/\/electrek.co\/2025\/09\/11\/tesla-engineer-accuses-elon-musk-of-betraying-teslas-mission-in-exit-letter\/\">Source link <\/a><\/p>\n","protected":false},"excerpt":{"rendered":"<p>Ilgametis \u201eTesla\u201c in\u017einierius paskelb\u0117 savo pasitraukim\u0105 i\u0161 bendrov\u0117s, nurodydamas Elon\u0105 Musk\u0105 kaip pagrindin\u0119 mesti mesti prie\u017east\u012f. Savo vie\u0161ame i\u0161\u0117jimo lai\u0161ke&hellip;<\/p>\n","protected":false},"author":1,"featured_media":560,"comment_status":"open","ping_status":"open","sticky":false,"template":"","format":"standard","meta":{"om_disable_all_campaigns":false,"_monsterinsights_skip_tracking":false,"_monsterinsights_sitenote_active":false,"_monsterinsights_sitenote_note":"","_monsterinsights_sitenote_category":0,"footnotes":""},"categories":[8],"tags":[3732,3217,3734,3736,3426,3737,3735,3733,14],"class_list":["post-2098","post","type-post","status-publish","format-standard","has-post-thumbnail","hentry","category-elektriniai-automobiliai","tag-elona","tag-inzinierius","tag-isdavusiu","tag-isejimo","tag-kaltina","tag-laiske","tag-misija","tag-muska","tag-tesla"],"aioseo_notices":[],"yoast_head":"<!-- This site is optimized with the Yoast SEO plugin v26.8 - https:\/\/yoast.com\/product\/yoast-seo-wordpress\/ -->\n<title>\u201eTesla\u201c in\u017einierius kaltina Elon\u0105 Musk\u0105 i\u0161davusiu \u201eTesla\u201c misij\u0105 i\u0161\u0117jimo lai\u0161ke - Eautomobiliai.lt<\/title>\n<meta name=\"robots\" content=\"index, follow, max-snippet:-1, max-image-preview:large, max-video-preview:-1\" \/>\n<link rel=\"canonical\" href=\"http:\/\/eautomobiliai.lt\/index.php\/2025\/09\/12\/tesla-inzinierius-kaltina-elona-muska-isdavusiu-tesla-misija-isejimo-laiske\/\" \/>\n<meta property=\"og:locale\" content=\"lt_LT\" \/>\n<meta property=\"og:type\" content=\"article\" \/>\n<meta property=\"og:title\" content=\"\u201eTesla\u201c in\u017einierius kaltina Elon\u0105 Musk\u0105 i\u0161davusiu \u201eTesla\u201c misij\u0105 i\u0161\u0117jimo lai\u0161ke - Eautomobiliai.lt\" \/>\n<meta property=\"og:description\" content=\"Ilgametis \u201eTesla\u201c in\u017einierius paskelb\u0117 savo pasitraukim\u0105 i\u0161 bendrov\u0117s, nurodydamas Elon\u0105 Musk\u0105 kaip pagrindin\u0119 mesti mesti prie\u017east\u012f. Savo vie\u0161ame i\u0161\u0117jimo lai\u0161ke&hellip;\" \/>\n<meta property=\"og:url\" content=\"http:\/\/eautomobiliai.lt\/index.php\/2025\/09\/12\/tesla-inzinierius-kaltina-elona-muska-isdavusiu-tesla-misija-isejimo-laiske\/\" \/>\n<meta property=\"og:site_name\" content=\"Eautomobiliai.lt\" \/>\n<meta property=\"article:published_time\" content=\"2025-09-12T09:56:52+00:00\" \/>\n<meta property=\"og:image\" content=\"http:\/\/eautomobiliai.lt\/wp-content\/uploads\/2025\/04\/\u201eTesla-Whistleblower-sako.webp.jpeg\" \/>\n\t<meta property=\"og:image:width\" content=\"1200\" \/>\n\t<meta property=\"og:image:height\" content=\"628\" \/>\n\t<meta property=\"og:image:type\" content=\"image\/jpeg\" \/>\n<meta name=\"author\" content=\"admin\" \/>\n<meta name=\"twitter:card\" content=\"summary_large_image\" \/>\n<meta name=\"twitter:label1\" content=\"Written by\" \/>\n\t<meta name=\"twitter:data1\" content=\"admin\" \/>\n\t<meta name=\"twitter:label2\" content=\"Est. reading time\" \/>\n\t<meta name=\"twitter:data2\" content=\"2 minut\u0117s\" \/>\n<script type=\"application\/ld+json\" class=\"yoast-schema-graph\">{\"@context\":\"https:\/\/schema.org\",\"@graph\":[{\"@type\":\"Article\",\"@id\":\"http:\/\/eautomobiliai.lt\/index.php\/2025\/09\/12\/tesla-inzinierius-kaltina-elona-muska-isdavusiu-tesla-misija-isejimo-laiske\/#article\",\"isPartOf\":{\"@id\":\"http:\/\/eautomobiliai.lt\/index.php\/2025\/09\/12\/tesla-inzinierius-kaltina-elona-muska-isdavusiu-tesla-misija-isejimo-laiske\/\"},\"author\":{\"name\":\"admin\",\"@id\":\"https:\/\/eautomobiliai.lt\/#\/schema\/person\/ecf2a967f361217d056061f74deb92f2\"},\"headline\":\"\u201eTesla\u201c in\u017einierius kaltina Elon\u0105 Musk\u0105 i\u0161davusiu \u201eTesla\u201c misij\u0105 i\u0161\u0117jimo lai\u0161ke\",\"datePublished\":\"2025-09-12T09:56:52+00:00\",\"mainEntityOfPage\":{\"@id\":\"http:\/\/eautomobiliai.lt\/index.php\/2025\/09\/12\/tesla-inzinierius-kaltina-elona-muska-isdavusiu-tesla-misija-isejimo-laiske\/\"},\"wordCount\":456,\"commentCount\":0,\"image\":{\"@id\":\"http:\/\/eautomobiliai.lt\/index.php\/2025\/09\/12\/tesla-inzinierius-kaltina-elona-muska-isdavusiu-tesla-misija-isejimo-laiske\/#primaryimage\"},\"thumbnailUrl\":\"http:\/\/eautomobiliai.lt\/wp-content\/uploads\/2025\/04\/\u201eTesla-Whistleblower-sako.webp.jpeg\",\"keywords\":[\"Elon\u0105\",\"in\u017einierius\",\"i\u0161davusiu\",\"i\u0161\u0117jimo\",\"kaltina\",\"lai\u0161ke\",\"misij\u0105\",\"Musk\u0105\",\"Tesla\"],\"articleSection\":[\"ELEKTRINIAI AUTOMOBILIAI\"],\"inLanguage\":\"lt-LT\",\"potentialAction\":[{\"@type\":\"CommentAction\",\"name\":\"Comment\",\"target\":[\"http:\/\/eautomobiliai.lt\/index.php\/2025\/09\/12\/tesla-inzinierius-kaltina-elona-muska-isdavusiu-tesla-misija-isejimo-laiske\/#respond\"]}]},{\"@type\":\"WebPage\",\"@id\":\"http:\/\/eautomobiliai.lt\/index.php\/2025\/09\/12\/tesla-inzinierius-kaltina-elona-muska-isdavusiu-tesla-misija-isejimo-laiske\/\",\"url\":\"http:\/\/eautomobiliai.lt\/index.php\/2025\/09\/12\/tesla-inzinierius-kaltina-elona-muska-isdavusiu-tesla-misija-isejimo-laiske\/\",\"name\":\"\u201eTesla\u201c in\u017einierius kaltina Elon\u0105 Musk\u0105 i\u0161davusiu \u201eTesla\u201c misij\u0105 i\u0161\u0117jimo lai\u0161ke - Eautomobiliai.lt\",\"isPartOf\":{\"@id\":\"https:\/\/eautomobiliai.lt\/#website\"},\"primaryImageOfPage\":{\"@id\":\"http:\/\/eautomobiliai.lt\/index.php\/2025\/09\/12\/tesla-inzinierius-kaltina-elona-muska-isdavusiu-tesla-misija-isejimo-laiske\/#primaryimage\"},\"image\":{\"@id\":\"http:\/\/eautomobiliai.lt\/index.php\/2025\/09\/12\/tesla-inzinierius-kaltina-elona-muska-isdavusiu-tesla-misija-isejimo-laiske\/#primaryimage\"},\"thumbnailUrl\":\"http:\/\/eautomobiliai.lt\/wp-content\/uploads\/2025\/04\/\u201eTesla-Whistleblower-sako.webp.jpeg\",\"datePublished\":\"2025-09-12T09:56:52+00:00\",\"author\":{\"@id\":\"https:\/\/eautomobiliai.lt\/#\/schema\/person\/ecf2a967f361217d056061f74deb92f2\"},\"breadcrumb\":{\"@id\":\"http:\/\/eautomobiliai.lt\/index.php\/2025\/09\/12\/tesla-inzinierius-kaltina-elona-muska-isdavusiu-tesla-misija-isejimo-laiske\/#breadcrumb\"},\"inLanguage\":\"lt-LT\",\"potentialAction\":[{\"@type\":\"ReadAction\",\"target\":[\"http:\/\/eautomobiliai.lt\/index.php\/2025\/09\/12\/tesla-inzinierius-kaltina-elona-muska-isdavusiu-tesla-misija-isejimo-laiske\/\"]}]},{\"@type\":\"ImageObject\",\"inLanguage\":\"lt-LT\",\"@id\":\"http:\/\/eautomobiliai.lt\/index.php\/2025\/09\/12\/tesla-inzinierius-kaltina-elona-muska-isdavusiu-tesla-misija-isejimo-laiske\/#primaryimage\",\"url\":\"http:\/\/eautomobiliai.lt\/wp-content\/uploads\/2025\/04\/\u201eTesla-Whistleblower-sako.webp.jpeg\",\"contentUrl\":\"http:\/\/eautomobiliai.lt\/wp-content\/uploads\/2025\/04\/\u201eTesla-Whistleblower-sako.webp.jpeg\",\"width\":1200,\"height\":628},{\"@type\":\"BreadcrumbList\",\"@id\":\"http:\/\/eautomobiliai.lt\/index.php\/2025\/09\/12\/tesla-inzinierius-kaltina-elona-muska-isdavusiu-tesla-misija-isejimo-laiske\/#breadcrumb\",\"itemListElement\":[{\"@type\":\"ListItem\",\"position\":1,\"name\":\"Home\",\"item\":\"https:\/\/eautomobiliai.lt\/\"},{\"@type\":\"ListItem\",\"position\":2,\"name\":\"\u201eTesla\u201c in\u017einierius kaltina Elon\u0105 Musk\u0105 i\u0161davusiu \u201eTesla\u201c misij\u0105 i\u0161\u0117jimo lai\u0161ke\"}]},{\"@type\":\"WebSite\",\"@id\":\"https:\/\/eautomobiliai.lt\/#website\",\"url\":\"https:\/\/eautomobiliai.lt\/\",\"name\":\"Eautomobiliai.lt\",\"description\":\"Elektrinis transportas, technologijos\",\"potentialAction\":[{\"@type\":\"SearchAction\",\"target\":{\"@type\":\"EntryPoint\",\"urlTemplate\":\"https:\/\/eautomobiliai.lt\/?s={search_term_string}\"},\"query-input\":{\"@type\":\"PropertyValueSpecification\",\"valueRequired\":true,\"valueName\":\"search_term_string\"}}],\"inLanguage\":\"lt-LT\"},{\"@type\":\"Person\",\"@id\":\"https:\/\/eautomobiliai.lt\/#\/schema\/person\/ecf2a967f361217d056061f74deb92f2\",\"name\":\"admin\",\"image\":{\"@type\":\"ImageObject\",\"inLanguage\":\"lt-LT\",\"@id\":\"https:\/\/eautomobiliai.lt\/#\/schema\/person\/image\/\",\"url\":\"https:\/\/secure.gravatar.com\/avatar\/6323379efae0c70c686c7905444d6bbd?s=96&d=mm&r=g\",\"contentUrl\":\"https:\/\/secure.gravatar.com\/avatar\/6323379efae0c70c686c7905444d6bbd?s=96&d=mm&r=g\",\"caption\":\"admin\"},\"sameAs\":[\"http:\/\/eautomobiliai.lt\"],\"url\":\"http:\/\/eautomobiliai.lt\/index.php\/author\/admin\/\"}]}<\/script>\n<!-- \/ Yoast SEO plugin. -->","yoast_head_json":{"title":"\u201eTesla\u201c in\u017einierius kaltina Elon\u0105 Musk\u0105 i\u0161davusiu \u201eTesla\u201c misij\u0105 i\u0161\u0117jimo lai\u0161ke - Eautomobiliai.lt","robots":{"index":"index","follow":"follow","max-snippet":"max-snippet:-1","max-image-preview":"max-image-preview:large","max-video-preview":"max-video-preview:-1"},"canonical":"http:\/\/eautomobiliai.lt\/index.php\/2025\/09\/12\/tesla-inzinierius-kaltina-elona-muska-isdavusiu-tesla-misija-isejimo-laiske\/","og_locale":"lt_LT","og_type":"article","og_title":"\u201eTesla\u201c in\u017einierius kaltina Elon\u0105 Musk\u0105 i\u0161davusiu \u201eTesla\u201c misij\u0105 i\u0161\u0117jimo lai\u0161ke - Eautomobiliai.lt","og_description":"Ilgametis \u201eTesla\u201c in\u017einierius paskelb\u0117 savo pasitraukim\u0105 i\u0161 bendrov\u0117s, nurodydamas Elon\u0105 Musk\u0105 kaip pagrindin\u0119 mesti mesti prie\u017east\u012f. Savo vie\u0161ame i\u0161\u0117jimo lai\u0161ke&hellip;","og_url":"http:\/\/eautomobiliai.lt\/index.php\/2025\/09\/12\/tesla-inzinierius-kaltina-elona-muska-isdavusiu-tesla-misija-isejimo-laiske\/","og_site_name":"Eautomobiliai.lt","article_published_time":"2025-09-12T09:56:52+00:00","og_image":[{"width":1200,"height":628,"url":"http:\/\/eautomobiliai.lt\/wp-content\/uploads\/2025\/04\/\u201eTesla-Whistleblower-sako.webp.jpeg","type":"image\/jpeg"}],"author":"admin","twitter_card":"summary_large_image","twitter_misc":{"Written by":"admin","Est. reading time":"2 minut\u0117s"},"schema":{"@context":"https:\/\/schema.org","@graph":[{"@type":"Article","@id":"http:\/\/eautomobiliai.lt\/index.php\/2025\/09\/12\/tesla-inzinierius-kaltina-elona-muska-isdavusiu-tesla-misija-isejimo-laiske\/#article","isPartOf":{"@id":"http:\/\/eautomobiliai.lt\/index.php\/2025\/09\/12\/tesla-inzinierius-kaltina-elona-muska-isdavusiu-tesla-misija-isejimo-laiske\/"},"author":{"name":"admin","@id":"https:\/\/eautomobiliai.lt\/#\/schema\/person\/ecf2a967f361217d056061f74deb92f2"},"headline":"\u201eTesla\u201c in\u017einierius kaltina Elon\u0105 Musk\u0105 i\u0161davusiu \u201eTesla\u201c misij\u0105 i\u0161\u0117jimo lai\u0161ke","datePublished":"2025-09-12T09:56:52+00:00","mainEntityOfPage":{"@id":"http:\/\/eautomobiliai.lt\/index.php\/2025\/09\/12\/tesla-inzinierius-kaltina-elona-muska-isdavusiu-tesla-misija-isejimo-laiske\/"},"wordCount":456,"commentCount":0,"image":{"@id":"http:\/\/eautomobiliai.lt\/index.php\/2025\/09\/12\/tesla-inzinierius-kaltina-elona-muska-isdavusiu-tesla-misija-isejimo-laiske\/#primaryimage"},"thumbnailUrl":"http:\/\/eautomobiliai.lt\/wp-content\/uploads\/2025\/04\/\u201eTesla-Whistleblower-sako.webp.jpeg","keywords":["Elon\u0105","in\u017einierius","i\u0161davusiu","i\u0161\u0117jimo","kaltina","lai\u0161ke","misij\u0105","Musk\u0105","Tesla"],"articleSection":["ELEKTRINIAI AUTOMOBILIAI"],"inLanguage":"lt-LT","potentialAction":[{"@type":"CommentAction","name":"Comment","target":["http:\/\/eautomobiliai.lt\/index.php\/2025\/09\/12\/tesla-inzinierius-kaltina-elona-muska-isdavusiu-tesla-misija-isejimo-laiske\/#respond"]}]},{"@type":"WebPage","@id":"http:\/\/eautomobiliai.lt\/index.php\/2025\/09\/12\/tesla-inzinierius-kaltina-elona-muska-isdavusiu-tesla-misija-isejimo-laiske\/","url":"http:\/\/eautomobiliai.lt\/index.php\/2025\/09\/12\/tesla-inzinierius-kaltina-elona-muska-isdavusiu-tesla-misija-isejimo-laiske\/","name":"\u201eTesla\u201c in\u017einierius kaltina Elon\u0105 Musk\u0105 i\u0161davusiu \u201eTesla\u201c misij\u0105 i\u0161\u0117jimo lai\u0161ke - Eautomobiliai.lt","isPartOf":{"@id":"https:\/\/eautomobiliai.lt\/#website"},"primaryImageOfPage":{"@id":"http:\/\/eautomobiliai.lt\/index.php\/2025\/09\/12\/tesla-inzinierius-kaltina-elona-muska-isdavusiu-tesla-misija-isejimo-laiske\/#primaryimage"},"image":{"@id":"http:\/\/eautomobiliai.lt\/index.php\/2025\/09\/12\/tesla-inzinierius-kaltina-elona-muska-isdavusiu-tesla-misija-isejimo-laiske\/#primaryimage"},"thumbnailUrl":"http:\/\/eautomobiliai.lt\/wp-content\/uploads\/2025\/04\/\u201eTesla-Whistleblower-sako.webp.jpeg","datePublished":"2025-09-12T09:56:52+00:00","author":{"@id":"https:\/\/eautomobiliai.lt\/#\/schema\/person\/ecf2a967f361217d056061f74deb92f2"},"breadcrumb":{"@id":"http:\/\/eautomobiliai.lt\/index.php\/2025\/09\/12\/tesla-inzinierius-kaltina-elona-muska-isdavusiu-tesla-misija-isejimo-laiske\/#breadcrumb"},"inLanguage":"lt-LT","potentialAction":[{"@type":"ReadAction","target":["http:\/\/eautomobiliai.lt\/index.php\/2025\/09\/12\/tesla-inzinierius-kaltina-elona-muska-isdavusiu-tesla-misija-isejimo-laiske\/"]}]},{"@type":"ImageObject","inLanguage":"lt-LT","@id":"http:\/\/eautomobiliai.lt\/index.php\/2025\/09\/12\/tesla-inzinierius-kaltina-elona-muska-isdavusiu-tesla-misija-isejimo-laiske\/#primaryimage","url":"http:\/\/eautomobiliai.lt\/wp-content\/uploads\/2025\/04\/\u201eTesla-Whistleblower-sako.webp.jpeg","contentUrl":"http:\/\/eautomobiliai.lt\/wp-content\/uploads\/2025\/04\/\u201eTesla-Whistleblower-sako.webp.jpeg","width":1200,"height":628},{"@type":"BreadcrumbList","@id":"http:\/\/eautomobiliai.lt\/index.php\/2025\/09\/12\/tesla-inzinierius-kaltina-elona-muska-isdavusiu-tesla-misija-isejimo-laiske\/#breadcrumb","itemListElement":[{"@type":"ListItem","position":1,"name":"Home","item":"https:\/\/eautomobiliai.lt\/"},{"@type":"ListItem","position":2,"name":"\u201eTesla\u201c in\u017einierius kaltina Elon\u0105 Musk\u0105 i\u0161davusiu \u201eTesla\u201c misij\u0105 i\u0161\u0117jimo lai\u0161ke"}]},{"@type":"WebSite","@id":"https:\/\/eautomobiliai.lt\/#website","url":"https:\/\/eautomobiliai.lt\/","name":"Eautomobiliai.lt","description":"Elektrinis transportas, technologijos","potentialAction":[{"@type":"SearchAction","target":{"@type":"EntryPoint","urlTemplate":"https:\/\/eautomobiliai.lt\/?s={search_term_string}"},"query-input":{"@type":"PropertyValueSpecification","valueRequired":true,"valueName":"search_term_string"}}],"inLanguage":"lt-LT"},{"@type":"Person","@id":"https:\/\/eautomobiliai.lt\/#\/schema\/person\/ecf2a967f361217d056061f74deb92f2","name":"admin","image":{"@type":"ImageObject","inLanguage":"lt-LT","@id":"https:\/\/eautomobiliai.lt\/#\/schema\/person\/image\/","url":"https:\/\/secure.gravatar.com\/avatar\/6323379efae0c70c686c7905444d6bbd?s=96&d=mm&r=g","contentUrl":"https:\/\/secure.gravatar.com\/avatar\/6323379efae0c70c686c7905444d6bbd?s=96&d=mm&r=g","caption":"admin"},"sameAs":["http:\/\/eautomobiliai.lt"],"url":"http:\/\/eautomobiliai.lt\/index.php\/author\/admin\/"}]}},"_links":{"self":[{"href":"http:\/\/eautomobiliai.lt\/index.php\/wp-json\/wp\/v2\/posts\/2098","targetHints":{"allow":["GET"]}}],"collection":[{"href":"http:\/\/eautomobiliai.lt\/index.php\/wp-json\/wp\/v2\/posts"}],"about":[{"href":"http:\/\/eautomobiliai.lt\/index.php\/wp-json\/wp\/v2\/types\/post"}],"author":[{"embeddable":true,"href":"http:\/\/eautomobiliai.lt\/index.php\/wp-json\/wp\/v2\/users\/1"}],"replies":[{"embeddable":true,"href":"http:\/\/eautomobiliai.lt\/index.php\/wp-json\/wp\/v2\/comments?post=2098"}],"version-history":[{"count":0,"href":"http:\/\/eautomobiliai.lt\/index.php\/wp-json\/wp\/v2\/posts\/2098\/revisions"}],"wp:featuredmedia":[{"embeddable":true,"href":"http:\/\/eautomobiliai.lt\/index.php\/wp-json\/wp\/v2\/media\/560"}],"wp:attachment":[{"href":"http:\/\/eautomobiliai.lt\/index.php\/wp-json\/wp\/v2\/media?parent=2098"}],"wp:term":[{"taxonomy":"category","embeddable":true,"href":"http:\/\/eautomobiliai.lt\/index.php\/wp-json\/wp\/v2\/categories?post=2098"},{"taxonomy":"post_tag","embeddable":true,"href":"http:\/\/eautomobiliai.lt\/index.php\/wp-json\/wp\/v2\/tags?post=2098"}],"curies":[{"name":"wp","href":"https:\/\/api.w.org\/{rel}","templated":true}]}}