{"id":2139,"date":"2025-09-17T02:11:12","date_gmt":"2025-09-17T02:11:12","guid":{"rendered":"http:\/\/eautomobiliai.lt\/index.php\/2025\/09\/17\/tesla-partneriai-su-uber-freight-siulo-tesla-semi-electric-sunkvezimius-su-nuolaidomis\/"},"modified":"2025-09-17T02:11:12","modified_gmt":"2025-09-17T02:11:12","slug":"tesla-partneriai-su-uber-freight-siulo-tesla-semi-electric-sunkvezimius-su-nuolaidomis","status":"publish","type":"post","link":"http:\/\/eautomobiliai.lt\/index.php\/2025\/09\/17\/tesla-partneriai-su-uber-freight-siulo-tesla-semi-electric-sunkvezimius-su-nuolaidomis\/","title":{"rendered":"\u201eTesla\u201c partneriai su \u201eUber Freight\u201c si\u016blo \u201eTesla Semi Electric\u201c sunkve\u017eimius su nuolaidomis"},"content":{"rendered":"<p> <br \/>\n<\/p>\n<div>\n<figure class=\"img-border featured-image\">\n\t<\/figure>\n<p>\u201eUber Freight\u201c pradeda \u201especiali\u0105 EV laivyno greitintuvo program\u0105\u201c bendradarbiaudama su \u201eTesla\u201c, kad suma\u017eint\u0173 reik\u0161mingiausi\u0105 kli\u016bt\u012f \u201eElektros 8 klas\u0117s\u201c \u012fvaikinimui: i\u0161ankstin\u0117s i\u0161laidos.<\/p>\n<p>Pirk\u0117j\u0173 programa poros suporuoja \u201eTesla Semis\u201c subsidijas su i\u0161 anksto sujungtais specialiais krovini\u0173 ir mar\u0161rut\u0173 planavimu aplink \u201eTesla\u201c pusiau \u012fkroviklio tinkl\u0105, kuris \u0161iuo metu yra dislokuotas JAV.<\/p>\n<p><span id=\"more-434587\"\/><\/p>\n<p>Kaip rodo pavadinimas, speciali\u0105 \u201eEV\u201c parko greitintuvo program\u0105 siekiama pagreitinti elektrini\u0173 transporto priemoni\u0173 dislokavim\u0105 \u201eUber\u201c krovini\u0173 laivynuose.<\/p>\n<p>\u0160tai kaip \u201eUber\u201c siekia to pasiekti i\u0161 prane\u0161imo spaudai:<\/p>\n<p>\t<span class=\"outbrain-ad-label\">Skelbimas &#8211; slinkite daugiau turinio<\/span><\/p>\n<ul class=\"wp-block-list\">\n<li><strong>Subsidijuojama kaina: <\/strong>\u201eTesla Semis\u201c, perkan\u010di\u0173 \u201eTesla\u201c, per \u0161i\u0105 program\u0105 gaus subsidij\u0105 u\u017e pirkimo kain\u0105.   <\/li>\n<li><strong>Numatomas augimas:<\/strong> \u201eTesla Semis\u201c integruos \u012f \u201eUber Freight\u201c skirtus sprendimus siunt\u0117jams, skirtus siunt\u0117jams, integruosis i\u0161 anksto nustatyt\u0105 laikotarp\u012f. Tai suteikia galimyb\u0119 ve\u017e\u0117jams u\u017etikrintai prognozuoti pajamas, o siunt\u0117jai \u012fgyja nuosekli\u0105 prieig\u0105 prie patikimos, nulin\u0117s emisijos paj\u0117gum\u0173. <\/li>\n<li><strong>Optimizuokite naudojim\u0105: <\/strong>\u201eUber\u201c krovini\u0173 gabenimas \u012f savo plat\u0173 krovini\u0173 tinkl\u0105, kad atitikt\u0173 ve\u017e\u0117jus su nuosekliais, auk\u0161tos kokyb\u0117s kroviniais i\u0161 m\u016bs\u0173 stiprios siunt\u0117j\u0173 baz\u0117s-padidindami, kad \u0161ie \u201eTesla\u201c pusiau b\u016bt\u0173 visi\u0161kai panaudoti, o ve\u017e\u0117jai nuo pat prad\u017ei\u0173 mato skirt\u0105, tikr\u0105, i\u0161matuojam\u0105 gr\u0105\u017e\u0105.<\/li>\n<\/ul>\n<p>\u201eUber\u201c i\u0161 tikr\u0173j\u0173 tur\u0117jo pana\u0161i\u0105 partneryst\u0119 su \u201eTesla\u201c d\u0117l savo keleivini\u0173 transporto priemoni\u0173 \u201eUber\u201c va\u017eiavimo parke. \u201eUber\u201c vairuotojams buvo si\u016blomos nuolaidos \u201eTesla\u201c transporto priemon\u0117ms ir \u201eTesla\u201c integruota \u201eUber\u201c programa savo sistemoje, kad gal\u0117t\u0173 dirbti su automobilio navigacija, ir si\u016blo tik va\u017eiavimus dabartiniame transporto priemon\u0117s diapazone.<\/p>\n<p>Dabar \u201eUber Freight\u201c integruos savo programin\u0119 \u012frang\u0105 \u012f \u201eTesla\u201c pusiau sunkve\u017eimius ir pad\u0117s sunkve\u017eimi\u0173 vairuotojams gauti mar\u0161rutus, kurie veikia su elektriniais sunkve\u017eimiais ir ITS <\/p>\n<figure class=\"wp-block-image alignwide size-large\"><img loading=\"lazy\" decoding=\"async\" height=\"451\" width=\"1024\" src=\"https:\/\/electrek.co\/wp-content\/uploads\/sites\/3\/2025\/09\/Tesla-Semi-Uber-Freight-Fleet.png?w=1024\" alt=\"\" class=\"wp-image-434621\" srcset=\"https:\/\/electrek.co\/wp-content\/uploads\/sites\/3\/2025\/09\/Tesla-Semi-Uber-Freight-Fleet.png 3326w, https:\/\/electrek.co\/wp-content\/uploads\/sites\/3\/2025\/09\/Tesla-Semi-Uber-Freight-Fleet.png?resize=150,66 150w, https:\/\/electrek.co\/wp-content\/uploads\/sites\/3\/2025\/09\/Tesla-Semi-Uber-Freight-Fleet.png?resize=300,132 300w, https:\/\/electrek.co\/wp-content\/uploads\/sites\/3\/2025\/09\/Tesla-Semi-Uber-Freight-Fleet.png?resize=768,338 768w, https:\/\/electrek.co\/wp-content\/uploads\/sites\/3\/2025\/09\/Tesla-Semi-Uber-Freight-Fleet.png?resize=1024,451 1024w, https:\/\/electrek.co\/wp-content\/uploads\/sites\/3\/2025\/09\/Tesla-Semi-Uber-Freight-Fleet.png?resize=1536,676 1536w, https:\/\/electrek.co\/wp-content\/uploads\/sites\/3\/2025\/09\/Tesla-Semi-Uber-Freight-Fleet.png?resize=2048,901 2048w, https:\/\/electrek.co\/wp-content\/uploads\/sites\/3\/2025\/09\/Tesla-Semi-Uber-Freight-Fleet.png?resize=350,154 350w, https:\/\/electrek.co\/wp-content\/uploads\/sites\/3\/2025\/09\/Tesla-Semi-Uber-Freight-Fleet.png?resize=140,62 140w, https:\/\/electrek.co\/wp-content\/uploads\/sites\/3\/2025\/09\/Tesla-Semi-Uber-Freight-Fleet.png?resize=1600,704 1600w\" sizes=\"auto, (max-width: 1024px) 100vw, 1024px\"\/><\/figure>\n<p>Apie program\u0105 vis dar yra daug ne\u017einom\u0173. Pirmiausia mes ne\u017einome, kiek \u201eUber\u201c ir \u201eTesla\u201c subsidijuoja sunkve\u017eimius.<\/p>\n<p>Mes net neturime \u201eTesla Semi\u201c kainos.<\/p>\n<p>\u201eTesla\u201c i\u0161 prad\u017ei\u0173 paskelb\u0117 150 000 USD kain\u0105 u\u017e 300 myli\u0173 \u201eTesla Semi\u201c versij\u0105 ir 180 000 USD u\u017e 500 myli\u0173 versij\u0105, ta\u010diau tai buvo 2017 m., Kai i\u0161 prad\u017ei\u0173 buvo atidengtas elektros sunkve\u017eimis.<\/p>\n<p>Nuo to laiko transporto priemoni\u0173 programa buvo atid\u0117ta kelis kartus, o \u201eTesla\u201c niekada neatnaujino kainos vie\u0161ai.<\/p>\n<p>Neseniai prane\u0161\u0117me apie ankstyv\u0105 \u201eTesla Semi\u201c klient\u0105 \u201eRyder\u201c, skund\u017eiantis \u201edramati\u0161ku\u201c kain\u0173 padid\u0117jimu. Remiantis dokumentais, kuriuos \u201eRyders\u201c pateik\u0117 vald\u017eios institucijoms, kaina gal\u0117jo b\u016bti padvigub\u0117jusi, kad gaut\u0173 finansavim\u0105 savo \u201eTesla Semi Test\u201c parkui.<\/p>\n<p>Dabar \u201eUber Freight\u201c sako, kad \u201eTesla\u201c per\u017ei\u016br\u0117s visas nuosavyb\u0117s i\u0161laidas su potencialiais laivyno pirk\u0117jais per savo nauj\u0105j\u0105 program\u0105.<\/p>\n<p>Tikimasi, kad 2026 m. \u201eTesla Semi\u201c dabar prad\u0117s gaminti apimt\u012f.<\/p>\n<p>Automobili\u0173 gamintojas taip pat pradeda dislokuoti savo \u201eMegacharger\u201c stotis, \u201eEV\u201c greito \u012fkrovimo stotis, skirtas komercin\u0117ms elektrin\u0117ms transporto priemon\u0117ms, tokioms kaip \u201eTesla Semi\u201c.<\/p>\n<p>\u0160iuo metu ji pirmiausia diegia megachargers savo ir ankstyv\u0173j\u0173 bandom\u0173j\u0173 partneri\u0173 patalpose, ta\u010diau pakeliui taip pat yra keletas vie\u0161\u0173 megacharger sto\u010di\u0173.<\/p>\n<h3 class=\"wp-block-heading\" id=\"h-electrek-s-take\">\u201eElectrek&#8217;s Take\u201c<\/h3>\n<p>Tai \u0161aunu. Mes ne\u017einome tikslaus subsidijos dyd\u017eio, ta\u010diau tai yra reik\u0161mingas \u012fvykis, kad \u201eUber\u201c krovini\u0173 gabenimas si\u016blo daugiau galimybi\u0173 \u012fsidarbinti tiems, kuriems priklauso elektrinis sunkve\u017eimis.<\/p>\n<p>Tai tur\u0117t\u0173 paskatinti daugiau laivyno valdytoj\u0173 paspartinti savo transporto priemoni\u0173 per\u0117jim\u0105 prie elektrini\u0173 transporto priemoni\u0173.<\/p>\n<p>Lipduko kaina da\u017enai yra reik\u0161minga kli\u016btis EV pri\u0117mimui, net jei bendros nuosavyb\u0117s i\u0161laidos da\u017enai yra pigesn\u0117s nei vidaus degimo varikli\u0173 transporto priemoni\u0173. Ta\u010diau sunkve\u017eimi\u0173 vairuotojams bendros nuosavyb\u0117s i\u0161laidos yra daug svarbesn\u0117s, nes tai yra j\u0173 verslas.<\/p>\n<p>Ta\u010diau viskas rodo, kad \u201eTesla Semi\u201c kainuos ar\u010diau 300 000 USD nei 150 000 USD, tod\u0117l kiekvienas svarstymas yra svarbus perkant tok\u012f didel\u012f pirkin\u012f.<\/p>\n<p>\u012edomu tai, kad \u0161i naujoji partneryst\u0117 sutampa su Rebecca Tinecci neseniai paskyrimu \u201eUber Freight\u201c generaliniu direktoriumi.<\/p>\n<p>\u201eTinecci\u201c buvo \u201eTesla\u201c \u012fkrovimo skyriaus vadovas iki pra\u0117jusi\u0173 met\u0173, kai, kaip prane\u0161ama, ji kartu su visa savo komanda jai buvo atleista Elonas Muskas po to, kai ji atsisak\u0117 paleisti didesn\u012f savo komandos procent\u0105.<\/p>\n<p>Dabar ji v\u0117l bendradarbiauja su \u201eTesla\u201c per \u0161i\u0105 program\u0105.<\/p>\n<div class=\"ad-disclaimer-container\">\n<p class=\"disclaimer-affiliate\"><em>FPK: Mes naudojame pajamas gaunan\u010dias automatinio filialo nuorodas.<\/em> Daugiau.<\/p>\n<p><!-- post ad --><\/div>\n<\/p><\/div>\n<p><br \/>\n<br \/><a href=\"https:\/\/electrek.co\/2025\/09\/16\/tesla-partners-uber-freight-offer-tesla-semi-electric-trucks-discounts\/\">Source link <\/a><\/p>\n","protected":false},"excerpt":{"rendered":"<p>\u201eUber Freight\u201c pradeda \u201especiali\u0105 EV laivyno greitintuvo program\u0105\u201c bendradarbiaudama su \u201eTesla\u201c, kad suma\u017eint\u0173 reik\u0161mingiausi\u0105 kli\u016bt\u012f \u201eElektros 8 klas\u0117s\u201c \u012fvaikinimui: i\u0161ankstin\u0117s&hellip;<\/p>\n","protected":false},"author":1,"featured_media":2140,"comment_status":"open","ping_status":"open","sticky":false,"template":"","format":"standard","meta":{"om_disable_all_campaigns":false,"_monsterinsights_skip_tracking":false,"_monsterinsights_sitenote_active":false,"_monsterinsights_sitenote_note":"","_monsterinsights_sitenote_category":0,"footnotes":""},"categories":[8],"tags":[67,3788,1910,3787,959,478,1004,14,12],"class_list":["post-2139","post","type-post","status-publish","format-standard","has-post-thumbnail","hentry","category-elektriniai-automobiliai","tag-electric","tag-freight","tag-nuolaidomis","tag-partneriai","tag-semi","tag-siulo","tag-sunkvezimius","tag-tesla","tag-uber"],"aioseo_notices":[],"yoast_head":"<!-- This site is optimized with the Yoast SEO plugin v26.8 - https:\/\/yoast.com\/product\/yoast-seo-wordpress\/ -->\n<title>\u201eTesla\u201c partneriai su \u201eUber Freight\u201c si\u016blo \u201eTesla Semi Electric\u201c sunkve\u017eimius su nuolaidomis - Eautomobiliai.lt<\/title>\n<meta name=\"robots\" content=\"index, follow, max-snippet:-1, max-image-preview:large, max-video-preview:-1\" \/>\n<link rel=\"canonical\" href=\"http:\/\/eautomobiliai.lt\/index.php\/2025\/09\/17\/tesla-partneriai-su-uber-freight-siulo-tesla-semi-electric-sunkvezimius-su-nuolaidomis\/\" \/>\n<meta property=\"og:locale\" content=\"lt_LT\" \/>\n<meta property=\"og:type\" content=\"article\" \/>\n<meta property=\"og:title\" content=\"\u201eTesla\u201c partneriai su \u201eUber Freight\u201c si\u016blo \u201eTesla Semi Electric\u201c sunkve\u017eimius su nuolaidomis - Eautomobiliai.lt\" \/>\n<meta property=\"og:description\" content=\"\u201eUber Freight\u201c pradeda \u201especiali\u0105 EV laivyno greitintuvo program\u0105\u201c bendradarbiaudama su \u201eTesla\u201c, kad suma\u017eint\u0173 reik\u0161mingiausi\u0105 kli\u016bt\u012f \u201eElektros 8 klas\u0117s\u201c \u012fvaikinimui: i\u0161ankstin\u0117s&hellip;\" \/>\n<meta property=\"og:url\" content=\"http:\/\/eautomobiliai.lt\/index.php\/2025\/09\/17\/tesla-partneriai-su-uber-freight-siulo-tesla-semi-electric-sunkvezimius-su-nuolaidomis\/\" \/>\n<meta property=\"og:site_name\" content=\"Eautomobiliai.lt\" \/>\n<meta property=\"article:published_time\" content=\"2025-09-17T02:11:12+00:00\" \/>\n<meta property=\"og:image\" content=\"http:\/\/eautomobiliai.lt\/wp-content\/uploads\/2025\/09\/\u201eTesla-partneriai-su-\u201eUber-Freight-siulo-\u201eTesla-Semi-Electric-sunkvezimius.webp.jpeg\" \/>\n\t<meta property=\"og:image:width\" content=\"1200\" \/>\n\t<meta property=\"og:image:height\" content=\"628\" \/>\n\t<meta property=\"og:image:type\" content=\"image\/jpeg\" \/>\n<meta name=\"author\" content=\"admin\" \/>\n<meta name=\"twitter:card\" content=\"summary_large_image\" \/>\n<meta name=\"twitter:label1\" content=\"Written by\" \/>\n\t<meta name=\"twitter:data1\" content=\"admin\" \/>\n\t<meta name=\"twitter:label2\" content=\"Est. reading time\" \/>\n\t<meta name=\"twitter:data2\" content=\"3 minut\u0117s\" \/>\n<script type=\"application\/ld+json\" class=\"yoast-schema-graph\">{\"@context\":\"https:\/\/schema.org\",\"@graph\":[{\"@type\":\"Article\",\"@id\":\"http:\/\/eautomobiliai.lt\/index.php\/2025\/09\/17\/tesla-partneriai-su-uber-freight-siulo-tesla-semi-electric-sunkvezimius-su-nuolaidomis\/#article\",\"isPartOf\":{\"@id\":\"http:\/\/eautomobiliai.lt\/index.php\/2025\/09\/17\/tesla-partneriai-su-uber-freight-siulo-tesla-semi-electric-sunkvezimius-su-nuolaidomis\/\"},\"author\":{\"name\":\"admin\",\"@id\":\"https:\/\/eautomobiliai.lt\/#\/schema\/person\/ecf2a967f361217d056061f74deb92f2\"},\"headline\":\"\u201eTesla\u201c partneriai su \u201eUber Freight\u201c si\u016blo \u201eTesla Semi Electric\u201c sunkve\u017eimius su nuolaidomis\",\"datePublished\":\"2025-09-17T02:11:12+00:00\",\"mainEntityOfPage\":{\"@id\":\"http:\/\/eautomobiliai.lt\/index.php\/2025\/09\/17\/tesla-partneriai-su-uber-freight-siulo-tesla-semi-electric-sunkvezimius-su-nuolaidomis\/\"},\"wordCount\":688,\"commentCount\":0,\"image\":{\"@id\":\"http:\/\/eautomobiliai.lt\/index.php\/2025\/09\/17\/tesla-partneriai-su-uber-freight-siulo-tesla-semi-electric-sunkvezimius-su-nuolaidomis\/#primaryimage\"},\"thumbnailUrl\":\"http:\/\/eautomobiliai.lt\/wp-content\/uploads\/2025\/09\/\u201eTesla-partneriai-su-\u201eUber-Freight-siulo-\u201eTesla-Semi-Electric-sunkvezimius.webp.jpeg\",\"keywords\":[\"Electric\",\"Freight\",\"nuolaidomis\",\"partneriai\",\"Semi\",\"si\u016blo\",\"sunkve\u017eimius\",\"Tesla\",\"Uber\"],\"articleSection\":[\"ELEKTRINIAI AUTOMOBILIAI\"],\"inLanguage\":\"lt-LT\",\"potentialAction\":[{\"@type\":\"CommentAction\",\"name\":\"Comment\",\"target\":[\"http:\/\/eautomobiliai.lt\/index.php\/2025\/09\/17\/tesla-partneriai-su-uber-freight-siulo-tesla-semi-electric-sunkvezimius-su-nuolaidomis\/#respond\"]}]},{\"@type\":\"WebPage\",\"@id\":\"http:\/\/eautomobiliai.lt\/index.php\/2025\/09\/17\/tesla-partneriai-su-uber-freight-siulo-tesla-semi-electric-sunkvezimius-su-nuolaidomis\/\",\"url\":\"http:\/\/eautomobiliai.lt\/index.php\/2025\/09\/17\/tesla-partneriai-su-uber-freight-siulo-tesla-semi-electric-sunkvezimius-su-nuolaidomis\/\",\"name\":\"\u201eTesla\u201c partneriai su \u201eUber Freight\u201c si\u016blo \u201eTesla Semi Electric\u201c sunkve\u017eimius su nuolaidomis - Eautomobiliai.lt\",\"isPartOf\":{\"@id\":\"https:\/\/eautomobiliai.lt\/#website\"},\"primaryImageOfPage\":{\"@id\":\"http:\/\/eautomobiliai.lt\/index.php\/2025\/09\/17\/tesla-partneriai-su-uber-freight-siulo-tesla-semi-electric-sunkvezimius-su-nuolaidomis\/#primaryimage\"},\"image\":{\"@id\":\"http:\/\/eautomobiliai.lt\/index.php\/2025\/09\/17\/tesla-partneriai-su-uber-freight-siulo-tesla-semi-electric-sunkvezimius-su-nuolaidomis\/#primaryimage\"},\"thumbnailUrl\":\"http:\/\/eautomobiliai.lt\/wp-content\/uploads\/2025\/09\/\u201eTesla-partneriai-su-\u201eUber-Freight-siulo-\u201eTesla-Semi-Electric-sunkvezimius.webp.jpeg\",\"datePublished\":\"2025-09-17T02:11:12+00:00\",\"author\":{\"@id\":\"https:\/\/eautomobiliai.lt\/#\/schema\/person\/ecf2a967f361217d056061f74deb92f2\"},\"breadcrumb\":{\"@id\":\"http:\/\/eautomobiliai.lt\/index.php\/2025\/09\/17\/tesla-partneriai-su-uber-freight-siulo-tesla-semi-electric-sunkvezimius-su-nuolaidomis\/#breadcrumb\"},\"inLanguage\":\"lt-LT\",\"potentialAction\":[{\"@type\":\"ReadAction\",\"target\":[\"http:\/\/eautomobiliai.lt\/index.php\/2025\/09\/17\/tesla-partneriai-su-uber-freight-siulo-tesla-semi-electric-sunkvezimius-su-nuolaidomis\/\"]}]},{\"@type\":\"ImageObject\",\"inLanguage\":\"lt-LT\",\"@id\":\"http:\/\/eautomobiliai.lt\/index.php\/2025\/09\/17\/tesla-partneriai-su-uber-freight-siulo-tesla-semi-electric-sunkvezimius-su-nuolaidomis\/#primaryimage\",\"url\":\"http:\/\/eautomobiliai.lt\/wp-content\/uploads\/2025\/09\/\u201eTesla-partneriai-su-\u201eUber-Freight-siulo-\u201eTesla-Semi-Electric-sunkvezimius.webp.jpeg\",\"contentUrl\":\"http:\/\/eautomobiliai.lt\/wp-content\/uploads\/2025\/09\/\u201eTesla-partneriai-su-\u201eUber-Freight-siulo-\u201eTesla-Semi-Electric-sunkvezimius.webp.jpeg\",\"width\":1200,\"height\":628},{\"@type\":\"BreadcrumbList\",\"@id\":\"http:\/\/eautomobiliai.lt\/index.php\/2025\/09\/17\/tesla-partneriai-su-uber-freight-siulo-tesla-semi-electric-sunkvezimius-su-nuolaidomis\/#breadcrumb\",\"itemListElement\":[{\"@type\":\"ListItem\",\"position\":1,\"name\":\"Home\",\"item\":\"https:\/\/eautomobiliai.lt\/\"},{\"@type\":\"ListItem\",\"position\":2,\"name\":\"\u201eTesla\u201c partneriai su \u201eUber Freight\u201c si\u016blo \u201eTesla Semi Electric\u201c sunkve\u017eimius su nuolaidomis\"}]},{\"@type\":\"WebSite\",\"@id\":\"https:\/\/eautomobiliai.lt\/#website\",\"url\":\"https:\/\/eautomobiliai.lt\/\",\"name\":\"Eautomobiliai.lt\",\"description\":\"Elektrinis transportas, technologijos\",\"potentialAction\":[{\"@type\":\"SearchAction\",\"target\":{\"@type\":\"EntryPoint\",\"urlTemplate\":\"https:\/\/eautomobiliai.lt\/?s={search_term_string}\"},\"query-input\":{\"@type\":\"PropertyValueSpecification\",\"valueRequired\":true,\"valueName\":\"search_term_string\"}}],\"inLanguage\":\"lt-LT\"},{\"@type\":\"Person\",\"@id\":\"https:\/\/eautomobiliai.lt\/#\/schema\/person\/ecf2a967f361217d056061f74deb92f2\",\"name\":\"admin\",\"image\":{\"@type\":\"ImageObject\",\"inLanguage\":\"lt-LT\",\"@id\":\"https:\/\/eautomobiliai.lt\/#\/schema\/person\/image\/\",\"url\":\"https:\/\/secure.gravatar.com\/avatar\/6323379efae0c70c686c7905444d6bbd?s=96&d=mm&r=g\",\"contentUrl\":\"https:\/\/secure.gravatar.com\/avatar\/6323379efae0c70c686c7905444d6bbd?s=96&d=mm&r=g\",\"caption\":\"admin\"},\"sameAs\":[\"http:\/\/eautomobiliai.lt\"],\"url\":\"http:\/\/eautomobiliai.lt\/index.php\/author\/admin\/\"}]}<\/script>\n<!-- \/ Yoast SEO plugin. -->","yoast_head_json":{"title":"\u201eTesla\u201c partneriai su \u201eUber Freight\u201c si\u016blo \u201eTesla Semi Electric\u201c sunkve\u017eimius su nuolaidomis - Eautomobiliai.lt","robots":{"index":"index","follow":"follow","max-snippet":"max-snippet:-1","max-image-preview":"max-image-preview:large","max-video-preview":"max-video-preview:-1"},"canonical":"http:\/\/eautomobiliai.lt\/index.php\/2025\/09\/17\/tesla-partneriai-su-uber-freight-siulo-tesla-semi-electric-sunkvezimius-su-nuolaidomis\/","og_locale":"lt_LT","og_type":"article","og_title":"\u201eTesla\u201c partneriai su \u201eUber Freight\u201c si\u016blo \u201eTesla Semi Electric\u201c sunkve\u017eimius su nuolaidomis - Eautomobiliai.lt","og_description":"\u201eUber Freight\u201c pradeda \u201especiali\u0105 EV laivyno greitintuvo program\u0105\u201c bendradarbiaudama su \u201eTesla\u201c, kad suma\u017eint\u0173 reik\u0161mingiausi\u0105 kli\u016bt\u012f \u201eElektros 8 klas\u0117s\u201c \u012fvaikinimui: i\u0161ankstin\u0117s&hellip;","og_url":"http:\/\/eautomobiliai.lt\/index.php\/2025\/09\/17\/tesla-partneriai-su-uber-freight-siulo-tesla-semi-electric-sunkvezimius-su-nuolaidomis\/","og_site_name":"Eautomobiliai.lt","article_published_time":"2025-09-17T02:11:12+00:00","og_image":[{"width":1200,"height":628,"url":"http:\/\/eautomobiliai.lt\/wp-content\/uploads\/2025\/09\/\u201eTesla-partneriai-su-\u201eUber-Freight-siulo-\u201eTesla-Semi-Electric-sunkvezimius.webp.jpeg","type":"image\/jpeg"}],"author":"admin","twitter_card":"summary_large_image","twitter_misc":{"Written by":"admin","Est. reading time":"3 minut\u0117s"},"schema":{"@context":"https:\/\/schema.org","@graph":[{"@type":"Article","@id":"http:\/\/eautomobiliai.lt\/index.php\/2025\/09\/17\/tesla-partneriai-su-uber-freight-siulo-tesla-semi-electric-sunkvezimius-su-nuolaidomis\/#article","isPartOf":{"@id":"http:\/\/eautomobiliai.lt\/index.php\/2025\/09\/17\/tesla-partneriai-su-uber-freight-siulo-tesla-semi-electric-sunkvezimius-su-nuolaidomis\/"},"author":{"name":"admin","@id":"https:\/\/eautomobiliai.lt\/#\/schema\/person\/ecf2a967f361217d056061f74deb92f2"},"headline":"\u201eTesla\u201c partneriai su \u201eUber Freight\u201c si\u016blo \u201eTesla Semi Electric\u201c sunkve\u017eimius su nuolaidomis","datePublished":"2025-09-17T02:11:12+00:00","mainEntityOfPage":{"@id":"http:\/\/eautomobiliai.lt\/index.php\/2025\/09\/17\/tesla-partneriai-su-uber-freight-siulo-tesla-semi-electric-sunkvezimius-su-nuolaidomis\/"},"wordCount":688,"commentCount":0,"image":{"@id":"http:\/\/eautomobiliai.lt\/index.php\/2025\/09\/17\/tesla-partneriai-su-uber-freight-siulo-tesla-semi-electric-sunkvezimius-su-nuolaidomis\/#primaryimage"},"thumbnailUrl":"http:\/\/eautomobiliai.lt\/wp-content\/uploads\/2025\/09\/\u201eTesla-partneriai-su-\u201eUber-Freight-siulo-\u201eTesla-Semi-Electric-sunkvezimius.webp.jpeg","keywords":["Electric","Freight","nuolaidomis","partneriai","Semi","si\u016blo","sunkve\u017eimius","Tesla","Uber"],"articleSection":["ELEKTRINIAI AUTOMOBILIAI"],"inLanguage":"lt-LT","potentialAction":[{"@type":"CommentAction","name":"Comment","target":["http:\/\/eautomobiliai.lt\/index.php\/2025\/09\/17\/tesla-partneriai-su-uber-freight-siulo-tesla-semi-electric-sunkvezimius-su-nuolaidomis\/#respond"]}]},{"@type":"WebPage","@id":"http:\/\/eautomobiliai.lt\/index.php\/2025\/09\/17\/tesla-partneriai-su-uber-freight-siulo-tesla-semi-electric-sunkvezimius-su-nuolaidomis\/","url":"http:\/\/eautomobiliai.lt\/index.php\/2025\/09\/17\/tesla-partneriai-su-uber-freight-siulo-tesla-semi-electric-sunkvezimius-su-nuolaidomis\/","name":"\u201eTesla\u201c partneriai su \u201eUber Freight\u201c si\u016blo \u201eTesla Semi Electric\u201c sunkve\u017eimius su nuolaidomis - Eautomobiliai.lt","isPartOf":{"@id":"https:\/\/eautomobiliai.lt\/#website"},"primaryImageOfPage":{"@id":"http:\/\/eautomobiliai.lt\/index.php\/2025\/09\/17\/tesla-partneriai-su-uber-freight-siulo-tesla-semi-electric-sunkvezimius-su-nuolaidomis\/#primaryimage"},"image":{"@id":"http:\/\/eautomobiliai.lt\/index.php\/2025\/09\/17\/tesla-partneriai-su-uber-freight-siulo-tesla-semi-electric-sunkvezimius-su-nuolaidomis\/#primaryimage"},"thumbnailUrl":"http:\/\/eautomobiliai.lt\/wp-content\/uploads\/2025\/09\/\u201eTesla-partneriai-su-\u201eUber-Freight-siulo-\u201eTesla-Semi-Electric-sunkvezimius.webp.jpeg","datePublished":"2025-09-17T02:11:12+00:00","author":{"@id":"https:\/\/eautomobiliai.lt\/#\/schema\/person\/ecf2a967f361217d056061f74deb92f2"},"breadcrumb":{"@id":"http:\/\/eautomobiliai.lt\/index.php\/2025\/09\/17\/tesla-partneriai-su-uber-freight-siulo-tesla-semi-electric-sunkvezimius-su-nuolaidomis\/#breadcrumb"},"inLanguage":"lt-LT","potentialAction":[{"@type":"ReadAction","target":["http:\/\/eautomobiliai.lt\/index.php\/2025\/09\/17\/tesla-partneriai-su-uber-freight-siulo-tesla-semi-electric-sunkvezimius-su-nuolaidomis\/"]}]},{"@type":"ImageObject","inLanguage":"lt-LT","@id":"http:\/\/eautomobiliai.lt\/index.php\/2025\/09\/17\/tesla-partneriai-su-uber-freight-siulo-tesla-semi-electric-sunkvezimius-su-nuolaidomis\/#primaryimage","url":"http:\/\/eautomobiliai.lt\/wp-content\/uploads\/2025\/09\/\u201eTesla-partneriai-su-\u201eUber-Freight-siulo-\u201eTesla-Semi-Electric-sunkvezimius.webp.jpeg","contentUrl":"http:\/\/eautomobiliai.lt\/wp-content\/uploads\/2025\/09\/\u201eTesla-partneriai-su-\u201eUber-Freight-siulo-\u201eTesla-Semi-Electric-sunkvezimius.webp.jpeg","width":1200,"height":628},{"@type":"BreadcrumbList","@id":"http:\/\/eautomobiliai.lt\/index.php\/2025\/09\/17\/tesla-partneriai-su-uber-freight-siulo-tesla-semi-electric-sunkvezimius-su-nuolaidomis\/#breadcrumb","itemListElement":[{"@type":"ListItem","position":1,"name":"Home","item":"https:\/\/eautomobiliai.lt\/"},{"@type":"ListItem","position":2,"name":"\u201eTesla\u201c partneriai su \u201eUber Freight\u201c si\u016blo \u201eTesla Semi Electric\u201c sunkve\u017eimius su nuolaidomis"}]},{"@type":"WebSite","@id":"https:\/\/eautomobiliai.lt\/#website","url":"https:\/\/eautomobiliai.lt\/","name":"Eautomobiliai.lt","description":"Elektrinis transportas, technologijos","potentialAction":[{"@type":"SearchAction","target":{"@type":"EntryPoint","urlTemplate":"https:\/\/eautomobiliai.lt\/?s={search_term_string}"},"query-input":{"@type":"PropertyValueSpecification","valueRequired":true,"valueName":"search_term_string"}}],"inLanguage":"lt-LT"},{"@type":"Person","@id":"https:\/\/eautomobiliai.lt\/#\/schema\/person\/ecf2a967f361217d056061f74deb92f2","name":"admin","image":{"@type":"ImageObject","inLanguage":"lt-LT","@id":"https:\/\/eautomobiliai.lt\/#\/schema\/person\/image\/","url":"https:\/\/secure.gravatar.com\/avatar\/6323379efae0c70c686c7905444d6bbd?s=96&d=mm&r=g","contentUrl":"https:\/\/secure.gravatar.com\/avatar\/6323379efae0c70c686c7905444d6bbd?s=96&d=mm&r=g","caption":"admin"},"sameAs":["http:\/\/eautomobiliai.lt"],"url":"http:\/\/eautomobiliai.lt\/index.php\/author\/admin\/"}]}},"_links":{"self":[{"href":"http:\/\/eautomobiliai.lt\/index.php\/wp-json\/wp\/v2\/posts\/2139","targetHints":{"allow":["GET"]}}],"collection":[{"href":"http:\/\/eautomobiliai.lt\/index.php\/wp-json\/wp\/v2\/posts"}],"about":[{"href":"http:\/\/eautomobiliai.lt\/index.php\/wp-json\/wp\/v2\/types\/post"}],"author":[{"embeddable":true,"href":"http:\/\/eautomobiliai.lt\/index.php\/wp-json\/wp\/v2\/users\/1"}],"replies":[{"embeddable":true,"href":"http:\/\/eautomobiliai.lt\/index.php\/wp-json\/wp\/v2\/comments?post=2139"}],"version-history":[{"count":0,"href":"http:\/\/eautomobiliai.lt\/index.php\/wp-json\/wp\/v2\/posts\/2139\/revisions"}],"wp:featuredmedia":[{"embeddable":true,"href":"http:\/\/eautomobiliai.lt\/index.php\/wp-json\/wp\/v2\/media\/2140"}],"wp:attachment":[{"href":"http:\/\/eautomobiliai.lt\/index.php\/wp-json\/wp\/v2\/media?parent=2139"}],"wp:term":[{"taxonomy":"category","embeddable":true,"href":"http:\/\/eautomobiliai.lt\/index.php\/wp-json\/wp\/v2\/categories?post=2139"},{"taxonomy":"post_tag","embeddable":true,"href":"http:\/\/eautomobiliai.lt\/index.php\/wp-json\/wp\/v2\/tags?post=2139"}],"curies":[{"name":"wp","href":"https:\/\/api.w.org\/{rel}","templated":true}]}}