{"id":2144,"date":"2025-09-17T14:06:44","date_gmt":"2025-09-17T14:06:44","guid":{"rendered":"http:\/\/eautomobiliai.lt\/index.php\/2025\/09\/17\/dieselgate-whistleblower-perspeja-vw-bmw-ir-mercedes-rizikuoja-kartoti-klaidas-elektros-poslinkyje\/"},"modified":"2025-09-17T14:06:44","modified_gmt":"2025-09-17T14:06:44","slug":"dieselgate-whistleblower-perspeja-vw-bmw-ir-mercedes-rizikuoja-kartoti-klaidas-elektros-poslinkyje","status":"publish","type":"post","link":"http:\/\/eautomobiliai.lt\/index.php\/2025\/09\/17\/dieselgate-whistleblower-perspeja-vw-bmw-ir-mercedes-rizikuoja-kartoti-klaidas-elektros-poslinkyje\/","title":{"rendered":"Dieselgate Whistleblower persp\u0117ja VW, BMW ir \u201eMercedes\u201c rizikuoja kartoti klaidas elektros poslinkyje"},"content":{"rendered":"<p> <br \/>\n<\/p>\n<div>\n<p>2015 m. Rugs\u0117jo 18 d. JAV aplinkos apsaugos agent\u016bra (EPA) apkaltino VW nelegalios programin\u0117s \u012frangos \u012fdiegim\u0105 \u012f kai kuriuos j\u0173 dyzelinius automobilius, kad pasl\u0117pt\u0173 nuoding\u0173 i\u0161metim\u0173 &#8211; \u201eDieselgate\u201c skandalo, kuris netrukus tapo pasauliniu klausimu, apiman\u010diu daugel\u012f pramon\u0117s mil\u017ein\u0173, prad\u017eia.<\/p>\n<p><span data-huuid=\"2067895127478835122\">\u0160ie \u201epralaim\u0117jimo \u012ftaisai\u201c leido automobiliams atitikti reguliavimo standartus bandymo metu, o kelyje sklinda pavojingai auk\u0161tas ter\u0161al\u0173, ypa\u010d azoto oksid\u0173 (NOX), kiekis. Anks\u010diau <\/span>Tarptautin\u0117 \u0161varaus transporto taryba (ICCT) u\u017eregistravo per daug i\u0161metam\u0173 ter\u0161al\u0173 keliuose VW automobiliuose, parduodamuose JAV, ir prane\u0161\u0117 EPA.<\/p>\n<p><em>Nor\u0117dami gauti daugiau informacijos, perskaitykite m\u016bs\u0173 \u201eDieselgate\u201c skandalo laiko juost\u0105.<\/em><\/p>\n<div id=\"ez-toc-container\" class=\"ez-toc-v2_0_82_2 counter-hierarchy ez-toc-counter ez-toc-grey ez-toc-container-direction\">\n<div class=\"ez-toc-title-container\">\n<p class=\"ez-toc-title\" style=\"cursor:inherit\">Turinys:<\/p>\n<span class=\"ez-toc-title-toggle\"><a href=\"#\" class=\"ez-toc-pull-right ez-toc-btn ez-toc-btn-xs ez-toc-btn-default ez-toc-toggle\" aria-label=\"Toggle Table of Content\"><span class=\"ez-toc-js-icon-con\"><span class=\"\"><span class=\"eztoc-hide\" style=\"display:none;\">Toggle<\/span><span class=\"ez-toc-icon-toggle-span\"><svg style=\"fill: #999;color:#999\" xmlns=\"http:\/\/www.w3.org\/2000\/svg\" class=\"list-377408\" width=\"20px\" height=\"20px\" viewBox=\"0 0 24 24\" fill=\"none\"><path d=\"M6 6H4v2h2V6zm14 0H8v2h12V6zM4 11h2v2H4v-2zm16 0H8v2h12v-2zM4 16h2v2H4v-2zm16 0H8v2h12v-2z\" fill=\"currentColor\"><\/path><\/svg><svg style=\"fill: #999;color:#999\" class=\"arrow-unsorted-368013\" xmlns=\"http:\/\/www.w3.org\/2000\/svg\" width=\"10px\" height=\"10px\" viewBox=\"0 0 24 24\" version=\"1.2\" baseProfile=\"tiny\"><path d=\"M18.2 9.3l-6.2-6.3-6.2 6.3c-.2.2-.3.4-.3.7s.1.5.3.7c.2.2.4.3.7.3h11c.3 0 .5-.1.7-.3.2-.2.3-.5.3-.7s-.1-.5-.3-.7zM5.8 14.7l6.2 6.3 6.2-6.3c.2-.2.3-.5.3-.7s-.1-.5-.3-.7c-.2-.2-.4-.3-.7-.3h-11c-.3 0-.5.1-.7.3-.2.2-.3.5-.3.7s.1.5.3.7z\"\/><\/svg><\/span><\/span><\/span><\/a><\/span><\/div>\n<nav><ul class='ez-toc-list ez-toc-list-level-1 ' ><li class='ez-toc-page-1 ez-toc-heading-level-3'><a class=\"ez-toc-link ez-toc-heading-1\" href=\"http:\/\/eautomobiliai.lt\/index.php\/2025\/09\/17\/dieselgate-whistleblower-perspeja-vw-bmw-ir-mercedes-rizikuoja-kartoti-klaidas-elektros-poslinkyje\/#Svaros_energijos_viela_Zvelgiant_atgal_kaip_ivertinti_%E2%80%9EDieselgate%E2%80%9C_skandala_Kiek_tai_pakeite_Vokietijos_automobiliu_pramone\" >\u0160varos energijos viela: \u017dvelgiant atgal, kaip \u012fvertinti \u201eDieselgate\u201c skandal\u0105? Kiek tai pakeit\u0117 Vokietijos automobili\u0173 pramon\u0119?<\/a><\/li><li class='ez-toc-page-1 ez-toc-heading-level-3'><a class=\"ez-toc-link ez-toc-heading-2\" href=\"http:\/\/eautomobiliai.lt\/index.php\/2025\/09\/17\/dieselgate-whistleblower-perspeja-vw-bmw-ir-mercedes-rizikuoja-kartoti-klaidas-elektros-poslinkyje\/#Kodel_tuo_metu_imones_prisieme_didziule_sistemingo_sukciavimo_rizika\" >Kod\u0117l tuo metu \u012fmon\u0117s prisi\u0117m\u0117 did\u017eiul\u0119 sistemingo suk\u010diavimo rizik\u0105?<\/a><\/li><li class='ez-toc-page-1 ez-toc-heading-level-3'><a class=\"ez-toc-link ez-toc-heading-3\" href=\"http:\/\/eautomobiliai.lt\/index.php\/2025\/09\/17\/dieselgate-whistleblower-perspeja-vw-bmw-ir-mercedes-rizikuoja-kartoti-klaidas-elektros-poslinkyje\/#Kur_siandien_yra_pramone_Vokietijos_automobiliu_gamintojai_praejusia_savaite_Miunchene_atidenge_naujus_elektrinius_modelius_Miunchene\" >Kur \u0161iandien yra pramon\u0117? Vokietijos automobili\u0173 gamintojai pra\u0117jusi\u0105 savait\u0119 Miunchene atideng\u0117 naujus elektrinius modelius Miunchene.<\/a><\/li><li class='ez-toc-page-1 ez-toc-heading-level-3'><a class=\"ez-toc-link ez-toc-heading-4\" href=\"http:\/\/eautomobiliai.lt\/index.php\/2025\/09\/17\/dieselgate-whistleblower-perspeja-vw-bmw-ir-mercedes-rizikuoja-kartoti-klaidas-elektros-poslinkyje\/#Ar_vokieciu_gamintojai_gali_net_pasivyti_Kinijos_gamintojus_technologijos_ir_kainos_prasme_O_gal_jie_jau_nepasiekiami\" >Ar vokie\u010di\u0173 gamintojai gali net pasivyti Kinijos gamintojus technologijos ir kainos prasme? O gal jie jau nepasiekiami?<\/a><\/li><li class='ez-toc-page-1 ez-toc-heading-level-3'><a class=\"ez-toc-link ez-toc-heading-5\" href=\"http:\/\/eautomobiliai.lt\/index.php\/2025\/09\/17\/dieselgate-whistleblower-perspeja-vw-bmw-ir-mercedes-rizikuoja-kartoti-klaidas-elektros-poslinkyje\/#Kitos_aplinkos_apsaugos_NVO_kaltina_gamintojus_zaliuojanciais_plovimais_Jie_teigia_kad_gamintojai_IAA_naudoja_kaip_figos_lapa_kad_pasleptu_savo_iskastinio_kuro_verslo_modeli_Ar_sutiktumete_su_tuo\" >Kitos aplinkos apsaugos NVO kaltina gamintojus \u017ealiuojan\u010diais plovimais. Jie teigia, kad gamintojai IAA naudoja kaip figos lap\u0105, kad pasl\u0117pt\u0173 savo i\u0161kastinio kuro verslo model\u012f. Ar sutiktum\u0117te su tuo?<\/a><\/li><li class='ez-toc-page-1 ez-toc-heading-level-3'><a class=\"ez-toc-link ez-toc-heading-6\" href=\"http:\/\/eautomobiliai.lt\/index.php\/2025\/09\/17\/dieselgate-whistleblower-perspeja-vw-bmw-ir-mercedes-rizikuoja-kartoti-klaidas-elektros-poslinkyje\/#Mes_ka_tik_pazvelgeme_per_pastaruosius_10_metu_dabar_pazvelkime_i_10_metu_i_prieki_Ar_noretumete_numatyti_kaip_tada_atrodys_pasauline_automobiliu_rinka\" >Mes k\u0105 tik pa\u017evelg\u0117me per pastaruosius 10 met\u0173, dabar pa\u017evelkime \u012f 10 met\u0173 \u012f priek\u012f. Ar nor\u0117tum\u0117te numatyti, kaip tada atrodys pasaulin\u0117 automobili\u0173 rinka?<\/a><\/li><li class='ez-toc-page-1 ez-toc-heading-level-3'><a class=\"ez-toc-link ez-toc-heading-7\" href=\"http:\/\/eautomobiliai.lt\/index.php\/2025\/09\/17\/dieselgate-whistleblower-perspeja-vw-bmw-ir-mercedes-rizikuoja-kartoti-klaidas-elektros-poslinkyje\/#Gamintojai_siuo_metu_vel_lobizuoja_kad_atsipalaiduotu_ES_Phaseout_Degimo_varikliuose_2035_m_Kaip_atrodys_Europos_rinka_tuo_metu_ir_kaip_svarbu_kad_taikinys_liktu_vietoje\" >Gamintojai \u0161iuo metu v\u0117l lobizuoja, kad atsipalaiduot\u0173 ES Phaseout  Degimo varikliuose 2035 m. Kaip atrodys Europos rinka tuo metu ir kaip svarbu, kad taikinys likt\u0173 vietoje?<\/a><\/li><li class='ez-toc-page-1 ez-toc-heading-level-3'><a class=\"ez-toc-link ez-toc-heading-8\" href=\"http:\/\/eautomobiliai.lt\/index.php\/2025\/09\/17\/dieselgate-whistleblower-perspeja-vw-bmw-ir-mercedes-rizikuoja-kartoti-klaidas-elektros-poslinkyje\/#Netrukus_kanceliarijoje_bus_dar_vienas_automobiliu_virsuniu_susitikimas_Kas_ten_turetu_nutikti\" >Netrukus kanceliarijoje bus dar vienas automobili\u0173 vir\u0161\u016bni\u0173 susitikimas. Kas ten tur\u0117t\u0173 nutikti?<\/a><\/li><\/ul><\/nav><\/div>\n<h3><span class=\"ez-toc-section\" id=\"Svaros_energijos_viela_Zvelgiant_atgal_kaip_ivertinti_%E2%80%9EDieselgate%E2%80%9C_skandala_Kiek_tai_pakeite_Vokietijos_automobiliu_pramone\"><\/span>\u0160varos energijos viela: \u017dvelgiant atgal, kaip \u012fvertinti \u201eDieselgate\u201c skandal\u0105? Kiek tai pakeit\u0117 Vokietijos automobili\u0173 pramon\u0119?<span class=\"ez-toc-section-end\"><\/span><\/h3>\n<p><strong><em>Peteris Mockas:<\/em><\/strong> Tuo metu tai atrod\u0117 kaip did\u017eiulis pos\u016bkio ta\u0161kas tiek politikai, tiek pramonei. Vokietijos politikai staiga elg\u0117si labai skirtingai ir neb\u0117ra patikimi automobili\u0173 gamintojai &#8211; buvo labai daug nusivylimo ir skepticizmo. Tai taip pat pasirod\u0117 es\u0105s pagrindinis automobili\u0173 pramon\u0117s pos\u016bkio ta\u0161kas, nes tuo metu tapo labai ai\u0161ku, kad dyzelinas nebuvo ateitis, o degimo varikliai apskritai tikriausiai taip pat nebuvo. Tai paskatino daugyb\u0119 \u012fsipareigojim\u0173 d\u0117l elektros jud\u0117jimo.<\/p>\n<p>Ta\u010diau \u0161iandienos perspektyvoje saky\u010diau, kad tai nebuvo toks didelis dalykas, kaip mes i\u0161 prad\u017ei\u0173 man\u0117me. Politikai ir automobili\u0173 gamintojai gana greitai gr\u012f\u017eo \u012f versl\u0105 kaip \u012fprasta. Gr\u012f\u017eta tas pats senas automobili\u0173 pramon\u0117s ir politik\u0173 susitarimas. Tuo pat metu kai kurios \u012fmon\u0117s nutolsta nuo ankstesni\u0173 \u012fsipareigojim\u0173 d\u0117l elektros jud\u0117jimo, ir kai kuriose \u012fmon\u0117se yra net naujos vilties, kad jos gali toliau parduoti savo sen\u0105 degimo technologij\u0105.<\/p>\n<h3><span class=\"ez-toc-section\" id=\"Kodel_tuo_metu_imones_prisieme_didziule_sistemingo_sukciavimo_rizika\"><\/span><strong>Kod\u0117l tuo metu \u012fmon\u0117s prisi\u0117m\u0117 did\u017eiul\u0119 sistemingo suk\u010diavimo rizik\u0105?<\/strong><span class=\"ez-toc-section-end\"><\/span><\/h3>\n<p>Vis\u0173 pirma vokie\u010di\u0173 automobili\u0173 gamintojai aroganti\u0161kai pasiry\u017eo u\u017ekariauti pasaul\u012f su savo dyzeliniais varikliais. Jie nor\u0117jo, kad technologija b\u016bt\u0173 pasaulin\u0117 s\u0117km\u0117s istorija &#8211; bet kokia kaina. Tuo metu Europoje, ypa\u010d Vokietijoje, buvo vienintel\u0117s rinkos, kuriose dyzelinas gerai pardav\u0117. Jie nor\u0117jo pa\u0161alinti \u0161i\u0105 s\u0117km\u0119 \u012f pasaul\u012f.<\/p>\n<p>Vietoj to, jie tur\u0117jo daug anks\u010diau suprasti, kad dyzelino technologija netur\u0117jo ateities. Jie tur\u0117jo nuosekliai sutelkti d\u0117mes\u012f \u012f gryn\u0105 elektrin\u012f mobilum\u0105 &#8211; kaip tai padar\u0117 Kinija. Kad b\u016bt\u0173 dar blogiau, jie \u0117m\u0117si dar dviej\u0173 apva\u017eiavim\u0173: pirm\u0173j\u0173 hibrid\u0173, o paskui &#8211; nes\u0105moning\u0105 sintetinio kuro vilt\u012f.<\/p>\n<p>Ta\u010diau u\u017euot protingai naudoj\u0119 hibridin\u0119 technologij\u0105, kad b\u016bt\u0173 galima pastatyti beveik grynai elektromobilius su ma\u017eu atsarg\u0173 rezervuaru, kad b\u016bt\u0173 galima prat\u0119sti diapazon\u0105, jie panaudojo \u0161i\u0105 technologij\u0105, kad padidint\u0173 variklio gali\u0105 ir kelyje pad\u0117t\u0173 tikrai didelius, sunkius visureigius. Tada, dar viename nedideliame skandale, paai\u0161k\u0117jo, kad dauguma hibrid\u0173 vos varo elektros energij\u0105.<\/p>\n<p>Bendrov\u0117s galb\u016bt prarado de\u0161imtis milijard\u0173 eur\u0173 skandale, ta\u010diau jos visada tur\u0117jo pakankamai i\u0161tekli\u0173 lemiamiems poky\u010diams. Vietoj to, jie kelis kartus nukrypo nuo ilgalaikio strateginio kelio link elektromobilumo.<\/p>\n<h3><span class=\"ez-toc-section\" id=\"Kur_siandien_yra_pramone_Vokietijos_automobiliu_gamintojai_praejusia_savaite_Miunchene_atidenge_naujus_elektrinius_modelius_Miunchene\"><\/span><strong>Kur \u0161iandien yra pramon\u0117? Vokietijos automobili\u0173 gamintojai pra\u0117jusi\u0105 savait\u0119 Miunchene atideng\u0117 naujus elektrinius modelius Miunchene.<\/strong><span class=\"ez-toc-section-end\"><\/span><\/h3>\n<p>Manau, kad vis dar yra vilties Vokietijos automobili\u0173 pramonei, nes j\u0173 nauji modeliai ir technologijos i\u0161 tikr\u0173j\u0173 yra labai geri. Vokietijos automobili\u0173 gamintojai tiesiog turi didel\u0119 patirt\u012f kuriant automobilius ir juos parduoda &#8211; aspekt\u0105, kurio nereik\u0117t\u0173 nuvertinti. Tuo pa\u010diu metu yra \u0161is paradoksas, kad jie pristato puikius produktus automobili\u0173 parodose, tokiose kaip IAA, ir po keli\u0173 dien\u0173 vestibiul\u012f prie\u0161 \u0161iuos pa\u010dius produktus ES Briuselyje.<\/p>\n<p>Manau, kad \u0161is prie\u0161taravimas kyla d\u0117l to, kad \u012fmon\u0117s tiesiog per daug orientuotos \u012f kitus ketvir\u010dio rezultatus-trumpalaik\u012f peln\u0105. Tai i\u0161stumia ilgalaik\u0119 strategij\u0105 \u012f fon\u0105-klausimai, tokie kaip: kur mes norime eiti per ilg\u0105 laik\u0105? Kur mums reikia ilgainiui paimti savo klientus ir politikus? Nei klientai, nei politikai negali greitai \u0161okin\u0117ti pirmyn ir atgal; Jie turi \u017einoti, kur kelion\u0117 eina.<\/p>\n<h3><span class=\"ez-toc-section\" id=\"Ar_vokieciu_gamintojai_gali_net_pasivyti_Kinijos_gamintojus_technologijos_ir_kainos_prasme_O_gal_jie_jau_nepasiekiami\"><\/span><strong>Ar vokie\u010di\u0173 gamintojai gali net pasivyti Kinijos gamintojus technologijos ir kainos prasme? O gal jie jau nepasiekiami?<\/strong><span class=\"ez-toc-section-end\"><\/span><\/h3>\n<p>Kinijos kompanijos dar nepasiekiama, ta\u010diau tai gali \u012fvykti gana greitai. Dabar turime kelet\u0105 labai kriti\u0161k\u0173 dvej\u0173 ar trej\u0173 met\u0173 prie\u0161 mus, kuriose var\u017eybos bus nuspr\u0119stos. Visi\u0161kai akivaizdu, kad vyraus elektrinis mobilumas &#8211; tai tiesiog patrauklesnis produktas. Ta\u010diau kyla klausimas: kas ilgainiui gamins \u0161iuos elektromobilius Europoje?<\/p>\n<h3><span class=\"ez-toc-section\" id=\"Kitos_aplinkos_apsaugos_NVO_kaltina_gamintojus_zaliuojanciais_plovimais_Jie_teigia_kad_gamintojai_IAA_naudoja_kaip_figos_lapa_kad_pasleptu_savo_iskastinio_kuro_verslo_modeli_Ar_sutiktumete_su_tuo\"><\/span><strong>Kitos aplinkos apsaugos NVO kaltina gamintojus \u017ealiuojan\u010diais plovimais. Jie teigia, kad gamintojai IAA naudoja kaip figos lap\u0105, kad pasl\u0117pt\u0173 savo i\u0161kastinio kuro verslo model\u012f. Ar sutiktum\u0117te su tuo?<\/strong><span class=\"ez-toc-section-end\"><\/span><\/h3>\n<p>Manau, kad tai \u0161iek tiek perd\u0117ta. Automobili\u0173 parodose, tokiose kaip IAA, elektromobiliai yra rimta \u012fmoni\u0173 strategijos dalis, ir \u012fmon\u0117se yra daugyb\u0117 \u017emoni\u0173, kurie i\u0161 tikr\u0173j\u0173 planuoja strategi\u0161kai ilgalaikei kadencijai ir kuria puikius produktus. Kita vertus, yra pupeli\u0173 skaitikliai, kurie turi tik akis \u012f kitas ketvir\u010dio fig\u016bras. \u0160ios dvi frakcijos konkuruoja \u012fmon\u0117se. IAA ir kitose automobili\u0173 parodose j\u016bs nat\u016braliai link\u0119 matyti k\u016brybingus, strateginius \u017emones. Bet j\u016bs netur\u0117tum\u0117te patik\u0117ti, kad jie atspindi vis\u0105 korporacijos nuomon\u0119.<\/p>\n<h3><span class=\"ez-toc-section\" id=\"Mes_ka_tik_pazvelgeme_per_pastaruosius_10_metu_dabar_pazvelkime_i_10_metu_i_prieki_Ar_noretumete_numatyti_kaip_tada_atrodys_pasauline_automobiliu_rinka\"><\/span><strong>Mes k\u0105 tik pa\u017evelg\u0117me per pastaruosius 10 met\u0173, dabar pa\u017evelkime \u012f 10 met\u0173 \u012f priek\u012f. Ar nor\u0117tum\u0117te numatyti, kaip tada atrodys pasaulin\u0117 automobili\u0173 rinka?<\/strong><span class=\"ez-toc-section-end\"><\/span><\/h3>\n<p>Vis\u0173 pirma, \u0161iuo metu turime tendencij\u0105, kai pagrindin\u0117s Europos, Kinijos ir JAV rinkos prad\u0117jo izoliuoti save &#8211; nesu tikras, ar tai vis tiek galima pakeisti. Tod\u0117l ilgainiui Europos gamintojai gali t\u0119sti savo rink\u0105 Europoje, jei jie yra pakankamai geri. Vis d\u0117lto labai abejotina, ar jie gal\u0117s tai padaryti dar kart\u0105 Kinijoje, ar JAV.<\/p>\n<p>Be to, yra daugyb\u0117 kylan\u010di\u0173 rink\u0173, kurios \u0161iuo metu auga labai stipriai ir kur elektros judumas auga ne\u012ftik\u0117tinai: Vietnamas, Tailandas, Turkija, Brazilija ir pan. Tai visos potencialios Europos gamintoj\u0173 eksporto rinkos, ir to nereik\u0117t\u0173 nuvertinti. Mes da\u017enai \u017ei\u016brime \u012f Kinij\u0105 ir sakome: Oi, jie taip toli \u012f priek\u012f, mes nebegalime j\u0173 pasivyti. Ta\u010diau yra daugyb\u0117 kit\u0173 rink\u0173. Ir tai toli gra\u017eu n\u0117ra nuspr\u0119sta, kas ten laim\u0117s lenktynes. Vis dar yra galimyb\u0117 \u201eVolkswagen\u201c, \u201eBMW\u201c ir \u201eMercedes\u201c neatsilikti, ypa\u010d vir\u0161utiniame rinkos segmente. Ta\u010diau nor\u0117dami tai padaryti, jie, be abejo, turi pasi\u016blyti patrauklius produktus, o \u0161iose rinkose tai neabejotinai rei\u0161kia elektrines transporto priemones.<\/p>\n<h3><span class=\"ez-toc-section\" id=\"Gamintojai_siuo_metu_vel_lobizuoja_kad_atsipalaiduotu_ES_Phaseout_Degimo_varikliuose_2035_m_Kaip_atrodys_Europos_rinka_tuo_metu_ir_kaip_svarbu_kad_taikinys_liktu_vietoje\"><\/span><strong>Gamintojai \u0161iuo metu v\u0117l lobizuoja, kad atsipalaiduot\u0173 ES Phaseout<\/strong> <strong> Degimo varikliuose 2035 m. Kaip atrodys Europos rinka tuo metu ir kaip svarbu, kad taikinys likt\u0173 vietoje?<\/strong><span class=\"ez-toc-section-end\"><\/span><\/h3>\n<p>Norvegija pateikia pamokant\u012f atsakym\u0105 \u012f \u0161\u012f klausim\u0105. Ma\u017edaug prie\u0161 de\u0161imt met\u0173 Norvegija buvo beveik ten, kur esame \u0161iandien ES. Elektriniai automobiliai dabar sudaro daugiau kaip 90 procent\u0173 nauj\u0173 registracij\u0173 Norvegijoje. Tai taip pat bus daroma ES per 10 met\u0173. Nepaisant teisin\u0117s pad\u0117ties, iki 2035 m. Mes b\u016bsime beveik 100 procent\u0173 elektromobili\u0173. Be grie\u017eto reguliavimo, galb\u016bt 90 procent\u0173, kitaip, \u017einoma, 100 procent\u0173. Bet kokiu atveju vyraus elektromobiliai, nes jie bus tiesiog patrauklesni ir pigesni produktai. Elektriniai automobiliai prie\u0161ais juos vis dar turi did\u017eiul\u0119 mokymosi kreiv\u0119, o degimo transporto priemon\u0117s yra subrendusios. Be to, tik\u0117tina, kad i\u0161kastinis kuras taps brangesnis.<\/p>\n<p>Nepaisant to, 2035 m. Degimo varikli\u0173 panaudojimo tikslas yra be galo svarbus signalas, nes klientai turi j\u012f prisitaikyti. Tai taip pat labai svarbu investuotojams. Visiems, norintiems pastatyti akumuliatori\u0173 gamykl\u0105, dabar reikia ai\u0161kumo, kad visi nauji automobiliai bus elektriniai 2035 m.<\/p>\n<h3><span class=\"ez-toc-section\" id=\"Netrukus_kanceliarijoje_bus_dar_vienas_automobiliu_virsuniu_susitikimas_Kas_ten_turetu_nutikti\"><\/span><strong>Netrukus kanceliarijoje bus dar vienas automobili\u0173 vir\u0161\u016bni\u0173 susitikimas. Kas ten tur\u0117t\u0173 nutikti?<\/strong><span class=\"ez-toc-section-end\"><\/span><\/h3>\n<p>Tai iliuzija manyti, kad Vokietija dabar gali i\u0161saugoti degimo varikl\u012f. \u0160is sprendimas bus priimtas ne Vokietijoje, nei Europoje, o visame pasaulyje &#8211; ir \u0161i tendencija ai\u0161kiai nurodo elektromobilius. Nesvarbu, kas bus nuspr\u0119sta Vokietijoje &#8211; \u010dia negalime nuspr\u0119sti, ar degimo transporto priemon\u0117s vis tiek bus parduodamos per 20 ar 30 met\u0173.<\/p>\n<p>B\u016bt\u0173 daug protingiau pripa\u017einti per\u0117jim\u0105 prie elektros jud\u0117jimo i\u0161 prad\u017ei\u0173 ir tada paklausti: kaip mes esame i\u0161d\u0117styti? Kaip galime u\u017etikrinti, kad mes ne tik i\u0161gyventume \u0161ioje rinkoje, bet ir formuojame j\u0105 kaip lyder\u012f? K\u0105 turime tai padaryti? Kaip mes galime atne\u0161ti akumuliatori\u0173 gamyb\u0105 \u012f Europ\u0105 ar Vokietij\u0105? Kaip galime u\u017etikrinti i\u0161tekli\u0173 saugum\u0105? Ir taip toliau.<\/p>\n<p>\u0160ie strateginiai klausimai turi daug daugiau prasm\u0117s, nei svarstoma, kaip atid\u0117ti CO2 reguliavim\u0105 Europos lygiu. Tai nieko nepasiekia. Tai strategija \u201eHead-in-Sand\u201c.<\/p>\n<p>\u0160varios energijos viela. Perspausdinta su leidimu.<\/p>\n<\/div>\n<p><br \/>\n<br \/><a href=\"https:\/\/thedriven.io\/2025\/09\/17\/dieselgate-whistleblower-warns-vw-bmw-and-mercedes-risk-repeating-mistakes-in-electric-shift\/\">Source link <\/a><\/p>\n","protected":false},"excerpt":{"rendered":"<p>2015 m. Rugs\u0117jo 18 d. JAV aplinkos apsaugos agent\u016bra (EPA) apkaltino VW nelegalios programin\u0117s \u012frangos \u012fdiegim\u0105 \u012f kai kuriuos j\u0173&hellip;<\/p>\n","protected":false},"author":1,"featured_media":2145,"comment_status":"open","ping_status":"open","sticky":false,"template":"","format":"standard","meta":{"om_disable_all_campaigns":false,"_monsterinsights_skip_tracking":false,"_monsterinsights_sitenote_active":false,"_monsterinsights_sitenote_note":"","_monsterinsights_sitenote_category":0,"footnotes":""},"categories":[39],"tags":[2797,3792,129,3794,3795,2609,2315,3796,3793,1360],"class_list":["post-2144","post","type-post","status-publish","format-standard","has-post-thumbnail","hentry","category-eautomobiliu-technine-puse","tag-bmw","tag-dieselgate","tag-elektros","tag-kartoti","tag-klaidas","tag-mercedes","tag-perspeja","tag-poslinkyje","tag-rizikuoja","tag-whistleblower"],"aioseo_notices":[],"yoast_head":"<!-- This site is optimized with the Yoast SEO plugin v26.8 - https:\/\/yoast.com\/product\/yoast-seo-wordpress\/ -->\n<title>Dieselgate Whistleblower persp\u0117ja VW, BMW ir \u201eMercedes\u201c rizikuoja kartoti klaidas elektros poslinkyje - Eautomobiliai.lt<\/title>\n<meta name=\"robots\" content=\"index, follow, max-snippet:-1, max-image-preview:large, max-video-preview:-1\" \/>\n<link rel=\"canonical\" href=\"https:\/\/eautomobiliai.lt\/index.php\/2025\/09\/17\/dieselgate-whistleblower-perspeja-vw-bmw-ir-mercedes-rizikuoja-kartoti-klaidas-elektros-poslinkyje\/\" \/>\n<meta property=\"og:locale\" content=\"lt_LT\" \/>\n<meta property=\"og:type\" content=\"article\" \/>\n<meta property=\"og:title\" content=\"Dieselgate Whistleblower persp\u0117ja VW, BMW ir \u201eMercedes\u201c rizikuoja kartoti klaidas elektros poslinkyje - Eautomobiliai.lt\" \/>\n<meta property=\"og:description\" content=\"2015 m. Rugs\u0117jo 18 d. JAV aplinkos apsaugos agent\u016bra (EPA) apkaltino VW nelegalios programin\u0117s \u012frangos \u012fdiegim\u0105 \u012f kai kuriuos j\u0173&hellip;\" \/>\n<meta property=\"og:url\" content=\"https:\/\/eautomobiliai.lt\/index.php\/2025\/09\/17\/dieselgate-whistleblower-perspeja-vw-bmw-ir-mercedes-rizikuoja-kartoti-klaidas-elektros-poslinkyje\/\" \/>\n<meta property=\"og:site_name\" content=\"Eautomobiliai.lt\" \/>\n<meta property=\"article:published_time\" content=\"2025-09-17T14:06:44+00:00\" \/>\n<meta property=\"og:image\" content=\"https:\/\/eautomobiliai.lt\/wp-content\/uploads\/2025\/09\/Dieselgate-Whistleblower-perspeja-VW-BMW-ir-\u201eMercedes-rizikuoja-kartoti-klaidas.jpeg\" \/>\n\t<meta property=\"og:image:width\" content=\"1200\" \/>\n\t<meta property=\"og:image:height\" content=\"800\" \/>\n\t<meta property=\"og:image:type\" content=\"image\/jpeg\" \/>\n<meta name=\"author\" content=\"admin\" \/>\n<meta name=\"twitter:card\" content=\"summary_large_image\" \/>\n<meta name=\"twitter:label1\" content=\"Written by\" \/>\n\t<meta name=\"twitter:data1\" content=\"admin\" \/>\n\t<meta name=\"twitter:label2\" content=\"Est. reading time\" \/>\n\t<meta name=\"twitter:data2\" content=\"7 minut\u0117s\" \/>\n<script type=\"application\/ld+json\" class=\"yoast-schema-graph\">{\"@context\":\"https:\/\/schema.org\",\"@graph\":[{\"@type\":\"Article\",\"@id\":\"https:\/\/eautomobiliai.lt\/index.php\/2025\/09\/17\/dieselgate-whistleblower-perspeja-vw-bmw-ir-mercedes-rizikuoja-kartoti-klaidas-elektros-poslinkyje\/#article\",\"isPartOf\":{\"@id\":\"https:\/\/eautomobiliai.lt\/index.php\/2025\/09\/17\/dieselgate-whistleblower-perspeja-vw-bmw-ir-mercedes-rizikuoja-kartoti-klaidas-elektros-poslinkyje\/\"},\"author\":{\"name\":\"admin\",\"@id\":\"https:\/\/eautomobiliai.lt\/#\/schema\/person\/ecf2a967f361217d056061f74deb92f2\"},\"headline\":\"Dieselgate Whistleblower persp\u0117ja VW, BMW ir \u201eMercedes\u201c rizikuoja kartoti klaidas elektros poslinkyje\",\"datePublished\":\"2025-09-17T14:06:44+00:00\",\"mainEntityOfPage\":{\"@id\":\"https:\/\/eautomobiliai.lt\/index.php\/2025\/09\/17\/dieselgate-whistleblower-perspeja-vw-bmw-ir-mercedes-rizikuoja-kartoti-klaidas-elektros-poslinkyje\/\"},\"wordCount\":1366,\"commentCount\":0,\"image\":{\"@id\":\"https:\/\/eautomobiliai.lt\/index.php\/2025\/09\/17\/dieselgate-whistleblower-perspeja-vw-bmw-ir-mercedes-rizikuoja-kartoti-klaidas-elektros-poslinkyje\/#primaryimage\"},\"thumbnailUrl\":\"http:\/\/eautomobiliai.lt\/wp-content\/uploads\/2025\/09\/Dieselgate-Whistleblower-perspeja-VW-BMW-ir-\u201eMercedes-rizikuoja-kartoti-klaidas.jpeg\",\"keywords\":[\"BMW\",\"Dieselgate\",\"elektros\",\"kartoti\",\"klaidas\",\"Mercedes\",\"persp\u0117ja\",\"poslinkyje\",\"rizikuoja\",\"Whistleblower\"],\"articleSection\":[\"eAUTOMOBILI\u0172 TECHNIN\u0116 PUS\u0116\"],\"inLanguage\":\"lt-LT\",\"potentialAction\":[{\"@type\":\"CommentAction\",\"name\":\"Comment\",\"target\":[\"https:\/\/eautomobiliai.lt\/index.php\/2025\/09\/17\/dieselgate-whistleblower-perspeja-vw-bmw-ir-mercedes-rizikuoja-kartoti-klaidas-elektros-poslinkyje\/#respond\"]}]},{\"@type\":\"WebPage\",\"@id\":\"https:\/\/eautomobiliai.lt\/index.php\/2025\/09\/17\/dieselgate-whistleblower-perspeja-vw-bmw-ir-mercedes-rizikuoja-kartoti-klaidas-elektros-poslinkyje\/\",\"url\":\"https:\/\/eautomobiliai.lt\/index.php\/2025\/09\/17\/dieselgate-whistleblower-perspeja-vw-bmw-ir-mercedes-rizikuoja-kartoti-klaidas-elektros-poslinkyje\/\",\"name\":\"Dieselgate Whistleblower persp\u0117ja VW, BMW ir \u201eMercedes\u201c rizikuoja kartoti klaidas elektros poslinkyje - Eautomobiliai.lt\",\"isPartOf\":{\"@id\":\"https:\/\/eautomobiliai.lt\/#website\"},\"primaryImageOfPage\":{\"@id\":\"https:\/\/eautomobiliai.lt\/index.php\/2025\/09\/17\/dieselgate-whistleblower-perspeja-vw-bmw-ir-mercedes-rizikuoja-kartoti-klaidas-elektros-poslinkyje\/#primaryimage\"},\"image\":{\"@id\":\"https:\/\/eautomobiliai.lt\/index.php\/2025\/09\/17\/dieselgate-whistleblower-perspeja-vw-bmw-ir-mercedes-rizikuoja-kartoti-klaidas-elektros-poslinkyje\/#primaryimage\"},\"thumbnailUrl\":\"http:\/\/eautomobiliai.lt\/wp-content\/uploads\/2025\/09\/Dieselgate-Whistleblower-perspeja-VW-BMW-ir-\u201eMercedes-rizikuoja-kartoti-klaidas.jpeg\",\"datePublished\":\"2025-09-17T14:06:44+00:00\",\"author\":{\"@id\":\"https:\/\/eautomobiliai.lt\/#\/schema\/person\/ecf2a967f361217d056061f74deb92f2\"},\"breadcrumb\":{\"@id\":\"https:\/\/eautomobiliai.lt\/index.php\/2025\/09\/17\/dieselgate-whistleblower-perspeja-vw-bmw-ir-mercedes-rizikuoja-kartoti-klaidas-elektros-poslinkyje\/#breadcrumb\"},\"inLanguage\":\"lt-LT\",\"potentialAction\":[{\"@type\":\"ReadAction\",\"target\":[\"https:\/\/eautomobiliai.lt\/index.php\/2025\/09\/17\/dieselgate-whistleblower-perspeja-vw-bmw-ir-mercedes-rizikuoja-kartoti-klaidas-elektros-poslinkyje\/\"]}]},{\"@type\":\"ImageObject\",\"inLanguage\":\"lt-LT\",\"@id\":\"https:\/\/eautomobiliai.lt\/index.php\/2025\/09\/17\/dieselgate-whistleblower-perspeja-vw-bmw-ir-mercedes-rizikuoja-kartoti-klaidas-elektros-poslinkyje\/#primaryimage\",\"url\":\"http:\/\/eautomobiliai.lt\/wp-content\/uploads\/2025\/09\/Dieselgate-Whistleblower-perspeja-VW-BMW-ir-\u201eMercedes-rizikuoja-kartoti-klaidas.jpeg\",\"contentUrl\":\"http:\/\/eautomobiliai.lt\/wp-content\/uploads\/2025\/09\/Dieselgate-Whistleblower-perspeja-VW-BMW-ir-\u201eMercedes-rizikuoja-kartoti-klaidas.jpeg\",\"width\":1200,\"height\":800},{\"@type\":\"BreadcrumbList\",\"@id\":\"https:\/\/eautomobiliai.lt\/index.php\/2025\/09\/17\/dieselgate-whistleblower-perspeja-vw-bmw-ir-mercedes-rizikuoja-kartoti-klaidas-elektros-poslinkyje\/#breadcrumb\",\"itemListElement\":[{\"@type\":\"ListItem\",\"position\":1,\"name\":\"Home\",\"item\":\"https:\/\/eautomobiliai.lt\/\"},{\"@type\":\"ListItem\",\"position\":2,\"name\":\"Dieselgate Whistleblower persp\u0117ja VW, BMW ir \u201eMercedes\u201c rizikuoja kartoti klaidas elektros poslinkyje\"}]},{\"@type\":\"WebSite\",\"@id\":\"https:\/\/eautomobiliai.lt\/#website\",\"url\":\"https:\/\/eautomobiliai.lt\/\",\"name\":\"Eautomobiliai.lt\",\"description\":\"Elektrinis transportas, technologijos\",\"potentialAction\":[{\"@type\":\"SearchAction\",\"target\":{\"@type\":\"EntryPoint\",\"urlTemplate\":\"https:\/\/eautomobiliai.lt\/?s={search_term_string}\"},\"query-input\":{\"@type\":\"PropertyValueSpecification\",\"valueRequired\":true,\"valueName\":\"search_term_string\"}}],\"inLanguage\":\"lt-LT\"},{\"@type\":\"Person\",\"@id\":\"https:\/\/eautomobiliai.lt\/#\/schema\/person\/ecf2a967f361217d056061f74deb92f2\",\"name\":\"admin\",\"image\":{\"@type\":\"ImageObject\",\"inLanguage\":\"lt-LT\",\"@id\":\"https:\/\/eautomobiliai.lt\/#\/schema\/person\/image\/\",\"url\":\"https:\/\/secure.gravatar.com\/avatar\/6323379efae0c70c686c7905444d6bbd?s=96&d=mm&r=g\",\"contentUrl\":\"https:\/\/secure.gravatar.com\/avatar\/6323379efae0c70c686c7905444d6bbd?s=96&d=mm&r=g\",\"caption\":\"admin\"},\"sameAs\":[\"http:\/\/eautomobiliai.lt\"],\"url\":\"http:\/\/eautomobiliai.lt\/index.php\/author\/admin\/\"}]}<\/script>\n<!-- \/ Yoast SEO plugin. -->","yoast_head_json":{"title":"Dieselgate Whistleblower persp\u0117ja VW, BMW ir \u201eMercedes\u201c rizikuoja kartoti klaidas elektros poslinkyje - Eautomobiliai.lt","robots":{"index":"index","follow":"follow","max-snippet":"max-snippet:-1","max-image-preview":"max-image-preview:large","max-video-preview":"max-video-preview:-1"},"canonical":"https:\/\/eautomobiliai.lt\/index.php\/2025\/09\/17\/dieselgate-whistleblower-perspeja-vw-bmw-ir-mercedes-rizikuoja-kartoti-klaidas-elektros-poslinkyje\/","og_locale":"lt_LT","og_type":"article","og_title":"Dieselgate Whistleblower persp\u0117ja VW, BMW ir \u201eMercedes\u201c rizikuoja kartoti klaidas elektros poslinkyje - Eautomobiliai.lt","og_description":"2015 m. Rugs\u0117jo 18 d. JAV aplinkos apsaugos agent\u016bra (EPA) apkaltino VW nelegalios programin\u0117s \u012frangos \u012fdiegim\u0105 \u012f kai kuriuos j\u0173&hellip;","og_url":"https:\/\/eautomobiliai.lt\/index.php\/2025\/09\/17\/dieselgate-whistleblower-perspeja-vw-bmw-ir-mercedes-rizikuoja-kartoti-klaidas-elektros-poslinkyje\/","og_site_name":"Eautomobiliai.lt","article_published_time":"2025-09-17T14:06:44+00:00","og_image":[{"width":1200,"height":800,"url":"https:\/\/eautomobiliai.lt\/wp-content\/uploads\/2025\/09\/Dieselgate-Whistleblower-perspeja-VW-BMW-ir-\u201eMercedes-rizikuoja-kartoti-klaidas.jpeg","type":"image\/jpeg"}],"author":"admin","twitter_card":"summary_large_image","twitter_misc":{"Written by":"admin","Est. reading time":"7 minut\u0117s"},"schema":{"@context":"https:\/\/schema.org","@graph":[{"@type":"Article","@id":"https:\/\/eautomobiliai.lt\/index.php\/2025\/09\/17\/dieselgate-whistleblower-perspeja-vw-bmw-ir-mercedes-rizikuoja-kartoti-klaidas-elektros-poslinkyje\/#article","isPartOf":{"@id":"https:\/\/eautomobiliai.lt\/index.php\/2025\/09\/17\/dieselgate-whistleblower-perspeja-vw-bmw-ir-mercedes-rizikuoja-kartoti-klaidas-elektros-poslinkyje\/"},"author":{"name":"admin","@id":"https:\/\/eautomobiliai.lt\/#\/schema\/person\/ecf2a967f361217d056061f74deb92f2"},"headline":"Dieselgate Whistleblower persp\u0117ja VW, BMW ir \u201eMercedes\u201c rizikuoja kartoti klaidas elektros poslinkyje","datePublished":"2025-09-17T14:06:44+00:00","mainEntityOfPage":{"@id":"https:\/\/eautomobiliai.lt\/index.php\/2025\/09\/17\/dieselgate-whistleblower-perspeja-vw-bmw-ir-mercedes-rizikuoja-kartoti-klaidas-elektros-poslinkyje\/"},"wordCount":1366,"commentCount":0,"image":{"@id":"https:\/\/eautomobiliai.lt\/index.php\/2025\/09\/17\/dieselgate-whistleblower-perspeja-vw-bmw-ir-mercedes-rizikuoja-kartoti-klaidas-elektros-poslinkyje\/#primaryimage"},"thumbnailUrl":"http:\/\/eautomobiliai.lt\/wp-content\/uploads\/2025\/09\/Dieselgate-Whistleblower-perspeja-VW-BMW-ir-\u201eMercedes-rizikuoja-kartoti-klaidas.jpeg","keywords":["BMW","Dieselgate","elektros","kartoti","klaidas","Mercedes","persp\u0117ja","poslinkyje","rizikuoja","Whistleblower"],"articleSection":["eAUTOMOBILI\u0172 TECHNIN\u0116 PUS\u0116"],"inLanguage":"lt-LT","potentialAction":[{"@type":"CommentAction","name":"Comment","target":["https:\/\/eautomobiliai.lt\/index.php\/2025\/09\/17\/dieselgate-whistleblower-perspeja-vw-bmw-ir-mercedes-rizikuoja-kartoti-klaidas-elektros-poslinkyje\/#respond"]}]},{"@type":"WebPage","@id":"https:\/\/eautomobiliai.lt\/index.php\/2025\/09\/17\/dieselgate-whistleblower-perspeja-vw-bmw-ir-mercedes-rizikuoja-kartoti-klaidas-elektros-poslinkyje\/","url":"https:\/\/eautomobiliai.lt\/index.php\/2025\/09\/17\/dieselgate-whistleblower-perspeja-vw-bmw-ir-mercedes-rizikuoja-kartoti-klaidas-elektros-poslinkyje\/","name":"Dieselgate Whistleblower persp\u0117ja VW, BMW ir \u201eMercedes\u201c rizikuoja kartoti klaidas elektros poslinkyje - Eautomobiliai.lt","isPartOf":{"@id":"https:\/\/eautomobiliai.lt\/#website"},"primaryImageOfPage":{"@id":"https:\/\/eautomobiliai.lt\/index.php\/2025\/09\/17\/dieselgate-whistleblower-perspeja-vw-bmw-ir-mercedes-rizikuoja-kartoti-klaidas-elektros-poslinkyje\/#primaryimage"},"image":{"@id":"https:\/\/eautomobiliai.lt\/index.php\/2025\/09\/17\/dieselgate-whistleblower-perspeja-vw-bmw-ir-mercedes-rizikuoja-kartoti-klaidas-elektros-poslinkyje\/#primaryimage"},"thumbnailUrl":"http:\/\/eautomobiliai.lt\/wp-content\/uploads\/2025\/09\/Dieselgate-Whistleblower-perspeja-VW-BMW-ir-\u201eMercedes-rizikuoja-kartoti-klaidas.jpeg","datePublished":"2025-09-17T14:06:44+00:00","author":{"@id":"https:\/\/eautomobiliai.lt\/#\/schema\/person\/ecf2a967f361217d056061f74deb92f2"},"breadcrumb":{"@id":"https:\/\/eautomobiliai.lt\/index.php\/2025\/09\/17\/dieselgate-whistleblower-perspeja-vw-bmw-ir-mercedes-rizikuoja-kartoti-klaidas-elektros-poslinkyje\/#breadcrumb"},"inLanguage":"lt-LT","potentialAction":[{"@type":"ReadAction","target":["https:\/\/eautomobiliai.lt\/index.php\/2025\/09\/17\/dieselgate-whistleblower-perspeja-vw-bmw-ir-mercedes-rizikuoja-kartoti-klaidas-elektros-poslinkyje\/"]}]},{"@type":"ImageObject","inLanguage":"lt-LT","@id":"https:\/\/eautomobiliai.lt\/index.php\/2025\/09\/17\/dieselgate-whistleblower-perspeja-vw-bmw-ir-mercedes-rizikuoja-kartoti-klaidas-elektros-poslinkyje\/#primaryimage","url":"http:\/\/eautomobiliai.lt\/wp-content\/uploads\/2025\/09\/Dieselgate-Whistleblower-perspeja-VW-BMW-ir-\u201eMercedes-rizikuoja-kartoti-klaidas.jpeg","contentUrl":"http:\/\/eautomobiliai.lt\/wp-content\/uploads\/2025\/09\/Dieselgate-Whistleblower-perspeja-VW-BMW-ir-\u201eMercedes-rizikuoja-kartoti-klaidas.jpeg","width":1200,"height":800},{"@type":"BreadcrumbList","@id":"https:\/\/eautomobiliai.lt\/index.php\/2025\/09\/17\/dieselgate-whistleblower-perspeja-vw-bmw-ir-mercedes-rizikuoja-kartoti-klaidas-elektros-poslinkyje\/#breadcrumb","itemListElement":[{"@type":"ListItem","position":1,"name":"Home","item":"https:\/\/eautomobiliai.lt\/"},{"@type":"ListItem","position":2,"name":"Dieselgate Whistleblower persp\u0117ja VW, BMW ir \u201eMercedes\u201c rizikuoja kartoti klaidas elektros poslinkyje"}]},{"@type":"WebSite","@id":"https:\/\/eautomobiliai.lt\/#website","url":"https:\/\/eautomobiliai.lt\/","name":"Eautomobiliai.lt","description":"Elektrinis transportas, technologijos","potentialAction":[{"@type":"SearchAction","target":{"@type":"EntryPoint","urlTemplate":"https:\/\/eautomobiliai.lt\/?s={search_term_string}"},"query-input":{"@type":"PropertyValueSpecification","valueRequired":true,"valueName":"search_term_string"}}],"inLanguage":"lt-LT"},{"@type":"Person","@id":"https:\/\/eautomobiliai.lt\/#\/schema\/person\/ecf2a967f361217d056061f74deb92f2","name":"admin","image":{"@type":"ImageObject","inLanguage":"lt-LT","@id":"https:\/\/eautomobiliai.lt\/#\/schema\/person\/image\/","url":"https:\/\/secure.gravatar.com\/avatar\/6323379efae0c70c686c7905444d6bbd?s=96&d=mm&r=g","contentUrl":"https:\/\/secure.gravatar.com\/avatar\/6323379efae0c70c686c7905444d6bbd?s=96&d=mm&r=g","caption":"admin"},"sameAs":["http:\/\/eautomobiliai.lt"],"url":"http:\/\/eautomobiliai.lt\/index.php\/author\/admin\/"}]}},"_links":{"self":[{"href":"http:\/\/eautomobiliai.lt\/index.php\/wp-json\/wp\/v2\/posts\/2144","targetHints":{"allow":["GET"]}}],"collection":[{"href":"http:\/\/eautomobiliai.lt\/index.php\/wp-json\/wp\/v2\/posts"}],"about":[{"href":"http:\/\/eautomobiliai.lt\/index.php\/wp-json\/wp\/v2\/types\/post"}],"author":[{"embeddable":true,"href":"http:\/\/eautomobiliai.lt\/index.php\/wp-json\/wp\/v2\/users\/1"}],"replies":[{"embeddable":true,"href":"http:\/\/eautomobiliai.lt\/index.php\/wp-json\/wp\/v2\/comments?post=2144"}],"version-history":[{"count":0,"href":"http:\/\/eautomobiliai.lt\/index.php\/wp-json\/wp\/v2\/posts\/2144\/revisions"}],"wp:featuredmedia":[{"embeddable":true,"href":"http:\/\/eautomobiliai.lt\/index.php\/wp-json\/wp\/v2\/media\/2145"}],"wp:attachment":[{"href":"http:\/\/eautomobiliai.lt\/index.php\/wp-json\/wp\/v2\/media?parent=2144"}],"wp:term":[{"taxonomy":"category","embeddable":true,"href":"http:\/\/eautomobiliai.lt\/index.php\/wp-json\/wp\/v2\/categories?post=2144"},{"taxonomy":"post_tag","embeddable":true,"href":"http:\/\/eautomobiliai.lt\/index.php\/wp-json\/wp\/v2\/tags?post=2144"}],"curies":[{"name":"wp","href":"https:\/\/api.w.org\/{rel}","templated":true}]}}