{"id":2163,"date":"2025-09-20T06:16:41","date_gmt":"2025-09-20T06:16:41","guid":{"rendered":"https:\/\/eautomobiliai.lt\/index.php\/2025\/09\/20\/elonas-muskas-sako-kad-kitas-tesla-ev-bus-kazkas-ypatingo-uz-automobilio-ribu\/"},"modified":"2025-09-20T06:16:41","modified_gmt":"2025-09-20T06:16:41","slug":"elonas-muskas-sako-kad-kitas-tesla-ev-bus-kazkas-ypatingo-uz-automobilio-ribu","status":"publish","type":"post","link":"http:\/\/eautomobiliai.lt\/index.php\/2025\/09\/20\/elonas-muskas-sako-kad-kitas-tesla-ev-bus-kazkas-ypatingo-uz-automobilio-ribu\/","title":{"rendered":"Elonas Muskas sako, kad kitas \u201eTesla\u201c EV bus \u201eka\u017ekas ypatingo u\u017e automobilio rib\u0173\u201c"},"content":{"rendered":"<p> <br \/>\n<\/p>\n<div id=\"\">\n<p><span style=\"font-weight: 400;\">\u201eTesla\u201c generalinis direktorius Elonas Muskas pa\u017ead\u0117jo, kad kita bendrov\u0117s elektrin\u0117 transporto priemon\u0117 &#8211; ilgai lauktas naujas rodsteris &#8211; bus <\/span>\u201eKa\u017ekas ypatingo u\u017e automobilio u\u017e automobilio\u201c.<\/p>\n<p><span style=\"font-weight: 400;\">Komentaras buvo pateiktas atsakant \u012f gerb\u0117j\u0173 sukurt\u0105 \u201eTesla Roadster\u201c vaizdo \u012fra\u0161\u0105, kuriuo dalijasi \u201eTesla\u201c Kinijos komanda \u201eWeibo\u201c, kur, kaip manoma, \u201eRoadster\u201c greitai \u012fsib\u0117g\u0117ja su vairuotoju u\u017e \u201eJoke\u201c vairo. <\/span><\/p>\n<div class=\"embed-twitter\">\n<blockquote class=\"twitter-tweet\" data-width=\"550\" data-dnt=\"true\">\n<p lang=\"en\" dir=\"ltr\">Naujasis \u201eRoadster\u201c yra ka\u017ekas ypatingo u\u017e automobilio rib\u0173<\/p>\n<p>&#8211; Elonas Muskas (@Elonmusk) <a href=\"https:\/\/twitter.com\/elonmusk\/status\/1968314477658677361?ref_src=twsrc%5Etfw\">2025 m. Rugs\u0117jo 17 d<\/a><\/p>\n<\/blockquote>\n<\/div>\n<p><span style=\"font-weight: 400;\">Pra\u0117jusiais metais \u201eX\u201c \u012fra\u0161e Muskas erzino \u201eRoadster\u201c pasirodymo \u012fgaliojimus, eidami sakydami, kad kai kurie gali net jo nevadinti automobiliu: \u201e\u0160\u012f vakar\u0105 mes radikaliai padidinome naujojo\u201e Tesla Roadster \u201cprojektavimo tikslus. Niekada nebus kito tokio automobilio, jei gal\u0117tum\u0117te net vadinti j\u012f automobiliu\u201c.<\/span><\/p>\n<p><span style=\"font-weight: 400;\">Tuo pa\u010diu metu Muskas taip pat sak\u0117: \u201eManau, kad tai yra vis\u0173 laik\u0173 protu populiariausias produkto demonstracin\u0117 versija\u201c.<\/span><\/p>\n<div class=\"embed-twitter\">\n<blockquote class=\"twitter-tweet\" data-width=\"550\" data-dnt=\"true\">\n<p lang=\"en\" dir=\"ltr\">\u0160\u012f vakar\u0105 radikaliai padidinome naujojo \u201eTesla Roadster\u201c projektavimo tikslus.<\/p>\n<p>Niekada nebus kito tokio automobilio, jei net gal\u0117tum\u0117te j\u012f pavadinti automobiliu.<\/p>\n<p>&#8211; Elonas Muskas (@Elonmusk) <a href=\"https:\/\/twitter.com\/elonmusk\/status\/1762716007913652650?ref_src=twsrc%5Etfw\">2024 m. Vasario 28 d<\/a><\/p>\n<\/blockquote>\n<\/div>\n<p><span style=\"font-weight: 400;\">\u201eTesla\u201c pirm\u0105 kart\u0105 atskleid\u0117 \u201eRoadster 2.0\u201c dar 2017 m., Kuris buvo ma\u017edaug 10 met\u0173 po to, kai originalus \u201eTesla Roadster\u201c prad\u0117jo gaminti.<\/span><\/p>\n<p><span style=\"font-weight: 400;\">Iki \u0161ios dienos \u201eTesla\u201c Australijos svetain\u0117 turi \u201eRoadster 2.0\u201c vietos \u017eymeklio puslap\u012f. Remiantis tuo puslapiu, \u0161iuo metu specifikacijos per 2,1 sekund\u0117s nurodo 0\u2013100 km\/h, o tai yra identi\u0161ka tam, k\u0105 \u0161iandien \u201eModel S Plaid\u201c sedanas pasiekia tarptautin\u0117se rinkose.<\/span><\/p>\n<p><span style=\"font-weight: 400;\">Svetain\u0117je taip pat nurodomas did\u017eiausias 400 km\/h greitis, o numatomas diapazonas yra 1000 km. Be to, \u201eRoadster\u201c j\u0117gos pavaroje bus 10 000 nm rat\u0173 sukimo momentas. Originaliose specifikacijose taip pat i\u0161vardytas ketvir\u010dio mylios laikas-8,8 sekund\u0117s, tod\u0117l tai yra vienas grei\u010diausi\u0173 automobili\u0173. <\/span><\/p>\n<figure id=\"attachment_168743\" aria-describedby=\"caption-attachment-168743\" style=\"width: 1106px\" class=\"wp-caption aligncenter\"><img loading=\"lazy\" decoding=\"async\" class=\"size-full wp-image-168743\" src=\"https:\/\/thedriven.io\/wp-content\/uploads\/2023\/05\/Tesla-Roadster-Melbourne-RIz-Akhtar.jpg\" alt=\"\u201eTesla Roadster Melbourne Riz Akhtar\u201c\" width=\"1106\" height=\"830\" srcset=\"https:\/\/thedriven.io\/wp-content\/uploads\/2023\/05\/Tesla-Roadster-Melbourne-RIz-Akhtar.jpg 1106w, https:\/\/thedriven.io\/wp-content\/uploads\/2023\/05\/Tesla-Roadster-Melbourne-RIz-Akhtar-388x291.jpg 388w, https:\/\/thedriven.io\/wp-content\/uploads\/2023\/05\/Tesla-Roadster-Melbourne-RIz-Akhtar-380x285.jpg 380w, https:\/\/thedriven.io\/wp-content\/uploads\/2023\/05\/Tesla-Roadster-Melbourne-RIz-Akhtar-800x600.jpg 800w, https:\/\/thedriven.io\/wp-content\/uploads\/2023\/05\/Tesla-Roadster-Melbourne-RIz-Akhtar-300x225.jpg 300w, https:\/\/thedriven.io\/wp-content\/uploads\/2023\/05\/Tesla-Roadster-Melbourne-RIz-Akhtar-120x90.jpg 120w, https:\/\/thedriven.io\/wp-content\/uploads\/2023\/05\/Tesla-Roadster-Melbourne-RIz-Akhtar-90x68.jpg 90w, https:\/\/thedriven.io\/wp-content\/uploads\/2023\/05\/Tesla-Roadster-Melbourne-RIz-Akhtar-320x240.jpg 320w, https:\/\/thedriven.io\/wp-content\/uploads\/2023\/05\/Tesla-Roadster-Melbourne-RIz-Akhtar-560x420.jpg 560w, https:\/\/thedriven.io\/wp-content\/uploads\/2023\/05\/Tesla-Roadster-Melbourne-RIz-Akhtar-150x113.jpg 150w, https:\/\/thedriven.io\/wp-content\/uploads\/2023\/05\/Tesla-Roadster-Melbourne-RIz-Akhtar-760x570.jpg 760w, https:\/\/thedriven.io\/wp-content\/uploads\/2023\/05\/Tesla-Roadster-Melbourne-RIz-Akhtar-600x450.jpg 600w, https:\/\/thedriven.io\/wp-content\/uploads\/2023\/05\/Tesla-Roadster-Melbourne-RIz-Akhtar-240x180.jpg 240w, https:\/\/thedriven.io\/wp-content\/uploads\/2023\/05\/Tesla-Roadster-Melbourne-RIz-Akhtar-180x136.jpg 180w, https:\/\/thedriven.io\/wp-content\/uploads\/2023\/05\/Tesla-Roadster-Melbourne-RIz-Akhtar-640x480.jpg 640w\" sizes=\"auto, (max-width: 1106px) 100vw, 1106px\"\/><figcaption id=\"caption-attachment-168743\" class=\"wp-caption-text\">Vaizdas: Riz Akhtar<\/figcaption><\/figure>\n<p><span style=\"font-weight: 400;\">\u017dinoma, \u0161i specifikacija turi b\u016bti patvirtinta, kai su\u017einojome daugiau apie nauj\u0105 \u201eTesla\u201c \u201eHypercar\u201c lygio elektromobil\u012f.<\/span><\/p>\n<p><span style=\"font-weight: 400;\">Originalus \u201eTesla\u201c rodytojas buvo pirmasis bendrov\u0117s produktas, ir, atsi\u017evelgiant \u012f tai, koks jis buvo ni\u0161a, jis buvo gana s\u0117kmingas. Australijoje keli klientai juos \u012fsigijo. Retkar\u010diais jie pasirodo naudotoje rinkoje, o vienas 2012 m. Modelis \u0161iuo metu yra 169 990 USD \u201eCarsales\u201c.<\/span><\/p>\n<div class=\"saboxplugin-wrap\" itemtype=\"http:\/\/schema.org\/Person\" itemscope=\"\" itemprop=\"author\">\n<div class=\"saboxplugin-tab\">\n<div class=\"saboxplugin-gravatar\"><img decoding=\"async\" width=\"100\" height=\"100\" alt=\"Rizas Akhtar\" itemprop=\"image\" loading=\"lazy\" class=\"native-lazyload-js-fallback\" src=\"https:\/\/b2232832.smushcdn.com\/2232832\/wp-content\/uploads\/2022\/02\/Riz.jpg?lossy=1&amp;strip=0&amp;webp=1\"\/><img loading=\"lazy\" decoding=\"async\" src=\"https:\/\/thedriven.io\/wp-content\/uploads\/2022\/02\/Riz.jpg\" width=\"100\" height=\"100\" alt=\"Rizas Akhtar\" itemprop=\"image\"\/><\/div>\n<div class=\"saboxplugin-desc\">\n<div itemprop=\"description\">\n<p>RIZ yra \u201eCarloop\u201c \u012fk\u016br\u0117jas, \u012fsik\u016br\u0119s Melburne, specializuojasi Australijos EV duomenyse, \u012f\u017evalgos ataskaitose ir tendencijose. Jis yra mechanikos in\u017einierius, prie\u0161 pradedant \u201eCarloop\u201c pirmuosius 7 savo karjeros statybos transporto infrastrukt\u016bros metus. Jis turi aistr\u0105 automobiliams, ypa\u010d EV ir nori pad\u0117ti suma\u017einti transporto i\u0161metim\u0105 Australijoje. \u0160iuo metu jis vairuoja \u201eRed Tesla\u201c model\u012f 3.<\/p>\n<\/div>\n<\/div>\n<\/div>\n<\/div>\n<p><!-- AI CONTENT END 1 --><\/p><\/div>\n<p><script async src=\"\/\/platform.twitter.com\/widgets.js\" charset=\"utf-8\"><\/script><br \/>\n<br \/><br \/>\n<br \/><a href=\"https:\/\/thedriven.io\/2025\/09\/20\/elon-musk-says-teslas-next-ev-will-be-something-special-beyond-a-car\/\">Source link <\/a><\/p>\n","protected":false},"excerpt":{"rendered":"<p>\u201eTesla\u201c generalinis direktorius Elonas Muskas pa\u017ead\u0117jo, kad kita bendrov\u0117s elektrin\u0117 transporto priemon\u0117 &#8211; ilgai lauktas naujas rodsteris &#8211; bus \u201eKa\u017ekas&hellip;<\/p>\n","protected":false},"author":1,"featured_media":2164,"comment_status":"open","ping_status":"open","sticky":false,"template":"","format":"standard","meta":{"om_disable_all_campaigns":false,"_monsterinsights_skip_tracking":false,"_monsterinsights_sitenote_active":false,"_monsterinsights_sitenote_note":"","_monsterinsights_sitenote_category":0,"footnotes":""},"categories":[39],"tags":[143,933,225,339,3729,2192,226,3329,636,14,78,3817],"class_list":["post-2163","post","type-post","status-publish","format-standard","has-post-thumbnail","hentry","category-eautomobiliu-technine-puse","tag-automobilio","tag-bus","tag-elonas","tag-kad","tag-kazkas","tag-kitas","tag-muskas","tag-ribu","tag-sako","tag-tesla","tag-uz","tag-ypatingo"],"aioseo_notices":[],"yoast_head":"<!-- This site is optimized with the Yoast SEO plugin v26.8 - https:\/\/yoast.com\/product\/yoast-seo-wordpress\/ -->\n<title>Elonas Muskas sako, kad kitas \u201eTesla\u201c EV bus \u201eka\u017ekas ypatingo u\u017e automobilio rib\u0173\u201c - Eautomobiliai.lt<\/title>\n<meta name=\"robots\" content=\"index, follow, max-snippet:-1, max-image-preview:large, max-video-preview:-1\" \/>\n<link rel=\"canonical\" href=\"http:\/\/eautomobiliai.lt\/index.php\/2025\/09\/20\/elonas-muskas-sako-kad-kitas-tesla-ev-bus-kazkas-ypatingo-uz-automobilio-ribu\/\" \/>\n<meta property=\"og:locale\" content=\"lt_LT\" \/>\n<meta property=\"og:type\" content=\"article\" \/>\n<meta property=\"og:title\" content=\"Elonas Muskas sako, kad kitas \u201eTesla\u201c EV bus \u201eka\u017ekas ypatingo u\u017e automobilio rib\u0173\u201c - Eautomobiliai.lt\" \/>\n<meta property=\"og:description\" content=\"\u201eTesla\u201c generalinis direktorius Elonas Muskas pa\u017ead\u0117jo, kad kita bendrov\u0117s elektrin\u0117 transporto priemon\u0117 &#8211; ilgai lauktas naujas rodsteris &#8211; bus \u201eKa\u017ekas&hellip;\" \/>\n<meta property=\"og:url\" content=\"http:\/\/eautomobiliai.lt\/index.php\/2025\/09\/20\/elonas-muskas-sako-kad-kitas-tesla-ev-bus-kazkas-ypatingo-uz-automobilio-ribu\/\" \/>\n<meta property=\"og:site_name\" content=\"Eautomobiliai.lt\" \/>\n<meta property=\"article:published_time\" content=\"2025-09-20T06:16:41+00:00\" \/>\n<meta property=\"og:image\" content=\"http:\/\/eautomobiliai.lt\/wp-content\/uploads\/2025\/09\/Elonas-Muskas-sako-kad-kitas-\u201eTesla-EV-bus-\u201ekazkas-ypatingo.jpg\" \/>\n\t<meta property=\"og:image:width\" content=\"1200\" \/>\n\t<meta property=\"og:image:height\" content=\"675\" \/>\n\t<meta property=\"og:image:type\" content=\"image\/jpeg\" \/>\n<meta name=\"author\" content=\"admin\" \/>\n<meta name=\"twitter:card\" content=\"summary_large_image\" \/>\n<meta name=\"twitter:label1\" content=\"Written by\" \/>\n\t<meta name=\"twitter:data1\" content=\"admin\" \/>\n\t<meta name=\"twitter:label2\" content=\"Est. reading time\" \/>\n\t<meta name=\"twitter:data2\" content=\"2 minut\u0117s\" \/>\n<script type=\"application\/ld+json\" class=\"yoast-schema-graph\">{\"@context\":\"https:\/\/schema.org\",\"@graph\":[{\"@type\":\"Article\",\"@id\":\"http:\/\/eautomobiliai.lt\/index.php\/2025\/09\/20\/elonas-muskas-sako-kad-kitas-tesla-ev-bus-kazkas-ypatingo-uz-automobilio-ribu\/#article\",\"isPartOf\":{\"@id\":\"http:\/\/eautomobiliai.lt\/index.php\/2025\/09\/20\/elonas-muskas-sako-kad-kitas-tesla-ev-bus-kazkas-ypatingo-uz-automobilio-ribu\/\"},\"author\":{\"name\":\"admin\",\"@id\":\"http:\/\/eautomobiliai.lt\/#\/schema\/person\/ecf2a967f361217d056061f74deb92f2\"},\"headline\":\"Elonas Muskas sako, kad kitas \u201eTesla\u201c EV bus \u201eka\u017ekas ypatingo u\u017e automobilio rib\u0173\u201c\",\"datePublished\":\"2025-09-20T06:16:41+00:00\",\"mainEntityOfPage\":{\"@id\":\"http:\/\/eautomobiliai.lt\/index.php\/2025\/09\/20\/elonas-muskas-sako-kad-kitas-tesla-ev-bus-kazkas-ypatingo-uz-automobilio-ribu\/\"},\"wordCount\":409,\"commentCount\":0,\"image\":{\"@id\":\"http:\/\/eautomobiliai.lt\/index.php\/2025\/09\/20\/elonas-muskas-sako-kad-kitas-tesla-ev-bus-kazkas-ypatingo-uz-automobilio-ribu\/#primaryimage\"},\"thumbnailUrl\":\"http:\/\/eautomobiliai.lt\/wp-content\/uploads\/2025\/09\/Elonas-Muskas-sako-kad-kitas-\u201eTesla-EV-bus-\u201ekazkas-ypatingo.jpg\",\"keywords\":[\"automobilio\",\"bus\",\"Elonas\",\"kad\",\"ka\u017ekas\",\"Kitas\",\"Muskas\",\"rib\u0173\",\"sako\",\"Tesla\",\"u\u017e\",\"ypatingo\"],\"articleSection\":[\"eAUTOMOBILI\u0172 TECHNIN\u0116 PUS\u0116\"],\"inLanguage\":\"lt-LT\",\"potentialAction\":[{\"@type\":\"CommentAction\",\"name\":\"Comment\",\"target\":[\"http:\/\/eautomobiliai.lt\/index.php\/2025\/09\/20\/elonas-muskas-sako-kad-kitas-tesla-ev-bus-kazkas-ypatingo-uz-automobilio-ribu\/#respond\"]}]},{\"@type\":\"WebPage\",\"@id\":\"http:\/\/eautomobiliai.lt\/index.php\/2025\/09\/20\/elonas-muskas-sako-kad-kitas-tesla-ev-bus-kazkas-ypatingo-uz-automobilio-ribu\/\",\"url\":\"http:\/\/eautomobiliai.lt\/index.php\/2025\/09\/20\/elonas-muskas-sako-kad-kitas-tesla-ev-bus-kazkas-ypatingo-uz-automobilio-ribu\/\",\"name\":\"Elonas Muskas sako, kad kitas \u201eTesla\u201c EV bus \u201eka\u017ekas ypatingo u\u017e automobilio rib\u0173\u201c - Eautomobiliai.lt\",\"isPartOf\":{\"@id\":\"http:\/\/eautomobiliai.lt\/#website\"},\"primaryImageOfPage\":{\"@id\":\"http:\/\/eautomobiliai.lt\/index.php\/2025\/09\/20\/elonas-muskas-sako-kad-kitas-tesla-ev-bus-kazkas-ypatingo-uz-automobilio-ribu\/#primaryimage\"},\"image\":{\"@id\":\"http:\/\/eautomobiliai.lt\/index.php\/2025\/09\/20\/elonas-muskas-sako-kad-kitas-tesla-ev-bus-kazkas-ypatingo-uz-automobilio-ribu\/#primaryimage\"},\"thumbnailUrl\":\"http:\/\/eautomobiliai.lt\/wp-content\/uploads\/2025\/09\/Elonas-Muskas-sako-kad-kitas-\u201eTesla-EV-bus-\u201ekazkas-ypatingo.jpg\",\"datePublished\":\"2025-09-20T06:16:41+00:00\",\"author\":{\"@id\":\"http:\/\/eautomobiliai.lt\/#\/schema\/person\/ecf2a967f361217d056061f74deb92f2\"},\"breadcrumb\":{\"@id\":\"http:\/\/eautomobiliai.lt\/index.php\/2025\/09\/20\/elonas-muskas-sako-kad-kitas-tesla-ev-bus-kazkas-ypatingo-uz-automobilio-ribu\/#breadcrumb\"},\"inLanguage\":\"lt-LT\",\"potentialAction\":[{\"@type\":\"ReadAction\",\"target\":[\"http:\/\/eautomobiliai.lt\/index.php\/2025\/09\/20\/elonas-muskas-sako-kad-kitas-tesla-ev-bus-kazkas-ypatingo-uz-automobilio-ribu\/\"]}]},{\"@type\":\"ImageObject\",\"inLanguage\":\"lt-LT\",\"@id\":\"http:\/\/eautomobiliai.lt\/index.php\/2025\/09\/20\/elonas-muskas-sako-kad-kitas-tesla-ev-bus-kazkas-ypatingo-uz-automobilio-ribu\/#primaryimage\",\"url\":\"http:\/\/eautomobiliai.lt\/wp-content\/uploads\/2025\/09\/Elonas-Muskas-sako-kad-kitas-\u201eTesla-EV-bus-\u201ekazkas-ypatingo.jpg\",\"contentUrl\":\"http:\/\/eautomobiliai.lt\/wp-content\/uploads\/2025\/09\/Elonas-Muskas-sako-kad-kitas-\u201eTesla-EV-bus-\u201ekazkas-ypatingo.jpg\",\"width\":1200,\"height\":675},{\"@type\":\"BreadcrumbList\",\"@id\":\"http:\/\/eautomobiliai.lt\/index.php\/2025\/09\/20\/elonas-muskas-sako-kad-kitas-tesla-ev-bus-kazkas-ypatingo-uz-automobilio-ribu\/#breadcrumb\",\"itemListElement\":[{\"@type\":\"ListItem\",\"position\":1,\"name\":\"Home\",\"item\":\"http:\/\/eautomobiliai.lt\/\"},{\"@type\":\"ListItem\",\"position\":2,\"name\":\"Elonas Muskas sako, kad kitas \u201eTesla\u201c EV bus \u201eka\u017ekas ypatingo u\u017e automobilio rib\u0173\u201c\"}]},{\"@type\":\"WebSite\",\"@id\":\"http:\/\/eautomobiliai.lt\/#website\",\"url\":\"http:\/\/eautomobiliai.lt\/\",\"name\":\"Eautomobiliai.lt\",\"description\":\"Elektrinis transportas, technologijos\",\"potentialAction\":[{\"@type\":\"SearchAction\",\"target\":{\"@type\":\"EntryPoint\",\"urlTemplate\":\"http:\/\/eautomobiliai.lt\/?s={search_term_string}\"},\"query-input\":{\"@type\":\"PropertyValueSpecification\",\"valueRequired\":true,\"valueName\":\"search_term_string\"}}],\"inLanguage\":\"lt-LT\"},{\"@type\":\"Person\",\"@id\":\"http:\/\/eautomobiliai.lt\/#\/schema\/person\/ecf2a967f361217d056061f74deb92f2\",\"name\":\"admin\",\"image\":{\"@type\":\"ImageObject\",\"inLanguage\":\"lt-LT\",\"@id\":\"http:\/\/eautomobiliai.lt\/#\/schema\/person\/image\/\",\"url\":\"https:\/\/secure.gravatar.com\/avatar\/6323379efae0c70c686c7905444d6bbd?s=96&d=mm&r=g\",\"contentUrl\":\"https:\/\/secure.gravatar.com\/avatar\/6323379efae0c70c686c7905444d6bbd?s=96&d=mm&r=g\",\"caption\":\"admin\"},\"sameAs\":[\"http:\/\/eautomobiliai.lt\"],\"url\":\"http:\/\/eautomobiliai.lt\/index.php\/author\/admin\/\"}]}<\/script>\n<!-- \/ Yoast SEO plugin. -->","yoast_head_json":{"title":"Elonas Muskas sako, kad kitas \u201eTesla\u201c EV bus \u201eka\u017ekas ypatingo u\u017e automobilio rib\u0173\u201c - Eautomobiliai.lt","robots":{"index":"index","follow":"follow","max-snippet":"max-snippet:-1","max-image-preview":"max-image-preview:large","max-video-preview":"max-video-preview:-1"},"canonical":"http:\/\/eautomobiliai.lt\/index.php\/2025\/09\/20\/elonas-muskas-sako-kad-kitas-tesla-ev-bus-kazkas-ypatingo-uz-automobilio-ribu\/","og_locale":"lt_LT","og_type":"article","og_title":"Elonas Muskas sako, kad kitas \u201eTesla\u201c EV bus \u201eka\u017ekas ypatingo u\u017e automobilio rib\u0173\u201c - Eautomobiliai.lt","og_description":"\u201eTesla\u201c generalinis direktorius Elonas Muskas pa\u017ead\u0117jo, kad kita bendrov\u0117s elektrin\u0117 transporto priemon\u0117 &#8211; ilgai lauktas naujas rodsteris &#8211; bus \u201eKa\u017ekas&hellip;","og_url":"http:\/\/eautomobiliai.lt\/index.php\/2025\/09\/20\/elonas-muskas-sako-kad-kitas-tesla-ev-bus-kazkas-ypatingo-uz-automobilio-ribu\/","og_site_name":"Eautomobiliai.lt","article_published_time":"2025-09-20T06:16:41+00:00","og_image":[{"width":1200,"height":675,"url":"http:\/\/eautomobiliai.lt\/wp-content\/uploads\/2025\/09\/Elonas-Muskas-sako-kad-kitas-\u201eTesla-EV-bus-\u201ekazkas-ypatingo.jpg","type":"image\/jpeg"}],"author":"admin","twitter_card":"summary_large_image","twitter_misc":{"Written by":"admin","Est. reading time":"2 minut\u0117s"},"schema":{"@context":"https:\/\/schema.org","@graph":[{"@type":"Article","@id":"http:\/\/eautomobiliai.lt\/index.php\/2025\/09\/20\/elonas-muskas-sako-kad-kitas-tesla-ev-bus-kazkas-ypatingo-uz-automobilio-ribu\/#article","isPartOf":{"@id":"http:\/\/eautomobiliai.lt\/index.php\/2025\/09\/20\/elonas-muskas-sako-kad-kitas-tesla-ev-bus-kazkas-ypatingo-uz-automobilio-ribu\/"},"author":{"name":"admin","@id":"http:\/\/eautomobiliai.lt\/#\/schema\/person\/ecf2a967f361217d056061f74deb92f2"},"headline":"Elonas Muskas sako, kad kitas \u201eTesla\u201c EV bus \u201eka\u017ekas ypatingo u\u017e automobilio rib\u0173\u201c","datePublished":"2025-09-20T06:16:41+00:00","mainEntityOfPage":{"@id":"http:\/\/eautomobiliai.lt\/index.php\/2025\/09\/20\/elonas-muskas-sako-kad-kitas-tesla-ev-bus-kazkas-ypatingo-uz-automobilio-ribu\/"},"wordCount":409,"commentCount":0,"image":{"@id":"http:\/\/eautomobiliai.lt\/index.php\/2025\/09\/20\/elonas-muskas-sako-kad-kitas-tesla-ev-bus-kazkas-ypatingo-uz-automobilio-ribu\/#primaryimage"},"thumbnailUrl":"http:\/\/eautomobiliai.lt\/wp-content\/uploads\/2025\/09\/Elonas-Muskas-sako-kad-kitas-\u201eTesla-EV-bus-\u201ekazkas-ypatingo.jpg","keywords":["automobilio","bus","Elonas","kad","ka\u017ekas","Kitas","Muskas","rib\u0173","sako","Tesla","u\u017e","ypatingo"],"articleSection":["eAUTOMOBILI\u0172 TECHNIN\u0116 PUS\u0116"],"inLanguage":"lt-LT","potentialAction":[{"@type":"CommentAction","name":"Comment","target":["http:\/\/eautomobiliai.lt\/index.php\/2025\/09\/20\/elonas-muskas-sako-kad-kitas-tesla-ev-bus-kazkas-ypatingo-uz-automobilio-ribu\/#respond"]}]},{"@type":"WebPage","@id":"http:\/\/eautomobiliai.lt\/index.php\/2025\/09\/20\/elonas-muskas-sako-kad-kitas-tesla-ev-bus-kazkas-ypatingo-uz-automobilio-ribu\/","url":"http:\/\/eautomobiliai.lt\/index.php\/2025\/09\/20\/elonas-muskas-sako-kad-kitas-tesla-ev-bus-kazkas-ypatingo-uz-automobilio-ribu\/","name":"Elonas Muskas sako, kad kitas \u201eTesla\u201c EV bus \u201eka\u017ekas ypatingo u\u017e automobilio rib\u0173\u201c - Eautomobiliai.lt","isPartOf":{"@id":"http:\/\/eautomobiliai.lt\/#website"},"primaryImageOfPage":{"@id":"http:\/\/eautomobiliai.lt\/index.php\/2025\/09\/20\/elonas-muskas-sako-kad-kitas-tesla-ev-bus-kazkas-ypatingo-uz-automobilio-ribu\/#primaryimage"},"image":{"@id":"http:\/\/eautomobiliai.lt\/index.php\/2025\/09\/20\/elonas-muskas-sako-kad-kitas-tesla-ev-bus-kazkas-ypatingo-uz-automobilio-ribu\/#primaryimage"},"thumbnailUrl":"http:\/\/eautomobiliai.lt\/wp-content\/uploads\/2025\/09\/Elonas-Muskas-sako-kad-kitas-\u201eTesla-EV-bus-\u201ekazkas-ypatingo.jpg","datePublished":"2025-09-20T06:16:41+00:00","author":{"@id":"http:\/\/eautomobiliai.lt\/#\/schema\/person\/ecf2a967f361217d056061f74deb92f2"},"breadcrumb":{"@id":"http:\/\/eautomobiliai.lt\/index.php\/2025\/09\/20\/elonas-muskas-sako-kad-kitas-tesla-ev-bus-kazkas-ypatingo-uz-automobilio-ribu\/#breadcrumb"},"inLanguage":"lt-LT","potentialAction":[{"@type":"ReadAction","target":["http:\/\/eautomobiliai.lt\/index.php\/2025\/09\/20\/elonas-muskas-sako-kad-kitas-tesla-ev-bus-kazkas-ypatingo-uz-automobilio-ribu\/"]}]},{"@type":"ImageObject","inLanguage":"lt-LT","@id":"http:\/\/eautomobiliai.lt\/index.php\/2025\/09\/20\/elonas-muskas-sako-kad-kitas-tesla-ev-bus-kazkas-ypatingo-uz-automobilio-ribu\/#primaryimage","url":"http:\/\/eautomobiliai.lt\/wp-content\/uploads\/2025\/09\/Elonas-Muskas-sako-kad-kitas-\u201eTesla-EV-bus-\u201ekazkas-ypatingo.jpg","contentUrl":"http:\/\/eautomobiliai.lt\/wp-content\/uploads\/2025\/09\/Elonas-Muskas-sako-kad-kitas-\u201eTesla-EV-bus-\u201ekazkas-ypatingo.jpg","width":1200,"height":675},{"@type":"BreadcrumbList","@id":"http:\/\/eautomobiliai.lt\/index.php\/2025\/09\/20\/elonas-muskas-sako-kad-kitas-tesla-ev-bus-kazkas-ypatingo-uz-automobilio-ribu\/#breadcrumb","itemListElement":[{"@type":"ListItem","position":1,"name":"Home","item":"http:\/\/eautomobiliai.lt\/"},{"@type":"ListItem","position":2,"name":"Elonas Muskas sako, kad kitas \u201eTesla\u201c EV bus \u201eka\u017ekas ypatingo u\u017e automobilio rib\u0173\u201c"}]},{"@type":"WebSite","@id":"http:\/\/eautomobiliai.lt\/#website","url":"http:\/\/eautomobiliai.lt\/","name":"Eautomobiliai.lt","description":"Elektrinis transportas, technologijos","potentialAction":[{"@type":"SearchAction","target":{"@type":"EntryPoint","urlTemplate":"http:\/\/eautomobiliai.lt\/?s={search_term_string}"},"query-input":{"@type":"PropertyValueSpecification","valueRequired":true,"valueName":"search_term_string"}}],"inLanguage":"lt-LT"},{"@type":"Person","@id":"http:\/\/eautomobiliai.lt\/#\/schema\/person\/ecf2a967f361217d056061f74deb92f2","name":"admin","image":{"@type":"ImageObject","inLanguage":"lt-LT","@id":"http:\/\/eautomobiliai.lt\/#\/schema\/person\/image\/","url":"https:\/\/secure.gravatar.com\/avatar\/6323379efae0c70c686c7905444d6bbd?s=96&d=mm&r=g","contentUrl":"https:\/\/secure.gravatar.com\/avatar\/6323379efae0c70c686c7905444d6bbd?s=96&d=mm&r=g","caption":"admin"},"sameAs":["http:\/\/eautomobiliai.lt"],"url":"http:\/\/eautomobiliai.lt\/index.php\/author\/admin\/"}]}},"_links":{"self":[{"href":"http:\/\/eautomobiliai.lt\/index.php\/wp-json\/wp\/v2\/posts\/2163","targetHints":{"allow":["GET"]}}],"collection":[{"href":"http:\/\/eautomobiliai.lt\/index.php\/wp-json\/wp\/v2\/posts"}],"about":[{"href":"http:\/\/eautomobiliai.lt\/index.php\/wp-json\/wp\/v2\/types\/post"}],"author":[{"embeddable":true,"href":"http:\/\/eautomobiliai.lt\/index.php\/wp-json\/wp\/v2\/users\/1"}],"replies":[{"embeddable":true,"href":"http:\/\/eautomobiliai.lt\/index.php\/wp-json\/wp\/v2\/comments?post=2163"}],"version-history":[{"count":0,"href":"http:\/\/eautomobiliai.lt\/index.php\/wp-json\/wp\/v2\/posts\/2163\/revisions"}],"wp:featuredmedia":[{"embeddable":true,"href":"http:\/\/eautomobiliai.lt\/index.php\/wp-json\/wp\/v2\/media\/2164"}],"wp:attachment":[{"href":"http:\/\/eautomobiliai.lt\/index.php\/wp-json\/wp\/v2\/media?parent=2163"}],"wp:term":[{"taxonomy":"category","embeddable":true,"href":"http:\/\/eautomobiliai.lt\/index.php\/wp-json\/wp\/v2\/categories?post=2163"},{"taxonomy":"post_tag","embeddable":true,"href":"http:\/\/eautomobiliai.lt\/index.php\/wp-json\/wp\/v2\/tags?post=2163"}],"curies":[{"name":"wp","href":"https:\/\/api.w.org\/{rel}","templated":true}]}}