{"id":2190,"date":"2025-09-22T18:31:37","date_gmt":"2025-09-22T18:31:37","guid":{"rendered":"http:\/\/eautomobiliai.lt\/index.php\/2025\/09\/22\/siekdamas-trumpo-teisejas-isvalo-orstedo-revoliucijos-veja-atnaujinti\/"},"modified":"2025-09-22T18:31:37","modified_gmt":"2025-09-22T18:31:37","slug":"siekdamas-trumpo-teisejas-isvalo-orstedo-revoliucijos-veja-atnaujinti","status":"publish","type":"post","link":"http:\/\/eautomobiliai.lt\/index.php\/2025\/09\/22\/siekdamas-trumpo-teisejas-isvalo-orstedo-revoliucijos-veja-atnaujinti\/","title":{"rendered":"Siekdamas Trumpo, teis\u0117jas i\u0161valo \u00d8rstedo revoliucijos v\u0117j\u0105 atnaujinti"},"content":{"rendered":"<p> <br \/>\n<\/p>\n<div>\n<figure class=\"img-border featured-image\">\n\t<figcaption>\n<p>\t\t\t\tNuotrauka: revoliucijos v\u0117jas\t\t\t<\/figcaption><\/figure>\n<p>Federalinis teis\u0117jas i\u0161siai\u0161kino keli\u0105, kad \u00d8rstedas beveik visi\u0161kas revoliucijos v\u0117jo v\u0117jo j\u0117gain\u0117 v\u0117jo v\u0117jo j\u0117gain\u0117 gal\u0117t\u0173 i\u0161 naujo prad\u0117ti statyb\u0105, panaikindamas D.Trumpo administracijos nustatyt\u0105 sustabdymo darb\u0173 \u012fsakym\u0105. <\/p>\n<p><span id=\"more-435433\"\/><\/p>\n<p>Reagano paskirtas vyresnysis JAV apygardos teis\u0117jas Royce C. Lamberth suteik\u0117 preliminar\u0173 \u012fsakym\u0105 Va\u0161ingtone, DC, vadindamas vyriausyb\u0117s elges\u012f \u201esavavali\u0161ko ir kaprizingo vyriausyb\u0117s elgesio auk\u0161tumu\u201c. Jis prid\u016br\u0117: \u201eJei\u201e Revolution Wind \u201cnegali atitikti etalonini\u0173 termin\u0173, visas projektas gali \u017elugti. Mano galvoje n\u0117ra abejoni\u0173 d\u0117l nepataisomos \u017ealos ie\u0161kovams\u201c.<\/p>\n<p>\u00d8rstedas pasveikino nutarim\u0105 ir parei\u0161kime teig\u0117: \u201eRevoliucijos v\u0117jas ir toliau sieks bendradarbiauti su JAV administracija ir kitomis suinteresuotosiomis \u0161alimis link greito sprendimo. Revoliucijos v\u0117jas kuo grei\u010diau atnaujins paveiktus statybos darbus, tur\u0117dami saugum\u0105 kaip svarbiausias prioritetas.\u201c<\/p>\n<p>\u0160is sprendimas \u017eymi reik\u0161ming\u0105 D.Trumpo administracijos bandym\u0173 sustabdyti v\u0117jo vystym\u0105si. \u201eRevolution Wind\u201c jau yra ma\u017edaug 80% ir tikimasi, kad Rodo saloje ir Konektikute bus 350 000 nam\u0173. Anks\u010diau \u0161\u012f m\u0117nes\u012f abiej\u0173 valstybi\u0173 generaliniai advokatai paskelb\u0117, kad jie kreipiasi \u012f Trumpo administracij\u0105, kad panaikint\u0173 jos \u201enepagr\u012fst\u0105\u201c sprendim\u0105 sustabdyti revoliucijos v\u0117j\u0105. Tas pagrindinis ie\u0161kinys, gin\u010dijantis \u012fsakym\u0105 \u201eStop-Work\u201c, ir toliau progresuos.<\/p>\n<p>\t<span class=\"outbrain-ad-label\">Skelbimas &#8211; slinkite daugiau turinio<\/span><\/p>\n<p><strong>Skaitykite daugiau: <\/strong>Konektikutas, Rodo sala Sue Trump, kad sutaupyt\u0173 80% piln\u0105 v\u0117jo j\u0117gaini\u0173 park\u0105<\/p>\n<figure class=\"wp-block-image alignwide size-full\"><img loading=\"lazy\" decoding=\"async\" width=\"750\" height=\"150\" src=\"https:\/\/electrek.co\/wp-content\/uploads\/sites\/3\/2025\/09\/DES-1038_Electrek-Banners_Resiliency_dcf50a.png\" alt=\"\" class=\"wp-image-435434\" srcset=\"https:\/\/electrek.co\/wp-content\/uploads\/sites\/3\/2025\/09\/DES-1038_Electrek-Banners_Resiliency_dcf50a.png 750w, https:\/\/electrek.co\/wp-content\/uploads\/sites\/3\/2025\/09\/DES-1038_Electrek-Banners_Resiliency_dcf50a.png?resize=150,30 150w, https:\/\/electrek.co\/wp-content\/uploads\/sites\/3\/2025\/09\/DES-1038_Electrek-Banners_Resiliency_dcf50a.png?resize=300,60 300w, https:\/\/electrek.co\/wp-content\/uploads\/sites\/3\/2025\/09\/DES-1038_Electrek-Banners_Resiliency_dcf50a.png?resize=350,70 350w, https:\/\/electrek.co\/wp-content\/uploads\/sites\/3\/2025\/09\/DES-1038_Electrek-Banners_Resiliency_dcf50a.png?resize=140,28 140w\" sizes=\"auto, (max-width: 750px) 100vw, 750px\"\/><\/figure>\n<hr class=\"wp-block-separator has-alpha-channel-opacity\"\/>\n<p><strong><em>\u0160iemet baigsis 30% federalinio saul\u0117s mokes\u010dio kreditas. Jei kada nors svarst\u0117te apie saul\u0117s energij\u0105, dabar pats laikas veikti. Nor\u0117dami \u012fsitikinti, kad \u0161alia j\u016bs\u0173 rasite patikim\u0105, patikim\u0105 saul\u0117s diegimo program\u0105, si\u016blan\u010di\u0105 konkurencing\u0105 kain\u0105, apsilankykite <\/em><\/strong><strong><em>Energysage<\/em><\/strong><strong><em>nemokama paslauga, palengvinanti jums saul\u0117s energij\u0105. Jame yra \u0161imtai i\u0161 anksto atvaizduot\u0173 saul\u0117s energijos montuotoj\u0173, konkuruojan\u010di\u0173 d\u0117l j\u016bs\u0173 verslo, u\u017etikrinant, kad gausite auk\u0161tos kokyb\u0117s sprendimus ir sutaupysite 20\u201330%, palyginti su jo \u0117jimu atskirai. Be to, ja nemokama naudotis, ir j\u016bs negausite pardavimo skambu\u010di\u0173, kol pasirinksite diegimo program\u0105 ir pasidalysite savo telefono numeriu su jais. <\/em><\/strong><\/p>\n<p><strong><em>J\u016bs\u0173 individualizuotas saul\u0117s citatas lengva palyginti internete ir gausite prieig\u0105 prie ne\u0161ali\u0161k\u0173 patar\u0117j\u0173 energetikos srityje, kad pad\u0117tum\u0117te jums kiekvienam \u017eingsniui. <\/em><\/strong><strong><em>Prad\u0117kite \u010dia<\/em><\/strong><strong><em>.<\/em><\/strong><\/p>\n<div class=\"ad-disclaimer-container\">\n<p class=\"disclaimer-affiliate\"><em>FPK: Mes naudojame pajamas gaunan\u010dias automatinio filialo nuorodas.<\/em> Daugiau.<\/p>\n<p><img loading=\"lazy\" decoding=\"async\" class=\"alignnone size-full wp-image-434457\" src=\"https:\/\/electrek.co\/wp-content\/uploads\/sites\/3\/2025\/09\/Electrek-Banner-Ad-CXC-10th-Raffle-750_150.jpg?quality=82&amp;strip=all\" alt=\"\" width=\"750\" height=\"150\"\/><\/div>\n<\/p><\/div>\n<p><br \/>\n<br \/><a href=\"https:\/\/electrek.co\/2025\/09\/22\/in-a-blow-to-trump-judge-clears-orsteds-revolution-wind-to-resume\/\">Source link <\/a><\/p>\n","protected":false},"excerpt":{"rendered":"<p>Nuotrauka: revoliucijos v\u0117jas Federalinis teis\u0117jas i\u0161siai\u0161kino keli\u0105, kad \u00d8rstedas beveik visi\u0161kas revoliucijos v\u0117jo v\u0117jo j\u0117gain\u0117 v\u0117jo v\u0117jo j\u0117gain\u0117 gal\u0117t\u0173 i\u0161&hellip;<\/p>\n","protected":false},"author":1,"featured_media":2191,"comment_status":"open","ping_status":"open","sticky":false,"template":"","format":"standard","meta":{"om_disable_all_campaigns":false,"_monsterinsights_skip_tracking":false,"_monsterinsights_sitenote_active":false,"_monsterinsights_sitenote_note":"","_monsterinsights_sitenote_category":0,"footnotes":""},"categories":[8],"tags":[1322,3845,3846,709,3843,3844,332,1492],"class_list":["post-2190","post","type-post","status-publish","format-standard","has-post-thumbnail","hentry","category-elektriniai-automobiliai","tag-atnaujinti","tag-isvalo","tag-orstedo","tag-revoliucijos","tag-siekdamas","tag-teisejas","tag-trumpo","tag-veja"],"aioseo_notices":[],"yoast_head":"<!-- This site is optimized with the Yoast SEO plugin v26.8 - https:\/\/yoast.com\/product\/yoast-seo-wordpress\/ -->\n<title>Siekdamas Trumpo, teis\u0117jas i\u0161valo \u00d8rstedo revoliucijos v\u0117j\u0105 atnaujinti - Eautomobiliai.lt<\/title>\n<meta name=\"robots\" content=\"index, follow, max-snippet:-1, max-image-preview:large, max-video-preview:-1\" \/>\n<link rel=\"canonical\" href=\"https:\/\/eautomobiliai.lt\/index.php\/2025\/09\/22\/siekdamas-trumpo-teisejas-isvalo-orstedo-revoliucijos-veja-atnaujinti\/\" \/>\n<meta property=\"og:locale\" content=\"lt_LT\" \/>\n<meta property=\"og:type\" content=\"article\" \/>\n<meta property=\"og:title\" content=\"Siekdamas Trumpo, teis\u0117jas i\u0161valo \u00d8rstedo revoliucijos v\u0117j\u0105 atnaujinti - Eautomobiliai.lt\" \/>\n<meta property=\"og:description\" content=\"Nuotrauka: revoliucijos v\u0117jas Federalinis teis\u0117jas i\u0161siai\u0161kino keli\u0105, kad \u00d8rstedas beveik visi\u0161kas revoliucijos v\u0117jo v\u0117jo j\u0117gain\u0117 v\u0117jo v\u0117jo j\u0117gain\u0117 gal\u0117t\u0173 i\u0161&hellip;\" \/>\n<meta property=\"og:url\" content=\"https:\/\/eautomobiliai.lt\/index.php\/2025\/09\/22\/siekdamas-trumpo-teisejas-isvalo-orstedo-revoliucijos-veja-atnaujinti\/\" \/>\n<meta property=\"og:site_name\" content=\"Eautomobiliai.lt\" \/>\n<meta property=\"article:published_time\" content=\"2025-09-22T18:31:37+00:00\" \/>\n<meta property=\"og:image\" content=\"https:\/\/eautomobiliai.lt\/wp-content\/uploads\/2025\/09\/Siekdamas-Trumpo-teisejas-isvalo-Orstedo-revoliucijos-veja-atnaujinti.jpg\" \/>\n\t<meta property=\"og:image:width\" content=\"1200\" \/>\n\t<meta property=\"og:image:height\" content=\"628\" \/>\n\t<meta property=\"og:image:type\" content=\"image\/jpeg\" \/>\n<meta name=\"author\" content=\"admin\" \/>\n<meta name=\"twitter:card\" content=\"summary_large_image\" \/>\n<meta name=\"twitter:label1\" content=\"Written by\" \/>\n\t<meta name=\"twitter:data1\" content=\"admin\" \/>\n\t<meta name=\"twitter:label2\" content=\"Est. reading time\" \/>\n\t<meta name=\"twitter:data2\" content=\"2 minut\u0117s\" \/>\n<script type=\"application\/ld+json\" class=\"yoast-schema-graph\">{\"@context\":\"https:\/\/schema.org\",\"@graph\":[{\"@type\":\"Article\",\"@id\":\"https:\/\/eautomobiliai.lt\/index.php\/2025\/09\/22\/siekdamas-trumpo-teisejas-isvalo-orstedo-revoliucijos-veja-atnaujinti\/#article\",\"isPartOf\":{\"@id\":\"https:\/\/eautomobiliai.lt\/index.php\/2025\/09\/22\/siekdamas-trumpo-teisejas-isvalo-orstedo-revoliucijos-veja-atnaujinti\/\"},\"author\":{\"name\":\"admin\",\"@id\":\"https:\/\/eautomobiliai.lt\/#\/schema\/person\/ecf2a967f361217d056061f74deb92f2\"},\"headline\":\"Siekdamas Trumpo, teis\u0117jas i\u0161valo \u00d8rstedo revoliucijos v\u0117j\u0105 atnaujinti\",\"datePublished\":\"2025-09-22T18:31:37+00:00\",\"mainEntityOfPage\":{\"@id\":\"https:\/\/eautomobiliai.lt\/index.php\/2025\/09\/22\/siekdamas-trumpo-teisejas-isvalo-orstedo-revoliucijos-veja-atnaujinti\/\"},\"wordCount\":382,\"commentCount\":0,\"image\":{\"@id\":\"https:\/\/eautomobiliai.lt\/index.php\/2025\/09\/22\/siekdamas-trumpo-teisejas-isvalo-orstedo-revoliucijos-veja-atnaujinti\/#primaryimage\"},\"thumbnailUrl\":\"http:\/\/eautomobiliai.lt\/wp-content\/uploads\/2025\/09\/Siekdamas-Trumpo-teisejas-isvalo-Orstedo-revoliucijos-veja-atnaujinti.jpg\",\"keywords\":[\"atnaujinti\",\"i\u0161valo\",\"\u00d8rstedo\",\"revoliucijos\",\"Siekdamas\",\"teis\u0117jas\",\"Trumpo\",\"v\u0117j\u0105\"],\"articleSection\":[\"ELEKTRINIAI AUTOMOBILIAI\"],\"inLanguage\":\"lt-LT\",\"potentialAction\":[{\"@type\":\"CommentAction\",\"name\":\"Comment\",\"target\":[\"https:\/\/eautomobiliai.lt\/index.php\/2025\/09\/22\/siekdamas-trumpo-teisejas-isvalo-orstedo-revoliucijos-veja-atnaujinti\/#respond\"]}]},{\"@type\":\"WebPage\",\"@id\":\"https:\/\/eautomobiliai.lt\/index.php\/2025\/09\/22\/siekdamas-trumpo-teisejas-isvalo-orstedo-revoliucijos-veja-atnaujinti\/\",\"url\":\"https:\/\/eautomobiliai.lt\/index.php\/2025\/09\/22\/siekdamas-trumpo-teisejas-isvalo-orstedo-revoliucijos-veja-atnaujinti\/\",\"name\":\"Siekdamas Trumpo, teis\u0117jas i\u0161valo \u00d8rstedo revoliucijos v\u0117j\u0105 atnaujinti - Eautomobiliai.lt\",\"isPartOf\":{\"@id\":\"https:\/\/eautomobiliai.lt\/#website\"},\"primaryImageOfPage\":{\"@id\":\"https:\/\/eautomobiliai.lt\/index.php\/2025\/09\/22\/siekdamas-trumpo-teisejas-isvalo-orstedo-revoliucijos-veja-atnaujinti\/#primaryimage\"},\"image\":{\"@id\":\"https:\/\/eautomobiliai.lt\/index.php\/2025\/09\/22\/siekdamas-trumpo-teisejas-isvalo-orstedo-revoliucijos-veja-atnaujinti\/#primaryimage\"},\"thumbnailUrl\":\"http:\/\/eautomobiliai.lt\/wp-content\/uploads\/2025\/09\/Siekdamas-Trumpo-teisejas-isvalo-Orstedo-revoliucijos-veja-atnaujinti.jpg\",\"datePublished\":\"2025-09-22T18:31:37+00:00\",\"author\":{\"@id\":\"https:\/\/eautomobiliai.lt\/#\/schema\/person\/ecf2a967f361217d056061f74deb92f2\"},\"breadcrumb\":{\"@id\":\"https:\/\/eautomobiliai.lt\/index.php\/2025\/09\/22\/siekdamas-trumpo-teisejas-isvalo-orstedo-revoliucijos-veja-atnaujinti\/#breadcrumb\"},\"inLanguage\":\"lt-LT\",\"potentialAction\":[{\"@type\":\"ReadAction\",\"target\":[\"https:\/\/eautomobiliai.lt\/index.php\/2025\/09\/22\/siekdamas-trumpo-teisejas-isvalo-orstedo-revoliucijos-veja-atnaujinti\/\"]}]},{\"@type\":\"ImageObject\",\"inLanguage\":\"lt-LT\",\"@id\":\"https:\/\/eautomobiliai.lt\/index.php\/2025\/09\/22\/siekdamas-trumpo-teisejas-isvalo-orstedo-revoliucijos-veja-atnaujinti\/#primaryimage\",\"url\":\"http:\/\/eautomobiliai.lt\/wp-content\/uploads\/2025\/09\/Siekdamas-Trumpo-teisejas-isvalo-Orstedo-revoliucijos-veja-atnaujinti.jpg\",\"contentUrl\":\"http:\/\/eautomobiliai.lt\/wp-content\/uploads\/2025\/09\/Siekdamas-Trumpo-teisejas-isvalo-Orstedo-revoliucijos-veja-atnaujinti.jpg\",\"width\":1200,\"height\":628},{\"@type\":\"BreadcrumbList\",\"@id\":\"https:\/\/eautomobiliai.lt\/index.php\/2025\/09\/22\/siekdamas-trumpo-teisejas-isvalo-orstedo-revoliucijos-veja-atnaujinti\/#breadcrumb\",\"itemListElement\":[{\"@type\":\"ListItem\",\"position\":1,\"name\":\"Home\",\"item\":\"https:\/\/eautomobiliai.lt\/\"},{\"@type\":\"ListItem\",\"position\":2,\"name\":\"Siekdamas Trumpo, teis\u0117jas i\u0161valo \u00d8rstedo revoliucijos v\u0117j\u0105 atnaujinti\"}]},{\"@type\":\"WebSite\",\"@id\":\"https:\/\/eautomobiliai.lt\/#website\",\"url\":\"https:\/\/eautomobiliai.lt\/\",\"name\":\"Eautomobiliai.lt\",\"description\":\"Elektrinis transportas, technologijos\",\"potentialAction\":[{\"@type\":\"SearchAction\",\"target\":{\"@type\":\"EntryPoint\",\"urlTemplate\":\"https:\/\/eautomobiliai.lt\/?s={search_term_string}\"},\"query-input\":{\"@type\":\"PropertyValueSpecification\",\"valueRequired\":true,\"valueName\":\"search_term_string\"}}],\"inLanguage\":\"lt-LT\"},{\"@type\":\"Person\",\"@id\":\"https:\/\/eautomobiliai.lt\/#\/schema\/person\/ecf2a967f361217d056061f74deb92f2\",\"name\":\"admin\",\"image\":{\"@type\":\"ImageObject\",\"inLanguage\":\"lt-LT\",\"@id\":\"https:\/\/eautomobiliai.lt\/#\/schema\/person\/image\/\",\"url\":\"https:\/\/secure.gravatar.com\/avatar\/6323379efae0c70c686c7905444d6bbd?s=96&d=mm&r=g\",\"contentUrl\":\"https:\/\/secure.gravatar.com\/avatar\/6323379efae0c70c686c7905444d6bbd?s=96&d=mm&r=g\",\"caption\":\"admin\"},\"sameAs\":[\"http:\/\/eautomobiliai.lt\"],\"url\":\"http:\/\/eautomobiliai.lt\/index.php\/author\/admin\/\"}]}<\/script>\n<!-- \/ Yoast SEO plugin. -->","yoast_head_json":{"title":"Siekdamas Trumpo, teis\u0117jas i\u0161valo \u00d8rstedo revoliucijos v\u0117j\u0105 atnaujinti - Eautomobiliai.lt","robots":{"index":"index","follow":"follow","max-snippet":"max-snippet:-1","max-image-preview":"max-image-preview:large","max-video-preview":"max-video-preview:-1"},"canonical":"https:\/\/eautomobiliai.lt\/index.php\/2025\/09\/22\/siekdamas-trumpo-teisejas-isvalo-orstedo-revoliucijos-veja-atnaujinti\/","og_locale":"lt_LT","og_type":"article","og_title":"Siekdamas Trumpo, teis\u0117jas i\u0161valo \u00d8rstedo revoliucijos v\u0117j\u0105 atnaujinti - Eautomobiliai.lt","og_description":"Nuotrauka: revoliucijos v\u0117jas Federalinis teis\u0117jas i\u0161siai\u0161kino keli\u0105, kad \u00d8rstedas beveik visi\u0161kas revoliucijos v\u0117jo v\u0117jo j\u0117gain\u0117 v\u0117jo v\u0117jo j\u0117gain\u0117 gal\u0117t\u0173 i\u0161&hellip;","og_url":"https:\/\/eautomobiliai.lt\/index.php\/2025\/09\/22\/siekdamas-trumpo-teisejas-isvalo-orstedo-revoliucijos-veja-atnaujinti\/","og_site_name":"Eautomobiliai.lt","article_published_time":"2025-09-22T18:31:37+00:00","og_image":[{"width":1200,"height":628,"url":"https:\/\/eautomobiliai.lt\/wp-content\/uploads\/2025\/09\/Siekdamas-Trumpo-teisejas-isvalo-Orstedo-revoliucijos-veja-atnaujinti.jpg","type":"image\/jpeg"}],"author":"admin","twitter_card":"summary_large_image","twitter_misc":{"Written by":"admin","Est. reading time":"2 minut\u0117s"},"schema":{"@context":"https:\/\/schema.org","@graph":[{"@type":"Article","@id":"https:\/\/eautomobiliai.lt\/index.php\/2025\/09\/22\/siekdamas-trumpo-teisejas-isvalo-orstedo-revoliucijos-veja-atnaujinti\/#article","isPartOf":{"@id":"https:\/\/eautomobiliai.lt\/index.php\/2025\/09\/22\/siekdamas-trumpo-teisejas-isvalo-orstedo-revoliucijos-veja-atnaujinti\/"},"author":{"name":"admin","@id":"https:\/\/eautomobiliai.lt\/#\/schema\/person\/ecf2a967f361217d056061f74deb92f2"},"headline":"Siekdamas Trumpo, teis\u0117jas i\u0161valo \u00d8rstedo revoliucijos v\u0117j\u0105 atnaujinti","datePublished":"2025-09-22T18:31:37+00:00","mainEntityOfPage":{"@id":"https:\/\/eautomobiliai.lt\/index.php\/2025\/09\/22\/siekdamas-trumpo-teisejas-isvalo-orstedo-revoliucijos-veja-atnaujinti\/"},"wordCount":382,"commentCount":0,"image":{"@id":"https:\/\/eautomobiliai.lt\/index.php\/2025\/09\/22\/siekdamas-trumpo-teisejas-isvalo-orstedo-revoliucijos-veja-atnaujinti\/#primaryimage"},"thumbnailUrl":"http:\/\/eautomobiliai.lt\/wp-content\/uploads\/2025\/09\/Siekdamas-Trumpo-teisejas-isvalo-Orstedo-revoliucijos-veja-atnaujinti.jpg","keywords":["atnaujinti","i\u0161valo","\u00d8rstedo","revoliucijos","Siekdamas","teis\u0117jas","Trumpo","v\u0117j\u0105"],"articleSection":["ELEKTRINIAI AUTOMOBILIAI"],"inLanguage":"lt-LT","potentialAction":[{"@type":"CommentAction","name":"Comment","target":["https:\/\/eautomobiliai.lt\/index.php\/2025\/09\/22\/siekdamas-trumpo-teisejas-isvalo-orstedo-revoliucijos-veja-atnaujinti\/#respond"]}]},{"@type":"WebPage","@id":"https:\/\/eautomobiliai.lt\/index.php\/2025\/09\/22\/siekdamas-trumpo-teisejas-isvalo-orstedo-revoliucijos-veja-atnaujinti\/","url":"https:\/\/eautomobiliai.lt\/index.php\/2025\/09\/22\/siekdamas-trumpo-teisejas-isvalo-orstedo-revoliucijos-veja-atnaujinti\/","name":"Siekdamas Trumpo, teis\u0117jas i\u0161valo \u00d8rstedo revoliucijos v\u0117j\u0105 atnaujinti - Eautomobiliai.lt","isPartOf":{"@id":"https:\/\/eautomobiliai.lt\/#website"},"primaryImageOfPage":{"@id":"https:\/\/eautomobiliai.lt\/index.php\/2025\/09\/22\/siekdamas-trumpo-teisejas-isvalo-orstedo-revoliucijos-veja-atnaujinti\/#primaryimage"},"image":{"@id":"https:\/\/eautomobiliai.lt\/index.php\/2025\/09\/22\/siekdamas-trumpo-teisejas-isvalo-orstedo-revoliucijos-veja-atnaujinti\/#primaryimage"},"thumbnailUrl":"http:\/\/eautomobiliai.lt\/wp-content\/uploads\/2025\/09\/Siekdamas-Trumpo-teisejas-isvalo-Orstedo-revoliucijos-veja-atnaujinti.jpg","datePublished":"2025-09-22T18:31:37+00:00","author":{"@id":"https:\/\/eautomobiliai.lt\/#\/schema\/person\/ecf2a967f361217d056061f74deb92f2"},"breadcrumb":{"@id":"https:\/\/eautomobiliai.lt\/index.php\/2025\/09\/22\/siekdamas-trumpo-teisejas-isvalo-orstedo-revoliucijos-veja-atnaujinti\/#breadcrumb"},"inLanguage":"lt-LT","potentialAction":[{"@type":"ReadAction","target":["https:\/\/eautomobiliai.lt\/index.php\/2025\/09\/22\/siekdamas-trumpo-teisejas-isvalo-orstedo-revoliucijos-veja-atnaujinti\/"]}]},{"@type":"ImageObject","inLanguage":"lt-LT","@id":"https:\/\/eautomobiliai.lt\/index.php\/2025\/09\/22\/siekdamas-trumpo-teisejas-isvalo-orstedo-revoliucijos-veja-atnaujinti\/#primaryimage","url":"http:\/\/eautomobiliai.lt\/wp-content\/uploads\/2025\/09\/Siekdamas-Trumpo-teisejas-isvalo-Orstedo-revoliucijos-veja-atnaujinti.jpg","contentUrl":"http:\/\/eautomobiliai.lt\/wp-content\/uploads\/2025\/09\/Siekdamas-Trumpo-teisejas-isvalo-Orstedo-revoliucijos-veja-atnaujinti.jpg","width":1200,"height":628},{"@type":"BreadcrumbList","@id":"https:\/\/eautomobiliai.lt\/index.php\/2025\/09\/22\/siekdamas-trumpo-teisejas-isvalo-orstedo-revoliucijos-veja-atnaujinti\/#breadcrumb","itemListElement":[{"@type":"ListItem","position":1,"name":"Home","item":"https:\/\/eautomobiliai.lt\/"},{"@type":"ListItem","position":2,"name":"Siekdamas Trumpo, teis\u0117jas i\u0161valo \u00d8rstedo revoliucijos v\u0117j\u0105 atnaujinti"}]},{"@type":"WebSite","@id":"https:\/\/eautomobiliai.lt\/#website","url":"https:\/\/eautomobiliai.lt\/","name":"Eautomobiliai.lt","description":"Elektrinis transportas, technologijos","potentialAction":[{"@type":"SearchAction","target":{"@type":"EntryPoint","urlTemplate":"https:\/\/eautomobiliai.lt\/?s={search_term_string}"},"query-input":{"@type":"PropertyValueSpecification","valueRequired":true,"valueName":"search_term_string"}}],"inLanguage":"lt-LT"},{"@type":"Person","@id":"https:\/\/eautomobiliai.lt\/#\/schema\/person\/ecf2a967f361217d056061f74deb92f2","name":"admin","image":{"@type":"ImageObject","inLanguage":"lt-LT","@id":"https:\/\/eautomobiliai.lt\/#\/schema\/person\/image\/","url":"https:\/\/secure.gravatar.com\/avatar\/6323379efae0c70c686c7905444d6bbd?s=96&d=mm&r=g","contentUrl":"https:\/\/secure.gravatar.com\/avatar\/6323379efae0c70c686c7905444d6bbd?s=96&d=mm&r=g","caption":"admin"},"sameAs":["http:\/\/eautomobiliai.lt"],"url":"http:\/\/eautomobiliai.lt\/index.php\/author\/admin\/"}]}},"_links":{"self":[{"href":"http:\/\/eautomobiliai.lt\/index.php\/wp-json\/wp\/v2\/posts\/2190","targetHints":{"allow":["GET"]}}],"collection":[{"href":"http:\/\/eautomobiliai.lt\/index.php\/wp-json\/wp\/v2\/posts"}],"about":[{"href":"http:\/\/eautomobiliai.lt\/index.php\/wp-json\/wp\/v2\/types\/post"}],"author":[{"embeddable":true,"href":"http:\/\/eautomobiliai.lt\/index.php\/wp-json\/wp\/v2\/users\/1"}],"replies":[{"embeddable":true,"href":"http:\/\/eautomobiliai.lt\/index.php\/wp-json\/wp\/v2\/comments?post=2190"}],"version-history":[{"count":0,"href":"http:\/\/eautomobiliai.lt\/index.php\/wp-json\/wp\/v2\/posts\/2190\/revisions"}],"wp:featuredmedia":[{"embeddable":true,"href":"http:\/\/eautomobiliai.lt\/index.php\/wp-json\/wp\/v2\/media\/2191"}],"wp:attachment":[{"href":"http:\/\/eautomobiliai.lt\/index.php\/wp-json\/wp\/v2\/media?parent=2190"}],"wp:term":[{"taxonomy":"category","embeddable":true,"href":"http:\/\/eautomobiliai.lt\/index.php\/wp-json\/wp\/v2\/categories?post=2190"},{"taxonomy":"post_tag","embeddable":true,"href":"http:\/\/eautomobiliai.lt\/index.php\/wp-json\/wp\/v2\/tags?post=2190"}],"curies":[{"name":"wp","href":"https:\/\/api.w.org\/{rel}","templated":true}]}}