{"id":2227,"date":"2025-09-26T14:43:36","date_gmt":"2025-09-26T14:43:36","guid":{"rendered":"http:\/\/eautomobiliai.lt\/index.php\/2025\/09\/26\/volkswagen-pranesa\/"},"modified":"2025-09-26T14:43:36","modified_gmt":"2025-09-26T14:43:36","slug":"volkswagen-pranesa","status":"publish","type":"post","link":"http:\/\/eautomobiliai.lt\/index.php\/2025\/09\/26\/volkswagen-pranesa\/","title":{"rendered":"\u201eVolkswagen\u201c prane\u0161a"},"content":{"rendered":"<p> <br \/>\n<\/p>\n<div id=\"\">\n<p><span style=\"font-weight: 400;\">\u201eVolkswagen\u201c i\u0161leido nauj\u0105 savo \u201eTransporter\u201c pristatymo furgono elektrin\u0119 versij\u0105, kuri debiutuos Australijos rinkoje su kaina.<\/span><span style=\"font-weight: 400;\">  Nuo 83 590 USD u\u017e trumpalaiki\u0173 rat\u0173 baz\u0119 (SWB) ir 85 590 USD u\u017e auk\u0161\u010diausio lygio ilgalaikio rato baz\u0119 (LWB).<\/span><\/p>\n<p><span style=\"font-weight: 400;\">Elektrinio ve\u017e\u0117jo atvykimas seka s\u0117kmingai i\u0161leist\u0105 populiari\u0105 \u201eID.Buzz Electric Kombi\u201c ir seka daugyb\u0119 nauj\u0173 Australijos rinkos pristatyt\u0173 nauj\u0173 elektrini\u0173 mikroautobus\u0173.<\/span><\/p>\n<p><span style=\"font-weight: 400;\">\u201e\u201e Volkswagen \u201ckomercin\u0117s transporto priemon\u0117s dabar turi naujausi\u0105 ir geriausi\u0105 mikroautobus\u0173 asortiment\u0105, pradedant m\u016bs\u0173 atnaujintu kompakti\u0161ku\u201e Caddy \u201cir\u201e Big Crafter \u201c, baigiant m\u016bs\u0173 novatori\u0161ku asmens tapatybe.<\/span><\/p>\n<p><span style=\"font-weight: 400;\">\u201eDabar ateina vieno i\u0161 m\u016bs\u0173 ikonini\u0173 vardini\u0173 lenteli\u0173, ve\u017e\u0117j\u0173, atnaujinimas ir i\u0161pl\u0117timas. <\/span><\/p>\n<p><span style=\"font-weight: 400;\">\u201eMes suk\u016br\u0117me asortiment\u0105, leid\u017eiant\u012f klientams pritaikyti savo galimybes pagal savo poreikius, pradedant nuo tu\u0161\u010dios drob\u0117s ir baigiant pilnai \u012frengtu &#8211; sutelkdami d\u0117mes\u012f \u012f mi\u0161inio ir rungtyni\u0173 \u012frang\u0105 bei special\u0173 kemperi\u0173 paruo\u0161im\u0105, kuris atspindi ve\u017e\u0117j\u0105, kuris yra sinonimas su\u201e Van Life \u201caplink Australij\u0105\u201c.<\/span><\/p>\n<figure id=\"attachment_190841\" aria-describedby=\"caption-attachment-190841\" style=\"width: 928px\" class=\"wp-caption aligncenter\"><img loading=\"lazy\" decoding=\"async\" class=\"wp-image-190841 \" src=\"https:\/\/thedriven.io\/wp-content\/uploads\/2025\/09\/Volkswagen-Transporter-Electric-Front-e1758851097922-1160x926.jpg\" alt=\"\u201eVolkswagen\u201c ve\u017e\u0117jas\" width=\"928\" height=\"741\" srcset=\"https:\/\/thedriven.io\/wp-content\/uploads\/2025\/09\/Volkswagen-Transporter-Electric-Front-e1758851097922-1160x926.jpg 1160w, https:\/\/thedriven.io\/wp-content\/uploads\/2025\/09\/Volkswagen-Transporter-Electric-Front-e1758851097922-388x310.jpg 388w, https:\/\/thedriven.io\/wp-content\/uploads\/2025\/09\/Volkswagen-Transporter-Electric-Front-e1758851097922-800x639.jpg 800w, https:\/\/thedriven.io\/wp-content\/uploads\/2025\/09\/Volkswagen-Transporter-Electric-Front-e1758851097922-120x96.jpg 120w, https:\/\/thedriven.io\/wp-content\/uploads\/2025\/09\/Volkswagen-Transporter-Electric-Front-e1758851097922-90x72.jpg 90w, https:\/\/thedriven.io\/wp-content\/uploads\/2025\/09\/Volkswagen-Transporter-Electric-Front-e1758851097922-320x256.jpg 320w, https:\/\/thedriven.io\/wp-content\/uploads\/2025\/09\/Volkswagen-Transporter-Electric-Front-e1758851097922-560x447.jpg 560w, https:\/\/thedriven.io\/wp-content\/uploads\/2025\/09\/Volkswagen-Transporter-Electric-Front-e1758851097922-150x120.jpg 150w, https:\/\/thedriven.io\/wp-content\/uploads\/2025\/09\/Volkswagen-Transporter-Electric-Front-e1758851097922-240x192.jpg 240w, https:\/\/thedriven.io\/wp-content\/uploads\/2025\/09\/Volkswagen-Transporter-Electric-Front-e1758851097922-180x144.jpg 180w, https:\/\/thedriven.io\/wp-content\/uploads\/2025\/09\/Volkswagen-Transporter-Electric-Front-e1758851097922-640x511.jpg 640w, https:\/\/thedriven.io\/wp-content\/uploads\/2025\/09\/Volkswagen-Transporter-Electric-Front-e1758851097922-1120x894.jpg 1120w, https:\/\/thedriven.io\/wp-content\/uploads\/2025\/09\/Volkswagen-Transporter-Electric-Front-e1758851097922-300x240.jpg 300w, https:\/\/thedriven.io\/wp-content\/uploads\/2025\/09\/Volkswagen-Transporter-Electric-Front-e1758851097922.jpg 1192w\" sizes=\"auto, (max-width: 928px) 100vw, 928px\"\/><figcaption id=\"caption-attachment-190841\" class=\"wp-caption-text\">Vaizdas: \u201eVolkswagen\u201c<\/figcaption><\/figure>\n<p><span style=\"font-weight: 400;\">\u201eKiekvienas ve\u017e\u0117jas yra vidutinio dyd\u017eio sald\u017eioji vieta, puikiai tinkanti ma\u017eam ir dideliam verslui, kempingo gyvenimo b\u016bdui ir daug daugiau, si\u016blanti daugiau erdv\u0117s, daugiau technologij\u0173 ir daugiau pasirinkimo, \u012fskaitant galing\u0105 210 kW Bev.\u201c.<\/span><\/p>\n<p><span style=\"font-weight: 400;\">Abu variantai tur\u0117s 64 kWh baterijos pakuot\u0119 su 11 kW kintamosiomis srov\u0117s \u012fkrovimais ir 125 kW galiojan\u010diomis nuolatin\u0117s srov\u0117s \u012fkrovimais. Tai pad\u0117t\u0173 furgonui gauti nuo 10 iki 80% per 38 minutes. \u0160i\u0173 variant\u0173 maitinimas yra galiniame variklis, tiekiamas 210 kW galios ir 415 nm sukimo momentas.<\/span><\/p>\n<p><span style=\"font-weight: 400;\">Oficialus Australijos variant\u0173 EV diapazonas bus paskelbtas kit\u0105 m\u0117nes\u012f, ta\u010diau Europoje realaus pasaulio diapazonas yra daugiau kaip 250 km, atsi\u017evelgiant \u012f <\/span><span style=\"font-weight: 400;\">evdb<\/span><span style=\"font-weight: 400;\">.<\/span><\/p>\n<p><span style=\"font-weight: 400;\">SWB yra 5,05 m ilgio, o LWB &#8211; 5,45 m, o LWB &#8211; 760 kg naudinga krovinys ir 806 kg SWB variantui.<\/span><\/p>\n<p><span style=\"font-weight: 400;\">Vilkimo priekyje BEV versijoje yra 2,3 tonos vilkimo talpos.<\/span><\/p>\n<figure id=\"attachment_190844\" aria-describedby=\"caption-attachment-190844\" style=\"width: 938px\" class=\"wp-caption aligncenter\"><img decoding=\"async\" class=\"wp-image-190844  native-lazyload-js-fallback\" alt=\"\" width=\"938\" height=\"938\" loading=\"lazy\" src=\"https:\/\/b2232832.smushcdn.com\/2232832\/wp-content\/uploads\/2025\/09\/Volkswagen-Transporter-Electric-Loading-Side-1160x1160.jpg?lossy=1&amp;strip=0&amp;webp=1\" srcset=\"https:\/\/b2232832.smushcdn.com\/2232832\/wp-content\/uploads\/2025\/09\/Volkswagen-Transporter-Electric-Loading-Side-1160x1160.jpg?lossy=1&amp;strip=0&amp;webp=1 1160w, https:\/\/b2232832.smushcdn.com\/2232832\/wp-content\/uploads\/2025\/09\/Volkswagen-Transporter-Electric-Loading-Side-388x388.jpg?lossy=1&amp;strip=0&amp;webp=1 388w, https:\/\/b2232832.smushcdn.com\/2232832\/wp-content\/uploads\/2025\/09\/Volkswagen-Transporter-Electric-Loading-Side-800x800.jpg?lossy=1&amp;strip=0&amp;webp=1 800w, https:\/\/b2232832.smushcdn.com\/2232832\/wp-content\/uploads\/2025\/09\/Volkswagen-Transporter-Electric-Loading-Side-80x80.jpg?lossy=1&amp;strip=0&amp;webp=1 80w, https:\/\/b2232832.smushcdn.com\/2232832\/wp-content\/uploads\/2025\/09\/Volkswagen-Transporter-Electric-Loading-Side-120x120.jpg?lossy=1&amp;strip=0&amp;webp=1 120w, https:\/\/b2232832.smushcdn.com\/2232832\/wp-content\/uploads\/2025\/09\/Volkswagen-Transporter-Electric-Loading-Side-90x90.jpg?lossy=1&amp;strip=0&amp;webp=1 90w, https:\/\/b2232832.smushcdn.com\/2232832\/wp-content\/uploads\/2025\/09\/Volkswagen-Transporter-Electric-Loading-Side-320x320.jpg?lossy=1&amp;strip=0&amp;webp=1 320w, https:\/\/b2232832.smushcdn.com\/2232832\/wp-content\/uploads\/2025\/09\/Volkswagen-Transporter-Electric-Loading-Side-560x560.jpg?lossy=1&amp;strip=0&amp;webp=1 560w, https:\/\/b2232832.smushcdn.com\/2232832\/wp-content\/uploads\/2025\/09\/Volkswagen-Transporter-Electric-Loading-Side-96x96.jpg?lossy=1&amp;strip=0&amp;webp=1 96w, https:\/\/b2232832.smushcdn.com\/2232832\/wp-content\/uploads\/2025\/09\/Volkswagen-Transporter-Electric-Loading-Side-150x150.jpg?lossy=1&amp;strip=0&amp;webp=1 150w, https:\/\/b2232832.smushcdn.com\/2232832\/wp-content\/uploads\/2025\/09\/Volkswagen-Transporter-Electric-Loading-Side-160x160.jpg?lossy=1&amp;strip=0&amp;webp=1 160w, https:\/\/b2232832.smushcdn.com\/2232832\/wp-content\/uploads\/2025\/09\/Volkswagen-Transporter-Electric-Loading-Side-240x240.jpg?lossy=1&amp;strip=0&amp;webp=1 240w, https:\/\/b2232832.smushcdn.com\/2232832\/wp-content\/uploads\/2025\/09\/Volkswagen-Transporter-Electric-Loading-Side-180x180.jpg?lossy=1&amp;strip=0&amp;webp=1 180w, https:\/\/b2232832.smushcdn.com\/2232832\/wp-content\/uploads\/2025\/09\/Volkswagen-Transporter-Electric-Loading-Side-640x640.jpg?lossy=1&amp;strip=0&amp;webp=1 640w, https:\/\/b2232832.smushcdn.com\/2232832\/wp-content\/uploads\/2025\/09\/Volkswagen-Transporter-Electric-Loading-Side-1120x1120.jpg?lossy=1&amp;strip=0&amp;webp=1 1120w, https:\/\/b2232832.smushcdn.com\/2232832\/wp-content\/uploads\/2025\/09\/Volkswagen-Transporter-Electric-Loading-Side-192x192.jpg?lossy=1&amp;strip=0&amp;webp=1 192w, https:\/\/b2232832.smushcdn.com\/2232832\/wp-content\/uploads\/2025\/09\/Volkswagen-Transporter-Electric-Loading-Side-300x300.jpg?lossy=1&amp;strip=0&amp;webp=1 300w, https:\/\/b2232832.smushcdn.com\/2232832\/wp-content\/uploads\/2025\/09\/Volkswagen-Transporter-Electric-Loading-Side.jpg?lossy=1&amp;strip=0&amp;webp=1 1200w\" data-sizes=\"(max-width: 938px) 100vw, 938px\"\/><img loading=\"lazy\" decoding=\"async\" class=\"wp-image-190844 \" src=\"https:\/\/thedriven.io\/wp-content\/uploads\/2025\/09\/Volkswagen-Transporter-Electric-Loading-Side-1160x1160.jpg\" alt=\"\" width=\"938\" height=\"938\" srcset=\"https:\/\/thedriven.io\/wp-content\/uploads\/2025\/09\/Volkswagen-Transporter-Electric-Loading-Side-1160x1160.jpg 1160w, https:\/\/thedriven.io\/wp-content\/uploads\/2025\/09\/Volkswagen-Transporter-Electric-Loading-Side-388x388.jpg 388w, https:\/\/thedriven.io\/wp-content\/uploads\/2025\/09\/Volkswagen-Transporter-Electric-Loading-Side-800x800.jpg 800w, https:\/\/thedriven.io\/wp-content\/uploads\/2025\/09\/Volkswagen-Transporter-Electric-Loading-Side-80x80.jpg 80w, https:\/\/thedriven.io\/wp-content\/uploads\/2025\/09\/Volkswagen-Transporter-Electric-Loading-Side-120x120.jpg 120w, https:\/\/thedriven.io\/wp-content\/uploads\/2025\/09\/Volkswagen-Transporter-Electric-Loading-Side-90x90.jpg 90w, https:\/\/thedriven.io\/wp-content\/uploads\/2025\/09\/Volkswagen-Transporter-Electric-Loading-Side-320x320.jpg 320w, https:\/\/thedriven.io\/wp-content\/uploads\/2025\/09\/Volkswagen-Transporter-Electric-Loading-Side-560x560.jpg 560w, https:\/\/thedriven.io\/wp-content\/uploads\/2025\/09\/Volkswagen-Transporter-Electric-Loading-Side-96x96.jpg 96w, https:\/\/thedriven.io\/wp-content\/uploads\/2025\/09\/Volkswagen-Transporter-Electric-Loading-Side-150x150.jpg 150w, https:\/\/thedriven.io\/wp-content\/uploads\/2025\/09\/Volkswagen-Transporter-Electric-Loading-Side-160x160.jpg 160w, https:\/\/thedriven.io\/wp-content\/uploads\/2025\/09\/Volkswagen-Transporter-Electric-Loading-Side-240x240.jpg 240w, https:\/\/thedriven.io\/wp-content\/uploads\/2025\/09\/Volkswagen-Transporter-Electric-Loading-Side-180x180.jpg 180w, https:\/\/thedriven.io\/wp-content\/uploads\/2025\/09\/Volkswagen-Transporter-Electric-Loading-Side-640x640.jpg 640w, https:\/\/thedriven.io\/wp-content\/uploads\/2025\/09\/Volkswagen-Transporter-Electric-Loading-Side-1120x1120.jpg 1120w, https:\/\/thedriven.io\/wp-content\/uploads\/2025\/09\/Volkswagen-Transporter-Electric-Loading-Side-192x192.jpg 192w, https:\/\/thedriven.io\/wp-content\/uploads\/2025\/09\/Volkswagen-Transporter-Electric-Loading-Side-300x300.jpg 300w, https:\/\/thedriven.io\/wp-content\/uploads\/2025\/09\/Volkswagen-Transporter-Electric-Loading-Side.jpg 1200w\" sizes=\"auto, (max-width: 938px) 100vw, 938px\"\/><figcaption id=\"caption-attachment-190844\" class=\"wp-caption-text\">Vaizdas: \u201eVolkswagen\u201c<\/figcaption><\/figure>\n<p>Viduje yra du ekranai, kuriuose yra 12 coli\u0173 ekranas u\u017e vairo, o informacinei informacinei ekranui yra 13 coli\u0173 ekranas.<\/p>\n<p><span style=\"font-weight: 400;\">Belaidis \u201eApple CarPlay\u201c ir \u201eAndroid Auto\u201c yra si\u016blomi pad\u0117ti \u012f automobil\u012f \u012ftraukti pagrindines programas, o viduje taip pat randami 7 USB prievadai.<\/span><\/p>\n<p><span style=\"font-weight: 400;\">Kitos standartin\u0117s savyb\u0117s yra \u0161ildomos priekin\u0117s s\u0117dyn\u0117s ir vienos zonos klimato kontrol\u0117, taip pat be rakt\u0173.<\/span><\/p>\n<p><span style=\"font-weight: 400;\">Saugos priekyje, autonominis avarinis stabdymas naudojant p\u0117s\u010di\u0173j\u0173 ir dviratinink\u0173 aptikim\u0105, akl\u0173j\u0173 ta\u0161k\u0173 steb\u0117jimas, pagalbin\u0117 priekaba, atvirk\u0161tinis avarinio stabdymas, stov\u0117jimo jutikliai ir galinio vaizdo kamera, kad pad\u0117t\u0173 automobili\u0173 stov\u0117jimo aik\u0161telei. 360 laipsni\u0173 fotoaparat\u0105 taip pat galima \u012fsigyti kaip 690 USD parinkt\u012f.<\/span><\/p>\n<p><span style=\"font-weight: 400;\">\u0160is naujas \u201eVolkswagen\u201c ve\u017e\u0117jas kit\u0105 m\u0117nes\u012f atvyks \u012f \u201eVolkswagen\u201c prekybos atstovus, suteikdamas nauj\u0105 variant\u0105 tiems, kurie yra paskutin\u0117s mylios pristatymo, kemping\u0173 ir prekybos sektoriuose.<\/span><\/p>\n<table>\n<thead>\n<tr>\n<th colspan=\"2\">Standartin\u0117s specifikacijos<\/th>\n<\/tr>\n<\/thead>\n<tbody>\n<tr>\n<td colspan=\"2\"><strong>K\u016bnas<\/strong><\/td>\n<\/tr>\n<tr>\n<td>3 sulankstomi stogo baga\u017ein\u0117s<\/td>\n<\/tr>\n<tr>\n<td>Aktyvios radiatori\u0173 grotel\u0117s atidarymas\/u\u017edarymas<\/td>\n<\/tr>\n<tr>\n<td>Juodos gr\u016bdintys buferiai priekyje ir gale<\/td>\n<\/tr>\n<tr>\n<td>Juodos gr\u016bd\u0117tos i\u0161orin\u0117s veidrod\u017eio korpusai ir dur\u0173 rankenos<\/td>\n<\/tr>\n<tr>\n<td>I\u0161oriniai veidrod\u017eiai, reguliuojami maitinimai, \u0161ildomi ir sulankstomi galios<\/td>\n<\/tr>\n<tr>\n<td>Degal\u0173 bakas, kurio t\u016bris yra 70 l (tik dyzelinas)<\/td>\n<\/tr>\n<tr>\n<td>\u0160ilumos atspindintis stiklas \u0161onuose<\/td>\n<\/tr>\n<tr>\n<td>\u012ekaitintas galinio lango<\/td>\n<\/tr>\n<tr>\n<td>Laminuotas apsauginis stiklinis priekinis stiklas, \u0161ilumos skleidimas<\/td>\n<\/tr>\n<tr>\n<td>Uodegos dangtis su \u0161ildomu langu ir valytuvu<\/td>\n<\/tr>\n<tr>\n<td>Stumdomos durys priekin\u0117je keleivio pus\u0117je<\/td>\n<\/tr>\n<tr>\n<td>Standartinis stogas<\/td>\n<\/tr>\n<tr>\n<td>Priekabos kabliuko paruo\u0161imas<\/td>\n<\/tr>\n<tr>\n<td colspan=\"2\"><strong>Va\u017eiuokl\u0117<\/strong><\/td>\n<\/tr>\n<tr>\n<td>3.2T bendrojo transporto priemon\u0117s svorio \u012fvertinimas<\/td>\n<\/tr>\n<tr>\n<td>4 plieniniai ratai 6,5J x 16<\/td>\n<\/tr>\n<tr>\n<td>Elektroninis stabilumo kontrol\u0117 ESC ir elektromechaninis stabd\u017ei\u0173 stiprintuvas<\/td>\n<\/tr>\n<tr>\n<td>Plieninis atsarginis ratas 215\/65 R16 C (tik dyzelinis FWD)<\/td>\n<\/tr>\n<tr>\n<td>Laikinas atsarginis ratas 155\/70 R17 + JACK (tik \u201eDyzelinis 4Motion\u201c)<\/td>\n<\/tr>\n<tr>\n<td>Padang\u0173 mobilumo rinkinys (tik elektriniai modeliai)<\/td>\n<\/tr>\n<tr>\n<td>Padangos 215\/65 R16 C 109 T<\/td>\n<\/tr>\n<tr>\n<td colspan=\"2\"><strong>Saugos \u012franga<\/strong><\/td>\n<\/tr>\n<tr>\n<td>Anti vagyst\u0117s aliarmo sistema su interjero steb\u0117jimu, atsarginiu ragu ir vilkimo apsauga<\/td>\n<\/tr>\n<tr>\n<td>Vairuotojo ir priekini\u0173 keleivi\u0173 oro pagalv\u0117s<\/td>\n<\/tr>\n<tr>\n<td>\u0160onin\u0117s oro pagalv\u0117s ir u\u017euolaid\u0173 oro pagalv\u0117s kabinoje<\/td>\n<\/tr>\n<tr>\n<td>Skubios pagalbos skambu\u010dio funkcija<\/td>\n<\/tr>\n<tr>\n<td>Priekin\u0117 pagalba stebint p\u0117s\u010di\u0173j\u0173\/dviratinink\u0173 steb\u0117jim\u0105, priekinio kry\u017eminio eismo pagalba<\/td>\n<\/tr>\n<tr>\n<td>Lane Change System Side Assos Pad\u0117kite i\u0161\u0117jimo \u012fsp\u0117jim\u0105 ir juostos centro nurodymus<\/td>\n<\/tr>\n<tr>\n<td>Adaptyvioji kruizo kontrol\u0117 ACC STOP ir eik su prognozuojamu grei\u010dio valdymo asistentu<\/td>\n<\/tr>\n<tr>\n<td>Parko atstumo valdymo priekis ir galas su manevro stabdymu<\/td>\n<\/tr>\n<tr>\n<td>Galinio vaizdo kamer\u0173 sistema (naudojant juostos keitimo sistem\u0105)<\/td>\n<\/tr>\n<tr>\n<td>LED pagrindiniai priekiniai \u017eibintai, \u012fskaitant LED dienos b\u0117gimo \u0161vies\u0105<\/td>\n<\/tr>\n<tr>\n<td>LED galin\u0117s derinio lempos<\/td>\n<\/tr>\n<tr>\n<td>Rankinio pritemdymo vidaus galinio vaizdo veidrodis<\/td>\n<\/tr>\n<tr>\n<td colspan=\"2\"><strong>Interjero apdaila<\/strong><\/td>\n<\/tr>\n<tr>\n<td>2 viet\u0173 priekinis keleivi\u0173 suolelis su krovinio perlenkimo sistema ir sulankstomu stalu<\/td>\n<\/tr>\n<tr>\n<td>8 kryp\u010di\u0173 reguliuojama vairuotojo s\u0117dyn\u0117<\/td>\n<\/tr>\n<tr>\n<td>4 kryp\u010di\u0173 galios juosmens palaikymas vairuotojo s\u0117dynei<\/td>\n<\/tr>\n<tr>\n<td>Rankos vairuotojo s\u0117dyn\u0117s<\/td>\n<\/tr>\n<tr>\n<td>S\u0117dyn\u0117s \u0161ildytuvas kabinos s\u0117dyn\u0117ms, individualiai valdomas<\/td>\n<\/tr>\n<tr>\n<td>Stogo griebtuvo rankenos vairuotojui ir keleiviui<\/td>\n<\/tr>\n<tr>\n<td>Elektrinis pagalbinis \u0161ildytuvas (tik elektriniai modeliai)<\/td>\n<\/tr>\n<tr>\n<td>Ap\u0161viestas pir\u0161tini\u0173 skyrius<\/td>\n<\/tr>\n<tr>\n<td>LED kabinos \u017eibintai<\/td>\n<\/tr>\n<tr>\n<td>LED stogo \u017eibintai apkrovos srityje<\/td>\n<\/tr>\n<tr>\n<td>Metalin\u0117 pertvara, auk\u0161ta, su langu<\/td>\n<\/tr>\n<tr>\n<td>Centrin\u0117 konsol\u0117 su g\u0117rim\u0173 laikikliu ir telefono skyriumi<\/td>\n<\/tr>\n<tr>\n<td>Plastikin\u0117s grind\u0173 dangos apkrovos skyriuje su pakeltais kra\u0161tais<\/td>\n<\/tr>\n<tr>\n<td>Ant stumdom\u0173 dur\u0173 plastikin\u0117s \u012fbr\u0117\u017eimo plok\u0161tel\u0117s, juodos spalvos<\/td>\n<\/tr>\n<tr>\n<td>Plastikin\u0117 \u0161onin\u0117 apdaila apkrovos skyriuje, vidutinio auk\u0161\u010dio<\/td>\n<\/tr>\n<tr>\n<td>Audinio s\u0117dyn\u0117s apdaila \u201eGyvenimas\u201c<\/td>\n<\/tr>\n<tr>\n<td colspan=\"2\"><strong>Funkcin\u0117 \u012franga<\/strong><\/td>\n<\/tr>\n<tr>\n<td>Auk\u0161\u010diausias daugiafunkcinis vairas<\/td>\n<\/tr>\n<tr>\n<td>Keturi\u0173 kryp\u010di\u0173 galvos apribojimai, auk\u0161tis ir pakreipimas reguliuojami<\/td>\n<\/tr>\n<tr>\n<td>6 priri\u0161imai apkrovos skyriuje (SWB)<\/td>\n<\/tr>\n<tr>\n<td>8 suri\u0161imai \u012f apkrovos skyri\u0173 (LWB)<\/td>\n<\/tr>\n<tr>\n<td>12-V lizdai (priekin\u0117 konsol\u0117 ir galin\u0117 D statramstis)<\/td>\n<\/tr>\n<tr>\n<td>4 garsiakalbiai (2 prietais\u0173 skydelyje, 2 durys)<\/td>\n<\/tr>\n<tr>\n<td>7x USB kabinoje<\/td>\n<\/tr>\n<tr>\n<td>AGM transporto priemon\u0117s akumuliatorius 80 AH (tik dyzelino modeliai)<\/td>\n<\/tr>\n<tr>\n<td>1 zonos automatinis oro kondicionierius<\/td>\n<\/tr>\n<tr>\n<td>Kintamosios srov\u0117s generatorius 240 a<\/td>\n<\/tr>\n<tr>\n<td>Centrinis u\u017eraktas su be rakto prad\u017eios<\/td>\n<\/tr>\n<tr>\n<td>Skaitmenin\u0117 kabina<\/td>\n<\/tr>\n<tr>\n<td>Dinaminis kelio \u017eenklo ekranas<\/td>\n<\/tr>\n<tr>\n<td>Energij\u0105 taupantis \u0161ilumos siurblys (tik elektriniai modeliai)<\/td>\n<\/tr>\n<tr>\n<td>Auk\u0161tos spindulio valdymo \u0161viesos pagalba<\/td>\n<\/tr>\n<tr>\n<td>Mobiliojo telefono s\u0105saja su belaid\u017eiu \u012fkrovimu<\/td>\n<\/tr>\n<tr>\n<td>Navigacijos sistema su 13 coli\u0173 jutikliniu ekranu ir belaid\u017eiu program\u0173 jungtimi<\/td>\n<\/tr>\n<\/tbody>\n<\/table>\n<p><em>Pataisa: Ankstesn\u0117 \u0161io straipsnio versija klaidingai suprato, kad elektros transporteris si\u016blo kemperio parinkt\u012f. Kemperio parinkt\u012f galima \u012fsigyti tik pradinio lygio dyzelino modelyje.<\/em><\/p>\n<div class=\"saboxplugin-wrap\" itemtype=\"http:\/\/schema.org\/Person\" itemscope=\"\" itemprop=\"author\">\n<div class=\"saboxplugin-tab\">\n<div class=\"saboxplugin-gravatar\"><img decoding=\"async\" width=\"100\" height=\"100\" alt=\"Rizas Akhtar\" itemprop=\"image\" loading=\"lazy\" class=\"native-lazyload-js-fallback\" src=\"https:\/\/b2232832.smushcdn.com\/2232832\/wp-content\/uploads\/2022\/02\/Riz.jpg?lossy=1&amp;strip=0&amp;webp=1\"\/><img loading=\"lazy\" decoding=\"async\" src=\"https:\/\/thedriven.io\/wp-content\/uploads\/2022\/02\/Riz.jpg\" width=\"100\" height=\"100\" alt=\"Rizas Akhtar\" itemprop=\"image\"\/><\/div>\n<div class=\"saboxplugin-desc\">\n<div itemprop=\"description\">\n<p>RIZ yra \u201eCarloop\u201c \u012fk\u016br\u0117jas, \u012fsik\u016br\u0119s Melburne, specializuojasi Australijos EV duomenyse, \u012f\u017evalgos ataskaitose ir tendencijose. Jis yra mechanikos in\u017einierius, prie\u0161 pradedant \u201eCarloop\u201c pirmuosius 7 savo karjeros statybos transporto infrastrukt\u016bros metus. Jis turi aistr\u0105 automobiliams, ypa\u010d EV ir nori pad\u0117ti suma\u017einti transporto i\u0161metim\u0105 Australijoje. \u0160iuo metu jis vairuoja \u201eRed Tesla\u201c model\u012f 3.<\/p>\n<\/div>\n<\/div>\n<\/div>\n<\/div>\n<p><!-- AI CONTENT END 1 --><\/p><\/div>\n<p><br \/>\n<br \/><a href=\"https:\/\/thedriven.io\/2025\/09\/26\/volkswagen-announces-prices-for-new-electric-transporter-van-including-camper-option\/\">Source link <\/a><\/p>\n","protected":false},"excerpt":{"rendered":"<p>\u201eVolkswagen\u201c i\u0161leido nauj\u0105 savo \u201eTransporter\u201c pristatymo furgono elektrin\u0119 versij\u0105, kuri debiutuos Australijos rinkoje su kaina. Nuo 83 590 USD u\u017e&hellip;<\/p>\n","protected":false},"author":1,"featured_media":2228,"comment_status":"open","ping_status":"open","sticky":false,"template":"","format":"standard","meta":{"om_disable_all_campaigns":false,"_monsterinsights_skip_tracking":false,"_monsterinsights_sitenote_active":false,"_monsterinsights_sitenote_note":"","_monsterinsights_sitenote_category":0,"footnotes":""},"categories":[39],"tags":[354,171],"class_list":["post-2227","post","type-post","status-publish","format-standard","has-post-thumbnail","hentry","category-eautomobiliu-technine-puse","tag-pranesa","tag-volkswagen"],"aioseo_notices":[],"yoast_head":"<!-- This site is optimized with the Yoast SEO plugin v26.8 - https:\/\/yoast.com\/product\/yoast-seo-wordpress\/ -->\n<title>\u201eVolkswagen\u201c prane\u0161a - Eautomobiliai.lt<\/title>\n<meta name=\"robots\" content=\"index, follow, max-snippet:-1, max-image-preview:large, max-video-preview:-1\" \/>\n<link rel=\"canonical\" href=\"http:\/\/eautomobiliai.lt\/index.php\/2025\/09\/26\/volkswagen-pranesa\/\" \/>\n<meta property=\"og:locale\" content=\"lt_LT\" \/>\n<meta property=\"og:type\" content=\"article\" \/>\n<meta property=\"og:title\" content=\"\u201eVolkswagen\u201c prane\u0161a - Eautomobiliai.lt\" \/>\n<meta property=\"og:description\" content=\"\u201eVolkswagen\u201c i\u0161leido nauj\u0105 savo \u201eTransporter\u201c pristatymo furgono elektrin\u0119 versij\u0105, kuri debiutuos Australijos rinkoje su kaina. Nuo 83 590 USD u\u017e&hellip;\" \/>\n<meta property=\"og:url\" content=\"http:\/\/eautomobiliai.lt\/index.php\/2025\/09\/26\/volkswagen-pranesa\/\" \/>\n<meta property=\"og:site_name\" content=\"Eautomobiliai.lt\" \/>\n<meta property=\"article:published_time\" content=\"2025-09-26T14:43:36+00:00\" \/>\n<meta property=\"og:image\" content=\"http:\/\/eautomobiliai.lt\/wp-content\/uploads\/2025\/09\/\u201eVolkswagen-pranesa.jpg\" \/>\n\t<meta property=\"og:image:width\" content=\"1200\" \/>\n\t<meta property=\"og:image:height\" content=\"1200\" \/>\n\t<meta property=\"og:image:type\" content=\"image\/jpeg\" \/>\n<meta name=\"author\" content=\"admin\" \/>\n<meta name=\"twitter:card\" content=\"summary_large_image\" \/>\n<meta name=\"twitter:label1\" content=\"Written by\" \/>\n\t<meta name=\"twitter:data1\" content=\"admin\" \/>\n\t<meta name=\"twitter:label2\" content=\"Est. reading time\" \/>\n\t<meta name=\"twitter:data2\" content=\"5 minut\u0117s\" \/>\n<script type=\"application\/ld+json\" class=\"yoast-schema-graph\">{\"@context\":\"https:\/\/schema.org\",\"@graph\":[{\"@type\":\"Article\",\"@id\":\"http:\/\/eautomobiliai.lt\/index.php\/2025\/09\/26\/volkswagen-pranesa\/#article\",\"isPartOf\":{\"@id\":\"http:\/\/eautomobiliai.lt\/index.php\/2025\/09\/26\/volkswagen-pranesa\/\"},\"author\":{\"name\":\"admin\",\"@id\":\"https:\/\/eautomobiliai.lt\/#\/schema\/person\/ecf2a967f361217d056061f74deb92f2\"},\"headline\":\"\u201eVolkswagen\u201c prane\u0161a\",\"datePublished\":\"2025-09-26T14:43:36+00:00\",\"mainEntityOfPage\":{\"@id\":\"http:\/\/eautomobiliai.lt\/index.php\/2025\/09\/26\/volkswagen-pranesa\/\"},\"wordCount\":992,\"commentCount\":0,\"image\":{\"@id\":\"http:\/\/eautomobiliai.lt\/index.php\/2025\/09\/26\/volkswagen-pranesa\/#primaryimage\"},\"thumbnailUrl\":\"http:\/\/eautomobiliai.lt\/wp-content\/uploads\/2025\/09\/\u201eVolkswagen-pranesa.jpg\",\"keywords\":[\"prane\u0161a\",\"Volkswagen\"],\"articleSection\":[\"eAUTOMOBILI\u0172 TECHNIN\u0116 PUS\u0116\"],\"inLanguage\":\"lt-LT\",\"potentialAction\":[{\"@type\":\"CommentAction\",\"name\":\"Comment\",\"target\":[\"http:\/\/eautomobiliai.lt\/index.php\/2025\/09\/26\/volkswagen-pranesa\/#respond\"]}]},{\"@type\":\"WebPage\",\"@id\":\"http:\/\/eautomobiliai.lt\/index.php\/2025\/09\/26\/volkswagen-pranesa\/\",\"url\":\"http:\/\/eautomobiliai.lt\/index.php\/2025\/09\/26\/volkswagen-pranesa\/\",\"name\":\"\u201eVolkswagen\u201c prane\u0161a - Eautomobiliai.lt\",\"isPartOf\":{\"@id\":\"https:\/\/eautomobiliai.lt\/#website\"},\"primaryImageOfPage\":{\"@id\":\"http:\/\/eautomobiliai.lt\/index.php\/2025\/09\/26\/volkswagen-pranesa\/#primaryimage\"},\"image\":{\"@id\":\"http:\/\/eautomobiliai.lt\/index.php\/2025\/09\/26\/volkswagen-pranesa\/#primaryimage\"},\"thumbnailUrl\":\"http:\/\/eautomobiliai.lt\/wp-content\/uploads\/2025\/09\/\u201eVolkswagen-pranesa.jpg\",\"datePublished\":\"2025-09-26T14:43:36+00:00\",\"author\":{\"@id\":\"https:\/\/eautomobiliai.lt\/#\/schema\/person\/ecf2a967f361217d056061f74deb92f2\"},\"breadcrumb\":{\"@id\":\"http:\/\/eautomobiliai.lt\/index.php\/2025\/09\/26\/volkswagen-pranesa\/#breadcrumb\"},\"inLanguage\":\"lt-LT\",\"potentialAction\":[{\"@type\":\"ReadAction\",\"target\":[\"http:\/\/eautomobiliai.lt\/index.php\/2025\/09\/26\/volkswagen-pranesa\/\"]}]},{\"@type\":\"ImageObject\",\"inLanguage\":\"lt-LT\",\"@id\":\"http:\/\/eautomobiliai.lt\/index.php\/2025\/09\/26\/volkswagen-pranesa\/#primaryimage\",\"url\":\"http:\/\/eautomobiliai.lt\/wp-content\/uploads\/2025\/09\/\u201eVolkswagen-pranesa.jpg\",\"contentUrl\":\"http:\/\/eautomobiliai.lt\/wp-content\/uploads\/2025\/09\/\u201eVolkswagen-pranesa.jpg\",\"width\":1200,\"height\":1200},{\"@type\":\"BreadcrumbList\",\"@id\":\"http:\/\/eautomobiliai.lt\/index.php\/2025\/09\/26\/volkswagen-pranesa\/#breadcrumb\",\"itemListElement\":[{\"@type\":\"ListItem\",\"position\":1,\"name\":\"Home\",\"item\":\"https:\/\/eautomobiliai.lt\/\"},{\"@type\":\"ListItem\",\"position\":2,\"name\":\"\u201eVolkswagen\u201c prane\u0161a\"}]},{\"@type\":\"WebSite\",\"@id\":\"https:\/\/eautomobiliai.lt\/#website\",\"url\":\"https:\/\/eautomobiliai.lt\/\",\"name\":\"Eautomobiliai.lt\",\"description\":\"Elektrinis transportas, technologijos\",\"potentialAction\":[{\"@type\":\"SearchAction\",\"target\":{\"@type\":\"EntryPoint\",\"urlTemplate\":\"https:\/\/eautomobiliai.lt\/?s={search_term_string}\"},\"query-input\":{\"@type\":\"PropertyValueSpecification\",\"valueRequired\":true,\"valueName\":\"search_term_string\"}}],\"inLanguage\":\"lt-LT\"},{\"@type\":\"Person\",\"@id\":\"https:\/\/eautomobiliai.lt\/#\/schema\/person\/ecf2a967f361217d056061f74deb92f2\",\"name\":\"admin\",\"image\":{\"@type\":\"ImageObject\",\"inLanguage\":\"lt-LT\",\"@id\":\"https:\/\/eautomobiliai.lt\/#\/schema\/person\/image\/\",\"url\":\"https:\/\/secure.gravatar.com\/avatar\/6323379efae0c70c686c7905444d6bbd?s=96&d=mm&r=g\",\"contentUrl\":\"https:\/\/secure.gravatar.com\/avatar\/6323379efae0c70c686c7905444d6bbd?s=96&d=mm&r=g\",\"caption\":\"admin\"},\"sameAs\":[\"http:\/\/eautomobiliai.lt\"],\"url\":\"http:\/\/eautomobiliai.lt\/index.php\/author\/admin\/\"}]}<\/script>\n<!-- \/ Yoast SEO plugin. -->","yoast_head_json":{"title":"\u201eVolkswagen\u201c prane\u0161a - Eautomobiliai.lt","robots":{"index":"index","follow":"follow","max-snippet":"max-snippet:-1","max-image-preview":"max-image-preview:large","max-video-preview":"max-video-preview:-1"},"canonical":"http:\/\/eautomobiliai.lt\/index.php\/2025\/09\/26\/volkswagen-pranesa\/","og_locale":"lt_LT","og_type":"article","og_title":"\u201eVolkswagen\u201c prane\u0161a - Eautomobiliai.lt","og_description":"\u201eVolkswagen\u201c i\u0161leido nauj\u0105 savo \u201eTransporter\u201c pristatymo furgono elektrin\u0119 versij\u0105, kuri debiutuos Australijos rinkoje su kaina. Nuo 83 590 USD u\u017e&hellip;","og_url":"http:\/\/eautomobiliai.lt\/index.php\/2025\/09\/26\/volkswagen-pranesa\/","og_site_name":"Eautomobiliai.lt","article_published_time":"2025-09-26T14:43:36+00:00","og_image":[{"width":1200,"height":1200,"url":"http:\/\/eautomobiliai.lt\/wp-content\/uploads\/2025\/09\/\u201eVolkswagen-pranesa.jpg","type":"image\/jpeg"}],"author":"admin","twitter_card":"summary_large_image","twitter_misc":{"Written by":"admin","Est. reading time":"5 minut\u0117s"},"schema":{"@context":"https:\/\/schema.org","@graph":[{"@type":"Article","@id":"http:\/\/eautomobiliai.lt\/index.php\/2025\/09\/26\/volkswagen-pranesa\/#article","isPartOf":{"@id":"http:\/\/eautomobiliai.lt\/index.php\/2025\/09\/26\/volkswagen-pranesa\/"},"author":{"name":"admin","@id":"https:\/\/eautomobiliai.lt\/#\/schema\/person\/ecf2a967f361217d056061f74deb92f2"},"headline":"\u201eVolkswagen\u201c prane\u0161a","datePublished":"2025-09-26T14:43:36+00:00","mainEntityOfPage":{"@id":"http:\/\/eautomobiliai.lt\/index.php\/2025\/09\/26\/volkswagen-pranesa\/"},"wordCount":992,"commentCount":0,"image":{"@id":"http:\/\/eautomobiliai.lt\/index.php\/2025\/09\/26\/volkswagen-pranesa\/#primaryimage"},"thumbnailUrl":"http:\/\/eautomobiliai.lt\/wp-content\/uploads\/2025\/09\/\u201eVolkswagen-pranesa.jpg","keywords":["prane\u0161a","Volkswagen"],"articleSection":["eAUTOMOBILI\u0172 TECHNIN\u0116 PUS\u0116"],"inLanguage":"lt-LT","potentialAction":[{"@type":"CommentAction","name":"Comment","target":["http:\/\/eautomobiliai.lt\/index.php\/2025\/09\/26\/volkswagen-pranesa\/#respond"]}]},{"@type":"WebPage","@id":"http:\/\/eautomobiliai.lt\/index.php\/2025\/09\/26\/volkswagen-pranesa\/","url":"http:\/\/eautomobiliai.lt\/index.php\/2025\/09\/26\/volkswagen-pranesa\/","name":"\u201eVolkswagen\u201c prane\u0161a - Eautomobiliai.lt","isPartOf":{"@id":"https:\/\/eautomobiliai.lt\/#website"},"primaryImageOfPage":{"@id":"http:\/\/eautomobiliai.lt\/index.php\/2025\/09\/26\/volkswagen-pranesa\/#primaryimage"},"image":{"@id":"http:\/\/eautomobiliai.lt\/index.php\/2025\/09\/26\/volkswagen-pranesa\/#primaryimage"},"thumbnailUrl":"http:\/\/eautomobiliai.lt\/wp-content\/uploads\/2025\/09\/\u201eVolkswagen-pranesa.jpg","datePublished":"2025-09-26T14:43:36+00:00","author":{"@id":"https:\/\/eautomobiliai.lt\/#\/schema\/person\/ecf2a967f361217d056061f74deb92f2"},"breadcrumb":{"@id":"http:\/\/eautomobiliai.lt\/index.php\/2025\/09\/26\/volkswagen-pranesa\/#breadcrumb"},"inLanguage":"lt-LT","potentialAction":[{"@type":"ReadAction","target":["http:\/\/eautomobiliai.lt\/index.php\/2025\/09\/26\/volkswagen-pranesa\/"]}]},{"@type":"ImageObject","inLanguage":"lt-LT","@id":"http:\/\/eautomobiliai.lt\/index.php\/2025\/09\/26\/volkswagen-pranesa\/#primaryimage","url":"http:\/\/eautomobiliai.lt\/wp-content\/uploads\/2025\/09\/\u201eVolkswagen-pranesa.jpg","contentUrl":"http:\/\/eautomobiliai.lt\/wp-content\/uploads\/2025\/09\/\u201eVolkswagen-pranesa.jpg","width":1200,"height":1200},{"@type":"BreadcrumbList","@id":"http:\/\/eautomobiliai.lt\/index.php\/2025\/09\/26\/volkswagen-pranesa\/#breadcrumb","itemListElement":[{"@type":"ListItem","position":1,"name":"Home","item":"https:\/\/eautomobiliai.lt\/"},{"@type":"ListItem","position":2,"name":"\u201eVolkswagen\u201c prane\u0161a"}]},{"@type":"WebSite","@id":"https:\/\/eautomobiliai.lt\/#website","url":"https:\/\/eautomobiliai.lt\/","name":"Eautomobiliai.lt","description":"Elektrinis transportas, technologijos","potentialAction":[{"@type":"SearchAction","target":{"@type":"EntryPoint","urlTemplate":"https:\/\/eautomobiliai.lt\/?s={search_term_string}"},"query-input":{"@type":"PropertyValueSpecification","valueRequired":true,"valueName":"search_term_string"}}],"inLanguage":"lt-LT"},{"@type":"Person","@id":"https:\/\/eautomobiliai.lt\/#\/schema\/person\/ecf2a967f361217d056061f74deb92f2","name":"admin","image":{"@type":"ImageObject","inLanguage":"lt-LT","@id":"https:\/\/eautomobiliai.lt\/#\/schema\/person\/image\/","url":"https:\/\/secure.gravatar.com\/avatar\/6323379efae0c70c686c7905444d6bbd?s=96&d=mm&r=g","contentUrl":"https:\/\/secure.gravatar.com\/avatar\/6323379efae0c70c686c7905444d6bbd?s=96&d=mm&r=g","caption":"admin"},"sameAs":["http:\/\/eautomobiliai.lt"],"url":"http:\/\/eautomobiliai.lt\/index.php\/author\/admin\/"}]}},"_links":{"self":[{"href":"http:\/\/eautomobiliai.lt\/index.php\/wp-json\/wp\/v2\/posts\/2227","targetHints":{"allow":["GET"]}}],"collection":[{"href":"http:\/\/eautomobiliai.lt\/index.php\/wp-json\/wp\/v2\/posts"}],"about":[{"href":"http:\/\/eautomobiliai.lt\/index.php\/wp-json\/wp\/v2\/types\/post"}],"author":[{"embeddable":true,"href":"http:\/\/eautomobiliai.lt\/index.php\/wp-json\/wp\/v2\/users\/1"}],"replies":[{"embeddable":true,"href":"http:\/\/eautomobiliai.lt\/index.php\/wp-json\/wp\/v2\/comments?post=2227"}],"version-history":[{"count":0,"href":"http:\/\/eautomobiliai.lt\/index.php\/wp-json\/wp\/v2\/posts\/2227\/revisions"}],"wp:featuredmedia":[{"embeddable":true,"href":"http:\/\/eautomobiliai.lt\/index.php\/wp-json\/wp\/v2\/media\/2228"}],"wp:attachment":[{"href":"http:\/\/eautomobiliai.lt\/index.php\/wp-json\/wp\/v2\/media?parent=2227"}],"wp:term":[{"taxonomy":"category","embeddable":true,"href":"http:\/\/eautomobiliai.lt\/index.php\/wp-json\/wp\/v2\/categories?post=2227"},{"taxonomy":"post_tag","embeddable":true,"href":"http:\/\/eautomobiliai.lt\/index.php\/wp-json\/wp\/v2\/tags?post=2227"}],"curies":[{"name":"wp","href":"https:\/\/api.w.org\/{rel}","templated":true}]}}