{"id":2268,"date":"2025-09-30T23:09:21","date_gmt":"2025-09-30T23:09:21","guid":{"rendered":"http:\/\/eautomobiliai.lt\/index.php\/2025\/09\/30\/chery-naujasis-elektrinis-visureigis-patvirtintas-parduoti-pagal-jaecoo-prekes-zenkla\/"},"modified":"2025-09-30T23:09:21","modified_gmt":"2025-09-30T23:09:21","slug":"chery-naujasis-elektrinis-visureigis-patvirtintas-parduoti-pagal-jaecoo-prekes-zenkla","status":"publish","type":"post","link":"http:\/\/eautomobiliai.lt\/index.php\/2025\/09\/30\/chery-naujasis-elektrinis-visureigis-patvirtintas-parduoti-pagal-jaecoo-prekes-zenkla\/","title":{"rendered":"\u201eChery\u201c naujasis elektrinis visureigis, patvirtintas parduoti pagal \u201eJaecoo\u201c prek\u0117s \u017eenkl\u0105"},"content":{"rendered":"<p> <br \/>\n<\/p>\n<div id=\"\">\n<p>Kinijos automobili\u0173 mil\u017ein\u0117 \u201eChery\u201c atidar\u0117 savo antr\u0105j\u0105 elektromobil\u012f \u012f Australijos rink\u0105.<\/p>\n<p>Pra\u0117jusiais metais \u201eChery\u201c prad\u0117jo \u201eChery 5\u201c, pirm\u0105j\u012f savo EV \u012f Australijos rink\u0105, o kainos prasideda nuo 40 000 USD. Dabar \u201eJaecoo\u201c, \u201eChery\u201c pogrupis, tur\u0117jo savo pirm\u0105j\u012f EV model\u012f, patvirtint\u0105 parduoti Australijoje, o informacija apie kain\u0105 pateiks kit\u0173 met\u0173 prad\u017eioje.<\/p>\n<p>\u201eEV Entuziast\u201c kei\u010dia \u201eAustralijos\u201e Facebook \u201cgrup\u0117s\u201c elektrines transporto priemones pasidalijo \u201eELCORTROLES\u201c, pateikiant patvirtinim\u0105, kuriame rodomi \u201eJaecoo J5 EV\u201c.<\/p>\n<p>Remiantis patvirtinimo dokumentacija, \u201eJaecoo J5\u201c bus su 155 kW galia priekyje pritvirtintu varikliu.<\/p>\n<p>Tai yra didesnis i\u0161 dviej\u0173 varikli\u0173, kuriuos galima rasti tarptautin\u0117se J5 EV rinkose. Nors akumuliatori\u0173 specifikacijos nebuvo atskleistos patvirtinimo dokumentacijose, tikimasi, kad tai bus 60,9 kWh li\u010dio gele\u017eies fosfato (LFP) pakuot\u0117.<\/p>\n<figure id=\"attachment_190988\" aria-describedby=\"caption-attachment-190988\" style=\"width: 2560px\" class=\"wp-caption aligncenter\"><img loading=\"lazy\" decoding=\"async\" class=\"size-full wp-image-190988\" src=\"https:\/\/thedriven.io\/wp-content\/uploads\/2025\/10\/gallery_1_da5b51befe-scaled.webp\" alt=\"\" width=\"2560\" height=\"1177\" srcset=\"https:\/\/thedriven.io\/wp-content\/uploads\/2025\/10\/gallery_1_da5b51befe-scaled.webp 2560w, https:\/\/thedriven.io\/wp-content\/uploads\/2025\/10\/gallery_1_da5b51befe-388x178.webp 388w, https:\/\/thedriven.io\/wp-content\/uploads\/2025\/10\/gallery_1_da5b51befe-1160x533.webp 1160w, https:\/\/thedriven.io\/wp-content\/uploads\/2025\/10\/gallery_1_da5b51befe-800x368.webp 800w, https:\/\/thedriven.io\/wp-content\/uploads\/2025\/10\/gallery_1_da5b51befe-1536x706.webp 1536w, https:\/\/thedriven.io\/wp-content\/uploads\/2025\/10\/gallery_1_da5b51befe-2048x942.webp 2048w, https:\/\/thedriven.io\/wp-content\/uploads\/2025\/10\/gallery_1_da5b51befe-120x55.webp 120w, https:\/\/thedriven.io\/wp-content\/uploads\/2025\/10\/gallery_1_da5b51befe-90x41.webp 90w, https:\/\/thedriven.io\/wp-content\/uploads\/2025\/10\/gallery_1_da5b51befe-320x147.webp 320w, https:\/\/thedriven.io\/wp-content\/uploads\/2025\/10\/gallery_1_da5b51befe-560x257.webp 560w, https:\/\/thedriven.io\/wp-content\/uploads\/2025\/10\/gallery_1_da5b51befe-1920x883.webp 1920w, https:\/\/thedriven.io\/wp-content\/uploads\/2025\/10\/gallery_1_da5b51befe-150x69.webp 150w, https:\/\/thedriven.io\/wp-content\/uploads\/2025\/10\/gallery_1_da5b51befe-3072x1412.webp 3072w, https:\/\/thedriven.io\/wp-content\/uploads\/2025\/10\/gallery_1_da5b51befe-240x110.webp 240w, https:\/\/thedriven.io\/wp-content\/uploads\/2025\/10\/gallery_1_da5b51befe-180x83.webp 180w, https:\/\/thedriven.io\/wp-content\/uploads\/2025\/10\/gallery_1_da5b51befe-640x294.webp 640w, https:\/\/thedriven.io\/wp-content\/uploads\/2025\/10\/gallery_1_da5b51befe-1120x515.webp 1120w, https:\/\/thedriven.io\/wp-content\/uploads\/2025\/10\/gallery_1_da5b51befe-1600x736.webp 1600w, https:\/\/thedriven.io\/wp-content\/uploads\/2025\/10\/gallery_1_da5b51befe-2320x1067.webp 2320w, https:\/\/thedriven.io\/wp-content\/uploads\/2025\/10\/gallery_1_da5b51befe-3840x1766.webp 3840w, https:\/\/thedriven.io\/wp-content\/uploads\/2025\/10\/gallery_1_da5b51befe-300x138.webp 300w\" sizes=\"auto, (max-width: 2560px) 100vw, 2560px\"\/><figcaption id=\"caption-attachment-190988\" class=\"wp-caption-text\">Vaizdas: \u201eJaecoo UK\u201c<\/figcaption><\/figure>\n<p>Tai tur\u0117t\u0173 b\u016bti 400 km diapazonas WLTP cikle ir yra lygiaver\u010diai kitiems \u012fperkamiems elektriniams visureigiams.<\/p>\n<p>Taip pat yra daugiau informacijos apie naujausi\u0105 patvirtinim\u0105 apie \u012fvairius matmenis ir svorius, kai J5 EV yra beveik 4,4 metro ilgio.<\/p>\n<p>Tai taip pat bus su 18 coli\u0173 ratais, kurie yra gana tokio dyd\u017eio visureigis.<\/p>\n<figure id=\"attachment_190989\" aria-describedby=\"caption-attachment-190989\" style=\"width: 2560px\" class=\"wp-caption aligncenter\"><img decoding=\"async\" class=\"size-full wp-image-190989 native-lazyload-js-fallback\" alt=\"\" width=\"2560\" height=\"1177\" loading=\"lazy\" src=\"https:\/\/b2232832.smushcdn.com\/2232832\/wp-content\/uploads\/2025\/10\/gallery_2_6be0a262ef-scaled.webp?lossy=1&amp;strip=0&amp;webp=1\" srcset=\"https:\/\/b2232832.smushcdn.com\/2232832\/wp-content\/uploads\/2025\/10\/gallery_2_6be0a262ef-scaled.webp?lossy=1&amp;strip=0&amp;webp=1 2560w, https:\/\/b2232832.smushcdn.com\/2232832\/wp-content\/uploads\/2025\/10\/gallery_2_6be0a262ef-388x178.webp?lossy=1&amp;strip=0&amp;webp=1 388w, https:\/\/b2232832.smushcdn.com\/2232832\/wp-content\/uploads\/2025\/10\/gallery_2_6be0a262ef-1160x533.webp?lossy=1&amp;strip=0&amp;webp=1 1160w, https:\/\/b2232832.smushcdn.com\/2232832\/wp-content\/uploads\/2025\/10\/gallery_2_6be0a262ef-800x368.webp?lossy=1&amp;strip=0&amp;webp=1 800w, https:\/\/b2232832.smushcdn.com\/2232832\/wp-content\/uploads\/2025\/10\/gallery_2_6be0a262ef-1536x706.webp?lossy=1&amp;strip=0&amp;webp=1 1536w, https:\/\/b2232832.smushcdn.com\/2232832\/wp-content\/uploads\/2025\/10\/gallery_2_6be0a262ef-2048x942.webp?lossy=1&amp;strip=0&amp;webp=1 2048w, https:\/\/b2232832.smushcdn.com\/2232832\/wp-content\/uploads\/2025\/10\/gallery_2_6be0a262ef-120x55.webp?lossy=1&amp;strip=0&amp;webp=1 120w, https:\/\/b2232832.smushcdn.com\/2232832\/wp-content\/uploads\/2025\/10\/gallery_2_6be0a262ef-90x41.webp?lossy=1&amp;strip=0&amp;webp=1 90w, https:\/\/b2232832.smushcdn.com\/2232832\/wp-content\/uploads\/2025\/10\/gallery_2_6be0a262ef-320x147.webp?lossy=1&amp;strip=0&amp;webp=1 320w, https:\/\/b2232832.smushcdn.com\/2232832\/wp-content\/uploads\/2025\/10\/gallery_2_6be0a262ef-560x257.webp?lossy=1&amp;strip=0&amp;webp=1 560w, https:\/\/b2232832.smushcdn.com\/2232832\/wp-content\/uploads\/2025\/10\/gallery_2_6be0a262ef-1920x883.webp?lossy=1&amp;strip=0&amp;webp=1 1920w, https:\/\/b2232832.smushcdn.com\/2232832\/wp-content\/uploads\/2025\/10\/gallery_2_6be0a262ef-150x69.webp?lossy=1&amp;strip=0&amp;webp=1 150w, https:\/\/b2232832.smushcdn.com\/2232832\/wp-content\/uploads\/2025\/10\/gallery_2_6be0a262ef-3072x1412.webp?lossy=1&amp;strip=0&amp;webp=1 3072w, https:\/\/b2232832.smushcdn.com\/2232832\/wp-content\/uploads\/2025\/10\/gallery_2_6be0a262ef-240x110.webp?lossy=1&amp;strip=0&amp;webp=1 240w, https:\/\/b2232832.smushcdn.com\/2232832\/wp-content\/uploads\/2025\/10\/gallery_2_6be0a262ef-180x83.webp?lossy=1&amp;strip=0&amp;webp=1 180w, https:\/\/b2232832.smushcdn.com\/2232832\/wp-content\/uploads\/2025\/10\/gallery_2_6be0a262ef-640x294.webp?lossy=1&amp;strip=0&amp;webp=1 640w, https:\/\/b2232832.smushcdn.com\/2232832\/wp-content\/uploads\/2025\/10\/gallery_2_6be0a262ef-1120x515.webp?lossy=1&amp;strip=0&amp;webp=1 1120w, https:\/\/b2232832.smushcdn.com\/2232832\/wp-content\/uploads\/2025\/10\/gallery_2_6be0a262ef-1600x736.webp?lossy=1&amp;strip=0&amp;webp=1 1600w, https:\/\/b2232832.smushcdn.com\/2232832\/wp-content\/uploads\/2025\/10\/gallery_2_6be0a262ef-2320x1067.webp?lossy=1&amp;strip=0&amp;webp=1 2320w, https:\/\/b2232832.smushcdn.com\/2232832\/wp-content\/uploads\/2025\/10\/gallery_2_6be0a262ef-3840x1766.webp?lossy=1&amp;strip=0&amp;webp=1 3840w, https:\/\/b2232832.smushcdn.com\/2232832\/wp-content\/uploads\/2025\/10\/gallery_2_6be0a262ef-300x138.webp?lossy=1&amp;strip=0&amp;webp=1 300w\" data-sizes=\"(max-width: 2560px) 100vw, 2560px\"\/><img loading=\"lazy\" decoding=\"async\" class=\"size-full wp-image-190989\" src=\"https:\/\/thedriven.io\/wp-content\/uploads\/2025\/10\/gallery_2_6be0a262ef-scaled.webp\" alt=\"\" width=\"2560\" height=\"1177\" srcset=\"https:\/\/thedriven.io\/wp-content\/uploads\/2025\/10\/gallery_2_6be0a262ef-scaled.webp 2560w, https:\/\/thedriven.io\/wp-content\/uploads\/2025\/10\/gallery_2_6be0a262ef-388x178.webp 388w, https:\/\/thedriven.io\/wp-content\/uploads\/2025\/10\/gallery_2_6be0a262ef-1160x533.webp 1160w, https:\/\/thedriven.io\/wp-content\/uploads\/2025\/10\/gallery_2_6be0a262ef-800x368.webp 800w, https:\/\/thedriven.io\/wp-content\/uploads\/2025\/10\/gallery_2_6be0a262ef-1536x706.webp 1536w, https:\/\/thedriven.io\/wp-content\/uploads\/2025\/10\/gallery_2_6be0a262ef-2048x942.webp 2048w, https:\/\/thedriven.io\/wp-content\/uploads\/2025\/10\/gallery_2_6be0a262ef-120x55.webp 120w, https:\/\/thedriven.io\/wp-content\/uploads\/2025\/10\/gallery_2_6be0a262ef-90x41.webp 90w, https:\/\/thedriven.io\/wp-content\/uploads\/2025\/10\/gallery_2_6be0a262ef-320x147.webp 320w, https:\/\/thedriven.io\/wp-content\/uploads\/2025\/10\/gallery_2_6be0a262ef-560x257.webp 560w, https:\/\/thedriven.io\/wp-content\/uploads\/2025\/10\/gallery_2_6be0a262ef-1920x883.webp 1920w, https:\/\/thedriven.io\/wp-content\/uploads\/2025\/10\/gallery_2_6be0a262ef-150x69.webp 150w, https:\/\/thedriven.io\/wp-content\/uploads\/2025\/10\/gallery_2_6be0a262ef-3072x1412.webp 3072w, https:\/\/thedriven.io\/wp-content\/uploads\/2025\/10\/gallery_2_6be0a262ef-240x110.webp 240w, https:\/\/thedriven.io\/wp-content\/uploads\/2025\/10\/gallery_2_6be0a262ef-180x83.webp 180w, https:\/\/thedriven.io\/wp-content\/uploads\/2025\/10\/gallery_2_6be0a262ef-640x294.webp 640w, https:\/\/thedriven.io\/wp-content\/uploads\/2025\/10\/gallery_2_6be0a262ef-1120x515.webp 1120w, https:\/\/thedriven.io\/wp-content\/uploads\/2025\/10\/gallery_2_6be0a262ef-1600x736.webp 1600w, https:\/\/thedriven.io\/wp-content\/uploads\/2025\/10\/gallery_2_6be0a262ef-2320x1067.webp 2320w, https:\/\/thedriven.io\/wp-content\/uploads\/2025\/10\/gallery_2_6be0a262ef-3840x1766.webp 3840w, https:\/\/thedriven.io\/wp-content\/uploads\/2025\/10\/gallery_2_6be0a262ef-300x138.webp 300w\" sizes=\"auto, (max-width: 2560px) 100vw, 2560px\"\/><figcaption id=\"caption-attachment-190989\" class=\"wp-caption-text\">Vaizdas: \u201eJaecoo UK\u201c<\/figcaption><\/figure>\n<p>Svorio priekyje \u201eJaecoo\u201c visureigio svoris yra 1,710 kg, tod\u0117l jis yra vienas i\u0161 pagr\u012fstai lengvesni\u0173 elektrini\u0173 visureigi\u0173 rinkoje. D\u0117l j\u0117gos pavaros buvo i\u0161vardytas vienas priekyje pritvirtintas variklis, kurio i\u0161\u0117jimas yra ne daugiau kaip 155 kW galia, o did\u017eiausias sukimo momentas-288 nm.<\/p>\n<p>Jis taip pat tur\u0117s maksimali\u0105 stabd\u017ei\u0173 vilkimo gali\u0105 &#8211; 750 kg, taip pat 180 mm veikimo klirensas, kuris yra apie 50 mm daugiau nei he\u010dbekas, pavyzd\u017eiui, MG4.<\/p>\n<p>Stiliaus fronte tai daug primena \u201eLand Rover\u201c, kuris pastaraisiais metais buvo populiarus tarp vietini\u0173 visureigi\u0173 pirk\u0117j\u0173.<\/p>\n<figure id=\"attachment_190990\" aria-describedby=\"caption-attachment-190990\" style=\"width: 1032px\" class=\"wp-caption aligncenter\"><img decoding=\"async\" class=\"size-full wp-image-190990 native-lazyload-js-fallback\" alt=\"\" width=\"1032\" height=\"1020\" loading=\"lazy\" src=\"https:\/\/b2232832.smushcdn.com\/2232832\/wp-content\/uploads\/2025\/10\/mobile_Interior_9eb9e165f2.webp?lossy=1&amp;strip=0&amp;webp=1\" srcset=\"https:\/\/b2232832.smushcdn.com\/2232832\/wp-content\/uploads\/2025\/10\/mobile_Interior_9eb9e165f2.webp?lossy=1&amp;strip=0&amp;webp=1 1032w, https:\/\/b2232832.smushcdn.com\/2232832\/wp-content\/uploads\/2025\/10\/mobile_Interior_9eb9e165f2-388x383.webp?lossy=1&amp;strip=0&amp;webp=1 388w, https:\/\/b2232832.smushcdn.com\/2232832\/wp-content\/uploads\/2025\/10\/mobile_Interior_9eb9e165f2-800x791.webp?lossy=1&amp;strip=0&amp;webp=1 800w, https:\/\/b2232832.smushcdn.com\/2232832\/wp-content\/uploads\/2025\/10\/mobile_Interior_9eb9e165f2-80x80.webp?lossy=1&amp;strip=0&amp;webp=1 80w, https:\/\/b2232832.smushcdn.com\/2232832\/wp-content\/uploads\/2025\/10\/mobile_Interior_9eb9e165f2-120x120.webp?lossy=1&amp;strip=0&amp;webp=1 120w, https:\/\/b2232832.smushcdn.com\/2232832\/wp-content\/uploads\/2025\/10\/mobile_Interior_9eb9e165f2-90x90.webp?lossy=1&amp;strip=0&amp;webp=1 90w, https:\/\/b2232832.smushcdn.com\/2232832\/wp-content\/uploads\/2025\/10\/mobile_Interior_9eb9e165f2-320x316.webp?lossy=1&amp;strip=0&amp;webp=1 320w, https:\/\/b2232832.smushcdn.com\/2232832\/wp-content\/uploads\/2025\/10\/mobile_Interior_9eb9e165f2-560x553.webp?lossy=1&amp;strip=0&amp;webp=1 560w, https:\/\/b2232832.smushcdn.com\/2232832\/wp-content\/uploads\/2025\/10\/mobile_Interior_9eb9e165f2-96x96.webp?lossy=1&amp;strip=0&amp;webp=1 96w, https:\/\/b2232832.smushcdn.com\/2232832\/wp-content\/uploads\/2025\/10\/mobile_Interior_9eb9e165f2-150x148.webp?lossy=1&amp;strip=0&amp;webp=1 150w, https:\/\/b2232832.smushcdn.com\/2232832\/wp-content\/uploads\/2025\/10\/mobile_Interior_9eb9e165f2-240x237.webp?lossy=1&amp;strip=0&amp;webp=1 240w, https:\/\/b2232832.smushcdn.com\/2232832\/wp-content\/uploads\/2025\/10\/mobile_Interior_9eb9e165f2-180x178.webp?lossy=1&amp;strip=0&amp;webp=1 180w, https:\/\/b2232832.smushcdn.com\/2232832\/wp-content\/uploads\/2025\/10\/mobile_Interior_9eb9e165f2-640x633.webp?lossy=1&amp;strip=0&amp;webp=1 640w, https:\/\/b2232832.smushcdn.com\/2232832\/wp-content\/uploads\/2025\/10\/mobile_Interior_9eb9e165f2-300x297.webp?lossy=1&amp;strip=0&amp;webp=1 300w\" data-sizes=\"(max-width: 1032px) 100vw, 1032px\"\/><img loading=\"lazy\" decoding=\"async\" class=\"size-full wp-image-190990\" src=\"https:\/\/thedriven.io\/wp-content\/uploads\/2025\/10\/mobile_Interior_9eb9e165f2.webp\" alt=\"\" width=\"1032\" height=\"1020\" srcset=\"https:\/\/thedriven.io\/wp-content\/uploads\/2025\/10\/mobile_Interior_9eb9e165f2.webp 1032w, https:\/\/thedriven.io\/wp-content\/uploads\/2025\/10\/mobile_Interior_9eb9e165f2-388x383.webp 388w, https:\/\/thedriven.io\/wp-content\/uploads\/2025\/10\/mobile_Interior_9eb9e165f2-800x791.webp 800w, https:\/\/thedriven.io\/wp-content\/uploads\/2025\/10\/mobile_Interior_9eb9e165f2-80x80.webp 80w, https:\/\/thedriven.io\/wp-content\/uploads\/2025\/10\/mobile_Interior_9eb9e165f2-120x120.webp 120w, https:\/\/thedriven.io\/wp-content\/uploads\/2025\/10\/mobile_Interior_9eb9e165f2-90x90.webp 90w, https:\/\/thedriven.io\/wp-content\/uploads\/2025\/10\/mobile_Interior_9eb9e165f2-320x316.webp 320w, https:\/\/thedriven.io\/wp-content\/uploads\/2025\/10\/mobile_Interior_9eb9e165f2-560x553.webp 560w, https:\/\/thedriven.io\/wp-content\/uploads\/2025\/10\/mobile_Interior_9eb9e165f2-96x96.webp 96w, https:\/\/thedriven.io\/wp-content\/uploads\/2025\/10\/mobile_Interior_9eb9e165f2-150x148.webp 150w, https:\/\/thedriven.io\/wp-content\/uploads\/2025\/10\/mobile_Interior_9eb9e165f2-240x237.webp 240w, https:\/\/thedriven.io\/wp-content\/uploads\/2025\/10\/mobile_Interior_9eb9e165f2-180x178.webp 180w, https:\/\/thedriven.io\/wp-content\/uploads\/2025\/10\/mobile_Interior_9eb9e165f2-640x633.webp 640w, https:\/\/thedriven.io\/wp-content\/uploads\/2025\/10\/mobile_Interior_9eb9e165f2-300x297.webp 300w\" sizes=\"auto, (max-width: 1032px) 100vw, 1032px\"\/><figcaption id=\"caption-attachment-190990\" class=\"wp-caption-text\">Vaizdas: \u201eJaecoo UK\u201c<\/figcaption><\/figure>\n<p>\u201eJaecoo\u201c kaip prek\u0117s \u017eenklas buvo i\u0161leistas vietoje 2025 m. Gegu\u017e\u0117s m\u0117n. Per kelis m\u0117nesius jis \u012fgijo nema\u017eai populiarumo, daugiausia d\u0117mesio skirdamas ledo ir PHEV modeliams. Tai bus pirmasis prek\u0117s \u017eenklo EV pasi\u016blymas Australijoje.<\/p>\n<p>Daugiau informacijos ir \u201eJaecoo J5 EV\u201c kainos bus i\u0161leistos ar\u010diau paleidimo, grei\u010diausiai 2026 m.<\/p>\n<div class=\"saboxplugin-wrap\" itemtype=\"http:\/\/schema.org\/Person\" itemscope=\"\" itemprop=\"author\">\n<div class=\"saboxplugin-tab\">\n<div class=\"saboxplugin-gravatar\"><img decoding=\"async\" width=\"100\" height=\"100\" alt=\"Rizas Akhtar\" itemprop=\"image\" loading=\"lazy\" class=\"native-lazyload-js-fallback\" src=\"https:\/\/b2232832.smushcdn.com\/2232832\/wp-content\/uploads\/2022\/02\/Riz.jpg?lossy=1&amp;strip=0&amp;webp=1\"\/><img loading=\"lazy\" decoding=\"async\" src=\"https:\/\/thedriven.io\/wp-content\/uploads\/2022\/02\/Riz.jpg\" width=\"100\" height=\"100\" alt=\"Rizas Akhtar\" itemprop=\"image\"\/><\/div>\n<div class=\"saboxplugin-desc\">\n<div itemprop=\"description\">\n<p>RIZ yra \u201eCarloop\u201c \u012fk\u016br\u0117jas, \u012fsik\u016br\u0119s Melburne, specializuojasi Australijos EV duomenyse, \u012f\u017evalgos ataskaitose ir tendencijose. Jis yra mechanikos in\u017einierius, prie\u0161 pradedant \u201eCarloop\u201c pirmuosius 7 savo karjeros statybos transporto infrastrukt\u016bros metus. Jis turi aistr\u0105 automobiliams, ypa\u010d EV ir nori pad\u0117ti suma\u017einti transporto i\u0161metim\u0105 Australijoje. \u0160iuo metu jis vairuoja \u201eRed Tesla\u201c model\u012f 3.<\/p>\n<\/div>\n<\/div>\n<\/div>\n<\/div>\n<p><!-- AI CONTENT END 1 --><\/p><\/div>\n<p><br \/>\n<br \/><a href=\"https:\/\/thedriven.io\/2025\/10\/01\/cherys-new-electric-suv-approved-for-sale-under-jaecoo-brand\/\">Source link <\/a><\/p>\n","protected":false},"excerpt":{"rendered":"<p>Kinijos automobili\u0173 mil\u017ein\u0117 \u201eChery\u201c atidar\u0117 savo antr\u0105j\u0105 elektromobil\u012f \u012f Australijos rink\u0105. Pra\u0117jusiais metais \u201eChery\u201c prad\u0117jo \u201eChery 5\u201c, pirm\u0105j\u012f savo EV&hellip;<\/p>\n","protected":false},"author":1,"featured_media":2269,"comment_status":"open","ping_status":"open","sticky":false,"template":"","format":"standard","meta":{"om_disable_all_campaigns":false,"_monsterinsights_skip_tracking":false,"_monsterinsights_sitenote_active":false,"_monsterinsights_sitenote_note":"","_monsterinsights_sitenote_category":0,"footnotes":""},"categories":[39],"tags":[886,26,3944,112,950,1638,2994,393,843,723],"class_list":["post-2268","post","type-post","status-publish","format-standard","has-post-thumbnail","hentry","category-eautomobiliu-technine-puse","tag-chery","tag-elektrinis","tag-jaecoo","tag-naujasis","tag-pagal","tag-parduoti","tag-patvirtintas","tag-prekes","tag-visureigis","tag-zenkla"],"aioseo_notices":[],"yoast_head":"<!-- This site is optimized with the Yoast SEO plugin v26.8 - https:\/\/yoast.com\/product\/yoast-seo-wordpress\/ -->\n<title>\u201eChery\u201c naujasis elektrinis visureigis, patvirtintas parduoti pagal \u201eJaecoo\u201c prek\u0117s \u017eenkl\u0105 - Eautomobiliai.lt<\/title>\n<meta name=\"robots\" content=\"index, follow, max-snippet:-1, max-image-preview:large, max-video-preview:-1\" \/>\n<link rel=\"canonical\" href=\"http:\/\/eautomobiliai.lt\/index.php\/2025\/09\/30\/chery-naujasis-elektrinis-visureigis-patvirtintas-parduoti-pagal-jaecoo-prekes-zenkla\/\" \/>\n<meta property=\"og:locale\" content=\"lt_LT\" \/>\n<meta property=\"og:type\" content=\"article\" \/>\n<meta property=\"og:title\" content=\"\u201eChery\u201c naujasis elektrinis visureigis, patvirtintas parduoti pagal \u201eJaecoo\u201c prek\u0117s \u017eenkl\u0105 - Eautomobiliai.lt\" \/>\n<meta property=\"og:description\" content=\"Kinijos automobili\u0173 mil\u017ein\u0117 \u201eChery\u201c atidar\u0117 savo antr\u0105j\u0105 elektromobil\u012f \u012f Australijos rink\u0105. Pra\u0117jusiais metais \u201eChery\u201c prad\u0117jo \u201eChery 5\u201c, pirm\u0105j\u012f savo EV&hellip;\" \/>\n<meta property=\"og:url\" content=\"http:\/\/eautomobiliai.lt\/index.php\/2025\/09\/30\/chery-naujasis-elektrinis-visureigis-patvirtintas-parduoti-pagal-jaecoo-prekes-zenkla\/\" \/>\n<meta property=\"og:site_name\" content=\"Eautomobiliai.lt\" \/>\n<meta property=\"article:published_time\" content=\"2025-09-30T23:09:21+00:00\" \/>\n<meta property=\"og:image\" content=\"http:\/\/eautomobiliai.lt\/wp-content\/uploads\/2025\/09\/\u201eChery-naujasis-elektrinis-visureigis-patvirtintas-parduoti-pagal-\u201eJaecoo-prekes-zenkla.webp.webp\" \/>\n\t<meta property=\"og:image:width\" content=\"1032\" \/>\n\t<meta property=\"og:image:height\" content=\"1020\" \/>\n\t<meta property=\"og:image:type\" content=\"image\/webp\" \/>\n<meta name=\"author\" content=\"admin\" \/>\n<meta name=\"twitter:card\" content=\"summary_large_image\" \/>\n<meta name=\"twitter:label1\" content=\"Written by\" \/>\n\t<meta name=\"twitter:data1\" content=\"admin\" \/>\n\t<meta name=\"twitter:label2\" content=\"Est. reading time\" \/>\n\t<meta name=\"twitter:data2\" content=\"2 minut\u0117s\" \/>\n<script type=\"application\/ld+json\" class=\"yoast-schema-graph\">{\"@context\":\"https:\/\/schema.org\",\"@graph\":[{\"@type\":\"Article\",\"@id\":\"http:\/\/eautomobiliai.lt\/index.php\/2025\/09\/30\/chery-naujasis-elektrinis-visureigis-patvirtintas-parduoti-pagal-jaecoo-prekes-zenkla\/#article\",\"isPartOf\":{\"@id\":\"http:\/\/eautomobiliai.lt\/index.php\/2025\/09\/30\/chery-naujasis-elektrinis-visureigis-patvirtintas-parduoti-pagal-jaecoo-prekes-zenkla\/\"},\"author\":{\"name\":\"admin\",\"@id\":\"http:\/\/eautomobiliai.lt\/#\/schema\/person\/ecf2a967f361217d056061f74deb92f2\"},\"headline\":\"\u201eChery\u201c naujasis elektrinis visureigis, patvirtintas parduoti pagal \u201eJaecoo\u201c prek\u0117s \u017eenkl\u0105\",\"datePublished\":\"2025-09-30T23:09:21+00:00\",\"mainEntityOfPage\":{\"@id\":\"http:\/\/eautomobiliai.lt\/index.php\/2025\/09\/30\/chery-naujasis-elektrinis-visureigis-patvirtintas-parduoti-pagal-jaecoo-prekes-zenkla\/\"},\"wordCount\":398,\"commentCount\":0,\"image\":{\"@id\":\"http:\/\/eautomobiliai.lt\/index.php\/2025\/09\/30\/chery-naujasis-elektrinis-visureigis-patvirtintas-parduoti-pagal-jaecoo-prekes-zenkla\/#primaryimage\"},\"thumbnailUrl\":\"http:\/\/eautomobiliai.lt\/wp-content\/uploads\/2025\/09\/\u201eChery-naujasis-elektrinis-visureigis-patvirtintas-parduoti-pagal-\u201eJaecoo-prekes-zenkla.webp.webp\",\"keywords\":[\"Chery\",\"Elektrinis\",\"Jaecoo\",\"Naujasis\",\"pagal\",\"parduoti\",\"patvirtintas\",\"prek\u0117s\",\"visureigis\",\"\u017eenkl\u0105\"],\"articleSection\":[\"eAUTOMOBILI\u0172 TECHNIN\u0116 PUS\u0116\"],\"inLanguage\":\"lt-LT\",\"potentialAction\":[{\"@type\":\"CommentAction\",\"name\":\"Comment\",\"target\":[\"http:\/\/eautomobiliai.lt\/index.php\/2025\/09\/30\/chery-naujasis-elektrinis-visureigis-patvirtintas-parduoti-pagal-jaecoo-prekes-zenkla\/#respond\"]}]},{\"@type\":\"WebPage\",\"@id\":\"http:\/\/eautomobiliai.lt\/index.php\/2025\/09\/30\/chery-naujasis-elektrinis-visureigis-patvirtintas-parduoti-pagal-jaecoo-prekes-zenkla\/\",\"url\":\"http:\/\/eautomobiliai.lt\/index.php\/2025\/09\/30\/chery-naujasis-elektrinis-visureigis-patvirtintas-parduoti-pagal-jaecoo-prekes-zenkla\/\",\"name\":\"\u201eChery\u201c naujasis elektrinis visureigis, patvirtintas parduoti pagal \u201eJaecoo\u201c prek\u0117s \u017eenkl\u0105 - Eautomobiliai.lt\",\"isPartOf\":{\"@id\":\"http:\/\/eautomobiliai.lt\/#website\"},\"primaryImageOfPage\":{\"@id\":\"http:\/\/eautomobiliai.lt\/index.php\/2025\/09\/30\/chery-naujasis-elektrinis-visureigis-patvirtintas-parduoti-pagal-jaecoo-prekes-zenkla\/#primaryimage\"},\"image\":{\"@id\":\"http:\/\/eautomobiliai.lt\/index.php\/2025\/09\/30\/chery-naujasis-elektrinis-visureigis-patvirtintas-parduoti-pagal-jaecoo-prekes-zenkla\/#primaryimage\"},\"thumbnailUrl\":\"http:\/\/eautomobiliai.lt\/wp-content\/uploads\/2025\/09\/\u201eChery-naujasis-elektrinis-visureigis-patvirtintas-parduoti-pagal-\u201eJaecoo-prekes-zenkla.webp.webp\",\"datePublished\":\"2025-09-30T23:09:21+00:00\",\"author\":{\"@id\":\"http:\/\/eautomobiliai.lt\/#\/schema\/person\/ecf2a967f361217d056061f74deb92f2\"},\"breadcrumb\":{\"@id\":\"http:\/\/eautomobiliai.lt\/index.php\/2025\/09\/30\/chery-naujasis-elektrinis-visureigis-patvirtintas-parduoti-pagal-jaecoo-prekes-zenkla\/#breadcrumb\"},\"inLanguage\":\"lt-LT\",\"potentialAction\":[{\"@type\":\"ReadAction\",\"target\":[\"http:\/\/eautomobiliai.lt\/index.php\/2025\/09\/30\/chery-naujasis-elektrinis-visureigis-patvirtintas-parduoti-pagal-jaecoo-prekes-zenkla\/\"]}]},{\"@type\":\"ImageObject\",\"inLanguage\":\"lt-LT\",\"@id\":\"http:\/\/eautomobiliai.lt\/index.php\/2025\/09\/30\/chery-naujasis-elektrinis-visureigis-patvirtintas-parduoti-pagal-jaecoo-prekes-zenkla\/#primaryimage\",\"url\":\"http:\/\/eautomobiliai.lt\/wp-content\/uploads\/2025\/09\/\u201eChery-naujasis-elektrinis-visureigis-patvirtintas-parduoti-pagal-\u201eJaecoo-prekes-zenkla.webp.webp\",\"contentUrl\":\"http:\/\/eautomobiliai.lt\/wp-content\/uploads\/2025\/09\/\u201eChery-naujasis-elektrinis-visureigis-patvirtintas-parduoti-pagal-\u201eJaecoo-prekes-zenkla.webp.webp\",\"width\":1032,\"height\":1020},{\"@type\":\"BreadcrumbList\",\"@id\":\"http:\/\/eautomobiliai.lt\/index.php\/2025\/09\/30\/chery-naujasis-elektrinis-visureigis-patvirtintas-parduoti-pagal-jaecoo-prekes-zenkla\/#breadcrumb\",\"itemListElement\":[{\"@type\":\"ListItem\",\"position\":1,\"name\":\"Home\",\"item\":\"http:\/\/eautomobiliai.lt\/\"},{\"@type\":\"ListItem\",\"position\":2,\"name\":\"\u201eChery\u201c naujasis elektrinis visureigis, patvirtintas parduoti pagal \u201eJaecoo\u201c prek\u0117s \u017eenkl\u0105\"}]},{\"@type\":\"WebSite\",\"@id\":\"http:\/\/eautomobiliai.lt\/#website\",\"url\":\"http:\/\/eautomobiliai.lt\/\",\"name\":\"Eautomobiliai.lt\",\"description\":\"Elektrinis transportas, technologijos\",\"potentialAction\":[{\"@type\":\"SearchAction\",\"target\":{\"@type\":\"EntryPoint\",\"urlTemplate\":\"http:\/\/eautomobiliai.lt\/?s={search_term_string}\"},\"query-input\":{\"@type\":\"PropertyValueSpecification\",\"valueRequired\":true,\"valueName\":\"search_term_string\"}}],\"inLanguage\":\"lt-LT\"},{\"@type\":\"Person\",\"@id\":\"http:\/\/eautomobiliai.lt\/#\/schema\/person\/ecf2a967f361217d056061f74deb92f2\",\"name\":\"admin\",\"image\":{\"@type\":\"ImageObject\",\"inLanguage\":\"lt-LT\",\"@id\":\"http:\/\/eautomobiliai.lt\/#\/schema\/person\/image\/\",\"url\":\"https:\/\/secure.gravatar.com\/avatar\/6323379efae0c70c686c7905444d6bbd?s=96&d=mm&r=g\",\"contentUrl\":\"https:\/\/secure.gravatar.com\/avatar\/6323379efae0c70c686c7905444d6bbd?s=96&d=mm&r=g\",\"caption\":\"admin\"},\"sameAs\":[\"http:\/\/eautomobiliai.lt\"],\"url\":\"http:\/\/eautomobiliai.lt\/index.php\/author\/admin\/\"}]}<\/script>\n<!-- \/ Yoast SEO plugin. -->","yoast_head_json":{"title":"\u201eChery\u201c naujasis elektrinis visureigis, patvirtintas parduoti pagal \u201eJaecoo\u201c prek\u0117s \u017eenkl\u0105 - Eautomobiliai.lt","robots":{"index":"index","follow":"follow","max-snippet":"max-snippet:-1","max-image-preview":"max-image-preview:large","max-video-preview":"max-video-preview:-1"},"canonical":"http:\/\/eautomobiliai.lt\/index.php\/2025\/09\/30\/chery-naujasis-elektrinis-visureigis-patvirtintas-parduoti-pagal-jaecoo-prekes-zenkla\/","og_locale":"lt_LT","og_type":"article","og_title":"\u201eChery\u201c naujasis elektrinis visureigis, patvirtintas parduoti pagal \u201eJaecoo\u201c prek\u0117s \u017eenkl\u0105 - Eautomobiliai.lt","og_description":"Kinijos automobili\u0173 mil\u017ein\u0117 \u201eChery\u201c atidar\u0117 savo antr\u0105j\u0105 elektromobil\u012f \u012f Australijos rink\u0105. Pra\u0117jusiais metais \u201eChery\u201c prad\u0117jo \u201eChery 5\u201c, pirm\u0105j\u012f savo EV&hellip;","og_url":"http:\/\/eautomobiliai.lt\/index.php\/2025\/09\/30\/chery-naujasis-elektrinis-visureigis-patvirtintas-parduoti-pagal-jaecoo-prekes-zenkla\/","og_site_name":"Eautomobiliai.lt","article_published_time":"2025-09-30T23:09:21+00:00","og_image":[{"width":1032,"height":1020,"url":"http:\/\/eautomobiliai.lt\/wp-content\/uploads\/2025\/09\/\u201eChery-naujasis-elektrinis-visureigis-patvirtintas-parduoti-pagal-\u201eJaecoo-prekes-zenkla.webp.webp","type":"image\/webp"}],"author":"admin","twitter_card":"summary_large_image","twitter_misc":{"Written by":"admin","Est. reading time":"2 minut\u0117s"},"schema":{"@context":"https:\/\/schema.org","@graph":[{"@type":"Article","@id":"http:\/\/eautomobiliai.lt\/index.php\/2025\/09\/30\/chery-naujasis-elektrinis-visureigis-patvirtintas-parduoti-pagal-jaecoo-prekes-zenkla\/#article","isPartOf":{"@id":"http:\/\/eautomobiliai.lt\/index.php\/2025\/09\/30\/chery-naujasis-elektrinis-visureigis-patvirtintas-parduoti-pagal-jaecoo-prekes-zenkla\/"},"author":{"name":"admin","@id":"http:\/\/eautomobiliai.lt\/#\/schema\/person\/ecf2a967f361217d056061f74deb92f2"},"headline":"\u201eChery\u201c naujasis elektrinis visureigis, patvirtintas parduoti pagal \u201eJaecoo\u201c prek\u0117s \u017eenkl\u0105","datePublished":"2025-09-30T23:09:21+00:00","mainEntityOfPage":{"@id":"http:\/\/eautomobiliai.lt\/index.php\/2025\/09\/30\/chery-naujasis-elektrinis-visureigis-patvirtintas-parduoti-pagal-jaecoo-prekes-zenkla\/"},"wordCount":398,"commentCount":0,"image":{"@id":"http:\/\/eautomobiliai.lt\/index.php\/2025\/09\/30\/chery-naujasis-elektrinis-visureigis-patvirtintas-parduoti-pagal-jaecoo-prekes-zenkla\/#primaryimage"},"thumbnailUrl":"http:\/\/eautomobiliai.lt\/wp-content\/uploads\/2025\/09\/\u201eChery-naujasis-elektrinis-visureigis-patvirtintas-parduoti-pagal-\u201eJaecoo-prekes-zenkla.webp.webp","keywords":["Chery","Elektrinis","Jaecoo","Naujasis","pagal","parduoti","patvirtintas","prek\u0117s","visureigis","\u017eenkl\u0105"],"articleSection":["eAUTOMOBILI\u0172 TECHNIN\u0116 PUS\u0116"],"inLanguage":"lt-LT","potentialAction":[{"@type":"CommentAction","name":"Comment","target":["http:\/\/eautomobiliai.lt\/index.php\/2025\/09\/30\/chery-naujasis-elektrinis-visureigis-patvirtintas-parduoti-pagal-jaecoo-prekes-zenkla\/#respond"]}]},{"@type":"WebPage","@id":"http:\/\/eautomobiliai.lt\/index.php\/2025\/09\/30\/chery-naujasis-elektrinis-visureigis-patvirtintas-parduoti-pagal-jaecoo-prekes-zenkla\/","url":"http:\/\/eautomobiliai.lt\/index.php\/2025\/09\/30\/chery-naujasis-elektrinis-visureigis-patvirtintas-parduoti-pagal-jaecoo-prekes-zenkla\/","name":"\u201eChery\u201c naujasis elektrinis visureigis, patvirtintas parduoti pagal \u201eJaecoo\u201c prek\u0117s \u017eenkl\u0105 - Eautomobiliai.lt","isPartOf":{"@id":"http:\/\/eautomobiliai.lt\/#website"},"primaryImageOfPage":{"@id":"http:\/\/eautomobiliai.lt\/index.php\/2025\/09\/30\/chery-naujasis-elektrinis-visureigis-patvirtintas-parduoti-pagal-jaecoo-prekes-zenkla\/#primaryimage"},"image":{"@id":"http:\/\/eautomobiliai.lt\/index.php\/2025\/09\/30\/chery-naujasis-elektrinis-visureigis-patvirtintas-parduoti-pagal-jaecoo-prekes-zenkla\/#primaryimage"},"thumbnailUrl":"http:\/\/eautomobiliai.lt\/wp-content\/uploads\/2025\/09\/\u201eChery-naujasis-elektrinis-visureigis-patvirtintas-parduoti-pagal-\u201eJaecoo-prekes-zenkla.webp.webp","datePublished":"2025-09-30T23:09:21+00:00","author":{"@id":"http:\/\/eautomobiliai.lt\/#\/schema\/person\/ecf2a967f361217d056061f74deb92f2"},"breadcrumb":{"@id":"http:\/\/eautomobiliai.lt\/index.php\/2025\/09\/30\/chery-naujasis-elektrinis-visureigis-patvirtintas-parduoti-pagal-jaecoo-prekes-zenkla\/#breadcrumb"},"inLanguage":"lt-LT","potentialAction":[{"@type":"ReadAction","target":["http:\/\/eautomobiliai.lt\/index.php\/2025\/09\/30\/chery-naujasis-elektrinis-visureigis-patvirtintas-parduoti-pagal-jaecoo-prekes-zenkla\/"]}]},{"@type":"ImageObject","inLanguage":"lt-LT","@id":"http:\/\/eautomobiliai.lt\/index.php\/2025\/09\/30\/chery-naujasis-elektrinis-visureigis-patvirtintas-parduoti-pagal-jaecoo-prekes-zenkla\/#primaryimage","url":"http:\/\/eautomobiliai.lt\/wp-content\/uploads\/2025\/09\/\u201eChery-naujasis-elektrinis-visureigis-patvirtintas-parduoti-pagal-\u201eJaecoo-prekes-zenkla.webp.webp","contentUrl":"http:\/\/eautomobiliai.lt\/wp-content\/uploads\/2025\/09\/\u201eChery-naujasis-elektrinis-visureigis-patvirtintas-parduoti-pagal-\u201eJaecoo-prekes-zenkla.webp.webp","width":1032,"height":1020},{"@type":"BreadcrumbList","@id":"http:\/\/eautomobiliai.lt\/index.php\/2025\/09\/30\/chery-naujasis-elektrinis-visureigis-patvirtintas-parduoti-pagal-jaecoo-prekes-zenkla\/#breadcrumb","itemListElement":[{"@type":"ListItem","position":1,"name":"Home","item":"http:\/\/eautomobiliai.lt\/"},{"@type":"ListItem","position":2,"name":"\u201eChery\u201c naujasis elektrinis visureigis, patvirtintas parduoti pagal \u201eJaecoo\u201c prek\u0117s \u017eenkl\u0105"}]},{"@type":"WebSite","@id":"http:\/\/eautomobiliai.lt\/#website","url":"http:\/\/eautomobiliai.lt\/","name":"Eautomobiliai.lt","description":"Elektrinis transportas, technologijos","potentialAction":[{"@type":"SearchAction","target":{"@type":"EntryPoint","urlTemplate":"http:\/\/eautomobiliai.lt\/?s={search_term_string}"},"query-input":{"@type":"PropertyValueSpecification","valueRequired":true,"valueName":"search_term_string"}}],"inLanguage":"lt-LT"},{"@type":"Person","@id":"http:\/\/eautomobiliai.lt\/#\/schema\/person\/ecf2a967f361217d056061f74deb92f2","name":"admin","image":{"@type":"ImageObject","inLanguage":"lt-LT","@id":"http:\/\/eautomobiliai.lt\/#\/schema\/person\/image\/","url":"https:\/\/secure.gravatar.com\/avatar\/6323379efae0c70c686c7905444d6bbd?s=96&d=mm&r=g","contentUrl":"https:\/\/secure.gravatar.com\/avatar\/6323379efae0c70c686c7905444d6bbd?s=96&d=mm&r=g","caption":"admin"},"sameAs":["http:\/\/eautomobiliai.lt"],"url":"http:\/\/eautomobiliai.lt\/index.php\/author\/admin\/"}]}},"_links":{"self":[{"href":"http:\/\/eautomobiliai.lt\/index.php\/wp-json\/wp\/v2\/posts\/2268","targetHints":{"allow":["GET"]}}],"collection":[{"href":"http:\/\/eautomobiliai.lt\/index.php\/wp-json\/wp\/v2\/posts"}],"about":[{"href":"http:\/\/eautomobiliai.lt\/index.php\/wp-json\/wp\/v2\/types\/post"}],"author":[{"embeddable":true,"href":"http:\/\/eautomobiliai.lt\/index.php\/wp-json\/wp\/v2\/users\/1"}],"replies":[{"embeddable":true,"href":"http:\/\/eautomobiliai.lt\/index.php\/wp-json\/wp\/v2\/comments?post=2268"}],"version-history":[{"count":0,"href":"http:\/\/eautomobiliai.lt\/index.php\/wp-json\/wp\/v2\/posts\/2268\/revisions"}],"wp:featuredmedia":[{"embeddable":true,"href":"http:\/\/eautomobiliai.lt\/index.php\/wp-json\/wp\/v2\/media\/2269"}],"wp:attachment":[{"href":"http:\/\/eautomobiliai.lt\/index.php\/wp-json\/wp\/v2\/media?parent=2268"}],"wp:term":[{"taxonomy":"category","embeddable":true,"href":"http:\/\/eautomobiliai.lt\/index.php\/wp-json\/wp\/v2\/categories?post=2268"},{"taxonomy":"post_tag","embeddable":true,"href":"http:\/\/eautomobiliai.lt\/index.php\/wp-json\/wp\/v2\/tags?post=2268"}],"curies":[{"name":"wp","href":"https:\/\/api.w.org\/{rel}","templated":true}]}}