{"id":2297,"date":"2025-10-03T23:18:30","date_gmt":"2025-10-03T23:18:30","guid":{"rendered":"http:\/\/eautomobiliai.lt\/index.php\/2025\/10\/03\/tesla-atidaro-savo-ilgiausia-ev-diapazona-australijoje-su-neitiketinu-750-km\/"},"modified":"2025-10-03T23:18:30","modified_gmt":"2025-10-03T23:18:30","slug":"tesla-atidaro-savo-ilgiausia-ev-diapazona-australijoje-su-neitiketinu-750-km","status":"publish","type":"post","link":"http:\/\/eautomobiliai.lt\/index.php\/2025\/10\/03\/tesla-atidaro-savo-ilgiausia-ev-diapazona-australijoje-su-neitiketinu-750-km\/","title":{"rendered":"\u201eTesla\u201c atidaro savo ilgiausi\u0105 EV diapazon\u0105 Australijoje, su ne\u012ftik\u0117tinu 750 km"},"content":{"rendered":"<p> <br \/>\n<\/p>\n<div id=\"\">\n<p><span style=\"font-weight: 400;\">\u201eTesla\u201c oficialiai i\u0161leido ilgiausi\u0105 Australijos \u201eEV\u201c asortiment\u0105, naudodama nauj\u0105j\u012f model\u012f 3 2026 Long Rwd variant\u0105, si\u016blant\u012f ne\u012ftik\u0117tin\u0105 750 km u\u017e vien\u0105 \u012fkrov\u0105.<\/span><\/p>\n<p><span style=\"font-weight: 400;\">Diapazonas, padedantis padidinti NMC akumuliatoriaus dyd\u012f iki 84 kWh-b\u016bt\u0173 230 km diapazonas nei pradinio lygio RWD, ir 121 km daugiau nei tolimojo nuotolio AWD variantas, \u0161iuo metu prieinamas Australijoje. <\/span><\/p>\n<p><span style=\"font-weight: 400;\">Abu \u0161ie modeliai jau yra patys efektyviausi EV savo klas\u0117je &#8211; kalbant apie kilometrus, nuva\u017eiuotus per kilovatvaland\u0119, o dabar tolimojo nuotolio AWD bus pridedamas prie sud\u0117ties su dideliu post\u016bmiu.<\/span><\/p>\n<p><span style=\"font-weight: 400;\">\u0160is unikalus variantas prasid\u0117s nuo 61 990 USD prie\u0161 kelyje. Jis ply\u0161ia tarp pradinio lygio RWD modelio ir tolimojo AWD varianto.<\/span><\/p>\n<p><span style=\"font-weight: 400;\">Jis bus \u012fvairi\u0173 spalv\u0173, o \u201ePearl White\u201c bus standartinis pasirinkimas. Kitos pasirenkamos spalvos yra naujas deimantinis juodas, giliai m\u0117lynas, slaptas pilkas, \u201eQuicksilver\u201c ir bendrov\u0117s \u201eHalo Ultra Red\u201c. <\/span><span style=\"font-weight: 400;\">Standartinis interjeras bus juodas, taip pat yra balto interjero parinktis.<\/span><\/p>\n<p><span style=\"font-weight: 400;\">Taip pat yra dviej\u0173 rat\u0173 variant\u0173, o su 18 coli\u0173 fotono ratais, \u012f kuriuos \u012ftraukti standartiniai, o 19 coli\u0173 \u201eNova\u201c ratai yra neprivalomi.<\/span><\/p>\n<p><span style=\"font-weight: 400;\">Taip pat verta pamin\u0117ti, kad didesni ratai suma\u017eins diapazon\u0105 nuo 750 km iki 691 km, vis tiek u\u017etikrinant, kad \u0161is variantas i\u0161liks klas\u0117je.<\/span><\/p>\n<p><span style=\"font-weight: 400;\">\u0160\u012f nauj\u0105 variant\u0105 galima u\u017esisakyti \u201eTesla\u201c internetiniame konfig\u016bravime nuo penktadienio, o pirmieji klient\u0173 pristatymai buvo tikimasi lapkri\u010dio m\u0117n.<\/span><\/p>\n<p><span style=\"font-weight: 400;\">Tikimasi, kad ankstyvieji \u0161io automobilio bandymai prasid\u0117s spalio pabaigoje \u201eTesla\u201c salonuose visoje \u0161alyje.<\/span><\/p>\n<p><span style=\"font-weight: 400;\">Tuo pat metu \u012fmon\u0117 padidino savo 2026 \u201eTesla Model 3\u201c veikim\u0105, padidindama savo diapazon\u0105 nuo 528 km iki 571 km arba \u0161iek tiek daugiau nei 8%.<\/span><\/p>\n<figure id=\"attachment_178481\" aria-describedby=\"caption-attachment-178481\" style=\"width: 1200px\" class=\"wp-caption aligncenter\"><img loading=\"lazy\" decoding=\"async\" class=\"size-full wp-image-178481\" src=\"https:\/\/thedriven.io\/wp-content\/uploads\/2024\/04\/Tesla-Model-3-Performance-Wheels-Tesla-US.jpg\" alt=\"\" width=\"1200\" height=\"800\" srcset=\"https:\/\/thedriven.io\/wp-content\/uploads\/2024\/04\/Tesla-Model-3-Performance-Wheels-Tesla-US.jpg 1200w, https:\/\/thedriven.io\/wp-content\/uploads\/2024\/04\/Tesla-Model-3-Performance-Wheels-Tesla-US-388x259.jpg 388w, https:\/\/thedriven.io\/wp-content\/uploads\/2024\/04\/Tesla-Model-3-Performance-Wheels-Tesla-US-1160x773.jpg 1160w, https:\/\/thedriven.io\/wp-content\/uploads\/2024\/04\/Tesla-Model-3-Performance-Wheels-Tesla-US-800x533.jpg 800w, https:\/\/thedriven.io\/wp-content\/uploads\/2024\/04\/Tesla-Model-3-Performance-Wheels-Tesla-US-120x80.jpg 120w, https:\/\/thedriven.io\/wp-content\/uploads\/2024\/04\/Tesla-Model-3-Performance-Wheels-Tesla-US-90x60.jpg 90w, https:\/\/thedriven.io\/wp-content\/uploads\/2024\/04\/Tesla-Model-3-Performance-Wheels-Tesla-US-320x213.jpg 320w, https:\/\/thedriven.io\/wp-content\/uploads\/2024\/04\/Tesla-Model-3-Performance-Wheels-Tesla-US-560x373.jpg 560w, https:\/\/thedriven.io\/wp-content\/uploads\/2024\/04\/Tesla-Model-3-Performance-Wheels-Tesla-US-150x100.jpg 150w, https:\/\/thedriven.io\/wp-content\/uploads\/2024\/04\/Tesla-Model-3-Performance-Wheels-Tesla-US-240x160.jpg 240w, https:\/\/thedriven.io\/wp-content\/uploads\/2024\/04\/Tesla-Model-3-Performance-Wheels-Tesla-US-180x120.jpg 180w, https:\/\/thedriven.io\/wp-content\/uploads\/2024\/04\/Tesla-Model-3-Performance-Wheels-Tesla-US-640x427.jpg 640w, https:\/\/thedriven.io\/wp-content\/uploads\/2024\/04\/Tesla-Model-3-Performance-Wheels-Tesla-US-1120x747.jpg 1120w, https:\/\/thedriven.io\/wp-content\/uploads\/2024\/04\/Tesla-Model-3-Performance-Wheels-Tesla-US-300x200.jpg 300w\" sizes=\"auto, (max-width: 1200px) 100vw, 1200px\"\/><figcaption id=\"caption-attachment-178481\" class=\"wp-caption-text\">Vaizdas: \u201eTesla Us\u201c<\/figcaption><\/figure>\n<p><span style=\"font-weight: 400;\">Net ir atnaujinus \u0161\u012f diapazono atnaujinim\u0105, \u201eNew Model 3\u201c na\u0161umas i\u0161laikys 80 990 USD kain\u0105 prie\u0161 kelyje.<\/span><\/p>\n<p><span style=\"font-weight: 400;\">\u0160iame \u201eNew Model 3\u201c na\u0161ume bus atnaujintas nikelio-Manganese-Cobalt (NMC) akumuliatori\u0173 paketas, kuris padidins diapazon\u0105.<\/span><\/p>\n<p><span style=\"font-weight: 400;\">Per variklio dangt\u012f taip pat bus juodas \u201eTesla\u201c \u017eenklelis, pabr\u0117\u017edamas nauj\u0105j\u012f 2026 model\u012f su prid\u0117tu diapazonu.<\/span><\/p>\n<p><span style=\"font-weight: 400;\">Be to, auk\u0161to na\u0161umo modelio pavara suteiks iki 343 kW galios, o 0\u2013100 km\/h sprinto laikas bus 3,1 sekund\u0117s, taip pat did\u017eiausias 261 km\/h greitis.<\/span><\/p>\n<p><span style=\"font-weight: 400;\">D\u0117l \u0161ios s\u0105rankos \u201eNew 2026 Model 3\u201c na\u0161umas yra vienas \u012fdomiausi\u0173 rezultat\u0173, tvarkan\u010di\u0173 EV, Australijos rinkoje. \u0160iandien taip pat atidaromi \u0161io auk\u0161\u010diausio lygio varianto u\u017esakymai.<\/span><\/p>\n<figure id=\"attachment_178478\" aria-describedby=\"caption-attachment-178478\" style=\"width: 1200px\" class=\"wp-caption aligncenter\"><img decoding=\"async\" class=\"size-full wp-image-178478 native-lazyload-js-fallback\" alt=\"\" width=\"1200\" height=\"800\" loading=\"lazy\" src=\"https:\/\/b2232832.smushcdn.com\/2232832\/wp-content\/uploads\/2024\/04\/Tesla-Model-3-Performance-Exterior-Tesla-US.jpg?lossy=1&amp;strip=0&amp;webp=1\" srcset=\"https:\/\/b2232832.smushcdn.com\/2232832\/wp-content\/uploads\/2024\/04\/Tesla-Model-3-Performance-Exterior-Tesla-US.jpg?lossy=1&amp;strip=0&amp;webp=1 1200w, https:\/\/b2232832.smushcdn.com\/2232832\/wp-content\/uploads\/2024\/04\/Tesla-Model-3-Performance-Exterior-Tesla-US-388x259.jpg?lossy=1&amp;strip=0&amp;webp=1 388w, https:\/\/b2232832.smushcdn.com\/2232832\/wp-content\/uploads\/2024\/04\/Tesla-Model-3-Performance-Exterior-Tesla-US-1160x773.jpg?lossy=1&amp;strip=0&amp;webp=1 1160w, https:\/\/b2232832.smushcdn.com\/2232832\/wp-content\/uploads\/2024\/04\/Tesla-Model-3-Performance-Exterior-Tesla-US-800x533.jpg?lossy=1&amp;strip=0&amp;webp=1 800w, https:\/\/b2232832.smushcdn.com\/2232832\/wp-content\/uploads\/2024\/04\/Tesla-Model-3-Performance-Exterior-Tesla-US-120x80.jpg?lossy=1&amp;strip=0&amp;webp=1 120w, https:\/\/b2232832.smushcdn.com\/2232832\/wp-content\/uploads\/2024\/04\/Tesla-Model-3-Performance-Exterior-Tesla-US-90x60.jpg?lossy=1&amp;strip=0&amp;webp=1 90w, https:\/\/b2232832.smushcdn.com\/2232832\/wp-content\/uploads\/2024\/04\/Tesla-Model-3-Performance-Exterior-Tesla-US-320x213.jpg?lossy=1&amp;strip=0&amp;webp=1 320w, https:\/\/b2232832.smushcdn.com\/2232832\/wp-content\/uploads\/2024\/04\/Tesla-Model-3-Performance-Exterior-Tesla-US-560x373.jpg?lossy=1&amp;strip=0&amp;webp=1 560w, https:\/\/b2232832.smushcdn.com\/2232832\/wp-content\/uploads\/2024\/04\/Tesla-Model-3-Performance-Exterior-Tesla-US-150x100.jpg?lossy=1&amp;strip=0&amp;webp=1 150w, https:\/\/b2232832.smushcdn.com\/2232832\/wp-content\/uploads\/2024\/04\/Tesla-Model-3-Performance-Exterior-Tesla-US-240x160.jpg?lossy=1&amp;strip=0&amp;webp=1 240w, https:\/\/b2232832.smushcdn.com\/2232832\/wp-content\/uploads\/2024\/04\/Tesla-Model-3-Performance-Exterior-Tesla-US-180x120.jpg?lossy=1&amp;strip=0&amp;webp=1 180w, https:\/\/b2232832.smushcdn.com\/2232832\/wp-content\/uploads\/2024\/04\/Tesla-Model-3-Performance-Exterior-Tesla-US-640x427.jpg?lossy=1&amp;strip=0&amp;webp=1 640w, https:\/\/b2232832.smushcdn.com\/2232832\/wp-content\/uploads\/2024\/04\/Tesla-Model-3-Performance-Exterior-Tesla-US-1120x747.jpg?lossy=1&amp;strip=0&amp;webp=1 1120w, https:\/\/b2232832.smushcdn.com\/2232832\/wp-content\/uploads\/2024\/04\/Tesla-Model-3-Performance-Exterior-Tesla-US-300x200.jpg?lossy=1&amp;strip=0&amp;webp=1 300w\" data-sizes=\"(max-width: 1200px) 100vw, 1200px\"\/><img loading=\"lazy\" decoding=\"async\" class=\"size-full wp-image-178478\" src=\"https:\/\/thedriven.io\/wp-content\/uploads\/2024\/04\/Tesla-Model-3-Performance-Exterior-Tesla-US.jpg\" alt=\"\" width=\"1200\" height=\"800\" srcset=\"https:\/\/thedriven.io\/wp-content\/uploads\/2024\/04\/Tesla-Model-3-Performance-Exterior-Tesla-US.jpg 1200w, https:\/\/thedriven.io\/wp-content\/uploads\/2024\/04\/Tesla-Model-3-Performance-Exterior-Tesla-US-388x259.jpg 388w, https:\/\/thedriven.io\/wp-content\/uploads\/2024\/04\/Tesla-Model-3-Performance-Exterior-Tesla-US-1160x773.jpg 1160w, https:\/\/thedriven.io\/wp-content\/uploads\/2024\/04\/Tesla-Model-3-Performance-Exterior-Tesla-US-800x533.jpg 800w, https:\/\/thedriven.io\/wp-content\/uploads\/2024\/04\/Tesla-Model-3-Performance-Exterior-Tesla-US-120x80.jpg 120w, https:\/\/thedriven.io\/wp-content\/uploads\/2024\/04\/Tesla-Model-3-Performance-Exterior-Tesla-US-90x60.jpg 90w, https:\/\/thedriven.io\/wp-content\/uploads\/2024\/04\/Tesla-Model-3-Performance-Exterior-Tesla-US-320x213.jpg 320w, https:\/\/thedriven.io\/wp-content\/uploads\/2024\/04\/Tesla-Model-3-Performance-Exterior-Tesla-US-560x373.jpg 560w, https:\/\/thedriven.io\/wp-content\/uploads\/2024\/04\/Tesla-Model-3-Performance-Exterior-Tesla-US-150x100.jpg 150w, https:\/\/thedriven.io\/wp-content\/uploads\/2024\/04\/Tesla-Model-3-Performance-Exterior-Tesla-US-240x160.jpg 240w, https:\/\/thedriven.io\/wp-content\/uploads\/2024\/04\/Tesla-Model-3-Performance-Exterior-Tesla-US-180x120.jpg 180w, https:\/\/thedriven.io\/wp-content\/uploads\/2024\/04\/Tesla-Model-3-Performance-Exterior-Tesla-US-640x427.jpg 640w, https:\/\/thedriven.io\/wp-content\/uploads\/2024\/04\/Tesla-Model-3-Performance-Exterior-Tesla-US-1120x747.jpg 1120w, https:\/\/thedriven.io\/wp-content\/uploads\/2024\/04\/Tesla-Model-3-Performance-Exterior-Tesla-US-300x200.jpg 300w\" sizes=\"auto, (max-width: 1200px) 100vw, 1200px\"\/><figcaption id=\"caption-attachment-178478\" class=\"wp-caption-text\">Vaizdas: \u201eTesla Us\u201c<\/figcaption><\/figure>\n<p><span style=\"font-weight: 400;\">Net ir padid\u0117jus diapazonui, \u0161ie variantai, kartu su visais \u201eTesla EVS\u201c, galima lengvai \u012fkrauti bet kuriame i\u0161 daugiau nei 1000 kompresori\u0173 kioskeli\u0173 visoje Australijoje ir Naujojoje Zelandijoje.<\/span><\/p>\n<p><span style=\"font-weight: 400;\">\u0160is tinklas, be abejo, auga per pastaruosius metus prad\u0117tame daugiau nei 30 svetaini\u0173, padedant \u201eTesla\u201c ir t\u016bkstan\u010diams ne \u201eTesla EV\u201c vairuotoj\u0173 kiekvien\u0105 savait\u0119.<\/span><\/p>\n<p><span style=\"font-weight: 400;\">Naujausiems modeliams taip pat bus pri\u017ei\u016brimi neseniai \u201eSelfing\u201c (FSD) pri\u017ei\u016brimos galimyb\u0117s ir, kai yra prenumeratos u\u017e kampo, tai gali b\u016bti labai jaudinantis etapas, kai bendrov\u0117s augimas laukia.<\/span><\/p>\n<div class=\"saboxplugin-wrap\" itemtype=\"http:\/\/schema.org\/Person\" itemscope=\"\" itemprop=\"author\">\n<div class=\"saboxplugin-tab\">\n<div class=\"saboxplugin-gravatar\"><img decoding=\"async\" width=\"100\" height=\"100\" alt=\"Rizas Akhtar\" itemprop=\"image\" loading=\"lazy\" class=\"native-lazyload-js-fallback\" src=\"https:\/\/b2232832.smushcdn.com\/2232832\/wp-content\/uploads\/2022\/02\/Riz.jpg?lossy=1&amp;strip=0&amp;webp=1\"\/><img loading=\"lazy\" decoding=\"async\" src=\"https:\/\/thedriven.io\/wp-content\/uploads\/2022\/02\/Riz.jpg\" width=\"100\" height=\"100\" alt=\"Rizas Akhtar\" itemprop=\"image\"\/><\/div>\n<div class=\"saboxplugin-desc\">\n<div itemprop=\"description\">\n<p>RIZ yra \u201eCarloop\u201c \u012fk\u016br\u0117jas, \u012fsik\u016br\u0119s Melburne, specializuojasi Australijos EV duomenyse, \u012f\u017evalgos ataskaitose ir tendencijose. Jis yra mechanikos in\u017einierius, prie\u0161 pradedant \u201eCarloop\u201c pirmuosius 7 savo karjeros statybos transporto infrastrukt\u016bros metus. Jis turi aistr\u0105 automobiliams, ypa\u010d EV ir nori pad\u0117ti suma\u017einti transporto i\u0161metim\u0105 Australijoje. \u0160iuo metu jis vairuoja \u201eRed Tesla\u201c model\u012f 3.<\/p>\n<\/div>\n<\/div>\n<\/div>\n<\/div>\n<p><!-- AI CONTENT END 1 --><\/p><\/div>\n<p><br \/>\n<br \/><a href=\"https:\/\/thedriven.io\/2025\/10\/03\/tesla-launches-its-longest-range-ev-in-australia-with-incredible-750-km\/\">Source link <\/a><\/p>\n","protected":false},"excerpt":{"rendered":"<p>\u201eTesla\u201c oficialiai i\u0161leido ilgiausi\u0105 Australijos \u201eEV\u201c asortiment\u0105, naudodama nauj\u0105j\u012f model\u012f 3 2026 Long Rwd variant\u0105, si\u016blant\u012f ne\u012ftik\u0117tin\u0105 750 km u\u017e&hellip;<\/p>\n","protected":false},"author":1,"featured_media":2298,"comment_status":"open","ping_status":"open","sticky":false,"template":"","format":"standard","meta":{"om_disable_all_campaigns":false,"_monsterinsights_skip_tracking":false,"_monsterinsights_sitenote_active":false,"_monsterinsights_sitenote_note":"","_monsterinsights_sitenote_category":0,"footnotes":""},"categories":[39],"tags":[181,115,1636,3350,3977,183,14],"class_list":["post-2297","post","type-post","status-publish","format-standard","has-post-thumbnail","hentry","category-eautomobiliu-technine-puse","tag-atidaro","tag-australijoje","tag-diapazona","tag-ilgiausia","tag-neitiketinu","tag-savo","tag-tesla"],"aioseo_notices":[],"yoast_head":"<!-- This site is optimized with the Yoast SEO plugin v26.8 - https:\/\/yoast.com\/product\/yoast-seo-wordpress\/ -->\n<title>\u201eTesla\u201c atidaro savo ilgiausi\u0105 EV diapazon\u0105 Australijoje, su ne\u012ftik\u0117tinu 750 km - Eautomobiliai.lt<\/title>\n<meta name=\"robots\" content=\"index, follow, max-snippet:-1, max-image-preview:large, max-video-preview:-1\" \/>\n<link rel=\"canonical\" href=\"http:\/\/eautomobiliai.lt\/index.php\/2025\/10\/03\/tesla-atidaro-savo-ilgiausia-ev-diapazona-australijoje-su-neitiketinu-750-km\/\" \/>\n<meta property=\"og:locale\" content=\"lt_LT\" \/>\n<meta property=\"og:type\" content=\"article\" \/>\n<meta property=\"og:title\" content=\"\u201eTesla\u201c atidaro savo ilgiausi\u0105 EV diapazon\u0105 Australijoje, su ne\u012ftik\u0117tinu 750 km - Eautomobiliai.lt\" \/>\n<meta property=\"og:description\" content=\"\u201eTesla\u201c oficialiai i\u0161leido ilgiausi\u0105 Australijos \u201eEV\u201c asortiment\u0105, naudodama nauj\u0105j\u012f model\u012f 3 2026 Long Rwd variant\u0105, si\u016blant\u012f ne\u012ftik\u0117tin\u0105 750 km u\u017e&hellip;\" \/>\n<meta property=\"og:url\" content=\"http:\/\/eautomobiliai.lt\/index.php\/2025\/10\/03\/tesla-atidaro-savo-ilgiausia-ev-diapazona-australijoje-su-neitiketinu-750-km\/\" \/>\n<meta property=\"og:site_name\" content=\"Eautomobiliai.lt\" \/>\n<meta property=\"article:published_time\" content=\"2025-10-03T23:18:30+00:00\" \/>\n<meta property=\"og:image\" content=\"http:\/\/eautomobiliai.lt\/wp-content\/uploads\/2025\/10\/\u201eTesla-atidaro-savo-ilgiausia-EV-diapazona-Australijoje-su-neitiketinu-750.jpg\" \/>\n\t<meta property=\"og:image:width\" content=\"1000\" \/>\n\t<meta property=\"og:image:height\" content=\"563\" \/>\n\t<meta property=\"og:image:type\" content=\"image\/jpeg\" \/>\n<meta name=\"author\" content=\"admin\" \/>\n<meta name=\"twitter:card\" content=\"summary_large_image\" \/>\n<meta name=\"twitter:label1\" content=\"Written by\" \/>\n\t<meta name=\"twitter:data1\" content=\"admin\" \/>\n\t<meta name=\"twitter:label2\" content=\"Est. reading time\" \/>\n\t<meta name=\"twitter:data2\" content=\"3 minut\u0117s\" \/>\n<script type=\"application\/ld+json\" class=\"yoast-schema-graph\">{\"@context\":\"https:\/\/schema.org\",\"@graph\":[{\"@type\":\"Article\",\"@id\":\"http:\/\/eautomobiliai.lt\/index.php\/2025\/10\/03\/tesla-atidaro-savo-ilgiausia-ev-diapazona-australijoje-su-neitiketinu-750-km\/#article\",\"isPartOf\":{\"@id\":\"http:\/\/eautomobiliai.lt\/index.php\/2025\/10\/03\/tesla-atidaro-savo-ilgiausia-ev-diapazona-australijoje-su-neitiketinu-750-km\/\"},\"author\":{\"name\":\"admin\",\"@id\":\"https:\/\/eautomobiliai.lt\/#\/schema\/person\/ecf2a967f361217d056061f74deb92f2\"},\"headline\":\"\u201eTesla\u201c atidaro savo ilgiausi\u0105 EV diapazon\u0105 Australijoje, su ne\u012ftik\u0117tinu 750 km\",\"datePublished\":\"2025-10-03T23:18:30+00:00\",\"mainEntityOfPage\":{\"@id\":\"http:\/\/eautomobiliai.lt\/index.php\/2025\/10\/03\/tesla-atidaro-savo-ilgiausia-ev-diapazona-australijoje-su-neitiketinu-750-km\/\"},\"wordCount\":514,\"commentCount\":0,\"image\":{\"@id\":\"http:\/\/eautomobiliai.lt\/index.php\/2025\/10\/03\/tesla-atidaro-savo-ilgiausia-ev-diapazona-australijoje-su-neitiketinu-750-km\/#primaryimage\"},\"thumbnailUrl\":\"http:\/\/eautomobiliai.lt\/wp-content\/uploads\/2025\/10\/\u201eTesla-atidaro-savo-ilgiausia-EV-diapazona-Australijoje-su-neitiketinu-750.jpg\",\"keywords\":[\"atidaro\",\"Australijoje\",\"diapazon\u0105\",\"ilgiausi\u0105\",\"ne\u012ftik\u0117tinu\",\"savo\",\"Tesla\"],\"articleSection\":[\"eAUTOMOBILI\u0172 TECHNIN\u0116 PUS\u0116\"],\"inLanguage\":\"lt-LT\",\"potentialAction\":[{\"@type\":\"CommentAction\",\"name\":\"Comment\",\"target\":[\"http:\/\/eautomobiliai.lt\/index.php\/2025\/10\/03\/tesla-atidaro-savo-ilgiausia-ev-diapazona-australijoje-su-neitiketinu-750-km\/#respond\"]}]},{\"@type\":\"WebPage\",\"@id\":\"http:\/\/eautomobiliai.lt\/index.php\/2025\/10\/03\/tesla-atidaro-savo-ilgiausia-ev-diapazona-australijoje-su-neitiketinu-750-km\/\",\"url\":\"http:\/\/eautomobiliai.lt\/index.php\/2025\/10\/03\/tesla-atidaro-savo-ilgiausia-ev-diapazona-australijoje-su-neitiketinu-750-km\/\",\"name\":\"\u201eTesla\u201c atidaro savo ilgiausi\u0105 EV diapazon\u0105 Australijoje, su ne\u012ftik\u0117tinu 750 km - Eautomobiliai.lt\",\"isPartOf\":{\"@id\":\"https:\/\/eautomobiliai.lt\/#website\"},\"primaryImageOfPage\":{\"@id\":\"http:\/\/eautomobiliai.lt\/index.php\/2025\/10\/03\/tesla-atidaro-savo-ilgiausia-ev-diapazona-australijoje-su-neitiketinu-750-km\/#primaryimage\"},\"image\":{\"@id\":\"http:\/\/eautomobiliai.lt\/index.php\/2025\/10\/03\/tesla-atidaro-savo-ilgiausia-ev-diapazona-australijoje-su-neitiketinu-750-km\/#primaryimage\"},\"thumbnailUrl\":\"http:\/\/eautomobiliai.lt\/wp-content\/uploads\/2025\/10\/\u201eTesla-atidaro-savo-ilgiausia-EV-diapazona-Australijoje-su-neitiketinu-750.jpg\",\"datePublished\":\"2025-10-03T23:18:30+00:00\",\"author\":{\"@id\":\"https:\/\/eautomobiliai.lt\/#\/schema\/person\/ecf2a967f361217d056061f74deb92f2\"},\"breadcrumb\":{\"@id\":\"http:\/\/eautomobiliai.lt\/index.php\/2025\/10\/03\/tesla-atidaro-savo-ilgiausia-ev-diapazona-australijoje-su-neitiketinu-750-km\/#breadcrumb\"},\"inLanguage\":\"lt-LT\",\"potentialAction\":[{\"@type\":\"ReadAction\",\"target\":[\"http:\/\/eautomobiliai.lt\/index.php\/2025\/10\/03\/tesla-atidaro-savo-ilgiausia-ev-diapazona-australijoje-su-neitiketinu-750-km\/\"]}]},{\"@type\":\"ImageObject\",\"inLanguage\":\"lt-LT\",\"@id\":\"http:\/\/eautomobiliai.lt\/index.php\/2025\/10\/03\/tesla-atidaro-savo-ilgiausia-ev-diapazona-australijoje-su-neitiketinu-750-km\/#primaryimage\",\"url\":\"http:\/\/eautomobiliai.lt\/wp-content\/uploads\/2025\/10\/\u201eTesla-atidaro-savo-ilgiausia-EV-diapazona-Australijoje-su-neitiketinu-750.jpg\",\"contentUrl\":\"http:\/\/eautomobiliai.lt\/wp-content\/uploads\/2025\/10\/\u201eTesla-atidaro-savo-ilgiausia-EV-diapazona-Australijoje-su-neitiketinu-750.jpg\",\"width\":1000,\"height\":563},{\"@type\":\"BreadcrumbList\",\"@id\":\"http:\/\/eautomobiliai.lt\/index.php\/2025\/10\/03\/tesla-atidaro-savo-ilgiausia-ev-diapazona-australijoje-su-neitiketinu-750-km\/#breadcrumb\",\"itemListElement\":[{\"@type\":\"ListItem\",\"position\":1,\"name\":\"Home\",\"item\":\"https:\/\/eautomobiliai.lt\/\"},{\"@type\":\"ListItem\",\"position\":2,\"name\":\"\u201eTesla\u201c atidaro savo ilgiausi\u0105 EV diapazon\u0105 Australijoje, su ne\u012ftik\u0117tinu 750 km\"}]},{\"@type\":\"WebSite\",\"@id\":\"https:\/\/eautomobiliai.lt\/#website\",\"url\":\"https:\/\/eautomobiliai.lt\/\",\"name\":\"Eautomobiliai.lt\",\"description\":\"Elektrinis transportas, technologijos\",\"potentialAction\":[{\"@type\":\"SearchAction\",\"target\":{\"@type\":\"EntryPoint\",\"urlTemplate\":\"https:\/\/eautomobiliai.lt\/?s={search_term_string}\"},\"query-input\":{\"@type\":\"PropertyValueSpecification\",\"valueRequired\":true,\"valueName\":\"search_term_string\"}}],\"inLanguage\":\"lt-LT\"},{\"@type\":\"Person\",\"@id\":\"https:\/\/eautomobiliai.lt\/#\/schema\/person\/ecf2a967f361217d056061f74deb92f2\",\"name\":\"admin\",\"image\":{\"@type\":\"ImageObject\",\"inLanguage\":\"lt-LT\",\"@id\":\"https:\/\/eautomobiliai.lt\/#\/schema\/person\/image\/\",\"url\":\"https:\/\/secure.gravatar.com\/avatar\/6323379efae0c70c686c7905444d6bbd?s=96&d=mm&r=g\",\"contentUrl\":\"https:\/\/secure.gravatar.com\/avatar\/6323379efae0c70c686c7905444d6bbd?s=96&d=mm&r=g\",\"caption\":\"admin\"},\"sameAs\":[\"http:\/\/eautomobiliai.lt\"],\"url\":\"http:\/\/eautomobiliai.lt\/index.php\/author\/admin\/\"}]}<\/script>\n<!-- \/ Yoast SEO plugin. -->","yoast_head_json":{"title":"\u201eTesla\u201c atidaro savo ilgiausi\u0105 EV diapazon\u0105 Australijoje, su ne\u012ftik\u0117tinu 750 km - Eautomobiliai.lt","robots":{"index":"index","follow":"follow","max-snippet":"max-snippet:-1","max-image-preview":"max-image-preview:large","max-video-preview":"max-video-preview:-1"},"canonical":"http:\/\/eautomobiliai.lt\/index.php\/2025\/10\/03\/tesla-atidaro-savo-ilgiausia-ev-diapazona-australijoje-su-neitiketinu-750-km\/","og_locale":"lt_LT","og_type":"article","og_title":"\u201eTesla\u201c atidaro savo ilgiausi\u0105 EV diapazon\u0105 Australijoje, su ne\u012ftik\u0117tinu 750 km - Eautomobiliai.lt","og_description":"\u201eTesla\u201c oficialiai i\u0161leido ilgiausi\u0105 Australijos \u201eEV\u201c asortiment\u0105, naudodama nauj\u0105j\u012f model\u012f 3 2026 Long Rwd variant\u0105, si\u016blant\u012f ne\u012ftik\u0117tin\u0105 750 km u\u017e&hellip;","og_url":"http:\/\/eautomobiliai.lt\/index.php\/2025\/10\/03\/tesla-atidaro-savo-ilgiausia-ev-diapazona-australijoje-su-neitiketinu-750-km\/","og_site_name":"Eautomobiliai.lt","article_published_time":"2025-10-03T23:18:30+00:00","og_image":[{"width":1000,"height":563,"url":"http:\/\/eautomobiliai.lt\/wp-content\/uploads\/2025\/10\/\u201eTesla-atidaro-savo-ilgiausia-EV-diapazona-Australijoje-su-neitiketinu-750.jpg","type":"image\/jpeg"}],"author":"admin","twitter_card":"summary_large_image","twitter_misc":{"Written by":"admin","Est. reading time":"3 minut\u0117s"},"schema":{"@context":"https:\/\/schema.org","@graph":[{"@type":"Article","@id":"http:\/\/eautomobiliai.lt\/index.php\/2025\/10\/03\/tesla-atidaro-savo-ilgiausia-ev-diapazona-australijoje-su-neitiketinu-750-km\/#article","isPartOf":{"@id":"http:\/\/eautomobiliai.lt\/index.php\/2025\/10\/03\/tesla-atidaro-savo-ilgiausia-ev-diapazona-australijoje-su-neitiketinu-750-km\/"},"author":{"name":"admin","@id":"https:\/\/eautomobiliai.lt\/#\/schema\/person\/ecf2a967f361217d056061f74deb92f2"},"headline":"\u201eTesla\u201c atidaro savo ilgiausi\u0105 EV diapazon\u0105 Australijoje, su ne\u012ftik\u0117tinu 750 km","datePublished":"2025-10-03T23:18:30+00:00","mainEntityOfPage":{"@id":"http:\/\/eautomobiliai.lt\/index.php\/2025\/10\/03\/tesla-atidaro-savo-ilgiausia-ev-diapazona-australijoje-su-neitiketinu-750-km\/"},"wordCount":514,"commentCount":0,"image":{"@id":"http:\/\/eautomobiliai.lt\/index.php\/2025\/10\/03\/tesla-atidaro-savo-ilgiausia-ev-diapazona-australijoje-su-neitiketinu-750-km\/#primaryimage"},"thumbnailUrl":"http:\/\/eautomobiliai.lt\/wp-content\/uploads\/2025\/10\/\u201eTesla-atidaro-savo-ilgiausia-EV-diapazona-Australijoje-su-neitiketinu-750.jpg","keywords":["atidaro","Australijoje","diapazon\u0105","ilgiausi\u0105","ne\u012ftik\u0117tinu","savo","Tesla"],"articleSection":["eAUTOMOBILI\u0172 TECHNIN\u0116 PUS\u0116"],"inLanguage":"lt-LT","potentialAction":[{"@type":"CommentAction","name":"Comment","target":["http:\/\/eautomobiliai.lt\/index.php\/2025\/10\/03\/tesla-atidaro-savo-ilgiausia-ev-diapazona-australijoje-su-neitiketinu-750-km\/#respond"]}]},{"@type":"WebPage","@id":"http:\/\/eautomobiliai.lt\/index.php\/2025\/10\/03\/tesla-atidaro-savo-ilgiausia-ev-diapazona-australijoje-su-neitiketinu-750-km\/","url":"http:\/\/eautomobiliai.lt\/index.php\/2025\/10\/03\/tesla-atidaro-savo-ilgiausia-ev-diapazona-australijoje-su-neitiketinu-750-km\/","name":"\u201eTesla\u201c atidaro savo ilgiausi\u0105 EV diapazon\u0105 Australijoje, su ne\u012ftik\u0117tinu 750 km - Eautomobiliai.lt","isPartOf":{"@id":"https:\/\/eautomobiliai.lt\/#website"},"primaryImageOfPage":{"@id":"http:\/\/eautomobiliai.lt\/index.php\/2025\/10\/03\/tesla-atidaro-savo-ilgiausia-ev-diapazona-australijoje-su-neitiketinu-750-km\/#primaryimage"},"image":{"@id":"http:\/\/eautomobiliai.lt\/index.php\/2025\/10\/03\/tesla-atidaro-savo-ilgiausia-ev-diapazona-australijoje-su-neitiketinu-750-km\/#primaryimage"},"thumbnailUrl":"http:\/\/eautomobiliai.lt\/wp-content\/uploads\/2025\/10\/\u201eTesla-atidaro-savo-ilgiausia-EV-diapazona-Australijoje-su-neitiketinu-750.jpg","datePublished":"2025-10-03T23:18:30+00:00","author":{"@id":"https:\/\/eautomobiliai.lt\/#\/schema\/person\/ecf2a967f361217d056061f74deb92f2"},"breadcrumb":{"@id":"http:\/\/eautomobiliai.lt\/index.php\/2025\/10\/03\/tesla-atidaro-savo-ilgiausia-ev-diapazona-australijoje-su-neitiketinu-750-km\/#breadcrumb"},"inLanguage":"lt-LT","potentialAction":[{"@type":"ReadAction","target":["http:\/\/eautomobiliai.lt\/index.php\/2025\/10\/03\/tesla-atidaro-savo-ilgiausia-ev-diapazona-australijoje-su-neitiketinu-750-km\/"]}]},{"@type":"ImageObject","inLanguage":"lt-LT","@id":"http:\/\/eautomobiliai.lt\/index.php\/2025\/10\/03\/tesla-atidaro-savo-ilgiausia-ev-diapazona-australijoje-su-neitiketinu-750-km\/#primaryimage","url":"http:\/\/eautomobiliai.lt\/wp-content\/uploads\/2025\/10\/\u201eTesla-atidaro-savo-ilgiausia-EV-diapazona-Australijoje-su-neitiketinu-750.jpg","contentUrl":"http:\/\/eautomobiliai.lt\/wp-content\/uploads\/2025\/10\/\u201eTesla-atidaro-savo-ilgiausia-EV-diapazona-Australijoje-su-neitiketinu-750.jpg","width":1000,"height":563},{"@type":"BreadcrumbList","@id":"http:\/\/eautomobiliai.lt\/index.php\/2025\/10\/03\/tesla-atidaro-savo-ilgiausia-ev-diapazona-australijoje-su-neitiketinu-750-km\/#breadcrumb","itemListElement":[{"@type":"ListItem","position":1,"name":"Home","item":"https:\/\/eautomobiliai.lt\/"},{"@type":"ListItem","position":2,"name":"\u201eTesla\u201c atidaro savo ilgiausi\u0105 EV diapazon\u0105 Australijoje, su ne\u012ftik\u0117tinu 750 km"}]},{"@type":"WebSite","@id":"https:\/\/eautomobiliai.lt\/#website","url":"https:\/\/eautomobiliai.lt\/","name":"Eautomobiliai.lt","description":"Elektrinis transportas, technologijos","potentialAction":[{"@type":"SearchAction","target":{"@type":"EntryPoint","urlTemplate":"https:\/\/eautomobiliai.lt\/?s={search_term_string}"},"query-input":{"@type":"PropertyValueSpecification","valueRequired":true,"valueName":"search_term_string"}}],"inLanguage":"lt-LT"},{"@type":"Person","@id":"https:\/\/eautomobiliai.lt\/#\/schema\/person\/ecf2a967f361217d056061f74deb92f2","name":"admin","image":{"@type":"ImageObject","inLanguage":"lt-LT","@id":"https:\/\/eautomobiliai.lt\/#\/schema\/person\/image\/","url":"https:\/\/secure.gravatar.com\/avatar\/6323379efae0c70c686c7905444d6bbd?s=96&d=mm&r=g","contentUrl":"https:\/\/secure.gravatar.com\/avatar\/6323379efae0c70c686c7905444d6bbd?s=96&d=mm&r=g","caption":"admin"},"sameAs":["http:\/\/eautomobiliai.lt"],"url":"http:\/\/eautomobiliai.lt\/index.php\/author\/admin\/"}]}},"_links":{"self":[{"href":"http:\/\/eautomobiliai.lt\/index.php\/wp-json\/wp\/v2\/posts\/2297","targetHints":{"allow":["GET"]}}],"collection":[{"href":"http:\/\/eautomobiliai.lt\/index.php\/wp-json\/wp\/v2\/posts"}],"about":[{"href":"http:\/\/eautomobiliai.lt\/index.php\/wp-json\/wp\/v2\/types\/post"}],"author":[{"embeddable":true,"href":"http:\/\/eautomobiliai.lt\/index.php\/wp-json\/wp\/v2\/users\/1"}],"replies":[{"embeddable":true,"href":"http:\/\/eautomobiliai.lt\/index.php\/wp-json\/wp\/v2\/comments?post=2297"}],"version-history":[{"count":0,"href":"http:\/\/eautomobiliai.lt\/index.php\/wp-json\/wp\/v2\/posts\/2297\/revisions"}],"wp:featuredmedia":[{"embeddable":true,"href":"http:\/\/eautomobiliai.lt\/index.php\/wp-json\/wp\/v2\/media\/2298"}],"wp:attachment":[{"href":"http:\/\/eautomobiliai.lt\/index.php\/wp-json\/wp\/v2\/media?parent=2297"}],"wp:term":[{"taxonomy":"category","embeddable":true,"href":"http:\/\/eautomobiliai.lt\/index.php\/wp-json\/wp\/v2\/categories?post=2297"},{"taxonomy":"post_tag","embeddable":true,"href":"http:\/\/eautomobiliai.lt\/index.php\/wp-json\/wp\/v2\/tags?post=2297"}],"curies":[{"name":"wp","href":"https:\/\/api.w.org\/{rel}","templated":true}]}}