{"id":2319,"date":"2025-10-06T07:25:11","date_gmt":"2025-10-06T07:25:11","guid":{"rendered":"http:\/\/eautomobiliai.lt\/index.php\/2025\/10\/06\/byd-patvirtina-atto-1-elektrinio-hecbeko-isleidima-kad-butu-pigiausias-australijos-ev\/"},"modified":"2025-10-06T07:25:11","modified_gmt":"2025-10-06T07:25:11","slug":"byd-patvirtina-atto-1-elektrinio-hecbeko-isleidima-kad-butu-pigiausias-australijos-ev","status":"publish","type":"post","link":"http:\/\/eautomobiliai.lt\/index.php\/2025\/10\/06\/byd-patvirtina-atto-1-elektrinio-hecbeko-isleidima-kad-butu-pigiausias-australijos-ev\/","title":{"rendered":"BYD patvirtina \u201eAtto 1\u201c elektrinio he\u010dbeko i\u0161leidim\u0105, kad b\u016bt\u0173 pigiausias Australijos EV"},"content":{"rendered":"<p> <br \/>\n<\/p>\n<div id=\"\">\n<p><span style=\"font-weight: 400;\">Kinijos automobili\u0173 mil\u017einas BYD patvirtino, kad ma\u017eiausia ir populiariausia elektrin\u0117 transporto priemon\u0117 &#8211; \u201eAtto 1\u201c &#8211; ruo\u0161iasi nusileisti Australijos krantuose, tik\u0117damasis, kad tai bus ma\u017eiausia kainos EV rinkoje. <\/span><\/p>\n<p><span style=\"font-weight: 400;\">Prane\u0161imai pateikiami pra\u0117jus m\u0117nesiui po to, kai BYD sak\u0117, kad transporto priemon\u0117 <\/span><span style=\"font-weight: 400;\">b\u016bt\u0173 prieinamas<\/span><span style=\"font-weight: 400;\">  \u0160iemet Naujojoje Zelandijoje, tuo metu pabr\u0117\u017eiant, kad tai grei\u010diausiai atvers duris, kad modelis nusileis Australijoje.<\/span><\/p>\n<p><span style=\"font-weight: 400;\">Nebuvo oficialios naujojo modelio kainos, ta\u010diau galime tik\u0117tis, kad jis gerai atitiks bazinio modelio BYD Dolphin, kuris prasideda nuo 29 990 USD prie\u0161 kelyje.<\/span><\/p>\n<p><span style=\"font-weight: 400;\">\u201e\u201e ATTO 1 \u201cbus labiausiai prieinamas Australijos EV pagal tam tikr\u0105 mar\u017e\u0105, atverdamas duris, kad dar daugiau austral\u0173 gal\u0117t\u0173 patekti u\u017e savo naujos energijos transporto priemon\u0117s vairo\u201c, &#8211; prane\u0161ime teig\u0117 \u201eBYD Australia\u201c vyriausiasis operatyvinis pareig\u016bnas Stephenas Collinsas.<\/span><\/p>\n<p><span style=\"font-weight: 400;\">&#8222;Kaip mat\u0117me su t\u0173 ne\u012ftik\u0117tin\u0173 pardavim\u0173 numeri\u0173 u\u017esienyje, mes tikim\u0117s, kad i\u0161ankstinis i\u0161ankstinis pom\u0117gis yra sudomintas vietoje. Kalbant apie\u201e Atto \u201casortiment\u0105, prad\u0117kite tik\u0117ti hipe.&#8221;<\/span><\/p>\n<p><span style=\"font-weight: 400;\">Anot BYD, \u0161i\u0173 met\u0173 lapkrit\u012f bus pristatyta \u201eThe ATTO 1\u201c he\u010dbekas, taip pat neseniai patvirtinti \u201eAtto 2\u201c visureigi\u0173 modeliai.<\/span><\/p>\n<figure id=\"attachment_188676\" aria-describedby=\"caption-attachment-188676\" style=\"width: 1200px\" class=\"wp-caption aligncenter\"><img loading=\"lazy\" decoding=\"async\" class=\"size-full wp-image-188676\" src=\"https:\/\/thedriven.io\/wp-content\/uploads\/2025\/06\/BYD-Xian-Ship-Seagull-Close-Up-Weibo.jpg\" alt=\"\" width=\"1200\" height=\"801\" srcset=\"https:\/\/thedriven.io\/wp-content\/uploads\/2025\/06\/BYD-Xian-Ship-Seagull-Close-Up-Weibo.jpg 1200w, https:\/\/thedriven.io\/wp-content\/uploads\/2025\/06\/BYD-Xian-Ship-Seagull-Close-Up-Weibo-388x259.jpg 388w, https:\/\/thedriven.io\/wp-content\/uploads\/2025\/06\/BYD-Xian-Ship-Seagull-Close-Up-Weibo-1160x774.jpg 1160w, https:\/\/thedriven.io\/wp-content\/uploads\/2025\/06\/BYD-Xian-Ship-Seagull-Close-Up-Weibo-800x534.jpg 800w, https:\/\/thedriven.io\/wp-content\/uploads\/2025\/06\/BYD-Xian-Ship-Seagull-Close-Up-Weibo-120x80.jpg 120w, https:\/\/thedriven.io\/wp-content\/uploads\/2025\/06\/BYD-Xian-Ship-Seagull-Close-Up-Weibo-90x60.jpg 90w, https:\/\/thedriven.io\/wp-content\/uploads\/2025\/06\/BYD-Xian-Ship-Seagull-Close-Up-Weibo-320x214.jpg 320w, https:\/\/thedriven.io\/wp-content\/uploads\/2025\/06\/BYD-Xian-Ship-Seagull-Close-Up-Weibo-560x374.jpg 560w, https:\/\/thedriven.io\/wp-content\/uploads\/2025\/06\/BYD-Xian-Ship-Seagull-Close-Up-Weibo-150x100.jpg 150w, https:\/\/thedriven.io\/wp-content\/uploads\/2025\/06\/BYD-Xian-Ship-Seagull-Close-Up-Weibo-240x160.jpg 240w, https:\/\/thedriven.io\/wp-content\/uploads\/2025\/06\/BYD-Xian-Ship-Seagull-Close-Up-Weibo-180x120.jpg 180w, https:\/\/thedriven.io\/wp-content\/uploads\/2025\/06\/BYD-Xian-Ship-Seagull-Close-Up-Weibo-640x427.jpg 640w, https:\/\/thedriven.io\/wp-content\/uploads\/2025\/06\/BYD-Xian-Ship-Seagull-Close-Up-Weibo-1120x748.jpg 1120w, https:\/\/thedriven.io\/wp-content\/uploads\/2025\/06\/BYD-Xian-Ship-Seagull-Close-Up-Weibo-300x200.jpg 300w\" sizes=\"auto, (max-width: 1200px) 100vw, 1200px\"\/><figcaption id=\"caption-attachment-188676\" class=\"wp-caption-text\">Vaizdas: BYD per Weibo<\/figcaption><\/figure>\n<p><span style=\"font-weight: 400;\">Tik\u0117tina<\/span><span style=\"font-weight: 400;\">  Du variantai, pradedant nuo esminio modelio, kuris bus su BYD 30 kWh a\u0161men\u0173 akumuliatori\u0173 pakuote ir iki 220 km WLTP asortimento. <\/span><\/p>\n<p><span style=\"font-weight: 400;\">\u0160i pakuot\u0117 \u012fjungs pradinio lygio variant\u0105, pritvirtint\u0105 prie priekyje esan\u010dio 65 kW variklio, ir ma\u017edaug per 13 sekund\u017ei\u0173 leis 0\u2013100 km\/h sprinto.<\/span><\/p>\n<p><span style=\"font-weight: 400;\">Taip pat bus auk\u0161\u010diausio lygio \u201ePremium\u201c variantas su didesne 42 kWh akumuliatoriaus pakuote, kuris tinka 310 km WLTP asortimentui.  <\/span><span style=\"font-weight: 400;\">Tame \u201eTop Spec ATto 1\u201c yra galingesnis 114 kW variklis, kuris suma\u017eina t\u0105 pat\u012f 0\u2013100 km\/h sprinto laik\u0105 ma\u017edaug 4 sekund\u0117mis iki ma\u017edaug 9 sekund\u017ei\u0173.<\/span><\/p>\n<p><span style=\"font-weight: 400;\">\u0160io modelio viduje yra centre esantis informacinis informacinis ekranas, kuris yra 10,1 colio. Kaip ir kiti BYDS, \u0161is ekranas sukasi ir apima \u201eApple CarPlay\u201c ir \u201eAndroid Auto\u201c savininko patogum\u0105, \u012f automobil\u012f \u012ftraukiant m\u0117gstamas programas.<\/span><\/p>\n<p><span style=\"font-weight: 400;\">\u201eATTO 1\u201c buvo oficialiai prad\u0117ta prad\u0117ti \u0160anchajaus automobili\u0173 parodoje 2023 m. Baland\u017eio m\u0117n. Kaip \u201eBYD Seagull\u201c.<\/span><\/p>\n<figure id=\"attachment_174399\" aria-describedby=\"caption-attachment-174399\" style=\"width: 1200px\" class=\"wp-caption aligncenter\"><img decoding=\"async\" class=\"size-full wp-image-174399 native-lazyload-js-fallback\" alt=\"\" width=\"1200\" height=\"800\" loading=\"lazy\" src=\"https:\/\/b2232832.smushcdn.com\/2232832\/wp-content\/uploads\/2023\/11\/BYD-Seagull-Production-Line-Weibo-BYD.jpg?lossy=1&amp;strip=0&amp;webp=1\" srcset=\"https:\/\/b2232832.smushcdn.com\/2232832\/wp-content\/uploads\/2023\/11\/BYD-Seagull-Production-Line-Weibo-BYD.jpg?lossy=1&amp;strip=0&amp;webp=1 1200w, https:\/\/b2232832.smushcdn.com\/2232832\/wp-content\/uploads\/2023\/11\/BYD-Seagull-Production-Line-Weibo-BYD-388x259.jpg?lossy=1&amp;strip=0&amp;webp=1 388w, https:\/\/b2232832.smushcdn.com\/2232832\/wp-content\/uploads\/2023\/11\/BYD-Seagull-Production-Line-Weibo-BYD-1160x773.jpg?lossy=1&amp;strip=0&amp;webp=1 1160w, https:\/\/b2232832.smushcdn.com\/2232832\/wp-content\/uploads\/2023\/11\/BYD-Seagull-Production-Line-Weibo-BYD-800x533.jpg?lossy=1&amp;strip=0&amp;webp=1 800w, https:\/\/b2232832.smushcdn.com\/2232832\/wp-content\/uploads\/2023\/11\/BYD-Seagull-Production-Line-Weibo-BYD-120x80.jpg?lossy=1&amp;strip=0&amp;webp=1 120w, https:\/\/b2232832.smushcdn.com\/2232832\/wp-content\/uploads\/2023\/11\/BYD-Seagull-Production-Line-Weibo-BYD-90x60.jpg?lossy=1&amp;strip=0&amp;webp=1 90w, https:\/\/b2232832.smushcdn.com\/2232832\/wp-content\/uploads\/2023\/11\/BYD-Seagull-Production-Line-Weibo-BYD-320x213.jpg?lossy=1&amp;strip=0&amp;webp=1 320w, https:\/\/b2232832.smushcdn.com\/2232832\/wp-content\/uploads\/2023\/11\/BYD-Seagull-Production-Line-Weibo-BYD-560x373.jpg?lossy=1&amp;strip=0&amp;webp=1 560w, https:\/\/b2232832.smushcdn.com\/2232832\/wp-content\/uploads\/2023\/11\/BYD-Seagull-Production-Line-Weibo-BYD-150x100.jpg?lossy=1&amp;strip=0&amp;webp=1 150w, https:\/\/b2232832.smushcdn.com\/2232832\/wp-content\/uploads\/2023\/11\/BYD-Seagull-Production-Line-Weibo-BYD-240x160.jpg?lossy=1&amp;strip=0&amp;webp=1 240w, https:\/\/b2232832.smushcdn.com\/2232832\/wp-content\/uploads\/2023\/11\/BYD-Seagull-Production-Line-Weibo-BYD-180x120.jpg?lossy=1&amp;strip=0&amp;webp=1 180w, https:\/\/b2232832.smushcdn.com\/2232832\/wp-content\/uploads\/2023\/11\/BYD-Seagull-Production-Line-Weibo-BYD-640x427.jpg?lossy=1&amp;strip=0&amp;webp=1 640w, https:\/\/b2232832.smushcdn.com\/2232832\/wp-content\/uploads\/2023\/11\/BYD-Seagull-Production-Line-Weibo-BYD-1120x747.jpg?lossy=1&amp;strip=0&amp;webp=1 1120w, https:\/\/b2232832.smushcdn.com\/2232832\/wp-content\/uploads\/2023\/11\/BYD-Seagull-Production-Line-Weibo-BYD-300x200.jpg?lossy=1&amp;strip=0&amp;webp=1 300w\" data-sizes=\"(max-width: 1200px) 100vw, 1200px\"\/><img loading=\"lazy\" decoding=\"async\" class=\"size-full wp-image-174399\" src=\"https:\/\/thedriven.io\/wp-content\/uploads\/2023\/11\/BYD-Seagull-Production-Line-Weibo-BYD.jpg\" alt=\"\" width=\"1200\" height=\"800\" srcset=\"https:\/\/thedriven.io\/wp-content\/uploads\/2023\/11\/BYD-Seagull-Production-Line-Weibo-BYD.jpg 1200w, https:\/\/thedriven.io\/wp-content\/uploads\/2023\/11\/BYD-Seagull-Production-Line-Weibo-BYD-388x259.jpg 388w, https:\/\/thedriven.io\/wp-content\/uploads\/2023\/11\/BYD-Seagull-Production-Line-Weibo-BYD-1160x773.jpg 1160w, https:\/\/thedriven.io\/wp-content\/uploads\/2023\/11\/BYD-Seagull-Production-Line-Weibo-BYD-800x533.jpg 800w, https:\/\/thedriven.io\/wp-content\/uploads\/2023\/11\/BYD-Seagull-Production-Line-Weibo-BYD-120x80.jpg 120w, https:\/\/thedriven.io\/wp-content\/uploads\/2023\/11\/BYD-Seagull-Production-Line-Weibo-BYD-90x60.jpg 90w, https:\/\/thedriven.io\/wp-content\/uploads\/2023\/11\/BYD-Seagull-Production-Line-Weibo-BYD-320x213.jpg 320w, https:\/\/thedriven.io\/wp-content\/uploads\/2023\/11\/BYD-Seagull-Production-Line-Weibo-BYD-560x373.jpg 560w, https:\/\/thedriven.io\/wp-content\/uploads\/2023\/11\/BYD-Seagull-Production-Line-Weibo-BYD-150x100.jpg 150w, https:\/\/thedriven.io\/wp-content\/uploads\/2023\/11\/BYD-Seagull-Production-Line-Weibo-BYD-240x160.jpg 240w, https:\/\/thedriven.io\/wp-content\/uploads\/2023\/11\/BYD-Seagull-Production-Line-Weibo-BYD-180x120.jpg 180w, https:\/\/thedriven.io\/wp-content\/uploads\/2023\/11\/BYD-Seagull-Production-Line-Weibo-BYD-640x427.jpg 640w, https:\/\/thedriven.io\/wp-content\/uploads\/2023\/11\/BYD-Seagull-Production-Line-Weibo-BYD-1120x747.jpg 1120w, https:\/\/thedriven.io\/wp-content\/uploads\/2023\/11\/BYD-Seagull-Production-Line-Weibo-BYD-300x200.jpg 300w\" sizes=\"auto, (max-width: 1200px) 100vw, 1200px\"\/><figcaption id=\"caption-attachment-174399\" class=\"wp-caption-text\">Vaizdas: BYD per Weibo<\/figcaption><\/figure>\n<p><span style=\"font-weight: 400;\">Nuo to laiko bendrov\u0117 pristat\u0117 \u0161imtus t\u016bkstan\u010di\u0173 \u0161i\u0173 automobili\u0173 Kinijos ir visame pasaulyje klientams, tod\u0117l iki 2025 m. Gegu\u017e\u0117s m\u0117n. Bendrovi\u0173 pardavimai padid\u0117jo daugiau nei milijon\u0105.<\/span><\/p>\n<p><span style=\"font-weight: 400;\">Tuo pa\u010diu metu, anks\u010diau \u0161iais metais, bendrov\u0117 Europoje prad\u0117jo didesn\u012f \u017euv\u0117dr\u0105 Europoje nauju vardu ir i\u0161leido savo kainodar\u0105 bei specifikacijas.<\/span><\/p>\n<p><span style=\"font-weight: 400;\">Toje rinkoje jos dydis i\u0161augo 210 mm, o tai yra vos drovus 4 metr\u0173 ilgio, kurio ilgis yra 3 990 mm.  <\/span><span style=\"font-weight: 400;\">Taip pat padid\u0117jo \u016bgis, kuris i\u0161augo 50 mm, o automobilis dabar stov\u0117jo 1 590 mm auk\u0161\u010dio.<\/span><\/p>\n<p><span style=\"font-weight: 400;\">Daugiau informacijos apie i\u0161ankstin\u012f \u0161io he\u010dbeko u\u017esakym\u0105 bus galima rasti v\u0117liau \u0161\u012f m\u0117nes\u012f.<\/span><\/p>\n<div class=\"saboxplugin-wrap\" itemtype=\"http:\/\/schema.org\/Person\" itemscope=\"\" itemprop=\"author\">\n<div class=\"saboxplugin-tab\">\n<div class=\"saboxplugin-gravatar\"><img decoding=\"async\" width=\"100\" height=\"100\" alt=\"Rizas Akhtar\" itemprop=\"image\" loading=\"lazy\" class=\"native-lazyload-js-fallback\" src=\"https:\/\/b2232832.smushcdn.com\/2232832\/wp-content\/uploads\/2022\/02\/Riz.jpg?lossy=1&amp;strip=0&amp;webp=1\"\/><img loading=\"lazy\" decoding=\"async\" src=\"https:\/\/thedriven.io\/wp-content\/uploads\/2022\/02\/Riz.jpg\" width=\"100\" height=\"100\" alt=\"Rizas Akhtar\" itemprop=\"image\"\/><\/div>\n<div class=\"saboxplugin-desc\">\n<div itemprop=\"description\">\n<p>RIZ yra \u201eCarloop\u201c \u012fk\u016br\u0117jas, \u012fsik\u016br\u0119s Melburne, specializuojasi Australijos EV duomenyse, \u012f\u017evalgos ataskaitose ir tendencijose. Jis yra mechanikos in\u017einierius, prie\u0161 pradedant \u201eCarloop\u201c pirmuosius 7 savo karjeros statybos transporto infrastrukt\u016bros metus. Jis turi aistr\u0105 automobiliams, ypa\u010d EV ir nori pad\u0117ti suma\u017einti transporto i\u0161metim\u0105 Australijoje. \u0160iuo metu jis vairuoja \u201eRed Tesla\u201c model\u012f 3.<\/p>\n<\/div>\n<\/div>\n<\/div>\n<\/div>\n<p><!-- AI CONTENT END 1 --><\/p><\/div>\n<p><br \/>\n<br \/><a href=\"https:\/\/thedriven.io\/2025\/10\/06\/byd-confirms-release-of-atto-1-electric-hatchback-to-be-australias-cheapest-ev\/\">Source link <\/a><\/p>\n","protected":false},"excerpt":{"rendered":"<p>Kinijos automobili\u0173 mil\u017einas BYD patvirtino, kad ma\u017eiausia ir populiariausia elektrin\u0117 transporto priemon\u0117 &#8211; \u201eAtto 1\u201c &#8211; ruo\u0161iasi nusileisti Australijos krantuose,&hellip;<\/p>\n","protected":false},"author":1,"featured_media":2158,"comment_status":"open","ping_status":"open","sticky":false,"template":"","format":"standard","meta":{"om_disable_all_campaigns":false,"_monsterinsights_skip_tracking":false,"_monsterinsights_sitenote_active":false,"_monsterinsights_sitenote_note":"","_monsterinsights_sitenote_category":0,"footnotes":""},"categories":[39],"tags":[3115,99,340,11,142,2288,4003,339,2611,3403],"class_list":["post-2319","post","type-post","status-publish","format-standard","has-post-thumbnail","hentry","category-eautomobiliu-technine-puse","tag-atto","tag-australijos","tag-butu","tag-byd","tag-elektrinio","tag-hecbeko","tag-isleidima","tag-kad","tag-patvirtina","tag-pigiausias"],"aioseo_notices":[],"yoast_head":"<!-- This site is optimized with the Yoast SEO plugin v26.8 - https:\/\/yoast.com\/product\/yoast-seo-wordpress\/ -->\n<title>BYD patvirtina \u201eAtto 1\u201c elektrinio he\u010dbeko i\u0161leidim\u0105, kad b\u016bt\u0173 pigiausias Australijos EV - Eautomobiliai.lt<\/title>\n<meta name=\"robots\" content=\"index, follow, max-snippet:-1, max-image-preview:large, max-video-preview:-1\" \/>\n<link rel=\"canonical\" href=\"http:\/\/eautomobiliai.lt\/index.php\/2025\/10\/06\/byd-patvirtina-atto-1-elektrinio-hecbeko-isleidima-kad-butu-pigiausias-australijos-ev\/\" \/>\n<meta property=\"og:locale\" content=\"lt_LT\" \/>\n<meta property=\"og:type\" content=\"article\" \/>\n<meta property=\"og:title\" content=\"BYD patvirtina \u201eAtto 1\u201c elektrinio he\u010dbeko i\u0161leidim\u0105, kad b\u016bt\u0173 pigiausias Australijos EV - Eautomobiliai.lt\" \/>\n<meta property=\"og:description\" content=\"Kinijos automobili\u0173 mil\u017einas BYD patvirtino, kad ma\u017eiausia ir populiariausia elektrin\u0117 transporto priemon\u0117 &#8211; \u201eAtto 1\u201c &#8211; ruo\u0161iasi nusileisti Australijos krantuose,&hellip;\" \/>\n<meta property=\"og:url\" content=\"http:\/\/eautomobiliai.lt\/index.php\/2025\/10\/06\/byd-patvirtina-atto-1-elektrinio-hecbeko-isleidima-kad-butu-pigiausias-australijos-ev\/\" \/>\n<meta property=\"og:site_name\" content=\"Eautomobiliai.lt\" \/>\n<meta property=\"article:published_time\" content=\"2025-10-06T07:25:11+00:00\" \/>\n<meta property=\"og:image\" content=\"http:\/\/eautomobiliai.lt\/wp-content\/uploads\/2025\/09\/Maziausias-ir-geriausiai-parduodamas-BYD-EV-kuris-2025-m-Pradetu.jpg\" \/>\n\t<meta property=\"og:image:width\" content=\"1200\" \/>\n\t<meta property=\"og:image:height\" content=\"675\" \/>\n\t<meta property=\"og:image:type\" content=\"image\/jpeg\" \/>\n<meta name=\"author\" content=\"admin\" \/>\n<meta name=\"twitter:card\" content=\"summary_large_image\" \/>\n<meta name=\"twitter:label1\" content=\"Written by\" \/>\n\t<meta name=\"twitter:data1\" content=\"admin\" \/>\n\t<meta name=\"twitter:label2\" content=\"Est. reading time\" \/>\n\t<meta name=\"twitter:data2\" content=\"2 minut\u0117s\" \/>\n<script type=\"application\/ld+json\" class=\"yoast-schema-graph\">{\"@context\":\"https:\/\/schema.org\",\"@graph\":[{\"@type\":\"Article\",\"@id\":\"http:\/\/eautomobiliai.lt\/index.php\/2025\/10\/06\/byd-patvirtina-atto-1-elektrinio-hecbeko-isleidima-kad-butu-pigiausias-australijos-ev\/#article\",\"isPartOf\":{\"@id\":\"http:\/\/eautomobiliai.lt\/index.php\/2025\/10\/06\/byd-patvirtina-atto-1-elektrinio-hecbeko-isleidima-kad-butu-pigiausias-australijos-ev\/\"},\"author\":{\"name\":\"admin\",\"@id\":\"http:\/\/eautomobiliai.lt\/#\/schema\/person\/ecf2a967f361217d056061f74deb92f2\"},\"headline\":\"BYD patvirtina \u201eAtto 1\u201c elektrinio he\u010dbeko i\u0161leidim\u0105, kad b\u016bt\u0173 pigiausias Australijos EV\",\"datePublished\":\"2025-10-06T07:25:11+00:00\",\"mainEntityOfPage\":{\"@id\":\"http:\/\/eautomobiliai.lt\/index.php\/2025\/10\/06\/byd-patvirtina-atto-1-elektrinio-hecbeko-isleidima-kad-butu-pigiausias-australijos-ev\/\"},\"wordCount\":513,\"commentCount\":0,\"image\":{\"@id\":\"http:\/\/eautomobiliai.lt\/index.php\/2025\/10\/06\/byd-patvirtina-atto-1-elektrinio-hecbeko-isleidima-kad-butu-pigiausias-australijos-ev\/#primaryimage\"},\"thumbnailUrl\":\"http:\/\/eautomobiliai.lt\/wp-content\/uploads\/2025\/09\/Maziausias-ir-geriausiai-parduodamas-BYD-EV-kuris-2025-m-Pradetu.jpg\",\"keywords\":[\"ATTO\",\"Australijos\",\"b\u016bt\u0173\",\"BYD\",\"elektrinio\",\"he\u010dbeko\",\"i\u0161leidim\u0105\",\"kad\",\"patvirtina\",\"pigiausias\"],\"articleSection\":[\"eAUTOMOBILI\u0172 TECHNIN\u0116 PUS\u0116\"],\"inLanguage\":\"lt-LT\",\"potentialAction\":[{\"@type\":\"CommentAction\",\"name\":\"Comment\",\"target\":[\"http:\/\/eautomobiliai.lt\/index.php\/2025\/10\/06\/byd-patvirtina-atto-1-elektrinio-hecbeko-isleidima-kad-butu-pigiausias-australijos-ev\/#respond\"]}]},{\"@type\":\"WebPage\",\"@id\":\"http:\/\/eautomobiliai.lt\/index.php\/2025\/10\/06\/byd-patvirtina-atto-1-elektrinio-hecbeko-isleidima-kad-butu-pigiausias-australijos-ev\/\",\"url\":\"http:\/\/eautomobiliai.lt\/index.php\/2025\/10\/06\/byd-patvirtina-atto-1-elektrinio-hecbeko-isleidima-kad-butu-pigiausias-australijos-ev\/\",\"name\":\"BYD patvirtina \u201eAtto 1\u201c elektrinio he\u010dbeko i\u0161leidim\u0105, kad b\u016bt\u0173 pigiausias Australijos EV - Eautomobiliai.lt\",\"isPartOf\":{\"@id\":\"http:\/\/eautomobiliai.lt\/#website\"},\"primaryImageOfPage\":{\"@id\":\"http:\/\/eautomobiliai.lt\/index.php\/2025\/10\/06\/byd-patvirtina-atto-1-elektrinio-hecbeko-isleidima-kad-butu-pigiausias-australijos-ev\/#primaryimage\"},\"image\":{\"@id\":\"http:\/\/eautomobiliai.lt\/index.php\/2025\/10\/06\/byd-patvirtina-atto-1-elektrinio-hecbeko-isleidima-kad-butu-pigiausias-australijos-ev\/#primaryimage\"},\"thumbnailUrl\":\"http:\/\/eautomobiliai.lt\/wp-content\/uploads\/2025\/09\/Maziausias-ir-geriausiai-parduodamas-BYD-EV-kuris-2025-m-Pradetu.jpg\",\"datePublished\":\"2025-10-06T07:25:11+00:00\",\"author\":{\"@id\":\"http:\/\/eautomobiliai.lt\/#\/schema\/person\/ecf2a967f361217d056061f74deb92f2\"},\"breadcrumb\":{\"@id\":\"http:\/\/eautomobiliai.lt\/index.php\/2025\/10\/06\/byd-patvirtina-atto-1-elektrinio-hecbeko-isleidima-kad-butu-pigiausias-australijos-ev\/#breadcrumb\"},\"inLanguage\":\"lt-LT\",\"potentialAction\":[{\"@type\":\"ReadAction\",\"target\":[\"http:\/\/eautomobiliai.lt\/index.php\/2025\/10\/06\/byd-patvirtina-atto-1-elektrinio-hecbeko-isleidima-kad-butu-pigiausias-australijos-ev\/\"]}]},{\"@type\":\"ImageObject\",\"inLanguage\":\"lt-LT\",\"@id\":\"http:\/\/eautomobiliai.lt\/index.php\/2025\/10\/06\/byd-patvirtina-atto-1-elektrinio-hecbeko-isleidima-kad-butu-pigiausias-australijos-ev\/#primaryimage\",\"url\":\"http:\/\/eautomobiliai.lt\/wp-content\/uploads\/2025\/09\/Maziausias-ir-geriausiai-parduodamas-BYD-EV-kuris-2025-m-Pradetu.jpg\",\"contentUrl\":\"http:\/\/eautomobiliai.lt\/wp-content\/uploads\/2025\/09\/Maziausias-ir-geriausiai-parduodamas-BYD-EV-kuris-2025-m-Pradetu.jpg\",\"width\":1200,\"height\":675},{\"@type\":\"BreadcrumbList\",\"@id\":\"http:\/\/eautomobiliai.lt\/index.php\/2025\/10\/06\/byd-patvirtina-atto-1-elektrinio-hecbeko-isleidima-kad-butu-pigiausias-australijos-ev\/#breadcrumb\",\"itemListElement\":[{\"@type\":\"ListItem\",\"position\":1,\"name\":\"Home\",\"item\":\"http:\/\/eautomobiliai.lt\/\"},{\"@type\":\"ListItem\",\"position\":2,\"name\":\"BYD patvirtina \u201eAtto 1\u201c elektrinio he\u010dbeko i\u0161leidim\u0105, kad b\u016bt\u0173 pigiausias Australijos EV\"}]},{\"@type\":\"WebSite\",\"@id\":\"http:\/\/eautomobiliai.lt\/#website\",\"url\":\"http:\/\/eautomobiliai.lt\/\",\"name\":\"Eautomobiliai.lt\",\"description\":\"Elektrinis transportas, technologijos\",\"potentialAction\":[{\"@type\":\"SearchAction\",\"target\":{\"@type\":\"EntryPoint\",\"urlTemplate\":\"http:\/\/eautomobiliai.lt\/?s={search_term_string}\"},\"query-input\":{\"@type\":\"PropertyValueSpecification\",\"valueRequired\":true,\"valueName\":\"search_term_string\"}}],\"inLanguage\":\"lt-LT\"},{\"@type\":\"Person\",\"@id\":\"http:\/\/eautomobiliai.lt\/#\/schema\/person\/ecf2a967f361217d056061f74deb92f2\",\"name\":\"admin\",\"image\":{\"@type\":\"ImageObject\",\"inLanguage\":\"lt-LT\",\"@id\":\"http:\/\/eautomobiliai.lt\/#\/schema\/person\/image\/\",\"url\":\"https:\/\/secure.gravatar.com\/avatar\/6323379efae0c70c686c7905444d6bbd?s=96&d=mm&r=g\",\"contentUrl\":\"https:\/\/secure.gravatar.com\/avatar\/6323379efae0c70c686c7905444d6bbd?s=96&d=mm&r=g\",\"caption\":\"admin\"},\"sameAs\":[\"http:\/\/eautomobiliai.lt\"],\"url\":\"http:\/\/eautomobiliai.lt\/index.php\/author\/admin\/\"}]}<\/script>\n<!-- \/ Yoast SEO plugin. -->","yoast_head_json":{"title":"BYD patvirtina \u201eAtto 1\u201c elektrinio he\u010dbeko i\u0161leidim\u0105, kad b\u016bt\u0173 pigiausias Australijos EV - Eautomobiliai.lt","robots":{"index":"index","follow":"follow","max-snippet":"max-snippet:-1","max-image-preview":"max-image-preview:large","max-video-preview":"max-video-preview:-1"},"canonical":"http:\/\/eautomobiliai.lt\/index.php\/2025\/10\/06\/byd-patvirtina-atto-1-elektrinio-hecbeko-isleidima-kad-butu-pigiausias-australijos-ev\/","og_locale":"lt_LT","og_type":"article","og_title":"BYD patvirtina \u201eAtto 1\u201c elektrinio he\u010dbeko i\u0161leidim\u0105, kad b\u016bt\u0173 pigiausias Australijos EV - Eautomobiliai.lt","og_description":"Kinijos automobili\u0173 mil\u017einas BYD patvirtino, kad ma\u017eiausia ir populiariausia elektrin\u0117 transporto priemon\u0117 &#8211; \u201eAtto 1\u201c &#8211; ruo\u0161iasi nusileisti Australijos krantuose,&hellip;","og_url":"http:\/\/eautomobiliai.lt\/index.php\/2025\/10\/06\/byd-patvirtina-atto-1-elektrinio-hecbeko-isleidima-kad-butu-pigiausias-australijos-ev\/","og_site_name":"Eautomobiliai.lt","article_published_time":"2025-10-06T07:25:11+00:00","og_image":[{"width":1200,"height":675,"url":"http:\/\/eautomobiliai.lt\/wp-content\/uploads\/2025\/09\/Maziausias-ir-geriausiai-parduodamas-BYD-EV-kuris-2025-m-Pradetu.jpg","type":"image\/jpeg"}],"author":"admin","twitter_card":"summary_large_image","twitter_misc":{"Written by":"admin","Est. reading time":"2 minut\u0117s"},"schema":{"@context":"https:\/\/schema.org","@graph":[{"@type":"Article","@id":"http:\/\/eautomobiliai.lt\/index.php\/2025\/10\/06\/byd-patvirtina-atto-1-elektrinio-hecbeko-isleidima-kad-butu-pigiausias-australijos-ev\/#article","isPartOf":{"@id":"http:\/\/eautomobiliai.lt\/index.php\/2025\/10\/06\/byd-patvirtina-atto-1-elektrinio-hecbeko-isleidima-kad-butu-pigiausias-australijos-ev\/"},"author":{"name":"admin","@id":"http:\/\/eautomobiliai.lt\/#\/schema\/person\/ecf2a967f361217d056061f74deb92f2"},"headline":"BYD patvirtina \u201eAtto 1\u201c elektrinio he\u010dbeko i\u0161leidim\u0105, kad b\u016bt\u0173 pigiausias Australijos EV","datePublished":"2025-10-06T07:25:11+00:00","mainEntityOfPage":{"@id":"http:\/\/eautomobiliai.lt\/index.php\/2025\/10\/06\/byd-patvirtina-atto-1-elektrinio-hecbeko-isleidima-kad-butu-pigiausias-australijos-ev\/"},"wordCount":513,"commentCount":0,"image":{"@id":"http:\/\/eautomobiliai.lt\/index.php\/2025\/10\/06\/byd-patvirtina-atto-1-elektrinio-hecbeko-isleidima-kad-butu-pigiausias-australijos-ev\/#primaryimage"},"thumbnailUrl":"http:\/\/eautomobiliai.lt\/wp-content\/uploads\/2025\/09\/Maziausias-ir-geriausiai-parduodamas-BYD-EV-kuris-2025-m-Pradetu.jpg","keywords":["ATTO","Australijos","b\u016bt\u0173","BYD","elektrinio","he\u010dbeko","i\u0161leidim\u0105","kad","patvirtina","pigiausias"],"articleSection":["eAUTOMOBILI\u0172 TECHNIN\u0116 PUS\u0116"],"inLanguage":"lt-LT","potentialAction":[{"@type":"CommentAction","name":"Comment","target":["http:\/\/eautomobiliai.lt\/index.php\/2025\/10\/06\/byd-patvirtina-atto-1-elektrinio-hecbeko-isleidima-kad-butu-pigiausias-australijos-ev\/#respond"]}]},{"@type":"WebPage","@id":"http:\/\/eautomobiliai.lt\/index.php\/2025\/10\/06\/byd-patvirtina-atto-1-elektrinio-hecbeko-isleidima-kad-butu-pigiausias-australijos-ev\/","url":"http:\/\/eautomobiliai.lt\/index.php\/2025\/10\/06\/byd-patvirtina-atto-1-elektrinio-hecbeko-isleidima-kad-butu-pigiausias-australijos-ev\/","name":"BYD patvirtina \u201eAtto 1\u201c elektrinio he\u010dbeko i\u0161leidim\u0105, kad b\u016bt\u0173 pigiausias Australijos EV - Eautomobiliai.lt","isPartOf":{"@id":"http:\/\/eautomobiliai.lt\/#website"},"primaryImageOfPage":{"@id":"http:\/\/eautomobiliai.lt\/index.php\/2025\/10\/06\/byd-patvirtina-atto-1-elektrinio-hecbeko-isleidima-kad-butu-pigiausias-australijos-ev\/#primaryimage"},"image":{"@id":"http:\/\/eautomobiliai.lt\/index.php\/2025\/10\/06\/byd-patvirtina-atto-1-elektrinio-hecbeko-isleidima-kad-butu-pigiausias-australijos-ev\/#primaryimage"},"thumbnailUrl":"http:\/\/eautomobiliai.lt\/wp-content\/uploads\/2025\/09\/Maziausias-ir-geriausiai-parduodamas-BYD-EV-kuris-2025-m-Pradetu.jpg","datePublished":"2025-10-06T07:25:11+00:00","author":{"@id":"http:\/\/eautomobiliai.lt\/#\/schema\/person\/ecf2a967f361217d056061f74deb92f2"},"breadcrumb":{"@id":"http:\/\/eautomobiliai.lt\/index.php\/2025\/10\/06\/byd-patvirtina-atto-1-elektrinio-hecbeko-isleidima-kad-butu-pigiausias-australijos-ev\/#breadcrumb"},"inLanguage":"lt-LT","potentialAction":[{"@type":"ReadAction","target":["http:\/\/eautomobiliai.lt\/index.php\/2025\/10\/06\/byd-patvirtina-atto-1-elektrinio-hecbeko-isleidima-kad-butu-pigiausias-australijos-ev\/"]}]},{"@type":"ImageObject","inLanguage":"lt-LT","@id":"http:\/\/eautomobiliai.lt\/index.php\/2025\/10\/06\/byd-patvirtina-atto-1-elektrinio-hecbeko-isleidima-kad-butu-pigiausias-australijos-ev\/#primaryimage","url":"http:\/\/eautomobiliai.lt\/wp-content\/uploads\/2025\/09\/Maziausias-ir-geriausiai-parduodamas-BYD-EV-kuris-2025-m-Pradetu.jpg","contentUrl":"http:\/\/eautomobiliai.lt\/wp-content\/uploads\/2025\/09\/Maziausias-ir-geriausiai-parduodamas-BYD-EV-kuris-2025-m-Pradetu.jpg","width":1200,"height":675},{"@type":"BreadcrumbList","@id":"http:\/\/eautomobiliai.lt\/index.php\/2025\/10\/06\/byd-patvirtina-atto-1-elektrinio-hecbeko-isleidima-kad-butu-pigiausias-australijos-ev\/#breadcrumb","itemListElement":[{"@type":"ListItem","position":1,"name":"Home","item":"http:\/\/eautomobiliai.lt\/"},{"@type":"ListItem","position":2,"name":"BYD patvirtina \u201eAtto 1\u201c elektrinio he\u010dbeko i\u0161leidim\u0105, kad b\u016bt\u0173 pigiausias Australijos EV"}]},{"@type":"WebSite","@id":"http:\/\/eautomobiliai.lt\/#website","url":"http:\/\/eautomobiliai.lt\/","name":"Eautomobiliai.lt","description":"Elektrinis transportas, technologijos","potentialAction":[{"@type":"SearchAction","target":{"@type":"EntryPoint","urlTemplate":"http:\/\/eautomobiliai.lt\/?s={search_term_string}"},"query-input":{"@type":"PropertyValueSpecification","valueRequired":true,"valueName":"search_term_string"}}],"inLanguage":"lt-LT"},{"@type":"Person","@id":"http:\/\/eautomobiliai.lt\/#\/schema\/person\/ecf2a967f361217d056061f74deb92f2","name":"admin","image":{"@type":"ImageObject","inLanguage":"lt-LT","@id":"http:\/\/eautomobiliai.lt\/#\/schema\/person\/image\/","url":"https:\/\/secure.gravatar.com\/avatar\/6323379efae0c70c686c7905444d6bbd?s=96&d=mm&r=g","contentUrl":"https:\/\/secure.gravatar.com\/avatar\/6323379efae0c70c686c7905444d6bbd?s=96&d=mm&r=g","caption":"admin"},"sameAs":["http:\/\/eautomobiliai.lt"],"url":"http:\/\/eautomobiliai.lt\/index.php\/author\/admin\/"}]}},"_links":{"self":[{"href":"http:\/\/eautomobiliai.lt\/index.php\/wp-json\/wp\/v2\/posts\/2319","targetHints":{"allow":["GET"]}}],"collection":[{"href":"http:\/\/eautomobiliai.lt\/index.php\/wp-json\/wp\/v2\/posts"}],"about":[{"href":"http:\/\/eautomobiliai.lt\/index.php\/wp-json\/wp\/v2\/types\/post"}],"author":[{"embeddable":true,"href":"http:\/\/eautomobiliai.lt\/index.php\/wp-json\/wp\/v2\/users\/1"}],"replies":[{"embeddable":true,"href":"http:\/\/eautomobiliai.lt\/index.php\/wp-json\/wp\/v2\/comments?post=2319"}],"version-history":[{"count":0,"href":"http:\/\/eautomobiliai.lt\/index.php\/wp-json\/wp\/v2\/posts\/2319\/revisions"}],"wp:featuredmedia":[{"embeddable":true,"href":"http:\/\/eautomobiliai.lt\/index.php\/wp-json\/wp\/v2\/media\/2158"}],"wp:attachment":[{"href":"http:\/\/eautomobiliai.lt\/index.php\/wp-json\/wp\/v2\/media?parent=2319"}],"wp:term":[{"taxonomy":"category","embeddable":true,"href":"http:\/\/eautomobiliai.lt\/index.php\/wp-json\/wp\/v2\/categories?post=2319"},{"taxonomy":"post_tag","embeddable":true,"href":"http:\/\/eautomobiliai.lt\/index.php\/wp-json\/wp\/v2\/tags?post=2319"}],"curies":[{"name":"wp","href":"https:\/\/api.w.org\/{rel}","templated":true}]}}