{"id":2349,"date":"2025-10-09T11:39:22","date_gmt":"2025-10-09T11:39:22","guid":{"rendered":"https:\/\/eautomobiliai.lt\/index.php\/2025\/10\/09\/ferrari-atmeta-netikra-variklio-triuksma-savo-pirmajam-ev-ir-pasirenka-autentiska-variklio-garsa\/"},"modified":"2025-10-09T11:39:22","modified_gmt":"2025-10-09T11:39:22","slug":"ferrari-atmeta-netikra-variklio-triuksma-savo-pirmajam-ev-ir-pasirenka-autentiska-variklio-garsa","status":"publish","type":"post","link":"http:\/\/eautomobiliai.lt\/index.php\/2025\/10\/09\/ferrari-atmeta-netikra-variklio-triuksma-savo-pirmajam-ev-ir-pasirenka-autentiska-variklio-garsa\/","title":{"rendered":"\u201eFerrari\u201c atmeta netikr\u0105 variklio triuk\u0161m\u0105 savo pirmajam EV ir pasirenka \u201eautenti\u0161k\u0105\u201c variklio gars\u0105"},"content":{"rendered":"<p> <br \/>\n<\/p>\n<div>\n<figure class=\"img-border featured-image\">\n<p>\t<br \/>\n\t<\/figure>\n<p>\u201eFerrari\u201c i\u0161leido i\u0161sami\u0105 informacij\u0105 apie savo po\u017ei\u016br\u012f \u012f j\u0117gos pavaros garsus su savo pirm\u0105ja elektrine transporto priemone \u201eElettrica\u201c ir a\u0161 esu suintriguotas. Jei gerai \u012fvykdyta, net manau, kad tai gali \u012ftikinti kai kuriuos benzino galvutes i\u0161bandyti EV.<\/p>\n<p>Trumpai tariant, \u201eFerrari\u201c atmeta netikr\u0105 variklio triuk\u0161m\u0105 savo pirmajam EV ir pasirenka \u201eautenti\u0161k\u0105\u201c, ta\u010diau patobulint\u0105 elektros energijos pavaros gars\u0105, kur\u012f tiesiogiai sukuria elektriniai varikliai.<\/p>\n<p><span id=\"more-437936\"\/><\/p>\n<p>\u0160iandien \u201eFerrari\u201c i\u0161leido savo pirmosios visos elektrin\u0117s transporto priemon\u0117s \u201eThe Elettrica\u201c specifikacijas ir technin\u0119 informacij\u0105.<\/p>\n<p>A\u0161 jau paskelbiau i\u0161sam\u0173 straipsn\u012f, kuriame dalyvavo specifikacijos, taip pat \u201eFerrari\u201c sukurtos j\u0117gos pavaros ir va\u017eiuokl\u0117s technologijos \u0161iam \u012fsp\u016bdingam naujos kartos EV.<\/p>\n<p>\t<span class=\"outbrain-ad-label\">Skelbimas &#8211; slinkite daugiau turinio<\/span><\/p>\n<p>Bet a\u0161 nor\u0117jau para\u0161yti atskir\u0105 straipsn\u012f, konkre\u010diai apie \u201eFerrari\u201c po\u017ei\u016br\u012f \u012f gars\u0105 savo pirmame viso elektriniame automobilyje, nes manau, kad jo strategija yra jaudinanti. A\u0161 net tikiu, kad tai gali \u012ftikinti kai kurias kietas benzino galvas, kurios atmeta EVS, kad jiems b\u016bt\u0173 tikras sm\u016bgis.<\/p>\n<p>Ilgus metus palikimo automobili\u0173 gamintojai kovojo su tuo, kaip sukurti EVS klausos patirt\u012f, pakei\u010dian\u010di\u0105 degimo riaumojim\u0105.<\/p>\n<p>Nesvarbu, ar jums jie patinka, ar ne, variklio garsai yra b\u016btini, ypa\u010d na\u0161umo transporto priemon\u0117se. Jie yra tam tikr\u0173 automobili\u0173 tapatyb\u0117s dalis &#8211; savoti\u0161kas para\u0161as. Jie gali b\u016bti emocingi. Jie gali suteikti galios jausm\u0105.<\/p>\n<p>Be to, jie yra informacija. Variklio garso \u017eingsnis, t\u016bris ir tekst\u016bra vairuotojui teikia kritinius realaus laiko atsiliepimus apie apsisukimus, apkrov\u0105 ir automobilio sveikat\u0105.<\/p>\n<p>Kai kurie elektriniai automobili\u0173 gamintojai naudoja kuruojamus gars\u0173 peiza\u017eus (pvz., BMW su Hansu Zimmeriu) arba bando imituoti V8 (pvz. Neturiu problem\u0173 su tais, kol jie yra neprivalomi, tai rei\u0161kia, kad galite juos i\u0161jungti, nes nesu automobili\u0173 gerb\u0117jas, skleid\u017eiantis netikrus triuk\u0161mus.<\/p>\n<p>Kiti automobili\u0173 gamintojai tiesiog leid\u017eia nat\u016braliems elektrini\u0173 varikli\u0173 garsams. Tame n\u0117ra nieko blogo. Ta\u010diau atsi\u017evelgiant \u012f tai, kad elektriniai varikliai skleid\u017eia minimalius garsus, kurie v\u0117liau yra \u012fstrig\u0119 metalinio korpuso viduje, j\u016bs retai girdite k\u0105 nors reik\u0161mingo, ypa\u010d \u0161iuolaikin\u0117se transporto priemon\u0117se su ramiomis kajut\u0117mis ir netgi aktyv\u0173 triuk\u0161mo at\u0161aukim\u0105.<\/p>\n<p>Daugeliui EVS tai n\u0117ra problema, ta\u010diau \u201ePerformance\u201c elektromobiliams atrodo, kad ka\u017eko tr\u016bksta.<\/p>\n<div id=\"ez-toc-container\" class=\"ez-toc-v2_0_82_2 counter-hierarchy ez-toc-counter ez-toc-grey ez-toc-container-direction\">\n<div class=\"ez-toc-title-container\">\n<p class=\"ez-toc-title\" style=\"cursor:inherit\">Turinys:<\/p>\n<span class=\"ez-toc-title-toggle\"><a href=\"#\" class=\"ez-toc-pull-right ez-toc-btn ez-toc-btn-xs ez-toc-btn-default ez-toc-toggle\" aria-label=\"Toggle Table of Content\"><span class=\"ez-toc-js-icon-con\"><span class=\"\"><span class=\"eztoc-hide\" style=\"display:none;\">Toggle<\/span><span class=\"ez-toc-icon-toggle-span\"><svg style=\"fill: #999;color:#999\" xmlns=\"http:\/\/www.w3.org\/2000\/svg\" class=\"list-377408\" width=\"20px\" height=\"20px\" viewBox=\"0 0 24 24\" fill=\"none\"><path d=\"M6 6H4v2h2V6zm14 0H8v2h12V6zM4 11h2v2H4v-2zm16 0H8v2h12v-2zM4 16h2v2H4v-2zm16 0H8v2h12v-2z\" fill=\"currentColor\"><\/path><\/svg><svg style=\"fill: #999;color:#999\" class=\"arrow-unsorted-368013\" xmlns=\"http:\/\/www.w3.org\/2000\/svg\" width=\"10px\" height=\"10px\" viewBox=\"0 0 24 24\" version=\"1.2\" baseProfile=\"tiny\"><path d=\"M18.2 9.3l-6.2-6.3-6.2 6.3c-.2.2-.3.4-.3.7s.1.5.3.7c.2.2.4.3.7.3h11c.3 0 .5-.1.7-.3.2-.2.3-.5.3-.7s-.1-.5-.3-.7zM5.8 14.7l6.2 6.3 6.2-6.3c.2-.2.3-.5.3-.7s-.1-.5-.3-.7c-.2-.2-.4-.3-.7-.3h-11c-.3 0-.5.1-.7.3-.2.2-.3.5-.3.7s.1.5.3.7z\"\/><\/svg><\/span><\/span><\/span><\/a><\/span><\/div>\n<nav><ul class='ez-toc-list ez-toc-list-level-1 ' ><li class='ez-toc-page-1 ez-toc-heading-level-2'><a class=\"ez-toc-link ez-toc-heading-1\" href=\"http:\/\/eautomobiliai.lt\/index.php\/2025\/10\/09\/ferrari-atmeta-netikra-variklio-triuksma-savo-pirmajam-ev-ir-pasirenka-autentiska-variklio-garsa\/#%E2%80%9EFerrari%E2%80%9C_poziuris_i_garsa_savo_pirmajame_elektromobilyje\" >\u201eFerrari\u201c po\u017ei\u016bris \u012f gars\u0105 savo pirmajame elektromobilyje<\/a><ul class='ez-toc-list-level-3' ><li class='ez-toc-heading-level-3'><a class=\"ez-toc-link ez-toc-heading-2\" href=\"http:\/\/eautomobiliai.lt\/index.php\/2025\/10\/09\/ferrari-atmeta-netikra-variklio-triuksma-savo-pirmajam-ev-ir-pasirenka-autentiska-variklio-garsa\/#%E2%80%9EElectreks_Take%E2%80%9C\" >\u201eElectrek&#8217;s Take\u201c<\/a><\/li><\/ul><\/li><\/ul><\/nav><\/div>\n<h2 class=\"wp-block-heading\" id=\"h-ferrari-s-approach-to-sound-in-its-first-electric-car\"><span class=\"ez-toc-section\" id=\"%E2%80%9EFerrari%E2%80%9C_poziuris_i_garsa_savo_pirmajame_elektromobilyje\"><\/span>\u201eFerrari\u201c po\u017ei\u016bris \u012f gars\u0105 savo pirmajame elektromobilyje<span class=\"ez-toc-section-end\"><\/span><\/h2>\n<p>\u201eFerrari\u201c sprendimas yra naujas, sutelkiant d\u0117mes\u012f \u012f tai, k\u0105 jis vadina \u201eautenti\u0161ku balsu, b\u016bdingu elektriniam varikliui\u201c.<\/p>\n<p>A\u0161 lankiau \u201eFerrari\u201c technin\u0119 dien\u0105 \u201eElettrica\u201c, o prek\u0117s \u017eenklo NVH vadovas (triuk\u0161mas, vibracija, at\u0161iaurumas) ir garso kokyb\u0117 Antonio Palermo pristat\u0117 puik\u0173 prane\u0161im\u0105 apie tai, kaip \u012fmon\u0117 kreipiasi \u012f problem\u0105.<\/p>\n<p>Jis sak\u0117, kad \u201eFerrari\u201c vidaus diskusij\u0173 metu buvo daug diskusij\u0173 apie tai, kaip valdyti j\u0117gos pavar\u0105:<\/p>\n<blockquote class=\"wp-block-quote is-layout-flow wp-block-quote-is-layout-flow\">\n<p>Mums prireik\u0117 daug laiko, kad pasiektume sutarim\u0105, kok\u012f gars\u0105 reikia gauti, ta\u010diau buvo ai\u0161ku, kad norime ka\u017eko autenti\u0161ko.<\/p>\n<\/blockquote>\n<p>V\u0117lgi, autenti\u0161kos elektromobilio transporto priemon\u0117s problema yra ta, kad jei j\u0117gos pavaros ir pakavimo komanda atliko savo darb\u0105 teisingai, su ja n\u0117ra ma\u017eai garso.<\/p>\n<p>Elektrin\u0117 gitara \u012fkv\u0117p\u0117 Palermo sprendim\u0105. Skirtingai nuo akustin\u0117s gitaros, elektrinis pavaros \u012frenginys neturi tu\u0161\u010diavidurio korpuso ar garso skyl\u0117s, kad stygini\u0173 virpesiai b\u016bt\u0173 paversti garsiniu garsu.<\/p>\n<p>Pana\u0161iai kaip elektrin\u0117 gitara, \u201eFerrari\u201c sprendimas apima faktini\u0173 pavaros komponent\u0173 vibracij\u0173 fiksavim\u0105 ir stiprinim\u0105. Automobili\u0173 gamintojas paai\u0161kino:<\/p>\n<blockquote class=\"wp-block-quote is-layout-flow wp-block-quote-is-layout-flow\">\n<p>Auk\u0161to tikslumo jutiklis, sumontuotas ant galin\u0117s a\u0161ies, paima j\u0117gos pavaros da\u017enius, kurie yra sustiprinami ir projektuojami \u012f aplink\u0105 kaip ir naudojant elektrin\u0119 gitar\u0105 &#8230; Naudojamas jutiklis yra akselerometras, \u012fdiegtas labai stand\u017eiame ta\u0161ke ant keitiklio liejimo.<\/p>\n<\/blockquote>\n<p>\u0160is po\u017ei\u016bris, kuriame naudojamas akselerometras, skirtas u\u017efiksuoti kietas vibracijas i\u0161 pavaros \u012frenginio, leid\u017eia \u201eFerrari\u201c sustiprinti gars\u0105, kuris tiksliai atitinka tai, k\u0105 varikliai gamina,-tod\u0117l jis tampa autenti\u0161kas.<\/p>\n<p>\u201eFerrari\u201c tvirtina, kad garsas bus naudojamas tik tada, kai \u201efunkci\u0161kai naudingi\u201c vairuotojui teikti gr\u012f\u017etam\u0105j\u012f ry\u0161\u012f ir bus tiesiogiai susietas su sukimo momento u\u017eklausomis.<\/p>\n<blockquote class=\"wp-block-quote is-layout-flow wp-block-quote-is-layout-flow\">\n<p>Esant \u012fprastoms vairavimo situacijoms, teikiama pirmenyb\u0117 tyla, siekiant maksimaliai padidinti akustin\u012f komfort\u0105, ta\u010diau kai vairuotojas reikalauja sukimo momento i\u0161 j\u0117gos pavaros, pagreitindamas arba naudojantis perjungimo irklus rankiniu re\u017eimu, garsas suaktyv\u0117ja, kad pasi\u016blyt\u0173 dialog\u0105 ir ry\u0161\u012f tarp vairuotojo ir automobilio.<\/p>\n<\/blockquote>\n<p>Palermo prid\u016br\u0117, kad latentin\u0117 latentin\u0117 \u017emogaus ausis yra nepersivaizduojama. Va\u017eiuodami nuotaikingu vairavimu gal\u0117site i\u0161girsti variklio pagreit\u012f, regen ar net atsieti, nes priekiniai \u201eElettrica\u201c varikliai yra apr\u016bpinti atjungimu, kad transporto priemon\u0117 paverst\u0173 galini\u0173 rat\u0173 pavara.<\/p>\n<p>Prane\u0161ama, kad visa sistema buvo sukurta namuose, suteikiant \u201eFerrari\u201c visi\u0161k\u0105 transporto priemon\u0117s galutinio akustinio para\u0161o valdym\u0105.<\/p>\n<h3 class=\"wp-block-heading\" id=\"h-electrek-s-take\"><span class=\"ez-toc-section\" id=\"%E2%80%9EElectreks_Take%E2%80%9C\"><\/span><strong>\u201eElectrek&#8217;s Take\u201c<\/strong><span class=\"ez-toc-section-end\"><\/span><\/h3>\n<p>Tai \u017eavus ir, ties\u0105 sakant, gaivus \u017eingsnis i\u0161 \u201eFerrari\u201c. Mat\u0117me daugyb\u0119 sen\u0173 automobili\u0173 gamintoj\u0173 triuk\u0173, bandan\u010di\u0173 priversti savo EV pasijusti ir skamb\u0117ti taip, lyg jie kei\u010dia dujinius automobilius. Daugelis j\u0173 patenka \u012f plok\u0161\u010dius, nes jie i\u0161 esm\u0117s yra neautenti\u0161ki.<\/p>\n<p>\u201eFerrari\u201c po\u017ei\u016bris \u201eelektrin\u0117 gitara\u201c yra kitoks. Pasirinkdami sustiprinti <em>tikras<\/em> Elektrinio variklio ir keitiklio garsai, remiantis tikra vibracijomis, jie naudojasi nauja technologija, o ne slepia j\u0105. Jie \u012fsitikina, kad elektros j\u0117gos pavara gali emoci\u0161kai \u012fsitraukti \u012f savo terminus, nereikia apsimesti, kad tai n\u0117ra.<\/p>\n<p>Tai puikus in\u017einerijos k\u016brinys, kuris i\u0161lieka i\u0161tikimas \u012f prek\u0117s \u017eenklo veikl\u0105 orientuot\u0105 etos\u0105, kuriame jutimo gr\u012f\u017etamasis ry\u0161ys yra kritin\u0117 vairavimo patirties dalis. Ir tai neprivaloma. Jei jums labiau patinka visi\u0161kai tylus diskas, galite j\u012f i\u0161jungti.<\/p>\n<p>Puritai, kurie nerimavo, kad \u201eFerrari\u201c praras savo siel\u0105 EV per\u0117jime, tur\u0117t\u0173 tai skatinti.<\/p>\n<p>Gal\u0173 gale tai netgi gal\u0117t\u0173 paversti kai kuriuos i\u0161 t\u0173 benzino galvos purist\u0173, kurie negali pak\u0119sti automobilio patirties be benzino kvapo ir riaumojan\u010di\u0173 degimo gars\u0173.<\/p>\n<p>Ta\u010diau pirmiausia turime tai i\u0161girsti. Visi, kurie tai gird\u0117jo \u201eFerrari\u201c, atrod\u0117 su\u017eav\u0117ti, ta\u010diau akivaizd\u017eiai yra \u0161ali\u0161ki. Prane\u0161ama, kad bandymo tvarkykl\u0117s m\u0117gaujasi garso atsiliepimais, ta\u010diau prek\u0117s \u017eenklas i\u0161lieka slaptas.<\/p>\n<p>Kaip prane\u0161iau savo visame straipsnyje apie \u201eFerrari Elettrica\u201c, automobili\u0173 gamintojas atidengia tris dalis. Tai tik pirmoji dalis, apimanti specifikacijas ir technines detales. Tur\u0117sime laukti antrosios (2026 m. Q1) arba tre\u010diosios (2026 m. Q2) dalies, kad i\u0161girst\u0173 apie transporto priemon\u0119.<\/p>\n<div class=\"ad-disclaimer-container\">\n<p class=\"disclaimer-affiliate\"><em>FPK: Mes naudojame pajamas gaunan\u010dias automatinio filialo nuorodas.<\/em> Daugiau.<\/p>\n<p><!-- post ad --><\/div>\n<\/p><\/div>\n<p><br \/>\n<br \/><a href=\"https:\/\/electrek.co\/2025\/10\/09\/ferrari-rejecting-fake-engine-noise-first-ev-opts-authentic-motor-sound\/\">Source link <\/a><\/p>\n","protected":false},"excerpt":{"rendered":"<p>\u201eFerrari\u201c i\u0161leido i\u0161sami\u0105 informacij\u0105 apie savo po\u017ei\u016br\u012f \u012f j\u0117gos pavaros garsus su savo pirm\u0105ja elektrine transporto priemone \u201eElettrica\u201c ir a\u0161&hellip;<\/p>\n","protected":false},"author":1,"featured_media":2350,"comment_status":"open","ping_status":"open","sticky":false,"template":"","format":"standard","meta":{"om_disable_all_campaigns":false,"_monsterinsights_skip_tracking":false,"_monsterinsights_sitenote_active":false,"_monsterinsights_sitenote_note":"","_monsterinsights_sitenote_category":0,"footnotes":""},"categories":[8],"tags":[4028,4032,3124,4033,4029,4031,3993,183,4030,1504],"class_list":["post-2349","post","type-post","status-publish","format-standard","has-post-thumbnail","hentry","category-elektriniai-automobiliai","tag-atmeta","tag-autentiska","tag-ferrari","tag-garsa","tag-netikra","tag-pasirenka","tag-pirmajam","tag-savo","tag-triuksma","tag-variklio"],"aioseo_notices":[],"yoast_head":"<!-- This site is optimized with the Yoast SEO plugin v26.8 - https:\/\/yoast.com\/product\/yoast-seo-wordpress\/ -->\n<title>\u201eFerrari\u201c atmeta netikr\u0105 variklio triuk\u0161m\u0105 savo pirmajam EV ir pasirenka \u201eautenti\u0161k\u0105\u201c variklio gars\u0105 - Eautomobiliai.lt<\/title>\n<meta name=\"robots\" content=\"index, follow, max-snippet:-1, max-image-preview:large, max-video-preview:-1\" \/>\n<link rel=\"canonical\" href=\"http:\/\/eautomobiliai.lt\/index.php\/2025\/10\/09\/ferrari-atmeta-netikra-variklio-triuksma-savo-pirmajam-ev-ir-pasirenka-autentiska-variklio-garsa\/\" \/>\n<meta property=\"og:locale\" content=\"lt_LT\" \/>\n<meta property=\"og:type\" content=\"article\" \/>\n<meta property=\"og:title\" content=\"\u201eFerrari\u201c atmeta netikr\u0105 variklio triuk\u0161m\u0105 savo pirmajam EV ir pasirenka \u201eautenti\u0161k\u0105\u201c variklio gars\u0105 - Eautomobiliai.lt\" \/>\n<meta property=\"og:description\" content=\"\u201eFerrari\u201c i\u0161leido i\u0161sami\u0105 informacij\u0105 apie savo po\u017ei\u016br\u012f \u012f j\u0117gos pavaros garsus su savo pirm\u0105ja elektrine transporto priemone \u201eElettrica\u201c ir a\u0161&hellip;\" \/>\n<meta property=\"og:url\" content=\"http:\/\/eautomobiliai.lt\/index.php\/2025\/10\/09\/ferrari-atmeta-netikra-variklio-triuksma-savo-pirmajam-ev-ir-pasirenka-autentiska-variklio-garsa\/\" \/>\n<meta property=\"og:site_name\" content=\"Eautomobiliai.lt\" \/>\n<meta property=\"article:published_time\" content=\"2025-10-09T11:39:22+00:00\" \/>\n<meta property=\"og:image\" content=\"http:\/\/eautomobiliai.lt\/wp-content\/uploads\/2025\/10\/\u201eFerrari-atmeta-netikra-variklio-triuksma-savo-pirmajam-EV-ir-pasirenka.png\" \/>\n\t<meta property=\"og:image:width\" content=\"1200\" \/>\n\t<meta property=\"og:image:height\" content=\"628\" \/>\n\t<meta property=\"og:image:type\" content=\"image\/png\" \/>\n<meta name=\"author\" content=\"admin\" \/>\n<meta name=\"twitter:card\" content=\"summary_large_image\" \/>\n<meta name=\"twitter:label1\" content=\"Written by\" \/>\n\t<meta name=\"twitter:data1\" content=\"admin\" \/>\n\t<meta name=\"twitter:label2\" content=\"Est. reading time\" \/>\n\t<meta name=\"twitter:data2\" content=\"5 minut\u0117s\" \/>\n<script type=\"application\/ld+json\" class=\"yoast-schema-graph\">{\"@context\":\"https:\/\/schema.org\",\"@graph\":[{\"@type\":\"Article\",\"@id\":\"http:\/\/eautomobiliai.lt\/index.php\/2025\/10\/09\/ferrari-atmeta-netikra-variklio-triuksma-savo-pirmajam-ev-ir-pasirenka-autentiska-variklio-garsa\/#article\",\"isPartOf\":{\"@id\":\"http:\/\/eautomobiliai.lt\/index.php\/2025\/10\/09\/ferrari-atmeta-netikra-variklio-triuksma-savo-pirmajam-ev-ir-pasirenka-autentiska-variklio-garsa\/\"},\"author\":{\"name\":\"admin\",\"@id\":\"https:\/\/eautomobiliai.lt\/#\/schema\/person\/ecf2a967f361217d056061f74deb92f2\"},\"headline\":\"\u201eFerrari\u201c atmeta netikr\u0105 variklio triuk\u0161m\u0105 savo pirmajam EV ir pasirenka \u201eautenti\u0161k\u0105\u201c variklio gars\u0105\",\"datePublished\":\"2025-10-09T11:39:22+00:00\",\"mainEntityOfPage\":{\"@id\":\"http:\/\/eautomobiliai.lt\/index.php\/2025\/10\/09\/ferrari-atmeta-netikra-variklio-triuksma-savo-pirmajam-ev-ir-pasirenka-autentiska-variklio-garsa\/\"},\"wordCount\":1048,\"commentCount\":0,\"image\":{\"@id\":\"http:\/\/eautomobiliai.lt\/index.php\/2025\/10\/09\/ferrari-atmeta-netikra-variklio-triuksma-savo-pirmajam-ev-ir-pasirenka-autentiska-variklio-garsa\/#primaryimage\"},\"thumbnailUrl\":\"http:\/\/eautomobiliai.lt\/wp-content\/uploads\/2025\/10\/\u201eFerrari-atmeta-netikra-variklio-triuksma-savo-pirmajam-EV-ir-pasirenka.png\",\"keywords\":[\"atmeta\",\"autenti\u0161k\u0105\",\"Ferrari\",\"gars\u0105\",\"netikr\u0105\",\"pasirenka\",\"pirmajam\",\"savo\",\"triuk\u0161m\u0105\",\"variklio\"],\"articleSection\":[\"ELEKTRINIAI AUTOMOBILIAI\"],\"inLanguage\":\"lt-LT\",\"potentialAction\":[{\"@type\":\"CommentAction\",\"name\":\"Comment\",\"target\":[\"http:\/\/eautomobiliai.lt\/index.php\/2025\/10\/09\/ferrari-atmeta-netikra-variklio-triuksma-savo-pirmajam-ev-ir-pasirenka-autentiska-variklio-garsa\/#respond\"]}]},{\"@type\":\"WebPage\",\"@id\":\"http:\/\/eautomobiliai.lt\/index.php\/2025\/10\/09\/ferrari-atmeta-netikra-variklio-triuksma-savo-pirmajam-ev-ir-pasirenka-autentiska-variklio-garsa\/\",\"url\":\"http:\/\/eautomobiliai.lt\/index.php\/2025\/10\/09\/ferrari-atmeta-netikra-variklio-triuksma-savo-pirmajam-ev-ir-pasirenka-autentiska-variklio-garsa\/\",\"name\":\"\u201eFerrari\u201c atmeta netikr\u0105 variklio triuk\u0161m\u0105 savo pirmajam EV ir pasirenka \u201eautenti\u0161k\u0105\u201c variklio gars\u0105 - Eautomobiliai.lt\",\"isPartOf\":{\"@id\":\"https:\/\/eautomobiliai.lt\/#website\"},\"primaryImageOfPage\":{\"@id\":\"http:\/\/eautomobiliai.lt\/index.php\/2025\/10\/09\/ferrari-atmeta-netikra-variklio-triuksma-savo-pirmajam-ev-ir-pasirenka-autentiska-variklio-garsa\/#primaryimage\"},\"image\":{\"@id\":\"http:\/\/eautomobiliai.lt\/index.php\/2025\/10\/09\/ferrari-atmeta-netikra-variklio-triuksma-savo-pirmajam-ev-ir-pasirenka-autentiska-variklio-garsa\/#primaryimage\"},\"thumbnailUrl\":\"http:\/\/eautomobiliai.lt\/wp-content\/uploads\/2025\/10\/\u201eFerrari-atmeta-netikra-variklio-triuksma-savo-pirmajam-EV-ir-pasirenka.png\",\"datePublished\":\"2025-10-09T11:39:22+00:00\",\"author\":{\"@id\":\"https:\/\/eautomobiliai.lt\/#\/schema\/person\/ecf2a967f361217d056061f74deb92f2\"},\"breadcrumb\":{\"@id\":\"http:\/\/eautomobiliai.lt\/index.php\/2025\/10\/09\/ferrari-atmeta-netikra-variklio-triuksma-savo-pirmajam-ev-ir-pasirenka-autentiska-variklio-garsa\/#breadcrumb\"},\"inLanguage\":\"lt-LT\",\"potentialAction\":[{\"@type\":\"ReadAction\",\"target\":[\"http:\/\/eautomobiliai.lt\/index.php\/2025\/10\/09\/ferrari-atmeta-netikra-variklio-triuksma-savo-pirmajam-ev-ir-pasirenka-autentiska-variklio-garsa\/\"]}]},{\"@type\":\"ImageObject\",\"inLanguage\":\"lt-LT\",\"@id\":\"http:\/\/eautomobiliai.lt\/index.php\/2025\/10\/09\/ferrari-atmeta-netikra-variklio-triuksma-savo-pirmajam-ev-ir-pasirenka-autentiska-variklio-garsa\/#primaryimage\",\"url\":\"http:\/\/eautomobiliai.lt\/wp-content\/uploads\/2025\/10\/\u201eFerrari-atmeta-netikra-variklio-triuksma-savo-pirmajam-EV-ir-pasirenka.png\",\"contentUrl\":\"http:\/\/eautomobiliai.lt\/wp-content\/uploads\/2025\/10\/\u201eFerrari-atmeta-netikra-variklio-triuksma-savo-pirmajam-EV-ir-pasirenka.png\",\"width\":1200,\"height\":628},{\"@type\":\"BreadcrumbList\",\"@id\":\"http:\/\/eautomobiliai.lt\/index.php\/2025\/10\/09\/ferrari-atmeta-netikra-variklio-triuksma-savo-pirmajam-ev-ir-pasirenka-autentiska-variklio-garsa\/#breadcrumb\",\"itemListElement\":[{\"@type\":\"ListItem\",\"position\":1,\"name\":\"Home\",\"item\":\"https:\/\/eautomobiliai.lt\/\"},{\"@type\":\"ListItem\",\"position\":2,\"name\":\"\u201eFerrari\u201c atmeta netikr\u0105 variklio triuk\u0161m\u0105 savo pirmajam EV ir pasirenka \u201eautenti\u0161k\u0105\u201c variklio gars\u0105\"}]},{\"@type\":\"WebSite\",\"@id\":\"https:\/\/eautomobiliai.lt\/#website\",\"url\":\"https:\/\/eautomobiliai.lt\/\",\"name\":\"Eautomobiliai.lt\",\"description\":\"Elektrinis transportas, technologijos\",\"potentialAction\":[{\"@type\":\"SearchAction\",\"target\":{\"@type\":\"EntryPoint\",\"urlTemplate\":\"https:\/\/eautomobiliai.lt\/?s={search_term_string}\"},\"query-input\":{\"@type\":\"PropertyValueSpecification\",\"valueRequired\":true,\"valueName\":\"search_term_string\"}}],\"inLanguage\":\"lt-LT\"},{\"@type\":\"Person\",\"@id\":\"https:\/\/eautomobiliai.lt\/#\/schema\/person\/ecf2a967f361217d056061f74deb92f2\",\"name\":\"admin\",\"image\":{\"@type\":\"ImageObject\",\"inLanguage\":\"lt-LT\",\"@id\":\"https:\/\/eautomobiliai.lt\/#\/schema\/person\/image\/\",\"url\":\"https:\/\/secure.gravatar.com\/avatar\/6323379efae0c70c686c7905444d6bbd?s=96&d=mm&r=g\",\"contentUrl\":\"https:\/\/secure.gravatar.com\/avatar\/6323379efae0c70c686c7905444d6bbd?s=96&d=mm&r=g\",\"caption\":\"admin\"},\"sameAs\":[\"http:\/\/eautomobiliai.lt\"],\"url\":\"http:\/\/eautomobiliai.lt\/index.php\/author\/admin\/\"}]}<\/script>\n<!-- \/ Yoast SEO plugin. -->","yoast_head_json":{"title":"\u201eFerrari\u201c atmeta netikr\u0105 variklio triuk\u0161m\u0105 savo pirmajam EV ir pasirenka \u201eautenti\u0161k\u0105\u201c variklio gars\u0105 - Eautomobiliai.lt","robots":{"index":"index","follow":"follow","max-snippet":"max-snippet:-1","max-image-preview":"max-image-preview:large","max-video-preview":"max-video-preview:-1"},"canonical":"http:\/\/eautomobiliai.lt\/index.php\/2025\/10\/09\/ferrari-atmeta-netikra-variklio-triuksma-savo-pirmajam-ev-ir-pasirenka-autentiska-variklio-garsa\/","og_locale":"lt_LT","og_type":"article","og_title":"\u201eFerrari\u201c atmeta netikr\u0105 variklio triuk\u0161m\u0105 savo pirmajam EV ir pasirenka \u201eautenti\u0161k\u0105\u201c variklio gars\u0105 - Eautomobiliai.lt","og_description":"\u201eFerrari\u201c i\u0161leido i\u0161sami\u0105 informacij\u0105 apie savo po\u017ei\u016br\u012f \u012f j\u0117gos pavaros garsus su savo pirm\u0105ja elektrine transporto priemone \u201eElettrica\u201c ir a\u0161&hellip;","og_url":"http:\/\/eautomobiliai.lt\/index.php\/2025\/10\/09\/ferrari-atmeta-netikra-variklio-triuksma-savo-pirmajam-ev-ir-pasirenka-autentiska-variklio-garsa\/","og_site_name":"Eautomobiliai.lt","article_published_time":"2025-10-09T11:39:22+00:00","og_image":[{"width":1200,"height":628,"url":"http:\/\/eautomobiliai.lt\/wp-content\/uploads\/2025\/10\/\u201eFerrari-atmeta-netikra-variklio-triuksma-savo-pirmajam-EV-ir-pasirenka.png","type":"image\/png"}],"author":"admin","twitter_card":"summary_large_image","twitter_misc":{"Written by":"admin","Est. reading time":"5 minut\u0117s"},"schema":{"@context":"https:\/\/schema.org","@graph":[{"@type":"Article","@id":"http:\/\/eautomobiliai.lt\/index.php\/2025\/10\/09\/ferrari-atmeta-netikra-variklio-triuksma-savo-pirmajam-ev-ir-pasirenka-autentiska-variklio-garsa\/#article","isPartOf":{"@id":"http:\/\/eautomobiliai.lt\/index.php\/2025\/10\/09\/ferrari-atmeta-netikra-variklio-triuksma-savo-pirmajam-ev-ir-pasirenka-autentiska-variklio-garsa\/"},"author":{"name":"admin","@id":"https:\/\/eautomobiliai.lt\/#\/schema\/person\/ecf2a967f361217d056061f74deb92f2"},"headline":"\u201eFerrari\u201c atmeta netikr\u0105 variklio triuk\u0161m\u0105 savo pirmajam EV ir pasirenka \u201eautenti\u0161k\u0105\u201c variklio gars\u0105","datePublished":"2025-10-09T11:39:22+00:00","mainEntityOfPage":{"@id":"http:\/\/eautomobiliai.lt\/index.php\/2025\/10\/09\/ferrari-atmeta-netikra-variklio-triuksma-savo-pirmajam-ev-ir-pasirenka-autentiska-variklio-garsa\/"},"wordCount":1048,"commentCount":0,"image":{"@id":"http:\/\/eautomobiliai.lt\/index.php\/2025\/10\/09\/ferrari-atmeta-netikra-variklio-triuksma-savo-pirmajam-ev-ir-pasirenka-autentiska-variklio-garsa\/#primaryimage"},"thumbnailUrl":"http:\/\/eautomobiliai.lt\/wp-content\/uploads\/2025\/10\/\u201eFerrari-atmeta-netikra-variklio-triuksma-savo-pirmajam-EV-ir-pasirenka.png","keywords":["atmeta","autenti\u0161k\u0105","Ferrari","gars\u0105","netikr\u0105","pasirenka","pirmajam","savo","triuk\u0161m\u0105","variklio"],"articleSection":["ELEKTRINIAI AUTOMOBILIAI"],"inLanguage":"lt-LT","potentialAction":[{"@type":"CommentAction","name":"Comment","target":["http:\/\/eautomobiliai.lt\/index.php\/2025\/10\/09\/ferrari-atmeta-netikra-variklio-triuksma-savo-pirmajam-ev-ir-pasirenka-autentiska-variklio-garsa\/#respond"]}]},{"@type":"WebPage","@id":"http:\/\/eautomobiliai.lt\/index.php\/2025\/10\/09\/ferrari-atmeta-netikra-variklio-triuksma-savo-pirmajam-ev-ir-pasirenka-autentiska-variklio-garsa\/","url":"http:\/\/eautomobiliai.lt\/index.php\/2025\/10\/09\/ferrari-atmeta-netikra-variklio-triuksma-savo-pirmajam-ev-ir-pasirenka-autentiska-variklio-garsa\/","name":"\u201eFerrari\u201c atmeta netikr\u0105 variklio triuk\u0161m\u0105 savo pirmajam EV ir pasirenka \u201eautenti\u0161k\u0105\u201c variklio gars\u0105 - Eautomobiliai.lt","isPartOf":{"@id":"https:\/\/eautomobiliai.lt\/#website"},"primaryImageOfPage":{"@id":"http:\/\/eautomobiliai.lt\/index.php\/2025\/10\/09\/ferrari-atmeta-netikra-variklio-triuksma-savo-pirmajam-ev-ir-pasirenka-autentiska-variklio-garsa\/#primaryimage"},"image":{"@id":"http:\/\/eautomobiliai.lt\/index.php\/2025\/10\/09\/ferrari-atmeta-netikra-variklio-triuksma-savo-pirmajam-ev-ir-pasirenka-autentiska-variklio-garsa\/#primaryimage"},"thumbnailUrl":"http:\/\/eautomobiliai.lt\/wp-content\/uploads\/2025\/10\/\u201eFerrari-atmeta-netikra-variklio-triuksma-savo-pirmajam-EV-ir-pasirenka.png","datePublished":"2025-10-09T11:39:22+00:00","author":{"@id":"https:\/\/eautomobiliai.lt\/#\/schema\/person\/ecf2a967f361217d056061f74deb92f2"},"breadcrumb":{"@id":"http:\/\/eautomobiliai.lt\/index.php\/2025\/10\/09\/ferrari-atmeta-netikra-variklio-triuksma-savo-pirmajam-ev-ir-pasirenka-autentiska-variklio-garsa\/#breadcrumb"},"inLanguage":"lt-LT","potentialAction":[{"@type":"ReadAction","target":["http:\/\/eautomobiliai.lt\/index.php\/2025\/10\/09\/ferrari-atmeta-netikra-variklio-triuksma-savo-pirmajam-ev-ir-pasirenka-autentiska-variklio-garsa\/"]}]},{"@type":"ImageObject","inLanguage":"lt-LT","@id":"http:\/\/eautomobiliai.lt\/index.php\/2025\/10\/09\/ferrari-atmeta-netikra-variklio-triuksma-savo-pirmajam-ev-ir-pasirenka-autentiska-variklio-garsa\/#primaryimage","url":"http:\/\/eautomobiliai.lt\/wp-content\/uploads\/2025\/10\/\u201eFerrari-atmeta-netikra-variklio-triuksma-savo-pirmajam-EV-ir-pasirenka.png","contentUrl":"http:\/\/eautomobiliai.lt\/wp-content\/uploads\/2025\/10\/\u201eFerrari-atmeta-netikra-variklio-triuksma-savo-pirmajam-EV-ir-pasirenka.png","width":1200,"height":628},{"@type":"BreadcrumbList","@id":"http:\/\/eautomobiliai.lt\/index.php\/2025\/10\/09\/ferrari-atmeta-netikra-variklio-triuksma-savo-pirmajam-ev-ir-pasirenka-autentiska-variklio-garsa\/#breadcrumb","itemListElement":[{"@type":"ListItem","position":1,"name":"Home","item":"https:\/\/eautomobiliai.lt\/"},{"@type":"ListItem","position":2,"name":"\u201eFerrari\u201c atmeta netikr\u0105 variklio triuk\u0161m\u0105 savo pirmajam EV ir pasirenka \u201eautenti\u0161k\u0105\u201c variklio gars\u0105"}]},{"@type":"WebSite","@id":"https:\/\/eautomobiliai.lt\/#website","url":"https:\/\/eautomobiliai.lt\/","name":"Eautomobiliai.lt","description":"Elektrinis transportas, technologijos","potentialAction":[{"@type":"SearchAction","target":{"@type":"EntryPoint","urlTemplate":"https:\/\/eautomobiliai.lt\/?s={search_term_string}"},"query-input":{"@type":"PropertyValueSpecification","valueRequired":true,"valueName":"search_term_string"}}],"inLanguage":"lt-LT"},{"@type":"Person","@id":"https:\/\/eautomobiliai.lt\/#\/schema\/person\/ecf2a967f361217d056061f74deb92f2","name":"admin","image":{"@type":"ImageObject","inLanguage":"lt-LT","@id":"https:\/\/eautomobiliai.lt\/#\/schema\/person\/image\/","url":"https:\/\/secure.gravatar.com\/avatar\/6323379efae0c70c686c7905444d6bbd?s=96&d=mm&r=g","contentUrl":"https:\/\/secure.gravatar.com\/avatar\/6323379efae0c70c686c7905444d6bbd?s=96&d=mm&r=g","caption":"admin"},"sameAs":["http:\/\/eautomobiliai.lt"],"url":"http:\/\/eautomobiliai.lt\/index.php\/author\/admin\/"}]}},"_links":{"self":[{"href":"http:\/\/eautomobiliai.lt\/index.php\/wp-json\/wp\/v2\/posts\/2349","targetHints":{"allow":["GET"]}}],"collection":[{"href":"http:\/\/eautomobiliai.lt\/index.php\/wp-json\/wp\/v2\/posts"}],"about":[{"href":"http:\/\/eautomobiliai.lt\/index.php\/wp-json\/wp\/v2\/types\/post"}],"author":[{"embeddable":true,"href":"http:\/\/eautomobiliai.lt\/index.php\/wp-json\/wp\/v2\/users\/1"}],"replies":[{"embeddable":true,"href":"http:\/\/eautomobiliai.lt\/index.php\/wp-json\/wp\/v2\/comments?post=2349"}],"version-history":[{"count":0,"href":"http:\/\/eautomobiliai.lt\/index.php\/wp-json\/wp\/v2\/posts\/2349\/revisions"}],"wp:featuredmedia":[{"embeddable":true,"href":"http:\/\/eautomobiliai.lt\/index.php\/wp-json\/wp\/v2\/media\/2350"}],"wp:attachment":[{"href":"http:\/\/eautomobiliai.lt\/index.php\/wp-json\/wp\/v2\/media?parent=2349"}],"wp:term":[{"taxonomy":"category","embeddable":true,"href":"http:\/\/eautomobiliai.lt\/index.php\/wp-json\/wp\/v2\/categories?post=2349"},{"taxonomy":"post_tag","embeddable":true,"href":"http:\/\/eautomobiliai.lt\/index.php\/wp-json\/wp\/v2\/tags?post=2349"}],"curies":[{"name":"wp","href":"https:\/\/api.w.org\/{rel}","templated":true}]}}