{"id":2382,"date":"2025-10-13T03:52:53","date_gmt":"2025-10-13T03:52:53","guid":{"rendered":"http:\/\/eautomobiliai.lt\/index.php\/2025\/10\/13\/sunkvezimiai-yra-pasirenge-siandien-apimti-akumuliatoriaus-galia-kinda\/"},"modified":"2025-10-13T03:52:53","modified_gmt":"2025-10-13T03:52:53","slug":"sunkvezimiai-yra-pasirenge-siandien-apimti-akumuliatoriaus-galia-kinda","status":"publish","type":"post","link":"http:\/\/eautomobiliai.lt\/index.php\/2025\/10\/13\/sunkvezimiai-yra-pasirenge-siandien-apimti-akumuliatoriaus-galia-kinda\/","title":{"rendered":"Sunkve\u017eimiai yra pasireng\u0119 \u0161iandien apimti akumuliatoriaus gali\u0105 (Kinda)"},"content":{"rendered":"<p> <br \/>\n<\/p>\n<div>\n<figure class=\"img-border featured-image\">\n<p>\t<br \/>\n\t<\/figure>\n<p>Naujas sunki\u0173j\u0173 sunkve\u017eimi\u0173 gamintoj\u0173 \u201ePaccar\u201c ir \u201eDragonfly Energy\u201c, kuriame yra realaus pasaulio laivyno bandym\u0173 duomenys ir aplinkos r\u016bm\u0173 bandymai, atlikti \u201ePaccar\u201c techniniame centre, baltas popierius, atrodo, kad \u201ePaccar\u201c techniniame centre atliktas aplinkos kamerinis bandymas, atrodo, rodo, kad sunkve\u017eimi\u0173 vairuotojai yra pasireng\u0119 imtis akumuliatoriaus energijos ir suma\u017einti i\u0161metam\u0173 ter\u0161al\u0173 kiek\u012f-tik ne jie vairuoja.<\/p>\n<p><span id=\"more-438616\"\/><\/p>\n<p>Baltasis popierius, pavadintas <em>Neland\u017eio laiko ir degal\u0173 i\u0161laid\u0173 suma\u017einimas: li\u010dio varomi sprendimai komerciniams parkams<\/em>ap\u017evelg\u0117 \u012fvairius b\u016bdus, kaip suma\u017einti kenksming\u0105 dyzelino i\u0161metim\u0105 per daugelio skirting\u0173 laivyno operacij\u0173 darbo ciklus, ir tai, kas, j\u0173 manymu, buvo tai, kad sunkve\u017eimio pagalbini\u0173 ir kabin\u0173 sistem\u0173 maitinimas su auk\u0161tos \u012ftampos li\u010dio jon\u0173 akumuliatoriumi dramati\u0161kai suma\u017eino variklio neveikimo laik\u0105, net esant blogiausio veikimo scenarijams.<\/p>\n<p>Kitas grup\u0117s, pavadintos \u201eClean Air\u201c darbo grup\u0117, ataskaita parod\u0117, kad tu\u0161\u010di\u0105ja eiga sunki\u0173j\u0173 dyzelini\u0173 varikli\u0173 tu\u0161\u010di\u0105ja eiga, o vairuotojai savo sunkve\u017eimiuose yra \u201evie\u0161inami\u201c (jie stovi, ta\u010diau variklis, nor\u0117damas valdyti miegamojo kabinos klimato kontrol\u0119, virtuves ar elektronik\u0105).<\/p>\n<p>I\u0161kirpimas ne tik degina degalus ir padidina veiklos s\u0105naudas esant 0 mpg, bet ir skleid\u017eia pavojing\u0105 \u201eHarmul\u201c ter\u0161al\u0173 kokteil\u012f, kuris kelia tiesiogin\u0119 rizik\u0105 vairuotojams, poilsio darbuotojams ir netoliese esan\u010dioms bendruomen\u0117ms. Dyzelino i\u0161metimuose yra smulki\u0173 kiet\u0173j\u0173 daleli\u0173 (PM), azoto oksid\u0173 (NO\u2093) ir daugyb\u0117s ore esan\u010di\u0173 toksin\u0173, kurie yra \u017einomi kancerogenai, tod\u0117l jie tampa rimta problema net tiems, kurie mano, kad klimato poky\u010diai yra globalus \u201edidelio mokslo\u201c s\u0105mokslas, kad tose vietoje esan\u010diuose jaunus naftos milijardierius b\u016bt\u0173 laikomasi vietoje.<\/p>\n<p>\t<span class=\"outbrain-ad-label\">Skelbimas &#8211; slinkite daugiau turinio<\/span><\/p>\n<p>Mechaniniu po\u017ei\u016briu i\u0161pl\u0117stin\u0117 tu\u0161\u010dioji eiga taip pat pagreitina variklio nusid\u0117v\u0117jim\u0105, pablogina emisijos kontrol\u0117s sistemas, padidina technin\u0119 prie\u017ei\u016br\u0105 ir sutrumpina variklio tarnavimo laik\u0105.<\/p>\n<h2 class=\"wp-block-heading\" id=\"h-battle-born-semi-batteries\">M\u016b\u0161is gim\u0117 pusiau baterijos<\/h2>\n<hr\/>\n<figure class=\"wp-block-image alignwide size-large\"><img loading=\"lazy\" decoding=\"async\" height=\"576\" width=\"1024\" src=\"https:\/\/electrek.co\/wp-content\/uploads\/sites\/3\/2025\/10\/BB_UXL-Long-Haul-Truck-Instructional_-6871-copy-2.jpg?quality=82&amp;strip=all&amp;w=1024\" alt=\"\" class=\"wp-image-438630\" srcset=\"https:\/\/electrek.co\/wp-content\/uploads\/sites\/3\/2025\/10\/BB_UXL-Long-Haul-Truck-Instructional_-6871-copy-2.jpg 1600w, https:\/\/electrek.co\/wp-content\/uploads\/sites\/3\/2025\/10\/BB_UXL-Long-Haul-Truck-Instructional_-6871-copy-2.jpg?resize=150,84 150w, https:\/\/electrek.co\/wp-content\/uploads\/sites\/3\/2025\/10\/BB_UXL-Long-Haul-Truck-Instructional_-6871-copy-2.jpg?resize=300,169 300w, https:\/\/electrek.co\/wp-content\/uploads\/sites\/3\/2025\/10\/BB_UXL-Long-Haul-Truck-Instructional_-6871-copy-2.jpg?resize=768,432 768w, https:\/\/electrek.co\/wp-content\/uploads\/sites\/3\/2025\/10\/BB_UXL-Long-Haul-Truck-Instructional_-6871-copy-2.jpg?resize=1024,576 1024w, https:\/\/electrek.co\/wp-content\/uploads\/sites\/3\/2025\/10\/BB_UXL-Long-Haul-Truck-Instructional_-6871-copy-2.jpg?resize=1536,864 1536w, https:\/\/electrek.co\/wp-content\/uploads\/sites\/3\/2025\/10\/BB_UXL-Long-Haul-Truck-Instructional_-6871-copy-2.jpg?resize=350,197 350w, https:\/\/electrek.co\/wp-content\/uploads\/sites\/3\/2025\/10\/BB_UXL-Long-Haul-Truck-Instructional_-6871-copy-2.jpg?resize=140,79 140w\" sizes=\"auto, (max-width: 1024px) 100vw, 1024px\"\/><figcaption class=\"wp-element-caption\">M\u016b\u0161yje gimusios \u201eSemi Aux\u201c sistem\u0173 baterijos; per laum\u017eirgio energij\u0105.<\/figcaption><\/figure>\n<p>Pridedant palyginti didel\u0117s talpos hibridin\u0119 baterij\u0105 (pvz., \u201eDragonfly Energy\u201c <em>M\u016b\u0161is gim\u0117<\/em> Prek\u0117s \u017eenklo baterijos) \u012e ka\u017ek\u0105 pana\u0161aus \u012f \u201ePaccar Kenworth T680\u201c (vir\u0161uje), vairuotojai gali kelias valandas pastatyti, eksploatuodami savo miegam\u0173j\u0173 \u0161aldytuvus, AKS ar \u0161ildytuvus be triuk\u0161mo ir i\u0161metam\u0173j\u0173 ter\u0161al\u0173 bei dyzelino i\u0161laid\u0173 &#8211; ir tikriausiai jie taip pat miega ir be kaimynini\u0173 dyzelini\u0173 dron\u0173, be groteli\u0173.<\/p>\n<p>\u201eMes tikime, kad nenaudojama ma\u017einimas i\u0161lieka vienas i\u0161 tiesiogini\u0173 ir ekonomi\u0161kiausi\u0173 b\u016bd\u0173, kaip parkai gali suma\u017einti degal\u0173 s\u0105naudas ir i\u0161metam\u0173j\u0173 ter\u0161al\u0173 kiek\u012f, tuo pa\u010diu pagerindamas vairuotoj\u0173 komfort\u0105. Ta\u010diau ne ma\u017eiau svarbu, kad pramon\u0117 vis labiau orientuojasi \u012f veiklos efektyvum\u0105 ir maksimaliai padidina turto panaudojim\u0105\u201c,-ai\u0161kina Wade Seaburg, \u201eDragonfly Energy\u201c vyriausiasis komercijos pareig\u016bnas. \u201eMes tikime, kad m\u016bs\u0173 bendradarbiavimas su\u201e Paccar \u201cne tik patvirtina m\u016bs\u0173\u201e LifePo\u2084 \u201cvarom\u0173 sprendim\u0173 rezultatus, bet ir pabr\u0117\u017eia, kaip jie padeda parko maksimaliai padidinti veikim\u0105, prailginti \u012frangos tarnavimo laik\u0105 ir daugiau i\u0161naudoti savo turt\u0105\u201c.<\/p>\n<p>Pagalbini\u0173 sistem\u0173 elektrifikavimas taip pat suma\u017eina variklio valandas, trunkan\u010dias laik\u0105 tarp suplanuotos prie\u017ei\u016bros ir suma\u017einant veiklos prastov\u0105. <\/p>\n<p>Kitaip tariant, OTR sunkve\u017eimi\u0173 hibridizacija yra naudinga. Vis\u0105 balt\u0105j\u012f popieri\u0173 galima atsisi\u0173sti svetain\u0117je m\u016b\u0161ioBatteres.com\/lithium-powered-idle-reduction. Pa\u017evelkite \u012f tai patys, tada prane\u0161kite mums, k\u0105 galvojate apie id\u0117j\u0105 komentaruose.<\/p>\n<p><strong>\u0160altinis | Vaizdai<\/strong>: \u201ePaccar\u201c, \u201eDragonfly Energy\u201c; per AP \u201eNewswire\u201c.<\/p>\n<figure class=\"wp-block-image alignwide\"><img loading=\"lazy\" decoding=\"async\" width=\"750\" height=\"150\" src=\"https:\/\/electrek.co\/wp-content\/uploads\/sites\/3\/2025\/03\/DES-1038_Electrek-Banners_EVs_0797c2.png\" alt=\"\" class=\"wp-image-408967\" srcset=\"https:\/\/electrek.co\/wp-content\/uploads\/sites\/3\/2025\/03\/DES-1038_Electrek-Banners_EVs_0797c2.png 750w, https:\/\/electrek.co\/wp-content\/uploads\/sites\/3\/2025\/03\/DES-1038_Electrek-Banners_EVs_0797c2.png?resize=150,30 150w, https:\/\/electrek.co\/wp-content\/uploads\/sites\/3\/2025\/03\/DES-1038_Electrek-Banners_EVs_0797c2.png?resize=300,60 300w, https:\/\/electrek.co\/wp-content\/uploads\/sites\/3\/2025\/03\/DES-1038_Electrek-Banners_EVs_0797c2.png?resize=350,70 350w, https:\/\/electrek.co\/wp-content\/uploads\/sites\/3\/2025\/03\/DES-1038_Electrek-Banners_EVs_0797c2.png?resize=140,28 140w\" sizes=\"auto, (max-width: 750px) 100vw, 750px\"\/><\/figure>\n<hr class=\"wp-block-separator has-alpha-channel-opacity\"\/>\n<p><em>Jei ketinate eiti \u012f saul\u0117s energij\u0105, visada gera id\u0117ja gauti kelet\u0105 montuotoj\u0173 citat\u0173. Nor\u0117dami \u012fsitikinti, kad \u0161alia j\u016bs\u0173 rasite patikim\u0105, patikim\u0105 saul\u0117s diegimo program\u0105, si\u016blan\u010di\u0105 konkurencing\u0105 kain\u0105, apsilankykite <\/em><em>Energysage<\/em><em>nemokama paslauga, palengvinanti jums saul\u0117s energij\u0105. Jame yra \u0161imtai i\u0161 anksto atvaizduot\u0173 saul\u0117s energijos montuotoj\u0173, konkuruojan\u010di\u0173 d\u0117l j\u016bs\u0173 verslo, u\u017etikrinant, kad gausite auk\u0161tos kokyb\u0117s sprendimus ir sutaupysite 20\u201330%, palyginti su jo \u0117jimu atskirai. Be to, ja nemokama naudotis, ir j\u016bs negausite pardavimo skambu\u010di\u0173, kol pasirinksite diegimo program\u0105 ir pasidalysite savo telefono numeriu su jais. <\/em><\/p>\n<p><em>J\u016bs\u0173 individualizuotas saul\u0117s citatas lengva palyginti internete ir gausite prieig\u0105 prie ne\u0161ali\u0161k\u0173 patar\u0117j\u0173 energetikos srityje, kad pad\u0117tum\u0117te jums kiekvienam \u017eingsniui. Prad\u0117kite <\/em><em>\u010dia<\/em>.<\/p>\n<div class=\"ad-disclaimer-container\">\n<p class=\"disclaimer-affiliate\"><em>FPK: Mes naudojame pajamas gaunan\u010dias automatinio filialo nuorodas.<\/em> Daugiau.<\/p>\n<p><!-- post ad --><\/div>\n<\/p><\/div>\n<p><br \/>\n<br \/><a href=\"https:\/\/electrek.co\/2025\/10\/12\/truckers-are-ready-to-embrace-battery-power-today-but-its-not-what-you-think\/\">Source link <\/a><\/p>\n","protected":false},"excerpt":{"rendered":"<p>Naujas sunki\u0173j\u0173 sunkve\u017eimi\u0173 gamintoj\u0173 \u201ePaccar\u201c ir \u201eDragonfly Energy\u201c, kuriame yra realaus pasaulio laivyno bandym\u0173 duomenys ir aplinkos r\u016bm\u0173 bandymai, atlikti&hellip;<\/p>\n","protected":false},"author":1,"featured_media":2383,"comment_status":"open","ping_status":"open","sticky":false,"template":"","format":"standard","meta":{"om_disable_all_campaigns":false,"_monsterinsights_skip_tracking":false,"_monsterinsights_sitenote_active":false,"_monsterinsights_sitenote_note":"","_monsterinsights_sitenote_category":0,"footnotes":""},"categories":[8],"tags":[452,4059,257,4060,4058,715,2267,49],"class_list":["post-2382","post","type-post","status-publish","format-standard","has-post-thumbnail","hentry","category-elektriniai-automobiliai","tag-akumuliatoriaus","tag-apimti","tag-galia","tag-kinda","tag-pasirenge","tag-siandien","tag-sunkvezimiai","tag-yra"],"aioseo_notices":[],"yoast_head":"<!-- This site is optimized with the Yoast SEO plugin v26.8 - https:\/\/yoast.com\/product\/yoast-seo-wordpress\/ -->\n<title>Sunkve\u017eimiai yra pasireng\u0119 \u0161iandien apimti akumuliatoriaus gali\u0105 (Kinda) - Eautomobiliai.lt<\/title>\n<meta name=\"robots\" content=\"index, follow, max-snippet:-1, max-image-preview:large, max-video-preview:-1\" \/>\n<link rel=\"canonical\" href=\"https:\/\/eautomobiliai.lt\/index.php\/2025\/10\/13\/sunkvezimiai-yra-pasirenge-siandien-apimti-akumuliatoriaus-galia-kinda\/\" \/>\n<meta property=\"og:locale\" content=\"lt_LT\" \/>\n<meta property=\"og:type\" content=\"article\" \/>\n<meta property=\"og:title\" content=\"Sunkve\u017eimiai yra pasireng\u0119 \u0161iandien apimti akumuliatoriaus gali\u0105 (Kinda) - Eautomobiliai.lt\" \/>\n<meta property=\"og:description\" content=\"Naujas sunki\u0173j\u0173 sunkve\u017eimi\u0173 gamintoj\u0173 \u201ePaccar\u201c ir \u201eDragonfly Energy\u201c, kuriame yra realaus pasaulio laivyno bandym\u0173 duomenys ir aplinkos r\u016bm\u0173 bandymai, atlikti&hellip;\" \/>\n<meta property=\"og:url\" content=\"https:\/\/eautomobiliai.lt\/index.php\/2025\/10\/13\/sunkvezimiai-yra-pasirenge-siandien-apimti-akumuliatoriaus-galia-kinda\/\" \/>\n<meta property=\"og:site_name\" content=\"Eautomobiliai.lt\" \/>\n<meta property=\"article:published_time\" content=\"2025-10-13T03:52:53+00:00\" \/>\n<meta property=\"og:image\" content=\"https:\/\/eautomobiliai.lt\/wp-content\/uploads\/2025\/10\/Sunkvezimiai-yra-pasirenge-siandien-apimti-akumuliatoriaus-galia-Kinda.jpg\" \/>\n\t<meta property=\"og:image:width\" content=\"1200\" \/>\n\t<meta property=\"og:image:height\" content=\"628\" \/>\n\t<meta property=\"og:image:type\" content=\"image\/jpeg\" \/>\n<meta name=\"author\" content=\"admin\" \/>\n<meta name=\"twitter:card\" content=\"summary_large_image\" \/>\n<meta name=\"twitter:label1\" content=\"Written by\" \/>\n\t<meta name=\"twitter:data1\" content=\"admin\" \/>\n\t<meta name=\"twitter:label2\" content=\"Est. reading time\" \/>\n\t<meta name=\"twitter:data2\" content=\"3 minut\u0117s\" \/>\n<script type=\"application\/ld+json\" class=\"yoast-schema-graph\">{\"@context\":\"https:\/\/schema.org\",\"@graph\":[{\"@type\":\"Article\",\"@id\":\"https:\/\/eautomobiliai.lt\/index.php\/2025\/10\/13\/sunkvezimiai-yra-pasirenge-siandien-apimti-akumuliatoriaus-galia-kinda\/#article\",\"isPartOf\":{\"@id\":\"https:\/\/eautomobiliai.lt\/index.php\/2025\/10\/13\/sunkvezimiai-yra-pasirenge-siandien-apimti-akumuliatoriaus-galia-kinda\/\"},\"author\":{\"name\":\"admin\",\"@id\":\"https:\/\/eautomobiliai.lt\/#\/schema\/person\/ecf2a967f361217d056061f74deb92f2\"},\"headline\":\"Sunkve\u017eimiai yra pasireng\u0119 \u0161iandien apimti akumuliatoriaus gali\u0105 (Kinda)\",\"datePublished\":\"2025-10-13T03:52:53+00:00\",\"mainEntityOfPage\":{\"@id\":\"https:\/\/eautomobiliai.lt\/index.php\/2025\/10\/13\/sunkvezimiai-yra-pasirenge-siandien-apimti-akumuliatoriaus-galia-kinda\/\"},\"wordCount\":705,\"commentCount\":0,\"image\":{\"@id\":\"https:\/\/eautomobiliai.lt\/index.php\/2025\/10\/13\/sunkvezimiai-yra-pasirenge-siandien-apimti-akumuliatoriaus-galia-kinda\/#primaryimage\"},\"thumbnailUrl\":\"http:\/\/eautomobiliai.lt\/wp-content\/uploads\/2025\/10\/Sunkvezimiai-yra-pasirenge-siandien-apimti-akumuliatoriaus-galia-Kinda.jpg\",\"keywords\":[\"akumuliatoriaus\",\"apimti\",\"gali\u0105\",\"Kinda\",\"pasireng\u0119\",\"\u0161iandien\",\"sunkve\u017eimiai\",\"yra\"],\"articleSection\":[\"ELEKTRINIAI AUTOMOBILIAI\"],\"inLanguage\":\"lt-LT\",\"potentialAction\":[{\"@type\":\"CommentAction\",\"name\":\"Comment\",\"target\":[\"https:\/\/eautomobiliai.lt\/index.php\/2025\/10\/13\/sunkvezimiai-yra-pasirenge-siandien-apimti-akumuliatoriaus-galia-kinda\/#respond\"]}]},{\"@type\":\"WebPage\",\"@id\":\"https:\/\/eautomobiliai.lt\/index.php\/2025\/10\/13\/sunkvezimiai-yra-pasirenge-siandien-apimti-akumuliatoriaus-galia-kinda\/\",\"url\":\"https:\/\/eautomobiliai.lt\/index.php\/2025\/10\/13\/sunkvezimiai-yra-pasirenge-siandien-apimti-akumuliatoriaus-galia-kinda\/\",\"name\":\"Sunkve\u017eimiai yra pasireng\u0119 \u0161iandien apimti akumuliatoriaus gali\u0105 (Kinda) - Eautomobiliai.lt\",\"isPartOf\":{\"@id\":\"https:\/\/eautomobiliai.lt\/#website\"},\"primaryImageOfPage\":{\"@id\":\"https:\/\/eautomobiliai.lt\/index.php\/2025\/10\/13\/sunkvezimiai-yra-pasirenge-siandien-apimti-akumuliatoriaus-galia-kinda\/#primaryimage\"},\"image\":{\"@id\":\"https:\/\/eautomobiliai.lt\/index.php\/2025\/10\/13\/sunkvezimiai-yra-pasirenge-siandien-apimti-akumuliatoriaus-galia-kinda\/#primaryimage\"},\"thumbnailUrl\":\"http:\/\/eautomobiliai.lt\/wp-content\/uploads\/2025\/10\/Sunkvezimiai-yra-pasirenge-siandien-apimti-akumuliatoriaus-galia-Kinda.jpg\",\"datePublished\":\"2025-10-13T03:52:53+00:00\",\"author\":{\"@id\":\"https:\/\/eautomobiliai.lt\/#\/schema\/person\/ecf2a967f361217d056061f74deb92f2\"},\"breadcrumb\":{\"@id\":\"https:\/\/eautomobiliai.lt\/index.php\/2025\/10\/13\/sunkvezimiai-yra-pasirenge-siandien-apimti-akumuliatoriaus-galia-kinda\/#breadcrumb\"},\"inLanguage\":\"lt-LT\",\"potentialAction\":[{\"@type\":\"ReadAction\",\"target\":[\"https:\/\/eautomobiliai.lt\/index.php\/2025\/10\/13\/sunkvezimiai-yra-pasirenge-siandien-apimti-akumuliatoriaus-galia-kinda\/\"]}]},{\"@type\":\"ImageObject\",\"inLanguage\":\"lt-LT\",\"@id\":\"https:\/\/eautomobiliai.lt\/index.php\/2025\/10\/13\/sunkvezimiai-yra-pasirenge-siandien-apimti-akumuliatoriaus-galia-kinda\/#primaryimage\",\"url\":\"http:\/\/eautomobiliai.lt\/wp-content\/uploads\/2025\/10\/Sunkvezimiai-yra-pasirenge-siandien-apimti-akumuliatoriaus-galia-Kinda.jpg\",\"contentUrl\":\"http:\/\/eautomobiliai.lt\/wp-content\/uploads\/2025\/10\/Sunkvezimiai-yra-pasirenge-siandien-apimti-akumuliatoriaus-galia-Kinda.jpg\",\"width\":1200,\"height\":628},{\"@type\":\"BreadcrumbList\",\"@id\":\"https:\/\/eautomobiliai.lt\/index.php\/2025\/10\/13\/sunkvezimiai-yra-pasirenge-siandien-apimti-akumuliatoriaus-galia-kinda\/#breadcrumb\",\"itemListElement\":[{\"@type\":\"ListItem\",\"position\":1,\"name\":\"Home\",\"item\":\"https:\/\/eautomobiliai.lt\/\"},{\"@type\":\"ListItem\",\"position\":2,\"name\":\"Sunkve\u017eimiai yra pasireng\u0119 \u0161iandien apimti akumuliatoriaus gali\u0105 (Kinda)\"}]},{\"@type\":\"WebSite\",\"@id\":\"https:\/\/eautomobiliai.lt\/#website\",\"url\":\"https:\/\/eautomobiliai.lt\/\",\"name\":\"Eautomobiliai.lt\",\"description\":\"Elektrinis transportas, technologijos\",\"potentialAction\":[{\"@type\":\"SearchAction\",\"target\":{\"@type\":\"EntryPoint\",\"urlTemplate\":\"https:\/\/eautomobiliai.lt\/?s={search_term_string}\"},\"query-input\":{\"@type\":\"PropertyValueSpecification\",\"valueRequired\":true,\"valueName\":\"search_term_string\"}}],\"inLanguage\":\"lt-LT\"},{\"@type\":\"Person\",\"@id\":\"https:\/\/eautomobiliai.lt\/#\/schema\/person\/ecf2a967f361217d056061f74deb92f2\",\"name\":\"admin\",\"image\":{\"@type\":\"ImageObject\",\"inLanguage\":\"lt-LT\",\"@id\":\"https:\/\/eautomobiliai.lt\/#\/schema\/person\/image\/\",\"url\":\"https:\/\/secure.gravatar.com\/avatar\/6323379efae0c70c686c7905444d6bbd?s=96&d=mm&r=g\",\"contentUrl\":\"https:\/\/secure.gravatar.com\/avatar\/6323379efae0c70c686c7905444d6bbd?s=96&d=mm&r=g\",\"caption\":\"admin\"},\"sameAs\":[\"http:\/\/eautomobiliai.lt\"],\"url\":\"http:\/\/eautomobiliai.lt\/index.php\/author\/admin\/\"}]}<\/script>\n<!-- \/ Yoast SEO plugin. -->","yoast_head_json":{"title":"Sunkve\u017eimiai yra pasireng\u0119 \u0161iandien apimti akumuliatoriaus gali\u0105 (Kinda) - Eautomobiliai.lt","robots":{"index":"index","follow":"follow","max-snippet":"max-snippet:-1","max-image-preview":"max-image-preview:large","max-video-preview":"max-video-preview:-1"},"canonical":"https:\/\/eautomobiliai.lt\/index.php\/2025\/10\/13\/sunkvezimiai-yra-pasirenge-siandien-apimti-akumuliatoriaus-galia-kinda\/","og_locale":"lt_LT","og_type":"article","og_title":"Sunkve\u017eimiai yra pasireng\u0119 \u0161iandien apimti akumuliatoriaus gali\u0105 (Kinda) - Eautomobiliai.lt","og_description":"Naujas sunki\u0173j\u0173 sunkve\u017eimi\u0173 gamintoj\u0173 \u201ePaccar\u201c ir \u201eDragonfly Energy\u201c, kuriame yra realaus pasaulio laivyno bandym\u0173 duomenys ir aplinkos r\u016bm\u0173 bandymai, atlikti&hellip;","og_url":"https:\/\/eautomobiliai.lt\/index.php\/2025\/10\/13\/sunkvezimiai-yra-pasirenge-siandien-apimti-akumuliatoriaus-galia-kinda\/","og_site_name":"Eautomobiliai.lt","article_published_time":"2025-10-13T03:52:53+00:00","og_image":[{"width":1200,"height":628,"url":"https:\/\/eautomobiliai.lt\/wp-content\/uploads\/2025\/10\/Sunkvezimiai-yra-pasirenge-siandien-apimti-akumuliatoriaus-galia-Kinda.jpg","type":"image\/jpeg"}],"author":"admin","twitter_card":"summary_large_image","twitter_misc":{"Written by":"admin","Est. reading time":"3 minut\u0117s"},"schema":{"@context":"https:\/\/schema.org","@graph":[{"@type":"Article","@id":"https:\/\/eautomobiliai.lt\/index.php\/2025\/10\/13\/sunkvezimiai-yra-pasirenge-siandien-apimti-akumuliatoriaus-galia-kinda\/#article","isPartOf":{"@id":"https:\/\/eautomobiliai.lt\/index.php\/2025\/10\/13\/sunkvezimiai-yra-pasirenge-siandien-apimti-akumuliatoriaus-galia-kinda\/"},"author":{"name":"admin","@id":"https:\/\/eautomobiliai.lt\/#\/schema\/person\/ecf2a967f361217d056061f74deb92f2"},"headline":"Sunkve\u017eimiai yra pasireng\u0119 \u0161iandien apimti akumuliatoriaus gali\u0105 (Kinda)","datePublished":"2025-10-13T03:52:53+00:00","mainEntityOfPage":{"@id":"https:\/\/eautomobiliai.lt\/index.php\/2025\/10\/13\/sunkvezimiai-yra-pasirenge-siandien-apimti-akumuliatoriaus-galia-kinda\/"},"wordCount":705,"commentCount":0,"image":{"@id":"https:\/\/eautomobiliai.lt\/index.php\/2025\/10\/13\/sunkvezimiai-yra-pasirenge-siandien-apimti-akumuliatoriaus-galia-kinda\/#primaryimage"},"thumbnailUrl":"http:\/\/eautomobiliai.lt\/wp-content\/uploads\/2025\/10\/Sunkvezimiai-yra-pasirenge-siandien-apimti-akumuliatoriaus-galia-Kinda.jpg","keywords":["akumuliatoriaus","apimti","gali\u0105","Kinda","pasireng\u0119","\u0161iandien","sunkve\u017eimiai","yra"],"articleSection":["ELEKTRINIAI AUTOMOBILIAI"],"inLanguage":"lt-LT","potentialAction":[{"@type":"CommentAction","name":"Comment","target":["https:\/\/eautomobiliai.lt\/index.php\/2025\/10\/13\/sunkvezimiai-yra-pasirenge-siandien-apimti-akumuliatoriaus-galia-kinda\/#respond"]}]},{"@type":"WebPage","@id":"https:\/\/eautomobiliai.lt\/index.php\/2025\/10\/13\/sunkvezimiai-yra-pasirenge-siandien-apimti-akumuliatoriaus-galia-kinda\/","url":"https:\/\/eautomobiliai.lt\/index.php\/2025\/10\/13\/sunkvezimiai-yra-pasirenge-siandien-apimti-akumuliatoriaus-galia-kinda\/","name":"Sunkve\u017eimiai yra pasireng\u0119 \u0161iandien apimti akumuliatoriaus gali\u0105 (Kinda) - Eautomobiliai.lt","isPartOf":{"@id":"https:\/\/eautomobiliai.lt\/#website"},"primaryImageOfPage":{"@id":"https:\/\/eautomobiliai.lt\/index.php\/2025\/10\/13\/sunkvezimiai-yra-pasirenge-siandien-apimti-akumuliatoriaus-galia-kinda\/#primaryimage"},"image":{"@id":"https:\/\/eautomobiliai.lt\/index.php\/2025\/10\/13\/sunkvezimiai-yra-pasirenge-siandien-apimti-akumuliatoriaus-galia-kinda\/#primaryimage"},"thumbnailUrl":"http:\/\/eautomobiliai.lt\/wp-content\/uploads\/2025\/10\/Sunkvezimiai-yra-pasirenge-siandien-apimti-akumuliatoriaus-galia-Kinda.jpg","datePublished":"2025-10-13T03:52:53+00:00","author":{"@id":"https:\/\/eautomobiliai.lt\/#\/schema\/person\/ecf2a967f361217d056061f74deb92f2"},"breadcrumb":{"@id":"https:\/\/eautomobiliai.lt\/index.php\/2025\/10\/13\/sunkvezimiai-yra-pasirenge-siandien-apimti-akumuliatoriaus-galia-kinda\/#breadcrumb"},"inLanguage":"lt-LT","potentialAction":[{"@type":"ReadAction","target":["https:\/\/eautomobiliai.lt\/index.php\/2025\/10\/13\/sunkvezimiai-yra-pasirenge-siandien-apimti-akumuliatoriaus-galia-kinda\/"]}]},{"@type":"ImageObject","inLanguage":"lt-LT","@id":"https:\/\/eautomobiliai.lt\/index.php\/2025\/10\/13\/sunkvezimiai-yra-pasirenge-siandien-apimti-akumuliatoriaus-galia-kinda\/#primaryimage","url":"http:\/\/eautomobiliai.lt\/wp-content\/uploads\/2025\/10\/Sunkvezimiai-yra-pasirenge-siandien-apimti-akumuliatoriaus-galia-Kinda.jpg","contentUrl":"http:\/\/eautomobiliai.lt\/wp-content\/uploads\/2025\/10\/Sunkvezimiai-yra-pasirenge-siandien-apimti-akumuliatoriaus-galia-Kinda.jpg","width":1200,"height":628},{"@type":"BreadcrumbList","@id":"https:\/\/eautomobiliai.lt\/index.php\/2025\/10\/13\/sunkvezimiai-yra-pasirenge-siandien-apimti-akumuliatoriaus-galia-kinda\/#breadcrumb","itemListElement":[{"@type":"ListItem","position":1,"name":"Home","item":"https:\/\/eautomobiliai.lt\/"},{"@type":"ListItem","position":2,"name":"Sunkve\u017eimiai yra pasireng\u0119 \u0161iandien apimti akumuliatoriaus gali\u0105 (Kinda)"}]},{"@type":"WebSite","@id":"https:\/\/eautomobiliai.lt\/#website","url":"https:\/\/eautomobiliai.lt\/","name":"Eautomobiliai.lt","description":"Elektrinis transportas, technologijos","potentialAction":[{"@type":"SearchAction","target":{"@type":"EntryPoint","urlTemplate":"https:\/\/eautomobiliai.lt\/?s={search_term_string}"},"query-input":{"@type":"PropertyValueSpecification","valueRequired":true,"valueName":"search_term_string"}}],"inLanguage":"lt-LT"},{"@type":"Person","@id":"https:\/\/eautomobiliai.lt\/#\/schema\/person\/ecf2a967f361217d056061f74deb92f2","name":"admin","image":{"@type":"ImageObject","inLanguage":"lt-LT","@id":"https:\/\/eautomobiliai.lt\/#\/schema\/person\/image\/","url":"https:\/\/secure.gravatar.com\/avatar\/6323379efae0c70c686c7905444d6bbd?s=96&d=mm&r=g","contentUrl":"https:\/\/secure.gravatar.com\/avatar\/6323379efae0c70c686c7905444d6bbd?s=96&d=mm&r=g","caption":"admin"},"sameAs":["http:\/\/eautomobiliai.lt"],"url":"http:\/\/eautomobiliai.lt\/index.php\/author\/admin\/"}]}},"_links":{"self":[{"href":"http:\/\/eautomobiliai.lt\/index.php\/wp-json\/wp\/v2\/posts\/2382","targetHints":{"allow":["GET"]}}],"collection":[{"href":"http:\/\/eautomobiliai.lt\/index.php\/wp-json\/wp\/v2\/posts"}],"about":[{"href":"http:\/\/eautomobiliai.lt\/index.php\/wp-json\/wp\/v2\/types\/post"}],"author":[{"embeddable":true,"href":"http:\/\/eautomobiliai.lt\/index.php\/wp-json\/wp\/v2\/users\/1"}],"replies":[{"embeddable":true,"href":"http:\/\/eautomobiliai.lt\/index.php\/wp-json\/wp\/v2\/comments?post=2382"}],"version-history":[{"count":0,"href":"http:\/\/eautomobiliai.lt\/index.php\/wp-json\/wp\/v2\/posts\/2382\/revisions"}],"wp:featuredmedia":[{"embeddable":true,"href":"http:\/\/eautomobiliai.lt\/index.php\/wp-json\/wp\/v2\/media\/2383"}],"wp:attachment":[{"href":"http:\/\/eautomobiliai.lt\/index.php\/wp-json\/wp\/v2\/media?parent=2382"}],"wp:term":[{"taxonomy":"category","embeddable":true,"href":"http:\/\/eautomobiliai.lt\/index.php\/wp-json\/wp\/v2\/categories?post=2382"},{"taxonomy":"post_tag","embeddable":true,"href":"http:\/\/eautomobiliai.lt\/index.php\/wp-json\/wp\/v2\/tags?post=2382"}],"curies":[{"name":"wp","href":"https:\/\/api.w.org\/{rel}","templated":true}]}}