{"id":2384,"date":"2025-10-13T07:54:48","date_gmt":"2025-10-13T07:54:48","guid":{"rendered":"http:\/\/eautomobiliai.lt\/index.php\/2025\/10\/13\/volvo-pristato-daugiapakopius-saugos-dirzus-naujame-ev-atsizvelgiant-i-ugi-ir-svori\/"},"modified":"2025-10-13T07:54:48","modified_gmt":"2025-10-13T07:54:48","slug":"volvo-pristato-daugiapakopius-saugos-dirzus-naujame-ev-atsizvelgiant-i-ugi-ir-svori","status":"publish","type":"post","link":"http:\/\/eautomobiliai.lt\/index.php\/2025\/10\/13\/volvo-pristato-daugiapakopius-saugos-dirzus-naujame-ev-atsizvelgiant-i-ugi-ir-svori\/","title":{"rendered":"\u201eVolvo\u201c pristato \u201edaugiapakopius\u201c saugos dir\u017eus naujame EV, atsi\u017evelgiant \u012f \u016bg\u012f ir svor\u012f"},"content":{"rendered":"<p> <br \/>\n<\/p>\n<div id=\"\">\n<p><span style=\"font-weight: 400;\">\u201eVolvo\u201c-originalios trij\u0173 ta\u0161k\u0173 saugos dir\u017eo k\u016br\u0117jas-padidino savo saugos \u017eaidim\u0105 su art\u0117jan\u010diu \u201eElectric EX60\u201c visureigiu, atne\u0161damas pasaulin\u012f daugiapakop\u012f saugos dir\u017e\u0105. <\/span><\/p>\n<p><span style=\"font-weight: 400;\">\u0160\u012f nauj\u0105 daugiapakop\u012f saugos dir\u017e\u0105 suprojektavo \u201eVolvo\u201c in\u017einieriai, kad dar geriau apsaugot\u0173 keleivius salono viduje, prisitaikydamas prie transporto priemon\u0117s eismo s\u0105lyg\u0173, taip pat asmen\u012f, kur\u012f ji ne\u0161ioja.<\/span><\/p>\n<p><span style=\"font-weight: 400;\">Anot \u201eVolvo\u201c, naujoji sistema naudoja realaus laiko duomenis i\u0161 automobilio jutikli\u0173, esan\u010di\u0173 i\u0161oriniame k\u0117bule ir salono viduje, kad pritaikyt\u0173 keleivi\u0173 apsaug\u0105.<\/span><\/p>\n<p><span style=\"font-weight: 400;\">Tai tai daroma prisitaikant prie dabartin\u0117s situacijos ir unikalios asmeninio vairuotoj\u0173 ir keleivi\u0173 profilio, naudojant tokius veiksnius kaip j\u0173 \u016bgis, svoris, k\u016bno forma ir s\u0117dimos vietos pad\u0117tis.<\/span><\/p>\n<p><span style=\"font-weight: 400;\">Pavyzd\u017eiui, didesnis keleivis per sunki\u0105 avarij\u0105 gaus didesn\u012f dir\u017eo apkrov\u0105, kad pad\u0117t\u0173 suma\u017einti galvos traumos rizik\u0105.<\/span><\/p>\n<figure id=\"attachment_191211\" aria-describedby=\"caption-attachment-191211\" style=\"width: 1200px\" class=\"wp-caption aligncenter\"><img loading=\"lazy\" decoding=\"async\" class=\"size-full wp-image-191211\" src=\"https:\/\/thedriven.io\/wp-content\/uploads\/2025\/10\/Volvo-EX60-Seat-Belt-Module.jpg\" alt=\"\" width=\"1200\" height=\"900\" srcset=\"https:\/\/thedriven.io\/wp-content\/uploads\/2025\/10\/Volvo-EX60-Seat-Belt-Module.jpg 1200w, https:\/\/thedriven.io\/wp-content\/uploads\/2025\/10\/Volvo-EX60-Seat-Belt-Module-388x291.jpg 388w, https:\/\/thedriven.io\/wp-content\/uploads\/2025\/10\/Volvo-EX60-Seat-Belt-Module-1160x870.jpg 1160w, https:\/\/thedriven.io\/wp-content\/uploads\/2025\/10\/Volvo-EX60-Seat-Belt-Module-380x285.jpg 380w, https:\/\/thedriven.io\/wp-content\/uploads\/2025\/10\/Volvo-EX60-Seat-Belt-Module-800x600.jpg 800w, https:\/\/thedriven.io\/wp-content\/uploads\/2025\/10\/Volvo-EX60-Seat-Belt-Module-300x225.jpg 300w, https:\/\/thedriven.io\/wp-content\/uploads\/2025\/10\/Volvo-EX60-Seat-Belt-Module-120x90.jpg 120w, https:\/\/thedriven.io\/wp-content\/uploads\/2025\/10\/Volvo-EX60-Seat-Belt-Module-90x68.jpg 90w, https:\/\/thedriven.io\/wp-content\/uploads\/2025\/10\/Volvo-EX60-Seat-Belt-Module-320x240.jpg 320w, https:\/\/thedriven.io\/wp-content\/uploads\/2025\/10\/Volvo-EX60-Seat-Belt-Module-560x420.jpg 560w, https:\/\/thedriven.io\/wp-content\/uploads\/2025\/10\/Volvo-EX60-Seat-Belt-Module-150x113.jpg 150w, https:\/\/thedriven.io\/wp-content\/uploads\/2025\/10\/Volvo-EX60-Seat-Belt-Module-760x570.jpg 760w, https:\/\/thedriven.io\/wp-content\/uploads\/2025\/10\/Volvo-EX60-Seat-Belt-Module-600x450.jpg 600w, https:\/\/thedriven.io\/wp-content\/uploads\/2025\/10\/Volvo-EX60-Seat-Belt-Module-240x180.jpg 240w, https:\/\/thedriven.io\/wp-content\/uploads\/2025\/10\/Volvo-EX60-Seat-Belt-Module-180x136.jpg 180w, https:\/\/thedriven.io\/wp-content\/uploads\/2025\/10\/Volvo-EX60-Seat-Belt-Module-640x480.jpg 640w, https:\/\/thedriven.io\/wp-content\/uploads\/2025\/10\/Volvo-EX60-Seat-Belt-Module-1120x840.jpg 1120w\" sizes=\"auto, (max-width: 1200px) 100vw, 1200px\"\/><figcaption id=\"caption-attachment-191211\" class=\"wp-caption-text\">Paveiksl\u0117lis: \u201eVolvo\u201c<\/figcaption><\/figure>\n<\/p>\n<p><span style=\"font-weight: 400;\">Pana\u0161iai ma\u017eesnis keleivis \u0161velnesn\u0117je avarijoje gaus ma\u017eesn\u012f dir\u017eo apkrovos nustatym\u0105, kad suma\u017eint\u0173 \u0161onkauli\u0173 l\u016b\u017ei\u0173 rizik\u0105. <\/span><\/p>\n<p><span style=\"font-weight: 400;\">\u201eVolvo\u201c taip pat sako, kad nauji daugiapakopiai saugos dir\u017eai yra skirti patobulinti per \u201eOperos\u201c (OTA) programin\u0117s \u012frangos atnaujinimus, tod\u0117l laikui b\u0117gant jie gali b\u016bti saugesni, nes \u201eVolvo\u201c komanda renka daugiau \u012f\u017evalg\u0173 i\u0161 sistemos.<\/span><\/p>\n<p><span style=\"font-weight: 400;\">Proceso metu \u0161i saugos naujov\u0117 taip pat buvo \u012ftraukta \u012f geriausius 2025 m. I\u0161radim\u0173 s\u0105ra\u0161\u0105 \u201eTime Magazine\u201c.<\/span><\/p>\n<p><span style=\"font-weight: 400;\">\u00c5sa Haglund, \u201eVolvo Cars\u201c saugos centro vadovas, sak\u0117: \u201eMes did\u017eiuojam\u0117s, kad esame pripa\u017einti automobili\u0173 saugos lyderiu\u201c. <\/span><\/p>\n<p><span style=\"font-weight: 400;\">\u201eTur\u0117dami daugiapakop\u012f saugos dir\u017e\u0105 art\u0117jan\u010diame\u201e EX60 \u201c, mes naudojame realaus laiko duomenis, kad pritaikytume j\u0105 ir j\u0105 ne\u0161iojant\u012f asmen\u012f-suteikdami protingesn\u0119, individualizuot\u0105 apsaug\u0105, kuri gali pad\u0117ti suma\u017einti traum\u0105.\u201c<\/span><\/p>\n<figure id=\"attachment_191210\" aria-describedby=\"caption-attachment-191210\" style=\"width: 1200px\" class=\"wp-caption aligncenter\"><img decoding=\"async\" class=\"size-full wp-image-191210 native-lazyload-js-fallback\" alt=\"\" width=\"1200\" height=\"900\" loading=\"lazy\" src=\"https:\/\/b2232832.smushcdn.com\/2232832\/wp-content\/uploads\/2025\/10\/Volvo-EX60-Seat-Belt-Module-Cross-Section.jpg?lossy=1&amp;strip=0&amp;webp=1\" srcset=\"https:\/\/b2232832.smushcdn.com\/2232832\/wp-content\/uploads\/2025\/10\/Volvo-EX60-Seat-Belt-Module-Cross-Section.jpg?lossy=1&amp;strip=0&amp;webp=1 1200w, https:\/\/b2232832.smushcdn.com\/2232832\/wp-content\/uploads\/2025\/10\/Volvo-EX60-Seat-Belt-Module-Cross-Section-388x291.jpg?lossy=1&amp;strip=0&amp;webp=1 388w, https:\/\/b2232832.smushcdn.com\/2232832\/wp-content\/uploads\/2025\/10\/Volvo-EX60-Seat-Belt-Module-Cross-Section-1160x870.jpg?lossy=1&amp;strip=0&amp;webp=1 1160w, https:\/\/b2232832.smushcdn.com\/2232832\/wp-content\/uploads\/2025\/10\/Volvo-EX60-Seat-Belt-Module-Cross-Section-380x285.jpg?lossy=1&amp;strip=0&amp;webp=1 380w, https:\/\/b2232832.smushcdn.com\/2232832\/wp-content\/uploads\/2025\/10\/Volvo-EX60-Seat-Belt-Module-Cross-Section-800x600.jpg?lossy=1&amp;strip=0&amp;webp=1 800w, https:\/\/b2232832.smushcdn.com\/2232832\/wp-content\/uploads\/2025\/10\/Volvo-EX60-Seat-Belt-Module-Cross-Section-300x225.jpg?lossy=1&amp;strip=0&amp;webp=1 300w, https:\/\/b2232832.smushcdn.com\/2232832\/wp-content\/uploads\/2025\/10\/Volvo-EX60-Seat-Belt-Module-Cross-Section-120x90.jpg?lossy=1&amp;strip=0&amp;webp=1 120w, https:\/\/b2232832.smushcdn.com\/2232832\/wp-content\/uploads\/2025\/10\/Volvo-EX60-Seat-Belt-Module-Cross-Section-90x68.jpg?lossy=1&amp;strip=0&amp;webp=1 90w, https:\/\/b2232832.smushcdn.com\/2232832\/wp-content\/uploads\/2025\/10\/Volvo-EX60-Seat-Belt-Module-Cross-Section-320x240.jpg?lossy=1&amp;strip=0&amp;webp=1 320w, https:\/\/b2232832.smushcdn.com\/2232832\/wp-content\/uploads\/2025\/10\/Volvo-EX60-Seat-Belt-Module-Cross-Section-560x420.jpg?lossy=1&amp;strip=0&amp;webp=1 560w, https:\/\/b2232832.smushcdn.com\/2232832\/wp-content\/uploads\/2025\/10\/Volvo-EX60-Seat-Belt-Module-Cross-Section-150x113.jpg?lossy=1&amp;strip=0&amp;webp=1 150w, https:\/\/b2232832.smushcdn.com\/2232832\/wp-content\/uploads\/2025\/10\/Volvo-EX60-Seat-Belt-Module-Cross-Section-760x570.jpg?lossy=1&amp;strip=0&amp;webp=1 760w, https:\/\/b2232832.smushcdn.com\/2232832\/wp-content\/uploads\/2025\/10\/Volvo-EX60-Seat-Belt-Module-Cross-Section-600x450.jpg?lossy=1&amp;strip=0&amp;webp=1 600w, https:\/\/b2232832.smushcdn.com\/2232832\/wp-content\/uploads\/2025\/10\/Volvo-EX60-Seat-Belt-Module-Cross-Section-240x180.jpg?lossy=1&amp;strip=0&amp;webp=1 240w, https:\/\/b2232832.smushcdn.com\/2232832\/wp-content\/uploads\/2025\/10\/Volvo-EX60-Seat-Belt-Module-Cross-Section-180x136.jpg?lossy=1&amp;strip=0&amp;webp=1 180w, https:\/\/b2232832.smushcdn.com\/2232832\/wp-content\/uploads\/2025\/10\/Volvo-EX60-Seat-Belt-Module-Cross-Section-640x480.jpg?lossy=1&amp;strip=0&amp;webp=1 640w, https:\/\/b2232832.smushcdn.com\/2232832\/wp-content\/uploads\/2025\/10\/Volvo-EX60-Seat-Belt-Module-Cross-Section-1120x840.jpg?lossy=1&amp;strip=0&amp;webp=1 1120w\" data-sizes=\"(max-width: 1200px) 100vw, 1200px\"\/><img loading=\"lazy\" decoding=\"async\" class=\"size-full wp-image-191210\" src=\"https:\/\/thedriven.io\/wp-content\/uploads\/2025\/10\/Volvo-EX60-Seat-Belt-Module-Cross-Section.jpg\" alt=\"\" width=\"1200\" height=\"900\" srcset=\"https:\/\/thedriven.io\/wp-content\/uploads\/2025\/10\/Volvo-EX60-Seat-Belt-Module-Cross-Section.jpg 1200w, https:\/\/thedriven.io\/wp-content\/uploads\/2025\/10\/Volvo-EX60-Seat-Belt-Module-Cross-Section-388x291.jpg 388w, https:\/\/thedriven.io\/wp-content\/uploads\/2025\/10\/Volvo-EX60-Seat-Belt-Module-Cross-Section-1160x870.jpg 1160w, https:\/\/thedriven.io\/wp-content\/uploads\/2025\/10\/Volvo-EX60-Seat-Belt-Module-Cross-Section-380x285.jpg 380w, https:\/\/thedriven.io\/wp-content\/uploads\/2025\/10\/Volvo-EX60-Seat-Belt-Module-Cross-Section-800x600.jpg 800w, https:\/\/thedriven.io\/wp-content\/uploads\/2025\/10\/Volvo-EX60-Seat-Belt-Module-Cross-Section-300x225.jpg 300w, https:\/\/thedriven.io\/wp-content\/uploads\/2025\/10\/Volvo-EX60-Seat-Belt-Module-Cross-Section-120x90.jpg 120w, https:\/\/thedriven.io\/wp-content\/uploads\/2025\/10\/Volvo-EX60-Seat-Belt-Module-Cross-Section-90x68.jpg 90w, https:\/\/thedriven.io\/wp-content\/uploads\/2025\/10\/Volvo-EX60-Seat-Belt-Module-Cross-Section-320x240.jpg 320w, https:\/\/thedriven.io\/wp-content\/uploads\/2025\/10\/Volvo-EX60-Seat-Belt-Module-Cross-Section-560x420.jpg 560w, https:\/\/thedriven.io\/wp-content\/uploads\/2025\/10\/Volvo-EX60-Seat-Belt-Module-Cross-Section-150x113.jpg 150w, https:\/\/thedriven.io\/wp-content\/uploads\/2025\/10\/Volvo-EX60-Seat-Belt-Module-Cross-Section-760x570.jpg 760w, https:\/\/thedriven.io\/wp-content\/uploads\/2025\/10\/Volvo-EX60-Seat-Belt-Module-Cross-Section-600x450.jpg 600w, https:\/\/thedriven.io\/wp-content\/uploads\/2025\/10\/Volvo-EX60-Seat-Belt-Module-Cross-Section-240x180.jpg 240w, https:\/\/thedriven.io\/wp-content\/uploads\/2025\/10\/Volvo-EX60-Seat-Belt-Module-Cross-Section-180x136.jpg 180w, https:\/\/thedriven.io\/wp-content\/uploads\/2025\/10\/Volvo-EX60-Seat-Belt-Module-Cross-Section-640x480.jpg 640w, https:\/\/thedriven.io\/wp-content\/uploads\/2025\/10\/Volvo-EX60-Seat-Belt-Module-Cross-Section-1120x840.jpg 1120w\" sizes=\"auto, (max-width: 1200px) 100vw, 1200px\"\/><figcaption id=\"caption-attachment-191210\" class=\"wp-caption-text\">Paveiksl\u0117lis: \u201eVolvo\u201c<\/figcaption><\/figure>\n<p><span style=\"font-weight: 400;\">\u201eVolvo\u201c yra saugos dir\u017e\u0173 technologijos pradininkas, o \u201eVolvo\u201c in\u017einierius Nilsas Bohlinas 1959 m. I\u0161rado modern\u0173 trita\u0161kio saugos dir\u017e\u0105.<\/span><\/p>\n<p><span style=\"font-weight: 400;\">Tada \u012fmon\u0117 padar\u0117 \u201eSystem Open Healce\u201c patent\u0105, kad kiti automobili\u0173 gamintojai gal\u0117t\u0173 nemokamai naudotis visuomen\u0117s saugumu, pad\u0117damas padaryti kelius saugesnius visame pasaulyje.<\/span><\/p>\n<p><span style=\"font-weight: 400;\">\u0160iuo metu \u201eVolvo\u201c Australijos rinkoje parduoda kelis visi\u0161kai elektrinius modelius. Tai apima \u201eEX40\u201c (ma\u017e\u0105 visureig\u012f), \u201eC40\u201c (ma\u017e\u0105 kup\u0117 pana\u0161\u0173 visureig\u012f), \u201eEx30\u201c (\u201eCity\u201c visureigis), \u201eEx90\u201c (didelis 7 viet\u0173 visureigis) ir neseniai paskelbtas \u201eES90\u201c (didelis sedanas), kuris skirtas atvykti \u012f Australij\u0105.<\/span><\/p>\n<p><span style=\"font-weight: 400;\">\u201eVolvo\u201c \u201eEX60\u201c yra kitas pagrindinis modelis bendrov\u0117s pasaulin\u0117je ir vietin\u0117je elektrin\u0117je serijoje, kuris, tikimasi, paai\u0161k\u0117s 2026 m. Sausio m\u0117n. Per tiesiogin\u012f rengin\u012f i\u0161 Stokholmo \u0160vedijoje. <\/span><\/p>\n<p><span style=\"font-weight: 400;\">Taip pat tikimasi, kad ji bus naujausioje bendrov\u0117s kei\u010diamo mastelio gamini\u0173 architekt\u016bros (SPA3) platformoje, potencialiai padidindamas greitesn\u012f \u012fkrovimo greit\u012f ir efektyvumo padid\u0117jim\u0105.<\/span><\/p>\n<p><span style=\"font-weight: 400;\">Tikimasi, kad Australijos \u0161io modelio at\u0117jimas, kuriame bus naujausia \u201eVolvo\u201c saugos technologija, antroje 2026 m. Pusmetyje.<\/span><\/p>\n<p><span style=\"font-weight: 400;\">Atsi\u017evelgiant \u012f tai, kad dabartinis \u201eXC60\u201c yra antrasis bendrov\u0117s bestseleris m\u016bs\u0173 rinkoje, iki \u0161iol 2025 m.-daugiau nei 1 400 pardavim\u0173, \u201eFull Electric EX60\u201c su \u0161ia technika gerai gaus \u201ePremium\u201c visureigi\u0173 pirk\u0117jus, norin\u010dius nugriauti ledo automobilius.<\/span><\/p>\n<div class=\"saboxplugin-wrap\" itemtype=\"http:\/\/schema.org\/Person\" itemscope=\"\" itemprop=\"author\">\n<div class=\"saboxplugin-tab\">\n<div class=\"saboxplugin-gravatar\"><img decoding=\"async\" width=\"100\" height=\"100\" alt=\"Rizas Akhtar\" itemprop=\"image\" loading=\"lazy\" class=\"native-lazyload-js-fallback\" src=\"https:\/\/b2232832.smushcdn.com\/2232832\/wp-content\/uploads\/2022\/02\/Riz.jpg?lossy=1&amp;strip=0&amp;webp=1\"\/><img loading=\"lazy\" decoding=\"async\" src=\"https:\/\/thedriven.io\/wp-content\/uploads\/2022\/02\/Riz.jpg\" width=\"100\" height=\"100\" alt=\"Rizas Akhtar\" itemprop=\"image\"\/><\/div>\n<div class=\"saboxplugin-desc\">\n<div itemprop=\"description\">\n<p>RIZ yra \u201eCarloop\u201c \u012fk\u016br\u0117jas, \u012fsik\u016br\u0119s Melburne, specializuojasi Australijos EV duomenyse, \u012f\u017evalgos ataskaitose ir tendencijose. Jis yra mechanikos in\u017einierius, prie\u0161 pradedant \u201eCarloop\u201c pirmuosius 7 savo karjeros statybos transporto infrastrukt\u016bros metus. Jis turi aistr\u0105 automobiliams, ypa\u010d EV ir nori pad\u0117ti suma\u017einti transporto i\u0161metim\u0105 Australijoje. \u0160iuo metu jis vairuoja \u201eRed Tesla\u201c model\u012f 3.<\/p>\n<\/div>\n<\/div>\n<\/div>\n<\/div>\n<p><!-- AI CONTENT END 1 --><\/p><\/div>\n<p><br \/>\n<br \/><a href=\"https:\/\/thedriven.io\/2025\/10\/13\/volvo-introduces-multi-adaptive-safety-belts-in-new-ev-taking-account-of-height-and-weight\/\">Source link <\/a><\/p>\n","protected":false},"excerpt":{"rendered":"<p>\u201eVolvo\u201c-originalios trij\u0173 ta\u0161k\u0173 saugos dir\u017eo k\u016br\u0117jas-padidino savo saugos \u017eaidim\u0105 su art\u0117jan\u010diu \u201eElectric EX60\u201c visureigiu, atne\u0161damas pasaulin\u012f daugiapakop\u012f saugos dir\u017e\u0105. \u0160\u012f&hellip;<\/p>\n","protected":false},"author":1,"featured_media":2385,"comment_status":"open","ping_status":"open","sticky":false,"template":"","format":"standard","meta":{"om_disable_all_campaigns":false,"_monsterinsights_skip_tracking":false,"_monsterinsights_sitenote_active":false,"_monsterinsights_sitenote_note":"","_monsterinsights_sitenote_category":0,"footnotes":""},"categories":[39],"tags":[4063,4061,4062,967,1276,375,671,4064,261],"class_list":["post-2384","post","type-post","status-publish","format-standard","has-post-thumbnail","hentry","category-eautomobiliu-technine-puse","tag-atsizvelgiant","tag-daugiapakopius","tag-dirzus","tag-naujame","tag-pristato","tag-saugos","tag-svori","tag-ugi","tag-volvo"],"aioseo_notices":[],"yoast_head":"<!-- This site is optimized with the Yoast SEO plugin v26.8 - https:\/\/yoast.com\/product\/yoast-seo-wordpress\/ -->\n<title>\u201eVolvo\u201c pristato \u201edaugiapakopius\u201c saugos dir\u017eus naujame EV, atsi\u017evelgiant \u012f \u016bg\u012f ir svor\u012f - Eautomobiliai.lt<\/title>\n<meta name=\"robots\" content=\"index, follow, max-snippet:-1, max-image-preview:large, max-video-preview:-1\" \/>\n<link rel=\"canonical\" href=\"http:\/\/eautomobiliai.lt\/index.php\/2025\/10\/13\/volvo-pristato-daugiapakopius-saugos-dirzus-naujame-ev-atsizvelgiant-i-ugi-ir-svori\/\" \/>\n<meta property=\"og:locale\" content=\"lt_LT\" \/>\n<meta property=\"og:type\" content=\"article\" \/>\n<meta property=\"og:title\" content=\"\u201eVolvo\u201c pristato \u201edaugiapakopius\u201c saugos dir\u017eus naujame EV, atsi\u017evelgiant \u012f \u016bg\u012f ir svor\u012f - Eautomobiliai.lt\" \/>\n<meta property=\"og:description\" content=\"\u201eVolvo\u201c-originalios trij\u0173 ta\u0161k\u0173 saugos dir\u017eo k\u016br\u0117jas-padidino savo saugos \u017eaidim\u0105 su art\u0117jan\u010diu \u201eElectric EX60\u201c visureigiu, atne\u0161damas pasaulin\u012f daugiapakop\u012f saugos dir\u017e\u0105. \u0160\u012f&hellip;\" \/>\n<meta property=\"og:url\" content=\"http:\/\/eautomobiliai.lt\/index.php\/2025\/10\/13\/volvo-pristato-daugiapakopius-saugos-dirzus-naujame-ev-atsizvelgiant-i-ugi-ir-svori\/\" \/>\n<meta property=\"og:site_name\" content=\"Eautomobiliai.lt\" \/>\n<meta property=\"article:published_time\" content=\"2025-10-13T07:54:48+00:00\" \/>\n<meta property=\"og:image\" content=\"http:\/\/eautomobiliai.lt\/wp-content\/uploads\/2025\/10\/\u201eVolvo-pristato-\u201edaugiapakopius-saugos-dirzus-naujame-EV-atsizvelgiant-i-ugi.jpg\" \/>\n\t<meta property=\"og:image:width\" content=\"1200\" \/>\n\t<meta property=\"og:image:height\" content=\"675\" \/>\n\t<meta property=\"og:image:type\" content=\"image\/jpeg\" \/>\n<meta name=\"author\" content=\"admin\" \/>\n<meta name=\"twitter:card\" content=\"summary_large_image\" \/>\n<meta name=\"twitter:label1\" content=\"Written by\" \/>\n\t<meta name=\"twitter:data1\" content=\"admin\" \/>\n\t<meta name=\"twitter:label2\" content=\"Est. reading time\" \/>\n\t<meta name=\"twitter:data2\" content=\"3 minut\u0117s\" \/>\n<script type=\"application\/ld+json\" class=\"yoast-schema-graph\">{\"@context\":\"https:\/\/schema.org\",\"@graph\":[{\"@type\":\"Article\",\"@id\":\"http:\/\/eautomobiliai.lt\/index.php\/2025\/10\/13\/volvo-pristato-daugiapakopius-saugos-dirzus-naujame-ev-atsizvelgiant-i-ugi-ir-svori\/#article\",\"isPartOf\":{\"@id\":\"http:\/\/eautomobiliai.lt\/index.php\/2025\/10\/13\/volvo-pristato-daugiapakopius-saugos-dirzus-naujame-ev-atsizvelgiant-i-ugi-ir-svori\/\"},\"author\":{\"name\":\"admin\",\"@id\":\"https:\/\/eautomobiliai.lt\/#\/schema\/person\/ecf2a967f361217d056061f74deb92f2\"},\"headline\":\"\u201eVolvo\u201c pristato \u201edaugiapakopius\u201c saugos dir\u017eus naujame EV, atsi\u017evelgiant \u012f \u016bg\u012f ir svor\u012f\",\"datePublished\":\"2025-10-13T07:54:48+00:00\",\"mainEntityOfPage\":{\"@id\":\"http:\/\/eautomobiliai.lt\/index.php\/2025\/10\/13\/volvo-pristato-daugiapakopius-saugos-dirzus-naujame-ev-atsizvelgiant-i-ugi-ir-svori\/\"},\"wordCount\":534,\"commentCount\":0,\"image\":{\"@id\":\"http:\/\/eautomobiliai.lt\/index.php\/2025\/10\/13\/volvo-pristato-daugiapakopius-saugos-dirzus-naujame-ev-atsizvelgiant-i-ugi-ir-svori\/#primaryimage\"},\"thumbnailUrl\":\"http:\/\/eautomobiliai.lt\/wp-content\/uploads\/2025\/10\/\u201eVolvo-pristato-\u201edaugiapakopius-saugos-dirzus-naujame-EV-atsizvelgiant-i-ugi.jpg\",\"keywords\":[\"atsi\u017evelgiant\",\"daugiapakopius\",\"dir\u017eus\",\"naujame\",\"pristato\",\"saugos\",\"svor\u012f\",\"\u016bg\u012f\",\"Volvo\"],\"articleSection\":[\"eAUTOMOBILI\u0172 TECHNIN\u0116 PUS\u0116\"],\"inLanguage\":\"lt-LT\",\"potentialAction\":[{\"@type\":\"CommentAction\",\"name\":\"Comment\",\"target\":[\"http:\/\/eautomobiliai.lt\/index.php\/2025\/10\/13\/volvo-pristato-daugiapakopius-saugos-dirzus-naujame-ev-atsizvelgiant-i-ugi-ir-svori\/#respond\"]}]},{\"@type\":\"WebPage\",\"@id\":\"http:\/\/eautomobiliai.lt\/index.php\/2025\/10\/13\/volvo-pristato-daugiapakopius-saugos-dirzus-naujame-ev-atsizvelgiant-i-ugi-ir-svori\/\",\"url\":\"http:\/\/eautomobiliai.lt\/index.php\/2025\/10\/13\/volvo-pristato-daugiapakopius-saugos-dirzus-naujame-ev-atsizvelgiant-i-ugi-ir-svori\/\",\"name\":\"\u201eVolvo\u201c pristato \u201edaugiapakopius\u201c saugos dir\u017eus naujame EV, atsi\u017evelgiant \u012f \u016bg\u012f ir svor\u012f - Eautomobiliai.lt\",\"isPartOf\":{\"@id\":\"https:\/\/eautomobiliai.lt\/#website\"},\"primaryImageOfPage\":{\"@id\":\"http:\/\/eautomobiliai.lt\/index.php\/2025\/10\/13\/volvo-pristato-daugiapakopius-saugos-dirzus-naujame-ev-atsizvelgiant-i-ugi-ir-svori\/#primaryimage\"},\"image\":{\"@id\":\"http:\/\/eautomobiliai.lt\/index.php\/2025\/10\/13\/volvo-pristato-daugiapakopius-saugos-dirzus-naujame-ev-atsizvelgiant-i-ugi-ir-svori\/#primaryimage\"},\"thumbnailUrl\":\"http:\/\/eautomobiliai.lt\/wp-content\/uploads\/2025\/10\/\u201eVolvo-pristato-\u201edaugiapakopius-saugos-dirzus-naujame-EV-atsizvelgiant-i-ugi.jpg\",\"datePublished\":\"2025-10-13T07:54:48+00:00\",\"author\":{\"@id\":\"https:\/\/eautomobiliai.lt\/#\/schema\/person\/ecf2a967f361217d056061f74deb92f2\"},\"breadcrumb\":{\"@id\":\"http:\/\/eautomobiliai.lt\/index.php\/2025\/10\/13\/volvo-pristato-daugiapakopius-saugos-dirzus-naujame-ev-atsizvelgiant-i-ugi-ir-svori\/#breadcrumb\"},\"inLanguage\":\"lt-LT\",\"potentialAction\":[{\"@type\":\"ReadAction\",\"target\":[\"http:\/\/eautomobiliai.lt\/index.php\/2025\/10\/13\/volvo-pristato-daugiapakopius-saugos-dirzus-naujame-ev-atsizvelgiant-i-ugi-ir-svori\/\"]}]},{\"@type\":\"ImageObject\",\"inLanguage\":\"lt-LT\",\"@id\":\"http:\/\/eautomobiliai.lt\/index.php\/2025\/10\/13\/volvo-pristato-daugiapakopius-saugos-dirzus-naujame-ev-atsizvelgiant-i-ugi-ir-svori\/#primaryimage\",\"url\":\"http:\/\/eautomobiliai.lt\/wp-content\/uploads\/2025\/10\/\u201eVolvo-pristato-\u201edaugiapakopius-saugos-dirzus-naujame-EV-atsizvelgiant-i-ugi.jpg\",\"contentUrl\":\"http:\/\/eautomobiliai.lt\/wp-content\/uploads\/2025\/10\/\u201eVolvo-pristato-\u201edaugiapakopius-saugos-dirzus-naujame-EV-atsizvelgiant-i-ugi.jpg\",\"width\":1200,\"height\":675},{\"@type\":\"BreadcrumbList\",\"@id\":\"http:\/\/eautomobiliai.lt\/index.php\/2025\/10\/13\/volvo-pristato-daugiapakopius-saugos-dirzus-naujame-ev-atsizvelgiant-i-ugi-ir-svori\/#breadcrumb\",\"itemListElement\":[{\"@type\":\"ListItem\",\"position\":1,\"name\":\"Home\",\"item\":\"https:\/\/eautomobiliai.lt\/\"},{\"@type\":\"ListItem\",\"position\":2,\"name\":\"\u201eVolvo\u201c pristato \u201edaugiapakopius\u201c saugos dir\u017eus naujame EV, atsi\u017evelgiant \u012f \u016bg\u012f ir svor\u012f\"}]},{\"@type\":\"WebSite\",\"@id\":\"https:\/\/eautomobiliai.lt\/#website\",\"url\":\"https:\/\/eautomobiliai.lt\/\",\"name\":\"Eautomobiliai.lt\",\"description\":\"Elektrinis transportas, technologijos\",\"potentialAction\":[{\"@type\":\"SearchAction\",\"target\":{\"@type\":\"EntryPoint\",\"urlTemplate\":\"https:\/\/eautomobiliai.lt\/?s={search_term_string}\"},\"query-input\":{\"@type\":\"PropertyValueSpecification\",\"valueRequired\":true,\"valueName\":\"search_term_string\"}}],\"inLanguage\":\"lt-LT\"},{\"@type\":\"Person\",\"@id\":\"https:\/\/eautomobiliai.lt\/#\/schema\/person\/ecf2a967f361217d056061f74deb92f2\",\"name\":\"admin\",\"image\":{\"@type\":\"ImageObject\",\"inLanguage\":\"lt-LT\",\"@id\":\"https:\/\/eautomobiliai.lt\/#\/schema\/person\/image\/\",\"url\":\"https:\/\/secure.gravatar.com\/avatar\/6323379efae0c70c686c7905444d6bbd?s=96&d=mm&r=g\",\"contentUrl\":\"https:\/\/secure.gravatar.com\/avatar\/6323379efae0c70c686c7905444d6bbd?s=96&d=mm&r=g\",\"caption\":\"admin\"},\"sameAs\":[\"http:\/\/eautomobiliai.lt\"],\"url\":\"http:\/\/eautomobiliai.lt\/index.php\/author\/admin\/\"}]}<\/script>\n<!-- \/ Yoast SEO plugin. -->","yoast_head_json":{"title":"\u201eVolvo\u201c pristato \u201edaugiapakopius\u201c saugos dir\u017eus naujame EV, atsi\u017evelgiant \u012f \u016bg\u012f ir svor\u012f - Eautomobiliai.lt","robots":{"index":"index","follow":"follow","max-snippet":"max-snippet:-1","max-image-preview":"max-image-preview:large","max-video-preview":"max-video-preview:-1"},"canonical":"http:\/\/eautomobiliai.lt\/index.php\/2025\/10\/13\/volvo-pristato-daugiapakopius-saugos-dirzus-naujame-ev-atsizvelgiant-i-ugi-ir-svori\/","og_locale":"lt_LT","og_type":"article","og_title":"\u201eVolvo\u201c pristato \u201edaugiapakopius\u201c saugos dir\u017eus naujame EV, atsi\u017evelgiant \u012f \u016bg\u012f ir svor\u012f - Eautomobiliai.lt","og_description":"\u201eVolvo\u201c-originalios trij\u0173 ta\u0161k\u0173 saugos dir\u017eo k\u016br\u0117jas-padidino savo saugos \u017eaidim\u0105 su art\u0117jan\u010diu \u201eElectric EX60\u201c visureigiu, atne\u0161damas pasaulin\u012f daugiapakop\u012f saugos dir\u017e\u0105. \u0160\u012f&hellip;","og_url":"http:\/\/eautomobiliai.lt\/index.php\/2025\/10\/13\/volvo-pristato-daugiapakopius-saugos-dirzus-naujame-ev-atsizvelgiant-i-ugi-ir-svori\/","og_site_name":"Eautomobiliai.lt","article_published_time":"2025-10-13T07:54:48+00:00","og_image":[{"width":1200,"height":675,"url":"http:\/\/eautomobiliai.lt\/wp-content\/uploads\/2025\/10\/\u201eVolvo-pristato-\u201edaugiapakopius-saugos-dirzus-naujame-EV-atsizvelgiant-i-ugi.jpg","type":"image\/jpeg"}],"author":"admin","twitter_card":"summary_large_image","twitter_misc":{"Written by":"admin","Est. reading time":"3 minut\u0117s"},"schema":{"@context":"https:\/\/schema.org","@graph":[{"@type":"Article","@id":"http:\/\/eautomobiliai.lt\/index.php\/2025\/10\/13\/volvo-pristato-daugiapakopius-saugos-dirzus-naujame-ev-atsizvelgiant-i-ugi-ir-svori\/#article","isPartOf":{"@id":"http:\/\/eautomobiliai.lt\/index.php\/2025\/10\/13\/volvo-pristato-daugiapakopius-saugos-dirzus-naujame-ev-atsizvelgiant-i-ugi-ir-svori\/"},"author":{"name":"admin","@id":"https:\/\/eautomobiliai.lt\/#\/schema\/person\/ecf2a967f361217d056061f74deb92f2"},"headline":"\u201eVolvo\u201c pristato \u201edaugiapakopius\u201c saugos dir\u017eus naujame EV, atsi\u017evelgiant \u012f \u016bg\u012f ir svor\u012f","datePublished":"2025-10-13T07:54:48+00:00","mainEntityOfPage":{"@id":"http:\/\/eautomobiliai.lt\/index.php\/2025\/10\/13\/volvo-pristato-daugiapakopius-saugos-dirzus-naujame-ev-atsizvelgiant-i-ugi-ir-svori\/"},"wordCount":534,"commentCount":0,"image":{"@id":"http:\/\/eautomobiliai.lt\/index.php\/2025\/10\/13\/volvo-pristato-daugiapakopius-saugos-dirzus-naujame-ev-atsizvelgiant-i-ugi-ir-svori\/#primaryimage"},"thumbnailUrl":"http:\/\/eautomobiliai.lt\/wp-content\/uploads\/2025\/10\/\u201eVolvo-pristato-\u201edaugiapakopius-saugos-dirzus-naujame-EV-atsizvelgiant-i-ugi.jpg","keywords":["atsi\u017evelgiant","daugiapakopius","dir\u017eus","naujame","pristato","saugos","svor\u012f","\u016bg\u012f","Volvo"],"articleSection":["eAUTOMOBILI\u0172 TECHNIN\u0116 PUS\u0116"],"inLanguage":"lt-LT","potentialAction":[{"@type":"CommentAction","name":"Comment","target":["http:\/\/eautomobiliai.lt\/index.php\/2025\/10\/13\/volvo-pristato-daugiapakopius-saugos-dirzus-naujame-ev-atsizvelgiant-i-ugi-ir-svori\/#respond"]}]},{"@type":"WebPage","@id":"http:\/\/eautomobiliai.lt\/index.php\/2025\/10\/13\/volvo-pristato-daugiapakopius-saugos-dirzus-naujame-ev-atsizvelgiant-i-ugi-ir-svori\/","url":"http:\/\/eautomobiliai.lt\/index.php\/2025\/10\/13\/volvo-pristato-daugiapakopius-saugos-dirzus-naujame-ev-atsizvelgiant-i-ugi-ir-svori\/","name":"\u201eVolvo\u201c pristato \u201edaugiapakopius\u201c saugos dir\u017eus naujame EV, atsi\u017evelgiant \u012f \u016bg\u012f ir svor\u012f - Eautomobiliai.lt","isPartOf":{"@id":"https:\/\/eautomobiliai.lt\/#website"},"primaryImageOfPage":{"@id":"http:\/\/eautomobiliai.lt\/index.php\/2025\/10\/13\/volvo-pristato-daugiapakopius-saugos-dirzus-naujame-ev-atsizvelgiant-i-ugi-ir-svori\/#primaryimage"},"image":{"@id":"http:\/\/eautomobiliai.lt\/index.php\/2025\/10\/13\/volvo-pristato-daugiapakopius-saugos-dirzus-naujame-ev-atsizvelgiant-i-ugi-ir-svori\/#primaryimage"},"thumbnailUrl":"http:\/\/eautomobiliai.lt\/wp-content\/uploads\/2025\/10\/\u201eVolvo-pristato-\u201edaugiapakopius-saugos-dirzus-naujame-EV-atsizvelgiant-i-ugi.jpg","datePublished":"2025-10-13T07:54:48+00:00","author":{"@id":"https:\/\/eautomobiliai.lt\/#\/schema\/person\/ecf2a967f361217d056061f74deb92f2"},"breadcrumb":{"@id":"http:\/\/eautomobiliai.lt\/index.php\/2025\/10\/13\/volvo-pristato-daugiapakopius-saugos-dirzus-naujame-ev-atsizvelgiant-i-ugi-ir-svori\/#breadcrumb"},"inLanguage":"lt-LT","potentialAction":[{"@type":"ReadAction","target":["http:\/\/eautomobiliai.lt\/index.php\/2025\/10\/13\/volvo-pristato-daugiapakopius-saugos-dirzus-naujame-ev-atsizvelgiant-i-ugi-ir-svori\/"]}]},{"@type":"ImageObject","inLanguage":"lt-LT","@id":"http:\/\/eautomobiliai.lt\/index.php\/2025\/10\/13\/volvo-pristato-daugiapakopius-saugos-dirzus-naujame-ev-atsizvelgiant-i-ugi-ir-svori\/#primaryimage","url":"http:\/\/eautomobiliai.lt\/wp-content\/uploads\/2025\/10\/\u201eVolvo-pristato-\u201edaugiapakopius-saugos-dirzus-naujame-EV-atsizvelgiant-i-ugi.jpg","contentUrl":"http:\/\/eautomobiliai.lt\/wp-content\/uploads\/2025\/10\/\u201eVolvo-pristato-\u201edaugiapakopius-saugos-dirzus-naujame-EV-atsizvelgiant-i-ugi.jpg","width":1200,"height":675},{"@type":"BreadcrumbList","@id":"http:\/\/eautomobiliai.lt\/index.php\/2025\/10\/13\/volvo-pristato-daugiapakopius-saugos-dirzus-naujame-ev-atsizvelgiant-i-ugi-ir-svori\/#breadcrumb","itemListElement":[{"@type":"ListItem","position":1,"name":"Home","item":"https:\/\/eautomobiliai.lt\/"},{"@type":"ListItem","position":2,"name":"\u201eVolvo\u201c pristato \u201edaugiapakopius\u201c saugos dir\u017eus naujame EV, atsi\u017evelgiant \u012f \u016bg\u012f ir svor\u012f"}]},{"@type":"WebSite","@id":"https:\/\/eautomobiliai.lt\/#website","url":"https:\/\/eautomobiliai.lt\/","name":"Eautomobiliai.lt","description":"Elektrinis transportas, technologijos","potentialAction":[{"@type":"SearchAction","target":{"@type":"EntryPoint","urlTemplate":"https:\/\/eautomobiliai.lt\/?s={search_term_string}"},"query-input":{"@type":"PropertyValueSpecification","valueRequired":true,"valueName":"search_term_string"}}],"inLanguage":"lt-LT"},{"@type":"Person","@id":"https:\/\/eautomobiliai.lt\/#\/schema\/person\/ecf2a967f361217d056061f74deb92f2","name":"admin","image":{"@type":"ImageObject","inLanguage":"lt-LT","@id":"https:\/\/eautomobiliai.lt\/#\/schema\/person\/image\/","url":"https:\/\/secure.gravatar.com\/avatar\/6323379efae0c70c686c7905444d6bbd?s=96&d=mm&r=g","contentUrl":"https:\/\/secure.gravatar.com\/avatar\/6323379efae0c70c686c7905444d6bbd?s=96&d=mm&r=g","caption":"admin"},"sameAs":["http:\/\/eautomobiliai.lt"],"url":"http:\/\/eautomobiliai.lt\/index.php\/author\/admin\/"}]}},"_links":{"self":[{"href":"http:\/\/eautomobiliai.lt\/index.php\/wp-json\/wp\/v2\/posts\/2384","targetHints":{"allow":["GET"]}}],"collection":[{"href":"http:\/\/eautomobiliai.lt\/index.php\/wp-json\/wp\/v2\/posts"}],"about":[{"href":"http:\/\/eautomobiliai.lt\/index.php\/wp-json\/wp\/v2\/types\/post"}],"author":[{"embeddable":true,"href":"http:\/\/eautomobiliai.lt\/index.php\/wp-json\/wp\/v2\/users\/1"}],"replies":[{"embeddable":true,"href":"http:\/\/eautomobiliai.lt\/index.php\/wp-json\/wp\/v2\/comments?post=2384"}],"version-history":[{"count":0,"href":"http:\/\/eautomobiliai.lt\/index.php\/wp-json\/wp\/v2\/posts\/2384\/revisions"}],"wp:featuredmedia":[{"embeddable":true,"href":"http:\/\/eautomobiliai.lt\/index.php\/wp-json\/wp\/v2\/media\/2385"}],"wp:attachment":[{"href":"http:\/\/eautomobiliai.lt\/index.php\/wp-json\/wp\/v2\/media?parent=2384"}],"wp:term":[{"taxonomy":"category","embeddable":true,"href":"http:\/\/eautomobiliai.lt\/index.php\/wp-json\/wp\/v2\/categories?post=2384"},{"taxonomy":"post_tag","embeddable":true,"href":"http:\/\/eautomobiliai.lt\/index.php\/wp-json\/wp\/v2\/tags?post=2384"}],"curies":[{"name":"wp","href":"https:\/\/api.w.org\/{rel}","templated":true}]}}