{"id":2422,"date":"2025-10-16T16:08:08","date_gmt":"2025-10-16T16:08:08","guid":{"rendered":"https:\/\/eautomobiliai.lt\/index.php\/2025\/10\/16\/volkswagen-sumazino-id-buzz-elektrinio-kombi-kainas-daugiau-nei-12-000-usd-kad-padidintu-pardavimus\/"},"modified":"2025-10-16T16:08:08","modified_gmt":"2025-10-16T16:08:08","slug":"volkswagen-sumazino-id-buzz-elektrinio-kombi-kainas-daugiau-nei-12-000-usd-kad-padidintu-pardavimus","status":"publish","type":"post","link":"http:\/\/eautomobiliai.lt\/index.php\/2025\/10\/16\/volkswagen-sumazino-id-buzz-elektrinio-kombi-kainas-daugiau-nei-12-000-usd-kad-padidintu-pardavimus\/","title":{"rendered":"\u201eVolkswagen\u201c suma\u017eino \u201eID Buzz\u201c elektrinio \u201eKombi\u201c kainas daugiau nei 12 000 USD, kad padidint\u0173 pardavimus"},"content":{"rendered":"<p> <br \/>\n<\/p>\n<div id=\"\">\n<p><span style=\"font-weight: 400;\">\u201eVolkswagen Australia\u201c paskelb\u0117 apie naujas kain\u0173 lengvatas savo ID. Buzz 5 ir 7 viet\u0173 furgonai, suma\u017eindami t\u016bkstan\u010dius \u0161i\u0173 modeli\u0173 kain\u0173.<\/span><\/p>\n<p><span style=\"font-weight: 400;\">ID. \u201eBuzz 5 seater Pro\u201c kaina ribot\u0105 laik\u0105 suma\u017einta daugiau nei 13 000 USD, o i\u0161va\u017eiavimo kainos dabar prasideda nuo 79 990 USD, o Viktorijoje \u2013 daugiau nei 93 660 USD, kaip nurodyta \u201eVW Australia\u201c svetain\u0117je.<\/span><\/p>\n<p><span style=\"font-weight: 400;\">Pana\u0161iai 7 viet\u0173 Pro variantas taip pat gauna daugiau nei 12 000 USD nuo standartin\u0117s 97 540 USD kainos. Tai suma\u017einta iki 84 990 USD. <\/span><span style=\"font-weight: 400;\">Abiems automobiliams taikoma nuolaida iki 2025 m. pabaigos.<\/span><\/p>\n<p><span style=\"font-weight: 400;\">Pagal prek\u0117s \u017eenkl\u0105, naujasis ID. \u201eBuzz\u201c yra \u201e\u0161iuolaikin\u0117 ikoninio \u201eKombi\u201c furgono interpretacija.<\/span><\/p>\n<p><span style=\"font-weight: 400;\">Varomas 210 kW galios varikliu, kuris i\u0161vysto iki 560 Nm sukimo moment\u0105, tai toli nuo kukli\u0173 galiniu varikliu turin\u010di\u0173 Kombi furgon\u0173.<\/span><\/p>\n<p><span style=\"font-weight: 400;\">ID Buzz yra su:<\/span><\/p>\n<ul>\n<li style=\"font-weight: 400;\"><span style=\"font-weight: 400;\">19&#8243; Tilburg lengvojo lydinio ratlankiai<\/span><\/li>\n<li style=\"font-weight: 400;\"><span style=\"font-weight: 400;\">IQ.LIGHT matriciniai LED priekiniai \u017eibintai su prisitaikan\u010diomis tolimosiomis \u0161viesomis<\/span><\/li>\n<li style=\"font-weight: 400;\"><span style=\"font-weight: 400;\">Adaptyvi pastovaus grei\u010dio palaikymo sistema su Stop &#038; GO funkcija<\/span><\/li>\n<li style=\"font-weight: 400;\"><span style=\"font-weight: 400;\">Lengvai atidaromos elektra varomos stumdomos durys<\/span><\/li>\n<li style=\"font-weight: 400;\"><span style=\"font-weight: 400;\">3 zon\u0173 klimato kontrol\u0117<\/span><\/li>\n<li style=\"font-weight: 400;\"><span style=\"font-weight: 400;\">10 spalv\u0173 aplinkos ap\u0161vietimas<\/span><\/li>\n<li style=\"font-weight: 400;\"><span style=\"font-weight: 400;\">9 garsiakalbi\u0173 garsas<\/span><\/li>\n<li style=\"font-weight: 400;\"><span style=\"font-weight: 400;\">12,9 colio jutiklinis ekranas<\/span><\/li>\n<li style=\"font-weight: 400;\"><span style=\"font-weight: 400;\">Area View 360 laipsni\u0173 kamera su priekine ir galine<\/span><\/li>\n<\/ul>\n<p><span style=\"font-weight: 400;\">Taip pat yra jutikliai, DAB+ skaitmeninis radijas, bevielis App-Connect, belaid\u017eio telefono \u012fkrovimas ir 7x USB prievadai.<\/span><\/p>\n<figure id=\"attachment_169223\" aria-describedby=\"caption-attachment-169223\" style=\"width: 1200px\" class=\"wp-caption aligncenter\"><img loading=\"lazy\" decoding=\"async\" class=\"size-full wp-image-169223\" src=\"https:\/\/thedriven.io\/wp-content\/uploads\/2023\/06\/VW-launches-van_08.jpg\" alt=\"VW ID. Buzz interjeras\" width=\"1200\" height=\"800\" srcset=\"https:\/\/thedriven.io\/wp-content\/uploads\/2023\/06\/VW-launches-van_08.jpg 1200w, https:\/\/thedriven.io\/wp-content\/uploads\/2023\/06\/VW-launches-van_08-388x259.jpg 388w, https:\/\/thedriven.io\/wp-content\/uploads\/2023\/06\/VW-launches-van_08-1160x773.jpg 1160w, https:\/\/thedriven.io\/wp-content\/uploads\/2023\/06\/VW-launches-van_08-800x533.jpg 800w, https:\/\/thedriven.io\/wp-content\/uploads\/2023\/06\/VW-launches-van_08-120x80.jpg 120w, https:\/\/thedriven.io\/wp-content\/uploads\/2023\/06\/VW-launches-van_08-90x60.jpg 90w, https:\/\/thedriven.io\/wp-content\/uploads\/2023\/06\/VW-launches-van_08-320x213.jpg 320w, https:\/\/thedriven.io\/wp-content\/uploads\/2023\/06\/VW-launches-van_08-560x373.jpg 560w, https:\/\/thedriven.io\/wp-content\/uploads\/2023\/06\/VW-launches-van_08-150x100.jpg 150w, https:\/\/thedriven.io\/wp-content\/uploads\/2023\/06\/VW-launches-van_08-240x160.jpg 240w, https:\/\/thedriven.io\/wp-content\/uploads\/2023\/06\/VW-launches-van_08-180x120.jpg 180w, https:\/\/thedriven.io\/wp-content\/uploads\/2023\/06\/VW-launches-van_08-640x427.jpg 640w, https:\/\/thedriven.io\/wp-content\/uploads\/2023\/06\/VW-launches-van_08-1120x747.jpg 1120w, https:\/\/thedriven.io\/wp-content\/uploads\/2023\/06\/VW-launches-van_08-300x200.jpg 300w\" sizes=\"auto, (max-width: 1200px) 100vw, 1200px\"\/><figcaption id=\"caption-attachment-169223\" class=\"wp-caption-text\">ID. Buzz interjeras. \u0160altinis: VW<\/figcaption><\/figure>\n<p><span style=\"font-weight: 400;\">5 viet\u0173 modelio gale, nuleidus s\u0117dynes, yra 1,12 metro baga\u017ein\u0117s erdv\u0117s, o 7 viet\u0173 modelio baga\u017ein\u0117s plotas yra iki 1,34 metro. <\/span><\/p>\n<p><span style=\"font-weight: 400;\">Prieinamumas Volkswagen atstovyb\u0117se yra subalansuotas 50:50 tarp 5 ir 7 viet\u0173 ID. \u201eBuzz\u201c \u2013 43\u00a0% atsarg\u0173 yra i\u0161taiging\u0173 dviej\u0173 atspalvi\u0173 da\u017e\u0173.<\/span><\/p>\n<p><span style=\"font-weight: 400;\">Iki \u0161iol \u0161iais metais \u201eVolkswagen\u201c pardav\u0117 daugiau nei 320 ID. Buzz furgonai, tod\u0117l tai vienas i\u0161 populiariausi\u0173 elektrini\u0173 furgon\u0173 rinkoje. Nor\u0117dami gauti daugiau informacijos, \u017er. \u201eThe Driven\u201c m\u0117nesio po m\u0117nesio EV pardavimo duomenis.<\/span><\/p>\n<p><span style=\"font-weight: 400;\">Tikimasi, kad \u0161iuo pasi\u016blymu bendrov\u0117 perkels daugiau atsarg\u0173, taip pat padidins paklaus\u0105, kad padid\u0117t\u0173 pardavimai iki met\u0173 pabaigos.<\/span><\/p>\n<p><span style=\"font-weight: 400;\">\u201eVolkswagen Australia\u201c teigimu, \u0161is pasi\u016blymas galioja tol, kol baigsis atsargos arba iki 2025 m. gruod\u017eio 31 d.<\/span><\/p>\n<div class=\"saboxplugin-wrap\" itemtype=\"http:\/\/schema.org\/Person\" itemscope=\"\" itemprop=\"author\">\n<div class=\"saboxplugin-tab\">\n<div class=\"saboxplugin-gravatar\"><img decoding=\"async\" width=\"100\" height=\"100\" alt=\"Rizas Akhtaras\" itemprop=\"image\" loading=\"lazy\" class=\"native-lazyload-js-fallback\" src=\"https:\/\/b2232832.smushcdn.com\/2232832\/wp-content\/uploads\/2022\/02\/Riz.jpg?lossy=1&amp;strip=0&amp;webp=1\"\/><img loading=\"lazy\" decoding=\"async\" src=\"https:\/\/thedriven.io\/wp-content\/uploads\/2022\/02\/Riz.jpg\" width=\"100\" height=\"100\" alt=\"Rizas Akhtaras\" itemprop=\"image\"\/><\/div>\n<div class=\"saboxplugin-desc\">\n<div itemprop=\"description\">\n<p>Rizas yra Melburne \u012fsik\u016brusios \u012fmon\u0117s \u201ecarloop\u201c \u012fk\u016br\u0117jas, kurio specializacija yra Australijos EV duomenys, \u012f\u017evalgos ataskaitos ir tendencijos. Jis yra mechanikos in\u017einierius, kuris pirmuosius 7 savo karjeros metus praleido kurdamas transporto infrastrukt\u016br\u0105 prie\u0161 prad\u0117damas \u201ecarloop\u201c. Jis domisi automobiliams, ypa\u010d elektromobiliams, ir nori pad\u0117ti suma\u017einti transporto i\u0161metam\u0173 ter\u0161al\u0173 kiek\u012f Australijoje. \u0160iuo metu jis vairuoja raudon\u0105 \u201eTesla Model 3\u201c.<\/p>\n<\/div>\n<\/div>\n<\/div>\n<\/div>\n<p><!-- AI CONTENT END 1 --><\/p><\/div>\n<p><br \/>\n<br \/><a href=\"https:\/\/thedriven.io\/2025\/10\/16\/volkswagen-slashes-prices-on-id-buzz-electric-kombi-by-over-12000-to-boost-sales\/\">Source link <\/a><\/p>\n","protected":false},"excerpt":{"rendered":"<p>\u201eVolkswagen Australia\u201c paskelb\u0117 apie naujas kain\u0173 lengvatas savo ID. Buzz 5 ir 7 viet\u0173 furgonai, suma\u017eindami t\u016bkstan\u010dius \u0161i\u0173 modeli\u0173 kain\u0173.&hellip;<\/p>\n","protected":false},"author":1,"featured_media":2423,"comment_status":"open","ping_status":"open","sticky":false,"template":"","format":"standard","meta":{"om_disable_all_campaigns":false,"_monsterinsights_skip_tracking":false,"_monsterinsights_sitenote_active":false,"_monsterinsights_sitenote_note":"","_monsterinsights_sitenote_category":0,"footnotes":""},"categories":[39],"tags":[1646,407,142,339,1374,4105,37,3887,2404,2746,38,171],"class_list":["post-2422","post","type-post","status-publish","format-standard","has-post-thumbnail","hentry","category-eautomobiliu-technine-puse","tag-buzz","tag-daugiau","tag-elektrinio","tag-kad","tag-kainas","tag-kombi","tag-nei","tag-padidintu","tag-pardavimus","tag-sumazino","tag-usd","tag-volkswagen"],"aioseo_notices":[],"yoast_head":"<!-- This site is optimized with the Yoast SEO plugin v26.8 - https:\/\/yoast.com\/product\/yoast-seo-wordpress\/ -->\n<title>\u201eVolkswagen\u201c suma\u017eino \u201eID Buzz\u201c elektrinio \u201eKombi\u201c kainas daugiau nei 12 000 USD, kad padidint\u0173 pardavimus - Eautomobiliai.lt<\/title>\n<meta name=\"robots\" content=\"index, follow, max-snippet:-1, max-image-preview:large, max-video-preview:-1\" \/>\n<link rel=\"canonical\" href=\"http:\/\/eautomobiliai.lt\/index.php\/2025\/10\/16\/volkswagen-sumazino-id-buzz-elektrinio-kombi-kainas-daugiau-nei-12-000-usd-kad-padidintu-pardavimus\/\" \/>\n<meta property=\"og:locale\" content=\"lt_LT\" \/>\n<meta property=\"og:type\" content=\"article\" \/>\n<meta property=\"og:title\" content=\"\u201eVolkswagen\u201c suma\u017eino \u201eID Buzz\u201c elektrinio \u201eKombi\u201c kainas daugiau nei 12 000 USD, kad padidint\u0173 pardavimus - Eautomobiliai.lt\" \/>\n<meta property=\"og:description\" content=\"\u201eVolkswagen Australia\u201c paskelb\u0117 apie naujas kain\u0173 lengvatas savo ID. Buzz 5 ir 7 viet\u0173 furgonai, suma\u017eindami t\u016bkstan\u010dius \u0161i\u0173 modeli\u0173 kain\u0173.&hellip;\" \/>\n<meta property=\"og:url\" content=\"http:\/\/eautomobiliai.lt\/index.php\/2025\/10\/16\/volkswagen-sumazino-id-buzz-elektrinio-kombi-kainas-daugiau-nei-12-000-usd-kad-padidintu-pardavimus\/\" \/>\n<meta property=\"og:site_name\" content=\"Eautomobiliai.lt\" \/>\n<meta property=\"article:published_time\" content=\"2025-10-16T16:08:08+00:00\" \/>\n<meta property=\"og:image\" content=\"http:\/\/eautomobiliai.lt\/wp-content\/uploads\/2025\/10\/\u201eVolkswagen-sumazino-\u201eID-Buzz-elektrinio-\u201eKombi-kainas-daugiau-nei-12.jpg\" \/>\n\t<meta property=\"og:image:width\" content=\"1200\" \/>\n\t<meta property=\"og:image:height\" content=\"675\" \/>\n\t<meta property=\"og:image:type\" content=\"image\/jpeg\" \/>\n<meta name=\"author\" content=\"admin\" \/>\n<meta name=\"twitter:card\" content=\"summary_large_image\" \/>\n<meta name=\"twitter:label1\" content=\"Written by\" \/>\n\t<meta name=\"twitter:data1\" content=\"admin\" \/>\n\t<meta name=\"twitter:label2\" content=\"Est. reading time\" \/>\n\t<meta name=\"twitter:data2\" content=\"2 minut\u0117s\" \/>\n<script type=\"application\/ld+json\" class=\"yoast-schema-graph\">{\"@context\":\"https:\/\/schema.org\",\"@graph\":[{\"@type\":\"Article\",\"@id\":\"http:\/\/eautomobiliai.lt\/index.php\/2025\/10\/16\/volkswagen-sumazino-id-buzz-elektrinio-kombi-kainas-daugiau-nei-12-000-usd-kad-padidintu-pardavimus\/#article\",\"isPartOf\":{\"@id\":\"http:\/\/eautomobiliai.lt\/index.php\/2025\/10\/16\/volkswagen-sumazino-id-buzz-elektrinio-kombi-kainas-daugiau-nei-12-000-usd-kad-padidintu-pardavimus\/\"},\"author\":{\"name\":\"admin\",\"@id\":\"http:\/\/eautomobiliai.lt\/#\/schema\/person\/ecf2a967f361217d056061f74deb92f2\"},\"headline\":\"\u201eVolkswagen\u201c suma\u017eino \u201eID Buzz\u201c elektrinio \u201eKombi\u201c kainas daugiau nei 12 000 USD, kad padidint\u0173 pardavimus\",\"datePublished\":\"2025-10-16T16:08:08+00:00\",\"mainEntityOfPage\":{\"@id\":\"http:\/\/eautomobiliai.lt\/index.php\/2025\/10\/16\/volkswagen-sumazino-id-buzz-elektrinio-kombi-kainas-daugiau-nei-12-000-usd-kad-padidintu-pardavimus\/\"},\"wordCount\":389,\"commentCount\":0,\"image\":{\"@id\":\"http:\/\/eautomobiliai.lt\/index.php\/2025\/10\/16\/volkswagen-sumazino-id-buzz-elektrinio-kombi-kainas-daugiau-nei-12-000-usd-kad-padidintu-pardavimus\/#primaryimage\"},\"thumbnailUrl\":\"http:\/\/eautomobiliai.lt\/wp-content\/uploads\/2025\/10\/\u201eVolkswagen-sumazino-\u201eID-Buzz-elektrinio-\u201eKombi-kainas-daugiau-nei-12.jpg\",\"keywords\":[\"Buzz\",\"daugiau\",\"elektrinio\",\"kad\",\"kainas\",\"Kombi\",\"nei\",\"padidint\u0173\",\"pardavimus\",\"suma\u017eino\",\"USD\",\"Volkswagen\"],\"articleSection\":[\"eAUTOMOBILI\u0172 TECHNIN\u0116 PUS\u0116\"],\"inLanguage\":\"lt-LT\",\"potentialAction\":[{\"@type\":\"CommentAction\",\"name\":\"Comment\",\"target\":[\"http:\/\/eautomobiliai.lt\/index.php\/2025\/10\/16\/volkswagen-sumazino-id-buzz-elektrinio-kombi-kainas-daugiau-nei-12-000-usd-kad-padidintu-pardavimus\/#respond\"]}]},{\"@type\":\"WebPage\",\"@id\":\"http:\/\/eautomobiliai.lt\/index.php\/2025\/10\/16\/volkswagen-sumazino-id-buzz-elektrinio-kombi-kainas-daugiau-nei-12-000-usd-kad-padidintu-pardavimus\/\",\"url\":\"http:\/\/eautomobiliai.lt\/index.php\/2025\/10\/16\/volkswagen-sumazino-id-buzz-elektrinio-kombi-kainas-daugiau-nei-12-000-usd-kad-padidintu-pardavimus\/\",\"name\":\"\u201eVolkswagen\u201c suma\u017eino \u201eID Buzz\u201c elektrinio \u201eKombi\u201c kainas daugiau nei 12 000 USD, kad padidint\u0173 pardavimus - Eautomobiliai.lt\",\"isPartOf\":{\"@id\":\"http:\/\/eautomobiliai.lt\/#website\"},\"primaryImageOfPage\":{\"@id\":\"http:\/\/eautomobiliai.lt\/index.php\/2025\/10\/16\/volkswagen-sumazino-id-buzz-elektrinio-kombi-kainas-daugiau-nei-12-000-usd-kad-padidintu-pardavimus\/#primaryimage\"},\"image\":{\"@id\":\"http:\/\/eautomobiliai.lt\/index.php\/2025\/10\/16\/volkswagen-sumazino-id-buzz-elektrinio-kombi-kainas-daugiau-nei-12-000-usd-kad-padidintu-pardavimus\/#primaryimage\"},\"thumbnailUrl\":\"http:\/\/eautomobiliai.lt\/wp-content\/uploads\/2025\/10\/\u201eVolkswagen-sumazino-\u201eID-Buzz-elektrinio-\u201eKombi-kainas-daugiau-nei-12.jpg\",\"datePublished\":\"2025-10-16T16:08:08+00:00\",\"author\":{\"@id\":\"http:\/\/eautomobiliai.lt\/#\/schema\/person\/ecf2a967f361217d056061f74deb92f2\"},\"breadcrumb\":{\"@id\":\"http:\/\/eautomobiliai.lt\/index.php\/2025\/10\/16\/volkswagen-sumazino-id-buzz-elektrinio-kombi-kainas-daugiau-nei-12-000-usd-kad-padidintu-pardavimus\/#breadcrumb\"},\"inLanguage\":\"lt-LT\",\"potentialAction\":[{\"@type\":\"ReadAction\",\"target\":[\"http:\/\/eautomobiliai.lt\/index.php\/2025\/10\/16\/volkswagen-sumazino-id-buzz-elektrinio-kombi-kainas-daugiau-nei-12-000-usd-kad-padidintu-pardavimus\/\"]}]},{\"@type\":\"ImageObject\",\"inLanguage\":\"lt-LT\",\"@id\":\"http:\/\/eautomobiliai.lt\/index.php\/2025\/10\/16\/volkswagen-sumazino-id-buzz-elektrinio-kombi-kainas-daugiau-nei-12-000-usd-kad-padidintu-pardavimus\/#primaryimage\",\"url\":\"http:\/\/eautomobiliai.lt\/wp-content\/uploads\/2025\/10\/\u201eVolkswagen-sumazino-\u201eID-Buzz-elektrinio-\u201eKombi-kainas-daugiau-nei-12.jpg\",\"contentUrl\":\"http:\/\/eautomobiliai.lt\/wp-content\/uploads\/2025\/10\/\u201eVolkswagen-sumazino-\u201eID-Buzz-elektrinio-\u201eKombi-kainas-daugiau-nei-12.jpg\",\"width\":1200,\"height\":675},{\"@type\":\"BreadcrumbList\",\"@id\":\"http:\/\/eautomobiliai.lt\/index.php\/2025\/10\/16\/volkswagen-sumazino-id-buzz-elektrinio-kombi-kainas-daugiau-nei-12-000-usd-kad-padidintu-pardavimus\/#breadcrumb\",\"itemListElement\":[{\"@type\":\"ListItem\",\"position\":1,\"name\":\"Home\",\"item\":\"http:\/\/eautomobiliai.lt\/\"},{\"@type\":\"ListItem\",\"position\":2,\"name\":\"\u201eVolkswagen\u201c suma\u017eino \u201eID Buzz\u201c elektrinio \u201eKombi\u201c kainas daugiau nei 12 000 USD, kad padidint\u0173 pardavimus\"}]},{\"@type\":\"WebSite\",\"@id\":\"http:\/\/eautomobiliai.lt\/#website\",\"url\":\"http:\/\/eautomobiliai.lt\/\",\"name\":\"Eautomobiliai.lt\",\"description\":\"Elektrinis transportas, technologijos\",\"potentialAction\":[{\"@type\":\"SearchAction\",\"target\":{\"@type\":\"EntryPoint\",\"urlTemplate\":\"http:\/\/eautomobiliai.lt\/?s={search_term_string}\"},\"query-input\":{\"@type\":\"PropertyValueSpecification\",\"valueRequired\":true,\"valueName\":\"search_term_string\"}}],\"inLanguage\":\"lt-LT\"},{\"@type\":\"Person\",\"@id\":\"http:\/\/eautomobiliai.lt\/#\/schema\/person\/ecf2a967f361217d056061f74deb92f2\",\"name\":\"admin\",\"image\":{\"@type\":\"ImageObject\",\"inLanguage\":\"lt-LT\",\"@id\":\"http:\/\/eautomobiliai.lt\/#\/schema\/person\/image\/\",\"url\":\"https:\/\/secure.gravatar.com\/avatar\/6323379efae0c70c686c7905444d6bbd?s=96&d=mm&r=g\",\"contentUrl\":\"https:\/\/secure.gravatar.com\/avatar\/6323379efae0c70c686c7905444d6bbd?s=96&d=mm&r=g\",\"caption\":\"admin\"},\"sameAs\":[\"http:\/\/eautomobiliai.lt\"],\"url\":\"http:\/\/eautomobiliai.lt\/index.php\/author\/admin\/\"}]}<\/script>\n<!-- \/ Yoast SEO plugin. -->","yoast_head_json":{"title":"\u201eVolkswagen\u201c suma\u017eino \u201eID Buzz\u201c elektrinio \u201eKombi\u201c kainas daugiau nei 12 000 USD, kad padidint\u0173 pardavimus - Eautomobiliai.lt","robots":{"index":"index","follow":"follow","max-snippet":"max-snippet:-1","max-image-preview":"max-image-preview:large","max-video-preview":"max-video-preview:-1"},"canonical":"http:\/\/eautomobiliai.lt\/index.php\/2025\/10\/16\/volkswagen-sumazino-id-buzz-elektrinio-kombi-kainas-daugiau-nei-12-000-usd-kad-padidintu-pardavimus\/","og_locale":"lt_LT","og_type":"article","og_title":"\u201eVolkswagen\u201c suma\u017eino \u201eID Buzz\u201c elektrinio \u201eKombi\u201c kainas daugiau nei 12 000 USD, kad padidint\u0173 pardavimus - Eautomobiliai.lt","og_description":"\u201eVolkswagen Australia\u201c paskelb\u0117 apie naujas kain\u0173 lengvatas savo ID. Buzz 5 ir 7 viet\u0173 furgonai, suma\u017eindami t\u016bkstan\u010dius \u0161i\u0173 modeli\u0173 kain\u0173.&hellip;","og_url":"http:\/\/eautomobiliai.lt\/index.php\/2025\/10\/16\/volkswagen-sumazino-id-buzz-elektrinio-kombi-kainas-daugiau-nei-12-000-usd-kad-padidintu-pardavimus\/","og_site_name":"Eautomobiliai.lt","article_published_time":"2025-10-16T16:08:08+00:00","og_image":[{"width":1200,"height":675,"url":"http:\/\/eautomobiliai.lt\/wp-content\/uploads\/2025\/10\/\u201eVolkswagen-sumazino-\u201eID-Buzz-elektrinio-\u201eKombi-kainas-daugiau-nei-12.jpg","type":"image\/jpeg"}],"author":"admin","twitter_card":"summary_large_image","twitter_misc":{"Written by":"admin","Est. reading time":"2 minut\u0117s"},"schema":{"@context":"https:\/\/schema.org","@graph":[{"@type":"Article","@id":"http:\/\/eautomobiliai.lt\/index.php\/2025\/10\/16\/volkswagen-sumazino-id-buzz-elektrinio-kombi-kainas-daugiau-nei-12-000-usd-kad-padidintu-pardavimus\/#article","isPartOf":{"@id":"http:\/\/eautomobiliai.lt\/index.php\/2025\/10\/16\/volkswagen-sumazino-id-buzz-elektrinio-kombi-kainas-daugiau-nei-12-000-usd-kad-padidintu-pardavimus\/"},"author":{"name":"admin","@id":"http:\/\/eautomobiliai.lt\/#\/schema\/person\/ecf2a967f361217d056061f74deb92f2"},"headline":"\u201eVolkswagen\u201c suma\u017eino \u201eID Buzz\u201c elektrinio \u201eKombi\u201c kainas daugiau nei 12 000 USD, kad padidint\u0173 pardavimus","datePublished":"2025-10-16T16:08:08+00:00","mainEntityOfPage":{"@id":"http:\/\/eautomobiliai.lt\/index.php\/2025\/10\/16\/volkswagen-sumazino-id-buzz-elektrinio-kombi-kainas-daugiau-nei-12-000-usd-kad-padidintu-pardavimus\/"},"wordCount":389,"commentCount":0,"image":{"@id":"http:\/\/eautomobiliai.lt\/index.php\/2025\/10\/16\/volkswagen-sumazino-id-buzz-elektrinio-kombi-kainas-daugiau-nei-12-000-usd-kad-padidintu-pardavimus\/#primaryimage"},"thumbnailUrl":"http:\/\/eautomobiliai.lt\/wp-content\/uploads\/2025\/10\/\u201eVolkswagen-sumazino-\u201eID-Buzz-elektrinio-\u201eKombi-kainas-daugiau-nei-12.jpg","keywords":["Buzz","daugiau","elektrinio","kad","kainas","Kombi","nei","padidint\u0173","pardavimus","suma\u017eino","USD","Volkswagen"],"articleSection":["eAUTOMOBILI\u0172 TECHNIN\u0116 PUS\u0116"],"inLanguage":"lt-LT","potentialAction":[{"@type":"CommentAction","name":"Comment","target":["http:\/\/eautomobiliai.lt\/index.php\/2025\/10\/16\/volkswagen-sumazino-id-buzz-elektrinio-kombi-kainas-daugiau-nei-12-000-usd-kad-padidintu-pardavimus\/#respond"]}]},{"@type":"WebPage","@id":"http:\/\/eautomobiliai.lt\/index.php\/2025\/10\/16\/volkswagen-sumazino-id-buzz-elektrinio-kombi-kainas-daugiau-nei-12-000-usd-kad-padidintu-pardavimus\/","url":"http:\/\/eautomobiliai.lt\/index.php\/2025\/10\/16\/volkswagen-sumazino-id-buzz-elektrinio-kombi-kainas-daugiau-nei-12-000-usd-kad-padidintu-pardavimus\/","name":"\u201eVolkswagen\u201c suma\u017eino \u201eID Buzz\u201c elektrinio \u201eKombi\u201c kainas daugiau nei 12 000 USD, kad padidint\u0173 pardavimus - Eautomobiliai.lt","isPartOf":{"@id":"http:\/\/eautomobiliai.lt\/#website"},"primaryImageOfPage":{"@id":"http:\/\/eautomobiliai.lt\/index.php\/2025\/10\/16\/volkswagen-sumazino-id-buzz-elektrinio-kombi-kainas-daugiau-nei-12-000-usd-kad-padidintu-pardavimus\/#primaryimage"},"image":{"@id":"http:\/\/eautomobiliai.lt\/index.php\/2025\/10\/16\/volkswagen-sumazino-id-buzz-elektrinio-kombi-kainas-daugiau-nei-12-000-usd-kad-padidintu-pardavimus\/#primaryimage"},"thumbnailUrl":"http:\/\/eautomobiliai.lt\/wp-content\/uploads\/2025\/10\/\u201eVolkswagen-sumazino-\u201eID-Buzz-elektrinio-\u201eKombi-kainas-daugiau-nei-12.jpg","datePublished":"2025-10-16T16:08:08+00:00","author":{"@id":"http:\/\/eautomobiliai.lt\/#\/schema\/person\/ecf2a967f361217d056061f74deb92f2"},"breadcrumb":{"@id":"http:\/\/eautomobiliai.lt\/index.php\/2025\/10\/16\/volkswagen-sumazino-id-buzz-elektrinio-kombi-kainas-daugiau-nei-12-000-usd-kad-padidintu-pardavimus\/#breadcrumb"},"inLanguage":"lt-LT","potentialAction":[{"@type":"ReadAction","target":["http:\/\/eautomobiliai.lt\/index.php\/2025\/10\/16\/volkswagen-sumazino-id-buzz-elektrinio-kombi-kainas-daugiau-nei-12-000-usd-kad-padidintu-pardavimus\/"]}]},{"@type":"ImageObject","inLanguage":"lt-LT","@id":"http:\/\/eautomobiliai.lt\/index.php\/2025\/10\/16\/volkswagen-sumazino-id-buzz-elektrinio-kombi-kainas-daugiau-nei-12-000-usd-kad-padidintu-pardavimus\/#primaryimage","url":"http:\/\/eautomobiliai.lt\/wp-content\/uploads\/2025\/10\/\u201eVolkswagen-sumazino-\u201eID-Buzz-elektrinio-\u201eKombi-kainas-daugiau-nei-12.jpg","contentUrl":"http:\/\/eautomobiliai.lt\/wp-content\/uploads\/2025\/10\/\u201eVolkswagen-sumazino-\u201eID-Buzz-elektrinio-\u201eKombi-kainas-daugiau-nei-12.jpg","width":1200,"height":675},{"@type":"BreadcrumbList","@id":"http:\/\/eautomobiliai.lt\/index.php\/2025\/10\/16\/volkswagen-sumazino-id-buzz-elektrinio-kombi-kainas-daugiau-nei-12-000-usd-kad-padidintu-pardavimus\/#breadcrumb","itemListElement":[{"@type":"ListItem","position":1,"name":"Home","item":"http:\/\/eautomobiliai.lt\/"},{"@type":"ListItem","position":2,"name":"\u201eVolkswagen\u201c suma\u017eino \u201eID Buzz\u201c elektrinio \u201eKombi\u201c kainas daugiau nei 12 000 USD, kad padidint\u0173 pardavimus"}]},{"@type":"WebSite","@id":"http:\/\/eautomobiliai.lt\/#website","url":"http:\/\/eautomobiliai.lt\/","name":"Eautomobiliai.lt","description":"Elektrinis transportas, technologijos","potentialAction":[{"@type":"SearchAction","target":{"@type":"EntryPoint","urlTemplate":"http:\/\/eautomobiliai.lt\/?s={search_term_string}"},"query-input":{"@type":"PropertyValueSpecification","valueRequired":true,"valueName":"search_term_string"}}],"inLanguage":"lt-LT"},{"@type":"Person","@id":"http:\/\/eautomobiliai.lt\/#\/schema\/person\/ecf2a967f361217d056061f74deb92f2","name":"admin","image":{"@type":"ImageObject","inLanguage":"lt-LT","@id":"http:\/\/eautomobiliai.lt\/#\/schema\/person\/image\/","url":"https:\/\/secure.gravatar.com\/avatar\/6323379efae0c70c686c7905444d6bbd?s=96&d=mm&r=g","contentUrl":"https:\/\/secure.gravatar.com\/avatar\/6323379efae0c70c686c7905444d6bbd?s=96&d=mm&r=g","caption":"admin"},"sameAs":["http:\/\/eautomobiliai.lt"],"url":"http:\/\/eautomobiliai.lt\/index.php\/author\/admin\/"}]}},"_links":{"self":[{"href":"http:\/\/eautomobiliai.lt\/index.php\/wp-json\/wp\/v2\/posts\/2422","targetHints":{"allow":["GET"]}}],"collection":[{"href":"http:\/\/eautomobiliai.lt\/index.php\/wp-json\/wp\/v2\/posts"}],"about":[{"href":"http:\/\/eautomobiliai.lt\/index.php\/wp-json\/wp\/v2\/types\/post"}],"author":[{"embeddable":true,"href":"http:\/\/eautomobiliai.lt\/index.php\/wp-json\/wp\/v2\/users\/1"}],"replies":[{"embeddable":true,"href":"http:\/\/eautomobiliai.lt\/index.php\/wp-json\/wp\/v2\/comments?post=2422"}],"version-history":[{"count":0,"href":"http:\/\/eautomobiliai.lt\/index.php\/wp-json\/wp\/v2\/posts\/2422\/revisions"}],"wp:featuredmedia":[{"embeddable":true,"href":"http:\/\/eautomobiliai.lt\/index.php\/wp-json\/wp\/v2\/media\/2423"}],"wp:attachment":[{"href":"http:\/\/eautomobiliai.lt\/index.php\/wp-json\/wp\/v2\/media?parent=2422"}],"wp:term":[{"taxonomy":"category","embeddable":true,"href":"http:\/\/eautomobiliai.lt\/index.php\/wp-json\/wp\/v2\/categories?post=2422"},{"taxonomy":"post_tag","embeddable":true,"href":"http:\/\/eautomobiliai.lt\/index.php\/wp-json\/wp\/v2\/tags?post=2422"}],"curies":[{"name":"wp","href":"https:\/\/api.w.org\/{rel}","templated":true}]}}