{"id":2426,"date":"2025-10-17T00:11:18","date_gmt":"2025-10-17T00:11:18","guid":{"rendered":"https:\/\/eautomobiliai.lt\/index.php\/2025\/10\/17\/hyundai-isleidzia-savo-pirmaji-elektromobili-kurio-kaina-mazesne-nei-30-000-usd\/"},"modified":"2025-10-17T00:11:18","modified_gmt":"2025-10-17T00:11:18","slug":"hyundai-isleidzia-savo-pirmaji-elektromobili-kurio-kaina-mazesne-nei-30-000-usd","status":"publish","type":"post","link":"http:\/\/eautomobiliai.lt\/index.php\/2025\/10\/17\/hyundai-isleidzia-savo-pirmaji-elektromobili-kurio-kaina-mazesne-nei-30-000-usd\/","title":{"rendered":"\u201eHyundai\u201c i\u0161leid\u017eia savo pirm\u0105j\u012f elektromobil\u012f, kurio kaina ma\u017eesn\u0117 nei 30 000 USD"},"content":{"rendered":"<p> <br \/>\n<\/p>\n<div id=\"\">\n<p><span style=\"font-weight: 400;\">Piet\u0173 Kor\u0117jos automobili\u0173 gamintoja \u201eHyundai\u201c per pastaruosius por\u0105 met\u0173 i\u0161leido auk\u0161\u010diausios klas\u0117s elektromobili\u0173 serij\u0105, o dabar prad\u0117jo i\u0161ankstin\u012f pardavim\u0105, kol kas gal\u0117t\u0173 b\u016bti ma\u017eiausia kaina.<\/span><\/p>\n<p><span style=\"font-weight: 400;\">\u0160i\u0105 savait\u0119 Kinijoje \u201eHyundai\u201c, bendradarbiaudama su \u201eBAIC Motor\u201c, pristat\u0117 nauj\u0105 elektrin\u012f visureig\u012f, kurio kainos prasideda nuo ma\u017eiau nei 28 200 USD.<\/span><\/p>\n<p><span style=\"font-weight: 400;\">Remiantis prane\u0161imais i\u0161 <\/span><span style=\"font-weight: 400;\">cnevpost<\/span><span style=\"font-weight: 400;\">\u201eHyundai\u201c i\u0161leis EO vidutinio dyd\u017eio SUV trij\u0173 variant\u0173, kuri\u0173 kaina svyruoja nuo 28 120 USD iki 32 500 USD.<\/span><\/p>\n<p><span style=\"font-weight: 400;\">\u0160is naujas modelis taip pat bus sukurtas ant bendrov\u0117s E-GMP platformos, perkeltos i\u0161 Ioniq 5 ir Ioniq 6, o tai tur\u0117t\u0173 reik\u0161ti didesn\u012f kai kuri\u0173 variant\u0173 \u012fkrovimo greit\u012f. <\/span><\/p>\n<p><span style=\"font-weight: 400;\">Tikimasi, kad jis bus kiek daugiau nei 4,6 metro ilgio ir bus artimesnis \u201eIoniq 5\u201c, bet bus tradicinio visureigio k\u0117bulo.<\/span><\/p>\n<figure id=\"attachment_191340\" aria-describedby=\"caption-attachment-191340\" style=\"width: 1200px\" class=\"wp-caption aligncenter\"><img loading=\"lazy\" decoding=\"async\" class=\"size-full wp-image-191340\" src=\"https:\/\/thedriven.io\/wp-content\/uploads\/2025\/10\/Hyundai-EO-Side.jpg\" alt=\"\" width=\"1200\" height=\"701\" srcset=\"https:\/\/thedriven.io\/wp-content\/uploads\/2025\/10\/Hyundai-EO-Side.jpg 1200w, https:\/\/thedriven.io\/wp-content\/uploads\/2025\/10\/Hyundai-EO-Side-388x227.jpg 388w, https:\/\/thedriven.io\/wp-content\/uploads\/2025\/10\/Hyundai-EO-Side-1160x678.jpg 1160w, https:\/\/thedriven.io\/wp-content\/uploads\/2025\/10\/Hyundai-EO-Side-800x467.jpg 800w, https:\/\/thedriven.io\/wp-content\/uploads\/2025\/10\/Hyundai-EO-Side-120x70.jpg 120w, https:\/\/thedriven.io\/wp-content\/uploads\/2025\/10\/Hyundai-EO-Side-90x53.jpg 90w, https:\/\/thedriven.io\/wp-content\/uploads\/2025\/10\/Hyundai-EO-Side-320x187.jpg 320w, https:\/\/thedriven.io\/wp-content\/uploads\/2025\/10\/Hyundai-EO-Side-560x327.jpg 560w, https:\/\/thedriven.io\/wp-content\/uploads\/2025\/10\/Hyundai-EO-Side-150x88.jpg 150w, https:\/\/thedriven.io\/wp-content\/uploads\/2025\/10\/Hyundai-EO-Side-240x140.jpg 240w, https:\/\/thedriven.io\/wp-content\/uploads\/2025\/10\/Hyundai-EO-Side-180x105.jpg 180w, https:\/\/thedriven.io\/wp-content\/uploads\/2025\/10\/Hyundai-EO-Side-640x374.jpg 640w, https:\/\/thedriven.io\/wp-content\/uploads\/2025\/10\/Hyundai-EO-Side-1120x654.jpg 1120w, https:\/\/thedriven.io\/wp-content\/uploads\/2025\/10\/Hyundai-EO-Side-300x175.jpg 300w\" sizes=\"auto, (max-width: 1200px) 100vw, 1200px\"\/><figcaption id=\"caption-attachment-191340\" class=\"wp-caption-text\">Vaizdas: Pekino Hyundai per Weibo<\/figcaption><\/figure>\n<p><span style=\"font-weight: 400;\">Tai rei\u0161kia, kad jis Australijos rinkoje gal\u0117t\u0173 konkuruoti su Geely EX5, BYD Atto 3 ir b\u016bsimu Leapmotor B10.<\/span><\/p>\n<p><span style=\"font-weight: 400;\">B\u0117gant metams \u201eHyundai\u201c i\u0161pl\u0117t\u0117 savo elektromobili\u0173 asortiment\u0105 Australijoje su tokiais modeliais kaip \u201eIoniq\u201c, \u201eIoniq 5\u201c, \u201eIoniq 6\u201c, \u201eKona Electric\u201c, o pastaruoju metu \u2013 ma\u017eiausi\u0105 \u012fperkamiausi\u0105 model\u012f \u201eInster\u201c ir brangiausi\u0105 \u201eIoniq 9\u201c.<\/span><\/p>\n<p><span style=\"font-weight: 400;\">Naujasis EO yra vienas i\u0161 Kinijoje sukurt\u0173 Hyundai modeli\u0173, kuris anks\u010diau buvo \u017einomas kaip Hyundai Elexio.<\/span><\/p>\n<p><span style=\"font-weight: 400;\">Jame yra didelis 27 coli\u0173 centrinis ekranas ir ekrano vieta bei dydis gerokai skiriasi nuo esam\u0173 Hyundai modeli\u0173.<\/span><\/p>\n<figure id=\"attachment_189088\" aria-describedby=\"caption-attachment-189088\" style=\"width: 1200px\" class=\"wp-caption aligncenter\"><img decoding=\"async\" class=\"size-full wp-image-189088 native-lazyload-js-fallback\" alt=\"\" width=\"1200\" height=\"800\" loading=\"lazy\" src=\"https:\/\/b2232832.smushcdn.com\/2232832\/wp-content\/uploads\/2025\/07\/Hyundai-Elexio-Interior.jpg?lossy=1&amp;strip=0&amp;webp=1\" srcset=\"https:\/\/b2232832.smushcdn.com\/2232832\/wp-content\/uploads\/2025\/07\/Hyundai-Elexio-Interior.jpg?lossy=1&amp;strip=0&amp;webp=1 1200w, https:\/\/b2232832.smushcdn.com\/2232832\/wp-content\/uploads\/2025\/07\/Hyundai-Elexio-Interior-388x259.jpg?lossy=1&amp;strip=0&amp;webp=1 388w, https:\/\/b2232832.smushcdn.com\/2232832\/wp-content\/uploads\/2025\/07\/Hyundai-Elexio-Interior-1160x773.jpg?lossy=1&amp;strip=0&amp;webp=1 1160w, https:\/\/b2232832.smushcdn.com\/2232832\/wp-content\/uploads\/2025\/07\/Hyundai-Elexio-Interior-800x533.jpg?lossy=1&amp;strip=0&amp;webp=1 800w, https:\/\/b2232832.smushcdn.com\/2232832\/wp-content\/uploads\/2025\/07\/Hyundai-Elexio-Interior-120x80.jpg?lossy=1&amp;strip=0&amp;webp=1 120w, https:\/\/b2232832.smushcdn.com\/2232832\/wp-content\/uploads\/2025\/07\/Hyundai-Elexio-Interior-90x60.jpg?lossy=1&amp;strip=0&amp;webp=1 90w, https:\/\/b2232832.smushcdn.com\/2232832\/wp-content\/uploads\/2025\/07\/Hyundai-Elexio-Interior-320x213.jpg?lossy=1&amp;strip=0&amp;webp=1 320w, https:\/\/b2232832.smushcdn.com\/2232832\/wp-content\/uploads\/2025\/07\/Hyundai-Elexio-Interior-560x373.jpg?lossy=1&amp;strip=0&amp;webp=1 560w, https:\/\/b2232832.smushcdn.com\/2232832\/wp-content\/uploads\/2025\/07\/Hyundai-Elexio-Interior-150x100.jpg?lossy=1&amp;strip=0&amp;webp=1 150w, https:\/\/b2232832.smushcdn.com\/2232832\/wp-content\/uploads\/2025\/07\/Hyundai-Elexio-Interior-240x160.jpg?lossy=1&amp;strip=0&amp;webp=1 240w, https:\/\/b2232832.smushcdn.com\/2232832\/wp-content\/uploads\/2025\/07\/Hyundai-Elexio-Interior-180x120.jpg?lossy=1&amp;strip=0&amp;webp=1 180w, https:\/\/b2232832.smushcdn.com\/2232832\/wp-content\/uploads\/2025\/07\/Hyundai-Elexio-Interior-640x427.jpg?lossy=1&amp;strip=0&amp;webp=1 640w, https:\/\/b2232832.smushcdn.com\/2232832\/wp-content\/uploads\/2025\/07\/Hyundai-Elexio-Interior-1120x747.jpg?lossy=1&amp;strip=0&amp;webp=1 1120w, https:\/\/b2232832.smushcdn.com\/2232832\/wp-content\/uploads\/2025\/07\/Hyundai-Elexio-Interior-300x200.jpg?lossy=1&amp;strip=0&amp;webp=1 300w\" data-sizes=\"(max-width: 1200px) 100vw, 1200px\"\/><img loading=\"lazy\" decoding=\"async\" class=\"size-full wp-image-189088\" src=\"https:\/\/thedriven.io\/wp-content\/uploads\/2025\/07\/Hyundai-Elexio-Interior.jpg\" alt=\"\" width=\"1200\" height=\"800\" srcset=\"https:\/\/thedriven.io\/wp-content\/uploads\/2025\/07\/Hyundai-Elexio-Interior.jpg 1200w, https:\/\/thedriven.io\/wp-content\/uploads\/2025\/07\/Hyundai-Elexio-Interior-388x259.jpg 388w, https:\/\/thedriven.io\/wp-content\/uploads\/2025\/07\/Hyundai-Elexio-Interior-1160x773.jpg 1160w, https:\/\/thedriven.io\/wp-content\/uploads\/2025\/07\/Hyundai-Elexio-Interior-800x533.jpg 800w, https:\/\/thedriven.io\/wp-content\/uploads\/2025\/07\/Hyundai-Elexio-Interior-120x80.jpg 120w, https:\/\/thedriven.io\/wp-content\/uploads\/2025\/07\/Hyundai-Elexio-Interior-90x60.jpg 90w, https:\/\/thedriven.io\/wp-content\/uploads\/2025\/07\/Hyundai-Elexio-Interior-320x213.jpg 320w, https:\/\/thedriven.io\/wp-content\/uploads\/2025\/07\/Hyundai-Elexio-Interior-560x373.jpg 560w, https:\/\/thedriven.io\/wp-content\/uploads\/2025\/07\/Hyundai-Elexio-Interior-150x100.jpg 150w, https:\/\/thedriven.io\/wp-content\/uploads\/2025\/07\/Hyundai-Elexio-Interior-240x160.jpg 240w, https:\/\/thedriven.io\/wp-content\/uploads\/2025\/07\/Hyundai-Elexio-Interior-180x120.jpg 180w, https:\/\/thedriven.io\/wp-content\/uploads\/2025\/07\/Hyundai-Elexio-Interior-640x427.jpg 640w, https:\/\/thedriven.io\/wp-content\/uploads\/2025\/07\/Hyundai-Elexio-Interior-1120x747.jpg 1120w, https:\/\/thedriven.io\/wp-content\/uploads\/2025\/07\/Hyundai-Elexio-Interior-300x200.jpg 300w\" sizes=\"auto, (max-width: 1200px) 100vw, 1200px\"\/><figcaption id=\"caption-attachment-189088\" class=\"wp-caption-text\">Vaizdas: Pekino Hyundai per Weibo<\/figcaption><\/figure>\n<p><span style=\"font-weight: 400;\">\u0160iame naujame modelyje, kaip ir keliuose kituose \u201eHyundai\u201c elektromobiliuose, taip pat yra pedal\u0173 perjungikliai, padedantys vairuotojui va\u017eiuojant reguliuoti regeneracin\u012f stabdym\u0105.<\/span><\/p>\n<p><span style=\"font-weight: 400;\">I\u0161 i\u0161or\u0117s automobilis turi nuleid\u017eiamas dureli\u0173 rankenas ir \u0161iek tiek primena Range Rover Evoque. <\/span><\/p>\n<p><span style=\"font-weight: 400;\">\u0160i\u0173 met\u0173 bir\u017eel\u012f Kinijos pramon\u0117s ir informacini\u0173 technologij\u0173 ministerijai (MIIT) patvirtinus \u201eHyundai EO\u201c, buvo atskleistos dvi j\u0117gos pavaros.<\/span><\/p>\n<p><span style=\"font-weight: 400;\">Pirmoji \u2013 priekiniais ratais varoma automobilio versija, kuri tur\u0117s 160 kW varikl\u012f ir 310 Nm sukimo moment\u0105. Norintiems daugiau galios, visais ratais varomas modelis gale padidins 73 kW, o bendra galia padid\u0117s iki 233 kW.<\/span><\/p>\n<p><span style=\"font-weight: 400;\">Akumuliatoriaus priekyje automobilis tur\u0117s li\u010dio gele\u017eies fosfato (LFP) akumuliatori\u0173 i\u0161 BYD priklausan\u010dio \u201eFinDreams\u201c. Tai gal\u0117t\u0173 b\u016bti pana\u0161us \u012f \u201eKia EV5\u201c, kuris \u0161iuo metu pristatomas Australijoje ir turi \u201eFinDreams\u201c baterij\u0173, i\u0161d\u0117stymas.<\/span><\/p>\n<figure id=\"attachment_189083\" aria-describedby=\"caption-attachment-189083\" style=\"width: 1200px\" class=\"wp-caption aligncenter\"><img decoding=\"async\" class=\"size-full wp-image-189083 native-lazyload-js-fallback\" alt=\"\" width=\"1200\" height=\"900\" loading=\"lazy\" src=\"https:\/\/b2232832.smushcdn.com\/2232832\/wp-content\/uploads\/2025\/07\/Hyundai-Elexio-Front-Huy-T.jpg?lossy=1&amp;strip=0&amp;webp=1\" srcset=\"https:\/\/b2232832.smushcdn.com\/2232832\/wp-content\/uploads\/2025\/07\/Hyundai-Elexio-Front-Huy-T.jpg?lossy=1&amp;strip=0&amp;webp=1 1200w, https:\/\/b2232832.smushcdn.com\/2232832\/wp-content\/uploads\/2025\/07\/Hyundai-Elexio-Front-Huy-T-388x291.jpg?lossy=1&amp;strip=0&amp;webp=1 388w, https:\/\/b2232832.smushcdn.com\/2232832\/wp-content\/uploads\/2025\/07\/Hyundai-Elexio-Front-Huy-T-1160x870.jpg?lossy=1&amp;strip=0&amp;webp=1 1160w, https:\/\/b2232832.smushcdn.com\/2232832\/wp-content\/uploads\/2025\/07\/Hyundai-Elexio-Front-Huy-T-380x285.jpg?lossy=1&amp;strip=0&amp;webp=1 380w, https:\/\/b2232832.smushcdn.com\/2232832\/wp-content\/uploads\/2025\/07\/Hyundai-Elexio-Front-Huy-T-800x600.jpg?lossy=1&amp;strip=0&amp;webp=1 800w, https:\/\/b2232832.smushcdn.com\/2232832\/wp-content\/uploads\/2025\/07\/Hyundai-Elexio-Front-Huy-T-300x225.jpg?lossy=1&amp;strip=0&amp;webp=1 300w, https:\/\/b2232832.smushcdn.com\/2232832\/wp-content\/uploads\/2025\/07\/Hyundai-Elexio-Front-Huy-T-120x90.jpg?lossy=1&amp;strip=0&amp;webp=1 120w, https:\/\/b2232832.smushcdn.com\/2232832\/wp-content\/uploads\/2025\/07\/Hyundai-Elexio-Front-Huy-T-90x68.jpg?lossy=1&amp;strip=0&amp;webp=1 90w, https:\/\/b2232832.smushcdn.com\/2232832\/wp-content\/uploads\/2025\/07\/Hyundai-Elexio-Front-Huy-T-320x240.jpg?lossy=1&amp;strip=0&amp;webp=1 320w, https:\/\/b2232832.smushcdn.com\/2232832\/wp-content\/uploads\/2025\/07\/Hyundai-Elexio-Front-Huy-T-560x420.jpg?lossy=1&amp;strip=0&amp;webp=1 560w, https:\/\/b2232832.smushcdn.com\/2232832\/wp-content\/uploads\/2025\/07\/Hyundai-Elexio-Front-Huy-T-150x113.jpg?lossy=1&amp;strip=0&amp;webp=1 150w, https:\/\/b2232832.smushcdn.com\/2232832\/wp-content\/uploads\/2025\/07\/Hyundai-Elexio-Front-Huy-T-760x570.jpg?lossy=1&amp;strip=0&amp;webp=1 760w, https:\/\/b2232832.smushcdn.com\/2232832\/wp-content\/uploads\/2025\/07\/Hyundai-Elexio-Front-Huy-T-600x450.jpg?lossy=1&amp;strip=0&amp;webp=1 600w, https:\/\/b2232832.smushcdn.com\/2232832\/wp-content\/uploads\/2025\/07\/Hyundai-Elexio-Front-Huy-T-240x180.jpg?lossy=1&amp;strip=0&amp;webp=1 240w, https:\/\/b2232832.smushcdn.com\/2232832\/wp-content\/uploads\/2025\/07\/Hyundai-Elexio-Front-Huy-T-180x136.jpg?lossy=1&amp;strip=0&amp;webp=1 180w, https:\/\/b2232832.smushcdn.com\/2232832\/wp-content\/uploads\/2025\/07\/Hyundai-Elexio-Front-Huy-T-640x480.jpg?lossy=1&amp;strip=0&amp;webp=1 640w, https:\/\/b2232832.smushcdn.com\/2232832\/wp-content\/uploads\/2025\/07\/Hyundai-Elexio-Front-Huy-T-1120x840.jpg?lossy=1&amp;strip=0&amp;webp=1 1120w\" data-sizes=\"(max-width: 1200px) 100vw, 1200px\"\/><img loading=\"lazy\" decoding=\"async\" class=\"size-full wp-image-189083\" src=\"https:\/\/thedriven.io\/wp-content\/uploads\/2025\/07\/Hyundai-Elexio-Front-Huy-T.jpg\" alt=\"\" width=\"1200\" height=\"900\" srcset=\"https:\/\/thedriven.io\/wp-content\/uploads\/2025\/07\/Hyundai-Elexio-Front-Huy-T.jpg 1200w, https:\/\/thedriven.io\/wp-content\/uploads\/2025\/07\/Hyundai-Elexio-Front-Huy-T-388x291.jpg 388w, https:\/\/thedriven.io\/wp-content\/uploads\/2025\/07\/Hyundai-Elexio-Front-Huy-T-1160x870.jpg 1160w, https:\/\/thedriven.io\/wp-content\/uploads\/2025\/07\/Hyundai-Elexio-Front-Huy-T-380x285.jpg 380w, https:\/\/thedriven.io\/wp-content\/uploads\/2025\/07\/Hyundai-Elexio-Front-Huy-T-800x600.jpg 800w, https:\/\/thedriven.io\/wp-content\/uploads\/2025\/07\/Hyundai-Elexio-Front-Huy-T-300x225.jpg 300w, https:\/\/thedriven.io\/wp-content\/uploads\/2025\/07\/Hyundai-Elexio-Front-Huy-T-120x90.jpg 120w, https:\/\/thedriven.io\/wp-content\/uploads\/2025\/07\/Hyundai-Elexio-Front-Huy-T-90x68.jpg 90w, https:\/\/thedriven.io\/wp-content\/uploads\/2025\/07\/Hyundai-Elexio-Front-Huy-T-320x240.jpg 320w, https:\/\/thedriven.io\/wp-content\/uploads\/2025\/07\/Hyundai-Elexio-Front-Huy-T-560x420.jpg 560w, https:\/\/thedriven.io\/wp-content\/uploads\/2025\/07\/Hyundai-Elexio-Front-Huy-T-150x113.jpg 150w, https:\/\/thedriven.io\/wp-content\/uploads\/2025\/07\/Hyundai-Elexio-Front-Huy-T-760x570.jpg 760w, https:\/\/thedriven.io\/wp-content\/uploads\/2025\/07\/Hyundai-Elexio-Front-Huy-T-600x450.jpg 600w, https:\/\/thedriven.io\/wp-content\/uploads\/2025\/07\/Hyundai-Elexio-Front-Huy-T-240x180.jpg 240w, https:\/\/thedriven.io\/wp-content\/uploads\/2025\/07\/Hyundai-Elexio-Front-Huy-T-180x136.jpg 180w, https:\/\/thedriven.io\/wp-content\/uploads\/2025\/07\/Hyundai-Elexio-Front-Huy-T-640x480.jpg 640w, https:\/\/thedriven.io\/wp-content\/uploads\/2025\/07\/Hyundai-Elexio-Front-Huy-T-1120x840.jpg 1120w\" sizes=\"auto, (max-width: 1200px) 100vw, 1200px\"\/><figcaption id=\"caption-attachment-189083\" class=\"wp-caption-text\">Nuotrauka: Huy T<\/figcaption><\/figure>\n<p><span style=\"font-weight: 400;\">Liepos m\u0117nes\u012f Sidn\u0117juje, Australijoje, buvo pasteb\u0117tas bandomasis automobilis, pana\u0161us \u012f EO, o tai rodo, kad galimas variantas bus parduodamas ir m\u016bs\u0173 rinkoje.<\/span><\/p>\n<p><span style=\"font-weight: 400;\">Atsi\u017evelgiant \u012f tai, kad \u0161i bandomoji transporto priemon\u0117 buvo pasteb\u0117ta Sidn\u0117juje, \u201eHyundai\u201c gali kurti versij\u0105, kuri bus parduodama ir tarptautin\u0117se rinkose. <\/span><\/p>\n<p><span style=\"font-weight: 400;\">Jei taip, tai gali b\u016bti \u201eKona Electric\u201c \u012fp\u0117dinis arba vietos vir\u0161 jos esantis lizdas. Nekantraujame steb\u0117ti \u0161io modelio jud\u0117jim\u0105, nes, kaip mat\u0117me Kia EV5 s\u0117kmei vietiniuose pardavimuose, tai gali b\u016bti modelis, kuris 2026 m. taps perkamiausiu Hyundai elektra.<\/span><\/p>\n<div class=\"saboxplugin-wrap\" itemtype=\"http:\/\/schema.org\/Person\" itemscope=\"\" itemprop=\"author\">\n<div class=\"saboxplugin-tab\">\n<div class=\"saboxplugin-gravatar\"><img decoding=\"async\" width=\"100\" height=\"100\" alt=\"Rizas Akhtaras\" itemprop=\"image\" loading=\"lazy\" class=\"native-lazyload-js-fallback\" src=\"https:\/\/b2232832.smushcdn.com\/2232832\/wp-content\/uploads\/2022\/02\/Riz.jpg?lossy=1&amp;strip=0&amp;webp=1\"\/><img loading=\"lazy\" decoding=\"async\" src=\"https:\/\/thedriven.io\/wp-content\/uploads\/2022\/02\/Riz.jpg\" width=\"100\" height=\"100\" alt=\"Rizas Akhtaras\" itemprop=\"image\"\/><\/div>\n<div class=\"saboxplugin-desc\">\n<div itemprop=\"description\">\n<p>Rizas yra Melburne \u012fsik\u016brusios \u012fmon\u0117s \u201ecarloop\u201c \u012fk\u016br\u0117jas, kurio specializacija yra Australijos EV duomenys, \u012f\u017evalgos ataskaitos ir tendencijos. Jis yra mechanikos in\u017einierius, kuris pirmuosius 7 savo karjeros metus praleido kurdamas transporto infrastrukt\u016br\u0105 prie\u0161 prad\u0117damas \u201ecarloop\u201c. Jis domisi automobiliams, ypa\u010d elektromobiliams, ir nori pad\u0117ti suma\u017einti transporto i\u0161metam\u0173 ter\u0161al\u0173 kiek\u012f Australijoje. \u0160iuo metu jis vairuoja raudon\u0105 \u201eTesla Model 3\u201c.<\/p>\n<\/div>\n<\/div>\n<\/div>\n<\/div>\n<p><!-- AI CONTENT END 1 --><\/p><\/div>\n<p><br \/>\n<br \/><a href=\"https:\/\/thedriven.io\/2025\/10\/17\/hyundai-releases-its-first-ev-priced-at-less-than-30000\/\">Source link <\/a><\/p>\n","protected":false},"excerpt":{"rendered":"<p>Piet\u0173 Kor\u0117jos automobili\u0173 gamintoja \u201eHyundai\u201c per pastaruosius por\u0105 met\u0173 i\u0161leido auk\u0161\u010diausios klas\u0117s elektromobili\u0173 serij\u0105, o dabar prad\u0117jo i\u0161ankstin\u012f pardavim\u0105, kol&hellip;<\/p>\n","protected":false},"author":1,"featured_media":2427,"comment_status":"open","ping_status":"open","sticky":false,"template":"","format":"standard","meta":{"om_disable_all_campaigns":false,"_monsterinsights_skip_tracking":false,"_monsterinsights_sitenote_active":false,"_monsterinsights_sitenote_note":"","_monsterinsights_sitenote_category":0,"footnotes":""},"categories":[39],"tags":[231,605,218,219,276,3251,37,357,183,38],"class_list":["post-2426","post","type-post","status-publish","format-standard","has-post-thumbnail","hentry","category-eautomobiliu-technine-puse","tag-elektromobili","tag-hyundai","tag-isleidzia","tag-kaina","tag-kurio","tag-mazesne","tag-nei","tag-pirmaji","tag-savo","tag-usd"],"aioseo_notices":[],"yoast_head":"<!-- This site is optimized with the Yoast SEO plugin v26.8 - https:\/\/yoast.com\/product\/yoast-seo-wordpress\/ -->\n<title>\u201eHyundai\u201c i\u0161leid\u017eia savo pirm\u0105j\u012f elektromobil\u012f, kurio kaina ma\u017eesn\u0117 nei 30 000 USD - Eautomobiliai.lt<\/title>\n<meta name=\"robots\" content=\"index, follow, max-snippet:-1, max-image-preview:large, max-video-preview:-1\" \/>\n<link rel=\"canonical\" href=\"https:\/\/eautomobiliai.lt\/index.php\/2025\/10\/17\/hyundai-isleidzia-savo-pirmaji-elektromobili-kurio-kaina-mazesne-nei-30-000-usd\/\" \/>\n<meta property=\"og:locale\" content=\"lt_LT\" \/>\n<meta property=\"og:type\" content=\"article\" \/>\n<meta property=\"og:title\" content=\"\u201eHyundai\u201c i\u0161leid\u017eia savo pirm\u0105j\u012f elektromobil\u012f, kurio kaina ma\u017eesn\u0117 nei 30 000 USD - Eautomobiliai.lt\" \/>\n<meta property=\"og:description\" content=\"Piet\u0173 Kor\u0117jos automobili\u0173 gamintoja \u201eHyundai\u201c per pastaruosius por\u0105 met\u0173 i\u0161leido auk\u0161\u010diausios klas\u0117s elektromobili\u0173 serij\u0105, o dabar prad\u0117jo i\u0161ankstin\u012f pardavim\u0105, kol&hellip;\" \/>\n<meta property=\"og:url\" content=\"https:\/\/eautomobiliai.lt\/index.php\/2025\/10\/17\/hyundai-isleidzia-savo-pirmaji-elektromobili-kurio-kaina-mazesne-nei-30-000-usd\/\" \/>\n<meta property=\"og:site_name\" content=\"Eautomobiliai.lt\" \/>\n<meta property=\"article:published_time\" content=\"2025-10-17T00:11:18+00:00\" \/>\n<meta property=\"og:image\" content=\"https:\/\/eautomobiliai.lt\/wp-content\/uploads\/2025\/10\/\u201eHyundai-isleidzia-savo-pirmaji-elektromobili-kurio-kaina-mazesne-nei-30.jpg\" \/>\n\t<meta property=\"og:image:width\" content=\"1200\" \/>\n\t<meta property=\"og:image:height\" content=\"700\" \/>\n\t<meta property=\"og:image:type\" content=\"image\/jpeg\" \/>\n<meta name=\"author\" content=\"admin\" \/>\n<meta name=\"twitter:card\" content=\"summary_large_image\" \/>\n<meta name=\"twitter:label1\" content=\"Written by\" \/>\n\t<meta name=\"twitter:data1\" content=\"admin\" \/>\n\t<meta name=\"twitter:label2\" content=\"Est. reading time\" \/>\n\t<meta name=\"twitter:data2\" content=\"3 minut\u0117s\" \/>\n<script type=\"application\/ld+json\" class=\"yoast-schema-graph\">{\"@context\":\"https:\/\/schema.org\",\"@graph\":[{\"@type\":\"Article\",\"@id\":\"https:\/\/eautomobiliai.lt\/index.php\/2025\/10\/17\/hyundai-isleidzia-savo-pirmaji-elektromobili-kurio-kaina-mazesne-nei-30-000-usd\/#article\",\"isPartOf\":{\"@id\":\"https:\/\/eautomobiliai.lt\/index.php\/2025\/10\/17\/hyundai-isleidzia-savo-pirmaji-elektromobili-kurio-kaina-mazesne-nei-30-000-usd\/\"},\"author\":{\"name\":\"admin\",\"@id\":\"https:\/\/eautomobiliai.lt\/#\/schema\/person\/ecf2a967f361217d056061f74deb92f2\"},\"headline\":\"\u201eHyundai\u201c i\u0161leid\u017eia savo pirm\u0105j\u012f elektromobil\u012f, kurio kaina ma\u017eesn\u0117 nei 30 000 USD\",\"datePublished\":\"2025-10-17T00:11:18+00:00\",\"mainEntityOfPage\":{\"@id\":\"https:\/\/eautomobiliai.lt\/index.php\/2025\/10\/17\/hyundai-isleidzia-savo-pirmaji-elektromobili-kurio-kaina-mazesne-nei-30-000-usd\/\"},\"wordCount\":528,\"commentCount\":0,\"image\":{\"@id\":\"https:\/\/eautomobiliai.lt\/index.php\/2025\/10\/17\/hyundai-isleidzia-savo-pirmaji-elektromobili-kurio-kaina-mazesne-nei-30-000-usd\/#primaryimage\"},\"thumbnailUrl\":\"http:\/\/eautomobiliai.lt\/wp-content\/uploads\/2025\/10\/\u201eHyundai-isleidzia-savo-pirmaji-elektromobili-kurio-kaina-mazesne-nei-30.jpg\",\"keywords\":[\"elektromobil\u012f\",\"Hyundai\",\"i\u0161leid\u017eia\",\"kain\u0105\",\"kurio\",\"ma\u017eesn\u0119\",\"nei\",\"pirm\u0105j\u012f\",\"savo\",\"USD\"],\"articleSection\":[\"eAUTOMOBILI\u0172 TECHNIN\u0116 PUS\u0116\"],\"inLanguage\":\"lt-LT\",\"potentialAction\":[{\"@type\":\"CommentAction\",\"name\":\"Comment\",\"target\":[\"https:\/\/eautomobiliai.lt\/index.php\/2025\/10\/17\/hyundai-isleidzia-savo-pirmaji-elektromobili-kurio-kaina-mazesne-nei-30-000-usd\/#respond\"]}]},{\"@type\":\"WebPage\",\"@id\":\"https:\/\/eautomobiliai.lt\/index.php\/2025\/10\/17\/hyundai-isleidzia-savo-pirmaji-elektromobili-kurio-kaina-mazesne-nei-30-000-usd\/\",\"url\":\"https:\/\/eautomobiliai.lt\/index.php\/2025\/10\/17\/hyundai-isleidzia-savo-pirmaji-elektromobili-kurio-kaina-mazesne-nei-30-000-usd\/\",\"name\":\"\u201eHyundai\u201c i\u0161leid\u017eia savo pirm\u0105j\u012f elektromobil\u012f, kurio kaina ma\u017eesn\u0117 nei 30 000 USD - Eautomobiliai.lt\",\"isPartOf\":{\"@id\":\"https:\/\/eautomobiliai.lt\/#website\"},\"primaryImageOfPage\":{\"@id\":\"https:\/\/eautomobiliai.lt\/index.php\/2025\/10\/17\/hyundai-isleidzia-savo-pirmaji-elektromobili-kurio-kaina-mazesne-nei-30-000-usd\/#primaryimage\"},\"image\":{\"@id\":\"https:\/\/eautomobiliai.lt\/index.php\/2025\/10\/17\/hyundai-isleidzia-savo-pirmaji-elektromobili-kurio-kaina-mazesne-nei-30-000-usd\/#primaryimage\"},\"thumbnailUrl\":\"http:\/\/eautomobiliai.lt\/wp-content\/uploads\/2025\/10\/\u201eHyundai-isleidzia-savo-pirmaji-elektromobili-kurio-kaina-mazesne-nei-30.jpg\",\"datePublished\":\"2025-10-17T00:11:18+00:00\",\"author\":{\"@id\":\"https:\/\/eautomobiliai.lt\/#\/schema\/person\/ecf2a967f361217d056061f74deb92f2\"},\"breadcrumb\":{\"@id\":\"https:\/\/eautomobiliai.lt\/index.php\/2025\/10\/17\/hyundai-isleidzia-savo-pirmaji-elektromobili-kurio-kaina-mazesne-nei-30-000-usd\/#breadcrumb\"},\"inLanguage\":\"lt-LT\",\"potentialAction\":[{\"@type\":\"ReadAction\",\"target\":[\"https:\/\/eautomobiliai.lt\/index.php\/2025\/10\/17\/hyundai-isleidzia-savo-pirmaji-elektromobili-kurio-kaina-mazesne-nei-30-000-usd\/\"]}]},{\"@type\":\"ImageObject\",\"inLanguage\":\"lt-LT\",\"@id\":\"https:\/\/eautomobiliai.lt\/index.php\/2025\/10\/17\/hyundai-isleidzia-savo-pirmaji-elektromobili-kurio-kaina-mazesne-nei-30-000-usd\/#primaryimage\",\"url\":\"http:\/\/eautomobiliai.lt\/wp-content\/uploads\/2025\/10\/\u201eHyundai-isleidzia-savo-pirmaji-elektromobili-kurio-kaina-mazesne-nei-30.jpg\",\"contentUrl\":\"http:\/\/eautomobiliai.lt\/wp-content\/uploads\/2025\/10\/\u201eHyundai-isleidzia-savo-pirmaji-elektromobili-kurio-kaina-mazesne-nei-30.jpg\",\"width\":1200,\"height\":700},{\"@type\":\"BreadcrumbList\",\"@id\":\"https:\/\/eautomobiliai.lt\/index.php\/2025\/10\/17\/hyundai-isleidzia-savo-pirmaji-elektromobili-kurio-kaina-mazesne-nei-30-000-usd\/#breadcrumb\",\"itemListElement\":[{\"@type\":\"ListItem\",\"position\":1,\"name\":\"Home\",\"item\":\"https:\/\/eautomobiliai.lt\/\"},{\"@type\":\"ListItem\",\"position\":2,\"name\":\"\u201eHyundai\u201c i\u0161leid\u017eia savo pirm\u0105j\u012f elektromobil\u012f, kurio kaina ma\u017eesn\u0117 nei 30 000 USD\"}]},{\"@type\":\"WebSite\",\"@id\":\"https:\/\/eautomobiliai.lt\/#website\",\"url\":\"https:\/\/eautomobiliai.lt\/\",\"name\":\"Eautomobiliai.lt\",\"description\":\"Elektrinis transportas, technologijos\",\"potentialAction\":[{\"@type\":\"SearchAction\",\"target\":{\"@type\":\"EntryPoint\",\"urlTemplate\":\"https:\/\/eautomobiliai.lt\/?s={search_term_string}\"},\"query-input\":{\"@type\":\"PropertyValueSpecification\",\"valueRequired\":true,\"valueName\":\"search_term_string\"}}],\"inLanguage\":\"lt-LT\"},{\"@type\":\"Person\",\"@id\":\"https:\/\/eautomobiliai.lt\/#\/schema\/person\/ecf2a967f361217d056061f74deb92f2\",\"name\":\"admin\",\"image\":{\"@type\":\"ImageObject\",\"inLanguage\":\"lt-LT\",\"@id\":\"https:\/\/eautomobiliai.lt\/#\/schema\/person\/image\/\",\"url\":\"https:\/\/secure.gravatar.com\/avatar\/6323379efae0c70c686c7905444d6bbd?s=96&d=mm&r=g\",\"contentUrl\":\"https:\/\/secure.gravatar.com\/avatar\/6323379efae0c70c686c7905444d6bbd?s=96&d=mm&r=g\",\"caption\":\"admin\"},\"sameAs\":[\"http:\/\/eautomobiliai.lt\"],\"url\":\"http:\/\/eautomobiliai.lt\/index.php\/author\/admin\/\"}]}<\/script>\n<!-- \/ Yoast SEO plugin. -->","yoast_head_json":{"title":"\u201eHyundai\u201c i\u0161leid\u017eia savo pirm\u0105j\u012f elektromobil\u012f, kurio kaina ma\u017eesn\u0117 nei 30 000 USD - Eautomobiliai.lt","robots":{"index":"index","follow":"follow","max-snippet":"max-snippet:-1","max-image-preview":"max-image-preview:large","max-video-preview":"max-video-preview:-1"},"canonical":"https:\/\/eautomobiliai.lt\/index.php\/2025\/10\/17\/hyundai-isleidzia-savo-pirmaji-elektromobili-kurio-kaina-mazesne-nei-30-000-usd\/","og_locale":"lt_LT","og_type":"article","og_title":"\u201eHyundai\u201c i\u0161leid\u017eia savo pirm\u0105j\u012f elektromobil\u012f, kurio kaina ma\u017eesn\u0117 nei 30 000 USD - Eautomobiliai.lt","og_description":"Piet\u0173 Kor\u0117jos automobili\u0173 gamintoja \u201eHyundai\u201c per pastaruosius por\u0105 met\u0173 i\u0161leido auk\u0161\u010diausios klas\u0117s elektromobili\u0173 serij\u0105, o dabar prad\u0117jo i\u0161ankstin\u012f pardavim\u0105, kol&hellip;","og_url":"https:\/\/eautomobiliai.lt\/index.php\/2025\/10\/17\/hyundai-isleidzia-savo-pirmaji-elektromobili-kurio-kaina-mazesne-nei-30-000-usd\/","og_site_name":"Eautomobiliai.lt","article_published_time":"2025-10-17T00:11:18+00:00","og_image":[{"width":1200,"height":700,"url":"https:\/\/eautomobiliai.lt\/wp-content\/uploads\/2025\/10\/\u201eHyundai-isleidzia-savo-pirmaji-elektromobili-kurio-kaina-mazesne-nei-30.jpg","type":"image\/jpeg"}],"author":"admin","twitter_card":"summary_large_image","twitter_misc":{"Written by":"admin","Est. reading time":"3 minut\u0117s"},"schema":{"@context":"https:\/\/schema.org","@graph":[{"@type":"Article","@id":"https:\/\/eautomobiliai.lt\/index.php\/2025\/10\/17\/hyundai-isleidzia-savo-pirmaji-elektromobili-kurio-kaina-mazesne-nei-30-000-usd\/#article","isPartOf":{"@id":"https:\/\/eautomobiliai.lt\/index.php\/2025\/10\/17\/hyundai-isleidzia-savo-pirmaji-elektromobili-kurio-kaina-mazesne-nei-30-000-usd\/"},"author":{"name":"admin","@id":"https:\/\/eautomobiliai.lt\/#\/schema\/person\/ecf2a967f361217d056061f74deb92f2"},"headline":"\u201eHyundai\u201c i\u0161leid\u017eia savo pirm\u0105j\u012f elektromobil\u012f, kurio kaina ma\u017eesn\u0117 nei 30 000 USD","datePublished":"2025-10-17T00:11:18+00:00","mainEntityOfPage":{"@id":"https:\/\/eautomobiliai.lt\/index.php\/2025\/10\/17\/hyundai-isleidzia-savo-pirmaji-elektromobili-kurio-kaina-mazesne-nei-30-000-usd\/"},"wordCount":528,"commentCount":0,"image":{"@id":"https:\/\/eautomobiliai.lt\/index.php\/2025\/10\/17\/hyundai-isleidzia-savo-pirmaji-elektromobili-kurio-kaina-mazesne-nei-30-000-usd\/#primaryimage"},"thumbnailUrl":"http:\/\/eautomobiliai.lt\/wp-content\/uploads\/2025\/10\/\u201eHyundai-isleidzia-savo-pirmaji-elektromobili-kurio-kaina-mazesne-nei-30.jpg","keywords":["elektromobil\u012f","Hyundai","i\u0161leid\u017eia","kain\u0105","kurio","ma\u017eesn\u0119","nei","pirm\u0105j\u012f","savo","USD"],"articleSection":["eAUTOMOBILI\u0172 TECHNIN\u0116 PUS\u0116"],"inLanguage":"lt-LT","potentialAction":[{"@type":"CommentAction","name":"Comment","target":["https:\/\/eautomobiliai.lt\/index.php\/2025\/10\/17\/hyundai-isleidzia-savo-pirmaji-elektromobili-kurio-kaina-mazesne-nei-30-000-usd\/#respond"]}]},{"@type":"WebPage","@id":"https:\/\/eautomobiliai.lt\/index.php\/2025\/10\/17\/hyundai-isleidzia-savo-pirmaji-elektromobili-kurio-kaina-mazesne-nei-30-000-usd\/","url":"https:\/\/eautomobiliai.lt\/index.php\/2025\/10\/17\/hyundai-isleidzia-savo-pirmaji-elektromobili-kurio-kaina-mazesne-nei-30-000-usd\/","name":"\u201eHyundai\u201c i\u0161leid\u017eia savo pirm\u0105j\u012f elektromobil\u012f, kurio kaina ma\u017eesn\u0117 nei 30 000 USD - Eautomobiliai.lt","isPartOf":{"@id":"https:\/\/eautomobiliai.lt\/#website"},"primaryImageOfPage":{"@id":"https:\/\/eautomobiliai.lt\/index.php\/2025\/10\/17\/hyundai-isleidzia-savo-pirmaji-elektromobili-kurio-kaina-mazesne-nei-30-000-usd\/#primaryimage"},"image":{"@id":"https:\/\/eautomobiliai.lt\/index.php\/2025\/10\/17\/hyundai-isleidzia-savo-pirmaji-elektromobili-kurio-kaina-mazesne-nei-30-000-usd\/#primaryimage"},"thumbnailUrl":"http:\/\/eautomobiliai.lt\/wp-content\/uploads\/2025\/10\/\u201eHyundai-isleidzia-savo-pirmaji-elektromobili-kurio-kaina-mazesne-nei-30.jpg","datePublished":"2025-10-17T00:11:18+00:00","author":{"@id":"https:\/\/eautomobiliai.lt\/#\/schema\/person\/ecf2a967f361217d056061f74deb92f2"},"breadcrumb":{"@id":"https:\/\/eautomobiliai.lt\/index.php\/2025\/10\/17\/hyundai-isleidzia-savo-pirmaji-elektromobili-kurio-kaina-mazesne-nei-30-000-usd\/#breadcrumb"},"inLanguage":"lt-LT","potentialAction":[{"@type":"ReadAction","target":["https:\/\/eautomobiliai.lt\/index.php\/2025\/10\/17\/hyundai-isleidzia-savo-pirmaji-elektromobili-kurio-kaina-mazesne-nei-30-000-usd\/"]}]},{"@type":"ImageObject","inLanguage":"lt-LT","@id":"https:\/\/eautomobiliai.lt\/index.php\/2025\/10\/17\/hyundai-isleidzia-savo-pirmaji-elektromobili-kurio-kaina-mazesne-nei-30-000-usd\/#primaryimage","url":"http:\/\/eautomobiliai.lt\/wp-content\/uploads\/2025\/10\/\u201eHyundai-isleidzia-savo-pirmaji-elektromobili-kurio-kaina-mazesne-nei-30.jpg","contentUrl":"http:\/\/eautomobiliai.lt\/wp-content\/uploads\/2025\/10\/\u201eHyundai-isleidzia-savo-pirmaji-elektromobili-kurio-kaina-mazesne-nei-30.jpg","width":1200,"height":700},{"@type":"BreadcrumbList","@id":"https:\/\/eautomobiliai.lt\/index.php\/2025\/10\/17\/hyundai-isleidzia-savo-pirmaji-elektromobili-kurio-kaina-mazesne-nei-30-000-usd\/#breadcrumb","itemListElement":[{"@type":"ListItem","position":1,"name":"Home","item":"https:\/\/eautomobiliai.lt\/"},{"@type":"ListItem","position":2,"name":"\u201eHyundai\u201c i\u0161leid\u017eia savo pirm\u0105j\u012f elektromobil\u012f, kurio kaina ma\u017eesn\u0117 nei 30 000 USD"}]},{"@type":"WebSite","@id":"https:\/\/eautomobiliai.lt\/#website","url":"https:\/\/eautomobiliai.lt\/","name":"Eautomobiliai.lt","description":"Elektrinis transportas, technologijos","potentialAction":[{"@type":"SearchAction","target":{"@type":"EntryPoint","urlTemplate":"https:\/\/eautomobiliai.lt\/?s={search_term_string}"},"query-input":{"@type":"PropertyValueSpecification","valueRequired":true,"valueName":"search_term_string"}}],"inLanguage":"lt-LT"},{"@type":"Person","@id":"https:\/\/eautomobiliai.lt\/#\/schema\/person\/ecf2a967f361217d056061f74deb92f2","name":"admin","image":{"@type":"ImageObject","inLanguage":"lt-LT","@id":"https:\/\/eautomobiliai.lt\/#\/schema\/person\/image\/","url":"https:\/\/secure.gravatar.com\/avatar\/6323379efae0c70c686c7905444d6bbd?s=96&d=mm&r=g","contentUrl":"https:\/\/secure.gravatar.com\/avatar\/6323379efae0c70c686c7905444d6bbd?s=96&d=mm&r=g","caption":"admin"},"sameAs":["http:\/\/eautomobiliai.lt"],"url":"http:\/\/eautomobiliai.lt\/index.php\/author\/admin\/"}]}},"_links":{"self":[{"href":"http:\/\/eautomobiliai.lt\/index.php\/wp-json\/wp\/v2\/posts\/2426","targetHints":{"allow":["GET"]}}],"collection":[{"href":"http:\/\/eautomobiliai.lt\/index.php\/wp-json\/wp\/v2\/posts"}],"about":[{"href":"http:\/\/eautomobiliai.lt\/index.php\/wp-json\/wp\/v2\/types\/post"}],"author":[{"embeddable":true,"href":"http:\/\/eautomobiliai.lt\/index.php\/wp-json\/wp\/v2\/users\/1"}],"replies":[{"embeddable":true,"href":"http:\/\/eautomobiliai.lt\/index.php\/wp-json\/wp\/v2\/comments?post=2426"}],"version-history":[{"count":0,"href":"http:\/\/eautomobiliai.lt\/index.php\/wp-json\/wp\/v2\/posts\/2426\/revisions"}],"wp:featuredmedia":[{"embeddable":true,"href":"http:\/\/eautomobiliai.lt\/index.php\/wp-json\/wp\/v2\/media\/2427"}],"wp:attachment":[{"href":"http:\/\/eautomobiliai.lt\/index.php\/wp-json\/wp\/v2\/media?parent=2426"}],"wp:term":[{"taxonomy":"category","embeddable":true,"href":"http:\/\/eautomobiliai.lt\/index.php\/wp-json\/wp\/v2\/categories?post=2426"},{"taxonomy":"post_tag","embeddable":true,"href":"http:\/\/eautomobiliai.lt\/index.php\/wp-json\/wp\/v2\/tags?post=2426"}],"curies":[{"name":"wp","href":"https:\/\/api.w.org\/{rel}","templated":true}]}}