{"id":2477,"date":"2025-10-22T04:23:12","date_gmt":"2025-10-22T04:23:12","guid":{"rendered":"https:\/\/eautomobiliai.lt\/index.php\/2025\/10\/22\/stai-6-puikios-priezastys-del-kuriu-2026-m-kaimo-vairuotojai-turetu-rinktis-elektromobilius\/"},"modified":"2025-10-22T04:23:12","modified_gmt":"2025-10-22T04:23:12","slug":"stai-6-puikios-priezastys-del-kuriu-2026-m-kaimo-vairuotojai-turetu-rinktis-elektromobilius","status":"publish","type":"post","link":"http:\/\/eautomobiliai.lt\/index.php\/2025\/10\/22\/stai-6-puikios-priezastys-del-kuriu-2026-m-kaimo-vairuotojai-turetu-rinktis-elektromobilius\/","title":{"rendered":"\u0160tai 6 puikios prie\u017eastys, d\u0117l kuri\u0173 2026 m. kaimo vairuotojai tur\u0117t\u0173 rinktis elektromobilius"},"content":{"rendered":"<p> <br \/>\n<\/p>\n<div>\n<figure class=\"img-border featured-image\">\n<p>\t<br \/>\n\t<\/figure>\n<p>Amerikos \u0161irdyje gausu kaimo bendruomeni\u0173, kurios geografi\u0161kai ir kult\u016bri\u0161kai nutolusios nuo did\u017ei\u0173j\u0173 miest\u0173, ta\u010diau tai nerei\u0161kia, kad \u0161ie re\u010diau apgyvendinti regionai negali pasinaudoti elektrifikacijos teikiama nauda. Ties\u0105 sakant, elektromobiliai si\u016blo net kaimo vairuotojams <em>daugiau<\/em> nauda nei miestie\u010diams!<\/p>\n<p><span id=\"more-439884\"\/><\/p>\n<p>\u201eElektrinis gyvenimo b\u016bdas b\u016bt\u0173 palaima m\u016bs\u0173 kaimo \u0161ird\u017eiai\u201c, \u2013 ra\u0161\u0117 Susir\u016bpinusi\u0173 mokslinink\u0173 s\u0105junga Maria Cecilia Pinto de Moura. \u201eKaimo bendruomen\u0117s visoje \u0161alyje turi savo skiriam\u0173j\u0173 bruo\u017e\u0173, ta\u010diau tam tikros bendros ypatyb\u0117s, tokios kaip va\u017eiavimo atstumai, vairuojam\u0173 transporto priemoni\u0173 tipas ir socialin\u0117 bei ekonomin\u0117, yra veiksniai, kurie prisideda prie \u0161io didesnio potencialo gauti naudos i\u0161 transporto priemoni\u0173 elektrifikavimo.<\/p>\n<p>Pinto de Moura toliau apib\u016bdino penkis b\u016bdus, kaip kaimo ir kaimo vairuotojai gal\u0117t\u0173 gauti naudos i\u0161 varymo elektra, ta\u010diau tai buvo 2021 m., ir per beveik penkerius metus nuo to laiko daug kas pasikeit\u0117. <\/p>\n<p>Tod\u0117l maniau, kad pats laikas per\u017ei\u016br\u0117ti kai kurias prie\u017eastis, kod\u0117l elektromobiliai gali puikiai tikti kaimo gyvenimo b\u016bdui, i\u0161siai\u0161kinti, ar galime atrasti nauj\u0173, ir apib\u016bdinti prie\u017eastis, d\u0117l kuri\u0173, m\u016bs\u0173 nuomone, kaimo vairuotojai tur\u0117t\u0173. <em>skub\u0117ti<\/em> ateinan\u010diais kalendoriniais metais prad\u0117ti naudoti elektromobilius.<\/p>\n<p>\t<span class=\"outbrain-ad-label\">Reklama \u2013 slinkite, kad gautum\u0117te daugiau turinio<\/span><\/p>\n<div id=\"ez-toc-container\" class=\"ez-toc-v2_0_82_2 counter-hierarchy ez-toc-counter ez-toc-grey ez-toc-container-direction\">\n<div class=\"ez-toc-title-container\">\n<p class=\"ez-toc-title\" style=\"cursor:inherit\">Turinys:<\/p>\n<span class=\"ez-toc-title-toggle\"><a href=\"#\" class=\"ez-toc-pull-right ez-toc-btn ez-toc-btn-xs ez-toc-btn-default ez-toc-toggle\" aria-label=\"Toggle Table of Content\"><span class=\"ez-toc-js-icon-con\"><span class=\"\"><span class=\"eztoc-hide\" style=\"display:none;\">Toggle<\/span><span class=\"ez-toc-icon-toggle-span\"><svg style=\"fill: #999;color:#999\" xmlns=\"http:\/\/www.w3.org\/2000\/svg\" class=\"list-377408\" width=\"20px\" height=\"20px\" viewBox=\"0 0 24 24\" fill=\"none\"><path d=\"M6 6H4v2h2V6zm14 0H8v2h12V6zM4 11h2v2H4v-2zm16 0H8v2h12v-2zM4 16h2v2H4v-2zm16 0H8v2h12v-2z\" fill=\"currentColor\"><\/path><\/svg><svg style=\"fill: #999;color:#999\" class=\"arrow-unsorted-368013\" xmlns=\"http:\/\/www.w3.org\/2000\/svg\" width=\"10px\" height=\"10px\" viewBox=\"0 0 24 24\" version=\"1.2\" baseProfile=\"tiny\"><path d=\"M18.2 9.3l-6.2-6.3-6.2 6.3c-.2.2-.3.4-.3.7s.1.5.3.7c.2.2.4.3.7.3h11c.3 0 .5-.1.7-.3.2-.2.3-.5.3-.7s-.1-.5-.3-.7zM5.8 14.7l6.2 6.3 6.2-6.3c.2-.2.3-.5.3-.7s-.1-.5-.3-.7c-.2-.2-.4-.3-.7-.3h-11c-.3 0-.5.1-.7.3-.2.2-.3.5-.3.7s.1.5.3.7z\"\/><\/svg><\/span><\/span><\/span><\/a><\/span><\/div>\n<nav><ul class='ez-toc-list ez-toc-list-level-1 ' ><li class='ez-toc-page-1 ez-toc-heading-level-2'><a class=\"ez-toc-link ez-toc-heading-1\" href=\"http:\/\/eautomobiliai.lt\/index.php\/2025\/10\/22\/stai-6-puikios-priezastys-del-kuriu-2026-m-kaimo-vairuotojai-turetu-rinktis-elektromobilius\/#1_Daugiau_myliu_reiskia_daugiau_sutaupyti\" >1. Daugiau myli\u0173 rei\u0161kia daugiau sutaupyti<\/a><\/li><li class='ez-toc-page-1 ez-toc-heading-level-2'><a class=\"ez-toc-link ez-toc-heading-2\" href=\"http:\/\/eautomobiliai.lt\/index.php\/2025\/10\/22\/stai-6-puikios-priezastys-del-kuriu-2026-m-kaimo-vairuotojai-turetu-rinktis-elektromobilius\/#2_Atvaziavo_elektriniai_sunkvezimiai\" >2. Atva\u017eiavo elektriniai sunkve\u017eimiai<\/a><\/li><li class='ez-toc-page-1 ez-toc-heading-level-2'><a class=\"ez-toc-link ez-toc-heading-3\" href=\"http:\/\/eautomobiliai.lt\/index.php\/2025\/10\/22\/stai-6-puikios-priezastys-del-kuriu-2026-m-kaimo-vairuotojai-turetu-rinktis-elektromobilius\/#3_Namu_ikrovimas_tiesiog_veikia\" >3. Nam\u0173 \u012fkrovimas tiesiog veikia<\/a><\/li><li class='ez-toc-page-1 ez-toc-heading-level-2'><a class=\"ez-toc-link ez-toc-heading-4\" href=\"http:\/\/eautomobiliai.lt\/index.php\/2025\/10\/22\/stai-6-puikios-priezastys-del-kuriu-2026-m-kaimo-vairuotojai-turetu-rinktis-elektromobilius\/#4_Gelbejimo_baterija\" >4. Gelb\u0117jimo baterija<\/a><\/li><li class='ez-toc-page-1 ez-toc-heading-level-2'><a class=\"ez-toc-link ez-toc-heading-5\" href=\"http:\/\/eautomobiliai.lt\/index.php\/2025\/10\/22\/stai-6-puikios-priezastys-del-kuriu-2026-m-kaimo-vairuotojai-turetu-rinktis-elektromobilius\/#5_Elektros_automobiliai_yra_pigesni_nei_bet_kada_anksciau\" >5. Elektros automobiliai yra pigesni nei bet kada anks\u010diau<\/a><\/li><li class='ez-toc-page-1 ez-toc-heading-level-2'><a class=\"ez-toc-link ez-toc-heading-6\" href=\"http:\/\/eautomobiliai.lt\/index.php\/2025\/10\/22\/stai-6-puikios-priezastys-del-kuriu-2026-m-kaimo-vairuotojai-turetu-rinktis-elektromobilius\/#6_Energetine_nepriklausomybe_ir_Amerikos_darbai\" >6. Energetin\u0117 nepriklausomyb\u0117 ir Amerikos darbai<\/a><\/li><li class='ez-toc-page-1 ez-toc-heading-level-2'><a class=\"ez-toc-link ez-toc-heading-7\" href=\"http:\/\/eautomobiliai.lt\/index.php\/2025\/10\/22\/stai-6-puikios-priezastys-del-kuriu-2026-m-kaimo-vairuotojai-turetu-rinktis-elektromobilius\/#Ko_man_truksta\" >Ko man tr\u016bksta?<\/a><\/li><\/ul><\/nav><\/div>\n<h2 class=\"wp-block-heading\" id=\"h-1-more-miles-means-more-savings\"><span class=\"ez-toc-section\" id=\"1_Daugiau_myliu_reiskia_daugiau_sutaupyti\"><\/span>1. Daugiau myli\u0173 rei\u0161kia daugiau sutaupyti<span class=\"ez-toc-section-end\"><\/span><\/h2>\n<hr\/>\n<figure class=\"wp-block-image alignwide size-large\"><img loading=\"lazy\" decoding=\"async\" height=\"512\" width=\"1024\" src=\"https:\/\/electrek.co\/wp-content\/uploads\/sites\/3\/2025\/07\/Ford-MustangMachE-250K-64.jpg?quality=82&amp;strip=all&amp;w=1024\" alt=\"Davido Blenkle's 2022 m. Ford Mustang Mach-E, naudotas jo paties automobili\u0173 servisui, per trejus metus \u012fveik\u0117 daugiau nei 250 000 myli\u0173, o tai yra realus pavyzdys, k\u0105 galima padaryti naudojant didel\u0117s ridos elektrines transporto priemones.\" class=\"wp-image-426285\" srcset=\"https:\/\/electrek.co\/wp-content\/uploads\/sites\/3\/2025\/07\/Ford-MustangMachE-250K-64.jpg 1600w, https:\/\/electrek.co\/wp-content\/uploads\/sites\/3\/2025\/07\/Ford-MustangMachE-250K-64.jpg?resize=150,75 150w, https:\/\/electrek.co\/wp-content\/uploads\/sites\/3\/2025\/07\/Ford-MustangMachE-250K-64.jpg?resize=300,150 300w, https:\/\/electrek.co\/wp-content\/uploads\/sites\/3\/2025\/07\/Ford-MustangMachE-250K-64.jpg?resize=768,384 768w, https:\/\/electrek.co\/wp-content\/uploads\/sites\/3\/2025\/07\/Ford-MustangMachE-250K-64.jpg?resize=1024,512 1024w, https:\/\/electrek.co\/wp-content\/uploads\/sites\/3\/2025\/07\/Ford-MustangMachE-250K-64.jpg?resize=1536,768 1536w, https:\/\/electrek.co\/wp-content\/uploads\/sites\/3\/2025\/07\/Ford-MustangMachE-250K-64.jpg?resize=350,175 350w, https:\/\/electrek.co\/wp-content\/uploads\/sites\/3\/2025\/07\/Ford-MustangMachE-250K-64.jpg?resize=140,70 140w, https:\/\/electrek.co\/wp-content\/uploads\/sites\/3\/2025\/07\/Ford-MustangMachE-250K-64.jpg?resize=290,145 290w, https:\/\/electrek.co\/wp-content\/uploads\/sites\/3\/2025\/07\/Ford-MustangMachE-250K-64.jpg?resize=600,300 600w\" sizes=\"auto, (max-width: 1024px) 100vw, 1024px\"\/><figcaption class=\"wp-element-caption\">David Blenkle 252 000 myli\u0173 Mustang Mach-E; per Ford.<\/figcaption><\/figure>\n<p>I\u0161gird\u0119 \u0161i\u0105 eilut\u0119 apie \u201evidutinis amerikietis nuva\u017eiuoja 30\u201340 myli\u0173 per dien\u0105\u201c, atminkite, kad tokiuose miestuose kaip Velingtonas (Ohajas) ar Kolfaksas (Va\u0161ingtonas) 30 myli\u0173 yra bakal\u0117jos b\u0117gimas. \u012e kiekvien\u0105 pus\u0119. Taigi, kai \u017emon\u0117s risnoja t\u0105 sen\u0105 eilut\u0119 <em>diapazono nerimas<\/em>tai, k\u0105 i\u0161 tikr\u0173j\u0173 girdi kaimo vairuotojai, n\u0117ra u\u017etikrinimas. Tai atleidimas \u2013 pasi\u016blymas, kad jie nuva\u017eiuot\u0173 per toli, kad EV veikt\u0173, kai niekas negali b\u016bti toliau nuo tiesos.<\/p>\n<p>Neseniai atliktas Rural Climate Partnership tyrimas atskleid\u0117, kad kaimo vairuotojai degalams i\u0161leid\u017eia vidutini\u0161kai 44 % daugiau nei miesto gyventojai, o 3,6 % kaimo vairuotoj\u0173 \u2013 daugiausiai kilometr\u0173 nuva\u017eiuojan\u010di\u0173 \u201esupermileri\u0173\u201c \u2013 gal\u0117t\u0173 sutaupyti daugiau nei 4000 USD. <em>kiekvienais metais<\/em> pereinant prie elektros kuro.<\/p>\n<h2 class=\"wp-block-heading\" id=\"h-2-electric-trucks-have-arrived\"><span class=\"ez-toc-section\" id=\"2_Atvaziavo_elektriniai_sunkvezimiai\"><\/span>2. Atva\u017eiavo elektriniai sunkve\u017eimiai<span class=\"ez-toc-section-end\"><\/span><\/h2>\n<hr\/>\n<figure class=\"wp-block-image alignwide size-large\"><img loading=\"lazy\" decoding=\"async\" height=\"512\" width=\"1024\" src=\"https:\/\/electrek.co\/wp-content\/uploads\/sites\/3\/2025\/08\/GMC_SIERRA_EV-TOWING.jpg?quality=82&amp;strip=all&amp;w=1024\" alt=\"\u0160tai kiek 2026 m. GMC Sierra EV gali vilkti\" class=\"wp-image-431175\" srcset=\"https:\/\/electrek.co\/wp-content\/uploads\/sites\/3\/2025\/08\/GMC_SIERRA_EV-TOWING.jpg 1600w, https:\/\/electrek.co\/wp-content\/uploads\/sites\/3\/2025\/08\/GMC_SIERRA_EV-TOWING.jpg?resize=150,75 150w, https:\/\/electrek.co\/wp-content\/uploads\/sites\/3\/2025\/08\/GMC_SIERRA_EV-TOWING.jpg?resize=300,150 300w, https:\/\/electrek.co\/wp-content\/uploads\/sites\/3\/2025\/08\/GMC_SIERRA_EV-TOWING.jpg?resize=768,384 768w, https:\/\/electrek.co\/wp-content\/uploads\/sites\/3\/2025\/08\/GMC_SIERRA_EV-TOWING.jpg?resize=1024,512 1024w, https:\/\/electrek.co\/wp-content\/uploads\/sites\/3\/2025\/08\/GMC_SIERRA_EV-TOWING.jpg?resize=1536,768 1536w, https:\/\/electrek.co\/wp-content\/uploads\/sites\/3\/2025\/08\/GMC_SIERRA_EV-TOWING.jpg?resize=350,175 350w, https:\/\/electrek.co\/wp-content\/uploads\/sites\/3\/2025\/08\/GMC_SIERRA_EV-TOWING.jpg?resize=140,70 140w, https:\/\/electrek.co\/wp-content\/uploads\/sites\/3\/2025\/08\/GMC_SIERRA_EV-TOWING.jpg?resize=290,145 290w, https:\/\/electrek.co\/wp-content\/uploads\/sites\/3\/2025\/08\/GMC_SIERRA_EV-TOWING.jpg?resize=600,300 600w\" sizes=\"auto, (max-width: 1024px) 100vw, 1024px\"\/><figcaption class=\"wp-element-caption\">Sierra AT4 EV tempia valt\u012f; per GM.<\/figcaption><\/figure>\n<p>U\u017emies\u010dio vaikinai ir merginos m\u0117gsta savo pikapus, ir, be abejo, did\u017eiausias skirtumas tarp 2021 ir 2025 m. EV rink\u0173 yra elektrini\u0173 sunkve\u017eimi\u0173 ir visureigi\u0173, paruo\u0161t\u0173 pad\u0117ti ve\u017eti, atlikti darbus, stovyklauti ir vilkti, gausa.<\/p>\n<p>Kod\u0117l nei\u0161gelb\u0117jus brangi\u0173 arkli\u0173 nuo duj\u0173 ir dyzelino i\u0161metam\u0173j\u0173 duj\u0173. Vietoj to ve\u017ekite juos savo tyliu nauju EV!<\/p>\n<h2 class=\"wp-block-heading\" id=\"h-3-home-charging-just-works\"><span class=\"ez-toc-section\" id=\"3_Namu_ikrovimas_tiesiog_veikia\"><\/span>3. Nam\u0173 \u012fkrovimas tiesiog veikia<span class=\"ez-toc-section-end\"><\/span><\/h2>\n<hr\/>\n<figure class=\"wp-block-image alignwide size-large\"><img loading=\"lazy\" decoding=\"async\" height=\"512\" width=\"1024\" src=\"https:\/\/electrek.co\/wp-content\/uploads\/sites\/3\/2023\/12\/Rivian-Tesla-Powerwall-4.jpeg?quality=82&amp;strip=all&amp;w=1024\" alt=\"Rivian-Tesla-Powerwall\" class=\"wp-image-342568\" srcset=\"https:\/\/electrek.co\/wp-content\/uploads\/sites\/3\/2023\/12\/Rivian-Tesla-Powerwall-4.jpeg 1400w, https:\/\/electrek.co\/wp-content\/uploads\/sites\/3\/2023\/12\/Rivian-Tesla-Powerwall-4.jpeg?resize=150,75 150w, https:\/\/electrek.co\/wp-content\/uploads\/sites\/3\/2023\/12\/Rivian-Tesla-Powerwall-4.jpeg?resize=300,150 300w, https:\/\/electrek.co\/wp-content\/uploads\/sites\/3\/2023\/12\/Rivian-Tesla-Powerwall-4.jpeg?resize=768,384 768w, https:\/\/electrek.co\/wp-content\/uploads\/sites\/3\/2023\/12\/Rivian-Tesla-Powerwall-4.jpeg?resize=1024,512 1024w, https:\/\/electrek.co\/wp-content\/uploads\/sites\/3\/2023\/12\/Rivian-Tesla-Powerwall-4.jpeg?resize=350,175 350w, https:\/\/electrek.co\/wp-content\/uploads\/sites\/3\/2023\/12\/Rivian-Tesla-Powerwall-4.jpeg?resize=140,70 140w, https:\/\/electrek.co\/wp-content\/uploads\/sites\/3\/2023\/12\/Rivian-Tesla-Powerwall-4.jpeg?resize=290,145 290w, https:\/\/electrek.co\/wp-content\/uploads\/sites\/3\/2023\/12\/Rivian-Tesla-Powerwall-4.jpeg?resize=600,300 600w\" sizes=\"auto, (max-width: 1024px) 100vw, 1024px\"\/><figcaption class=\"wp-element-caption\">R1S \u012fkrovimas namuose; per Rivian.<\/figcaption><\/figure>\n<p>Tik apie 45 % kaimo apskri\u010di\u0173 turi prieig\u0105 prie greitojo nuolatin\u0117s srov\u0117s \u012fkrovimo, tod\u0117l vie\u0161asis \u012fkrovimas vis dar n\u0117ra toks matomas, kaip gal\u0117t\u0173 nor\u0117ti daugeliui pirm\u0105 kart\u0105 EV pirk\u0117j\u0173, ta\u010diau jis yra daug geresnis nei buvo anks\u010diau ir spar\u010diai tobul\u0117ja. Vis d\u0117lto tai n\u0117ra tikrasis EV prana\u0161umas. <strong>Nam\u0173 \u012fkrovimas yra<\/strong>.<\/p>\n<p>Skirtingai nuo daugelio daugiabu\u010diuose miesto vairuotoj\u0173, dauguma kaimo savinink\u0173 gali imti mokest\u012f tiesiog namuose. Daugiau nei 80 % kaimo nam\u0173 turi va\u017eiuojam\u0105j\u0105 dal\u012f arba gara\u017e\u0105, kuris idealiai tinka nakties 2 lygio \u012fkrovimui, o daugelis jau turi 240 V lizd\u0105, tod\u0117l s\u0105rankos i\u0161laidos (jei toki\u0173 yra) yra minimalios.<\/p>\n<p>Prie\u0161 mieg\u0105 prijunkite prie maitinimo \u0161altinio, kiekvien\u0105 ryt\u0105 pabuskite iki pilnos baterijos ir darykite tai u\u017e dolerio centus, ypa\u010d kai kainos ne piko metu.<\/p>\n<h2 class=\"wp-block-heading\" id=\"h-4-lifesaving-battery-power\"><span class=\"ez-toc-section\" id=\"4_Gelbejimo_baterija\"><\/span>4. Gelb\u0117jimo baterija<span class=\"ez-toc-section-end\"><\/span><\/h2>\n<hr\/>\n<figure class=\"wp-block-image alignwide size-large\"><img loading=\"lazy\" decoding=\"async\" height=\"512\" width=\"1024\" src=\"https:\/\/electrek.co\/wp-content\/uploads\/sites\/3\/2022\/12\/Ford-lightning-powers-home-1.jpeg?quality=82&amp;strip=all&amp;w=1024\" alt=\"Ford-Lightning-V2H\" class=\"wp-image-273825\" srcset=\"https:\/\/electrek.co\/wp-content\/uploads\/sites\/3\/2022\/12\/Ford-lightning-powers-home-1.jpeg 1400w, https:\/\/electrek.co\/wp-content\/uploads\/sites\/3\/2022\/12\/Ford-lightning-powers-home-1.jpeg?resize=150,75 150w, https:\/\/electrek.co\/wp-content\/uploads\/sites\/3\/2022\/12\/Ford-lightning-powers-home-1.jpeg?resize=300,150 300w, https:\/\/electrek.co\/wp-content\/uploads\/sites\/3\/2022\/12\/Ford-lightning-powers-home-1.jpeg?resize=768,384 768w, https:\/\/electrek.co\/wp-content\/uploads\/sites\/3\/2022\/12\/Ford-lightning-powers-home-1.jpeg?resize=1024,512 1024w, https:\/\/electrek.co\/wp-content\/uploads\/sites\/3\/2022\/12\/Ford-lightning-powers-home-1.jpeg?resize=350,175 350w, https:\/\/electrek.co\/wp-content\/uploads\/sites\/3\/2022\/12\/Ford-lightning-powers-home-1.jpeg?resize=140,70 140w, https:\/\/electrek.co\/wp-content\/uploads\/sites\/3\/2022\/12\/Ford-lightning-powers-home-1.jpeg?resize=290,145 290w, https:\/\/electrek.co\/wp-content\/uploads\/sites\/3\/2022\/12\/Ford-lightning-powers-home-1.jpeg?resize=600,300 600w\" sizes=\"auto, (max-width: 1024px) 100vw, 1024px\"\/><figcaption class=\"wp-element-caption\">F-150 Lightning prijungtas; per Ford.<\/figcaption><\/figure>\n<p>Jei i\u0161tinka nelaim\u0117 ir dingsta maitinimas, daugelis elektrini\u0173 sunkve\u017eimi\u0173 gali maitinti j\u016bs\u0173 namus ir prietaisus energija, sukaupta did\u017eiuliuose akumuliatoriuose \u2013 arba i\u0161 paties sunkve\u017eimio, arba per V2X nam\u0173 akumuliatori\u0173 sistem\u0105. Jei gyvenate vietov\u0117je, kuriai b\u016bdingi ekstremal\u016bs oro rei\u0161kiniai, galimyb\u0117 laikyti vaistus \u0161aldytuve gali b\u016bti a <em>tiesiogine prasme<\/em> gelb\u0117tojas!<\/p>\n<h2 class=\"wp-block-heading\" id=\"h-5-evs-are-more-affordable-than-ever\"><span class=\"ez-toc-section\" id=\"5_Elektros_automobiliai_yra_pigesni_nei_bet_kada_anksciau\"><\/span>5. Elektros automobiliai yra pigesni nei bet kada anks\u010diau<span class=\"ez-toc-section-end\"><\/span><\/h2>\n<hr\/>\n<figure class=\"wp-block-image alignwide size-large\"><img loading=\"lazy\" decoding=\"async\" height=\"683\" width=\"1024\" src=\"https:\/\/electrek.co\/wp-content\/uploads\/sites\/3\/2022\/02\/E-Transit-93872.jpg?quality=82&amp;strip=all&amp;w=1024\" alt=\"\u201eFord E-Transit\u201c furgonas\" class=\"wp-image-224686\" srcset=\"https:\/\/electrek.co\/wp-content\/uploads\/sites\/3\/2022\/02\/E-Transit-93872.jpg 8127w, https:\/\/electrek.co\/wp-content\/uploads\/sites\/3\/2022\/02\/E-Transit-93872.jpg?resize=150,100 150w, https:\/\/electrek.co\/wp-content\/uploads\/sites\/3\/2022\/02\/E-Transit-93872.jpg?resize=300,200 300w, https:\/\/electrek.co\/wp-content\/uploads\/sites\/3\/2022\/02\/E-Transit-93872.jpg?resize=768,512 768w, https:\/\/electrek.co\/wp-content\/uploads\/sites\/3\/2022\/02\/E-Transit-93872.jpg?resize=1024,683 1024w, https:\/\/electrek.co\/wp-content\/uploads\/sites\/3\/2022\/02\/E-Transit-93872.jpg?resize=1536,1024 1536w, https:\/\/electrek.co\/wp-content\/uploads\/sites\/3\/2022\/02\/E-Transit-93872.jpg?resize=2048,1365 2048w, https:\/\/electrek.co\/wp-content\/uploads\/sites\/3\/2022\/02\/E-Transit-93872.jpg?resize=350,233 350w, https:\/\/electrek.co\/wp-content\/uploads\/sites\/3\/2022\/02\/E-Transit-93872.jpg?resize=140,93 140w, https:\/\/electrek.co\/wp-content\/uploads\/sites\/3\/2022\/02\/E-Transit-93872.jpg?resize=1500,1000 1500w\" sizes=\"auto, (max-width: 1024px) 100vw, 1024px\"\/><figcaption class=\"wp-element-caption\">E-transit elektrinis furgonas; per Ford.<\/figcaption><\/figure>\n<p>Pra\u0117jo keleri metai, kai darbinink\u0173 klas\u0117s vaikinas gal\u0117jo pagr\u012fstai tik\u0117tis gauti nauj\u0105 pikap\u0105 u\u017e ma\u017eiau nei 50 000 USD. Ir nors daug buvo kalbama apie \u201edidel\u0119 elektrini\u0173 transporto priemoni\u0173 kain\u0105\u201c, tiesa yra ta, kad d\u0117l ne\u012ftik\u0117tin\u0173 nuomos sandori\u0173, nauj\u0173 mokes\u010di\u0173 paskat\u0173 ir toki\u0173 \u012fmoni\u0173 kaip \u201eFord Pro\u201c ir \u201eTRC\u201c, kurios nori pad\u0117ti jums rasti dar daugiau l\u0117\u0161\u0173, kad pad\u0117t\u0173 jas apmok\u0117ti, elektromobilius da\u017enai galima \u012fsigyti <em>ma\u017eiau<\/em> nei pana\u0161us duj\u0173 modelis.<\/p>\n<p>Taigi s\u0117sti u\u017e itin galingo, itin skland\u017eiai va\u017eiuojan\u010dio m\u0117gstamo prek\u0117s \u017eenklo elektrinio pikapo vairo yra lengviau nei bet kada anks\u010diau.<\/p>\n<h2 class=\"wp-block-heading\" id=\"h-6-energy-independence-and-american-jobs\"><span class=\"ez-toc-section\" id=\"6_Energetine_nepriklausomybe_ir_Amerikos_darbai\"><\/span>6. Energetin\u0117 nepriklausomyb\u0117 ir Amerikos darbai<span class=\"ez-toc-section-end\"><\/span><\/h2>\n<hr\/>\n<figure class=\"wp-block-image alignwide size-large\"><img loading=\"lazy\" decoding=\"async\" height=\"512\" width=\"1024\" src=\"https:\/\/electrek.co\/wp-content\/uploads\/sites\/3\/2022\/12\/Canoo-US-Army-1.jpeg?quality=82&amp;strip=all&amp;w=1024\" alt=\"Canoo-US-Army\" class=\"wp-image-269404\" srcset=\"https:\/\/electrek.co\/wp-content\/uploads\/sites\/3\/2022\/12\/Canoo-US-Army-1.jpeg 1400w, https:\/\/electrek.co\/wp-content\/uploads\/sites\/3\/2022\/12\/Canoo-US-Army-1.jpeg?resize=150,75 150w, https:\/\/electrek.co\/wp-content\/uploads\/sites\/3\/2022\/12\/Canoo-US-Army-1.jpeg?resize=300,150 300w, https:\/\/electrek.co\/wp-content\/uploads\/sites\/3\/2022\/12\/Canoo-US-Army-1.jpeg?resize=768,384 768w, https:\/\/electrek.co\/wp-content\/uploads\/sites\/3\/2022\/12\/Canoo-US-Army-1.jpeg?resize=1024,512 1024w, https:\/\/electrek.co\/wp-content\/uploads\/sites\/3\/2022\/12\/Canoo-US-Army-1.jpeg?resize=350,175 350w, https:\/\/electrek.co\/wp-content\/uploads\/sites\/3\/2022\/12\/Canoo-US-Army-1.jpeg?resize=140,70 140w, https:\/\/electrek.co\/wp-content\/uploads\/sites\/3\/2022\/12\/Canoo-US-Army-1.jpeg?resize=290,145 290w, https:\/\/electrek.co\/wp-content\/uploads\/sites\/3\/2022\/12\/Canoo-US-Army-1.jpeg?resize=600,300 600w\" sizes=\"auto, (max-width: 1024px) 100vw, 1024px\"\/><figcaption class=\"wp-element-caption\">GM Defense elektrin\u0117 karin\u0117 transporto priemon\u0117; per GM.<\/figcaption><\/figure>\n<p>Rizikuodami nuskamb\u0117ti kaip paranoji\u0161ka raudona kepur\u0117, kaimo amerikie\u010diai did\u017eiuojasi amerikie\u010diais \u2013 kaip kaimo kanadie\u010diai yra i\u0161did\u016bs kanadie\u010diai. Deja, kiekvienas galonas duj\u0173, sudegintas j\u0173 pikapuose ir visureigiuose, atkeliavo i\u0161 gr\u0119\u017etos, rafinuotos ir pasaulin\u0117se rinkose parduodamos naftos \u2013 tai rei\u0161kia, kad reikia remti naftos versl\u0105 ir ekonomik\u0105 t\u0173 \u0161ali\u0173, kuri\u0173 vertyb\u0117s ne visada sutampa su j\u0173 vertyb\u0117mis arba netgi yra visi\u0161kai prie\u0161i\u0161kos.<\/p>\n<p>Per\u0117jimas prie elektromobilio gali pad\u0117ti gauti daugiau pinig\u0173 \u010dia, namuose, ypa\u010d d\u0117l to, kad internete atsiranda daugiau ir geresni\u0173 baterij\u0173 perdirbimo pastang\u0173 ir sukuriama naujesn\u0117 baterij\u0173 ir anodo \/ katodo chemija, ma\u017einanti priklausomyb\u0119 nuo ret\u0173j\u0173 \u017eemi\u0173 metal\u0173, kobalto ir net li\u010dio.<\/p>\n<p>Dar geriau, kad d\u0117l spar\u010dios pl\u0117tros ir smarkiai suma\u017eint\u0173 v\u0117jo ir saul\u0117s energijos s\u0105naud\u0173 savo elektromobil\u012f galite maitinti energija, kuri yra 100 % pagaminta JAV, kuri net netiesiogiai nepalaiko u\u017esienio naftos interes\u0173 ir kuria gerai apmokamas statybos ir prie\u017ei\u016bros darbo vietas vietiniams darbuotojams.<\/p>\n<h2 class=\"wp-block-heading\" id=\"h-what-am-i-missing\"><span class=\"ez-toc-section\" id=\"Ko_man_truksta\"><\/span>Ko man tr\u016bksta?<span class=\"ez-toc-section-end\"><\/span><\/h2>\n<hr\/>\n<figure class=\"wp-block-image alignwide size-large\"><img loading=\"lazy\" decoding=\"async\" height=\"512\" width=\"1024\" src=\"https:\/\/electrek.co\/wp-content\/uploads\/sites\/3\/2025\/02\/Kia-EV6-GT-lease-1.jpeg?quality=82&amp;strip=all&amp;w=1024\" alt=\"Kia-EV6-GT nuoma\" class=\"wp-image-401509\" srcset=\"https:\/\/electrek.co\/wp-content\/uploads\/sites\/3\/2025\/02\/Kia-EV6-GT-lease-1.jpeg 1400w, https:\/\/electrek.co\/wp-content\/uploads\/sites\/3\/2025\/02\/Kia-EV6-GT-lease-1.jpeg?resize=150,75 150w, https:\/\/electrek.co\/wp-content\/uploads\/sites\/3\/2025\/02\/Kia-EV6-GT-lease-1.jpeg?resize=300,150 300w, https:\/\/electrek.co\/wp-content\/uploads\/sites\/3\/2025\/02\/Kia-EV6-GT-lease-1.jpeg?resize=768,384 768w, https:\/\/electrek.co\/wp-content\/uploads\/sites\/3\/2025\/02\/Kia-EV6-GT-lease-1.jpeg?resize=1024,512 1024w, https:\/\/electrek.co\/wp-content\/uploads\/sites\/3\/2025\/02\/Kia-EV6-GT-lease-1.jpeg?resize=350,175 350w, https:\/\/electrek.co\/wp-content\/uploads\/sites\/3\/2025\/02\/Kia-EV6-GT-lease-1.jpeg?resize=140,70 140w, https:\/\/electrek.co\/wp-content\/uploads\/sites\/3\/2025\/02\/Kia-EV6-GT-lease-1.jpeg?resize=290,145 290w, https:\/\/electrek.co\/wp-content\/uploads\/sites\/3\/2025\/02\/Kia-EV6-GT-lease-1.jpeg?resize=600,300 600w\" sizes=\"auto, (max-width: 1024px) 100vw, 1024px\"\/><figcaption class=\"wp-element-caption\">EV6 GT perdegimas; per Kia.<\/figcaption><\/figure>\n<p>Akivaizdu, kad yra daugiau prie\u017eas\u010di\u0173 rinktis elektr\u0105 nei \u0161ios \u2013 nuo \u200b\u200bma\u017eesn\u0117s nuosavyb\u0117s kainos iki planetos i\u0161saugojimo iki visi\u0161kai mirtin\u0173 perdegim\u0173, d\u0117l kuri\u0173 vienos padangos ugnies eros IROC Camaros i\u0161 g\u0117dos pakabint\u0173 savo 305-uosius \u2013 bet a\u0161 manau, kad tokie dalykai nunyksta \u012f antr\u0105 plan\u0105, nes yra patraukl\u016bs visiems, o ne <em>ypa\u010d<\/em> patrauklus kaimo vairuotojams.<\/p>\n<p>Beje, pra\u0117jo daug laiko nuo tada, kai gr\u012f\u017eau \u012f Ohajo valstij\u0105, tod\u0117l galb\u016bt pamir\u0161au, kaip tai yra. J\u016bs, vaikinai, protingi, eikite \u012f komentarus ir prane\u0161kite man, ko praleidau!<\/p>\n<p>Originalus turinys i\u0161 <em>Electrek<\/em>.<\/p>\n<figure class=\"wp-block-image alignwide\"><img loading=\"lazy\" decoding=\"async\" width=\"750\" height=\"150\" src=\"https:\/\/electrek.co\/wp-content\/uploads\/sites\/3\/2025\/03\/DES-1038_Electrek-Banners_EVs_0797c2.png\" alt=\"\" class=\"wp-image-408967\" srcset=\"https:\/\/electrek.co\/wp-content\/uploads\/sites\/3\/2025\/03\/DES-1038_Electrek-Banners_EVs_0797c2.png 750w, https:\/\/electrek.co\/wp-content\/uploads\/sites\/3\/2025\/03\/DES-1038_Electrek-Banners_EVs_0797c2.png?resize=150,30 150w, https:\/\/electrek.co\/wp-content\/uploads\/sites\/3\/2025\/03\/DES-1038_Electrek-Banners_EVs_0797c2.png?resize=300,60 300w, https:\/\/electrek.co\/wp-content\/uploads\/sites\/3\/2025\/03\/DES-1038_Electrek-Banners_EVs_0797c2.png?resize=350,70 350w, https:\/\/electrek.co\/wp-content\/uploads\/sites\/3\/2025\/03\/DES-1038_Electrek-Banners_EVs_0797c2.png?resize=140,28 140w\" sizes=\"auto, (max-width: 750px) 100vw, 750px\"\/><\/figure>\n<hr class=\"wp-block-separator has-alpha-channel-opacity\"\/>\n<p><em>Jei ketinate naudoti saul\u0117s energij\u0105, visada pravartu gauti kainas i\u0161 keli\u0173 montuotoj\u0173. Nor\u0117dami \u012fsitikinti, kad \u0161alia j\u016bs\u0173 rasite patikim\u0105 saul\u0117s energijos montuotoj\u0105, si\u016blant\u012f konkurencingas kainas, patikrinkite <\/em><em>EnergySage<\/em><em>nemokama paslauga, kuri palengvina saul\u0117s energijos naudojim\u0105. Jame yra \u0161imtai i\u0161 anksto patikrint\u0173 saul\u0117s kolektori\u0173 montuotoj\u0173, kurie konkuruoja d\u0117l j\u016bs\u0173 verslo, u\u017etikrindami, kad gausite auk\u0161tos kokyb\u0117s sprendimus ir sutaupysite 20\u201330 %, palyginti su tuo, kad tai darysite vienas. Be to, juo naudotis galima nemokamai ir negausite pardavimo skambu\u010di\u0173, kol nepasirinksite montuotojo ir nepasidalinsite su juo savo telefono numeriu. <\/em><\/p>\n<p><em>J\u016bs\u0173 suasmenintas saul\u0117s energijos kainas lengva palyginti internete ir gausite prieig\u0105 prie ne\u0161ali\u0161k\u0173 energijos patar\u0117j\u0173, kurie pad\u0117s jums kiekviename \u017eingsnyje. <\/em><em>Prad\u0117kite \u010dia<\/em>.<\/p>\n<div class=\"ad-disclaimer-container\">\n<p class=\"disclaimer-affiliate\"><em>FTC: naudojame pajamas u\u017edirban\u010di\u0173 automobili\u0173 filial\u0173 nuorodas.<\/em> Daugiau.<\/p>\n<p><!-- post ad --><\/div>\n<\/p><\/div>\n<p><br \/>\n<br \/><a href=\"https:\/\/electrek.co\/2025\/10\/21\/here-are-6-great-reasons-rural-drivers-should-embrace-evs-in-2026\/\">Source link <\/a><\/p>\n","protected":false},"excerpt":{"rendered":"<p>Amerikos \u0161irdyje gausu kaimo bendruomeni\u0173, kurios geografi\u0161kai ir kult\u016bri\u0161kai nutolusios nuo did\u017ei\u0173j\u0173 miest\u0173, ta\u010diau tai nerei\u0161kia, kad \u0161ie re\u010diau apgyvendinti&hellip;<\/p>\n","protected":false},"author":1,"featured_media":2478,"comment_status":"open","ping_status":"open","sticky":false,"template":"","format":"standard","meta":{"om_disable_all_campaigns":false,"_monsterinsights_skip_tracking":false,"_monsterinsights_sitenote_active":false,"_monsterinsights_sitenote_note":"","_monsterinsights_sitenote_category":0,"footnotes":""},"categories":[8],"tags":[817,992,4173,1546,2250,1189,4174,135,1927,3138],"class_list":["post-2477","post","type-post","status-publish","format-standard","has-post-thumbnail","hentry","category-elektriniai-automobiliai","tag-del","tag-elektromobilius","tag-kaimo","tag-kuriu","tag-priezastys","tag-puikios","tag-rinktis","tag-stai","tag-turetu","tag-vairuotojai"],"aioseo_notices":[],"yoast_head":"<!-- This site is optimized with the Yoast SEO plugin v26.8 - https:\/\/yoast.com\/product\/yoast-seo-wordpress\/ -->\n<title>\u0160tai 6 puikios prie\u017eastys, d\u0117l kuri\u0173 2026 m. kaimo vairuotojai tur\u0117t\u0173 rinktis elektromobilius - Eautomobiliai.lt<\/title>\n<meta name=\"robots\" content=\"index, follow, max-snippet:-1, max-image-preview:large, max-video-preview:-1\" \/>\n<link rel=\"canonical\" href=\"https:\/\/eautomobiliai.lt\/index.php\/2025\/10\/22\/stai-6-puikios-priezastys-del-kuriu-2026-m-kaimo-vairuotojai-turetu-rinktis-elektromobilius\/\" \/>\n<meta property=\"og:locale\" content=\"lt_LT\" \/>\n<meta property=\"og:type\" content=\"article\" \/>\n<meta property=\"og:title\" content=\"\u0160tai 6 puikios prie\u017eastys, d\u0117l kuri\u0173 2026 m. kaimo vairuotojai tur\u0117t\u0173 rinktis elektromobilius - Eautomobiliai.lt\" \/>\n<meta property=\"og:description\" content=\"Amerikos \u0161irdyje gausu kaimo bendruomeni\u0173, kurios geografi\u0161kai ir kult\u016bri\u0161kai nutolusios nuo did\u017ei\u0173j\u0173 miest\u0173, ta\u010diau tai nerei\u0161kia, kad \u0161ie re\u010diau apgyvendinti&hellip;\" \/>\n<meta property=\"og:url\" content=\"https:\/\/eautomobiliai.lt\/index.php\/2025\/10\/22\/stai-6-puikios-priezastys-del-kuriu-2026-m-kaimo-vairuotojai-turetu-rinktis-elektromobilius\/\" \/>\n<meta property=\"og:site_name\" content=\"Eautomobiliai.lt\" \/>\n<meta property=\"article:published_time\" content=\"2025-10-22T04:23:12+00:00\" \/>\n<meta property=\"og:image\" content=\"https:\/\/eautomobiliai.lt\/wp-content\/uploads\/2025\/10\/Stai-6-puikios-priezastys-del-kuriu-2026-m-kaimo-vairuotojai.jpg\" \/>\n\t<meta property=\"og:image:width\" content=\"1200\" \/>\n\t<meta property=\"og:image:height\" content=\"628\" \/>\n\t<meta property=\"og:image:type\" content=\"image\/jpeg\" \/>\n<meta name=\"author\" content=\"admin\" \/>\n<meta name=\"twitter:card\" content=\"summary_large_image\" \/>\n<meta name=\"twitter:label1\" content=\"Written by\" \/>\n\t<meta name=\"twitter:data1\" content=\"admin\" \/>\n\t<meta name=\"twitter:label2\" content=\"Est. reading time\" \/>\n\t<meta name=\"twitter:data2\" content=\"6 minut\u0117s\" \/>\n<script type=\"application\/ld+json\" class=\"yoast-schema-graph\">{\"@context\":\"https:\/\/schema.org\",\"@graph\":[{\"@type\":\"Article\",\"@id\":\"https:\/\/eautomobiliai.lt\/index.php\/2025\/10\/22\/stai-6-puikios-priezastys-del-kuriu-2026-m-kaimo-vairuotojai-turetu-rinktis-elektromobilius\/#article\",\"isPartOf\":{\"@id\":\"https:\/\/eautomobiliai.lt\/index.php\/2025\/10\/22\/stai-6-puikios-priezastys-del-kuriu-2026-m-kaimo-vairuotojai-turetu-rinktis-elektromobilius\/\"},\"author\":{\"name\":\"admin\",\"@id\":\"https:\/\/eautomobiliai.lt\/#\/schema\/person\/ecf2a967f361217d056061f74deb92f2\"},\"headline\":\"\u0160tai 6 puikios prie\u017eastys, d\u0117l kuri\u0173 2026 m. kaimo vairuotojai tur\u0117t\u0173 rinktis elektromobilius\",\"datePublished\":\"2025-10-22T04:23:12+00:00\",\"mainEntityOfPage\":{\"@id\":\"https:\/\/eautomobiliai.lt\/index.php\/2025\/10\/22\/stai-6-puikios-priezastys-del-kuriu-2026-m-kaimo-vairuotojai-turetu-rinktis-elektromobilius\/\"},\"wordCount\":1201,\"commentCount\":0,\"image\":{\"@id\":\"https:\/\/eautomobiliai.lt\/index.php\/2025\/10\/22\/stai-6-puikios-priezastys-del-kuriu-2026-m-kaimo-vairuotojai-turetu-rinktis-elektromobilius\/#primaryimage\"},\"thumbnailUrl\":\"http:\/\/eautomobiliai.lt\/wp-content\/uploads\/2025\/10\/Stai-6-puikios-priezastys-del-kuriu-2026-m-kaimo-vairuotojai.jpg\",\"keywords\":[\"d\u0117l\",\"elektromobilius\",\"kaimo\",\"kuri\u0173\",\"prie\u017eastys\",\"Puikios\",\"rinktis\",\"\u0160tai\",\"tur\u0117t\u0173\",\"vairuotojai\"],\"articleSection\":[\"ELEKTRINIAI AUTOMOBILIAI\"],\"inLanguage\":\"lt-LT\",\"potentialAction\":[{\"@type\":\"CommentAction\",\"name\":\"Comment\",\"target\":[\"https:\/\/eautomobiliai.lt\/index.php\/2025\/10\/22\/stai-6-puikios-priezastys-del-kuriu-2026-m-kaimo-vairuotojai-turetu-rinktis-elektromobilius\/#respond\"]}]},{\"@type\":\"WebPage\",\"@id\":\"https:\/\/eautomobiliai.lt\/index.php\/2025\/10\/22\/stai-6-puikios-priezastys-del-kuriu-2026-m-kaimo-vairuotojai-turetu-rinktis-elektromobilius\/\",\"url\":\"https:\/\/eautomobiliai.lt\/index.php\/2025\/10\/22\/stai-6-puikios-priezastys-del-kuriu-2026-m-kaimo-vairuotojai-turetu-rinktis-elektromobilius\/\",\"name\":\"\u0160tai 6 puikios prie\u017eastys, d\u0117l kuri\u0173 2026 m. kaimo vairuotojai tur\u0117t\u0173 rinktis elektromobilius - Eautomobiliai.lt\",\"isPartOf\":{\"@id\":\"https:\/\/eautomobiliai.lt\/#website\"},\"primaryImageOfPage\":{\"@id\":\"https:\/\/eautomobiliai.lt\/index.php\/2025\/10\/22\/stai-6-puikios-priezastys-del-kuriu-2026-m-kaimo-vairuotojai-turetu-rinktis-elektromobilius\/#primaryimage\"},\"image\":{\"@id\":\"https:\/\/eautomobiliai.lt\/index.php\/2025\/10\/22\/stai-6-puikios-priezastys-del-kuriu-2026-m-kaimo-vairuotojai-turetu-rinktis-elektromobilius\/#primaryimage\"},\"thumbnailUrl\":\"http:\/\/eautomobiliai.lt\/wp-content\/uploads\/2025\/10\/Stai-6-puikios-priezastys-del-kuriu-2026-m-kaimo-vairuotojai.jpg\",\"datePublished\":\"2025-10-22T04:23:12+00:00\",\"author\":{\"@id\":\"https:\/\/eautomobiliai.lt\/#\/schema\/person\/ecf2a967f361217d056061f74deb92f2\"},\"breadcrumb\":{\"@id\":\"https:\/\/eautomobiliai.lt\/index.php\/2025\/10\/22\/stai-6-puikios-priezastys-del-kuriu-2026-m-kaimo-vairuotojai-turetu-rinktis-elektromobilius\/#breadcrumb\"},\"inLanguage\":\"lt-LT\",\"potentialAction\":[{\"@type\":\"ReadAction\",\"target\":[\"https:\/\/eautomobiliai.lt\/index.php\/2025\/10\/22\/stai-6-puikios-priezastys-del-kuriu-2026-m-kaimo-vairuotojai-turetu-rinktis-elektromobilius\/\"]}]},{\"@type\":\"ImageObject\",\"inLanguage\":\"lt-LT\",\"@id\":\"https:\/\/eautomobiliai.lt\/index.php\/2025\/10\/22\/stai-6-puikios-priezastys-del-kuriu-2026-m-kaimo-vairuotojai-turetu-rinktis-elektromobilius\/#primaryimage\",\"url\":\"http:\/\/eautomobiliai.lt\/wp-content\/uploads\/2025\/10\/Stai-6-puikios-priezastys-del-kuriu-2026-m-kaimo-vairuotojai.jpg\",\"contentUrl\":\"http:\/\/eautomobiliai.lt\/wp-content\/uploads\/2025\/10\/Stai-6-puikios-priezastys-del-kuriu-2026-m-kaimo-vairuotojai.jpg\",\"width\":1200,\"height\":628},{\"@type\":\"BreadcrumbList\",\"@id\":\"https:\/\/eautomobiliai.lt\/index.php\/2025\/10\/22\/stai-6-puikios-priezastys-del-kuriu-2026-m-kaimo-vairuotojai-turetu-rinktis-elektromobilius\/#breadcrumb\",\"itemListElement\":[{\"@type\":\"ListItem\",\"position\":1,\"name\":\"Home\",\"item\":\"https:\/\/eautomobiliai.lt\/\"},{\"@type\":\"ListItem\",\"position\":2,\"name\":\"\u0160tai 6 puikios prie\u017eastys, d\u0117l kuri\u0173 2026 m. kaimo vairuotojai tur\u0117t\u0173 rinktis elektromobilius\"}]},{\"@type\":\"WebSite\",\"@id\":\"https:\/\/eautomobiliai.lt\/#website\",\"url\":\"https:\/\/eautomobiliai.lt\/\",\"name\":\"Eautomobiliai.lt\",\"description\":\"Elektrinis transportas, technologijos\",\"potentialAction\":[{\"@type\":\"SearchAction\",\"target\":{\"@type\":\"EntryPoint\",\"urlTemplate\":\"https:\/\/eautomobiliai.lt\/?s={search_term_string}\"},\"query-input\":{\"@type\":\"PropertyValueSpecification\",\"valueRequired\":true,\"valueName\":\"search_term_string\"}}],\"inLanguage\":\"lt-LT\"},{\"@type\":\"Person\",\"@id\":\"https:\/\/eautomobiliai.lt\/#\/schema\/person\/ecf2a967f361217d056061f74deb92f2\",\"name\":\"admin\",\"image\":{\"@type\":\"ImageObject\",\"inLanguage\":\"lt-LT\",\"@id\":\"https:\/\/eautomobiliai.lt\/#\/schema\/person\/image\/\",\"url\":\"https:\/\/secure.gravatar.com\/avatar\/6323379efae0c70c686c7905444d6bbd?s=96&d=mm&r=g\",\"contentUrl\":\"https:\/\/secure.gravatar.com\/avatar\/6323379efae0c70c686c7905444d6bbd?s=96&d=mm&r=g\",\"caption\":\"admin\"},\"sameAs\":[\"http:\/\/eautomobiliai.lt\"],\"url\":\"http:\/\/eautomobiliai.lt\/index.php\/author\/admin\/\"}]}<\/script>\n<!-- \/ Yoast SEO plugin. -->","yoast_head_json":{"title":"\u0160tai 6 puikios prie\u017eastys, d\u0117l kuri\u0173 2026 m. kaimo vairuotojai tur\u0117t\u0173 rinktis elektromobilius - Eautomobiliai.lt","robots":{"index":"index","follow":"follow","max-snippet":"max-snippet:-1","max-image-preview":"max-image-preview:large","max-video-preview":"max-video-preview:-1"},"canonical":"https:\/\/eautomobiliai.lt\/index.php\/2025\/10\/22\/stai-6-puikios-priezastys-del-kuriu-2026-m-kaimo-vairuotojai-turetu-rinktis-elektromobilius\/","og_locale":"lt_LT","og_type":"article","og_title":"\u0160tai 6 puikios prie\u017eastys, d\u0117l kuri\u0173 2026 m. kaimo vairuotojai tur\u0117t\u0173 rinktis elektromobilius - Eautomobiliai.lt","og_description":"Amerikos \u0161irdyje gausu kaimo bendruomeni\u0173, kurios geografi\u0161kai ir kult\u016bri\u0161kai nutolusios nuo did\u017ei\u0173j\u0173 miest\u0173, ta\u010diau tai nerei\u0161kia, kad \u0161ie re\u010diau apgyvendinti&hellip;","og_url":"https:\/\/eautomobiliai.lt\/index.php\/2025\/10\/22\/stai-6-puikios-priezastys-del-kuriu-2026-m-kaimo-vairuotojai-turetu-rinktis-elektromobilius\/","og_site_name":"Eautomobiliai.lt","article_published_time":"2025-10-22T04:23:12+00:00","og_image":[{"width":1200,"height":628,"url":"https:\/\/eautomobiliai.lt\/wp-content\/uploads\/2025\/10\/Stai-6-puikios-priezastys-del-kuriu-2026-m-kaimo-vairuotojai.jpg","type":"image\/jpeg"}],"author":"admin","twitter_card":"summary_large_image","twitter_misc":{"Written by":"admin","Est. reading time":"6 minut\u0117s"},"schema":{"@context":"https:\/\/schema.org","@graph":[{"@type":"Article","@id":"https:\/\/eautomobiliai.lt\/index.php\/2025\/10\/22\/stai-6-puikios-priezastys-del-kuriu-2026-m-kaimo-vairuotojai-turetu-rinktis-elektromobilius\/#article","isPartOf":{"@id":"https:\/\/eautomobiliai.lt\/index.php\/2025\/10\/22\/stai-6-puikios-priezastys-del-kuriu-2026-m-kaimo-vairuotojai-turetu-rinktis-elektromobilius\/"},"author":{"name":"admin","@id":"https:\/\/eautomobiliai.lt\/#\/schema\/person\/ecf2a967f361217d056061f74deb92f2"},"headline":"\u0160tai 6 puikios prie\u017eastys, d\u0117l kuri\u0173 2026 m. kaimo vairuotojai tur\u0117t\u0173 rinktis elektromobilius","datePublished":"2025-10-22T04:23:12+00:00","mainEntityOfPage":{"@id":"https:\/\/eautomobiliai.lt\/index.php\/2025\/10\/22\/stai-6-puikios-priezastys-del-kuriu-2026-m-kaimo-vairuotojai-turetu-rinktis-elektromobilius\/"},"wordCount":1201,"commentCount":0,"image":{"@id":"https:\/\/eautomobiliai.lt\/index.php\/2025\/10\/22\/stai-6-puikios-priezastys-del-kuriu-2026-m-kaimo-vairuotojai-turetu-rinktis-elektromobilius\/#primaryimage"},"thumbnailUrl":"http:\/\/eautomobiliai.lt\/wp-content\/uploads\/2025\/10\/Stai-6-puikios-priezastys-del-kuriu-2026-m-kaimo-vairuotojai.jpg","keywords":["d\u0117l","elektromobilius","kaimo","kuri\u0173","prie\u017eastys","Puikios","rinktis","\u0160tai","tur\u0117t\u0173","vairuotojai"],"articleSection":["ELEKTRINIAI AUTOMOBILIAI"],"inLanguage":"lt-LT","potentialAction":[{"@type":"CommentAction","name":"Comment","target":["https:\/\/eautomobiliai.lt\/index.php\/2025\/10\/22\/stai-6-puikios-priezastys-del-kuriu-2026-m-kaimo-vairuotojai-turetu-rinktis-elektromobilius\/#respond"]}]},{"@type":"WebPage","@id":"https:\/\/eautomobiliai.lt\/index.php\/2025\/10\/22\/stai-6-puikios-priezastys-del-kuriu-2026-m-kaimo-vairuotojai-turetu-rinktis-elektromobilius\/","url":"https:\/\/eautomobiliai.lt\/index.php\/2025\/10\/22\/stai-6-puikios-priezastys-del-kuriu-2026-m-kaimo-vairuotojai-turetu-rinktis-elektromobilius\/","name":"\u0160tai 6 puikios prie\u017eastys, d\u0117l kuri\u0173 2026 m. kaimo vairuotojai tur\u0117t\u0173 rinktis elektromobilius - Eautomobiliai.lt","isPartOf":{"@id":"https:\/\/eautomobiliai.lt\/#website"},"primaryImageOfPage":{"@id":"https:\/\/eautomobiliai.lt\/index.php\/2025\/10\/22\/stai-6-puikios-priezastys-del-kuriu-2026-m-kaimo-vairuotojai-turetu-rinktis-elektromobilius\/#primaryimage"},"image":{"@id":"https:\/\/eautomobiliai.lt\/index.php\/2025\/10\/22\/stai-6-puikios-priezastys-del-kuriu-2026-m-kaimo-vairuotojai-turetu-rinktis-elektromobilius\/#primaryimage"},"thumbnailUrl":"http:\/\/eautomobiliai.lt\/wp-content\/uploads\/2025\/10\/Stai-6-puikios-priezastys-del-kuriu-2026-m-kaimo-vairuotojai.jpg","datePublished":"2025-10-22T04:23:12+00:00","author":{"@id":"https:\/\/eautomobiliai.lt\/#\/schema\/person\/ecf2a967f361217d056061f74deb92f2"},"breadcrumb":{"@id":"https:\/\/eautomobiliai.lt\/index.php\/2025\/10\/22\/stai-6-puikios-priezastys-del-kuriu-2026-m-kaimo-vairuotojai-turetu-rinktis-elektromobilius\/#breadcrumb"},"inLanguage":"lt-LT","potentialAction":[{"@type":"ReadAction","target":["https:\/\/eautomobiliai.lt\/index.php\/2025\/10\/22\/stai-6-puikios-priezastys-del-kuriu-2026-m-kaimo-vairuotojai-turetu-rinktis-elektromobilius\/"]}]},{"@type":"ImageObject","inLanguage":"lt-LT","@id":"https:\/\/eautomobiliai.lt\/index.php\/2025\/10\/22\/stai-6-puikios-priezastys-del-kuriu-2026-m-kaimo-vairuotojai-turetu-rinktis-elektromobilius\/#primaryimage","url":"http:\/\/eautomobiliai.lt\/wp-content\/uploads\/2025\/10\/Stai-6-puikios-priezastys-del-kuriu-2026-m-kaimo-vairuotojai.jpg","contentUrl":"http:\/\/eautomobiliai.lt\/wp-content\/uploads\/2025\/10\/Stai-6-puikios-priezastys-del-kuriu-2026-m-kaimo-vairuotojai.jpg","width":1200,"height":628},{"@type":"BreadcrumbList","@id":"https:\/\/eautomobiliai.lt\/index.php\/2025\/10\/22\/stai-6-puikios-priezastys-del-kuriu-2026-m-kaimo-vairuotojai-turetu-rinktis-elektromobilius\/#breadcrumb","itemListElement":[{"@type":"ListItem","position":1,"name":"Home","item":"https:\/\/eautomobiliai.lt\/"},{"@type":"ListItem","position":2,"name":"\u0160tai 6 puikios prie\u017eastys, d\u0117l kuri\u0173 2026 m. kaimo vairuotojai tur\u0117t\u0173 rinktis elektromobilius"}]},{"@type":"WebSite","@id":"https:\/\/eautomobiliai.lt\/#website","url":"https:\/\/eautomobiliai.lt\/","name":"Eautomobiliai.lt","description":"Elektrinis transportas, technologijos","potentialAction":[{"@type":"SearchAction","target":{"@type":"EntryPoint","urlTemplate":"https:\/\/eautomobiliai.lt\/?s={search_term_string}"},"query-input":{"@type":"PropertyValueSpecification","valueRequired":true,"valueName":"search_term_string"}}],"inLanguage":"lt-LT"},{"@type":"Person","@id":"https:\/\/eautomobiliai.lt\/#\/schema\/person\/ecf2a967f361217d056061f74deb92f2","name":"admin","image":{"@type":"ImageObject","inLanguage":"lt-LT","@id":"https:\/\/eautomobiliai.lt\/#\/schema\/person\/image\/","url":"https:\/\/secure.gravatar.com\/avatar\/6323379efae0c70c686c7905444d6bbd?s=96&d=mm&r=g","contentUrl":"https:\/\/secure.gravatar.com\/avatar\/6323379efae0c70c686c7905444d6bbd?s=96&d=mm&r=g","caption":"admin"},"sameAs":["http:\/\/eautomobiliai.lt"],"url":"http:\/\/eautomobiliai.lt\/index.php\/author\/admin\/"}]}},"_links":{"self":[{"href":"http:\/\/eautomobiliai.lt\/index.php\/wp-json\/wp\/v2\/posts\/2477","targetHints":{"allow":["GET"]}}],"collection":[{"href":"http:\/\/eautomobiliai.lt\/index.php\/wp-json\/wp\/v2\/posts"}],"about":[{"href":"http:\/\/eautomobiliai.lt\/index.php\/wp-json\/wp\/v2\/types\/post"}],"author":[{"embeddable":true,"href":"http:\/\/eautomobiliai.lt\/index.php\/wp-json\/wp\/v2\/users\/1"}],"replies":[{"embeddable":true,"href":"http:\/\/eautomobiliai.lt\/index.php\/wp-json\/wp\/v2\/comments?post=2477"}],"version-history":[{"count":0,"href":"http:\/\/eautomobiliai.lt\/index.php\/wp-json\/wp\/v2\/posts\/2477\/revisions"}],"wp:featuredmedia":[{"embeddable":true,"href":"http:\/\/eautomobiliai.lt\/index.php\/wp-json\/wp\/v2\/media\/2478"}],"wp:attachment":[{"href":"http:\/\/eautomobiliai.lt\/index.php\/wp-json\/wp\/v2\/media?parent=2477"}],"wp:term":[{"taxonomy":"category","embeddable":true,"href":"http:\/\/eautomobiliai.lt\/index.php\/wp-json\/wp\/v2\/categories?post=2477"},{"taxonomy":"post_tag","embeddable":true,"href":"http:\/\/eautomobiliai.lt\/index.php\/wp-json\/wp\/v2\/tags?post=2477"}],"curies":[{"name":"wp","href":"https:\/\/api.w.org\/{rel}","templated":true}]}}