{"id":2506,"date":"2025-10-25T08:41:57","date_gmt":"2025-10-25T08:41:57","guid":{"rendered":"https:\/\/eautomobiliai.lt\/index.php\/2025\/10\/25\/pirmasis-suzuki-elektromobilis-patvirtintas-pardavimui-australijoje\/"},"modified":"2025-10-25T08:41:57","modified_gmt":"2025-10-25T08:41:57","slug":"pirmasis-suzuki-elektromobilis-patvirtintas-pardavimui-australijoje","status":"publish","type":"post","link":"http:\/\/eautomobiliai.lt\/index.php\/2025\/10\/25\/pirmasis-suzuki-elektromobilis-patvirtintas-pardavimui-australijoje\/","title":{"rendered":"Pirmasis \u201eSuzuki\u201c elektromobilis patvirtintas pardavimui Australijoje"},"content":{"rendered":"<p> <br \/>\n<\/p>\n<div id=\"\">\n<p><span style=\"font-weight: 400;\">Suzuki, gerai \u017einomas japon\u0173 automobili\u0173 gamintojas, Australijoje parduoda automobilius nuo a\u0161tuntojo de\u0161imtme\u010dio su ma\u017eesniais benzininiais he\u010dbekais, tokiais kaip populiarusis Swift, ir visureigiais, tokiais kaip Vitara.<\/span><\/p>\n<p><span style=\"font-weight: 400;\">Dabar \u0161io prek\u0117s \u017eenklo pirmasis elektrinis modelis buvo patvirtintas parduoti Australijos rinkoje ir bus trij\u0173 pagrindini\u0173 variant\u0173. Tik\u0117tina, kad \u0161is modelis vadinsis \u201ee Vitara\u201c, nors naujausi patvirtinimo dokumentai jo pavadinimo m\u016bs\u0173 vietin\u0117je rinkoje neatskleid\u017eia.<\/span><\/p>\n<p><span style=\"font-weight: 400;\">Pirma, yra 2WD variantai, kuriuos varo priekyje sumontuotas elektros variklis, kurio did\u017eiausia galia yra 106 kW ir 128 kW.<\/span><\/p>\n<p><span style=\"font-weight: 400;\">Tada yra AWD variantas su papildomu 48 kW varikliu gale, tod\u0117l bendra galia siekia 176 kW.<\/span><\/p>\n<figure id=\"attachment_191566\" aria-describedby=\"caption-attachment-191566\" style=\"width: 939px\" class=\"wp-caption aligncenter\"><img loading=\"lazy\" decoding=\"async\" class=\"size-full wp-image-191566\" src=\"https:\/\/thedriven.io\/wp-content\/uploads\/2025\/10\/Suzuki-e-Vitara-ROVER-Entry.jpg\" alt=\"\" width=\"939\" height=\"606\" srcset=\"https:\/\/thedriven.io\/wp-content\/uploads\/2025\/10\/Suzuki-e-Vitara-ROVER-Entry.jpg 939w, https:\/\/thedriven.io\/wp-content\/uploads\/2025\/10\/Suzuki-e-Vitara-ROVER-Entry-388x250.jpg 388w, https:\/\/thedriven.io\/wp-content\/uploads\/2025\/10\/Suzuki-e-Vitara-ROVER-Entry-800x516.jpg 800w, https:\/\/thedriven.io\/wp-content\/uploads\/2025\/10\/Suzuki-e-Vitara-ROVER-Entry-120x77.jpg 120w, https:\/\/thedriven.io\/wp-content\/uploads\/2025\/10\/Suzuki-e-Vitara-ROVER-Entry-90x58.jpg 90w, https:\/\/thedriven.io\/wp-content\/uploads\/2025\/10\/Suzuki-e-Vitara-ROVER-Entry-320x207.jpg 320w, https:\/\/thedriven.io\/wp-content\/uploads\/2025\/10\/Suzuki-e-Vitara-ROVER-Entry-560x361.jpg 560w, https:\/\/thedriven.io\/wp-content\/uploads\/2025\/10\/Suzuki-e-Vitara-ROVER-Entry-150x97.jpg 150w, https:\/\/thedriven.io\/wp-content\/uploads\/2025\/10\/Suzuki-e-Vitara-ROVER-Entry-240x155.jpg 240w, https:\/\/thedriven.io\/wp-content\/uploads\/2025\/10\/Suzuki-e-Vitara-ROVER-Entry-180x116.jpg 180w, https:\/\/thedriven.io\/wp-content\/uploads\/2025\/10\/Suzuki-e-Vitara-ROVER-Entry-640x413.jpg 640w, https:\/\/thedriven.io\/wp-content\/uploads\/2025\/10\/Suzuki-e-Vitara-ROVER-Entry-300x194.jpg 300w\" sizes=\"auto, (max-width: 939px) 100vw, 939px\"\/><figcaption id=\"caption-attachment-191566\" class=\"wp-caption-text\">Vaizdas: ROVER<\/figcaption><\/figure>\n<p><span style=\"font-weight: 400;\">Remiantis patvirtinimo dokumentais, \u0161is visureigis, kurio auk\u0161tis yra 4,28 metro, o jo mas\u0117 svyruoja nuo 1700 kg iki 1900 kg, tod\u0117l jis pana\u0161us \u012f kitus ma\u017eesnius elektrinius visureigius.<\/span><\/p>\n<p><span style=\"font-weight: 400;\">Akumuliatoriaus priekyje patvirtinime konkre\u010diai nenurodyta akumuliatoriaus talpa, ta\u010diau \u017ei\u016brint \u012f JK specifikacijas, tik\u0117tina, kad tai bus 49 kWh li\u010dio ir gele\u017eies fosfato (LFP) paketas pradinio lygio 2WD modelyje.<\/span><\/p>\n<p><span style=\"font-weight: 400;\">Galingesnio 2WD varianto, kurio galia yra 128 kW, ir AWD variante, akumuliatoriaus blokas padidinamas iki 61 kWh.<\/span><\/p>\n<p><span style=\"font-weight: 400;\">WLTP modeliuose svyruoja nuo 344 km iki 426 km, o tai yra pagr\u012fsta ma\u017e\u0173 elektrini\u0173 visureigi\u0173 segmente.<\/span><\/p>\n<figure id=\"attachment_188692\" aria-describedby=\"caption-attachment-188692\" style=\"width: 1280px\" class=\"wp-caption aligncenter\"><img decoding=\"async\" class=\"size-full wp-image-188692 native-lazyload-js-fallback\" alt=\"\" width=\"1280\" height=\"720\" loading=\"lazy\" src=\"https:\/\/b2232832.smushcdn.com\/2232832\/wp-content\/uploads\/2025\/06\/e-Vitara-2.jpg?lossy=1&amp;strip=0&amp;webp=1\" srcset=\"https:\/\/b2232832.smushcdn.com\/2232832\/wp-content\/uploads\/2025\/06\/e-Vitara-2.jpg?lossy=1&amp;strip=0&amp;webp=1 1280w, https:\/\/b2232832.smushcdn.com\/2232832\/wp-content\/uploads\/2025\/06\/e-Vitara-2-388x218.jpg?lossy=1&amp;strip=0&amp;webp=1 388w, https:\/\/b2232832.smushcdn.com\/2232832\/wp-content\/uploads\/2025\/06\/e-Vitara-2-1160x653.jpg?lossy=1&amp;strip=0&amp;webp=1 1160w, https:\/\/b2232832.smushcdn.com\/2232832\/wp-content\/uploads\/2025\/06\/e-Vitara-2-800x450.jpg?lossy=1&amp;strip=0&amp;webp=1 800w, https:\/\/b2232832.smushcdn.com\/2232832\/wp-content\/uploads\/2025\/06\/e-Vitara-2-120x68.jpg?lossy=1&amp;strip=0&amp;webp=1 120w, https:\/\/b2232832.smushcdn.com\/2232832\/wp-content\/uploads\/2025\/06\/e-Vitara-2-90x51.jpg?lossy=1&amp;strip=0&amp;webp=1 90w, https:\/\/b2232832.smushcdn.com\/2232832\/wp-content\/uploads\/2025\/06\/e-Vitara-2-320x180.jpg?lossy=1&amp;strip=0&amp;webp=1 320w, https:\/\/b2232832.smushcdn.com\/2232832\/wp-content\/uploads\/2025\/06\/e-Vitara-2-560x315.jpg?lossy=1&amp;strip=0&amp;webp=1 560w, https:\/\/b2232832.smushcdn.com\/2232832\/wp-content\/uploads\/2025\/06\/e-Vitara-2-150x84.jpg?lossy=1&amp;strip=0&amp;webp=1 150w, https:\/\/b2232832.smushcdn.com\/2232832\/wp-content\/uploads\/2025\/06\/e-Vitara-2-240x135.jpg?lossy=1&amp;strip=0&amp;webp=1 240w, https:\/\/b2232832.smushcdn.com\/2232832\/wp-content\/uploads\/2025\/06\/e-Vitara-2-180x101.jpg?lossy=1&amp;strip=0&amp;webp=1 180w, https:\/\/b2232832.smushcdn.com\/2232832\/wp-content\/uploads\/2025\/06\/e-Vitara-2-640x360.jpg?lossy=1&amp;strip=0&amp;webp=1 640w, https:\/\/b2232832.smushcdn.com\/2232832\/wp-content\/uploads\/2025\/06\/e-Vitara-2-1120x630.jpg?lossy=1&amp;strip=0&amp;webp=1 1120w, https:\/\/b2232832.smushcdn.com\/2232832\/wp-content\/uploads\/2025\/06\/e-Vitara-2-300x169.jpg?lossy=1&amp;strip=0&amp;webp=1 300w\" data-sizes=\"(max-width: 1280px) 100vw, 1280px\"\/><img loading=\"lazy\" decoding=\"async\" class=\"size-full wp-image-188692\" src=\"https:\/\/thedriven.io\/wp-content\/uploads\/2025\/06\/e-Vitara-2.jpg\" alt=\"\" width=\"1280\" height=\"720\" srcset=\"https:\/\/thedriven.io\/wp-content\/uploads\/2025\/06\/e-Vitara-2.jpg 1280w, https:\/\/thedriven.io\/wp-content\/uploads\/2025\/06\/e-Vitara-2-388x218.jpg 388w, https:\/\/thedriven.io\/wp-content\/uploads\/2025\/06\/e-Vitara-2-1160x653.jpg 1160w, https:\/\/thedriven.io\/wp-content\/uploads\/2025\/06\/e-Vitara-2-800x450.jpg 800w, https:\/\/thedriven.io\/wp-content\/uploads\/2025\/06\/e-Vitara-2-120x68.jpg 120w, https:\/\/thedriven.io\/wp-content\/uploads\/2025\/06\/e-Vitara-2-90x51.jpg 90w, https:\/\/thedriven.io\/wp-content\/uploads\/2025\/06\/e-Vitara-2-320x180.jpg 320w, https:\/\/thedriven.io\/wp-content\/uploads\/2025\/06\/e-Vitara-2-560x315.jpg 560w, https:\/\/thedriven.io\/wp-content\/uploads\/2025\/06\/e-Vitara-2-150x84.jpg 150w, https:\/\/thedriven.io\/wp-content\/uploads\/2025\/06\/e-Vitara-2-240x135.jpg 240w, https:\/\/thedriven.io\/wp-content\/uploads\/2025\/06\/e-Vitara-2-180x101.jpg 180w, https:\/\/thedriven.io\/wp-content\/uploads\/2025\/06\/e-Vitara-2-640x360.jpg 640w, https:\/\/thedriven.io\/wp-content\/uploads\/2025\/06\/e-Vitara-2-1120x630.jpg 1120w, https:\/\/thedriven.io\/wp-content\/uploads\/2025\/06\/e-Vitara-2-300x169.jpg 300w\" sizes=\"auto, (max-width: 1280px) 100vw, 1280px\"\/><figcaption id=\"caption-attachment-188692\" class=\"wp-caption-text\">Vaizdo kreditas: Suzuki Australia<\/figcaption><\/figure>\n<p><span style=\"font-weight: 400;\">\u0160is akumuliatorius gali b\u016bti greitai \u012fkraunamas iki 70 kW grei\u010diu. Esant tokiam \u012fkrovimo grei\u010diui, pagal JK rinkoje esan\u010dias specifikacijas \u201ee Vitara\u201c galima greitai \u012fkrauti nuo 10 iki 80 % per 45 minutes.<\/span><\/p>\n<p><span style=\"font-weight: 400;\">Tai neabejotinai yra \u017eemesn\u0117, palyginti su pana\u0161iais rinkoje esan\u010diais elektromobiliais, nes dauguma siekia, kad tas pats \u012fkrovimas \u012fvykt\u0173 ma\u017edaug per 30 minu\u010di\u0173.<\/span><\/p>\n<p><span style=\"font-weight: 400;\">J\u0117gos agregatas taip pat gali pad\u0117ti automobiliui \u012fsib\u0117g\u0117ti nuo 0 iki 100 km\/h per 7,4\u20139,6 sekund\u0117s, priklausomai nuo varianto.<\/span><\/p>\n<p><span style=\"font-weight: 400;\">\u201eSuzuki e Vitara\u201c kaina vietin\u0117je rinkoje ne\u017einoma, ta\u010diau Jungtin\u0117je Karalyst\u0117je ji prasideda nuo 26 249 GBP, o tai yra ma\u017eesn\u0117 u\u017e brangesn\u012f \u201eBYD Atto 3\u201c, kurio kaina prasideda nuo 37 705 GBP.<\/span><\/p>\n<figure id=\"attachment_183328\" aria-describedby=\"caption-attachment-183328\" style=\"width: 1280px\" class=\"wp-caption aligncenter\"><img decoding=\"async\" class=\"size-full wp-image-183328 native-lazyload-js-fallback\" alt=\"\" width=\"1280\" height=\"858\" loading=\"lazy\" src=\"https:\/\/b2232832.smushcdn.com\/2232832\/wp-content\/uploads\/2024\/11\/Original-6948-the-e-vitara-02.jpg?lossy=1&amp;strip=0&amp;webp=1\" srcset=\"https:\/\/b2232832.smushcdn.com\/2232832\/wp-content\/uploads\/2024\/11\/Original-6948-the-e-vitara-02.jpg?lossy=1&amp;strip=0&amp;webp=1 1280w, https:\/\/b2232832.smushcdn.com\/2232832\/wp-content\/uploads\/2024\/11\/Original-6948-the-e-vitara-02-388x260.jpg?lossy=1&amp;strip=0&amp;webp=1 388w, https:\/\/b2232832.smushcdn.com\/2232832\/wp-content\/uploads\/2024\/11\/Original-6948-the-e-vitara-02-1160x778.jpg?lossy=1&amp;strip=0&amp;webp=1 1160w, https:\/\/b2232832.smushcdn.com\/2232832\/wp-content\/uploads\/2024\/11\/Original-6948-the-e-vitara-02-800x536.jpg?lossy=1&amp;strip=0&amp;webp=1 800w, https:\/\/b2232832.smushcdn.com\/2232832\/wp-content\/uploads\/2024\/11\/Original-6948-the-e-vitara-02-120x80.jpg?lossy=1&amp;strip=0&amp;webp=1 120w, https:\/\/b2232832.smushcdn.com\/2232832\/wp-content\/uploads\/2024\/11\/Original-6948-the-e-vitara-02-90x60.jpg?lossy=1&amp;strip=0&amp;webp=1 90w, https:\/\/b2232832.smushcdn.com\/2232832\/wp-content\/uploads\/2024\/11\/Original-6948-the-e-vitara-02-320x215.jpg?lossy=1&amp;strip=0&amp;webp=1 320w, https:\/\/b2232832.smushcdn.com\/2232832\/wp-content\/uploads\/2024\/11\/Original-6948-the-e-vitara-02-560x375.jpg?lossy=1&amp;strip=0&amp;webp=1 560w, https:\/\/b2232832.smushcdn.com\/2232832\/wp-content\/uploads\/2024\/11\/Original-6948-the-e-vitara-02-150x101.jpg?lossy=1&amp;strip=0&amp;webp=1 150w, https:\/\/b2232832.smushcdn.com\/2232832\/wp-content\/uploads\/2024\/11\/Original-6948-the-e-vitara-02-240x161.jpg?lossy=1&amp;strip=0&amp;webp=1 240w, https:\/\/b2232832.smushcdn.com\/2232832\/wp-content\/uploads\/2024\/11\/Original-6948-the-e-vitara-02-180x121.jpg?lossy=1&amp;strip=0&amp;webp=1 180w, https:\/\/b2232832.smushcdn.com\/2232832\/wp-content\/uploads\/2024\/11\/Original-6948-the-e-vitara-02-640x429.jpg?lossy=1&amp;strip=0&amp;webp=1 640w, https:\/\/b2232832.smushcdn.com\/2232832\/wp-content\/uploads\/2024\/11\/Original-6948-the-e-vitara-02-1120x751.jpg?lossy=1&amp;strip=0&amp;webp=1 1120w, https:\/\/b2232832.smushcdn.com\/2232832\/wp-content\/uploads\/2024\/11\/Original-6948-the-e-vitara-02-300x201.jpg?lossy=1&amp;strip=0&amp;webp=1 300w\" data-sizes=\"(max-width: 1280px) 100vw, 1280px\"\/><img loading=\"lazy\" decoding=\"async\" class=\"size-full wp-image-183328\" src=\"https:\/\/thedriven.io\/wp-content\/uploads\/2024\/11\/Original-6948-the-e-vitara-02.jpg\" alt=\"\" width=\"1280\" height=\"858\" srcset=\"https:\/\/thedriven.io\/wp-content\/uploads\/2024\/11\/Original-6948-the-e-vitara-02.jpg 1280w, https:\/\/thedriven.io\/wp-content\/uploads\/2024\/11\/Original-6948-the-e-vitara-02-388x260.jpg 388w, https:\/\/thedriven.io\/wp-content\/uploads\/2024\/11\/Original-6948-the-e-vitara-02-1160x778.jpg 1160w, https:\/\/thedriven.io\/wp-content\/uploads\/2024\/11\/Original-6948-the-e-vitara-02-800x536.jpg 800w, https:\/\/thedriven.io\/wp-content\/uploads\/2024\/11\/Original-6948-the-e-vitara-02-120x80.jpg 120w, https:\/\/thedriven.io\/wp-content\/uploads\/2024\/11\/Original-6948-the-e-vitara-02-90x60.jpg 90w, https:\/\/thedriven.io\/wp-content\/uploads\/2024\/11\/Original-6948-the-e-vitara-02-320x215.jpg 320w, https:\/\/thedriven.io\/wp-content\/uploads\/2024\/11\/Original-6948-the-e-vitara-02-560x375.jpg 560w, https:\/\/thedriven.io\/wp-content\/uploads\/2024\/11\/Original-6948-the-e-vitara-02-150x101.jpg 150w, https:\/\/thedriven.io\/wp-content\/uploads\/2024\/11\/Original-6948-the-e-vitara-02-240x161.jpg 240w, https:\/\/thedriven.io\/wp-content\/uploads\/2024\/11\/Original-6948-the-e-vitara-02-180x121.jpg 180w, https:\/\/thedriven.io\/wp-content\/uploads\/2024\/11\/Original-6948-the-e-vitara-02-640x429.jpg 640w, https:\/\/thedriven.io\/wp-content\/uploads\/2024\/11\/Original-6948-the-e-vitara-02-1120x751.jpg 1120w, https:\/\/thedriven.io\/wp-content\/uploads\/2024\/11\/Original-6948-the-e-vitara-02-300x201.jpg 300w\" sizes=\"auto, (max-width: 1280px) 100vw, 1280px\"\/><figcaption id=\"caption-attachment-183328\" class=\"wp-caption-text\">Vaizdo kreditas: Suzuki<\/figcaption><\/figure>\n<p><span style=\"font-weight: 400;\">Tur\u0117dami tai omenyje, galime tik\u0117tis, kad \u201ee Vitara\u201c kaina Australijoje prasid\u0117s ma\u017edaug nuo 40 000 USD, kai tikimasi, kad jis nusileis 2026 m.<\/span><\/p>\n<p><span style=\"font-weight: 400;\">Paskutinis patvirtinimas gautas t\u0105 pa\u010di\u0105 savait\u0119, kai \u201eMazda\u201c, kitas Japonijos prek\u0117s \u017eenklas, pristat\u0117 savo b\u016bsim\u0105 elektrin\u012f sedan\u0105, kur\u012f numatoma i\u0161leisti 2026 m. viduryje.<\/span><\/p>\n<p><span style=\"font-weight: 400;\">I\u0161samios pirmojo \u201eSuzuki\u201c vietinio elektromobilio modelio specifikacijos ir oficialios kainos bus paskelbtos ar\u010diau transporto priemon\u0117s pristatymo ateinan\u010diais m\u0117nesiais.<\/span><\/p>\n<div class=\"saboxplugin-wrap\" itemtype=\"http:\/\/schema.org\/Person\" itemscope=\"\" itemprop=\"author\">\n<div class=\"saboxplugin-tab\">\n<div class=\"saboxplugin-gravatar\"><img decoding=\"async\" width=\"100\" height=\"100\" alt=\"Rizas Akhtaras\" itemprop=\"image\" loading=\"lazy\" class=\"native-lazyload-js-fallback\" src=\"https:\/\/b2232832.smushcdn.com\/2232832\/wp-content\/uploads\/2022\/02\/Riz.jpg?lossy=1&amp;strip=0&amp;webp=1\"\/><img loading=\"lazy\" decoding=\"async\" src=\"https:\/\/thedriven.io\/wp-content\/uploads\/2022\/02\/Riz.jpg\" width=\"100\" height=\"100\" alt=\"Rizas Akhtaras\" itemprop=\"image\"\/><\/div>\n<div class=\"saboxplugin-desc\">\n<div itemprop=\"description\">\n<p>Rizas yra Melburne \u012fsik\u016brusios \u012fmon\u0117s \u201ecarloop\u201c \u012fk\u016br\u0117jas, kurio specializacija yra Australijos EV duomenys, \u012f\u017evalgos ataskaitos ir tendencijos. Jis yra mechanikos in\u017einierius, kuris pirmuosius 7 savo karjeros metus praleido kurdamas transporto infrastrukt\u016br\u0105 prie\u0161 prad\u0117damas \u201ecarloop\u201c. Jis domisi automobiliams, ypa\u010d elektromobiliams, ir nori pad\u0117ti suma\u017einti transporto i\u0161metam\u0173 ter\u0161al\u0173 kiek\u012f Australijoje. \u0160iuo metu jis vairuoja raudon\u0105 \u201eTesla Model 3\u201c.<\/p>\n<\/div>\n<\/div>\n<\/div>\n<\/div>\n<p><!-- AI CONTENT END 1 --><\/p><\/div>\n<p><br \/>\n<br \/><a href=\"https:\/\/thedriven.io\/2025\/10\/25\/suzukis-first-ev-approved-for-sale-in-australia\/\">Source link <\/a><\/p>\n","protected":false},"excerpt":{"rendered":"<p>Suzuki, gerai \u017einomas japon\u0173 automobili\u0173 gamintojas, Australijoje parduoda automobilius nuo a\u0161tuntojo de\u0161imtme\u010dio su ma\u017eesniais benzininiais he\u010dbekais, tokiais kaip populiarusis Swift,&hellip;<\/p>\n","protected":false},"author":1,"featured_media":2507,"comment_status":"open","ping_status":"open","sticky":false,"template":"","format":"standard","meta":{"om_disable_all_campaigns":false,"_monsterinsights_skip_tracking":false,"_monsterinsights_sitenote_active":false,"_monsterinsights_sitenote_note":"","_monsterinsights_sitenote_category":0,"footnotes":""},"categories":[39],"tags":[115,4175,2525,2994,807,2610],"class_list":["post-2506","post","type-post","status-publish","format-standard","has-post-thumbnail","hentry","category-eautomobiliu-technine-puse","tag-australijoje","tag-elektromobilis","tag-pardavimui","tag-patvirtintas","tag-pirmasis","tag-suzuki"],"aioseo_notices":[],"yoast_head":"<!-- This site is optimized with the Yoast SEO plugin v26.8 - https:\/\/yoast.com\/product\/yoast-seo-wordpress\/ -->\n<title>Pirmasis \u201eSuzuki\u201c elektromobilis patvirtintas pardavimui Australijoje - Eautomobiliai.lt<\/title>\n<meta name=\"robots\" content=\"index, follow, max-snippet:-1, max-image-preview:large, max-video-preview:-1\" \/>\n<link rel=\"canonical\" href=\"https:\/\/eautomobiliai.lt\/index.php\/2025\/10\/25\/pirmasis-suzuki-elektromobilis-patvirtintas-pardavimui-australijoje\/\" \/>\n<meta property=\"og:locale\" content=\"lt_LT\" \/>\n<meta property=\"og:type\" content=\"article\" \/>\n<meta property=\"og:title\" content=\"Pirmasis \u201eSuzuki\u201c elektromobilis patvirtintas pardavimui Australijoje - Eautomobiliai.lt\" \/>\n<meta property=\"og:description\" content=\"Suzuki, gerai \u017einomas japon\u0173 automobili\u0173 gamintojas, Australijoje parduoda automobilius nuo a\u0161tuntojo de\u0161imtme\u010dio su ma\u017eesniais benzininiais he\u010dbekais, tokiais kaip populiarusis Swift,&hellip;\" \/>\n<meta property=\"og:url\" content=\"https:\/\/eautomobiliai.lt\/index.php\/2025\/10\/25\/pirmasis-suzuki-elektromobilis-patvirtintas-pardavimui-australijoje\/\" \/>\n<meta property=\"og:site_name\" content=\"Eautomobiliai.lt\" \/>\n<meta property=\"article:published_time\" content=\"2025-10-25T08:41:57+00:00\" \/>\n<meta property=\"og:image\" content=\"https:\/\/eautomobiliai.lt\/wp-content\/uploads\/2025\/10\/Pirmasis-\u201eSuzuki-elektromobilis-patvirtintas-pardavimui-Australijoje.jpg\" \/>\n\t<meta property=\"og:image:width\" content=\"1280\" \/>\n\t<meta property=\"og:image:height\" content=\"854\" \/>\n\t<meta property=\"og:image:type\" content=\"image\/jpeg\" \/>\n<meta name=\"author\" content=\"admin\" \/>\n<meta name=\"twitter:card\" content=\"summary_large_image\" \/>\n<meta name=\"twitter:label1\" content=\"Written by\" \/>\n\t<meta name=\"twitter:data1\" content=\"admin\" \/>\n\t<meta name=\"twitter:label2\" content=\"Est. reading time\" \/>\n\t<meta name=\"twitter:data2\" content=\"2 minut\u0117s\" \/>\n<script type=\"application\/ld+json\" class=\"yoast-schema-graph\">{\"@context\":\"https:\/\/schema.org\",\"@graph\":[{\"@type\":\"Article\",\"@id\":\"https:\/\/eautomobiliai.lt\/index.php\/2025\/10\/25\/pirmasis-suzuki-elektromobilis-patvirtintas-pardavimui-australijoje\/#article\",\"isPartOf\":{\"@id\":\"https:\/\/eautomobiliai.lt\/index.php\/2025\/10\/25\/pirmasis-suzuki-elektromobilis-patvirtintas-pardavimui-australijoje\/\"},\"author\":{\"name\":\"admin\",\"@id\":\"https:\/\/eautomobiliai.lt\/#\/schema\/person\/ecf2a967f361217d056061f74deb92f2\"},\"headline\":\"Pirmasis \u201eSuzuki\u201c elektromobilis patvirtintas pardavimui Australijoje\",\"datePublished\":\"2025-10-25T08:41:57+00:00\",\"mainEntityOfPage\":{\"@id\":\"https:\/\/eautomobiliai.lt\/index.php\/2025\/10\/25\/pirmasis-suzuki-elektromobilis-patvirtintas-pardavimui-australijoje\/\"},\"wordCount\":461,\"commentCount\":0,\"image\":{\"@id\":\"https:\/\/eautomobiliai.lt\/index.php\/2025\/10\/25\/pirmasis-suzuki-elektromobilis-patvirtintas-pardavimui-australijoje\/#primaryimage\"},\"thumbnailUrl\":\"http:\/\/eautomobiliai.lt\/wp-content\/uploads\/2025\/10\/Pirmasis-\u201eSuzuki-elektromobilis-patvirtintas-pardavimui-Australijoje.jpg\",\"keywords\":[\"Australijoje\",\"elektromobilis\",\"pardavimui\",\"patvirtintas\",\"pirmasis\",\"Suzuki\"],\"articleSection\":[\"eAUTOMOBILI\u0172 TECHNIN\u0116 PUS\u0116\"],\"inLanguage\":\"lt-LT\",\"potentialAction\":[{\"@type\":\"CommentAction\",\"name\":\"Comment\",\"target\":[\"https:\/\/eautomobiliai.lt\/index.php\/2025\/10\/25\/pirmasis-suzuki-elektromobilis-patvirtintas-pardavimui-australijoje\/#respond\"]}]},{\"@type\":\"WebPage\",\"@id\":\"https:\/\/eautomobiliai.lt\/index.php\/2025\/10\/25\/pirmasis-suzuki-elektromobilis-patvirtintas-pardavimui-australijoje\/\",\"url\":\"https:\/\/eautomobiliai.lt\/index.php\/2025\/10\/25\/pirmasis-suzuki-elektromobilis-patvirtintas-pardavimui-australijoje\/\",\"name\":\"Pirmasis \u201eSuzuki\u201c elektromobilis patvirtintas pardavimui Australijoje - Eautomobiliai.lt\",\"isPartOf\":{\"@id\":\"https:\/\/eautomobiliai.lt\/#website\"},\"primaryImageOfPage\":{\"@id\":\"https:\/\/eautomobiliai.lt\/index.php\/2025\/10\/25\/pirmasis-suzuki-elektromobilis-patvirtintas-pardavimui-australijoje\/#primaryimage\"},\"image\":{\"@id\":\"https:\/\/eautomobiliai.lt\/index.php\/2025\/10\/25\/pirmasis-suzuki-elektromobilis-patvirtintas-pardavimui-australijoje\/#primaryimage\"},\"thumbnailUrl\":\"http:\/\/eautomobiliai.lt\/wp-content\/uploads\/2025\/10\/Pirmasis-\u201eSuzuki-elektromobilis-patvirtintas-pardavimui-Australijoje.jpg\",\"datePublished\":\"2025-10-25T08:41:57+00:00\",\"author\":{\"@id\":\"https:\/\/eautomobiliai.lt\/#\/schema\/person\/ecf2a967f361217d056061f74deb92f2\"},\"breadcrumb\":{\"@id\":\"https:\/\/eautomobiliai.lt\/index.php\/2025\/10\/25\/pirmasis-suzuki-elektromobilis-patvirtintas-pardavimui-australijoje\/#breadcrumb\"},\"inLanguage\":\"lt-LT\",\"potentialAction\":[{\"@type\":\"ReadAction\",\"target\":[\"https:\/\/eautomobiliai.lt\/index.php\/2025\/10\/25\/pirmasis-suzuki-elektromobilis-patvirtintas-pardavimui-australijoje\/\"]}]},{\"@type\":\"ImageObject\",\"inLanguage\":\"lt-LT\",\"@id\":\"https:\/\/eautomobiliai.lt\/index.php\/2025\/10\/25\/pirmasis-suzuki-elektromobilis-patvirtintas-pardavimui-australijoje\/#primaryimage\",\"url\":\"http:\/\/eautomobiliai.lt\/wp-content\/uploads\/2025\/10\/Pirmasis-\u201eSuzuki-elektromobilis-patvirtintas-pardavimui-Australijoje.jpg\",\"contentUrl\":\"http:\/\/eautomobiliai.lt\/wp-content\/uploads\/2025\/10\/Pirmasis-\u201eSuzuki-elektromobilis-patvirtintas-pardavimui-Australijoje.jpg\",\"width\":1280,\"height\":854},{\"@type\":\"BreadcrumbList\",\"@id\":\"https:\/\/eautomobiliai.lt\/index.php\/2025\/10\/25\/pirmasis-suzuki-elektromobilis-patvirtintas-pardavimui-australijoje\/#breadcrumb\",\"itemListElement\":[{\"@type\":\"ListItem\",\"position\":1,\"name\":\"Home\",\"item\":\"https:\/\/eautomobiliai.lt\/\"},{\"@type\":\"ListItem\",\"position\":2,\"name\":\"Pirmasis \u201eSuzuki\u201c elektromobilis patvirtintas pardavimui Australijoje\"}]},{\"@type\":\"WebSite\",\"@id\":\"https:\/\/eautomobiliai.lt\/#website\",\"url\":\"https:\/\/eautomobiliai.lt\/\",\"name\":\"Eautomobiliai.lt\",\"description\":\"Elektrinis transportas, technologijos\",\"potentialAction\":[{\"@type\":\"SearchAction\",\"target\":{\"@type\":\"EntryPoint\",\"urlTemplate\":\"https:\/\/eautomobiliai.lt\/?s={search_term_string}\"},\"query-input\":{\"@type\":\"PropertyValueSpecification\",\"valueRequired\":true,\"valueName\":\"search_term_string\"}}],\"inLanguage\":\"lt-LT\"},{\"@type\":\"Person\",\"@id\":\"https:\/\/eautomobiliai.lt\/#\/schema\/person\/ecf2a967f361217d056061f74deb92f2\",\"name\":\"admin\",\"image\":{\"@type\":\"ImageObject\",\"inLanguage\":\"lt-LT\",\"@id\":\"https:\/\/eautomobiliai.lt\/#\/schema\/person\/image\/\",\"url\":\"https:\/\/secure.gravatar.com\/avatar\/6323379efae0c70c686c7905444d6bbd?s=96&d=mm&r=g\",\"contentUrl\":\"https:\/\/secure.gravatar.com\/avatar\/6323379efae0c70c686c7905444d6bbd?s=96&d=mm&r=g\",\"caption\":\"admin\"},\"sameAs\":[\"http:\/\/eautomobiliai.lt\"],\"url\":\"http:\/\/eautomobiliai.lt\/index.php\/author\/admin\/\"}]}<\/script>\n<!-- \/ Yoast SEO plugin. -->","yoast_head_json":{"title":"Pirmasis \u201eSuzuki\u201c elektromobilis patvirtintas pardavimui Australijoje - Eautomobiliai.lt","robots":{"index":"index","follow":"follow","max-snippet":"max-snippet:-1","max-image-preview":"max-image-preview:large","max-video-preview":"max-video-preview:-1"},"canonical":"https:\/\/eautomobiliai.lt\/index.php\/2025\/10\/25\/pirmasis-suzuki-elektromobilis-patvirtintas-pardavimui-australijoje\/","og_locale":"lt_LT","og_type":"article","og_title":"Pirmasis \u201eSuzuki\u201c elektromobilis patvirtintas pardavimui Australijoje - Eautomobiliai.lt","og_description":"Suzuki, gerai \u017einomas japon\u0173 automobili\u0173 gamintojas, Australijoje parduoda automobilius nuo a\u0161tuntojo de\u0161imtme\u010dio su ma\u017eesniais benzininiais he\u010dbekais, tokiais kaip populiarusis Swift,&hellip;","og_url":"https:\/\/eautomobiliai.lt\/index.php\/2025\/10\/25\/pirmasis-suzuki-elektromobilis-patvirtintas-pardavimui-australijoje\/","og_site_name":"Eautomobiliai.lt","article_published_time":"2025-10-25T08:41:57+00:00","og_image":[{"width":1280,"height":854,"url":"https:\/\/eautomobiliai.lt\/wp-content\/uploads\/2025\/10\/Pirmasis-\u201eSuzuki-elektromobilis-patvirtintas-pardavimui-Australijoje.jpg","type":"image\/jpeg"}],"author":"admin","twitter_card":"summary_large_image","twitter_misc":{"Written by":"admin","Est. reading time":"2 minut\u0117s"},"schema":{"@context":"https:\/\/schema.org","@graph":[{"@type":"Article","@id":"https:\/\/eautomobiliai.lt\/index.php\/2025\/10\/25\/pirmasis-suzuki-elektromobilis-patvirtintas-pardavimui-australijoje\/#article","isPartOf":{"@id":"https:\/\/eautomobiliai.lt\/index.php\/2025\/10\/25\/pirmasis-suzuki-elektromobilis-patvirtintas-pardavimui-australijoje\/"},"author":{"name":"admin","@id":"https:\/\/eautomobiliai.lt\/#\/schema\/person\/ecf2a967f361217d056061f74deb92f2"},"headline":"Pirmasis \u201eSuzuki\u201c elektromobilis patvirtintas pardavimui Australijoje","datePublished":"2025-10-25T08:41:57+00:00","mainEntityOfPage":{"@id":"https:\/\/eautomobiliai.lt\/index.php\/2025\/10\/25\/pirmasis-suzuki-elektromobilis-patvirtintas-pardavimui-australijoje\/"},"wordCount":461,"commentCount":0,"image":{"@id":"https:\/\/eautomobiliai.lt\/index.php\/2025\/10\/25\/pirmasis-suzuki-elektromobilis-patvirtintas-pardavimui-australijoje\/#primaryimage"},"thumbnailUrl":"http:\/\/eautomobiliai.lt\/wp-content\/uploads\/2025\/10\/Pirmasis-\u201eSuzuki-elektromobilis-patvirtintas-pardavimui-Australijoje.jpg","keywords":["Australijoje","elektromobilis","pardavimui","patvirtintas","pirmasis","Suzuki"],"articleSection":["eAUTOMOBILI\u0172 TECHNIN\u0116 PUS\u0116"],"inLanguage":"lt-LT","potentialAction":[{"@type":"CommentAction","name":"Comment","target":["https:\/\/eautomobiliai.lt\/index.php\/2025\/10\/25\/pirmasis-suzuki-elektromobilis-patvirtintas-pardavimui-australijoje\/#respond"]}]},{"@type":"WebPage","@id":"https:\/\/eautomobiliai.lt\/index.php\/2025\/10\/25\/pirmasis-suzuki-elektromobilis-patvirtintas-pardavimui-australijoje\/","url":"https:\/\/eautomobiliai.lt\/index.php\/2025\/10\/25\/pirmasis-suzuki-elektromobilis-patvirtintas-pardavimui-australijoje\/","name":"Pirmasis \u201eSuzuki\u201c elektromobilis patvirtintas pardavimui Australijoje - Eautomobiliai.lt","isPartOf":{"@id":"https:\/\/eautomobiliai.lt\/#website"},"primaryImageOfPage":{"@id":"https:\/\/eautomobiliai.lt\/index.php\/2025\/10\/25\/pirmasis-suzuki-elektromobilis-patvirtintas-pardavimui-australijoje\/#primaryimage"},"image":{"@id":"https:\/\/eautomobiliai.lt\/index.php\/2025\/10\/25\/pirmasis-suzuki-elektromobilis-patvirtintas-pardavimui-australijoje\/#primaryimage"},"thumbnailUrl":"http:\/\/eautomobiliai.lt\/wp-content\/uploads\/2025\/10\/Pirmasis-\u201eSuzuki-elektromobilis-patvirtintas-pardavimui-Australijoje.jpg","datePublished":"2025-10-25T08:41:57+00:00","author":{"@id":"https:\/\/eautomobiliai.lt\/#\/schema\/person\/ecf2a967f361217d056061f74deb92f2"},"breadcrumb":{"@id":"https:\/\/eautomobiliai.lt\/index.php\/2025\/10\/25\/pirmasis-suzuki-elektromobilis-patvirtintas-pardavimui-australijoje\/#breadcrumb"},"inLanguage":"lt-LT","potentialAction":[{"@type":"ReadAction","target":["https:\/\/eautomobiliai.lt\/index.php\/2025\/10\/25\/pirmasis-suzuki-elektromobilis-patvirtintas-pardavimui-australijoje\/"]}]},{"@type":"ImageObject","inLanguage":"lt-LT","@id":"https:\/\/eautomobiliai.lt\/index.php\/2025\/10\/25\/pirmasis-suzuki-elektromobilis-patvirtintas-pardavimui-australijoje\/#primaryimage","url":"http:\/\/eautomobiliai.lt\/wp-content\/uploads\/2025\/10\/Pirmasis-\u201eSuzuki-elektromobilis-patvirtintas-pardavimui-Australijoje.jpg","contentUrl":"http:\/\/eautomobiliai.lt\/wp-content\/uploads\/2025\/10\/Pirmasis-\u201eSuzuki-elektromobilis-patvirtintas-pardavimui-Australijoje.jpg","width":1280,"height":854},{"@type":"BreadcrumbList","@id":"https:\/\/eautomobiliai.lt\/index.php\/2025\/10\/25\/pirmasis-suzuki-elektromobilis-patvirtintas-pardavimui-australijoje\/#breadcrumb","itemListElement":[{"@type":"ListItem","position":1,"name":"Home","item":"https:\/\/eautomobiliai.lt\/"},{"@type":"ListItem","position":2,"name":"Pirmasis \u201eSuzuki\u201c elektromobilis patvirtintas pardavimui Australijoje"}]},{"@type":"WebSite","@id":"https:\/\/eautomobiliai.lt\/#website","url":"https:\/\/eautomobiliai.lt\/","name":"Eautomobiliai.lt","description":"Elektrinis transportas, technologijos","potentialAction":[{"@type":"SearchAction","target":{"@type":"EntryPoint","urlTemplate":"https:\/\/eautomobiliai.lt\/?s={search_term_string}"},"query-input":{"@type":"PropertyValueSpecification","valueRequired":true,"valueName":"search_term_string"}}],"inLanguage":"lt-LT"},{"@type":"Person","@id":"https:\/\/eautomobiliai.lt\/#\/schema\/person\/ecf2a967f361217d056061f74deb92f2","name":"admin","image":{"@type":"ImageObject","inLanguage":"lt-LT","@id":"https:\/\/eautomobiliai.lt\/#\/schema\/person\/image\/","url":"https:\/\/secure.gravatar.com\/avatar\/6323379efae0c70c686c7905444d6bbd?s=96&d=mm&r=g","contentUrl":"https:\/\/secure.gravatar.com\/avatar\/6323379efae0c70c686c7905444d6bbd?s=96&d=mm&r=g","caption":"admin"},"sameAs":["http:\/\/eautomobiliai.lt"],"url":"http:\/\/eautomobiliai.lt\/index.php\/author\/admin\/"}]}},"_links":{"self":[{"href":"http:\/\/eautomobiliai.lt\/index.php\/wp-json\/wp\/v2\/posts\/2506","targetHints":{"allow":["GET"]}}],"collection":[{"href":"http:\/\/eautomobiliai.lt\/index.php\/wp-json\/wp\/v2\/posts"}],"about":[{"href":"http:\/\/eautomobiliai.lt\/index.php\/wp-json\/wp\/v2\/types\/post"}],"author":[{"embeddable":true,"href":"http:\/\/eautomobiliai.lt\/index.php\/wp-json\/wp\/v2\/users\/1"}],"replies":[{"embeddable":true,"href":"http:\/\/eautomobiliai.lt\/index.php\/wp-json\/wp\/v2\/comments?post=2506"}],"version-history":[{"count":0,"href":"http:\/\/eautomobiliai.lt\/index.php\/wp-json\/wp\/v2\/posts\/2506\/revisions"}],"wp:featuredmedia":[{"embeddable":true,"href":"http:\/\/eautomobiliai.lt\/index.php\/wp-json\/wp\/v2\/media\/2507"}],"wp:attachment":[{"href":"http:\/\/eautomobiliai.lt\/index.php\/wp-json\/wp\/v2\/media?parent=2506"}],"wp:term":[{"taxonomy":"category","embeddable":true,"href":"http:\/\/eautomobiliai.lt\/index.php\/wp-json\/wp\/v2\/categories?post=2506"},{"taxonomy":"post_tag","embeddable":true,"href":"http:\/\/eautomobiliai.lt\/index.php\/wp-json\/wp\/v2\/tags?post=2506"}],"curies":[{"name":"wp","href":"https:\/\/api.w.org\/{rel}","templated":true}]}}