{"id":2518,"date":"2025-10-26T20:39:27","date_gmt":"2025-10-26T20:39:27","guid":{"rendered":"https:\/\/eautomobiliai.lt\/index.php\/2025\/10\/26\/tesla-vairuotojas-isvengia-lektuvo-katastrofos-o-gerbejai-klaidingai-vertina-savarankiska-vairavima\/"},"modified":"2025-10-26T20:39:27","modified_gmt":"2025-10-26T20:39:27","slug":"tesla-vairuotojas-isvengia-lektuvo-katastrofos-o-gerbejai-klaidingai-vertina-savarankiska-vairavima","status":"publish","type":"post","link":"http:\/\/eautomobiliai.lt\/index.php\/2025\/10\/26\/tesla-vairuotojas-isvengia-lektuvo-katastrofos-o-gerbejai-klaidingai-vertina-savarankiska-vairavima\/","title":{"rendered":"\u201eTesla\u201c vairuotojas i\u0161vengia l\u0117ktuvo katastrofos, o gerb\u0117jai klaidingai vertina savaranki\u0161k\u0105 vairavim\u0105"},"content":{"rendered":"<p> <br \/>\n<\/p>\n<div>\n<figure class=\"img-border featured-image\">\n<p>\t<br \/>\n\t<\/figure>\n<p>\u201eTesla\u201c gerb\u0117jai \u0161vent\u0117 tai, k\u0105, j\u0173 teigimu, \u201eTesla\u201c transporto priemon\u0117 visi\u0161kai savaranki\u0161ko vairavimo re\u017eimu (FSD), kuri i\u0161veng\u0117 tiesioginio l\u0117ktuvo atsitrenkimo \u012f keli\u0105.<\/p>\n<p>Ta\u010diau vairuotojas patvirtino, kad \u201eTesla\u201c automobilis nebuvo visi\u0161kai savaranki\u0161ko vairavimo re\u017eimu.<\/p>\n<p><span id=\"more-440667\"\/><\/p>\n<p>\u201eTesla\u201c gerb\u0117jai da\u017enai skund\u017eiasi, kad kai kurie vairuotojai, naudojantys \u201eAutopilot\u201c ir \u201eFull Self-Driving\u201c (FSD), \u201eTesla\u201c pa\u017eangias vairuotojo pagalbos sistemas (ADAS), kaltina sistemas d\u0117l avarij\u0173, u\u017e kurias buvo atsakingi.<\/p>\n<p>Automobili\u0173 gamintojas visada teigia, kad vairuotojai visada yra atsakingi, nes, nepaisant sistem\u0173 pavadinim\u0173, jos laikomos tik 2 lygio vairuotojo pagalbos sistemomis.<\/p>\n<p>\t<span class=\"outbrain-ad-label\">Reklama \u2013 slinkite, kad gautum\u0117te daugiau turinio<\/span><\/p>\n<p>Ta\u010diau <span style=\"margin: 0px; padding: 0px;\">Tes<\/span>la neseniai pralaim\u0117jo ie\u0161kin\u012f, kuriame automobili\u0173 gamintojas i\u0161 dalies kaltino vairuotoj\u0105, kuris netinkamai naudojo Autopilot\u0105, d\u0117l kurio \u012fvyko tragi\u0161ka mirtina avarija.<\/p>\n<p>Pralaim\u0117jusi teism\u0105, Tesla i\u0161sprend\u0117 kelet\u0105 pana\u0161i\u0173 ie\u0161kini\u0173.<\/p>\n<p>Pana\u0161u, kad kei\u010diasi tai, kaip \u017emon\u0117s mato Teslos vaidmen\u012f autopiloto ir FSD avarijose.<\/p>\n<p>\u201eTesla\u201c gerb\u0117jai stumiasi atgal, teigdami, kad \u201eAutopilot\u201c ir FSD taip pat u\u017ekerta keli\u0105 avarijoms ir gelbsti gyvybes. Deja, Teslai tai \u012frodyti sunkiau.<\/p>\n<p>Be to, buvo \u017einoma, kad \u201eTesla\u201c akcininkai ir gerb\u0117jai klaidingai \u012fvertino \u201eTesla\u201c ADAS, kad i\u0161vengt\u0173 avarij\u0173.<\/p>\n<p>\u0160i\u0105 savait\u0119 buvo ypa\u010d \u012fsp\u016bdingas atvejis.<\/p>\n<p>Ketvirtadienio popiet\u0119 oro paj\u0117g\u0173 speciali\u0173j\u0173 operacij\u0173 vadovyb\u0117s OA-1K Skyraider II l\u0117ktuvas sudu\u017eo Oklahoma Sityje netrukus po pakilimo. <\/p>\n<figure class=\"wp-block-image alignwide size-large\"><img loading=\"lazy\" decoding=\"async\" height=\"500\" width=\"1024\" src=\"https:\/\/electrek.co\/wp-content\/uploads\/sites\/3\/2025\/10\/Screenshot-2025-10-26-at-11.39.46-AM.png?w=1024\" alt=\"\" class=\"wp-image-440675\" srcset=\"https:\/\/electrek.co\/wp-content\/uploads\/sites\/3\/2025\/10\/Screenshot-2025-10-26-at-11.39.46-AM.png 2710w, https:\/\/electrek.co\/wp-content\/uploads\/sites\/3\/2025\/10\/Screenshot-2025-10-26-at-11.39.46-AM.png?resize=150,73 150w, https:\/\/electrek.co\/wp-content\/uploads\/sites\/3\/2025\/10\/Screenshot-2025-10-26-at-11.39.46-AM.png?resize=300,147 300w, https:\/\/electrek.co\/wp-content\/uploads\/sites\/3\/2025\/10\/Screenshot-2025-10-26-at-11.39.46-AM.png?resize=768,375 768w, https:\/\/electrek.co\/wp-content\/uploads\/sites\/3\/2025\/10\/Screenshot-2025-10-26-at-11.39.46-AM.png?resize=1024,500 1024w, https:\/\/electrek.co\/wp-content\/uploads\/sites\/3\/2025\/10\/Screenshot-2025-10-26-at-11.39.46-AM.png?resize=1536,750 1536w, https:\/\/electrek.co\/wp-content\/uploads\/sites\/3\/2025\/10\/Screenshot-2025-10-26-at-11.39.46-AM.png?resize=2048,1001 2048w, https:\/\/electrek.co\/wp-content\/uploads\/sites\/3\/2025\/10\/Screenshot-2025-10-26-at-11.39.46-AM.png?resize=350,171 350w, https:\/\/electrek.co\/wp-content\/uploads\/sites\/3\/2025\/10\/Screenshot-2025-10-26-at-11.39.46-AM.png?resize=140,68 140w, https:\/\/electrek.co\/wp-content\/uploads\/sites\/3\/2025\/10\/Screenshot-2025-10-26-at-11.39.46-AM.png?resize=260,127 260w, https:\/\/electrek.co\/wp-content\/uploads\/sites\/3\/2025\/10\/Screenshot-2025-10-26-at-11.39.46-AM.png?resize=1600,782 1600w\" sizes=\"auto, (max-width: 1024px) 100vw, 1024px\"\/><\/figure>\n<p>\u0160iuo metu avarija tiriama.<\/p>\n<p>Prie\u0161 nusileisdamas lauke, l\u0117ktuvas skrido itin arti greitkelio, vos i\u0161vengdamas keli\u0173 automobili\u0173. Akimirk\u0105 u\u017efiksavo \u201eTesla\u201c vidin\u0117 prietais\u0173 kamera:<\/p>\n<figure class=\"wp-block-embed alignwide is-type-video is-provider-tiktok wp-block-embed-tiktok\"\/>\n<p>\u201eTesla\u201c gerb\u0117jai greitai nufilmavo filmuot\u0105 med\u017eiag\u0105, i\u0161 prad\u017ei\u0173 paskelbt\u0105 \u201eTikTok\u201c, ir paskelb\u0117 j\u0105 socialin\u0117je \u017einiasklaidoje, teigdami, kad \u201eTesla\u201c transporto priemon\u0117 buvo \u201evisi\u0161kai savaranki\u0161ka\u201c, tod\u0117l avarijos i\u0161vengta.<\/p>\n<p>Vaizdo \u012fra\u0161as su \u017eyma i\u0161plito. Net paties Elono Musko motina tai paskelb\u0117:<\/p>\n<figure class=\"wp-block-image alignwide size-large\"><img loading=\"lazy\" decoding=\"async\" height=\"917\" width=\"1024\" src=\"https:\/\/electrek.co\/wp-content\/uploads\/sites\/3\/2025\/10\/Screenshot-2025-10-25-at-6.28.41-PM.png?w=1024\" alt=\"\" class=\"wp-image-440676\" srcset=\"https:\/\/electrek.co\/wp-content\/uploads\/sites\/3\/2025\/10\/Screenshot-2025-10-25-at-6.28.41-PM.png 1092w, https:\/\/electrek.co\/wp-content\/uploads\/sites\/3\/2025\/10\/Screenshot-2025-10-25-at-6.28.41-PM.png?resize=150,134 150w, https:\/\/electrek.co\/wp-content\/uploads\/sites\/3\/2025\/10\/Screenshot-2025-10-25-at-6.28.41-PM.png?resize=300,269 300w, https:\/\/electrek.co\/wp-content\/uploads\/sites\/3\/2025\/10\/Screenshot-2025-10-25-at-6.28.41-PM.png?resize=768,688 768w, https:\/\/electrek.co\/wp-content\/uploads\/sites\/3\/2025\/10\/Screenshot-2025-10-25-at-6.28.41-PM.png?resize=1024,917 1024w, https:\/\/electrek.co\/wp-content\/uploads\/sites\/3\/2025\/10\/Screenshot-2025-10-25-at-6.28.41-PM.png?resize=350,313 350w, https:\/\/electrek.co\/wp-content\/uploads\/sites\/3\/2025\/10\/Screenshot-2025-10-25-at-6.28.41-PM.png?resize=140,125 140w\" sizes=\"auto, (max-width: 1024px) 100vw, 1024px\"\/><\/figure>\n<p>Problema ta, kad \u201eTesla\u201c transporto priemon\u0117 nebuvo visi\u0161kai savaranki\u0161ko vairavimo re\u017eimu. Originalus TikTok plakatas buvo paklaustas apie tai ir atsak\u0117:<\/p>\n<blockquote class=\"wp-block-quote is-layout-flow wp-block-quote-is-layout-flow\">\n<p>(vairavau) rankiniu b\u016bdu, FSD tikrai geras, bet b\u016bt\u0173 absoliu\u010diai nuskab\u0119s t\u0105 l\u0117ktuv\u0105.<\/p>\n<\/blockquote>\n<p>Nepaisant joki\u0173 \u012frodym\u0173, kad FSD dalyvavo, keli \u017einomi Tesla propagandistai taip pat pasidalijo dezinformacija, \u012fskaitant Nic\u0105 Cruz\u0105 Patane&#8217;\u0105 ir Mario Nawfal\u0105, abu Elonas Muskas da\u017enai reklamuoja X. <\/p>\n<p>Net Rusijos propagandistas RT pasidalino \u017einia:<\/p>\n<figure class=\"wp-block-gallery alignwide has-nested-images columns-default is-cropped wp-block-gallery-1 is-layout-flex wp-block-gallery-is-layout-flex\">\n<figure data-wp-context=\"{\" imageid=\"\" data-wp-interactive=\"core\/image\" class=\"wp-block-image size-large wp-lightbox-container\"><img loading=\"lazy\" decoding=\"async\" data-wp-class--hide=\"state.isContentHidden\" data-wp-class--show=\"state.isContentVisible\" data-wp-init=\"callbacks.setButtonStyles\" data-wp-on-async--click=\"actions.showLightbox\" data-wp-on-async--load=\"callbacks.setButtonStyles\" data-wp-on-async-window--resize=\"callbacks.setButtonStyles\" height=\"1024\" width=\"945\" data-id=\"440677\" src=\"https:\/\/electrek.co\/wp-content\/uploads\/sites\/3\/2025\/10\/Screenshot-2025-10-26-at-11.54.01-AM.png?w=945\" alt=\"\" class=\"wp-image-440677\" srcset=\"https:\/\/electrek.co\/wp-content\/uploads\/sites\/3\/2025\/10\/Screenshot-2025-10-26-at-11.54.01-AM.png 1052w, https:\/\/electrek.co\/wp-content\/uploads\/sites\/3\/2025\/10\/Screenshot-2025-10-26-at-11.54.01-AM.png?resize=138,150 138w, https:\/\/electrek.co\/wp-content\/uploads\/sites\/3\/2025\/10\/Screenshot-2025-10-26-at-11.54.01-AM.png?resize=277,300 277w, https:\/\/electrek.co\/wp-content\/uploads\/sites\/3\/2025\/10\/Screenshot-2025-10-26-at-11.54.01-AM.png?resize=768,832 768w, https:\/\/electrek.co\/wp-content\/uploads\/sites\/3\/2025\/10\/Screenshot-2025-10-26-at-11.54.01-AM.png?resize=945,1024 945w, https:\/\/electrek.co\/wp-content\/uploads\/sites\/3\/2025\/10\/Screenshot-2025-10-26-at-11.54.01-AM.png?resize=323,350 323w, https:\/\/electrek.co\/wp-content\/uploads\/sites\/3\/2025\/10\/Screenshot-2025-10-26-at-11.54.01-AM.png?resize=140,152 140w, https:\/\/electrek.co\/wp-content\/uploads\/sites\/3\/2025\/10\/Screenshot-2025-10-26-at-11.54.01-AM.png?resize=923,1000 923w, https:\/\/electrek.co\/wp-content\/uploads\/sites\/3\/2025\/10\/Screenshot-2025-10-26-at-11.54.01-AM.png?resize=150,163 150w\" sizes=\"auto, (max-width: 945px) 100vw, 945px\"\/><button class=\"lightbox-trigger\" type=\"button\" aria-haspopup=\"dialog\" aria-label=\"Enlarge\" data-wp-init=\"callbacks.initTriggerButton\" data-wp-on-async--click=\"actions.showLightbox\" data-wp-style--right=\"state.imageButtonRight\" data-wp-style--top=\"state.imageButtonTop\"><br \/>\n\t\t\t<svg xmlns=\"http:\/\/www.w3.org\/2000\/svg\" width=\"12\" height=\"12\" fill=\"none\" viewbox=\"0 0 12 12\">\n\t\t\t\t<path fill=\"#fff\" d=\"M2 0a2 2 0 0 0-2 2v2h1.5V2a.5.5 0 0 1 .5-.5h2V0H2Zm2 10.5H2a.5.5 0 0 1-.5-.5V8H0v2a2 2 0 0 0 2 2h2v-1.5ZM8 12v-1.5h2a.5.5 0 0 0 .5-.5V8H12v2a2 2 0 0 1-2 2H8Zm2-12a2 2 0 0 1 2 2v2h-1.5V2a.5.5 0 0 0-.5-.5H8V0h2Z\"\/>\n\t\t\t<\/svg><br \/>\n\t\t<\/button><\/figure>\n<figure data-wp-context=\"{\" imageid=\"\" data-wp-interactive=\"core\/image\" class=\"wp-block-image size-large wp-lightbox-container\"><img loading=\"lazy\" decoding=\"async\" data-wp-class--hide=\"state.isContentHidden\" data-wp-class--show=\"state.isContentVisible\" data-wp-init=\"callbacks.setButtonStyles\" data-wp-on-async--click=\"actions.showLightbox\" data-wp-on-async--load=\"callbacks.setButtonStyles\" data-wp-on-async-window--resize=\"callbacks.setButtonStyles\" height=\"1003\" width=\"1024\" data-id=\"440678\" src=\"https:\/\/electrek.co\/wp-content\/uploads\/sites\/3\/2025\/10\/Screenshot-2025-10-26-at-11.53.43-AM.png?w=1024\" alt=\"\" class=\"wp-image-440678\" srcset=\"https:\/\/electrek.co\/wp-content\/uploads\/sites\/3\/2025\/10\/Screenshot-2025-10-26-at-11.53.43-AM.png 1060w, https:\/\/electrek.co\/wp-content\/uploads\/sites\/3\/2025\/10\/Screenshot-2025-10-26-at-11.53.43-AM.png?resize=150,147 150w, https:\/\/electrek.co\/wp-content\/uploads\/sites\/3\/2025\/10\/Screenshot-2025-10-26-at-11.53.43-AM.png?resize=300,294 300w, https:\/\/electrek.co\/wp-content\/uploads\/sites\/3\/2025\/10\/Screenshot-2025-10-26-at-11.53.43-AM.png?resize=768,752 768w, https:\/\/electrek.co\/wp-content\/uploads\/sites\/3\/2025\/10\/Screenshot-2025-10-26-at-11.53.43-AM.png?resize=1024,1003 1024w, https:\/\/electrek.co\/wp-content\/uploads\/sites\/3\/2025\/10\/Screenshot-2025-10-26-at-11.53.43-AM.png?resize=350,343 350w, https:\/\/electrek.co\/wp-content\/uploads\/sites\/3\/2025\/10\/Screenshot-2025-10-26-at-11.53.43-AM.png?resize=140,137 140w, https:\/\/electrek.co\/wp-content\/uploads\/sites\/3\/2025\/10\/Screenshot-2025-10-26-at-11.53.43-AM.png?resize=1021,1000 1021w\" sizes=\"auto, (max-width: 1024px) 100vw, 1024px\"\/><button class=\"lightbox-trigger\" type=\"button\" aria-haspopup=\"dialog\" aria-label=\"Enlarge\" data-wp-init=\"callbacks.initTriggerButton\" data-wp-on-async--click=\"actions.showLightbox\" data-wp-style--right=\"state.imageButtonRight\" data-wp-style--top=\"state.imageButtonTop\"><br \/>\n\t\t\t<svg xmlns=\"http:\/\/www.w3.org\/2000\/svg\" width=\"12\" height=\"12\" fill=\"none\" viewbox=\"0 0 12 12\">\n\t\t\t\t<path fill=\"#fff\" d=\"M2 0a2 2 0 0 0-2 2v2h1.5V2a.5.5 0 0 1 .5-.5h2V0H2Zm2 10.5H2a.5.5 0 0 1-.5-.5V8H0v2a2 2 0 0 0 2 2h2v-1.5ZM8 12v-1.5h2a.5.5 0 0 0 .5-.5V8H12v2a2 2 0 0 1-2 2H8Zm2-12a2 2 0 0 1 2 2v2h-1.5V2a.5.5 0 0 0-.5-.5H8V0h2Z\"\/>\n\t\t\t<\/svg><br \/>\n\t\t<\/button><\/figure>\n<figure data-wp-context=\"{\" imageid=\"\" data-wp-interactive=\"core\/image\" class=\"wp-block-image size-large wp-lightbox-container\"><img loading=\"lazy\" decoding=\"async\" width=\"966\" height=\"926\" data-wp-class--hide=\"state.isContentHidden\" data-wp-class--show=\"state.isContentVisible\" data-wp-init=\"callbacks.setButtonStyles\" data-wp-on-async--click=\"actions.showLightbox\" data-wp-on-async--load=\"callbacks.setButtonStyles\" data-wp-on-async-window--resize=\"callbacks.setButtonStyles\" data-id=\"440679\" src=\"https:\/\/electrek.co\/wp-content\/uploads\/sites\/3\/2025\/10\/Screenshot-2025-10-26-at-11.53.16-AM.png\" alt=\"\" class=\"wp-image-440679\" srcset=\"https:\/\/electrek.co\/wp-content\/uploads\/sites\/3\/2025\/10\/Screenshot-2025-10-26-at-11.53.16-AM.png 966w, https:\/\/electrek.co\/wp-content\/uploads\/sites\/3\/2025\/10\/Screenshot-2025-10-26-at-11.53.16-AM.png?resize=150,144 150w, https:\/\/electrek.co\/wp-content\/uploads\/sites\/3\/2025\/10\/Screenshot-2025-10-26-at-11.53.16-AM.png?resize=300,288 300w, https:\/\/electrek.co\/wp-content\/uploads\/sites\/3\/2025\/10\/Screenshot-2025-10-26-at-11.53.16-AM.png?resize=768,736 768w, https:\/\/electrek.co\/wp-content\/uploads\/sites\/3\/2025\/10\/Screenshot-2025-10-26-at-11.53.16-AM.png?resize=350,336 350w, https:\/\/electrek.co\/wp-content\/uploads\/sites\/3\/2025\/10\/Screenshot-2025-10-26-at-11.53.16-AM.png?resize=140,134 140w\" sizes=\"auto, (max-width: 966px) 100vw, 966px\"\/><button class=\"lightbox-trigger\" type=\"button\" aria-haspopup=\"dialog\" aria-label=\"Enlarge\" data-wp-init=\"callbacks.initTriggerButton\" data-wp-on-async--click=\"actions.showLightbox\" data-wp-style--right=\"state.imageButtonRight\" data-wp-style--top=\"state.imageButtonTop\"><br \/>\n\t\t\t<svg xmlns=\"http:\/\/www.w3.org\/2000\/svg\" width=\"12\" height=\"12\" fill=\"none\" viewbox=\"0 0 12 12\">\n\t\t\t\t<path fill=\"#fff\" d=\"M2 0a2 2 0 0 0-2 2v2h1.5V2a.5.5 0 0 1 .5-.5h2V0H2Zm2 10.5H2a.5.5 0 0 1-.5-.5V8H0v2a2 2 0 0 0 2 2h2v-1.5ZM8 12v-1.5h2a.5.5 0 0 0 .5-.5V8H12v2a2 2 0 0 1-2 2H8Zm2-12a2 2 0 0 1 2 2v2h-1.5V2a.5.5 0 0 0-.5-.5H8V0h2Z\"\/>\n\t\t\t<\/svg><br \/>\n\t\t<\/button><\/figure>\n<\/figure>\n<p>Nepaisant to, kad j\u0173 \u017einut\u0117s pasiek\u0117 milijonus \u017emoni\u0173, jie nepatais\u0117 klaidingos informacijos.<\/p>\n<h2 class=\"wp-block-heading\" id=\"h-electrek-s-take\">Electrek Take<\/h2>\n<p>Tesla kultas mato stebuklus ten, kur j\u0173 dabar n\u0117ra.<\/p>\n<p>Tai pavojinga propaganda. \u017dmon\u0117s per daug pasitiki \u0161iomis sistemomis, ir \u0161i klaidinga informacija nepadeda.<\/p>\n<p>Galima pagr\u012fstai \u012fsivaizduoti, kad kai kurie \u201eTesla\u201c vairuotojai tai mato, manydami, kad va\u017eiuojant jiems nereikia skirti daug d\u0117mesio \u2013 tai jau prived\u0117 prie keli\u0173 avarij\u0173.<\/p>\n<p>Tesla nepadeda savo teigini\u0173, kad yra saugesn\u0117 u\u017e \u017emones, remiantis klaidingomis \u201esaugos ataskaitomis\u201c, kuriose pateikiami klaidingi duomenys.<\/p>\n<p>FSD yra \u012fsp\u016bdinga kaip 2 lygio vairuotojo pagalbos sistema, bet tai ir viskas. Vairuotojas visada atsakingas ir turi b\u016bti pasireng\u0119s perimti kontrol\u0119. Pavojingiausiomis akimirkomis jis gali padaryti pa\u010dius kvailiausius dalykus. B\u016bkite saug\u016bs ten.<\/p>\n<p><em>Jei esate JAV, artimiausios kelios savait\u0117s grei\u010diausiai bus paskutin\u0117 galimyb\u0117 u\u017esitikrinti saul\u0117s energijos \u012frengin\u012f ir pasinaudoti federaliniu mokes\u010di\u0173 kreditu, kurio galiojimas baigsis.<\/em><\/p>\n<p><em>Jei norite \u012fsitikinti, kad \u0161alia j\u016bs\u0173 rasite patikim\u0105 saul\u0117s energijos montuotoj\u0105, si\u016blant\u012f konkurencingas kainas, per\u017ei\u016br\u0117kite EnergySage. \u201eEnergySage\u201c yra nemokama paslauga, kuri palengvina saul\u0117s energijos naudojim\u0105 \u2013 nesvarbu, ar esate namo savininkas, ar nuomininkas. Jie turi \u0161imtus i\u0161 anksto patikrint\u0173 saul\u0117s energijos montuotoj\u0173, kurie konkuruoja d\u0117l j\u016bs\u0173 verslo, \u012fskaitant tuos, kurie montuoja \u201eTesla Solar\u201c ir \u201ePowerwalls\u201c, u\u017etikrindami, kad gausite auk\u0161tos kokyb\u0117s sprendimus ir sutaupysite 20\u201330 %, palyginti su tuo, kad tai darytum\u0117te vieni. Be to, juo naudotis nemokama ir negausite pardavimo skambu\u010di\u0173, kol nepasirinksite montuotojo ir nepasidalinsite su juo savo telefono numeriu.<\/em><\/p>\n<p>J\u016bs\u0173 asmenines saul\u0117s energijos kainas lengva palyginti internete ir gausite prieig\u0105 prie ne\u0161ali\u0161k\u0173 energijos patar\u0117j\u0173, kurie pad\u0117s jums kiekviename \u017eingsnyje. Prad\u0117kite \u010dia. <em>\u0160iuo metu bendrov\u0117 dirba dvigubai, kad pad\u0117t\u0173 \u017emon\u0117ms u\u017etikrinti saul\u0117s energijos \u012frenginius iki mokes\u010di\u0173 kredito pabaigos.<\/em><\/p>\n<div class=\"ad-disclaimer-container\">\n<p class=\"disclaimer-affiliate\"><em>FTC: naudojame pajamas u\u017edirban\u010di\u0173 automobili\u0173 filial\u0173 nuorodas.<\/em> Daugiau.<\/p>\n<p><!-- post ad --><\/div>\n<\/p><\/div>\n<p><br \/>\n<br \/><a href=\"https:\/\/electrek.co\/2025\/10\/26\/tesla-fans-falsely-attribute-avoiding-literal-plane-crash-full-self-driving-insane-video\/\">Source link <\/a><\/p>\n","protected":false},"excerpt":{"rendered":"<p>\u201eTesla\u201c gerb\u0117jai \u0161vent\u0117 tai, k\u0105, j\u0173 teigimu, \u201eTesla\u201c transporto priemon\u0117 visi\u0161kai savaranki\u0161ko vairavimo re\u017eimu (FSD), kuri i\u0161veng\u0117 tiesioginio l\u0117ktuvo atsitrenkimo&hellip;<\/p>\n","protected":false},"author":1,"featured_media":2519,"comment_status":"open","ping_status":"open","sticky":false,"template":"","format":"standard","meta":{"om_disable_all_campaigns":false,"_monsterinsights_skip_tracking":false,"_monsterinsights_sitenote_active":false,"_monsterinsights_sitenote_note":"","_monsterinsights_sitenote_category":0,"footnotes":""},"categories":[8],"tags":[4231,4229,2619,4232,4230,2830,14,2831,3377,401],"class_list":["post-2518","post","type-post","status-publish","format-standard","has-post-thumbnail","hentry","category-elektriniai-automobiliai","tag-gerbejai","tag-isvengia","tag-katastrofos","tag-klaidingai","tag-lektuvo","tag-savarankiska","tag-tesla","tag-vairavima","tag-vairuotojas","tag-vertina"],"aioseo_notices":[],"yoast_head":"<!-- This site is optimized with the Yoast SEO plugin v26.8 - https:\/\/yoast.com\/product\/yoast-seo-wordpress\/ -->\n<title>\u201eTesla\u201c vairuotojas i\u0161vengia l\u0117ktuvo katastrofos, o gerb\u0117jai klaidingai vertina savaranki\u0161k\u0105 vairavim\u0105 - Eautomobiliai.lt<\/title>\n<meta name=\"robots\" content=\"index, follow, max-snippet:-1, max-image-preview:large, max-video-preview:-1\" \/>\n<link rel=\"canonical\" href=\"https:\/\/eautomobiliai.lt\/index.php\/2025\/10\/26\/tesla-vairuotojas-isvengia-lektuvo-katastrofos-o-gerbejai-klaidingai-vertina-savarankiska-vairavima\/\" \/>\n<meta property=\"og:locale\" content=\"lt_LT\" \/>\n<meta property=\"og:type\" content=\"article\" \/>\n<meta property=\"og:title\" content=\"\u201eTesla\u201c vairuotojas i\u0161vengia l\u0117ktuvo katastrofos, o gerb\u0117jai klaidingai vertina savaranki\u0161k\u0105 vairavim\u0105 - Eautomobiliai.lt\" \/>\n<meta property=\"og:description\" content=\"\u201eTesla\u201c gerb\u0117jai \u0161vent\u0117 tai, k\u0105, j\u0173 teigimu, \u201eTesla\u201c transporto priemon\u0117 visi\u0161kai savaranki\u0161ko vairavimo re\u017eimu (FSD), kuri i\u0161veng\u0117 tiesioginio l\u0117ktuvo atsitrenkimo&hellip;\" \/>\n<meta property=\"og:url\" content=\"https:\/\/eautomobiliai.lt\/index.php\/2025\/10\/26\/tesla-vairuotojas-isvengia-lektuvo-katastrofos-o-gerbejai-klaidingai-vertina-savarankiska-vairavima\/\" \/>\n<meta property=\"og:site_name\" content=\"Eautomobiliai.lt\" \/>\n<meta property=\"article:published_time\" content=\"2025-10-26T20:39:27+00:00\" \/>\n<meta property=\"og:image\" content=\"https:\/\/eautomobiliai.lt\/wp-content\/uploads\/2025\/10\/\u201eTesla-vairuotojas-isvengia-lektuvo-katastrofos-o-gerbejai-klaidingai-vertina-savarankiska.png\" \/>\n\t<meta property=\"og:image:width\" content=\"1200\" \/>\n\t<meta property=\"og:image:height\" content=\"628\" \/>\n\t<meta property=\"og:image:type\" content=\"image\/png\" \/>\n<meta name=\"author\" content=\"admin\" \/>\n<meta name=\"twitter:card\" content=\"summary_large_image\" \/>\n<meta name=\"twitter:label1\" content=\"Written by\" \/>\n\t<meta name=\"twitter:data1\" content=\"admin\" \/>\n\t<meta name=\"twitter:label2\" content=\"Est. reading time\" \/>\n\t<meta name=\"twitter:data2\" content=\"3 minut\u0117s\" \/>\n<script type=\"application\/ld+json\" class=\"yoast-schema-graph\">{\"@context\":\"https:\/\/schema.org\",\"@graph\":[{\"@type\":\"Article\",\"@id\":\"https:\/\/eautomobiliai.lt\/index.php\/2025\/10\/26\/tesla-vairuotojas-isvengia-lektuvo-katastrofos-o-gerbejai-klaidingai-vertina-savarankiska-vairavima\/#article\",\"isPartOf\":{\"@id\":\"https:\/\/eautomobiliai.lt\/index.php\/2025\/10\/26\/tesla-vairuotojas-isvengia-lektuvo-katastrofos-o-gerbejai-klaidingai-vertina-savarankiska-vairavima\/\"},\"author\":{\"name\":\"admin\",\"@id\":\"https:\/\/eautomobiliai.lt\/#\/schema\/person\/ecf2a967f361217d056061f74deb92f2\"},\"headline\":\"\u201eTesla\u201c vairuotojas i\u0161vengia l\u0117ktuvo katastrofos, o gerb\u0117jai klaidingai vertina savaranki\u0161k\u0105 vairavim\u0105\",\"datePublished\":\"2025-10-26T20:39:27+00:00\",\"mainEntityOfPage\":{\"@id\":\"https:\/\/eautomobiliai.lt\/index.php\/2025\/10\/26\/tesla-vairuotojas-isvengia-lektuvo-katastrofos-o-gerbejai-klaidingai-vertina-savarankiska-vairavima\/\"},\"wordCount\":706,\"commentCount\":0,\"image\":{\"@id\":\"https:\/\/eautomobiliai.lt\/index.php\/2025\/10\/26\/tesla-vairuotojas-isvengia-lektuvo-katastrofos-o-gerbejai-klaidingai-vertina-savarankiska-vairavima\/#primaryimage\"},\"thumbnailUrl\":\"http:\/\/eautomobiliai.lt\/wp-content\/uploads\/2025\/10\/\u201eTesla-vairuotojas-isvengia-lektuvo-katastrofos-o-gerbejai-klaidingai-vertina-savarankiska.png\",\"keywords\":[\"gerb\u0117jai\",\"i\u0161vengia\",\"katastrofos\",\"klaidingai\",\"l\u0117ktuvo\",\"savaranki\u0161k\u0105\",\"Tesla\",\"vairavim\u0105\",\"vairuotojas\",\"vertina\"],\"articleSection\":[\"ELEKTRINIAI AUTOMOBILIAI\"],\"inLanguage\":\"lt-LT\",\"potentialAction\":[{\"@type\":\"CommentAction\",\"name\":\"Comment\",\"target\":[\"https:\/\/eautomobiliai.lt\/index.php\/2025\/10\/26\/tesla-vairuotojas-isvengia-lektuvo-katastrofos-o-gerbejai-klaidingai-vertina-savarankiska-vairavima\/#respond\"]}]},{\"@type\":\"WebPage\",\"@id\":\"https:\/\/eautomobiliai.lt\/index.php\/2025\/10\/26\/tesla-vairuotojas-isvengia-lektuvo-katastrofos-o-gerbejai-klaidingai-vertina-savarankiska-vairavima\/\",\"url\":\"https:\/\/eautomobiliai.lt\/index.php\/2025\/10\/26\/tesla-vairuotojas-isvengia-lektuvo-katastrofos-o-gerbejai-klaidingai-vertina-savarankiska-vairavima\/\",\"name\":\"\u201eTesla\u201c vairuotojas i\u0161vengia l\u0117ktuvo katastrofos, o gerb\u0117jai klaidingai vertina savaranki\u0161k\u0105 vairavim\u0105 - Eautomobiliai.lt\",\"isPartOf\":{\"@id\":\"https:\/\/eautomobiliai.lt\/#website\"},\"primaryImageOfPage\":{\"@id\":\"https:\/\/eautomobiliai.lt\/index.php\/2025\/10\/26\/tesla-vairuotojas-isvengia-lektuvo-katastrofos-o-gerbejai-klaidingai-vertina-savarankiska-vairavima\/#primaryimage\"},\"image\":{\"@id\":\"https:\/\/eautomobiliai.lt\/index.php\/2025\/10\/26\/tesla-vairuotojas-isvengia-lektuvo-katastrofos-o-gerbejai-klaidingai-vertina-savarankiska-vairavima\/#primaryimage\"},\"thumbnailUrl\":\"http:\/\/eautomobiliai.lt\/wp-content\/uploads\/2025\/10\/\u201eTesla-vairuotojas-isvengia-lektuvo-katastrofos-o-gerbejai-klaidingai-vertina-savarankiska.png\",\"datePublished\":\"2025-10-26T20:39:27+00:00\",\"author\":{\"@id\":\"https:\/\/eautomobiliai.lt\/#\/schema\/person\/ecf2a967f361217d056061f74deb92f2\"},\"breadcrumb\":{\"@id\":\"https:\/\/eautomobiliai.lt\/index.php\/2025\/10\/26\/tesla-vairuotojas-isvengia-lektuvo-katastrofos-o-gerbejai-klaidingai-vertina-savarankiska-vairavima\/#breadcrumb\"},\"inLanguage\":\"lt-LT\",\"potentialAction\":[{\"@type\":\"ReadAction\",\"target\":[\"https:\/\/eautomobiliai.lt\/index.php\/2025\/10\/26\/tesla-vairuotojas-isvengia-lektuvo-katastrofos-o-gerbejai-klaidingai-vertina-savarankiska-vairavima\/\"]}]},{\"@type\":\"ImageObject\",\"inLanguage\":\"lt-LT\",\"@id\":\"https:\/\/eautomobiliai.lt\/index.php\/2025\/10\/26\/tesla-vairuotojas-isvengia-lektuvo-katastrofos-o-gerbejai-klaidingai-vertina-savarankiska-vairavima\/#primaryimage\",\"url\":\"http:\/\/eautomobiliai.lt\/wp-content\/uploads\/2025\/10\/\u201eTesla-vairuotojas-isvengia-lektuvo-katastrofos-o-gerbejai-klaidingai-vertina-savarankiska.png\",\"contentUrl\":\"http:\/\/eautomobiliai.lt\/wp-content\/uploads\/2025\/10\/\u201eTesla-vairuotojas-isvengia-lektuvo-katastrofos-o-gerbejai-klaidingai-vertina-savarankiska.png\",\"width\":1200,\"height\":628},{\"@type\":\"BreadcrumbList\",\"@id\":\"https:\/\/eautomobiliai.lt\/index.php\/2025\/10\/26\/tesla-vairuotojas-isvengia-lektuvo-katastrofos-o-gerbejai-klaidingai-vertina-savarankiska-vairavima\/#breadcrumb\",\"itemListElement\":[{\"@type\":\"ListItem\",\"position\":1,\"name\":\"Home\",\"item\":\"https:\/\/eautomobiliai.lt\/\"},{\"@type\":\"ListItem\",\"position\":2,\"name\":\"\u201eTesla\u201c vairuotojas i\u0161vengia l\u0117ktuvo katastrofos, o gerb\u0117jai klaidingai vertina savaranki\u0161k\u0105 vairavim\u0105\"}]},{\"@type\":\"WebSite\",\"@id\":\"https:\/\/eautomobiliai.lt\/#website\",\"url\":\"https:\/\/eautomobiliai.lt\/\",\"name\":\"Eautomobiliai.lt\",\"description\":\"Elektrinis transportas, technologijos\",\"potentialAction\":[{\"@type\":\"SearchAction\",\"target\":{\"@type\":\"EntryPoint\",\"urlTemplate\":\"https:\/\/eautomobiliai.lt\/?s={search_term_string}\"},\"query-input\":{\"@type\":\"PropertyValueSpecification\",\"valueRequired\":true,\"valueName\":\"search_term_string\"}}],\"inLanguage\":\"lt-LT\"},{\"@type\":\"Person\",\"@id\":\"https:\/\/eautomobiliai.lt\/#\/schema\/person\/ecf2a967f361217d056061f74deb92f2\",\"name\":\"admin\",\"image\":{\"@type\":\"ImageObject\",\"inLanguage\":\"lt-LT\",\"@id\":\"https:\/\/eautomobiliai.lt\/#\/schema\/person\/image\/\",\"url\":\"https:\/\/secure.gravatar.com\/avatar\/6323379efae0c70c686c7905444d6bbd?s=96&d=mm&r=g\",\"contentUrl\":\"https:\/\/secure.gravatar.com\/avatar\/6323379efae0c70c686c7905444d6bbd?s=96&d=mm&r=g\",\"caption\":\"admin\"},\"sameAs\":[\"http:\/\/eautomobiliai.lt\"],\"url\":\"http:\/\/eautomobiliai.lt\/index.php\/author\/admin\/\"}]}<\/script>\n<!-- \/ Yoast SEO plugin. -->","yoast_head_json":{"title":"\u201eTesla\u201c vairuotojas i\u0161vengia l\u0117ktuvo katastrofos, o gerb\u0117jai klaidingai vertina savaranki\u0161k\u0105 vairavim\u0105 - Eautomobiliai.lt","robots":{"index":"index","follow":"follow","max-snippet":"max-snippet:-1","max-image-preview":"max-image-preview:large","max-video-preview":"max-video-preview:-1"},"canonical":"https:\/\/eautomobiliai.lt\/index.php\/2025\/10\/26\/tesla-vairuotojas-isvengia-lektuvo-katastrofos-o-gerbejai-klaidingai-vertina-savarankiska-vairavima\/","og_locale":"lt_LT","og_type":"article","og_title":"\u201eTesla\u201c vairuotojas i\u0161vengia l\u0117ktuvo katastrofos, o gerb\u0117jai klaidingai vertina savaranki\u0161k\u0105 vairavim\u0105 - Eautomobiliai.lt","og_description":"\u201eTesla\u201c gerb\u0117jai \u0161vent\u0117 tai, k\u0105, j\u0173 teigimu, \u201eTesla\u201c transporto priemon\u0117 visi\u0161kai savaranki\u0161ko vairavimo re\u017eimu (FSD), kuri i\u0161veng\u0117 tiesioginio l\u0117ktuvo atsitrenkimo&hellip;","og_url":"https:\/\/eautomobiliai.lt\/index.php\/2025\/10\/26\/tesla-vairuotojas-isvengia-lektuvo-katastrofos-o-gerbejai-klaidingai-vertina-savarankiska-vairavima\/","og_site_name":"Eautomobiliai.lt","article_published_time":"2025-10-26T20:39:27+00:00","og_image":[{"width":1200,"height":628,"url":"https:\/\/eautomobiliai.lt\/wp-content\/uploads\/2025\/10\/\u201eTesla-vairuotojas-isvengia-lektuvo-katastrofos-o-gerbejai-klaidingai-vertina-savarankiska.png","type":"image\/png"}],"author":"admin","twitter_card":"summary_large_image","twitter_misc":{"Written by":"admin","Est. reading time":"3 minut\u0117s"},"schema":{"@context":"https:\/\/schema.org","@graph":[{"@type":"Article","@id":"https:\/\/eautomobiliai.lt\/index.php\/2025\/10\/26\/tesla-vairuotojas-isvengia-lektuvo-katastrofos-o-gerbejai-klaidingai-vertina-savarankiska-vairavima\/#article","isPartOf":{"@id":"https:\/\/eautomobiliai.lt\/index.php\/2025\/10\/26\/tesla-vairuotojas-isvengia-lektuvo-katastrofos-o-gerbejai-klaidingai-vertina-savarankiska-vairavima\/"},"author":{"name":"admin","@id":"https:\/\/eautomobiliai.lt\/#\/schema\/person\/ecf2a967f361217d056061f74deb92f2"},"headline":"\u201eTesla\u201c vairuotojas i\u0161vengia l\u0117ktuvo katastrofos, o gerb\u0117jai klaidingai vertina savaranki\u0161k\u0105 vairavim\u0105","datePublished":"2025-10-26T20:39:27+00:00","mainEntityOfPage":{"@id":"https:\/\/eautomobiliai.lt\/index.php\/2025\/10\/26\/tesla-vairuotojas-isvengia-lektuvo-katastrofos-o-gerbejai-klaidingai-vertina-savarankiska-vairavima\/"},"wordCount":706,"commentCount":0,"image":{"@id":"https:\/\/eautomobiliai.lt\/index.php\/2025\/10\/26\/tesla-vairuotojas-isvengia-lektuvo-katastrofos-o-gerbejai-klaidingai-vertina-savarankiska-vairavima\/#primaryimage"},"thumbnailUrl":"http:\/\/eautomobiliai.lt\/wp-content\/uploads\/2025\/10\/\u201eTesla-vairuotojas-isvengia-lektuvo-katastrofos-o-gerbejai-klaidingai-vertina-savarankiska.png","keywords":["gerb\u0117jai","i\u0161vengia","katastrofos","klaidingai","l\u0117ktuvo","savaranki\u0161k\u0105","Tesla","vairavim\u0105","vairuotojas","vertina"],"articleSection":["ELEKTRINIAI AUTOMOBILIAI"],"inLanguage":"lt-LT","potentialAction":[{"@type":"CommentAction","name":"Comment","target":["https:\/\/eautomobiliai.lt\/index.php\/2025\/10\/26\/tesla-vairuotojas-isvengia-lektuvo-katastrofos-o-gerbejai-klaidingai-vertina-savarankiska-vairavima\/#respond"]}]},{"@type":"WebPage","@id":"https:\/\/eautomobiliai.lt\/index.php\/2025\/10\/26\/tesla-vairuotojas-isvengia-lektuvo-katastrofos-o-gerbejai-klaidingai-vertina-savarankiska-vairavima\/","url":"https:\/\/eautomobiliai.lt\/index.php\/2025\/10\/26\/tesla-vairuotojas-isvengia-lektuvo-katastrofos-o-gerbejai-klaidingai-vertina-savarankiska-vairavima\/","name":"\u201eTesla\u201c vairuotojas i\u0161vengia l\u0117ktuvo katastrofos, o gerb\u0117jai klaidingai vertina savaranki\u0161k\u0105 vairavim\u0105 - Eautomobiliai.lt","isPartOf":{"@id":"https:\/\/eautomobiliai.lt\/#website"},"primaryImageOfPage":{"@id":"https:\/\/eautomobiliai.lt\/index.php\/2025\/10\/26\/tesla-vairuotojas-isvengia-lektuvo-katastrofos-o-gerbejai-klaidingai-vertina-savarankiska-vairavima\/#primaryimage"},"image":{"@id":"https:\/\/eautomobiliai.lt\/index.php\/2025\/10\/26\/tesla-vairuotojas-isvengia-lektuvo-katastrofos-o-gerbejai-klaidingai-vertina-savarankiska-vairavima\/#primaryimage"},"thumbnailUrl":"http:\/\/eautomobiliai.lt\/wp-content\/uploads\/2025\/10\/\u201eTesla-vairuotojas-isvengia-lektuvo-katastrofos-o-gerbejai-klaidingai-vertina-savarankiska.png","datePublished":"2025-10-26T20:39:27+00:00","author":{"@id":"https:\/\/eautomobiliai.lt\/#\/schema\/person\/ecf2a967f361217d056061f74deb92f2"},"breadcrumb":{"@id":"https:\/\/eautomobiliai.lt\/index.php\/2025\/10\/26\/tesla-vairuotojas-isvengia-lektuvo-katastrofos-o-gerbejai-klaidingai-vertina-savarankiska-vairavima\/#breadcrumb"},"inLanguage":"lt-LT","potentialAction":[{"@type":"ReadAction","target":["https:\/\/eautomobiliai.lt\/index.php\/2025\/10\/26\/tesla-vairuotojas-isvengia-lektuvo-katastrofos-o-gerbejai-klaidingai-vertina-savarankiska-vairavima\/"]}]},{"@type":"ImageObject","inLanguage":"lt-LT","@id":"https:\/\/eautomobiliai.lt\/index.php\/2025\/10\/26\/tesla-vairuotojas-isvengia-lektuvo-katastrofos-o-gerbejai-klaidingai-vertina-savarankiska-vairavima\/#primaryimage","url":"http:\/\/eautomobiliai.lt\/wp-content\/uploads\/2025\/10\/\u201eTesla-vairuotojas-isvengia-lektuvo-katastrofos-o-gerbejai-klaidingai-vertina-savarankiska.png","contentUrl":"http:\/\/eautomobiliai.lt\/wp-content\/uploads\/2025\/10\/\u201eTesla-vairuotojas-isvengia-lektuvo-katastrofos-o-gerbejai-klaidingai-vertina-savarankiska.png","width":1200,"height":628},{"@type":"BreadcrumbList","@id":"https:\/\/eautomobiliai.lt\/index.php\/2025\/10\/26\/tesla-vairuotojas-isvengia-lektuvo-katastrofos-o-gerbejai-klaidingai-vertina-savarankiska-vairavima\/#breadcrumb","itemListElement":[{"@type":"ListItem","position":1,"name":"Home","item":"https:\/\/eautomobiliai.lt\/"},{"@type":"ListItem","position":2,"name":"\u201eTesla\u201c vairuotojas i\u0161vengia l\u0117ktuvo katastrofos, o gerb\u0117jai klaidingai vertina savaranki\u0161k\u0105 vairavim\u0105"}]},{"@type":"WebSite","@id":"https:\/\/eautomobiliai.lt\/#website","url":"https:\/\/eautomobiliai.lt\/","name":"Eautomobiliai.lt","description":"Elektrinis transportas, technologijos","potentialAction":[{"@type":"SearchAction","target":{"@type":"EntryPoint","urlTemplate":"https:\/\/eautomobiliai.lt\/?s={search_term_string}"},"query-input":{"@type":"PropertyValueSpecification","valueRequired":true,"valueName":"search_term_string"}}],"inLanguage":"lt-LT"},{"@type":"Person","@id":"https:\/\/eautomobiliai.lt\/#\/schema\/person\/ecf2a967f361217d056061f74deb92f2","name":"admin","image":{"@type":"ImageObject","inLanguage":"lt-LT","@id":"https:\/\/eautomobiliai.lt\/#\/schema\/person\/image\/","url":"https:\/\/secure.gravatar.com\/avatar\/6323379efae0c70c686c7905444d6bbd?s=96&d=mm&r=g","contentUrl":"https:\/\/secure.gravatar.com\/avatar\/6323379efae0c70c686c7905444d6bbd?s=96&d=mm&r=g","caption":"admin"},"sameAs":["http:\/\/eautomobiliai.lt"],"url":"http:\/\/eautomobiliai.lt\/index.php\/author\/admin\/"}]}},"_links":{"self":[{"href":"http:\/\/eautomobiliai.lt\/index.php\/wp-json\/wp\/v2\/posts\/2518","targetHints":{"allow":["GET"]}}],"collection":[{"href":"http:\/\/eautomobiliai.lt\/index.php\/wp-json\/wp\/v2\/posts"}],"about":[{"href":"http:\/\/eautomobiliai.lt\/index.php\/wp-json\/wp\/v2\/types\/post"}],"author":[{"embeddable":true,"href":"http:\/\/eautomobiliai.lt\/index.php\/wp-json\/wp\/v2\/users\/1"}],"replies":[{"embeddable":true,"href":"http:\/\/eautomobiliai.lt\/index.php\/wp-json\/wp\/v2\/comments?post=2518"}],"version-history":[{"count":0,"href":"http:\/\/eautomobiliai.lt\/index.php\/wp-json\/wp\/v2\/posts\/2518\/revisions"}],"wp:featuredmedia":[{"embeddable":true,"href":"http:\/\/eautomobiliai.lt\/index.php\/wp-json\/wp\/v2\/media\/2519"}],"wp:attachment":[{"href":"http:\/\/eautomobiliai.lt\/index.php\/wp-json\/wp\/v2\/media?parent=2518"}],"wp:term":[{"taxonomy":"category","embeddable":true,"href":"http:\/\/eautomobiliai.lt\/index.php\/wp-json\/wp\/v2\/categories?post=2518"},{"taxonomy":"post_tag","embeddable":true,"href":"http:\/\/eautomobiliai.lt\/index.php\/wp-json\/wp\/v2\/tags?post=2518"}],"curies":[{"name":"wp","href":"https:\/\/api.w.org\/{rel}","templated":true}]}}