{"id":2542,"date":"2025-10-29T00:59:57","date_gmt":"2025-10-29T00:59:57","guid":{"rendered":"https:\/\/eautomobiliai.lt\/index.php\/2025\/10\/29\/bmw-sveikatos-prieziuros-imonei-perduoda-126-elektriniu-mini-automobiliu-parka\/"},"modified":"2025-10-29T00:59:57","modified_gmt":"2025-10-29T00:59:57","slug":"bmw-sveikatos-prieziuros-imonei-perduoda-126-elektriniu-mini-automobiliu-parka","status":"publish","type":"post","link":"http:\/\/eautomobiliai.lt\/index.php\/2025\/10\/29\/bmw-sveikatos-prieziuros-imonei-perduoda-126-elektriniu-mini-automobiliu-parka\/","title":{"rendered":"BMW sveikatos prie\u017ei\u016bros \u012fmonei perduoda 126 elektrini\u0173 mini automobili\u0173 park\u0105"},"content":{"rendered":"<p> <br \/>\n<\/p>\n<div id=\"\">\n<p>Austrijos \u0161eimai priklausanti sveikatos prie\u017ei\u016bros \u012fmon\u0117 \u201eBiogena\u201c pristat\u0117 pirm\u0105j\u012f i\u0161 126 elektrini\u0173 \u201eMini Cooper\u201c, kurie sudarys antr\u0105 pagal dyd\u012f elektrini\u0173 \u201eMini\u201c park\u0105 Europoje.<\/p>\n<p>Vokietijos prabangi\u0173 automobili\u0173 gamintojas BMW, kuriam priklauso legendinis \u201eMini\u201c mark\u0117, teigia, kad prad\u0117jo tiekti pirmuosius visi\u0161kai elektrinius \u201eMini Coopers\u201c \u012f Biogen\u0105, o visi 126 automobiliai tur\u0117t\u0173 b\u016bti pristatyti iki 2026 m. pirmojo ketvir\u010dio.<\/p>\n<p>Visi\u0161kai elektrinis \u201eMini Cooper\u201c gali nuva\u017eiuoti iki 371 kilometro (WLTP), o bendras energijos suvartojimas yra nuo 13,8 iki 15,5 kWh\/100 km, tod\u0117l jis yra puikus \u012frankis automobili\u0173 parkams.<\/p>\n<p>126 nauji \u201eMini Cooper\u201c sukurti remiantis jau \u012fsp\u016bdingu \u201eBiogena\u201c valdomu elektrini\u0173 \u201eMini\u201c parku. 2021 m. viduryje bendrov\u0117 pristat\u0117 82 visi\u0161kai elektrinius \u201eMini Cooper SE\u201c \u2013 tai dalis met\u0173 trunkan\u010dios tvarios strategijos, apiman\u010dios ekologi\u0161k\u0173 produkt\u0173 k\u016brim\u0105, mi\u0161k\u0173 atsodinim\u0105 ir efektyvi\u0105 aplinkos apsaug\u0105.<\/p>\n<p>\u201eBiogena\u201c \u201eGood Health World\u201c svetain\u0117 Koppl mieste, netoli Zalcburgo, jau gamina ma\u017edaug pus\u0119 elektros energijos, reikalingos jos elektrin\u0117ms transporto priemon\u0117ms (EV).<\/p>\n<figure id=\"attachment_191639\" aria-describedby=\"caption-attachment-191639\" style=\"width: 1160px\" class=\"wp-caption aligncenter\"><figcaption id=\"caption-attachment-191639\" class=\"wp-caption-text\">Vaizdo kreditas: BMW<\/figcaption><\/figure>\n<p>\u201eSu did\u017eiausiu Austrijos E-Mini parku rodome tvirt\u0105 tvarumo pavyzd\u012f praktikoje\u201c, \u2013 sak\u0117 Julia Hoffmann, \u201eBiogena\u201c COO.<\/p>\n<p>\u201e2021 m. prad\u0117jome elektromobilumo keli\u0105 \u2013 \u0161iandien sutaupome apie 84 000 kilogram\u0173 CO\u2082 per metus. M\u016bs\u0173 darbuotojai did\u017eiuojasi b\u016bdami \u0161ios pl\u0117tros dalimi \u2013 ir d\u0117l to mes taip pat did\u017eiuojam\u0117s kaip darbdaviai.<\/p>\n<p>Nauj\u0173 elektrini\u0173 Mini pristatymas \u012f Biogen\u0105 rodo nuolatin\u012f populiarumo augim\u0105 visoje Austrijoje. Pirm\u0105j\u012f 2025 m. pusmet\u012f visi\u0161kai elektriniai \u201eMini\u201c u\u017efiksavo 160 proc., palyginti su 2025 m.<\/p>\n<div class=\"saboxplugin-wrap\" itemtype=\"http:\/\/schema.org\/Person\" itemscope=\"\" itemprop=\"author\">\n<div class=\"saboxplugin-tab\">\n<div class=\"saboxplugin-gravatar\"><img decoding=\"async\" alt=\"Joshua S. Hill\" class=\"avatar avatar-100 photo native-lazyload-js-fallback\" height=\"100\" width=\"100\" itemprop=\"image\" loading=\"lazy\" src=\"https:\/\/secure.gravatar.com\/avatar\/674502fafd2221f0fc2baf7da1435a7980e9492ea0657bfcd546273621f39689?s=100&amp;d=mm&amp;r=g\" srcset=\"https:\/\/secure.gravatar.com\/avatar\/674502fafd2221f0fc2baf7da1435a7980e9492ea0657bfcd546273621f39689?s=200&amp;d=mm&amp;r=g 2x\"\/><img decoding=\"async\" loading=\"lazy\" alt=\"Joshua S. Hill\" src=\"https:\/\/secure.gravatar.com\/avatar\/674502fafd2221f0fc2baf7da1435a7980e9492ea0657bfcd546273621f39689?s=100&amp;d=mm&amp;r=g\" srcset=\"https:\/\/secure.gravatar.com\/avatar\/674502fafd2221f0fc2baf7da1435a7980e9492ea0657bfcd546273621f39689?s=200&amp;d=mm&amp;r=g 2x\" class=\"avatar avatar-100 photo\" height=\"100\" width=\"100\" itemprop=\"image\"\/><\/div>\n<div class=\"saboxplugin-desc\">\n<div itemprop=\"description\">\n<p>Joshua S. Hill yra Melburne gyvenantis \u017eurnalistas, daugiau nei 15 met\u0173 ra\u0161antis apie klimato kait\u0105, \u0161varias technologijas ir elektrines transporto priemones. Nuo 2012 m. jis rengia ataskaitas apie elektrines transporto priemones ir \u0161varias technologijas \u201eRenew Economy\u201c ir \u201eThe Driven\u201c.<\/p>\n<\/div>\n<\/div>\n<\/div>\n<\/div>\n<p><!-- AI CONTENT END 1 --><\/p><\/div>\n<p><br \/>\n<br \/><a href=\"https:\/\/thedriven.io\/2025\/10\/28\/bmw-hands-over-126-strong-fleet-of-electric-minis-to-healthcare-company\/\">Source link <\/a><\/p>\n","protected":false},"excerpt":{"rendered":"<p>Austrijos \u0161eimai priklausanti sveikatos prie\u017ei\u016bros \u012fmon\u0117 \u201eBiogena\u201c pristat\u0117 pirm\u0105j\u012f i\u0161 126 elektrini\u0173 \u201eMini Cooper\u201c, kurie sudarys antr\u0105 pagal dyd\u012f elektrini\u0173&hellip;<\/p>\n","protected":false},"author":1,"featured_media":2543,"comment_status":"open","ping_status":"open","sticky":false,"template":"","format":"standard","meta":{"om_disable_all_campaigns":false,"_monsterinsights_skip_tracking":false,"_monsterinsights_sitenote_active":false,"_monsterinsights_sitenote_note":"","_monsterinsights_sitenote_category":0,"footnotes":""},"categories":[39],"tags":[96,2797,45,4254,27,3829,4255,1420,3212],"class_list":["post-2542","post","type-post","status-publish","format-standard","has-post-thumbnail","hentry","category-eautomobiliu-technine-puse","tag-automobiliu","tag-bmw","tag-elektriniu","tag-imonei","tag-mini","tag-parka","tag-perduoda","tag-prieziuros","tag-sveikatos"],"aioseo_notices":[],"yoast_head":"<!-- This site is optimized with the Yoast SEO plugin v26.8 - https:\/\/yoast.com\/product\/yoast-seo-wordpress\/ -->\n<title>BMW sveikatos prie\u017ei\u016bros \u012fmonei perduoda 126 elektrini\u0173 mini automobili\u0173 park\u0105 - Eautomobiliai.lt<\/title>\n<meta name=\"robots\" content=\"index, follow, max-snippet:-1, max-image-preview:large, max-video-preview:-1\" \/>\n<link rel=\"canonical\" href=\"http:\/\/eautomobiliai.lt\/index.php\/2025\/10\/29\/bmw-sveikatos-prieziuros-imonei-perduoda-126-elektriniu-mini-automobiliu-parka\/\" \/>\n<meta property=\"og:locale\" content=\"lt_LT\" \/>\n<meta property=\"og:type\" content=\"article\" \/>\n<meta property=\"og:title\" content=\"BMW sveikatos prie\u017ei\u016bros \u012fmonei perduoda 126 elektrini\u0173 mini automobili\u0173 park\u0105 - Eautomobiliai.lt\" \/>\n<meta property=\"og:description\" content=\"Austrijos \u0161eimai priklausanti sveikatos prie\u017ei\u016bros \u012fmon\u0117 \u201eBiogena\u201c pristat\u0117 pirm\u0105j\u012f i\u0161 126 elektrini\u0173 \u201eMini Cooper\u201c, kurie sudarys antr\u0105 pagal dyd\u012f elektrini\u0173&hellip;\" \/>\n<meta property=\"og:url\" content=\"http:\/\/eautomobiliai.lt\/index.php\/2025\/10\/29\/bmw-sveikatos-prieziuros-imonei-perduoda-126-elektriniu-mini-automobiliu-parka\/\" \/>\n<meta property=\"og:site_name\" content=\"Eautomobiliai.lt\" \/>\n<meta property=\"article:published_time\" content=\"2025-10-29T00:59:57+00:00\" \/>\n<meta property=\"og:image\" content=\"http:\/\/eautomobiliai.lt\/wp-content\/uploads\/2025\/10\/BMW-sveikatos-prieziuros-imonei-perduoda-126-elektriniu-mini-automobiliu-parka.jpg\" \/>\n\t<meta property=\"og:image:width\" content=\"1280\" \/>\n\t<meta property=\"og:image:height\" content=\"958\" \/>\n\t<meta property=\"og:image:type\" content=\"image\/jpeg\" \/>\n<meta name=\"author\" content=\"admin\" \/>\n<meta name=\"twitter:card\" content=\"summary_large_image\" \/>\n<meta name=\"twitter:label1\" content=\"Written by\" \/>\n\t<meta name=\"twitter:data1\" content=\"admin\" \/>\n\t<meta name=\"twitter:label2\" content=\"Est. reading time\" \/>\n\t<meta name=\"twitter:data2\" content=\"1 minut\u0117\" \/>\n<script type=\"application\/ld+json\" class=\"yoast-schema-graph\">{\"@context\":\"https:\/\/schema.org\",\"@graph\":[{\"@type\":\"Article\",\"@id\":\"http:\/\/eautomobiliai.lt\/index.php\/2025\/10\/29\/bmw-sveikatos-prieziuros-imonei-perduoda-126-elektriniu-mini-automobiliu-parka\/#article\",\"isPartOf\":{\"@id\":\"http:\/\/eautomobiliai.lt\/index.php\/2025\/10\/29\/bmw-sveikatos-prieziuros-imonei-perduoda-126-elektriniu-mini-automobiliu-parka\/\"},\"author\":{\"name\":\"admin\",\"@id\":\"https:\/\/eautomobiliai.lt\/#\/schema\/person\/ecf2a967f361217d056061f74deb92f2\"},\"headline\":\"BMW sveikatos prie\u017ei\u016bros \u012fmonei perduoda 126 elektrini\u0173 mini automobili\u0173 park\u0105\",\"datePublished\":\"2025-10-29T00:59:57+00:00\",\"mainEntityOfPage\":{\"@id\":\"http:\/\/eautomobiliai.lt\/index.php\/2025\/10\/29\/bmw-sveikatos-prieziuros-imonei-perduoda-126-elektriniu-mini-automobiliu-parka\/\"},\"wordCount\":288,\"commentCount\":0,\"image\":{\"@id\":\"http:\/\/eautomobiliai.lt\/index.php\/2025\/10\/29\/bmw-sveikatos-prieziuros-imonei-perduoda-126-elektriniu-mini-automobiliu-parka\/#primaryimage\"},\"thumbnailUrl\":\"http:\/\/eautomobiliai.lt\/wp-content\/uploads\/2025\/10\/BMW-sveikatos-prieziuros-imonei-perduoda-126-elektriniu-mini-automobiliu-parka.jpg\",\"keywords\":[\"automobili\u0173\",\"BMW\",\"elektrini\u0173\",\"\u012fmonei\",\"mini\",\"park\u0105\",\"perduoda\",\"prie\u017ei\u016bros\",\"sveikatos\"],\"articleSection\":[\"eAUTOMOBILI\u0172 TECHNIN\u0116 PUS\u0116\"],\"inLanguage\":\"lt-LT\",\"potentialAction\":[{\"@type\":\"CommentAction\",\"name\":\"Comment\",\"target\":[\"http:\/\/eautomobiliai.lt\/index.php\/2025\/10\/29\/bmw-sveikatos-prieziuros-imonei-perduoda-126-elektriniu-mini-automobiliu-parka\/#respond\"]}]},{\"@type\":\"WebPage\",\"@id\":\"http:\/\/eautomobiliai.lt\/index.php\/2025\/10\/29\/bmw-sveikatos-prieziuros-imonei-perduoda-126-elektriniu-mini-automobiliu-parka\/\",\"url\":\"http:\/\/eautomobiliai.lt\/index.php\/2025\/10\/29\/bmw-sveikatos-prieziuros-imonei-perduoda-126-elektriniu-mini-automobiliu-parka\/\",\"name\":\"BMW sveikatos prie\u017ei\u016bros \u012fmonei perduoda 126 elektrini\u0173 mini automobili\u0173 park\u0105 - Eautomobiliai.lt\",\"isPartOf\":{\"@id\":\"https:\/\/eautomobiliai.lt\/#website\"},\"primaryImageOfPage\":{\"@id\":\"http:\/\/eautomobiliai.lt\/index.php\/2025\/10\/29\/bmw-sveikatos-prieziuros-imonei-perduoda-126-elektriniu-mini-automobiliu-parka\/#primaryimage\"},\"image\":{\"@id\":\"http:\/\/eautomobiliai.lt\/index.php\/2025\/10\/29\/bmw-sveikatos-prieziuros-imonei-perduoda-126-elektriniu-mini-automobiliu-parka\/#primaryimage\"},\"thumbnailUrl\":\"http:\/\/eautomobiliai.lt\/wp-content\/uploads\/2025\/10\/BMW-sveikatos-prieziuros-imonei-perduoda-126-elektriniu-mini-automobiliu-parka.jpg\",\"datePublished\":\"2025-10-29T00:59:57+00:00\",\"author\":{\"@id\":\"https:\/\/eautomobiliai.lt\/#\/schema\/person\/ecf2a967f361217d056061f74deb92f2\"},\"breadcrumb\":{\"@id\":\"http:\/\/eautomobiliai.lt\/index.php\/2025\/10\/29\/bmw-sveikatos-prieziuros-imonei-perduoda-126-elektriniu-mini-automobiliu-parka\/#breadcrumb\"},\"inLanguage\":\"lt-LT\",\"potentialAction\":[{\"@type\":\"ReadAction\",\"target\":[\"http:\/\/eautomobiliai.lt\/index.php\/2025\/10\/29\/bmw-sveikatos-prieziuros-imonei-perduoda-126-elektriniu-mini-automobiliu-parka\/\"]}]},{\"@type\":\"ImageObject\",\"inLanguage\":\"lt-LT\",\"@id\":\"http:\/\/eautomobiliai.lt\/index.php\/2025\/10\/29\/bmw-sveikatos-prieziuros-imonei-perduoda-126-elektriniu-mini-automobiliu-parka\/#primaryimage\",\"url\":\"http:\/\/eautomobiliai.lt\/wp-content\/uploads\/2025\/10\/BMW-sveikatos-prieziuros-imonei-perduoda-126-elektriniu-mini-automobiliu-parka.jpg\",\"contentUrl\":\"http:\/\/eautomobiliai.lt\/wp-content\/uploads\/2025\/10\/BMW-sveikatos-prieziuros-imonei-perduoda-126-elektriniu-mini-automobiliu-parka.jpg\",\"width\":1280,\"height\":958},{\"@type\":\"BreadcrumbList\",\"@id\":\"http:\/\/eautomobiliai.lt\/index.php\/2025\/10\/29\/bmw-sveikatos-prieziuros-imonei-perduoda-126-elektriniu-mini-automobiliu-parka\/#breadcrumb\",\"itemListElement\":[{\"@type\":\"ListItem\",\"position\":1,\"name\":\"Home\",\"item\":\"https:\/\/eautomobiliai.lt\/\"},{\"@type\":\"ListItem\",\"position\":2,\"name\":\"BMW sveikatos prie\u017ei\u016bros \u012fmonei perduoda 126 elektrini\u0173 mini automobili\u0173 park\u0105\"}]},{\"@type\":\"WebSite\",\"@id\":\"https:\/\/eautomobiliai.lt\/#website\",\"url\":\"https:\/\/eautomobiliai.lt\/\",\"name\":\"Eautomobiliai.lt\",\"description\":\"Elektrinis transportas, technologijos\",\"potentialAction\":[{\"@type\":\"SearchAction\",\"target\":{\"@type\":\"EntryPoint\",\"urlTemplate\":\"https:\/\/eautomobiliai.lt\/?s={search_term_string}\"},\"query-input\":{\"@type\":\"PropertyValueSpecification\",\"valueRequired\":true,\"valueName\":\"search_term_string\"}}],\"inLanguage\":\"lt-LT\"},{\"@type\":\"Person\",\"@id\":\"https:\/\/eautomobiliai.lt\/#\/schema\/person\/ecf2a967f361217d056061f74deb92f2\",\"name\":\"admin\",\"image\":{\"@type\":\"ImageObject\",\"inLanguage\":\"lt-LT\",\"@id\":\"https:\/\/eautomobiliai.lt\/#\/schema\/person\/image\/\",\"url\":\"https:\/\/secure.gravatar.com\/avatar\/6323379efae0c70c686c7905444d6bbd?s=96&d=mm&r=g\",\"contentUrl\":\"https:\/\/secure.gravatar.com\/avatar\/6323379efae0c70c686c7905444d6bbd?s=96&d=mm&r=g\",\"caption\":\"admin\"},\"sameAs\":[\"http:\/\/eautomobiliai.lt\"],\"url\":\"http:\/\/eautomobiliai.lt\/index.php\/author\/admin\/\"}]}<\/script>\n<!-- \/ Yoast SEO plugin. -->","yoast_head_json":{"title":"BMW sveikatos prie\u017ei\u016bros \u012fmonei perduoda 126 elektrini\u0173 mini automobili\u0173 park\u0105 - Eautomobiliai.lt","robots":{"index":"index","follow":"follow","max-snippet":"max-snippet:-1","max-image-preview":"max-image-preview:large","max-video-preview":"max-video-preview:-1"},"canonical":"http:\/\/eautomobiliai.lt\/index.php\/2025\/10\/29\/bmw-sveikatos-prieziuros-imonei-perduoda-126-elektriniu-mini-automobiliu-parka\/","og_locale":"lt_LT","og_type":"article","og_title":"BMW sveikatos prie\u017ei\u016bros \u012fmonei perduoda 126 elektrini\u0173 mini automobili\u0173 park\u0105 - Eautomobiliai.lt","og_description":"Austrijos \u0161eimai priklausanti sveikatos prie\u017ei\u016bros \u012fmon\u0117 \u201eBiogena\u201c pristat\u0117 pirm\u0105j\u012f i\u0161 126 elektrini\u0173 \u201eMini Cooper\u201c, kurie sudarys antr\u0105 pagal dyd\u012f elektrini\u0173&hellip;","og_url":"http:\/\/eautomobiliai.lt\/index.php\/2025\/10\/29\/bmw-sveikatos-prieziuros-imonei-perduoda-126-elektriniu-mini-automobiliu-parka\/","og_site_name":"Eautomobiliai.lt","article_published_time":"2025-10-29T00:59:57+00:00","og_image":[{"width":1280,"height":958,"url":"http:\/\/eautomobiliai.lt\/wp-content\/uploads\/2025\/10\/BMW-sveikatos-prieziuros-imonei-perduoda-126-elektriniu-mini-automobiliu-parka.jpg","type":"image\/jpeg"}],"author":"admin","twitter_card":"summary_large_image","twitter_misc":{"Written by":"admin","Est. reading time":"1 minut\u0117"},"schema":{"@context":"https:\/\/schema.org","@graph":[{"@type":"Article","@id":"http:\/\/eautomobiliai.lt\/index.php\/2025\/10\/29\/bmw-sveikatos-prieziuros-imonei-perduoda-126-elektriniu-mini-automobiliu-parka\/#article","isPartOf":{"@id":"http:\/\/eautomobiliai.lt\/index.php\/2025\/10\/29\/bmw-sveikatos-prieziuros-imonei-perduoda-126-elektriniu-mini-automobiliu-parka\/"},"author":{"name":"admin","@id":"https:\/\/eautomobiliai.lt\/#\/schema\/person\/ecf2a967f361217d056061f74deb92f2"},"headline":"BMW sveikatos prie\u017ei\u016bros \u012fmonei perduoda 126 elektrini\u0173 mini automobili\u0173 park\u0105","datePublished":"2025-10-29T00:59:57+00:00","mainEntityOfPage":{"@id":"http:\/\/eautomobiliai.lt\/index.php\/2025\/10\/29\/bmw-sveikatos-prieziuros-imonei-perduoda-126-elektriniu-mini-automobiliu-parka\/"},"wordCount":288,"commentCount":0,"image":{"@id":"http:\/\/eautomobiliai.lt\/index.php\/2025\/10\/29\/bmw-sveikatos-prieziuros-imonei-perduoda-126-elektriniu-mini-automobiliu-parka\/#primaryimage"},"thumbnailUrl":"http:\/\/eautomobiliai.lt\/wp-content\/uploads\/2025\/10\/BMW-sveikatos-prieziuros-imonei-perduoda-126-elektriniu-mini-automobiliu-parka.jpg","keywords":["automobili\u0173","BMW","elektrini\u0173","\u012fmonei","mini","park\u0105","perduoda","prie\u017ei\u016bros","sveikatos"],"articleSection":["eAUTOMOBILI\u0172 TECHNIN\u0116 PUS\u0116"],"inLanguage":"lt-LT","potentialAction":[{"@type":"CommentAction","name":"Comment","target":["http:\/\/eautomobiliai.lt\/index.php\/2025\/10\/29\/bmw-sveikatos-prieziuros-imonei-perduoda-126-elektriniu-mini-automobiliu-parka\/#respond"]}]},{"@type":"WebPage","@id":"http:\/\/eautomobiliai.lt\/index.php\/2025\/10\/29\/bmw-sveikatos-prieziuros-imonei-perduoda-126-elektriniu-mini-automobiliu-parka\/","url":"http:\/\/eautomobiliai.lt\/index.php\/2025\/10\/29\/bmw-sveikatos-prieziuros-imonei-perduoda-126-elektriniu-mini-automobiliu-parka\/","name":"BMW sveikatos prie\u017ei\u016bros \u012fmonei perduoda 126 elektrini\u0173 mini automobili\u0173 park\u0105 - Eautomobiliai.lt","isPartOf":{"@id":"https:\/\/eautomobiliai.lt\/#website"},"primaryImageOfPage":{"@id":"http:\/\/eautomobiliai.lt\/index.php\/2025\/10\/29\/bmw-sveikatos-prieziuros-imonei-perduoda-126-elektriniu-mini-automobiliu-parka\/#primaryimage"},"image":{"@id":"http:\/\/eautomobiliai.lt\/index.php\/2025\/10\/29\/bmw-sveikatos-prieziuros-imonei-perduoda-126-elektriniu-mini-automobiliu-parka\/#primaryimage"},"thumbnailUrl":"http:\/\/eautomobiliai.lt\/wp-content\/uploads\/2025\/10\/BMW-sveikatos-prieziuros-imonei-perduoda-126-elektriniu-mini-automobiliu-parka.jpg","datePublished":"2025-10-29T00:59:57+00:00","author":{"@id":"https:\/\/eautomobiliai.lt\/#\/schema\/person\/ecf2a967f361217d056061f74deb92f2"},"breadcrumb":{"@id":"http:\/\/eautomobiliai.lt\/index.php\/2025\/10\/29\/bmw-sveikatos-prieziuros-imonei-perduoda-126-elektriniu-mini-automobiliu-parka\/#breadcrumb"},"inLanguage":"lt-LT","potentialAction":[{"@type":"ReadAction","target":["http:\/\/eautomobiliai.lt\/index.php\/2025\/10\/29\/bmw-sveikatos-prieziuros-imonei-perduoda-126-elektriniu-mini-automobiliu-parka\/"]}]},{"@type":"ImageObject","inLanguage":"lt-LT","@id":"http:\/\/eautomobiliai.lt\/index.php\/2025\/10\/29\/bmw-sveikatos-prieziuros-imonei-perduoda-126-elektriniu-mini-automobiliu-parka\/#primaryimage","url":"http:\/\/eautomobiliai.lt\/wp-content\/uploads\/2025\/10\/BMW-sveikatos-prieziuros-imonei-perduoda-126-elektriniu-mini-automobiliu-parka.jpg","contentUrl":"http:\/\/eautomobiliai.lt\/wp-content\/uploads\/2025\/10\/BMW-sveikatos-prieziuros-imonei-perduoda-126-elektriniu-mini-automobiliu-parka.jpg","width":1280,"height":958},{"@type":"BreadcrumbList","@id":"http:\/\/eautomobiliai.lt\/index.php\/2025\/10\/29\/bmw-sveikatos-prieziuros-imonei-perduoda-126-elektriniu-mini-automobiliu-parka\/#breadcrumb","itemListElement":[{"@type":"ListItem","position":1,"name":"Home","item":"https:\/\/eautomobiliai.lt\/"},{"@type":"ListItem","position":2,"name":"BMW sveikatos prie\u017ei\u016bros \u012fmonei perduoda 126 elektrini\u0173 mini automobili\u0173 park\u0105"}]},{"@type":"WebSite","@id":"https:\/\/eautomobiliai.lt\/#website","url":"https:\/\/eautomobiliai.lt\/","name":"Eautomobiliai.lt","description":"Elektrinis transportas, technologijos","potentialAction":[{"@type":"SearchAction","target":{"@type":"EntryPoint","urlTemplate":"https:\/\/eautomobiliai.lt\/?s={search_term_string}"},"query-input":{"@type":"PropertyValueSpecification","valueRequired":true,"valueName":"search_term_string"}}],"inLanguage":"lt-LT"},{"@type":"Person","@id":"https:\/\/eautomobiliai.lt\/#\/schema\/person\/ecf2a967f361217d056061f74deb92f2","name":"admin","image":{"@type":"ImageObject","inLanguage":"lt-LT","@id":"https:\/\/eautomobiliai.lt\/#\/schema\/person\/image\/","url":"https:\/\/secure.gravatar.com\/avatar\/6323379efae0c70c686c7905444d6bbd?s=96&d=mm&r=g","contentUrl":"https:\/\/secure.gravatar.com\/avatar\/6323379efae0c70c686c7905444d6bbd?s=96&d=mm&r=g","caption":"admin"},"sameAs":["http:\/\/eautomobiliai.lt"],"url":"http:\/\/eautomobiliai.lt\/index.php\/author\/admin\/"}]}},"_links":{"self":[{"href":"http:\/\/eautomobiliai.lt\/index.php\/wp-json\/wp\/v2\/posts\/2542","targetHints":{"allow":["GET"]}}],"collection":[{"href":"http:\/\/eautomobiliai.lt\/index.php\/wp-json\/wp\/v2\/posts"}],"about":[{"href":"http:\/\/eautomobiliai.lt\/index.php\/wp-json\/wp\/v2\/types\/post"}],"author":[{"embeddable":true,"href":"http:\/\/eautomobiliai.lt\/index.php\/wp-json\/wp\/v2\/users\/1"}],"replies":[{"embeddable":true,"href":"http:\/\/eautomobiliai.lt\/index.php\/wp-json\/wp\/v2\/comments?post=2542"}],"version-history":[{"count":0,"href":"http:\/\/eautomobiliai.lt\/index.php\/wp-json\/wp\/v2\/posts\/2542\/revisions"}],"wp:featuredmedia":[{"embeddable":true,"href":"http:\/\/eautomobiliai.lt\/index.php\/wp-json\/wp\/v2\/media\/2543"}],"wp:attachment":[{"href":"http:\/\/eautomobiliai.lt\/index.php\/wp-json\/wp\/v2\/media?parent=2542"}],"wp:term":[{"taxonomy":"category","embeddable":true,"href":"http:\/\/eautomobiliai.lt\/index.php\/wp-json\/wp\/v2\/categories?post=2542"},{"taxonomy":"post_tag","embeddable":true,"href":"http:\/\/eautomobiliai.lt\/index.php\/wp-json\/wp\/v2\/tags?post=2542"}],"curies":[{"name":"wp","href":"https:\/\/api.w.org\/{rel}","templated":true}]}}