{"id":259,"date":"2025-03-26T01:38:53","date_gmt":"2025-03-26T01:38:53","guid":{"rendered":"http:\/\/eautomobiliai.lt\/index.php\/2025\/03\/26\/mg-isleidzia-nauja-premium-ev-prekes-zenkla-su-dviem-elektriniais-modeliais-nustatytais-australijai\/"},"modified":"2025-03-26T01:38:53","modified_gmt":"2025-03-26T01:38:53","slug":"mg-isleidzia-nauja-premium-ev-prekes-zenkla-su-dviem-elektriniais-modeliais-nustatytais-australijai","status":"publish","type":"post","link":"http:\/\/eautomobiliai.lt\/index.php\/2025\/03\/26\/mg-isleidzia-nauja-premium-ev-prekes-zenkla-su-dviem-elektriniais-modeliais-nustatytais-australijai\/","title":{"rendered":"\u201eMG\u201c i\u0161leid\u017eia nauj\u0105 \u201ePremium EV\u201c prek\u0117s \u017eenkl\u0105, su dviem elektriniais modeliais, nustatytais Australijai"},"content":{"rendered":"<p> <br \/>\n<\/p>\n<div id=\"\">\n<p><span style=\"font-weight: 400;\">Anks\u010diau \u0161iais metais buvo daug pasteb\u0117jim\u0173 apie \u201eMG\u201c \u201ePremium\u201c prek\u0117s \u017eenklo IM transporto priemones <\/span><span style=\"font-weight: 400;\">prane\u0161ta apie bandymus Australijos keliuose<\/span><span style=\"font-weight: 400;\">  pateik\u0117 EV bendruomen\u0117. <\/span><\/p>\n<p><span style=\"font-weight: 400;\">Dabar prek\u0117s \u017eenklas oficialiai paskelb\u0117 apie IM prek\u0117s \u017eenklo atidarym\u0105 Australijos rinkoje po to, kai anks\u010diau \u0161\u012f m\u0117nes\u012f s\u0117kmingai pasirod\u0117 Tailande.<\/span><\/p>\n<p><span style=\"font-weight: 400;\">\u0160is naujas prek\u0117s \u017eenklas debiutuos b\u016bsimoje Melburno automobili\u0173 parodoje su dviem elektriniais modeliais, kurie buvo pasteb\u0117ti bandymais Australijos keliuose: tai bus \u201eIM5 Sedan\u201c ir \u201eIM6\u201c visureigis. Kinijoje IM5 \u0161iuo metu yra \u017einomas kaip IM L6, o IM6 visureigis yra \u017einomas kaip IM LS6.<\/span><\/p>\n<p><span style=\"font-weight: 400;\">Kontekstui IM yra bendra \u201eMG\u201c patronuojan\u010dios \u012fmon\u0117s, SAIC ir technologij\u0173 bendrov\u0117s \u201eAlibaba Group\u201c \u012fmon\u0117. Tai rei\u0161kia, kad juda \u017evalgyba, o jos transporto priemon\u0117s siekia auk\u0161\u010diausios kokyb\u0117s rinkos pabaigos. Vietos mastu jis bus \u017einomas kaip IM pateiktas Mg variklio. <\/span><\/p>\n<figure id=\"attachment_186347\" aria-describedby=\"caption-attachment-186347\" style=\"width: 1200px\" class=\"wp-caption aligncenter\"><img loading=\"lazy\" decoding=\"async\" class=\"size-full wp-image-186347\" src=\"https:\/\/thedriven.io\/wp-content\/uploads\/2025\/03\/IM-L6-SUV-Front.jpg\" alt=\"\" width=\"1200\" height=\"697\" srcset=\"https:\/\/thedriven.io\/wp-content\/uploads\/2025\/03\/IM-L6-SUV-Front.jpg 1200w, https:\/\/thedriven.io\/wp-content\/uploads\/2025\/03\/IM-L6-SUV-Front-388x225.jpg 388w, https:\/\/thedriven.io\/wp-content\/uploads\/2025\/03\/IM-L6-SUV-Front-1160x674.jpg 1160w, https:\/\/thedriven.io\/wp-content\/uploads\/2025\/03\/IM-L6-SUV-Front-800x465.jpg 800w, https:\/\/thedriven.io\/wp-content\/uploads\/2025\/03\/IM-L6-SUV-Front-120x70.jpg 120w, https:\/\/thedriven.io\/wp-content\/uploads\/2025\/03\/IM-L6-SUV-Front-90x52.jpg 90w, https:\/\/thedriven.io\/wp-content\/uploads\/2025\/03\/IM-L6-SUV-Front-320x186.jpg 320w, https:\/\/thedriven.io\/wp-content\/uploads\/2025\/03\/IM-L6-SUV-Front-560x325.jpg 560w, https:\/\/thedriven.io\/wp-content\/uploads\/2025\/03\/IM-L6-SUV-Front-150x87.jpg 150w, https:\/\/thedriven.io\/wp-content\/uploads\/2025\/03\/IM-L6-SUV-Front-240x139.jpg 240w, https:\/\/thedriven.io\/wp-content\/uploads\/2025\/03\/IM-L6-SUV-Front-180x105.jpg 180w, https:\/\/thedriven.io\/wp-content\/uploads\/2025\/03\/IM-L6-SUV-Front-640x372.jpg 640w, https:\/\/thedriven.io\/wp-content\/uploads\/2025\/03\/IM-L6-SUV-Front-1120x651.jpg 1120w, https:\/\/thedriven.io\/wp-content\/uploads\/2025\/03\/IM-L6-SUV-Front-300x174.jpg 300w\" sizes=\"auto, (max-width: 1160px) 100vw, 1160px\"\/><figcaption id=\"caption-attachment-186347\" class=\"wp-caption-text\">Vaizdas: IM pateik\u0117 Mg variklis<\/figcaption><\/figure>\n<p><span style=\"font-weight: 400;\">\u201eMG Motor Australia\u201c generalinis direktorius Peteris Ciao sako, kad naujas prek\u0117s \u017eenklas pasi\u016blys pa\u017eangiausias naujoves ir eleganti\u0161k\u0105 dizain\u0105 bei \u201ebekompromis\u012f\u201c na\u0161umo, tobulinimo ir asortimento derin\u012f.<\/span><\/p>\n<p><span style=\"font-weight: 400;\">\u201eTai yra auk\u0161\u010diausios kokyb\u0117s elektrinio mobilumo ateitis, ir mes did\u017eiuojam\u0117s, kad j\u012f atve\u017e\u0117me \u012f Australij\u0105 ir dar labiau prat\u0119sime savo EV pasi\u016blym\u0105 Australijos vairuotojams\u201c, &#8211; sak\u0117 jis.<\/span><\/p>\n<p>Tai dar nebuvo atskleista nauj\u0173 modeli\u0173 kainos, ta\u010diau \u201eIM6\u201c Tailande parduoda, lygiavert\u0117 ma\u017edaug A67 000 USD.<\/p>\n<p><span style=\"font-weight: 400;\">\u201eMG Motor Australia\u201c atstovas Gilesas Belcheris sako, kad naujasis leidimas pasirodo, kai MG atlieka kitus pakeitimus, \u012fskaitant \u201eZS EV\u201c modelio pakeitim\u0105 naujuoju \u201eMGS5 EV\u201c ir art\u0117jan\u010diu pirmojo visos elektrinio rodsterio \u201eThe Cyberster\u201c paleidimu.<\/span><\/p>\n<p><span style=\"font-weight: 400;\">\u201eMG\u201c i\u0161 prad\u017ei\u0173 paleido pirm\u0105j\u012f elektromobil\u012f po \u201eZS EV\u201c visureigio \u017eenkleliu 2020 m. Lapkri\u010dio m\u0117n. Nuo to laiko \u201eZS EV\u201c buvo prid\u0117tas ilgo nuotolio variantas, kad jis gal\u0117t\u0173 pasi\u016blyti galimybes pirk\u0117jams, ie\u0161kantiems prieinamo elektrinio visureigio.<\/span><\/p>\n<figure id=\"attachment_129942\" aria-describedby=\"caption-attachment-129942\" style=\"width: 1200px\" class=\"wp-caption aligncenter\"><img decoding=\"async\" class=\"size-full wp-image-129942 native-lazyload-js-fallback\" alt=\"MG ZS EV bandymas Sidn\u0117juje. Kreditas: Will Deasy\" width=\"1200\" height=\"675\" loading=\"lazy\" src=\"https:\/\/b2232832.smushcdn.com\/2232832\/wp-content\/uploads\/2020\/01\/IMG-20200111-WA0004.jpg?lossy=1&amp;strip=0&amp;webp=1\" srcset=\"https:\/\/b2232832.smushcdn.com\/2232832\/wp-content\/uploads\/2020\/01\/IMG-20200111-WA0004.jpg?lossy=1&amp;strip=0&amp;webp=1 1200w, https:\/\/b2232832.smushcdn.com\/2232832\/wp-content\/uploads\/2020\/01\/IMG-20200111-WA0004-800x450.jpg?lossy=1&amp;strip=0&amp;webp=1 800w, https:\/\/b2232832.smushcdn.com\/2232832\/wp-content\/uploads\/2020\/01\/IMG-20200111-WA0004-1160x653.jpg?lossy=1&amp;strip=0&amp;webp=1 1160w, https:\/\/b2232832.smushcdn.com\/2232832\/wp-content\/uploads\/2020\/01\/IMG-20200111-WA0004-120x68.jpg?lossy=1&amp;strip=0&amp;webp=1 120w, https:\/\/b2232832.smushcdn.com\/2232832\/wp-content\/uploads\/2020\/01\/IMG-20200111-WA0004-90x51.jpg?lossy=1&amp;strip=0&amp;webp=1 90w, https:\/\/b2232832.smushcdn.com\/2232832\/wp-content\/uploads\/2020\/01\/IMG-20200111-WA0004-320x180.jpg?lossy=1&amp;strip=0&amp;webp=1 320w, https:\/\/b2232832.smushcdn.com\/2232832\/wp-content\/uploads\/2020\/01\/IMG-20200111-WA0004-560x315.jpg?lossy=1&amp;strip=0&amp;webp=1 560w, https:\/\/b2232832.smushcdn.com\/2232832\/wp-content\/uploads\/2020\/01\/IMG-20200111-WA0004-240x135.jpg?lossy=1&amp;strip=0&amp;webp=1 240w, https:\/\/b2232832.smushcdn.com\/2232832\/wp-content\/uploads\/2020\/01\/IMG-20200111-WA0004-180x101.jpg?lossy=1&amp;strip=0&amp;webp=1 180w, https:\/\/b2232832.smushcdn.com\/2232832\/wp-content\/uploads\/2020\/01\/IMG-20200111-WA0004-640x360.jpg?lossy=1&amp;strip=0&amp;webp=1 640w, https:\/\/b2232832.smushcdn.com\/2232832\/wp-content\/uploads\/2020\/01\/IMG-20200111-WA0004-1120x630.jpg?lossy=1&amp;strip=0&amp;webp=1 1120w\" data-sizes=\"(max-width: 1160px) 100vw, 1160px\"\/><img loading=\"lazy\" decoding=\"async\" class=\"size-full wp-image-129942\" src=\"https:\/\/thedriven.io\/wp-content\/uploads\/2020\/01\/IMG-20200111-WA0004.jpg\" alt=\"MG ZS EV bandymas Sidn\u0117juje. Kreditas: Will Deasy\" width=\"1200\" height=\"675\" srcset=\"https:\/\/thedriven.io\/wp-content\/uploads\/2020\/01\/IMG-20200111-WA0004.jpg 1200w, https:\/\/thedriven.io\/wp-content\/uploads\/2020\/01\/IMG-20200111-WA0004-800x450.jpg 800w, https:\/\/thedriven.io\/wp-content\/uploads\/2020\/01\/IMG-20200111-WA0004-1160x653.jpg 1160w, https:\/\/thedriven.io\/wp-content\/uploads\/2020\/01\/IMG-20200111-WA0004-120x68.jpg 120w, https:\/\/thedriven.io\/wp-content\/uploads\/2020\/01\/IMG-20200111-WA0004-90x51.jpg 90w, https:\/\/thedriven.io\/wp-content\/uploads\/2020\/01\/IMG-20200111-WA0004-320x180.jpg 320w, https:\/\/thedriven.io\/wp-content\/uploads\/2020\/01\/IMG-20200111-WA0004-560x315.jpg 560w, https:\/\/thedriven.io\/wp-content\/uploads\/2020\/01\/IMG-20200111-WA0004-240x135.jpg 240w, https:\/\/thedriven.io\/wp-content\/uploads\/2020\/01\/IMG-20200111-WA0004-180x101.jpg 180w, https:\/\/thedriven.io\/wp-content\/uploads\/2020\/01\/IMG-20200111-WA0004-640x360.jpg 640w, https:\/\/thedriven.io\/wp-content\/uploads\/2020\/01\/IMG-20200111-WA0004-1120x630.jpg 1120w\" sizes=\"auto, (max-width: 1160px) 100vw, 1160px\"\/><figcaption id=\"caption-attachment-129942\" class=\"wp-caption-text\">MG ZS EV bandymas Sidn\u0117juje. Kreditas: Will Deasy<\/figcaption><\/figure>\n<p><span style=\"font-weight: 400;\">2023 m. \u201eMG\u201c pristat\u0117 savo \u201eMG4 He\u010dbek\u0105\u201c, kuris nuo 2025 m. Vasario m\u0117n. Pabaigoje pad\u0117jo prek\u0117s \u017eenklo \u201eRake\u201c pardavimui beveik 10 000 pardavim\u0173.<\/span><\/p>\n<p><span style=\"font-weight: 400;\">\u201eMG4\u201c buvo revoliucinis prek\u0117s \u017eenklo produktas m\u016bs\u0173 vietin\u0117je rinkoje d\u0117l galinio rat\u0173 pavaros j\u0117gos pavaros ir MG modulin\u0117s mastelio platformos (MSP) su riedlent\u0117s primenan\u010diu dizainu, suporuotu su plonesne akumuliatoriaus dizainu.<\/span><\/p>\n<p><span style=\"font-weight: 400;\">Pra\u0117jusi\u0105 savait\u0119 mes taip pat prane\u0161\u0117me, kad prek\u0117s \u017eenklas erzino <\/span><span style=\"font-weight: 400;\">Kita MG4 versija<\/span><span style=\"font-weight: 400;\">kuris atrodo lengvesnis ir kreivesnis u\u017e dabartin\u012f model\u012f.<\/span><\/p>\n<figure id=\"attachment_171115\" aria-describedby=\"caption-attachment-171115\" style=\"width: 1200px\" class=\"wp-caption aligncenter\"><img loading=\"lazy\" decoding=\"async\" class=\"size-full wp-image-171115 native-lazyload-js-fallback\" alt=\"\u201eMg4 Drive\u201c i\u0161or\u0117 m\u0117lyna\" width=\"1200\" height=\"904\" src=\"https:\/\/b2232832.smushcdn.com\/2232832\/wp-content\/uploads\/2023\/08\/MG4-Drive-Exterior-Blue.jpg?lossy=1&amp;strip=0&amp;webp=1\" srcset=\"https:\/\/b2232832.smushcdn.com\/2232832\/wp-content\/uploads\/2023\/08\/MG4-Drive-Exterior-Blue.jpg?lossy=1&amp;strip=0&amp;webp=1 1200w, https:\/\/b2232832.smushcdn.com\/2232832\/wp-content\/uploads\/2023\/08\/MG4-Drive-Exterior-Blue-388x292.jpg?lossy=1&amp;strip=0&amp;webp=1 388w, https:\/\/b2232832.smushcdn.com\/2232832\/wp-content\/uploads\/2023\/08\/MG4-Drive-Exterior-Blue-1160x874.jpg?lossy=1&amp;strip=0&amp;webp=1 1160w, https:\/\/b2232832.smushcdn.com\/2232832\/wp-content\/uploads\/2023\/08\/MG4-Drive-Exterior-Blue-380x285.jpg?lossy=1&amp;strip=0&amp;webp=1 380w, https:\/\/b2232832.smushcdn.com\/2232832\/wp-content\/uploads\/2023\/08\/MG4-Drive-Exterior-Blue-800x603.jpg?lossy=1&amp;strip=0&amp;webp=1 800w, https:\/\/b2232832.smushcdn.com\/2232832\/wp-content\/uploads\/2023\/08\/MG4-Drive-Exterior-Blue-300x226.jpg?lossy=1&amp;strip=0&amp;webp=1 300w, https:\/\/b2232832.smushcdn.com\/2232832\/wp-content\/uploads\/2023\/08\/MG4-Drive-Exterior-Blue-120x90.jpg?lossy=1&amp;strip=0&amp;webp=1 120w, https:\/\/b2232832.smushcdn.com\/2232832\/wp-content\/uploads\/2023\/08\/MG4-Drive-Exterior-Blue-90x68.jpg?lossy=1&amp;strip=0&amp;webp=1 90w, https:\/\/b2232832.smushcdn.com\/2232832\/wp-content\/uploads\/2023\/08\/MG4-Drive-Exterior-Blue-320x240.jpg?lossy=1&amp;strip=0&amp;webp=1 320w, https:\/\/b2232832.smushcdn.com\/2232832\/wp-content\/uploads\/2023\/08\/MG4-Drive-Exterior-Blue-560x422.jpg?lossy=1&amp;strip=0&amp;webp=1 560w, https:\/\/b2232832.smushcdn.com\/2232832\/wp-content\/uploads\/2023\/08\/MG4-Drive-Exterior-Blue-150x113.jpg?lossy=1&amp;strip=0&amp;webp=1 150w, https:\/\/b2232832.smushcdn.com\/2232832\/wp-content\/uploads\/2023\/08\/MG4-Drive-Exterior-Blue-240x180.jpg?lossy=1&amp;strip=0&amp;webp=1 240w, https:\/\/b2232832.smushcdn.com\/2232832\/wp-content\/uploads\/2023\/08\/MG4-Drive-Exterior-Blue-180x136.jpg?lossy=1&amp;strip=0&amp;webp=1 180w, https:\/\/b2232832.smushcdn.com\/2232832\/wp-content\/uploads\/2023\/08\/MG4-Drive-Exterior-Blue-640x482.jpg?lossy=1&amp;strip=0&amp;webp=1 640w, https:\/\/b2232832.smushcdn.com\/2232832\/wp-content\/uploads\/2023\/08\/MG4-Drive-Exterior-Blue-1120x844.jpg?lossy=1&amp;strip=0&amp;webp=1 1120w\" data-sizes=\"auto, (max-width: 1160px) 100vw, 1160px\"\/><img loading=\"lazy\" decoding=\"async\" class=\"size-full wp-image-171115\" src=\"https:\/\/thedriven.io\/wp-content\/uploads\/2023\/08\/MG4-Drive-Exterior-Blue.jpg\" alt=\"\u201eMg4 Drive\u201c i\u0161or\u0117 m\u0117lyna\" width=\"1200\" height=\"904\" srcset=\"https:\/\/thedriven.io\/wp-content\/uploads\/2023\/08\/MG4-Drive-Exterior-Blue.jpg 1200w, https:\/\/thedriven.io\/wp-content\/uploads\/2023\/08\/MG4-Drive-Exterior-Blue-388x292.jpg 388w, https:\/\/thedriven.io\/wp-content\/uploads\/2023\/08\/MG4-Drive-Exterior-Blue-1160x874.jpg 1160w, https:\/\/thedriven.io\/wp-content\/uploads\/2023\/08\/MG4-Drive-Exterior-Blue-380x285.jpg 380w, https:\/\/thedriven.io\/wp-content\/uploads\/2023\/08\/MG4-Drive-Exterior-Blue-800x603.jpg 800w, https:\/\/thedriven.io\/wp-content\/uploads\/2023\/08\/MG4-Drive-Exterior-Blue-300x226.jpg 300w, https:\/\/thedriven.io\/wp-content\/uploads\/2023\/08\/MG4-Drive-Exterior-Blue-120x90.jpg 120w, https:\/\/thedriven.io\/wp-content\/uploads\/2023\/08\/MG4-Drive-Exterior-Blue-90x68.jpg 90w, https:\/\/thedriven.io\/wp-content\/uploads\/2023\/08\/MG4-Drive-Exterior-Blue-320x240.jpg 320w, https:\/\/thedriven.io\/wp-content\/uploads\/2023\/08\/MG4-Drive-Exterior-Blue-560x422.jpg 560w, https:\/\/thedriven.io\/wp-content\/uploads\/2023\/08\/MG4-Drive-Exterior-Blue-150x113.jpg 150w, https:\/\/thedriven.io\/wp-content\/uploads\/2023\/08\/MG4-Drive-Exterior-Blue-240x180.jpg 240w, https:\/\/thedriven.io\/wp-content\/uploads\/2023\/08\/MG4-Drive-Exterior-Blue-180x136.jpg 180w, https:\/\/thedriven.io\/wp-content\/uploads\/2023\/08\/MG4-Drive-Exterior-Blue-640x482.jpg 640w, https:\/\/thedriven.io\/wp-content\/uploads\/2023\/08\/MG4-Drive-Exterior-Blue-1120x844.jpg 1120w\" sizes=\"auto, (max-width: 1160px) 100vw, 1160px\"\/><figcaption id=\"caption-attachment-171115\" class=\"wp-caption-text\">Vaizdas: Riz Akhtar<\/figcaption><\/figure>\n<p>Be \u201eMG4\u201c s\u0117km\u0117s, prek\u0117s \u017eenklas atidar\u0117 savo \u201eHalo\u201c automobil\u012f \u201eMG Cyberster Roadster\u201c, kuris \u0161iais metais prad\u0117jo matyti klient\u0173 pristatym\u0105.<\/p>\n<p>\u017dvelgiant \u012f ateit\u012f, prek\u0117s \u017eenklas planuoja paleisti \u201eMG ZS EV\u201c \u012fp\u0117din\u012f, kur\u012f jis vadins \u201eMGS5 EV\u201c, taip pat debiutuos naujajame IM prek\u0117s \u017eenkle su \u201eIM5\u201c ir \u201eIM6\u201c Melburno automobili\u0173 parodoje.<\/p>\n<p><span style=\"font-weight: 400;\">\u0160ie nauji IM modeliai bus parduodami per MG Australijos prekybos atstovus su j\u0173 atvykimo datomis, vietin\u0117mis specifikacijomis ir kain\u0173 nustatymu, kuris tikimasi pasidalyti artimiausiu metu.<\/span><\/p>\n<p><span style=\"font-weight: 400;\">Tiems, kurie domisi \u0161iais modeliais ir j\u0173 Kinijos rinkos specifikacijomis, nedvejodami patikrinkite juos \u201eIM L6\u201c pasteb\u0117tame ir IM L5 pasteb\u0117jimo straipsniuose apie toliau nurodytus.<\/span><\/p>\n<p><span style=\"font-weight: 400;\">IM l6: <\/span><span style=\"font-weight: 400;\">MG b\u016bsimas \u201ePremium EV\u201c prek\u0117s \u017eenklo pasteb\u0117tas bandymas Sidn\u0117juje<\/span><\/p>\n<p><span style=\"font-weight: 400;\">L5: <\/span><span style=\"font-weight: 400;\">MG kitas aptakus EV pasteb\u0117tas bandymas Australijoje<\/span><\/p>\n<div class=\"saboxplugin-wrap\" itemtype=\"http:\/\/schema.org\/Person\" itemscope=\"\" itemprop=\"author\">\n<div class=\"saboxplugin-tab\">\n<div class=\"saboxplugin-gravatar\"><img loading=\"lazy\" decoding=\"async\" width=\"100\" height=\"100\" alt=\"Rizas Akhtar\" itemprop=\"image\" class=\"native-lazyload-js-fallback\" src=\"https:\/\/b2232832.smushcdn.com\/2232832\/wp-content\/uploads\/2022\/02\/Riz.jpg?lossy=1&amp;strip=0&amp;webp=1\"\/><img loading=\"lazy\" decoding=\"async\" src=\"https:\/\/thedriven.io\/wp-content\/uploads\/2022\/02\/Riz.jpg\" width=\"100\" height=\"100\" alt=\"Rizas Akhtar\" itemprop=\"image\"\/><\/div>\n<div class=\"saboxplugin-desc\">\n<div itemprop=\"description\">\n<p>RIZ yra \u201eCarloop\u201c \u012fk\u016br\u0117jas, \u012fsik\u016br\u0119s Melburne, specializuojasi Australijos EV duomenyse, \u012f\u017evalgos ataskaitose ir tendencijose. Jis yra mechanikos in\u017einierius, prie\u0161 pradedant \u201eCarloop\u201c pirmuosius 7 savo karjeros statybos transporto infrastrukt\u016bros metus. Jis turi aistr\u0105 automobiliams, ypa\u010d EV ir nori pad\u0117ti suma\u017einti transporto i\u0161metim\u0105 Australijoje. \u0160iuo metu jis vairuoja \u201eRed Tesla\u201c model\u012f 3.<\/p>\n<\/div>\n<\/div>\n<\/div>\n<\/div>\n<p><!-- AI CONTENT END 1 --><\/p><\/div>\n<p><br \/>\n<br \/><a href=\"https:\/\/thedriven.io\/2025\/03\/25\/mg-launches-new-premium-ev-brand-with-two-electric-models-set-for-australia\/\">Source link <\/a><\/p>\n","protected":false},"excerpt":{"rendered":"<p>Anks\u010diau \u0161iais metais buvo daug pasteb\u0117jim\u0173 apie \u201eMG\u201c \u201ePremium\u201c prek\u0117s \u017eenklo IM transporto priemones prane\u0161ta apie bandymus Australijos keliuose pateik\u0117&hellip;<\/p>\n","protected":false},"author":1,"featured_media":260,"comment_status":"open","ping_status":"open","sticky":false,"template":"","format":"standard","meta":{"om_disable_all_campaigns":false,"_monsterinsights_skip_tracking":false,"_monsterinsights_sitenote_active":false,"_monsterinsights_sitenote_note":"","_monsterinsights_sitenote_category":0,"footnotes":""},"categories":[39],"tags":[728,724,725,218,726,556,727,393,722,723],"class_list":["post-259","post","type-post","status-publish","format-standard","has-post-thumbnail","hentry","category-eautomobiliu-technine-puse","tag-australijai","tag-dviem","tag-elektriniais","tag-isleidzia","tag-modeliais","tag-nauja","tag-nustatytais","tag-prekes","tag-premium","tag-zenkla"],"aioseo_notices":[],"yoast_head":"<!-- This site is optimized with the Yoast SEO plugin v26.8 - https:\/\/yoast.com\/product\/yoast-seo-wordpress\/ -->\n<title>\u201eMG\u201c i\u0161leid\u017eia nauj\u0105 \u201ePremium EV\u201c prek\u0117s \u017eenkl\u0105, su dviem elektriniais modeliais, nustatytais Australijai - Eautomobiliai.lt<\/title>\n<meta name=\"robots\" content=\"index, follow, max-snippet:-1, max-image-preview:large, max-video-preview:-1\" \/>\n<link rel=\"canonical\" href=\"http:\/\/eautomobiliai.lt\/index.php\/2025\/03\/26\/mg-isleidzia-nauja-premium-ev-prekes-zenkla-su-dviem-elektriniais-modeliais-nustatytais-australijai\/\" \/>\n<meta property=\"og:locale\" content=\"lt_LT\" \/>\n<meta property=\"og:type\" content=\"article\" \/>\n<meta property=\"og:title\" content=\"\u201eMG\u201c i\u0161leid\u017eia nauj\u0105 \u201ePremium EV\u201c prek\u0117s \u017eenkl\u0105, su dviem elektriniais modeliais, nustatytais Australijai - Eautomobiliai.lt\" \/>\n<meta property=\"og:description\" content=\"Anks\u010diau \u0161iais metais buvo daug pasteb\u0117jim\u0173 apie \u201eMG\u201c \u201ePremium\u201c prek\u0117s \u017eenklo IM transporto priemones prane\u0161ta apie bandymus Australijos keliuose pateik\u0117&hellip;\" \/>\n<meta property=\"og:url\" content=\"http:\/\/eautomobiliai.lt\/index.php\/2025\/03\/26\/mg-isleidzia-nauja-premium-ev-prekes-zenkla-su-dviem-elektriniais-modeliais-nustatytais-australijai\/\" \/>\n<meta property=\"og:site_name\" content=\"Eautomobiliai.lt\" \/>\n<meta property=\"article:published_time\" content=\"2025-03-26T01:38:53+00:00\" \/>\n<meta property=\"og:image\" content=\"http:\/\/eautomobiliai.lt\/wp-content\/uploads\/2025\/03\/\u201eMG-isleidzia-nauja-\u201ePremium-EV-prekes-zenkla-su-dviem-elektriniais.jpg\" \/>\n\t<meta property=\"og:image:width\" content=\"1200\" \/>\n\t<meta property=\"og:image:height\" content=\"801\" \/>\n\t<meta property=\"og:image:type\" content=\"image\/jpeg\" \/>\n<meta name=\"author\" content=\"admin\" \/>\n<meta name=\"twitter:card\" content=\"summary_large_image\" \/>\n<meta name=\"twitter:label1\" content=\"Written by\" \/>\n\t<meta name=\"twitter:data1\" content=\"admin\" \/>\n\t<meta name=\"twitter:label2\" content=\"Est. reading time\" \/>\n\t<meta name=\"twitter:data2\" content=\"3 minut\u0117s\" \/>\n<script type=\"application\/ld+json\" class=\"yoast-schema-graph\">{\"@context\":\"https:\/\/schema.org\",\"@graph\":[{\"@type\":\"Article\",\"@id\":\"http:\/\/eautomobiliai.lt\/index.php\/2025\/03\/26\/mg-isleidzia-nauja-premium-ev-prekes-zenkla-su-dviem-elektriniais-modeliais-nustatytais-australijai\/#article\",\"isPartOf\":{\"@id\":\"http:\/\/eautomobiliai.lt\/index.php\/2025\/03\/26\/mg-isleidzia-nauja-premium-ev-prekes-zenkla-su-dviem-elektriniais-modeliais-nustatytais-australijai\/\"},\"author\":{\"name\":\"admin\",\"@id\":\"http:\/\/eautomobiliai.lt\/#\/schema\/person\/ecf2a967f361217d056061f74deb92f2\"},\"headline\":\"\u201eMG\u201c i\u0161leid\u017eia nauj\u0105 \u201ePremium EV\u201c prek\u0117s \u017eenkl\u0105, su dviem elektriniais modeliais, nustatytais Australijai\",\"datePublished\":\"2025-03-26T01:38:53+00:00\",\"mainEntityOfPage\":{\"@id\":\"http:\/\/eautomobiliai.lt\/index.php\/2025\/03\/26\/mg-isleidzia-nauja-premium-ev-prekes-zenkla-su-dviem-elektriniais-modeliais-nustatytais-australijai\/\"},\"wordCount\":610,\"commentCount\":0,\"image\":{\"@id\":\"http:\/\/eautomobiliai.lt\/index.php\/2025\/03\/26\/mg-isleidzia-nauja-premium-ev-prekes-zenkla-su-dviem-elektriniais-modeliais-nustatytais-australijai\/#primaryimage\"},\"thumbnailUrl\":\"http:\/\/eautomobiliai.lt\/wp-content\/uploads\/2025\/03\/\u201eMG-isleidzia-nauja-\u201ePremium-EV-prekes-zenkla-su-dviem-elektriniais.jpg\",\"keywords\":[\"Australijai\",\"dviem\",\"elektriniais\",\"i\u0161leid\u017eia\",\"modeliais\",\"Nauja\",\"nustatytais\",\"prek\u0117s\",\"Premium\",\"\u017eenkl\u0105\"],\"articleSection\":[\"eAUTOMOBILI\u0172 TECHNIN\u0116 PUS\u0116\"],\"inLanguage\":\"lt-LT\",\"potentialAction\":[{\"@type\":\"CommentAction\",\"name\":\"Comment\",\"target\":[\"http:\/\/eautomobiliai.lt\/index.php\/2025\/03\/26\/mg-isleidzia-nauja-premium-ev-prekes-zenkla-su-dviem-elektriniais-modeliais-nustatytais-australijai\/#respond\"]}]},{\"@type\":\"WebPage\",\"@id\":\"http:\/\/eautomobiliai.lt\/index.php\/2025\/03\/26\/mg-isleidzia-nauja-premium-ev-prekes-zenkla-su-dviem-elektriniais-modeliais-nustatytais-australijai\/\",\"url\":\"http:\/\/eautomobiliai.lt\/index.php\/2025\/03\/26\/mg-isleidzia-nauja-premium-ev-prekes-zenkla-su-dviem-elektriniais-modeliais-nustatytais-australijai\/\",\"name\":\"\u201eMG\u201c i\u0161leid\u017eia nauj\u0105 \u201ePremium EV\u201c prek\u0117s \u017eenkl\u0105, su dviem elektriniais modeliais, nustatytais Australijai - Eautomobiliai.lt\",\"isPartOf\":{\"@id\":\"http:\/\/eautomobiliai.lt\/#website\"},\"primaryImageOfPage\":{\"@id\":\"http:\/\/eautomobiliai.lt\/index.php\/2025\/03\/26\/mg-isleidzia-nauja-premium-ev-prekes-zenkla-su-dviem-elektriniais-modeliais-nustatytais-australijai\/#primaryimage\"},\"image\":{\"@id\":\"http:\/\/eautomobiliai.lt\/index.php\/2025\/03\/26\/mg-isleidzia-nauja-premium-ev-prekes-zenkla-su-dviem-elektriniais-modeliais-nustatytais-australijai\/#primaryimage\"},\"thumbnailUrl\":\"http:\/\/eautomobiliai.lt\/wp-content\/uploads\/2025\/03\/\u201eMG-isleidzia-nauja-\u201ePremium-EV-prekes-zenkla-su-dviem-elektriniais.jpg\",\"datePublished\":\"2025-03-26T01:38:53+00:00\",\"author\":{\"@id\":\"http:\/\/eautomobiliai.lt\/#\/schema\/person\/ecf2a967f361217d056061f74deb92f2\"},\"breadcrumb\":{\"@id\":\"http:\/\/eautomobiliai.lt\/index.php\/2025\/03\/26\/mg-isleidzia-nauja-premium-ev-prekes-zenkla-su-dviem-elektriniais-modeliais-nustatytais-australijai\/#breadcrumb\"},\"inLanguage\":\"lt-LT\",\"potentialAction\":[{\"@type\":\"ReadAction\",\"target\":[\"http:\/\/eautomobiliai.lt\/index.php\/2025\/03\/26\/mg-isleidzia-nauja-premium-ev-prekes-zenkla-su-dviem-elektriniais-modeliais-nustatytais-australijai\/\"]}]},{\"@type\":\"ImageObject\",\"inLanguage\":\"lt-LT\",\"@id\":\"http:\/\/eautomobiliai.lt\/index.php\/2025\/03\/26\/mg-isleidzia-nauja-premium-ev-prekes-zenkla-su-dviem-elektriniais-modeliais-nustatytais-australijai\/#primaryimage\",\"url\":\"http:\/\/eautomobiliai.lt\/wp-content\/uploads\/2025\/03\/\u201eMG-isleidzia-nauja-\u201ePremium-EV-prekes-zenkla-su-dviem-elektriniais.jpg\",\"contentUrl\":\"http:\/\/eautomobiliai.lt\/wp-content\/uploads\/2025\/03\/\u201eMG-isleidzia-nauja-\u201ePremium-EV-prekes-zenkla-su-dviem-elektriniais.jpg\",\"width\":1200,\"height\":801},{\"@type\":\"BreadcrumbList\",\"@id\":\"http:\/\/eautomobiliai.lt\/index.php\/2025\/03\/26\/mg-isleidzia-nauja-premium-ev-prekes-zenkla-su-dviem-elektriniais-modeliais-nustatytais-australijai\/#breadcrumb\",\"itemListElement\":[{\"@type\":\"ListItem\",\"position\":1,\"name\":\"Home\",\"item\":\"http:\/\/eautomobiliai.lt\/\"},{\"@type\":\"ListItem\",\"position\":2,\"name\":\"\u201eMG\u201c i\u0161leid\u017eia nauj\u0105 \u201ePremium EV\u201c prek\u0117s \u017eenkl\u0105, su dviem elektriniais modeliais, nustatytais Australijai\"}]},{\"@type\":\"WebSite\",\"@id\":\"http:\/\/eautomobiliai.lt\/#website\",\"url\":\"http:\/\/eautomobiliai.lt\/\",\"name\":\"Eautomobiliai.lt\",\"description\":\"Elektrinis transportas, technologijos\",\"potentialAction\":[{\"@type\":\"SearchAction\",\"target\":{\"@type\":\"EntryPoint\",\"urlTemplate\":\"http:\/\/eautomobiliai.lt\/?s={search_term_string}\"},\"query-input\":{\"@type\":\"PropertyValueSpecification\",\"valueRequired\":true,\"valueName\":\"search_term_string\"}}],\"inLanguage\":\"lt-LT\"},{\"@type\":\"Person\",\"@id\":\"http:\/\/eautomobiliai.lt\/#\/schema\/person\/ecf2a967f361217d056061f74deb92f2\",\"name\":\"admin\",\"image\":{\"@type\":\"ImageObject\",\"inLanguage\":\"lt-LT\",\"@id\":\"http:\/\/eautomobiliai.lt\/#\/schema\/person\/image\/\",\"url\":\"https:\/\/secure.gravatar.com\/avatar\/6323379efae0c70c686c7905444d6bbd?s=96&d=mm&r=g\",\"contentUrl\":\"https:\/\/secure.gravatar.com\/avatar\/6323379efae0c70c686c7905444d6bbd?s=96&d=mm&r=g\",\"caption\":\"admin\"},\"sameAs\":[\"http:\/\/eautomobiliai.lt\"],\"url\":\"http:\/\/eautomobiliai.lt\/index.php\/author\/admin\/\"}]}<\/script>\n<!-- \/ Yoast SEO plugin. -->","yoast_head_json":{"title":"\u201eMG\u201c i\u0161leid\u017eia nauj\u0105 \u201ePremium EV\u201c prek\u0117s \u017eenkl\u0105, su dviem elektriniais modeliais, nustatytais Australijai - Eautomobiliai.lt","robots":{"index":"index","follow":"follow","max-snippet":"max-snippet:-1","max-image-preview":"max-image-preview:large","max-video-preview":"max-video-preview:-1"},"canonical":"http:\/\/eautomobiliai.lt\/index.php\/2025\/03\/26\/mg-isleidzia-nauja-premium-ev-prekes-zenkla-su-dviem-elektriniais-modeliais-nustatytais-australijai\/","og_locale":"lt_LT","og_type":"article","og_title":"\u201eMG\u201c i\u0161leid\u017eia nauj\u0105 \u201ePremium EV\u201c prek\u0117s \u017eenkl\u0105, su dviem elektriniais modeliais, nustatytais Australijai - Eautomobiliai.lt","og_description":"Anks\u010diau \u0161iais metais buvo daug pasteb\u0117jim\u0173 apie \u201eMG\u201c \u201ePremium\u201c prek\u0117s \u017eenklo IM transporto priemones prane\u0161ta apie bandymus Australijos keliuose pateik\u0117&hellip;","og_url":"http:\/\/eautomobiliai.lt\/index.php\/2025\/03\/26\/mg-isleidzia-nauja-premium-ev-prekes-zenkla-su-dviem-elektriniais-modeliais-nustatytais-australijai\/","og_site_name":"Eautomobiliai.lt","article_published_time":"2025-03-26T01:38:53+00:00","og_image":[{"width":1200,"height":801,"url":"http:\/\/eautomobiliai.lt\/wp-content\/uploads\/2025\/03\/\u201eMG-isleidzia-nauja-\u201ePremium-EV-prekes-zenkla-su-dviem-elektriniais.jpg","type":"image\/jpeg"}],"author":"admin","twitter_card":"summary_large_image","twitter_misc":{"Written by":"admin","Est. reading time":"3 minut\u0117s"},"schema":{"@context":"https:\/\/schema.org","@graph":[{"@type":"Article","@id":"http:\/\/eautomobiliai.lt\/index.php\/2025\/03\/26\/mg-isleidzia-nauja-premium-ev-prekes-zenkla-su-dviem-elektriniais-modeliais-nustatytais-australijai\/#article","isPartOf":{"@id":"http:\/\/eautomobiliai.lt\/index.php\/2025\/03\/26\/mg-isleidzia-nauja-premium-ev-prekes-zenkla-su-dviem-elektriniais-modeliais-nustatytais-australijai\/"},"author":{"name":"admin","@id":"http:\/\/eautomobiliai.lt\/#\/schema\/person\/ecf2a967f361217d056061f74deb92f2"},"headline":"\u201eMG\u201c i\u0161leid\u017eia nauj\u0105 \u201ePremium EV\u201c prek\u0117s \u017eenkl\u0105, su dviem elektriniais modeliais, nustatytais Australijai","datePublished":"2025-03-26T01:38:53+00:00","mainEntityOfPage":{"@id":"http:\/\/eautomobiliai.lt\/index.php\/2025\/03\/26\/mg-isleidzia-nauja-premium-ev-prekes-zenkla-su-dviem-elektriniais-modeliais-nustatytais-australijai\/"},"wordCount":610,"commentCount":0,"image":{"@id":"http:\/\/eautomobiliai.lt\/index.php\/2025\/03\/26\/mg-isleidzia-nauja-premium-ev-prekes-zenkla-su-dviem-elektriniais-modeliais-nustatytais-australijai\/#primaryimage"},"thumbnailUrl":"http:\/\/eautomobiliai.lt\/wp-content\/uploads\/2025\/03\/\u201eMG-isleidzia-nauja-\u201ePremium-EV-prekes-zenkla-su-dviem-elektriniais.jpg","keywords":["Australijai","dviem","elektriniais","i\u0161leid\u017eia","modeliais","Nauja","nustatytais","prek\u0117s","Premium","\u017eenkl\u0105"],"articleSection":["eAUTOMOBILI\u0172 TECHNIN\u0116 PUS\u0116"],"inLanguage":"lt-LT","potentialAction":[{"@type":"CommentAction","name":"Comment","target":["http:\/\/eautomobiliai.lt\/index.php\/2025\/03\/26\/mg-isleidzia-nauja-premium-ev-prekes-zenkla-su-dviem-elektriniais-modeliais-nustatytais-australijai\/#respond"]}]},{"@type":"WebPage","@id":"http:\/\/eautomobiliai.lt\/index.php\/2025\/03\/26\/mg-isleidzia-nauja-premium-ev-prekes-zenkla-su-dviem-elektriniais-modeliais-nustatytais-australijai\/","url":"http:\/\/eautomobiliai.lt\/index.php\/2025\/03\/26\/mg-isleidzia-nauja-premium-ev-prekes-zenkla-su-dviem-elektriniais-modeliais-nustatytais-australijai\/","name":"\u201eMG\u201c i\u0161leid\u017eia nauj\u0105 \u201ePremium EV\u201c prek\u0117s \u017eenkl\u0105, su dviem elektriniais modeliais, nustatytais Australijai - Eautomobiliai.lt","isPartOf":{"@id":"http:\/\/eautomobiliai.lt\/#website"},"primaryImageOfPage":{"@id":"http:\/\/eautomobiliai.lt\/index.php\/2025\/03\/26\/mg-isleidzia-nauja-premium-ev-prekes-zenkla-su-dviem-elektriniais-modeliais-nustatytais-australijai\/#primaryimage"},"image":{"@id":"http:\/\/eautomobiliai.lt\/index.php\/2025\/03\/26\/mg-isleidzia-nauja-premium-ev-prekes-zenkla-su-dviem-elektriniais-modeliais-nustatytais-australijai\/#primaryimage"},"thumbnailUrl":"http:\/\/eautomobiliai.lt\/wp-content\/uploads\/2025\/03\/\u201eMG-isleidzia-nauja-\u201ePremium-EV-prekes-zenkla-su-dviem-elektriniais.jpg","datePublished":"2025-03-26T01:38:53+00:00","author":{"@id":"http:\/\/eautomobiliai.lt\/#\/schema\/person\/ecf2a967f361217d056061f74deb92f2"},"breadcrumb":{"@id":"http:\/\/eautomobiliai.lt\/index.php\/2025\/03\/26\/mg-isleidzia-nauja-premium-ev-prekes-zenkla-su-dviem-elektriniais-modeliais-nustatytais-australijai\/#breadcrumb"},"inLanguage":"lt-LT","potentialAction":[{"@type":"ReadAction","target":["http:\/\/eautomobiliai.lt\/index.php\/2025\/03\/26\/mg-isleidzia-nauja-premium-ev-prekes-zenkla-su-dviem-elektriniais-modeliais-nustatytais-australijai\/"]}]},{"@type":"ImageObject","inLanguage":"lt-LT","@id":"http:\/\/eautomobiliai.lt\/index.php\/2025\/03\/26\/mg-isleidzia-nauja-premium-ev-prekes-zenkla-su-dviem-elektriniais-modeliais-nustatytais-australijai\/#primaryimage","url":"http:\/\/eautomobiliai.lt\/wp-content\/uploads\/2025\/03\/\u201eMG-isleidzia-nauja-\u201ePremium-EV-prekes-zenkla-su-dviem-elektriniais.jpg","contentUrl":"http:\/\/eautomobiliai.lt\/wp-content\/uploads\/2025\/03\/\u201eMG-isleidzia-nauja-\u201ePremium-EV-prekes-zenkla-su-dviem-elektriniais.jpg","width":1200,"height":801},{"@type":"BreadcrumbList","@id":"http:\/\/eautomobiliai.lt\/index.php\/2025\/03\/26\/mg-isleidzia-nauja-premium-ev-prekes-zenkla-su-dviem-elektriniais-modeliais-nustatytais-australijai\/#breadcrumb","itemListElement":[{"@type":"ListItem","position":1,"name":"Home","item":"http:\/\/eautomobiliai.lt\/"},{"@type":"ListItem","position":2,"name":"\u201eMG\u201c i\u0161leid\u017eia nauj\u0105 \u201ePremium EV\u201c prek\u0117s \u017eenkl\u0105, su dviem elektriniais modeliais, nustatytais Australijai"}]},{"@type":"WebSite","@id":"http:\/\/eautomobiliai.lt\/#website","url":"http:\/\/eautomobiliai.lt\/","name":"Eautomobiliai.lt","description":"Elektrinis transportas, technologijos","potentialAction":[{"@type":"SearchAction","target":{"@type":"EntryPoint","urlTemplate":"http:\/\/eautomobiliai.lt\/?s={search_term_string}"},"query-input":{"@type":"PropertyValueSpecification","valueRequired":true,"valueName":"search_term_string"}}],"inLanguage":"lt-LT"},{"@type":"Person","@id":"http:\/\/eautomobiliai.lt\/#\/schema\/person\/ecf2a967f361217d056061f74deb92f2","name":"admin","image":{"@type":"ImageObject","inLanguage":"lt-LT","@id":"http:\/\/eautomobiliai.lt\/#\/schema\/person\/image\/","url":"https:\/\/secure.gravatar.com\/avatar\/6323379efae0c70c686c7905444d6bbd?s=96&d=mm&r=g","contentUrl":"https:\/\/secure.gravatar.com\/avatar\/6323379efae0c70c686c7905444d6bbd?s=96&d=mm&r=g","caption":"admin"},"sameAs":["http:\/\/eautomobiliai.lt"],"url":"http:\/\/eautomobiliai.lt\/index.php\/author\/admin\/"}]}},"_links":{"self":[{"href":"http:\/\/eautomobiliai.lt\/index.php\/wp-json\/wp\/v2\/posts\/259","targetHints":{"allow":["GET"]}}],"collection":[{"href":"http:\/\/eautomobiliai.lt\/index.php\/wp-json\/wp\/v2\/posts"}],"about":[{"href":"http:\/\/eautomobiliai.lt\/index.php\/wp-json\/wp\/v2\/types\/post"}],"author":[{"embeddable":true,"href":"http:\/\/eautomobiliai.lt\/index.php\/wp-json\/wp\/v2\/users\/1"}],"replies":[{"embeddable":true,"href":"http:\/\/eautomobiliai.lt\/index.php\/wp-json\/wp\/v2\/comments?post=259"}],"version-history":[{"count":0,"href":"http:\/\/eautomobiliai.lt\/index.php\/wp-json\/wp\/v2\/posts\/259\/revisions"}],"wp:featuredmedia":[{"embeddable":true,"href":"http:\/\/eautomobiliai.lt\/index.php\/wp-json\/wp\/v2\/media\/260"}],"wp:attachment":[{"href":"http:\/\/eautomobiliai.lt\/index.php\/wp-json\/wp\/v2\/media?parent=259"}],"wp:term":[{"taxonomy":"category","embeddable":true,"href":"http:\/\/eautomobiliai.lt\/index.php\/wp-json\/wp\/v2\/categories?post=259"},{"taxonomy":"post_tag","embeddable":true,"href":"http:\/\/eautomobiliai.lt\/index.php\/wp-json\/wp\/v2\/tags?post=259"}],"curies":[{"name":"wp","href":"https:\/\/api.w.org\/{rel}","templated":true}]}}