{"id":2608,"date":"2025-11-05T01:38:34","date_gmt":"2025-11-05T01:38:34","guid":{"rendered":"https:\/\/eautomobiliai.lt\/index.php\/2025\/11\/05\/tesla-pardavimai-spali-smuko-nes-model-3-numeriai-pasieke-zemiausia-lygi-per-pastaruosius-metus\/"},"modified":"2025-11-05T01:38:34","modified_gmt":"2025-11-05T01:38:34","slug":"tesla-pardavimai-spali-smuko-nes-model-3-numeriai-pasieke-zemiausia-lygi-per-pastaruosius-metus","status":"publish","type":"post","link":"http:\/\/eautomobiliai.lt\/index.php\/2025\/11\/05\/tesla-pardavimai-spali-smuko-nes-model-3-numeriai-pasieke-zemiausia-lygi-per-pastaruosius-metus\/","title":{"rendered":"\u201eTesla\u201c pardavimai spal\u012f smuko, nes \u201eModel 3\u201c numeriai pasiek\u0117 \u017eemiausi\u0105 lyg\u012f per pastaruosius metus"},"content":{"rendered":"<p> <br \/>\n<\/p>\n<div id=\"\">\n<p><span style=\"font-weight: 400;\">Pirmaujan\u010dio Australijos elektromobili\u0173 prek\u0117s \u017eenklo \u201eTesla\u201c pardavimai spal\u012f smuko \u2013 po \u012fprast\u0173 s\u0117kming\u0173 rugs\u0117j\u012f ketvir\u010dio pabaigos rezultat\u0173 \u2013 \u201eModel 3\u201c elektrinis sedanas pasiek\u0117 \u017eemiausi\u0105 lyg\u012f nuo 2022 m. ir nepaisant geresnio \u201eModel Y\u201c elektrinio visureigio veikimo.<\/span><\/p>\n<p><span style=\"font-weight: 400;\">Nauji Elektrini\u0173 transporto priemoni\u0173 tarybos duomenys rodo, kad \u201eTesla\u201c spal\u012f Australijoje pardav\u0117 916 elektromobili\u0173, ty 37,5 procento ma\u017eiau nei t\u0105 pat\u012f m\u0117nes\u012f prie\u0161 metus, o bendra per metus suma\u017e\u0117jo iki 23 569, ty 27 procentais.<\/span><\/p>\n<p><span style=\"font-weight: 400;\">\u201eTesla\u201c pardavimus sutrikd\u0117 laukimas naujojo \u201eModel Y\u201c, kuris po ankstyv\u0173 met\u0173 nuosmukio dabar lenkia pra\u0117jusi\u0173 met\u0173 rodiklius, o per pirmuosius 10 2025 m. m\u0117nesi\u0173 parduota 17 972 vienetai, ty 1,3 procento daugiau nei prie\u0161 metus. \u201eTesla\u201c spal\u012f pardav\u0117 735 \u201eModel Y\u201c modelius, palyginti su 422 pernai, bet suma\u017e\u0117jo nuo 3 927 rugs\u0117j\u012f.<\/span><\/p>\n<p><span style=\"font-weight: 400;\">\u201eTesla\u201c paprastai padidina pardavim\u0105 kiekvieno ketvir\u010dio pabaigoje, ta\u010diau, nors \u201eModel Y\u201c veikia gerai, \u201eModel 3\u201c istorija n\u0117ra tokia gera, kuri spal\u012f suma\u017e\u0117jo iki 181 pardavim\u0173, palyginti su 1 042 per t\u0105 pat\u012f m\u0117nes\u012f pernai. 2025 m. iki \u0161iol parduota tik 5 597 \u201eModel 3\u201c \u2013 61 proc. ma\u017eiau nei tuo pa\u010diu laikotarpiu prie\u0161 metus.<\/span><\/p>\n<p><span style=\"font-weight: 400;\">EVC skelbia duomenis tik i\u0161 savo visi\u0161kai elektrini\u0173 nari\u0173 Tesla ir Polestar, kurie pasitrauk\u0117 i\u0161 pagrindinio automobilio k\u0117bulo FCAI, d\u0117l savo pozicijos d\u0117l i\u0161metam\u0173j\u0173 ter\u0161al\u0173 standart\u0173.<\/span><\/p>\n<p><span style=\"font-weight: 400;\">Nauji duomenys atskleid\u017eia, kad \u201ePolestar\u201c per m\u0117nes\u012f u\u017efiksavo 154 pardavimus, o prie\u0161 metus \u2013 130, o auk\u0161\u010diausios kokyb\u0117s \u201ePolestar 3\u201c \u2013 d\u0117l dideli\u0173 kain\u0173 nuolaid\u0173 \u2013 geriausiai pasirod\u0117 su 78 pardavimais, aplenkdamas \u201ePolestar 4\u201c (66) ir \u201ePolestar 2\u201c (10).<\/span><\/p>\n<figure id=\"attachment_191831\" aria-describedby=\"caption-attachment-191831\" style=\"width: 1160px\" class=\"wp-caption aligncenter\"><img loading=\"lazy\" decoding=\"async\" class=\"wp-image-191831 size-large\" src=\"https:\/\/thedriven.io\/wp-content\/uploads\/2025\/11\/evc-october-1160x386.jpg\" alt=\"\" width=\"1160\" height=\"386\" srcset=\"https:\/\/thedriven.io\/wp-content\/uploads\/2025\/11\/evc-october-1160x386.jpg 1160w, https:\/\/thedriven.io\/wp-content\/uploads\/2025\/11\/evc-october-388x129.jpg 388w, https:\/\/thedriven.io\/wp-content\/uploads\/2025\/11\/evc-october-800x266.jpg 800w, https:\/\/thedriven.io\/wp-content\/uploads\/2025\/11\/evc-october-1536x511.jpg 1536w, https:\/\/thedriven.io\/wp-content\/uploads\/2025\/11\/evc-october-120x40.jpg 120w, https:\/\/thedriven.io\/wp-content\/uploads\/2025\/11\/evc-october-90x30.jpg 90w, https:\/\/thedriven.io\/wp-content\/uploads\/2025\/11\/evc-october-320x107.jpg 320w, https:\/\/thedriven.io\/wp-content\/uploads\/2025\/11\/evc-october-560x186.jpg 560w, https:\/\/thedriven.io\/wp-content\/uploads\/2025\/11\/evc-october-150x50.jpg 150w, https:\/\/thedriven.io\/wp-content\/uploads\/2025\/11\/evc-october-240x80.jpg 240w, https:\/\/thedriven.io\/wp-content\/uploads\/2025\/11\/evc-october-180x60.jpg 180w, https:\/\/thedriven.io\/wp-content\/uploads\/2025\/11\/evc-october-640x213.jpg 640w, https:\/\/thedriven.io\/wp-content\/uploads\/2025\/11\/evc-october-1120x373.jpg 1120w, https:\/\/thedriven.io\/wp-content\/uploads\/2025\/11\/evc-october-1600x533.jpg 1600w, https:\/\/thedriven.io\/wp-content\/uploads\/2025\/11\/evc-october-300x100.jpg 300w, https:\/\/thedriven.io\/wp-content\/uploads\/2025\/11\/evc-october.jpg 1850w\" sizes=\"auto, (max-width: 1160px) 100vw, 1160px\"\/><figcaption id=\"caption-attachment-191831\" class=\"wp-caption-text\">Ekrano kopija<\/figcaption><\/figure>\n<p><span style=\"font-weight: 400;\">Kadaise populiaraus sedano \u201ePolestar 2\u201c kritimas gali b\u016bti pasiruo\u0161imas atnaujintam 2026 met\u0173 modeliui, kuris, kaip tikimasi, nusileis artimiausiais m\u0117nesiais.<\/span><\/p>\n<p><span style=\"font-weight: 400;\">\u201eTesla\u201c pardavimai spal\u012f taip pat gali sul\u0117t\u0117ti, nes bendrov\u0117 laukia savo \u201eModel Y Performance\u201c varianto ir b\u016bsimo \u201eModel 3 Long Range RWD\u201c modelio, kuris bus ilgiausio nuotolio EV m\u016bs\u0173 rinkoje. <\/span><\/p>\n<p><span style=\"font-weight: 400;\">Spal\u012f taip pat suma\u017e\u0117jo \u201eTesla\u201c paskatos, pavyzd\u017eiui, anks\u010diau \u0161iais metais matytos premijos u\u017e prekyb\u0105, o tai i\u0161 dalies gal\u0117jo lemti \u0161\u012f sul\u0117t\u0117jim\u0105.<\/span><\/p>\n<p><span style=\"font-weight: 400;\">Tik\u0117tina, kad visas poveikis rinkai pasireik\u0161 artimiausiomis dienomis, kai gausime FCAI duomenis apie kit\u0173 preki\u0173 \u017eenkl\u0173 veikl\u0105 per m\u0117nes\u012f. Ankstyvieji duomenys atskleid\u017eia sul\u0117t\u0117jim\u0105, tod\u0117l tikim\u0117s, kad galutiniai skai\u010diai parodys, kad visu baterijomis naudojam\u0173 elektromobili\u0173 rinkos dalis bus ma\u017edaug 8 %, palyginti su pastaraisiais m\u0117nesiais daugiau nei 10 procent\u0173.<\/span><\/p>\n<p>Per\u017ei\u016br\u0117kite daugiau duomen\u0173 \u201eThe Driven\u201c m\u0117nesio duomen\u0173 baz\u0117je: Australijos elektromobili\u0173 pardavimas pagal m\u0117nes\u012f 2025 m. \u2013 pagal model\u012f ir prek\u0117s \u017eenkl\u0105<\/p>\n<p><!-- AI CONTENT END 1 --><\/p><\/div>\n<p><br \/>\n<br \/><a href=\"https:\/\/thedriven.io\/2025\/11\/04\/tesla-sales-slump-in-october-as-model-3-numbers-hit-lowest-level-in-years\/\">Source link <\/a><\/p>\n","protected":false},"excerpt":{"rendered":"<p>Pirmaujan\u010dio Australijos elektromobili\u0173 prek\u0117s \u017eenklo \u201eTesla\u201c pardavimai spal\u012f smuko \u2013 po \u012fprast\u0173 s\u0117kming\u0173 rugs\u0117j\u012f ketvir\u010dio pabaigos rezultat\u0173 \u2013 \u201eModel 3\u201c&hellip;<\/p>\n","protected":false},"author":1,"featured_media":2284,"comment_status":"open","ping_status":"open","sticky":false,"template":"","format":"standard","meta":{"om_disable_all_campaigns":false,"_monsterinsights_skip_tracking":false,"_monsterinsights_sitenote_active":false,"_monsterinsights_sitenote_note":"","_monsterinsights_sitenote_category":0,"footnotes":""},"categories":[39],"tags":[434,1283,616,116,485,901,2245,4345,4343,4342,14,4344],"class_list":["post-2608","post","type-post","status-publish","format-standard","has-post-thumbnail","hentry","category-eautomobiliu-technine-puse","tag-lygi","tag-metus","tag-model","tag-nes","tag-numeriai","tag-pardavimai","tag-pasieke","tag-pastaruosius","tag-smuko","tag-spali","tag-tesla","tag-zemiausia"],"aioseo_notices":[],"yoast_head":"<!-- This site is optimized with the Yoast SEO plugin v26.8 - https:\/\/yoast.com\/product\/yoast-seo-wordpress\/ -->\n<title>\u201eTesla\u201c pardavimai spal\u012f smuko, nes \u201eModel 3\u201c numeriai pasiek\u0117 \u017eemiausi\u0105 lyg\u012f per pastaruosius metus - Eautomobiliai.lt<\/title>\n<meta name=\"robots\" content=\"index, follow, max-snippet:-1, max-image-preview:large, max-video-preview:-1\" \/>\n<link rel=\"canonical\" href=\"https:\/\/eautomobiliai.lt\/index.php\/2025\/11\/05\/tesla-pardavimai-spali-smuko-nes-model-3-numeriai-pasieke-zemiausia-lygi-per-pastaruosius-metus\/\" \/>\n<meta property=\"og:locale\" content=\"lt_LT\" \/>\n<meta property=\"og:type\" content=\"article\" \/>\n<meta property=\"og:title\" content=\"\u201eTesla\u201c pardavimai spal\u012f smuko, nes \u201eModel 3\u201c numeriai pasiek\u0117 \u017eemiausi\u0105 lyg\u012f per pastaruosius metus - Eautomobiliai.lt\" \/>\n<meta property=\"og:description\" content=\"Pirmaujan\u010dio Australijos elektromobili\u0173 prek\u0117s \u017eenklo \u201eTesla\u201c pardavimai spal\u012f smuko \u2013 po \u012fprast\u0173 s\u0117kming\u0173 rugs\u0117j\u012f ketvir\u010dio pabaigos rezultat\u0173 \u2013 \u201eModel 3\u201c&hellip;\" \/>\n<meta property=\"og:url\" content=\"https:\/\/eautomobiliai.lt\/index.php\/2025\/11\/05\/tesla-pardavimai-spali-smuko-nes-model-3-numeriai-pasieke-zemiausia-lygi-per-pastaruosius-metus\/\" \/>\n<meta property=\"og:site_name\" content=\"Eautomobiliai.lt\" \/>\n<meta property=\"article:published_time\" content=\"2025-11-05T01:38:34+00:00\" \/>\n<meta property=\"og:image\" content=\"https:\/\/eautomobiliai.lt\/wp-content\/uploads\/2025\/10\/\u201eTesla-Model-Y-atgimimas.jpg\" \/>\n\t<meta property=\"og:image:width\" content=\"1200\" \/>\n\t<meta property=\"og:image:height\" content=\"900\" \/>\n\t<meta property=\"og:image:type\" content=\"image\/jpeg\" \/>\n<meta name=\"author\" content=\"admin\" \/>\n<meta name=\"twitter:card\" content=\"summary_large_image\" \/>\n<meta name=\"twitter:label1\" content=\"Written by\" \/>\n\t<meta name=\"twitter:data1\" content=\"admin\" \/>\n\t<meta name=\"twitter:label2\" content=\"Est. reading time\" \/>\n\t<meta name=\"twitter:data2\" content=\"2 minut\u0117s\" \/>\n<script type=\"application\/ld+json\" class=\"yoast-schema-graph\">{\"@context\":\"https:\/\/schema.org\",\"@graph\":[{\"@type\":\"Article\",\"@id\":\"https:\/\/eautomobiliai.lt\/index.php\/2025\/11\/05\/tesla-pardavimai-spali-smuko-nes-model-3-numeriai-pasieke-zemiausia-lygi-per-pastaruosius-metus\/#article\",\"isPartOf\":{\"@id\":\"https:\/\/eautomobiliai.lt\/index.php\/2025\/11\/05\/tesla-pardavimai-spali-smuko-nes-model-3-numeriai-pasieke-zemiausia-lygi-per-pastaruosius-metus\/\"},\"author\":{\"name\":\"admin\",\"@id\":\"http:\/\/eautomobiliai.lt\/#\/schema\/person\/ecf2a967f361217d056061f74deb92f2\"},\"headline\":\"\u201eTesla\u201c pardavimai spal\u012f smuko, nes \u201eModel 3\u201c numeriai pasiek\u0117 \u017eemiausi\u0105 lyg\u012f per pastaruosius metus\",\"datePublished\":\"2025-11-05T01:38:34+00:00\",\"mainEntityOfPage\":{\"@id\":\"https:\/\/eautomobiliai.lt\/index.php\/2025\/11\/05\/tesla-pardavimai-spali-smuko-nes-model-3-numeriai-pasieke-zemiausia-lygi-per-pastaruosius-metus\/\"},\"wordCount\":415,\"commentCount\":0,\"image\":{\"@id\":\"https:\/\/eautomobiliai.lt\/index.php\/2025\/11\/05\/tesla-pardavimai-spali-smuko-nes-model-3-numeriai-pasieke-zemiausia-lygi-per-pastaruosius-metus\/#primaryimage\"},\"thumbnailUrl\":\"http:\/\/eautomobiliai.lt\/wp-content\/uploads\/2025\/10\/\u201eTesla-Model-Y-atgimimas.jpg\",\"keywords\":[\"lyg\u012f\",\"metus\",\"Model\",\"nes\",\"numeriai\",\"pardavimai\",\"pasiek\u0117\",\"pastaruosius\",\"smuko\",\"spal\u012f\",\"Tesla\",\"\u017eemiausi\u0105\"],\"articleSection\":[\"eAUTOMOBILI\u0172 TECHNIN\u0116 PUS\u0116\"],\"inLanguage\":\"lt-LT\",\"potentialAction\":[{\"@type\":\"CommentAction\",\"name\":\"Comment\",\"target\":[\"https:\/\/eautomobiliai.lt\/index.php\/2025\/11\/05\/tesla-pardavimai-spali-smuko-nes-model-3-numeriai-pasieke-zemiausia-lygi-per-pastaruosius-metus\/#respond\"]}]},{\"@type\":\"WebPage\",\"@id\":\"https:\/\/eautomobiliai.lt\/index.php\/2025\/11\/05\/tesla-pardavimai-spali-smuko-nes-model-3-numeriai-pasieke-zemiausia-lygi-per-pastaruosius-metus\/\",\"url\":\"https:\/\/eautomobiliai.lt\/index.php\/2025\/11\/05\/tesla-pardavimai-spali-smuko-nes-model-3-numeriai-pasieke-zemiausia-lygi-per-pastaruosius-metus\/\",\"name\":\"\u201eTesla\u201c pardavimai spal\u012f smuko, nes \u201eModel 3\u201c numeriai pasiek\u0117 \u017eemiausi\u0105 lyg\u012f per pastaruosius metus - Eautomobiliai.lt\",\"isPartOf\":{\"@id\":\"http:\/\/eautomobiliai.lt\/#website\"},\"primaryImageOfPage\":{\"@id\":\"https:\/\/eautomobiliai.lt\/index.php\/2025\/11\/05\/tesla-pardavimai-spali-smuko-nes-model-3-numeriai-pasieke-zemiausia-lygi-per-pastaruosius-metus\/#primaryimage\"},\"image\":{\"@id\":\"https:\/\/eautomobiliai.lt\/index.php\/2025\/11\/05\/tesla-pardavimai-spali-smuko-nes-model-3-numeriai-pasieke-zemiausia-lygi-per-pastaruosius-metus\/#primaryimage\"},\"thumbnailUrl\":\"http:\/\/eautomobiliai.lt\/wp-content\/uploads\/2025\/10\/\u201eTesla-Model-Y-atgimimas.jpg\",\"datePublished\":\"2025-11-05T01:38:34+00:00\",\"author\":{\"@id\":\"http:\/\/eautomobiliai.lt\/#\/schema\/person\/ecf2a967f361217d056061f74deb92f2\"},\"breadcrumb\":{\"@id\":\"https:\/\/eautomobiliai.lt\/index.php\/2025\/11\/05\/tesla-pardavimai-spali-smuko-nes-model-3-numeriai-pasieke-zemiausia-lygi-per-pastaruosius-metus\/#breadcrumb\"},\"inLanguage\":\"lt-LT\",\"potentialAction\":[{\"@type\":\"ReadAction\",\"target\":[\"https:\/\/eautomobiliai.lt\/index.php\/2025\/11\/05\/tesla-pardavimai-spali-smuko-nes-model-3-numeriai-pasieke-zemiausia-lygi-per-pastaruosius-metus\/\"]}]},{\"@type\":\"ImageObject\",\"inLanguage\":\"lt-LT\",\"@id\":\"https:\/\/eautomobiliai.lt\/index.php\/2025\/11\/05\/tesla-pardavimai-spali-smuko-nes-model-3-numeriai-pasieke-zemiausia-lygi-per-pastaruosius-metus\/#primaryimage\",\"url\":\"http:\/\/eautomobiliai.lt\/wp-content\/uploads\/2025\/10\/\u201eTesla-Model-Y-atgimimas.jpg\",\"contentUrl\":\"http:\/\/eautomobiliai.lt\/wp-content\/uploads\/2025\/10\/\u201eTesla-Model-Y-atgimimas.jpg\",\"width\":1200,\"height\":900},{\"@type\":\"BreadcrumbList\",\"@id\":\"https:\/\/eautomobiliai.lt\/index.php\/2025\/11\/05\/tesla-pardavimai-spali-smuko-nes-model-3-numeriai-pasieke-zemiausia-lygi-per-pastaruosius-metus\/#breadcrumb\",\"itemListElement\":[{\"@type\":\"ListItem\",\"position\":1,\"name\":\"Home\",\"item\":\"http:\/\/eautomobiliai.lt\/\"},{\"@type\":\"ListItem\",\"position\":2,\"name\":\"\u201eTesla\u201c pardavimai spal\u012f smuko, nes \u201eModel 3\u201c numeriai pasiek\u0117 \u017eemiausi\u0105 lyg\u012f per pastaruosius metus\"}]},{\"@type\":\"WebSite\",\"@id\":\"http:\/\/eautomobiliai.lt\/#website\",\"url\":\"http:\/\/eautomobiliai.lt\/\",\"name\":\"Eautomobiliai.lt\",\"description\":\"Elektrinis transportas, technologijos\",\"potentialAction\":[{\"@type\":\"SearchAction\",\"target\":{\"@type\":\"EntryPoint\",\"urlTemplate\":\"http:\/\/eautomobiliai.lt\/?s={search_term_string}\"},\"query-input\":{\"@type\":\"PropertyValueSpecification\",\"valueRequired\":true,\"valueName\":\"search_term_string\"}}],\"inLanguage\":\"lt-LT\"},{\"@type\":\"Person\",\"@id\":\"http:\/\/eautomobiliai.lt\/#\/schema\/person\/ecf2a967f361217d056061f74deb92f2\",\"name\":\"admin\",\"image\":{\"@type\":\"ImageObject\",\"inLanguage\":\"lt-LT\",\"@id\":\"http:\/\/eautomobiliai.lt\/#\/schema\/person\/image\/\",\"url\":\"https:\/\/secure.gravatar.com\/avatar\/6323379efae0c70c686c7905444d6bbd?s=96&d=mm&r=g\",\"contentUrl\":\"https:\/\/secure.gravatar.com\/avatar\/6323379efae0c70c686c7905444d6bbd?s=96&d=mm&r=g\",\"caption\":\"admin\"},\"sameAs\":[\"http:\/\/eautomobiliai.lt\"],\"url\":\"http:\/\/eautomobiliai.lt\/index.php\/author\/admin\/\"}]}<\/script>\n<!-- \/ Yoast SEO plugin. -->","yoast_head_json":{"title":"\u201eTesla\u201c pardavimai spal\u012f smuko, nes \u201eModel 3\u201c numeriai pasiek\u0117 \u017eemiausi\u0105 lyg\u012f per pastaruosius metus - Eautomobiliai.lt","robots":{"index":"index","follow":"follow","max-snippet":"max-snippet:-1","max-image-preview":"max-image-preview:large","max-video-preview":"max-video-preview:-1"},"canonical":"https:\/\/eautomobiliai.lt\/index.php\/2025\/11\/05\/tesla-pardavimai-spali-smuko-nes-model-3-numeriai-pasieke-zemiausia-lygi-per-pastaruosius-metus\/","og_locale":"lt_LT","og_type":"article","og_title":"\u201eTesla\u201c pardavimai spal\u012f smuko, nes \u201eModel 3\u201c numeriai pasiek\u0117 \u017eemiausi\u0105 lyg\u012f per pastaruosius metus - Eautomobiliai.lt","og_description":"Pirmaujan\u010dio Australijos elektromobili\u0173 prek\u0117s \u017eenklo \u201eTesla\u201c pardavimai spal\u012f smuko \u2013 po \u012fprast\u0173 s\u0117kming\u0173 rugs\u0117j\u012f ketvir\u010dio pabaigos rezultat\u0173 \u2013 \u201eModel 3\u201c&hellip;","og_url":"https:\/\/eautomobiliai.lt\/index.php\/2025\/11\/05\/tesla-pardavimai-spali-smuko-nes-model-3-numeriai-pasieke-zemiausia-lygi-per-pastaruosius-metus\/","og_site_name":"Eautomobiliai.lt","article_published_time":"2025-11-05T01:38:34+00:00","og_image":[{"width":1200,"height":900,"url":"https:\/\/eautomobiliai.lt\/wp-content\/uploads\/2025\/10\/\u201eTesla-Model-Y-atgimimas.jpg","type":"image\/jpeg"}],"author":"admin","twitter_card":"summary_large_image","twitter_misc":{"Written by":"admin","Est. reading time":"2 minut\u0117s"},"schema":{"@context":"https:\/\/schema.org","@graph":[{"@type":"Article","@id":"https:\/\/eautomobiliai.lt\/index.php\/2025\/11\/05\/tesla-pardavimai-spali-smuko-nes-model-3-numeriai-pasieke-zemiausia-lygi-per-pastaruosius-metus\/#article","isPartOf":{"@id":"https:\/\/eautomobiliai.lt\/index.php\/2025\/11\/05\/tesla-pardavimai-spali-smuko-nes-model-3-numeriai-pasieke-zemiausia-lygi-per-pastaruosius-metus\/"},"author":{"name":"admin","@id":"http:\/\/eautomobiliai.lt\/#\/schema\/person\/ecf2a967f361217d056061f74deb92f2"},"headline":"\u201eTesla\u201c pardavimai spal\u012f smuko, nes \u201eModel 3\u201c numeriai pasiek\u0117 \u017eemiausi\u0105 lyg\u012f per pastaruosius metus","datePublished":"2025-11-05T01:38:34+00:00","mainEntityOfPage":{"@id":"https:\/\/eautomobiliai.lt\/index.php\/2025\/11\/05\/tesla-pardavimai-spali-smuko-nes-model-3-numeriai-pasieke-zemiausia-lygi-per-pastaruosius-metus\/"},"wordCount":415,"commentCount":0,"image":{"@id":"https:\/\/eautomobiliai.lt\/index.php\/2025\/11\/05\/tesla-pardavimai-spali-smuko-nes-model-3-numeriai-pasieke-zemiausia-lygi-per-pastaruosius-metus\/#primaryimage"},"thumbnailUrl":"http:\/\/eautomobiliai.lt\/wp-content\/uploads\/2025\/10\/\u201eTesla-Model-Y-atgimimas.jpg","keywords":["lyg\u012f","metus","Model","nes","numeriai","pardavimai","pasiek\u0117","pastaruosius","smuko","spal\u012f","Tesla","\u017eemiausi\u0105"],"articleSection":["eAUTOMOBILI\u0172 TECHNIN\u0116 PUS\u0116"],"inLanguage":"lt-LT","potentialAction":[{"@type":"CommentAction","name":"Comment","target":["https:\/\/eautomobiliai.lt\/index.php\/2025\/11\/05\/tesla-pardavimai-spali-smuko-nes-model-3-numeriai-pasieke-zemiausia-lygi-per-pastaruosius-metus\/#respond"]}]},{"@type":"WebPage","@id":"https:\/\/eautomobiliai.lt\/index.php\/2025\/11\/05\/tesla-pardavimai-spali-smuko-nes-model-3-numeriai-pasieke-zemiausia-lygi-per-pastaruosius-metus\/","url":"https:\/\/eautomobiliai.lt\/index.php\/2025\/11\/05\/tesla-pardavimai-spali-smuko-nes-model-3-numeriai-pasieke-zemiausia-lygi-per-pastaruosius-metus\/","name":"\u201eTesla\u201c pardavimai spal\u012f smuko, nes \u201eModel 3\u201c numeriai pasiek\u0117 \u017eemiausi\u0105 lyg\u012f per pastaruosius metus - Eautomobiliai.lt","isPartOf":{"@id":"http:\/\/eautomobiliai.lt\/#website"},"primaryImageOfPage":{"@id":"https:\/\/eautomobiliai.lt\/index.php\/2025\/11\/05\/tesla-pardavimai-spali-smuko-nes-model-3-numeriai-pasieke-zemiausia-lygi-per-pastaruosius-metus\/#primaryimage"},"image":{"@id":"https:\/\/eautomobiliai.lt\/index.php\/2025\/11\/05\/tesla-pardavimai-spali-smuko-nes-model-3-numeriai-pasieke-zemiausia-lygi-per-pastaruosius-metus\/#primaryimage"},"thumbnailUrl":"http:\/\/eautomobiliai.lt\/wp-content\/uploads\/2025\/10\/\u201eTesla-Model-Y-atgimimas.jpg","datePublished":"2025-11-05T01:38:34+00:00","author":{"@id":"http:\/\/eautomobiliai.lt\/#\/schema\/person\/ecf2a967f361217d056061f74deb92f2"},"breadcrumb":{"@id":"https:\/\/eautomobiliai.lt\/index.php\/2025\/11\/05\/tesla-pardavimai-spali-smuko-nes-model-3-numeriai-pasieke-zemiausia-lygi-per-pastaruosius-metus\/#breadcrumb"},"inLanguage":"lt-LT","potentialAction":[{"@type":"ReadAction","target":["https:\/\/eautomobiliai.lt\/index.php\/2025\/11\/05\/tesla-pardavimai-spali-smuko-nes-model-3-numeriai-pasieke-zemiausia-lygi-per-pastaruosius-metus\/"]}]},{"@type":"ImageObject","inLanguage":"lt-LT","@id":"https:\/\/eautomobiliai.lt\/index.php\/2025\/11\/05\/tesla-pardavimai-spali-smuko-nes-model-3-numeriai-pasieke-zemiausia-lygi-per-pastaruosius-metus\/#primaryimage","url":"http:\/\/eautomobiliai.lt\/wp-content\/uploads\/2025\/10\/\u201eTesla-Model-Y-atgimimas.jpg","contentUrl":"http:\/\/eautomobiliai.lt\/wp-content\/uploads\/2025\/10\/\u201eTesla-Model-Y-atgimimas.jpg","width":1200,"height":900},{"@type":"BreadcrumbList","@id":"https:\/\/eautomobiliai.lt\/index.php\/2025\/11\/05\/tesla-pardavimai-spali-smuko-nes-model-3-numeriai-pasieke-zemiausia-lygi-per-pastaruosius-metus\/#breadcrumb","itemListElement":[{"@type":"ListItem","position":1,"name":"Home","item":"http:\/\/eautomobiliai.lt\/"},{"@type":"ListItem","position":2,"name":"\u201eTesla\u201c pardavimai spal\u012f smuko, nes \u201eModel 3\u201c numeriai pasiek\u0117 \u017eemiausi\u0105 lyg\u012f per pastaruosius metus"}]},{"@type":"WebSite","@id":"http:\/\/eautomobiliai.lt\/#website","url":"http:\/\/eautomobiliai.lt\/","name":"Eautomobiliai.lt","description":"Elektrinis transportas, technologijos","potentialAction":[{"@type":"SearchAction","target":{"@type":"EntryPoint","urlTemplate":"http:\/\/eautomobiliai.lt\/?s={search_term_string}"},"query-input":{"@type":"PropertyValueSpecification","valueRequired":true,"valueName":"search_term_string"}}],"inLanguage":"lt-LT"},{"@type":"Person","@id":"http:\/\/eautomobiliai.lt\/#\/schema\/person\/ecf2a967f361217d056061f74deb92f2","name":"admin","image":{"@type":"ImageObject","inLanguage":"lt-LT","@id":"http:\/\/eautomobiliai.lt\/#\/schema\/person\/image\/","url":"https:\/\/secure.gravatar.com\/avatar\/6323379efae0c70c686c7905444d6bbd?s=96&d=mm&r=g","contentUrl":"https:\/\/secure.gravatar.com\/avatar\/6323379efae0c70c686c7905444d6bbd?s=96&d=mm&r=g","caption":"admin"},"sameAs":["http:\/\/eautomobiliai.lt"],"url":"http:\/\/eautomobiliai.lt\/index.php\/author\/admin\/"}]}},"_links":{"self":[{"href":"http:\/\/eautomobiliai.lt\/index.php\/wp-json\/wp\/v2\/posts\/2608","targetHints":{"allow":["GET"]}}],"collection":[{"href":"http:\/\/eautomobiliai.lt\/index.php\/wp-json\/wp\/v2\/posts"}],"about":[{"href":"http:\/\/eautomobiliai.lt\/index.php\/wp-json\/wp\/v2\/types\/post"}],"author":[{"embeddable":true,"href":"http:\/\/eautomobiliai.lt\/index.php\/wp-json\/wp\/v2\/users\/1"}],"replies":[{"embeddable":true,"href":"http:\/\/eautomobiliai.lt\/index.php\/wp-json\/wp\/v2\/comments?post=2608"}],"version-history":[{"count":0,"href":"http:\/\/eautomobiliai.lt\/index.php\/wp-json\/wp\/v2\/posts\/2608\/revisions"}],"wp:featuredmedia":[{"embeddable":true,"href":"http:\/\/eautomobiliai.lt\/index.php\/wp-json\/wp\/v2\/media\/2284"}],"wp:attachment":[{"href":"http:\/\/eautomobiliai.lt\/index.php\/wp-json\/wp\/v2\/media?parent=2608"}],"wp:term":[{"taxonomy":"category","embeddable":true,"href":"http:\/\/eautomobiliai.lt\/index.php\/wp-json\/wp\/v2\/categories?post=2608"},{"taxonomy":"post_tag","embeddable":true,"href":"http:\/\/eautomobiliai.lt\/index.php\/wp-json\/wp\/v2\/tags?post=2608"}],"curies":[{"name":"wp","href":"https:\/\/api.w.org\/{rel}","templated":true}]}}