{"id":261,"date":"2025-03-26T02:37:33","date_gmt":"2025-03-26T02:37:33","guid":{"rendered":"https:\/\/eautomobiliai.lt\/index.php\/2025\/03\/26\/12-menesiu-su-kia-ev6-gt-padekite-hoonams-i-savo-vieta\/"},"modified":"2025-03-26T02:37:33","modified_gmt":"2025-03-26T02:37:33","slug":"12-menesiu-su-kia-ev6-gt-padekite-hoonams-i-savo-vieta","status":"publish","type":"post","link":"http:\/\/eautomobiliai.lt\/index.php\/2025\/03\/26\/12-menesiu-su-kia-ev6-gt-padekite-hoonams-i-savo-vieta\/","title":{"rendered":"12 m\u0117nesi\u0173 su \u201eKia EV6 GT\u201c &#8211; pad\u0117kite hoonams \u012f savo viet\u0105"},"content":{"rendered":"<p> <br \/>\n<\/p>\n<div>\n<p><br \/>\n<em>Prisiregistruokite gauti kasdieni\u0173 naujien\u0173 i\u0161 \u201eCleantechnica\u201c el. Pa\u0161tu. Arba sekite mus \u201eGoogle News\u201c!<\/em><\/p>\n<hr\/>\n<p class=\"last-updt-div\"><span class=\"last-updt-txt\">Paskutin\u012f kart\u0105 atnaujinta: <\/span><strong class=\"last-updt-date\">2024 m. Spalio 6 d., 13:47 <\/strong><\/p>\n<p>Mes susitikome su Shayne ir Amy Aberhart m\u016bs\u0173 \u201eBundaberg EV\u201c ekrane kaip dalis <em>Agrend.<\/em> Amy buvo ten, kur pri\u017ei\u016br\u0117jo pirmosios pagalbos dalyvi\u0173 poreikius, o Shayne v\u0117liau atvyko pabendrauti apie savo \u201eKia EV6 GT\u201c. S\u0117kmingame \u012fvyki\u0173 pos\u016bkyje Amy nutiko per m\u016bs\u0173 Tesl\u0105, kol ji ie\u0161kojo vietos pastatyti viet\u0105. Mes kalb\u0117jome, kad palikdama savo automobil\u012f b\u016bti m\u016bs\u0173 ekrano dalimi. Mums labai reik\u0117jo daugiau EV, nes tur\u0117jome tik savo \u201eTesla\u201c model\u012f 3 SR ir Johno Baldwino MG4, kad parodytume visuomenei.<\/p>\n<figure id=\"attachment_341180\" aria-describedby=\"caption-attachment-341180\" style=\"width: 1024px\" class=\"wp-caption aligncenter\"><img loading=\"lazy\" decoding=\"async\" class=\"wp-image-341180 size-full\" src=\"https:\/\/cleantechnica.com\/wp-content\/uploads\/2024\/10\/930ea89f-4616-4abf-a995-74bb40aa82b5.jpeg\" alt=\"Ev6\" width=\"1024\" height=\"731\" srcset=\"https:\/\/cleantechnica.com\/wp-content\/uploads\/2024\/10\/930ea89f-4616-4abf-a995-74bb40aa82b5.jpeg 1024w, https:\/\/cleantechnica.com\/wp-content\/uploads\/2024\/10\/930ea89f-4616-4abf-a995-74bb40aa82b5-400x286.jpeg 400w, https:\/\/cleantechnica.com\/wp-content\/uploads\/2024\/10\/930ea89f-4616-4abf-a995-74bb40aa82b5-800x571.jpeg 800w, https:\/\/cleantechnica.com\/wp-content\/uploads\/2024\/10\/930ea89f-4616-4abf-a995-74bb40aa82b5-768x548.jpeg 768w\" sizes=\"auto, (max-width: 1024px) 100vw, 1024px\"\/><figcaption id=\"caption-attachment-341180\" class=\"wp-caption-text\">\u201eTess\u201c ir \u201eKia EV6 GT\u201c Bundaberge. Nuotrauka sutiko su Majella Waterworth.<\/figcaption><\/figure>\n<p>Anks\u010diau trumpai pa\u017evelg\u0117me \u012f \u201eKia EV6 GT\u201c \u201eGympie\u201c, kur jis buvo laikomas geriausiu pasaulyje automobiliu. Ta\u010diau pardav\u0117jas tikrai nepa\u017einojo automobilio.<\/p>\n<figure id=\"attachment_341181\" aria-describedby=\"caption-attachment-341181\" style=\"width: 2048px\" class=\"wp-caption aligncenter\"><img loading=\"lazy\" decoding=\"async\" class=\"wp-image-341181 size-full\" src=\"https:\/\/cleantechnica.com\/wp-content\/uploads\/2024\/10\/EV-6-e1728227495359.jpg\" alt=\"\u201eKia EV 6Gt\u201c\" width=\"2048\" height=\"1276\" srcset=\"https:\/\/cleantechnica.com\/wp-content\/uploads\/2024\/10\/EV-6-e1728227495359.jpg 2048w, https:\/\/cleantechnica.com\/wp-content\/uploads\/2024\/10\/EV-6-e1728227495359-400x249.jpg 400w, https:\/\/cleantechnica.com\/wp-content\/uploads\/2024\/10\/EV-6-e1728227495359-800x498.jpg 800w, https:\/\/cleantechnica.com\/wp-content\/uploads\/2024\/10\/EV-6-e1728227495359-768x479.jpg 768w, https:\/\/cleantechnica.com\/wp-content\/uploads\/2024\/10\/EV-6-e1728227495359-1536x957.jpg 1536w\" sizes=\"auto, (max-width: 2048px) 100vw, 2048px\"\/><figcaption id=\"caption-attachment-341181\" class=\"wp-caption-text\">\u201eKia EV6 GT\u201c \u201eGympie\u201c. Nuotrauka sutiko su Majella Waterworth.<\/figcaption><\/figure>\n<p>Dabar buvo galimyb\u0117 pasikalb\u0117ti su tuo, kuris metus gyveno ir m\u0117gavosi \u201eKia EV6\u201c. Shayne pasidalino savo meile \u201eKia\u201c pokalbyje su Majella ir a\u0161 u\u017euod\u017eiau \u012fdom\u0173 straipsn\u012f, virt\u0105 mano galvoje, tod\u0117l \u010dia mes einame jo paties \u017eod\u017eiais:<\/p>\n<hr\/>\n<p><em>Autorius Shayne Aberhart<\/em><\/p>\n<p>Manau, prad\u0117siu nuo tam tikros pirmin\u0117s informacijos. A\u0161 daugiausia va\u017eiuoju motociklais-GSX-1300R ir ZX-14R. Kai kurios rekordin\u0117s ma\u0161inos, tod\u0117l j\u016bs suprantate, kad man patinka greitai eiti.<\/p>\n<p>A\u0161 pasirinkau \u201eKia EV6 GT\u201c, nes nor\u0117jau greitai eiti ir smagiai praleisti laik\u0105, i\u0161laikydamas pakankamai subtil\u0173 i\u0161vaizd\u0105, kad gal\u0117\u010diau susimai\u0161yti, ta\u010diau pakankamai slidus, kad did\u017eiuot\u0173si, kad tur\u0117tum atskirai. Mano partneris nor\u0117jo automobilio, kuriame ji gal\u0117t\u0173 labiau tilpti ir tur\u0117ti daugiau galimybi\u0173, nei senasis 2007 m. Nuo to laiko mes pardav\u0117me \u201eChrysler\u201c ir pasikliaujame tik \u201eEV6\u201c, nes ma\u017edaug po 6 m\u0117nesi\u0173 visi\u0161ko tik\u0117jimo. A\u0161 pirmiausia dirbu namuose su antru darbu, tod\u0117l n\u0117ra gin\u010dytis d\u0117l to, kas j\u012f priima t\u0105 dien\u0105, ta\u010diau kai mes kartu i\u0161einame, a\u0161 visada reikalauju vairuoti. Tai tiesiog per daug smagu.<\/p>\n<figure id=\"attachment_341182\" aria-describedby=\"caption-attachment-341182\" style=\"width: 1578px\" class=\"wp-caption aligncenter\"><img loading=\"lazy\" decoding=\"async\" class=\"wp-image-341182 size-full\" src=\"https:\/\/cleantechnica.com\/wp-content\/uploads\/2024\/10\/f0ce717e-a621-4b5a-b642-18b23d332069.jpg\" alt=\"\u201eKia EV 6 GT\u201c\" width=\"1578\" height=\"2048\" srcset=\"https:\/\/cleantechnica.com\/wp-content\/uploads\/2024\/10\/f0ce717e-a621-4b5a-b642-18b23d332069.jpg 1578w, https:\/\/cleantechnica.com\/wp-content\/uploads\/2024\/10\/f0ce717e-a621-4b5a-b642-18b23d332069-308x400.jpg 308w, https:\/\/cleantechnica.com\/wp-content\/uploads\/2024\/10\/f0ce717e-a621-4b5a-b642-18b23d332069-616x800.jpg 616w, https:\/\/cleantechnica.com\/wp-content\/uploads\/2024\/10\/f0ce717e-a621-4b5a-b642-18b23d332069-768x997.jpg 768w, https:\/\/cleantechnica.com\/wp-content\/uploads\/2024\/10\/f0ce717e-a621-4b5a-b642-18b23d332069-1184x1536.jpg 1184w\" sizes=\"auto, (max-width: 1578px) 100vw, 1578px\"\/><figcaption id=\"caption-attachment-341182\" class=\"wp-caption-text\">Eevee, Shayne ir Amy&#8217;s Kia EV 6 Gt. Nuotrauka mandagiai Majella Waterworth<\/figcaption><\/figure>\n<p>Per savait\u0119 pa\u017evelg\u0117me \u012f kelet\u0105 automobili\u0173, ypa\u010d WRX STI. Po \u0161io bandymo vairavimo pardav\u0117jas paklaus\u0117, kaip buvo. \u201eNe\u012ftik\u0117tinai priblo\u0161kiantis\u201c, a\u0161 pasitik\u0117jau savimi ir mano atsakymas sukr\u0117t\u0117 varg\u0161\u0105 vaikin\u0105. J\u016bs tik\u0117tum\u0117te, kad ka\u017ekas su LTI \u017eenkleliu pakils ir i\u0161eis i\u0161 vart\u0173 kaip i\u0161prot\u0117j\u0119s jautis misijoje, ta\u010diau vietoj to jis tiesiog m\u0117tytas kaip su\u017eeista karv\u0117. A\u0161 taip pat vairavau \u201eHyundai Kona\u201c\u2026. Bet mes apie tai nekalb\u0117sime.<\/p>\n<p>Nebuvo daug kit\u0173 automobili\u0173, kurie netgi gal\u0117t\u0173 palyginti. \u201eTeslas\u201c aplink miest\u0105 buvo visi naudingi ir, mano manymu, pakeit\u0117 Holdeno komodor\u0105 populiarum\u0105 aplink miestus. Nor\u0117jau to, ko da\u017enai nema\u010diau. \u201eHyundai Ioniq 5\u201c su savo retro-futuristine i\u0161vaizda ir \u201eInoiq 6\u201c buvo artimas antrasis ir tre\u010diasis pasirinkimas. Keletas pastebim\u0173 variant\u0173 buvo \u201eJaguar E-Pace\u201c ir net \u201eRange Rover Hybrid\u201c, kurio, deja, mes nei\u0161band\u0117me.<\/p>\n<p>M\u016bs\u0173 darbas susideda i\u0161 to, kad kartais b\u016btinas ankstyv\u0105 ryt\u0105, o \u201eKia EV6 GT\u201c puikiai tinka nakt\u012f snigti, netrukdant kaimynams ar net vietiniams rajono augintiniams.<\/p>\n<p>Amy ir a\u0161 dirbame laidojimo re\u017eisieriais. Amy vis\u0105 dien\u0105 dirba, susitikdama su \u0161eimomis, pramon\u0117s partneriais ir daug kart\u0173 per dien\u0105 keliaudamas i\u0161 keli\u0173 svetaini\u0173. A\u0161 padedu atlikti naktines pareigas kartu su Amy ir mes tai darome kartu daugiau nei 10 met\u0173. Dienos metu automobilis paprastai s\u0117di automobili\u0173 stov\u0117jimo aik\u0161tel\u0117je aplink labai pasiturin\u010dius pastatus, tod\u0117l jis labai gerai tinka tarp kai kuri\u0173 auk\u0161tos \u201eMercedes\u201c, \u201eBMW\u201c ir \u201ePorsche\u201c automobili\u0173. Darbo paslaug\u0173 metu jis netgi naudoja kolegas, nor\u0117damas pasl\u0117pti, netrukdant byloms. Bet mes esame tikri, kad jie tiesiog nori pasiteisinimo j\u012f vairuoti.<\/p>\n<p>Ra\u0161ydami tai beveik vieneri metai, mes automobil\u012f (meiliai vadinam\u0105 Eevee) tur\u0117jome beveik vienerius metus ir n\u0117 akimirkos nesigail\u0117jome.<\/p>\n<p>Mokestis niekada nebuvo problema. Niekada nebuvo sugautas niekur viduryje, ir kiekvienas kitas \u201eEV\u201c savininkas arba pereis prie kito \u012fkroviklio ar\u010diau savo kelion\u0117s tikslo, jei mums tikrai reik\u0117jo apmokestinti arba niekas nebuvo prie sto\u010di\u0173, ir tai buvo v\u0117jas.<\/p>\n<p>Sta\u010di\u0173 \u012fkrovimo tr\u016bkumas n\u0117ra problema, nes a\u0161 tikiu, kad j\u016bs \u017einote. Tai yra didelio galingumo \u012fkrovimo sto\u010di\u0173 tr\u016bkumas, tai yra problema. Vis d\u0117lto a\u0161 neturiu problem\u0173 vaik\u0161\u010dioti aplink ir griebtis kavos ar greitai pa\u0161aro, kai tyrin\u0117ju vietin\u0119 teritorij\u0105.<\/p>\n<p>Dideli atstumai iki viet\u0173, kuri\u0173 niekada nebuvau automobilyje, gali b\u016bti \u0161iek tiek nerv\u0173 statymas, ta\u010diau kai tik tai padarysite ir suplanavote mar\u0161rut\u0105, tie r\u016bpes\u010diai kit\u0105 kart\u0105 i\u0161nyks.<\/p>\n<p>\u017dmon\u0117s vis\u0105 laik\u0105 komentuoja automobil\u012f, nori su\u017einoti, kas tai yra, diapazonas, patogumai ir kt.<\/p>\n<p>Ir i\u0161vaizda i\u0161 p\u0117s\u010di\u0173j\u0173 tako visada skatina ego, tiesiog nor\u0117\u010diau, kad a\u0161 tur\u0117\u010diau varikl\u012f, kad gal\u0117\u010diau apsisaugoti. Bet \u201eMeridian\u201c garso sistema yra auk\u0161\u010diausia pakopos, labai maloni ausims, ir a\u0161 \u017einau, kad jie visada gali i\u0161girsti, kaip baga\u017ein\u0117je i\u0161 ma\u017eo \u017eem\u0173 da\u017eni\u0173 garsiakalbio sklinda d\u016bzgimas.<\/p>\n<p>A\u0161 pri\u0117miau daugyb\u0119 automobili\u0173 entuziast\u0173 (tiek japon\u0173, tiek raumen\u0173)-naujesni vairuotojai, kurie yra nepatyr\u0119 ir tiki, kad j\u0173 automobiliai yra greitesni nei garso, da\u017eniausiai sportuoja P-plok\u0161tel\u0119 ant savo automobilio ir nema\u017eai motocikl\u0173, kad gal\u0117t\u0173 tempti-nes a\u0161 j\u012f tur\u0117jau. \u201eKia\u201c tvarko kaip kalnelius ir kyla kaip supjaustyta gyvat\u0117. V\u0117liau visada susitikdavo su \u0161ypsenomis ir tokiais komentaruose kaip \u201e\u0160ventasis s#*t tas dalykas yra greitas\u201c.<\/p>\n<p>Buvimas ma\u017eame miestelyje nesuk\u0117l\u0117 daug klausim\u0173. A\u0161 galiu patekti i\u0161 vienos pus\u0117s \u012f kit\u0105 naudodamas \u201eStop-Go\u201c sraut\u0105, o automobilis naudoja tik 5% akumuliatori\u0173. Bet tai yra santykin\u0117 ir priklausoma nuo temperat\u016bros, oro kondicionieriaus naudojimo ir ar a\u0161 nusprend\u017eiu kada nors j\u012f i\u0161imti i\u0161 sportinio re\u017eimo.<\/p>\n<p>Ties\u0105 sakant, matau, kad daug \u201eKia EV6\u201c, einan\u010di\u0173 aplink miest\u0105, bet tik bazinius modelius ir jie turi vyriausybines plok\u0161teles &#8230; paprastai stovi ligonin\u0117je ar Transporto departamente.<\/p>\n<p>D\u017eiaugiuosi, kad policija pradeda ie\u0161koti EV savo automobili\u0173. Jie neatsiliks nuo beveik visko kelyje su \u017eemu sunkio centru, ta\u010diau geltona spalva tikriausiai privers mane juoktis, jei pamatysiu vien\u0105 asmeni\u0161kai. Tai tiesiog n\u0117ra \u017eavus EV6 vaizdas.<\/p>\n<p>Kai pirm\u0105 kart\u0105 gavau automobil\u012f, a\u0161 pasi\u0117miau savo pensininko policijos draug\u0105 pasiva\u017ein\u0117ti joje ir jis nupl\u0117\u0161\u0117 jo kojines, jis negal\u0117jo patik\u0117ti, kad tai buvo greitai i\u0161 salono grind\u0173.<\/p>\n<p>A\u0161 taip pat pasi\u0117miau savo pasiturint\u012f bos\u0105 pasiva\u017ein\u0117ti, o dabar jis to nori. Jis net pasak\u0117: \u201eJ\u016bs sumok\u0117tum\u0117te u\u017e geriausi\u0105 dolerio\u201e Porsche \u201c, kad gautum\u0117te skland\u0173 ir greit\u0105 va\u017eiavim\u0105\u201c. Po \u0161ios patirties a\u0161 visada liepiu \u017emon\u0117ms u\u017ed\u0117ti galv\u0105 ant galvos atramos, prie\u0161 parodydamas jiems, k\u0105 ji gali padaryti.<\/p>\n<figure id=\"attachment_341183\" aria-describedby=\"caption-attachment-341183\" style=\"width: 2560px\" class=\"wp-caption aligncenter\"><img loading=\"lazy\" decoding=\"async\" class=\"wp-image-341183 size-full\" src=\"https:\/\/cleantechnica.com\/wp-content\/uploads\/2024\/10\/1000002291-scaled.jpg\" alt=\"\u201eKia EV 6 GT\u201c\" width=\"2560\" height=\"1196\" srcset=\"https:\/\/cleantechnica.com\/wp-content\/uploads\/2024\/10\/1000002291-scaled.jpg 2560w, https:\/\/cleantechnica.com\/wp-content\/uploads\/2024\/10\/1000002291-400x187.jpg 400w, https:\/\/cleantechnica.com\/wp-content\/uploads\/2024\/10\/1000002291-800x374.jpg 800w, https:\/\/cleantechnica.com\/wp-content\/uploads\/2024\/10\/1000002291-768x359.jpg 768w, https:\/\/cleantechnica.com\/wp-content\/uploads\/2024\/10\/1000002291-1536x717.jpg 1536w, https:\/\/cleantechnica.com\/wp-content\/uploads\/2024\/10\/1000002291-2048x956.jpg 2048w\" sizes=\"auto, (max-width: 2560px) 100vw, 2560px\"\/><figcaption id=\"caption-attachment-341183\" class=\"wp-caption-text\">Eevee namuose. Nuotrauka sutiko su Majella Waterworth.<\/figcaption><\/figure>\n<p>Visada esu mano linksmas hoono seansas ir \u201eXR6 Turbos\u201c \u012fd\u0117jimas \u012f viet\u0105. Bet jei a\u0161 noriu parodyti, b\u016bkite nepatog\u016bs, mu\u0161kite bet k\u0105 kelyje ir pab\u0117gs &#8230; tai bus dvira\u010diai.<\/p>\n<hr\/>\n<p>A\u010di\u016b, Amy ir Shayne &#8211; atrodo, kad Kvinslando policija klaus\u0117si. Per\u017ei\u016br\u0117kite naujien\u0173 ataskait\u0105 \u0161iame vaizdo \u012fra\u0161e. Gali b\u016bti verta kainuoti biliet\u0105, kur\u012f bus galima perkelti \u012f vien\u0105 i\u0161 j\u0173. Regioniniame Bundabergo mieste ateitis yra \u0161viesi ir elektrin\u0117.<\/p>\n<div class=\"afterpost\">\n<p><em>Nesvarbu, ar turite saul\u0117s energijos, ar ne, u\u017epildykite m\u016bs\u0173 naujausi\u0105 saul\u0117s energijos tyrim\u0105.<\/em><\/p>\n<hr\/>\n<p><a href=\"https:\/\/www.youtube.com\/watch?v=isuboa4swoa\">https:\/\/www.youtube.com\/watch?v=isuboa4swoa<\/a><\/p>\n<hr\/>\n<p><strong><em>I\u0161meskite kelet\u0105 doleri\u0173 per m\u0117nes\u012f, kad pad\u0117tum\u0117te palaikyti nepriklausom\u0105 \u201eCleantech\u201c apr\u0117pt\u012f, kuri padeda pagreitinti \u201eCleantech\u201c revoliucij\u0105!<\/em><\/strong><\/p>\n<hr\/>\n<p><em>Ar turite patarim\u0105 \u201eCleantechnica\u201c? Norite reklamuotis? Norite pasi\u016blyti sve\u010di\u0105 m\u016bs\u0173 \u201eCleanTech Talk Podcast\u201c? Susisiekite su mumis \u010dia.<\/em><\/p>\n<hr\/>\n<p><em>Prisiregistruokite prie m\u016bs\u0173 kasdienio informacinio biuletenio apie 15 nauj\u0173 \u201eCleantech\u201c istorij\u0173 per dien\u0105. Arba prisiregistruokite \u012f m\u016bs\u0173 savaitin\u012f, jei kasdien yra per da\u017ena.<\/em><\/p>\n<hr\/>\n<p><center><bold>Skelbimas<\/bold><\/center><\/p>\n<p><center><!-- CT new after-post -->&#13;<br \/>\n&#13;<br \/>\n<\/center> <\/p>\n<hr\/>\n<p><em><span style=\"font-weight: 400;\">\u201eCleantechnica\u201c naudoja filial\u0173 nuorodas. Per\u017ei\u016br\u0117kite m\u016bs\u0173 politik\u0105 \u010dia.<\/span><\/em><\/p>\n<p><b><em>\u201eCleantechnica\u201c komentar\u0173 politika<\/em><\/b><\/p>\n<hr\/>\n<\/div>\n<\/div>\n<p><script>\n!function(f,b,e,v,n,t,s)\n{if(f.fbq)return;n=f.fbq=function(){n.callMethod?\nn.callMethod.apply(n,arguments):n.queue.push(arguments)};\nif(!f._fbq)f._fbq=n;n.push=n;n.loaded=!0;n.version='2.0';\nn.queue=();t=b.createElement(e);t.async=!0;\nt.src=v;s=b.getElementsByTagName(e)(0);\ns.parentNode.insertBefore(t,s)}(window, document,'script',\n'https:\/\/connect.facebook.net\/en_US\/fbevents.js');\nfbq('init', '1020645035249848');\nfbq('track', 'PageView');\n<\/script><script>\n  window.fbAsyncInit = function() {\n    FB.init({\n      appId      : '{your-app-id}',\n      cookie     : true,\n      xfbml      : true,\n      version    : '{api-version}'\n    });\n    FB.AppEvents.logPageView();   \n  };\n  (function(d, s, id){\n     var js, fjs = d.getElementsByTagName(s)(0);\n     if (d.getElementById(id)) {return;}\n     js = d.createElement(s); js.id = id;\n     js.src = \"https:\/\/connect.facebook.net\/en_US\/sdk.js\";\n     fjs.parentNode.insertBefore(js, fjs);\n   }(document, 'script', 'facebook-jssdk'));\n<\/script><br \/>\n<br \/><br \/>\n<br \/><a href=\"https:\/\/cleantechnica.com\/2024\/10\/06\/twelve-months-with-a-kia-ev6-gt-putting-the-hoons-in-their-place\/\">Source link <\/a><\/p>\n","protected":false},"excerpt":{"rendered":"<p>Prisiregistruokite gauti kasdieni\u0173 naujien\u0173 i\u0161 \u201eCleantechnica\u201c el. Pa\u0161tu. Arba sekite mus \u201eGoogle News\u201c! Paskutin\u012f kart\u0105 atnaujinta: 2024 m. Spalio 6&hellip;<\/p>\n","protected":false},"author":1,"featured_media":262,"comment_status":"open","ping_status":"open","sticky":false,"template":"","format":"standard","meta":{"om_disable_all_campaigns":false,"_monsterinsights_skip_tracking":false,"_monsterinsights_sitenote_active":false,"_monsterinsights_sitenote_note":"","_monsterinsights_sitenote_category":0,"footnotes":""},"categories":[8],"tags":[730,732,121,729,731,183,733],"class_list":["post-261","post","type-post","status-publish","format-standard","has-post-thumbnail","hentry","category-elektriniai-automobiliai","tag-ev6","tag-hoonams","tag-kia","tag-menesiu","tag-padekite","tag-savo","tag-vieta"],"aioseo_notices":[],"yoast_head":"<!-- This site is optimized with the Yoast SEO plugin v26.8 - https:\/\/yoast.com\/product\/yoast-seo-wordpress\/ -->\n<title>12 m\u0117nesi\u0173 su \u201eKia EV6 GT\u201c - pad\u0117kite hoonams \u012f savo viet\u0105 - Eautomobiliai.lt<\/title>\n<meta name=\"robots\" content=\"index, follow, max-snippet:-1, max-image-preview:large, max-video-preview:-1\" \/>\n<link rel=\"canonical\" href=\"https:\/\/eautomobiliai.lt\/index.php\/2025\/03\/26\/12-menesiu-su-kia-ev6-gt-padekite-hoonams-i-savo-vieta\/\" \/>\n<meta property=\"og:locale\" content=\"lt_LT\" \/>\n<meta property=\"og:type\" content=\"article\" \/>\n<meta property=\"og:title\" content=\"12 m\u0117nesi\u0173 su \u201eKia EV6 GT\u201c - pad\u0117kite hoonams \u012f savo viet\u0105 - Eautomobiliai.lt\" \/>\n<meta property=\"og:description\" content=\"Prisiregistruokite gauti kasdieni\u0173 naujien\u0173 i\u0161 \u201eCleantechnica\u201c el. Pa\u0161tu. Arba sekite mus \u201eGoogle News\u201c! Paskutin\u012f kart\u0105 atnaujinta: 2024 m. Spalio 6&hellip;\" \/>\n<meta property=\"og:url\" content=\"https:\/\/eautomobiliai.lt\/index.php\/2025\/03\/26\/12-menesiu-su-kia-ev6-gt-padekite-hoonams-i-savo-vieta\/\" \/>\n<meta property=\"og:site_name\" content=\"Eautomobiliai.lt\" \/>\n<meta property=\"article:published_time\" content=\"2025-03-26T02:37:33+00:00\" \/>\n<meta property=\"og:image\" content=\"https:\/\/eautomobiliai.lt\/wp-content\/uploads\/2025\/03\/12-menesiu-su-\u201eKia-EV6-GT-padekite-hoonams-i.jpg\" \/>\n\t<meta property=\"og:image:width\" content=\"1600\" \/>\n\t<meta property=\"og:image:height\" content=\"890\" \/>\n\t<meta property=\"og:image:type\" content=\"image\/jpeg\" \/>\n<meta name=\"author\" content=\"admin\" \/>\n<meta name=\"twitter:card\" content=\"summary_large_image\" \/>\n<meta name=\"twitter:label1\" content=\"Written by\" \/>\n\t<meta name=\"twitter:data1\" content=\"admin\" \/>\n\t<meta name=\"twitter:label2\" content=\"Est. reading time\" \/>\n\t<meta name=\"twitter:data2\" content=\"7 minut\u0117s\" \/>\n<script type=\"application\/ld+json\" class=\"yoast-schema-graph\">{\"@context\":\"https:\/\/schema.org\",\"@graph\":[{\"@type\":\"Article\",\"@id\":\"https:\/\/eautomobiliai.lt\/index.php\/2025\/03\/26\/12-menesiu-su-kia-ev6-gt-padekite-hoonams-i-savo-vieta\/#article\",\"isPartOf\":{\"@id\":\"https:\/\/eautomobiliai.lt\/index.php\/2025\/03\/26\/12-menesiu-su-kia-ev6-gt-padekite-hoonams-i-savo-vieta\/\"},\"author\":{\"name\":\"admin\",\"@id\":\"http:\/\/eautomobiliai.lt\/#\/schema\/person\/ecf2a967f361217d056061f74deb92f2\"},\"headline\":\"12 m\u0117nesi\u0173 su \u201eKia EV6 GT\u201c &#8211; pad\u0117kite hoonams \u012f savo viet\u0105\",\"datePublished\":\"2025-03-26T02:37:33+00:00\",\"mainEntityOfPage\":{\"@id\":\"https:\/\/eautomobiliai.lt\/index.php\/2025\/03\/26\/12-menesiu-su-kia-ev6-gt-padekite-hoonams-i-savo-vieta\/\"},\"wordCount\":1338,\"commentCount\":0,\"image\":{\"@id\":\"https:\/\/eautomobiliai.lt\/index.php\/2025\/03\/26\/12-menesiu-su-kia-ev6-gt-padekite-hoonams-i-savo-vieta\/#primaryimage\"},\"thumbnailUrl\":\"http:\/\/eautomobiliai.lt\/wp-content\/uploads\/2025\/03\/12-menesiu-su-\u201eKia-EV6-GT-padekite-hoonams-i.jpg\",\"keywords\":[\"EV6\",\"hoonams\",\"Kia\",\"m\u0117nesi\u0173\",\"pad\u0117kite\",\"savo\",\"viet\u0105\"],\"articleSection\":[\"ELEKTRINIAI AUTOMOBILIAI\"],\"inLanguage\":\"lt-LT\",\"potentialAction\":[{\"@type\":\"CommentAction\",\"name\":\"Comment\",\"target\":[\"https:\/\/eautomobiliai.lt\/index.php\/2025\/03\/26\/12-menesiu-su-kia-ev6-gt-padekite-hoonams-i-savo-vieta\/#respond\"]}]},{\"@type\":\"WebPage\",\"@id\":\"https:\/\/eautomobiliai.lt\/index.php\/2025\/03\/26\/12-menesiu-su-kia-ev6-gt-padekite-hoonams-i-savo-vieta\/\",\"url\":\"https:\/\/eautomobiliai.lt\/index.php\/2025\/03\/26\/12-menesiu-su-kia-ev6-gt-padekite-hoonams-i-savo-vieta\/\",\"name\":\"12 m\u0117nesi\u0173 su \u201eKia EV6 GT\u201c - pad\u0117kite hoonams \u012f savo viet\u0105 - Eautomobiliai.lt\",\"isPartOf\":{\"@id\":\"http:\/\/eautomobiliai.lt\/#website\"},\"primaryImageOfPage\":{\"@id\":\"https:\/\/eautomobiliai.lt\/index.php\/2025\/03\/26\/12-menesiu-su-kia-ev6-gt-padekite-hoonams-i-savo-vieta\/#primaryimage\"},\"image\":{\"@id\":\"https:\/\/eautomobiliai.lt\/index.php\/2025\/03\/26\/12-menesiu-su-kia-ev6-gt-padekite-hoonams-i-savo-vieta\/#primaryimage\"},\"thumbnailUrl\":\"http:\/\/eautomobiliai.lt\/wp-content\/uploads\/2025\/03\/12-menesiu-su-\u201eKia-EV6-GT-padekite-hoonams-i.jpg\",\"datePublished\":\"2025-03-26T02:37:33+00:00\",\"author\":{\"@id\":\"http:\/\/eautomobiliai.lt\/#\/schema\/person\/ecf2a967f361217d056061f74deb92f2\"},\"breadcrumb\":{\"@id\":\"https:\/\/eautomobiliai.lt\/index.php\/2025\/03\/26\/12-menesiu-su-kia-ev6-gt-padekite-hoonams-i-savo-vieta\/#breadcrumb\"},\"inLanguage\":\"lt-LT\",\"potentialAction\":[{\"@type\":\"ReadAction\",\"target\":[\"https:\/\/eautomobiliai.lt\/index.php\/2025\/03\/26\/12-menesiu-su-kia-ev6-gt-padekite-hoonams-i-savo-vieta\/\"]}]},{\"@type\":\"ImageObject\",\"inLanguage\":\"lt-LT\",\"@id\":\"https:\/\/eautomobiliai.lt\/index.php\/2025\/03\/26\/12-menesiu-su-kia-ev6-gt-padekite-hoonams-i-savo-vieta\/#primaryimage\",\"url\":\"http:\/\/eautomobiliai.lt\/wp-content\/uploads\/2025\/03\/12-menesiu-su-\u201eKia-EV6-GT-padekite-hoonams-i.jpg\",\"contentUrl\":\"http:\/\/eautomobiliai.lt\/wp-content\/uploads\/2025\/03\/12-menesiu-su-\u201eKia-EV6-GT-padekite-hoonams-i.jpg\",\"width\":1600,\"height\":890},{\"@type\":\"BreadcrumbList\",\"@id\":\"https:\/\/eautomobiliai.lt\/index.php\/2025\/03\/26\/12-menesiu-su-kia-ev6-gt-padekite-hoonams-i-savo-vieta\/#breadcrumb\",\"itemListElement\":[{\"@type\":\"ListItem\",\"position\":1,\"name\":\"Home\",\"item\":\"http:\/\/eautomobiliai.lt\/\"},{\"@type\":\"ListItem\",\"position\":2,\"name\":\"12 m\u0117nesi\u0173 su \u201eKia EV6 GT\u201c &#8211; pad\u0117kite hoonams \u012f savo viet\u0105\"}]},{\"@type\":\"WebSite\",\"@id\":\"http:\/\/eautomobiliai.lt\/#website\",\"url\":\"http:\/\/eautomobiliai.lt\/\",\"name\":\"Eautomobiliai.lt\",\"description\":\"Elektrinis transportas, technologijos\",\"potentialAction\":[{\"@type\":\"SearchAction\",\"target\":{\"@type\":\"EntryPoint\",\"urlTemplate\":\"http:\/\/eautomobiliai.lt\/?s={search_term_string}\"},\"query-input\":{\"@type\":\"PropertyValueSpecification\",\"valueRequired\":true,\"valueName\":\"search_term_string\"}}],\"inLanguage\":\"lt-LT\"},{\"@type\":\"Person\",\"@id\":\"http:\/\/eautomobiliai.lt\/#\/schema\/person\/ecf2a967f361217d056061f74deb92f2\",\"name\":\"admin\",\"image\":{\"@type\":\"ImageObject\",\"inLanguage\":\"lt-LT\",\"@id\":\"http:\/\/eautomobiliai.lt\/#\/schema\/person\/image\/\",\"url\":\"https:\/\/secure.gravatar.com\/avatar\/6323379efae0c70c686c7905444d6bbd?s=96&d=mm&r=g\",\"contentUrl\":\"https:\/\/secure.gravatar.com\/avatar\/6323379efae0c70c686c7905444d6bbd?s=96&d=mm&r=g\",\"caption\":\"admin\"},\"sameAs\":[\"http:\/\/eautomobiliai.lt\"],\"url\":\"http:\/\/eautomobiliai.lt\/index.php\/author\/admin\/\"}]}<\/script>\n<!-- \/ Yoast SEO plugin. -->","yoast_head_json":{"title":"12 m\u0117nesi\u0173 su \u201eKia EV6 GT\u201c - pad\u0117kite hoonams \u012f savo viet\u0105 - Eautomobiliai.lt","robots":{"index":"index","follow":"follow","max-snippet":"max-snippet:-1","max-image-preview":"max-image-preview:large","max-video-preview":"max-video-preview:-1"},"canonical":"https:\/\/eautomobiliai.lt\/index.php\/2025\/03\/26\/12-menesiu-su-kia-ev6-gt-padekite-hoonams-i-savo-vieta\/","og_locale":"lt_LT","og_type":"article","og_title":"12 m\u0117nesi\u0173 su \u201eKia EV6 GT\u201c - pad\u0117kite hoonams \u012f savo viet\u0105 - Eautomobiliai.lt","og_description":"Prisiregistruokite gauti kasdieni\u0173 naujien\u0173 i\u0161 \u201eCleantechnica\u201c el. Pa\u0161tu. Arba sekite mus \u201eGoogle News\u201c! Paskutin\u012f kart\u0105 atnaujinta: 2024 m. Spalio 6&hellip;","og_url":"https:\/\/eautomobiliai.lt\/index.php\/2025\/03\/26\/12-menesiu-su-kia-ev6-gt-padekite-hoonams-i-savo-vieta\/","og_site_name":"Eautomobiliai.lt","article_published_time":"2025-03-26T02:37:33+00:00","og_image":[{"width":1600,"height":890,"url":"https:\/\/eautomobiliai.lt\/wp-content\/uploads\/2025\/03\/12-menesiu-su-\u201eKia-EV6-GT-padekite-hoonams-i.jpg","type":"image\/jpeg"}],"author":"admin","twitter_card":"summary_large_image","twitter_misc":{"Written by":"admin","Est. reading time":"7 minut\u0117s"},"schema":{"@context":"https:\/\/schema.org","@graph":[{"@type":"Article","@id":"https:\/\/eautomobiliai.lt\/index.php\/2025\/03\/26\/12-menesiu-su-kia-ev6-gt-padekite-hoonams-i-savo-vieta\/#article","isPartOf":{"@id":"https:\/\/eautomobiliai.lt\/index.php\/2025\/03\/26\/12-menesiu-su-kia-ev6-gt-padekite-hoonams-i-savo-vieta\/"},"author":{"name":"admin","@id":"http:\/\/eautomobiliai.lt\/#\/schema\/person\/ecf2a967f361217d056061f74deb92f2"},"headline":"12 m\u0117nesi\u0173 su \u201eKia EV6 GT\u201c &#8211; pad\u0117kite hoonams \u012f savo viet\u0105","datePublished":"2025-03-26T02:37:33+00:00","mainEntityOfPage":{"@id":"https:\/\/eautomobiliai.lt\/index.php\/2025\/03\/26\/12-menesiu-su-kia-ev6-gt-padekite-hoonams-i-savo-vieta\/"},"wordCount":1338,"commentCount":0,"image":{"@id":"https:\/\/eautomobiliai.lt\/index.php\/2025\/03\/26\/12-menesiu-su-kia-ev6-gt-padekite-hoonams-i-savo-vieta\/#primaryimage"},"thumbnailUrl":"http:\/\/eautomobiliai.lt\/wp-content\/uploads\/2025\/03\/12-menesiu-su-\u201eKia-EV6-GT-padekite-hoonams-i.jpg","keywords":["EV6","hoonams","Kia","m\u0117nesi\u0173","pad\u0117kite","savo","viet\u0105"],"articleSection":["ELEKTRINIAI AUTOMOBILIAI"],"inLanguage":"lt-LT","potentialAction":[{"@type":"CommentAction","name":"Comment","target":["https:\/\/eautomobiliai.lt\/index.php\/2025\/03\/26\/12-menesiu-su-kia-ev6-gt-padekite-hoonams-i-savo-vieta\/#respond"]}]},{"@type":"WebPage","@id":"https:\/\/eautomobiliai.lt\/index.php\/2025\/03\/26\/12-menesiu-su-kia-ev6-gt-padekite-hoonams-i-savo-vieta\/","url":"https:\/\/eautomobiliai.lt\/index.php\/2025\/03\/26\/12-menesiu-su-kia-ev6-gt-padekite-hoonams-i-savo-vieta\/","name":"12 m\u0117nesi\u0173 su \u201eKia EV6 GT\u201c - pad\u0117kite hoonams \u012f savo viet\u0105 - Eautomobiliai.lt","isPartOf":{"@id":"http:\/\/eautomobiliai.lt\/#website"},"primaryImageOfPage":{"@id":"https:\/\/eautomobiliai.lt\/index.php\/2025\/03\/26\/12-menesiu-su-kia-ev6-gt-padekite-hoonams-i-savo-vieta\/#primaryimage"},"image":{"@id":"https:\/\/eautomobiliai.lt\/index.php\/2025\/03\/26\/12-menesiu-su-kia-ev6-gt-padekite-hoonams-i-savo-vieta\/#primaryimage"},"thumbnailUrl":"http:\/\/eautomobiliai.lt\/wp-content\/uploads\/2025\/03\/12-menesiu-su-\u201eKia-EV6-GT-padekite-hoonams-i.jpg","datePublished":"2025-03-26T02:37:33+00:00","author":{"@id":"http:\/\/eautomobiliai.lt\/#\/schema\/person\/ecf2a967f361217d056061f74deb92f2"},"breadcrumb":{"@id":"https:\/\/eautomobiliai.lt\/index.php\/2025\/03\/26\/12-menesiu-su-kia-ev6-gt-padekite-hoonams-i-savo-vieta\/#breadcrumb"},"inLanguage":"lt-LT","potentialAction":[{"@type":"ReadAction","target":["https:\/\/eautomobiliai.lt\/index.php\/2025\/03\/26\/12-menesiu-su-kia-ev6-gt-padekite-hoonams-i-savo-vieta\/"]}]},{"@type":"ImageObject","inLanguage":"lt-LT","@id":"https:\/\/eautomobiliai.lt\/index.php\/2025\/03\/26\/12-menesiu-su-kia-ev6-gt-padekite-hoonams-i-savo-vieta\/#primaryimage","url":"http:\/\/eautomobiliai.lt\/wp-content\/uploads\/2025\/03\/12-menesiu-su-\u201eKia-EV6-GT-padekite-hoonams-i.jpg","contentUrl":"http:\/\/eautomobiliai.lt\/wp-content\/uploads\/2025\/03\/12-menesiu-su-\u201eKia-EV6-GT-padekite-hoonams-i.jpg","width":1600,"height":890},{"@type":"BreadcrumbList","@id":"https:\/\/eautomobiliai.lt\/index.php\/2025\/03\/26\/12-menesiu-su-kia-ev6-gt-padekite-hoonams-i-savo-vieta\/#breadcrumb","itemListElement":[{"@type":"ListItem","position":1,"name":"Home","item":"http:\/\/eautomobiliai.lt\/"},{"@type":"ListItem","position":2,"name":"12 m\u0117nesi\u0173 su \u201eKia EV6 GT\u201c &#8211; pad\u0117kite hoonams \u012f savo viet\u0105"}]},{"@type":"WebSite","@id":"http:\/\/eautomobiliai.lt\/#website","url":"http:\/\/eautomobiliai.lt\/","name":"Eautomobiliai.lt","description":"Elektrinis transportas, technologijos","potentialAction":[{"@type":"SearchAction","target":{"@type":"EntryPoint","urlTemplate":"http:\/\/eautomobiliai.lt\/?s={search_term_string}"},"query-input":{"@type":"PropertyValueSpecification","valueRequired":true,"valueName":"search_term_string"}}],"inLanguage":"lt-LT"},{"@type":"Person","@id":"http:\/\/eautomobiliai.lt\/#\/schema\/person\/ecf2a967f361217d056061f74deb92f2","name":"admin","image":{"@type":"ImageObject","inLanguage":"lt-LT","@id":"http:\/\/eautomobiliai.lt\/#\/schema\/person\/image\/","url":"https:\/\/secure.gravatar.com\/avatar\/6323379efae0c70c686c7905444d6bbd?s=96&d=mm&r=g","contentUrl":"https:\/\/secure.gravatar.com\/avatar\/6323379efae0c70c686c7905444d6bbd?s=96&d=mm&r=g","caption":"admin"},"sameAs":["http:\/\/eautomobiliai.lt"],"url":"http:\/\/eautomobiliai.lt\/index.php\/author\/admin\/"}]}},"_links":{"self":[{"href":"http:\/\/eautomobiliai.lt\/index.php\/wp-json\/wp\/v2\/posts\/261","targetHints":{"allow":["GET"]}}],"collection":[{"href":"http:\/\/eautomobiliai.lt\/index.php\/wp-json\/wp\/v2\/posts"}],"about":[{"href":"http:\/\/eautomobiliai.lt\/index.php\/wp-json\/wp\/v2\/types\/post"}],"author":[{"embeddable":true,"href":"http:\/\/eautomobiliai.lt\/index.php\/wp-json\/wp\/v2\/users\/1"}],"replies":[{"embeddable":true,"href":"http:\/\/eautomobiliai.lt\/index.php\/wp-json\/wp\/v2\/comments?post=261"}],"version-history":[{"count":0,"href":"http:\/\/eautomobiliai.lt\/index.php\/wp-json\/wp\/v2\/posts\/261\/revisions"}],"wp:featuredmedia":[{"embeddable":true,"href":"http:\/\/eautomobiliai.lt\/index.php\/wp-json\/wp\/v2\/media\/262"}],"wp:attachment":[{"href":"http:\/\/eautomobiliai.lt\/index.php\/wp-json\/wp\/v2\/media?parent=261"}],"wp:term":[{"taxonomy":"category","embeddable":true,"href":"http:\/\/eautomobiliai.lt\/index.php\/wp-json\/wp\/v2\/categories?post=261"},{"taxonomy":"post_tag","embeddable":true,"href":"http:\/\/eautomobiliai.lt\/index.php\/wp-json\/wp\/v2\/tags?post=261"}],"curies":[{"name":"wp","href":"https:\/\/api.w.org\/{rel}","templated":true}]}}