{"id":2631,"date":"2025-11-07T13:32:56","date_gmt":"2025-11-07T13:32:56","guid":{"rendered":"http:\/\/eautomobiliai.lt\/index.php\/2025\/11\/07\/tesla-atnaujina-savo-elektrinio-pussunkvezimio-dizaina\/"},"modified":"2025-11-07T13:32:56","modified_gmt":"2025-11-07T13:32:56","slug":"tesla-atnaujina-savo-elektrinio-pussunkvezimio-dizaina","status":"publish","type":"post","link":"http:\/\/eautomobiliai.lt\/index.php\/2025\/11\/07\/tesla-atnaujina-savo-elektrinio-pussunkvezimio-dizaina\/","title":{"rendered":"\u201eTesla\u201c atnaujina savo elektrinio pussunkve\u017eimio dizain\u0105"},"content":{"rendered":"<p> <br \/>\n<\/p>\n<div>\n<figure class=\"img-border featured-image\">\n<p>\t<br \/>\n\t<\/figure>\n<p>\u201eTesla\u201c atnaujino b\u016bsimo elektrinio pussunkve\u017eimio \u201eTesla Semi\u201c dizain\u0105 su pertvarkyta va\u017eiuokle, naujais priekiniais \u017eibintais ir kt.<\/p>\n<p><span id=\"more-442616\"\/><\/p>\n<p>Vakar vykusiame metiniame \u201eTesla\u201c akcinink\u0173 susirinkime nebuvo daug diskusij\u0173 apie \u201eTesla Semi\u201c, ta\u010diau Muskas pakartojo, kad 2017 m. pristatyta transporto priemon\u0117 bus prad\u0117ta gaminti kitais metais.<\/p>\n<p>Ta\u010diau \u201eTesla\u201c atskleid\u0117, kad elektrinis pusiau sunkve\u017eimis buvo atnaujintas, kad b\u016bt\u0173 \u201eefektyvesnis\u201c, turi \u201epadidint\u0105 nauding\u0105j\u0105 apkrov\u0105\u201c ir dabar \u201esukurtas savaranki\u0161kam\u201c.<\/p>\n<p>Automobili\u0173 gamintojas i\u0161leido nauj\u0105 atnaujintos Tesla Semi vaizd\u0105. \u0160tai palyginimas su ankstesne versija:<\/p>\n<p>\t<span class=\"outbrain-ad-label\">Reklama \u2013 slinkite, kad gautum\u0117te daugiau turinio<\/span><\/p>\n<figure class=\"wp-block-jetpack-image-compare\">\n<div class=\"juxtapose\" data-mode=\"horizontal\"><img loading=\"lazy\" decoding=\"async\" id=\"442619\" src=\"https:\/\/electrek.co\/wp-content\/uploads\/sites\/3\/2025\/11\/Screenshot-2025-11-07-at-7.57.46-PM-1.png\" alt=\"\" width=\"1612\" height=\"976\" class=\"image-compare__image-before\"\/><img loading=\"lazy\" decoding=\"async\" id=\"442617\" src=\"https:\/\/electrek.co\/wp-content\/uploads\/sites\/3\/2025\/11\/Screenshot-2025-11-07-at-7.57.35-PM.png\" alt=\"\" width=\"1650\" height=\"1018\" class=\"image-compare__image-after\"\/><\/div>\n<\/figure>\n<p>Matome, kad apvyniotas priekinis stiklas buvo gerokai suma\u017eintas. Taip pat yra naujas priekinis buferis, o stogo kampas dabar suapvalintas.<\/p>\n<p>Taip pat yra nauj\u0173 priekini\u0173 \u017eibint\u0173, pana\u0161i\u0173 \u012f atnaujinto modelio 3 \u017eibintus.<\/p>\n<p>Vienas klaidinantis dalykas yra nuoroda \u012f atnaujint\u0105 dizain\u0105, padarant\u012f \u201eTesla Semi\u201c \u201eefektyvesn\u012f\u201c, nors automobili\u0173 gamintojas citavo anks\u010diau paskelbt\u0105 1,7 kWh per myli\u0105 efektyvum\u0105 \u201eTesla\u201c pertvarkymo prane\u0161ime:<\/p>\n<figure class=\"wp-block-image alignwide size-large\"><img loading=\"lazy\" decoding=\"async\" height=\"575\" width=\"1024\" src=\"https:\/\/electrek.co\/wp-content\/uploads\/sites\/3\/2025\/11\/Tesla-Semi-update.jpeg?quality=82&amp;strip=all&amp;w=1024\" alt=\"\" class=\"wp-image-442622\" srcset=\"https:\/\/electrek.co\/wp-content\/uploads\/sites\/3\/2025\/11\/Tesla-Semi-update.jpeg 3332w, https:\/\/electrek.co\/wp-content\/uploads\/sites\/3\/2025\/11\/Tesla-Semi-update.jpeg?resize=150,84 150w, https:\/\/electrek.co\/wp-content\/uploads\/sites\/3\/2025\/11\/Tesla-Semi-update.jpeg?resize=300,169 300w, https:\/\/electrek.co\/wp-content\/uploads\/sites\/3\/2025\/11\/Tesla-Semi-update.jpeg?resize=768,431 768w, https:\/\/electrek.co\/wp-content\/uploads\/sites\/3\/2025\/11\/Tesla-Semi-update.jpeg?resize=1024,575 1024w, https:\/\/electrek.co\/wp-content\/uploads\/sites\/3\/2025\/11\/Tesla-Semi-update.jpeg?resize=1536,863 1536w, https:\/\/electrek.co\/wp-content\/uploads\/sites\/3\/2025\/11\/Tesla-Semi-update.jpeg?resize=2048,1151 2048w, https:\/\/electrek.co\/wp-content\/uploads\/sites\/3\/2025\/11\/Tesla-Semi-update.jpeg?resize=350,197 350w, https:\/\/electrek.co\/wp-content\/uploads\/sites\/3\/2025\/11\/Tesla-Semi-update.jpeg?resize=140,79 140w, https:\/\/electrek.co\/wp-content\/uploads\/sites\/3\/2025\/11\/Tesla-Semi-update.jpeg?resize=1600,899 1600w\" sizes=\"auto, (max-width: 1024px) 100vw, 1024px\"\/><\/figure>\n<p>Tiesa, real\u016bs \u201eTesla Semi\u201c bandymai dav\u0117 1,55\u20131,73 kWh myliai efektyvum\u0105.<\/p>\n<p>Danas Priestley, \u201eTesla Semi\u201c programos vadovas, pakomentavo poky\u010dius nesigilindamas \u012f detales:<\/p>\n<blockquote class=\"wp-block-quote is-layout-flow wp-block-quote-is-layout-flow\">\n<p>Did\u017eiulis kit\u0173 met\u0173 \u201eSemi\u201c patobulinim\u0173 skai\u010dius, atsirandantis d\u0117l pilotinio parko mokymosi ir nuostabi\u0173 naujovi\u0173 i\u0161 \u201eTesla\u201c komand\u0173, dirban\u010di\u0173 su juo.<\/p>\n<\/blockquote>\n<p>Priestley neig\u0117 <em>Electrek<\/em> \u0160i\u0173 met\u0173 ataskaita, kurioje nurodyta, kad Tesla Semi gamyba ir pristatymas v\u0117luoja, ta\u010diau Tesla neseniai patvirtino v\u0117lavim\u0105, o Muskas tai pakartojo \u0161ios savait\u0117s susitikime.<\/p>\n<p>\u201eTesla\u201c ketina prad\u0117ti gaminti elektrin\u012f sunkve\u017eim\u012f savo naujoje gamykloje Nevadoje apie antr\u0105j\u012f 2026 m. ketvirt\u012f, o masin\u0117 gamyba numatoma antr\u0105j\u012f met\u0173 pusmet\u012f.<\/p>\n<h2 class=\"wp-block-heading\" id=\"h-electrek-s-take\">Electrek Take<\/h2>\n<p>\u0160iuo metu did\u017eiausias ne\u017einomasis apie Tesla Semi yra jo lipduko kaina.<\/p>\n<p>I\u0161 prad\u017ei\u0173 \u201eTesla\u201c paskelb\u0117 pradin\u0119 150 000 USD u\u017e 300 myli\u0173 versij\u0105 ir 180 000 USD u\u017e 500 myli\u0173 versij\u0105, ta\u010diau tai buvo dar 2017 m., ir nuo to laiko automobili\u0173 gamintojas niekada vie\u0161ai neatnaujino kain\u0173.<\/p>\n<p>Prane\u0161\u0117me, kad ankstyvas \u201eTesla Semi\u201c klientas teig\u0117, kad kaina \u201edramati\u0161kai\u201c padid\u0117jo.<\/p>\n<p>Net ir esant didesnei lipduko kainai, \u201eTesla Semi\u201c eksploatavimo i\u0161laidos tur\u0117t\u0173 b\u016bti pakankamai ma\u017eos, kad b\u016bt\u0173 galima naudoti daugeliui program\u0173.<\/p>\n<div class=\"ad-disclaimer-container\">\n<p class=\"disclaimer-affiliate\"><em>FTC: naudojame pajamas u\u017edirban\u010di\u0173 automobili\u0173 filial\u0173 nuorodas.<\/em> Daugiau.<\/p>\n<p><!-- post ad --><\/div>\n<\/p><\/div>\n<p><br \/>\n<br \/><a href=\"https:\/\/electrek.co\/2025\/11\/07\/tesla-semi-updates-electric-semi-truck-design\/\">Source link <\/a><\/p>\n","protected":false},"excerpt":{"rendered":"<p>\u201eTesla\u201c atnaujino b\u016bsimo elektrinio pussunkve\u017eimio \u201eTesla Semi\u201c dizain\u0105 su pertvarkyta va\u017eiuokle, naujais priekiniais \u017eibintais ir kt. Vakar vykusiame metiniame \u201eTesla\u201c&hellip;<\/p>\n","protected":false},"author":1,"featured_media":2632,"comment_status":"open","ping_status":"open","sticky":false,"template":"","format":"standard","meta":{"om_disable_all_campaigns":false,"_monsterinsights_skip_tracking":false,"_monsterinsights_sitenote_active":false,"_monsterinsights_sitenote_note":"","_monsterinsights_sitenote_category":0,"footnotes":""},"categories":[8],"tags":[2347,4088,142,4373,183,14],"class_list":["post-2631","post","type-post","status-publish","format-standard","has-post-thumbnail","hentry","category-elektriniai-automobiliai","tag-atnaujina","tag-dizaina","tag-elektrinio","tag-pussunkvezimio","tag-savo","tag-tesla"],"aioseo_notices":[],"yoast_head":"<!-- This site is optimized with the Yoast SEO plugin v26.8 - https:\/\/yoast.com\/product\/yoast-seo-wordpress\/ -->\n<title>\u201eTesla\u201c atnaujina savo elektrinio pussunkve\u017eimio dizain\u0105 - Eautomobiliai.lt<\/title>\n<meta name=\"robots\" content=\"index, follow, max-snippet:-1, max-image-preview:large, max-video-preview:-1\" \/>\n<link rel=\"canonical\" href=\"https:\/\/eautomobiliai.lt\/index.php\/2025\/11\/07\/tesla-atnaujina-savo-elektrinio-pussunkvezimio-dizaina\/\" \/>\n<meta property=\"og:locale\" content=\"lt_LT\" \/>\n<meta property=\"og:type\" content=\"article\" \/>\n<meta property=\"og:title\" content=\"\u201eTesla\u201c atnaujina savo elektrinio pussunkve\u017eimio dizain\u0105 - Eautomobiliai.lt\" \/>\n<meta property=\"og:description\" content=\"\u201eTesla\u201c atnaujino b\u016bsimo elektrinio pussunkve\u017eimio \u201eTesla Semi\u201c dizain\u0105 su pertvarkyta va\u017eiuokle, naujais priekiniais \u017eibintais ir kt. Vakar vykusiame metiniame \u201eTesla\u201c&hellip;\" \/>\n<meta property=\"og:url\" content=\"https:\/\/eautomobiliai.lt\/index.php\/2025\/11\/07\/tesla-atnaujina-savo-elektrinio-pussunkvezimio-dizaina\/\" \/>\n<meta property=\"og:site_name\" content=\"Eautomobiliai.lt\" \/>\n<meta property=\"article:published_time\" content=\"2025-11-07T13:32:56+00:00\" \/>\n<meta property=\"og:image\" content=\"https:\/\/eautomobiliai.lt\/wp-content\/uploads\/2025\/11\/\u201eTesla-atnaujina-savo-elektrinio-pussunkvezimio-dizaina.png\" \/>\n\t<meta property=\"og:image:width\" content=\"1598\" \/>\n\t<meta property=\"og:image:height\" content=\"751\" \/>\n\t<meta property=\"og:image:type\" content=\"image\/png\" \/>\n<meta name=\"author\" content=\"admin\" \/>\n<meta name=\"twitter:card\" content=\"summary_large_image\" \/>\n<meta name=\"twitter:label1\" content=\"Written by\" \/>\n\t<meta name=\"twitter:data1\" content=\"admin\" \/>\n\t<meta name=\"twitter:label2\" content=\"Est. reading time\" \/>\n\t<meta name=\"twitter:data2\" content=\"2 minut\u0117s\" \/>\n<script type=\"application\/ld+json\" class=\"yoast-schema-graph\">{\"@context\":\"https:\/\/schema.org\",\"@graph\":[{\"@type\":\"Article\",\"@id\":\"https:\/\/eautomobiliai.lt\/index.php\/2025\/11\/07\/tesla-atnaujina-savo-elektrinio-pussunkvezimio-dizaina\/#article\",\"isPartOf\":{\"@id\":\"https:\/\/eautomobiliai.lt\/index.php\/2025\/11\/07\/tesla-atnaujina-savo-elektrinio-pussunkvezimio-dizaina\/\"},\"author\":{\"name\":\"admin\",\"@id\":\"http:\/\/eautomobiliai.lt\/#\/schema\/person\/ecf2a967f361217d056061f74deb92f2\"},\"headline\":\"\u201eTesla\u201c atnaujina savo elektrinio pussunkve\u017eimio dizain\u0105\",\"datePublished\":\"2025-11-07T13:32:56+00:00\",\"mainEntityOfPage\":{\"@id\":\"https:\/\/eautomobiliai.lt\/index.php\/2025\/11\/07\/tesla-atnaujina-savo-elektrinio-pussunkvezimio-dizaina\/\"},\"wordCount\":357,\"commentCount\":0,\"image\":{\"@id\":\"https:\/\/eautomobiliai.lt\/index.php\/2025\/11\/07\/tesla-atnaujina-savo-elektrinio-pussunkvezimio-dizaina\/#primaryimage\"},\"thumbnailUrl\":\"http:\/\/eautomobiliai.lt\/wp-content\/uploads\/2025\/11\/\u201eTesla-atnaujina-savo-elektrinio-pussunkvezimio-dizaina.png\",\"keywords\":[\"atnaujina\",\"dizain\u0105\",\"elektrinio\",\"pussunkve\u017eimio\",\"savo\",\"Tesla\"],\"articleSection\":[\"ELEKTRINIAI AUTOMOBILIAI\"],\"inLanguage\":\"lt-LT\",\"potentialAction\":[{\"@type\":\"CommentAction\",\"name\":\"Comment\",\"target\":[\"https:\/\/eautomobiliai.lt\/index.php\/2025\/11\/07\/tesla-atnaujina-savo-elektrinio-pussunkvezimio-dizaina\/#respond\"]}]},{\"@type\":\"WebPage\",\"@id\":\"https:\/\/eautomobiliai.lt\/index.php\/2025\/11\/07\/tesla-atnaujina-savo-elektrinio-pussunkvezimio-dizaina\/\",\"url\":\"https:\/\/eautomobiliai.lt\/index.php\/2025\/11\/07\/tesla-atnaujina-savo-elektrinio-pussunkvezimio-dizaina\/\",\"name\":\"\u201eTesla\u201c atnaujina savo elektrinio pussunkve\u017eimio dizain\u0105 - Eautomobiliai.lt\",\"isPartOf\":{\"@id\":\"http:\/\/eautomobiliai.lt\/#website\"},\"primaryImageOfPage\":{\"@id\":\"https:\/\/eautomobiliai.lt\/index.php\/2025\/11\/07\/tesla-atnaujina-savo-elektrinio-pussunkvezimio-dizaina\/#primaryimage\"},\"image\":{\"@id\":\"https:\/\/eautomobiliai.lt\/index.php\/2025\/11\/07\/tesla-atnaujina-savo-elektrinio-pussunkvezimio-dizaina\/#primaryimage\"},\"thumbnailUrl\":\"http:\/\/eautomobiliai.lt\/wp-content\/uploads\/2025\/11\/\u201eTesla-atnaujina-savo-elektrinio-pussunkvezimio-dizaina.png\",\"datePublished\":\"2025-11-07T13:32:56+00:00\",\"author\":{\"@id\":\"http:\/\/eautomobiliai.lt\/#\/schema\/person\/ecf2a967f361217d056061f74deb92f2\"},\"breadcrumb\":{\"@id\":\"https:\/\/eautomobiliai.lt\/index.php\/2025\/11\/07\/tesla-atnaujina-savo-elektrinio-pussunkvezimio-dizaina\/#breadcrumb\"},\"inLanguage\":\"lt-LT\",\"potentialAction\":[{\"@type\":\"ReadAction\",\"target\":[\"https:\/\/eautomobiliai.lt\/index.php\/2025\/11\/07\/tesla-atnaujina-savo-elektrinio-pussunkvezimio-dizaina\/\"]}]},{\"@type\":\"ImageObject\",\"inLanguage\":\"lt-LT\",\"@id\":\"https:\/\/eautomobiliai.lt\/index.php\/2025\/11\/07\/tesla-atnaujina-savo-elektrinio-pussunkvezimio-dizaina\/#primaryimage\",\"url\":\"http:\/\/eautomobiliai.lt\/wp-content\/uploads\/2025\/11\/\u201eTesla-atnaujina-savo-elektrinio-pussunkvezimio-dizaina.png\",\"contentUrl\":\"http:\/\/eautomobiliai.lt\/wp-content\/uploads\/2025\/11\/\u201eTesla-atnaujina-savo-elektrinio-pussunkvezimio-dizaina.png\",\"width\":1598,\"height\":751},{\"@type\":\"BreadcrumbList\",\"@id\":\"https:\/\/eautomobiliai.lt\/index.php\/2025\/11\/07\/tesla-atnaujina-savo-elektrinio-pussunkvezimio-dizaina\/#breadcrumb\",\"itemListElement\":[{\"@type\":\"ListItem\",\"position\":1,\"name\":\"Home\",\"item\":\"http:\/\/eautomobiliai.lt\/\"},{\"@type\":\"ListItem\",\"position\":2,\"name\":\"\u201eTesla\u201c atnaujina savo elektrinio pussunkve\u017eimio dizain\u0105\"}]},{\"@type\":\"WebSite\",\"@id\":\"http:\/\/eautomobiliai.lt\/#website\",\"url\":\"http:\/\/eautomobiliai.lt\/\",\"name\":\"Eautomobiliai.lt\",\"description\":\"Elektrinis transportas, technologijos\",\"potentialAction\":[{\"@type\":\"SearchAction\",\"target\":{\"@type\":\"EntryPoint\",\"urlTemplate\":\"http:\/\/eautomobiliai.lt\/?s={search_term_string}\"},\"query-input\":{\"@type\":\"PropertyValueSpecification\",\"valueRequired\":true,\"valueName\":\"search_term_string\"}}],\"inLanguage\":\"lt-LT\"},{\"@type\":\"Person\",\"@id\":\"http:\/\/eautomobiliai.lt\/#\/schema\/person\/ecf2a967f361217d056061f74deb92f2\",\"name\":\"admin\",\"image\":{\"@type\":\"ImageObject\",\"inLanguage\":\"lt-LT\",\"@id\":\"http:\/\/eautomobiliai.lt\/#\/schema\/person\/image\/\",\"url\":\"https:\/\/secure.gravatar.com\/avatar\/6323379efae0c70c686c7905444d6bbd?s=96&d=mm&r=g\",\"contentUrl\":\"https:\/\/secure.gravatar.com\/avatar\/6323379efae0c70c686c7905444d6bbd?s=96&d=mm&r=g\",\"caption\":\"admin\"},\"sameAs\":[\"http:\/\/eautomobiliai.lt\"],\"url\":\"http:\/\/eautomobiliai.lt\/index.php\/author\/admin\/\"}]}<\/script>\n<!-- \/ Yoast SEO plugin. -->","yoast_head_json":{"title":"\u201eTesla\u201c atnaujina savo elektrinio pussunkve\u017eimio dizain\u0105 - Eautomobiliai.lt","robots":{"index":"index","follow":"follow","max-snippet":"max-snippet:-1","max-image-preview":"max-image-preview:large","max-video-preview":"max-video-preview:-1"},"canonical":"https:\/\/eautomobiliai.lt\/index.php\/2025\/11\/07\/tesla-atnaujina-savo-elektrinio-pussunkvezimio-dizaina\/","og_locale":"lt_LT","og_type":"article","og_title":"\u201eTesla\u201c atnaujina savo elektrinio pussunkve\u017eimio dizain\u0105 - Eautomobiliai.lt","og_description":"\u201eTesla\u201c atnaujino b\u016bsimo elektrinio pussunkve\u017eimio \u201eTesla Semi\u201c dizain\u0105 su pertvarkyta va\u017eiuokle, naujais priekiniais \u017eibintais ir kt. Vakar vykusiame metiniame \u201eTesla\u201c&hellip;","og_url":"https:\/\/eautomobiliai.lt\/index.php\/2025\/11\/07\/tesla-atnaujina-savo-elektrinio-pussunkvezimio-dizaina\/","og_site_name":"Eautomobiliai.lt","article_published_time":"2025-11-07T13:32:56+00:00","og_image":[{"width":1598,"height":751,"url":"https:\/\/eautomobiliai.lt\/wp-content\/uploads\/2025\/11\/\u201eTesla-atnaujina-savo-elektrinio-pussunkvezimio-dizaina.png","type":"image\/png"}],"author":"admin","twitter_card":"summary_large_image","twitter_misc":{"Written by":"admin","Est. reading time":"2 minut\u0117s"},"schema":{"@context":"https:\/\/schema.org","@graph":[{"@type":"Article","@id":"https:\/\/eautomobiliai.lt\/index.php\/2025\/11\/07\/tesla-atnaujina-savo-elektrinio-pussunkvezimio-dizaina\/#article","isPartOf":{"@id":"https:\/\/eautomobiliai.lt\/index.php\/2025\/11\/07\/tesla-atnaujina-savo-elektrinio-pussunkvezimio-dizaina\/"},"author":{"name":"admin","@id":"http:\/\/eautomobiliai.lt\/#\/schema\/person\/ecf2a967f361217d056061f74deb92f2"},"headline":"\u201eTesla\u201c atnaujina savo elektrinio pussunkve\u017eimio dizain\u0105","datePublished":"2025-11-07T13:32:56+00:00","mainEntityOfPage":{"@id":"https:\/\/eautomobiliai.lt\/index.php\/2025\/11\/07\/tesla-atnaujina-savo-elektrinio-pussunkvezimio-dizaina\/"},"wordCount":357,"commentCount":0,"image":{"@id":"https:\/\/eautomobiliai.lt\/index.php\/2025\/11\/07\/tesla-atnaujina-savo-elektrinio-pussunkvezimio-dizaina\/#primaryimage"},"thumbnailUrl":"http:\/\/eautomobiliai.lt\/wp-content\/uploads\/2025\/11\/\u201eTesla-atnaujina-savo-elektrinio-pussunkvezimio-dizaina.png","keywords":["atnaujina","dizain\u0105","elektrinio","pussunkve\u017eimio","savo","Tesla"],"articleSection":["ELEKTRINIAI AUTOMOBILIAI"],"inLanguage":"lt-LT","potentialAction":[{"@type":"CommentAction","name":"Comment","target":["https:\/\/eautomobiliai.lt\/index.php\/2025\/11\/07\/tesla-atnaujina-savo-elektrinio-pussunkvezimio-dizaina\/#respond"]}]},{"@type":"WebPage","@id":"https:\/\/eautomobiliai.lt\/index.php\/2025\/11\/07\/tesla-atnaujina-savo-elektrinio-pussunkvezimio-dizaina\/","url":"https:\/\/eautomobiliai.lt\/index.php\/2025\/11\/07\/tesla-atnaujina-savo-elektrinio-pussunkvezimio-dizaina\/","name":"\u201eTesla\u201c atnaujina savo elektrinio pussunkve\u017eimio dizain\u0105 - Eautomobiliai.lt","isPartOf":{"@id":"http:\/\/eautomobiliai.lt\/#website"},"primaryImageOfPage":{"@id":"https:\/\/eautomobiliai.lt\/index.php\/2025\/11\/07\/tesla-atnaujina-savo-elektrinio-pussunkvezimio-dizaina\/#primaryimage"},"image":{"@id":"https:\/\/eautomobiliai.lt\/index.php\/2025\/11\/07\/tesla-atnaujina-savo-elektrinio-pussunkvezimio-dizaina\/#primaryimage"},"thumbnailUrl":"http:\/\/eautomobiliai.lt\/wp-content\/uploads\/2025\/11\/\u201eTesla-atnaujina-savo-elektrinio-pussunkvezimio-dizaina.png","datePublished":"2025-11-07T13:32:56+00:00","author":{"@id":"http:\/\/eautomobiliai.lt\/#\/schema\/person\/ecf2a967f361217d056061f74deb92f2"},"breadcrumb":{"@id":"https:\/\/eautomobiliai.lt\/index.php\/2025\/11\/07\/tesla-atnaujina-savo-elektrinio-pussunkvezimio-dizaina\/#breadcrumb"},"inLanguage":"lt-LT","potentialAction":[{"@type":"ReadAction","target":["https:\/\/eautomobiliai.lt\/index.php\/2025\/11\/07\/tesla-atnaujina-savo-elektrinio-pussunkvezimio-dizaina\/"]}]},{"@type":"ImageObject","inLanguage":"lt-LT","@id":"https:\/\/eautomobiliai.lt\/index.php\/2025\/11\/07\/tesla-atnaujina-savo-elektrinio-pussunkvezimio-dizaina\/#primaryimage","url":"http:\/\/eautomobiliai.lt\/wp-content\/uploads\/2025\/11\/\u201eTesla-atnaujina-savo-elektrinio-pussunkvezimio-dizaina.png","contentUrl":"http:\/\/eautomobiliai.lt\/wp-content\/uploads\/2025\/11\/\u201eTesla-atnaujina-savo-elektrinio-pussunkvezimio-dizaina.png","width":1598,"height":751},{"@type":"BreadcrumbList","@id":"https:\/\/eautomobiliai.lt\/index.php\/2025\/11\/07\/tesla-atnaujina-savo-elektrinio-pussunkvezimio-dizaina\/#breadcrumb","itemListElement":[{"@type":"ListItem","position":1,"name":"Home","item":"http:\/\/eautomobiliai.lt\/"},{"@type":"ListItem","position":2,"name":"\u201eTesla\u201c atnaujina savo elektrinio pussunkve\u017eimio dizain\u0105"}]},{"@type":"WebSite","@id":"http:\/\/eautomobiliai.lt\/#website","url":"http:\/\/eautomobiliai.lt\/","name":"Eautomobiliai.lt","description":"Elektrinis transportas, technologijos","potentialAction":[{"@type":"SearchAction","target":{"@type":"EntryPoint","urlTemplate":"http:\/\/eautomobiliai.lt\/?s={search_term_string}"},"query-input":{"@type":"PropertyValueSpecification","valueRequired":true,"valueName":"search_term_string"}}],"inLanguage":"lt-LT"},{"@type":"Person","@id":"http:\/\/eautomobiliai.lt\/#\/schema\/person\/ecf2a967f361217d056061f74deb92f2","name":"admin","image":{"@type":"ImageObject","inLanguage":"lt-LT","@id":"http:\/\/eautomobiliai.lt\/#\/schema\/person\/image\/","url":"https:\/\/secure.gravatar.com\/avatar\/6323379efae0c70c686c7905444d6bbd?s=96&d=mm&r=g","contentUrl":"https:\/\/secure.gravatar.com\/avatar\/6323379efae0c70c686c7905444d6bbd?s=96&d=mm&r=g","caption":"admin"},"sameAs":["http:\/\/eautomobiliai.lt"],"url":"http:\/\/eautomobiliai.lt\/index.php\/author\/admin\/"}]}},"_links":{"self":[{"href":"http:\/\/eautomobiliai.lt\/index.php\/wp-json\/wp\/v2\/posts\/2631","targetHints":{"allow":["GET"]}}],"collection":[{"href":"http:\/\/eautomobiliai.lt\/index.php\/wp-json\/wp\/v2\/posts"}],"about":[{"href":"http:\/\/eautomobiliai.lt\/index.php\/wp-json\/wp\/v2\/types\/post"}],"author":[{"embeddable":true,"href":"http:\/\/eautomobiliai.lt\/index.php\/wp-json\/wp\/v2\/users\/1"}],"replies":[{"embeddable":true,"href":"http:\/\/eautomobiliai.lt\/index.php\/wp-json\/wp\/v2\/comments?post=2631"}],"version-history":[{"count":0,"href":"http:\/\/eautomobiliai.lt\/index.php\/wp-json\/wp\/v2\/posts\/2631\/revisions"}],"wp:featuredmedia":[{"embeddable":true,"href":"http:\/\/eautomobiliai.lt\/index.php\/wp-json\/wp\/v2\/media\/2632"}],"wp:attachment":[{"href":"http:\/\/eautomobiliai.lt\/index.php\/wp-json\/wp\/v2\/media?parent=2631"}],"wp:term":[{"taxonomy":"category","embeddable":true,"href":"http:\/\/eautomobiliai.lt\/index.php\/wp-json\/wp\/v2\/categories?post=2631"},{"taxonomy":"post_tag","embeddable":true,"href":"http:\/\/eautomobiliai.lt\/index.php\/wp-json\/wp\/v2\/tags?post=2631"}],"curies":[{"name":"wp","href":"https:\/\/api.w.org\/{rel}","templated":true}]}}