{"id":2652,"date":"2025-11-10T13:45:00","date_gmt":"2025-11-10T13:45:00","guid":{"rendered":"http:\/\/eautomobiliai.lt\/index.php\/2025\/11\/10\/tesla-nebegali-parduoti-savo-automobiliu-todel-dabar-juos-nuomoja\/"},"modified":"2025-11-10T13:45:00","modified_gmt":"2025-11-10T13:45:00","slug":"tesla-nebegali-parduoti-savo-automobiliu-todel-dabar-juos-nuomoja","status":"publish","type":"post","link":"http:\/\/eautomobiliai.lt\/index.php\/2025\/11\/10\/tesla-nebegali-parduoti-savo-automobiliu-todel-dabar-juos-nuomoja\/","title":{"rendered":"\u201eTesla\u201c nebegali parduoti savo automobili\u0173, tod\u0117l dabar juos nuomoja"},"content":{"rendered":"<p> <br \/>\n<\/p>\n<div>\n<figure class=\"img-border featured-image\">\n<p>\t<figcaption>\n<p>\t\t\t\tNaujas Tesla modelis Y; per Tesla.\t\t\t<\/figcaption><\/figure>\n<p>Tesla pradeda nauj\u0105 automobili\u0173 nuomos program\u0105 i\u0161 savo parduotuvi\u0173 JAV, nes pardavimai smunka d\u0117l federalinio mokes\u010di\u0173 kredito pabaigos.<\/p>\n<p>\u0160iuo metu j\u012f galima \u012fsigyti tam tikrose JAV parduotuv\u0117se.<\/p>\n<p><span id=\"more-443039\"\/><\/p>\n<p>\u201eTesla\u201c paklausa JAV, kaip ir daugumos kit\u0173 elektromobili\u0173, suma\u017e\u0117jo po to, kai pra\u0117jus\u012f ketvirt\u012f pasibaig\u0117 federalin\u0117 mokes\u010di\u0173 lengvata elektromobiliams, padidindama paklaus\u0105.<\/p>\n<p>Visoje \u0161alyje parduotuv\u0117se ir prekiautojams kaupiantis atsargoms, Tesla rado nauj\u0105 b\u016bd\u0105, kaip panaudoti savo atsargas: dabar ji nuomojasi (ne lizingu) savo transporto priemones i\u0161 savo parduotuvi\u0173.<\/p>\n<p>\t<span class=\"outbrain-ad-label\">Reklama \u2013 slinkite, kad gautum\u0117te daugiau turinio<\/span><\/p>\n<p>Nuomos trukm\u0117 yra ma\u017eiausiai trys ir ne daugiau kaip septynios dienos, pradedant nuo 60 USD per dien\u0105 ir did\u0117jant priklausomai nuo modelio.<\/p>\n<p>Pana\u0161u, kad \u201eTesla\u201c tai naudoja siekdama parodyti potencialiems pirk\u0117jams, kaip patogu tur\u0117ti \u201eTesla\u201c transporto priemon\u0119, nes kiekviena nuoma taip pat apima papildom\u0105 \u012fkrovim\u0105 ir visi\u0161k\u0105 savaranki\u0161k\u0105 vairavim\u0105 (pri\u017ei\u016brim\u0105).<\/p>\n<p>Jei nuomos klientas nusprend\u017eia u\u017esisakyti transporto priemon\u0119 per savait\u0119 nuo jos i\u0161sinuomojimo, Tesla suteikia jam 250 USD kredit\u0105 pirkiniui:<\/p>\n<blockquote class=\"wp-block-quote is-layout-flow wp-block-quote-is-layout-flow\">\n<p>U\u017esisakykite savo Tesla per septynias dienas nuo nuomos ir gaukite iki 250 USD kredit\u0105 pirkiniui.<\/p>\n<\/blockquote>\n<p>Programa prasideda keliose vietose Piet\u0173 Kalifornijoje, ta\u010diau tikimasi, kad ji bus i\u0161pl\u0117sta iki met\u0173 pabaigos.<\/p>\n<p>Automobili\u0173 nuomos mil\u017einas \u201eHertz\u201c anks\u010diau pirko didel\u012f \u201eTesla\u201c automobili\u0173 park\u0105, siekdamas elektrifikuoti savo nuomojam\u0105 park\u0105.<\/p>\n<p>Ta\u010diau \u201eHertz\u201c per pastaruosius 2 metus atsisak\u0117 \u201eTesla\u201c transporto priemoni\u0173 ir jas parduodavo, nes ma\u017e\u0117janti perpardavimo vert\u0117 su\u017elugd\u0117 jo parko ekonomik\u0105, nes \u201eTesla\u201c suma\u017eino kainas d\u0117l ma\u017e\u0117jan\u010dios paklausos per pastaruosius 3 metus.<\/p>\n<h2 class=\"wp-block-heading\" id=\"h-electrek-s-take\">Electrek Take<\/h2>\n<p>\u0160iuo metu JAV elektra varomus automobilius parduodantiems \u017emon\u0117ms sunku. Politikos nuoseklumo stoka lemia nenuosekli\u0105 paklaus\u0105 ir atgraso automobili\u0173 gamintojus nuo elektrini\u0173 automobili\u0173 st\u016bmimo, kaip tai daroma Europoje ir Azijoje.<\/p>\n<p>Tai ypa\u010d sud\u0117tinga automobili\u0173 gamintojams, tokiems kaip \u201eTesla\u201c, \u201eRivian\u201c ir \u201eLucid\u201c, kurie parduoda tik elektra varomas transporto priemones, nes dauguma \u017emoni\u0173, planavusi\u0173 \u012fsigyti elektrin\u0119 transporto priemon\u0119 2025 m., jau \u012fsigijo j\u0105 tre\u010di\u0105j\u012f ketvirt\u012f ar anks\u010diau.<\/p>\n<p>Ta\u010diau \u0161i nuomos paslauga n\u0117ra bloga id\u0117ja, ta\u010diau akivaizdu, kad tai toli gra\u017eu n\u0117ra JAV paklausos problemos sprendimas.<\/p>\n<p>Ne\u012ftik\u0117tina manyti, kad \u201eTesla\u201c generalinis direktorius did\u017ei\u0105ja dalimi atsakingas u\u017e \u0161ios situacijos suk\u016brim\u0105, palaikydamas D. Trump\u0105 paskutiniuose rinkimuose.<\/p>\n<div class=\"ad-disclaimer-container\">\n<p class=\"disclaimer-affiliate\"><em>FTC: naudojame pajamas u\u017edirban\u010di\u0173 automobili\u0173 filial\u0173 nuorodas.<\/em> Daugiau.<\/p>\n<p><img loading=\"lazy\" decoding=\"async\" class=\"alignnone size-full wp-image-442716\" src=\"https:\/\/electrek.co\/wp-content\/uploads\/sites\/3\/2025\/11\/Electrek-Banner-Ad-CXC-10th-Raffle-750_150.jpg?quality=82&amp;strip=all\" alt=\"\" width=\"750\" height=\"150\"\/><\/div>\n<\/p><\/div>\n<p><br \/>\n<br \/><a href=\"https:\/\/electrek.co\/2025\/11\/10\/tesla-cant-sell-cars-so-renting-them-now\/\">Source link <\/a><\/p>\n","protected":false},"excerpt":{"rendered":"<p>Naujas Tesla modelis Y; per Tesla. Tesla pradeda nauj\u0105 automobili\u0173 nuomos program\u0105 i\u0161 savo parduotuvi\u0173 JAV, nes pardavimai smunka d\u0117l&hellip;<\/p>\n","protected":false},"author":1,"featured_media":2653,"comment_status":"open","ping_status":"open","sticky":false,"template":"","format":"standard","meta":{"om_disable_all_campaigns":false,"_monsterinsights_skip_tracking":false,"_monsterinsights_sitenote_active":false,"_monsterinsights_sitenote_note":"","_monsterinsights_sitenote_category":0,"footnotes":""},"categories":[8],"tags":[96,458,1768,4396,4397,1638,183,14,3506],"class_list":["post-2652","post","type-post","status-publish","format-standard","has-post-thumbnail","hentry","category-elektriniai-automobiliai","tag-automobiliu","tag-dabar","tag-juos","tag-nebegali","tag-nuomoja","tag-parduoti","tag-savo","tag-tesla","tag-todel"],"aioseo_notices":[],"yoast_head":"<!-- This site is optimized with the Yoast SEO plugin v26.8 - https:\/\/yoast.com\/product\/yoast-seo-wordpress\/ -->\n<title>\u201eTesla\u201c nebegali parduoti savo automobili\u0173, tod\u0117l dabar juos nuomoja - Eautomobiliai.lt<\/title>\n<meta name=\"robots\" content=\"index, follow, max-snippet:-1, max-image-preview:large, max-video-preview:-1\" \/>\n<link rel=\"canonical\" href=\"https:\/\/eautomobiliai.lt\/index.php\/2025\/11\/10\/tesla-nebegali-parduoti-savo-automobiliu-todel-dabar-juos-nuomoja\/\" \/>\n<meta property=\"og:locale\" content=\"lt_LT\" \/>\n<meta property=\"og:type\" content=\"article\" \/>\n<meta property=\"og:title\" content=\"\u201eTesla\u201c nebegali parduoti savo automobili\u0173, tod\u0117l dabar juos nuomoja - Eautomobiliai.lt\" \/>\n<meta property=\"og:description\" content=\"Naujas Tesla modelis Y; per Tesla. Tesla pradeda nauj\u0105 automobili\u0173 nuomos program\u0105 i\u0161 savo parduotuvi\u0173 JAV, nes pardavimai smunka d\u0117l&hellip;\" \/>\n<meta property=\"og:url\" content=\"https:\/\/eautomobiliai.lt\/index.php\/2025\/11\/10\/tesla-nebegali-parduoti-savo-automobiliu-todel-dabar-juos-nuomoja\/\" \/>\n<meta property=\"og:site_name\" content=\"Eautomobiliai.lt\" \/>\n<meta property=\"article:published_time\" content=\"2025-11-10T13:45:00+00:00\" \/>\n<meta property=\"og:image\" content=\"https:\/\/eautomobiliai.lt\/wp-content\/uploads\/2025\/11\/\u201eTesla-nebegali-parduoti-savo-automobiliu-todel-dabar-juos-nuomoja.png\" \/>\n\t<meta property=\"og:image:width\" content=\"1599\" \/>\n\t<meta property=\"og:image:height\" content=\"732\" \/>\n\t<meta property=\"og:image:type\" content=\"image\/png\" \/>\n<meta name=\"author\" content=\"admin\" \/>\n<meta name=\"twitter:card\" content=\"summary_large_image\" \/>\n<meta name=\"twitter:label1\" content=\"Written by\" \/>\n\t<meta name=\"twitter:data1\" content=\"admin\" \/>\n\t<meta name=\"twitter:label2\" content=\"Est. reading time\" \/>\n\t<meta name=\"twitter:data2\" content=\"2 minut\u0117s\" \/>\n<script type=\"application\/ld+json\" class=\"yoast-schema-graph\">{\"@context\":\"https:\/\/schema.org\",\"@graph\":[{\"@type\":\"Article\",\"@id\":\"https:\/\/eautomobiliai.lt\/index.php\/2025\/11\/10\/tesla-nebegali-parduoti-savo-automobiliu-todel-dabar-juos-nuomoja\/#article\",\"isPartOf\":{\"@id\":\"https:\/\/eautomobiliai.lt\/index.php\/2025\/11\/10\/tesla-nebegali-parduoti-savo-automobiliu-todel-dabar-juos-nuomoja\/\"},\"author\":{\"name\":\"admin\",\"@id\":\"https:\/\/eautomobiliai.lt\/#\/schema\/person\/ecf2a967f361217d056061f74deb92f2\"},\"headline\":\"\u201eTesla\u201c nebegali parduoti savo automobili\u0173, tod\u0117l dabar juos nuomoja\",\"datePublished\":\"2025-11-10T13:45:00+00:00\",\"mainEntityOfPage\":{\"@id\":\"https:\/\/eautomobiliai.lt\/index.php\/2025\/11\/10\/tesla-nebegali-parduoti-savo-automobiliu-todel-dabar-juos-nuomoja\/\"},\"wordCount\":403,\"commentCount\":0,\"image\":{\"@id\":\"https:\/\/eautomobiliai.lt\/index.php\/2025\/11\/10\/tesla-nebegali-parduoti-savo-automobiliu-todel-dabar-juos-nuomoja\/#primaryimage\"},\"thumbnailUrl\":\"http:\/\/eautomobiliai.lt\/wp-content\/uploads\/2025\/11\/\u201eTesla-nebegali-parduoti-savo-automobiliu-todel-dabar-juos-nuomoja.png\",\"keywords\":[\"automobili\u0173\",\"dabar\",\"juos\",\"nebegali\",\"nuomoja\",\"parduoti\",\"savo\",\"Tesla\",\"tod\u0117l\"],\"articleSection\":[\"ELEKTRINIAI AUTOMOBILIAI\"],\"inLanguage\":\"lt-LT\",\"potentialAction\":[{\"@type\":\"CommentAction\",\"name\":\"Comment\",\"target\":[\"https:\/\/eautomobiliai.lt\/index.php\/2025\/11\/10\/tesla-nebegali-parduoti-savo-automobiliu-todel-dabar-juos-nuomoja\/#respond\"]}]},{\"@type\":\"WebPage\",\"@id\":\"https:\/\/eautomobiliai.lt\/index.php\/2025\/11\/10\/tesla-nebegali-parduoti-savo-automobiliu-todel-dabar-juos-nuomoja\/\",\"url\":\"https:\/\/eautomobiliai.lt\/index.php\/2025\/11\/10\/tesla-nebegali-parduoti-savo-automobiliu-todel-dabar-juos-nuomoja\/\",\"name\":\"\u201eTesla\u201c nebegali parduoti savo automobili\u0173, tod\u0117l dabar juos nuomoja - Eautomobiliai.lt\",\"isPartOf\":{\"@id\":\"https:\/\/eautomobiliai.lt\/#website\"},\"primaryImageOfPage\":{\"@id\":\"https:\/\/eautomobiliai.lt\/index.php\/2025\/11\/10\/tesla-nebegali-parduoti-savo-automobiliu-todel-dabar-juos-nuomoja\/#primaryimage\"},\"image\":{\"@id\":\"https:\/\/eautomobiliai.lt\/index.php\/2025\/11\/10\/tesla-nebegali-parduoti-savo-automobiliu-todel-dabar-juos-nuomoja\/#primaryimage\"},\"thumbnailUrl\":\"http:\/\/eautomobiliai.lt\/wp-content\/uploads\/2025\/11\/\u201eTesla-nebegali-parduoti-savo-automobiliu-todel-dabar-juos-nuomoja.png\",\"datePublished\":\"2025-11-10T13:45:00+00:00\",\"author\":{\"@id\":\"https:\/\/eautomobiliai.lt\/#\/schema\/person\/ecf2a967f361217d056061f74deb92f2\"},\"breadcrumb\":{\"@id\":\"https:\/\/eautomobiliai.lt\/index.php\/2025\/11\/10\/tesla-nebegali-parduoti-savo-automobiliu-todel-dabar-juos-nuomoja\/#breadcrumb\"},\"inLanguage\":\"lt-LT\",\"potentialAction\":[{\"@type\":\"ReadAction\",\"target\":[\"https:\/\/eautomobiliai.lt\/index.php\/2025\/11\/10\/tesla-nebegali-parduoti-savo-automobiliu-todel-dabar-juos-nuomoja\/\"]}]},{\"@type\":\"ImageObject\",\"inLanguage\":\"lt-LT\",\"@id\":\"https:\/\/eautomobiliai.lt\/index.php\/2025\/11\/10\/tesla-nebegali-parduoti-savo-automobiliu-todel-dabar-juos-nuomoja\/#primaryimage\",\"url\":\"http:\/\/eautomobiliai.lt\/wp-content\/uploads\/2025\/11\/\u201eTesla-nebegali-parduoti-savo-automobiliu-todel-dabar-juos-nuomoja.png\",\"contentUrl\":\"http:\/\/eautomobiliai.lt\/wp-content\/uploads\/2025\/11\/\u201eTesla-nebegali-parduoti-savo-automobiliu-todel-dabar-juos-nuomoja.png\",\"width\":1599,\"height\":732},{\"@type\":\"BreadcrumbList\",\"@id\":\"https:\/\/eautomobiliai.lt\/index.php\/2025\/11\/10\/tesla-nebegali-parduoti-savo-automobiliu-todel-dabar-juos-nuomoja\/#breadcrumb\",\"itemListElement\":[{\"@type\":\"ListItem\",\"position\":1,\"name\":\"Home\",\"item\":\"https:\/\/eautomobiliai.lt\/\"},{\"@type\":\"ListItem\",\"position\":2,\"name\":\"\u201eTesla\u201c nebegali parduoti savo automobili\u0173, tod\u0117l dabar juos nuomoja\"}]},{\"@type\":\"WebSite\",\"@id\":\"https:\/\/eautomobiliai.lt\/#website\",\"url\":\"https:\/\/eautomobiliai.lt\/\",\"name\":\"Eautomobiliai.lt\",\"description\":\"Elektrinis transportas, technologijos\",\"potentialAction\":[{\"@type\":\"SearchAction\",\"target\":{\"@type\":\"EntryPoint\",\"urlTemplate\":\"https:\/\/eautomobiliai.lt\/?s={search_term_string}\"},\"query-input\":{\"@type\":\"PropertyValueSpecification\",\"valueRequired\":true,\"valueName\":\"search_term_string\"}}],\"inLanguage\":\"lt-LT\"},{\"@type\":\"Person\",\"@id\":\"https:\/\/eautomobiliai.lt\/#\/schema\/person\/ecf2a967f361217d056061f74deb92f2\",\"name\":\"admin\",\"image\":{\"@type\":\"ImageObject\",\"inLanguage\":\"lt-LT\",\"@id\":\"https:\/\/eautomobiliai.lt\/#\/schema\/person\/image\/\",\"url\":\"https:\/\/secure.gravatar.com\/avatar\/6323379efae0c70c686c7905444d6bbd?s=96&d=mm&r=g\",\"contentUrl\":\"https:\/\/secure.gravatar.com\/avatar\/6323379efae0c70c686c7905444d6bbd?s=96&d=mm&r=g\",\"caption\":\"admin\"},\"sameAs\":[\"http:\/\/eautomobiliai.lt\"],\"url\":\"http:\/\/eautomobiliai.lt\/index.php\/author\/admin\/\"}]}<\/script>\n<!-- \/ Yoast SEO plugin. -->","yoast_head_json":{"title":"\u201eTesla\u201c nebegali parduoti savo automobili\u0173, tod\u0117l dabar juos nuomoja - Eautomobiliai.lt","robots":{"index":"index","follow":"follow","max-snippet":"max-snippet:-1","max-image-preview":"max-image-preview:large","max-video-preview":"max-video-preview:-1"},"canonical":"https:\/\/eautomobiliai.lt\/index.php\/2025\/11\/10\/tesla-nebegali-parduoti-savo-automobiliu-todel-dabar-juos-nuomoja\/","og_locale":"lt_LT","og_type":"article","og_title":"\u201eTesla\u201c nebegali parduoti savo automobili\u0173, tod\u0117l dabar juos nuomoja - Eautomobiliai.lt","og_description":"Naujas Tesla modelis Y; per Tesla. Tesla pradeda nauj\u0105 automobili\u0173 nuomos program\u0105 i\u0161 savo parduotuvi\u0173 JAV, nes pardavimai smunka d\u0117l&hellip;","og_url":"https:\/\/eautomobiliai.lt\/index.php\/2025\/11\/10\/tesla-nebegali-parduoti-savo-automobiliu-todel-dabar-juos-nuomoja\/","og_site_name":"Eautomobiliai.lt","article_published_time":"2025-11-10T13:45:00+00:00","og_image":[{"width":1599,"height":732,"url":"https:\/\/eautomobiliai.lt\/wp-content\/uploads\/2025\/11\/\u201eTesla-nebegali-parduoti-savo-automobiliu-todel-dabar-juos-nuomoja.png","type":"image\/png"}],"author":"admin","twitter_card":"summary_large_image","twitter_misc":{"Written by":"admin","Est. reading time":"2 minut\u0117s"},"schema":{"@context":"https:\/\/schema.org","@graph":[{"@type":"Article","@id":"https:\/\/eautomobiliai.lt\/index.php\/2025\/11\/10\/tesla-nebegali-parduoti-savo-automobiliu-todel-dabar-juos-nuomoja\/#article","isPartOf":{"@id":"https:\/\/eautomobiliai.lt\/index.php\/2025\/11\/10\/tesla-nebegali-parduoti-savo-automobiliu-todel-dabar-juos-nuomoja\/"},"author":{"name":"admin","@id":"https:\/\/eautomobiliai.lt\/#\/schema\/person\/ecf2a967f361217d056061f74deb92f2"},"headline":"\u201eTesla\u201c nebegali parduoti savo automobili\u0173, tod\u0117l dabar juos nuomoja","datePublished":"2025-11-10T13:45:00+00:00","mainEntityOfPage":{"@id":"https:\/\/eautomobiliai.lt\/index.php\/2025\/11\/10\/tesla-nebegali-parduoti-savo-automobiliu-todel-dabar-juos-nuomoja\/"},"wordCount":403,"commentCount":0,"image":{"@id":"https:\/\/eautomobiliai.lt\/index.php\/2025\/11\/10\/tesla-nebegali-parduoti-savo-automobiliu-todel-dabar-juos-nuomoja\/#primaryimage"},"thumbnailUrl":"http:\/\/eautomobiliai.lt\/wp-content\/uploads\/2025\/11\/\u201eTesla-nebegali-parduoti-savo-automobiliu-todel-dabar-juos-nuomoja.png","keywords":["automobili\u0173","dabar","juos","nebegali","nuomoja","parduoti","savo","Tesla","tod\u0117l"],"articleSection":["ELEKTRINIAI AUTOMOBILIAI"],"inLanguage":"lt-LT","potentialAction":[{"@type":"CommentAction","name":"Comment","target":["https:\/\/eautomobiliai.lt\/index.php\/2025\/11\/10\/tesla-nebegali-parduoti-savo-automobiliu-todel-dabar-juos-nuomoja\/#respond"]}]},{"@type":"WebPage","@id":"https:\/\/eautomobiliai.lt\/index.php\/2025\/11\/10\/tesla-nebegali-parduoti-savo-automobiliu-todel-dabar-juos-nuomoja\/","url":"https:\/\/eautomobiliai.lt\/index.php\/2025\/11\/10\/tesla-nebegali-parduoti-savo-automobiliu-todel-dabar-juos-nuomoja\/","name":"\u201eTesla\u201c nebegali parduoti savo automobili\u0173, tod\u0117l dabar juos nuomoja - Eautomobiliai.lt","isPartOf":{"@id":"https:\/\/eautomobiliai.lt\/#website"},"primaryImageOfPage":{"@id":"https:\/\/eautomobiliai.lt\/index.php\/2025\/11\/10\/tesla-nebegali-parduoti-savo-automobiliu-todel-dabar-juos-nuomoja\/#primaryimage"},"image":{"@id":"https:\/\/eautomobiliai.lt\/index.php\/2025\/11\/10\/tesla-nebegali-parduoti-savo-automobiliu-todel-dabar-juos-nuomoja\/#primaryimage"},"thumbnailUrl":"http:\/\/eautomobiliai.lt\/wp-content\/uploads\/2025\/11\/\u201eTesla-nebegali-parduoti-savo-automobiliu-todel-dabar-juos-nuomoja.png","datePublished":"2025-11-10T13:45:00+00:00","author":{"@id":"https:\/\/eautomobiliai.lt\/#\/schema\/person\/ecf2a967f361217d056061f74deb92f2"},"breadcrumb":{"@id":"https:\/\/eautomobiliai.lt\/index.php\/2025\/11\/10\/tesla-nebegali-parduoti-savo-automobiliu-todel-dabar-juos-nuomoja\/#breadcrumb"},"inLanguage":"lt-LT","potentialAction":[{"@type":"ReadAction","target":["https:\/\/eautomobiliai.lt\/index.php\/2025\/11\/10\/tesla-nebegali-parduoti-savo-automobiliu-todel-dabar-juos-nuomoja\/"]}]},{"@type":"ImageObject","inLanguage":"lt-LT","@id":"https:\/\/eautomobiliai.lt\/index.php\/2025\/11\/10\/tesla-nebegali-parduoti-savo-automobiliu-todel-dabar-juos-nuomoja\/#primaryimage","url":"http:\/\/eautomobiliai.lt\/wp-content\/uploads\/2025\/11\/\u201eTesla-nebegali-parduoti-savo-automobiliu-todel-dabar-juos-nuomoja.png","contentUrl":"http:\/\/eautomobiliai.lt\/wp-content\/uploads\/2025\/11\/\u201eTesla-nebegali-parduoti-savo-automobiliu-todel-dabar-juos-nuomoja.png","width":1599,"height":732},{"@type":"BreadcrumbList","@id":"https:\/\/eautomobiliai.lt\/index.php\/2025\/11\/10\/tesla-nebegali-parduoti-savo-automobiliu-todel-dabar-juos-nuomoja\/#breadcrumb","itemListElement":[{"@type":"ListItem","position":1,"name":"Home","item":"https:\/\/eautomobiliai.lt\/"},{"@type":"ListItem","position":2,"name":"\u201eTesla\u201c nebegali parduoti savo automobili\u0173, tod\u0117l dabar juos nuomoja"}]},{"@type":"WebSite","@id":"https:\/\/eautomobiliai.lt\/#website","url":"https:\/\/eautomobiliai.lt\/","name":"Eautomobiliai.lt","description":"Elektrinis transportas, technologijos","potentialAction":[{"@type":"SearchAction","target":{"@type":"EntryPoint","urlTemplate":"https:\/\/eautomobiliai.lt\/?s={search_term_string}"},"query-input":{"@type":"PropertyValueSpecification","valueRequired":true,"valueName":"search_term_string"}}],"inLanguage":"lt-LT"},{"@type":"Person","@id":"https:\/\/eautomobiliai.lt\/#\/schema\/person\/ecf2a967f361217d056061f74deb92f2","name":"admin","image":{"@type":"ImageObject","inLanguage":"lt-LT","@id":"https:\/\/eautomobiliai.lt\/#\/schema\/person\/image\/","url":"https:\/\/secure.gravatar.com\/avatar\/6323379efae0c70c686c7905444d6bbd?s=96&d=mm&r=g","contentUrl":"https:\/\/secure.gravatar.com\/avatar\/6323379efae0c70c686c7905444d6bbd?s=96&d=mm&r=g","caption":"admin"},"sameAs":["http:\/\/eautomobiliai.lt"],"url":"http:\/\/eautomobiliai.lt\/index.php\/author\/admin\/"}]}},"_links":{"self":[{"href":"http:\/\/eautomobiliai.lt\/index.php\/wp-json\/wp\/v2\/posts\/2652","targetHints":{"allow":["GET"]}}],"collection":[{"href":"http:\/\/eautomobiliai.lt\/index.php\/wp-json\/wp\/v2\/posts"}],"about":[{"href":"http:\/\/eautomobiliai.lt\/index.php\/wp-json\/wp\/v2\/types\/post"}],"author":[{"embeddable":true,"href":"http:\/\/eautomobiliai.lt\/index.php\/wp-json\/wp\/v2\/users\/1"}],"replies":[{"embeddable":true,"href":"http:\/\/eautomobiliai.lt\/index.php\/wp-json\/wp\/v2\/comments?post=2652"}],"version-history":[{"count":0,"href":"http:\/\/eautomobiliai.lt\/index.php\/wp-json\/wp\/v2\/posts\/2652\/revisions"}],"wp:featuredmedia":[{"embeddable":true,"href":"http:\/\/eautomobiliai.lt\/index.php\/wp-json\/wp\/v2\/media\/2653"}],"wp:attachment":[{"href":"http:\/\/eautomobiliai.lt\/index.php\/wp-json\/wp\/v2\/media?parent=2652"}],"wp:term":[{"taxonomy":"category","embeddable":true,"href":"http:\/\/eautomobiliai.lt\/index.php\/wp-json\/wp\/v2\/categories?post=2652"},{"taxonomy":"post_tag","embeddable":true,"href":"http:\/\/eautomobiliai.lt\/index.php\/wp-json\/wp\/v2\/tags?post=2652"}],"curies":[{"name":"wp","href":"https:\/\/api.w.org\/{rel}","templated":true}]}}