{"id":2738,"date":"2025-11-19T18:57:36","date_gmt":"2025-11-19T18:57:36","guid":{"rendered":"https:\/\/eautomobiliai.lt\/index.php\/2025\/11\/19\/renault-australijoje-pristato-elektrine-scenic-e-tech-naujojo-modelio-versija\/"},"modified":"2025-11-19T18:57:36","modified_gmt":"2025-11-19T18:57:36","slug":"renault-australijoje-pristato-elektrine-scenic-e-tech-naujojo-modelio-versija","status":"publish","type":"post","link":"http:\/\/eautomobiliai.lt\/index.php\/2025\/11\/19\/renault-australijoje-pristato-elektrine-scenic-e-tech-naujojo-modelio-versija\/","title":{"rendered":"\u201eRenault\u201c Australijoje pristato elektrin\u0119 \u201eScenic e-tech\u201c naujojo modelio versij\u0105"},"content":{"rendered":"<p> <br \/>\n<\/p>\n<div id=\"\">\n<p>Vienas i\u0161 nauj\u0173 transporto priemoni\u0173 leidim\u0173 neseniai vykusioje Melbourne Everything Electric parodoje buvo \u201eRenault Scenic E-Tech\u201c. Tik ma\u017edaug pra\u0117jus\u012f m\u0117nes\u012f buvo pasi\u016blytas pristatymas Australijoje, ta\u010diau nustebino tai, kad j\u012f oficialiai pristat\u0117 Glenas Sealey (\u201eRenault Australia\u201c generalinis direktorius), \u012fskaitant kainodar\u0105 ir u\u017esakymo detales.<\/p>\n<p>Atidengimo metu Glenas pa\u017eym\u0117jo: <em>\u201e\u0160i\u0173 met\u0173 prad\u017eioje paskelb\u0117me, kad per ateinan\u010dius 18 m\u0117nesi\u0173 \u201eRenault Australia\u201c pristatys \u0161e\u0161is naujus arba atnaujintus modelius. \u201eRenault Scenic E-Tech\u201c yra tik m\u016bs\u0173 atgaivinimo programos prad\u017eia ir d\u017eiaugiam\u0117s gal\u0117dami pristatyti \u0161\u012f apdovanojimus pelnius\u012f automobil\u012f Australijoje.<\/em><\/p>\n<p>Kai kurie \u017emon\u0117s gali prisiminti Renault Scenic pavadinim\u0105 nuo 90-\u0173j\u0173 pabaigos iki 2000-\u0173j\u0173 pabaigos. Tais laikais tai buvo labai prakti\u0161kas&#8230; jei ir kiek d\u0117\u017e\u0117s i\u0161vaizdos&#8230; benzinu varomas universalas su auk\u0161tu stogu, kuriame buvo patogu ve\u017eti 5 (o v\u0117liau ir 7) \u017emones ir j\u0173 baga\u017e\u0105.<\/p>\n<p>U\u017esienyje \u017eenklelis galiojo iki 2022 m., kai jis buvo laikinai pa\u0161alintas ir buvo pakeistas visi\u0161kai pertvarkytu, tik elektra varomu modeliu. Visi\u0161kai naujas \u201eScenic E-Tech\u201c (\u201eE-Tech\u201c rei\u0161kia \u201eBEV\u201c) buvo prad\u0117tas pardavin\u0117ti Europoje 2023 m. pabaigoje ir jau toli nuo savo \u0161akn\u0173, o dabar geriausiai apib\u016bdinamas kaip vidutinio dyd\u017eio \u201ecrossover\u201c visureigis.<\/p>\n<p>Australijoje \u201eScenic E-Tech\u201c dabar galima u\u017esisakyti \u201etechno\u201c arba \u201eesprit Alpine\u201c komplektais \u2013 su 60 kWh baterija \/ 125 kW varikliu, suteikian\u010diu iki 430 km WLTP va\u017eiavimo diapazon\u0105, arba su 87 kWh akumuliatoriumi \/ 160 kW varikliu, suteikian\u010diu iki 625 km WLTP atstumo.<\/p>\n<p>Kaina 60 522 USD u\u017e 60 kWh akumuliatoriaus versij\u0105, \u0161ildomos s\u0117dyn\u0117s ir vairas, 12,3 colio skaitmeninis prietais\u0173 skydelis ir 12 coli\u0173 valdomas jutiklinis ekranas, kuriame yra \u201eAndroid Auto\u201c ir \u201eApple Carplay\u201c, taip pat visos \u012fprastos ASAS (pa\u017eangios vairuotojo pagalbos sistemos) funkcijos.<\/p>\n<p>Ilgo nuotolio \u201eTechno\u201c versija papildomai kainuoja 4000 USD (64 690 USD), u\u017e kuri\u0105 gausite didesn\u0119 baterij\u0105 (87 kWh) ir didesn\u0117s galios varikl\u012f (160 kW\/300 Nm).<\/p>\n<figure id=\"attachment_192197\" aria-describedby=\"caption-attachment-192197\" style=\"width: 1160px\" class=\"wp-caption aligncenter\"><img loading=\"lazy\" decoding=\"async\" class=\"wp-image-192197 size-large\" src=\"https:\/\/thedriven.io\/wp-content\/uploads\/2025\/11\/Renault-Scenic-E-Tech_drivers-interior_LHD-model-1160x774.jpeg\" alt=\"\" width=\"1160\" height=\"774\" srcset=\"https:\/\/thedriven.io\/wp-content\/uploads\/2025\/11\/Renault-Scenic-E-Tech_drivers-interior_LHD-model-1160x774.jpeg 1160w, https:\/\/thedriven.io\/wp-content\/uploads\/2025\/11\/Renault-Scenic-E-Tech_drivers-interior_LHD-model-388x259.jpeg 388w, https:\/\/thedriven.io\/wp-content\/uploads\/2025\/11\/Renault-Scenic-E-Tech_drivers-interior_LHD-model-800x534.jpeg 800w, https:\/\/thedriven.io\/wp-content\/uploads\/2025\/11\/Renault-Scenic-E-Tech_drivers-interior_LHD-model-1536x1025.jpeg 1536w, https:\/\/thedriven.io\/wp-content\/uploads\/2025\/11\/Renault-Scenic-E-Tech_drivers-interior_LHD-model-120x80.jpeg 120w, https:\/\/thedriven.io\/wp-content\/uploads\/2025\/11\/Renault-Scenic-E-Tech_drivers-interior_LHD-model-90x60.jpeg 90w, https:\/\/thedriven.io\/wp-content\/uploads\/2025\/11\/Renault-Scenic-E-Tech_drivers-interior_LHD-model-320x214.jpeg 320w, https:\/\/thedriven.io\/wp-content\/uploads\/2025\/11\/Renault-Scenic-E-Tech_drivers-interior_LHD-model-560x374.jpeg 560w, https:\/\/thedriven.io\/wp-content\/uploads\/2025\/11\/Renault-Scenic-E-Tech_drivers-interior_LHD-model-150x100.jpeg 150w, https:\/\/thedriven.io\/wp-content\/uploads\/2025\/11\/Renault-Scenic-E-Tech_drivers-interior_LHD-model-240x160.jpeg 240w, https:\/\/thedriven.io\/wp-content\/uploads\/2025\/11\/Renault-Scenic-E-Tech_drivers-interior_LHD-model-180x120.jpeg 180w, https:\/\/thedriven.io\/wp-content\/uploads\/2025\/11\/Renault-Scenic-E-Tech_drivers-interior_LHD-model-640x427.jpeg 640w, https:\/\/thedriven.io\/wp-content\/uploads\/2025\/11\/Renault-Scenic-E-Tech_drivers-interior_LHD-model-1120x747.jpeg 1120w, https:\/\/thedriven.io\/wp-content\/uploads\/2025\/11\/Renault-Scenic-E-Tech_drivers-interior_LHD-model-1600x1068.jpeg 1600w, https:\/\/thedriven.io\/wp-content\/uploads\/2025\/11\/Renault-Scenic-E-Tech_drivers-interior_LHD-model-300x200.jpeg 300w, https:\/\/thedriven.io\/wp-content\/uploads\/2025\/11\/Renault-Scenic-E-Tech_drivers-interior_LHD-model.jpeg 1800w\" sizes=\"auto, (max-width: 1160px) 100vw, 1160px\"\/><figcaption id=\"caption-attachment-192197\" class=\"wp-caption-text\">Nuotrauka: Renault Australia<\/figcaption><\/figure>\n<p>Visose versijose yra vairo mentel\u0117s, skirtos reguliuoti regeneracinio stabdymo lygius: beje, \u0161i funkcija man atrodo ypa\u010d vertinga&#8230; ir galb\u016bt jos labiausiai pasigendu BEV, kuriuose j\u0173 n\u0117ra.<\/p>\n<p>Baga\u017eo erdv\u0117 yra patogi 545 litrai (galin\u0117s s\u0117dyn\u0117s auk\u0161tyn, po baga\u017eo lentyna) arba iki 1670 litr\u0173, nuleidus galines s\u0117dynes ir pakrautas iki patrank\u0173. Visuose modeliuose bus standartiniai naujinimai belaid\u017eiu b\u016bdu, prieiga prie \u201eMyRenault App\u201c ir \u012fterptoji \u201eGoogle\u201c sistema, leid\u017eianti balsu valdyti iki 70 funkcij\u0173 automobilyje, \u012fskaitant daugel\u012f kit\u0173, ne tik informacijos ir pramog\u0173 sistemos.<\/p>\n<p>U\u017e dar 6000 USD galite v\u0117l pereiti prie \u201eesprit Alpine\u201c versijos, kuri pateikiama tik su didesniu akumuliatoriaus ir variklio deriniu. Prie to pridedami 20 coli\u0173 ratai su \u017eemesnio profilio padangomis (techno \u2013 19 coli\u0173), Harmon Kardon 9 garsiakalbi\u0173 garso sistemos atnaujinimas ir elektrin\u0117s priekin\u0117s s\u0117dyn\u0117s.<\/p>\n<p>Interjeras taip pat yra \u201eAlpi\u0173 temos\u201c \u2013 nors kas tiksliai bus Australijoje, dar nepatvirtinta. U\u017esienyje \u0161i tema apima sportines s\u0117dynes su m\u0117lynomis si\u016bl\u0117mis ir Alpi\u0173 \u017eenkleliu, med\u017eiagin\u012f prietais\u0173 skydel\u012f, Alpi\u0173 \u017eenkleliu pa\u017eenklint\u0105 vair\u0105, m\u0117lyn\u0105 kilim\u0105 ir m\u0117lynas detales daiktad\u0117\u017e\u0117se bei dureli\u0173 skydelio \u012fd\u0117klus.<\/p>\n<p>Kintamosios srov\u0117s \u012fkrovimas yra iki 11 kW, o DC \u2013 iki 130 kW 60 kW akumuliatoriui ir 150 kW 87 kWh versijoms.<\/p>\n<div id=\"ez-toc-container\" class=\"ez-toc-v2_0_82_2 counter-hierarchy ez-toc-counter ez-toc-grey ez-toc-container-direction\">\n<div class=\"ez-toc-title-container\">\n<p class=\"ez-toc-title\" style=\"cursor:inherit\">Turinys:<\/p>\n<span class=\"ez-toc-title-toggle\"><a href=\"#\" class=\"ez-toc-pull-right ez-toc-btn ez-toc-btn-xs ez-toc-btn-default ez-toc-toggle\" aria-label=\"Toggle Table of Content\"><span class=\"ez-toc-js-icon-con\"><span class=\"\"><span class=\"eztoc-hide\" style=\"display:none;\">Toggle<\/span><span class=\"ez-toc-icon-toggle-span\"><svg style=\"fill: #999;color:#999\" xmlns=\"http:\/\/www.w3.org\/2000\/svg\" class=\"list-377408\" width=\"20px\" height=\"20px\" viewBox=\"0 0 24 24\" fill=\"none\"><path d=\"M6 6H4v2h2V6zm14 0H8v2h12V6zM4 11h2v2H4v-2zm16 0H8v2h12v-2zM4 16h2v2H4v-2zm16 0H8v2h12v-2z\" fill=\"currentColor\"><\/path><\/svg><svg style=\"fill: #999;color:#999\" class=\"arrow-unsorted-368013\" xmlns=\"http:\/\/www.w3.org\/2000\/svg\" width=\"10px\" height=\"10px\" viewBox=\"0 0 24 24\" version=\"1.2\" baseProfile=\"tiny\"><path d=\"M18.2 9.3l-6.2-6.3-6.2 6.3c-.2.2-.3.4-.3.7s.1.5.3.7c.2.2.4.3.7.3h11c.3 0 .5-.1.7-.3.2-.2.3-.5.3-.7s-.1-.5-.3-.7zM5.8 14.7l6.2 6.3 6.2-6.3c.2-.2.3-.5.3-.7s-.1-.5-.3-.7c-.2-.2-.4-.3-.7-.3h-11c-.3 0-.5.1-.7.3-.2.2-.3.5-.3.7s.1.5.3.7z\"\/><\/svg><\/span><\/span><\/span><\/a><\/span><\/div>\n<nav><ul class='ez-toc-list ez-toc-list-level-1 ' ><li class='ez-toc-page-1 ez-toc-heading-level-3'><a class=\"ez-toc-link ez-toc-heading-1\" href=\"http:\/\/eautomobiliai.lt\/index.php\/2025\/11\/19\/renault-australijoje-pristato-elektrine-scenic-e-tech-naujojo-modelio-versija\/#Garantija_ir_aptarnavimas\" >Garantija ir aptarnavimas<\/a><\/li><li class='ez-toc-page-1 ez-toc-heading-level-3'><a class=\"ez-toc-link ez-toc-heading-2\" href=\"http:\/\/eautomobiliai.lt\/index.php\/2025\/11\/19\/renault-australijoje-pristato-elektrine-scenic-e-tech-naujojo-modelio-versija\/#Kada_atvyks\" >Kada atvyks?<\/a><\/li><li class='ez-toc-page-1 ez-toc-heading-level-3'><a class=\"ez-toc-link ez-toc-heading-3\" href=\"http:\/\/eautomobiliai.lt\/index.php\/2025\/11\/19\/renault-australijoje-pristato-elektrine-scenic-e-tech-naujojo-modelio-versija\/#Spustelekite_cia_kad_pamatytumete_specifikaciju_lapa\" >Spustel\u0117kite \u010dia, kad pamatytum\u0117te specifikacij\u0173 lap\u0105<\/a><\/li><\/ul><\/nav><\/div>\n<h3><span class=\"ez-toc-section\" id=\"Garantija_ir_aptarnavimas\"><\/span>Garantija ir aptarnavimas<span class=\"ez-toc-section-end\"><\/span><\/h3>\n<p>\u201eRenault\u201c si\u016blo 5 metus \/ 100 000 km su \u201eScenic E-tech\u201c ir 8 metus \/ 160 000 km su akumuliatoriumi (iki 70 %) kartu su nemokam\u0105 5 met\u0173 24 valandas per par\u0105, 7 dienas per savait\u0119 teikiam\u0105 pagalbos kelyje paket\u0105. Technin\u0117s prie\u017ei\u016bros intervalas yra 1 metai arba 30 000 km (atsi\u017evelgiant \u012f tai, kas \u012fvyks anks\u010diau).<\/p>\n<h3><span class=\"ez-toc-section\" id=\"Kada_atvyks\"><\/span>Kada atvyks?<span class=\"ez-toc-section-end\"><\/span><\/h3>\n<p>\u201eRenault\u201c paskelb\u0117, kad auk\u0161\u010diausios klas\u0117s \u201eRenault Scenic Esprit Alpine\u201c prad\u0117s pirmauti vietiniam i\u0161leidimui, prie\u0161 pasirodant kitiems variantams. Tikimasi, kad pristatymai prasid\u0117s \u0161i\u0173 met\u0173 pabaigoje arba 2026 m. prad\u017eioje.<\/p>\n<h3><span class=\"ez-toc-section\" id=\"Spustelekite_cia_kad_pamatytumete_specifikaciju_lapa\"><\/span>Spustel\u0117kite \u010dia, kad pamatytum\u0117te specifikacij\u0173 lap\u0105<span class=\"ez-toc-section-end\"><\/span><\/h3>\n<div class=\"saboxplugin-wrap\" itemtype=\"http:\/\/schema.org\/Person\" itemscope=\"\" itemprop=\"author\">\n<div class=\"saboxplugin-tab\">\n<div class=\"saboxplugin-gravatar\"><img decoding=\"async\" width=\"100\" height=\"100\" alt=\"Bryce'as Gatonas\" itemprop=\"image\" loading=\"lazy\" class=\"native-lazyload-js-fallback\" src=\"https:\/\/b2232832.smushcdn.com\/2232832\/wp-content\/uploads\/2021\/11\/bryce_100x100.jpg?lossy=1&amp;strip=0&amp;webp=1\"\/><img loading=\"lazy\" decoding=\"async\" src=\"https:\/\/thedriven.io\/wp-content\/uploads\/2021\/11\/bryce_100x100.jpg\" width=\"100\" height=\"100\" alt=\"Bryce'as Gatonas\" itemprop=\"image\"\/><\/div>\n<div class=\"saboxplugin-desc\">\n<div itemprop=\"description\">\n<p>Bryce&#8217;as Gatonas yra elektrini\u0173 transporto priemoni\u0173 ekspertas ir \u201eThe Driven and Renew Economy\u201c bendradarbis. Jis dirba elektromobili\u0173 sektoriuje nuo 2008 m. ir \u0161iuo metu dirba EV elektros saugos treneriu \/ vadovu Melburno universitete. Jis taip pat teikia param\u0105 EV Transition verslui, vyriausybei ir visuomenei per savo EV Transition konsultacij\u0105 <i>EVchoice<\/i>.<\/p>\n<\/div>\n<\/div>\n<\/div>\n<\/div>\n<p><!-- AI CONTENT END 1 --><\/p><\/div>\n<p><br \/>\n<br \/><a href=\"https:\/\/thedriven.io\/2025\/11\/19\/renault-launches-electric-scenic-e-tech-in-australia-in-new-model-refresh\/\">Source link <\/a><\/p>\n","protected":false},"excerpt":{"rendered":"<p>Vienas i\u0161 nauj\u0173 transporto priemoni\u0173 leidim\u0173 neseniai vykusioje Melbourne Everything Electric parodoje buvo \u201eRenault Scenic E-Tech\u201c. Tik ma\u017edaug pra\u0117jus\u012f m\u0117nes\u012f&hellip;<\/p>\n","protected":false},"author":1,"featured_media":2739,"comment_status":"open","ping_status":"open","sticky":false,"template":"","format":"standard","meta":{"om_disable_all_campaigns":false,"_monsterinsights_skip_tracking":false,"_monsterinsights_sitenote_active":false,"_monsterinsights_sitenote_note":"","_monsterinsights_sitenote_category":0,"footnotes":""},"categories":[39],"tags":[115,152,4494,874,1647,1276,444,4493,585],"class_list":["post-2738","post","type-post","status-publish","format-standard","has-post-thumbnail","hentry","category-eautomobiliu-technine-puse","tag-australijoje","tag-elektrine","tag-etech","tag-modelio","tag-naujojo","tag-pristato","tag-renault","tag-scenic","tag-versija"],"aioseo_notices":[],"yoast_head":"<!-- This site is optimized with the Yoast SEO plugin v26.8 - https:\/\/yoast.com\/product\/yoast-seo-wordpress\/ -->\n<title>\u201eRenault\u201c Australijoje pristato elektrin\u0119 \u201eScenic e-tech\u201c naujojo modelio versij\u0105 - Eautomobiliai.lt<\/title>\n<meta name=\"robots\" content=\"index, follow, max-snippet:-1, max-image-preview:large, max-video-preview:-1\" \/>\n<link rel=\"canonical\" href=\"http:\/\/eautomobiliai.lt\/index.php\/2025\/11\/19\/renault-australijoje-pristato-elektrine-scenic-e-tech-naujojo-modelio-versija\/\" \/>\n<meta property=\"og:locale\" content=\"lt_LT\" \/>\n<meta property=\"og:type\" content=\"article\" \/>\n<meta property=\"og:title\" content=\"\u201eRenault\u201c Australijoje pristato elektrin\u0119 \u201eScenic e-tech\u201c naujojo modelio versij\u0105 - Eautomobiliai.lt\" \/>\n<meta property=\"og:description\" content=\"Vienas i\u0161 nauj\u0173 transporto priemoni\u0173 leidim\u0173 neseniai vykusioje Melbourne Everything Electric parodoje buvo \u201eRenault Scenic E-Tech\u201c. Tik ma\u017edaug pra\u0117jus\u012f m\u0117nes\u012f&hellip;\" \/>\n<meta property=\"og:url\" content=\"http:\/\/eautomobiliai.lt\/index.php\/2025\/11\/19\/renault-australijoje-pristato-elektrine-scenic-e-tech-naujojo-modelio-versija\/\" \/>\n<meta property=\"og:site_name\" content=\"Eautomobiliai.lt\" \/>\n<meta property=\"article:published_time\" content=\"2025-11-19T18:57:36+00:00\" \/>\n<meta property=\"og:image\" content=\"http:\/\/eautomobiliai.lt\/wp-content\/uploads\/2025\/11\/\u201eRenault-Australijoje-pristato-elektrine-\u201eScenic-e-tech-naujojo-modelio-versija.jpeg\" \/>\n\t<meta property=\"og:image:width\" content=\"1800\" \/>\n\t<meta property=\"og:image:height\" content=\"1051\" \/>\n\t<meta property=\"og:image:type\" content=\"image\/jpeg\" \/>\n<meta name=\"author\" content=\"admin\" \/>\n<meta name=\"twitter:card\" content=\"summary_large_image\" \/>\n<meta name=\"twitter:label1\" content=\"Written by\" \/>\n\t<meta name=\"twitter:data1\" content=\"admin\" \/>\n\t<meta name=\"twitter:label2\" content=\"Est. reading time\" \/>\n\t<meta name=\"twitter:data2\" content=\"3 minut\u0117s\" \/>\n<script type=\"application\/ld+json\" class=\"yoast-schema-graph\">{\"@context\":\"https:\/\/schema.org\",\"@graph\":[{\"@type\":\"Article\",\"@id\":\"http:\/\/eautomobiliai.lt\/index.php\/2025\/11\/19\/renault-australijoje-pristato-elektrine-scenic-e-tech-naujojo-modelio-versija\/#article\",\"isPartOf\":{\"@id\":\"http:\/\/eautomobiliai.lt\/index.php\/2025\/11\/19\/renault-australijoje-pristato-elektrine-scenic-e-tech-naujojo-modelio-versija\/\"},\"author\":{\"name\":\"admin\",\"@id\":\"https:\/\/eautomobiliai.lt\/#\/schema\/person\/ecf2a967f361217d056061f74deb92f2\"},\"headline\":\"\u201eRenault\u201c Australijoje pristato elektrin\u0119 \u201eScenic e-tech\u201c naujojo modelio versij\u0105\",\"datePublished\":\"2025-11-19T18:57:36+00:00\",\"mainEntityOfPage\":{\"@id\":\"http:\/\/eautomobiliai.lt\/index.php\/2025\/11\/19\/renault-australijoje-pristato-elektrine-scenic-e-tech-naujojo-modelio-versija\/\"},\"wordCount\":662,\"commentCount\":0,\"image\":{\"@id\":\"http:\/\/eautomobiliai.lt\/index.php\/2025\/11\/19\/renault-australijoje-pristato-elektrine-scenic-e-tech-naujojo-modelio-versija\/#primaryimage\"},\"thumbnailUrl\":\"http:\/\/eautomobiliai.lt\/wp-content\/uploads\/2025\/11\/\u201eRenault-Australijoje-pristato-elektrine-\u201eScenic-e-tech-naujojo-modelio-versija.jpeg\",\"keywords\":[\"Australijoje\",\"elektrin\u0117\",\"etech\",\"modelio\",\"naujojo\",\"pristato\",\"Renault\",\"Scenic\",\"versij\u0105\"],\"articleSection\":[\"eAUTOMOBILI\u0172 TECHNIN\u0116 PUS\u0116\"],\"inLanguage\":\"lt-LT\",\"potentialAction\":[{\"@type\":\"CommentAction\",\"name\":\"Comment\",\"target\":[\"http:\/\/eautomobiliai.lt\/index.php\/2025\/11\/19\/renault-australijoje-pristato-elektrine-scenic-e-tech-naujojo-modelio-versija\/#respond\"]}]},{\"@type\":\"WebPage\",\"@id\":\"http:\/\/eautomobiliai.lt\/index.php\/2025\/11\/19\/renault-australijoje-pristato-elektrine-scenic-e-tech-naujojo-modelio-versija\/\",\"url\":\"http:\/\/eautomobiliai.lt\/index.php\/2025\/11\/19\/renault-australijoje-pristato-elektrine-scenic-e-tech-naujojo-modelio-versija\/\",\"name\":\"\u201eRenault\u201c Australijoje pristato elektrin\u0119 \u201eScenic e-tech\u201c naujojo modelio versij\u0105 - Eautomobiliai.lt\",\"isPartOf\":{\"@id\":\"https:\/\/eautomobiliai.lt\/#website\"},\"primaryImageOfPage\":{\"@id\":\"http:\/\/eautomobiliai.lt\/index.php\/2025\/11\/19\/renault-australijoje-pristato-elektrine-scenic-e-tech-naujojo-modelio-versija\/#primaryimage\"},\"image\":{\"@id\":\"http:\/\/eautomobiliai.lt\/index.php\/2025\/11\/19\/renault-australijoje-pristato-elektrine-scenic-e-tech-naujojo-modelio-versija\/#primaryimage\"},\"thumbnailUrl\":\"http:\/\/eautomobiliai.lt\/wp-content\/uploads\/2025\/11\/\u201eRenault-Australijoje-pristato-elektrine-\u201eScenic-e-tech-naujojo-modelio-versija.jpeg\",\"datePublished\":\"2025-11-19T18:57:36+00:00\",\"author\":{\"@id\":\"https:\/\/eautomobiliai.lt\/#\/schema\/person\/ecf2a967f361217d056061f74deb92f2\"},\"breadcrumb\":{\"@id\":\"http:\/\/eautomobiliai.lt\/index.php\/2025\/11\/19\/renault-australijoje-pristato-elektrine-scenic-e-tech-naujojo-modelio-versija\/#breadcrumb\"},\"inLanguage\":\"lt-LT\",\"potentialAction\":[{\"@type\":\"ReadAction\",\"target\":[\"http:\/\/eautomobiliai.lt\/index.php\/2025\/11\/19\/renault-australijoje-pristato-elektrine-scenic-e-tech-naujojo-modelio-versija\/\"]}]},{\"@type\":\"ImageObject\",\"inLanguage\":\"lt-LT\",\"@id\":\"http:\/\/eautomobiliai.lt\/index.php\/2025\/11\/19\/renault-australijoje-pristato-elektrine-scenic-e-tech-naujojo-modelio-versija\/#primaryimage\",\"url\":\"http:\/\/eautomobiliai.lt\/wp-content\/uploads\/2025\/11\/\u201eRenault-Australijoje-pristato-elektrine-\u201eScenic-e-tech-naujojo-modelio-versija.jpeg\",\"contentUrl\":\"http:\/\/eautomobiliai.lt\/wp-content\/uploads\/2025\/11\/\u201eRenault-Australijoje-pristato-elektrine-\u201eScenic-e-tech-naujojo-modelio-versija.jpeg\",\"width\":1800,\"height\":1051},{\"@type\":\"BreadcrumbList\",\"@id\":\"http:\/\/eautomobiliai.lt\/index.php\/2025\/11\/19\/renault-australijoje-pristato-elektrine-scenic-e-tech-naujojo-modelio-versija\/#breadcrumb\",\"itemListElement\":[{\"@type\":\"ListItem\",\"position\":1,\"name\":\"Home\",\"item\":\"https:\/\/eautomobiliai.lt\/\"},{\"@type\":\"ListItem\",\"position\":2,\"name\":\"\u201eRenault\u201c Australijoje pristato elektrin\u0119 \u201eScenic e-tech\u201c naujojo modelio versij\u0105\"}]},{\"@type\":\"WebSite\",\"@id\":\"https:\/\/eautomobiliai.lt\/#website\",\"url\":\"https:\/\/eautomobiliai.lt\/\",\"name\":\"Eautomobiliai.lt\",\"description\":\"Elektrinis transportas, technologijos\",\"potentialAction\":[{\"@type\":\"SearchAction\",\"target\":{\"@type\":\"EntryPoint\",\"urlTemplate\":\"https:\/\/eautomobiliai.lt\/?s={search_term_string}\"},\"query-input\":{\"@type\":\"PropertyValueSpecification\",\"valueRequired\":true,\"valueName\":\"search_term_string\"}}],\"inLanguage\":\"lt-LT\"},{\"@type\":\"Person\",\"@id\":\"https:\/\/eautomobiliai.lt\/#\/schema\/person\/ecf2a967f361217d056061f74deb92f2\",\"name\":\"admin\",\"image\":{\"@type\":\"ImageObject\",\"inLanguage\":\"lt-LT\",\"@id\":\"https:\/\/eautomobiliai.lt\/#\/schema\/person\/image\/\",\"url\":\"https:\/\/secure.gravatar.com\/avatar\/6323379efae0c70c686c7905444d6bbd?s=96&d=mm&r=g\",\"contentUrl\":\"https:\/\/secure.gravatar.com\/avatar\/6323379efae0c70c686c7905444d6bbd?s=96&d=mm&r=g\",\"caption\":\"admin\"},\"sameAs\":[\"http:\/\/eautomobiliai.lt\"],\"url\":\"http:\/\/eautomobiliai.lt\/index.php\/author\/admin\/\"}]}<\/script>\n<!-- \/ Yoast SEO plugin. -->","yoast_head_json":{"title":"\u201eRenault\u201c Australijoje pristato elektrin\u0119 \u201eScenic e-tech\u201c naujojo modelio versij\u0105 - Eautomobiliai.lt","robots":{"index":"index","follow":"follow","max-snippet":"max-snippet:-1","max-image-preview":"max-image-preview:large","max-video-preview":"max-video-preview:-1"},"canonical":"http:\/\/eautomobiliai.lt\/index.php\/2025\/11\/19\/renault-australijoje-pristato-elektrine-scenic-e-tech-naujojo-modelio-versija\/","og_locale":"lt_LT","og_type":"article","og_title":"\u201eRenault\u201c Australijoje pristato elektrin\u0119 \u201eScenic e-tech\u201c naujojo modelio versij\u0105 - Eautomobiliai.lt","og_description":"Vienas i\u0161 nauj\u0173 transporto priemoni\u0173 leidim\u0173 neseniai vykusioje Melbourne Everything Electric parodoje buvo \u201eRenault Scenic E-Tech\u201c. Tik ma\u017edaug pra\u0117jus\u012f m\u0117nes\u012f&hellip;","og_url":"http:\/\/eautomobiliai.lt\/index.php\/2025\/11\/19\/renault-australijoje-pristato-elektrine-scenic-e-tech-naujojo-modelio-versija\/","og_site_name":"Eautomobiliai.lt","article_published_time":"2025-11-19T18:57:36+00:00","og_image":[{"width":1800,"height":1051,"url":"http:\/\/eautomobiliai.lt\/wp-content\/uploads\/2025\/11\/\u201eRenault-Australijoje-pristato-elektrine-\u201eScenic-e-tech-naujojo-modelio-versija.jpeg","type":"image\/jpeg"}],"author":"admin","twitter_card":"summary_large_image","twitter_misc":{"Written by":"admin","Est. reading time":"3 minut\u0117s"},"schema":{"@context":"https:\/\/schema.org","@graph":[{"@type":"Article","@id":"http:\/\/eautomobiliai.lt\/index.php\/2025\/11\/19\/renault-australijoje-pristato-elektrine-scenic-e-tech-naujojo-modelio-versija\/#article","isPartOf":{"@id":"http:\/\/eautomobiliai.lt\/index.php\/2025\/11\/19\/renault-australijoje-pristato-elektrine-scenic-e-tech-naujojo-modelio-versija\/"},"author":{"name":"admin","@id":"https:\/\/eautomobiliai.lt\/#\/schema\/person\/ecf2a967f361217d056061f74deb92f2"},"headline":"\u201eRenault\u201c Australijoje pristato elektrin\u0119 \u201eScenic e-tech\u201c naujojo modelio versij\u0105","datePublished":"2025-11-19T18:57:36+00:00","mainEntityOfPage":{"@id":"http:\/\/eautomobiliai.lt\/index.php\/2025\/11\/19\/renault-australijoje-pristato-elektrine-scenic-e-tech-naujojo-modelio-versija\/"},"wordCount":662,"commentCount":0,"image":{"@id":"http:\/\/eautomobiliai.lt\/index.php\/2025\/11\/19\/renault-australijoje-pristato-elektrine-scenic-e-tech-naujojo-modelio-versija\/#primaryimage"},"thumbnailUrl":"http:\/\/eautomobiliai.lt\/wp-content\/uploads\/2025\/11\/\u201eRenault-Australijoje-pristato-elektrine-\u201eScenic-e-tech-naujojo-modelio-versija.jpeg","keywords":["Australijoje","elektrin\u0117","etech","modelio","naujojo","pristato","Renault","Scenic","versij\u0105"],"articleSection":["eAUTOMOBILI\u0172 TECHNIN\u0116 PUS\u0116"],"inLanguage":"lt-LT","potentialAction":[{"@type":"CommentAction","name":"Comment","target":["http:\/\/eautomobiliai.lt\/index.php\/2025\/11\/19\/renault-australijoje-pristato-elektrine-scenic-e-tech-naujojo-modelio-versija\/#respond"]}]},{"@type":"WebPage","@id":"http:\/\/eautomobiliai.lt\/index.php\/2025\/11\/19\/renault-australijoje-pristato-elektrine-scenic-e-tech-naujojo-modelio-versija\/","url":"http:\/\/eautomobiliai.lt\/index.php\/2025\/11\/19\/renault-australijoje-pristato-elektrine-scenic-e-tech-naujojo-modelio-versija\/","name":"\u201eRenault\u201c Australijoje pristato elektrin\u0119 \u201eScenic e-tech\u201c naujojo modelio versij\u0105 - Eautomobiliai.lt","isPartOf":{"@id":"https:\/\/eautomobiliai.lt\/#website"},"primaryImageOfPage":{"@id":"http:\/\/eautomobiliai.lt\/index.php\/2025\/11\/19\/renault-australijoje-pristato-elektrine-scenic-e-tech-naujojo-modelio-versija\/#primaryimage"},"image":{"@id":"http:\/\/eautomobiliai.lt\/index.php\/2025\/11\/19\/renault-australijoje-pristato-elektrine-scenic-e-tech-naujojo-modelio-versija\/#primaryimage"},"thumbnailUrl":"http:\/\/eautomobiliai.lt\/wp-content\/uploads\/2025\/11\/\u201eRenault-Australijoje-pristato-elektrine-\u201eScenic-e-tech-naujojo-modelio-versija.jpeg","datePublished":"2025-11-19T18:57:36+00:00","author":{"@id":"https:\/\/eautomobiliai.lt\/#\/schema\/person\/ecf2a967f361217d056061f74deb92f2"},"breadcrumb":{"@id":"http:\/\/eautomobiliai.lt\/index.php\/2025\/11\/19\/renault-australijoje-pristato-elektrine-scenic-e-tech-naujojo-modelio-versija\/#breadcrumb"},"inLanguage":"lt-LT","potentialAction":[{"@type":"ReadAction","target":["http:\/\/eautomobiliai.lt\/index.php\/2025\/11\/19\/renault-australijoje-pristato-elektrine-scenic-e-tech-naujojo-modelio-versija\/"]}]},{"@type":"ImageObject","inLanguage":"lt-LT","@id":"http:\/\/eautomobiliai.lt\/index.php\/2025\/11\/19\/renault-australijoje-pristato-elektrine-scenic-e-tech-naujojo-modelio-versija\/#primaryimage","url":"http:\/\/eautomobiliai.lt\/wp-content\/uploads\/2025\/11\/\u201eRenault-Australijoje-pristato-elektrine-\u201eScenic-e-tech-naujojo-modelio-versija.jpeg","contentUrl":"http:\/\/eautomobiliai.lt\/wp-content\/uploads\/2025\/11\/\u201eRenault-Australijoje-pristato-elektrine-\u201eScenic-e-tech-naujojo-modelio-versija.jpeg","width":1800,"height":1051},{"@type":"BreadcrumbList","@id":"http:\/\/eautomobiliai.lt\/index.php\/2025\/11\/19\/renault-australijoje-pristato-elektrine-scenic-e-tech-naujojo-modelio-versija\/#breadcrumb","itemListElement":[{"@type":"ListItem","position":1,"name":"Home","item":"https:\/\/eautomobiliai.lt\/"},{"@type":"ListItem","position":2,"name":"\u201eRenault\u201c Australijoje pristato elektrin\u0119 \u201eScenic e-tech\u201c naujojo modelio versij\u0105"}]},{"@type":"WebSite","@id":"https:\/\/eautomobiliai.lt\/#website","url":"https:\/\/eautomobiliai.lt\/","name":"Eautomobiliai.lt","description":"Elektrinis transportas, technologijos","potentialAction":[{"@type":"SearchAction","target":{"@type":"EntryPoint","urlTemplate":"https:\/\/eautomobiliai.lt\/?s={search_term_string}"},"query-input":{"@type":"PropertyValueSpecification","valueRequired":true,"valueName":"search_term_string"}}],"inLanguage":"lt-LT"},{"@type":"Person","@id":"https:\/\/eautomobiliai.lt\/#\/schema\/person\/ecf2a967f361217d056061f74deb92f2","name":"admin","image":{"@type":"ImageObject","inLanguage":"lt-LT","@id":"https:\/\/eautomobiliai.lt\/#\/schema\/person\/image\/","url":"https:\/\/secure.gravatar.com\/avatar\/6323379efae0c70c686c7905444d6bbd?s=96&d=mm&r=g","contentUrl":"https:\/\/secure.gravatar.com\/avatar\/6323379efae0c70c686c7905444d6bbd?s=96&d=mm&r=g","caption":"admin"},"sameAs":["http:\/\/eautomobiliai.lt"],"url":"http:\/\/eautomobiliai.lt\/index.php\/author\/admin\/"}]}},"_links":{"self":[{"href":"http:\/\/eautomobiliai.lt\/index.php\/wp-json\/wp\/v2\/posts\/2738","targetHints":{"allow":["GET"]}}],"collection":[{"href":"http:\/\/eautomobiliai.lt\/index.php\/wp-json\/wp\/v2\/posts"}],"about":[{"href":"http:\/\/eautomobiliai.lt\/index.php\/wp-json\/wp\/v2\/types\/post"}],"author":[{"embeddable":true,"href":"http:\/\/eautomobiliai.lt\/index.php\/wp-json\/wp\/v2\/users\/1"}],"replies":[{"embeddable":true,"href":"http:\/\/eautomobiliai.lt\/index.php\/wp-json\/wp\/v2\/comments?post=2738"}],"version-history":[{"count":0,"href":"http:\/\/eautomobiliai.lt\/index.php\/wp-json\/wp\/v2\/posts\/2738\/revisions"}],"wp:featuredmedia":[{"embeddable":true,"href":"http:\/\/eautomobiliai.lt\/index.php\/wp-json\/wp\/v2\/media\/2739"}],"wp:attachment":[{"href":"http:\/\/eautomobiliai.lt\/index.php\/wp-json\/wp\/v2\/media?parent=2738"}],"wp:term":[{"taxonomy":"category","embeddable":true,"href":"http:\/\/eautomobiliai.lt\/index.php\/wp-json\/wp\/v2\/categories?post=2738"},{"taxonomy":"post_tag","embeddable":true,"href":"http:\/\/eautomobiliai.lt\/index.php\/wp-json\/wp\/v2\/tags?post=2738"}],"curies":[{"name":"wp","href":"https:\/\/api.w.org\/{rel}","templated":true}]}}