{"id":2792,"date":"2025-11-26T03:21:08","date_gmt":"2025-11-26T03:21:08","guid":{"rendered":"http:\/\/eautomobiliai.lt\/index.php\/2025\/11\/26\/byd-demonstruoja-rekordinius-savo-pirmojo-elektrinio-superautomobilio-zygdarbius\/"},"modified":"2025-11-26T03:21:08","modified_gmt":"2025-11-26T03:21:08","slug":"byd-demonstruoja-rekordinius-savo-pirmojo-elektrinio-superautomobilio-zygdarbius","status":"publish","type":"post","link":"http:\/\/eautomobiliai.lt\/index.php\/2025\/11\/26\/byd-demonstruoja-rekordinius-savo-pirmojo-elektrinio-superautomobilio-zygdarbius\/","title":{"rendered":"BYD demonstruoja rekordinius savo pirmojo elektrinio superautomobilio \u017eygdarbius"},"content":{"rendered":"<p> <br \/>\n<\/p>\n<div id=\"\">\n<p><span style=\"font-weight: 400;\">Kinijos automobili\u0173 mil\u017ein\u0117 BYD prie\u0161 kelis m\u0117nesius sumu\u0161\u0117 \u017eym\u0173 pasaulio grei\u010dio rekord\u0105 su savo pirmuoju elektriniu superautomobiliu \u2013 dviej\u0173 dur\u0173 U9 Xtreme Edition bandomuoju automobiliu, kuris veik\u0117 su prabangiu prek\u0117s \u017eenklu \u201eYangwang\u201c. <\/span><\/p>\n<p><span style=\"font-weight: 400;\">Jo na\u0161umas vir\u0161ijo ankstesn\u012f bet kurio serijinio automobilio grei\u010dio rekord\u0105, pasiekdamas 496 km\/val., pralenkdamas garsius hiperautomobili\u0173 gamintojo \u201eBugatti\u201c ICE modelius.<\/span><\/p>\n<p><span style=\"font-weight: 400;\">BYD pirm\u0105 kart\u0105 visuomenei pristat\u0117 automobil\u012f Guangd\u017eou automobili\u0173 parodoje 2025, vykstan\u010dioje Kantono mug\u0117s komplekso parod\u0173 centre Guangd\u017eou, Kinijoje. <\/span><\/p>\n<p><span style=\"font-weight: 400;\">Bendrov\u0117s \u201eYangwang\u201c stende rodomas raudonas \u201eU9 Xtreme\u201c su grei\u010dio rekordu ir va\u017eiuojamas Vokietijos lenktyni\u0173 trasoje.<\/span><\/p>\n<p><span style=\"font-weight: 400;\">Pats buvau ten, kad patikrin\u010diau, o nuotraukos nepateisina aptakaus hiperautomobilio dizaino. Yra \u012fvairi\u0173 didelio na\u0161umo modifikacij\u0173, leid\u017eian\u010di\u0173 automobiliui pasiekti tok\u012f greit\u012f.<\/span><\/p>\n<figure id=\"attachment_190712\" aria-describedby=\"caption-attachment-190712\" style=\"width: 1200px\" class=\"wp-caption aligncenter\"><img loading=\"lazy\" decoding=\"async\" class=\"size-full wp-image-190712\" src=\"https:\/\/thedriven.io\/wp-content\/uploads\/2025\/09\/BYD-Yangwang-U9-Xtreme-Fastest-Car.jpg\" alt=\"\" width=\"1200\" height=\"675\" srcset=\"https:\/\/thedriven.io\/wp-content\/uploads\/2025\/09\/BYD-Yangwang-U9-Xtreme-Fastest-Car.jpg 1200w, https:\/\/thedriven.io\/wp-content\/uploads\/2025\/09\/BYD-Yangwang-U9-Xtreme-Fastest-Car-388x218.jpg 388w, https:\/\/thedriven.io\/wp-content\/uploads\/2025\/09\/BYD-Yangwang-U9-Xtreme-Fastest-Car-1160x653.jpg 1160w, https:\/\/thedriven.io\/wp-content\/uploads\/2025\/09\/BYD-Yangwang-U9-Xtreme-Fastest-Car-800x450.jpg 800w, https:\/\/thedriven.io\/wp-content\/uploads\/2025\/09\/BYD-Yangwang-U9-Xtreme-Fastest-Car-120x68.jpg 120w, https:\/\/thedriven.io\/wp-content\/uploads\/2025\/09\/BYD-Yangwang-U9-Xtreme-Fastest-Car-90x51.jpg 90w, https:\/\/thedriven.io\/wp-content\/uploads\/2025\/09\/BYD-Yangwang-U9-Xtreme-Fastest-Car-320x180.jpg 320w, https:\/\/thedriven.io\/wp-content\/uploads\/2025\/09\/BYD-Yangwang-U9-Xtreme-Fastest-Car-560x315.jpg 560w, https:\/\/thedriven.io\/wp-content\/uploads\/2025\/09\/BYD-Yangwang-U9-Xtreme-Fastest-Car-150x84.jpg 150w, https:\/\/thedriven.io\/wp-content\/uploads\/2025\/09\/BYD-Yangwang-U9-Xtreme-Fastest-Car-240x135.jpg 240w, https:\/\/thedriven.io\/wp-content\/uploads\/2025\/09\/BYD-Yangwang-U9-Xtreme-Fastest-Car-180x101.jpg 180w, https:\/\/thedriven.io\/wp-content\/uploads\/2025\/09\/BYD-Yangwang-U9-Xtreme-Fastest-Car-640x360.jpg 640w, https:\/\/thedriven.io\/wp-content\/uploads\/2025\/09\/BYD-Yangwang-U9-Xtreme-Fastest-Car-1120x630.jpg 1120w, https:\/\/thedriven.io\/wp-content\/uploads\/2025\/09\/BYD-Yangwang-U9-Xtreme-Fastest-Car-300x169.jpg 300w\" sizes=\"auto, (max-width: 1200px) 100vw, 1200px\"\/><figcaption id=\"caption-attachment-190712\" class=\"wp-caption-text\">Nuotrauka: BYD Europe<\/figcaption><\/figure>\n<p>Pirmosiomis renginio dienomis vitrina pritrauk\u0117 t\u016bkstan\u010dius \u017emoni\u0173, nes tai yra pirmoji vie\u0161a galimyb\u0117 pamatyti pavyzd\u012f po to, kai tik prie\u0161 du m\u0117nesius ji pasiek\u0117 tuos ne\u012ftik\u0117tinus grei\u010dio rekordus.<\/p>\n<p><span style=\"font-weight: 400;\">Ant daugelio 2200 kW galios dvidurio hiperautomobilio plok\u0161\u010di\u0173 yra auksiniai \u017eenklai, o tai pabr\u0117\u017eia jo grei\u010dio rekord\u0105 ir geriausi\u0105 rato laik\u0105 i\u0161 bet kurio elektromobilio. <\/span><\/p>\n<p><span style=\"font-weight: 400;\">Tai yra 6 minu\u010di\u0173 ir 59 sekund\u017ei\u0173 rato laikas ikonin\u0117je Niurburgringo trasoje Vokietijoje, tod\u0117l tai yra vienas grei\u010diausi\u0173 automobili\u0173 trasoje.<\/span><\/p>\n<p><span style=\"font-weight: 400;\">Palyginimui, ankstesnis grei\u010diausias serijinis elektromobilis buvo \u201eXiaomi SU7 Ultra\u201c, kuris \u0161i\u0173 met\u0173 bir\u017eel\u012f u\u017efiksavo rat\u0105 per kiek ma\u017eiau nei 7 minutes ir 5 sekundes.<\/span><\/p>\n<p><span style=\"font-weight: 400;\">Pastaruoju metu U9 va\u017eiavo aplink lenktyni\u0173 trasas Kinijoje ir ten taip pat pasiek\u0117 naujus rato rekordus. \u0160anchajaus lenktyni\u0173 trasoje rekordas buvo \u012fveiktas ma\u017eiau nei 2 minutes ir 5 sekundes. <\/span><\/p>\n<p><span style=\"font-weight: 400;\">Bendrov\u0117s \u201eWeibo\u201c puslapyje ji pasidalijo \u0161iuo pasiekimu: \u201e2 minut\u0117s 04,563 sekund\u0117s, grei\u010diausias serijinis automobilis \u0160anchajaus tarptautin\u0117je trasoje. Oro s\u0105lygos nebuvo tokios, kokios tik\u0117tasi, bet bandomasis va\u017eiavimas buvo t\u0119siamas po U9 Xtreme su nepajudinamu ry\u017etu. Pamat\u0117me nauj\u0105 i\u0161skirtin\u012f na\u0161um\u0105 i\u0161 pirmojo asmens perspektyvos.<\/span><\/p>\n<figure id=\"attachment_167032\" aria-describedby=\"caption-attachment-167032\" style=\"width: 1200px\" class=\"wp-caption aligncenter\"><img decoding=\"async\" class=\"size-full wp-image-167032 native-lazyload-js-fallback\" alt=\"BYD Yangwang U9 lenktyni\u0173 trasos \u201edrift\u201c galas\" width=\"1200\" height=\"675\" loading=\"lazy\" src=\"https:\/\/b2232832.smushcdn.com\/2232832\/wp-content\/uploads\/2023\/04\/BYD-Yangwang-U9-Race-Track-Drift-Rear.jpg?lossy=1&amp;strip=0&amp;webp=1\" srcset=\"https:\/\/b2232832.smushcdn.com\/2232832\/wp-content\/uploads\/2023\/04\/BYD-Yangwang-U9-Race-Track-Drift-Rear.jpg?lossy=1&amp;strip=0&amp;webp=1 1200w, https:\/\/b2232832.smushcdn.com\/2232832\/wp-content\/uploads\/2023\/04\/BYD-Yangwang-U9-Race-Track-Drift-Rear-388x218.jpg?lossy=1&amp;strip=0&amp;webp=1 388w, https:\/\/b2232832.smushcdn.com\/2232832\/wp-content\/uploads\/2023\/04\/BYD-Yangwang-U9-Race-Track-Drift-Rear-1160x653.jpg?lossy=1&amp;strip=0&amp;webp=1 1160w, https:\/\/b2232832.smushcdn.com\/2232832\/wp-content\/uploads\/2023\/04\/BYD-Yangwang-U9-Race-Track-Drift-Rear-800x450.jpg?lossy=1&amp;strip=0&amp;webp=1 800w, https:\/\/b2232832.smushcdn.com\/2232832\/wp-content\/uploads\/2023\/04\/BYD-Yangwang-U9-Race-Track-Drift-Rear-120x68.jpg?lossy=1&amp;strip=0&amp;webp=1 120w, https:\/\/b2232832.smushcdn.com\/2232832\/wp-content\/uploads\/2023\/04\/BYD-Yangwang-U9-Race-Track-Drift-Rear-90x51.jpg?lossy=1&amp;strip=0&amp;webp=1 90w, https:\/\/b2232832.smushcdn.com\/2232832\/wp-content\/uploads\/2023\/04\/BYD-Yangwang-U9-Race-Track-Drift-Rear-320x180.jpg?lossy=1&amp;strip=0&amp;webp=1 320w, https:\/\/b2232832.smushcdn.com\/2232832\/wp-content\/uploads\/2023\/04\/BYD-Yangwang-U9-Race-Track-Drift-Rear-560x315.jpg?lossy=1&amp;strip=0&amp;webp=1 560w, https:\/\/b2232832.smushcdn.com\/2232832\/wp-content\/uploads\/2023\/04\/BYD-Yangwang-U9-Race-Track-Drift-Rear-150x84.jpg?lossy=1&amp;strip=0&amp;webp=1 150w, https:\/\/b2232832.smushcdn.com\/2232832\/wp-content\/uploads\/2023\/04\/BYD-Yangwang-U9-Race-Track-Drift-Rear-240x135.jpg?lossy=1&amp;strip=0&amp;webp=1 240w, https:\/\/b2232832.smushcdn.com\/2232832\/wp-content\/uploads\/2023\/04\/BYD-Yangwang-U9-Race-Track-Drift-Rear-180x101.jpg?lossy=1&amp;strip=0&amp;webp=1 180w, https:\/\/b2232832.smushcdn.com\/2232832\/wp-content\/uploads\/2023\/04\/BYD-Yangwang-U9-Race-Track-Drift-Rear-640x360.jpg?lossy=1&amp;strip=0&amp;webp=1 640w, https:\/\/b2232832.smushcdn.com\/2232832\/wp-content\/uploads\/2023\/04\/BYD-Yangwang-U9-Race-Track-Drift-Rear-1120x630.jpg?lossy=1&amp;strip=0&amp;webp=1 1120w, https:\/\/b2232832.smushcdn.com\/2232832\/wp-content\/uploads\/2023\/04\/BYD-Yangwang-U9-Race-Track-Drift-Rear-300x169.jpg?lossy=1&amp;strip=0&amp;webp=1 300w\" data-sizes=\"(max-width: 1200px) 100vw, 1200px\"\/><img loading=\"lazy\" decoding=\"async\" class=\"size-full wp-image-167032\" src=\"https:\/\/thedriven.io\/wp-content\/uploads\/2023\/04\/BYD-Yangwang-U9-Race-Track-Drift-Rear.jpg\" alt=\"BYD Yangwang U9 lenktyni\u0173 trasos \u201edrift\u201c galas\" width=\"1200\" height=\"675\" srcset=\"https:\/\/thedriven.io\/wp-content\/uploads\/2023\/04\/BYD-Yangwang-U9-Race-Track-Drift-Rear.jpg 1200w, https:\/\/thedriven.io\/wp-content\/uploads\/2023\/04\/BYD-Yangwang-U9-Race-Track-Drift-Rear-388x218.jpg 388w, https:\/\/thedriven.io\/wp-content\/uploads\/2023\/04\/BYD-Yangwang-U9-Race-Track-Drift-Rear-1160x653.jpg 1160w, https:\/\/thedriven.io\/wp-content\/uploads\/2023\/04\/BYD-Yangwang-U9-Race-Track-Drift-Rear-800x450.jpg 800w, https:\/\/thedriven.io\/wp-content\/uploads\/2023\/04\/BYD-Yangwang-U9-Race-Track-Drift-Rear-120x68.jpg 120w, https:\/\/thedriven.io\/wp-content\/uploads\/2023\/04\/BYD-Yangwang-U9-Race-Track-Drift-Rear-90x51.jpg 90w, https:\/\/thedriven.io\/wp-content\/uploads\/2023\/04\/BYD-Yangwang-U9-Race-Track-Drift-Rear-320x180.jpg 320w, https:\/\/thedriven.io\/wp-content\/uploads\/2023\/04\/BYD-Yangwang-U9-Race-Track-Drift-Rear-560x315.jpg 560w, https:\/\/thedriven.io\/wp-content\/uploads\/2023\/04\/BYD-Yangwang-U9-Race-Track-Drift-Rear-150x84.jpg 150w, https:\/\/thedriven.io\/wp-content\/uploads\/2023\/04\/BYD-Yangwang-U9-Race-Track-Drift-Rear-240x135.jpg 240w, https:\/\/thedriven.io\/wp-content\/uploads\/2023\/04\/BYD-Yangwang-U9-Race-Track-Drift-Rear-180x101.jpg 180w, https:\/\/thedriven.io\/wp-content\/uploads\/2023\/04\/BYD-Yangwang-U9-Race-Track-Drift-Rear-640x360.jpg 640w, https:\/\/thedriven.io\/wp-content\/uploads\/2023\/04\/BYD-Yangwang-U9-Race-Track-Drift-Rear-1120x630.jpg 1120w, https:\/\/thedriven.io\/wp-content\/uploads\/2023\/04\/BYD-Yangwang-U9-Race-Track-Drift-Rear-300x169.jpg 300w\" sizes=\"auto, (max-width: 1200px) 100vw, 1200px\"\/><figcaption id=\"caption-attachment-167032\" class=\"wp-caption-text\">Vaizdas: BYD<\/figcaption><\/figure>\n<p><span style=\"font-weight: 400;\">BYD savo pirm\u0105j\u012f elektrin\u012f superautomobil\u012f \u2013 dviej\u0173 dur\u0173 U9 \u2013 pristat\u0117 2023 m. su prabangiu \u201eYangwang\u201c prek\u0117s \u017eenklu. <\/span><\/p>\n<p><span style=\"font-weight: 400;\">Po poros m\u0117nesi\u0173 buvo pasteb\u0117tas bandymas pasiekti 375 km\/h greit\u012f, gerokai vir\u0161ijant\u012f pradin\u012f 309 km\/h greit\u012f. Ta automobilio versija tur\u0117jo 960 kW keturi\u0173 varikli\u0173 j\u0117gos pavar\u0105 arba beveik 1290 AG.<\/span><\/p>\n<p><span style=\"font-weight: 400;\">Tada, \u0161i\u0173 met\u0173 rugpj\u016bt\u012f, i\u0161sami informacija i\u0161 Kinijos atskleid\u0117, kad U9 superautomobilis turi hiperautomobilio variant\u0105, kuris netrukus bus i\u0161leistas \u012f rink\u0105, kurio bendra galia yra 2200 kW d\u0117l keturra\u010dio 555 kW variklio j\u0117gos pavaros.<\/span><\/p>\n<p><span style=\"font-weight: 400;\">U9 Xtreme yra greitesnis u\u017e dabartin\u012f serijin\u012f model\u012f, kuris nuo 0 iki 100 km\/h gali \u012fsib\u0117g\u0117ti vos per 2,36 sekund\u0117s, tikslios detal\u0117s dar nepatvirtintos.<\/span><\/p>\n<p><span style=\"font-weight: 400;\">Dabartinis automobilis apr\u016bpintas 80 kWh BYD blade akumuliatoriumi, galin\u010diu nuva\u017eiuoti iki 450 km CLTC atstumo, kuris, \u017einoma, realiame pasaulyje WLTP ciklu grei\u010diausiai bus ar\u010diau 370 km \u2013 ir daug ma\u017eiau esant tokiam grei\u010diui.<\/span><\/p>\n<p><span style=\"font-weight: 400;\">Jis taip pat s\u0117di ant bendrov\u0117s 1200 V architekt\u016bros, kuri grei\u010diausiai bus perkelta \u012f b\u016bsimus modelius.<\/span><\/p>\n<p><span style=\"font-weight: 400;\">Pradin\u0117 U9 kaina yra daugiau nei A230 000 USD ir jis parduodamas visose Kinijos salonuose. \u0160is Xtreme variantas bus daugiau, nes tikimasi pagaminti tik 30 pavyzd\u017ei\u0173.<\/span><\/p>\n<p><span style=\"font-weight: 400;\">\u0160i\u0173 met\u0173 gegu\u017e\u0119 mat\u0119s U9 asmeni\u0161kai Yangwang salonuose ir bandym\u0173 trasoje \u0160end\u017eene, Xtreme variantas tikrai tur\u0117jo modifikacij\u0173. <\/span><\/p>\n<figure id=\"attachment_167031\" aria-describedby=\"caption-attachment-167031\" style=\"width: 1200px\" class=\"wp-caption aligncenter\"><img decoding=\"async\" class=\"size-full wp-image-167031 native-lazyload-js-fallback\" alt=\"BYD U9 lenktyni\u0173 trasos pus\u0117\" width=\"1200\" height=\"675\" loading=\"lazy\" src=\"https:\/\/b2232832.smushcdn.com\/2232832\/wp-content\/uploads\/2023\/04\/BYD-U9-Race-Track-Side.jpg?lossy=1&amp;strip=0&amp;webp=1\" srcset=\"https:\/\/b2232832.smushcdn.com\/2232832\/wp-content\/uploads\/2023\/04\/BYD-U9-Race-Track-Side.jpg?lossy=1&amp;strip=0&amp;webp=1 1200w, https:\/\/b2232832.smushcdn.com\/2232832\/wp-content\/uploads\/2023\/04\/BYD-U9-Race-Track-Side-388x218.jpg?lossy=1&amp;strip=0&amp;webp=1 388w, https:\/\/b2232832.smushcdn.com\/2232832\/wp-content\/uploads\/2023\/04\/BYD-U9-Race-Track-Side-1160x653.jpg?lossy=1&amp;strip=0&amp;webp=1 1160w, https:\/\/b2232832.smushcdn.com\/2232832\/wp-content\/uploads\/2023\/04\/BYD-U9-Race-Track-Side-800x450.jpg?lossy=1&amp;strip=0&amp;webp=1 800w, https:\/\/b2232832.smushcdn.com\/2232832\/wp-content\/uploads\/2023\/04\/BYD-U9-Race-Track-Side-120x68.jpg?lossy=1&amp;strip=0&amp;webp=1 120w, https:\/\/b2232832.smushcdn.com\/2232832\/wp-content\/uploads\/2023\/04\/BYD-U9-Race-Track-Side-90x51.jpg?lossy=1&amp;strip=0&amp;webp=1 90w, https:\/\/b2232832.smushcdn.com\/2232832\/wp-content\/uploads\/2023\/04\/BYD-U9-Race-Track-Side-320x180.jpg?lossy=1&amp;strip=0&amp;webp=1 320w, https:\/\/b2232832.smushcdn.com\/2232832\/wp-content\/uploads\/2023\/04\/BYD-U9-Race-Track-Side-560x315.jpg?lossy=1&amp;strip=0&amp;webp=1 560w, https:\/\/b2232832.smushcdn.com\/2232832\/wp-content\/uploads\/2023\/04\/BYD-U9-Race-Track-Side-150x84.jpg?lossy=1&amp;strip=0&amp;webp=1 150w, https:\/\/b2232832.smushcdn.com\/2232832\/wp-content\/uploads\/2023\/04\/BYD-U9-Race-Track-Side-240x135.jpg?lossy=1&amp;strip=0&amp;webp=1 240w, https:\/\/b2232832.smushcdn.com\/2232832\/wp-content\/uploads\/2023\/04\/BYD-U9-Race-Track-Side-180x101.jpg?lossy=1&amp;strip=0&amp;webp=1 180w, https:\/\/b2232832.smushcdn.com\/2232832\/wp-content\/uploads\/2023\/04\/BYD-U9-Race-Track-Side-640x360.jpg?lossy=1&amp;strip=0&amp;webp=1 640w, https:\/\/b2232832.smushcdn.com\/2232832\/wp-content\/uploads\/2023\/04\/BYD-U9-Race-Track-Side-1120x630.jpg?lossy=1&amp;strip=0&amp;webp=1 1120w, https:\/\/b2232832.smushcdn.com\/2232832\/wp-content\/uploads\/2023\/04\/BYD-U9-Race-Track-Side-300x169.jpg?lossy=1&amp;strip=0&amp;webp=1 300w\" data-sizes=\"(max-width: 1200px) 100vw, 1200px\"\/><img loading=\"lazy\" decoding=\"async\" class=\"size-full wp-image-167031\" src=\"https:\/\/thedriven.io\/wp-content\/uploads\/2023\/04\/BYD-U9-Race-Track-Side.jpg\" alt=\"BYD U9 lenktyni\u0173 trasos pus\u0117\" width=\"1200\" height=\"675\" srcset=\"https:\/\/thedriven.io\/wp-content\/uploads\/2023\/04\/BYD-U9-Race-Track-Side.jpg 1200w, https:\/\/thedriven.io\/wp-content\/uploads\/2023\/04\/BYD-U9-Race-Track-Side-388x218.jpg 388w, https:\/\/thedriven.io\/wp-content\/uploads\/2023\/04\/BYD-U9-Race-Track-Side-1160x653.jpg 1160w, https:\/\/thedriven.io\/wp-content\/uploads\/2023\/04\/BYD-U9-Race-Track-Side-800x450.jpg 800w, https:\/\/thedriven.io\/wp-content\/uploads\/2023\/04\/BYD-U9-Race-Track-Side-120x68.jpg 120w, https:\/\/thedriven.io\/wp-content\/uploads\/2023\/04\/BYD-U9-Race-Track-Side-90x51.jpg 90w, https:\/\/thedriven.io\/wp-content\/uploads\/2023\/04\/BYD-U9-Race-Track-Side-320x180.jpg 320w, https:\/\/thedriven.io\/wp-content\/uploads\/2023\/04\/BYD-U9-Race-Track-Side-560x315.jpg 560w, https:\/\/thedriven.io\/wp-content\/uploads\/2023\/04\/BYD-U9-Race-Track-Side-150x84.jpg 150w, https:\/\/thedriven.io\/wp-content\/uploads\/2023\/04\/BYD-U9-Race-Track-Side-240x135.jpg 240w, https:\/\/thedriven.io\/wp-content\/uploads\/2023\/04\/BYD-U9-Race-Track-Side-180x101.jpg 180w, https:\/\/thedriven.io\/wp-content\/uploads\/2023\/04\/BYD-U9-Race-Track-Side-640x360.jpg 640w, https:\/\/thedriven.io\/wp-content\/uploads\/2023\/04\/BYD-U9-Race-Track-Side-1120x630.jpg 1120w, https:\/\/thedriven.io\/wp-content\/uploads\/2023\/04\/BYD-U9-Race-Track-Side-300x169.jpg 300w\" sizes=\"auto, (max-width: 1200px) 100vw, 1200px\"\/><figcaption id=\"caption-attachment-167031\" class=\"wp-caption-text\">Vaizdas: BYD<\/figcaption><\/figure>\n<p><span style=\"font-weight: 400;\">Net ir i\u0161 \u0161ios patirties nesunku suprasti, kad \u0161is hiperautomobilis sukurtas taip, kad pasi\u016blyt\u0173 daugiau nei tik trasos patirt\u012f, \u017einoma, dabar, sumu\u0161damas grei\u010dio ir keli\u0173 rat\u0173 EV jud\u0117jimo rekordus.<\/span><\/p>\n<p><span style=\"font-weight: 400;\">Tikim\u0117s, kad kai kurios \u0161ios technologijos bus panaudotos kitose BYD na\u0161iosiose transporto priemon\u0117se b\u016bsimuose modeliuose, \u012fskaitant labai laukt\u0105 Denza Z, kuris bus bandomas prie\u0161 pristatym\u0105 2026 m. <\/span><\/p>\n<p><span style=\"font-weight: 400;\">\u201eYangwang U9 Xtreme\u201c gali b\u016bti tik prad\u017eia tam, k\u0105 gamintojai gali padaryti, kad padidint\u0173 EV technologij\u0105 iki galo. D\u0117l to yra gana \u012fdomus laikas pamatyti \u0161i\u0105 evoliucij\u0105 prie\u0161 mus.<\/span><\/p>\n<div class=\"saboxplugin-wrap\" itemtype=\"http:\/\/schema.org\/Person\" itemscope=\"\" itemprop=\"author\">\n<div class=\"saboxplugin-tab\">\n<div class=\"saboxplugin-gravatar\"><img decoding=\"async\" width=\"100\" height=\"100\" alt=\"Rizas Akhtaras\" itemprop=\"image\" loading=\"lazy\" class=\"native-lazyload-js-fallback\" src=\"https:\/\/b2232832.smushcdn.com\/2232832\/wp-content\/uploads\/2022\/02\/Riz.jpg?lossy=1&amp;strip=0&amp;webp=1\"\/><img loading=\"lazy\" decoding=\"async\" src=\"https:\/\/thedriven.io\/wp-content\/uploads\/2022\/02\/Riz.jpg\" width=\"100\" height=\"100\" alt=\"Rizas Akhtaras\" itemprop=\"image\"\/><\/div>\n<div class=\"saboxplugin-desc\">\n<div itemprop=\"description\">\n<p>Rizas yra Melburne \u012fsik\u016brusios \u012fmon\u0117s \u201ecarloop\u201c \u012fk\u016br\u0117jas, kurio specializacija yra Australijos EV duomenys, \u012f\u017evalgos ataskaitos ir tendencijos. Jis yra mechanikos in\u017einierius, kuris pirmuosius 7 savo karjeros metus praleido kurdamas transporto infrastrukt\u016br\u0105 prie\u0161 prad\u0117damas \u201ecarloop\u201c. Jis domisi automobiliams, ypa\u010d elektromobiliams, ir nori pad\u0117ti suma\u017einti transporto i\u0161metam\u0173 ter\u0161al\u0173 kiek\u012f Australijoje. \u0160iuo metu jis vairuoja raudon\u0105 \u201eTesla Model 3\u201c.<\/p>\n<\/div>\n<\/div>\n<\/div>\n<\/div>\n<p><!-- AI CONTENT END 1 --><\/p><\/div>\n<p><br \/>\n<br \/><a href=\"https:\/\/thedriven.io\/2025\/11\/26\/byd-showcases-world-record-feats-of-its-first-electric-supercar\/\">Source link <\/a><\/p>\n","protected":false},"excerpt":{"rendered":"<p>Kinijos automobili\u0173 mil\u017ein\u0117 BYD prie\u0161 kelis m\u0117nesius sumu\u0161\u0117 \u017eym\u0173 pasaulio grei\u010dio rekord\u0105 su savo pirmuoju elektriniu superautomobiliu \u2013 dviej\u0173 dur\u0173&hellip;<\/p>\n","protected":false},"author":1,"featured_media":2793,"comment_status":"open","ping_status":"open","sticky":false,"template":"","format":"standard","meta":{"om_disable_all_campaigns":false,"_monsterinsights_skip_tracking":false,"_monsterinsights_sitenote_active":false,"_monsterinsights_sitenote_note":"","_monsterinsights_sitenote_category":0,"footnotes":""},"categories":[39],"tags":[11,1050,142,2257,4556,183,4557,4558],"class_list":["post-2792","post","type-post","status-publish","format-standard","has-post-thumbnail","hentry","category-eautomobiliu-technine-puse","tag-byd","tag-demonstruoja","tag-elektrinio","tag-pirmojo","tag-rekordinius","tag-savo","tag-superautomobilio","tag-zygdarbius"],"aioseo_notices":[],"yoast_head":"<!-- This site is optimized with the Yoast SEO plugin v26.8 - https:\/\/yoast.com\/product\/yoast-seo-wordpress\/ -->\n<title>BYD demonstruoja rekordinius savo pirmojo elektrinio superautomobilio \u017eygdarbius - Eautomobiliai.lt<\/title>\n<meta name=\"robots\" content=\"index, follow, max-snippet:-1, max-image-preview:large, max-video-preview:-1\" \/>\n<link rel=\"canonical\" href=\"https:\/\/eautomobiliai.lt\/index.php\/2025\/11\/26\/byd-demonstruoja-rekordinius-savo-pirmojo-elektrinio-superautomobilio-zygdarbius\/\" \/>\n<meta property=\"og:locale\" content=\"lt_LT\" \/>\n<meta property=\"og:type\" content=\"article\" \/>\n<meta property=\"og:title\" content=\"BYD demonstruoja rekordinius savo pirmojo elektrinio superautomobilio \u017eygdarbius - Eautomobiliai.lt\" \/>\n<meta property=\"og:description\" content=\"Kinijos automobili\u0173 mil\u017ein\u0117 BYD prie\u0161 kelis m\u0117nesius sumu\u0161\u0117 \u017eym\u0173 pasaulio grei\u010dio rekord\u0105 su savo pirmuoju elektriniu superautomobiliu \u2013 dviej\u0173 dur\u0173&hellip;\" \/>\n<meta property=\"og:url\" content=\"https:\/\/eautomobiliai.lt\/index.php\/2025\/11\/26\/byd-demonstruoja-rekordinius-savo-pirmojo-elektrinio-superautomobilio-zygdarbius\/\" \/>\n<meta property=\"og:site_name\" content=\"Eautomobiliai.lt\" \/>\n<meta property=\"article:published_time\" content=\"2025-11-26T03:21:08+00:00\" \/>\n<meta property=\"og:image\" content=\"https:\/\/eautomobiliai.lt\/wp-content\/uploads\/2025\/11\/BYD-demonstruoja-rekordinius-savo-pirmojo-elektrinio-superautomobilio-zygdarbius.jpg\" \/>\n\t<meta property=\"og:image:width\" content=\"1200\" \/>\n\t<meta property=\"og:image:height\" content=\"900\" \/>\n\t<meta property=\"og:image:type\" content=\"image\/jpeg\" \/>\n<meta name=\"author\" content=\"admin\" \/>\n<meta name=\"twitter:card\" content=\"summary_large_image\" \/>\n<meta name=\"twitter:label1\" content=\"Written by\" \/>\n\t<meta name=\"twitter:data1\" content=\"admin\" \/>\n\t<meta name=\"twitter:label2\" content=\"Est. reading time\" \/>\n\t<meta name=\"twitter:data2\" content=\"4 minut\u0117s\" \/>\n<script type=\"application\/ld+json\" class=\"yoast-schema-graph\">{\"@context\":\"https:\/\/schema.org\",\"@graph\":[{\"@type\":\"Article\",\"@id\":\"https:\/\/eautomobiliai.lt\/index.php\/2025\/11\/26\/byd-demonstruoja-rekordinius-savo-pirmojo-elektrinio-superautomobilio-zygdarbius\/#article\",\"isPartOf\":{\"@id\":\"https:\/\/eautomobiliai.lt\/index.php\/2025\/11\/26\/byd-demonstruoja-rekordinius-savo-pirmojo-elektrinio-superautomobilio-zygdarbius\/\"},\"author\":{\"name\":\"admin\",\"@id\":\"https:\/\/eautomobiliai.lt\/#\/schema\/person\/ecf2a967f361217d056061f74deb92f2\"},\"headline\":\"BYD demonstruoja rekordinius savo pirmojo elektrinio superautomobilio \u017eygdarbius\",\"datePublished\":\"2025-11-26T03:21:08+00:00\",\"mainEntityOfPage\":{\"@id\":\"https:\/\/eautomobiliai.lt\/index.php\/2025\/11\/26\/byd-demonstruoja-rekordinius-savo-pirmojo-elektrinio-superautomobilio-zygdarbius\/\"},\"wordCount\":708,\"commentCount\":0,\"image\":{\"@id\":\"https:\/\/eautomobiliai.lt\/index.php\/2025\/11\/26\/byd-demonstruoja-rekordinius-savo-pirmojo-elektrinio-superautomobilio-zygdarbius\/#primaryimage\"},\"thumbnailUrl\":\"http:\/\/eautomobiliai.lt\/wp-content\/uploads\/2025\/11\/BYD-demonstruoja-rekordinius-savo-pirmojo-elektrinio-superautomobilio-zygdarbius.jpg\",\"keywords\":[\"BYD\",\"demonstruoja\",\"elektrinio\",\"pirmojo\",\"rekordinius\",\"savo\",\"superautomobilio\",\"\u017eygdarbius\"],\"articleSection\":[\"eAUTOMOBILI\u0172 TECHNIN\u0116 PUS\u0116\"],\"inLanguage\":\"lt-LT\",\"potentialAction\":[{\"@type\":\"CommentAction\",\"name\":\"Comment\",\"target\":[\"https:\/\/eautomobiliai.lt\/index.php\/2025\/11\/26\/byd-demonstruoja-rekordinius-savo-pirmojo-elektrinio-superautomobilio-zygdarbius\/#respond\"]}]},{\"@type\":\"WebPage\",\"@id\":\"https:\/\/eautomobiliai.lt\/index.php\/2025\/11\/26\/byd-demonstruoja-rekordinius-savo-pirmojo-elektrinio-superautomobilio-zygdarbius\/\",\"url\":\"https:\/\/eautomobiliai.lt\/index.php\/2025\/11\/26\/byd-demonstruoja-rekordinius-savo-pirmojo-elektrinio-superautomobilio-zygdarbius\/\",\"name\":\"BYD demonstruoja rekordinius savo pirmojo elektrinio superautomobilio \u017eygdarbius - Eautomobiliai.lt\",\"isPartOf\":{\"@id\":\"https:\/\/eautomobiliai.lt\/#website\"},\"primaryImageOfPage\":{\"@id\":\"https:\/\/eautomobiliai.lt\/index.php\/2025\/11\/26\/byd-demonstruoja-rekordinius-savo-pirmojo-elektrinio-superautomobilio-zygdarbius\/#primaryimage\"},\"image\":{\"@id\":\"https:\/\/eautomobiliai.lt\/index.php\/2025\/11\/26\/byd-demonstruoja-rekordinius-savo-pirmojo-elektrinio-superautomobilio-zygdarbius\/#primaryimage\"},\"thumbnailUrl\":\"http:\/\/eautomobiliai.lt\/wp-content\/uploads\/2025\/11\/BYD-demonstruoja-rekordinius-savo-pirmojo-elektrinio-superautomobilio-zygdarbius.jpg\",\"datePublished\":\"2025-11-26T03:21:08+00:00\",\"author\":{\"@id\":\"https:\/\/eautomobiliai.lt\/#\/schema\/person\/ecf2a967f361217d056061f74deb92f2\"},\"breadcrumb\":{\"@id\":\"https:\/\/eautomobiliai.lt\/index.php\/2025\/11\/26\/byd-demonstruoja-rekordinius-savo-pirmojo-elektrinio-superautomobilio-zygdarbius\/#breadcrumb\"},\"inLanguage\":\"lt-LT\",\"potentialAction\":[{\"@type\":\"ReadAction\",\"target\":[\"https:\/\/eautomobiliai.lt\/index.php\/2025\/11\/26\/byd-demonstruoja-rekordinius-savo-pirmojo-elektrinio-superautomobilio-zygdarbius\/\"]}]},{\"@type\":\"ImageObject\",\"inLanguage\":\"lt-LT\",\"@id\":\"https:\/\/eautomobiliai.lt\/index.php\/2025\/11\/26\/byd-demonstruoja-rekordinius-savo-pirmojo-elektrinio-superautomobilio-zygdarbius\/#primaryimage\",\"url\":\"http:\/\/eautomobiliai.lt\/wp-content\/uploads\/2025\/11\/BYD-demonstruoja-rekordinius-savo-pirmojo-elektrinio-superautomobilio-zygdarbius.jpg\",\"contentUrl\":\"http:\/\/eautomobiliai.lt\/wp-content\/uploads\/2025\/11\/BYD-demonstruoja-rekordinius-savo-pirmojo-elektrinio-superautomobilio-zygdarbius.jpg\",\"width\":1200,\"height\":900},{\"@type\":\"BreadcrumbList\",\"@id\":\"https:\/\/eautomobiliai.lt\/index.php\/2025\/11\/26\/byd-demonstruoja-rekordinius-savo-pirmojo-elektrinio-superautomobilio-zygdarbius\/#breadcrumb\",\"itemListElement\":[{\"@type\":\"ListItem\",\"position\":1,\"name\":\"Home\",\"item\":\"https:\/\/eautomobiliai.lt\/\"},{\"@type\":\"ListItem\",\"position\":2,\"name\":\"BYD demonstruoja rekordinius savo pirmojo elektrinio superautomobilio \u017eygdarbius\"}]},{\"@type\":\"WebSite\",\"@id\":\"https:\/\/eautomobiliai.lt\/#website\",\"url\":\"https:\/\/eautomobiliai.lt\/\",\"name\":\"Eautomobiliai.lt\",\"description\":\"Elektrinis transportas, technologijos\",\"potentialAction\":[{\"@type\":\"SearchAction\",\"target\":{\"@type\":\"EntryPoint\",\"urlTemplate\":\"https:\/\/eautomobiliai.lt\/?s={search_term_string}\"},\"query-input\":{\"@type\":\"PropertyValueSpecification\",\"valueRequired\":true,\"valueName\":\"search_term_string\"}}],\"inLanguage\":\"lt-LT\"},{\"@type\":\"Person\",\"@id\":\"https:\/\/eautomobiliai.lt\/#\/schema\/person\/ecf2a967f361217d056061f74deb92f2\",\"name\":\"admin\",\"image\":{\"@type\":\"ImageObject\",\"inLanguage\":\"lt-LT\",\"@id\":\"https:\/\/eautomobiliai.lt\/#\/schema\/person\/image\/\",\"url\":\"https:\/\/secure.gravatar.com\/avatar\/6323379efae0c70c686c7905444d6bbd?s=96&d=mm&r=g\",\"contentUrl\":\"https:\/\/secure.gravatar.com\/avatar\/6323379efae0c70c686c7905444d6bbd?s=96&d=mm&r=g\",\"caption\":\"admin\"},\"sameAs\":[\"http:\/\/eautomobiliai.lt\"],\"url\":\"http:\/\/eautomobiliai.lt\/index.php\/author\/admin\/\"}]}<\/script>\n<!-- \/ Yoast SEO plugin. -->","yoast_head_json":{"title":"BYD demonstruoja rekordinius savo pirmojo elektrinio superautomobilio \u017eygdarbius - Eautomobiliai.lt","robots":{"index":"index","follow":"follow","max-snippet":"max-snippet:-1","max-image-preview":"max-image-preview:large","max-video-preview":"max-video-preview:-1"},"canonical":"https:\/\/eautomobiliai.lt\/index.php\/2025\/11\/26\/byd-demonstruoja-rekordinius-savo-pirmojo-elektrinio-superautomobilio-zygdarbius\/","og_locale":"lt_LT","og_type":"article","og_title":"BYD demonstruoja rekordinius savo pirmojo elektrinio superautomobilio \u017eygdarbius - Eautomobiliai.lt","og_description":"Kinijos automobili\u0173 mil\u017ein\u0117 BYD prie\u0161 kelis m\u0117nesius sumu\u0161\u0117 \u017eym\u0173 pasaulio grei\u010dio rekord\u0105 su savo pirmuoju elektriniu superautomobiliu \u2013 dviej\u0173 dur\u0173&hellip;","og_url":"https:\/\/eautomobiliai.lt\/index.php\/2025\/11\/26\/byd-demonstruoja-rekordinius-savo-pirmojo-elektrinio-superautomobilio-zygdarbius\/","og_site_name":"Eautomobiliai.lt","article_published_time":"2025-11-26T03:21:08+00:00","og_image":[{"width":1200,"height":900,"url":"https:\/\/eautomobiliai.lt\/wp-content\/uploads\/2025\/11\/BYD-demonstruoja-rekordinius-savo-pirmojo-elektrinio-superautomobilio-zygdarbius.jpg","type":"image\/jpeg"}],"author":"admin","twitter_card":"summary_large_image","twitter_misc":{"Written by":"admin","Est. reading time":"4 minut\u0117s"},"schema":{"@context":"https:\/\/schema.org","@graph":[{"@type":"Article","@id":"https:\/\/eautomobiliai.lt\/index.php\/2025\/11\/26\/byd-demonstruoja-rekordinius-savo-pirmojo-elektrinio-superautomobilio-zygdarbius\/#article","isPartOf":{"@id":"https:\/\/eautomobiliai.lt\/index.php\/2025\/11\/26\/byd-demonstruoja-rekordinius-savo-pirmojo-elektrinio-superautomobilio-zygdarbius\/"},"author":{"name":"admin","@id":"https:\/\/eautomobiliai.lt\/#\/schema\/person\/ecf2a967f361217d056061f74deb92f2"},"headline":"BYD demonstruoja rekordinius savo pirmojo elektrinio superautomobilio \u017eygdarbius","datePublished":"2025-11-26T03:21:08+00:00","mainEntityOfPage":{"@id":"https:\/\/eautomobiliai.lt\/index.php\/2025\/11\/26\/byd-demonstruoja-rekordinius-savo-pirmojo-elektrinio-superautomobilio-zygdarbius\/"},"wordCount":708,"commentCount":0,"image":{"@id":"https:\/\/eautomobiliai.lt\/index.php\/2025\/11\/26\/byd-demonstruoja-rekordinius-savo-pirmojo-elektrinio-superautomobilio-zygdarbius\/#primaryimage"},"thumbnailUrl":"http:\/\/eautomobiliai.lt\/wp-content\/uploads\/2025\/11\/BYD-demonstruoja-rekordinius-savo-pirmojo-elektrinio-superautomobilio-zygdarbius.jpg","keywords":["BYD","demonstruoja","elektrinio","pirmojo","rekordinius","savo","superautomobilio","\u017eygdarbius"],"articleSection":["eAUTOMOBILI\u0172 TECHNIN\u0116 PUS\u0116"],"inLanguage":"lt-LT","potentialAction":[{"@type":"CommentAction","name":"Comment","target":["https:\/\/eautomobiliai.lt\/index.php\/2025\/11\/26\/byd-demonstruoja-rekordinius-savo-pirmojo-elektrinio-superautomobilio-zygdarbius\/#respond"]}]},{"@type":"WebPage","@id":"https:\/\/eautomobiliai.lt\/index.php\/2025\/11\/26\/byd-demonstruoja-rekordinius-savo-pirmojo-elektrinio-superautomobilio-zygdarbius\/","url":"https:\/\/eautomobiliai.lt\/index.php\/2025\/11\/26\/byd-demonstruoja-rekordinius-savo-pirmojo-elektrinio-superautomobilio-zygdarbius\/","name":"BYD demonstruoja rekordinius savo pirmojo elektrinio superautomobilio \u017eygdarbius - Eautomobiliai.lt","isPartOf":{"@id":"https:\/\/eautomobiliai.lt\/#website"},"primaryImageOfPage":{"@id":"https:\/\/eautomobiliai.lt\/index.php\/2025\/11\/26\/byd-demonstruoja-rekordinius-savo-pirmojo-elektrinio-superautomobilio-zygdarbius\/#primaryimage"},"image":{"@id":"https:\/\/eautomobiliai.lt\/index.php\/2025\/11\/26\/byd-demonstruoja-rekordinius-savo-pirmojo-elektrinio-superautomobilio-zygdarbius\/#primaryimage"},"thumbnailUrl":"http:\/\/eautomobiliai.lt\/wp-content\/uploads\/2025\/11\/BYD-demonstruoja-rekordinius-savo-pirmojo-elektrinio-superautomobilio-zygdarbius.jpg","datePublished":"2025-11-26T03:21:08+00:00","author":{"@id":"https:\/\/eautomobiliai.lt\/#\/schema\/person\/ecf2a967f361217d056061f74deb92f2"},"breadcrumb":{"@id":"https:\/\/eautomobiliai.lt\/index.php\/2025\/11\/26\/byd-demonstruoja-rekordinius-savo-pirmojo-elektrinio-superautomobilio-zygdarbius\/#breadcrumb"},"inLanguage":"lt-LT","potentialAction":[{"@type":"ReadAction","target":["https:\/\/eautomobiliai.lt\/index.php\/2025\/11\/26\/byd-demonstruoja-rekordinius-savo-pirmojo-elektrinio-superautomobilio-zygdarbius\/"]}]},{"@type":"ImageObject","inLanguage":"lt-LT","@id":"https:\/\/eautomobiliai.lt\/index.php\/2025\/11\/26\/byd-demonstruoja-rekordinius-savo-pirmojo-elektrinio-superautomobilio-zygdarbius\/#primaryimage","url":"http:\/\/eautomobiliai.lt\/wp-content\/uploads\/2025\/11\/BYD-demonstruoja-rekordinius-savo-pirmojo-elektrinio-superautomobilio-zygdarbius.jpg","contentUrl":"http:\/\/eautomobiliai.lt\/wp-content\/uploads\/2025\/11\/BYD-demonstruoja-rekordinius-savo-pirmojo-elektrinio-superautomobilio-zygdarbius.jpg","width":1200,"height":900},{"@type":"BreadcrumbList","@id":"https:\/\/eautomobiliai.lt\/index.php\/2025\/11\/26\/byd-demonstruoja-rekordinius-savo-pirmojo-elektrinio-superautomobilio-zygdarbius\/#breadcrumb","itemListElement":[{"@type":"ListItem","position":1,"name":"Home","item":"https:\/\/eautomobiliai.lt\/"},{"@type":"ListItem","position":2,"name":"BYD demonstruoja rekordinius savo pirmojo elektrinio superautomobilio \u017eygdarbius"}]},{"@type":"WebSite","@id":"https:\/\/eautomobiliai.lt\/#website","url":"https:\/\/eautomobiliai.lt\/","name":"Eautomobiliai.lt","description":"Elektrinis transportas, technologijos","potentialAction":[{"@type":"SearchAction","target":{"@type":"EntryPoint","urlTemplate":"https:\/\/eautomobiliai.lt\/?s={search_term_string}"},"query-input":{"@type":"PropertyValueSpecification","valueRequired":true,"valueName":"search_term_string"}}],"inLanguage":"lt-LT"},{"@type":"Person","@id":"https:\/\/eautomobiliai.lt\/#\/schema\/person\/ecf2a967f361217d056061f74deb92f2","name":"admin","image":{"@type":"ImageObject","inLanguage":"lt-LT","@id":"https:\/\/eautomobiliai.lt\/#\/schema\/person\/image\/","url":"https:\/\/secure.gravatar.com\/avatar\/6323379efae0c70c686c7905444d6bbd?s=96&d=mm&r=g","contentUrl":"https:\/\/secure.gravatar.com\/avatar\/6323379efae0c70c686c7905444d6bbd?s=96&d=mm&r=g","caption":"admin"},"sameAs":["http:\/\/eautomobiliai.lt"],"url":"http:\/\/eautomobiliai.lt\/index.php\/author\/admin\/"}]}},"_links":{"self":[{"href":"http:\/\/eautomobiliai.lt\/index.php\/wp-json\/wp\/v2\/posts\/2792","targetHints":{"allow":["GET"]}}],"collection":[{"href":"http:\/\/eautomobiliai.lt\/index.php\/wp-json\/wp\/v2\/posts"}],"about":[{"href":"http:\/\/eautomobiliai.lt\/index.php\/wp-json\/wp\/v2\/types\/post"}],"author":[{"embeddable":true,"href":"http:\/\/eautomobiliai.lt\/index.php\/wp-json\/wp\/v2\/users\/1"}],"replies":[{"embeddable":true,"href":"http:\/\/eautomobiliai.lt\/index.php\/wp-json\/wp\/v2\/comments?post=2792"}],"version-history":[{"count":0,"href":"http:\/\/eautomobiliai.lt\/index.php\/wp-json\/wp\/v2\/posts\/2792\/revisions"}],"wp:featuredmedia":[{"embeddable":true,"href":"http:\/\/eautomobiliai.lt\/index.php\/wp-json\/wp\/v2\/media\/2793"}],"wp:attachment":[{"href":"http:\/\/eautomobiliai.lt\/index.php\/wp-json\/wp\/v2\/media?parent=2792"}],"wp:term":[{"taxonomy":"category","embeddable":true,"href":"http:\/\/eautomobiliai.lt\/index.php\/wp-json\/wp\/v2\/categories?post=2792"},{"taxonomy":"post_tag","embeddable":true,"href":"http:\/\/eautomobiliai.lt\/index.php\/wp-json\/wp\/v2\/tags?post=2792"}],"curies":[{"name":"wp","href":"https:\/\/api.w.org\/{rel}","templated":true}]}}