{"id":2796,"date":"2025-11-26T11:22:19","date_gmt":"2025-11-26T11:22:19","guid":{"rendered":"https:\/\/eautomobiliai.lt\/index.php\/2025\/11\/26\/tesla-pagrindinese-rinkose-siulo-7-vietu-model-y\/"},"modified":"2025-11-26T11:22:19","modified_gmt":"2025-11-26T11:22:19","slug":"tesla-pagrindinese-rinkose-siulo-7-vietu-model-y","status":"publish","type":"post","link":"http:\/\/eautomobiliai.lt\/index.php\/2025\/11\/26\/tesla-pagrindinese-rinkose-siulo-7-vietu-model-y\/","title":{"rendered":"\u201eTesla\u201c pagrindin\u0117se rinkose si\u016blo 7 viet\u0173 \u201eModel Y\u201c."},"content":{"rendered":"<p> <br \/>\n<\/p>\n<div id=\"\">\n<p>Rugpj\u016bt\u012f \u201eTesla\u201c pristat\u0117 nauj\u0105 6 viet\u0173 model\u012f YL, kurio kainos prasideda nuo 72 700 USD ekvivalento itin konkurencingoje Kinijos rinkoje. Prane\u0161ama, kad \u201eModel YL\u201c pirm\u0105 dien\u0105 surinko beveik 40 000 u\u017esakym\u0173, i\u0161ry\u0161kindamas didesni\u0173 visureigi\u0173 populiarum\u0105.<\/p>\n<p>Ataskaitos i\u0161 Europos rodo, kad \u201eTesla\u201c dabar gali siekti \u012f \u0161i\u0105 rink\u0105 \u012ftraukti 7 viet\u0173 model\u012f, kuris pad\u0117t\u0173 \u012fmonei susigr\u0105\u017einti pardavimus regione, kuriame \u0161iais metais ji suma\u017e\u0117jo.<\/p>\n<p>Europos reguliavimo duomen\u0173 ekspertas Eivissa X pasidalijo b\u016bsimu modelio Y variantu, pabr\u0117\u017edamas pagrindines detales.<\/p>\n<p>\u0160iame modelyje Y bus 7 s\u0117dyn\u0117s ir vis\u0173 varan\u010di\u0173j\u0173 rat\u0173 pavara, teigiama prane\u0161ime. Taip pat tik\u0117tina, kad tai bus Europoje sukurta versija, skirta ten esan\u010dioms rinkoms.<\/p>\n<p>\u0160is variantas taip pat bus apr\u016bpintas 19 coli\u0173 ratais, kurie yra geresni energijos vartojimo efektyvumui.<\/p>\n<div class=\"embed-twitter\">\n<blockquote class=\"twitter-tweet\" data-width=\"550\" data-dnt=\"true\">\n<p lang=\"ro\" dir=\"ltr\">Y modelio ilgo nuotolio AWD tipo patvirtinimo atnaujinimas:<br \/>\u25b6 Prid\u0117tas ROLL TELLY TELLIONS 19&#8243; Hanki Vessed S1<br \/>\u25b6\ufe0fWLTP 19&#8243; Faktinis = 641 km<br \/>\u25b6\ufe0fWLTP 19&#8243; deklaruotas = 629 km<\/p>\n<p>\u25b6\ufe0f4D3B galinis variklis @ 159kW sertifikuotas. (\ud83c\uddf9\ud83c\uddf7T\u00fcrkiye!)<\/p>\n<p>\u25b6\ufe0f\ud83d\udc49Papildyta 7 viet\u0173 konfig\u016bracija!\ud83d\udc48<br \/>\u25b6\ufe0f7 viet\u0173 = +52kg \/ +102kg maks<br \/>(du vaikai po 25 kg) <a href=\"https:\/\/t.co\/SgBPORI2ia\">pic.twitter.com\/SgBPORI2ia<\/a><\/p>\n<p>\u2014 eivissa\u26a1\ud83d\udd0b\ud83d\ude81\ud83c\udf31\ud83e\udd18\ud83c\uddea\ud83c\uddfa (@eivissacopter) <a href=\"https:\/\/twitter.com\/eivissacopter\/status\/1993255540286537858?ref_src=twsrc%5Etfw\">2025 m. lapkri\u010dio 25 d<\/a><\/p>\n<\/blockquote>\n<\/div>\n<p>\u0160i\u0173 naujien\u0173 gale vienas susijaudin\u0119s modelio gerb\u0117jas pasak\u0117: \u201e7 viet\u0173 automobilis b\u016bt\u0173 nuostabus! Tiek vietos u\u017e toki\u0105 kain\u0105 yra neprilygstama.<\/p>\n<p>Kitas prid\u016br\u0117: \u201eMums reikia 6 viet\u0173!\u201c, tur\u0117damas omenyje model\u012f YL, kur\u012f \u201eTesla\u201c pristat\u0117 prie\u0161 tris m\u0117nesius.<\/p>\n<p>\u0160is modelis buvo ma\u017edaug 10% didesnis u\u017e Kinijoje si\u016blom\u0105 \u201eModel Y Long Range\u201c, ta\u010diau d\u0117l to naujasis modelis YL atne\u0161a nema\u017eai atnaujinim\u0173, palyginti su standartiniu automobiliu.<\/p>\n<p>Tarp nauj\u0173 ilgesnio modelio YL funkcij\u0173 yra didesnis ekranas, kurio \u012fstri\u017eain\u0117 yra 16 coli\u0173, o ne 15,4 colio \u012fstri\u017eain\u0117s standartiniame modelyje Y.<\/p>\n<p>Taip pat yra reguliuojamos galvos atramos, kurios yra priekyje, tod\u0117l vairuotojas ir priekinis keleivis yra patogiau.<\/p>\n<p>Antroje eil\u0117je taip pat yra dvi \u201ekapitono k\u0117d\u0117s\u201c su i\u0161traukiamais porankiais, kuriuos galima valdyti galin\u0117s s\u0117dyn\u0117s ekranu arba mygtuku, esan\u010diu s\u0117dyn\u0117s pagalv\u0117l\u0117s \u0161one.<\/p>\n<p>Taip pat yra tre\u010dioji eil\u0117 su dviem s\u0117dyn\u0117mis ir puodeli\u0173 laikikliais abiejose pus\u0117se, tod\u0117l ji gana erdvi tre\u010dios eil\u0117s keleiviams.<\/p>\n<p>\u201eTesla\u201c teigimu, antros ir tre\u010dios eili\u0173 s\u0117dynes YL modelyje galima lengvai nuleisti mygtukais baga\u017ein\u0117je, tod\u0117l telpa daugiau nei 2500 litr\u0173 vietos.<\/p>\n<p>\u017dinoma, tai yra d\u0117l pailgintos automobilio rat\u0173 baz\u0117s, nes ji yra 186 mm ilgesn\u0117 nei standartinis modelis Y, tod\u0117l bendras automobilio ilgis siekia 4,96 metro.<\/p>\n<p>Kai kurie i\u0161or\u0117s pakeitimai apima naujus auksinius da\u017eus, galb\u016bt \u012fkv\u0117ptus Tesla Cybercab Robotaxi.<\/p>\n<p>Priekyje L variantas turi 751 km CLTC diapazon\u0105. Tai leist\u0173 nuva\u017eiuoti beveik 600 km pagal WLTP cikl\u0105 ir vis tiek b\u016bt\u0173 vienas ilgiausi\u0173 visureigi\u0173.<\/p>\n<p>Kelyje naujasis modelis YL naudos nuolat kintamus amortizatorius, esan\u010dius pra\u0117jusiais metais pristatytame Model 3 Performance ir neseniai pristatytame Model Y Performance.<\/p>\n<p>Naujojo daugiau s\u0117dyni\u0173 modelio pristatymai prasid\u0117jo rugs\u0117j\u012f Kinijoje, tod\u0117l \u0161is modelis gali patekti \u012f eksporto rinkas.<\/p>\n<p>Neai\u0161ku, ar naujausias 7 viet\u0173 automobilis, apie kur\u012f prane\u0161ama i\u0161 Europos, yra YL modelio ar standartinio Y modelio variantas su papildomomis 2 s\u0117dyn\u0117mis gale.<\/p>\n<p>Nekantraujame steb\u0117ti bet kokius poky\u010dius \u0161iuo klausimu, nes tai gali b\u016bti vienas i\u0161 labiausiai prieinam\u0173 7 viet\u0173 elektrini\u0173 visureigi\u0173 variant\u0173, 2026 m. keliaujantis \u012f Australij\u0105.<\/p>\n<div class=\"saboxplugin-wrap\" itemtype=\"http:\/\/schema.org\/Person\" itemscope=\"\" itemprop=\"author\">\n<div class=\"saboxplugin-tab\">\n<div class=\"saboxplugin-gravatar\"><img loading=\"lazy\" decoding=\"async\" src=\"https:\/\/thedriven.io\/wp-content\/uploads\/2022\/02\/Riz.jpg\" width=\"100\" height=\"100\" alt=\"Rizas Akhtaras\" itemprop=\"image\"\/><\/div>\n<div class=\"saboxplugin-desc\">\n<div itemprop=\"description\">\n<p>Rizas yra Melburne \u012fsik\u016brusios \u012fmon\u0117s \u201ecarloop\u201c \u012fk\u016br\u0117jas, kurio specializacija yra Australijos EV duomenys, \u012f\u017evalgos ataskaitos ir tendencijos. Jis yra mechanikos in\u017einierius, kuris pirmuosius 7 savo karjeros metus praleido kurdamas transporto infrastrukt\u016br\u0105 prie\u0161 prad\u0117damas \u201ecarloop\u201c. Jis domisi automobiliams, ypa\u010d elektromobiliams, ir nori pad\u0117ti suma\u017einti transporto i\u0161metam\u0173 ter\u0161al\u0173 kiek\u012f Australijoje. \u0160iuo metu jis vairuoja raudon\u0105 \u201eTesla Model 3\u201c.<\/p>\n<\/div>\n<\/div>\n<\/div>\n<\/div>\n<p><!-- AI CONTENT END 1 --><\/p><\/div>\n<p><script async src=\"\/\/platform.twitter.com\/widgets.js\" charset=\"utf-8\"><\/script><br \/>\n<br \/><br \/>\n<br \/><a href=\"https:\/\/thedriven.io\/2025\/11\/26\/tesla-set-to-offer-7-seater-model-y-in-key-markets\/\">Source link <\/a><\/p>\n","protected":false},"excerpt":{"rendered":"<p>Rugpj\u016bt\u012f \u201eTesla\u201c pristat\u0117 nauj\u0105 6 viet\u0173 model\u012f YL, kurio kainos prasideda nuo 72 700 USD ekvivalento itin konkurencingoje Kinijos rinkoje.&hellip;<\/p>\n","protected":false},"author":1,"featured_media":2594,"comment_status":"open","ping_status":"open","sticky":false,"template":"","format":"standard","meta":{"om_disable_all_campaigns":false,"_monsterinsights_skip_tracking":false,"_monsterinsights_sitenote_active":false,"_monsterinsights_sitenote_note":"","_monsterinsights_sitenote_category":0,"footnotes":""},"categories":[39],"tags":[616,4561,873,478,14,603],"class_list":["post-2796","post","type-post","status-publish","format-standard","has-post-thumbnail","hentry","category-eautomobiliu-technine-puse","tag-model","tag-pagrindinese","tag-rinkose","tag-siulo","tag-tesla","tag-vietu"],"aioseo_notices":[],"yoast_head":"<!-- This site is optimized with the Yoast SEO plugin v26.8 - https:\/\/yoast.com\/product\/yoast-seo-wordpress\/ -->\n<title>\u201eTesla\u201c pagrindin\u0117se rinkose si\u016blo 7 viet\u0173 \u201eModel Y\u201c. - Eautomobiliai.lt<\/title>\n<meta name=\"robots\" content=\"index, follow, max-snippet:-1, max-image-preview:large, max-video-preview:-1\" \/>\n<link rel=\"canonical\" href=\"https:\/\/eautomobiliai.lt\/index.php\/2025\/11\/26\/tesla-pagrindinese-rinkose-siulo-7-vietu-model-y\/\" \/>\n<meta property=\"og:locale\" content=\"lt_LT\" \/>\n<meta property=\"og:type\" content=\"article\" \/>\n<meta property=\"og:title\" content=\"\u201eTesla\u201c pagrindin\u0117se rinkose si\u016blo 7 viet\u0173 \u201eModel Y\u201c. - Eautomobiliai.lt\" \/>\n<meta property=\"og:description\" content=\"Rugpj\u016bt\u012f \u201eTesla\u201c pristat\u0117 nauj\u0105 6 viet\u0173 model\u012f YL, kurio kainos prasideda nuo 72 700 USD ekvivalento itin konkurencingoje Kinijos rinkoje.&hellip;\" \/>\n<meta property=\"og:url\" content=\"https:\/\/eautomobiliai.lt\/index.php\/2025\/11\/26\/tesla-pagrindinese-rinkose-siulo-7-vietu-model-y\/\" \/>\n<meta property=\"og:site_name\" content=\"Eautomobiliai.lt\" \/>\n<meta property=\"article:published_time\" content=\"2025-11-26T11:22:19+00:00\" \/>\n<meta property=\"og:image\" content=\"https:\/\/eautomobiliai.lt\/wp-content\/uploads\/2025\/11\/Didziausias-\u201eTesla-modelio-Y-variantas-su-V2L-technologija.jpg\" \/>\n\t<meta property=\"og:image:width\" content=\"1200\" \/>\n\t<meta property=\"og:image:height\" content=\"615\" \/>\n\t<meta property=\"og:image:type\" content=\"image\/jpeg\" \/>\n<meta name=\"author\" content=\"admin\" \/>\n<meta name=\"twitter:card\" content=\"summary_large_image\" \/>\n<meta name=\"twitter:label1\" content=\"Written by\" \/>\n\t<meta name=\"twitter:data1\" content=\"admin\" \/>\n\t<meta name=\"twitter:label2\" content=\"Est. reading time\" \/>\n\t<meta name=\"twitter:data2\" content=\"3 minut\u0117s\" \/>\n<script type=\"application\/ld+json\" class=\"yoast-schema-graph\">{\"@context\":\"https:\/\/schema.org\",\"@graph\":[{\"@type\":\"Article\",\"@id\":\"https:\/\/eautomobiliai.lt\/index.php\/2025\/11\/26\/tesla-pagrindinese-rinkose-siulo-7-vietu-model-y\/#article\",\"isPartOf\":{\"@id\":\"https:\/\/eautomobiliai.lt\/index.php\/2025\/11\/26\/tesla-pagrindinese-rinkose-siulo-7-vietu-model-y\/\"},\"author\":{\"name\":\"admin\",\"@id\":\"https:\/\/eautomobiliai.lt\/#\/schema\/person\/ecf2a967f361217d056061f74deb92f2\"},\"headline\":\"\u201eTesla\u201c pagrindin\u0117se rinkose si\u016blo 7 viet\u0173 \u201eModel Y\u201c.\",\"datePublished\":\"2025-11-26T11:22:19+00:00\",\"mainEntityOfPage\":{\"@id\":\"https:\/\/eautomobiliai.lt\/index.php\/2025\/11\/26\/tesla-pagrindinese-rinkose-siulo-7-vietu-model-y\/\"},\"wordCount\":615,\"commentCount\":0,\"image\":{\"@id\":\"https:\/\/eautomobiliai.lt\/index.php\/2025\/11\/26\/tesla-pagrindinese-rinkose-siulo-7-vietu-model-y\/#primaryimage\"},\"thumbnailUrl\":\"http:\/\/eautomobiliai.lt\/wp-content\/uploads\/2025\/11\/Didziausias-\u201eTesla-modelio-Y-variantas-su-V2L-technologija.jpg\",\"keywords\":[\"Model\",\"pagrindin\u0117se\",\"rinkose\",\"si\u016blo\",\"Tesla\",\"viet\u0173\"],\"articleSection\":[\"eAUTOMOBILI\u0172 TECHNIN\u0116 PUS\u0116\"],\"inLanguage\":\"lt-LT\",\"potentialAction\":[{\"@type\":\"CommentAction\",\"name\":\"Comment\",\"target\":[\"https:\/\/eautomobiliai.lt\/index.php\/2025\/11\/26\/tesla-pagrindinese-rinkose-siulo-7-vietu-model-y\/#respond\"]}]},{\"@type\":\"WebPage\",\"@id\":\"https:\/\/eautomobiliai.lt\/index.php\/2025\/11\/26\/tesla-pagrindinese-rinkose-siulo-7-vietu-model-y\/\",\"url\":\"https:\/\/eautomobiliai.lt\/index.php\/2025\/11\/26\/tesla-pagrindinese-rinkose-siulo-7-vietu-model-y\/\",\"name\":\"\u201eTesla\u201c pagrindin\u0117se rinkose si\u016blo 7 viet\u0173 \u201eModel Y\u201c. - Eautomobiliai.lt\",\"isPartOf\":{\"@id\":\"https:\/\/eautomobiliai.lt\/#website\"},\"primaryImageOfPage\":{\"@id\":\"https:\/\/eautomobiliai.lt\/index.php\/2025\/11\/26\/tesla-pagrindinese-rinkose-siulo-7-vietu-model-y\/#primaryimage\"},\"image\":{\"@id\":\"https:\/\/eautomobiliai.lt\/index.php\/2025\/11\/26\/tesla-pagrindinese-rinkose-siulo-7-vietu-model-y\/#primaryimage\"},\"thumbnailUrl\":\"http:\/\/eautomobiliai.lt\/wp-content\/uploads\/2025\/11\/Didziausias-\u201eTesla-modelio-Y-variantas-su-V2L-technologija.jpg\",\"datePublished\":\"2025-11-26T11:22:19+00:00\",\"author\":{\"@id\":\"https:\/\/eautomobiliai.lt\/#\/schema\/person\/ecf2a967f361217d056061f74deb92f2\"},\"breadcrumb\":{\"@id\":\"https:\/\/eautomobiliai.lt\/index.php\/2025\/11\/26\/tesla-pagrindinese-rinkose-siulo-7-vietu-model-y\/#breadcrumb\"},\"inLanguage\":\"lt-LT\",\"potentialAction\":[{\"@type\":\"ReadAction\",\"target\":[\"https:\/\/eautomobiliai.lt\/index.php\/2025\/11\/26\/tesla-pagrindinese-rinkose-siulo-7-vietu-model-y\/\"]}]},{\"@type\":\"ImageObject\",\"inLanguage\":\"lt-LT\",\"@id\":\"https:\/\/eautomobiliai.lt\/index.php\/2025\/11\/26\/tesla-pagrindinese-rinkose-siulo-7-vietu-model-y\/#primaryimage\",\"url\":\"http:\/\/eautomobiliai.lt\/wp-content\/uploads\/2025\/11\/Didziausias-\u201eTesla-modelio-Y-variantas-su-V2L-technologija.jpg\",\"contentUrl\":\"http:\/\/eautomobiliai.lt\/wp-content\/uploads\/2025\/11\/Didziausias-\u201eTesla-modelio-Y-variantas-su-V2L-technologija.jpg\",\"width\":1200,\"height\":615},{\"@type\":\"BreadcrumbList\",\"@id\":\"https:\/\/eautomobiliai.lt\/index.php\/2025\/11\/26\/tesla-pagrindinese-rinkose-siulo-7-vietu-model-y\/#breadcrumb\",\"itemListElement\":[{\"@type\":\"ListItem\",\"position\":1,\"name\":\"Home\",\"item\":\"https:\/\/eautomobiliai.lt\/\"},{\"@type\":\"ListItem\",\"position\":2,\"name\":\"\u201eTesla\u201c pagrindin\u0117se rinkose si\u016blo 7 viet\u0173 \u201eModel Y\u201c.\"}]},{\"@type\":\"WebSite\",\"@id\":\"https:\/\/eautomobiliai.lt\/#website\",\"url\":\"https:\/\/eautomobiliai.lt\/\",\"name\":\"Eautomobiliai.lt\",\"description\":\"Elektrinis transportas, technologijos\",\"potentialAction\":[{\"@type\":\"SearchAction\",\"target\":{\"@type\":\"EntryPoint\",\"urlTemplate\":\"https:\/\/eautomobiliai.lt\/?s={search_term_string}\"},\"query-input\":{\"@type\":\"PropertyValueSpecification\",\"valueRequired\":true,\"valueName\":\"search_term_string\"}}],\"inLanguage\":\"lt-LT\"},{\"@type\":\"Person\",\"@id\":\"https:\/\/eautomobiliai.lt\/#\/schema\/person\/ecf2a967f361217d056061f74deb92f2\",\"name\":\"admin\",\"image\":{\"@type\":\"ImageObject\",\"inLanguage\":\"lt-LT\",\"@id\":\"https:\/\/eautomobiliai.lt\/#\/schema\/person\/image\/\",\"url\":\"https:\/\/secure.gravatar.com\/avatar\/6323379efae0c70c686c7905444d6bbd?s=96&d=mm&r=g\",\"contentUrl\":\"https:\/\/secure.gravatar.com\/avatar\/6323379efae0c70c686c7905444d6bbd?s=96&d=mm&r=g\",\"caption\":\"admin\"},\"sameAs\":[\"http:\/\/eautomobiliai.lt\"],\"url\":\"http:\/\/eautomobiliai.lt\/index.php\/author\/admin\/\"}]}<\/script>\n<!-- \/ Yoast SEO plugin. -->","yoast_head_json":{"title":"\u201eTesla\u201c pagrindin\u0117se rinkose si\u016blo 7 viet\u0173 \u201eModel Y\u201c. - Eautomobiliai.lt","robots":{"index":"index","follow":"follow","max-snippet":"max-snippet:-1","max-image-preview":"max-image-preview:large","max-video-preview":"max-video-preview:-1"},"canonical":"https:\/\/eautomobiliai.lt\/index.php\/2025\/11\/26\/tesla-pagrindinese-rinkose-siulo-7-vietu-model-y\/","og_locale":"lt_LT","og_type":"article","og_title":"\u201eTesla\u201c pagrindin\u0117se rinkose si\u016blo 7 viet\u0173 \u201eModel Y\u201c. - Eautomobiliai.lt","og_description":"Rugpj\u016bt\u012f \u201eTesla\u201c pristat\u0117 nauj\u0105 6 viet\u0173 model\u012f YL, kurio kainos prasideda nuo 72 700 USD ekvivalento itin konkurencingoje Kinijos rinkoje.&hellip;","og_url":"https:\/\/eautomobiliai.lt\/index.php\/2025\/11\/26\/tesla-pagrindinese-rinkose-siulo-7-vietu-model-y\/","og_site_name":"Eautomobiliai.lt","article_published_time":"2025-11-26T11:22:19+00:00","og_image":[{"width":1200,"height":615,"url":"https:\/\/eautomobiliai.lt\/wp-content\/uploads\/2025\/11\/Didziausias-\u201eTesla-modelio-Y-variantas-su-V2L-technologija.jpg","type":"image\/jpeg"}],"author":"admin","twitter_card":"summary_large_image","twitter_misc":{"Written by":"admin","Est. reading time":"3 minut\u0117s"},"schema":{"@context":"https:\/\/schema.org","@graph":[{"@type":"Article","@id":"https:\/\/eautomobiliai.lt\/index.php\/2025\/11\/26\/tesla-pagrindinese-rinkose-siulo-7-vietu-model-y\/#article","isPartOf":{"@id":"https:\/\/eautomobiliai.lt\/index.php\/2025\/11\/26\/tesla-pagrindinese-rinkose-siulo-7-vietu-model-y\/"},"author":{"name":"admin","@id":"https:\/\/eautomobiliai.lt\/#\/schema\/person\/ecf2a967f361217d056061f74deb92f2"},"headline":"\u201eTesla\u201c pagrindin\u0117se rinkose si\u016blo 7 viet\u0173 \u201eModel Y\u201c.","datePublished":"2025-11-26T11:22:19+00:00","mainEntityOfPage":{"@id":"https:\/\/eautomobiliai.lt\/index.php\/2025\/11\/26\/tesla-pagrindinese-rinkose-siulo-7-vietu-model-y\/"},"wordCount":615,"commentCount":0,"image":{"@id":"https:\/\/eautomobiliai.lt\/index.php\/2025\/11\/26\/tesla-pagrindinese-rinkose-siulo-7-vietu-model-y\/#primaryimage"},"thumbnailUrl":"http:\/\/eautomobiliai.lt\/wp-content\/uploads\/2025\/11\/Didziausias-\u201eTesla-modelio-Y-variantas-su-V2L-technologija.jpg","keywords":["Model","pagrindin\u0117se","rinkose","si\u016blo","Tesla","viet\u0173"],"articleSection":["eAUTOMOBILI\u0172 TECHNIN\u0116 PUS\u0116"],"inLanguage":"lt-LT","potentialAction":[{"@type":"CommentAction","name":"Comment","target":["https:\/\/eautomobiliai.lt\/index.php\/2025\/11\/26\/tesla-pagrindinese-rinkose-siulo-7-vietu-model-y\/#respond"]}]},{"@type":"WebPage","@id":"https:\/\/eautomobiliai.lt\/index.php\/2025\/11\/26\/tesla-pagrindinese-rinkose-siulo-7-vietu-model-y\/","url":"https:\/\/eautomobiliai.lt\/index.php\/2025\/11\/26\/tesla-pagrindinese-rinkose-siulo-7-vietu-model-y\/","name":"\u201eTesla\u201c pagrindin\u0117se rinkose si\u016blo 7 viet\u0173 \u201eModel Y\u201c. - Eautomobiliai.lt","isPartOf":{"@id":"https:\/\/eautomobiliai.lt\/#website"},"primaryImageOfPage":{"@id":"https:\/\/eautomobiliai.lt\/index.php\/2025\/11\/26\/tesla-pagrindinese-rinkose-siulo-7-vietu-model-y\/#primaryimage"},"image":{"@id":"https:\/\/eautomobiliai.lt\/index.php\/2025\/11\/26\/tesla-pagrindinese-rinkose-siulo-7-vietu-model-y\/#primaryimage"},"thumbnailUrl":"http:\/\/eautomobiliai.lt\/wp-content\/uploads\/2025\/11\/Didziausias-\u201eTesla-modelio-Y-variantas-su-V2L-technologija.jpg","datePublished":"2025-11-26T11:22:19+00:00","author":{"@id":"https:\/\/eautomobiliai.lt\/#\/schema\/person\/ecf2a967f361217d056061f74deb92f2"},"breadcrumb":{"@id":"https:\/\/eautomobiliai.lt\/index.php\/2025\/11\/26\/tesla-pagrindinese-rinkose-siulo-7-vietu-model-y\/#breadcrumb"},"inLanguage":"lt-LT","potentialAction":[{"@type":"ReadAction","target":["https:\/\/eautomobiliai.lt\/index.php\/2025\/11\/26\/tesla-pagrindinese-rinkose-siulo-7-vietu-model-y\/"]}]},{"@type":"ImageObject","inLanguage":"lt-LT","@id":"https:\/\/eautomobiliai.lt\/index.php\/2025\/11\/26\/tesla-pagrindinese-rinkose-siulo-7-vietu-model-y\/#primaryimage","url":"http:\/\/eautomobiliai.lt\/wp-content\/uploads\/2025\/11\/Didziausias-\u201eTesla-modelio-Y-variantas-su-V2L-technologija.jpg","contentUrl":"http:\/\/eautomobiliai.lt\/wp-content\/uploads\/2025\/11\/Didziausias-\u201eTesla-modelio-Y-variantas-su-V2L-technologija.jpg","width":1200,"height":615},{"@type":"BreadcrumbList","@id":"https:\/\/eautomobiliai.lt\/index.php\/2025\/11\/26\/tesla-pagrindinese-rinkose-siulo-7-vietu-model-y\/#breadcrumb","itemListElement":[{"@type":"ListItem","position":1,"name":"Home","item":"https:\/\/eautomobiliai.lt\/"},{"@type":"ListItem","position":2,"name":"\u201eTesla\u201c pagrindin\u0117se rinkose si\u016blo 7 viet\u0173 \u201eModel Y\u201c."}]},{"@type":"WebSite","@id":"https:\/\/eautomobiliai.lt\/#website","url":"https:\/\/eautomobiliai.lt\/","name":"Eautomobiliai.lt","description":"Elektrinis transportas, technologijos","potentialAction":[{"@type":"SearchAction","target":{"@type":"EntryPoint","urlTemplate":"https:\/\/eautomobiliai.lt\/?s={search_term_string}"},"query-input":{"@type":"PropertyValueSpecification","valueRequired":true,"valueName":"search_term_string"}}],"inLanguage":"lt-LT"},{"@type":"Person","@id":"https:\/\/eautomobiliai.lt\/#\/schema\/person\/ecf2a967f361217d056061f74deb92f2","name":"admin","image":{"@type":"ImageObject","inLanguage":"lt-LT","@id":"https:\/\/eautomobiliai.lt\/#\/schema\/person\/image\/","url":"https:\/\/secure.gravatar.com\/avatar\/6323379efae0c70c686c7905444d6bbd?s=96&d=mm&r=g","contentUrl":"https:\/\/secure.gravatar.com\/avatar\/6323379efae0c70c686c7905444d6bbd?s=96&d=mm&r=g","caption":"admin"},"sameAs":["http:\/\/eautomobiliai.lt"],"url":"http:\/\/eautomobiliai.lt\/index.php\/author\/admin\/"}]}},"_links":{"self":[{"href":"http:\/\/eautomobiliai.lt\/index.php\/wp-json\/wp\/v2\/posts\/2796","targetHints":{"allow":["GET"]}}],"collection":[{"href":"http:\/\/eautomobiliai.lt\/index.php\/wp-json\/wp\/v2\/posts"}],"about":[{"href":"http:\/\/eautomobiliai.lt\/index.php\/wp-json\/wp\/v2\/types\/post"}],"author":[{"embeddable":true,"href":"http:\/\/eautomobiliai.lt\/index.php\/wp-json\/wp\/v2\/users\/1"}],"replies":[{"embeddable":true,"href":"http:\/\/eautomobiliai.lt\/index.php\/wp-json\/wp\/v2\/comments?post=2796"}],"version-history":[{"count":0,"href":"http:\/\/eautomobiliai.lt\/index.php\/wp-json\/wp\/v2\/posts\/2796\/revisions"}],"wp:featuredmedia":[{"embeddable":true,"href":"http:\/\/eautomobiliai.lt\/index.php\/wp-json\/wp\/v2\/media\/2594"}],"wp:attachment":[{"href":"http:\/\/eautomobiliai.lt\/index.php\/wp-json\/wp\/v2\/media?parent=2796"}],"wp:term":[{"taxonomy":"category","embeddable":true,"href":"http:\/\/eautomobiliai.lt\/index.php\/wp-json\/wp\/v2\/categories?post=2796"},{"taxonomy":"post_tag","embeddable":true,"href":"http:\/\/eautomobiliai.lt\/index.php\/wp-json\/wp\/v2\/tags?post=2796"}],"curies":[{"name":"wp","href":"https:\/\/api.w.org\/{rel}","templated":true}]}}