{"id":2840,"date":"2025-12-02T16:11:46","date_gmt":"2025-12-02T16:11:46","guid":{"rendered":"https:\/\/eautomobiliai.lt\/index.php\/2025\/12\/02\/tesla-uzsimena-apie-nauja-fotoaparato-atnaujinima-sukeldama-daugiau-abejoniu-del-visisko-savarankisko-vairavimo-pazadu\/"},"modified":"2025-12-02T16:11:46","modified_gmt":"2025-12-02T16:11:46","slug":"tesla-uzsimena-apie-nauja-fotoaparato-atnaujinima-sukeldama-daugiau-abejoniu-del-visisko-savarankisko-vairavimo-pazadu","status":"publish","type":"post","link":"http:\/\/eautomobiliai.lt\/index.php\/2025\/12\/02\/tesla-uzsimena-apie-nauja-fotoaparato-atnaujinima-sukeldama-daugiau-abejoniu-del-visisko-savarankisko-vairavimo-pazadu\/","title":{"rendered":"Tesla u\u017esimena apie nauj\u0105 fotoaparato atnaujinim\u0105, sukeldama daugiau abejoni\u0173 d\u0117l visi\u0161ko savaranki\u0161ko vairavimo pa\u017ead\u0173"},"content":{"rendered":"<p> <br \/>\n<\/p>\n<div xmlns:default=\"http:\/\/www.w3.org\/2000\/svg\">\n<figure class=\"img-border featured-image\">\n<p>\t<br \/>\n\t<\/figure>\n<p>Pana\u0161u, kad \u201eTesla\u201c ruo\u0161iasi \u012f savo aparatin\u0117s \u012frangos komplekt\u0105 pristatyti dar vien\u0105 nauj\u0105 kameros jutikl\u012f pagal kod\u0105, rast\u0105 naujausioje automobili\u0173 gamintojo programin\u0117je \u012frangoje. Nors aparat\u016bros patobulinimai paprastai yra geros naujienos, \u0161is naujausias atradimas papildo vis daugiau \u012frodym\u0173, kad Tesla nuolat perkelia vart\u0173 stulpus, kad gal\u0117t\u0173 va\u017eiuoti savaranki\u0161kai, tod\u0117l milijonai savinink\u0173 gali palikti \u201esenesn\u0119\u201c aparatin\u0119 \u012frang\u0105 dulk\u0117se&#8230;<\/p>\n<p><span id=\"more-445693\"\/><\/p>\n<p>Atradim\u0105 padar\u0117 ilgametis \u201eTesla\u201c \u012fsilau\u017e\u0117lis ir tyrin\u0117tojas @greentheonly, kuris da\u017enai ie\u0161ko \u201eTesla\u201c programin\u0117s \u012frangos atnaujinim\u0173, kad surast\u0173 neprane\u0161tas funkcijas ir aparatin\u0117s \u012frangos pakeitimus.<\/p>\n<p>Greeno teigimu, \u201eTesla\u201c programin\u0117 \u012franga dabar nurodo nauj\u0105 jutiklio model\u012f: IMX00N.<\/p>\n<blockquote class=\"wp-block-quote is-layout-flow wp-block-quote-is-layout-flow\">\n<p>Pana\u0161u, kad Tesla kei\u010dia (atnaujina?) kameras (kai kuriuose?) naujuose gaminamuose automobiliuose.<\/p>\n<p>Jei iki \u0161iol HW4 naudojo i\u0161orines kameras su IMX963, dabar jos (galb\u016bt) turi ka\u017ek\u0105 vadinamo IMX00N.<\/p>\n<\/blockquote>\n<p>Tai tariamai pakeist\u0173 arba papildyt\u0173 \u201eSony IMX963\u201c jutiklius, \u0161iuo metu naudojamus \u201eHardware 4.0\u201c (AI4) automobiliuose. IMX963 yra 5 megapikseli\u0173 jutiklis, kuris vos prie\u0161 dvejus metus pakeit\u0117 1,2 megapikselio \u201eAptina\u201c jutiklius, rastus \u201eHardware 3\u201c automobiliuose.<\/p>\n<p>\t<span class=\"outbrain-ad-label\">Reklama \u2013 slinkite, kad gautum\u0117te daugiau turinio<\/span><\/p>\n<p>Dar neturime \u201eIMX00N\u201c specifikacij\u0173. Tai gali b\u016bti pritaikytas \u201eSony\u201c SKU, skirtas \u201eTesla\u201c, arba naujo vaizdo jutiklio rezervuotos vietos pavadinimas.<\/p>\n<p>\u0160tai HW3 ir AI4 \u201eTesla\u201c transporto priemoni\u0173 kamer\u0173 jutikli\u0173 specifikacij\u0173 palyginimai:<\/p>\n<figure class=\"wp-block-table\">\n<table class=\"has-fixed-layout\">\n<thead>\n<tr>\n<td>Specifikacija<\/td>\n<td><strong>Hardware 3.0 (HW3)<\/strong><\/td>\n<td><strong>Aparat\u016bra 4.0 (AI4)<\/strong><\/td>\n<td><strong>Technin\u0117 reik\u0161m\u0117<\/strong><\/td>\n<\/tr>\n<\/thead>\n<tbody>\n<tr>\n<td><strong>Jutiklio skiriamoji geba<\/strong><\/td>\n<td>1,2 megapikselio (1280 \u00d7 960)<\/td>\n<td>~5 megapikseliai (2896 \u00d7 1876)<\/td>\n<td><strong>4X duomen\u0173 tankis.<\/strong> Leid\u017eia aptikti objektus esant >300 m ir skaitmenin\u012f apkarpym\u0105.<\/td>\n<\/tr>\n<tr>\n<td><strong>Jutiklio modelis<\/strong><\/td>\n<td>Onsemi AR0136AT<\/td>\n<td>\u201eSony IMX490\u201c (numatoma)<\/td>\n<td><strong>Flagmaninis automobili\u0173 jutiklis.<\/strong> HDR ir LFM vienu metu.<\/td>\n<\/tr>\n<tr>\n<td><strong>Spalv\u0173 filtr\u0173 masyvas<\/strong><\/td>\n<td>RCCC (raudona-\u0161varu-i\u0161valyti-\u0161varu)<\/td>\n<td>RGGB (raudona-\u017ealia-\u017ealia-m\u0117lyna)<\/td>\n<td><strong>Semantin\u0117 i\u0161tikimyb\u0117.<\/strong> Tikras \u017eenkl\u0173, \u0161vies\u0173 ir kelio \u017eenklinimo spalv\u0173 suvokimas.<\/td>\n<\/tr>\n<tr>\n<td><strong>Dinaminis diapazonas<\/strong><\/td>\n<td>~110 dB<\/td>\n<td>>120 dB (viena ekspozicija)<\/td>\n<td><strong>Kontrast\u0173 meistri\u0161kumas.<\/strong> Joki\u0173 judesi\u0173 artefakt\u0173 tunelio i\u0161va\u017eiavimuose ar va\u017eiuojant nakt\u012f.<\/td>\n<\/tr>\n<tr>\n<td><strong>Duomen\u0173 s\u0105saja<\/strong><\/td>\n<td>FPD-Link III (tik\u0117tina)<\/td>\n<td>GMSL2 arba MIPI A-PHY<\/td>\n<td><strong>Didelis da\u017eni\u0173 juostos plotis.<\/strong> Palaiko nesuspaustus 5 MP srautus dideliu kadr\u0173 da\u017eniu.<\/td>\n<\/tr>\n<tr>\n<td><strong>Priekin\u0117s kameros<\/strong><\/td>\n<td>3 (pagrindinis, siauras, platus)<\/td>\n<td>2 (pagrindinis, platus)<\/td>\n<td><strong>Optinis supaprastinimas.<\/strong> Skaitmeninis priartinimas pakei\u010dia fizin\u012f teleobjektyv\u0105.<\/td>\n<\/tr>\n<tr>\n<td><strong>Objektyvo danga<\/strong><\/td>\n<td>Standartinis<\/td>\n<td>Deep Red IR Cut \/ Anti-glare<\/td>\n<td><strong>Akinimo ma\u017einimas.<\/strong> Suma\u017eina akinim\u0105 d\u0117l priekini\u0173 \u017eibint\u0173 ir saul\u0117s.<\/td>\n<\/tr>\n<tr>\n<td><strong>\u0160ildytuvai<\/strong><\/td>\n<td>Pasyvus (atliekin\u0117 \u0161iluma)<\/td>\n<td>Aktyv\u016bs \u0161ildymo elementai<\/td>\n<td><strong>Atsparumas bet kokiam orui.<\/strong> Greitas rasojimo ir ledo \u0161alinimas.<\/td>\n<\/tr>\n<tr>\n<td><strong>Remontuoti<\/strong><\/td>\n<td>N\/A<\/td>\n<td>Ne\u012fmanoma HW3 automobiliams<\/td>\n<td><strong>Laivyno suskaidymas.<\/strong> HW3 automobiliuose nuolatos ribojama technin\u0117 \u012franga.<\/td>\n<\/tr>\n<\/tbody>\n<\/table>\n<\/figure>\n<h3 class=\"wp-block-heading\" id=\"h-electrek-s-take\">Electrek Take<\/h3>\n<p>\u017dinoma, galima tik\u0117tis, kad \u201eTesla\u201c palaipsniui tobulins savo transporto priemones, \u012fskaitant jutikli\u0173 rinkin\u012f. Tai yra geras dalykas savaime. <\/p>\n<p>Yra trys problemos, susijusios su \u201eTesla\u201c atnaujinant savo aparat\u016bros rinkin\u012f autonominiam vairavimui: <\/p>\n<ol class=\"wp-block-list\">\n<li>Jis pa\u017ead\u0117jo visiems savininkams nuo 2016 m., kad j\u0173 transporto priemon\u0117s turi vis\u0105 reikaling\u0105 technin\u0119 \u012frang\u0105, kad b\u016bt\u0173 pasiektas \u201evisi\u0161kas savaranki\u0161kas vairavimas\u201c, o tuo metu generalinis direktorius Elonas Muskas sak\u0117, kad tai reik\u0161 \u201enepri\u017ei\u016brim\u0105 savaranki\u0161k\u0105 vairavim\u0105\u201c.<\/li>\n<li>Ji dar to nepasiek\u0117 ir pa\u017ead\u0117jo pasi\u016blyti nemokam\u0105 aparatin\u0117s \u012frangos modifikavim\u0105, jei reik\u0117s, ta\u010diau ji to dar nepasi\u016bl\u0117.<\/li>\n<li>Kai \u201eTesla\u201c pristato nauj\u0105 autonominio vairavimo aparat\u016bros rinkin\u012f, ji greitai deda ma\u017eiau pastang\u0173 programinei \u012frangai, kuri veikia su ankstesniu aparat\u016bros rinkiniu.<\/li>\n<\/ol>\n<p>Jei dabartini\u0173 HW4 kamer\u0173 (jau nekalbant apie HW3) pakanka 4 lygio autonomijai, kod\u0117l \u201eTesla\u201c i\u0161leid\u017eia i\u0161teklius naujam jutikliui integruoti? Logi\u0161kiausias atsakymas yra tas, kad dabartiniai jutikliai turi apribojim\u0173, ar tai b\u016bt\u0173 akinimo valdymas, veikimas esant prastam ap\u0161vietimui ar skiriamoji geba, kurie riboja sistemos patikimum\u0105.<\/p>\n<p>Jei taip, ar galime tik\u0117tis, kad \u201eTesla\u201c atnaujins visas transporto priemones, kurios tur\u0117t\u0173 tur\u0117ti technin\u0119 \u012frang\u0105, kad pasiekt\u0173 4 lyg\u012f? A\u0161 d\u0117l to nesta\u010diau.<\/p>\n<p>Generalinis direktorius Elonas Muskas jau pripa\u017eino, kad HW3 kompiuteris jo nepalaikys dar 2025-\u0173j\u0173 saus\u012f, beveik prie\u0161 metus, o u\u017euot paskelb\u0119 sprendim\u0105, Tesla savininkams buvo pa\u017ead\u0117ta tik \u201emini versija\u201c FSD v14, kuri pati savaime n\u0117ra \u017ead\u0117tas nepri\u017ei\u016brimas savaranki\u0161kas vairavimas.<\/p>\n<p>\u0160iuo metu sunku tik\u0117tis, kad \u201eTesla\u201c elgsis teisingai.<\/p>\n<div class=\"ad-disclaimer-container\">\n<p class=\"disclaimer-affiliate\"><em>FTC: naudojame pajamas u\u017edirban\u010di\u0173 automobili\u0173 filial\u0173 nuorodas.<\/em> Daugiau.<\/p>\n<p><!-- post ad --><\/div>\n<\/p><\/div>\n<p><br \/>\n<br \/><a href=\"https:\/\/electrek.co\/2025\/12\/02\/tesla-new-camera-upgrade-casting-more-doubt-full-self-driving-promises\/\">Source link <\/a><\/p>\n","protected":false},"excerpt":{"rendered":"<p>Pana\u0161u, kad \u201eTesla\u201c ruo\u0161iasi \u012f savo aparatin\u0117s \u012frangos komplekt\u0105 pristatyti dar vien\u0105 nauj\u0105 kameros jutikl\u012f pagal kod\u0105, rast\u0105 naujausioje automobili\u0173&hellip;<\/p>\n","protected":false},"author":1,"featured_media":2841,"comment_status":"open","ping_status":"open","sticky":false,"template":"","format":"standard","meta":{"om_disable_all_campaigns":false,"_monsterinsights_skip_tracking":false,"_monsterinsights_sitenote_active":false,"_monsterinsights_sitenote_note":"","_monsterinsights_sitenote_category":0,"footnotes":""},"categories":[8],"tags":[4619,165,1549,407,817,4617,556,4620,1980,4618,14,3728,279,2553],"class_list":["post-2840","post","type-post","status-publish","format-standard","has-post-thumbnail","hentry","category-elektriniai-automobiliai","tag-abejoniu","tag-apie","tag-atnaujinima","tag-daugiau","tag-del","tag-fotoaparato","tag-nauja","tag-pazadu","tag-savarankisko","tag-sukeldama","tag-tesla","tag-uzsimena","tag-vairavimo","tag-visisko"],"aioseo_notices":[],"yoast_head":"<!-- This site is optimized with the Yoast SEO plugin v26.8 - https:\/\/yoast.com\/product\/yoast-seo-wordpress\/ -->\n<title>Tesla u\u017esimena apie nauj\u0105 fotoaparato atnaujinim\u0105, sukeldama daugiau abejoni\u0173 d\u0117l visi\u0161ko savaranki\u0161ko vairavimo pa\u017ead\u0173 - Eautomobiliai.lt<\/title>\n<meta name=\"robots\" content=\"index, follow, max-snippet:-1, max-image-preview:large, max-video-preview:-1\" \/>\n<link rel=\"canonical\" href=\"http:\/\/eautomobiliai.lt\/index.php\/2025\/12\/02\/tesla-uzsimena-apie-nauja-fotoaparato-atnaujinima-sukeldama-daugiau-abejoniu-del-visisko-savarankisko-vairavimo-pazadu\/\" \/>\n<meta property=\"og:locale\" content=\"lt_LT\" \/>\n<meta property=\"og:type\" content=\"article\" \/>\n<meta property=\"og:title\" content=\"Tesla u\u017esimena apie nauj\u0105 fotoaparato atnaujinim\u0105, sukeldama daugiau abejoni\u0173 d\u0117l visi\u0161ko savaranki\u0161ko vairavimo pa\u017ead\u0173 - Eautomobiliai.lt\" \/>\n<meta property=\"og:description\" content=\"Pana\u0161u, kad \u201eTesla\u201c ruo\u0161iasi \u012f savo aparatin\u0117s \u012frangos komplekt\u0105 pristatyti dar vien\u0105 nauj\u0105 kameros jutikl\u012f pagal kod\u0105, rast\u0105 naujausioje automobili\u0173&hellip;\" \/>\n<meta property=\"og:url\" content=\"http:\/\/eautomobiliai.lt\/index.php\/2025\/12\/02\/tesla-uzsimena-apie-nauja-fotoaparato-atnaujinima-sukeldama-daugiau-abejoniu-del-visisko-savarankisko-vairavimo-pazadu\/\" \/>\n<meta property=\"og:site_name\" content=\"Eautomobiliai.lt\" \/>\n<meta property=\"article:published_time\" content=\"2025-12-02T16:11:46+00:00\" \/>\n<meta property=\"og:image\" content=\"http:\/\/eautomobiliai.lt\/wp-content\/uploads\/2025\/12\/Tesla-uzsimena-apie-nauja-fotoaparato-atnaujinima-sukeldama-daugiau-abejoniu-del.jpg\" \/>\n\t<meta property=\"og:image:width\" content=\"1200\" \/>\n\t<meta property=\"og:image:height\" content=\"628\" \/>\n\t<meta property=\"og:image:type\" content=\"image\/jpeg\" \/>\n<meta name=\"author\" content=\"admin\" \/>\n<meta name=\"twitter:card\" content=\"summary_large_image\" \/>\n<meta name=\"twitter:label1\" content=\"Written by\" \/>\n\t<meta name=\"twitter:data1\" content=\"admin\" \/>\n\t<meta name=\"twitter:label2\" content=\"Est. reading time\" \/>\n\t<meta name=\"twitter:data2\" content=\"3 minut\u0117s\" \/>\n<script type=\"application\/ld+json\" class=\"yoast-schema-graph\">{\"@context\":\"https:\/\/schema.org\",\"@graph\":[{\"@type\":\"Article\",\"@id\":\"http:\/\/eautomobiliai.lt\/index.php\/2025\/12\/02\/tesla-uzsimena-apie-nauja-fotoaparato-atnaujinima-sukeldama-daugiau-abejoniu-del-visisko-savarankisko-vairavimo-pazadu\/#article\",\"isPartOf\":{\"@id\":\"http:\/\/eautomobiliai.lt\/index.php\/2025\/12\/02\/tesla-uzsimena-apie-nauja-fotoaparato-atnaujinima-sukeldama-daugiau-abejoniu-del-visisko-savarankisko-vairavimo-pazadu\/\"},\"author\":{\"name\":\"admin\",\"@id\":\"https:\/\/eautomobiliai.lt\/#\/schema\/person\/ecf2a967f361217d056061f74deb92f2\"},\"headline\":\"Tesla u\u017esimena apie nauj\u0105 fotoaparato atnaujinim\u0105, sukeldama daugiau abejoni\u0173 d\u0117l visi\u0161ko savaranki\u0161ko vairavimo pa\u017ead\u0173\",\"datePublished\":\"2025-12-02T16:11:46+00:00\",\"mainEntityOfPage\":{\"@id\":\"http:\/\/eautomobiliai.lt\/index.php\/2025\/12\/02\/tesla-uzsimena-apie-nauja-fotoaparato-atnaujinima-sukeldama-daugiau-abejoniu-del-visisko-savarankisko-vairavimo-pazadu\/\"},\"wordCount\":683,\"commentCount\":0,\"image\":{\"@id\":\"http:\/\/eautomobiliai.lt\/index.php\/2025\/12\/02\/tesla-uzsimena-apie-nauja-fotoaparato-atnaujinima-sukeldama-daugiau-abejoniu-del-visisko-savarankisko-vairavimo-pazadu\/#primaryimage\"},\"thumbnailUrl\":\"http:\/\/eautomobiliai.lt\/wp-content\/uploads\/2025\/12\/Tesla-uzsimena-apie-nauja-fotoaparato-atnaujinima-sukeldama-daugiau-abejoniu-del.jpg\",\"keywords\":[\"abejoni\u0173\",\"apie\",\"atnaujinim\u0105\",\"daugiau\",\"d\u0117l\",\"fotoaparato\",\"Nauja\",\"pa\u017ead\u0173\",\"savaranki\u0161ko\",\"sukeldama\",\"Tesla\",\"u\u017esimena\",\"Vairavimo\",\"Visi\u0161ko\"],\"articleSection\":[\"ELEKTRINIAI AUTOMOBILIAI\"],\"inLanguage\":\"lt-LT\",\"potentialAction\":[{\"@type\":\"CommentAction\",\"name\":\"Comment\",\"target\":[\"http:\/\/eautomobiliai.lt\/index.php\/2025\/12\/02\/tesla-uzsimena-apie-nauja-fotoaparato-atnaujinima-sukeldama-daugiau-abejoniu-del-visisko-savarankisko-vairavimo-pazadu\/#respond\"]}]},{\"@type\":\"WebPage\",\"@id\":\"http:\/\/eautomobiliai.lt\/index.php\/2025\/12\/02\/tesla-uzsimena-apie-nauja-fotoaparato-atnaujinima-sukeldama-daugiau-abejoniu-del-visisko-savarankisko-vairavimo-pazadu\/\",\"url\":\"http:\/\/eautomobiliai.lt\/index.php\/2025\/12\/02\/tesla-uzsimena-apie-nauja-fotoaparato-atnaujinima-sukeldama-daugiau-abejoniu-del-visisko-savarankisko-vairavimo-pazadu\/\",\"name\":\"Tesla u\u017esimena apie nauj\u0105 fotoaparato atnaujinim\u0105, sukeldama daugiau abejoni\u0173 d\u0117l visi\u0161ko savaranki\u0161ko vairavimo pa\u017ead\u0173 - Eautomobiliai.lt\",\"isPartOf\":{\"@id\":\"https:\/\/eautomobiliai.lt\/#website\"},\"primaryImageOfPage\":{\"@id\":\"http:\/\/eautomobiliai.lt\/index.php\/2025\/12\/02\/tesla-uzsimena-apie-nauja-fotoaparato-atnaujinima-sukeldama-daugiau-abejoniu-del-visisko-savarankisko-vairavimo-pazadu\/#primaryimage\"},\"image\":{\"@id\":\"http:\/\/eautomobiliai.lt\/index.php\/2025\/12\/02\/tesla-uzsimena-apie-nauja-fotoaparato-atnaujinima-sukeldama-daugiau-abejoniu-del-visisko-savarankisko-vairavimo-pazadu\/#primaryimage\"},\"thumbnailUrl\":\"http:\/\/eautomobiliai.lt\/wp-content\/uploads\/2025\/12\/Tesla-uzsimena-apie-nauja-fotoaparato-atnaujinima-sukeldama-daugiau-abejoniu-del.jpg\",\"datePublished\":\"2025-12-02T16:11:46+00:00\",\"author\":{\"@id\":\"https:\/\/eautomobiliai.lt\/#\/schema\/person\/ecf2a967f361217d056061f74deb92f2\"},\"breadcrumb\":{\"@id\":\"http:\/\/eautomobiliai.lt\/index.php\/2025\/12\/02\/tesla-uzsimena-apie-nauja-fotoaparato-atnaujinima-sukeldama-daugiau-abejoniu-del-visisko-savarankisko-vairavimo-pazadu\/#breadcrumb\"},\"inLanguage\":\"lt-LT\",\"potentialAction\":[{\"@type\":\"ReadAction\",\"target\":[\"http:\/\/eautomobiliai.lt\/index.php\/2025\/12\/02\/tesla-uzsimena-apie-nauja-fotoaparato-atnaujinima-sukeldama-daugiau-abejoniu-del-visisko-savarankisko-vairavimo-pazadu\/\"]}]},{\"@type\":\"ImageObject\",\"inLanguage\":\"lt-LT\",\"@id\":\"http:\/\/eautomobiliai.lt\/index.php\/2025\/12\/02\/tesla-uzsimena-apie-nauja-fotoaparato-atnaujinima-sukeldama-daugiau-abejoniu-del-visisko-savarankisko-vairavimo-pazadu\/#primaryimage\",\"url\":\"http:\/\/eautomobiliai.lt\/wp-content\/uploads\/2025\/12\/Tesla-uzsimena-apie-nauja-fotoaparato-atnaujinima-sukeldama-daugiau-abejoniu-del.jpg\",\"contentUrl\":\"http:\/\/eautomobiliai.lt\/wp-content\/uploads\/2025\/12\/Tesla-uzsimena-apie-nauja-fotoaparato-atnaujinima-sukeldama-daugiau-abejoniu-del.jpg\",\"width\":1200,\"height\":628},{\"@type\":\"BreadcrumbList\",\"@id\":\"http:\/\/eautomobiliai.lt\/index.php\/2025\/12\/02\/tesla-uzsimena-apie-nauja-fotoaparato-atnaujinima-sukeldama-daugiau-abejoniu-del-visisko-savarankisko-vairavimo-pazadu\/#breadcrumb\",\"itemListElement\":[{\"@type\":\"ListItem\",\"position\":1,\"name\":\"Home\",\"item\":\"https:\/\/eautomobiliai.lt\/\"},{\"@type\":\"ListItem\",\"position\":2,\"name\":\"Tesla u\u017esimena apie nauj\u0105 fotoaparato atnaujinim\u0105, sukeldama daugiau abejoni\u0173 d\u0117l visi\u0161ko savaranki\u0161ko vairavimo pa\u017ead\u0173\"}]},{\"@type\":\"WebSite\",\"@id\":\"https:\/\/eautomobiliai.lt\/#website\",\"url\":\"https:\/\/eautomobiliai.lt\/\",\"name\":\"Eautomobiliai.lt\",\"description\":\"Elektrinis transportas, technologijos\",\"potentialAction\":[{\"@type\":\"SearchAction\",\"target\":{\"@type\":\"EntryPoint\",\"urlTemplate\":\"https:\/\/eautomobiliai.lt\/?s={search_term_string}\"},\"query-input\":{\"@type\":\"PropertyValueSpecification\",\"valueRequired\":true,\"valueName\":\"search_term_string\"}}],\"inLanguage\":\"lt-LT\"},{\"@type\":\"Person\",\"@id\":\"https:\/\/eautomobiliai.lt\/#\/schema\/person\/ecf2a967f361217d056061f74deb92f2\",\"name\":\"admin\",\"image\":{\"@type\":\"ImageObject\",\"inLanguage\":\"lt-LT\",\"@id\":\"https:\/\/eautomobiliai.lt\/#\/schema\/person\/image\/\",\"url\":\"https:\/\/secure.gravatar.com\/avatar\/6323379efae0c70c686c7905444d6bbd?s=96&d=mm&r=g\",\"contentUrl\":\"https:\/\/secure.gravatar.com\/avatar\/6323379efae0c70c686c7905444d6bbd?s=96&d=mm&r=g\",\"caption\":\"admin\"},\"sameAs\":[\"http:\/\/eautomobiliai.lt\"],\"url\":\"http:\/\/eautomobiliai.lt\/index.php\/author\/admin\/\"}]}<\/script>\n<!-- \/ Yoast SEO plugin. -->","yoast_head_json":{"title":"Tesla u\u017esimena apie nauj\u0105 fotoaparato atnaujinim\u0105, sukeldama daugiau abejoni\u0173 d\u0117l visi\u0161ko savaranki\u0161ko vairavimo pa\u017ead\u0173 - Eautomobiliai.lt","robots":{"index":"index","follow":"follow","max-snippet":"max-snippet:-1","max-image-preview":"max-image-preview:large","max-video-preview":"max-video-preview:-1"},"canonical":"http:\/\/eautomobiliai.lt\/index.php\/2025\/12\/02\/tesla-uzsimena-apie-nauja-fotoaparato-atnaujinima-sukeldama-daugiau-abejoniu-del-visisko-savarankisko-vairavimo-pazadu\/","og_locale":"lt_LT","og_type":"article","og_title":"Tesla u\u017esimena apie nauj\u0105 fotoaparato atnaujinim\u0105, sukeldama daugiau abejoni\u0173 d\u0117l visi\u0161ko savaranki\u0161ko vairavimo pa\u017ead\u0173 - Eautomobiliai.lt","og_description":"Pana\u0161u, kad \u201eTesla\u201c ruo\u0161iasi \u012f savo aparatin\u0117s \u012frangos komplekt\u0105 pristatyti dar vien\u0105 nauj\u0105 kameros jutikl\u012f pagal kod\u0105, rast\u0105 naujausioje automobili\u0173&hellip;","og_url":"http:\/\/eautomobiliai.lt\/index.php\/2025\/12\/02\/tesla-uzsimena-apie-nauja-fotoaparato-atnaujinima-sukeldama-daugiau-abejoniu-del-visisko-savarankisko-vairavimo-pazadu\/","og_site_name":"Eautomobiliai.lt","article_published_time":"2025-12-02T16:11:46+00:00","og_image":[{"width":1200,"height":628,"url":"http:\/\/eautomobiliai.lt\/wp-content\/uploads\/2025\/12\/Tesla-uzsimena-apie-nauja-fotoaparato-atnaujinima-sukeldama-daugiau-abejoniu-del.jpg","type":"image\/jpeg"}],"author":"admin","twitter_card":"summary_large_image","twitter_misc":{"Written by":"admin","Est. reading time":"3 minut\u0117s"},"schema":{"@context":"https:\/\/schema.org","@graph":[{"@type":"Article","@id":"http:\/\/eautomobiliai.lt\/index.php\/2025\/12\/02\/tesla-uzsimena-apie-nauja-fotoaparato-atnaujinima-sukeldama-daugiau-abejoniu-del-visisko-savarankisko-vairavimo-pazadu\/#article","isPartOf":{"@id":"http:\/\/eautomobiliai.lt\/index.php\/2025\/12\/02\/tesla-uzsimena-apie-nauja-fotoaparato-atnaujinima-sukeldama-daugiau-abejoniu-del-visisko-savarankisko-vairavimo-pazadu\/"},"author":{"name":"admin","@id":"https:\/\/eautomobiliai.lt\/#\/schema\/person\/ecf2a967f361217d056061f74deb92f2"},"headline":"Tesla u\u017esimena apie nauj\u0105 fotoaparato atnaujinim\u0105, sukeldama daugiau abejoni\u0173 d\u0117l visi\u0161ko savaranki\u0161ko vairavimo pa\u017ead\u0173","datePublished":"2025-12-02T16:11:46+00:00","mainEntityOfPage":{"@id":"http:\/\/eautomobiliai.lt\/index.php\/2025\/12\/02\/tesla-uzsimena-apie-nauja-fotoaparato-atnaujinima-sukeldama-daugiau-abejoniu-del-visisko-savarankisko-vairavimo-pazadu\/"},"wordCount":683,"commentCount":0,"image":{"@id":"http:\/\/eautomobiliai.lt\/index.php\/2025\/12\/02\/tesla-uzsimena-apie-nauja-fotoaparato-atnaujinima-sukeldama-daugiau-abejoniu-del-visisko-savarankisko-vairavimo-pazadu\/#primaryimage"},"thumbnailUrl":"http:\/\/eautomobiliai.lt\/wp-content\/uploads\/2025\/12\/Tesla-uzsimena-apie-nauja-fotoaparato-atnaujinima-sukeldama-daugiau-abejoniu-del.jpg","keywords":["abejoni\u0173","apie","atnaujinim\u0105","daugiau","d\u0117l","fotoaparato","Nauja","pa\u017ead\u0173","savaranki\u0161ko","sukeldama","Tesla","u\u017esimena","Vairavimo","Visi\u0161ko"],"articleSection":["ELEKTRINIAI AUTOMOBILIAI"],"inLanguage":"lt-LT","potentialAction":[{"@type":"CommentAction","name":"Comment","target":["http:\/\/eautomobiliai.lt\/index.php\/2025\/12\/02\/tesla-uzsimena-apie-nauja-fotoaparato-atnaujinima-sukeldama-daugiau-abejoniu-del-visisko-savarankisko-vairavimo-pazadu\/#respond"]}]},{"@type":"WebPage","@id":"http:\/\/eautomobiliai.lt\/index.php\/2025\/12\/02\/tesla-uzsimena-apie-nauja-fotoaparato-atnaujinima-sukeldama-daugiau-abejoniu-del-visisko-savarankisko-vairavimo-pazadu\/","url":"http:\/\/eautomobiliai.lt\/index.php\/2025\/12\/02\/tesla-uzsimena-apie-nauja-fotoaparato-atnaujinima-sukeldama-daugiau-abejoniu-del-visisko-savarankisko-vairavimo-pazadu\/","name":"Tesla u\u017esimena apie nauj\u0105 fotoaparato atnaujinim\u0105, sukeldama daugiau abejoni\u0173 d\u0117l visi\u0161ko savaranki\u0161ko vairavimo pa\u017ead\u0173 - Eautomobiliai.lt","isPartOf":{"@id":"https:\/\/eautomobiliai.lt\/#website"},"primaryImageOfPage":{"@id":"http:\/\/eautomobiliai.lt\/index.php\/2025\/12\/02\/tesla-uzsimena-apie-nauja-fotoaparato-atnaujinima-sukeldama-daugiau-abejoniu-del-visisko-savarankisko-vairavimo-pazadu\/#primaryimage"},"image":{"@id":"http:\/\/eautomobiliai.lt\/index.php\/2025\/12\/02\/tesla-uzsimena-apie-nauja-fotoaparato-atnaujinima-sukeldama-daugiau-abejoniu-del-visisko-savarankisko-vairavimo-pazadu\/#primaryimage"},"thumbnailUrl":"http:\/\/eautomobiliai.lt\/wp-content\/uploads\/2025\/12\/Tesla-uzsimena-apie-nauja-fotoaparato-atnaujinima-sukeldama-daugiau-abejoniu-del.jpg","datePublished":"2025-12-02T16:11:46+00:00","author":{"@id":"https:\/\/eautomobiliai.lt\/#\/schema\/person\/ecf2a967f361217d056061f74deb92f2"},"breadcrumb":{"@id":"http:\/\/eautomobiliai.lt\/index.php\/2025\/12\/02\/tesla-uzsimena-apie-nauja-fotoaparato-atnaujinima-sukeldama-daugiau-abejoniu-del-visisko-savarankisko-vairavimo-pazadu\/#breadcrumb"},"inLanguage":"lt-LT","potentialAction":[{"@type":"ReadAction","target":["http:\/\/eautomobiliai.lt\/index.php\/2025\/12\/02\/tesla-uzsimena-apie-nauja-fotoaparato-atnaujinima-sukeldama-daugiau-abejoniu-del-visisko-savarankisko-vairavimo-pazadu\/"]}]},{"@type":"ImageObject","inLanguage":"lt-LT","@id":"http:\/\/eautomobiliai.lt\/index.php\/2025\/12\/02\/tesla-uzsimena-apie-nauja-fotoaparato-atnaujinima-sukeldama-daugiau-abejoniu-del-visisko-savarankisko-vairavimo-pazadu\/#primaryimage","url":"http:\/\/eautomobiliai.lt\/wp-content\/uploads\/2025\/12\/Tesla-uzsimena-apie-nauja-fotoaparato-atnaujinima-sukeldama-daugiau-abejoniu-del.jpg","contentUrl":"http:\/\/eautomobiliai.lt\/wp-content\/uploads\/2025\/12\/Tesla-uzsimena-apie-nauja-fotoaparato-atnaujinima-sukeldama-daugiau-abejoniu-del.jpg","width":1200,"height":628},{"@type":"BreadcrumbList","@id":"http:\/\/eautomobiliai.lt\/index.php\/2025\/12\/02\/tesla-uzsimena-apie-nauja-fotoaparato-atnaujinima-sukeldama-daugiau-abejoniu-del-visisko-savarankisko-vairavimo-pazadu\/#breadcrumb","itemListElement":[{"@type":"ListItem","position":1,"name":"Home","item":"https:\/\/eautomobiliai.lt\/"},{"@type":"ListItem","position":2,"name":"Tesla u\u017esimena apie nauj\u0105 fotoaparato atnaujinim\u0105, sukeldama daugiau abejoni\u0173 d\u0117l visi\u0161ko savaranki\u0161ko vairavimo pa\u017ead\u0173"}]},{"@type":"WebSite","@id":"https:\/\/eautomobiliai.lt\/#website","url":"https:\/\/eautomobiliai.lt\/","name":"Eautomobiliai.lt","description":"Elektrinis transportas, technologijos","potentialAction":[{"@type":"SearchAction","target":{"@type":"EntryPoint","urlTemplate":"https:\/\/eautomobiliai.lt\/?s={search_term_string}"},"query-input":{"@type":"PropertyValueSpecification","valueRequired":true,"valueName":"search_term_string"}}],"inLanguage":"lt-LT"},{"@type":"Person","@id":"https:\/\/eautomobiliai.lt\/#\/schema\/person\/ecf2a967f361217d056061f74deb92f2","name":"admin","image":{"@type":"ImageObject","inLanguage":"lt-LT","@id":"https:\/\/eautomobiliai.lt\/#\/schema\/person\/image\/","url":"https:\/\/secure.gravatar.com\/avatar\/6323379efae0c70c686c7905444d6bbd?s=96&d=mm&r=g","contentUrl":"https:\/\/secure.gravatar.com\/avatar\/6323379efae0c70c686c7905444d6bbd?s=96&d=mm&r=g","caption":"admin"},"sameAs":["http:\/\/eautomobiliai.lt"],"url":"http:\/\/eautomobiliai.lt\/index.php\/author\/admin\/"}]}},"_links":{"self":[{"href":"http:\/\/eautomobiliai.lt\/index.php\/wp-json\/wp\/v2\/posts\/2840","targetHints":{"allow":["GET"]}}],"collection":[{"href":"http:\/\/eautomobiliai.lt\/index.php\/wp-json\/wp\/v2\/posts"}],"about":[{"href":"http:\/\/eautomobiliai.lt\/index.php\/wp-json\/wp\/v2\/types\/post"}],"author":[{"embeddable":true,"href":"http:\/\/eautomobiliai.lt\/index.php\/wp-json\/wp\/v2\/users\/1"}],"replies":[{"embeddable":true,"href":"http:\/\/eautomobiliai.lt\/index.php\/wp-json\/wp\/v2\/comments?post=2840"}],"version-history":[{"count":0,"href":"http:\/\/eautomobiliai.lt\/index.php\/wp-json\/wp\/v2\/posts\/2840\/revisions"}],"wp:featuredmedia":[{"embeddable":true,"href":"http:\/\/eautomobiliai.lt\/index.php\/wp-json\/wp\/v2\/media\/2841"}],"wp:attachment":[{"href":"http:\/\/eautomobiliai.lt\/index.php\/wp-json\/wp\/v2\/media?parent=2840"}],"wp:term":[{"taxonomy":"category","embeddable":true,"href":"http:\/\/eautomobiliai.lt\/index.php\/wp-json\/wp\/v2\/categories?post=2840"},{"taxonomy":"post_tag","embeddable":true,"href":"http:\/\/eautomobiliai.lt\/index.php\/wp-json\/wp\/v2\/tags?post=2840"}],"curies":[{"name":"wp","href":"https:\/\/api.w.org\/{rel}","templated":true}]}}