{"id":30,"date":"2025-03-08T10:05:36","date_gmt":"2025-03-08T10:05:36","guid":{"rendered":"http:\/\/eautomobiliai.lt\/index.php\/2025\/03\/08\/elektrinis-mini-idomus-vairavimas-2\/"},"modified":"2025-03-08T10:05:36","modified_gmt":"2025-03-08T10:05:36","slug":"elektrinis-mini-idomus-vairavimas-2","status":"publish","type":"post","link":"http:\/\/eautomobiliai.lt\/index.php\/2025\/03\/08\/elektrinis-mini-idomus-vairavimas-2\/","title":{"rendered":"Elektrinis mini &#8211; \u012fdomus vairavimas"},"content":{"rendered":"<p> <br \/>\n<\/p>\n<div>\n<p><br \/>\n<em>Prisiregistruokite gauti kasdieni\u0173 naujien\u0173 i\u0161 \u201eCleantechnica\u201c el. Pa\u0161tu. Arba sekite mus \u201eGoogle News\u201c!<\/em><\/p>\n<hr\/>\n<p class=\"last-updt-div\"><span class=\"last-updt-txt\">Paskutin\u012f kart\u0105 atnaujinta: <\/span><strong class=\"last-updt-date\">2025 m. Vasario 17 d., 10:40 <\/strong><\/p>\n<p>Vienas i\u0161 mano maloniausi\u0173 prisiminim\u0173 apie 70-\u0105j\u012f de\u0161imtmet\u012f buvo vairuoti mano \u201eMini Cooper S\u201c aplink Brisben\u0105, g\u0105sdino mano keleivius ir nutemp\u0117 automobilius prie \u017eibint\u0173 su \u017eemu iki \u017eem\u0117s, turbokompresoriaus galia. Tai buvo raudona plyta, su kuria reikia atsiskaityti. A\u0161 b\u016b\u010diau buv\u0119s labiau teroras su elektriniu mini. A\u0161 da\u017enai sakau \u017emon\u0117ms, kad m\u016bs\u0173 \u201eTesla\u201c (Tess) va\u017eiuoja pana\u0161iai! Gal tai tik hoonas u\u017e vairo.<\/p>\n<figure id=\"attachment_348413\" aria-describedby=\"caption-attachment-348413\" style=\"width: 2048px\" class=\"wp-caption aligncenter\"><img loading=\"lazy\" decoding=\"async\" class=\"size-full wp-image-348413\" src=\"https:\/\/cleantechnica.com\/wp-content\/uploads\/2025\/02\/890ab422-8fa6-4c53-b53b-f92fdb646343.jpg\" alt=\"Mini Cooper, jei\" width=\"2048\" height=\"1537\" srcset=\"https:\/\/cleantechnica.com\/wp-content\/uploads\/2025\/02\/890ab422-8fa6-4c53-b53b-f92fdb646343.jpg 2048w, https:\/\/cleantechnica.com\/wp-content\/uploads\/2025\/02\/890ab422-8fa6-4c53-b53b-f92fdb646343-400x300.jpg 400w, https:\/\/cleantechnica.com\/wp-content\/uploads\/2025\/02\/890ab422-8fa6-4c53-b53b-f92fdb646343-800x600.jpg 800w, https:\/\/cleantechnica.com\/wp-content\/uploads\/2025\/02\/890ab422-8fa6-4c53-b53b-f92fdb646343-768x576.jpg 768w, https:\/\/cleantechnica.com\/wp-content\/uploads\/2025\/02\/890ab422-8fa6-4c53-b53b-f92fdb646343-1536x1153.jpg 1536w\" sizes=\"auto, (max-width: 2048px) 100vw, 2048px\"\/><figcaption id=\"caption-attachment-348413\" class=\"wp-caption-text\">\u201eElectric Mini Cooper SE\u201c sulauk\u0117 daug d\u0117mesio. Nuotrauka mandagiai Majella Waterworth.<\/figcaption><\/figure>\n<p>Taigi, kai Sethu at\u0117jo \u012f m\u016bs\u0173 kavos ryt\u0105 su savo mini, a\u0161 tur\u0117jau j\u012f apklausti d\u0117l vairavimo patirties. Mini neb\u0117ra Morrisas i\u0161 Anglijos, o BMW i\u0161 Vokietijos. Tai neb\u0117ra ma\u017eas automobilis. Kas suk\u0117l\u0117 Sethu susidom\u0117jim\u0105? \u201ePagrindin\u0117s prie\u017eastys, d\u0117l kuri\u0173 pasirinkau naudot\u0105 2022 m.\u201e Mini Cooper SE \u201c(pirm\u0105 kart\u0105 \u012fregistruot\u0105 2022 m. Rugpj\u016b\u010dio m\u0117n.), Yra: tai ma\u017eas automobilis ir tinka mano tikslui. A\u0161 taip pat galiu priversti savo \u017emon\u0105 vairuoti. Automobilis pastatytas Vokietijoje, tod\u0117l joki\u0173 vargo su dalimis. Automobilis turi labai \u017eem\u0105 KMS (21K), turi ilg\u0105 baterijos garantij\u0105 (6 metai). Smagu va\u017eiuoti ir u\u017etrauktuvai po miesto\/trumpos dienos keliones. Tikriausiai galiu vairuoti daugiau km, kad pasiek\u010diau 100 000. Kompakti\u0161kas \u201eMini\u201c dydis labai lengva pastatyti pastatytas sandariose erdv\u0117se (be to, jis turi dalin\u0119 pagalbin\u0119 savaranki\u0161kai), tai yra premija judriose miesto vietose. \u201c<\/p>\n<p>Sveiki atvyk\u0119 \u012f \u201eElectric Mini\u201c patirt\u012f, Sethu.<\/p>\n<p>Sethu yra IT profesionalas (\u0161iuo metu dirba kibernetinio saugumo erdv\u0117je). \u201eA\u0161 ir mano \u017emona dirbame profesionalai, tod\u0117l mes neturime verslo. A\u0161 labai domiuosi \u012fsitraukimu \u012f versl\u0105 (pasyvios ir ateities id\u0117jos). \u017dmona yra praktinis \u017eem\u0117s \u016bkio \u017emogus, o mes turime ma\u017e\u0105 gra\u017e\u0173 sod\u0105 su valgomomis dar\u017eov\u0117mis, gra\u017eiomis g\u0117l\u0117mis ir pan. \u201c<\/p>\n<p>Sethu i\u0161band\u0117 \u201eMG ZS EV\u201c, \u201eTesla 3\u201c, \u201eTesla Model Y\u201c ir \u201eBMW IX3\u201c, naudodamas \u201eSixt Car Rental\u201c. \u201eGeriausia visiems, kurie nor\u0117t\u0173 kelet\u0105 dien\u0173 i\u0161bandyti EV.\u201c Tada jis pasirinko \u012fsigyti savo mini d\u0117l naujovi\u0161kos nuomos mokes\u010di\u0173 i\u0161mok\u0173. Sethu \u017emona sak\u0117: \u201eTai atrodo gerai ir, kai \u0161is pirkinys bus pagamintas; Tur\u0117tum\u0117te nustoti ie\u0161koti daugiau automobili\u0173 rinkoje. \u201c Sethu nei\u0161band\u0117 automobili\u0173, i\u0161skyrus \u201eVolvo Ex30\u201c. \u201eMa\u017eas ar didelis koncepcija yra paprasta &#8211; \u012fkraukite automobil\u012f, palaikykite j\u012f. Man visi\u0161kai patinka bet kurio automobilio aptarnavimo ir prie\u017ei\u016bros aspektai. (Benzinas, dyzelinas, EV, Phev). EV turi ma\u017eiau dali\u0173, taigi, aptarnaujant, n\u0117ra skaudu. Bet j\u016bs vis tiek turite atlikti mini reguliarius paslaug\u0173 patikrinimus \u201c, &#8211; pasakojo jis.<\/p>\n<figure id=\"attachment_348414\" aria-describedby=\"caption-attachment-348414\" style=\"width: 2048px\" class=\"wp-caption aligncenter\"><img loading=\"lazy\" decoding=\"async\" class=\"size-full wp-image-348414\" src=\"https:\/\/cleantechnica.com\/wp-content\/uploads\/2025\/02\/b9ff0476-9dc7-48d1-8741-c1902f363f16.jpg\" alt=\"Elektrinis mini\" width=\"2048\" height=\"897\" srcset=\"https:\/\/cleantechnica.com\/wp-content\/uploads\/2025\/02\/b9ff0476-9dc7-48d1-8741-c1902f363f16.jpg 2048w, https:\/\/cleantechnica.com\/wp-content\/uploads\/2025\/02\/b9ff0476-9dc7-48d1-8741-c1902f363f16-400x175.jpg 400w, https:\/\/cleantechnica.com\/wp-content\/uploads\/2025\/02\/b9ff0476-9dc7-48d1-8741-c1902f363f16-800x350.jpg 800w, https:\/\/cleantechnica.com\/wp-content\/uploads\/2025\/02\/b9ff0476-9dc7-48d1-8741-c1902f363f16-768x336.jpg 768w, https:\/\/cleantechnica.com\/wp-content\/uploads\/2025\/02\/b9ff0476-9dc7-48d1-8741-c1902f363f16-1536x673.jpg 1536w\" sizes=\"auto, (max-width: 2048px) 100vw, 2048px\"\/><figcaption id=\"caption-attachment-348414\" class=\"wp-caption-text\">\u201eElectric Mini\u201c lanko kavos ryt\u0105, susidraugauja su Tess. Nuotrauka mandagiai Majella Waterworth.<\/figcaption><\/figure>\n<p>\u201eMano \u017emona iki \u0161iol automobil\u012f vairavo tik 3 kartus ir ji dar neturi suprasti EV vairavimo niuans\u0173. Palyginusi Mini su kitais automobiliais, ji sako, kad ji gerai veikia ir ji greitai nespausdina automobilio (remiantis \u201eRegen\u201c re\u017eimais). \u201c Nors saugykla n\u0117ra tokia puiki, Sethu vis tiek randa geresn\u012f b\u016bd\u0105 valdyti maisto preki\u0173 pirkinius su \u201eMini\u201c. \u201eMes visada galime i\u0161stumti ASX apsilankyti didesniuose apsipirkimo vizituose (\u201e IKEA \u201c\/\u201e Costco \u201cpavyzdys).\u201c Sethu mano, kad \u0161iais metais Australijoje \u012fsigaliojo naujus taisykles &#8211; Australijos projektavimo taisykl\u0119 (ADR) 98\/00 nustato autonominio avarinio stabdymo (AEB) standartus; ir i\u0161metam\u0173j\u0173 ter\u0161al\u0173 standart\u0173 taisykl\u0117s.<\/p>\n<figure id=\"attachment_348415\" aria-describedby=\"caption-attachment-348415\" style=\"width: 2048px\" class=\"wp-caption aligncenter\"><img loading=\"lazy\" decoding=\"async\" class=\"size-full wp-image-348415\" src=\"https:\/\/cleantechnica.com\/wp-content\/uploads\/2025\/02\/505e271d-e0b1-453f-beb5-db7e20b830a5.jpg\" alt=\"Elektrinis mini\" width=\"2048\" height=\"1536\" srcset=\"https:\/\/cleantechnica.com\/wp-content\/uploads\/2025\/02\/505e271d-e0b1-453f-beb5-db7e20b830a5.jpg 2048w, https:\/\/cleantechnica.com\/wp-content\/uploads\/2025\/02\/505e271d-e0b1-453f-beb5-db7e20b830a5-400x300.jpg 400w, https:\/\/cleantechnica.com\/wp-content\/uploads\/2025\/02\/505e271d-e0b1-453f-beb5-db7e20b830a5-800x600.jpg 800w, https:\/\/cleantechnica.com\/wp-content\/uploads\/2025\/02\/505e271d-e0b1-453f-beb5-db7e20b830a5-768x576.jpg 768w, https:\/\/cleantechnica.com\/wp-content\/uploads\/2025\/02\/505e271d-e0b1-453f-beb5-db7e20b830a5-1536x1152.jpg 1536w\" sizes=\"auto, (max-width: 2048px) 100vw, 2048px\"\/><figcaption id=\"caption-attachment-348415\" class=\"wp-caption-text\">\u012ekrovos vieta \u201eElectric Mini\u201c. Nuotrauka mandagiai Majella Waterworth.<\/figcaption><\/figure>\n<p>Palygin\u0119s technologij\u0105, jis nustat\u0117: \u201e\u201e Tesla \u201cturi geriausi\u0105 akumuliatori\u0173 valdymo sistem\u0105, ta\u010diau valdikliai nebuvo puik\u016bs (apsiribojo vienu plan\u0161etinio kompiuterio stiliaus ekranu, tokiu kaip\u201e Volvo Ex30 \u201c,\u201e Polestar \u201c,\u201e BYD \u201c). Kiekvienas kitas gamintojas turi skirtingas funkcijas, ta\u010diau 2025 m., Palyginti su 2020 ir 2022 m., Yra daug patobulinim\u0173. Manau, jei tur\u0117sime du modelius i\u0161 vieno gamintojo, tada visi tur\u0117s geresn\u012f supratim\u0105, k\u0105 pasirinkti. Pavyzd\u017eiui, \u201eKia\u201c turi gerus automobilius, ta\u010diau per daug variant\u0173. \u201c<\/p>\n<p>\u201ePalyginama transporto priemon\u0117 su\u201e Mini SE \u201cb\u016bt\u0173\u201e GWM Ora GT \u201c. Prie\u0161 \u201eMini Cooper\u201c a\u0161 \u017ei\u016br\u0117jau \u012f BMW I3 (dabar nutrauktas), \u201eNissan Leaf\u201c (reikia \u012fkrauti \u201eChademo\u201c), \u201eHyundai Ioniq\u201c (nutrauktas), \u201ePolestar 2\u201c ir \u201eKona Electric\u201c (dabartinis ir ankstesnis gen.). \u201c<\/p>\n<p>Ar turite koki\u0173 nors problem\u0173 d\u0117l naudot\u0173 rank\u0173? \u201eA\u0161 esu antrasis 2022 m.\u201e Mini Cooper SE \u201csavininkas. J\u012f paskatino subrend\u0119s pilotas ir labai gerai pri\u017ei\u016br\u0117jo. Buvo puiku, kad jis asmeni\u0161kai man buvo pristatytas i\u0161 man\u0119s i\u0161 Brisbeno Southside. A\u0161 atlikau i\u0161samius automobili\u0173 tyrimus ir tai, kas yra prieinama. Parduotuv\u0117s daro savo dal\u012f, kad paleist\u0173 ekonomik\u0105, ta\u010diau visada klientas, kuris teisus, renkantis tai, kas geriausiai tinka j\u0173 gyvenimo b\u016bdui, kai kalbama apie automobilius, nes tai n\u0117ra dalykas, kuris n\u0117ra dalykas, kuris vis dar pereina \u012f gyvenimo ciklo proces\u0105. \u201c<\/p>\n<figure id=\"attachment_348416\" aria-describedby=\"caption-attachment-348416\" style=\"width: 2048px\" class=\"wp-caption aligncenter\"><img loading=\"lazy\" decoding=\"async\" class=\"size-full wp-image-348416\" src=\"https:\/\/cleantechnica.com\/wp-content\/uploads\/2025\/02\/38ee9a83-d588-4788-b7fd-bb4df240f9d4.jpg\" alt=\"Elektrinis mini\" width=\"2048\" height=\"1616\" srcset=\"https:\/\/cleantechnica.com\/wp-content\/uploads\/2025\/02\/38ee9a83-d588-4788-b7fd-bb4df240f9d4.jpg 2048w, https:\/\/cleantechnica.com\/wp-content\/uploads\/2025\/02\/38ee9a83-d588-4788-b7fd-bb4df240f9d4-400x316.jpg 400w, https:\/\/cleantechnica.com\/wp-content\/uploads\/2025\/02\/38ee9a83-d588-4788-b7fd-bb4df240f9d4-800x631.jpg 800w, https:\/\/cleantechnica.com\/wp-content\/uploads\/2025\/02\/38ee9a83-d588-4788-b7fd-bb4df240f9d4-768x606.jpg 768w, https:\/\/cleantechnica.com\/wp-content\/uploads\/2025\/02\/38ee9a83-d588-4788-b7fd-bb4df240f9d4-1536x1212.jpg 1536w\" sizes=\"auto, (max-width: 2048px) 100vw, 2048px\"\/><figcaption id=\"caption-attachment-348416\" class=\"wp-caption-text\">Ikoninis mini br\u016bk\u0161nys. Nuotrauka mandagiai Majella Waterworth.<\/figcaption><\/figure>\n<p>Papasakok man apie gerus dalykus. \u201eAutomobilis yra mielas kaip mygtukas, gerai vairuoja, kaip j\u016bs tikit\u0117s i\u0161 automobilio, sukurto ir suprojektuoto Vokietijoje. Ma\u017eas ir galingas. Naujesni 2023 ir 2024 m. Modeliai yra i\u0161 Kinijos gamykl\u0173. A\u0161 vis dar turiu ilg\u0105 keli\u0105, atsi\u017evelgiant \u012f 6 met\u0173 garantij\u0105 akumuliatori\u0173 ir ger\u0105 akumuliatoriaus sveikat\u0105 (mokes\u010dio b\u016bsena yra 96%), kuri\u0105 man patogu t\u0119sti vairavim\u0105. Myl\u0117kite vairavim\u0105 vienkartiniu, taip pat ir \u201eRegen\u201c parinktys (nuo 1 iki 4 lygi\u0173). A\u0161 turiu dar 6 m\u0117nesius planuoti paslaug\u0173 plano pakeitimus, ta\u010diau naudojant naujovi\u0161k\u0105 nuomos plan\u0105, visos paslaugos, padangos, prie\u017ei\u016bra, mokes\u010di\u0173 i\u0161laidos padengtos pasikartojan\u010diomis m\u0117nesine \u012fmoka. \u201c<\/p>\n<p>Neigiama pus\u0117: \u201eKartais grei\u010dio palaikymo kontrol\u0117s jutiklis eina miegoti, ir a\u0161 turiu naudoti kojas, kad pagreitin\u010diau automobil\u012f, o tai vis dar yra labai smagu. A\u0161 myliu\/neken\u010diu automobilio dizaino, bet joki\u0173 dideli\u0173 r\u016bpes\u010di\u0173. Kiekvienas automobilis turi skirting\u0173 i\u0161\u0161\u016bki\u0173, kuriuos supratau, kai pama\u010diau 2015 m. \u201eBMW I3 Rex\u201c model\u012f \u0161iuo metu parduodamas tik 85 000 km. BMW yra pirmosios kartos EV, tod\u0117l norint \u012fsigyti \u201eBMW i3\u201c automobil\u012f, tod\u0117l reikia daug planavimo ir \u017eini\u0173, palyginti su ma\u017eesni\u0173 nei 5 met\u0173 automobiliais. \u201eBMW I3\u201c buvo pirmasis automobilis, kuris mane su\u017eav\u0117jo, kai nor\u0117jau \u012fsigyti ma\u017e\u0105 EV su atsarginiu benzino generatoriumi, kad gal\u0117tum\u0117te jus kelyje. A\u0161 myliu 4 duris, 4 s\u0117dyni\u0173 i\u0161d\u0117stym\u0105 su ma\u017ea saugykla priekyje ir gale. Tvarios med\u017eiagos \u017emon\u0117ms buvo naujas dalykas. 1 tipo \u012fkrovimo infrastrukt\u016bra jau seniai pra\u0117jo, tod\u0117l ji tur\u0117jo b\u016bti skirta tik kaip miesto EV. Bet tai vis tiek yra geras automobilis. \u201c<\/p>\n<figure id=\"attachment_348417\" aria-describedby=\"caption-attachment-348417\" style=\"width: 2048px\" class=\"wp-caption aligncenter\"><img loading=\"lazy\" decoding=\"async\" class=\"size-full wp-image-348417\" src=\"https:\/\/cleantechnica.com\/wp-content\/uploads\/2025\/02\/c26fd816-6831-4c5d-b68f-e8f18b33a092.jpg\" alt=\"Mini elektrinis \" width=\"2048\" height=\"1536\" srcset=\"https:\/\/cleantechnica.com\/wp-content\/uploads\/2025\/02\/c26fd816-6831-4c5d-b68f-e8f18b33a092.jpg 2048w, https:\/\/cleantechnica.com\/wp-content\/uploads\/2025\/02\/c26fd816-6831-4c5d-b68f-e8f18b33a092-400x300.jpg 400w, https:\/\/cleantechnica.com\/wp-content\/uploads\/2025\/02\/c26fd816-6831-4c5d-b68f-e8f18b33a092-800x600.jpg 800w, https:\/\/cleantechnica.com\/wp-content\/uploads\/2025\/02\/c26fd816-6831-4c5d-b68f-e8f18b33a092-768x576.jpg 768w, https:\/\/cleantechnica.com\/wp-content\/uploads\/2025\/02\/c26fd816-6831-4c5d-b68f-e8f18b33a092-1536x1152.jpg 1536w\" sizes=\"auto, (max-width: 2048px) 100vw, 2048px\"\/><figcaption id=\"caption-attachment-348417\" class=\"wp-caption-text\">\u201eMini Dash\u201c &#8211; nuotrauka mandagiai Majella Waterworth.<\/figcaption><\/figure>\n<p>Sethu \u012fsigijo savo mini 2024 m. Rugs\u0117jo m\u0117n. Odometrui jis tur\u0117jo 20 900 km. \u201eNuo to laiko a\u0161 va\u017eiavau 5000 km, daugiausia aplink miest\u0105, su keliomis ilgomis va\u017eiavimais iki Byron Bay (164 km). Kai automobilis yra visi\u0161kai \u012fkrautas iki 100%, \u201eGuess-o-Meter\u201c sako, kad diapazonas yra 185 km, vairavimo diapazonas priklauso nuo kiekvienos atskiros naudojamos vairavimo s\u0105lygos ir naudojamos paslaugos (pavyzd\u017eiui: \u201eAirCon\u201c). A\u0161 \u0161iek tiek planuoju va\u017eiuodamas automobiliu dienos kelion\u0117mis. \u201c Did\u017eioji dalis Sethu \u012fkrovimo poreiki\u0173 tenkinami apmokestinant namuose.<\/p>\n<p>Nuo 2022 m. Sethu turi 6,6kW Saul\u0117s sistem\u0105, kuri s\u0117kmingai veikia ir veikia. \u201eA\u0161 gaunu kelet\u0105 s\u0105skait\u0173 kredit\u0173 kiekvien\u0105 ketvirt\u012f ir planuoju prid\u0117ti nam\u0173 baterij\u0105, kai akumuliatoriaus kaina suma\u017e\u0117ja, o ateinan\u010diais metais (2027 m.) Saul\u0117s maitinimas tarifu ma\u017e\u0117ja toliau (2027 m.). A\u0161 naudoju \u012fprast\u0105 mo\u010diut\u0117s \u012fkrovikl\u012f, prijungt\u0105 prie 10A lizdo, ir per 14 valand\u0173 (7 valandas per 2 dienas) galiu visi\u0161kai \u012fkrauti mini baterij\u0105 (28 kWh naudojama). Mini efektyvumas yra apie 13kW\/100. A\u0161 turiu \u012fdiegt\u0105 atskir\u0105 32A izoliatori\u0173, ta\u010diau \u0161iame etape nesijau\u010diau \u012fdieg\u0119s sienin\u0117s d\u0117\u017e\u0117s. Kita vertus, a\u0161 suplanavau vie\u0161\u0105 DC \u012fkrovim\u0105 (nemokam\u0105 ir tinkam\u0105 mano mini ~ 50 kW grei\u010diui). JOLT \u012fkrovimas yra vienas i\u0161 mano pasirinkim\u0173 (3 \u012fkrovimo plan\u0173 pasirinkimai). \u0160iuo metu naudoju nemokam\u0105 naryst\u0119 ir gaunu 7 kWh energijos 2 ar 3 kartus per savait\u0119. \u201eMini\u201c siekia 50 kW \u012fkrovimo greit\u012f, taigi vie\u0161as nuolatin\u0117s srov\u0117s \u012fkrovimo greitis iki 50 kW galioja man gerai, paliekant viet\u0105 kitiems automobiliams naudoti \u012fkrovimo stotis 75 kW ir daugiau. \u201c<\/p>\n<p>Elektrinis minisas n\u0117ra paplit\u0119s Australijos keliuose, tod\u0117l Sethu tur\u0117jo nevienod\u0173, bet ir nerim\u0105 kelian\u010di\u0173 reakcij\u0173. \u201e\u017dmon\u0117s jaudinasi d\u0117l diapazono ir vairavimo. Man u\u017eduodama daug klausim\u0173 apie akumuliatoriaus veikimo laik\u0105 po 8 met\u0173, \u012fkrovimo, nerimo nuotolio ir pan. Kadangi ilg\u0173 kelioni\u0173 \u012fkrovimo vietose n\u0117ra daug mini, \u017emon\u0117ms \u012fdomu. \u201c Prie\u0161 prad\u0117damas pereiti prie elektros, jis man sako, kad jis atliko brangius \u012fkrovimo tyrimus ir elektromobili\u0173 paslaugas.<\/p>\n<p>Man ypa\u010d patinka jo po\u017ei\u016bris \u012f EV samdym\u0105, kad tai i\u0161bandy\u010diau. Atliekant standartin\u0119 30 minu\u010di\u0173 bandom\u0105j\u0105 disk\u0105, tikrai nesuteikia reikiamos informacijos apie skirtumus tarp i\u0161kastinio kuro transporto priemon\u0117s ir elektrinio vairavimo skirtum\u0173. Sethu visada pirko naudotus automobilius. \u201eMano ankstesni automobiliai yra\u201e Mazda 323 \u201c,\u201e Nissan Pulsar \u201c,\u201e Mitsubishi Lancer \u201cir\u201e ASX \u201c(vis dar turi \u0161\u012f automobil\u012f), visus benzino automobilius, nes a\u0161 nedaug patekau \u012f dyzelines transporto priemones. \u0160is per\u0117jimas prie EV buvo \u012fdomus nuotykis, ir a\u0161 nekantrauju su\u017einoti daugiau apie naujausius EV technologijos pa\u017eangas. \u201c<\/p>\n<p>Sutinku su jumis, Sethu, su \u201eElectric Mini\u201c &#8211; ateitis yra \u0161viesi, elektrin\u0117 ir linksma!<\/p>\n<div class=\"afterpost\">\n<p><em>Nesvarbu, ar turite saul\u0117s energijos, ar ne, u\u017epildykite m\u016bs\u0173 naujausi\u0105 saul\u0117s energijos tyrim\u0105.<\/em><\/p>\n<hr\/>\n<p><a href=\"https:\/\/www.youtube.com\/watch?v=ZFQEZBRSS5S\">https:\/\/www.youtube.com\/watch?v=ZFQEZBRSS5S<\/a><\/p>\n<p><a href=\"https:\/\/www.youtube.com\/watch?v=_FAFTF8N4QQ\">https:\/\/www.youtube.com\/watch?v=_FAFTF8N4QQ<\/a><\/p>\n<p><a href=\"https:\/\/www.youtube.com\/watch?v=iqeob5-chga\">https:\/\/www.youtube.com\/watch?v=iqeob5-chga<\/a><\/p>\n<hr\/>\n<p><strong><em>I\u0161meskite kelet\u0105 doleri\u0173 per m\u0117nes\u012f, kad pad\u0117tum\u0117te palaikyti nepriklausom\u0105 \u201eCleantech\u201c apr\u0117pt\u012f, kuri padeda pagreitinti \u201eCleantech\u201c revoliucij\u0105!<\/em><\/strong><\/p>\n<hr\/>\n<p><em>Ar turite patarim\u0105 \u201eCleantechnica\u201c? Norite reklamuotis? Norite pasi\u016blyti sve\u010di\u0105 m\u016bs\u0173 \u201eCleanTech Talk Podcast\u201c? Susisiekite su mumis \u010dia.<\/em><\/p>\n<hr\/>\n<p><em>Prisiregistruokite prie m\u016bs\u0173 kasdienio informacinio biuletenio apie 15 nauj\u0173 \u201eCleantech\u201c istorij\u0173 per dien\u0105. Arba prisiregistruokite \u012f m\u016bs\u0173 savaitin\u012f, jei kasdien yra per da\u017ena.<\/em><\/p>\n<hr\/>\n<p><center><bold>Skelbimas<\/bold><\/center><\/p>\n<p><center><!-- CT new after-post -->&#13;<br \/>\n&#13;<br \/>\n<\/center> <\/p>\n<hr\/>\n<p><em><span style=\"font-weight: 400;\">\u201eCleantechnica\u201c naudoja filial\u0173 nuorodas. Per\u017ei\u016br\u0117kite m\u016bs\u0173 politik\u0105 \u010dia.<\/span><\/em><\/p>\n<p><b><em>\u201eCleantechnica\u201c komentar\u0173 politika<\/em><\/b><\/p>\n<hr\/>\n<\/div>\n<\/div>\n<p><script>\n!function(f,b,e,v,n,t,s)\n{if(f.fbq)return;n=f.fbq=function(){n.callMethod?\nn.callMethod.apply(n,arguments):n.queue.push(arguments)};\nif(!f._fbq)f._fbq=n;n.push=n;n.loaded=!0;n.version='2.0';\nn.queue=();t=b.createElement(e);t.async=!0;\nt.src=v;s=b.getElementsByTagName(e)(0);\ns.parentNode.insertBefore(t,s)}(window, document,'script',\n'https:\/\/connect.facebook.net\/en_US\/fbevents.js');\nfbq('init', '1020645035249848');\nfbq('track', 'PageView');\n<\/script><script>\n  window.fbAsyncInit = function() {\n    FB.init({\n      appId      : '{your-app-id}',\n      cookie     : true,\n      xfbml      : true,\n      version    : '{api-version}'\n    });\n    FB.AppEvents.logPageView();   \n  };\n  (function(d, s, id){\n     var js, fjs = d.getElementsByTagName(s)(0);\n     if (d.getElementById(id)) {return;}\n     js = d.createElement(s); js.id = id;\n     js.src = \"https:\/\/connect.facebook.net\/en_US\/sdk.js\";\n     fjs.parentNode.insertBefore(js, fjs);\n   }(document, 'script', 'facebook-jssdk'));\n<\/script><br \/>\n<br \/><br \/>\n<br \/><a href=\"https:\/\/cleantechnica.com\/2025\/02\/14\/electric-mini-fun-driving\/\">Source link <\/a><\/p>\n","protected":false},"excerpt":{"rendered":"<p>Prisiregistruokite gauti kasdieni\u0173 naujien\u0173 i\u0161 \u201eCleantechnica\u201c el. Pa\u0161tu. Arba sekite mus \u201eGoogle News\u201c! Paskutin\u012f kart\u0105 atnaujinta: 2025 m. Vasario 17&hellip;<\/p>\n","protected":false},"author":1,"featured_media":31,"comment_status":"open","ping_status":"open","sticky":false,"template":"","format":"standard","meta":{"om_disable_all_campaigns":false,"_monsterinsights_skip_tracking":false,"_monsterinsights_sitenote_active":false,"_monsterinsights_sitenote_note":"","_monsterinsights_sitenote_category":0,"footnotes":""},"categories":[8],"tags":[26,28,27,29],"class_list":["post-30","post","type-post","status-publish","format-standard","has-post-thumbnail","hentry","category-elektriniai-automobiliai","tag-elektrinis","tag-idomus","tag-mini","tag-vairavimas"],"aioseo_notices":[],"yoast_head":"<!-- This site is optimized with the Yoast SEO plugin v26.8 - https:\/\/yoast.com\/product\/yoast-seo-wordpress\/ -->\n<title>Elektrinis mini - \u012fdomus vairavimas - Eautomobiliai.lt<\/title>\n<meta name=\"robots\" content=\"index, follow, max-snippet:-1, max-image-preview:large, max-video-preview:-1\" \/>\n<link rel=\"canonical\" href=\"https:\/\/eautomobiliai.lt\/index.php\/2025\/03\/08\/elektrinis-mini-idomus-vairavimas-2\/\" \/>\n<meta property=\"og:locale\" content=\"lt_LT\" \/>\n<meta property=\"og:type\" content=\"article\" \/>\n<meta property=\"og:title\" content=\"Elektrinis mini - \u012fdomus vairavimas - Eautomobiliai.lt\" \/>\n<meta property=\"og:description\" content=\"Prisiregistruokite gauti kasdieni\u0173 naujien\u0173 i\u0161 \u201eCleantechnica\u201c el. Pa\u0161tu. Arba sekite mus \u201eGoogle News\u201c! Paskutin\u012f kart\u0105 atnaujinta: 2025 m. Vasario 17&hellip;\" \/>\n<meta property=\"og:url\" content=\"https:\/\/eautomobiliai.lt\/index.php\/2025\/03\/08\/elektrinis-mini-idomus-vairavimas-2\/\" \/>\n<meta property=\"og:site_name\" content=\"Eautomobiliai.lt\" \/>\n<meta property=\"article:published_time\" content=\"2025-03-08T10:05:36+00:00\" \/>\n<meta property=\"og:image\" content=\"https:\/\/eautomobiliai.lt\/wp-content\/uploads\/2025\/03\/Elektrinis-mini-idomus-vairavimas.jpg\" \/>\n\t<meta property=\"og:image:width\" content=\"1600\" \/>\n\t<meta property=\"og:image:height\" content=\"890\" \/>\n\t<meta property=\"og:image:type\" content=\"image\/jpeg\" \/>\n<meta name=\"author\" content=\"admin\" \/>\n<meta name=\"twitter:card\" content=\"summary_large_image\" \/>\n<meta name=\"twitter:label1\" content=\"Written by\" \/>\n\t<meta name=\"twitter:data1\" content=\"admin\" \/>\n\t<meta name=\"twitter:label2\" content=\"Est. reading time\" \/>\n\t<meta name=\"twitter:data2\" content=\"8 minut\u0117s\" \/>\n<script type=\"application\/ld+json\" class=\"yoast-schema-graph\">{\"@context\":\"https:\/\/schema.org\",\"@graph\":[{\"@type\":\"Article\",\"@id\":\"https:\/\/eautomobiliai.lt\/index.php\/2025\/03\/08\/elektrinis-mini-idomus-vairavimas-2\/#article\",\"isPartOf\":{\"@id\":\"https:\/\/eautomobiliai.lt\/index.php\/2025\/03\/08\/elektrinis-mini-idomus-vairavimas-2\/\"},\"author\":{\"name\":\"admin\",\"@id\":\"https:\/\/eautomobiliai.lt\/#\/schema\/person\/ecf2a967f361217d056061f74deb92f2\"},\"headline\":\"Elektrinis mini &#8211; \u012fdomus vairavimas\",\"datePublished\":\"2025-03-08T10:05:36+00:00\",\"mainEntityOfPage\":{\"@id\":\"https:\/\/eautomobiliai.lt\/index.php\/2025\/03\/08\/elektrinis-mini-idomus-vairavimas-2\/\"},\"wordCount\":1603,\"commentCount\":0,\"image\":{\"@id\":\"https:\/\/eautomobiliai.lt\/index.php\/2025\/03\/08\/elektrinis-mini-idomus-vairavimas-2\/#primaryimage\"},\"thumbnailUrl\":\"http:\/\/eautomobiliai.lt\/wp-content\/uploads\/2025\/03\/Elektrinis-mini-idomus-vairavimas.jpg\",\"keywords\":[\"Elektrinis\",\"\u012fdomus\",\"mini\",\"vairavimas\"],\"articleSection\":[\"ELEKTRINIAI AUTOMOBILIAI\"],\"inLanguage\":\"lt-LT\",\"potentialAction\":[{\"@type\":\"CommentAction\",\"name\":\"Comment\",\"target\":[\"https:\/\/eautomobiliai.lt\/index.php\/2025\/03\/08\/elektrinis-mini-idomus-vairavimas-2\/#respond\"]}]},{\"@type\":\"WebPage\",\"@id\":\"https:\/\/eautomobiliai.lt\/index.php\/2025\/03\/08\/elektrinis-mini-idomus-vairavimas-2\/\",\"url\":\"https:\/\/eautomobiliai.lt\/index.php\/2025\/03\/08\/elektrinis-mini-idomus-vairavimas-2\/\",\"name\":\"Elektrinis mini - \u012fdomus vairavimas - Eautomobiliai.lt\",\"isPartOf\":{\"@id\":\"https:\/\/eautomobiliai.lt\/#website\"},\"primaryImageOfPage\":{\"@id\":\"https:\/\/eautomobiliai.lt\/index.php\/2025\/03\/08\/elektrinis-mini-idomus-vairavimas-2\/#primaryimage\"},\"image\":{\"@id\":\"https:\/\/eautomobiliai.lt\/index.php\/2025\/03\/08\/elektrinis-mini-idomus-vairavimas-2\/#primaryimage\"},\"thumbnailUrl\":\"http:\/\/eautomobiliai.lt\/wp-content\/uploads\/2025\/03\/Elektrinis-mini-idomus-vairavimas.jpg\",\"datePublished\":\"2025-03-08T10:05:36+00:00\",\"author\":{\"@id\":\"https:\/\/eautomobiliai.lt\/#\/schema\/person\/ecf2a967f361217d056061f74deb92f2\"},\"breadcrumb\":{\"@id\":\"https:\/\/eautomobiliai.lt\/index.php\/2025\/03\/08\/elektrinis-mini-idomus-vairavimas-2\/#breadcrumb\"},\"inLanguage\":\"lt-LT\",\"potentialAction\":[{\"@type\":\"ReadAction\",\"target\":[\"https:\/\/eautomobiliai.lt\/index.php\/2025\/03\/08\/elektrinis-mini-idomus-vairavimas-2\/\"]}]},{\"@type\":\"ImageObject\",\"inLanguage\":\"lt-LT\",\"@id\":\"https:\/\/eautomobiliai.lt\/index.php\/2025\/03\/08\/elektrinis-mini-idomus-vairavimas-2\/#primaryimage\",\"url\":\"http:\/\/eautomobiliai.lt\/wp-content\/uploads\/2025\/03\/Elektrinis-mini-idomus-vairavimas.jpg\",\"contentUrl\":\"http:\/\/eautomobiliai.lt\/wp-content\/uploads\/2025\/03\/Elektrinis-mini-idomus-vairavimas.jpg\",\"width\":1600,\"height\":890},{\"@type\":\"BreadcrumbList\",\"@id\":\"https:\/\/eautomobiliai.lt\/index.php\/2025\/03\/08\/elektrinis-mini-idomus-vairavimas-2\/#breadcrumb\",\"itemListElement\":[{\"@type\":\"ListItem\",\"position\":1,\"name\":\"Home\",\"item\":\"https:\/\/eautomobiliai.lt\/\"},{\"@type\":\"ListItem\",\"position\":2,\"name\":\"Elektrinis mini &#8211; \u012fdomus vairavimas\"}]},{\"@type\":\"WebSite\",\"@id\":\"https:\/\/eautomobiliai.lt\/#website\",\"url\":\"https:\/\/eautomobiliai.lt\/\",\"name\":\"Eautomobiliai.lt\",\"description\":\"Elektrinis transportas, technologijos\",\"potentialAction\":[{\"@type\":\"SearchAction\",\"target\":{\"@type\":\"EntryPoint\",\"urlTemplate\":\"https:\/\/eautomobiliai.lt\/?s={search_term_string}\"},\"query-input\":{\"@type\":\"PropertyValueSpecification\",\"valueRequired\":true,\"valueName\":\"search_term_string\"}}],\"inLanguage\":\"lt-LT\"},{\"@type\":\"Person\",\"@id\":\"https:\/\/eautomobiliai.lt\/#\/schema\/person\/ecf2a967f361217d056061f74deb92f2\",\"name\":\"admin\",\"image\":{\"@type\":\"ImageObject\",\"inLanguage\":\"lt-LT\",\"@id\":\"https:\/\/eautomobiliai.lt\/#\/schema\/person\/image\/\",\"url\":\"https:\/\/secure.gravatar.com\/avatar\/6323379efae0c70c686c7905444d6bbd?s=96&d=mm&r=g\",\"contentUrl\":\"https:\/\/secure.gravatar.com\/avatar\/6323379efae0c70c686c7905444d6bbd?s=96&d=mm&r=g\",\"caption\":\"admin\"},\"sameAs\":[\"http:\/\/eautomobiliai.lt\"],\"url\":\"http:\/\/eautomobiliai.lt\/index.php\/author\/admin\/\"}]}<\/script>\n<!-- \/ Yoast SEO plugin. -->","yoast_head_json":{"title":"Elektrinis mini - \u012fdomus vairavimas - Eautomobiliai.lt","robots":{"index":"index","follow":"follow","max-snippet":"max-snippet:-1","max-image-preview":"max-image-preview:large","max-video-preview":"max-video-preview:-1"},"canonical":"https:\/\/eautomobiliai.lt\/index.php\/2025\/03\/08\/elektrinis-mini-idomus-vairavimas-2\/","og_locale":"lt_LT","og_type":"article","og_title":"Elektrinis mini - \u012fdomus vairavimas - Eautomobiliai.lt","og_description":"Prisiregistruokite gauti kasdieni\u0173 naujien\u0173 i\u0161 \u201eCleantechnica\u201c el. Pa\u0161tu. Arba sekite mus \u201eGoogle News\u201c! Paskutin\u012f kart\u0105 atnaujinta: 2025 m. Vasario 17&hellip;","og_url":"https:\/\/eautomobiliai.lt\/index.php\/2025\/03\/08\/elektrinis-mini-idomus-vairavimas-2\/","og_site_name":"Eautomobiliai.lt","article_published_time":"2025-03-08T10:05:36+00:00","og_image":[{"width":1600,"height":890,"url":"https:\/\/eautomobiliai.lt\/wp-content\/uploads\/2025\/03\/Elektrinis-mini-idomus-vairavimas.jpg","type":"image\/jpeg"}],"author":"admin","twitter_card":"summary_large_image","twitter_misc":{"Written by":"admin","Est. reading time":"8 minut\u0117s"},"schema":{"@context":"https:\/\/schema.org","@graph":[{"@type":"Article","@id":"https:\/\/eautomobiliai.lt\/index.php\/2025\/03\/08\/elektrinis-mini-idomus-vairavimas-2\/#article","isPartOf":{"@id":"https:\/\/eautomobiliai.lt\/index.php\/2025\/03\/08\/elektrinis-mini-idomus-vairavimas-2\/"},"author":{"name":"admin","@id":"https:\/\/eautomobiliai.lt\/#\/schema\/person\/ecf2a967f361217d056061f74deb92f2"},"headline":"Elektrinis mini &#8211; \u012fdomus vairavimas","datePublished":"2025-03-08T10:05:36+00:00","mainEntityOfPage":{"@id":"https:\/\/eautomobiliai.lt\/index.php\/2025\/03\/08\/elektrinis-mini-idomus-vairavimas-2\/"},"wordCount":1603,"commentCount":0,"image":{"@id":"https:\/\/eautomobiliai.lt\/index.php\/2025\/03\/08\/elektrinis-mini-idomus-vairavimas-2\/#primaryimage"},"thumbnailUrl":"http:\/\/eautomobiliai.lt\/wp-content\/uploads\/2025\/03\/Elektrinis-mini-idomus-vairavimas.jpg","keywords":["Elektrinis","\u012fdomus","mini","vairavimas"],"articleSection":["ELEKTRINIAI AUTOMOBILIAI"],"inLanguage":"lt-LT","potentialAction":[{"@type":"CommentAction","name":"Comment","target":["https:\/\/eautomobiliai.lt\/index.php\/2025\/03\/08\/elektrinis-mini-idomus-vairavimas-2\/#respond"]}]},{"@type":"WebPage","@id":"https:\/\/eautomobiliai.lt\/index.php\/2025\/03\/08\/elektrinis-mini-idomus-vairavimas-2\/","url":"https:\/\/eautomobiliai.lt\/index.php\/2025\/03\/08\/elektrinis-mini-idomus-vairavimas-2\/","name":"Elektrinis mini - \u012fdomus vairavimas - Eautomobiliai.lt","isPartOf":{"@id":"https:\/\/eautomobiliai.lt\/#website"},"primaryImageOfPage":{"@id":"https:\/\/eautomobiliai.lt\/index.php\/2025\/03\/08\/elektrinis-mini-idomus-vairavimas-2\/#primaryimage"},"image":{"@id":"https:\/\/eautomobiliai.lt\/index.php\/2025\/03\/08\/elektrinis-mini-idomus-vairavimas-2\/#primaryimage"},"thumbnailUrl":"http:\/\/eautomobiliai.lt\/wp-content\/uploads\/2025\/03\/Elektrinis-mini-idomus-vairavimas.jpg","datePublished":"2025-03-08T10:05:36+00:00","author":{"@id":"https:\/\/eautomobiliai.lt\/#\/schema\/person\/ecf2a967f361217d056061f74deb92f2"},"breadcrumb":{"@id":"https:\/\/eautomobiliai.lt\/index.php\/2025\/03\/08\/elektrinis-mini-idomus-vairavimas-2\/#breadcrumb"},"inLanguage":"lt-LT","potentialAction":[{"@type":"ReadAction","target":["https:\/\/eautomobiliai.lt\/index.php\/2025\/03\/08\/elektrinis-mini-idomus-vairavimas-2\/"]}]},{"@type":"ImageObject","inLanguage":"lt-LT","@id":"https:\/\/eautomobiliai.lt\/index.php\/2025\/03\/08\/elektrinis-mini-idomus-vairavimas-2\/#primaryimage","url":"http:\/\/eautomobiliai.lt\/wp-content\/uploads\/2025\/03\/Elektrinis-mini-idomus-vairavimas.jpg","contentUrl":"http:\/\/eautomobiliai.lt\/wp-content\/uploads\/2025\/03\/Elektrinis-mini-idomus-vairavimas.jpg","width":1600,"height":890},{"@type":"BreadcrumbList","@id":"https:\/\/eautomobiliai.lt\/index.php\/2025\/03\/08\/elektrinis-mini-idomus-vairavimas-2\/#breadcrumb","itemListElement":[{"@type":"ListItem","position":1,"name":"Home","item":"https:\/\/eautomobiliai.lt\/"},{"@type":"ListItem","position":2,"name":"Elektrinis mini &#8211; \u012fdomus vairavimas"}]},{"@type":"WebSite","@id":"https:\/\/eautomobiliai.lt\/#website","url":"https:\/\/eautomobiliai.lt\/","name":"Eautomobiliai.lt","description":"Elektrinis transportas, technologijos","potentialAction":[{"@type":"SearchAction","target":{"@type":"EntryPoint","urlTemplate":"https:\/\/eautomobiliai.lt\/?s={search_term_string}"},"query-input":{"@type":"PropertyValueSpecification","valueRequired":true,"valueName":"search_term_string"}}],"inLanguage":"lt-LT"},{"@type":"Person","@id":"https:\/\/eautomobiliai.lt\/#\/schema\/person\/ecf2a967f361217d056061f74deb92f2","name":"admin","image":{"@type":"ImageObject","inLanguage":"lt-LT","@id":"https:\/\/eautomobiliai.lt\/#\/schema\/person\/image\/","url":"https:\/\/secure.gravatar.com\/avatar\/6323379efae0c70c686c7905444d6bbd?s=96&d=mm&r=g","contentUrl":"https:\/\/secure.gravatar.com\/avatar\/6323379efae0c70c686c7905444d6bbd?s=96&d=mm&r=g","caption":"admin"},"sameAs":["http:\/\/eautomobiliai.lt"],"url":"http:\/\/eautomobiliai.lt\/index.php\/author\/admin\/"}]}},"_links":{"self":[{"href":"http:\/\/eautomobiliai.lt\/index.php\/wp-json\/wp\/v2\/posts\/30","targetHints":{"allow":["GET"]}}],"collection":[{"href":"http:\/\/eautomobiliai.lt\/index.php\/wp-json\/wp\/v2\/posts"}],"about":[{"href":"http:\/\/eautomobiliai.lt\/index.php\/wp-json\/wp\/v2\/types\/post"}],"author":[{"embeddable":true,"href":"http:\/\/eautomobiliai.lt\/index.php\/wp-json\/wp\/v2\/users\/1"}],"replies":[{"embeddable":true,"href":"http:\/\/eautomobiliai.lt\/index.php\/wp-json\/wp\/v2\/comments?post=30"}],"version-history":[{"count":0,"href":"http:\/\/eautomobiliai.lt\/index.php\/wp-json\/wp\/v2\/posts\/30\/revisions"}],"wp:featuredmedia":[{"embeddable":true,"href":"http:\/\/eautomobiliai.lt\/index.php\/wp-json\/wp\/v2\/media\/31"}],"wp:attachment":[{"href":"http:\/\/eautomobiliai.lt\/index.php\/wp-json\/wp\/v2\/media?parent=30"}],"wp:term":[{"taxonomy":"category","embeddable":true,"href":"http:\/\/eautomobiliai.lt\/index.php\/wp-json\/wp\/v2\/categories?post=30"},{"taxonomy":"post_tag","embeddable":true,"href":"http:\/\/eautomobiliai.lt\/index.php\/wp-json\/wp\/v2\/tags?post=30"}],"curies":[{"name":"wp","href":"https:\/\/api.w.org\/{rel}","templated":true}]}}