{"id":300,"date":"2025-03-29T14:29:35","date_gmt":"2025-03-29T14:29:35","guid":{"rendered":"http:\/\/eautomobiliai.lt\/index.php\/2025\/03\/29\/tesla-siulo-mazesnes-sanaudas-maziau-galinga-modeli-y\/"},"modified":"2025-03-29T14:29:35","modified_gmt":"2025-03-29T14:29:35","slug":"tesla-siulo-mazesnes-sanaudas-maziau-galinga-modeli-y","status":"publish","type":"post","link":"http:\/\/eautomobiliai.lt\/index.php\/2025\/03\/29\/tesla-siulo-mazesnes-sanaudas-maziau-galinga-modeli-y\/","title":{"rendered":"\u201eTesla\u201c si\u016blo ma\u017eesnes s\u0105naudas, ma\u017eiau galing\u0105 model\u012f y"},"content":{"rendered":"<p> <br \/>\n<\/p>\n<div id=\"\">\n<p><span style=\"font-weight: 400;\">Vienoje brangiausi\u0173 automobili\u0173 rink\u0173 visame pasaulyje \u201eTesla\u201c i\u0161leido nauj\u0105, pigesn\u012f, ma\u017eiau galing\u0105 Y model\u012f, kad pad\u0117t\u0173 suma\u017einti nauj\u0173 savinink\u0173 nuosavyb\u0117s i\u0161laidas.<\/span><\/p>\n<p><span style=\"font-weight: 400;\">Singap\u016bre, kur naujo modelio kainos paprastai prasideda nuo A90 800 USD, \u201eTesla\u201c i\u0161leido nauj\u0105 110 kW modelio versij\u0105, padedan\u010di\u0105 automobilyje paversti nauj\u0105 ma\u017eai galing\u0173 transporto priemoni\u0173 kategorij\u0105 ir taupyti metin\u012f keli\u0173 mokest\u012f A2 370 USD.<\/span><\/p>\n<p><span style=\"font-weight: 400;\">\u0160i naujiena buvo pasidalyta \u201eTesla Singapore X\u201c puslapyje, kai \u012fmon\u0117 sako: \u201eNaujas modelis Y 110 dabar prieinamas (A kategorija)\u201c.<\/span><\/p>\n<blockquote class=\"twitter-tweet\" data-width=\"550\" data-dnt=\"true\">\n<p lang=\"en\" dir=\"ltr\">Dabar prieinamas naujas Y 110 modelis (A kategorija) <a href=\"https:\/\/t.co\/ELS4AqYnSY\">pic.twitter.com\/els4aqynsy<\/a><\/p>\n<p>&#8211; \u201eTesla Singapore\u201c (@tesla_singapore) <a href=\"https:\/\/twitter.com\/tesla_singapore\/status\/1905454572455465286?ref_src=twsrc%5Etfw\">2025 m. Kovo 28 d<\/a><\/p>\n<\/blockquote>\n<p><span style=\"font-weight: 400;\">\u0160is naujas variantas i\u0161laiko t\u0105 pat\u012f 466 km diapazon\u0105 kartu su did\u017eiausiu 201 km\/h grei\u010diu, ta\u010diau jis pastebi, kad pagrei\u010dio laikas \u017eymiai padid\u0117ja nuo 5,9 iki 9,6 sekund\u0117s 0\u2013100 km\/h sprinte, tod\u0117l tai yra l\u0117\u010diausias \u201eTesla\u201c.<\/span><\/p>\n<p><span style=\"font-weight: 400;\">I\u0161 dalies tai lemia tik 110 kW galios, kad b\u016bt\u0173 laikomasi kategorijos reikalavimo Singap\u016bre, o ne \u012fprastas 255 kW, matytas standartiniame vieno motocikliniame RWD variante.<\/span><\/p>\n<p><span style=\"font-weight: 400;\">\u017dinoma, daugelio savinink\u0173, turin\u010di\u0173 nauj\u0105 model\u012f per 5 met\u0173 nuosavyb\u0117s laikotarp\u012f ir nemok\u0117dami brangesnio kuro, sutaupymas pad\u0117s daugeliui kit\u0173 \u0161alies vairuotoj\u0173 pirm\u0105 kart\u0105 pirkti \u201eTesla EV\u201c.<\/span><\/p>\n<p><span style=\"font-weight: 400;\">Standartin\u0117ms Y modelio versijoms priklauso B kategorija ir jose yra kainos be CoE ir kit\u0173 mokes\u010di\u0173 A90 780 USD u\u017e RWD ir A102 600 USD u\u017e dvigubo variklio AWD variantus.<\/span><\/p>\n<p><span style=\"font-weight: 400;\">Tai n\u0117ra pirmas kartas, kai \u201eTesla\u201c i\u0161leido specialiai rinkai model\u012f. <\/span><\/p>\n<p><span style=\"font-weight: 400;\">2024 m. Kovo m\u0117n. \u201eTesla\u201c i\u0161leido dviej\u0173 viet\u0173 Y modelio variant\u0105 Pranc\u016bzijoje. Tai tur\u0117jo pad\u0117ti verslo savininkams gauti mokes\u010di\u0173 taupym\u0105 ir jas pasidalino bendrov\u0117s s\u0105skaitos vykdomoji vald\u017eia \u201eCl\u00e9ment Maguet\u201c, \u201eLinkedIn\u201c.<\/span><\/p>\n<figure id=\"attachment_186437\" aria-describedby=\"caption-attachment-186437\" style=\"width: 1280px\" class=\"wp-caption aligncenter\"><img decoding=\"async\" class=\"size-full wp-image-186437 native-lazyload-js-fallback\" alt=\"\" width=\"1280\" height=\"1706\" loading=\"lazy\" src=\"https:\/\/b2232832.smushcdn.com\/2232832\/wp-content\/uploads\/2025\/03\/two-seater-Tesla-Model-Y-France-Clement-Maguet.jpg?lossy=1&amp;strip=0&amp;webp=1\" srcset=\"https:\/\/b2232832.smushcdn.com\/2232832\/wp-content\/uploads\/2025\/03\/two-seater-Tesla-Model-Y-France-Clement-Maguet.jpg?lossy=1&amp;strip=0&amp;webp=1 1280w, https:\/\/b2232832.smushcdn.com\/2232832\/wp-content\/uploads\/2025\/03\/two-seater-Tesla-Model-Y-France-Clement-Maguet-300x400.jpg?lossy=1&amp;strip=0&amp;webp=1 300w, https:\/\/b2232832.smushcdn.com\/2232832\/wp-content\/uploads\/2025\/03\/two-seater-Tesla-Model-Y-France-Clement-Maguet-1160x1547.jpg?lossy=1&amp;strip=0&amp;webp=1 1160w, https:\/\/b2232832.smushcdn.com\/2232832\/wp-content\/uploads\/2025\/03\/two-seater-Tesla-Model-Y-France-Clement-Maguet-800x1067.jpg?lossy=1&amp;strip=0&amp;webp=1 800w, https:\/\/b2232832.smushcdn.com\/2232832\/wp-content\/uploads\/2025\/03\/two-seater-Tesla-Model-Y-France-Clement-Maguet-1152x1536.jpg?lossy=1&amp;strip=0&amp;webp=1 1152w, https:\/\/b2232832.smushcdn.com\/2232832\/wp-content\/uploads\/2025\/03\/two-seater-Tesla-Model-Y-France-Clement-Maguet-120x160.jpg?lossy=1&amp;strip=0&amp;webp=1 120w, https:\/\/b2232832.smushcdn.com\/2232832\/wp-content\/uploads\/2025\/03\/two-seater-Tesla-Model-Y-France-Clement-Maguet-90x120.jpg?lossy=1&amp;strip=0&amp;webp=1 90w, https:\/\/b2232832.smushcdn.com\/2232832\/wp-content\/uploads\/2025\/03\/two-seater-Tesla-Model-Y-France-Clement-Maguet-320x427.jpg?lossy=1&amp;strip=0&amp;webp=1 320w, https:\/\/b2232832.smushcdn.com\/2232832\/wp-content\/uploads\/2025\/03\/two-seater-Tesla-Model-Y-France-Clement-Maguet-560x747.jpg?lossy=1&amp;strip=0&amp;webp=1 560w, https:\/\/b2232832.smushcdn.com\/2232832\/wp-content\/uploads\/2025\/03\/two-seater-Tesla-Model-Y-France-Clement-Maguet-640x854.jpg?lossy=1&amp;strip=0&amp;webp=1 640w, https:\/\/b2232832.smushcdn.com\/2232832\/wp-content\/uploads\/2025\/03\/two-seater-Tesla-Model-Y-France-Clement-Maguet-150x200.jpg?lossy=1&amp;strip=0&amp;webp=1 150w, https:\/\/b2232832.smushcdn.com\/2232832\/wp-content\/uploads\/2025\/03\/two-seater-Tesla-Model-Y-France-Clement-Maguet-240x320.jpg?lossy=1&amp;strip=0&amp;webp=1 240w, https:\/\/b2232832.smushcdn.com\/2232832\/wp-content\/uploads\/2025\/03\/two-seater-Tesla-Model-Y-France-Clement-Maguet-180x240.jpg?lossy=1&amp;strip=0&amp;webp=1 180w, https:\/\/b2232832.smushcdn.com\/2232832\/wp-content\/uploads\/2025\/03\/two-seater-Tesla-Model-Y-France-Clement-Maguet-1120x1494.jpg?lossy=1&amp;strip=0&amp;webp=1 1120w\" data-sizes=\"(max-width: 1160px) 100vw, 1160px\"\/><img loading=\"lazy\" decoding=\"async\" class=\"size-full wp-image-186437\" src=\"https:\/\/thedriven.io\/wp-content\/uploads\/2025\/03\/two-seater-Tesla-Model-Y-France-Clement-Maguet.jpg\" alt=\"\" width=\"1280\" height=\"1706\" srcset=\"https:\/\/thedriven.io\/wp-content\/uploads\/2025\/03\/two-seater-Tesla-Model-Y-France-Clement-Maguet.jpg 1280w, https:\/\/thedriven.io\/wp-content\/uploads\/2025\/03\/two-seater-Tesla-Model-Y-France-Clement-Maguet-300x400.jpg 300w, https:\/\/thedriven.io\/wp-content\/uploads\/2025\/03\/two-seater-Tesla-Model-Y-France-Clement-Maguet-1160x1547.jpg 1160w, https:\/\/thedriven.io\/wp-content\/uploads\/2025\/03\/two-seater-Tesla-Model-Y-France-Clement-Maguet-800x1067.jpg 800w, https:\/\/thedriven.io\/wp-content\/uploads\/2025\/03\/two-seater-Tesla-Model-Y-France-Clement-Maguet-1152x1536.jpg 1152w, https:\/\/thedriven.io\/wp-content\/uploads\/2025\/03\/two-seater-Tesla-Model-Y-France-Clement-Maguet-120x160.jpg 120w, https:\/\/thedriven.io\/wp-content\/uploads\/2025\/03\/two-seater-Tesla-Model-Y-France-Clement-Maguet-90x120.jpg 90w, https:\/\/thedriven.io\/wp-content\/uploads\/2025\/03\/two-seater-Tesla-Model-Y-France-Clement-Maguet-320x427.jpg 320w, https:\/\/thedriven.io\/wp-content\/uploads\/2025\/03\/two-seater-Tesla-Model-Y-France-Clement-Maguet-560x747.jpg 560w, https:\/\/thedriven.io\/wp-content\/uploads\/2025\/03\/two-seater-Tesla-Model-Y-France-Clement-Maguet-640x854.jpg 640w, https:\/\/thedriven.io\/wp-content\/uploads\/2025\/03\/two-seater-Tesla-Model-Y-France-Clement-Maguet-150x200.jpg 150w, https:\/\/thedriven.io\/wp-content\/uploads\/2025\/03\/two-seater-Tesla-Model-Y-France-Clement-Maguet-240x320.jpg 240w, https:\/\/thedriven.io\/wp-content\/uploads\/2025\/03\/two-seater-Tesla-Model-Y-France-Clement-Maguet-180x240.jpg 180w, https:\/\/thedriven.io\/wp-content\/uploads\/2025\/03\/two-seater-Tesla-Model-Y-France-Clement-Maguet-1120x1494.jpg 1120w\" sizes=\"auto, (max-width: 1160px) 100vw, 1160px\"\/><figcaption id=\"caption-attachment-186437\" class=\"wp-caption-text\">Vaizdas: Cl\u00e9ment Maguet<\/figcaption><\/figure>\n<p><span style=\"font-weight: 400;\">I\u0161verstoje \u0161io \u012fra\u0161o versijoje teigiama: \u201e\u201e Tesla \u201csuk\u016br\u0117 2 viet\u0173 model\u012f Y, kurio laikymo talpa buvo 2158 litrai, o diapazonas-iki 565 km. \u0160is modelis gali b\u016bti apmokestinamas komercin\u0117mis transporto priemon\u0117mis.\u201c<\/span><\/p>\n<p><span style=\"font-weight: 400;\">2024 m. Rugpj\u016b\u010dio m\u0117n <\/span><span style=\"font-weight: 400;\">suma\u017eino 3 modelio \u012f\u0117jimo kain\u0105<\/span><span style=\"font-weight: 400;\">  Meksikoje. <\/span><\/p>\n<p><span style=\"font-weight: 400;\">D\u0117l to varianto, kurio metu suma\u017e\u0117jo 4 000 USD kaina, \u201eTesla\u201c pa\u0161alino odines s\u0117dynes ir pakeit\u0117 jas audinio s\u0117dyn\u0117mis. Tai taip pat pa\u0161alino v\u0117dinam\u0173 s\u0117dyni\u0173 funkcionalum\u0105, taip pat \u0161ildom\u0105 vair\u0105, rast\u0105 ant vis\u0173 nauj\u0173 3 standartini\u0173 \u201eModel 3\u201c automobili\u0173.<\/span><\/p>\n<\/p>\n<div class=\"saboxplugin-wrap\" itemtype=\"http:\/\/schema.org\/Person\" itemscope=\"\" itemprop=\"author\">\n<div class=\"saboxplugin-tab\">\n<div class=\"saboxplugin-gravatar\"><img decoding=\"async\" width=\"100\" height=\"100\" alt=\"Rizas Akhtar\" itemprop=\"image\" loading=\"lazy\" class=\"native-lazyload-js-fallback\" src=\"https:\/\/b2232832.smushcdn.com\/2232832\/wp-content\/uploads\/2022\/02\/Riz.jpg?lossy=1&amp;strip=0&amp;webp=1\"\/><img loading=\"lazy\" decoding=\"async\" src=\"https:\/\/thedriven.io\/wp-content\/uploads\/2022\/02\/Riz.jpg\" width=\"100\" height=\"100\" alt=\"Rizas Akhtar\" itemprop=\"image\"\/><\/div>\n<div class=\"saboxplugin-desc\">\n<div itemprop=\"description\">\n<p>RIZ yra \u201eCarloop\u201c \u012fk\u016br\u0117jas, \u012fsik\u016br\u0119s Melburne, specializuojasi Australijos EV duomenyse, \u012f\u017evalgos ataskaitose ir tendencijose. Jis yra mechanikos in\u017einierius, prie\u0161 pradedant \u201eCarloop\u201c pirmuosius 7 savo karjeros statybos transporto infrastrukt\u016bros metus. Jis turi aistr\u0105 automobiliams, ypa\u010d EV ir nori pad\u0117ti suma\u017einti transporto i\u0161metim\u0105 Australijoje. \u0160iuo metu jis vairuoja \u201eRed Tesla\u201c model\u012f 3.<\/p>\n<\/div>\n<\/div>\n<\/div>\n<\/div>\n<p><!-- AI CONTENT END 1 --><\/p><\/div>\n<p><script async src=\"\/\/platform.twitter.com\/widgets.js\" charset=\"utf-8\"><\/script><br \/>\n<br \/><br \/>\n<br \/><a href=\"https:\/\/thedriven.io\/2025\/03\/29\/tesla-offers-lower-cost-less-powerful-model-y-its-slowest-ev-yet\/\">Source link <\/a><\/p>\n","protected":false},"excerpt":{"rendered":"<p>Vienoje brangiausi\u0173 automobili\u0173 rink\u0173 visame pasaulyje \u201eTesla\u201c i\u0161leido nauj\u0105, pigesn\u012f, ma\u017eiau galing\u0105 Y model\u012f, kad pad\u0117t\u0173 suma\u017einti nauj\u0173 savinink\u0173 nuosavyb\u0117s&hellip;<\/p>\n","protected":false},"author":1,"featured_media":0,"comment_status":"open","ping_status":"open","sticky":false,"template":"","format":"standard","meta":{"om_disable_all_campaigns":false,"_monsterinsights_skip_tracking":false,"_monsterinsights_sitenote_active":false,"_monsterinsights_sitenote_note":"","_monsterinsights_sitenote_category":0,"footnotes":""},"categories":[39],"tags":[819,386,36,820,387,478,14],"class_list":["post-300","post","type-post","status-publish","format-standard","hentry","category-eautomobiliu-technine-puse","tag-galinga","tag-mazesnes","tag-maziau","tag-modeli","tag-sanaudas","tag-siulo","tag-tesla"],"aioseo_notices":[],"yoast_head":"<!-- This site is optimized with the Yoast SEO plugin v26.8 - https:\/\/yoast.com\/product\/yoast-seo-wordpress\/ -->\n<title>\u201eTesla\u201c si\u016blo ma\u017eesnes s\u0105naudas, ma\u017eiau galing\u0105 model\u012f y - Eautomobiliai.lt<\/title>\n<meta name=\"robots\" content=\"index, follow, max-snippet:-1, max-image-preview:large, max-video-preview:-1\" \/>\n<link rel=\"canonical\" href=\"https:\/\/eautomobiliai.lt\/index.php\/2025\/03\/29\/tesla-siulo-mazesnes-sanaudas-maziau-galinga-modeli-y\/\" \/>\n<meta property=\"og:locale\" content=\"lt_LT\" \/>\n<meta property=\"og:type\" content=\"article\" \/>\n<meta property=\"og:title\" content=\"\u201eTesla\u201c si\u016blo ma\u017eesnes s\u0105naudas, ma\u017eiau galing\u0105 model\u012f y - Eautomobiliai.lt\" \/>\n<meta property=\"og:description\" content=\"Vienoje brangiausi\u0173 automobili\u0173 rink\u0173 visame pasaulyje \u201eTesla\u201c i\u0161leido nauj\u0105, pigesn\u012f, ma\u017eiau galing\u0105 Y model\u012f, kad pad\u0117t\u0173 suma\u017einti nauj\u0173 savinink\u0173 nuosavyb\u0117s&hellip;\" \/>\n<meta property=\"og:url\" content=\"https:\/\/eautomobiliai.lt\/index.php\/2025\/03\/29\/tesla-siulo-mazesnes-sanaudas-maziau-galinga-modeli-y\/\" \/>\n<meta property=\"og:site_name\" content=\"Eautomobiliai.lt\" \/>\n<meta property=\"article:published_time\" content=\"2025-03-29T14:29:35+00:00\" \/>\n<meta property=\"og:image\" content=\"https:\/\/b2232832.smushcdn.com\/2232832\/wp-content\/uploads\/2025\/03\/two-seater-Tesla-Model-Y-France-Clement-Maguet.jpg?lossy=1&amp;strip=0&amp;webp=1\" \/>\n<meta name=\"author\" content=\"admin\" \/>\n<meta name=\"twitter:card\" content=\"summary_large_image\" \/>\n<meta name=\"twitter:label1\" content=\"Written by\" \/>\n\t<meta name=\"twitter:data1\" content=\"admin\" \/>\n\t<meta name=\"twitter:label2\" content=\"Est. reading time\" \/>\n\t<meta name=\"twitter:data2\" content=\"2 minut\u0117s\" \/>\n<script type=\"application\/ld+json\" class=\"yoast-schema-graph\">{\"@context\":\"https:\/\/schema.org\",\"@graph\":[{\"@type\":\"Article\",\"@id\":\"https:\/\/eautomobiliai.lt\/index.php\/2025\/03\/29\/tesla-siulo-mazesnes-sanaudas-maziau-galinga-modeli-y\/#article\",\"isPartOf\":{\"@id\":\"https:\/\/eautomobiliai.lt\/index.php\/2025\/03\/29\/tesla-siulo-mazesnes-sanaudas-maziau-galinga-modeli-y\/\"},\"author\":{\"name\":\"admin\",\"@id\":\"https:\/\/eautomobiliai.lt\/#\/schema\/person\/ecf2a967f361217d056061f74deb92f2\"},\"headline\":\"\u201eTesla\u201c si\u016blo ma\u017eesnes s\u0105naudas, ma\u017eiau galing\u0105 model\u012f y\",\"datePublished\":\"2025-03-29T14:29:35+00:00\",\"mainEntityOfPage\":{\"@id\":\"https:\/\/eautomobiliai.lt\/index.php\/2025\/03\/29\/tesla-siulo-mazesnes-sanaudas-maziau-galinga-modeli-y\/\"},\"wordCount\":442,\"commentCount\":0,\"image\":{\"@id\":\"https:\/\/eautomobiliai.lt\/index.php\/2025\/03\/29\/tesla-siulo-mazesnes-sanaudas-maziau-galinga-modeli-y\/#primaryimage\"},\"thumbnailUrl\":\"https:\/\/b2232832.smushcdn.com\/2232832\/wp-content\/uploads\/2025\/03\/two-seater-Tesla-Model-Y-France-Clement-Maguet.jpg?lossy=1&amp;strip=0&amp;webp=1\",\"keywords\":[\"galing\u0105\",\"ma\u017eesnes\",\"ma\u017eiau\",\"model\u012f\",\"s\u0105naudas\",\"si\u016blo\",\"Tesla\"],\"articleSection\":[\"eAUTOMOBILI\u0172 TECHNIN\u0116 PUS\u0116\"],\"inLanguage\":\"lt-LT\",\"potentialAction\":[{\"@type\":\"CommentAction\",\"name\":\"Comment\",\"target\":[\"https:\/\/eautomobiliai.lt\/index.php\/2025\/03\/29\/tesla-siulo-mazesnes-sanaudas-maziau-galinga-modeli-y\/#respond\"]}]},{\"@type\":\"WebPage\",\"@id\":\"https:\/\/eautomobiliai.lt\/index.php\/2025\/03\/29\/tesla-siulo-mazesnes-sanaudas-maziau-galinga-modeli-y\/\",\"url\":\"https:\/\/eautomobiliai.lt\/index.php\/2025\/03\/29\/tesla-siulo-mazesnes-sanaudas-maziau-galinga-modeli-y\/\",\"name\":\"\u201eTesla\u201c si\u016blo ma\u017eesnes s\u0105naudas, ma\u017eiau galing\u0105 model\u012f y - Eautomobiliai.lt\",\"isPartOf\":{\"@id\":\"https:\/\/eautomobiliai.lt\/#website\"},\"primaryImageOfPage\":{\"@id\":\"https:\/\/eautomobiliai.lt\/index.php\/2025\/03\/29\/tesla-siulo-mazesnes-sanaudas-maziau-galinga-modeli-y\/#primaryimage\"},\"image\":{\"@id\":\"https:\/\/eautomobiliai.lt\/index.php\/2025\/03\/29\/tesla-siulo-mazesnes-sanaudas-maziau-galinga-modeli-y\/#primaryimage\"},\"thumbnailUrl\":\"https:\/\/b2232832.smushcdn.com\/2232832\/wp-content\/uploads\/2025\/03\/two-seater-Tesla-Model-Y-France-Clement-Maguet.jpg?lossy=1&amp;strip=0&amp;webp=1\",\"datePublished\":\"2025-03-29T14:29:35+00:00\",\"author\":{\"@id\":\"https:\/\/eautomobiliai.lt\/#\/schema\/person\/ecf2a967f361217d056061f74deb92f2\"},\"breadcrumb\":{\"@id\":\"https:\/\/eautomobiliai.lt\/index.php\/2025\/03\/29\/tesla-siulo-mazesnes-sanaudas-maziau-galinga-modeli-y\/#breadcrumb\"},\"inLanguage\":\"lt-LT\",\"potentialAction\":[{\"@type\":\"ReadAction\",\"target\":[\"https:\/\/eautomobiliai.lt\/index.php\/2025\/03\/29\/tesla-siulo-mazesnes-sanaudas-maziau-galinga-modeli-y\/\"]}]},{\"@type\":\"ImageObject\",\"inLanguage\":\"lt-LT\",\"@id\":\"https:\/\/eautomobiliai.lt\/index.php\/2025\/03\/29\/tesla-siulo-mazesnes-sanaudas-maziau-galinga-modeli-y\/#primaryimage\",\"url\":\"https:\/\/b2232832.smushcdn.com\/2232832\/wp-content\/uploads\/2025\/03\/two-seater-Tesla-Model-Y-France-Clement-Maguet.jpg?lossy=1&amp;strip=0&amp;webp=1\",\"contentUrl\":\"https:\/\/b2232832.smushcdn.com\/2232832\/wp-content\/uploads\/2025\/03\/two-seater-Tesla-Model-Y-France-Clement-Maguet.jpg?lossy=1&amp;strip=0&amp;webp=1\"},{\"@type\":\"BreadcrumbList\",\"@id\":\"https:\/\/eautomobiliai.lt\/index.php\/2025\/03\/29\/tesla-siulo-mazesnes-sanaudas-maziau-galinga-modeli-y\/#breadcrumb\",\"itemListElement\":[{\"@type\":\"ListItem\",\"position\":1,\"name\":\"Home\",\"item\":\"https:\/\/eautomobiliai.lt\/\"},{\"@type\":\"ListItem\",\"position\":2,\"name\":\"\u201eTesla\u201c si\u016blo ma\u017eesnes s\u0105naudas, ma\u017eiau galing\u0105 model\u012f y\"}]},{\"@type\":\"WebSite\",\"@id\":\"https:\/\/eautomobiliai.lt\/#website\",\"url\":\"https:\/\/eautomobiliai.lt\/\",\"name\":\"Eautomobiliai.lt\",\"description\":\"Elektrinis transportas, technologijos\",\"potentialAction\":[{\"@type\":\"SearchAction\",\"target\":{\"@type\":\"EntryPoint\",\"urlTemplate\":\"https:\/\/eautomobiliai.lt\/?s={search_term_string}\"},\"query-input\":{\"@type\":\"PropertyValueSpecification\",\"valueRequired\":true,\"valueName\":\"search_term_string\"}}],\"inLanguage\":\"lt-LT\"},{\"@type\":\"Person\",\"@id\":\"https:\/\/eautomobiliai.lt\/#\/schema\/person\/ecf2a967f361217d056061f74deb92f2\",\"name\":\"admin\",\"image\":{\"@type\":\"ImageObject\",\"inLanguage\":\"lt-LT\",\"@id\":\"https:\/\/eautomobiliai.lt\/#\/schema\/person\/image\/\",\"url\":\"https:\/\/secure.gravatar.com\/avatar\/6323379efae0c70c686c7905444d6bbd?s=96&d=mm&r=g\",\"contentUrl\":\"https:\/\/secure.gravatar.com\/avatar\/6323379efae0c70c686c7905444d6bbd?s=96&d=mm&r=g\",\"caption\":\"admin\"},\"sameAs\":[\"http:\/\/eautomobiliai.lt\"],\"url\":\"http:\/\/eautomobiliai.lt\/index.php\/author\/admin\/\"}]}<\/script>\n<!-- \/ Yoast SEO plugin. -->","yoast_head_json":{"title":"\u201eTesla\u201c si\u016blo ma\u017eesnes s\u0105naudas, ma\u017eiau galing\u0105 model\u012f y - Eautomobiliai.lt","robots":{"index":"index","follow":"follow","max-snippet":"max-snippet:-1","max-image-preview":"max-image-preview:large","max-video-preview":"max-video-preview:-1"},"canonical":"https:\/\/eautomobiliai.lt\/index.php\/2025\/03\/29\/tesla-siulo-mazesnes-sanaudas-maziau-galinga-modeli-y\/","og_locale":"lt_LT","og_type":"article","og_title":"\u201eTesla\u201c si\u016blo ma\u017eesnes s\u0105naudas, ma\u017eiau galing\u0105 model\u012f y - Eautomobiliai.lt","og_description":"Vienoje brangiausi\u0173 automobili\u0173 rink\u0173 visame pasaulyje \u201eTesla\u201c i\u0161leido nauj\u0105, pigesn\u012f, ma\u017eiau galing\u0105 Y model\u012f, kad pad\u0117t\u0173 suma\u017einti nauj\u0173 savinink\u0173 nuosavyb\u0117s&hellip;","og_url":"https:\/\/eautomobiliai.lt\/index.php\/2025\/03\/29\/tesla-siulo-mazesnes-sanaudas-maziau-galinga-modeli-y\/","og_site_name":"Eautomobiliai.lt","article_published_time":"2025-03-29T14:29:35+00:00","og_image":[{"url":"https:\/\/b2232832.smushcdn.com\/2232832\/wp-content\/uploads\/2025\/03\/two-seater-Tesla-Model-Y-France-Clement-Maguet.jpg?lossy=1&amp;strip=0&amp;webp=1","type":"","width":"","height":""}],"author":"admin","twitter_card":"summary_large_image","twitter_misc":{"Written by":"admin","Est. reading time":"2 minut\u0117s"},"schema":{"@context":"https:\/\/schema.org","@graph":[{"@type":"Article","@id":"https:\/\/eautomobiliai.lt\/index.php\/2025\/03\/29\/tesla-siulo-mazesnes-sanaudas-maziau-galinga-modeli-y\/#article","isPartOf":{"@id":"https:\/\/eautomobiliai.lt\/index.php\/2025\/03\/29\/tesla-siulo-mazesnes-sanaudas-maziau-galinga-modeli-y\/"},"author":{"name":"admin","@id":"https:\/\/eautomobiliai.lt\/#\/schema\/person\/ecf2a967f361217d056061f74deb92f2"},"headline":"\u201eTesla\u201c si\u016blo ma\u017eesnes s\u0105naudas, ma\u017eiau galing\u0105 model\u012f y","datePublished":"2025-03-29T14:29:35+00:00","mainEntityOfPage":{"@id":"https:\/\/eautomobiliai.lt\/index.php\/2025\/03\/29\/tesla-siulo-mazesnes-sanaudas-maziau-galinga-modeli-y\/"},"wordCount":442,"commentCount":0,"image":{"@id":"https:\/\/eautomobiliai.lt\/index.php\/2025\/03\/29\/tesla-siulo-mazesnes-sanaudas-maziau-galinga-modeli-y\/#primaryimage"},"thumbnailUrl":"https:\/\/b2232832.smushcdn.com\/2232832\/wp-content\/uploads\/2025\/03\/two-seater-Tesla-Model-Y-France-Clement-Maguet.jpg?lossy=1&amp;strip=0&amp;webp=1","keywords":["galing\u0105","ma\u017eesnes","ma\u017eiau","model\u012f","s\u0105naudas","si\u016blo","Tesla"],"articleSection":["eAUTOMOBILI\u0172 TECHNIN\u0116 PUS\u0116"],"inLanguage":"lt-LT","potentialAction":[{"@type":"CommentAction","name":"Comment","target":["https:\/\/eautomobiliai.lt\/index.php\/2025\/03\/29\/tesla-siulo-mazesnes-sanaudas-maziau-galinga-modeli-y\/#respond"]}]},{"@type":"WebPage","@id":"https:\/\/eautomobiliai.lt\/index.php\/2025\/03\/29\/tesla-siulo-mazesnes-sanaudas-maziau-galinga-modeli-y\/","url":"https:\/\/eautomobiliai.lt\/index.php\/2025\/03\/29\/tesla-siulo-mazesnes-sanaudas-maziau-galinga-modeli-y\/","name":"\u201eTesla\u201c si\u016blo ma\u017eesnes s\u0105naudas, ma\u017eiau galing\u0105 model\u012f y - Eautomobiliai.lt","isPartOf":{"@id":"https:\/\/eautomobiliai.lt\/#website"},"primaryImageOfPage":{"@id":"https:\/\/eautomobiliai.lt\/index.php\/2025\/03\/29\/tesla-siulo-mazesnes-sanaudas-maziau-galinga-modeli-y\/#primaryimage"},"image":{"@id":"https:\/\/eautomobiliai.lt\/index.php\/2025\/03\/29\/tesla-siulo-mazesnes-sanaudas-maziau-galinga-modeli-y\/#primaryimage"},"thumbnailUrl":"https:\/\/b2232832.smushcdn.com\/2232832\/wp-content\/uploads\/2025\/03\/two-seater-Tesla-Model-Y-France-Clement-Maguet.jpg?lossy=1&amp;strip=0&amp;webp=1","datePublished":"2025-03-29T14:29:35+00:00","author":{"@id":"https:\/\/eautomobiliai.lt\/#\/schema\/person\/ecf2a967f361217d056061f74deb92f2"},"breadcrumb":{"@id":"https:\/\/eautomobiliai.lt\/index.php\/2025\/03\/29\/tesla-siulo-mazesnes-sanaudas-maziau-galinga-modeli-y\/#breadcrumb"},"inLanguage":"lt-LT","potentialAction":[{"@type":"ReadAction","target":["https:\/\/eautomobiliai.lt\/index.php\/2025\/03\/29\/tesla-siulo-mazesnes-sanaudas-maziau-galinga-modeli-y\/"]}]},{"@type":"ImageObject","inLanguage":"lt-LT","@id":"https:\/\/eautomobiliai.lt\/index.php\/2025\/03\/29\/tesla-siulo-mazesnes-sanaudas-maziau-galinga-modeli-y\/#primaryimage","url":"https:\/\/b2232832.smushcdn.com\/2232832\/wp-content\/uploads\/2025\/03\/two-seater-Tesla-Model-Y-France-Clement-Maguet.jpg?lossy=1&amp;strip=0&amp;webp=1","contentUrl":"https:\/\/b2232832.smushcdn.com\/2232832\/wp-content\/uploads\/2025\/03\/two-seater-Tesla-Model-Y-France-Clement-Maguet.jpg?lossy=1&amp;strip=0&amp;webp=1"},{"@type":"BreadcrumbList","@id":"https:\/\/eautomobiliai.lt\/index.php\/2025\/03\/29\/tesla-siulo-mazesnes-sanaudas-maziau-galinga-modeli-y\/#breadcrumb","itemListElement":[{"@type":"ListItem","position":1,"name":"Home","item":"https:\/\/eautomobiliai.lt\/"},{"@type":"ListItem","position":2,"name":"\u201eTesla\u201c si\u016blo ma\u017eesnes s\u0105naudas, ma\u017eiau galing\u0105 model\u012f y"}]},{"@type":"WebSite","@id":"https:\/\/eautomobiliai.lt\/#website","url":"https:\/\/eautomobiliai.lt\/","name":"Eautomobiliai.lt","description":"Elektrinis transportas, technologijos","potentialAction":[{"@type":"SearchAction","target":{"@type":"EntryPoint","urlTemplate":"https:\/\/eautomobiliai.lt\/?s={search_term_string}"},"query-input":{"@type":"PropertyValueSpecification","valueRequired":true,"valueName":"search_term_string"}}],"inLanguage":"lt-LT"},{"@type":"Person","@id":"https:\/\/eautomobiliai.lt\/#\/schema\/person\/ecf2a967f361217d056061f74deb92f2","name":"admin","image":{"@type":"ImageObject","inLanguage":"lt-LT","@id":"https:\/\/eautomobiliai.lt\/#\/schema\/person\/image\/","url":"https:\/\/secure.gravatar.com\/avatar\/6323379efae0c70c686c7905444d6bbd?s=96&d=mm&r=g","contentUrl":"https:\/\/secure.gravatar.com\/avatar\/6323379efae0c70c686c7905444d6bbd?s=96&d=mm&r=g","caption":"admin"},"sameAs":["http:\/\/eautomobiliai.lt"],"url":"http:\/\/eautomobiliai.lt\/index.php\/author\/admin\/"}]}},"_links":{"self":[{"href":"http:\/\/eautomobiliai.lt\/index.php\/wp-json\/wp\/v2\/posts\/300","targetHints":{"allow":["GET"]}}],"collection":[{"href":"http:\/\/eautomobiliai.lt\/index.php\/wp-json\/wp\/v2\/posts"}],"about":[{"href":"http:\/\/eautomobiliai.lt\/index.php\/wp-json\/wp\/v2\/types\/post"}],"author":[{"embeddable":true,"href":"http:\/\/eautomobiliai.lt\/index.php\/wp-json\/wp\/v2\/users\/1"}],"replies":[{"embeddable":true,"href":"http:\/\/eautomobiliai.lt\/index.php\/wp-json\/wp\/v2\/comments?post=300"}],"version-history":[{"count":0,"href":"http:\/\/eautomobiliai.lt\/index.php\/wp-json\/wp\/v2\/posts\/300\/revisions"}],"wp:attachment":[{"href":"http:\/\/eautomobiliai.lt\/index.php\/wp-json\/wp\/v2\/media?parent=300"}],"wp:term":[{"taxonomy":"category","embeddable":true,"href":"http:\/\/eautomobiliai.lt\/index.php\/wp-json\/wp\/v2\/categories?post=300"},{"taxonomy":"post_tag","embeddable":true,"href":"http:\/\/eautomobiliai.lt\/index.php\/wp-json\/wp\/v2\/tags?post=300"}],"curies":[{"name":"wp","href":"https:\/\/api.w.org\/{rel}","templated":true}]}}