{"id":3000,"date":"2025-12-19T12:52:22","date_gmt":"2025-12-19T12:52:22","guid":{"rendered":"http:\/\/eautomobiliai.lt\/index.php\/2025\/12\/19\/jaecoo-pristato-naminiu-gyvuneliu-savininkams-su-j5-ev-su-nesikliu-ir-priedais\/"},"modified":"2025-12-19T12:52:22","modified_gmt":"2025-12-19T12:52:22","slug":"jaecoo-pristato-naminiu-gyvuneliu-savininkams-su-j5-ev-su-nesikliu-ir-priedais","status":"publish","type":"post","link":"http:\/\/eautomobiliai.lt\/index.php\/2025\/12\/19\/jaecoo-pristato-naminiu-gyvuneliu-savininkams-su-j5-ev-su-nesikliu-ir-priedais\/","title":{"rendered":"\u201eJaecoo\u201c pristato namini\u0173 gyv\u016bn\u0117li\u0173 savininkams su J5 EV, su ne\u0161ikliu ir priedais"},"content":{"rendered":"<p> <br \/>\n<\/p>\n<div id=\"\">\n<p><span style=\"font-weight: 400;\">Anks\u010diau \u0161i\u0105 savait\u0119 Jaecoo, Kinijos automobili\u0173 mil\u017ein\u0117s \u201eChery\u201c antrinis prek\u0117s \u017eenklas, atskleid\u0117 savo b\u016bsim\u0173 nuotyki\u0173 ir naminiams gyv\u016bn\u0117liams pritaikyto J5 EV specifikacijas ir, atrodo, tvirtai pasiry\u017e\u0119s pritraukti namini\u0173 automobili\u0173 savinink\u0173 elektromobili\u0173 rink\u0105.<\/span><\/p>\n<p><span style=\"font-weight: 400;\">Bendrov\u0117 savo svetain\u0117je paskelb\u0117 puslap\u012f su gyv\u016bnams ir \u017emon\u0117ms palankiomis prek\u0117mis ir kainomis, kuri\u0173 gali tik\u0117tis automobilio savininkai, kai tik jis nusileis per ateinan\u010dius m\u0117nesius, \u012fskaitant namini\u0173 gyv\u016bn\u0117li\u0173 ne\u0161iklius ir mikrofonus, skirtus karaok\u0117 u\u017esiimantiems \u017emon\u0117ms.<\/span><\/p>\n<p><span style=\"font-weight: 400;\">Bendrov\u0117s Australijos svetain\u0117je \u201eJaecoo J5 Merchandise\u201c puslapis prad\u0117jo veikti su 9 produktais, kuriuos bendrov\u0117 siekia pasi\u016blyti nuotyki\u0173 EV klientams.<\/span><\/p>\n<p><span style=\"font-weight: 400;\">Naminiams gyv\u016bn\u0117liams yra a\u0161tuoni priedai \u2013 nuo \u200b\u200bnamini\u0173 gyv\u016bn\u0117li\u0173 duben\u0117li\u0173 u\u017e 30 USD iki povandenini\u0173 gyv\u016bn\u0173 ve\u017e\u0117j\u0173, kainuojan\u010di\u0173 155 USD, \u012fskaitant GST.<\/span><\/p>\n<p><b>Namini\u0173 gyv\u016bn\u0117li\u0173 priedai, skirti J5: <\/b><\/p>\n<ul>\n<li style=\"font-weight: 400;\"><span style=\"font-weight: 400;\">Gyv\u016bno dubuo 30 USD<\/span><\/li>\n<li style=\"font-weight: 400;\"><span style=\"font-weight: 400;\">Sulankstomas ve\u017e\u0117jas gyv\u016bnams 95 USD<\/span><\/li>\n<li style=\"font-weight: 400;\"><span style=\"font-weight: 400;\">Povandeninis namini\u0173 gyv\u016bn\u0117li\u0173 ve\u017e\u0117jas 155 USD<\/span><\/li>\n<li style=\"font-weight: 400;\"><span style=\"font-weight: 400;\">Kat\u0117s draskytuvas 45 USD<\/span><\/li>\n<li style=\"font-weight: 400;\"><span style=\"font-weight: 400;\">Gyv\u016bno antkaklis 30 USD<\/span><\/li>\n<li style=\"font-weight: 400;\"><span style=\"font-weight: 400;\">I\u0161traukiamas pavad\u0117lis 55 USD<\/span><\/li>\n<li style=\"font-weight: 400;\"><span style=\"font-weight: 400;\">Baga\u017ein\u0117s gyv\u016bno barjeras 110 USD<\/span><\/li>\n<li style=\"font-weight: 400;\"><span style=\"font-weight: 400;\">Baga\u017ein\u0117s naminio gyv\u016bn\u0117lio kilim\u0117lis 85 USD<\/span><\/li>\n<\/ul>\n<p><span style=\"font-weight: 400;\">Kai kuriuos i\u0161 \u0161i\u0173 pried\u0173 gali reik\u0117ti sumontuoti i\u0161 pardav\u0117jo, o montavimo i\u0161laidos skirsis priklausomai nuo elemento, kuris montuojamas \u012f J5 EV, ir nuo to, ar prekiautojas atlieka montavim\u0105.<\/span><\/p>\n<p><span style=\"font-weight: 400;\">\u017dmon\u0117ms yra karaok\u0117s rinkinys su dviem mikrofonais, kurie suporuojami su automobiliu, u\u017e 165 USD.<\/span><\/p>\n<p><span style=\"font-weight: 400;\">Tvirtai atrodantis J5 EV \u012f prekybos centrus pasieks kit\u0105 m\u0117nes\u012f ir bus su vienu variantu.<\/span><\/p>\n<p><span style=\"font-weight: 400;\">J5 varomas priekyje sumontuotas 155 kW variklis, kuris sukuria 288 Nm sukimo moment\u0105. Tai padeda pagreitinti automobil\u012f nuo 0 iki 100 km\/h per 7,7 sekund\u0117s, o tai yra gana garbinga elektriniams vidutinio dyd\u017eio visureigiams.<\/span><\/p>\n<figure id=\"attachment_190988\" aria-describedby=\"caption-attachment-190988\" style=\"width: 2560px\" class=\"wp-caption aligncenter\"><img loading=\"lazy\" decoding=\"async\" class=\"size-full wp-image-190988\" src=\"https:\/\/thedriven.io\/wp-content\/uploads\/2025\/10\/gallery_1_da5b51befe-scaled.webp\" alt=\"\" width=\"2560\" height=\"1177\" srcset=\"https:\/\/thedriven.io\/wp-content\/uploads\/2025\/10\/gallery_1_da5b51befe-scaled.webp 2560w, https:\/\/thedriven.io\/wp-content\/uploads\/2025\/10\/gallery_1_da5b51befe-388x178.webp 388w, https:\/\/thedriven.io\/wp-content\/uploads\/2025\/10\/gallery_1_da5b51befe-1160x533.webp 1160w, https:\/\/thedriven.io\/wp-content\/uploads\/2025\/10\/gallery_1_da5b51befe-800x368.webp 800w, https:\/\/thedriven.io\/wp-content\/uploads\/2025\/10\/gallery_1_da5b51befe-1536x706.webp 1536w, https:\/\/thedriven.io\/wp-content\/uploads\/2025\/10\/gallery_1_da5b51befe-2048x942.webp 2048w, https:\/\/thedriven.io\/wp-content\/uploads\/2025\/10\/gallery_1_da5b51befe-120x55.webp 120w, https:\/\/thedriven.io\/wp-content\/uploads\/2025\/10\/gallery_1_da5b51befe-90x41.webp 90w, https:\/\/thedriven.io\/wp-content\/uploads\/2025\/10\/gallery_1_da5b51befe-320x147.webp 320w, https:\/\/thedriven.io\/wp-content\/uploads\/2025\/10\/gallery_1_da5b51befe-560x257.webp 560w, https:\/\/thedriven.io\/wp-content\/uploads\/2025\/10\/gallery_1_da5b51befe-1920x883.webp 1920w, https:\/\/thedriven.io\/wp-content\/uploads\/2025\/10\/gallery_1_da5b51befe-150x69.webp 150w, https:\/\/thedriven.io\/wp-content\/uploads\/2025\/10\/gallery_1_da5b51befe-3072x1412.webp 3072w, https:\/\/thedriven.io\/wp-content\/uploads\/2025\/10\/gallery_1_da5b51befe-240x110.webp 240w, https:\/\/thedriven.io\/wp-content\/uploads\/2025\/10\/gallery_1_da5b51befe-180x83.webp 180w, https:\/\/thedriven.io\/wp-content\/uploads\/2025\/10\/gallery_1_da5b51befe-640x294.webp 640w, https:\/\/thedriven.io\/wp-content\/uploads\/2025\/10\/gallery_1_da5b51befe-1120x515.webp 1120w, https:\/\/thedriven.io\/wp-content\/uploads\/2025\/10\/gallery_1_da5b51befe-1600x736.webp 1600w, https:\/\/thedriven.io\/wp-content\/uploads\/2025\/10\/gallery_1_da5b51befe-2320x1067.webp 2320w, https:\/\/thedriven.io\/wp-content\/uploads\/2025\/10\/gallery_1_da5b51befe-3840x1766.webp 3840w, https:\/\/thedriven.io\/wp-content\/uploads\/2025\/10\/gallery_1_da5b51befe-300x138.webp 300w\" sizes=\"auto, (max-width: 2560px) 100vw, 2560px\"\/><figcaption id=\"caption-attachment-190988\" class=\"wp-caption-text\">Vaizdas: Jaecoo UK<\/figcaption><\/figure>\n<p><span style=\"font-weight: 400;\">Kalbant apie asortiment\u0105, naujasis modelis nuva\u017eiuos iki 402 km WLTP nuotolio ir gali b\u016bti \u012fkraunamas nuolatin\u0117s srov\u0117s \u012fkrovikliu, o 30\u201380 % sesija trunka ma\u017edaug 28 minutes. Taip yra d\u0117l 58,9 kWh li\u010dio gele\u017eies fosfato (LFP) akumuliatoriaus paketo.<\/span><\/p>\n<p><span style=\"font-weight: 400;\">Taip pat si\u016blomas \u201eVehicle-to-Load\u201c (V2L) maitinimas elektros \u012frangai, kai to reikia nuotyki\u0173 metu arba namuose, jei dingsta elektros energija.<\/span><\/p>\n<p><span style=\"font-weight: 400;\">Viduje yra 13,2 colio vertikalus ekranas, valdantis tokius dalykus kaip oro kondicionierius, skaitmeninis radijas ir transporto priemon\u0117s nustatymai.  <\/span><\/p>\n<p><span style=\"font-weight: 400;\">Tiems, kurie nori prijungti savo telefonus ir naudotis telefono program\u0117l\u0117mis viduje, \u201eApple CarPlay\u201c ir \u201eAndroid Auto\u201c taip pat yra standarti\u0161kai.<\/span><\/p>\n<p><span style=\"font-weight: 400;\">Standarti\u0161kai naujasis J5 turi nema\u017eai saugos funkcij\u0173, \u012fskaitant septynias oro pagalves, autonomin\u012f avarin\u012f stabdym\u0105 (AEB), avarin\u012f eismo juostos laikym\u0105si (ELK), prisitaikan\u010di\u0105 pastovaus grei\u010dio palaikymo sistem\u0105 (ACC) ir \u012fsp\u0117jim\u0105 apie susid\u016brim\u0105 priekyje (FCW).<\/span><\/p>\n<figure id=\"attachment_192782\" aria-describedby=\"caption-attachment-192782\" style=\"width: 1200px\" class=\"wp-caption aligncenter\"><img decoding=\"async\" class=\"size-full wp-image-192782 native-lazyload-js-fallback\" alt=\"\" width=\"1200\" height=\"800\" loading=\"lazy\" src=\"https:\/\/b2232832.smushcdn.com\/2232832\/wp-content\/uploads\/2025\/12\/Jaecoo-J5-EV-Everything-Electric.jpg?lossy=1&amp;strip=0&amp;webp=1\" srcset=\"https:\/\/b2232832.smushcdn.com\/2232832\/wp-content\/uploads\/2025\/12\/Jaecoo-J5-EV-Everything-Electric.jpg?lossy=1&amp;strip=0&amp;webp=1 1200w, https:\/\/b2232832.smushcdn.com\/2232832\/wp-content\/uploads\/2025\/12\/Jaecoo-J5-EV-Everything-Electric-388x259.jpg?lossy=1&amp;strip=0&amp;webp=1 388w, https:\/\/b2232832.smushcdn.com\/2232832\/wp-content\/uploads\/2025\/12\/Jaecoo-J5-EV-Everything-Electric-1160x773.jpg?lossy=1&amp;strip=0&amp;webp=1 1160w, https:\/\/b2232832.smushcdn.com\/2232832\/wp-content\/uploads\/2025\/12\/Jaecoo-J5-EV-Everything-Electric-800x533.jpg?lossy=1&amp;strip=0&amp;webp=1 800w, https:\/\/b2232832.smushcdn.com\/2232832\/wp-content\/uploads\/2025\/12\/Jaecoo-J5-EV-Everything-Electric-120x80.jpg?lossy=1&amp;strip=0&amp;webp=1 120w, https:\/\/b2232832.smushcdn.com\/2232832\/wp-content\/uploads\/2025\/12\/Jaecoo-J5-EV-Everything-Electric-90x60.jpg?lossy=1&amp;strip=0&amp;webp=1 90w, https:\/\/b2232832.smushcdn.com\/2232832\/wp-content\/uploads\/2025\/12\/Jaecoo-J5-EV-Everything-Electric-320x213.jpg?lossy=1&amp;strip=0&amp;webp=1 320w, https:\/\/b2232832.smushcdn.com\/2232832\/wp-content\/uploads\/2025\/12\/Jaecoo-J5-EV-Everything-Electric-560x373.jpg?lossy=1&amp;strip=0&amp;webp=1 560w, https:\/\/b2232832.smushcdn.com\/2232832\/wp-content\/uploads\/2025\/12\/Jaecoo-J5-EV-Everything-Electric-150x100.jpg?lossy=1&amp;strip=0&amp;webp=1 150w, https:\/\/b2232832.smushcdn.com\/2232832\/wp-content\/uploads\/2025\/12\/Jaecoo-J5-EV-Everything-Electric-240x160.jpg?lossy=1&amp;strip=0&amp;webp=1 240w, https:\/\/b2232832.smushcdn.com\/2232832\/wp-content\/uploads\/2025\/12\/Jaecoo-J5-EV-Everything-Electric-180x120.jpg?lossy=1&amp;strip=0&amp;webp=1 180w, https:\/\/b2232832.smushcdn.com\/2232832\/wp-content\/uploads\/2025\/12\/Jaecoo-J5-EV-Everything-Electric-640x427.jpg?lossy=1&amp;strip=0&amp;webp=1 640w, https:\/\/b2232832.smushcdn.com\/2232832\/wp-content\/uploads\/2025\/12\/Jaecoo-J5-EV-Everything-Electric-1120x747.jpg?lossy=1&amp;strip=0&amp;webp=1 1120w, https:\/\/b2232832.smushcdn.com\/2232832\/wp-content\/uploads\/2025\/12\/Jaecoo-J5-EV-Everything-Electric-300x200.jpg?lossy=1&amp;strip=0&amp;webp=1 300w\" data-sizes=\"(max-width: 1200px) 100vw, 1200px\"\/><img loading=\"lazy\" decoding=\"async\" class=\"size-full wp-image-192782\" src=\"https:\/\/thedriven.io\/wp-content\/uploads\/2025\/12\/Jaecoo-J5-EV-Everything-Electric.jpg\" alt=\"\" width=\"1200\" height=\"800\" srcset=\"https:\/\/thedriven.io\/wp-content\/uploads\/2025\/12\/Jaecoo-J5-EV-Everything-Electric.jpg 1200w, https:\/\/thedriven.io\/wp-content\/uploads\/2025\/12\/Jaecoo-J5-EV-Everything-Electric-388x259.jpg 388w, https:\/\/thedriven.io\/wp-content\/uploads\/2025\/12\/Jaecoo-J5-EV-Everything-Electric-1160x773.jpg 1160w, https:\/\/thedriven.io\/wp-content\/uploads\/2025\/12\/Jaecoo-J5-EV-Everything-Electric-800x533.jpg 800w, https:\/\/thedriven.io\/wp-content\/uploads\/2025\/12\/Jaecoo-J5-EV-Everything-Electric-120x80.jpg 120w, https:\/\/thedriven.io\/wp-content\/uploads\/2025\/12\/Jaecoo-J5-EV-Everything-Electric-90x60.jpg 90w, https:\/\/thedriven.io\/wp-content\/uploads\/2025\/12\/Jaecoo-J5-EV-Everything-Electric-320x213.jpg 320w, https:\/\/thedriven.io\/wp-content\/uploads\/2025\/12\/Jaecoo-J5-EV-Everything-Electric-560x373.jpg 560w, https:\/\/thedriven.io\/wp-content\/uploads\/2025\/12\/Jaecoo-J5-EV-Everything-Electric-150x100.jpg 150w, https:\/\/thedriven.io\/wp-content\/uploads\/2025\/12\/Jaecoo-J5-EV-Everything-Electric-240x160.jpg 240w, https:\/\/thedriven.io\/wp-content\/uploads\/2025\/12\/Jaecoo-J5-EV-Everything-Electric-180x120.jpg 180w, https:\/\/thedriven.io\/wp-content\/uploads\/2025\/12\/Jaecoo-J5-EV-Everything-Electric-640x427.jpg 640w, https:\/\/thedriven.io\/wp-content\/uploads\/2025\/12\/Jaecoo-J5-EV-Everything-Electric-1120x747.jpg 1120w, https:\/\/thedriven.io\/wp-content\/uploads\/2025\/12\/Jaecoo-J5-EV-Everything-Electric-300x200.jpg 300w\" sizes=\"auto, (max-width: 1200px) 100vw, 1200px\"\/><figcaption id=\"caption-attachment-192782\" class=\"wp-caption-text\">Vaizdas: Jaecoo Australia<\/figcaption><\/figure>\n<p><span style=\"font-weight: 400;\">Jame taip pat yra naminiams gyv\u016bn\u0117liams pritaikyta sintetin\u0117 oda, pagaminta i\u0161 specialios silikono pagrindo med\u017eiagos. Kad automobilio s\u0117dyn\u0117s b\u016bt\u0173 antibakterin\u0117s ir atsparios dilimui, taip pat lengviau valomos.<\/span><\/p>\n<p><span style=\"font-weight: 400;\">Jaeoo J5 EV taip pat gaus labai progresyvi\u0105 8 met\u0173 neribot\u0105 kilometr\u0173 garantij\u0105, 8 met\u0173 ribot\u0105 kain\u0105 ir 8 met\u0173 neribot\u0105 akumuliatoriaus garantij\u0105.<\/span><\/p>\n<p><span style=\"font-weight: 400;\">Tikimasi, kad kainos bus paskelbtos v\u0117liau \u0161\u012f m\u0117nes\u012f, taip pat pradin\u0117s vairavimo test\u0173 ap\u017evalgos, kurios dar laukia. W<\/span><span style=\"font-weight: 400;\">Nekantraujame pasidalinti, kaip atrodo \u0161ioje labai konkurencingoje rinkos dalyje.<\/span><\/p>\n<\/p>\n<p><b>Jaecoo J5 EV savyb\u0117s<\/b><\/p>\n<ul>\n<li style=\"font-weight: 400;\"><span style=\"font-weight: 400;\">18 coli\u0173 \u201eaero\u201c lengvojo lydinio ratlankiai su Continental padangomis<\/span><\/li>\n<li style=\"font-weight: 400;\"><span style=\"font-weight: 400;\">Elektra valdomas baga\u017ein\u0117s dangtis<\/span><\/li>\n<li style=\"font-weight: 400;\"><span style=\"font-weight: 400;\">V2L (Vehicle to Load) funkcija*<\/span><\/li>\n<li style=\"font-weight: 400;\"><span style=\"font-weight: 400;\">Nuotolinis paleidimas su oro kondicionieriumi. atmintis<\/span><\/li>\n<li style=\"font-weight: 400;\"><span style=\"font-weight: 400;\">LED priekiniai \u017eibintai (projektoriaus tipo) ir dienos \u0161viesos (DRL)<\/span><\/li>\n<li style=\"font-weight: 400;\"><span style=\"font-weight: 400;\">Akustin\u0117s stiklin\u0117s priekin\u0117s durys<\/span><\/li>\n<li style=\"font-weight: 400;\"><span style=\"font-weight: 400;\">Stiklinis stogas su elektriniu sk\u0117\u010diu nuo saul\u0117s<\/span><\/li>\n<li style=\"font-weight: 400;\"><span style=\"font-weight: 400;\">Dviej\u0173 zon\u0173 oro kondicionierius<\/span><\/li>\n<li style=\"font-weight: 400;\"><span style=\"font-weight: 400;\">Naminiams gyv\u016bn\u0117liams pritaikyta sintetin\u0117 oda<\/span><\/li>\n<li style=\"font-weight: 400;\"><span style=\"font-weight: 400;\">\u0160ildomos ir ventiliuojamos priekin\u0117s s\u0117dyn\u0117s<\/span><\/li>\n<li style=\"font-weight: 400;\"><span style=\"font-weight: 400;\">8,88 colio LCD tvarkykl\u0117s prietais\u0173 skydelis<\/span><\/li>\n<li style=\"font-weight: 400;\"><span style=\"font-weight: 400;\">13,2 colio LCD informacijos ir pramog\u0173 jutiklinis ekranas<\/span><\/li>\n<li style=\"font-weight: 400;\"><span style=\"font-weight: 400;\">8 garsiakalbi\u0173 garso sistema (4x garsiakalbiai, 4x auk\u0161t\u0173 da\u017eni\u0173 garsiakalbiai)<\/span><\/li>\n<li style=\"font-weight: 400;\"><span style=\"font-weight: 400;\">\u201eApple Carplay\u201c ir \u201eAndroid Auto\u201c (laidinis ir belaidis)<\/span><\/li>\n<li style=\"font-weight: 400;\"><span style=\"font-weight: 400;\">I\u0161manioji balso komanda (Hello Jaecoo)<\/span><\/li>\n<li style=\"font-weight: 400;\"><span style=\"font-weight: 400;\">50W belaidis \u012fkroviklis<\/span><\/li>\n<li style=\"font-weight: 400;\"><span style=\"font-weight: 400;\">360\u00b0 aplinkinio vaizdo monitorius<\/span><\/li>\n<\/ul>\n<div class=\"saboxplugin-wrap\" itemtype=\"http:\/\/schema.org\/Person\" itemscope=\"\" itemprop=\"author\">\n<div class=\"saboxplugin-tab\">\n<div class=\"saboxplugin-gravatar\"><img decoding=\"async\" width=\"100\" height=\"100\" alt=\"Rizas Akhtaras\" itemprop=\"image\" loading=\"lazy\" class=\"native-lazyload-js-fallback\" src=\"https:\/\/b2232832.smushcdn.com\/2232832\/wp-content\/uploads\/2022\/02\/Riz.jpg?lossy=1&amp;strip=0&amp;webp=1\"\/><img loading=\"lazy\" decoding=\"async\" src=\"https:\/\/thedriven.io\/wp-content\/uploads\/2022\/02\/Riz.jpg\" width=\"100\" height=\"100\" alt=\"Rizas Akhtaras\" itemprop=\"image\"\/><\/div>\n<div class=\"saboxplugin-desc\">\n<div itemprop=\"description\">\n<p>Rizas yra Melburne \u012fsik\u016brusios \u012fmon\u0117s \u201ecarloop\u201c \u012fk\u016br\u0117jas, kurio specializacija yra Australijos EV duomenys, \u012f\u017evalgos ataskaitos ir tendencijos. Jis yra mechanikos in\u017einierius, kuris pirmuosius 7 savo karjeros metus praleido kurdamas transporto infrastrukt\u016br\u0105 prie\u0161 prad\u0117damas \u201ecarloop\u201c. Jis m\u0117gsta automobilius, ypa\u010d elektromobilius, ir nori pad\u0117ti suma\u017einti transporto i\u0161metam\u0173 ter\u0161al\u0173 kiek\u012f Australijoje. \u0160iuo metu jis vairuoja raudon\u0105 \u201eTesla Model 3\u201c.<\/p>\n<\/div>\n<\/div>\n<\/div>\n<\/div>\n<p><!-- AI CONTENT END 1 --><\/p><\/div>\n<p><br \/>\n<br \/><a href=\"https:\/\/thedriven.io\/2025\/12\/19\/jaecoo-makes-pitch-to-pet-owners-with-j5-ev-complete-with-pet-carrier-and-accessories\/\">Source link <\/a><\/p>\n","protected":false},"excerpt":{"rendered":"<p>Anks\u010diau \u0161i\u0105 savait\u0119 Jaecoo, Kinijos automobili\u0173 mil\u017ein\u0117s \u201eChery\u201c antrinis prek\u0117s \u017eenklas, atskleid\u0117 savo b\u016bsim\u0173 nuotyki\u0173 ir naminiams gyv\u016bn\u0117liams pritaikyto J5&hellip;<\/p>\n","protected":false},"author":1,"featured_media":3001,"comment_status":"open","ping_status":"open","sticky":false,"template":"","format":"standard","meta":{"om_disable_all_campaigns":false,"_monsterinsights_skip_tracking":false,"_monsterinsights_sitenote_active":false,"_monsterinsights_sitenote_note":"","_monsterinsights_sitenote_category":0,"footnotes":""},"categories":[39],"tags":[4841,3944,4840,4842,4843,1276,3907],"class_list":["post-3000","post","type-post","status-publish","format-standard","has-post-thumbnail","hentry","category-eautomobiliu-technine-puse","tag-gyvuneliu","tag-jaecoo","tag-naminiu","tag-nesikliu","tag-priedais","tag-pristato","tag-savininkams"],"aioseo_notices":[],"yoast_head":"<!-- This site is optimized with the Yoast SEO plugin v26.8 - https:\/\/yoast.com\/product\/yoast-seo-wordpress\/ -->\n<title>\u201eJaecoo\u201c pristato namini\u0173 gyv\u016bn\u0117li\u0173 savininkams su J5 EV, su ne\u0161ikliu ir priedais - Eautomobiliai.lt<\/title>\n<meta name=\"robots\" content=\"index, follow, max-snippet:-1, max-image-preview:large, max-video-preview:-1\" \/>\n<link rel=\"canonical\" href=\"http:\/\/eautomobiliai.lt\/index.php\/2025\/12\/19\/jaecoo-pristato-naminiu-gyvuneliu-savininkams-su-j5-ev-su-nesikliu-ir-priedais\/\" \/>\n<meta property=\"og:locale\" content=\"lt_LT\" \/>\n<meta property=\"og:type\" content=\"article\" \/>\n<meta property=\"og:title\" content=\"\u201eJaecoo\u201c pristato namini\u0173 gyv\u016bn\u0117li\u0173 savininkams su J5 EV, su ne\u0161ikliu ir priedais - Eautomobiliai.lt\" \/>\n<meta property=\"og:description\" content=\"Anks\u010diau \u0161i\u0105 savait\u0119 Jaecoo, Kinijos automobili\u0173 mil\u017ein\u0117s \u201eChery\u201c antrinis prek\u0117s \u017eenklas, atskleid\u0117 savo b\u016bsim\u0173 nuotyki\u0173 ir naminiams gyv\u016bn\u0117liams pritaikyto J5&hellip;\" \/>\n<meta property=\"og:url\" content=\"http:\/\/eautomobiliai.lt\/index.php\/2025\/12\/19\/jaecoo-pristato-naminiu-gyvuneliu-savininkams-su-j5-ev-su-nesikliu-ir-priedais\/\" \/>\n<meta property=\"og:site_name\" content=\"Eautomobiliai.lt\" \/>\n<meta property=\"article:published_time\" content=\"2025-12-19T12:52:22+00:00\" \/>\n<meta property=\"og:image\" content=\"http:\/\/eautomobiliai.lt\/wp-content\/uploads\/2025\/12\/\u201eJaecoo-pristato-naminiu-gyvuneliu-savininkams-su-J5-EV-su-nesikliu.jpg\" \/>\n\t<meta property=\"og:image:width\" content=\"2560\" \/>\n\t<meta property=\"og:image:height\" content=\"1920\" \/>\n\t<meta property=\"og:image:type\" content=\"image\/jpeg\" \/>\n<meta name=\"author\" content=\"admin\" \/>\n<meta name=\"twitter:card\" content=\"summary_large_image\" \/>\n<meta name=\"twitter:label1\" content=\"Written by\" \/>\n\t<meta name=\"twitter:data1\" content=\"admin\" \/>\n\t<meta name=\"twitter:label2\" content=\"Est. reading time\" \/>\n\t<meta name=\"twitter:data2\" content=\"4 minut\u0117s\" \/>\n<script type=\"application\/ld+json\" class=\"yoast-schema-graph\">{\"@context\":\"https:\/\/schema.org\",\"@graph\":[{\"@type\":\"Article\",\"@id\":\"http:\/\/eautomobiliai.lt\/index.php\/2025\/12\/19\/jaecoo-pristato-naminiu-gyvuneliu-savininkams-su-j5-ev-su-nesikliu-ir-priedais\/#article\",\"isPartOf\":{\"@id\":\"http:\/\/eautomobiliai.lt\/index.php\/2025\/12\/19\/jaecoo-pristato-naminiu-gyvuneliu-savininkams-su-j5-ev-su-nesikliu-ir-priedais\/\"},\"author\":{\"name\":\"admin\",\"@id\":\"http:\/\/eautomobiliai.lt\/#\/schema\/person\/ecf2a967f361217d056061f74deb92f2\"},\"headline\":\"\u201eJaecoo\u201c pristato namini\u0173 gyv\u016bn\u0117li\u0173 savininkams su J5 EV, su ne\u0161ikliu ir priedais\",\"datePublished\":\"2025-12-19T12:52:22+00:00\",\"mainEntityOfPage\":{\"@id\":\"http:\/\/eautomobiliai.lt\/index.php\/2025\/12\/19\/jaecoo-pristato-naminiu-gyvuneliu-savininkams-su-j5-ev-su-nesikliu-ir-priedais\/\"},\"wordCount\":720,\"commentCount\":0,\"image\":{\"@id\":\"http:\/\/eautomobiliai.lt\/index.php\/2025\/12\/19\/jaecoo-pristato-naminiu-gyvuneliu-savininkams-su-j5-ev-su-nesikliu-ir-priedais\/#primaryimage\"},\"thumbnailUrl\":\"http:\/\/eautomobiliai.lt\/wp-content\/uploads\/2025\/12\/\u201eJaecoo-pristato-naminiu-gyvuneliu-savininkams-su-J5-EV-su-nesikliu.jpg\",\"keywords\":[\"gyv\u016bn\u0117li\u0173\",\"Jaecoo\",\"namini\u0173\",\"ne\u0161ikliu\",\"priedais\",\"pristato\",\"savininkams\"],\"articleSection\":[\"eAUTOMOBILI\u0172 TECHNIN\u0116 PUS\u0116\"],\"inLanguage\":\"lt-LT\",\"potentialAction\":[{\"@type\":\"CommentAction\",\"name\":\"Comment\",\"target\":[\"http:\/\/eautomobiliai.lt\/index.php\/2025\/12\/19\/jaecoo-pristato-naminiu-gyvuneliu-savininkams-su-j5-ev-su-nesikliu-ir-priedais\/#respond\"]}]},{\"@type\":\"WebPage\",\"@id\":\"http:\/\/eautomobiliai.lt\/index.php\/2025\/12\/19\/jaecoo-pristato-naminiu-gyvuneliu-savininkams-su-j5-ev-su-nesikliu-ir-priedais\/\",\"url\":\"http:\/\/eautomobiliai.lt\/index.php\/2025\/12\/19\/jaecoo-pristato-naminiu-gyvuneliu-savininkams-su-j5-ev-su-nesikliu-ir-priedais\/\",\"name\":\"\u201eJaecoo\u201c pristato namini\u0173 gyv\u016bn\u0117li\u0173 savininkams su J5 EV, su ne\u0161ikliu ir priedais - Eautomobiliai.lt\",\"isPartOf\":{\"@id\":\"http:\/\/eautomobiliai.lt\/#website\"},\"primaryImageOfPage\":{\"@id\":\"http:\/\/eautomobiliai.lt\/index.php\/2025\/12\/19\/jaecoo-pristato-naminiu-gyvuneliu-savininkams-su-j5-ev-su-nesikliu-ir-priedais\/#primaryimage\"},\"image\":{\"@id\":\"http:\/\/eautomobiliai.lt\/index.php\/2025\/12\/19\/jaecoo-pristato-naminiu-gyvuneliu-savininkams-su-j5-ev-su-nesikliu-ir-priedais\/#primaryimage\"},\"thumbnailUrl\":\"http:\/\/eautomobiliai.lt\/wp-content\/uploads\/2025\/12\/\u201eJaecoo-pristato-naminiu-gyvuneliu-savininkams-su-J5-EV-su-nesikliu.jpg\",\"datePublished\":\"2025-12-19T12:52:22+00:00\",\"author\":{\"@id\":\"http:\/\/eautomobiliai.lt\/#\/schema\/person\/ecf2a967f361217d056061f74deb92f2\"},\"breadcrumb\":{\"@id\":\"http:\/\/eautomobiliai.lt\/index.php\/2025\/12\/19\/jaecoo-pristato-naminiu-gyvuneliu-savininkams-su-j5-ev-su-nesikliu-ir-priedais\/#breadcrumb\"},\"inLanguage\":\"lt-LT\",\"potentialAction\":[{\"@type\":\"ReadAction\",\"target\":[\"http:\/\/eautomobiliai.lt\/index.php\/2025\/12\/19\/jaecoo-pristato-naminiu-gyvuneliu-savininkams-su-j5-ev-su-nesikliu-ir-priedais\/\"]}]},{\"@type\":\"ImageObject\",\"inLanguage\":\"lt-LT\",\"@id\":\"http:\/\/eautomobiliai.lt\/index.php\/2025\/12\/19\/jaecoo-pristato-naminiu-gyvuneliu-savininkams-su-j5-ev-su-nesikliu-ir-priedais\/#primaryimage\",\"url\":\"http:\/\/eautomobiliai.lt\/wp-content\/uploads\/2025\/12\/\u201eJaecoo-pristato-naminiu-gyvuneliu-savininkams-su-J5-EV-su-nesikliu.jpg\",\"contentUrl\":\"http:\/\/eautomobiliai.lt\/wp-content\/uploads\/2025\/12\/\u201eJaecoo-pristato-naminiu-gyvuneliu-savininkams-su-J5-EV-su-nesikliu.jpg\",\"width\":2560,\"height\":1920},{\"@type\":\"BreadcrumbList\",\"@id\":\"http:\/\/eautomobiliai.lt\/index.php\/2025\/12\/19\/jaecoo-pristato-naminiu-gyvuneliu-savininkams-su-j5-ev-su-nesikliu-ir-priedais\/#breadcrumb\",\"itemListElement\":[{\"@type\":\"ListItem\",\"position\":1,\"name\":\"Home\",\"item\":\"http:\/\/eautomobiliai.lt\/\"},{\"@type\":\"ListItem\",\"position\":2,\"name\":\"\u201eJaecoo\u201c pristato namini\u0173 gyv\u016bn\u0117li\u0173 savininkams su J5 EV, su ne\u0161ikliu ir priedais\"}]},{\"@type\":\"WebSite\",\"@id\":\"http:\/\/eautomobiliai.lt\/#website\",\"url\":\"http:\/\/eautomobiliai.lt\/\",\"name\":\"Eautomobiliai.lt\",\"description\":\"Elektrinis transportas, technologijos\",\"potentialAction\":[{\"@type\":\"SearchAction\",\"target\":{\"@type\":\"EntryPoint\",\"urlTemplate\":\"http:\/\/eautomobiliai.lt\/?s={search_term_string}\"},\"query-input\":{\"@type\":\"PropertyValueSpecification\",\"valueRequired\":true,\"valueName\":\"search_term_string\"}}],\"inLanguage\":\"lt-LT\"},{\"@type\":\"Person\",\"@id\":\"http:\/\/eautomobiliai.lt\/#\/schema\/person\/ecf2a967f361217d056061f74deb92f2\",\"name\":\"admin\",\"image\":{\"@type\":\"ImageObject\",\"inLanguage\":\"lt-LT\",\"@id\":\"http:\/\/eautomobiliai.lt\/#\/schema\/person\/image\/\",\"url\":\"https:\/\/secure.gravatar.com\/avatar\/6323379efae0c70c686c7905444d6bbd?s=96&d=mm&r=g\",\"contentUrl\":\"https:\/\/secure.gravatar.com\/avatar\/6323379efae0c70c686c7905444d6bbd?s=96&d=mm&r=g\",\"caption\":\"admin\"},\"sameAs\":[\"http:\/\/eautomobiliai.lt\"],\"url\":\"http:\/\/eautomobiliai.lt\/index.php\/author\/admin\/\"}]}<\/script>\n<!-- \/ Yoast SEO plugin. -->","yoast_head_json":{"title":"\u201eJaecoo\u201c pristato namini\u0173 gyv\u016bn\u0117li\u0173 savininkams su J5 EV, su ne\u0161ikliu ir priedais - Eautomobiliai.lt","robots":{"index":"index","follow":"follow","max-snippet":"max-snippet:-1","max-image-preview":"max-image-preview:large","max-video-preview":"max-video-preview:-1"},"canonical":"http:\/\/eautomobiliai.lt\/index.php\/2025\/12\/19\/jaecoo-pristato-naminiu-gyvuneliu-savininkams-su-j5-ev-su-nesikliu-ir-priedais\/","og_locale":"lt_LT","og_type":"article","og_title":"\u201eJaecoo\u201c pristato namini\u0173 gyv\u016bn\u0117li\u0173 savininkams su J5 EV, su ne\u0161ikliu ir priedais - Eautomobiliai.lt","og_description":"Anks\u010diau \u0161i\u0105 savait\u0119 Jaecoo, Kinijos automobili\u0173 mil\u017ein\u0117s \u201eChery\u201c antrinis prek\u0117s \u017eenklas, atskleid\u0117 savo b\u016bsim\u0173 nuotyki\u0173 ir naminiams gyv\u016bn\u0117liams pritaikyto J5&hellip;","og_url":"http:\/\/eautomobiliai.lt\/index.php\/2025\/12\/19\/jaecoo-pristato-naminiu-gyvuneliu-savininkams-su-j5-ev-su-nesikliu-ir-priedais\/","og_site_name":"Eautomobiliai.lt","article_published_time":"2025-12-19T12:52:22+00:00","og_image":[{"width":2560,"height":1920,"url":"http:\/\/eautomobiliai.lt\/wp-content\/uploads\/2025\/12\/\u201eJaecoo-pristato-naminiu-gyvuneliu-savininkams-su-J5-EV-su-nesikliu.jpg","type":"image\/jpeg"}],"author":"admin","twitter_card":"summary_large_image","twitter_misc":{"Written by":"admin","Est. reading time":"4 minut\u0117s"},"schema":{"@context":"https:\/\/schema.org","@graph":[{"@type":"Article","@id":"http:\/\/eautomobiliai.lt\/index.php\/2025\/12\/19\/jaecoo-pristato-naminiu-gyvuneliu-savininkams-su-j5-ev-su-nesikliu-ir-priedais\/#article","isPartOf":{"@id":"http:\/\/eautomobiliai.lt\/index.php\/2025\/12\/19\/jaecoo-pristato-naminiu-gyvuneliu-savininkams-su-j5-ev-su-nesikliu-ir-priedais\/"},"author":{"name":"admin","@id":"http:\/\/eautomobiliai.lt\/#\/schema\/person\/ecf2a967f361217d056061f74deb92f2"},"headline":"\u201eJaecoo\u201c pristato namini\u0173 gyv\u016bn\u0117li\u0173 savininkams su J5 EV, su ne\u0161ikliu ir priedais","datePublished":"2025-12-19T12:52:22+00:00","mainEntityOfPage":{"@id":"http:\/\/eautomobiliai.lt\/index.php\/2025\/12\/19\/jaecoo-pristato-naminiu-gyvuneliu-savininkams-su-j5-ev-su-nesikliu-ir-priedais\/"},"wordCount":720,"commentCount":0,"image":{"@id":"http:\/\/eautomobiliai.lt\/index.php\/2025\/12\/19\/jaecoo-pristato-naminiu-gyvuneliu-savininkams-su-j5-ev-su-nesikliu-ir-priedais\/#primaryimage"},"thumbnailUrl":"http:\/\/eautomobiliai.lt\/wp-content\/uploads\/2025\/12\/\u201eJaecoo-pristato-naminiu-gyvuneliu-savininkams-su-J5-EV-su-nesikliu.jpg","keywords":["gyv\u016bn\u0117li\u0173","Jaecoo","namini\u0173","ne\u0161ikliu","priedais","pristato","savininkams"],"articleSection":["eAUTOMOBILI\u0172 TECHNIN\u0116 PUS\u0116"],"inLanguage":"lt-LT","potentialAction":[{"@type":"CommentAction","name":"Comment","target":["http:\/\/eautomobiliai.lt\/index.php\/2025\/12\/19\/jaecoo-pristato-naminiu-gyvuneliu-savininkams-su-j5-ev-su-nesikliu-ir-priedais\/#respond"]}]},{"@type":"WebPage","@id":"http:\/\/eautomobiliai.lt\/index.php\/2025\/12\/19\/jaecoo-pristato-naminiu-gyvuneliu-savininkams-su-j5-ev-su-nesikliu-ir-priedais\/","url":"http:\/\/eautomobiliai.lt\/index.php\/2025\/12\/19\/jaecoo-pristato-naminiu-gyvuneliu-savininkams-su-j5-ev-su-nesikliu-ir-priedais\/","name":"\u201eJaecoo\u201c pristato namini\u0173 gyv\u016bn\u0117li\u0173 savininkams su J5 EV, su ne\u0161ikliu ir priedais - Eautomobiliai.lt","isPartOf":{"@id":"http:\/\/eautomobiliai.lt\/#website"},"primaryImageOfPage":{"@id":"http:\/\/eautomobiliai.lt\/index.php\/2025\/12\/19\/jaecoo-pristato-naminiu-gyvuneliu-savininkams-su-j5-ev-su-nesikliu-ir-priedais\/#primaryimage"},"image":{"@id":"http:\/\/eautomobiliai.lt\/index.php\/2025\/12\/19\/jaecoo-pristato-naminiu-gyvuneliu-savininkams-su-j5-ev-su-nesikliu-ir-priedais\/#primaryimage"},"thumbnailUrl":"http:\/\/eautomobiliai.lt\/wp-content\/uploads\/2025\/12\/\u201eJaecoo-pristato-naminiu-gyvuneliu-savininkams-su-J5-EV-su-nesikliu.jpg","datePublished":"2025-12-19T12:52:22+00:00","author":{"@id":"http:\/\/eautomobiliai.lt\/#\/schema\/person\/ecf2a967f361217d056061f74deb92f2"},"breadcrumb":{"@id":"http:\/\/eautomobiliai.lt\/index.php\/2025\/12\/19\/jaecoo-pristato-naminiu-gyvuneliu-savininkams-su-j5-ev-su-nesikliu-ir-priedais\/#breadcrumb"},"inLanguage":"lt-LT","potentialAction":[{"@type":"ReadAction","target":["http:\/\/eautomobiliai.lt\/index.php\/2025\/12\/19\/jaecoo-pristato-naminiu-gyvuneliu-savininkams-su-j5-ev-su-nesikliu-ir-priedais\/"]}]},{"@type":"ImageObject","inLanguage":"lt-LT","@id":"http:\/\/eautomobiliai.lt\/index.php\/2025\/12\/19\/jaecoo-pristato-naminiu-gyvuneliu-savininkams-su-j5-ev-su-nesikliu-ir-priedais\/#primaryimage","url":"http:\/\/eautomobiliai.lt\/wp-content\/uploads\/2025\/12\/\u201eJaecoo-pristato-naminiu-gyvuneliu-savininkams-su-J5-EV-su-nesikliu.jpg","contentUrl":"http:\/\/eautomobiliai.lt\/wp-content\/uploads\/2025\/12\/\u201eJaecoo-pristato-naminiu-gyvuneliu-savininkams-su-J5-EV-su-nesikliu.jpg","width":2560,"height":1920},{"@type":"BreadcrumbList","@id":"http:\/\/eautomobiliai.lt\/index.php\/2025\/12\/19\/jaecoo-pristato-naminiu-gyvuneliu-savininkams-su-j5-ev-su-nesikliu-ir-priedais\/#breadcrumb","itemListElement":[{"@type":"ListItem","position":1,"name":"Home","item":"http:\/\/eautomobiliai.lt\/"},{"@type":"ListItem","position":2,"name":"\u201eJaecoo\u201c pristato namini\u0173 gyv\u016bn\u0117li\u0173 savininkams su J5 EV, su ne\u0161ikliu ir priedais"}]},{"@type":"WebSite","@id":"http:\/\/eautomobiliai.lt\/#website","url":"http:\/\/eautomobiliai.lt\/","name":"Eautomobiliai.lt","description":"Elektrinis transportas, technologijos","potentialAction":[{"@type":"SearchAction","target":{"@type":"EntryPoint","urlTemplate":"http:\/\/eautomobiliai.lt\/?s={search_term_string}"},"query-input":{"@type":"PropertyValueSpecification","valueRequired":true,"valueName":"search_term_string"}}],"inLanguage":"lt-LT"},{"@type":"Person","@id":"http:\/\/eautomobiliai.lt\/#\/schema\/person\/ecf2a967f361217d056061f74deb92f2","name":"admin","image":{"@type":"ImageObject","inLanguage":"lt-LT","@id":"http:\/\/eautomobiliai.lt\/#\/schema\/person\/image\/","url":"https:\/\/secure.gravatar.com\/avatar\/6323379efae0c70c686c7905444d6bbd?s=96&d=mm&r=g","contentUrl":"https:\/\/secure.gravatar.com\/avatar\/6323379efae0c70c686c7905444d6bbd?s=96&d=mm&r=g","caption":"admin"},"sameAs":["http:\/\/eautomobiliai.lt"],"url":"http:\/\/eautomobiliai.lt\/index.php\/author\/admin\/"}]}},"_links":{"self":[{"href":"http:\/\/eautomobiliai.lt\/index.php\/wp-json\/wp\/v2\/posts\/3000","targetHints":{"allow":["GET"]}}],"collection":[{"href":"http:\/\/eautomobiliai.lt\/index.php\/wp-json\/wp\/v2\/posts"}],"about":[{"href":"http:\/\/eautomobiliai.lt\/index.php\/wp-json\/wp\/v2\/types\/post"}],"author":[{"embeddable":true,"href":"http:\/\/eautomobiliai.lt\/index.php\/wp-json\/wp\/v2\/users\/1"}],"replies":[{"embeddable":true,"href":"http:\/\/eautomobiliai.lt\/index.php\/wp-json\/wp\/v2\/comments?post=3000"}],"version-history":[{"count":0,"href":"http:\/\/eautomobiliai.lt\/index.php\/wp-json\/wp\/v2\/posts\/3000\/revisions"}],"wp:featuredmedia":[{"embeddable":true,"href":"http:\/\/eautomobiliai.lt\/index.php\/wp-json\/wp\/v2\/media\/3001"}],"wp:attachment":[{"href":"http:\/\/eautomobiliai.lt\/index.php\/wp-json\/wp\/v2\/media?parent=3000"}],"wp:term":[{"taxonomy":"category","embeddable":true,"href":"http:\/\/eautomobiliai.lt\/index.php\/wp-json\/wp\/v2\/categories?post=3000"},{"taxonomy":"post_tag","embeddable":true,"href":"http:\/\/eautomobiliai.lt\/index.php\/wp-json\/wp\/v2\/tags?post=3000"}],"curies":[{"name":"wp","href":"https:\/\/api.w.org\/{rel}","templated":true}]}}