{"id":3006,"date":"2025-12-20T04:54:28","date_gmt":"2025-12-20T04:54:28","guid":{"rendered":"http:\/\/eautomobiliai.lt\/index.php\/2025\/12\/20\/kitas-mazas-elektrinis-hecbeko-modelis-byd-buvo-isbandytas\/"},"modified":"2025-12-20T04:54:28","modified_gmt":"2025-12-20T04:54:28","slug":"kitas-mazas-elektrinis-hecbeko-modelis-byd-buvo-isbandytas","status":"publish","type":"post","link":"http:\/\/eautomobiliai.lt\/index.php\/2025\/12\/20\/kitas-mazas-elektrinis-hecbeko-modelis-byd-buvo-isbandytas\/","title":{"rendered":"Kitas ma\u017eas elektrinis he\u010dbeko modelis BYD buvo i\u0161bandytas"},"content":{"rendered":"<p> <br \/>\n<\/p>\n<div id=\"\">\n<p><span style=\"font-weight: 400;\">BYD spar\u010diai auga ir turi vien\u0105 i\u0161 did\u017eiausi\u0173 nauj\u0173 energetini\u0173 transporto priemoni\u0173 (NEV) modeli\u0173 asortimento rinkoje, \u012fskaitant ma\u017eesnius, \u012fperkamus he\u010dbekus, tokius kaip Dolphin ir neseniai Australijos rinkoje pristatyt\u0105 Atto 1.<\/span><\/p>\n<p><span style=\"font-weight: 400;\">Dabar bendrov\u0117 buvo pasteb\u0117ta bandanti kit\u0105 he\u010dbeko model\u012f \u0160end\u017eene, kur yra pagrindin\u0117 \u012fmon\u0117s b\u016bstin\u0117.<\/span><\/p>\n<p><span style=\"font-weight: 400;\">\u201eDriveGreen\u201c ant X pasidalijo labai u\u017emaskuoto ma\u017eo he\u010dbeko bandym\u0173 vie\u0161uose keliuose nuotraukomis, pateikdama u\u017euomin\u0173, ko galima tik\u0117tis i\u0161 \u0161io modelio.<\/span><\/p>\n<p><span style=\"font-weight: 400;\">\u0160ios naujausios nuotraukos rodo pana\u0161\u0173 dizaino profil\u012f kaip BYD Dolphin, kuris \u0161iuo metu prasideda nuo 29 990 USD prie\u0161 keliuose savo \u201eEssentials\u201c variante Australijoje.<\/span><\/p>\n<p><span style=\"font-weight: 400;\">Priekiniai ratai atrodo pana\u0161\u016bs \u012f tuos, kurie matomi \u201eSeagull\u201c he\u010dbeko \u201eAtto 1\u201c, \u017einomo vietin\u0117je Kinijos rinkoje.<\/span><\/p>\n<p><span style=\"font-weight: 400;\">\u017dvelgiant \u012f gal\u0105, atrodo, kad de\u0161in\u0117je transporto priemon\u0117s pus\u0117je yra \u012fkrovimo prievadas, pana\u0161us \u012f tai, kas matoma visureigiuose \u201eSealion 7\u201c ir \u201eSeal\u201c sedane.<\/span><\/p>\n<p><span style=\"font-weight: 400;\">Tai taip pat gali b\u016bti u\u017euomina apie galini\u0173 rat\u0173 pavar\u0105, toki\u0105, kokia yra \u0161iuose automobiliuose, \u0161iuo metu m\u016bs\u0173 rinkoje.<\/span><\/p>\n<div class=\"embed-twitter\">\n<blockquote class=\"twitter-tweet\" data-width=\"550\" data-dnt=\"true\">\n<p lang=\"en\" dir=\"ltr\">Naujos kartos BYD delfin\u0173 \u0161nip\u0173 kadrai i\u0161 \u0160end\u017eeno!<\/p>\n<p>\u0160iandien \u0160end\u017eeno Ping\u0161ano rajone buvo pasteb\u0117ta stipriai u\u017emaskuota BYD bandomoji transporto priemon\u0117. Proporcijos ai\u0161kiai rodo art\u0117jant\u012f 2026 m. BYD Dolphin (nors teori\u0161kai tai gali b\u016bti didesnis Seagull variantas).<\/p>\n<p>Dabartinis delfinas\u2026 <a href=\"https:\/\/t.co\/325CAJjDIu\">pic.twitter.com\/325CAJjDIu<\/a><\/p>\n<p>\u2013 DriveGreenLiveGreen (@DriveGreen80167) <a href=\"https:\/\/twitter.com\/DriveGreen80167\/status\/2001018630264193052?ref_src=twsrc%5Etfw\">2025 m. gruod\u017eio 16 d<\/a><\/p>\n<\/blockquote>\n<\/div>\n<p><span style=\"font-weight: 400;\">Atsi\u017evelgiant \u012f steb\u0117jimo laik\u0105, tikimasi, kad tai bus modelis 2026 m. Jame gali b\u016bti \u012fdiegtos naujausios BYD technologijos su programin\u0117s \u012frangos, variklio ir li\u010dio gele\u017eies fosfato (LFP) a\u0161men\u0173 akumuliatoriaus atnaujinimais.<\/span><\/p>\n<p><span style=\"font-weight: 400;\">BYD i\u0161 prad\u017ei\u0173 paskelb\u0117 apie Dolphin Australijos rinkoje 2023 m., po to, kai pasisek\u0117 savo pirmajam elektromobiliui, visureigiui Atto 3.<\/span><\/p>\n<p><span style=\"font-weight: 400;\">Jis buvo su dviem variantais, o pradinio lygio \u201eDynamic\u201c variantas buvo pigiausias Australijos elektromobilis, kurio kainos prie\u0161 va\u017eiuojant keliu prasid\u0117jo nuo 38 890 USD.<\/span><\/p>\n<p><span style=\"font-weight: 400;\">\u201ePremium\u201c variantas prid\u0117jo daugiau galios ir specifikacij\u0173 \u2013 kainavo 44 890 USD prie\u0161 va\u017eiuojant keliu.<\/span><\/p>\n<figure id=\"attachment_169790\" aria-describedby=\"caption-attachment-169790\" style=\"width: 1200px\" class=\"wp-caption aligncenter\"><img loading=\"lazy\" decoding=\"async\" class=\"size-full wp-image-169790\" src=\"https:\/\/thedriven.io\/wp-content\/uploads\/2023\/06\/BYD-Dolphin-Seaworld-June-2023.jpg\" alt=\"BYD Dolphin Seaworld 2023 m. bir\u017eelio m\u0117n\" width=\"1200\" height=\"904\" srcset=\"https:\/\/thedriven.io\/wp-content\/uploads\/2023\/06\/BYD-Dolphin-Seaworld-June-2023.jpg 1200w, https:\/\/thedriven.io\/wp-content\/uploads\/2023\/06\/BYD-Dolphin-Seaworld-June-2023-388x292.jpg 388w, https:\/\/thedriven.io\/wp-content\/uploads\/2023\/06\/BYD-Dolphin-Seaworld-June-2023-1160x874.jpg 1160w, https:\/\/thedriven.io\/wp-content\/uploads\/2023\/06\/BYD-Dolphin-Seaworld-June-2023-380x285.jpg 380w, https:\/\/thedriven.io\/wp-content\/uploads\/2023\/06\/BYD-Dolphin-Seaworld-June-2023-800x603.jpg 800w, https:\/\/thedriven.io\/wp-content\/uploads\/2023\/06\/BYD-Dolphin-Seaworld-June-2023-300x226.jpg 300w, https:\/\/thedriven.io\/wp-content\/uploads\/2023\/06\/BYD-Dolphin-Seaworld-June-2023-120x90.jpg 120w, https:\/\/thedriven.io\/wp-content\/uploads\/2023\/06\/BYD-Dolphin-Seaworld-June-2023-90x68.jpg 90w, https:\/\/thedriven.io\/wp-content\/uploads\/2023\/06\/BYD-Dolphin-Seaworld-June-2023-320x240.jpg 320w, https:\/\/thedriven.io\/wp-content\/uploads\/2023\/06\/BYD-Dolphin-Seaworld-June-2023-560x422.jpg 560w, https:\/\/thedriven.io\/wp-content\/uploads\/2023\/06\/BYD-Dolphin-Seaworld-June-2023-150x113.jpg 150w, https:\/\/thedriven.io\/wp-content\/uploads\/2023\/06\/BYD-Dolphin-Seaworld-June-2023-240x180.jpg 240w, https:\/\/thedriven.io\/wp-content\/uploads\/2023\/06\/BYD-Dolphin-Seaworld-June-2023-180x136.jpg 180w, https:\/\/thedriven.io\/wp-content\/uploads\/2023\/06\/BYD-Dolphin-Seaworld-June-2023-640x482.jpg 640w, https:\/\/thedriven.io\/wp-content\/uploads\/2023\/06\/BYD-Dolphin-Seaworld-June-2023-1120x844.jpg 1120w\" sizes=\"auto, (max-width: 1200px) 100vw, 1200px\"\/><figcaption id=\"caption-attachment-169790\" class=\"wp-caption-text\">Nuotrauka: Riz Akhtar<\/figcaption><\/figure>\n<p>Tada, 2025 m. prad\u017eioje, BYD daugel\u012f \u0161okiravo pristatydamas Dolphin Essentials variant\u0105, kurio kainos prasideda nuo 29 990 USD prie\u0161 va\u017eiuojant keliuose, o tai patvirtino automobilio viet\u0105 kaip pigiausias Australijos elektromobilis, kol pra\u0117jus\u012f m\u0117nes\u012f pasirod\u0117 Atto 1, kuris pradinio lygio modelio kaina siek\u0117 23 990 USD.<\/p>\n<p><span style=\"font-weight: 400;\">Konkurencijai daugelyje rinkos segment\u0173 stipr\u0117jant ir tokiems preki\u0173 \u017eenklams kaip \u201eGeely\u201c s\u0117kmingai Kinijoje parduodant \u0161imtus t\u016bkstan\u010di\u0173 \u012fperkam\u0173 Xingyuan arba EX2 elektrini\u0173 he\u010dbek\u0173 prie\u0161 pasaulin\u0119 pl\u0117tr\u0105 2025 ir 2026 m., \u0161is naujai pasteb\u0117tas \u201eDolphin\u201c ar pana\u0161us he\u010dbeko modelis i\u0161 BYD gali b\u016bti didelis pasi\u016blymas did\u017eiausiam pasaulyje NEV gamintojui.<\/span><\/p>\n<div class=\"saboxplugin-wrap\" itemtype=\"http:\/\/schema.org\/Person\" itemscope=\"\" itemprop=\"author\">\n<div class=\"saboxplugin-tab\">\n<div class=\"saboxplugin-gravatar\"><img decoding=\"async\" width=\"100\" height=\"100\" alt=\"Rizas Akhtaras\" itemprop=\"image\" loading=\"lazy\" class=\"native-lazyload-js-fallback\" src=\"https:\/\/b2232832.smushcdn.com\/2232832\/wp-content\/uploads\/2022\/02\/Riz.jpg?lossy=1&amp;strip=0&amp;webp=1\"\/><img loading=\"lazy\" decoding=\"async\" src=\"https:\/\/thedriven.io\/wp-content\/uploads\/2022\/02\/Riz.jpg\" width=\"100\" height=\"100\" alt=\"Rizas Akhtaras\" itemprop=\"image\"\/><\/div>\n<div class=\"saboxplugin-desc\">\n<div itemprop=\"description\">\n<p>Rizas yra Melburne \u012fsik\u016brusios \u012fmon\u0117s \u201ecarloop\u201c \u012fk\u016br\u0117jas, kurio specializacija yra Australijos EV duomenys, \u012f\u017evalgos ataskaitos ir tendencijos. Jis yra mechanikos in\u017einierius, kuris pirmuosius 7 savo karjeros metus praleido kurdamas transporto infrastrukt\u016br\u0105 prie\u0161 prad\u0117damas \u201ecarloop\u201c. Jis domisi automobiliams, ypa\u010d elektromobiliams, ir nori pad\u0117ti suma\u017einti transporto i\u0161metam\u0173 ter\u0161al\u0173 kiek\u012f Australijoje. \u0160iuo metu jis vairuoja raudon\u0105 \u201eTesla Model 3\u201c.<\/p>\n<\/div>\n<\/div>\n<\/div>\n<\/div>\n<p><!-- AI CONTENT END 1 --><\/p><\/div>\n<p><script async src=\"\/\/platform.twitter.com\/widgets.js\" charset=\"utf-8\"><\/script><br \/>\n<br \/><br \/>\n<br \/><a href=\"https:\/\/thedriven.io\/2025\/12\/20\/byds-next-small-electric-hatchback-model-spotted-testing\/\">Source link <\/a><\/p>\n","protected":false},"excerpt":{"rendered":"<p>BYD spar\u010diai auga ir turi vien\u0105 i\u0161 did\u017eiausi\u0173 nauj\u0173 energetini\u0173 transporto priemoni\u0173 (NEV) modeli\u0173 asortimento rinkoje, \u012fskaitant ma\u017eesnius, \u012fperkamus he\u010dbekus,&hellip;<\/p>\n","protected":false},"author":1,"featured_media":3007,"comment_status":"open","ping_status":"open","sticky":false,"template":"","format":"standard","meta":{"om_disable_all_campaigns":false,"_monsterinsights_skip_tracking":false,"_monsterinsights_sitenote_active":false,"_monsterinsights_sitenote_note":"","_monsterinsights_sitenote_category":0,"footnotes":""},"categories":[39],"tags":[223,11,26,2288,3892,2192,1773,113],"class_list":["post-3006","post","type-post","status-publish","format-standard","has-post-thumbnail","hentry","category-eautomobiliu-technine-puse","tag-buvo","tag-byd","tag-elektrinis","tag-hecbeko","tag-isbandytas","tag-kitas","tag-mazas","tag-modelis"],"aioseo_notices":[],"yoast_head":"<!-- This site is optimized with the Yoast SEO plugin v26.8 - https:\/\/yoast.com\/product\/yoast-seo-wordpress\/ -->\n<title>Kitas ma\u017eas elektrinis he\u010dbeko modelis BYD buvo i\u0161bandytas - Eautomobiliai.lt<\/title>\n<meta name=\"robots\" content=\"index, follow, max-snippet:-1, max-image-preview:large, max-video-preview:-1\" \/>\n<link rel=\"canonical\" href=\"https:\/\/eautomobiliai.lt\/index.php\/2025\/12\/20\/kitas-mazas-elektrinis-hecbeko-modelis-byd-buvo-isbandytas\/\" \/>\n<meta property=\"og:locale\" content=\"lt_LT\" \/>\n<meta property=\"og:type\" content=\"article\" \/>\n<meta property=\"og:title\" content=\"Kitas ma\u017eas elektrinis he\u010dbeko modelis BYD buvo i\u0161bandytas - Eautomobiliai.lt\" \/>\n<meta property=\"og:description\" content=\"BYD spar\u010diai auga ir turi vien\u0105 i\u0161 did\u017eiausi\u0173 nauj\u0173 energetini\u0173 transporto priemoni\u0173 (NEV) modeli\u0173 asortimento rinkoje, \u012fskaitant ma\u017eesnius, \u012fperkamus he\u010dbekus,&hellip;\" \/>\n<meta property=\"og:url\" content=\"https:\/\/eautomobiliai.lt\/index.php\/2025\/12\/20\/kitas-mazas-elektrinis-hecbeko-modelis-byd-buvo-isbandytas\/\" \/>\n<meta property=\"og:site_name\" content=\"Eautomobiliai.lt\" \/>\n<meta property=\"article:published_time\" content=\"2025-12-20T04:54:28+00:00\" \/>\n<meta property=\"og:image\" content=\"https:\/\/eautomobiliai.lt\/wp-content\/uploads\/2025\/12\/Kitas-mazas-elektrinis-hecbeko-modelis-BYD-buvo-isbandytas.jpg\" \/>\n\t<meta property=\"og:image:width\" content=\"1200\" \/>\n\t<meta property=\"og:image:height\" content=\"900\" \/>\n\t<meta property=\"og:image:type\" content=\"image\/jpeg\" \/>\n<meta name=\"author\" content=\"admin\" \/>\n<meta name=\"twitter:card\" content=\"summary_large_image\" \/>\n<meta name=\"twitter:label1\" content=\"Written by\" \/>\n\t<meta name=\"twitter:data1\" content=\"admin\" \/>\n\t<meta name=\"twitter:label2\" content=\"Est. reading time\" \/>\n\t<meta name=\"twitter:data2\" content=\"2 minut\u0117s\" \/>\n<script type=\"application\/ld+json\" class=\"yoast-schema-graph\">{\"@context\":\"https:\/\/schema.org\",\"@graph\":[{\"@type\":\"Article\",\"@id\":\"https:\/\/eautomobiliai.lt\/index.php\/2025\/12\/20\/kitas-mazas-elektrinis-hecbeko-modelis-byd-buvo-isbandytas\/#article\",\"isPartOf\":{\"@id\":\"https:\/\/eautomobiliai.lt\/index.php\/2025\/12\/20\/kitas-mazas-elektrinis-hecbeko-modelis-byd-buvo-isbandytas\/\"},\"author\":{\"name\":\"admin\",\"@id\":\"https:\/\/eautomobiliai.lt\/#\/schema\/person\/ecf2a967f361217d056061f74deb92f2\"},\"headline\":\"Kitas ma\u017eas elektrinis he\u010dbeko modelis BYD buvo i\u0161bandytas\",\"datePublished\":\"2025-12-20T04:54:28+00:00\",\"mainEntityOfPage\":{\"@id\":\"https:\/\/eautomobiliai.lt\/index.php\/2025\/12\/20\/kitas-mazas-elektrinis-hecbeko-modelis-byd-buvo-isbandytas\/\"},\"wordCount\":495,\"commentCount\":0,\"image\":{\"@id\":\"https:\/\/eautomobiliai.lt\/index.php\/2025\/12\/20\/kitas-mazas-elektrinis-hecbeko-modelis-byd-buvo-isbandytas\/#primaryimage\"},\"thumbnailUrl\":\"http:\/\/eautomobiliai.lt\/wp-content\/uploads\/2025\/12\/Kitas-mazas-elektrinis-hecbeko-modelis-BYD-buvo-isbandytas.jpg\",\"keywords\":[\"buvo\",\"BYD\",\"Elektrinis\",\"he\u010dbeko\",\"i\u0161bandytas\",\"Kitas\",\"Ma\u017eas\",\"modelis\"],\"articleSection\":[\"eAUTOMOBILI\u0172 TECHNIN\u0116 PUS\u0116\"],\"inLanguage\":\"lt-LT\",\"potentialAction\":[{\"@type\":\"CommentAction\",\"name\":\"Comment\",\"target\":[\"https:\/\/eautomobiliai.lt\/index.php\/2025\/12\/20\/kitas-mazas-elektrinis-hecbeko-modelis-byd-buvo-isbandytas\/#respond\"]}]},{\"@type\":\"WebPage\",\"@id\":\"https:\/\/eautomobiliai.lt\/index.php\/2025\/12\/20\/kitas-mazas-elektrinis-hecbeko-modelis-byd-buvo-isbandytas\/\",\"url\":\"https:\/\/eautomobiliai.lt\/index.php\/2025\/12\/20\/kitas-mazas-elektrinis-hecbeko-modelis-byd-buvo-isbandytas\/\",\"name\":\"Kitas ma\u017eas elektrinis he\u010dbeko modelis BYD buvo i\u0161bandytas - Eautomobiliai.lt\",\"isPartOf\":{\"@id\":\"https:\/\/eautomobiliai.lt\/#website\"},\"primaryImageOfPage\":{\"@id\":\"https:\/\/eautomobiliai.lt\/index.php\/2025\/12\/20\/kitas-mazas-elektrinis-hecbeko-modelis-byd-buvo-isbandytas\/#primaryimage\"},\"image\":{\"@id\":\"https:\/\/eautomobiliai.lt\/index.php\/2025\/12\/20\/kitas-mazas-elektrinis-hecbeko-modelis-byd-buvo-isbandytas\/#primaryimage\"},\"thumbnailUrl\":\"http:\/\/eautomobiliai.lt\/wp-content\/uploads\/2025\/12\/Kitas-mazas-elektrinis-hecbeko-modelis-BYD-buvo-isbandytas.jpg\",\"datePublished\":\"2025-12-20T04:54:28+00:00\",\"author\":{\"@id\":\"https:\/\/eautomobiliai.lt\/#\/schema\/person\/ecf2a967f361217d056061f74deb92f2\"},\"breadcrumb\":{\"@id\":\"https:\/\/eautomobiliai.lt\/index.php\/2025\/12\/20\/kitas-mazas-elektrinis-hecbeko-modelis-byd-buvo-isbandytas\/#breadcrumb\"},\"inLanguage\":\"lt-LT\",\"potentialAction\":[{\"@type\":\"ReadAction\",\"target\":[\"https:\/\/eautomobiliai.lt\/index.php\/2025\/12\/20\/kitas-mazas-elektrinis-hecbeko-modelis-byd-buvo-isbandytas\/\"]}]},{\"@type\":\"ImageObject\",\"inLanguage\":\"lt-LT\",\"@id\":\"https:\/\/eautomobiliai.lt\/index.php\/2025\/12\/20\/kitas-mazas-elektrinis-hecbeko-modelis-byd-buvo-isbandytas\/#primaryimage\",\"url\":\"http:\/\/eautomobiliai.lt\/wp-content\/uploads\/2025\/12\/Kitas-mazas-elektrinis-hecbeko-modelis-BYD-buvo-isbandytas.jpg\",\"contentUrl\":\"http:\/\/eautomobiliai.lt\/wp-content\/uploads\/2025\/12\/Kitas-mazas-elektrinis-hecbeko-modelis-BYD-buvo-isbandytas.jpg\",\"width\":1200,\"height\":900},{\"@type\":\"BreadcrumbList\",\"@id\":\"https:\/\/eautomobiliai.lt\/index.php\/2025\/12\/20\/kitas-mazas-elektrinis-hecbeko-modelis-byd-buvo-isbandytas\/#breadcrumb\",\"itemListElement\":[{\"@type\":\"ListItem\",\"position\":1,\"name\":\"Home\",\"item\":\"https:\/\/eautomobiliai.lt\/\"},{\"@type\":\"ListItem\",\"position\":2,\"name\":\"Kitas ma\u017eas elektrinis he\u010dbeko modelis BYD buvo i\u0161bandytas\"}]},{\"@type\":\"WebSite\",\"@id\":\"https:\/\/eautomobiliai.lt\/#website\",\"url\":\"https:\/\/eautomobiliai.lt\/\",\"name\":\"Eautomobiliai.lt\",\"description\":\"Elektrinis transportas, technologijos\",\"potentialAction\":[{\"@type\":\"SearchAction\",\"target\":{\"@type\":\"EntryPoint\",\"urlTemplate\":\"https:\/\/eautomobiliai.lt\/?s={search_term_string}\"},\"query-input\":{\"@type\":\"PropertyValueSpecification\",\"valueRequired\":true,\"valueName\":\"search_term_string\"}}],\"inLanguage\":\"lt-LT\"},{\"@type\":\"Person\",\"@id\":\"https:\/\/eautomobiliai.lt\/#\/schema\/person\/ecf2a967f361217d056061f74deb92f2\",\"name\":\"admin\",\"image\":{\"@type\":\"ImageObject\",\"inLanguage\":\"lt-LT\",\"@id\":\"https:\/\/eautomobiliai.lt\/#\/schema\/person\/image\/\",\"url\":\"https:\/\/secure.gravatar.com\/avatar\/6323379efae0c70c686c7905444d6bbd?s=96&d=mm&r=g\",\"contentUrl\":\"https:\/\/secure.gravatar.com\/avatar\/6323379efae0c70c686c7905444d6bbd?s=96&d=mm&r=g\",\"caption\":\"admin\"},\"sameAs\":[\"http:\/\/eautomobiliai.lt\"],\"url\":\"http:\/\/eautomobiliai.lt\/index.php\/author\/admin\/\"}]}<\/script>\n<!-- \/ Yoast SEO plugin. -->","yoast_head_json":{"title":"Kitas ma\u017eas elektrinis he\u010dbeko modelis BYD buvo i\u0161bandytas - Eautomobiliai.lt","robots":{"index":"index","follow":"follow","max-snippet":"max-snippet:-1","max-image-preview":"max-image-preview:large","max-video-preview":"max-video-preview:-1"},"canonical":"https:\/\/eautomobiliai.lt\/index.php\/2025\/12\/20\/kitas-mazas-elektrinis-hecbeko-modelis-byd-buvo-isbandytas\/","og_locale":"lt_LT","og_type":"article","og_title":"Kitas ma\u017eas elektrinis he\u010dbeko modelis BYD buvo i\u0161bandytas - Eautomobiliai.lt","og_description":"BYD spar\u010diai auga ir turi vien\u0105 i\u0161 did\u017eiausi\u0173 nauj\u0173 energetini\u0173 transporto priemoni\u0173 (NEV) modeli\u0173 asortimento rinkoje, \u012fskaitant ma\u017eesnius, \u012fperkamus he\u010dbekus,&hellip;","og_url":"https:\/\/eautomobiliai.lt\/index.php\/2025\/12\/20\/kitas-mazas-elektrinis-hecbeko-modelis-byd-buvo-isbandytas\/","og_site_name":"Eautomobiliai.lt","article_published_time":"2025-12-20T04:54:28+00:00","og_image":[{"width":1200,"height":900,"url":"https:\/\/eautomobiliai.lt\/wp-content\/uploads\/2025\/12\/Kitas-mazas-elektrinis-hecbeko-modelis-BYD-buvo-isbandytas.jpg","type":"image\/jpeg"}],"author":"admin","twitter_card":"summary_large_image","twitter_misc":{"Written by":"admin","Est. reading time":"2 minut\u0117s"},"schema":{"@context":"https:\/\/schema.org","@graph":[{"@type":"Article","@id":"https:\/\/eautomobiliai.lt\/index.php\/2025\/12\/20\/kitas-mazas-elektrinis-hecbeko-modelis-byd-buvo-isbandytas\/#article","isPartOf":{"@id":"https:\/\/eautomobiliai.lt\/index.php\/2025\/12\/20\/kitas-mazas-elektrinis-hecbeko-modelis-byd-buvo-isbandytas\/"},"author":{"name":"admin","@id":"https:\/\/eautomobiliai.lt\/#\/schema\/person\/ecf2a967f361217d056061f74deb92f2"},"headline":"Kitas ma\u017eas elektrinis he\u010dbeko modelis BYD buvo i\u0161bandytas","datePublished":"2025-12-20T04:54:28+00:00","mainEntityOfPage":{"@id":"https:\/\/eautomobiliai.lt\/index.php\/2025\/12\/20\/kitas-mazas-elektrinis-hecbeko-modelis-byd-buvo-isbandytas\/"},"wordCount":495,"commentCount":0,"image":{"@id":"https:\/\/eautomobiliai.lt\/index.php\/2025\/12\/20\/kitas-mazas-elektrinis-hecbeko-modelis-byd-buvo-isbandytas\/#primaryimage"},"thumbnailUrl":"http:\/\/eautomobiliai.lt\/wp-content\/uploads\/2025\/12\/Kitas-mazas-elektrinis-hecbeko-modelis-BYD-buvo-isbandytas.jpg","keywords":["buvo","BYD","Elektrinis","he\u010dbeko","i\u0161bandytas","Kitas","Ma\u017eas","modelis"],"articleSection":["eAUTOMOBILI\u0172 TECHNIN\u0116 PUS\u0116"],"inLanguage":"lt-LT","potentialAction":[{"@type":"CommentAction","name":"Comment","target":["https:\/\/eautomobiliai.lt\/index.php\/2025\/12\/20\/kitas-mazas-elektrinis-hecbeko-modelis-byd-buvo-isbandytas\/#respond"]}]},{"@type":"WebPage","@id":"https:\/\/eautomobiliai.lt\/index.php\/2025\/12\/20\/kitas-mazas-elektrinis-hecbeko-modelis-byd-buvo-isbandytas\/","url":"https:\/\/eautomobiliai.lt\/index.php\/2025\/12\/20\/kitas-mazas-elektrinis-hecbeko-modelis-byd-buvo-isbandytas\/","name":"Kitas ma\u017eas elektrinis he\u010dbeko modelis BYD buvo i\u0161bandytas - Eautomobiliai.lt","isPartOf":{"@id":"https:\/\/eautomobiliai.lt\/#website"},"primaryImageOfPage":{"@id":"https:\/\/eautomobiliai.lt\/index.php\/2025\/12\/20\/kitas-mazas-elektrinis-hecbeko-modelis-byd-buvo-isbandytas\/#primaryimage"},"image":{"@id":"https:\/\/eautomobiliai.lt\/index.php\/2025\/12\/20\/kitas-mazas-elektrinis-hecbeko-modelis-byd-buvo-isbandytas\/#primaryimage"},"thumbnailUrl":"http:\/\/eautomobiliai.lt\/wp-content\/uploads\/2025\/12\/Kitas-mazas-elektrinis-hecbeko-modelis-BYD-buvo-isbandytas.jpg","datePublished":"2025-12-20T04:54:28+00:00","author":{"@id":"https:\/\/eautomobiliai.lt\/#\/schema\/person\/ecf2a967f361217d056061f74deb92f2"},"breadcrumb":{"@id":"https:\/\/eautomobiliai.lt\/index.php\/2025\/12\/20\/kitas-mazas-elektrinis-hecbeko-modelis-byd-buvo-isbandytas\/#breadcrumb"},"inLanguage":"lt-LT","potentialAction":[{"@type":"ReadAction","target":["https:\/\/eautomobiliai.lt\/index.php\/2025\/12\/20\/kitas-mazas-elektrinis-hecbeko-modelis-byd-buvo-isbandytas\/"]}]},{"@type":"ImageObject","inLanguage":"lt-LT","@id":"https:\/\/eautomobiliai.lt\/index.php\/2025\/12\/20\/kitas-mazas-elektrinis-hecbeko-modelis-byd-buvo-isbandytas\/#primaryimage","url":"http:\/\/eautomobiliai.lt\/wp-content\/uploads\/2025\/12\/Kitas-mazas-elektrinis-hecbeko-modelis-BYD-buvo-isbandytas.jpg","contentUrl":"http:\/\/eautomobiliai.lt\/wp-content\/uploads\/2025\/12\/Kitas-mazas-elektrinis-hecbeko-modelis-BYD-buvo-isbandytas.jpg","width":1200,"height":900},{"@type":"BreadcrumbList","@id":"https:\/\/eautomobiliai.lt\/index.php\/2025\/12\/20\/kitas-mazas-elektrinis-hecbeko-modelis-byd-buvo-isbandytas\/#breadcrumb","itemListElement":[{"@type":"ListItem","position":1,"name":"Home","item":"https:\/\/eautomobiliai.lt\/"},{"@type":"ListItem","position":2,"name":"Kitas ma\u017eas elektrinis he\u010dbeko modelis BYD buvo i\u0161bandytas"}]},{"@type":"WebSite","@id":"https:\/\/eautomobiliai.lt\/#website","url":"https:\/\/eautomobiliai.lt\/","name":"Eautomobiliai.lt","description":"Elektrinis transportas, technologijos","potentialAction":[{"@type":"SearchAction","target":{"@type":"EntryPoint","urlTemplate":"https:\/\/eautomobiliai.lt\/?s={search_term_string}"},"query-input":{"@type":"PropertyValueSpecification","valueRequired":true,"valueName":"search_term_string"}}],"inLanguage":"lt-LT"},{"@type":"Person","@id":"https:\/\/eautomobiliai.lt\/#\/schema\/person\/ecf2a967f361217d056061f74deb92f2","name":"admin","image":{"@type":"ImageObject","inLanguage":"lt-LT","@id":"https:\/\/eautomobiliai.lt\/#\/schema\/person\/image\/","url":"https:\/\/secure.gravatar.com\/avatar\/6323379efae0c70c686c7905444d6bbd?s=96&d=mm&r=g","contentUrl":"https:\/\/secure.gravatar.com\/avatar\/6323379efae0c70c686c7905444d6bbd?s=96&d=mm&r=g","caption":"admin"},"sameAs":["http:\/\/eautomobiliai.lt"],"url":"http:\/\/eautomobiliai.lt\/index.php\/author\/admin\/"}]}},"_links":{"self":[{"href":"http:\/\/eautomobiliai.lt\/index.php\/wp-json\/wp\/v2\/posts\/3006","targetHints":{"allow":["GET"]}}],"collection":[{"href":"http:\/\/eautomobiliai.lt\/index.php\/wp-json\/wp\/v2\/posts"}],"about":[{"href":"http:\/\/eautomobiliai.lt\/index.php\/wp-json\/wp\/v2\/types\/post"}],"author":[{"embeddable":true,"href":"http:\/\/eautomobiliai.lt\/index.php\/wp-json\/wp\/v2\/users\/1"}],"replies":[{"embeddable":true,"href":"http:\/\/eautomobiliai.lt\/index.php\/wp-json\/wp\/v2\/comments?post=3006"}],"version-history":[{"count":0,"href":"http:\/\/eautomobiliai.lt\/index.php\/wp-json\/wp\/v2\/posts\/3006\/revisions"}],"wp:featuredmedia":[{"embeddable":true,"href":"http:\/\/eautomobiliai.lt\/index.php\/wp-json\/wp\/v2\/media\/3007"}],"wp:attachment":[{"href":"http:\/\/eautomobiliai.lt\/index.php\/wp-json\/wp\/v2\/media?parent=3006"}],"wp:term":[{"taxonomy":"category","embeddable":true,"href":"http:\/\/eautomobiliai.lt\/index.php\/wp-json\/wp\/v2\/categories?post=3006"},{"taxonomy":"post_tag","embeddable":true,"href":"http:\/\/eautomobiliai.lt\/index.php\/wp-json\/wp\/v2\/tags?post=3006"}],"curies":[{"name":"wp","href":"https:\/\/api.w.org\/{rel}","templated":true}]}}