{"id":3050,"date":"2025-12-27T09:39:17","date_gmt":"2025-12-27T09:39:17","guid":{"rendered":"https:\/\/eautomobiliai.lt\/index.php\/2025\/12\/27\/elonas-muskas-atsisako-tvarumo-is-teslos-misijos-kai-uzbaigia-savo-piktadarystes-lanka\/"},"modified":"2025-12-27T09:39:17","modified_gmt":"2025-12-27T09:39:17","slug":"elonas-muskas-atsisako-tvarumo-is-teslos-misijos-kai-uzbaigia-savo-piktadarystes-lanka","status":"publish","type":"post","link":"http:\/\/eautomobiliai.lt\/index.php\/2025\/12\/27\/elonas-muskas-atsisako-tvarumo-is-teslos-misijos-kai-uzbaigia-savo-piktadarystes-lanka\/","title":{"rendered":"Elonas Muskas atsisako \u201etvarumo\u201c i\u0161 Teslos misijos, kai u\u017ebaigia savo piktadaryst\u0117s lank\u0105"},"content":{"rendered":"<p> <br \/>\n<\/p>\n<div>\n<figure class=\"img-border featured-image\">\n<p>\t<br \/>\n\t<\/figure>\n<p>Tai oficialu. \u017dodis \u201etvarus\u201c dingo i\u0161 \u201eTesla\u201c misijos.<\/p>\n<p>Daugiau nei de\u0161imtmet\u012f \u201eTesla\u201c kelrod\u0117 \u017evaig\u017ed\u0117 buvo neabejotinai \u012ftakingiausias XXI am\u017eiaus \u012fmon\u0117s misijos parei\u0161kimas. Ta\u010diau per pastaruosius kelerius metus mes steb\u0117jome, kaip \u012fmon\u0117 pama\u017eu nutolsta nuo aplinkosaugos \u0161akn\u0173.<\/p>\n<p>Dabar Elonas Muskas patvirtino paskutin\u012f \u017eingsn\u012f tose skyrybose, pakeisdamas \u012fmon\u0117s tiksl\u0105 i\u0161 \u201etvarios gausos\u201c \u012f tiesiog \u201enuostabi\u0105 gaus\u0105\u201c.<\/p>\n<p><span id=\"more-448821\"\/><\/p>\n<p>Tesla misijos evoliucija pasakoja apie besikei\u010dian\u010dius \u012fmon\u0117s prioritetus geriau, nei gal\u0117t\u0173 gauti bet koks u\u017edarbis.<\/p>\n<p>\t<span class=\"outbrain-ad-label\">Reklama \u2013 slinkite, kad gautum\u0117te daugiau turinio<\/span><\/p>\n<p>I\u0161 prad\u017ei\u0173 misija buvo konkreti ir tikslinga: \u201ePaspartinti tvaraus transporto atsiradim\u0105\u201c.<\/p>\n<p>Tai buvo \u201eRoadster\u201c Tesla, \u201eModel S\u201c ir \u201eModel 3\u201c. Tikslas buvo \u012frodyti, kad elektromobiliai gali b\u016bti geresni u\u017e benzininius automobilius, ir priversti pramon\u0119 keistis.<\/p>\n<p>Teslai \u012fsigijus \u201eSolarCity\u201c ir i\u0161sipl\u0117tus \u012f energijos kaupim\u0105 kartu su \u201ePowerwall\u201c ir \u201eMegapack\u201c, misija nat\u016braliai tapo labiau \u012ftraukianti: \u201eSpartinti tvarios energijos atsiradim\u0105\u201c.<\/p>\n<p>Tai buvo Tesla \u012f klimat\u0105 orientuoto pasakojimo vir\u0161\u016bn\u0117. Tai buvo apie ekosistem\u0105: saul\u0117s energij\u0105, saugykl\u0105 ir transport\u0105, kurie dirba kartu, kad b\u016bt\u0173 suma\u017eintas anglies dioksido kiekis tinkle.<\/p>\n<p>Per\u0117jimas buvo prasmingas, atsi\u017evelgiant \u012f pradin\u0119 misij\u0105, nes norint, kad jis b\u016bt\u0173 tvarus ir varomas atsinaujinan\u010dia energija, transportas turi b\u016bti elektrinis.<\/p>\n<p>Ta\u010diau pastaraisiais metais, ypa\u010d prad\u0117jus 3-i\u0105j\u0105 pagrindinio plano dal\u012f ir i\u0161populiar\u0117jus \u201eOptimus\u201c robot\u0173 projektui, Muskas prad\u0117jo vartoti fraz\u0119 \u201etvari gausa\u201c. Tai perk\u0117l\u0117 tikslo stulpus nuo \u201eenergijos\u201c (ap\u010diuopiamos klimato metrikos) prie \u201egausos\u201c (ekonomikos koncepcijos, kuri\u0105 skatina automatizavimas ir dirbtinis intelektas).<\/p>\n<p>Kal\u0117d\u0173 i\u0161vakar\u0117se Muskas kreip\u0117si \u012f X ir paskelb\u0117 apie paskutin\u0119 misijos mutacij\u0105:<\/p>\n<blockquote class=\"wp-block-quote is-layout-flow wp-block-quote-is-layout-flow\">\n<p><strong>\u201eKei\u010diu Tesla misijos formuluot\u0119 i\u0161 \u201etvari gausa\u201c \u012f nuostabi\u0105 gaus\u0105.<\/strong><\/p>\n<\/blockquote>\n<p>Kod\u0117l, Muskas tiesiog pasak\u0117: \u201ePastarasis yra labiau d\u017eiaugsmingas\u201c.<\/p>\n<p>\u0160tai tviteris:<\/p>\n<figure class=\"wp-block-image aligncenter size-large is-resized\"><img loading=\"lazy\" decoding=\"async\" height=\"901\" width=\"1024\" src=\"https:\/\/electrek.co\/wp-content\/uploads\/sites\/3\/2025\/12\/Screenshot-2025-12-24-at-4.01.58-PM.png?w=1024\" alt=\"\" class=\"wp-image-448822\" style=\"width:626px;height:auto\" srcset=\"https:\/\/electrek.co\/wp-content\/uploads\/sites\/3\/2025\/12\/Screenshot-2025-12-24-at-4.01.58-PM.png 1068w, https:\/\/electrek.co\/wp-content\/uploads\/sites\/3\/2025\/12\/Screenshot-2025-12-24-at-4.01.58-PM.png?resize=150,132 150w, https:\/\/electrek.co\/wp-content\/uploads\/sites\/3\/2025\/12\/Screenshot-2025-12-24-at-4.01.58-PM.png?resize=300,264 300w, https:\/\/electrek.co\/wp-content\/uploads\/sites\/3\/2025\/12\/Screenshot-2025-12-24-at-4.01.58-PM.png?resize=768,676 768w, https:\/\/electrek.co\/wp-content\/uploads\/sites\/3\/2025\/12\/Screenshot-2025-12-24-at-4.01.58-PM.png?resize=1024,901 1024w, https:\/\/electrek.co\/wp-content\/uploads\/sites\/3\/2025\/12\/Screenshot-2025-12-24-at-4.01.58-PM.png?resize=350,308 350w, https:\/\/electrek.co\/wp-content\/uploads\/sites\/3\/2025\/12\/Screenshot-2025-12-24-at-4.01.58-PM.png?resize=140,123 140w\" sizes=\"auto, (max-width: 1024px) 100vw, 1024px\"\/><\/figure>\n<p>Pa\u0161alindama \u201etvar\u0173j\u012f\u201c, \u201eTesla\u201c rodo, kad jos pagrindinis d\u0117mesys neb\u0117ra aplinka ar klimato kriz\u0117. \u201eNuostabi gausyb\u0117\u201c yra nuoroda \u012f ateit\u012f po tr\u016bkumo, Muskas tiki, kad jis kuria naudodamas bendrosios paskirties humanoidinius robotus (Optimus) ir dirbtin\u012f bendr\u0105j\u012f intelekt\u0105 (AGI).<\/p>\n<p>\u0160ioje naujoje misijoje elektromobiliai ir atsinaujinantys energijos \u0161altiniai yra tik \u012frankiai, padedantys sukurti \u0161i\u0105 hipotetin\u0119 utopij\u0105. <\/p>\n<h2 class=\"wp-block-heading\" id=\"h-electrek-s-take\">Electrek Take<\/h2>\n<p>Neken\u010diu sakyti \u201ea\u0161 tau taip sakiau\u201c, bet jau\u010diuosi visi\u0161kai i\u0161teisintas.<\/p>\n<p>Ilgame\u010diai skaitytojai \u017eino, kad 2024 m. pri\u0117miau sunk\u0173 sprendim\u0105 parduoti savo Tesla akcijas. Tuo metu para\u0161iau \u012fra\u0161\u0105, kuriame paai\u0161kinau, kad pagrindin\u0117 mano pardavimo prie\u017eastis buvo mano \u012fsitikinimas, kad Tesla tolsta nuo savo misijos paspartinti tvarios energijos atsiradim\u0105 pasaulyje.<\/p>\n<p>Sulaukiau daug neapykantos d\u0117l to straipsnio. Jie sak\u0117, kad nesuprantu \u201edidesnio vaizdo\u201c. A\u0161 padariau. A\u0161 vis dar darau. A\u0161 tiesiog tuo netikiu ir nenoriu \u012f tai investuoti.<\/p>\n<p>\u0160is tviteris tiksliai patvirtina tai, k\u0105 ma\u010diau. \u017dod\u017eio \u201etvarus\u201c pa\u0161alinimas n\u0117ra tik semantika; tai ketinim\u0173 parei\u0161kimas. EV revoliucij\u0105 prad\u0117jusiai \u012fmonei tai labai atsibodo. Muskas dabar persekioja mokslin\u0119 fantazij\u0105 apie begalin\u0119 ekonomin\u0119 produkcij\u0105 ir tai daro bauginan\u010diu b\u016bdu.<\/p>\n<p>Be to, Musko samprotavimai, kad \u201eNuostabi gausyb\u0117\u201c yra \u201edaug d\u017eiaugsmingi\u201c, skamba ne\u012ftik\u0117tinai tu\u0161\u010diai, kai \u017ei\u016brite \u012f jo elges\u012f jo socialin\u0117s \u017einiasklaidos platformoje.<\/p>\n<p>Viena vertus, jis kalba apie roboto utopijos k\u016brim\u0105, bet, kita vertus, leid\u017eia savo dienas stiprindamas susiskald\u017eiusi\u0105 retorik\u0105: sakydamas, kad \u201ebaltieji tur\u0117t\u0173 susigr\u0105\u017einti savo tautas\u201c: <\/p>\n<figure class=\"wp-block-embed alignwide is-type-rich is-provider-twitter wp-block-embed-twitter\">\n<div class=\"wp-block-embed__wrapper\">\n<blockquote class=\"twitter-tweet\" data-width=\"500\" data-dnt=\"true\">\n<p lang=\"en\" dir=\"ltr\">Elonas dabar atvirai yra baltasis nacionalistas. <\/p>\n<p>N\u0117ra jokio b\u016bdo racionalizuoti. Jis sako, kad \u201ebaltieji tur\u0117t\u0173 susigr\u0105\u017einti savo tautas\u201c.<\/p>\n<p>Tai baltasis nacionalizmas. Jei esate Elonas, <a href=\"https:\/\/twitter.com\/search?q=%24TSLA&amp;src=ctag&amp;ref_src=twsrc%5Etfw\">$TSLA<\/a> r\u0117m\u0117jas, dabar tu turi su tuo susitaikyti. S\u0117km\u0117s. <a href=\"https:\/\/t.co\/jDaDFi3bON\">pic.twitter.com\/jDaDFi3bON<\/a><\/p>\n<p>&#8211; Fredas Lambertas (@FredLambert) <a href=\"https:\/\/twitter.com\/FredLambert\/status\/1965792330826596783?ref_src=twsrc%5Etfw\">2025 m. rugs\u0117jo 10 d<\/a><\/p><\/blockquote>\n<\/div>\n<\/figure>\n<p>Skausminga gird\u0117ti apie \u201ed\u017eiaugsm\u0105\u201c i\u0161 \u017emogaus, kuris nuolat grau\u017eia \u201ebalt\u0173j\u0173 taut\u0173 i\u0161nykim\u0105\u201c ir u\u017esiima pakeitimo teorijos turiniu.<\/p>\n<p>Tai baisu visiems, kurie i\u0161mano istorij\u0105. Atrodo, kad jis baigia savo piktadar\u012f.<\/p>\n<p>Kiek daugiau nei prie\u0161 savait\u0119 jis sak\u0117 kitiems milijardieriams, kad neverta atiduoti savo pinig\u0173, nes jo hipotetin\u0117 utopija netrukus sukels \u201edideles visuotines pajamas\u201c:<\/p>\n<figure class=\"wp-block-image aligncenter size-large is-resized\"><img loading=\"lazy\" decoding=\"async\" height=\"456\" width=\"1024\" src=\"https:\/\/electrek.co\/wp-content\/uploads\/sites\/3\/2025\/12\/G8Zx69KXQAA3WE2.jpeg?quality=82&amp;strip=all&amp;w=1024\" alt=\"\" class=\"wp-image-448823\" style=\"width:694px;height:auto\" srcset=\"https:\/\/electrek.co\/wp-content\/uploads\/sites\/3\/2025\/12\/G8Zx69KXQAA3WE2.jpeg 1064w, https:\/\/electrek.co\/wp-content\/uploads\/sites\/3\/2025\/12\/G8Zx69KXQAA3WE2.jpeg?resize=150,67 150w, https:\/\/electrek.co\/wp-content\/uploads\/sites\/3\/2025\/12\/G8Zx69KXQAA3WE2.jpeg?resize=300,134 300w, https:\/\/electrek.co\/wp-content\/uploads\/sites\/3\/2025\/12\/G8Zx69KXQAA3WE2.jpeg?resize=768,342 768w, https:\/\/electrek.co\/wp-content\/uploads\/sites\/3\/2025\/12\/G8Zx69KXQAA3WE2.jpeg?resize=1024,456 1024w, https:\/\/electrek.co\/wp-content\/uploads\/sites\/3\/2025\/12\/G8Zx69KXQAA3WE2.jpeg?resize=350,156 350w, https:\/\/electrek.co\/wp-content\/uploads\/sites\/3\/2025\/12\/G8Zx69KXQAA3WE2.jpeg?resize=140,62 140w\" sizes=\"auto, (max-width: 1024px) 100vw, 1024px\"\/><\/figure>\n<p>\u0160i nes\u0105mon\u0117 yra blogis. Jei norite kalb\u0117ti apie universalias pajamas, pakalb\u0117kite apie tai, kaip tiksliai jas \u012fgyvendinti.<\/p>\n<p>Id\u0117ja, kad \u017emon\u0117ms nereikia \u201etaupyti pinig\u0173\u201c ir nereik\u0117s labdaros, rodo, kad Muskas yra visi\u0161kai atitr\u016bk\u0119s nuo realyb\u0117s.<\/p>\n<p>Jei dirbtinis intelektas i\u0161 tikr\u0173j\u0173 atne\u0161a gausos am\u017ei\u0173, vienintelis b\u016bdas, kaip jis virsta \u201evisuotiniais dideliais pajamomis\u201c, yra tada, kai milijardieriai, o tuo metu grei\u010diausiai ir trilijonieriai, ka\u017ekaip tampa labdaros tikslais arba jei gyventojai nusprend\u017eia visa tai i\u0161 j\u0173 atimti.<\/p>\n<p>Tai, ko \u0161ie \u201egausos am\u017eiaus\u201c \u0161alininkai niekada nemini, yra \u0161io skurdo pabaigos mechanizmas.<\/p>\n<p>Jei dirbtinis intelektas sukuria did\u017eiul\u012f turt\u0105, tas kapitalas i\u0161 prad\u017ei\u0173 bus sutelktas milijardieri\u0173, kuriems priklauso modeliai ir juos teikiantys duomenys, rankose. M\u016bs\u0173 duomenys. Kaip \u0161is turtas virsta \u201euniversaliomis didel\u0117mis pajamomis\u201c? Jis stebuklingai nenukris. Mes tai \u017einome iki \u0161iol. <\/p>\n<p>Kadangi politin\u012f kra\u0161tovaizd\u012f u\u017efiksuoja itin didel\u0117s grynosios vert\u0117s asmenys, kurie nuolat blokuoja didesnius mokes\u010dius, vienintelis kelias \u012f perskirstym\u0105 yra tai, ko Muskas atmeta: labdara. Arba jie atiduoda turtus, arba leid\u017eia savo u\u017egrobtai politinei klasei pakelti mokes\u010dius.<\/p>\n<p>Musko argumentas susiveda \u012f: \u201eDabar nereikia b\u016bti dosniam; palaukite, kol sukaupsime dar daugiau turt\u0173, tada tapsime ka\u017ekaip dosn\u016bs\u201c. Tai atskleid\u017eia esmin\u012f prie\u0161taravim\u0105 pa\u017ead\u0117tame \u201egausos am\u017eiuje\u201c.<\/p>\n<p>Esu labai atsargus vis\u0173, kurie tai skatina netur\u0117dami tikslaus turto perdavimo mechanizmo, ypa\u010d kai jie taip pat verkia d\u0117l \u201ebalt\u0173j\u0173 taut\u0173 i\u0161nykimo\u201c.<\/p>\n<div class=\"google-preferred-source-badge\">\n<p>\t\t\t<img decoding=\"async\" class=\"google-preferred-source-badge-dark\" src=\"https:\/\/electrek.co\/wp-content\/themes\/ninetofive\/dist\/images\/google-preferred-source-badge-dark.png\" alt=\"Prid\u0117kite \u201eElectrek\u201c kaip pageidaujam\u0105 \u201eGoogle\u201c \u0161altin\u012f\"\/><br \/>\n\t\t\t<img decoding=\"async\" class=\"google-preferred-source-badge-light\" src=\"https:\/\/electrek.co\/wp-content\/themes\/ninetofive\/dist\/images\/google-preferred-source-badge-light.png\" alt=\"Prid\u0117kite \u201eElectrek\u201c kaip pageidaujam\u0105 \u201eGoogle\u201c \u0161altin\u012f\"\/><\/p><\/div>\n<div class=\"ad-disclaimer-container\">\n<p class=\"disclaimer-affiliate\"><em>FTC: naudojame pajamas u\u017edirban\u010di\u0173 automobili\u0173 filial\u0173 nuorodas.<\/em> Daugiau.<\/p>\n<p><!-- post ad --><\/div>\n<\/p><\/div>\n<p><script async src=\"\/\/platform.twitter.com\/widgets.js\" charset=\"utf-8\"><\/script><br \/>\n<br \/><br \/>\n<br \/><a href=\"https:\/\/electrek.co\/2025\/12\/26\/elon-musk-drops-sustainable-teslas-mission-completes-villain-arc\/\">Source link <\/a><\/p>\n","protected":false},"excerpt":{"rendered":"<p>Tai oficialu. \u017dodis \u201etvarus\u201c dingo i\u0161 \u201eTesla\u201c misijos. Daugiau nei de\u0161imtmet\u012f \u201eTesla\u201c kelrod\u0117 \u017evaig\u017ed\u0117 buvo neabejotinai \u012ftakingiausias XXI am\u017eiaus \u012fmon\u0117s&hellip;<\/p>\n","protected":false},"author":1,"featured_media":1011,"comment_status":"open","ping_status":"open","sticky":false,"template":"","format":"standard","meta":{"om_disable_all_campaigns":false,"_monsterinsights_skip_tracking":false,"_monsterinsights_sitenote_active":false,"_monsterinsights_sitenote_note":"","_monsterinsights_sitenote_category":0,"footnotes":""},"categories":[8],"tags":[3663,225,507,221,4906,4904,226,4905,183,4903,1117,3079],"class_list":["post-3050","post","type-post","status-publish","format-standard","has-post-thumbnail","hentry","category-elektriniai-automobiliai","tag-atsisako","tag-elonas","tag-is","tag-kai","tag-lanka","tag-misijos","tag-muskas","tag-piktadarystes","tag-savo","tag-teslos","tag-tvarumo","tag-uzbaigia"],"aioseo_notices":[],"yoast_head":"<!-- This site is optimized with the Yoast SEO plugin v26.8 - https:\/\/yoast.com\/product\/yoast-seo-wordpress\/ -->\n<title>Elonas Muskas atsisako \u201etvarumo\u201c i\u0161 Teslos misijos, kai u\u017ebaigia savo piktadaryst\u0117s lank\u0105 - Eautomobiliai.lt<\/title>\n<meta name=\"robots\" content=\"index, follow, max-snippet:-1, max-image-preview:large, max-video-preview:-1\" \/>\n<link rel=\"canonical\" href=\"http:\/\/eautomobiliai.lt\/index.php\/2025\/12\/27\/elonas-muskas-atsisako-tvarumo-is-teslos-misijos-kai-uzbaigia-savo-piktadarystes-lanka\/\" \/>\n<meta property=\"og:locale\" content=\"lt_LT\" \/>\n<meta property=\"og:type\" content=\"article\" \/>\n<meta property=\"og:title\" content=\"Elonas Muskas atsisako \u201etvarumo\u201c i\u0161 Teslos misijos, kai u\u017ebaigia savo piktadaryst\u0117s lank\u0105 - Eautomobiliai.lt\" \/>\n<meta property=\"og:description\" content=\"Tai oficialu. \u017dodis \u201etvarus\u201c dingo i\u0161 \u201eTesla\u201c misijos. Daugiau nei de\u0161imtmet\u012f \u201eTesla\u201c kelrod\u0117 \u017evaig\u017ed\u0117 buvo neabejotinai \u012ftakingiausias XXI am\u017eiaus \u012fmon\u0117s&hellip;\" \/>\n<meta property=\"og:url\" content=\"http:\/\/eautomobiliai.lt\/index.php\/2025\/12\/27\/elonas-muskas-atsisako-tvarumo-is-teslos-misijos-kai-uzbaigia-savo-piktadarystes-lanka\/\" \/>\n<meta property=\"og:site_name\" content=\"Eautomobiliai.lt\" \/>\n<meta property=\"article:published_time\" content=\"2025-12-27T09:39:17+00:00\" \/>\n<meta property=\"og:image\" content=\"http:\/\/eautomobiliai.lt\/wp-content\/uploads\/2025\/05\/Elonas-Muskas-pradeda-suprasti-Trumpa-ir-GOP-zudo-Tesla.png\" \/>\n\t<meta property=\"og:image:width\" content=\"1598\" \/>\n\t<meta property=\"og:image:height\" content=\"863\" \/>\n\t<meta property=\"og:image:type\" content=\"image\/png\" \/>\n<meta name=\"author\" content=\"admin\" \/>\n<meta name=\"twitter:card\" content=\"summary_large_image\" \/>\n<meta name=\"twitter:label1\" content=\"Written by\" \/>\n\t<meta name=\"twitter:data1\" content=\"admin\" \/>\n\t<meta name=\"twitter:label2\" content=\"Est. reading time\" \/>\n\t<meta name=\"twitter:data2\" content=\"5 minut\u0117s\" \/>\n<script type=\"application\/ld+json\" class=\"yoast-schema-graph\">{\"@context\":\"https:\/\/schema.org\",\"@graph\":[{\"@type\":\"Article\",\"@id\":\"http:\/\/eautomobiliai.lt\/index.php\/2025\/12\/27\/elonas-muskas-atsisako-tvarumo-is-teslos-misijos-kai-uzbaigia-savo-piktadarystes-lanka\/#article\",\"isPartOf\":{\"@id\":\"http:\/\/eautomobiliai.lt\/index.php\/2025\/12\/27\/elonas-muskas-atsisako-tvarumo-is-teslos-misijos-kai-uzbaigia-savo-piktadarystes-lanka\/\"},\"author\":{\"name\":\"admin\",\"@id\":\"https:\/\/eautomobiliai.lt\/#\/schema\/person\/ecf2a967f361217d056061f74deb92f2\"},\"headline\":\"Elonas Muskas atsisako \u201etvarumo\u201c i\u0161 Teslos misijos, kai u\u017ebaigia savo piktadaryst\u0117s lank\u0105\",\"datePublished\":\"2025-12-27T09:39:17+00:00\",\"mainEntityOfPage\":{\"@id\":\"http:\/\/eautomobiliai.lt\/index.php\/2025\/12\/27\/elonas-muskas-atsisako-tvarumo-is-teslos-misijos-kai-uzbaigia-savo-piktadarystes-lanka\/\"},\"wordCount\":920,\"commentCount\":0,\"image\":{\"@id\":\"http:\/\/eautomobiliai.lt\/index.php\/2025\/12\/27\/elonas-muskas-atsisako-tvarumo-is-teslos-misijos-kai-uzbaigia-savo-piktadarystes-lanka\/#primaryimage\"},\"thumbnailUrl\":\"http:\/\/eautomobiliai.lt\/wp-content\/uploads\/2025\/05\/Elonas-Muskas-pradeda-suprasti-Trumpa-ir-GOP-zudo-Tesla.png\",\"keywords\":[\"atsisako\",\"Elonas\",\"i\u0161\",\"kai\",\"lank\u0105\",\"misijos\",\"Muskas\",\"piktadaryst\u0117s\",\"savo\",\"Teslos\",\"tvarumo\",\"u\u017ebaigia\"],\"articleSection\":[\"ELEKTRINIAI AUTOMOBILIAI\"],\"inLanguage\":\"lt-LT\",\"potentialAction\":[{\"@type\":\"CommentAction\",\"name\":\"Comment\",\"target\":[\"http:\/\/eautomobiliai.lt\/index.php\/2025\/12\/27\/elonas-muskas-atsisako-tvarumo-is-teslos-misijos-kai-uzbaigia-savo-piktadarystes-lanka\/#respond\"]}]},{\"@type\":\"WebPage\",\"@id\":\"http:\/\/eautomobiliai.lt\/index.php\/2025\/12\/27\/elonas-muskas-atsisako-tvarumo-is-teslos-misijos-kai-uzbaigia-savo-piktadarystes-lanka\/\",\"url\":\"http:\/\/eautomobiliai.lt\/index.php\/2025\/12\/27\/elonas-muskas-atsisako-tvarumo-is-teslos-misijos-kai-uzbaigia-savo-piktadarystes-lanka\/\",\"name\":\"Elonas Muskas atsisako \u201etvarumo\u201c i\u0161 Teslos misijos, kai u\u017ebaigia savo piktadaryst\u0117s lank\u0105 - Eautomobiliai.lt\",\"isPartOf\":{\"@id\":\"https:\/\/eautomobiliai.lt\/#website\"},\"primaryImageOfPage\":{\"@id\":\"http:\/\/eautomobiliai.lt\/index.php\/2025\/12\/27\/elonas-muskas-atsisako-tvarumo-is-teslos-misijos-kai-uzbaigia-savo-piktadarystes-lanka\/#primaryimage\"},\"image\":{\"@id\":\"http:\/\/eautomobiliai.lt\/index.php\/2025\/12\/27\/elonas-muskas-atsisako-tvarumo-is-teslos-misijos-kai-uzbaigia-savo-piktadarystes-lanka\/#primaryimage\"},\"thumbnailUrl\":\"http:\/\/eautomobiliai.lt\/wp-content\/uploads\/2025\/05\/Elonas-Muskas-pradeda-suprasti-Trumpa-ir-GOP-zudo-Tesla.png\",\"datePublished\":\"2025-12-27T09:39:17+00:00\",\"author\":{\"@id\":\"https:\/\/eautomobiliai.lt\/#\/schema\/person\/ecf2a967f361217d056061f74deb92f2\"},\"breadcrumb\":{\"@id\":\"http:\/\/eautomobiliai.lt\/index.php\/2025\/12\/27\/elonas-muskas-atsisako-tvarumo-is-teslos-misijos-kai-uzbaigia-savo-piktadarystes-lanka\/#breadcrumb\"},\"inLanguage\":\"lt-LT\",\"potentialAction\":[{\"@type\":\"ReadAction\",\"target\":[\"http:\/\/eautomobiliai.lt\/index.php\/2025\/12\/27\/elonas-muskas-atsisako-tvarumo-is-teslos-misijos-kai-uzbaigia-savo-piktadarystes-lanka\/\"]}]},{\"@type\":\"ImageObject\",\"inLanguage\":\"lt-LT\",\"@id\":\"http:\/\/eautomobiliai.lt\/index.php\/2025\/12\/27\/elonas-muskas-atsisako-tvarumo-is-teslos-misijos-kai-uzbaigia-savo-piktadarystes-lanka\/#primaryimage\",\"url\":\"http:\/\/eautomobiliai.lt\/wp-content\/uploads\/2025\/05\/Elonas-Muskas-pradeda-suprasti-Trumpa-ir-GOP-zudo-Tesla.png\",\"contentUrl\":\"http:\/\/eautomobiliai.lt\/wp-content\/uploads\/2025\/05\/Elonas-Muskas-pradeda-suprasti-Trumpa-ir-GOP-zudo-Tesla.png\",\"width\":1598,\"height\":863},{\"@type\":\"BreadcrumbList\",\"@id\":\"http:\/\/eautomobiliai.lt\/index.php\/2025\/12\/27\/elonas-muskas-atsisako-tvarumo-is-teslos-misijos-kai-uzbaigia-savo-piktadarystes-lanka\/#breadcrumb\",\"itemListElement\":[{\"@type\":\"ListItem\",\"position\":1,\"name\":\"Home\",\"item\":\"https:\/\/eautomobiliai.lt\/\"},{\"@type\":\"ListItem\",\"position\":2,\"name\":\"Elonas Muskas atsisako \u201etvarumo\u201c i\u0161 Teslos misijos, kai u\u017ebaigia savo piktadaryst\u0117s lank\u0105\"}]},{\"@type\":\"WebSite\",\"@id\":\"https:\/\/eautomobiliai.lt\/#website\",\"url\":\"https:\/\/eautomobiliai.lt\/\",\"name\":\"Eautomobiliai.lt\",\"description\":\"Elektrinis transportas, technologijos\",\"potentialAction\":[{\"@type\":\"SearchAction\",\"target\":{\"@type\":\"EntryPoint\",\"urlTemplate\":\"https:\/\/eautomobiliai.lt\/?s={search_term_string}\"},\"query-input\":{\"@type\":\"PropertyValueSpecification\",\"valueRequired\":true,\"valueName\":\"search_term_string\"}}],\"inLanguage\":\"lt-LT\"},{\"@type\":\"Person\",\"@id\":\"https:\/\/eautomobiliai.lt\/#\/schema\/person\/ecf2a967f361217d056061f74deb92f2\",\"name\":\"admin\",\"image\":{\"@type\":\"ImageObject\",\"inLanguage\":\"lt-LT\",\"@id\":\"https:\/\/eautomobiliai.lt\/#\/schema\/person\/image\/\",\"url\":\"https:\/\/secure.gravatar.com\/avatar\/6323379efae0c70c686c7905444d6bbd?s=96&d=mm&r=g\",\"contentUrl\":\"https:\/\/secure.gravatar.com\/avatar\/6323379efae0c70c686c7905444d6bbd?s=96&d=mm&r=g\",\"caption\":\"admin\"},\"sameAs\":[\"http:\/\/eautomobiliai.lt\"],\"url\":\"http:\/\/eautomobiliai.lt\/index.php\/author\/admin\/\"}]}<\/script>\n<!-- \/ Yoast SEO plugin. -->","yoast_head_json":{"title":"Elonas Muskas atsisako \u201etvarumo\u201c i\u0161 Teslos misijos, kai u\u017ebaigia savo piktadaryst\u0117s lank\u0105 - Eautomobiliai.lt","robots":{"index":"index","follow":"follow","max-snippet":"max-snippet:-1","max-image-preview":"max-image-preview:large","max-video-preview":"max-video-preview:-1"},"canonical":"http:\/\/eautomobiliai.lt\/index.php\/2025\/12\/27\/elonas-muskas-atsisako-tvarumo-is-teslos-misijos-kai-uzbaigia-savo-piktadarystes-lanka\/","og_locale":"lt_LT","og_type":"article","og_title":"Elonas Muskas atsisako \u201etvarumo\u201c i\u0161 Teslos misijos, kai u\u017ebaigia savo piktadaryst\u0117s lank\u0105 - Eautomobiliai.lt","og_description":"Tai oficialu. \u017dodis \u201etvarus\u201c dingo i\u0161 \u201eTesla\u201c misijos. Daugiau nei de\u0161imtmet\u012f \u201eTesla\u201c kelrod\u0117 \u017evaig\u017ed\u0117 buvo neabejotinai \u012ftakingiausias XXI am\u017eiaus \u012fmon\u0117s&hellip;","og_url":"http:\/\/eautomobiliai.lt\/index.php\/2025\/12\/27\/elonas-muskas-atsisako-tvarumo-is-teslos-misijos-kai-uzbaigia-savo-piktadarystes-lanka\/","og_site_name":"Eautomobiliai.lt","article_published_time":"2025-12-27T09:39:17+00:00","og_image":[{"width":1598,"height":863,"url":"http:\/\/eautomobiliai.lt\/wp-content\/uploads\/2025\/05\/Elonas-Muskas-pradeda-suprasti-Trumpa-ir-GOP-zudo-Tesla.png","type":"image\/png"}],"author":"admin","twitter_card":"summary_large_image","twitter_misc":{"Written by":"admin","Est. reading time":"5 minut\u0117s"},"schema":{"@context":"https:\/\/schema.org","@graph":[{"@type":"Article","@id":"http:\/\/eautomobiliai.lt\/index.php\/2025\/12\/27\/elonas-muskas-atsisako-tvarumo-is-teslos-misijos-kai-uzbaigia-savo-piktadarystes-lanka\/#article","isPartOf":{"@id":"http:\/\/eautomobiliai.lt\/index.php\/2025\/12\/27\/elonas-muskas-atsisako-tvarumo-is-teslos-misijos-kai-uzbaigia-savo-piktadarystes-lanka\/"},"author":{"name":"admin","@id":"https:\/\/eautomobiliai.lt\/#\/schema\/person\/ecf2a967f361217d056061f74deb92f2"},"headline":"Elonas Muskas atsisako \u201etvarumo\u201c i\u0161 Teslos misijos, kai u\u017ebaigia savo piktadaryst\u0117s lank\u0105","datePublished":"2025-12-27T09:39:17+00:00","mainEntityOfPage":{"@id":"http:\/\/eautomobiliai.lt\/index.php\/2025\/12\/27\/elonas-muskas-atsisako-tvarumo-is-teslos-misijos-kai-uzbaigia-savo-piktadarystes-lanka\/"},"wordCount":920,"commentCount":0,"image":{"@id":"http:\/\/eautomobiliai.lt\/index.php\/2025\/12\/27\/elonas-muskas-atsisako-tvarumo-is-teslos-misijos-kai-uzbaigia-savo-piktadarystes-lanka\/#primaryimage"},"thumbnailUrl":"http:\/\/eautomobiliai.lt\/wp-content\/uploads\/2025\/05\/Elonas-Muskas-pradeda-suprasti-Trumpa-ir-GOP-zudo-Tesla.png","keywords":["atsisako","Elonas","i\u0161","kai","lank\u0105","misijos","Muskas","piktadaryst\u0117s","savo","Teslos","tvarumo","u\u017ebaigia"],"articleSection":["ELEKTRINIAI AUTOMOBILIAI"],"inLanguage":"lt-LT","potentialAction":[{"@type":"CommentAction","name":"Comment","target":["http:\/\/eautomobiliai.lt\/index.php\/2025\/12\/27\/elonas-muskas-atsisako-tvarumo-is-teslos-misijos-kai-uzbaigia-savo-piktadarystes-lanka\/#respond"]}]},{"@type":"WebPage","@id":"http:\/\/eautomobiliai.lt\/index.php\/2025\/12\/27\/elonas-muskas-atsisako-tvarumo-is-teslos-misijos-kai-uzbaigia-savo-piktadarystes-lanka\/","url":"http:\/\/eautomobiliai.lt\/index.php\/2025\/12\/27\/elonas-muskas-atsisako-tvarumo-is-teslos-misijos-kai-uzbaigia-savo-piktadarystes-lanka\/","name":"Elonas Muskas atsisako \u201etvarumo\u201c i\u0161 Teslos misijos, kai u\u017ebaigia savo piktadaryst\u0117s lank\u0105 - Eautomobiliai.lt","isPartOf":{"@id":"https:\/\/eautomobiliai.lt\/#website"},"primaryImageOfPage":{"@id":"http:\/\/eautomobiliai.lt\/index.php\/2025\/12\/27\/elonas-muskas-atsisako-tvarumo-is-teslos-misijos-kai-uzbaigia-savo-piktadarystes-lanka\/#primaryimage"},"image":{"@id":"http:\/\/eautomobiliai.lt\/index.php\/2025\/12\/27\/elonas-muskas-atsisako-tvarumo-is-teslos-misijos-kai-uzbaigia-savo-piktadarystes-lanka\/#primaryimage"},"thumbnailUrl":"http:\/\/eautomobiliai.lt\/wp-content\/uploads\/2025\/05\/Elonas-Muskas-pradeda-suprasti-Trumpa-ir-GOP-zudo-Tesla.png","datePublished":"2025-12-27T09:39:17+00:00","author":{"@id":"https:\/\/eautomobiliai.lt\/#\/schema\/person\/ecf2a967f361217d056061f74deb92f2"},"breadcrumb":{"@id":"http:\/\/eautomobiliai.lt\/index.php\/2025\/12\/27\/elonas-muskas-atsisako-tvarumo-is-teslos-misijos-kai-uzbaigia-savo-piktadarystes-lanka\/#breadcrumb"},"inLanguage":"lt-LT","potentialAction":[{"@type":"ReadAction","target":["http:\/\/eautomobiliai.lt\/index.php\/2025\/12\/27\/elonas-muskas-atsisako-tvarumo-is-teslos-misijos-kai-uzbaigia-savo-piktadarystes-lanka\/"]}]},{"@type":"ImageObject","inLanguage":"lt-LT","@id":"http:\/\/eautomobiliai.lt\/index.php\/2025\/12\/27\/elonas-muskas-atsisako-tvarumo-is-teslos-misijos-kai-uzbaigia-savo-piktadarystes-lanka\/#primaryimage","url":"http:\/\/eautomobiliai.lt\/wp-content\/uploads\/2025\/05\/Elonas-Muskas-pradeda-suprasti-Trumpa-ir-GOP-zudo-Tesla.png","contentUrl":"http:\/\/eautomobiliai.lt\/wp-content\/uploads\/2025\/05\/Elonas-Muskas-pradeda-suprasti-Trumpa-ir-GOP-zudo-Tesla.png","width":1598,"height":863},{"@type":"BreadcrumbList","@id":"http:\/\/eautomobiliai.lt\/index.php\/2025\/12\/27\/elonas-muskas-atsisako-tvarumo-is-teslos-misijos-kai-uzbaigia-savo-piktadarystes-lanka\/#breadcrumb","itemListElement":[{"@type":"ListItem","position":1,"name":"Home","item":"https:\/\/eautomobiliai.lt\/"},{"@type":"ListItem","position":2,"name":"Elonas Muskas atsisako \u201etvarumo\u201c i\u0161 Teslos misijos, kai u\u017ebaigia savo piktadaryst\u0117s lank\u0105"}]},{"@type":"WebSite","@id":"https:\/\/eautomobiliai.lt\/#website","url":"https:\/\/eautomobiliai.lt\/","name":"Eautomobiliai.lt","description":"Elektrinis transportas, technologijos","potentialAction":[{"@type":"SearchAction","target":{"@type":"EntryPoint","urlTemplate":"https:\/\/eautomobiliai.lt\/?s={search_term_string}"},"query-input":{"@type":"PropertyValueSpecification","valueRequired":true,"valueName":"search_term_string"}}],"inLanguage":"lt-LT"},{"@type":"Person","@id":"https:\/\/eautomobiliai.lt\/#\/schema\/person\/ecf2a967f361217d056061f74deb92f2","name":"admin","image":{"@type":"ImageObject","inLanguage":"lt-LT","@id":"https:\/\/eautomobiliai.lt\/#\/schema\/person\/image\/","url":"https:\/\/secure.gravatar.com\/avatar\/6323379efae0c70c686c7905444d6bbd?s=96&d=mm&r=g","contentUrl":"https:\/\/secure.gravatar.com\/avatar\/6323379efae0c70c686c7905444d6bbd?s=96&d=mm&r=g","caption":"admin"},"sameAs":["http:\/\/eautomobiliai.lt"],"url":"http:\/\/eautomobiliai.lt\/index.php\/author\/admin\/"}]}},"_links":{"self":[{"href":"http:\/\/eautomobiliai.lt\/index.php\/wp-json\/wp\/v2\/posts\/3050","targetHints":{"allow":["GET"]}}],"collection":[{"href":"http:\/\/eautomobiliai.lt\/index.php\/wp-json\/wp\/v2\/posts"}],"about":[{"href":"http:\/\/eautomobiliai.lt\/index.php\/wp-json\/wp\/v2\/types\/post"}],"author":[{"embeddable":true,"href":"http:\/\/eautomobiliai.lt\/index.php\/wp-json\/wp\/v2\/users\/1"}],"replies":[{"embeddable":true,"href":"http:\/\/eautomobiliai.lt\/index.php\/wp-json\/wp\/v2\/comments?post=3050"}],"version-history":[{"count":0,"href":"http:\/\/eautomobiliai.lt\/index.php\/wp-json\/wp\/v2\/posts\/3050\/revisions"}],"wp:featuredmedia":[{"embeddable":true,"href":"http:\/\/eautomobiliai.lt\/index.php\/wp-json\/wp\/v2\/media\/1011"}],"wp:attachment":[{"href":"http:\/\/eautomobiliai.lt\/index.php\/wp-json\/wp\/v2\/media?parent=3050"}],"wp:term":[{"taxonomy":"category","embeddable":true,"href":"http:\/\/eautomobiliai.lt\/index.php\/wp-json\/wp\/v2\/categories?post=3050"},{"taxonomy":"post_tag","embeddable":true,"href":"http:\/\/eautomobiliai.lt\/index.php\/wp-json\/wp\/v2\/tags?post=3050"}],"curies":[{"name":"wp","href":"https:\/\/api.w.org\/{rel}","templated":true}]}}