{"id":3165,"date":"2026-01-12T14:53:08","date_gmt":"2026-01-12T14:53:08","guid":{"rendered":"http:\/\/eautomobiliai.lt\/index.php\/2026\/01\/12\/volvo-ex30-savininkai-paragino-nekrauti-daugiau-nei-70-proc-nes-kyla-gaisro-pavojus\/"},"modified":"2026-01-12T14:53:08","modified_gmt":"2026-01-12T14:53:08","slug":"volvo-ex30-savininkai-paragino-nekrauti-daugiau-nei-70-proc-nes-kyla-gaisro-pavojus","status":"publish","type":"post","link":"http:\/\/eautomobiliai.lt\/index.php\/2026\/01\/12\/volvo-ex30-savininkai-paragino-nekrauti-daugiau-nei-70-proc-nes-kyla-gaisro-pavojus\/","title":{"rendered":"\u201eVolvo EX30\u201c savininkai paragino nekrauti daugiau nei 70 proc., nes kyla gaisro pavojus"},"content":{"rendered":"<p> <br \/>\n<\/p>\n<p>Beveik 3000 Australijos 2024 m. kompakti\u0161ko elektrinio visureigio \u201eVolvo EX30\u201c savinink\u0173 buvo \u012fsp\u0117ti nekrauti savo elektromobilio daugiau nei 70 procent\u0173 d\u0117l transporto priemon\u0117s gaisro pavojaus.<\/p>\n<p>Australijos vyriausyb\u0117s infrastrukt\u016bros departamentas pra\u0117jusios savait\u0117s pabaigoje savo transporto priemoni\u0173 at\u0161aukim\u0173 svetain\u0117je paskelb\u0117, kad d\u0117l \u201eVolvo EXC30\u201c auk\u0161tos \u012ftampos akumuliatoriuje naudojam\u0173 element\u0173 moduli\u0173 gamybos problemos elementai gali perkaisti esant dideliam \u012fkrovimui, o tai gali sukelti transporto priemon\u0117s gaisr\u0105.<\/p>\n<p>\u201eD\u0117l transporto priemon\u0117s gaisro gali padid\u0117ti transporto priemon\u0117s keleivi\u0173, kit\u0173 eismo dalyvi\u0173 ir pa\u0161alini\u0173 asmen\u0173 su\u017ealojim\u0173 ar mirties ir (arba) \u017ealos turtui rizika\u201c, \u2013 sakoma prane\u0161ime.<\/p>\n<p>EX30 savininkai buvo \u012fsp\u0117ti, kad akumuliatoriaus \u012fkrovos lygis b\u016bt\u0173 ma\u017eesnis nei 70 proc., kur\u012f galima nustatyti transporto priemon\u0117s ekrane esan\u010diame nustatym\u0173 meniu \u201e\u012ekrovimas\u201c.<\/p>\n<p>Nors paprastai at\u0161aukimas b\u016bt\u0173 paskelbtas nedelsiant, \u201eVehicle Recalls\u201c paai\u0161kino, kad problemos sprendimas dar nepasiekiamas, ta\u010diau \u201eVolvo\u201c susisieks su paveikt\u0173 transporto priemoni\u0173 savininkais, kai bus suteikta galimyb\u0117 nemokamai atlikti b\u016btinus remonto darbus.<\/p>\n<p>\u012esp\u0117jimas taikomas 2815 2024 met\u0173 modelio \u201eVolvo EX30\u201c vienet\u0173 ir apima visus variantus.<\/p>\n<p>Pra\u0117jus\u012f m\u0117nes\u012f \u201eVolvo\u201c prad\u0117jo informuoti \u0161ali\u0173 reguliavimo institucijas apie \u0161i\u0105 problem\u0105, \u012fskaitant Piet\u0173 Afrik\u0105 ir Jungtin\u0119 Karalyst\u0119.<\/p>\n<p>AAP prane\u0161a, kad JK \u201eVolvo\u201c paskelb\u0117 parei\u0161kim\u0105, kuriame vairuotojams patar\u0117, kad akumuliatoriaus problema nepaveik\u0117 vis\u0173 EX30 modeli\u0173 ir dar nesukels rimt\u0173 su\u017ealojim\u0173.<\/p>\n<div id=\"preview-body\">\n<p>\u201eSaugumas yra svarbiausias \u201eVolvo Cars\u201c prioritetas, ir nors prane\u0161ama apie 0,02 proc. automobili\u0173, kuriuos nustat\u0117me kaip potencialiai paveiktus incidentus, ir neturime prane\u0161im\u0173 apie susijusius su\u017ealojimus, \u012f tai \u017ei\u016brime labai rimtai\u201c, \u2013 sakoma prane\u0161ime.<\/p>\n<p>Remiantis Federalini\u0173 automobili\u0173 pramon\u0117s r\u016bm\u0173 paskelbtais duomenimis, \u201eVolvo\u201c yra vienas perkamiausi\u0173 Australijos elektromobili\u0173 preki\u0173 \u017eenkl\u0173, kurio EX30 yra 14-as geriausiai parduodamas elektromobilis 2025 m.<\/p>\n<\/div>\n<p><br \/>\n<br \/><a href=\"https:\/\/thedriven.io\/2026\/01\/12\/volvo-ex30-owners-urged-not-to-charge-above-70-due-to-risk-of-fire\/\">Source link <\/a><\/p>\n","protected":false},"excerpt":{"rendered":"<p>Beveik 3000 Australijos 2024 m. kompakti\u0161ko elektrinio visureigio \u201eVolvo EX30\u201c savinink\u0173 buvo \u012fsp\u0117ti nekrauti savo elektromobilio daugiau nei 70 procent\u0173&hellip;<\/p>\n","protected":false},"author":1,"featured_media":3166,"comment_status":"open","ping_status":"open","sticky":false,"template":"","format":"standard","meta":{"om_disable_all_campaigns":false,"_monsterinsights_skip_tracking":false,"_monsterinsights_sitenote_active":false,"_monsterinsights_sitenote_note":"","_monsterinsights_sitenote_category":0,"footnotes":""},"categories":[39],"tags":[407,262,5043,5042,37,5041,116,2630,2734,3197,201,261],"class_list":["post-3165","post","type-post","status-publish","format-standard","has-post-thumbnail","hentry","category-eautomobiliu-technine-puse","tag-daugiau","tag-ex30","tag-gaisro","tag-kyla","tag-nei","tag-nekrauti","tag-nes","tag-paragino","tag-pavojus","tag-proc","tag-savininkai","tag-volvo"],"aioseo_notices":[],"yoast_head":"<!-- This site is optimized with the Yoast SEO plugin v26.8 - https:\/\/yoast.com\/product\/yoast-seo-wordpress\/ -->\n<title>\u201eVolvo EX30\u201c savininkai paragino nekrauti daugiau nei 70 proc., nes kyla gaisro pavojus - Eautomobiliai.lt<\/title>\n<meta name=\"robots\" content=\"index, follow, max-snippet:-1, max-image-preview:large, max-video-preview:-1\" \/>\n<link rel=\"canonical\" href=\"https:\/\/eautomobiliai.lt\/index.php\/2026\/01\/12\/volvo-ex30-savininkai-paragino-nekrauti-daugiau-nei-70-proc-nes-kyla-gaisro-pavojus\/\" \/>\n<meta property=\"og:locale\" content=\"lt_LT\" \/>\n<meta property=\"og:type\" content=\"article\" \/>\n<meta property=\"og:title\" content=\"\u201eVolvo EX30\u201c savininkai paragino nekrauti daugiau nei 70 proc., nes kyla gaisro pavojus - Eautomobiliai.lt\" \/>\n<meta property=\"og:description\" content=\"Beveik 3000 Australijos 2024 m. kompakti\u0161ko elektrinio visureigio \u201eVolvo EX30\u201c savinink\u0173 buvo \u012fsp\u0117ti nekrauti savo elektromobilio daugiau nei 70 procent\u0173&hellip;\" \/>\n<meta property=\"og:url\" content=\"https:\/\/eautomobiliai.lt\/index.php\/2026\/01\/12\/volvo-ex30-savininkai-paragino-nekrauti-daugiau-nei-70-proc-nes-kyla-gaisro-pavojus\/\" \/>\n<meta property=\"og:site_name\" content=\"Eautomobiliai.lt\" \/>\n<meta property=\"article:published_time\" content=\"2026-01-12T14:53:08+00:00\" \/>\n<meta property=\"og:image\" content=\"https:\/\/eautomobiliai.lt\/wp-content\/uploads\/2026\/01\/\u201eVolvo-EX30-savininkai-paragino-nekrauti-daugiau-nei-70-proc-nes.jpg\" \/>\n\t<meta property=\"og:image:width\" content=\"980\" \/>\n\t<meta property=\"og:image:height\" content=\"554\" \/>\n\t<meta property=\"og:image:type\" content=\"image\/jpeg\" \/>\n<meta name=\"author\" content=\"admin\" \/>\n<meta name=\"twitter:card\" content=\"summary_large_image\" \/>\n<meta name=\"twitter:label1\" content=\"Written by\" \/>\n\t<meta name=\"twitter:data1\" content=\"admin\" \/>\n\t<meta name=\"twitter:label2\" content=\"Est. reading time\" \/>\n\t<meta name=\"twitter:data2\" content=\"1 minut\u0117\" \/>\n<script type=\"application\/ld+json\" class=\"yoast-schema-graph\">{\"@context\":\"https:\/\/schema.org\",\"@graph\":[{\"@type\":\"Article\",\"@id\":\"https:\/\/eautomobiliai.lt\/index.php\/2026\/01\/12\/volvo-ex30-savininkai-paragino-nekrauti-daugiau-nei-70-proc-nes-kyla-gaisro-pavojus\/#article\",\"isPartOf\":{\"@id\":\"https:\/\/eautomobiliai.lt\/index.php\/2026\/01\/12\/volvo-ex30-savininkai-paragino-nekrauti-daugiau-nei-70-proc-nes-kyla-gaisro-pavojus\/\"},\"author\":{\"name\":\"admin\",\"@id\":\"https:\/\/eautomobiliai.lt\/#\/schema\/person\/ecf2a967f361217d056061f74deb92f2\"},\"headline\":\"\u201eVolvo EX30\u201c savininkai paragino nekrauti daugiau nei 70 proc., nes kyla gaisro pavojus\",\"datePublished\":\"2026-01-12T14:53:08+00:00\",\"mainEntityOfPage\":{\"@id\":\"https:\/\/eautomobiliai.lt\/index.php\/2026\/01\/12\/volvo-ex30-savininkai-paragino-nekrauti-daugiau-nei-70-proc-nes-kyla-gaisro-pavojus\/\"},\"wordCount\":302,\"commentCount\":0,\"image\":{\"@id\":\"https:\/\/eautomobiliai.lt\/index.php\/2026\/01\/12\/volvo-ex30-savininkai-paragino-nekrauti-daugiau-nei-70-proc-nes-kyla-gaisro-pavojus\/#primaryimage\"},\"thumbnailUrl\":\"http:\/\/eautomobiliai.lt\/wp-content\/uploads\/2026\/01\/\u201eVolvo-EX30-savininkai-paragino-nekrauti-daugiau-nei-70-proc-nes.jpg\",\"keywords\":[\"daugiau\",\"Ex30\",\"gaisro\",\"kyla\",\"nei\",\"nekrauti\",\"nes\",\"paragino\",\"pavojus\",\"proc\",\"savininkai\",\"Volvo\"],\"articleSection\":[\"eAUTOMOBILI\u0172 TECHNIN\u0116 PUS\u0116\"],\"inLanguage\":\"lt-LT\",\"potentialAction\":[{\"@type\":\"CommentAction\",\"name\":\"Comment\",\"target\":[\"https:\/\/eautomobiliai.lt\/index.php\/2026\/01\/12\/volvo-ex30-savininkai-paragino-nekrauti-daugiau-nei-70-proc-nes-kyla-gaisro-pavojus\/#respond\"]}]},{\"@type\":\"WebPage\",\"@id\":\"https:\/\/eautomobiliai.lt\/index.php\/2026\/01\/12\/volvo-ex30-savininkai-paragino-nekrauti-daugiau-nei-70-proc-nes-kyla-gaisro-pavojus\/\",\"url\":\"https:\/\/eautomobiliai.lt\/index.php\/2026\/01\/12\/volvo-ex30-savininkai-paragino-nekrauti-daugiau-nei-70-proc-nes-kyla-gaisro-pavojus\/\",\"name\":\"\u201eVolvo EX30\u201c savininkai paragino nekrauti daugiau nei 70 proc., nes kyla gaisro pavojus - Eautomobiliai.lt\",\"isPartOf\":{\"@id\":\"https:\/\/eautomobiliai.lt\/#website\"},\"primaryImageOfPage\":{\"@id\":\"https:\/\/eautomobiliai.lt\/index.php\/2026\/01\/12\/volvo-ex30-savininkai-paragino-nekrauti-daugiau-nei-70-proc-nes-kyla-gaisro-pavojus\/#primaryimage\"},\"image\":{\"@id\":\"https:\/\/eautomobiliai.lt\/index.php\/2026\/01\/12\/volvo-ex30-savininkai-paragino-nekrauti-daugiau-nei-70-proc-nes-kyla-gaisro-pavojus\/#primaryimage\"},\"thumbnailUrl\":\"http:\/\/eautomobiliai.lt\/wp-content\/uploads\/2026\/01\/\u201eVolvo-EX30-savininkai-paragino-nekrauti-daugiau-nei-70-proc-nes.jpg\",\"datePublished\":\"2026-01-12T14:53:08+00:00\",\"author\":{\"@id\":\"https:\/\/eautomobiliai.lt\/#\/schema\/person\/ecf2a967f361217d056061f74deb92f2\"},\"breadcrumb\":{\"@id\":\"https:\/\/eautomobiliai.lt\/index.php\/2026\/01\/12\/volvo-ex30-savininkai-paragino-nekrauti-daugiau-nei-70-proc-nes-kyla-gaisro-pavojus\/#breadcrumb\"},\"inLanguage\":\"lt-LT\",\"potentialAction\":[{\"@type\":\"ReadAction\",\"target\":[\"https:\/\/eautomobiliai.lt\/index.php\/2026\/01\/12\/volvo-ex30-savininkai-paragino-nekrauti-daugiau-nei-70-proc-nes-kyla-gaisro-pavojus\/\"]}]},{\"@type\":\"ImageObject\",\"inLanguage\":\"lt-LT\",\"@id\":\"https:\/\/eautomobiliai.lt\/index.php\/2026\/01\/12\/volvo-ex30-savininkai-paragino-nekrauti-daugiau-nei-70-proc-nes-kyla-gaisro-pavojus\/#primaryimage\",\"url\":\"http:\/\/eautomobiliai.lt\/wp-content\/uploads\/2026\/01\/\u201eVolvo-EX30-savininkai-paragino-nekrauti-daugiau-nei-70-proc-nes.jpg\",\"contentUrl\":\"http:\/\/eautomobiliai.lt\/wp-content\/uploads\/2026\/01\/\u201eVolvo-EX30-savininkai-paragino-nekrauti-daugiau-nei-70-proc-nes.jpg\",\"width\":980,\"height\":554},{\"@type\":\"BreadcrumbList\",\"@id\":\"https:\/\/eautomobiliai.lt\/index.php\/2026\/01\/12\/volvo-ex30-savininkai-paragino-nekrauti-daugiau-nei-70-proc-nes-kyla-gaisro-pavojus\/#breadcrumb\",\"itemListElement\":[{\"@type\":\"ListItem\",\"position\":1,\"name\":\"Home\",\"item\":\"https:\/\/eautomobiliai.lt\/\"},{\"@type\":\"ListItem\",\"position\":2,\"name\":\"\u201eVolvo EX30\u201c savininkai paragino nekrauti daugiau nei 70 proc., nes kyla gaisro pavojus\"}]},{\"@type\":\"WebSite\",\"@id\":\"https:\/\/eautomobiliai.lt\/#website\",\"url\":\"https:\/\/eautomobiliai.lt\/\",\"name\":\"Eautomobiliai.lt\",\"description\":\"Elektrinis transportas, technologijos\",\"potentialAction\":[{\"@type\":\"SearchAction\",\"target\":{\"@type\":\"EntryPoint\",\"urlTemplate\":\"https:\/\/eautomobiliai.lt\/?s={search_term_string}\"},\"query-input\":{\"@type\":\"PropertyValueSpecification\",\"valueRequired\":true,\"valueName\":\"search_term_string\"}}],\"inLanguage\":\"lt-LT\"},{\"@type\":\"Person\",\"@id\":\"https:\/\/eautomobiliai.lt\/#\/schema\/person\/ecf2a967f361217d056061f74deb92f2\",\"name\":\"admin\",\"image\":{\"@type\":\"ImageObject\",\"inLanguage\":\"lt-LT\",\"@id\":\"https:\/\/eautomobiliai.lt\/#\/schema\/person\/image\/\",\"url\":\"https:\/\/secure.gravatar.com\/avatar\/6323379efae0c70c686c7905444d6bbd?s=96&d=mm&r=g\",\"contentUrl\":\"https:\/\/secure.gravatar.com\/avatar\/6323379efae0c70c686c7905444d6bbd?s=96&d=mm&r=g\",\"caption\":\"admin\"},\"sameAs\":[\"http:\/\/eautomobiliai.lt\"],\"url\":\"http:\/\/eautomobiliai.lt\/index.php\/author\/admin\/\"}]}<\/script>\n<!-- \/ Yoast SEO plugin. -->","yoast_head_json":{"title":"\u201eVolvo EX30\u201c savininkai paragino nekrauti daugiau nei 70 proc., nes kyla gaisro pavojus - Eautomobiliai.lt","robots":{"index":"index","follow":"follow","max-snippet":"max-snippet:-1","max-image-preview":"max-image-preview:large","max-video-preview":"max-video-preview:-1"},"canonical":"https:\/\/eautomobiliai.lt\/index.php\/2026\/01\/12\/volvo-ex30-savininkai-paragino-nekrauti-daugiau-nei-70-proc-nes-kyla-gaisro-pavojus\/","og_locale":"lt_LT","og_type":"article","og_title":"\u201eVolvo EX30\u201c savininkai paragino nekrauti daugiau nei 70 proc., nes kyla gaisro pavojus - Eautomobiliai.lt","og_description":"Beveik 3000 Australijos 2024 m. kompakti\u0161ko elektrinio visureigio \u201eVolvo EX30\u201c savinink\u0173 buvo \u012fsp\u0117ti nekrauti savo elektromobilio daugiau nei 70 procent\u0173&hellip;","og_url":"https:\/\/eautomobiliai.lt\/index.php\/2026\/01\/12\/volvo-ex30-savininkai-paragino-nekrauti-daugiau-nei-70-proc-nes-kyla-gaisro-pavojus\/","og_site_name":"Eautomobiliai.lt","article_published_time":"2026-01-12T14:53:08+00:00","og_image":[{"width":980,"height":554,"url":"https:\/\/eautomobiliai.lt\/wp-content\/uploads\/2026\/01\/\u201eVolvo-EX30-savininkai-paragino-nekrauti-daugiau-nei-70-proc-nes.jpg","type":"image\/jpeg"}],"author":"admin","twitter_card":"summary_large_image","twitter_misc":{"Written by":"admin","Est. reading time":"1 minut\u0117"},"schema":{"@context":"https:\/\/schema.org","@graph":[{"@type":"Article","@id":"https:\/\/eautomobiliai.lt\/index.php\/2026\/01\/12\/volvo-ex30-savininkai-paragino-nekrauti-daugiau-nei-70-proc-nes-kyla-gaisro-pavojus\/#article","isPartOf":{"@id":"https:\/\/eautomobiliai.lt\/index.php\/2026\/01\/12\/volvo-ex30-savininkai-paragino-nekrauti-daugiau-nei-70-proc-nes-kyla-gaisro-pavojus\/"},"author":{"name":"admin","@id":"https:\/\/eautomobiliai.lt\/#\/schema\/person\/ecf2a967f361217d056061f74deb92f2"},"headline":"\u201eVolvo EX30\u201c savininkai paragino nekrauti daugiau nei 70 proc., nes kyla gaisro pavojus","datePublished":"2026-01-12T14:53:08+00:00","mainEntityOfPage":{"@id":"https:\/\/eautomobiliai.lt\/index.php\/2026\/01\/12\/volvo-ex30-savininkai-paragino-nekrauti-daugiau-nei-70-proc-nes-kyla-gaisro-pavojus\/"},"wordCount":302,"commentCount":0,"image":{"@id":"https:\/\/eautomobiliai.lt\/index.php\/2026\/01\/12\/volvo-ex30-savininkai-paragino-nekrauti-daugiau-nei-70-proc-nes-kyla-gaisro-pavojus\/#primaryimage"},"thumbnailUrl":"http:\/\/eautomobiliai.lt\/wp-content\/uploads\/2026\/01\/\u201eVolvo-EX30-savininkai-paragino-nekrauti-daugiau-nei-70-proc-nes.jpg","keywords":["daugiau","Ex30","gaisro","kyla","nei","nekrauti","nes","paragino","pavojus","proc","savininkai","Volvo"],"articleSection":["eAUTOMOBILI\u0172 TECHNIN\u0116 PUS\u0116"],"inLanguage":"lt-LT","potentialAction":[{"@type":"CommentAction","name":"Comment","target":["https:\/\/eautomobiliai.lt\/index.php\/2026\/01\/12\/volvo-ex30-savininkai-paragino-nekrauti-daugiau-nei-70-proc-nes-kyla-gaisro-pavojus\/#respond"]}]},{"@type":"WebPage","@id":"https:\/\/eautomobiliai.lt\/index.php\/2026\/01\/12\/volvo-ex30-savininkai-paragino-nekrauti-daugiau-nei-70-proc-nes-kyla-gaisro-pavojus\/","url":"https:\/\/eautomobiliai.lt\/index.php\/2026\/01\/12\/volvo-ex30-savininkai-paragino-nekrauti-daugiau-nei-70-proc-nes-kyla-gaisro-pavojus\/","name":"\u201eVolvo EX30\u201c savininkai paragino nekrauti daugiau nei 70 proc., nes kyla gaisro pavojus - Eautomobiliai.lt","isPartOf":{"@id":"https:\/\/eautomobiliai.lt\/#website"},"primaryImageOfPage":{"@id":"https:\/\/eautomobiliai.lt\/index.php\/2026\/01\/12\/volvo-ex30-savininkai-paragino-nekrauti-daugiau-nei-70-proc-nes-kyla-gaisro-pavojus\/#primaryimage"},"image":{"@id":"https:\/\/eautomobiliai.lt\/index.php\/2026\/01\/12\/volvo-ex30-savininkai-paragino-nekrauti-daugiau-nei-70-proc-nes-kyla-gaisro-pavojus\/#primaryimage"},"thumbnailUrl":"http:\/\/eautomobiliai.lt\/wp-content\/uploads\/2026\/01\/\u201eVolvo-EX30-savininkai-paragino-nekrauti-daugiau-nei-70-proc-nes.jpg","datePublished":"2026-01-12T14:53:08+00:00","author":{"@id":"https:\/\/eautomobiliai.lt\/#\/schema\/person\/ecf2a967f361217d056061f74deb92f2"},"breadcrumb":{"@id":"https:\/\/eautomobiliai.lt\/index.php\/2026\/01\/12\/volvo-ex30-savininkai-paragino-nekrauti-daugiau-nei-70-proc-nes-kyla-gaisro-pavojus\/#breadcrumb"},"inLanguage":"lt-LT","potentialAction":[{"@type":"ReadAction","target":["https:\/\/eautomobiliai.lt\/index.php\/2026\/01\/12\/volvo-ex30-savininkai-paragino-nekrauti-daugiau-nei-70-proc-nes-kyla-gaisro-pavojus\/"]}]},{"@type":"ImageObject","inLanguage":"lt-LT","@id":"https:\/\/eautomobiliai.lt\/index.php\/2026\/01\/12\/volvo-ex30-savininkai-paragino-nekrauti-daugiau-nei-70-proc-nes-kyla-gaisro-pavojus\/#primaryimage","url":"http:\/\/eautomobiliai.lt\/wp-content\/uploads\/2026\/01\/\u201eVolvo-EX30-savininkai-paragino-nekrauti-daugiau-nei-70-proc-nes.jpg","contentUrl":"http:\/\/eautomobiliai.lt\/wp-content\/uploads\/2026\/01\/\u201eVolvo-EX30-savininkai-paragino-nekrauti-daugiau-nei-70-proc-nes.jpg","width":980,"height":554},{"@type":"BreadcrumbList","@id":"https:\/\/eautomobiliai.lt\/index.php\/2026\/01\/12\/volvo-ex30-savininkai-paragino-nekrauti-daugiau-nei-70-proc-nes-kyla-gaisro-pavojus\/#breadcrumb","itemListElement":[{"@type":"ListItem","position":1,"name":"Home","item":"https:\/\/eautomobiliai.lt\/"},{"@type":"ListItem","position":2,"name":"\u201eVolvo EX30\u201c savininkai paragino nekrauti daugiau nei 70 proc., nes kyla gaisro pavojus"}]},{"@type":"WebSite","@id":"https:\/\/eautomobiliai.lt\/#website","url":"https:\/\/eautomobiliai.lt\/","name":"Eautomobiliai.lt","description":"Elektrinis transportas, technologijos","potentialAction":[{"@type":"SearchAction","target":{"@type":"EntryPoint","urlTemplate":"https:\/\/eautomobiliai.lt\/?s={search_term_string}"},"query-input":{"@type":"PropertyValueSpecification","valueRequired":true,"valueName":"search_term_string"}}],"inLanguage":"lt-LT"},{"@type":"Person","@id":"https:\/\/eautomobiliai.lt\/#\/schema\/person\/ecf2a967f361217d056061f74deb92f2","name":"admin","image":{"@type":"ImageObject","inLanguage":"lt-LT","@id":"https:\/\/eautomobiliai.lt\/#\/schema\/person\/image\/","url":"https:\/\/secure.gravatar.com\/avatar\/6323379efae0c70c686c7905444d6bbd?s=96&d=mm&r=g","contentUrl":"https:\/\/secure.gravatar.com\/avatar\/6323379efae0c70c686c7905444d6bbd?s=96&d=mm&r=g","caption":"admin"},"sameAs":["http:\/\/eautomobiliai.lt"],"url":"http:\/\/eautomobiliai.lt\/index.php\/author\/admin\/"}]}},"_links":{"self":[{"href":"http:\/\/eautomobiliai.lt\/index.php\/wp-json\/wp\/v2\/posts\/3165","targetHints":{"allow":["GET"]}}],"collection":[{"href":"http:\/\/eautomobiliai.lt\/index.php\/wp-json\/wp\/v2\/posts"}],"about":[{"href":"http:\/\/eautomobiliai.lt\/index.php\/wp-json\/wp\/v2\/types\/post"}],"author":[{"embeddable":true,"href":"http:\/\/eautomobiliai.lt\/index.php\/wp-json\/wp\/v2\/users\/1"}],"replies":[{"embeddable":true,"href":"http:\/\/eautomobiliai.lt\/index.php\/wp-json\/wp\/v2\/comments?post=3165"}],"version-history":[{"count":0,"href":"http:\/\/eautomobiliai.lt\/index.php\/wp-json\/wp\/v2\/posts\/3165\/revisions"}],"wp:featuredmedia":[{"embeddable":true,"href":"http:\/\/eautomobiliai.lt\/index.php\/wp-json\/wp\/v2\/media\/3166"}],"wp:attachment":[{"href":"http:\/\/eautomobiliai.lt\/index.php\/wp-json\/wp\/v2\/media?parent=3165"}],"wp:term":[{"taxonomy":"category","embeddable":true,"href":"http:\/\/eautomobiliai.lt\/index.php\/wp-json\/wp\/v2\/categories?post=3165"},{"taxonomy":"post_tag","embeddable":true,"href":"http:\/\/eautomobiliai.lt\/index.php\/wp-json\/wp\/v2\/tags?post=3165"}],"curies":[{"name":"wp","href":"https:\/\/api.w.org\/{rel}","templated":true}]}}