{"id":341,"date":"2025-04-02T07:10:00","date_gmt":"2025-04-02T07:10:00","guid":{"rendered":"http:\/\/eautomobiliai.lt\/index.php\/2025\/04\/02\/ar-sealion-paskatins-byd-i-didele-pardavimo-sekme-jk-ir-europoje\/"},"modified":"2025-04-02T07:10:00","modified_gmt":"2025-04-02T07:10:00","slug":"ar-sealion-paskatins-byd-i-didele-pardavimo-sekme-jk-ir-europoje","status":"publish","type":"post","link":"http:\/\/eautomobiliai.lt\/index.php\/2025\/04\/02\/ar-sealion-paskatins-byd-i-didele-pardavimo-sekme-jk-ir-europoje\/","title":{"rendered":"Ar \u201eSealion\u201c paskatins BYD \u012f didel\u0119 pardavimo s\u0117km\u0119 JK ir Europoje?"},"content":{"rendered":"<p> <br \/>\n<\/p>\n<div id=\"\">\n<hr\/>\n<p>Kai elektrin\u0117s transporto priemon\u0117s (EV) ir toliau \u012fgauna pagreit\u012f automobili\u0173 pramon\u0117je, Kinijos gamintojas BYD &#8211; trumpai skirtas kurti savo svajones &#8211; i\u0161siskiria kaip vienas did\u017eiausi\u0173 \u017eaid\u0117j\u0173. Tur\u0117damas patikim\u0105 pardavimo \u012fra\u0161\u0105 ir besiple\u010diant\u012f elektros pasi\u016blos portfel\u012f, \u201eBYD Sealion 7\u201c pasirodymas suteikia galimyb\u0119 \u012fmonei padaryti reik\u0161mingus \u017eingsnius JK ir Europos rinkose. I\u0161pakavus \u0161io modelio savybes ir potencial\u0105, paai\u0161k\u0117ja, kod\u0117l tai gali b\u016bti \u017eaidim\u0173 keitiklis BYD.<\/p>\n<div id=\"ez-toc-container\" class=\"ez-toc-v2_0_82_2 counter-hierarchy ez-toc-counter ez-toc-grey ez-toc-container-direction\">\n<div class=\"ez-toc-title-container\">\n<p class=\"ez-toc-title\" style=\"cursor:inherit\">Turinys:<\/p>\n<span class=\"ez-toc-title-toggle\"><a href=\"#\" class=\"ez-toc-pull-right ez-toc-btn ez-toc-btn-xs ez-toc-btn-default ez-toc-toggle\" aria-label=\"Toggle Table of Content\"><span class=\"ez-toc-js-icon-con\"><span class=\"\"><span class=\"eztoc-hide\" style=\"display:none;\">Toggle<\/span><span class=\"ez-toc-icon-toggle-span\"><svg style=\"fill: #999;color:#999\" xmlns=\"http:\/\/www.w3.org\/2000\/svg\" class=\"list-377408\" width=\"20px\" height=\"20px\" viewBox=\"0 0 24 24\" fill=\"none\"><path d=\"M6 6H4v2h2V6zm14 0H8v2h12V6zM4 11h2v2H4v-2zm16 0H8v2h12v-2zM4 16h2v2H4v-2zm16 0H8v2h12v-2z\" fill=\"currentColor\"><\/path><\/svg><svg style=\"fill: #999;color:#999\" class=\"arrow-unsorted-368013\" xmlns=\"http:\/\/www.w3.org\/2000\/svg\" width=\"10px\" height=\"10px\" viewBox=\"0 0 24 24\" version=\"1.2\" baseProfile=\"tiny\"><path d=\"M18.2 9.3l-6.2-6.3-6.2 6.3c-.2.2-.3.4-.3.7s.1.5.3.7c.2.2.4.3.7.3h11c.3 0 .5-.1.7-.3.2-.2.3-.5.3-.7s-.1-.5-.3-.7zM5.8 14.7l6.2 6.3 6.2-6.3c.2-.2.3-.5.3-.7s-.1-.5-.3-.7c-.2-.2-.4-.3-.7-.3h-11c-.3 0-.5.1-.7.3-.2.2-.3.5-.3.7s.1.5.3.7z\"\/><\/svg><\/span><\/span><\/span><\/a><\/span><\/div>\n<nav><ul class='ez-toc-list ez-toc-list-level-1 ' ><li class='ez-toc-page-1 ez-toc-heading-level-3'><a class=\"ez-toc-link ez-toc-heading-1\" href=\"http:\/\/eautomobiliai.lt\/index.php\/2025\/04\/02\/ar-sealion-paskatins-byd-i-didele-pardavimo-sekme-jk-ir-europoje\/#Trumpa_BYD_apzvalga\" >Trumpa BYD ap\u017evalga<\/a><\/li><li class='ez-toc-page-1 ez-toc-heading-level-3'><a class=\"ez-toc-link ez-toc-heading-2\" href=\"http:\/\/eautomobiliai.lt\/index.php\/2025\/04\/02\/ar-sealion-paskatins-byd-i-didele-pardavimo-sekme-jk-ir-europoje\/#Ivadas_i_%E2%80%9ESealion_7%E2%80%9C\" >\u012evadas \u012f \u201eSealion 7\u201c<\/a><ul class='ez-toc-list-level-4' ><li class='ez-toc-heading-level-4'><a class=\"ez-toc-link ez-toc-heading-3\" href=\"http:\/\/eautomobiliai.lt\/index.php\/2025\/04\/02\/ar-sealion-paskatins-byd-i-didele-pardavimo-sekme-jk-ir-europoje\/#Kainos_ir_specifikacijos\" >Kainos ir specifikacijos<\/a><\/li><\/ul><\/li><li class='ez-toc-page-1 ez-toc-heading-level-3'><a class=\"ez-toc-link ez-toc-heading-4\" href=\"http:\/\/eautomobiliai.lt\/index.php\/2025\/04\/02\/ar-sealion-paskatins-byd-i-didele-pardavimo-sekme-jk-ir-europoje\/#Dizainas_ir_technologijos\" >Dizainas ir technologijos<\/a><\/li><li class='ez-toc-page-1 ez-toc-heading-level-3'><a class=\"ez-toc-link ez-toc-heading-5\" href=\"http:\/\/eautomobiliai.lt\/index.php\/2025\/04\/02\/ar-sealion-paskatins-byd-i-didele-pardavimo-sekme-jk-ir-europoje\/#Rinkos_potencialas\" >Rinkos potencialas<\/a><\/li><li class='ez-toc-page-1 ez-toc-heading-level-3'><a class=\"ez-toc-link ez-toc-heading-6\" href=\"http:\/\/eautomobiliai.lt\/index.php\/2025\/04\/02\/ar-sealion-paskatins-byd-i-didele-pardavimo-sekme-jk-ir-europoje\/#Isvada\" >I\u0161vada<\/a><\/li><\/ul><\/nav><\/div>\n<h3><span class=\"ez-toc-section\" id=\"Trumpa_BYD_apzvalga\"><\/span>Trumpa BYD ap\u017evalga<span class=\"ez-toc-section-end\"><\/span><\/h3>\n<p>\u012ekurtas 1995 m., BYD greitai pakilo \u012f auk\u0161\u010diausius automobili\u0173 pramon\u0117s e\u0161elonus, \u0161iuo metu u\u017eima tre\u010di\u0105 pagal dyd\u012f automobili\u0173 kompanij\u0105 visame pasaulyje, besisukanti tik \u201eToyota\u201c ir \u201eVolkswagen\u201c. Vien tik 2022 m. BYD pardav\u0117 daugiau nei 4,27 mln. Nauj\u0173 energetini\u0173 transporto priemoni\u0173, sustiprindamas savo, kaip dominuojan\u010dios j\u0117gos EV sektoriuje, pozicijas, prisidedant prie ma\u017edaug vieno i\u0161 keturi\u0173 nauj\u0173 elektromobili\u0173, parduodam\u0173 visame pasaulyje.<\/p>\n<h3><span class=\"ez-toc-section\" id=\"Ivadas_i_%E2%80%9ESealion_7%E2%80%9C\"><\/span>\u012evadas \u012f \u201eSealion 7\u201c<span class=\"ez-toc-section-end\"><\/span><\/h3>\n<p>\u201eBYD Sealion 7\u201c yra naujas prek\u0117s \u017eenklo sud\u0117ties papildymas, i\u0161d\u0117stytas kaip elektrinis visureigis, kuris konkuruoja su tokiais modeliais kaip \u201eTesla\u201c modelis Y. Galima \u012fsigyti trij\u0173 variant\u0173 &#8211; komforto, dizaino ir kompetencijos &#8211; \u0161is visureigis sujungia prakti\u0161kum\u0105 su na\u0161umu ir prabanga, patraukliu pla\u010diam vartotoj\u0173 segmentui.<\/p>\n<h4><span class=\"ez-toc-section\" id=\"Kainos_ir_specifikacijos\"><\/span>Kainos ir specifikacijos<span class=\"ez-toc-section-end\"><\/span><\/h4>\n<p>Pradin\u0117 kaina &#8211; 46 990 svar\u0173 sterling\u0173 u\u017e komforto variant\u0105 ir siekia iki 58 600 svar\u0173 sterling\u0173 u\u017e kompetencijos model\u012f, \u201eSealion 7\u201c si\u016blo konkurencing\u0105 kain\u0105 elektrinio visureigio rinkoje. M\u0117nesin\u0117s finansavimo galimyb\u0117s suteikia papildom\u0105 prieinamum\u0105-nuo ma\u017edaug 489 svar\u0173 iki 589 svar\u0173 sterling\u0173, tod\u0117l tai yra patraukli alternatyva biud\u017eeto s\u0105moningiems vartotojams, ie\u0161kantiems pa\u017eangi\u0173 technologij\u0173 ir komforto.<\/p>\n<p>Po gaubtu \u201eSealion 7\u201c apr\u016bpintas \u201eBlade LFP\u201c baterijomis, si\u016blan\u010diomis dideles diapazono galimybes: 283 myli\u0173 u\u017e komfort\u0105, 300 myli\u0173 dizainui ir 312 myli\u0173 u\u017e kompetencijos modelius. Greitos \u012fkrovimo galimyb\u0117s yra akcentas, o kompetencijos modelis pasiekia 10\u201380% mokest\u012f vos per 24 minutes esant 230 kW galios, o ilgesn\u0117ms kelion\u0117ms leid\u017eiama minimaliai prastovos.<\/p>\n<h3><span class=\"ez-toc-section\" id=\"Dizainas_ir_technologijos\"><\/span>Dizainas ir technologijos<span class=\"ez-toc-section-end\"><\/span><\/h3>\n<p>\u201eSealion 7\u201c dizain\u0105 \u012fkv\u0117p\u0117 vandenyno elementai, pasi\u017eymintys aptakiomis linijomis, primenan\u010diomis bangas ir i\u0161keltas formas, lygiagre\u010dias vandens sklandumui. \u0160i estetika buvo kuruojama pagal Wolfgango Eggerio, dizainerio, anks\u010diau siejamo su garsiais prek\u0117s \u017eenklais, tokiais kaip \u201eAudi\u201c ir \u201eLamborghini\u201c, kompetencija, kurie suteikia prabangos ir pa\u017einimo modeliui.<\/p>\n<p>Nors bendras dizainas sulauk\u0117 pagyrim\u0173, atsirado tam tikra kritika d\u0117l visureigio rat\u0173 ark\u0173, kurios atrodo labiau kampin\u0117s ir kvadratin\u0117s, palyginti su bendra vandenyno \u012fkv\u0117ptu siluetu. Nepaisant \u0161io nedidelio \u017eags\u0117jimo, prabang\u0173 interjer\u0105, kuriam b\u016bdinga auk\u0161tos kokyb\u0117s med\u017eiaga, siekiama sukurti patogi\u0105 patirt\u012f keleiviams. Novatori\u0161kas prisilietimas yra 50 W belaid\u017eio \u012fkrovimo pado \u012ftraukimas, patenkantis \u012f did\u0117jan\u010di\u0105 technologijos integracijos paklaus\u0105 \u0161iuolaikin\u0117se transporto priemon\u0117se.<\/p>\n<h3><span class=\"ez-toc-section\" id=\"Rinkos_potencialas\"><\/span>Rinkos potencialas<span class=\"ez-toc-section-end\"><\/span><\/h3>\n<p>JK ir Europos rinkos kriti\u0161kai vertina per\u0117jim\u0105 prie elektros jud\u0117jimo. Vartotojams vis da\u017eniau siekiant tvari\u0173 transporto galimybi\u0173, \u201eSealion 7\u201c konkurencin\u0117 kainodara, pa\u017eangiosios technologijos ir patrauklus dizainas leid\u017eia gerai patenkinti t\u0105 paklaus\u0105.<\/p>\n<p>Be to, pasaulin\u0117 \u201eBYD\u201c reputacija ir didel\u0117 patirtis gaminant elektrines transporto priemones suteikia patikimumo stubur\u0105, kuris gal\u0117t\u0173 sustiprinti vartotoj\u0173 pasitik\u0117jim\u0105. Kadangi prek\u0117s \u017eenklas stengiasi padidinti savo matomum\u0105 ir pardavimus JK ir Europoje, \u201eSealion 7\u201c gal\u0117t\u0173 b\u016bti katalizatorius, siekiant platesnio BYD produkt\u0173 pri\u0117mimo, ypa\u010d jei jis atitinka pasaulinius tvarumo tikslus.<\/p>\n<h3><span class=\"ez-toc-section\" id=\"Isvada\"><\/span>I\u0161vada<span class=\"ez-toc-section-end\"><\/span><\/h3>\n<p>Apibendrinant galima pasakyti, kad \u201eBYD Sealion 7\u201c demonstruoja prek\u0117s \u017eenklo \u012fsipareigojim\u0105 gaminti novatori\u0161kas ir auk\u0161tos kokyb\u0117s elektrines transporto priemones. Kaip konkurentas elektriniame visureigio segmente, jis turi didel\u012f potencial\u0105 padidinti BYD rinkos dal\u012f JK ir Europoje, ypa\u010d atsi\u017evelgiant \u012f did\u0117jant\u012f potrauk\u012f elektriniam mobilumui. Ar tai tampa bestseleriu, dar reikia i\u0161siai\u0161kinti, ta\u010diau \u012ftikinam\u0173 funkcij\u0173 derinys, strategin\u0117 kainodara ir dizaino kompetencija rodo, kad BYD yra gerai pasireng\u0119s artimiausiu metu d\u0117l pardavimo s\u0117km\u0117s bangos.<\/p>\n<\/div>\n<p><br \/>\n<br \/><a href=\"https:\/\/voltsandvolts.com\/will-sealion-propel-byd-to-major-sales-success-in-the-uk-and-europe\/\">Source link <\/a><\/p>\n","protected":false},"excerpt":{"rendered":"<p>Kai elektrin\u0117s transporto priemon\u0117s (EV) ir toliau \u012fgauna pagreit\u012f automobili\u0173 pramon\u0117je, Kinijos gamintojas BYD &#8211; trumpai skirtas kurti savo svajones&hellip;<\/p>\n","protected":false},"author":1,"featured_media":342,"comment_status":"open","ping_status":"open","sticky":false,"template":"","format":"standard","meta":{"om_disable_all_campaigns":false,"_monsterinsights_skip_tracking":false,"_monsterinsights_sitenote_active":false,"_monsterinsights_sitenote_note":"","_monsterinsights_sitenote_category":0,"footnotes":""},"categories":[39],"tags":[11,70,263,537,906,905,907],"class_list":["post-341","post","type-post","status-publish","format-standard","has-post-thumbnail","hentry","category-eautomobiliu-technine-puse","tag-byd","tag-didele","tag-europoje","tag-pardavimo","tag-paskatins","tag-sealion","tag-sekme"],"aioseo_notices":[],"yoast_head":"<!-- This site is optimized with the Yoast SEO plugin v26.8 - https:\/\/yoast.com\/product\/yoast-seo-wordpress\/ -->\n<title>Ar \u201eSealion\u201c paskatins BYD \u012f didel\u0119 pardavimo s\u0117km\u0119 JK ir Europoje? - Eautomobiliai.lt<\/title>\n<meta name=\"robots\" content=\"index, follow, max-snippet:-1, max-image-preview:large, max-video-preview:-1\" \/>\n<link rel=\"canonical\" href=\"https:\/\/eautomobiliai.lt\/index.php\/2025\/04\/02\/ar-sealion-paskatins-byd-i-didele-pardavimo-sekme-jk-ir-europoje\/\" \/>\n<meta property=\"og:locale\" content=\"lt_LT\" \/>\n<meta property=\"og:type\" content=\"article\" \/>\n<meta property=\"og:title\" content=\"Ar \u201eSealion\u201c paskatins BYD \u012f didel\u0119 pardavimo s\u0117km\u0119 JK ir Europoje? - Eautomobiliai.lt\" \/>\n<meta property=\"og:description\" content=\"Kai elektrin\u0117s transporto priemon\u0117s (EV) ir toliau \u012fgauna pagreit\u012f automobili\u0173 pramon\u0117je, Kinijos gamintojas BYD &#8211; trumpai skirtas kurti savo svajones&hellip;\" \/>\n<meta property=\"og:url\" content=\"https:\/\/eautomobiliai.lt\/index.php\/2025\/04\/02\/ar-sealion-paskatins-byd-i-didele-pardavimo-sekme-jk-ir-europoje\/\" \/>\n<meta property=\"og:site_name\" content=\"Eautomobiliai.lt\" \/>\n<meta property=\"article:published_time\" content=\"2025-04-02T07:10:00+00:00\" \/>\n<meta property=\"og:image\" content=\"https:\/\/eautomobiliai.lt\/wp-content\/uploads\/2025\/04\/Ar-\u201eSealion-paskatins-BYD-i-didele-pardavimo-sekme-JK-ir.jpg\" \/>\n\t<meta property=\"og:image:width\" content=\"1344\" \/>\n\t<meta property=\"og:image:height\" content=\"768\" \/>\n\t<meta property=\"og:image:type\" content=\"image\/jpeg\" \/>\n<meta name=\"author\" content=\"admin\" \/>\n<meta name=\"twitter:card\" content=\"summary_large_image\" \/>\n<meta name=\"twitter:label1\" content=\"Written by\" \/>\n\t<meta name=\"twitter:data1\" content=\"admin\" \/>\n\t<meta name=\"twitter:label2\" content=\"Est. reading time\" \/>\n\t<meta name=\"twitter:data2\" content=\"3 minut\u0117s\" \/>\n<script type=\"application\/ld+json\" class=\"yoast-schema-graph\">{\"@context\":\"https:\/\/schema.org\",\"@graph\":[{\"@type\":\"Article\",\"@id\":\"https:\/\/eautomobiliai.lt\/index.php\/2025\/04\/02\/ar-sealion-paskatins-byd-i-didele-pardavimo-sekme-jk-ir-europoje\/#article\",\"isPartOf\":{\"@id\":\"https:\/\/eautomobiliai.lt\/index.php\/2025\/04\/02\/ar-sealion-paskatins-byd-i-didele-pardavimo-sekme-jk-ir-europoje\/\"},\"author\":{\"name\":\"admin\",\"@id\":\"https:\/\/eautomobiliai.lt\/#\/schema\/person\/ecf2a967f361217d056061f74deb92f2\"},\"headline\":\"Ar \u201eSealion\u201c paskatins BYD \u012f didel\u0119 pardavimo s\u0117km\u0119 JK ir Europoje?\",\"datePublished\":\"2025-04-02T07:10:00+00:00\",\"mainEntityOfPage\":{\"@id\":\"https:\/\/eautomobiliai.lt\/index.php\/2025\/04\/02\/ar-sealion-paskatins-byd-i-didele-pardavimo-sekme-jk-ir-europoje\/\"},\"wordCount\":622,\"commentCount\":0,\"image\":{\"@id\":\"https:\/\/eautomobiliai.lt\/index.php\/2025\/04\/02\/ar-sealion-paskatins-byd-i-didele-pardavimo-sekme-jk-ir-europoje\/#primaryimage\"},\"thumbnailUrl\":\"http:\/\/eautomobiliai.lt\/wp-content\/uploads\/2025\/04\/Ar-\u201eSealion-paskatins-BYD-i-didele-pardavimo-sekme-JK-ir.jpg\",\"keywords\":[\"BYD\",\"didel\u0119\",\"Europoje\",\"pardavimo\",\"paskatins\",\"Sealion\",\"s\u0117km\u0119\"],\"articleSection\":[\"eAUTOMOBILI\u0172 TECHNIN\u0116 PUS\u0116\"],\"inLanguage\":\"lt-LT\",\"potentialAction\":[{\"@type\":\"CommentAction\",\"name\":\"Comment\",\"target\":[\"https:\/\/eautomobiliai.lt\/index.php\/2025\/04\/02\/ar-sealion-paskatins-byd-i-didele-pardavimo-sekme-jk-ir-europoje\/#respond\"]}]},{\"@type\":\"WebPage\",\"@id\":\"https:\/\/eautomobiliai.lt\/index.php\/2025\/04\/02\/ar-sealion-paskatins-byd-i-didele-pardavimo-sekme-jk-ir-europoje\/\",\"url\":\"https:\/\/eautomobiliai.lt\/index.php\/2025\/04\/02\/ar-sealion-paskatins-byd-i-didele-pardavimo-sekme-jk-ir-europoje\/\",\"name\":\"Ar \u201eSealion\u201c paskatins BYD \u012f didel\u0119 pardavimo s\u0117km\u0119 JK ir Europoje? - Eautomobiliai.lt\",\"isPartOf\":{\"@id\":\"https:\/\/eautomobiliai.lt\/#website\"},\"primaryImageOfPage\":{\"@id\":\"https:\/\/eautomobiliai.lt\/index.php\/2025\/04\/02\/ar-sealion-paskatins-byd-i-didele-pardavimo-sekme-jk-ir-europoje\/#primaryimage\"},\"image\":{\"@id\":\"https:\/\/eautomobiliai.lt\/index.php\/2025\/04\/02\/ar-sealion-paskatins-byd-i-didele-pardavimo-sekme-jk-ir-europoje\/#primaryimage\"},\"thumbnailUrl\":\"http:\/\/eautomobiliai.lt\/wp-content\/uploads\/2025\/04\/Ar-\u201eSealion-paskatins-BYD-i-didele-pardavimo-sekme-JK-ir.jpg\",\"datePublished\":\"2025-04-02T07:10:00+00:00\",\"author\":{\"@id\":\"https:\/\/eautomobiliai.lt\/#\/schema\/person\/ecf2a967f361217d056061f74deb92f2\"},\"breadcrumb\":{\"@id\":\"https:\/\/eautomobiliai.lt\/index.php\/2025\/04\/02\/ar-sealion-paskatins-byd-i-didele-pardavimo-sekme-jk-ir-europoje\/#breadcrumb\"},\"inLanguage\":\"lt-LT\",\"potentialAction\":[{\"@type\":\"ReadAction\",\"target\":[\"https:\/\/eautomobiliai.lt\/index.php\/2025\/04\/02\/ar-sealion-paskatins-byd-i-didele-pardavimo-sekme-jk-ir-europoje\/\"]}]},{\"@type\":\"ImageObject\",\"inLanguage\":\"lt-LT\",\"@id\":\"https:\/\/eautomobiliai.lt\/index.php\/2025\/04\/02\/ar-sealion-paskatins-byd-i-didele-pardavimo-sekme-jk-ir-europoje\/#primaryimage\",\"url\":\"http:\/\/eautomobiliai.lt\/wp-content\/uploads\/2025\/04\/Ar-\u201eSealion-paskatins-BYD-i-didele-pardavimo-sekme-JK-ir.jpg\",\"contentUrl\":\"http:\/\/eautomobiliai.lt\/wp-content\/uploads\/2025\/04\/Ar-\u201eSealion-paskatins-BYD-i-didele-pardavimo-sekme-JK-ir.jpg\",\"width\":1344,\"height\":768},{\"@type\":\"BreadcrumbList\",\"@id\":\"https:\/\/eautomobiliai.lt\/index.php\/2025\/04\/02\/ar-sealion-paskatins-byd-i-didele-pardavimo-sekme-jk-ir-europoje\/#breadcrumb\",\"itemListElement\":[{\"@type\":\"ListItem\",\"position\":1,\"name\":\"Home\",\"item\":\"https:\/\/eautomobiliai.lt\/\"},{\"@type\":\"ListItem\",\"position\":2,\"name\":\"Ar \u201eSealion\u201c paskatins BYD \u012f didel\u0119 pardavimo s\u0117km\u0119 JK ir Europoje?\"}]},{\"@type\":\"WebSite\",\"@id\":\"https:\/\/eautomobiliai.lt\/#website\",\"url\":\"https:\/\/eautomobiliai.lt\/\",\"name\":\"Eautomobiliai.lt\",\"description\":\"Elektrinis transportas, technologijos\",\"potentialAction\":[{\"@type\":\"SearchAction\",\"target\":{\"@type\":\"EntryPoint\",\"urlTemplate\":\"https:\/\/eautomobiliai.lt\/?s={search_term_string}\"},\"query-input\":{\"@type\":\"PropertyValueSpecification\",\"valueRequired\":true,\"valueName\":\"search_term_string\"}}],\"inLanguage\":\"lt-LT\"},{\"@type\":\"Person\",\"@id\":\"https:\/\/eautomobiliai.lt\/#\/schema\/person\/ecf2a967f361217d056061f74deb92f2\",\"name\":\"admin\",\"image\":{\"@type\":\"ImageObject\",\"inLanguage\":\"lt-LT\",\"@id\":\"https:\/\/eautomobiliai.lt\/#\/schema\/person\/image\/\",\"url\":\"https:\/\/secure.gravatar.com\/avatar\/6323379efae0c70c686c7905444d6bbd?s=96&d=mm&r=g\",\"contentUrl\":\"https:\/\/secure.gravatar.com\/avatar\/6323379efae0c70c686c7905444d6bbd?s=96&d=mm&r=g\",\"caption\":\"admin\"},\"sameAs\":[\"http:\/\/eautomobiliai.lt\"],\"url\":\"http:\/\/eautomobiliai.lt\/index.php\/author\/admin\/\"}]}<\/script>\n<!-- \/ Yoast SEO plugin. -->","yoast_head_json":{"title":"Ar \u201eSealion\u201c paskatins BYD \u012f didel\u0119 pardavimo s\u0117km\u0119 JK ir Europoje? - Eautomobiliai.lt","robots":{"index":"index","follow":"follow","max-snippet":"max-snippet:-1","max-image-preview":"max-image-preview:large","max-video-preview":"max-video-preview:-1"},"canonical":"https:\/\/eautomobiliai.lt\/index.php\/2025\/04\/02\/ar-sealion-paskatins-byd-i-didele-pardavimo-sekme-jk-ir-europoje\/","og_locale":"lt_LT","og_type":"article","og_title":"Ar \u201eSealion\u201c paskatins BYD \u012f didel\u0119 pardavimo s\u0117km\u0119 JK ir Europoje? - Eautomobiliai.lt","og_description":"Kai elektrin\u0117s transporto priemon\u0117s (EV) ir toliau \u012fgauna pagreit\u012f automobili\u0173 pramon\u0117je, Kinijos gamintojas BYD &#8211; trumpai skirtas kurti savo svajones&hellip;","og_url":"https:\/\/eautomobiliai.lt\/index.php\/2025\/04\/02\/ar-sealion-paskatins-byd-i-didele-pardavimo-sekme-jk-ir-europoje\/","og_site_name":"Eautomobiliai.lt","article_published_time":"2025-04-02T07:10:00+00:00","og_image":[{"width":1344,"height":768,"url":"https:\/\/eautomobiliai.lt\/wp-content\/uploads\/2025\/04\/Ar-\u201eSealion-paskatins-BYD-i-didele-pardavimo-sekme-JK-ir.jpg","type":"image\/jpeg"}],"author":"admin","twitter_card":"summary_large_image","twitter_misc":{"Written by":"admin","Est. reading time":"3 minut\u0117s"},"schema":{"@context":"https:\/\/schema.org","@graph":[{"@type":"Article","@id":"https:\/\/eautomobiliai.lt\/index.php\/2025\/04\/02\/ar-sealion-paskatins-byd-i-didele-pardavimo-sekme-jk-ir-europoje\/#article","isPartOf":{"@id":"https:\/\/eautomobiliai.lt\/index.php\/2025\/04\/02\/ar-sealion-paskatins-byd-i-didele-pardavimo-sekme-jk-ir-europoje\/"},"author":{"name":"admin","@id":"https:\/\/eautomobiliai.lt\/#\/schema\/person\/ecf2a967f361217d056061f74deb92f2"},"headline":"Ar \u201eSealion\u201c paskatins BYD \u012f didel\u0119 pardavimo s\u0117km\u0119 JK ir Europoje?","datePublished":"2025-04-02T07:10:00+00:00","mainEntityOfPage":{"@id":"https:\/\/eautomobiliai.lt\/index.php\/2025\/04\/02\/ar-sealion-paskatins-byd-i-didele-pardavimo-sekme-jk-ir-europoje\/"},"wordCount":622,"commentCount":0,"image":{"@id":"https:\/\/eautomobiliai.lt\/index.php\/2025\/04\/02\/ar-sealion-paskatins-byd-i-didele-pardavimo-sekme-jk-ir-europoje\/#primaryimage"},"thumbnailUrl":"http:\/\/eautomobiliai.lt\/wp-content\/uploads\/2025\/04\/Ar-\u201eSealion-paskatins-BYD-i-didele-pardavimo-sekme-JK-ir.jpg","keywords":["BYD","didel\u0119","Europoje","pardavimo","paskatins","Sealion","s\u0117km\u0119"],"articleSection":["eAUTOMOBILI\u0172 TECHNIN\u0116 PUS\u0116"],"inLanguage":"lt-LT","potentialAction":[{"@type":"CommentAction","name":"Comment","target":["https:\/\/eautomobiliai.lt\/index.php\/2025\/04\/02\/ar-sealion-paskatins-byd-i-didele-pardavimo-sekme-jk-ir-europoje\/#respond"]}]},{"@type":"WebPage","@id":"https:\/\/eautomobiliai.lt\/index.php\/2025\/04\/02\/ar-sealion-paskatins-byd-i-didele-pardavimo-sekme-jk-ir-europoje\/","url":"https:\/\/eautomobiliai.lt\/index.php\/2025\/04\/02\/ar-sealion-paskatins-byd-i-didele-pardavimo-sekme-jk-ir-europoje\/","name":"Ar \u201eSealion\u201c paskatins BYD \u012f didel\u0119 pardavimo s\u0117km\u0119 JK ir Europoje? - Eautomobiliai.lt","isPartOf":{"@id":"https:\/\/eautomobiliai.lt\/#website"},"primaryImageOfPage":{"@id":"https:\/\/eautomobiliai.lt\/index.php\/2025\/04\/02\/ar-sealion-paskatins-byd-i-didele-pardavimo-sekme-jk-ir-europoje\/#primaryimage"},"image":{"@id":"https:\/\/eautomobiliai.lt\/index.php\/2025\/04\/02\/ar-sealion-paskatins-byd-i-didele-pardavimo-sekme-jk-ir-europoje\/#primaryimage"},"thumbnailUrl":"http:\/\/eautomobiliai.lt\/wp-content\/uploads\/2025\/04\/Ar-\u201eSealion-paskatins-BYD-i-didele-pardavimo-sekme-JK-ir.jpg","datePublished":"2025-04-02T07:10:00+00:00","author":{"@id":"https:\/\/eautomobiliai.lt\/#\/schema\/person\/ecf2a967f361217d056061f74deb92f2"},"breadcrumb":{"@id":"https:\/\/eautomobiliai.lt\/index.php\/2025\/04\/02\/ar-sealion-paskatins-byd-i-didele-pardavimo-sekme-jk-ir-europoje\/#breadcrumb"},"inLanguage":"lt-LT","potentialAction":[{"@type":"ReadAction","target":["https:\/\/eautomobiliai.lt\/index.php\/2025\/04\/02\/ar-sealion-paskatins-byd-i-didele-pardavimo-sekme-jk-ir-europoje\/"]}]},{"@type":"ImageObject","inLanguage":"lt-LT","@id":"https:\/\/eautomobiliai.lt\/index.php\/2025\/04\/02\/ar-sealion-paskatins-byd-i-didele-pardavimo-sekme-jk-ir-europoje\/#primaryimage","url":"http:\/\/eautomobiliai.lt\/wp-content\/uploads\/2025\/04\/Ar-\u201eSealion-paskatins-BYD-i-didele-pardavimo-sekme-JK-ir.jpg","contentUrl":"http:\/\/eautomobiliai.lt\/wp-content\/uploads\/2025\/04\/Ar-\u201eSealion-paskatins-BYD-i-didele-pardavimo-sekme-JK-ir.jpg","width":1344,"height":768},{"@type":"BreadcrumbList","@id":"https:\/\/eautomobiliai.lt\/index.php\/2025\/04\/02\/ar-sealion-paskatins-byd-i-didele-pardavimo-sekme-jk-ir-europoje\/#breadcrumb","itemListElement":[{"@type":"ListItem","position":1,"name":"Home","item":"https:\/\/eautomobiliai.lt\/"},{"@type":"ListItem","position":2,"name":"Ar \u201eSealion\u201c paskatins BYD \u012f didel\u0119 pardavimo s\u0117km\u0119 JK ir Europoje?"}]},{"@type":"WebSite","@id":"https:\/\/eautomobiliai.lt\/#website","url":"https:\/\/eautomobiliai.lt\/","name":"Eautomobiliai.lt","description":"Elektrinis transportas, technologijos","potentialAction":[{"@type":"SearchAction","target":{"@type":"EntryPoint","urlTemplate":"https:\/\/eautomobiliai.lt\/?s={search_term_string}"},"query-input":{"@type":"PropertyValueSpecification","valueRequired":true,"valueName":"search_term_string"}}],"inLanguage":"lt-LT"},{"@type":"Person","@id":"https:\/\/eautomobiliai.lt\/#\/schema\/person\/ecf2a967f361217d056061f74deb92f2","name":"admin","image":{"@type":"ImageObject","inLanguage":"lt-LT","@id":"https:\/\/eautomobiliai.lt\/#\/schema\/person\/image\/","url":"https:\/\/secure.gravatar.com\/avatar\/6323379efae0c70c686c7905444d6bbd?s=96&d=mm&r=g","contentUrl":"https:\/\/secure.gravatar.com\/avatar\/6323379efae0c70c686c7905444d6bbd?s=96&d=mm&r=g","caption":"admin"},"sameAs":["http:\/\/eautomobiliai.lt"],"url":"http:\/\/eautomobiliai.lt\/index.php\/author\/admin\/"}]}},"_links":{"self":[{"href":"http:\/\/eautomobiliai.lt\/index.php\/wp-json\/wp\/v2\/posts\/341","targetHints":{"allow":["GET"]}}],"collection":[{"href":"http:\/\/eautomobiliai.lt\/index.php\/wp-json\/wp\/v2\/posts"}],"about":[{"href":"http:\/\/eautomobiliai.lt\/index.php\/wp-json\/wp\/v2\/types\/post"}],"author":[{"embeddable":true,"href":"http:\/\/eautomobiliai.lt\/index.php\/wp-json\/wp\/v2\/users\/1"}],"replies":[{"embeddable":true,"href":"http:\/\/eautomobiliai.lt\/index.php\/wp-json\/wp\/v2\/comments?post=341"}],"version-history":[{"count":0,"href":"http:\/\/eautomobiliai.lt\/index.php\/wp-json\/wp\/v2\/posts\/341\/revisions"}],"wp:featuredmedia":[{"embeddable":true,"href":"http:\/\/eautomobiliai.lt\/index.php\/wp-json\/wp\/v2\/media\/342"}],"wp:attachment":[{"href":"http:\/\/eautomobiliai.lt\/index.php\/wp-json\/wp\/v2\/media?parent=341"}],"wp:term":[{"taxonomy":"category","embeddable":true,"href":"http:\/\/eautomobiliai.lt\/index.php\/wp-json\/wp\/v2\/categories?post=341"},{"taxonomy":"post_tag","embeddable":true,"href":"http:\/\/eautomobiliai.lt\/index.php\/wp-json\/wp\/v2\/tags?post=341"}],"curies":[{"name":"wp","href":"https:\/\/api.w.org\/{rel}","templated":true}]}}