{"id":3541,"date":"2026-02-21T12:57:46","date_gmt":"2026-02-21T12:57:46","guid":{"rendered":"http:\/\/eautomobiliai.lt\/index.php\/2026\/02\/21\/kia-atnaujina-savo-naujaji-ev-visureigi-kapitaliskai-atnaujindama-salona\/"},"modified":"2026-02-21T12:57:46","modified_gmt":"2026-02-21T12:57:46","slug":"kia-atnaujina-savo-naujaji-ev-visureigi-kapitaliskai-atnaujindama-salona","status":"publish","type":"post","link":"http:\/\/eautomobiliai.lt\/index.php\/2026\/02\/21\/kia-atnaujina-savo-naujaji-ev-visureigi-kapitaliskai-atnaujindama-salona\/","title":{"rendered":"\u201eKia\u201c atnaujina savo nauj\u0105j\u012f EV visureig\u012f kapitali\u0161kai atnaujindama salon\u0105"},"content":{"rendered":"<p> <br \/>\n<\/p>\n<div wp_automatic_readability=\"129.1906653426\">\n<figure class=\"img-border featured-image\">\n<p>\t<br \/>\n\t<\/figure>\n<p>EV5, naujasis Kia vidutinio dyd\u017eio elektrinis visureigis, pradedamas kapitali\u0161kai remontuoti. Nors i\u0161or\u0117 jau atrodo kaip atnaujinimas, vidus buvo pasteb\u0117tas netik\u0117ta staigmena.<\/p>\n<p><span id=\"more-455832\"\/><\/p>\n<h2 class=\"wp-block-heading\" id=\"h-kia-ev5-suv-facelift-spotted-with-new-design-and-tech\">\u201eKia EV5\u201c visureigis buvo patobulintas su nauju dizainu ir technologijomis<\/h2>\n<p>2023 m. Kinijoje pristatytas EV5, naujasis elektrinis visureigis \u201eKia\u201c pasauliniu mastu debiutavo 2025 m. pabaigoje. Nors Europoje, Kor\u0117joje, Kanadoje, Australijoje ir kitose pasaulio rinkose jis tik pradedamas gaminti, \u201eKia\u201c jau kuria atnaujint\u0105 versij\u0105.<\/p>\n<p>EV5 patobulinimas neseniai pirm\u0105 kart\u0105 buvo pasteb\u0117tas ant automobili\u0173 ve\u017e\u0117jo Kor\u0117joje, atskleid\u017eiant kelet\u0105 nauj\u0173 dizaino atnaujinim\u0173.<\/p>\n<p>Nors jis u\u017edengtas, dabar galite pamatyti, kad priekiniai \u017eibintai pasi\u017eymi i\u0161skirtiniu \u201eKia\u201c trij\u0173 \u0161ak\u0173 dizainu, kaip matyti K4, K5 ir EV3 modeliuose.<\/p>\n<p>\t<span class=\"outbrain-ad-label\">Reklama \u2013 slinkite, kad gautum\u0117te daugiau turinio<\/span><\/p>\n<p>Atrodo, kad priekinis bamperis taip pat pasi\u017eymi platesniu, agresyvesniu dizainu, pana\u0161iu \u012f EV5 WKNDR Concept, Kia \u201enuotyki\u0173 kupin\u0105\u201c elektrinio visureigio koncepcij\u0105 i\u0161 pra\u0117jusi\u0173 met\u0173 Guangd\u017eou automobili\u0173 parodoje Kinijoje.<\/p>\n<p>I\u0161 galo jis atrodo dar labiau pana\u0161us \u012f WKNDR (nuotrauka \u017eemiau) su visi\u0161kai pertvarkytu buferiu, o nauji ratai suteikia tvirto, bekel\u0117s poj\u016bt\u012f.<\/p>\n<p><iframe loading=\"lazy\" title=\"\ub0b4\ub824\uac00\uae30 \uc804\uc5d0 \ubcf4\uc138\uc694\u203c\ufe0f\uae30\uc544 EV5 \ud398\uc774\uc2a4\ub9ac\ud504\ud2b8 \uc2e4\ub0b4 \uc5ed\ub300\uae09 \uc815\ubcf4\u203c\ufe0f\" width=\"640\" height=\"360\" src=\"https:\/\/www.youtube.com\/embed\/zZ9FSzXg3JU?feature=oembed\" frameborder=\"0\" allow=\"accelerometer; autoplay; clipboard-write; encrypted-media; gyroscope; picture-in-picture; web-share\" referrerpolicy=\"strict-origin-when-cross-origin\" allowfullscreen><\/iframe><\/p>\n<p>Taip pat pirm\u0105 kart\u0105 pa\u017evelg\u0117me \u012f interjer\u0105 naujo vaizdo \u012fra\u0161o d\u0117ka <em>HealerTV<\/em>atskleid\u017eiant visi\u0161kai nauj\u0105 s\u0105rank\u0105. Viso to centre \u2013 nauja \u201eHyundai\u201c informacin\u0117 ir pramog\u0173 sistema \u201ePleos\u201c ir OS.<\/p>\n<p>Atnaujintas EV5 buvo u\u017efiksuotas naudojant t\u0105 pa\u010di\u0105 s\u0105rank\u0105 kaip ir \u201eHyundai\u201c transporto priemon\u0117se su \u201ePleos\u201c (pvz., Kinijoje pagamintas EO visureigis), ta\u010diau prietais\u0173 ekranas yra \u0161iek tiek \u017eemesnis nei \u201eHyundai\u201c transporto priemoni\u0173, tod\u0117l jis yra prietais\u0173 skydelio vir\u0161uje. Dabar ekranas t\u0119siasi iki pat keleivio s\u0117dyn\u0117s.<\/p>\n<figure class=\"wp-block-image alignwide size-large\"><img loading=\"lazy\" decoding=\"async\" height=\"512\" width=\"1024\" src=\"https:\/\/electrek.co\/wp-content\/uploads\/sites\/3\/2025\/07\/Hyundai-Elexio-EV-interior.jpeg?quality=82&amp;strip=all&amp;w=1024\" alt=\"EV5 atnaujinimas\" class=\"wp-image-423849\" srcset=\"https:\/\/electrek.co\/wp-content\/uploads\/sites\/3\/2025\/07\/Hyundai-Elexio-EV-interior.jpeg 1400w, https:\/\/electrek.co\/wp-content\/uploads\/sites\/3\/2025\/07\/Hyundai-Elexio-EV-interior.jpeg?resize=150,75 150w, https:\/\/electrek.co\/wp-content\/uploads\/sites\/3\/2025\/07\/Hyundai-Elexio-EV-interior.jpeg?resize=300,150 300w, https:\/\/electrek.co\/wp-content\/uploads\/sites\/3\/2025\/07\/Hyundai-Elexio-EV-interior.jpeg?resize=768,384 768w, https:\/\/electrek.co\/wp-content\/uploads\/sites\/3\/2025\/07\/Hyundai-Elexio-EV-interior.jpeg?resize=1024,512 1024w, https:\/\/electrek.co\/wp-content\/uploads\/sites\/3\/2025\/07\/Hyundai-Elexio-EV-interior.jpeg?resize=350,175 350w, https:\/\/electrek.co\/wp-content\/uploads\/sites\/3\/2025\/07\/Hyundai-Elexio-EV-interior.jpeg?resize=140,70 140w, https:\/\/electrek.co\/wp-content\/uploads\/sites\/3\/2025\/07\/Hyundai-Elexio-EV-interior.jpeg?resize=290,145 290w, https:\/\/electrek.co\/wp-content\/uploads\/sites\/3\/2025\/07\/Hyundai-Elexio-EV-interior.jpeg?resize=600,300 600w\" sizes=\"auto, (max-width: 1024px) 100vw, 1024px\"\/><figcaption class=\"wp-element-caption\">\u201eHyundai EO\u201c elektrinio visureigio interjeras su \u201ePleos\u201c informacijos ir pramog\u0173 sistema ir OS (\u0160altinis: Pekino \u201eHyundai\u201c)<\/figcaption><\/figure>\n<p>Dabartinis EV5 turi 400 V elektros sistem\u0105, o ne 800 V E-GMP sistem\u0105, kuri\u0105 naudoja daugelis kit\u0173 EV, kad b\u016bt\u0173 suma\u017eintos i\u0161laidos. <\/p>\n<p>Pagal <em>\u201eTheKoreanCarBlog\u201c.<\/em>tai bus d\u0117mesio sritis, grei\u010diausiai sistemos atnaujinimas, kad b\u016bt\u0173 galima grei\u010diau \u012fkrauti, o tai yra vienas did\u017eiausi\u0173 EV5 tr\u016bkum\u0173.<\/p>\n<blockquote class=\"instagram-media\" data-instgrm-permalink=\"https:\/\/www.instagram.com\/p\/DU8__iugNx4\/?utm_source=ig_embed&amp;utm_campaign=loading\" data-instgrm-version=\"14\" style=\" background:#FFF; border:0; border-radius:3px; box-shadow:0 0 1px 0 rgba(0,0,0,0.5),0 1px 10px 0 rgba(0,0,0,0.15); margin: 1px; max-width:540px; min-width:326px; padding:0; width:99.375%; width:-webkit-calc(100% - 2px); width:calc(100% - 2px);\" wp_automatic_readability=\"-0.27272727272727\"\/>\n<p>Atnaujinimai patvirtina \u201eKia\u201c planus tapti daugiau nei pigiu prek\u0117s \u017eenklu su eleganti\u0161komis, efektyviomis transporto priemon\u0117mis, pakrautomis moderniomis technologijomis. Kai EV5 pirm\u0105 kart\u0105 buvo pristatytas Kinijoje 2023 m., jis buvo pla\u010diai laikomas teis\u0117tu \u201eTesla Model Y\u201c konkurentu. Naujausi \u201eKia\u201c atnaujinimai pad\u0117s jam konkuruoti, kai jis i\u0161keliaus \u012f naujas pasaulines rinkas.<\/p>\n<p>Tikimasi, kad atnaujintas Kia EV5 tur\u0117s \u012ftakos tvirtam EV5 WKNDR Concept (nuotrauka \u017eemiau) tiek viduje, tiek i\u0161or\u0117je.<\/p>\n<p>4610 mm ilgio, 1875 mm plo\u010dio ir 1675 mm auk\u0161\u010dio ir 2750 mm rat\u0173 baz\u0117s EV5 yra ma\u017edaug 10 mm platesnis, 70 mm ilgesnis ir 30 mm auk\u0161tesnis nei Kia Sportage.<\/p>\n<p>Kia vidutinio dyd\u017eio elektrinis visureigis si\u016blo \u201egeriausi\u0105 klas\u0117je\u201c galin\u0119 keleivi\u0173 erdv\u0119 ir iki 1041 mm antrosios eil\u0117s vietos kojoms.<\/p>\n<p>Europoje Kia EV5 galima \u012fsigyti su tais pa\u010diais akumuliatoriais, kuri\u0173 WLTP atstumas yra 400 km (248 myli\u0173) ir 530 km (329 myli\u0173). JK kainos prasideda nuo \u00a339 295 (53 000 USD) kelyje (OTR).<\/p>\n<figure class=\"wp-block-image alignwide size-large\"><img loading=\"lazy\" decoding=\"async\" height=\"512\" width=\"1024\" src=\"https:\/\/electrek.co\/wp-content\/uploads\/sites\/3\/2025\/09\/Kia-EV-lead-2.jpeg?quality=82&amp;strip=all&amp;w=1024\" alt=\"EV5 atnaujinimas\" class=\"wp-image-433685\" srcset=\"https:\/\/electrek.co\/wp-content\/uploads\/sites\/3\/2025\/09\/Kia-EV-lead-2.jpeg 1400w, https:\/\/electrek.co\/wp-content\/uploads\/sites\/3\/2025\/09\/Kia-EV-lead-2.jpeg?resize=150,75 150w, https:\/\/electrek.co\/wp-content\/uploads\/sites\/3\/2025\/09\/Kia-EV-lead-2.jpeg?resize=300,150 300w, https:\/\/electrek.co\/wp-content\/uploads\/sites\/3\/2025\/09\/Kia-EV-lead-2.jpeg?resize=768,384 768w, https:\/\/electrek.co\/wp-content\/uploads\/sites\/3\/2025\/09\/Kia-EV-lead-2.jpeg?resize=1024,512 1024w, https:\/\/electrek.co\/wp-content\/uploads\/sites\/3\/2025\/09\/Kia-EV-lead-2.jpeg?resize=350,175 350w, https:\/\/electrek.co\/wp-content\/uploads\/sites\/3\/2025\/09\/Kia-EV-lead-2.jpeg?resize=140,70 140w, https:\/\/electrek.co\/wp-content\/uploads\/sites\/3\/2025\/09\/Kia-EV-lead-2.jpeg?resize=290,145 290w, https:\/\/electrek.co\/wp-content\/uploads\/sites\/3\/2025\/09\/Kia-EV-lead-2.jpeg?resize=600,300 600w\" sizes=\"auto, (max-width: 1024px) 100vw, 1024px\"\/><figcaption class=\"wp-element-caption\">\u201eKia EV5\u201c (\u0161altinis: \u201eKia\u201c)<\/figcaption><\/figure>\n<p>Tikimasi, kad \u201eKia\u201c atnaujint\u0105 model\u012f pristatys 2027 m. prad\u017eioje, tod\u0117l netrukus tur\u0117tume su\u017einoti daugiau apie dabar testuojamus prototipus.<\/p>\n<p>EV5 buvo kertinis Kia sugr\u012f\u017eimo Kinijoje akmuo ir tapo geriausiai parduodamu elektromobiliu u\u017esienio rinkose, pavyzd\u017eiui, Australijoje. \u201eKia\u201c atnaujina savo vidutinio dyd\u017eio elektrin\u012f visureig\u012f, kad gal\u0117t\u0173 konkuruoti su geriausiais parduodamais elektromobiliais, tokiais kaip \u201eTesla Model Y\u201c ir \u201eBYD Sealion 7\u201c.<\/p>\n<p>Kol Kia atnaujina savo vidutinio dyd\u017eio elektrin\u012f visureig\u012f, \u0161i\u0105 savait\u0119 buvo pasteb\u0117tas ir Hyundai IONIQ 5 prototipas su atnaujintu interjeru.<\/p>\n<div class=\"google-preferred-source-badge\">\n<p>\t\t\t<img decoding=\"async\" class=\"google-preferred-source-badge-dark\" src=\"https:\/\/electrek.co\/wp-content\/themes\/ninetofive\/dist\/images\/google-preferred-source-badge-dark.png\" alt=\"Prid\u0117kite \u201eElectrek\u201c kaip pageidaujam\u0105 \u201eGoogle\u201c \u0161altin\u012f\"\/><br \/>\n\t\t\t<img decoding=\"async\" class=\"google-preferred-source-badge-light\" src=\"https:\/\/electrek.co\/wp-content\/themes\/ninetofive\/dist\/images\/google-preferred-source-badge-light.png\" alt=\"Prid\u0117kite \u201eElectrek\u201c kaip pageidaujam\u0105 \u201eGoogle\u201c \u0161altin\u012f\"\/><\/p><\/div>\n<div class=\"ad-disclaimer-container\" wp_automatic_readability=\"6.3518518518519\">\n<p class=\"disclaimer-affiliate\"><em>FTC: naudojame pajamas u\u017edirban\u010di\u0173 automobili\u0173 filial\u0173 nuorodas.<\/em> Daugiau.<\/p>\n<p><!-- post ad --><\/div>\n<\/p><\/div>\n<p><script async src=\"\/\/www.instagram.com\/embed.js\"><\/script><br \/>\n<br \/><br \/>\n<br \/><a href=\"https:\/\/electrek.co\/2026\/02\/20\/kia-refreshing-new-ev-suv-major-interior-overhaul\/\">Source link <\/a><\/p>\n","protected":false},"excerpt":{"rendered":"<p>EV5, naujasis Kia vidutinio dyd\u017eio elektrinis visureigis, pradedamas kapitali\u0161kai remontuoti. Nors i\u0161or\u0117 jau atrodo kaip atnaujinimas, vidus buvo pasteb\u0117tas netik\u0117ta&hellip;<\/p>\n","protected":false},"author":1,"featured_media":3542,"comment_status":"open","ping_status":"open","sticky":false,"template":"","format":"standard","meta":{"om_disable_all_campaigns":false,"_monsterinsights_skip_tracking":false,"_monsterinsights_sitenote_active":false,"_monsterinsights_sitenote_note":"","_monsterinsights_sitenote_category":0,"footnotes":""},"categories":[8],"tags":[2347,5456,5455,121,1770,2439,183,81],"class_list":["post-3541","post","type-post","status-publish","format-standard","has-post-thumbnail","hentry","category-elektriniai-automobiliai","tag-atnaujina","tag-atnaujindama","tag-kapitaliskai","tag-kia","tag-naujaji","tag-salona","tag-savo","tag-visureigi"],"aioseo_notices":[],"yoast_head":"<!-- This site is optimized with the Yoast SEO plugin v26.8 - https:\/\/yoast.com\/product\/yoast-seo-wordpress\/ -->\n<title>\u201eKia\u201c atnaujina savo nauj\u0105j\u012f EV visureig\u012f kapitali\u0161kai atnaujindama salon\u0105 - Eautomobiliai.lt<\/title>\n<meta name=\"robots\" content=\"index, follow, max-snippet:-1, max-image-preview:large, max-video-preview:-1\" \/>\n<link rel=\"canonical\" href=\"http:\/\/eautomobiliai.lt\/index.php\/2026\/02\/21\/kia-atnaujina-savo-naujaji-ev-visureigi-kapitaliskai-atnaujindama-salona\/\" \/>\n<meta property=\"og:locale\" content=\"lt_LT\" \/>\n<meta property=\"og:type\" content=\"article\" \/>\n<meta property=\"og:title\" content=\"\u201eKia\u201c atnaujina savo nauj\u0105j\u012f EV visureig\u012f kapitali\u0161kai atnaujindama salon\u0105 - Eautomobiliai.lt\" \/>\n<meta property=\"og:description\" content=\"EV5, naujasis Kia vidutinio dyd\u017eio elektrinis visureigis, pradedamas kapitali\u0161kai remontuoti. Nors i\u0161or\u0117 jau atrodo kaip atnaujinimas, vidus buvo pasteb\u0117tas netik\u0117ta&hellip;\" \/>\n<meta property=\"og:url\" content=\"http:\/\/eautomobiliai.lt\/index.php\/2026\/02\/21\/kia-atnaujina-savo-naujaji-ev-visureigi-kapitaliskai-atnaujindama-salona\/\" \/>\n<meta property=\"og:site_name\" content=\"Eautomobiliai.lt\" \/>\n<meta property=\"article:published_time\" content=\"2026-02-21T12:57:46+00:00\" \/>\n<meta property=\"og:image\" content=\"http:\/\/eautomobiliai.lt\/wp-content\/uploads\/2026\/02\/\u201eKia-atnaujina-savo-naujaji-EV-visureigi-kapitaliskai-atnaujindama-salona.jpeg\" \/>\n\t<meta property=\"og:image:width\" content=\"1200\" \/>\n\t<meta property=\"og:image:height\" content=\"628\" \/>\n\t<meta property=\"og:image:type\" content=\"image\/jpeg\" \/>\n<meta name=\"author\" content=\"admin\" \/>\n<meta name=\"twitter:card\" content=\"summary_large_image\" \/>\n<meta name=\"twitter:label1\" content=\"Written by\" \/>\n\t<meta name=\"twitter:data1\" content=\"admin\" \/>\n\t<meta name=\"twitter:label2\" content=\"Est. reading time\" \/>\n\t<meta name=\"twitter:data2\" content=\"3 minut\u0117s\" \/>\n<script type=\"application\/ld+json\" class=\"yoast-schema-graph\">{\"@context\":\"https:\/\/schema.org\",\"@graph\":[{\"@type\":\"Article\",\"@id\":\"http:\/\/eautomobiliai.lt\/index.php\/2026\/02\/21\/kia-atnaujina-savo-naujaji-ev-visureigi-kapitaliskai-atnaujindama-salona\/#article\",\"isPartOf\":{\"@id\":\"http:\/\/eautomobiliai.lt\/index.php\/2026\/02\/21\/kia-atnaujina-savo-naujaji-ev-visureigi-kapitaliskai-atnaujindama-salona\/\"},\"author\":{\"name\":\"admin\",\"@id\":\"http:\/\/eautomobiliai.lt\/#\/schema\/person\/ecf2a967f361217d056061f74deb92f2\"},\"headline\":\"\u201eKia\u201c atnaujina savo nauj\u0105j\u012f EV visureig\u012f kapitali\u0161kai atnaujindama salon\u0105\",\"datePublished\":\"2026-02-21T12:57:46+00:00\",\"mainEntityOfPage\":{\"@id\":\"http:\/\/eautomobiliai.lt\/index.php\/2026\/02\/21\/kia-atnaujina-savo-naujaji-ev-visureigi-kapitaliskai-atnaujindama-salona\/\"},\"wordCount\":605,\"commentCount\":0,\"image\":{\"@id\":\"http:\/\/eautomobiliai.lt\/index.php\/2026\/02\/21\/kia-atnaujina-savo-naujaji-ev-visureigi-kapitaliskai-atnaujindama-salona\/#primaryimage\"},\"thumbnailUrl\":\"http:\/\/eautomobiliai.lt\/wp-content\/uploads\/2026\/02\/\u201eKia-atnaujina-savo-naujaji-EV-visureigi-kapitaliskai-atnaujindama-salona.jpeg\",\"keywords\":[\"atnaujina\",\"atnaujindama\",\"kapitali\u0161kai\",\"Kia\",\"nauj\u0105j\u012f\",\"salon\u0105\",\"savo\",\"visureig\u012f\"],\"articleSection\":[\"ELEKTRINIAI AUTOMOBILIAI\"],\"inLanguage\":\"lt-LT\",\"potentialAction\":[{\"@type\":\"CommentAction\",\"name\":\"Comment\",\"target\":[\"http:\/\/eautomobiliai.lt\/index.php\/2026\/02\/21\/kia-atnaujina-savo-naujaji-ev-visureigi-kapitaliskai-atnaujindama-salona\/#respond\"]}]},{\"@type\":\"WebPage\",\"@id\":\"http:\/\/eautomobiliai.lt\/index.php\/2026\/02\/21\/kia-atnaujina-savo-naujaji-ev-visureigi-kapitaliskai-atnaujindama-salona\/\",\"url\":\"http:\/\/eautomobiliai.lt\/index.php\/2026\/02\/21\/kia-atnaujina-savo-naujaji-ev-visureigi-kapitaliskai-atnaujindama-salona\/\",\"name\":\"\u201eKia\u201c atnaujina savo nauj\u0105j\u012f EV visureig\u012f kapitali\u0161kai atnaujindama salon\u0105 - Eautomobiliai.lt\",\"isPartOf\":{\"@id\":\"http:\/\/eautomobiliai.lt\/#website\"},\"primaryImageOfPage\":{\"@id\":\"http:\/\/eautomobiliai.lt\/index.php\/2026\/02\/21\/kia-atnaujina-savo-naujaji-ev-visureigi-kapitaliskai-atnaujindama-salona\/#primaryimage\"},\"image\":{\"@id\":\"http:\/\/eautomobiliai.lt\/index.php\/2026\/02\/21\/kia-atnaujina-savo-naujaji-ev-visureigi-kapitaliskai-atnaujindama-salona\/#primaryimage\"},\"thumbnailUrl\":\"http:\/\/eautomobiliai.lt\/wp-content\/uploads\/2026\/02\/\u201eKia-atnaujina-savo-naujaji-EV-visureigi-kapitaliskai-atnaujindama-salona.jpeg\",\"datePublished\":\"2026-02-21T12:57:46+00:00\",\"author\":{\"@id\":\"http:\/\/eautomobiliai.lt\/#\/schema\/person\/ecf2a967f361217d056061f74deb92f2\"},\"breadcrumb\":{\"@id\":\"http:\/\/eautomobiliai.lt\/index.php\/2026\/02\/21\/kia-atnaujina-savo-naujaji-ev-visureigi-kapitaliskai-atnaujindama-salona\/#breadcrumb\"},\"inLanguage\":\"lt-LT\",\"potentialAction\":[{\"@type\":\"ReadAction\",\"target\":[\"http:\/\/eautomobiliai.lt\/index.php\/2026\/02\/21\/kia-atnaujina-savo-naujaji-ev-visureigi-kapitaliskai-atnaujindama-salona\/\"]}]},{\"@type\":\"ImageObject\",\"inLanguage\":\"lt-LT\",\"@id\":\"http:\/\/eautomobiliai.lt\/index.php\/2026\/02\/21\/kia-atnaujina-savo-naujaji-ev-visureigi-kapitaliskai-atnaujindama-salona\/#primaryimage\",\"url\":\"http:\/\/eautomobiliai.lt\/wp-content\/uploads\/2026\/02\/\u201eKia-atnaujina-savo-naujaji-EV-visureigi-kapitaliskai-atnaujindama-salona.jpeg\",\"contentUrl\":\"http:\/\/eautomobiliai.lt\/wp-content\/uploads\/2026\/02\/\u201eKia-atnaujina-savo-naujaji-EV-visureigi-kapitaliskai-atnaujindama-salona.jpeg\",\"width\":1200,\"height\":628},{\"@type\":\"BreadcrumbList\",\"@id\":\"http:\/\/eautomobiliai.lt\/index.php\/2026\/02\/21\/kia-atnaujina-savo-naujaji-ev-visureigi-kapitaliskai-atnaujindama-salona\/#breadcrumb\",\"itemListElement\":[{\"@type\":\"ListItem\",\"position\":1,\"name\":\"Home\",\"item\":\"http:\/\/eautomobiliai.lt\/\"},{\"@type\":\"ListItem\",\"position\":2,\"name\":\"\u201eKia\u201c atnaujina savo nauj\u0105j\u012f EV visureig\u012f kapitali\u0161kai atnaujindama salon\u0105\"}]},{\"@type\":\"WebSite\",\"@id\":\"http:\/\/eautomobiliai.lt\/#website\",\"url\":\"http:\/\/eautomobiliai.lt\/\",\"name\":\"Eautomobiliai.lt\",\"description\":\"Elektrinis transportas, technologijos\",\"potentialAction\":[{\"@type\":\"SearchAction\",\"target\":{\"@type\":\"EntryPoint\",\"urlTemplate\":\"http:\/\/eautomobiliai.lt\/?s={search_term_string}\"},\"query-input\":{\"@type\":\"PropertyValueSpecification\",\"valueRequired\":true,\"valueName\":\"search_term_string\"}}],\"inLanguage\":\"lt-LT\"},{\"@type\":\"Person\",\"@id\":\"http:\/\/eautomobiliai.lt\/#\/schema\/person\/ecf2a967f361217d056061f74deb92f2\",\"name\":\"admin\",\"image\":{\"@type\":\"ImageObject\",\"inLanguage\":\"lt-LT\",\"@id\":\"http:\/\/eautomobiliai.lt\/#\/schema\/person\/image\/\",\"url\":\"https:\/\/secure.gravatar.com\/avatar\/6323379efae0c70c686c7905444d6bbd?s=96&d=mm&r=g\",\"contentUrl\":\"https:\/\/secure.gravatar.com\/avatar\/6323379efae0c70c686c7905444d6bbd?s=96&d=mm&r=g\",\"caption\":\"admin\"},\"sameAs\":[\"http:\/\/eautomobiliai.lt\"],\"url\":\"http:\/\/eautomobiliai.lt\/index.php\/author\/admin\/\"}]}<\/script>\n<!-- \/ Yoast SEO plugin. -->","yoast_head_json":{"title":"\u201eKia\u201c atnaujina savo nauj\u0105j\u012f EV visureig\u012f kapitali\u0161kai atnaujindama salon\u0105 - Eautomobiliai.lt","robots":{"index":"index","follow":"follow","max-snippet":"max-snippet:-1","max-image-preview":"max-image-preview:large","max-video-preview":"max-video-preview:-1"},"canonical":"http:\/\/eautomobiliai.lt\/index.php\/2026\/02\/21\/kia-atnaujina-savo-naujaji-ev-visureigi-kapitaliskai-atnaujindama-salona\/","og_locale":"lt_LT","og_type":"article","og_title":"\u201eKia\u201c atnaujina savo nauj\u0105j\u012f EV visureig\u012f kapitali\u0161kai atnaujindama salon\u0105 - Eautomobiliai.lt","og_description":"EV5, naujasis Kia vidutinio dyd\u017eio elektrinis visureigis, pradedamas kapitali\u0161kai remontuoti. Nors i\u0161or\u0117 jau atrodo kaip atnaujinimas, vidus buvo pasteb\u0117tas netik\u0117ta&hellip;","og_url":"http:\/\/eautomobiliai.lt\/index.php\/2026\/02\/21\/kia-atnaujina-savo-naujaji-ev-visureigi-kapitaliskai-atnaujindama-salona\/","og_site_name":"Eautomobiliai.lt","article_published_time":"2026-02-21T12:57:46+00:00","og_image":[{"width":1200,"height":628,"url":"http:\/\/eautomobiliai.lt\/wp-content\/uploads\/2026\/02\/\u201eKia-atnaujina-savo-naujaji-EV-visureigi-kapitaliskai-atnaujindama-salona.jpeg","type":"image\/jpeg"}],"author":"admin","twitter_card":"summary_large_image","twitter_misc":{"Written by":"admin","Est. reading time":"3 minut\u0117s"},"schema":{"@context":"https:\/\/schema.org","@graph":[{"@type":"Article","@id":"http:\/\/eautomobiliai.lt\/index.php\/2026\/02\/21\/kia-atnaujina-savo-naujaji-ev-visureigi-kapitaliskai-atnaujindama-salona\/#article","isPartOf":{"@id":"http:\/\/eautomobiliai.lt\/index.php\/2026\/02\/21\/kia-atnaujina-savo-naujaji-ev-visureigi-kapitaliskai-atnaujindama-salona\/"},"author":{"name":"admin","@id":"http:\/\/eautomobiliai.lt\/#\/schema\/person\/ecf2a967f361217d056061f74deb92f2"},"headline":"\u201eKia\u201c atnaujina savo nauj\u0105j\u012f EV visureig\u012f kapitali\u0161kai atnaujindama salon\u0105","datePublished":"2026-02-21T12:57:46+00:00","mainEntityOfPage":{"@id":"http:\/\/eautomobiliai.lt\/index.php\/2026\/02\/21\/kia-atnaujina-savo-naujaji-ev-visureigi-kapitaliskai-atnaujindama-salona\/"},"wordCount":605,"commentCount":0,"image":{"@id":"http:\/\/eautomobiliai.lt\/index.php\/2026\/02\/21\/kia-atnaujina-savo-naujaji-ev-visureigi-kapitaliskai-atnaujindama-salona\/#primaryimage"},"thumbnailUrl":"http:\/\/eautomobiliai.lt\/wp-content\/uploads\/2026\/02\/\u201eKia-atnaujina-savo-naujaji-EV-visureigi-kapitaliskai-atnaujindama-salona.jpeg","keywords":["atnaujina","atnaujindama","kapitali\u0161kai","Kia","nauj\u0105j\u012f","salon\u0105","savo","visureig\u012f"],"articleSection":["ELEKTRINIAI AUTOMOBILIAI"],"inLanguage":"lt-LT","potentialAction":[{"@type":"CommentAction","name":"Comment","target":["http:\/\/eautomobiliai.lt\/index.php\/2026\/02\/21\/kia-atnaujina-savo-naujaji-ev-visureigi-kapitaliskai-atnaujindama-salona\/#respond"]}]},{"@type":"WebPage","@id":"http:\/\/eautomobiliai.lt\/index.php\/2026\/02\/21\/kia-atnaujina-savo-naujaji-ev-visureigi-kapitaliskai-atnaujindama-salona\/","url":"http:\/\/eautomobiliai.lt\/index.php\/2026\/02\/21\/kia-atnaujina-savo-naujaji-ev-visureigi-kapitaliskai-atnaujindama-salona\/","name":"\u201eKia\u201c atnaujina savo nauj\u0105j\u012f EV visureig\u012f kapitali\u0161kai atnaujindama salon\u0105 - Eautomobiliai.lt","isPartOf":{"@id":"http:\/\/eautomobiliai.lt\/#website"},"primaryImageOfPage":{"@id":"http:\/\/eautomobiliai.lt\/index.php\/2026\/02\/21\/kia-atnaujina-savo-naujaji-ev-visureigi-kapitaliskai-atnaujindama-salona\/#primaryimage"},"image":{"@id":"http:\/\/eautomobiliai.lt\/index.php\/2026\/02\/21\/kia-atnaujina-savo-naujaji-ev-visureigi-kapitaliskai-atnaujindama-salona\/#primaryimage"},"thumbnailUrl":"http:\/\/eautomobiliai.lt\/wp-content\/uploads\/2026\/02\/\u201eKia-atnaujina-savo-naujaji-EV-visureigi-kapitaliskai-atnaujindama-salona.jpeg","datePublished":"2026-02-21T12:57:46+00:00","author":{"@id":"http:\/\/eautomobiliai.lt\/#\/schema\/person\/ecf2a967f361217d056061f74deb92f2"},"breadcrumb":{"@id":"http:\/\/eautomobiliai.lt\/index.php\/2026\/02\/21\/kia-atnaujina-savo-naujaji-ev-visureigi-kapitaliskai-atnaujindama-salona\/#breadcrumb"},"inLanguage":"lt-LT","potentialAction":[{"@type":"ReadAction","target":["http:\/\/eautomobiliai.lt\/index.php\/2026\/02\/21\/kia-atnaujina-savo-naujaji-ev-visureigi-kapitaliskai-atnaujindama-salona\/"]}]},{"@type":"ImageObject","inLanguage":"lt-LT","@id":"http:\/\/eautomobiliai.lt\/index.php\/2026\/02\/21\/kia-atnaujina-savo-naujaji-ev-visureigi-kapitaliskai-atnaujindama-salona\/#primaryimage","url":"http:\/\/eautomobiliai.lt\/wp-content\/uploads\/2026\/02\/\u201eKia-atnaujina-savo-naujaji-EV-visureigi-kapitaliskai-atnaujindama-salona.jpeg","contentUrl":"http:\/\/eautomobiliai.lt\/wp-content\/uploads\/2026\/02\/\u201eKia-atnaujina-savo-naujaji-EV-visureigi-kapitaliskai-atnaujindama-salona.jpeg","width":1200,"height":628},{"@type":"BreadcrumbList","@id":"http:\/\/eautomobiliai.lt\/index.php\/2026\/02\/21\/kia-atnaujina-savo-naujaji-ev-visureigi-kapitaliskai-atnaujindama-salona\/#breadcrumb","itemListElement":[{"@type":"ListItem","position":1,"name":"Home","item":"http:\/\/eautomobiliai.lt\/"},{"@type":"ListItem","position":2,"name":"\u201eKia\u201c atnaujina savo nauj\u0105j\u012f EV visureig\u012f kapitali\u0161kai atnaujindama salon\u0105"}]},{"@type":"WebSite","@id":"http:\/\/eautomobiliai.lt\/#website","url":"http:\/\/eautomobiliai.lt\/","name":"Eautomobiliai.lt","description":"Elektrinis transportas, technologijos","potentialAction":[{"@type":"SearchAction","target":{"@type":"EntryPoint","urlTemplate":"http:\/\/eautomobiliai.lt\/?s={search_term_string}"},"query-input":{"@type":"PropertyValueSpecification","valueRequired":true,"valueName":"search_term_string"}}],"inLanguage":"lt-LT"},{"@type":"Person","@id":"http:\/\/eautomobiliai.lt\/#\/schema\/person\/ecf2a967f361217d056061f74deb92f2","name":"admin","image":{"@type":"ImageObject","inLanguage":"lt-LT","@id":"http:\/\/eautomobiliai.lt\/#\/schema\/person\/image\/","url":"https:\/\/secure.gravatar.com\/avatar\/6323379efae0c70c686c7905444d6bbd?s=96&d=mm&r=g","contentUrl":"https:\/\/secure.gravatar.com\/avatar\/6323379efae0c70c686c7905444d6bbd?s=96&d=mm&r=g","caption":"admin"},"sameAs":["http:\/\/eautomobiliai.lt"],"url":"http:\/\/eautomobiliai.lt\/index.php\/author\/admin\/"}]}},"_links":{"self":[{"href":"http:\/\/eautomobiliai.lt\/index.php\/wp-json\/wp\/v2\/posts\/3541","targetHints":{"allow":["GET"]}}],"collection":[{"href":"http:\/\/eautomobiliai.lt\/index.php\/wp-json\/wp\/v2\/posts"}],"about":[{"href":"http:\/\/eautomobiliai.lt\/index.php\/wp-json\/wp\/v2\/types\/post"}],"author":[{"embeddable":true,"href":"http:\/\/eautomobiliai.lt\/index.php\/wp-json\/wp\/v2\/users\/1"}],"replies":[{"embeddable":true,"href":"http:\/\/eautomobiliai.lt\/index.php\/wp-json\/wp\/v2\/comments?post=3541"}],"version-history":[{"count":0,"href":"http:\/\/eautomobiliai.lt\/index.php\/wp-json\/wp\/v2\/posts\/3541\/revisions"}],"wp:featuredmedia":[{"embeddable":true,"href":"http:\/\/eautomobiliai.lt\/index.php\/wp-json\/wp\/v2\/media\/3542"}],"wp:attachment":[{"href":"http:\/\/eautomobiliai.lt\/index.php\/wp-json\/wp\/v2\/media?parent=3541"}],"wp:term":[{"taxonomy":"category","embeddable":true,"href":"http:\/\/eautomobiliai.lt\/index.php\/wp-json\/wp\/v2\/categories?post=3541"},{"taxonomy":"post_tag","embeddable":true,"href":"http:\/\/eautomobiliai.lt\/index.php\/wp-json\/wp\/v2\/tags?post=3541"}],"curies":[{"name":"wp","href":"https:\/\/api.w.org\/{rel}","templated":true}]}}