{"id":3625,"date":"2026-03-02T21:37:15","date_gmt":"2026-03-02T21:37:15","guid":{"rendered":"http:\/\/eautomobiliai.lt\/index.php\/2026\/03\/02\/hyundai-svencia-ioniq-9-korejoje-su-daugiau-ev-nuolaidu\/"},"modified":"2026-03-02T21:37:15","modified_gmt":"2026-03-02T21:37:15","slug":"hyundai-svencia-ioniq-9-korejoje-su-daugiau-ev-nuolaidu","status":"publish","type":"post","link":"http:\/\/eautomobiliai.lt\/index.php\/2026\/03\/02\/hyundai-svencia-ioniq-9-korejoje-su-daugiau-ev-nuolaidu\/","title":{"rendered":"\u201eHyundai\u201c \u0161ven\u010dia IONIQ 9 Kor\u0117joje su daugiau EV nuolaid\u0173"},"content":{"rendered":"<p> <br \/>\n<\/p>\n<div wp_automatic_readability=\"109.30833333333\">\n<figure class=\"img-border featured-image\">\n<p>\t<br \/>\n\t<\/figure>\n<p>\u201eHyundai\u201c trij\u0173 eili\u0173 elektrinis visureigis tapo netik\u0117tu hitu savo nam\u0173 rinkoje. \u0160v\u0119sdamas IONIQ 9, laim\u0117jus\u012f \u201e2026 met\u0173 automobilio\u201c apdovanojim\u0105, \u201eHyundai\u201c pristat\u0117 naujas nuolaidas savo elektromobili\u0173 asortimentui.<\/p>\n<p><span id=\"more-457789\"\/><\/p>\n<h2 class=\"wp-block-heading\" id=\"h-hyundai-ioniq-9-sweeps-korea-s-2026-car-of-the-year\">\u201eHyundai IONIQ 9\u201c laim\u0117jo 2026 met\u0173 Kor\u0117jos met\u0173 automobilio titul\u0105<\/h2>\n<p>2025 m. prad\u017eioje parduotas IONIQ 9 greitai pajuto savo buvim\u0105 Kor\u0117joje. Jis ne tik atrodo masyviai kelyje, bet ir \u201eHyundai\u201c flagmanas EV taip pat daro didel\u0119 \u012ftak\u0105 savo vidaus rinkoje.<\/p>\n<p>Pra\u0117jusiais metais \u201eHyundai\u201c Kor\u0117joje pardav\u0117 penkis kartus daugiau \u201eIONIQ 9\u201c nei \u201eKia\u201c trij\u0173 eili\u0173 elektrinis visureigis EV9, kuris dalijasi platforma.<\/p>\n<p>Kor\u0117jos automobili\u0173 mobilumo pramon\u0117s asociacijos (KAMA) duomenimis, 2025 m. \u201eHyundai IONIQ 9\u201c parduota 8 227. Kita vertus, \u201eKia\u201c pardav\u0117 tik 1 549 EV9. IONIQ 9 netgi pranoko kitus Kia elektromobilius, \u012fskaitant EV4 (8 110) ir EV5 SUV (2 193).<\/p>\n<p>\t<span class=\"outbrain-ad-label\">Reklama \u2013 slinkite, kad gautum\u0117te daugiau turinio<\/span><\/p>\n<p>Vietos \u017einiasklaida gyr\u0117 \u201eHyundai\u201c elektrin\u012f \u0161eimos sunkve\u017eim\u012f d\u0117l tolimojo nuotolio (iki 532 km), greito \u012fkrovimo, erdvaus salono ir pradin\u0117s 60 milijon\u0173 von\u0173 (41 500 USD) kainos.<\/p>\n<div class=\"wp-block-jetpack-tiled-gallery aligncenter is-style-columns\">\n<div class=\"\">\n<div class=\"tiled-gallery__gallery\">\n<div class=\"tiled-gallery__row\">\n<div class=\"tiled-gallery__col\" style=\"flex-basis:50.00000%\">\n<figure data-wp-context=\"{\" imageid\":\"69a603099a290\"}\"=\"\" data-wp-interactive=\"core\/image\" data-wp-key=\"69a603099a290\" class=\"tiled-gallery__item wp-lightbox-container\"><img decoding=\"async\" data-wp-class--hide=\"state.isContentHidden\" data-wp-class--show=\"state.isContentVisible\" data-wp-init=\"callbacks.setButtonStyles\" data-wp-on--click=\"actions.showLightbox\" data-wp-on--load=\"callbacks.setButtonStyles\" data-wp-on-window--resize=\"callbacks.setButtonStyles\" srcset=\"https:\/\/i0.wp.com\/electrek.co\/wp-content\/uploads\/sites\/3\/2026\/02\/Hyundai-three-row-EV-interior.jpeg?strip=info&amp;w=600&amp;ssl=1 600w,https:\/\/i0.wp.com\/electrek.co\/wp-content\/uploads\/sites\/3\/2026\/02\/Hyundai-three-row-EV-interior.jpeg?strip=info&amp;w=900&amp;ssl=1 900w,https:\/\/i0.wp.com\/electrek.co\/wp-content\/uploads\/sites\/3\/2026\/02\/Hyundai-three-row-EV-interior.jpeg?strip=info&amp;w=1200&amp;ssl=1 1200w,https:\/\/i0.wp.com\/electrek.co\/wp-content\/uploads\/sites\/3\/2026\/02\/Hyundai-three-row-EV-interior.jpeg?strip=info&amp;w=1400&amp;ssl=1 1400w\" alt=\"Hyundai-trij\u0173 eili\u0173-EV-vidus\" data-height=\"700\" data-id=\"456585\" data-link=\"https:\/\/electrek.co\/2026\/02\/20\/hyundais-three-row-ev-hit-korea\/hyundai-three-row-ev-interior\/\" data-url=\"https:\/\/electrek.co\/wp-content\/uploads\/sites\/3\/2026\/02\/Hyundai-three-row-EV-interior.jpeg?quality=82&amp;strip=all&amp;w=1024\" data-width=\"1400\" src=\"https:\/\/i0.wp.com\/electrek.co\/wp-content\/uploads\/sites\/3\/2026\/02\/Hyundai-three-row-EV-interior.jpeg?ssl=1\" data-amp-layout=\"responsive\"\/><button class=\"lightbox-trigger\" type=\"button\" aria-haspopup=\"dialog\" aria-label=\"Enlarge\" data-wp-init=\"callbacks.initTriggerButton\" data-wp-on--click=\"actions.showLightbox\" data-wp-style--right=\"state.imageButtonRight\" data-wp-style--top=\"state.imageButtonTop\"><br \/>\n\t\t\t<svg xmlns=\"http:\/\/www.w3.org\/2000\/svg\" width=\"12\" height=\"12\" fill=\"none\" viewbox=\"0 0 12 12\">\n\t\t\t\t<path fill=\"#fff\" d=\"M2 0a2 2 0 0 0-2 2v2h1.5V2a.5.5 0 0 1 .5-.5h2V0H2Zm2 10.5H2a.5.5 0 0 1-.5-.5V8H0v2a2 2 0 0 0 2 2h2v-1.5ZM8 12v-1.5h2a.5.5 0 0 0 .5-.5V8H12v2a2 2 0 0 1-2 2H8Zm2-12a2 2 0 0 1 2 2v2h-1.5V2a.5.5 0 0 0-.5-.5H8V0h2Z\"\/>\n\t\t\t<\/svg><br \/>\n\t\t<\/button><\/figure>\n<\/div>\n<div class=\"tiled-gallery__col\" style=\"flex-basis:50.00000%\">\n<figure data-wp-context=\"{\" imageid\":\"69a603099a682\"}\"=\"\" data-wp-interactive=\"core\/image\" data-wp-key=\"69a603099a682\" class=\"tiled-gallery__item wp-lightbox-container\"><img decoding=\"async\" data-wp-class--hide=\"state.isContentHidden\" data-wp-class--show=\"state.isContentVisible\" data-wp-init=\"callbacks.setButtonStyles\" data-wp-on--click=\"actions.showLightbox\" data-wp-on--load=\"callbacks.setButtonStyles\" data-wp-on-window--resize=\"callbacks.setButtonStyles\" srcset=\"https:\/\/i0.wp.com\/electrek.co\/wp-content\/uploads\/sites\/3\/2025\/06\/Hyundai-IONIQ-9-interior-space-1.jpeg?strip=info&amp;w=600&amp;ssl=1 600w,https:\/\/i0.wp.com\/electrek.co\/wp-content\/uploads\/sites\/3\/2025\/06\/Hyundai-IONIQ-9-interior-space-1.jpeg?strip=info&amp;w=900&amp;ssl=1 900w,https:\/\/i0.wp.com\/electrek.co\/wp-content\/uploads\/sites\/3\/2025\/06\/Hyundai-IONIQ-9-interior-space-1.jpeg?strip=info&amp;w=1200&amp;ssl=1 1200w,https:\/\/i0.wp.com\/electrek.co\/wp-content\/uploads\/sites\/3\/2025\/06\/Hyundai-IONIQ-9-interior-space-1.jpeg?strip=info&amp;w=1400&amp;ssl=1 1400w\" alt=\"Hyundai-IONIQ-9-EV-nuolaidos\" data-height=\"700\" data-id=\"420148\" data-link=\"https:\/\/electrek.co\/2025\/06\/12\/hyundais-new-ioniq-9-pretty-affordable-with-up-to-13000-off\/hyundai-ioniq-9-interior-space-1\/\" data-url=\"https:\/\/electrek.co\/wp-content\/uploads\/sites\/3\/2025\/06\/Hyundai-IONIQ-9-interior-space-1.jpeg?quality=82&amp;strip=all&amp;w=1024\" data-width=\"1400\" src=\"https:\/\/i0.wp.com\/electrek.co\/wp-content\/uploads\/sites\/3\/2025\/06\/Hyundai-IONIQ-9-interior-space-1.jpeg?ssl=1\" data-amp-layout=\"responsive\"\/><button class=\"lightbox-trigger\" type=\"button\" aria-haspopup=\"dialog\" aria-label=\"Enlarge\" data-wp-init=\"callbacks.initTriggerButton\" data-wp-on--click=\"actions.showLightbox\" data-wp-style--right=\"state.imageButtonRight\" data-wp-style--top=\"state.imageButtonTop\"><br \/>\n\t\t\t<svg xmlns=\"http:\/\/www.w3.org\/2000\/svg\" width=\"12\" height=\"12\" fill=\"none\" viewbox=\"0 0 12 12\">\n\t\t\t\t<path fill=\"#fff\" d=\"M2 0a2 2 0 0 0-2 2v2h1.5V2a.5.5 0 0 1 .5-.5h2V0H2Zm2 10.5H2a.5.5 0 0 1-.5-.5V8H0v2a2 2 0 0 0 2 2h2v-1.5ZM8 12v-1.5h2a.5.5 0 0 0 .5-.5V8H12v2a2 2 0 0 1-2 2H8Zm2-12a2 2 0 0 1 2 2v2h-1.5V2a.5.5 0 0 0-.5-.5H8V0h2Z\"\/>\n\t\t\t<\/svg><br \/>\n\t\t<\/button><\/figure>\n<\/div>\n<\/div>\n<\/div>\n<\/div>\n<\/div>\n<p>Jo \u201eautomobilio pakrovimo\u201c (V2L) funkcija taip pat sulauk\u0117 didelio susidom\u0117jimo tarp t\u0117\u010di\u0173, suteikdama mobil\u0173 maitinimo \u0161altin\u012f stovyklaujant ar maitindama i\u0161orinius elektroninius \u012frenginius.<\/p>\n<p>IONIQ 9 laim\u0117jo 2026 met\u0173 automobilio apdovanojimus \u2013 labiausiai pripa\u017eint\u0105 Kor\u0117jos automobili\u0173 apdovanojim\u0105. Vertina Kor\u0117jos automobili\u0173 \u017eurnalist\u0173 asociacija, Kor\u0117jos automobili\u0173 specializuot\u0173 \u017eurnalist\u0173 asociacija ir JoongAng IIBO.<\/p>\n<figure class=\"wp-block-image aligncenter size-large\"><img loading=\"lazy\" decoding=\"async\" height=\"512\" width=\"1024\" src=\"https:\/\/electrek.co\/wp-content\/uploads\/sites\/3\/2026\/02\/Hyundai-three-row-EV-sales.jpeg?quality=82&amp;strip=all&amp;w=1024\" alt=\"Hyundai trij\u0173 eili\u0173 elektromobili\u0173 pardavimas\" class=\"wp-image-456582\" srcset=\"https:\/\/electrek.co\/wp-content\/uploads\/sites\/3\/2026\/02\/Hyundai-three-row-EV-sales.jpeg 1400w, https:\/\/electrek.co\/wp-content\/uploads\/sites\/3\/2026\/02\/Hyundai-three-row-EV-sales.jpeg?resize=150,75 150w, https:\/\/electrek.co\/wp-content\/uploads\/sites\/3\/2026\/02\/Hyundai-three-row-EV-sales.jpeg?resize=300,150 300w, https:\/\/electrek.co\/wp-content\/uploads\/sites\/3\/2026\/02\/Hyundai-three-row-EV-sales.jpeg?resize=768,384 768w, https:\/\/electrek.co\/wp-content\/uploads\/sites\/3\/2026\/02\/Hyundai-three-row-EV-sales.jpeg?resize=1024,512 1024w, https:\/\/electrek.co\/wp-content\/uploads\/sites\/3\/2026\/02\/Hyundai-three-row-EV-sales.jpeg?resize=350,175 350w, https:\/\/electrek.co\/wp-content\/uploads\/sites\/3\/2026\/02\/Hyundai-three-row-EV-sales.jpeg?resize=140,70 140w, https:\/\/electrek.co\/wp-content\/uploads\/sites\/3\/2026\/02\/Hyundai-three-row-EV-sales.jpeg?resize=290,145 290w, https:\/\/electrek.co\/wp-content\/uploads\/sites\/3\/2026\/02\/Hyundai-three-row-EV-sales.jpeg?resize=600,300 600w\" sizes=\"auto, (max-width: 1024px) 100vw, 1024px\"\/><figcaption class=\"wp-element-caption\">\u201eHyundai IONIQ 9\u201c (\u0161altinis: \u201eHyundai\u201c)<\/figcaption><\/figure>\n<p>Nor\u0117damas \u0161v\u0119sti IONIQ 9 apdovanojimus su triguba kar\u016bna, \u201eHyundai\u201c paskelb\u0117 nauj\u0105 akcij\u0105, si\u016blanti daugiau nuolaid\u0173 visai elektromobili\u0173 asortimentui.<\/p>\n<p>Kovo m\u0117nes\u012f perkantiems naujus IONIQ 5, IONIQ 6, IONIQ 9 arba Kona Electric Hyundai si\u016blo 1 milijono von\u0173 nuolaid\u0105 (650 USD).<\/p>\n<figure class=\"wp-block-image aligncenter size-large\"><img loading=\"lazy\" decoding=\"async\" height=\"512\" width=\"1024\" src=\"https:\/\/electrek.co\/wp-content\/uploads\/sites\/3\/2026\/02\/Hyundai-three-row-EV-sales-1.jpeg?quality=82&amp;strip=all&amp;w=1024\" alt=\"Hyundai-IONIQ-9-EV-nuolaidos\" class=\"wp-image-456584\" srcset=\"https:\/\/electrek.co\/wp-content\/uploads\/sites\/3\/2026\/02\/Hyundai-three-row-EV-sales-1.jpeg 1400w, https:\/\/electrek.co\/wp-content\/uploads\/sites\/3\/2026\/02\/Hyundai-three-row-EV-sales-1.jpeg?resize=150,75 150w, https:\/\/electrek.co\/wp-content\/uploads\/sites\/3\/2026\/02\/Hyundai-three-row-EV-sales-1.jpeg?resize=300,150 300w, https:\/\/electrek.co\/wp-content\/uploads\/sites\/3\/2026\/02\/Hyundai-three-row-EV-sales-1.jpeg?resize=768,384 768w, https:\/\/electrek.co\/wp-content\/uploads\/sites\/3\/2026\/02\/Hyundai-three-row-EV-sales-1.jpeg?resize=1024,512 1024w, https:\/\/electrek.co\/wp-content\/uploads\/sites\/3\/2026\/02\/Hyundai-three-row-EV-sales-1.jpeg?resize=350,175 350w, https:\/\/electrek.co\/wp-content\/uploads\/sites\/3\/2026\/02\/Hyundai-three-row-EV-sales-1.jpeg?resize=140,70 140w, https:\/\/electrek.co\/wp-content\/uploads\/sites\/3\/2026\/02\/Hyundai-three-row-EV-sales-1.jpeg?resize=290,145 290w, https:\/\/electrek.co\/wp-content\/uploads\/sites\/3\/2026\/02\/Hyundai-three-row-EV-sales-1.jpeg?resize=600,300 600w\" sizes=\"auto, (max-width: 1024px) 100vw, 1024px\"\/><figcaption class=\"wp-element-caption\">\u201eHyundai IONIQ 9\u201c (\u0161altinis: \u201eHyundai\u201c)<\/figcaption><\/figure>\n<p>Be to, kovo 1\u201315 dienomis \u201eHyundai\u201c rengia internetin\u012f rengin\u012f su galimybe laim\u0117ti EV nuolaid\u0173 kuponus, kuri\u0173 vert\u0117 siekia iki 10,4 mln. von\u0173 (7100 USD).<\/p>\n<p>Bendrov\u0117s pareig\u016bnas sak\u0117: \u201eIoniq 9 trigubo kar\u016bnos Met\u0173 automobilio titulas yra ekspert\u0173 \u012frodytos Hyundai elektrifikavimo technologijos rezultatas.<\/p>\n<p>Tie, kurie kovo m\u0117nes\u012f perka IONIQ 5, IONIQ 6 arba Kona Electric per Hyundai EV Burden Down Promo, taip pat gauna k\u016bno prie\u017ei\u016bros paslaugas ir automobilio draudimo i\u0161skait\u0105.<\/p>\n<p>O kaip su tais JAV? \u201eHyundai\u201c iki kovo 2 d. vis dar vyks \u201eHyundai Getaway\u201c pardavimo renginys, si\u016blantis iki 10 000 USD nuolaid\u0105 elektromobiliams, \u012fskaitant IONIQ 5 ir IONIQ 9. \u201eHyundai\u201c taip pat si\u016blo 0 % APR finansavim\u0105 72 m\u0117nesiams ir papildomus 5 000 USD nuolaid\u0105 IONIQ 5 (3 IONIQ0 9 USD).<\/p>\n<p><em>Jei norite j\u012f pamatyti asmeni\u0161kai arba pasiva\u017ein\u0117ti, galite naudoti toliau pateiktas nuorodas, kad pamatytum\u0117te, kas yra \u0161alia j\u016bs\u0173.<\/em><\/p>\n<div class=\"google-preferred-source-badge\">\n<p>\t\t\t<img decoding=\"async\" class=\"google-preferred-source-badge-dark\" src=\"https:\/\/electrek.co\/wp-content\/themes\/ninetofive\/dist\/images\/google-preferred-source-badge-dark.png\" alt=\"Prid\u0117kite \u201eElectrek\u201c kaip pageidaujam\u0105 \u201eGoogle\u201c \u0161altin\u012f\"\/><br \/>\n\t\t\t<img decoding=\"async\" class=\"google-preferred-source-badge-light\" src=\"https:\/\/electrek.co\/wp-content\/themes\/ninetofive\/dist\/images\/google-preferred-source-badge-light.png\" alt=\"Prid\u0117kite \u201eElectrek\u201c kaip pageidaujam\u0105 \u201eGoogle\u201c \u0161altin\u012f\"\/><\/p><\/div>\n<div class=\"ad-disclaimer-container\" wp_automatic_readability=\"6.3518518518519\">\n<p class=\"disclaimer-affiliate\"><em>FTC: naudojame pajamas u\u017edirban\u010di\u0173 automobili\u0173 filial\u0173 nuorodas.<\/em> Daugiau.<\/p>\n<p><!-- post ad --><\/div>\n<\/p><\/div>\n<p><br \/>\n<br \/><a href=\"https:\/\/electrek.co\/2026\/03\/02\/hyundai-celebrates-ioniq-9-korea-more-ev-discounts\/\">Source link <\/a><\/p>\n","protected":false},"excerpt":{"rendered":"<p>\u201eHyundai\u201c trij\u0173 eili\u0173 elektrinis visureigis tapo netik\u0117tu hitu savo nam\u0173 rinkoje. \u0160v\u0119sdamas IONIQ 9, laim\u0117jus\u012f \u201e2026 met\u0173 automobilio\u201c apdovanojim\u0105, \u201eHyundai\u201c&hellip;<\/p>\n","protected":false},"author":1,"featured_media":3626,"comment_status":"open","ping_status":"open","sticky":false,"template":"","format":"standard","meta":{"om_disable_all_campaigns":false,"_monsterinsights_skip_tracking":false,"_monsterinsights_sitenote_active":false,"_monsterinsights_sitenote_note":"","_monsterinsights_sitenote_category":0,"footnotes":""},"categories":[8],"tags":[407,605,598,1968,803,5567],"class_list":["post-3625","post","type-post","status-publish","format-standard","has-post-thumbnail","hentry","category-elektriniai-automobiliai","tag-daugiau","tag-hyundai","tag-ioniq","tag-korejoje","tag-nuolaidu","tag-svencia"],"aioseo_notices":[],"yoast_head":"<!-- This site is optimized with the Yoast SEO plugin v26.8 - https:\/\/yoast.com\/product\/yoast-seo-wordpress\/ -->\n<title>\u201eHyundai\u201c \u0161ven\u010dia IONIQ 9 Kor\u0117joje su daugiau EV nuolaid\u0173 - Eautomobiliai.lt<\/title>\n<meta name=\"robots\" content=\"index, follow, max-snippet:-1, max-image-preview:large, max-video-preview:-1\" \/>\n<link rel=\"canonical\" href=\"https:\/\/eautomobiliai.lt\/index.php\/2026\/03\/02\/hyundai-svencia-ioniq-9-korejoje-su-daugiau-ev-nuolaidu\/\" \/>\n<meta property=\"og:locale\" content=\"lt_LT\" \/>\n<meta property=\"og:type\" content=\"article\" \/>\n<meta property=\"og:title\" content=\"\u201eHyundai\u201c \u0161ven\u010dia IONIQ 9 Kor\u0117joje su daugiau EV nuolaid\u0173 - Eautomobiliai.lt\" \/>\n<meta property=\"og:description\" content=\"\u201eHyundai\u201c trij\u0173 eili\u0173 elektrinis visureigis tapo netik\u0117tu hitu savo nam\u0173 rinkoje. \u0160v\u0119sdamas IONIQ 9, laim\u0117jus\u012f \u201e2026 met\u0173 automobilio\u201c apdovanojim\u0105, \u201eHyundai\u201c&hellip;\" \/>\n<meta property=\"og:url\" content=\"https:\/\/eautomobiliai.lt\/index.php\/2026\/03\/02\/hyundai-svencia-ioniq-9-korejoje-su-daugiau-ev-nuolaidu\/\" \/>\n<meta property=\"og:site_name\" content=\"Eautomobiliai.lt\" \/>\n<meta property=\"article:published_time\" content=\"2026-03-02T21:37:15+00:00\" \/>\n<meta property=\"og:image\" content=\"https:\/\/eautomobiliai.lt\/wp-content\/uploads\/2026\/03\/\u201eHyundai-svencia-IONIQ-9-Korejoje-su-daugiau-EV-nuolaidu.jpeg\" \/>\n\t<meta property=\"og:image:width\" content=\"1200\" \/>\n\t<meta property=\"og:image:height\" content=\"628\" \/>\n\t<meta property=\"og:image:type\" content=\"image\/jpeg\" \/>\n<meta name=\"author\" content=\"admin\" \/>\n<meta name=\"twitter:card\" content=\"summary_large_image\" \/>\n<meta name=\"twitter:label1\" content=\"Written by\" \/>\n\t<meta name=\"twitter:data1\" content=\"admin\" \/>\n\t<meta name=\"twitter:label2\" content=\"Est. reading time\" \/>\n\t<meta name=\"twitter:data2\" content=\"2 minut\u0117s\" \/>\n<script type=\"application\/ld+json\" class=\"yoast-schema-graph\">{\"@context\":\"https:\/\/schema.org\",\"@graph\":[{\"@type\":\"Article\",\"@id\":\"https:\/\/eautomobiliai.lt\/index.php\/2026\/03\/02\/hyundai-svencia-ioniq-9-korejoje-su-daugiau-ev-nuolaidu\/#article\",\"isPartOf\":{\"@id\":\"https:\/\/eautomobiliai.lt\/index.php\/2026\/03\/02\/hyundai-svencia-ioniq-9-korejoje-su-daugiau-ev-nuolaidu\/\"},\"author\":{\"name\":\"admin\",\"@id\":\"https:\/\/eautomobiliai.lt\/#\/schema\/person\/ecf2a967f361217d056061f74deb92f2\"},\"headline\":\"\u201eHyundai\u201c \u0161ven\u010dia IONIQ 9 Kor\u0117joje su daugiau EV nuolaid\u0173\",\"datePublished\":\"2026-03-02T21:37:15+00:00\",\"mainEntityOfPage\":{\"@id\":\"https:\/\/eautomobiliai.lt\/index.php\/2026\/03\/02\/hyundai-svencia-ioniq-9-korejoje-su-daugiau-ev-nuolaidu\/\"},\"wordCount\":412,\"commentCount\":0,\"image\":{\"@id\":\"https:\/\/eautomobiliai.lt\/index.php\/2026\/03\/02\/hyundai-svencia-ioniq-9-korejoje-su-daugiau-ev-nuolaidu\/#primaryimage\"},\"thumbnailUrl\":\"http:\/\/eautomobiliai.lt\/wp-content\/uploads\/2026\/03\/\u201eHyundai-svencia-IONIQ-9-Korejoje-su-daugiau-EV-nuolaidu.jpeg\",\"keywords\":[\"daugiau\",\"Hyundai\",\"Ioniq\",\"Kor\u0117joje\",\"nuolaid\u0173\",\"\u0161ven\u010dia\"],\"articleSection\":[\"ELEKTRINIAI AUTOMOBILIAI\"],\"inLanguage\":\"lt-LT\",\"potentialAction\":[{\"@type\":\"CommentAction\",\"name\":\"Comment\",\"target\":[\"https:\/\/eautomobiliai.lt\/index.php\/2026\/03\/02\/hyundai-svencia-ioniq-9-korejoje-su-daugiau-ev-nuolaidu\/#respond\"]}]},{\"@type\":\"WebPage\",\"@id\":\"https:\/\/eautomobiliai.lt\/index.php\/2026\/03\/02\/hyundai-svencia-ioniq-9-korejoje-su-daugiau-ev-nuolaidu\/\",\"url\":\"https:\/\/eautomobiliai.lt\/index.php\/2026\/03\/02\/hyundai-svencia-ioniq-9-korejoje-su-daugiau-ev-nuolaidu\/\",\"name\":\"\u201eHyundai\u201c \u0161ven\u010dia IONIQ 9 Kor\u0117joje su daugiau EV nuolaid\u0173 - Eautomobiliai.lt\",\"isPartOf\":{\"@id\":\"https:\/\/eautomobiliai.lt\/#website\"},\"primaryImageOfPage\":{\"@id\":\"https:\/\/eautomobiliai.lt\/index.php\/2026\/03\/02\/hyundai-svencia-ioniq-9-korejoje-su-daugiau-ev-nuolaidu\/#primaryimage\"},\"image\":{\"@id\":\"https:\/\/eautomobiliai.lt\/index.php\/2026\/03\/02\/hyundai-svencia-ioniq-9-korejoje-su-daugiau-ev-nuolaidu\/#primaryimage\"},\"thumbnailUrl\":\"http:\/\/eautomobiliai.lt\/wp-content\/uploads\/2026\/03\/\u201eHyundai-svencia-IONIQ-9-Korejoje-su-daugiau-EV-nuolaidu.jpeg\",\"datePublished\":\"2026-03-02T21:37:15+00:00\",\"author\":{\"@id\":\"https:\/\/eautomobiliai.lt\/#\/schema\/person\/ecf2a967f361217d056061f74deb92f2\"},\"breadcrumb\":{\"@id\":\"https:\/\/eautomobiliai.lt\/index.php\/2026\/03\/02\/hyundai-svencia-ioniq-9-korejoje-su-daugiau-ev-nuolaidu\/#breadcrumb\"},\"inLanguage\":\"lt-LT\",\"potentialAction\":[{\"@type\":\"ReadAction\",\"target\":[\"https:\/\/eautomobiliai.lt\/index.php\/2026\/03\/02\/hyundai-svencia-ioniq-9-korejoje-su-daugiau-ev-nuolaidu\/\"]}]},{\"@type\":\"ImageObject\",\"inLanguage\":\"lt-LT\",\"@id\":\"https:\/\/eautomobiliai.lt\/index.php\/2026\/03\/02\/hyundai-svencia-ioniq-9-korejoje-su-daugiau-ev-nuolaidu\/#primaryimage\",\"url\":\"http:\/\/eautomobiliai.lt\/wp-content\/uploads\/2026\/03\/\u201eHyundai-svencia-IONIQ-9-Korejoje-su-daugiau-EV-nuolaidu.jpeg\",\"contentUrl\":\"http:\/\/eautomobiliai.lt\/wp-content\/uploads\/2026\/03\/\u201eHyundai-svencia-IONIQ-9-Korejoje-su-daugiau-EV-nuolaidu.jpeg\",\"width\":1200,\"height\":628},{\"@type\":\"BreadcrumbList\",\"@id\":\"https:\/\/eautomobiliai.lt\/index.php\/2026\/03\/02\/hyundai-svencia-ioniq-9-korejoje-su-daugiau-ev-nuolaidu\/#breadcrumb\",\"itemListElement\":[{\"@type\":\"ListItem\",\"position\":1,\"name\":\"Home\",\"item\":\"https:\/\/eautomobiliai.lt\/\"},{\"@type\":\"ListItem\",\"position\":2,\"name\":\"\u201eHyundai\u201c \u0161ven\u010dia IONIQ 9 Kor\u0117joje su daugiau EV nuolaid\u0173\"}]},{\"@type\":\"WebSite\",\"@id\":\"https:\/\/eautomobiliai.lt\/#website\",\"url\":\"https:\/\/eautomobiliai.lt\/\",\"name\":\"Eautomobiliai.lt\",\"description\":\"Elektrinis transportas, technologijos\",\"potentialAction\":[{\"@type\":\"SearchAction\",\"target\":{\"@type\":\"EntryPoint\",\"urlTemplate\":\"https:\/\/eautomobiliai.lt\/?s={search_term_string}\"},\"query-input\":{\"@type\":\"PropertyValueSpecification\",\"valueRequired\":true,\"valueName\":\"search_term_string\"}}],\"inLanguage\":\"lt-LT\"},{\"@type\":\"Person\",\"@id\":\"https:\/\/eautomobiliai.lt\/#\/schema\/person\/ecf2a967f361217d056061f74deb92f2\",\"name\":\"admin\",\"image\":{\"@type\":\"ImageObject\",\"inLanguage\":\"lt-LT\",\"@id\":\"https:\/\/eautomobiliai.lt\/#\/schema\/person\/image\/\",\"url\":\"https:\/\/secure.gravatar.com\/avatar\/6323379efae0c70c686c7905444d6bbd?s=96&d=mm&r=g\",\"contentUrl\":\"https:\/\/secure.gravatar.com\/avatar\/6323379efae0c70c686c7905444d6bbd?s=96&d=mm&r=g\",\"caption\":\"admin\"},\"sameAs\":[\"http:\/\/eautomobiliai.lt\"],\"url\":\"http:\/\/eautomobiliai.lt\/index.php\/author\/admin\/\"}]}<\/script>\n<!-- \/ Yoast SEO plugin. -->","yoast_head_json":{"title":"\u201eHyundai\u201c \u0161ven\u010dia IONIQ 9 Kor\u0117joje su daugiau EV nuolaid\u0173 - Eautomobiliai.lt","robots":{"index":"index","follow":"follow","max-snippet":"max-snippet:-1","max-image-preview":"max-image-preview:large","max-video-preview":"max-video-preview:-1"},"canonical":"https:\/\/eautomobiliai.lt\/index.php\/2026\/03\/02\/hyundai-svencia-ioniq-9-korejoje-su-daugiau-ev-nuolaidu\/","og_locale":"lt_LT","og_type":"article","og_title":"\u201eHyundai\u201c \u0161ven\u010dia IONIQ 9 Kor\u0117joje su daugiau EV nuolaid\u0173 - Eautomobiliai.lt","og_description":"\u201eHyundai\u201c trij\u0173 eili\u0173 elektrinis visureigis tapo netik\u0117tu hitu savo nam\u0173 rinkoje. \u0160v\u0119sdamas IONIQ 9, laim\u0117jus\u012f \u201e2026 met\u0173 automobilio\u201c apdovanojim\u0105, \u201eHyundai\u201c&hellip;","og_url":"https:\/\/eautomobiliai.lt\/index.php\/2026\/03\/02\/hyundai-svencia-ioniq-9-korejoje-su-daugiau-ev-nuolaidu\/","og_site_name":"Eautomobiliai.lt","article_published_time":"2026-03-02T21:37:15+00:00","og_image":[{"width":1200,"height":628,"url":"https:\/\/eautomobiliai.lt\/wp-content\/uploads\/2026\/03\/\u201eHyundai-svencia-IONIQ-9-Korejoje-su-daugiau-EV-nuolaidu.jpeg","type":"image\/jpeg"}],"author":"admin","twitter_card":"summary_large_image","twitter_misc":{"Written by":"admin","Est. reading time":"2 minut\u0117s"},"schema":{"@context":"https:\/\/schema.org","@graph":[{"@type":"Article","@id":"https:\/\/eautomobiliai.lt\/index.php\/2026\/03\/02\/hyundai-svencia-ioniq-9-korejoje-su-daugiau-ev-nuolaidu\/#article","isPartOf":{"@id":"https:\/\/eautomobiliai.lt\/index.php\/2026\/03\/02\/hyundai-svencia-ioniq-9-korejoje-su-daugiau-ev-nuolaidu\/"},"author":{"name":"admin","@id":"https:\/\/eautomobiliai.lt\/#\/schema\/person\/ecf2a967f361217d056061f74deb92f2"},"headline":"\u201eHyundai\u201c \u0161ven\u010dia IONIQ 9 Kor\u0117joje su daugiau EV nuolaid\u0173","datePublished":"2026-03-02T21:37:15+00:00","mainEntityOfPage":{"@id":"https:\/\/eautomobiliai.lt\/index.php\/2026\/03\/02\/hyundai-svencia-ioniq-9-korejoje-su-daugiau-ev-nuolaidu\/"},"wordCount":412,"commentCount":0,"image":{"@id":"https:\/\/eautomobiliai.lt\/index.php\/2026\/03\/02\/hyundai-svencia-ioniq-9-korejoje-su-daugiau-ev-nuolaidu\/#primaryimage"},"thumbnailUrl":"http:\/\/eautomobiliai.lt\/wp-content\/uploads\/2026\/03\/\u201eHyundai-svencia-IONIQ-9-Korejoje-su-daugiau-EV-nuolaidu.jpeg","keywords":["daugiau","Hyundai","Ioniq","Kor\u0117joje","nuolaid\u0173","\u0161ven\u010dia"],"articleSection":["ELEKTRINIAI AUTOMOBILIAI"],"inLanguage":"lt-LT","potentialAction":[{"@type":"CommentAction","name":"Comment","target":["https:\/\/eautomobiliai.lt\/index.php\/2026\/03\/02\/hyundai-svencia-ioniq-9-korejoje-su-daugiau-ev-nuolaidu\/#respond"]}]},{"@type":"WebPage","@id":"https:\/\/eautomobiliai.lt\/index.php\/2026\/03\/02\/hyundai-svencia-ioniq-9-korejoje-su-daugiau-ev-nuolaidu\/","url":"https:\/\/eautomobiliai.lt\/index.php\/2026\/03\/02\/hyundai-svencia-ioniq-9-korejoje-su-daugiau-ev-nuolaidu\/","name":"\u201eHyundai\u201c \u0161ven\u010dia IONIQ 9 Kor\u0117joje su daugiau EV nuolaid\u0173 - Eautomobiliai.lt","isPartOf":{"@id":"https:\/\/eautomobiliai.lt\/#website"},"primaryImageOfPage":{"@id":"https:\/\/eautomobiliai.lt\/index.php\/2026\/03\/02\/hyundai-svencia-ioniq-9-korejoje-su-daugiau-ev-nuolaidu\/#primaryimage"},"image":{"@id":"https:\/\/eautomobiliai.lt\/index.php\/2026\/03\/02\/hyundai-svencia-ioniq-9-korejoje-su-daugiau-ev-nuolaidu\/#primaryimage"},"thumbnailUrl":"http:\/\/eautomobiliai.lt\/wp-content\/uploads\/2026\/03\/\u201eHyundai-svencia-IONIQ-9-Korejoje-su-daugiau-EV-nuolaidu.jpeg","datePublished":"2026-03-02T21:37:15+00:00","author":{"@id":"https:\/\/eautomobiliai.lt\/#\/schema\/person\/ecf2a967f361217d056061f74deb92f2"},"breadcrumb":{"@id":"https:\/\/eautomobiliai.lt\/index.php\/2026\/03\/02\/hyundai-svencia-ioniq-9-korejoje-su-daugiau-ev-nuolaidu\/#breadcrumb"},"inLanguage":"lt-LT","potentialAction":[{"@type":"ReadAction","target":["https:\/\/eautomobiliai.lt\/index.php\/2026\/03\/02\/hyundai-svencia-ioniq-9-korejoje-su-daugiau-ev-nuolaidu\/"]}]},{"@type":"ImageObject","inLanguage":"lt-LT","@id":"https:\/\/eautomobiliai.lt\/index.php\/2026\/03\/02\/hyundai-svencia-ioniq-9-korejoje-su-daugiau-ev-nuolaidu\/#primaryimage","url":"http:\/\/eautomobiliai.lt\/wp-content\/uploads\/2026\/03\/\u201eHyundai-svencia-IONIQ-9-Korejoje-su-daugiau-EV-nuolaidu.jpeg","contentUrl":"http:\/\/eautomobiliai.lt\/wp-content\/uploads\/2026\/03\/\u201eHyundai-svencia-IONIQ-9-Korejoje-su-daugiau-EV-nuolaidu.jpeg","width":1200,"height":628},{"@type":"BreadcrumbList","@id":"https:\/\/eautomobiliai.lt\/index.php\/2026\/03\/02\/hyundai-svencia-ioniq-9-korejoje-su-daugiau-ev-nuolaidu\/#breadcrumb","itemListElement":[{"@type":"ListItem","position":1,"name":"Home","item":"https:\/\/eautomobiliai.lt\/"},{"@type":"ListItem","position":2,"name":"\u201eHyundai\u201c \u0161ven\u010dia IONIQ 9 Kor\u0117joje su daugiau EV nuolaid\u0173"}]},{"@type":"WebSite","@id":"https:\/\/eautomobiliai.lt\/#website","url":"https:\/\/eautomobiliai.lt\/","name":"Eautomobiliai.lt","description":"Elektrinis transportas, technologijos","potentialAction":[{"@type":"SearchAction","target":{"@type":"EntryPoint","urlTemplate":"https:\/\/eautomobiliai.lt\/?s={search_term_string}"},"query-input":{"@type":"PropertyValueSpecification","valueRequired":true,"valueName":"search_term_string"}}],"inLanguage":"lt-LT"},{"@type":"Person","@id":"https:\/\/eautomobiliai.lt\/#\/schema\/person\/ecf2a967f361217d056061f74deb92f2","name":"admin","image":{"@type":"ImageObject","inLanguage":"lt-LT","@id":"https:\/\/eautomobiliai.lt\/#\/schema\/person\/image\/","url":"https:\/\/secure.gravatar.com\/avatar\/6323379efae0c70c686c7905444d6bbd?s=96&d=mm&r=g","contentUrl":"https:\/\/secure.gravatar.com\/avatar\/6323379efae0c70c686c7905444d6bbd?s=96&d=mm&r=g","caption":"admin"},"sameAs":["http:\/\/eautomobiliai.lt"],"url":"http:\/\/eautomobiliai.lt\/index.php\/author\/admin\/"}]}},"_links":{"self":[{"href":"http:\/\/eautomobiliai.lt\/index.php\/wp-json\/wp\/v2\/posts\/3625","targetHints":{"allow":["GET"]}}],"collection":[{"href":"http:\/\/eautomobiliai.lt\/index.php\/wp-json\/wp\/v2\/posts"}],"about":[{"href":"http:\/\/eautomobiliai.lt\/index.php\/wp-json\/wp\/v2\/types\/post"}],"author":[{"embeddable":true,"href":"http:\/\/eautomobiliai.lt\/index.php\/wp-json\/wp\/v2\/users\/1"}],"replies":[{"embeddable":true,"href":"http:\/\/eautomobiliai.lt\/index.php\/wp-json\/wp\/v2\/comments?post=3625"}],"version-history":[{"count":0,"href":"http:\/\/eautomobiliai.lt\/index.php\/wp-json\/wp\/v2\/posts\/3625\/revisions"}],"wp:featuredmedia":[{"embeddable":true,"href":"http:\/\/eautomobiliai.lt\/index.php\/wp-json\/wp\/v2\/media\/3626"}],"wp:attachment":[{"href":"http:\/\/eautomobiliai.lt\/index.php\/wp-json\/wp\/v2\/media?parent=3625"}],"wp:term":[{"taxonomy":"category","embeddable":true,"href":"http:\/\/eautomobiliai.lt\/index.php\/wp-json\/wp\/v2\/categories?post=3625"},{"taxonomy":"post_tag","embeddable":true,"href":"http:\/\/eautomobiliai.lt\/index.php\/wp-json\/wp\/v2\/tags?post=3625"}],"curies":[{"name":"wp","href":"https:\/\/api.w.org\/{rel}","templated":true}]}}