{"id":3641,"date":"2026-03-04T17:56:36","date_gmt":"2026-03-04T17:56:36","guid":{"rendered":"http:\/\/eautomobiliai.lt\/index.php\/2026\/03\/04\/tesla-pardavimai-australijoje-vasari-atsigavo-vadovaujant-model-y\/"},"modified":"2026-03-04T17:56:36","modified_gmt":"2026-03-04T17:56:36","slug":"tesla-pardavimai-australijoje-vasari-atsigavo-vadovaujant-model-y","status":"publish","type":"post","link":"http:\/\/eautomobiliai.lt\/index.php\/2026\/03\/04\/tesla-pardavimai-australijoje-vasari-atsigavo-vadovaujant-model-y\/","title":{"rendered":"\u201eTesla\u201c pardavimai Australijoje vasar\u012f atsigavo, vadovaujant \u201eModel Y\u201c."},"content":{"rendered":"<p> <br \/>\n<\/p>\n<div id=\"\">\n<p><span style=\"font-weight: 400\">Vasario m\u0117nes\u012f elektromobili\u0173 pardavimai i\u0161augo, o pirmieji duomenys rodo, kad per l\u0117t\u0105 saus\u012f jis smarkiai augs. Nauji Elektrini\u0173 transporto priemoni\u0173 tarybos duomenys rodo, kad per m\u0117nes\u012f Tesla ir Polestar pardav\u0117 3 419 elektromobili\u0173, o 2026 m. vasario m\u0117n. pirmavo Tesla Model Y su 2 791 automobiliu.<\/span><\/p>\n<p><span style=\"font-weight: 400\">\u017dvelgiant \u012f kolektyvinius \u201eTesla\u201c ir \u201ePolestar\u201c preki\u0173 \u017eenkl\u0173 pardavimus 2026 m., palyginti su tuo pa\u010diu 2025 m.<\/span><\/p>\n<p><span style=\"font-weight: 400\">Tai i\u0161 dalies l\u0117m\u0117 ma\u017eesni Tesla Model Y pardavimai per pirmuosius du 2025 m. m\u0117nesius, kai bendrov\u0117 per\u0117jo prie naujojo modelio Y, o naujo modelio pristatymas oficialiai prasid\u0117s 2025 m. gegu\u017e\u0117s m\u0117n.<\/span><\/p>\n<figure id=\"attachment_194287\" aria-describedby=\"caption-attachment-194287\" style=\"width: 1573px\" class=\"wp-caption aligncenter\"><img loading=\"lazy\" decoding=\"async\" class=\"size-full wp-image-194287\" src=\"https:\/\/thedriven.io\/wp-content\/uploads\/2026\/03\/EVC-EV-Sales-Table-February-2025.jpg\" alt=\"\" width=\"1573\" height=\"604\" srcset=\"https:\/\/thedriven.io\/wp-content\/uploads\/2026\/03\/EVC-EV-Sales-Table-February-2025.jpg 1573w, https:\/\/thedriven.io\/wp-content\/uploads\/2026\/03\/EVC-EV-Sales-Table-February-2025-388x149.jpg 388w, https:\/\/thedriven.io\/wp-content\/uploads\/2026\/03\/EVC-EV-Sales-Table-February-2025-1160x445.jpg 1160w, https:\/\/thedriven.io\/wp-content\/uploads\/2026\/03\/EVC-EV-Sales-Table-February-2025-800x307.jpg 800w, https:\/\/thedriven.io\/wp-content\/uploads\/2026\/03\/EVC-EV-Sales-Table-February-2025-1536x590.jpg 1536w, https:\/\/thedriven.io\/wp-content\/uploads\/2026\/03\/EVC-EV-Sales-Table-February-2025-120x46.jpg 120w, https:\/\/thedriven.io\/wp-content\/uploads\/2026\/03\/EVC-EV-Sales-Table-February-2025-90x35.jpg 90w, https:\/\/thedriven.io\/wp-content\/uploads\/2026\/03\/EVC-EV-Sales-Table-February-2025-320x123.jpg 320w, https:\/\/thedriven.io\/wp-content\/uploads\/2026\/03\/EVC-EV-Sales-Table-February-2025-560x215.jpg 560w, https:\/\/thedriven.io\/wp-content\/uploads\/2026\/03\/EVC-EV-Sales-Table-February-2025-150x58.jpg 150w, https:\/\/thedriven.io\/wp-content\/uploads\/2026\/03\/EVC-EV-Sales-Table-February-2025-240x92.jpg 240w, https:\/\/thedriven.io\/wp-content\/uploads\/2026\/03\/EVC-EV-Sales-Table-February-2025-180x69.jpg 180w, https:\/\/thedriven.io\/wp-content\/uploads\/2026\/03\/EVC-EV-Sales-Table-February-2025-640x246.jpg 640w, https:\/\/thedriven.io\/wp-content\/uploads\/2026\/03\/EVC-EV-Sales-Table-February-2025-1120x430.jpg 1120w, https:\/\/thedriven.io\/wp-content\/uploads\/2026\/03\/EVC-EV-Sales-Table-February-2025-300x115.jpg 300w\" sizes=\"auto, (max-width: 1573px) 100vw, 1573px\"\/><figcaption id=\"caption-attachment-194287\" class=\"wp-caption-text\">Vaizdas: EV Sales 2026 m. vasario m\u0117n., sudarytas EVC<\/figcaption><\/figure>\n<p><span style=\"font-weight: 400\">Naujausi skai\u010diai rodo, kad rinkoje i\u0161augo dviej\u0173 garsiausi\u0173 tik elektromobiliams skirt\u0173 preki\u0173 \u017eenkl\u0173 pardavimai, ta\u010diau, atsi\u017evelgiant \u012f nauj\u0173 gamintoj\u0173 ir modeli\u0173 skai\u010di\u0173, per\u0117jimas prie \u0161i\u0173 preki\u0173 \u017eenkl\u0173 rei\u0161kia, kad tiek Tesla, tiek \u201ePolestar\u201c pardavimai procentais nuo visos rinkos suma\u017e\u0117jo.<\/span><\/p>\n<p><span style=\"font-weight: 400\">\u0160ie duomenys taip pat pateikiami tik pra\u0117jus m\u0117nesiui po 2026 m. sausio m\u0117n., kai elektromobili\u0173 pardavimas suma\u017e\u0117jo, palyginti su 2025 m. gruod\u017eio m\u0117n., o visoje elektromobili\u0173 rinkoje parduota daugiau nei 7 400.<\/span><\/p>\n<p><span style=\"font-weight: 400\">\u201eModel 3\u201c taip pat smarkiai i\u0161augo \u2013 parduota 483 vienetai, taigi, palyginti su pra\u0117jusiu m\u0117nesiu, daugiau nei du kartus.<\/span><\/p>\n<p><span style=\"font-weight: 400\">Kitas prek\u0117s \u017eenklas, apie kur\u012f prane\u0161ta apie EVC pardavimus, buvo Polestar, kuris per m\u0117nes\u012f u\u017efiksavo 145 pardavimus. Jo pardavimams pirmavo \u201ePolestar 4\u201c, pardav\u0119s 97 vienetus, aplenkdamas \u201ePolestar 2\u201c, kuris vasario m\u0117nes\u012f buvo parduotas 45.<\/span><\/p>\n<figure id=\"attachment_186446\" aria-describedby=\"caption-attachment-186446\" style=\"width: 1200px\" class=\"wp-caption aligncenter\"><img decoding=\"async\" class=\"size-full wp-image-186446 native-lazyload-js-fallback\" alt=\"\" width=\"1200\" height=\"900\" loading=\"lazy\" src=\"https:\/\/b2232832.smushcdn.com\/2232832\/wp-content\/uploads\/2025\/03\/Polestar-4-Charging-Riz-Akhtar.jpg?lossy=1&amp;strip=0&amp;webp=1\" srcset=\"https:\/\/b2232832.smushcdn.com\/2232832\/wp-content\/uploads\/2025\/03\/Polestar-4-Charging-Riz-Akhtar.jpg?lossy=1&amp;strip=0&amp;webp=1 1200w, https:\/\/b2232832.smushcdn.com\/2232832\/wp-content\/uploads\/2025\/03\/Polestar-4-Charging-Riz-Akhtar-388x291.jpg?lossy=1&amp;strip=0&amp;webp=1 388w, https:\/\/b2232832.smushcdn.com\/2232832\/wp-content\/uploads\/2025\/03\/Polestar-4-Charging-Riz-Akhtar-1160x870.jpg?lossy=1&amp;strip=0&amp;webp=1 1160w, https:\/\/b2232832.smushcdn.com\/2232832\/wp-content\/uploads\/2025\/03\/Polestar-4-Charging-Riz-Akhtar-380x285.jpg?lossy=1&amp;strip=0&amp;webp=1 380w, https:\/\/b2232832.smushcdn.com\/2232832\/wp-content\/uploads\/2025\/03\/Polestar-4-Charging-Riz-Akhtar-800x600.jpg?lossy=1&amp;strip=0&amp;webp=1 800w, https:\/\/b2232832.smushcdn.com\/2232832\/wp-content\/uploads\/2025\/03\/Polestar-4-Charging-Riz-Akhtar-300x225.jpg?lossy=1&amp;strip=0&amp;webp=1 300w, https:\/\/b2232832.smushcdn.com\/2232832\/wp-content\/uploads\/2025\/03\/Polestar-4-Charging-Riz-Akhtar-120x90.jpg?lossy=1&amp;strip=0&amp;webp=1 120w, https:\/\/b2232832.smushcdn.com\/2232832\/wp-content\/uploads\/2025\/03\/Polestar-4-Charging-Riz-Akhtar-90x68.jpg?lossy=1&amp;strip=0&amp;webp=1 90w, https:\/\/b2232832.smushcdn.com\/2232832\/wp-content\/uploads\/2025\/03\/Polestar-4-Charging-Riz-Akhtar-320x240.jpg?lossy=1&amp;strip=0&amp;webp=1 320w, https:\/\/b2232832.smushcdn.com\/2232832\/wp-content\/uploads\/2025\/03\/Polestar-4-Charging-Riz-Akhtar-560x420.jpg?lossy=1&amp;strip=0&amp;webp=1 560w, https:\/\/b2232832.smushcdn.com\/2232832\/wp-content\/uploads\/2025\/03\/Polestar-4-Charging-Riz-Akhtar-150x113.jpg?lossy=1&amp;strip=0&amp;webp=1 150w, https:\/\/b2232832.smushcdn.com\/2232832\/wp-content\/uploads\/2025\/03\/Polestar-4-Charging-Riz-Akhtar-760x570.jpg?lossy=1&amp;strip=0&amp;webp=1 760w, https:\/\/b2232832.smushcdn.com\/2232832\/wp-content\/uploads\/2025\/03\/Polestar-4-Charging-Riz-Akhtar-600x450.jpg?lossy=1&amp;strip=0&amp;webp=1 600w, https:\/\/b2232832.smushcdn.com\/2232832\/wp-content\/uploads\/2025\/03\/Polestar-4-Charging-Riz-Akhtar-240x180.jpg?lossy=1&amp;strip=0&amp;webp=1 240w, https:\/\/b2232832.smushcdn.com\/2232832\/wp-content\/uploads\/2025\/03\/Polestar-4-Charging-Riz-Akhtar-180x136.jpg?lossy=1&amp;strip=0&amp;webp=1 180w, https:\/\/b2232832.smushcdn.com\/2232832\/wp-content\/uploads\/2025\/03\/Polestar-4-Charging-Riz-Akhtar-640x480.jpg?lossy=1&amp;strip=0&amp;webp=1 640w, https:\/\/b2232832.smushcdn.com\/2232832\/wp-content\/uploads\/2025\/03\/Polestar-4-Charging-Riz-Akhtar-1120x840.jpg?lossy=1&amp;strip=0&amp;webp=1 1120w\" data-sizes=\"(max-width: 1200px) 100vw, 1200px\"\/><img loading=\"lazy\" decoding=\"async\" class=\"size-full wp-image-186446\" src=\"https:\/\/thedriven.io\/wp-content\/uploads\/2025\/03\/Polestar-4-Charging-Riz-Akhtar.jpg\" alt=\"\" width=\"1200\" height=\"900\" srcset=\"https:\/\/thedriven.io\/wp-content\/uploads\/2025\/03\/Polestar-4-Charging-Riz-Akhtar.jpg 1200w, https:\/\/thedriven.io\/wp-content\/uploads\/2025\/03\/Polestar-4-Charging-Riz-Akhtar-388x291.jpg 388w, https:\/\/thedriven.io\/wp-content\/uploads\/2025\/03\/Polestar-4-Charging-Riz-Akhtar-1160x870.jpg 1160w, https:\/\/thedriven.io\/wp-content\/uploads\/2025\/03\/Polestar-4-Charging-Riz-Akhtar-380x285.jpg 380w, https:\/\/thedriven.io\/wp-content\/uploads\/2025\/03\/Polestar-4-Charging-Riz-Akhtar-800x600.jpg 800w, https:\/\/thedriven.io\/wp-content\/uploads\/2025\/03\/Polestar-4-Charging-Riz-Akhtar-300x225.jpg 300w, https:\/\/thedriven.io\/wp-content\/uploads\/2025\/03\/Polestar-4-Charging-Riz-Akhtar-120x90.jpg 120w, https:\/\/thedriven.io\/wp-content\/uploads\/2025\/03\/Polestar-4-Charging-Riz-Akhtar-90x68.jpg 90w, https:\/\/thedriven.io\/wp-content\/uploads\/2025\/03\/Polestar-4-Charging-Riz-Akhtar-320x240.jpg 320w, https:\/\/thedriven.io\/wp-content\/uploads\/2025\/03\/Polestar-4-Charging-Riz-Akhtar-560x420.jpg 560w, https:\/\/thedriven.io\/wp-content\/uploads\/2025\/03\/Polestar-4-Charging-Riz-Akhtar-150x113.jpg 150w, https:\/\/thedriven.io\/wp-content\/uploads\/2025\/03\/Polestar-4-Charging-Riz-Akhtar-760x570.jpg 760w, https:\/\/thedriven.io\/wp-content\/uploads\/2025\/03\/Polestar-4-Charging-Riz-Akhtar-600x450.jpg 600w, https:\/\/thedriven.io\/wp-content\/uploads\/2025\/03\/Polestar-4-Charging-Riz-Akhtar-240x180.jpg 240w, https:\/\/thedriven.io\/wp-content\/uploads\/2025\/03\/Polestar-4-Charging-Riz-Akhtar-180x136.jpg 180w, https:\/\/thedriven.io\/wp-content\/uploads\/2025\/03\/Polestar-4-Charging-Riz-Akhtar-640x480.jpg 640w, https:\/\/thedriven.io\/wp-content\/uploads\/2025\/03\/Polestar-4-Charging-Riz-Akhtar-1120x840.jpg 1120w\" sizes=\"auto, (max-width: 1200px) 100vw, 1200px\"\/><figcaption id=\"caption-attachment-186446\" class=\"wp-caption-text\">Nuotrauka: Riz Akhtar<\/figcaption><\/figure>\n<p><span style=\"font-weight: 400\">\u201ePolestar 3\u201c m\u0117nuo buvo l\u0117tas \u2013 parduoti tik 3 vienetai, grei\u010diausiai d\u0117l padid\u0117jusios konkurencijos tarp toki\u0173 modeli\u0173 kaip Zeekr 7X.<\/span><\/p>\n<p><span style=\"font-weight: 400\">Tesla pardavimai vasario m\u0117n., atrodo, auga, nes bendrov\u0117 ruo\u0161iasi metams ir rinkoje atsiranda did\u017eiul\u0117 konkurencija.<\/span><\/p>\n<p><span style=\"font-weight: 400\">Pavyzd\u017eiui, BYD 2025 m. prasid\u0117jo p\u016bsl\u0117mis, o \u201eSealion 7\u201c buvo \u0161ioks toks hitas tarp \u0161eimos elektrini\u0173 visureigi\u0173 pirk\u0117j\u0173. Pardavimus patvirtinsime, kai v\u0117liau \u0161i\u0105 savait\u0119 per FCAI vFacts bus pateikti pardavimo duomenys.<\/span><\/p>\n<p><span style=\"font-weight: 400\">Tai pasakius, atrodo, kad \u201eTesla\u201c turi didel\u012f prana\u0161um\u0105 prie\u0161 beveik bet kur\u012f prek\u0117s \u017eenkl\u0105 ir tai yra jos visi\u0161kai savaranki\u0161ko vairavimo (FSD) programin\u0117je \u012frangoje. Tai netrukus bus pasiekiama tik u\u017esisakius 149 USD per m\u0117nes\u012f.<\/span><\/p>\n<p><span style=\"font-weight: 400\">Ar to pakakt\u0173, kad likus\u012f 2026 m. laikotarp\u012f b\u016bt\u0173 padidintas \u017einomumas apie prek\u0117s \u017eenklo d\u0117mes\u012f \u012f technologijas ir savaranki\u0161kum\u0105? Laikas parodys, bet kol kas vasario m\u0117nes\u012f parduota beveik 2800 modelio Y modelio, grei\u010diausiai jis v\u0117l pakils \u012f perkamiausi\u0173 elektromobili\u0173 stulp\u0105 vasario m\u0117nes\u012f.<\/span><\/p>\n<p><span style=\"font-weight: 400\">Tik\u0117tina, kad visas rinkos pakilimas bus matomas artimiausiomis dienomis, kai gausime FCAI duomenis apie kit\u0173 preki\u0173 \u017eenkl\u0173 veikl\u0105 per m\u0117nes\u012f. <\/span><\/p>\n<p><span style=\"font-weight: 400\">Ankstyvieji duomenys rodo didel\u012f padid\u0117jim\u0105, palyginti su pra\u0117jus\u012f m\u0117nes\u012f, tikim\u0117s, kad \u0161\u012f m\u0117nes\u012f ma\u017edaug 9 % parduot\u0173 transporto priemoni\u0173 bus su akumuliatoriniais elektromobiliais.<\/span><\/p>\n<div class=\"saboxplugin-wrap\" itemtype=\"http:\/\/schema.org\/Person\" itemscope=\"\" itemprop=\"author\">\n<div class=\"saboxplugin-tab\">\n<div class=\"saboxplugin-gravatar\"><img decoding=\"async\" width=\"100\" height=\"100\" alt=\"Rizas Akhtaras\" itemprop=\"image\" loading=\"lazy\" class=\"native-lazyload-js-fallback\" src=\"https:\/\/b2232832.smushcdn.com\/2232832\/wp-content\/uploads\/2022\/02\/Riz.jpg?lossy=1&amp;strip=0&amp;webp=1\"\/><img loading=\"lazy\" decoding=\"async\" src=\"https:\/\/thedriven.io\/wp-content\/uploads\/2022\/02\/Riz.jpg\" width=\"100\" height=\"100\" alt=\"Rizas Akhtaras\" itemprop=\"image\"\/><\/div>\n<div class=\"saboxplugin-desc\">\n<div itemprop=\"description\">\n<p>Rizas yra Melburne \u012fsik\u016brusios \u012fmon\u0117s \u201ecarloop\u201c \u012fk\u016br\u0117jas, kurio specializacija yra Australijos EV duomenys, \u012f\u017evalgos ataskaitos ir tendencijos. Jis yra mechanikos in\u017einierius, kuris pirmuosius 7 savo karjeros metus praleido kurdamas transporto infrastrukt\u016br\u0105 prie\u0161 prad\u0117damas \u201ecarloop\u201c. Jis domisi automobiliams, ypa\u010d elektromobiliams, ir nori pad\u0117ti suma\u017einti transporto i\u0161metam\u0173 ter\u0161al\u0173 kiek\u012f Australijoje. \u0160iuo metu jis vairuoja raudon\u0105 \u201eTesla Model 3\u201c.<\/p>\n<\/div>\n<\/div>\n<\/div>\n<\/div>\n<p><!-- AI CONTENT END 1 --><\/p><\/div>\n<p><br \/>\n<br \/><a href=\"https:\/\/thedriven.io\/2026\/03\/04\/tesla-sales-rebound-in-australia-in-february-led-by-model-y\/\">Source link <\/a><\/p>\n","protected":false},"excerpt":{"rendered":"<p>Vasario m\u0117nes\u012f elektromobili\u0173 pardavimai i\u0161augo, o pirmieji duomenys rodo, kad per l\u0117t\u0105 saus\u012f jis smarkiai augs. Nauji Elektrini\u0173 transporto priemoni\u0173&hellip;<\/p>\n","protected":false},"author":1,"featured_media":1987,"comment_status":"open","ping_status":"open","sticky":false,"template":"","format":"standard","meta":{"om_disable_all_campaigns":false,"_monsterinsights_skip_tracking":false,"_monsterinsights_sitenote_active":false,"_monsterinsights_sitenote_note":"","_monsterinsights_sitenote_category":0,"footnotes":""},"categories":[39],"tags":[5582,115,616,901,14,5583,5581],"class_list":["post-3641","post","type-post","status-publish","format-standard","has-post-thumbnail","hentry","category-eautomobiliu-technine-puse","tag-atsigavo","tag-australijoje","tag-model","tag-pardavimai","tag-tesla","tag-vadovaujant","tag-vasari"],"aioseo_notices":[],"yoast_head":"<!-- This site is optimized with the Yoast SEO plugin v26.8 - https:\/\/yoast.com\/product\/yoast-seo-wordpress\/ -->\n<title>\u201eTesla\u201c pardavimai Australijoje vasar\u012f atsigavo, vadovaujant \u201eModel Y\u201c. - Eautomobiliai.lt<\/title>\n<meta name=\"robots\" content=\"index, follow, max-snippet:-1, max-image-preview:large, max-video-preview:-1\" \/>\n<link rel=\"canonical\" href=\"https:\/\/eautomobiliai.lt\/index.php\/2026\/03\/04\/tesla-pardavimai-australijoje-vasari-atsigavo-vadovaujant-model-y\/\" \/>\n<meta property=\"og:locale\" content=\"lt_LT\" \/>\n<meta property=\"og:type\" content=\"article\" \/>\n<meta property=\"og:title\" content=\"\u201eTesla\u201c pardavimai Australijoje vasar\u012f atsigavo, vadovaujant \u201eModel Y\u201c. - Eautomobiliai.lt\" \/>\n<meta property=\"og:description\" content=\"Vasario m\u0117nes\u012f elektromobili\u0173 pardavimai i\u0161augo, o pirmieji duomenys rodo, kad per l\u0117t\u0105 saus\u012f jis smarkiai augs. Nauji Elektrini\u0173 transporto priemoni\u0173&hellip;\" \/>\n<meta property=\"og:url\" content=\"https:\/\/eautomobiliai.lt\/index.php\/2026\/03\/04\/tesla-pardavimai-australijoje-vasari-atsigavo-vadovaujant-model-y\/\" \/>\n<meta property=\"og:site_name\" content=\"Eautomobiliai.lt\" \/>\n<meta property=\"article:published_time\" content=\"2026-03-04T17:56:36+00:00\" \/>\n<meta property=\"og:image\" content=\"https:\/\/eautomobiliai.lt\/wp-content\/uploads\/2025\/09\/Tukstanciai-\u201eTesla-Electric-visureigiu-\u201eprisimine-del-suzeidimo-rizikos.jpeg\" \/>\n\t<meta property=\"og:image:width\" content=\"1500\" \/>\n\t<meta property=\"og:image:height\" content=\"1000\" \/>\n\t<meta property=\"og:image:type\" content=\"image\/jpeg\" \/>\n<meta name=\"author\" content=\"admin\" \/>\n<meta name=\"twitter:card\" content=\"summary_large_image\" \/>\n<meta name=\"twitter:label1\" content=\"Written by\" \/>\n\t<meta name=\"twitter:data1\" content=\"admin\" \/>\n\t<meta name=\"twitter:label2\" content=\"Est. reading time\" \/>\n\t<meta name=\"twitter:data2\" content=\"3 minut\u0117s\" \/>\n<script type=\"application\/ld+json\" class=\"yoast-schema-graph\">{\"@context\":\"https:\/\/schema.org\",\"@graph\":[{\"@type\":\"Article\",\"@id\":\"https:\/\/eautomobiliai.lt\/index.php\/2026\/03\/04\/tesla-pardavimai-australijoje-vasari-atsigavo-vadovaujant-model-y\/#article\",\"isPartOf\":{\"@id\":\"https:\/\/eautomobiliai.lt\/index.php\/2026\/03\/04\/tesla-pardavimai-australijoje-vasari-atsigavo-vadovaujant-model-y\/\"},\"author\":{\"name\":\"admin\",\"@id\":\"https:\/\/eautomobiliai.lt\/#\/schema\/person\/ecf2a967f361217d056061f74deb92f2\"},\"headline\":\"\u201eTesla\u201c pardavimai Australijoje vasar\u012f atsigavo, vadovaujant \u201eModel Y\u201c.\",\"datePublished\":\"2026-03-04T17:56:36+00:00\",\"mainEntityOfPage\":{\"@id\":\"https:\/\/eautomobiliai.lt\/index.php\/2026\/03\/04\/tesla-pardavimai-australijoje-vasari-atsigavo-vadovaujant-model-y\/\"},\"wordCount\":530,\"commentCount\":0,\"image\":{\"@id\":\"https:\/\/eautomobiliai.lt\/index.php\/2026\/03\/04\/tesla-pardavimai-australijoje-vasari-atsigavo-vadovaujant-model-y\/#primaryimage\"},\"thumbnailUrl\":\"http:\/\/eautomobiliai.lt\/wp-content\/uploads\/2025\/09\/Tukstanciai-\u201eTesla-Electric-visureigiu-\u201eprisimine-del-suzeidimo-rizikos.jpeg\",\"keywords\":[\"atsigavo\",\"Australijoje\",\"Model\",\"pardavimai\",\"Tesla\",\"vadovaujant\",\"vasar\u012f\"],\"articleSection\":[\"eAUTOMOBILI\u0172 TECHNIN\u0116 PUS\u0116\"],\"inLanguage\":\"lt-LT\",\"potentialAction\":[{\"@type\":\"CommentAction\",\"name\":\"Comment\",\"target\":[\"https:\/\/eautomobiliai.lt\/index.php\/2026\/03\/04\/tesla-pardavimai-australijoje-vasari-atsigavo-vadovaujant-model-y\/#respond\"]}]},{\"@type\":\"WebPage\",\"@id\":\"https:\/\/eautomobiliai.lt\/index.php\/2026\/03\/04\/tesla-pardavimai-australijoje-vasari-atsigavo-vadovaujant-model-y\/\",\"url\":\"https:\/\/eautomobiliai.lt\/index.php\/2026\/03\/04\/tesla-pardavimai-australijoje-vasari-atsigavo-vadovaujant-model-y\/\",\"name\":\"\u201eTesla\u201c pardavimai Australijoje vasar\u012f atsigavo, vadovaujant \u201eModel Y\u201c. - Eautomobiliai.lt\",\"isPartOf\":{\"@id\":\"https:\/\/eautomobiliai.lt\/#website\"},\"primaryImageOfPage\":{\"@id\":\"https:\/\/eautomobiliai.lt\/index.php\/2026\/03\/04\/tesla-pardavimai-australijoje-vasari-atsigavo-vadovaujant-model-y\/#primaryimage\"},\"image\":{\"@id\":\"https:\/\/eautomobiliai.lt\/index.php\/2026\/03\/04\/tesla-pardavimai-australijoje-vasari-atsigavo-vadovaujant-model-y\/#primaryimage\"},\"thumbnailUrl\":\"http:\/\/eautomobiliai.lt\/wp-content\/uploads\/2025\/09\/Tukstanciai-\u201eTesla-Electric-visureigiu-\u201eprisimine-del-suzeidimo-rizikos.jpeg\",\"datePublished\":\"2026-03-04T17:56:36+00:00\",\"author\":{\"@id\":\"https:\/\/eautomobiliai.lt\/#\/schema\/person\/ecf2a967f361217d056061f74deb92f2\"},\"breadcrumb\":{\"@id\":\"https:\/\/eautomobiliai.lt\/index.php\/2026\/03\/04\/tesla-pardavimai-australijoje-vasari-atsigavo-vadovaujant-model-y\/#breadcrumb\"},\"inLanguage\":\"lt-LT\",\"potentialAction\":[{\"@type\":\"ReadAction\",\"target\":[\"https:\/\/eautomobiliai.lt\/index.php\/2026\/03\/04\/tesla-pardavimai-australijoje-vasari-atsigavo-vadovaujant-model-y\/\"]}]},{\"@type\":\"ImageObject\",\"inLanguage\":\"lt-LT\",\"@id\":\"https:\/\/eautomobiliai.lt\/index.php\/2026\/03\/04\/tesla-pardavimai-australijoje-vasari-atsigavo-vadovaujant-model-y\/#primaryimage\",\"url\":\"http:\/\/eautomobiliai.lt\/wp-content\/uploads\/2025\/09\/Tukstanciai-\u201eTesla-Electric-visureigiu-\u201eprisimine-del-suzeidimo-rizikos.jpeg\",\"contentUrl\":\"http:\/\/eautomobiliai.lt\/wp-content\/uploads\/2025\/09\/Tukstanciai-\u201eTesla-Electric-visureigiu-\u201eprisimine-del-suzeidimo-rizikos.jpeg\",\"width\":1500,\"height\":1000},{\"@type\":\"BreadcrumbList\",\"@id\":\"https:\/\/eautomobiliai.lt\/index.php\/2026\/03\/04\/tesla-pardavimai-australijoje-vasari-atsigavo-vadovaujant-model-y\/#breadcrumb\",\"itemListElement\":[{\"@type\":\"ListItem\",\"position\":1,\"name\":\"Home\",\"item\":\"https:\/\/eautomobiliai.lt\/\"},{\"@type\":\"ListItem\",\"position\":2,\"name\":\"\u201eTesla\u201c pardavimai Australijoje vasar\u012f atsigavo, vadovaujant \u201eModel Y\u201c.\"}]},{\"@type\":\"WebSite\",\"@id\":\"https:\/\/eautomobiliai.lt\/#website\",\"url\":\"https:\/\/eautomobiliai.lt\/\",\"name\":\"Eautomobiliai.lt\",\"description\":\"Elektrinis transportas, technologijos\",\"potentialAction\":[{\"@type\":\"SearchAction\",\"target\":{\"@type\":\"EntryPoint\",\"urlTemplate\":\"https:\/\/eautomobiliai.lt\/?s={search_term_string}\"},\"query-input\":{\"@type\":\"PropertyValueSpecification\",\"valueRequired\":true,\"valueName\":\"search_term_string\"}}],\"inLanguage\":\"lt-LT\"},{\"@type\":\"Person\",\"@id\":\"https:\/\/eautomobiliai.lt\/#\/schema\/person\/ecf2a967f361217d056061f74deb92f2\",\"name\":\"admin\",\"image\":{\"@type\":\"ImageObject\",\"inLanguage\":\"lt-LT\",\"@id\":\"https:\/\/eautomobiliai.lt\/#\/schema\/person\/image\/\",\"url\":\"https:\/\/secure.gravatar.com\/avatar\/6323379efae0c70c686c7905444d6bbd?s=96&d=mm&r=g\",\"contentUrl\":\"https:\/\/secure.gravatar.com\/avatar\/6323379efae0c70c686c7905444d6bbd?s=96&d=mm&r=g\",\"caption\":\"admin\"},\"sameAs\":[\"http:\/\/eautomobiliai.lt\"],\"url\":\"http:\/\/eautomobiliai.lt\/index.php\/author\/admin\/\"}]}<\/script>\n<!-- \/ Yoast SEO plugin. -->","yoast_head_json":{"title":"\u201eTesla\u201c pardavimai Australijoje vasar\u012f atsigavo, vadovaujant \u201eModel Y\u201c. - Eautomobiliai.lt","robots":{"index":"index","follow":"follow","max-snippet":"max-snippet:-1","max-image-preview":"max-image-preview:large","max-video-preview":"max-video-preview:-1"},"canonical":"https:\/\/eautomobiliai.lt\/index.php\/2026\/03\/04\/tesla-pardavimai-australijoje-vasari-atsigavo-vadovaujant-model-y\/","og_locale":"lt_LT","og_type":"article","og_title":"\u201eTesla\u201c pardavimai Australijoje vasar\u012f atsigavo, vadovaujant \u201eModel Y\u201c. - Eautomobiliai.lt","og_description":"Vasario m\u0117nes\u012f elektromobili\u0173 pardavimai i\u0161augo, o pirmieji duomenys rodo, kad per l\u0117t\u0105 saus\u012f jis smarkiai augs. Nauji Elektrini\u0173 transporto priemoni\u0173&hellip;","og_url":"https:\/\/eautomobiliai.lt\/index.php\/2026\/03\/04\/tesla-pardavimai-australijoje-vasari-atsigavo-vadovaujant-model-y\/","og_site_name":"Eautomobiliai.lt","article_published_time":"2026-03-04T17:56:36+00:00","og_image":[{"width":1500,"height":1000,"url":"https:\/\/eautomobiliai.lt\/wp-content\/uploads\/2025\/09\/Tukstanciai-\u201eTesla-Electric-visureigiu-\u201eprisimine-del-suzeidimo-rizikos.jpeg","type":"image\/jpeg"}],"author":"admin","twitter_card":"summary_large_image","twitter_misc":{"Written by":"admin","Est. reading time":"3 minut\u0117s"},"schema":{"@context":"https:\/\/schema.org","@graph":[{"@type":"Article","@id":"https:\/\/eautomobiliai.lt\/index.php\/2026\/03\/04\/tesla-pardavimai-australijoje-vasari-atsigavo-vadovaujant-model-y\/#article","isPartOf":{"@id":"https:\/\/eautomobiliai.lt\/index.php\/2026\/03\/04\/tesla-pardavimai-australijoje-vasari-atsigavo-vadovaujant-model-y\/"},"author":{"name":"admin","@id":"https:\/\/eautomobiliai.lt\/#\/schema\/person\/ecf2a967f361217d056061f74deb92f2"},"headline":"\u201eTesla\u201c pardavimai Australijoje vasar\u012f atsigavo, vadovaujant \u201eModel Y\u201c.","datePublished":"2026-03-04T17:56:36+00:00","mainEntityOfPage":{"@id":"https:\/\/eautomobiliai.lt\/index.php\/2026\/03\/04\/tesla-pardavimai-australijoje-vasari-atsigavo-vadovaujant-model-y\/"},"wordCount":530,"commentCount":0,"image":{"@id":"https:\/\/eautomobiliai.lt\/index.php\/2026\/03\/04\/tesla-pardavimai-australijoje-vasari-atsigavo-vadovaujant-model-y\/#primaryimage"},"thumbnailUrl":"http:\/\/eautomobiliai.lt\/wp-content\/uploads\/2025\/09\/Tukstanciai-\u201eTesla-Electric-visureigiu-\u201eprisimine-del-suzeidimo-rizikos.jpeg","keywords":["atsigavo","Australijoje","Model","pardavimai","Tesla","vadovaujant","vasar\u012f"],"articleSection":["eAUTOMOBILI\u0172 TECHNIN\u0116 PUS\u0116"],"inLanguage":"lt-LT","potentialAction":[{"@type":"CommentAction","name":"Comment","target":["https:\/\/eautomobiliai.lt\/index.php\/2026\/03\/04\/tesla-pardavimai-australijoje-vasari-atsigavo-vadovaujant-model-y\/#respond"]}]},{"@type":"WebPage","@id":"https:\/\/eautomobiliai.lt\/index.php\/2026\/03\/04\/tesla-pardavimai-australijoje-vasari-atsigavo-vadovaujant-model-y\/","url":"https:\/\/eautomobiliai.lt\/index.php\/2026\/03\/04\/tesla-pardavimai-australijoje-vasari-atsigavo-vadovaujant-model-y\/","name":"\u201eTesla\u201c pardavimai Australijoje vasar\u012f atsigavo, vadovaujant \u201eModel Y\u201c. - Eautomobiliai.lt","isPartOf":{"@id":"https:\/\/eautomobiliai.lt\/#website"},"primaryImageOfPage":{"@id":"https:\/\/eautomobiliai.lt\/index.php\/2026\/03\/04\/tesla-pardavimai-australijoje-vasari-atsigavo-vadovaujant-model-y\/#primaryimage"},"image":{"@id":"https:\/\/eautomobiliai.lt\/index.php\/2026\/03\/04\/tesla-pardavimai-australijoje-vasari-atsigavo-vadovaujant-model-y\/#primaryimage"},"thumbnailUrl":"http:\/\/eautomobiliai.lt\/wp-content\/uploads\/2025\/09\/Tukstanciai-\u201eTesla-Electric-visureigiu-\u201eprisimine-del-suzeidimo-rizikos.jpeg","datePublished":"2026-03-04T17:56:36+00:00","author":{"@id":"https:\/\/eautomobiliai.lt\/#\/schema\/person\/ecf2a967f361217d056061f74deb92f2"},"breadcrumb":{"@id":"https:\/\/eautomobiliai.lt\/index.php\/2026\/03\/04\/tesla-pardavimai-australijoje-vasari-atsigavo-vadovaujant-model-y\/#breadcrumb"},"inLanguage":"lt-LT","potentialAction":[{"@type":"ReadAction","target":["https:\/\/eautomobiliai.lt\/index.php\/2026\/03\/04\/tesla-pardavimai-australijoje-vasari-atsigavo-vadovaujant-model-y\/"]}]},{"@type":"ImageObject","inLanguage":"lt-LT","@id":"https:\/\/eautomobiliai.lt\/index.php\/2026\/03\/04\/tesla-pardavimai-australijoje-vasari-atsigavo-vadovaujant-model-y\/#primaryimage","url":"http:\/\/eautomobiliai.lt\/wp-content\/uploads\/2025\/09\/Tukstanciai-\u201eTesla-Electric-visureigiu-\u201eprisimine-del-suzeidimo-rizikos.jpeg","contentUrl":"http:\/\/eautomobiliai.lt\/wp-content\/uploads\/2025\/09\/Tukstanciai-\u201eTesla-Electric-visureigiu-\u201eprisimine-del-suzeidimo-rizikos.jpeg","width":1500,"height":1000},{"@type":"BreadcrumbList","@id":"https:\/\/eautomobiliai.lt\/index.php\/2026\/03\/04\/tesla-pardavimai-australijoje-vasari-atsigavo-vadovaujant-model-y\/#breadcrumb","itemListElement":[{"@type":"ListItem","position":1,"name":"Home","item":"https:\/\/eautomobiliai.lt\/"},{"@type":"ListItem","position":2,"name":"\u201eTesla\u201c pardavimai Australijoje vasar\u012f atsigavo, vadovaujant \u201eModel Y\u201c."}]},{"@type":"WebSite","@id":"https:\/\/eautomobiliai.lt\/#website","url":"https:\/\/eautomobiliai.lt\/","name":"Eautomobiliai.lt","description":"Elektrinis transportas, technologijos","potentialAction":[{"@type":"SearchAction","target":{"@type":"EntryPoint","urlTemplate":"https:\/\/eautomobiliai.lt\/?s={search_term_string}"},"query-input":{"@type":"PropertyValueSpecification","valueRequired":true,"valueName":"search_term_string"}}],"inLanguage":"lt-LT"},{"@type":"Person","@id":"https:\/\/eautomobiliai.lt\/#\/schema\/person\/ecf2a967f361217d056061f74deb92f2","name":"admin","image":{"@type":"ImageObject","inLanguage":"lt-LT","@id":"https:\/\/eautomobiliai.lt\/#\/schema\/person\/image\/","url":"https:\/\/secure.gravatar.com\/avatar\/6323379efae0c70c686c7905444d6bbd?s=96&d=mm&r=g","contentUrl":"https:\/\/secure.gravatar.com\/avatar\/6323379efae0c70c686c7905444d6bbd?s=96&d=mm&r=g","caption":"admin"},"sameAs":["http:\/\/eautomobiliai.lt"],"url":"http:\/\/eautomobiliai.lt\/index.php\/author\/admin\/"}]}},"_links":{"self":[{"href":"http:\/\/eautomobiliai.lt\/index.php\/wp-json\/wp\/v2\/posts\/3641","targetHints":{"allow":["GET"]}}],"collection":[{"href":"http:\/\/eautomobiliai.lt\/index.php\/wp-json\/wp\/v2\/posts"}],"about":[{"href":"http:\/\/eautomobiliai.lt\/index.php\/wp-json\/wp\/v2\/types\/post"}],"author":[{"embeddable":true,"href":"http:\/\/eautomobiliai.lt\/index.php\/wp-json\/wp\/v2\/users\/1"}],"replies":[{"embeddable":true,"href":"http:\/\/eautomobiliai.lt\/index.php\/wp-json\/wp\/v2\/comments?post=3641"}],"version-history":[{"count":0,"href":"http:\/\/eautomobiliai.lt\/index.php\/wp-json\/wp\/v2\/posts\/3641\/revisions"}],"wp:featuredmedia":[{"embeddable":true,"href":"http:\/\/eautomobiliai.lt\/index.php\/wp-json\/wp\/v2\/media\/1987"}],"wp:attachment":[{"href":"http:\/\/eautomobiliai.lt\/index.php\/wp-json\/wp\/v2\/media?parent=3641"}],"wp:term":[{"taxonomy":"category","embeddable":true,"href":"http:\/\/eautomobiliai.lt\/index.php\/wp-json\/wp\/v2\/categories?post=3641"},{"taxonomy":"post_tag","embeddable":true,"href":"http:\/\/eautomobiliai.lt\/index.php\/wp-json\/wp\/v2\/tags?post=3641"}],"curies":[{"name":"wp","href":"https:\/\/api.w.org\/{rel}","templated":true}]}}