{"id":3665,"date":"2026-03-07T13:56:26","date_gmt":"2026-03-07T13:56:26","guid":{"rendered":"https:\/\/eautomobiliai.lt\/index.php\/2026\/03\/07\/elektros-irangos-parinktys-ikrauna-conexpo-2026\/"},"modified":"2026-03-07T13:56:26","modified_gmt":"2026-03-07T13:56:26","slug":"elektros-irangos-parinktys-ikrauna-conexpo-2026","status":"publish","type":"post","link":"http:\/\/eautomobiliai.lt\/index.php\/2026\/03\/07\/elektros-irangos-parinktys-ikrauna-conexpo-2026\/","title":{"rendered":"elektros \u012frangos parinktys \u012fkrauna CONEXPO 2026"},"content":{"rendered":"<p> <br \/>\n<\/p>\n<div>\n<figure class=\"img-border featured-image\">\n<p>\t<br \/>\n\t<\/figure>\n<p>\u0160i\u0105 savait\u0119 Las Vegase vykusiame CONEXPO renginyje \u2013 nuo \u200b\u200bmini krautuv\u0173, pagamint\u0173 taip, kad prava\u017eiuot\u0173 ank\u0161tas \u017emogaus duris, iki did\u017eiuli\u0173 ekskavatori\u0173 ir sunkve\u017eimi\u0173, skirt\u0173 tikriems purv\u0105 judantiems raumenims \u2013 ir beveik kiekvienas pagrindinis originalios \u012frangos gamintojas demonstravo naujus nulin\u0117s emisijos \u012frenginius, skirtus produktyvumui ir na\u0161umui prilygti dyzelinui ir \u012fveikti triuk\u0161m\u0105 bei TCO.<\/p>\n<p><span id=\"more-458397\"\/><\/p>\n<p>Originalios \u012frangos gamintojai nekliudo vieni prie\u0161 kitus, kad pademonstruot\u0173 dideli\u0173 pinig\u0173 supirkim\u0105 JAV rinkai, kaip buvo Bideno CES parodose, ta\u010diau elektrifikacija vis dar labai svarbi bet kuriam \u012frangos gamintojui, turin\u010diam pasaulini\u0173 ambicij\u0173 \u2013 o pastaruoju metu Irane vykstantis siaubo \u0161ou dyzelinas taip pat neatpigina!<\/p>\n<p>\u012eprasti \u201eVolvo\u201c elektrifikuoti \u012ftariamieji, tokie kaip elektrinis ekskavatorius EC230 ir elektriniai ratiniai krautuvai L90, sulauk\u0117 daug antr\u0173j\u0173 \u017evilgsni\u0173 \u2013 prie j\u0173 taip pat prisid\u0117jo keletas nauj\u0173 veid\u0173. \u0160tai keletas svarbiausi\u0173, kuriuos gamintojas pateikia ab\u0117c\u0117l\u0117s tvarka, kad \u012f istorij\u0105 neatsirast\u0173 redakcinis \u0161ali\u0161kumas.<\/p>\n<div id=\"ez-toc-container\" class=\"ez-toc-v2_0_82_2 counter-hierarchy ez-toc-counter ez-toc-grey ez-toc-container-direction\">\n<div class=\"ez-toc-title-container\">\n<p class=\"ez-toc-title\" style=\"cursor:inherit\">Turinys:<\/p>\n<span class=\"ez-toc-title-toggle\"><a href=\"#\" class=\"ez-toc-pull-right ez-toc-btn ez-toc-btn-xs ez-toc-btn-default ez-toc-toggle\" aria-label=\"Toggle Table of Content\"><span class=\"ez-toc-js-icon-con\"><span class=\"\"><span class=\"eztoc-hide\" style=\"display:none;\">Toggle<\/span><span class=\"ez-toc-icon-toggle-span\"><svg style=\"fill: #999;color:#999\" xmlns=\"http:\/\/www.w3.org\/2000\/svg\" class=\"list-377408\" width=\"20px\" height=\"20px\" viewBox=\"0 0 24 24\" fill=\"none\"><path d=\"M6 6H4v2h2V6zm14 0H8v2h12V6zM4 11h2v2H4v-2zm16 0H8v2h12v-2zM4 16h2v2H4v-2zm16 0H8v2h12v-2z\" fill=\"currentColor\"><\/path><\/svg><svg style=\"fill: #999;color:#999\" class=\"arrow-unsorted-368013\" xmlns=\"http:\/\/www.w3.org\/2000\/svg\" width=\"10px\" height=\"10px\" viewBox=\"0 0 24 24\" version=\"1.2\" baseProfile=\"tiny\"><path d=\"M18.2 9.3l-6.2-6.3-6.2 6.3c-.2.2-.3.4-.3.7s.1.5.3.7c.2.2.4.3.7.3h11c.3 0 .5-.1.7-.3.2-.2.3-.5.3-.7s-.1-.5-.3-.7zM5.8 14.7l6.2 6.3 6.2-6.3c.2-.2.3-.5.3-.7s-.1-.5-.3-.7c-.2-.2-.4-.3-.7-.3h-11c-.3 0-.5.1-.7.3-.2.2-.3.5-.3.7s.1.5.3.7z\"\/><\/svg><\/span><\/span><\/span><\/a><\/span><\/div>\n<nav><ul class='ez-toc-list ez-toc-list-level-1 ' ><li class='ez-toc-page-1 ez-toc-heading-level-2'><a class=\"ez-toc-link ez-toc-heading-1\" href=\"http:\/\/eautomobiliai.lt\/index.php\/2026\/03\/07\/elektros-irangos-parinktys-ikrauna-conexpo-2026\/#CASE_TL100EV\" >CASE TL100EV<\/a><\/li><li class='ez-toc-page-1 ez-toc-heading-level-2'><a class=\"ez-toc-link ez-toc-heading-2\" href=\"http:\/\/eautomobiliai.lt\/index.php\/2026\/03\/07\/elektros-irangos-parinktys-ikrauna-conexpo-2026\/#Daug_elektrines_meiles_is_LiuGong\" >Daug elektrin\u0117s meil\u0117s i\u0161 LiuGong<\/a><\/li><li class='ez-toc-page-1 ez-toc-heading-level-2'><a class=\"ez-toc-link ez-toc-heading-3\" href=\"http:\/\/eautomobiliai.lt\/index.php\/2026\/03\/07\/elektros-irangos-parinktys-ikrauna-conexpo-2026\/#Tadano_atnesa_didiji\" >Tadano atne\u0161a did\u012fj\u012f<\/a><\/li><li class='ez-toc-page-1 ez-toc-heading-level-2'><a class=\"ez-toc-link ez-toc-heading-4\" href=\"http:\/\/eautomobiliai.lt\/index.php\/2026\/03\/07\/elektros-irangos-parinktys-ikrauna-conexpo-2026\/#Takeuchi_papildo_serija\" >Takeuchi papildo serij\u0105<\/a><\/li><li class='ez-toc-page-1 ez-toc-heading-level-2'><a class=\"ez-toc-link ez-toc-heading-5\" href=\"http:\/\/eautomobiliai.lt\/index.php\/2026\/03\/07\/elektros-irangos-parinktys-ikrauna-conexpo-2026\/#Volvo_CE\" >Volvo CE<\/a><\/li><\/ul><\/nav><\/div>\n<h2 class=\"wp-block-heading\" id=\"h-case-tl100ev\"><span class=\"ez-toc-section\" id=\"CASE_TL100EV\"><\/span>CASE TL100EV<span class=\"ez-toc-section-end\"><\/span><\/h2>\n<hr\/>\n<figure class=\"wp-block-image alignwide size-large\"><img loading=\"lazy\" decoding=\"async\" height=\"512\" width=\"1024\" src=\"https:\/\/electrek.co\/wp-content\/uploads\/sites\/3\/2026\/03\/CASE-TL100.jpg?quality=82&amp;strip=all&amp;w=1024\" alt=\"\" class=\"wp-image-458502\" srcset=\"https:\/\/electrek.co\/wp-content\/uploads\/sites\/3\/2026\/03\/CASE-TL100.jpg 1600w, https:\/\/electrek.co\/wp-content\/uploads\/sites\/3\/2026\/03\/CASE-TL100.jpg?resize=150,75 150w, https:\/\/electrek.co\/wp-content\/uploads\/sites\/3\/2026\/03\/CASE-TL100.jpg?resize=300,150 300w, https:\/\/electrek.co\/wp-content\/uploads\/sites\/3\/2026\/03\/CASE-TL100.jpg?resize=768,384 768w, https:\/\/electrek.co\/wp-content\/uploads\/sites\/3\/2026\/03\/CASE-TL100.jpg?resize=1024,512 1024w, https:\/\/electrek.co\/wp-content\/uploads\/sites\/3\/2026\/03\/CASE-TL100.jpg?resize=1536,768 1536w, https:\/\/electrek.co\/wp-content\/uploads\/sites\/3\/2026\/03\/CASE-TL100.jpg?resize=350,175 350w, https:\/\/electrek.co\/wp-content\/uploads\/sites\/3\/2026\/03\/CASE-TL100.jpg?resize=140,70 140w, https:\/\/electrek.co\/wp-content\/uploads\/sites\/3\/2026\/03\/CASE-TL100.jpg?resize=290,145 290w, https:\/\/electrek.co\/wp-content\/uploads\/sites\/3\/2026\/03\/CASE-TL100.jpg?resize=600,300 600w\" sizes=\"auto, (max-width: 1024px) 100vw, 1024px\"\/><figcaption class=\"wp-element-caption\">T100EV mini krautuvas; per CASE (CNH)<\/figcaption><\/figure>\n<p>CASE debiutavo visi\u0161kai nauja TL100 stovin\u010dio mini vik\u0161rinio krautuvo elektrin\u0117 versija su itin tyliu, \u017eemos vibracijos, be i\u0161metam\u0173j\u0173 ter\u0161al\u0173 va\u017eiavimo ir (pagal CASE) visa galia ir na\u0161umu, kur\u012f gaunate i\u0161 dyzelinio analogo. TL100EV prisijungia prie 580EV elektrinio ekskavatoriaus JAV CASE serijoje, ta\u010diau CASE \u2013 nuo \u200b\u200b\u201eC\u201c iki New Holland \u201eNH\u201c CNH \u2013 nuotolinio valdymo srityje atliko tikrai novatori\u0161k\u0105 darb\u0105, ir jie nesul\u0117t\u0117ja.<\/p>\n<p>\t<span class=\"outbrain-ad-label\">Reklama \u2013 slinkite, kad gautum\u0117te daugiau turinio<\/span><\/p>\n<p>\u201eMes kuriame daugiau nei ma\u0161inas \u2013 kuriame partneryst\u0119 su savo klientais, kad paskatintume j\u0173 s\u0117km\u0119\u201c, \u2013 sak\u0117 Bradas Stemperis, CASE Construction Equipment Amerikos produkt\u0173 valdymo skyriaus vadovas. \u201eKiekviena m\u016bs\u0173 kabinoje esanti gele\u017eies dalis \u2013 nuo \u200b\u200bm\u016bs\u0173 kompakti\u0161k\u0173 ma\u0161in\u0173 iki did\u017eiausi\u0173 ekskavatori\u0173 \u2013 sukurta atsi\u017evelgiant \u012f operatori\u0173, kad jie gal\u0117t\u0173 laikytis grafiko, kontroliuoti savo veikim\u0105 ir apsaugoti savo pagrind\u0105.<\/p>\n<h2 class=\"wp-block-heading\" id=\"h-lots-of-lectric-love-from-liugong\"><span class=\"ez-toc-section\" id=\"Daug_elektrines_meiles_is_LiuGong\"><\/span>Daug elektrin\u0117s meil\u0117s i\u0161 LiuGong <span class=\"ez-toc-section-end\"><\/span><\/h2>\n<hr\/>\n<figure class=\"wp-block-image alignwide size-large\"><img loading=\"lazy\" decoding=\"async\" height=\"576\" width=\"1024\" src=\"https:\/\/electrek.co\/wp-content\/uploads\/sites\/3\/2026\/03\/liu_gong.jpg?quality=82&amp;strip=all&amp;w=1024\" alt=\"\" class=\"wp-image-458509\" srcset=\"https:\/\/electrek.co\/wp-content\/uploads\/sites\/3\/2026\/03\/liu_gong.jpg 1600w, https:\/\/electrek.co\/wp-content\/uploads\/sites\/3\/2026\/03\/liu_gong.jpg?resize=150,84 150w, https:\/\/electrek.co\/wp-content\/uploads\/sites\/3\/2026\/03\/liu_gong.jpg?resize=300,169 300w, https:\/\/electrek.co\/wp-content\/uploads\/sites\/3\/2026\/03\/liu_gong.jpg?resize=768,432 768w, https:\/\/electrek.co\/wp-content\/uploads\/sites\/3\/2026\/03\/liu_gong.jpg?resize=1024,576 1024w, https:\/\/electrek.co\/wp-content\/uploads\/sites\/3\/2026\/03\/liu_gong.jpg?resize=1536,864 1536w, https:\/\/electrek.co\/wp-content\/uploads\/sites\/3\/2026\/03\/liu_gong.jpg?resize=350,197 350w, https:\/\/electrek.co\/wp-content\/uploads\/sites\/3\/2026\/03\/liu_gong.jpg?resize=140,79 140w\" sizes=\"auto, (max-width: 1024px) 100vw, 1024px\"\/><figcaption class=\"wp-element-caption\">CONEXPO 2026; per LiuGong.<\/figcaption><\/figure>\n<p>\u201eLiuGong\u201c Las Vegase pristat\u0117 vis\u0105 nulin\u0117s emisijos sunki\u0173j\u0173 sunkve\u017eimi\u0173 linij\u0105, kuri\u0105 sudaro bendrov\u0117s 922FE ekskavatorius, 870HE ir 820TE ratiniai krautuvai ir net pora akumuliatoriniu krautuvu, atspindin\u010diu nuolatin\u0119 prek\u0117s \u017eenklo pl\u0117tr\u0105 \u012f Vakarus.<\/p>\n<p>LiuGong toli nuo koncepcijos mat\u0117, kad \u0161ios baterijos elektrin\u0117s ma\u0161inos buvo \u012fdiegtos daugiau nei de\u0161imtyje \u0161ali\u0173, o dar keliose de\u0161imtyse \u012fmon\u0117s tur\u0117t\u0173 prad\u0117ti pristatyti bet kuri\u0105 dien\u0105 \u2013 o tos ma\u0161inos? \u201eLiuGong\u201c teigia, kad jie sutaupo statyb\u0173 park\u0105 ma\u017edaug 40 % nuo bendr\u0173j\u0173 nuosavyb\u0117s s\u0105naud\u0173 (TCO), nes suma\u017e\u0117ja susid\u0117vin\u010di\u0173 dali\u0173, ma\u017eiau skys\u010di\u0173 ir filtr\u0173 bei sutrump\u0117ja prastovos laikas, palyginti su dyzelinu ar SGD.<\/p>\n<p>\u0160ios santaupos padeda \u201eLiuGong\u201c padidinti pardavimus, ta\u010diau padeda ir visa bendrov\u0117s asortimentas. \u201eSunk\u016bs klientai neturi laiko sud\u0117tingumui\u201c, \u2013 si\u016blo LiuGong \u0160iaur\u0117s Amerikos prezidentas Andrew Ryanas. &#8222;Jiems reikia vieno partnerio, kuriuo gal\u0117t\u0173 pasikliauti vis\u0105 darb\u0105 \u2013 nuo \u200b\u200bpirmo kasimo iki paskutin\u0117s klas\u0117s. M\u016bs\u0173 tikslas \u2013 tiekti patvari\u0105, efektyvi\u0105 \u012frang\u0105, kuri\u0105 palaiko vieningas paslaug\u0173 tinklas.&#8221;<\/p>\n<h2 class=\"wp-block-heading\" id=\"h-tadano-brings-the-big-one\"><span class=\"ez-toc-section\" id=\"Tadano_atnesa_didiji\"><\/span>Tadano atne\u0161a did\u012fj\u012f<span class=\"ez-toc-section-end\"><\/span><\/h2>\n<hr\/>\n<figure class=\"wp-block-image alignwide size-large\"><img loading=\"lazy\" decoding=\"async\" height=\"512\" width=\"1024\" src=\"https:\/\/electrek.co\/wp-content\/uploads\/sites\/3\/2026\/03\/img_tadano_conexpo26_group.png?w=1024\" alt=\"\" class=\"wp-image-458520\" srcset=\"https:\/\/electrek.co\/wp-content\/uploads\/sites\/3\/2026\/03\/img_tadano_conexpo26_group.png 1600w, https:\/\/electrek.co\/wp-content\/uploads\/sites\/3\/2026\/03\/img_tadano_conexpo26_group.png?resize=150,75 150w, https:\/\/electrek.co\/wp-content\/uploads\/sites\/3\/2026\/03\/img_tadano_conexpo26_group.png?resize=300,150 300w, https:\/\/electrek.co\/wp-content\/uploads\/sites\/3\/2026\/03\/img_tadano_conexpo26_group.png?resize=768,384 768w, https:\/\/electrek.co\/wp-content\/uploads\/sites\/3\/2026\/03\/img_tadano_conexpo26_group.png?resize=1024,512 1024w, https:\/\/electrek.co\/wp-content\/uploads\/sites\/3\/2026\/03\/img_tadano_conexpo26_group.png?resize=1536,768 1536w, https:\/\/electrek.co\/wp-content\/uploads\/sites\/3\/2026\/03\/img_tadano_conexpo26_group.png?resize=350,175 350w, https:\/\/electrek.co\/wp-content\/uploads\/sites\/3\/2026\/03\/img_tadano_conexpo26_group.png?resize=140,70 140w, https:\/\/electrek.co\/wp-content\/uploads\/sites\/3\/2026\/03\/img_tadano_conexpo26_group.png?resize=290,145 290w, https:\/\/electrek.co\/wp-content\/uploads\/sites\/3\/2026\/03\/img_tadano_conexpo26_group.png?resize=600,300 600w\" sizes=\"auto, (max-width: 1024px) 100vw, 1024px\"\/><figcaption class=\"wp-element-caption\">Tadano paroda CONEXPO.<\/figcaption><\/figure>\n<p>Mums nepavyko patekti \u012f \u012fsp\u016bding\u0105 Tadano krano ekran\u0105, bet tai tiesiog rei\u0161kia, kad neteko pamatyti did\u017eiulio eGR-1000XLL-1 EVOLT.<\/p>\n<p>eGR-1000XLL-1 EVOLT yra sunkiai pavadintas 100 ton\u0173 mobilus kranas, tiekiamas su \u0161e\u0161iais li\u010dio jon\u0173 baterij\u0173 paketais, kuri\u0173 galia yra iki 226 kWh. Tadano teigimu, to pakanka iki septyni\u0173 valand\u0173 nepertraukiamo veikimo vienoje vietoje arba iki penki\u0173 valand\u0173 nepertraukiamo veikimo ir penki\u0173 su puse myli\u0173 nepertraukiamo veikimo. tai yra vietoje.<\/p>\n<h2 class=\"wp-block-heading\" id=\"h-takeuchi-adds-to-the-lineup\"><span class=\"ez-toc-section\" id=\"Takeuchi_papildo_serija\"><\/span>Takeuchi papildo serij\u0105<span class=\"ez-toc-section-end\"><\/span><\/h2>\n<hr\/>\n<figure class=\"wp-block-gallery alignwide has-nested-images columns-default is-cropped wp-block-gallery-1 is-layout-flex wp-block-gallery-is-layout-flex\">\n<figure class=\"wp-block-image size-large\"><img loading=\"lazy\" decoding=\"async\" height=\"576\" width=\"1024\" data-id=\"458436\" src=\"https:\/\/electrek.co\/wp-content\/uploads\/sites\/3\/2026\/03\/takeuchi_tb20e.jpeg?quality=82&amp;strip=all&amp;w=1024\" alt=\"\" class=\"wp-image-458436\" srcset=\"https:\/\/electrek.co\/wp-content\/uploads\/sites\/3\/2026\/03\/takeuchi_tb20e.jpeg 1909w, https:\/\/electrek.co\/wp-content\/uploads\/sites\/3\/2026\/03\/takeuchi_tb20e.jpeg?resize=150,84 150w, https:\/\/electrek.co\/wp-content\/uploads\/sites\/3\/2026\/03\/takeuchi_tb20e.jpeg?resize=300,169 300w, https:\/\/electrek.co\/wp-content\/uploads\/sites\/3\/2026\/03\/takeuchi_tb20e.jpeg?resize=768,432 768w, https:\/\/electrek.co\/wp-content\/uploads\/sites\/3\/2026\/03\/takeuchi_tb20e.jpeg?resize=1024,576 1024w, https:\/\/electrek.co\/wp-content\/uploads\/sites\/3\/2026\/03\/takeuchi_tb20e.jpeg?resize=1536,863 1536w, https:\/\/electrek.co\/wp-content\/uploads\/sites\/3\/2026\/03\/takeuchi_tb20e.jpeg?resize=350,197 350w, https:\/\/electrek.co\/wp-content\/uploads\/sites\/3\/2026\/03\/takeuchi_tb20e.jpeg?resize=140,79 140w, https:\/\/electrek.co\/wp-content\/uploads\/sites\/3\/2026\/03\/takeuchi_tb20e.jpeg?resize=1600,899 1600w\" sizes=\"auto, (max-width: 1024px) 100vw, 1024px\"\/><\/figure>\n<figure class=\"wp-block-image size-large\"><img loading=\"lazy\" decoding=\"async\" height=\"1024\" width=\"1024\" data-id=\"458514\" src=\"https:\/\/electrek.co\/wp-content\/uploads\/sites\/3\/2026\/03\/takeuchi_loader.jpeg?quality=82&amp;strip=all&amp;w=1024\" alt=\"\" class=\"wp-image-458514\" srcset=\"https:\/\/electrek.co\/wp-content\/uploads\/sites\/3\/2026\/03\/takeuchi_loader.jpeg 1386w, https:\/\/electrek.co\/wp-content\/uploads\/sites\/3\/2026\/03\/takeuchi_loader.jpeg?resize=150,150 150w, https:\/\/electrek.co\/wp-content\/uploads\/sites\/3\/2026\/03\/takeuchi_loader.jpeg?resize=300,300 300w, https:\/\/electrek.co\/wp-content\/uploads\/sites\/3\/2026\/03\/takeuchi_loader.jpeg?resize=768,768 768w, https:\/\/electrek.co\/wp-content\/uploads\/sites\/3\/2026\/03\/takeuchi_loader.jpeg?resize=1024,1024 1024w, https:\/\/electrek.co\/wp-content\/uploads\/sites\/3\/2026\/03\/takeuchi_loader.jpeg?resize=350,350 350w, https:\/\/electrek.co\/wp-content\/uploads\/sites\/3\/2026\/03\/takeuchi_loader.jpeg?resize=140,140 140w, https:\/\/electrek.co\/wp-content\/uploads\/sites\/3\/2026\/03\/takeuchi_loader.jpeg?resize=1000,1000 1000w, https:\/\/electrek.co\/wp-content\/uploads\/sites\/3\/2026\/03\/takeuchi_loader.jpeg?resize=500,500 500w, https:\/\/electrek.co\/wp-content\/uploads\/sites\/3\/2026\/03\/takeuchi_loader.jpeg?resize=96,96 96w\" sizes=\"auto, (max-width: 1024px) 100vw, 1024px\"\/><\/figure>\n<\/figure>\n<p>Tadano \u012f savo asortiment\u0105 \u012ftrauk\u0117 visi\u0161kai nauj\u0105 elektrin\u012f mini ekskavatori\u0173 TB20e, prisijungdamas prie naujos prek\u0117s \u017eenklo mini vik\u0161rinio krautuvo koncepcijos, kuri rodoma tiek akumuliatoriaus elektrinio, tiek biokuro (\u017ealios spalvos) konfig\u016bracijose \u2013 tai atspindi perspektyv\u0173 CONEXPO pob\u016bd\u012f.<\/p>\n<p>\u201eCONEXPO-CON\/AGG yra svarbiausias pasaulinis statybos inovacij\u0173 etapas pramon\u0117je\u201c, \u2013 sak\u0117 \u201eTakeuchi-US\u201c prezidentas Jeffas Stewartas. \u201e\u010cia susirenka rangovai, pardav\u0117jai ir gamintojai, nor\u0117dami pamatyti, kas naujo&#8230; ir kur toliau krypsta \u012frangos technologijos.<\/p>\n<h2 class=\"wp-block-heading\" id=\"h-volvo-ce\"><span class=\"ez-toc-section\" id=\"Volvo_CE\"><\/span>Volvo CE<span class=\"ez-toc-section-end\"><\/span><\/h2>\n<hr\/>\n<figure class=\"wp-block-embed alignwide is-type-video is-provider-youtube wp-block-embed-youtube wp-embed-aspect-16-9 wp-has-aspect-ratio\">\n<p>\n<iframe loading=\"lazy\" title=\"Take a Tour of Volvo Construction Equipment at CONEXPO 2026\" width=\"640\" height=\"360\" src=\"https:\/\/www.youtube.com\/embed\/YpILJEAA_p8?feature=oembed\" frameborder=\"0\" allow=\"accelerometer; autoplay; clipboard-write; encrypted-media; gyroscope; picture-in-picture; web-share\" referrerpolicy=\"strict-origin-when-cross-origin\" allowfullscreen><\/iframe>\n<\/p>\n<\/figure>\n<p>Galiausiai reikia pasakyti, kad \u201eVolvo CE\u201c yra vienas i\u0161 pasaulini\u0173 lyderi\u0173 elektrifikavimo srityje \u2013 ir tikrai pirmaujantis Vakar\u0173 prek\u0117s \u017eenklas. Tiesa, \u012fmon\u0117 tur\u0117jo plat\u0173 interaktyv\u0173 ekran\u0105, kuriame buvo demonstracin\u0117 zona, kurioje potencial\u016bs pirk\u0117jai gal\u0117jo i\u0161bandyti \u0160vedijos prek\u0117s \u017eenklo ekskavatorius (sm\u0117lio d\u0117\u017e\u0119!), krautuvus ir kt.<\/p>\n<p>Per\u017ei\u016br\u0117kite auk\u0161\u010diau pateikt\u0105 i\u0161sami\u0105 Volvo CE stendo ap\u017evalg\u0105 ir atminkite, kad tai tik dalis to, kas \u0161iais metais buvo Las Vegase, tada komentaruose prane\u0161kite mums, k\u0105 manote apie CONEXPO 2026 ir nulin\u0117s emisijos statybos ateit\u012f.<\/p>\n<p>Originalus turinys i\u0161 <em>Electrek<\/em>.<\/p>\n<figure class=\"wp-block-image alignwide\"><img loading=\"lazy\" decoding=\"async\" width=\"750\" height=\"150\" src=\"https:\/\/electrek.co\/wp-content\/uploads\/sites\/3\/2025\/03\/DES-1038_Electrek-Banners_EVs_0797c2.png\" alt=\"\" class=\"wp-image-408967\" srcset=\"https:\/\/electrek.co\/wp-content\/uploads\/sites\/3\/2025\/03\/DES-1038_Electrek-Banners_EVs_0797c2.png 750w, https:\/\/electrek.co\/wp-content\/uploads\/sites\/3\/2025\/03\/DES-1038_Electrek-Banners_EVs_0797c2.png?resize=150,30 150w, https:\/\/electrek.co\/wp-content\/uploads\/sites\/3\/2025\/03\/DES-1038_Electrek-Banners_EVs_0797c2.png?resize=300,60 300w, https:\/\/electrek.co\/wp-content\/uploads\/sites\/3\/2025\/03\/DES-1038_Electrek-Banners_EVs_0797c2.png?resize=350,70 350w, https:\/\/electrek.co\/wp-content\/uploads\/sites\/3\/2025\/03\/DES-1038_Electrek-Banners_EVs_0797c2.png?resize=140,28 140w\" sizes=\"auto, (max-width: 750px) 100vw, 750px\"\/><\/figure>\n<hr class=\"wp-block-separator has-alpha-channel-opacity\"\/>\n<p><em>Jei ketinate naudoti saul\u0117s energij\u0105, visada pravartu gauti pasi\u016blym\u0173 i\u0161 keli\u0173 montuotoj\u0173. Nor\u0117dami \u012fsitikinti, kad \u0161alia j\u016bs\u0173 rasite patikim\u0105 saul\u0117s energijos montuotoj\u0105, si\u016blant\u012f konkurencingas kainas, patikrinkite <\/em><em>EnergySage<\/em><em>nemokama paslauga, kuri palengvina saul\u0117s energijos naudojim\u0105. Jame yra \u0161imtai i\u0161 anksto patikrint\u0173 saul\u0117s kolektori\u0173 montuotoj\u0173, kurie konkuruoja d\u0117l j\u016bs\u0173 verslo, u\u017etikrindami, kad gausite auk\u0161tos kokyb\u0117s sprendimus ir sutaupysite 20\u201330 %, palyginti su tuo, kad tai darytum\u0117te vienas. Be to, juo naudotis galima nemokamai ir negausite pardavimo skambu\u010di\u0173, kol nepasirinksite montuotojo ir nepasidalinsite su juo savo telefono numeriu. <\/em><\/p>\n<p><em>J\u016bs\u0173 asmenines saul\u0117s energijos kainas lengva palyginti internete ir gausite prieig\u0105 prie ne\u0161ali\u0161k\u0173 energijos patar\u0117j\u0173, kurie pad\u0117s jums kiekviename \u017eingsnyje. <\/em><em>Prad\u0117kite \u010dia<\/em>.<\/p>\n<div class=\"google-preferred-source-badge\">\n<p>\t\t\t<img decoding=\"async\" class=\"google-preferred-source-badge-dark\" src=\"https:\/\/electrek.co\/wp-content\/themes\/ninetofive\/dist\/images\/google-preferred-source-badge-dark.png\" alt=\"Prid\u0117kite \u201eElectrek\u201c kaip pageidaujam\u0105 \u201eGoogle\u201c \u0161altin\u012f\"\/><br \/>\n\t\t\t<img decoding=\"async\" class=\"google-preferred-source-badge-light\" src=\"https:\/\/electrek.co\/wp-content\/themes\/ninetofive\/dist\/images\/google-preferred-source-badge-light.png\" alt=\"Prid\u0117kite \u201eElectrek\u201c kaip pageidaujam\u0105 \u201eGoogle\u201c \u0161altin\u012f\"\/><\/p><\/div>\n<div class=\"ad-disclaimer-container\">\n<p class=\"disclaimer-affiliate\"><em>FTC: naudojame pajamas u\u017edirban\u010di\u0173 automobili\u0173 filial\u0173 nuorodas.<\/em> Daugiau.<\/p>\n<p><!-- post ad --><\/div>\n<\/p><\/div>\n<p><br \/>\n<br \/><a href=\"https:\/\/electrek.co\/2026\/03\/07\/roundup-more-electric-equipment-options-than-ever-at-conexpo-2026\/\">Source link <\/a><\/p>\n","protected":false},"excerpt":{"rendered":"<p>\u0160i\u0105 savait\u0119 Las Vegase vykusiame CONEXPO renginyje \u2013 nuo \u200b\u200bmini krautuv\u0173, pagamint\u0173 taip, kad prava\u017eiuot\u0173 ank\u0161tas \u017emogaus duris, iki did\u017eiuli\u0173&hellip;<\/p>\n","protected":false},"author":1,"featured_media":3666,"comment_status":"open","ping_status":"open","sticky":false,"template":"","format":"standard","meta":{"om_disable_all_campaigns":false,"_monsterinsights_skip_tracking":false,"_monsterinsights_sitenote_active":false,"_monsterinsights_sitenote_note":"","_monsterinsights_sitenote_category":0,"footnotes":""},"categories":[8],"tags":[5606,129,1378,1229,5605],"class_list":["post-3665","post","type-post","status-publish","format-standard","has-post-thumbnail","hentry","category-elektriniai-automobiliai","tag-conexpo","tag-elektros","tag-ikrauna","tag-irangos","tag-parinktys"],"aioseo_notices":[],"yoast_head":"<!-- This site is optimized with the Yoast SEO plugin v26.8 - https:\/\/yoast.com\/product\/yoast-seo-wordpress\/ -->\n<title>elektros \u012frangos parinktys \u012fkrauna CONEXPO 2026 - Eautomobiliai.lt<\/title>\n<meta name=\"robots\" content=\"index, follow, max-snippet:-1, max-image-preview:large, max-video-preview:-1\" \/>\n<link rel=\"canonical\" href=\"http:\/\/eautomobiliai.lt\/index.php\/2026\/03\/07\/elektros-irangos-parinktys-ikrauna-conexpo-2026\/\" \/>\n<meta property=\"og:locale\" content=\"lt_LT\" \/>\n<meta property=\"og:type\" content=\"article\" \/>\n<meta property=\"og:title\" content=\"elektros \u012frangos parinktys \u012fkrauna CONEXPO 2026 - Eautomobiliai.lt\" \/>\n<meta property=\"og:description\" content=\"\u0160i\u0105 savait\u0119 Las Vegase vykusiame CONEXPO renginyje \u2013 nuo \u200b\u200bmini krautuv\u0173, pagamint\u0173 taip, kad prava\u017eiuot\u0173 ank\u0161tas \u017emogaus duris, iki did\u017eiuli\u0173&hellip;\" \/>\n<meta property=\"og:url\" content=\"http:\/\/eautomobiliai.lt\/index.php\/2026\/03\/07\/elektros-irangos-parinktys-ikrauna-conexpo-2026\/\" \/>\n<meta property=\"og:site_name\" content=\"Eautomobiliai.lt\" \/>\n<meta property=\"article:published_time\" content=\"2026-03-07T13:56:26+00:00\" \/>\n<meta property=\"og:image\" content=\"http:\/\/eautomobiliai.lt\/wp-content\/uploads\/2026\/03\/elektros-irangos-parinktys-ikrauna-CONEXPO-2026.jpg\" \/>\n\t<meta property=\"og:image:width\" content=\"1200\" \/>\n\t<meta property=\"og:image:height\" content=\"628\" \/>\n\t<meta property=\"og:image:type\" content=\"image\/jpeg\" \/>\n<meta name=\"author\" content=\"admin\" \/>\n<meta name=\"twitter:card\" content=\"summary_large_image\" \/>\n<meta name=\"twitter:label1\" content=\"Written by\" \/>\n\t<meta name=\"twitter:data1\" content=\"admin\" \/>\n\t<meta name=\"twitter:label2\" content=\"Est. reading time\" \/>\n\t<meta name=\"twitter:data2\" content=\"4 minut\u0117s\" \/>\n<script type=\"application\/ld+json\" class=\"yoast-schema-graph\">{\"@context\":\"https:\/\/schema.org\",\"@graph\":[{\"@type\":\"Article\",\"@id\":\"http:\/\/eautomobiliai.lt\/index.php\/2026\/03\/07\/elektros-irangos-parinktys-ikrauna-conexpo-2026\/#article\",\"isPartOf\":{\"@id\":\"http:\/\/eautomobiliai.lt\/index.php\/2026\/03\/07\/elektros-irangos-parinktys-ikrauna-conexpo-2026\/\"},\"author\":{\"name\":\"admin\",\"@id\":\"https:\/\/eautomobiliai.lt\/#\/schema\/person\/ecf2a967f361217d056061f74deb92f2\"},\"headline\":\"elektros \u012frangos parinktys \u012fkrauna CONEXPO 2026\",\"datePublished\":\"2026-03-07T13:56:26+00:00\",\"mainEntityOfPage\":{\"@id\":\"http:\/\/eautomobiliai.lt\/index.php\/2026\/03\/07\/elektros-irangos-parinktys-ikrauna-conexpo-2026\/\"},\"wordCount\":896,\"commentCount\":0,\"image\":{\"@id\":\"http:\/\/eautomobiliai.lt\/index.php\/2026\/03\/07\/elektros-irangos-parinktys-ikrauna-conexpo-2026\/#primaryimage\"},\"thumbnailUrl\":\"http:\/\/eautomobiliai.lt\/wp-content\/uploads\/2026\/03\/elektros-irangos-parinktys-ikrauna-CONEXPO-2026.jpg\",\"keywords\":[\"CONEXPO\",\"elektros\",\"\u012fkrauna\",\"\u012frangos\",\"parinktys\"],\"articleSection\":[\"ELEKTRINIAI AUTOMOBILIAI\"],\"inLanguage\":\"lt-LT\",\"potentialAction\":[{\"@type\":\"CommentAction\",\"name\":\"Comment\",\"target\":[\"http:\/\/eautomobiliai.lt\/index.php\/2026\/03\/07\/elektros-irangos-parinktys-ikrauna-conexpo-2026\/#respond\"]}]},{\"@type\":\"WebPage\",\"@id\":\"http:\/\/eautomobiliai.lt\/index.php\/2026\/03\/07\/elektros-irangos-parinktys-ikrauna-conexpo-2026\/\",\"url\":\"http:\/\/eautomobiliai.lt\/index.php\/2026\/03\/07\/elektros-irangos-parinktys-ikrauna-conexpo-2026\/\",\"name\":\"elektros \u012frangos parinktys \u012fkrauna CONEXPO 2026 - Eautomobiliai.lt\",\"isPartOf\":{\"@id\":\"https:\/\/eautomobiliai.lt\/#website\"},\"primaryImageOfPage\":{\"@id\":\"http:\/\/eautomobiliai.lt\/index.php\/2026\/03\/07\/elektros-irangos-parinktys-ikrauna-conexpo-2026\/#primaryimage\"},\"image\":{\"@id\":\"http:\/\/eautomobiliai.lt\/index.php\/2026\/03\/07\/elektros-irangos-parinktys-ikrauna-conexpo-2026\/#primaryimage\"},\"thumbnailUrl\":\"http:\/\/eautomobiliai.lt\/wp-content\/uploads\/2026\/03\/elektros-irangos-parinktys-ikrauna-CONEXPO-2026.jpg\",\"datePublished\":\"2026-03-07T13:56:26+00:00\",\"author\":{\"@id\":\"https:\/\/eautomobiliai.lt\/#\/schema\/person\/ecf2a967f361217d056061f74deb92f2\"},\"breadcrumb\":{\"@id\":\"http:\/\/eautomobiliai.lt\/index.php\/2026\/03\/07\/elektros-irangos-parinktys-ikrauna-conexpo-2026\/#breadcrumb\"},\"inLanguage\":\"lt-LT\",\"potentialAction\":[{\"@type\":\"ReadAction\",\"target\":[\"http:\/\/eautomobiliai.lt\/index.php\/2026\/03\/07\/elektros-irangos-parinktys-ikrauna-conexpo-2026\/\"]}]},{\"@type\":\"ImageObject\",\"inLanguage\":\"lt-LT\",\"@id\":\"http:\/\/eautomobiliai.lt\/index.php\/2026\/03\/07\/elektros-irangos-parinktys-ikrauna-conexpo-2026\/#primaryimage\",\"url\":\"http:\/\/eautomobiliai.lt\/wp-content\/uploads\/2026\/03\/elektros-irangos-parinktys-ikrauna-CONEXPO-2026.jpg\",\"contentUrl\":\"http:\/\/eautomobiliai.lt\/wp-content\/uploads\/2026\/03\/elektros-irangos-parinktys-ikrauna-CONEXPO-2026.jpg\",\"width\":1200,\"height\":628},{\"@type\":\"BreadcrumbList\",\"@id\":\"http:\/\/eautomobiliai.lt\/index.php\/2026\/03\/07\/elektros-irangos-parinktys-ikrauna-conexpo-2026\/#breadcrumb\",\"itemListElement\":[{\"@type\":\"ListItem\",\"position\":1,\"name\":\"Home\",\"item\":\"https:\/\/eautomobiliai.lt\/\"},{\"@type\":\"ListItem\",\"position\":2,\"name\":\"elektros \u012frangos parinktys \u012fkrauna CONEXPO 2026\"}]},{\"@type\":\"WebSite\",\"@id\":\"https:\/\/eautomobiliai.lt\/#website\",\"url\":\"https:\/\/eautomobiliai.lt\/\",\"name\":\"Eautomobiliai.lt\",\"description\":\"Elektrinis transportas, technologijos\",\"potentialAction\":[{\"@type\":\"SearchAction\",\"target\":{\"@type\":\"EntryPoint\",\"urlTemplate\":\"https:\/\/eautomobiliai.lt\/?s={search_term_string}\"},\"query-input\":{\"@type\":\"PropertyValueSpecification\",\"valueRequired\":true,\"valueName\":\"search_term_string\"}}],\"inLanguage\":\"lt-LT\"},{\"@type\":\"Person\",\"@id\":\"https:\/\/eautomobiliai.lt\/#\/schema\/person\/ecf2a967f361217d056061f74deb92f2\",\"name\":\"admin\",\"image\":{\"@type\":\"ImageObject\",\"inLanguage\":\"lt-LT\",\"@id\":\"https:\/\/eautomobiliai.lt\/#\/schema\/person\/image\/\",\"url\":\"https:\/\/secure.gravatar.com\/avatar\/6323379efae0c70c686c7905444d6bbd?s=96&d=mm&r=g\",\"contentUrl\":\"https:\/\/secure.gravatar.com\/avatar\/6323379efae0c70c686c7905444d6bbd?s=96&d=mm&r=g\",\"caption\":\"admin\"},\"sameAs\":[\"http:\/\/eautomobiliai.lt\"],\"url\":\"http:\/\/eautomobiliai.lt\/index.php\/author\/admin\/\"}]}<\/script>\n<!-- \/ Yoast SEO plugin. -->","yoast_head_json":{"title":"elektros \u012frangos parinktys \u012fkrauna CONEXPO 2026 - Eautomobiliai.lt","robots":{"index":"index","follow":"follow","max-snippet":"max-snippet:-1","max-image-preview":"max-image-preview:large","max-video-preview":"max-video-preview:-1"},"canonical":"http:\/\/eautomobiliai.lt\/index.php\/2026\/03\/07\/elektros-irangos-parinktys-ikrauna-conexpo-2026\/","og_locale":"lt_LT","og_type":"article","og_title":"elektros \u012frangos parinktys \u012fkrauna CONEXPO 2026 - Eautomobiliai.lt","og_description":"\u0160i\u0105 savait\u0119 Las Vegase vykusiame CONEXPO renginyje \u2013 nuo \u200b\u200bmini krautuv\u0173, pagamint\u0173 taip, kad prava\u017eiuot\u0173 ank\u0161tas \u017emogaus duris, iki did\u017eiuli\u0173&hellip;","og_url":"http:\/\/eautomobiliai.lt\/index.php\/2026\/03\/07\/elektros-irangos-parinktys-ikrauna-conexpo-2026\/","og_site_name":"Eautomobiliai.lt","article_published_time":"2026-03-07T13:56:26+00:00","og_image":[{"width":1200,"height":628,"url":"http:\/\/eautomobiliai.lt\/wp-content\/uploads\/2026\/03\/elektros-irangos-parinktys-ikrauna-CONEXPO-2026.jpg","type":"image\/jpeg"}],"author":"admin","twitter_card":"summary_large_image","twitter_misc":{"Written by":"admin","Est. reading time":"4 minut\u0117s"},"schema":{"@context":"https:\/\/schema.org","@graph":[{"@type":"Article","@id":"http:\/\/eautomobiliai.lt\/index.php\/2026\/03\/07\/elektros-irangos-parinktys-ikrauna-conexpo-2026\/#article","isPartOf":{"@id":"http:\/\/eautomobiliai.lt\/index.php\/2026\/03\/07\/elektros-irangos-parinktys-ikrauna-conexpo-2026\/"},"author":{"name":"admin","@id":"https:\/\/eautomobiliai.lt\/#\/schema\/person\/ecf2a967f361217d056061f74deb92f2"},"headline":"elektros \u012frangos parinktys \u012fkrauna CONEXPO 2026","datePublished":"2026-03-07T13:56:26+00:00","mainEntityOfPage":{"@id":"http:\/\/eautomobiliai.lt\/index.php\/2026\/03\/07\/elektros-irangos-parinktys-ikrauna-conexpo-2026\/"},"wordCount":896,"commentCount":0,"image":{"@id":"http:\/\/eautomobiliai.lt\/index.php\/2026\/03\/07\/elektros-irangos-parinktys-ikrauna-conexpo-2026\/#primaryimage"},"thumbnailUrl":"http:\/\/eautomobiliai.lt\/wp-content\/uploads\/2026\/03\/elektros-irangos-parinktys-ikrauna-CONEXPO-2026.jpg","keywords":["CONEXPO","elektros","\u012fkrauna","\u012frangos","parinktys"],"articleSection":["ELEKTRINIAI AUTOMOBILIAI"],"inLanguage":"lt-LT","potentialAction":[{"@type":"CommentAction","name":"Comment","target":["http:\/\/eautomobiliai.lt\/index.php\/2026\/03\/07\/elektros-irangos-parinktys-ikrauna-conexpo-2026\/#respond"]}]},{"@type":"WebPage","@id":"http:\/\/eautomobiliai.lt\/index.php\/2026\/03\/07\/elektros-irangos-parinktys-ikrauna-conexpo-2026\/","url":"http:\/\/eautomobiliai.lt\/index.php\/2026\/03\/07\/elektros-irangos-parinktys-ikrauna-conexpo-2026\/","name":"elektros \u012frangos parinktys \u012fkrauna CONEXPO 2026 - Eautomobiliai.lt","isPartOf":{"@id":"https:\/\/eautomobiliai.lt\/#website"},"primaryImageOfPage":{"@id":"http:\/\/eautomobiliai.lt\/index.php\/2026\/03\/07\/elektros-irangos-parinktys-ikrauna-conexpo-2026\/#primaryimage"},"image":{"@id":"http:\/\/eautomobiliai.lt\/index.php\/2026\/03\/07\/elektros-irangos-parinktys-ikrauna-conexpo-2026\/#primaryimage"},"thumbnailUrl":"http:\/\/eautomobiliai.lt\/wp-content\/uploads\/2026\/03\/elektros-irangos-parinktys-ikrauna-CONEXPO-2026.jpg","datePublished":"2026-03-07T13:56:26+00:00","author":{"@id":"https:\/\/eautomobiliai.lt\/#\/schema\/person\/ecf2a967f361217d056061f74deb92f2"},"breadcrumb":{"@id":"http:\/\/eautomobiliai.lt\/index.php\/2026\/03\/07\/elektros-irangos-parinktys-ikrauna-conexpo-2026\/#breadcrumb"},"inLanguage":"lt-LT","potentialAction":[{"@type":"ReadAction","target":["http:\/\/eautomobiliai.lt\/index.php\/2026\/03\/07\/elektros-irangos-parinktys-ikrauna-conexpo-2026\/"]}]},{"@type":"ImageObject","inLanguage":"lt-LT","@id":"http:\/\/eautomobiliai.lt\/index.php\/2026\/03\/07\/elektros-irangos-parinktys-ikrauna-conexpo-2026\/#primaryimage","url":"http:\/\/eautomobiliai.lt\/wp-content\/uploads\/2026\/03\/elektros-irangos-parinktys-ikrauna-CONEXPO-2026.jpg","contentUrl":"http:\/\/eautomobiliai.lt\/wp-content\/uploads\/2026\/03\/elektros-irangos-parinktys-ikrauna-CONEXPO-2026.jpg","width":1200,"height":628},{"@type":"BreadcrumbList","@id":"http:\/\/eautomobiliai.lt\/index.php\/2026\/03\/07\/elektros-irangos-parinktys-ikrauna-conexpo-2026\/#breadcrumb","itemListElement":[{"@type":"ListItem","position":1,"name":"Home","item":"https:\/\/eautomobiliai.lt\/"},{"@type":"ListItem","position":2,"name":"elektros \u012frangos parinktys \u012fkrauna CONEXPO 2026"}]},{"@type":"WebSite","@id":"https:\/\/eautomobiliai.lt\/#website","url":"https:\/\/eautomobiliai.lt\/","name":"Eautomobiliai.lt","description":"Elektrinis transportas, technologijos","potentialAction":[{"@type":"SearchAction","target":{"@type":"EntryPoint","urlTemplate":"https:\/\/eautomobiliai.lt\/?s={search_term_string}"},"query-input":{"@type":"PropertyValueSpecification","valueRequired":true,"valueName":"search_term_string"}}],"inLanguage":"lt-LT"},{"@type":"Person","@id":"https:\/\/eautomobiliai.lt\/#\/schema\/person\/ecf2a967f361217d056061f74deb92f2","name":"admin","image":{"@type":"ImageObject","inLanguage":"lt-LT","@id":"https:\/\/eautomobiliai.lt\/#\/schema\/person\/image\/","url":"https:\/\/secure.gravatar.com\/avatar\/6323379efae0c70c686c7905444d6bbd?s=96&d=mm&r=g","contentUrl":"https:\/\/secure.gravatar.com\/avatar\/6323379efae0c70c686c7905444d6bbd?s=96&d=mm&r=g","caption":"admin"},"sameAs":["http:\/\/eautomobiliai.lt"],"url":"http:\/\/eautomobiliai.lt\/index.php\/author\/admin\/"}]}},"_links":{"self":[{"href":"http:\/\/eautomobiliai.lt\/index.php\/wp-json\/wp\/v2\/posts\/3665","targetHints":{"allow":["GET"]}}],"collection":[{"href":"http:\/\/eautomobiliai.lt\/index.php\/wp-json\/wp\/v2\/posts"}],"about":[{"href":"http:\/\/eautomobiliai.lt\/index.php\/wp-json\/wp\/v2\/types\/post"}],"author":[{"embeddable":true,"href":"http:\/\/eautomobiliai.lt\/index.php\/wp-json\/wp\/v2\/users\/1"}],"replies":[{"embeddable":true,"href":"http:\/\/eautomobiliai.lt\/index.php\/wp-json\/wp\/v2\/comments?post=3665"}],"version-history":[{"count":0,"href":"http:\/\/eautomobiliai.lt\/index.php\/wp-json\/wp\/v2\/posts\/3665\/revisions"}],"wp:featuredmedia":[{"embeddable":true,"href":"http:\/\/eautomobiliai.lt\/index.php\/wp-json\/wp\/v2\/media\/3666"}],"wp:attachment":[{"href":"http:\/\/eautomobiliai.lt\/index.php\/wp-json\/wp\/v2\/media?parent=3665"}],"wp:term":[{"taxonomy":"category","embeddable":true,"href":"http:\/\/eautomobiliai.lt\/index.php\/wp-json\/wp\/v2\/categories?post=3665"},{"taxonomy":"post_tag","embeddable":true,"href":"http:\/\/eautomobiliai.lt\/index.php\/wp-json\/wp\/v2\/tags?post=3665"}],"curies":[{"name":"wp","href":"https:\/\/api.w.org\/{rel}","templated":true}]}}