{"id":3681,"date":"2026-03-09T10:26:23","date_gmt":"2026-03-09T10:26:23","guid":{"rendered":"http:\/\/eautomobiliai.lt\/index.php\/2026\/03\/09\/ev-pramone-ragina-federaline-vyriausybe-islaikyti-elektromobiliu-nuolaida\/"},"modified":"2026-03-09T10:26:23","modified_gmt":"2026-03-09T10:26:23","slug":"ev-pramone-ragina-federaline-vyriausybe-islaikyti-elektromobiliu-nuolaida","status":"publish","type":"post","link":"http:\/\/eautomobiliai.lt\/index.php\/2026\/03\/09\/ev-pramone-ragina-federaline-vyriausybe-islaikyti-elektromobiliu-nuolaida\/","title":{"rendered":"EV pramon\u0117 ragina federalin\u0119 vyriausyb\u0119 i\u0161laikyti elektromobili\u0173 nuolaid\u0105"},"content":{"rendered":"<p> <br \/>\n<\/p>\n<div id=\"\">\n<p>Australijos elektromobili\u0173 (EV) pramon\u0117s suinteresuotosios \u0161alys, vadovaujamos Nacionalin\u0117s automobili\u0173 nuomos ir atlyginim\u0173 pakavimo asociacijos (NALSPA), ragina federalin\u0119 vyriausyb\u0119 i\u0161laikyti elektromobili\u0173 nuolaid\u0105 naujoje visos \u0161alies reklamos kampanijoje.<\/p>\n<p>Nauj\u0105 kampanij\u0105 \u201eKeep the EV Tax Discount\u201c prad\u0117jo NALSPA, did\u017eiausia Australijos naujovi\u0161ko lizingo institucija, ir \u012fvairios organizacijos bei \u012fmon\u0117s visoje \u0161alies elektromobili\u0173 pramon\u0117je.<\/p>\n<p><strong>\u201eYouTube\u201c vaizdo \u012fra\u0161as: https:\/\/www.youtube.com\/watch?v=oPvOdRD7kKQ <\/strong><\/p>\n<p>\u0160i kampanija, skirta federalinei vyriausybei ir elektromobili\u0173 nuolaidos per\u017ei\u016brai, paskelbta dar gruod\u012f, griauna Leiborist\u0173 partijos teiginius, kad ji nori, kad daugiau austral\u0173 vairuot\u0173 elektromobilius ir kad jai r\u016bpi priemies\u010dio \u0161eimoms tenkantis spaudimas pragyvenimui, klausdama, kod\u0117l vyriausyb\u0117 svarstyt\u0173 atsisakyti politikos, kuri \u201ei\u0161 tikr\u0173j\u0173 duoda abu\u201c.<\/p>\n<p>Reklamin\u0119 kampanij\u0105 remia tokios organizacijos kaip Autolyga, Automotive Leasing, EV Dealer Group, Electric Vehicle Council, First Nations Finance, Pepper Money, Rewiring Australia ir Unisson Disability bei elektrini\u0173 automobili\u0173 gamintojai, \u012fskaitant BYD, GWM, Polestar ir Tesla.<\/p>\n<p>\u201eFederalin\u0117 vyriausyb\u0117 per\u017ei\u016bri EV nuolaid\u0105, o dirbantys australai nusipelno \u017einoti, kas gresia\u201c, \u2013 sak\u0117 NALSPA vadovas Rohanas Martinas.<\/p>\n<p>\u201eMes taip pat norime priminti federalinei vyriausybei, kaip \u0161i politika yra veiksminga skatinant elektromobili\u0173 naudojim\u0105 ir ma\u017einant kasdieni\u0173 austral\u0173 i\u0161laidas.<\/p>\n<p>I\u0161 prad\u017ei\u0173 2022 m. pristatyta elektromobili\u0173 nuolaida, skirta pad\u0117ti ma\u017edaug 5 000 austral\u0173 perkantiems elektromobilius, nuo to laiko buvo pagrindinis elektromobili\u0173 \u012fsisavinimo Australijoje veiksnys.<\/p>\n<p>2025 m. rugs\u0117jo m\u0117n. atliktas tyrimas parod\u0117, kad mokes\u010di\u0173 nuolaida 2022\u20132024 m. pad\u0117jo Australijos keliuose pristatyti daugiau nei 105 000 nauj\u0173 elektromobili\u0173.<\/p>\n<p>Elektromobili\u0173 nuolaidos per\u017ei\u016br\u0105 reikalauja teis\u0117s aktai ir buvo paskelbta gruod\u012f.<\/p>\n<p>\u201eDe\u0161imtys t\u016bkstan\u010di\u0173 kasdien dirban\u010di\u0173 austral\u0173, kuri\u0173 daugelis gyvena i\u0161oriniuose priemies\u010diuose, per\u0117jo prie elektromobili\u0173 naudodamiesi \u0161ia nuolaida ir be jos neb\u016bt\u0173 tur\u0117j\u0119\u201c, \u2013 t\u0119s\u0117 Martinas.<\/p>\n<p>\u201eJei Australija rimtai nori suma\u017einti i\u0161metam\u0173j\u0173 ter\u0161al\u0173 kiek\u012f ir padaryti va\u017eiavim\u0105 \u012f darb\u0105 ir atgal \u012f darb\u0105 pigesn\u012f, turime ir toliau pad\u0117ti darbuotojams ir j\u0173 \u0161eimoms spr\u0119sti tikras kli\u016btis, trukdan\u010dias \u012fsisavinti elektromobilius.<\/p>\n<p>\u201eElektronini\u0173 transporto priemoni\u0173 nuolaida yra viena veiksmingiausi\u0173, prakti\u0161kiausi\u0173 ir populiariausi\u0173 \u0161varaus transporto politikos, kuri\u0105 kada nors taik\u0117 Australija. EV Discount skatina tikrus poky\u010dius: austral\u0173 \u0161eim\u0173 va\u017eiuojamosiose dalyse daugiau nauj\u0173 ir naudot\u0173 elektrini\u0173 transporto priemoni\u0173, i\u0161metam\u0173 ter\u0161al\u0173 ma\u017einimas ir nam\u0173 \u016bkio eksploatavimo i\u0161laidos tuo metu, kai svarbus kiekvienas doleris.<\/p>\n<p>&#8222;Bet koks sprendimas d\u0117l EV Discount turi \u012ftakos kasdieniams australams \u2013 darbuotojams, kurie \u0161iuo metu gauna naudos, ir daugeliui kit\u0173, kurie gali to praleisti. Raginame federalin\u0119 vyriausyb\u0119 i\u0161laikyti EV nuolaid\u0105.&#8221;<\/p>\n<div class=\"saboxplugin-wrap\" itemtype=\"http:\/\/schema.org\/Person\" itemscope=\"\" itemprop=\"author\">\n<div class=\"saboxplugin-tab\">\n<div class=\"saboxplugin-gravatar\"><img decoding=\"async\" loading=\"lazy\" alt=\"Joshua S. Hill\" src=\"https:\/\/secure.gravatar.com\/avatar\/674502fafd2221f0fc2baf7da1435a7980e9492ea0657bfcd546273621f39689?s=100&amp;d=mm&amp;r=g\" srcset=\"https:\/\/secure.gravatar.com\/avatar\/674502fafd2221f0fc2baf7da1435a7980e9492ea0657bfcd546273621f39689?s=200&amp;d=mm&amp;r=g 2x\" class=\"avatar avatar-100 photo\" height=\"100\" width=\"100\" itemprop=\"image\"\/><\/div>\n<div class=\"saboxplugin-desc\">\n<div itemprop=\"description\">\n<p>Joshua S. Hill yra Melburne gyvenantis \u017eurnalistas, daugiau nei 15 met\u0173 ra\u0161antis apie klimato kait\u0105, \u0161varias technologijas ir elektrines transporto priemones. Nuo 2012 m. jis rengia ataskaitas apie elektrines transporto priemones ir \u0161varias technologijas \u201eRenew Economy\u201c ir \u201eThe Driven\u201c.<\/p>\n<\/div>\n<\/div>\n<\/div>\n<\/div>\n<p><!-- AI CONTENT END 1 --><\/p><\/div>\n<p><br \/>\n<br \/><a href=\"https:\/\/thedriven.io\/2026\/03\/09\/ev-industry-calls-on-federal-government-to-keep-electric-car-discount\/\">Source link <\/a><\/p>\n","protected":false},"excerpt":{"rendered":"<p>Australijos elektromobili\u0173 (EV) pramon\u0117s suinteresuotosios \u0161alys, vadovaujamos Nacionalin\u0117s automobili\u0173 nuomos ir atlyginim\u0173 pakavimo asociacijos (NALSPA), ragina federalin\u0119 vyriausyb\u0119 i\u0161laikyti elektromobili\u0173&hellip;<\/p>\n","protected":false},"author":1,"featured_media":3682,"comment_status":"open","ping_status":"open","sticky":false,"template":"","format":"standard","meta":{"om_disable_all_campaigns":false,"_monsterinsights_skip_tracking":false,"_monsterinsights_sitenote_active":false,"_monsterinsights_sitenote_note":"","_monsterinsights_sitenote_category":0,"footnotes":""},"categories":[39],"tags":[191,1178,2771,1146,299,909,2295],"class_list":["post-3681","post","type-post","status-publish","format-standard","has-post-thumbnail","hentry","category-eautomobiliu-technine-puse","tag-elektromobiliu","tag-federaline","tag-islaikyti","tag-nuolaida","tag-pramone","tag-ragina","tag-vyriausybe"],"aioseo_notices":[],"yoast_head":"<!-- This site is optimized with the Yoast SEO plugin v26.8 - https:\/\/yoast.com\/product\/yoast-seo-wordpress\/ -->\n<title>EV pramon\u0117 ragina federalin\u0119 vyriausyb\u0119 i\u0161laikyti elektromobili\u0173 nuolaid\u0105 - Eautomobiliai.lt<\/title>\n<meta name=\"robots\" content=\"index, follow, max-snippet:-1, max-image-preview:large, max-video-preview:-1\" \/>\n<link rel=\"canonical\" href=\"http:\/\/eautomobiliai.lt\/index.php\/2026\/03\/09\/ev-pramone-ragina-federaline-vyriausybe-islaikyti-elektromobiliu-nuolaida\/\" \/>\n<meta property=\"og:locale\" content=\"lt_LT\" \/>\n<meta property=\"og:type\" content=\"article\" \/>\n<meta property=\"og:title\" content=\"EV pramon\u0117 ragina federalin\u0119 vyriausyb\u0119 i\u0161laikyti elektromobili\u0173 nuolaid\u0105 - Eautomobiliai.lt\" \/>\n<meta property=\"og:description\" content=\"Australijos elektromobili\u0173 (EV) pramon\u0117s suinteresuotosios \u0161alys, vadovaujamos Nacionalin\u0117s automobili\u0173 nuomos ir atlyginim\u0173 pakavimo asociacijos (NALSPA), ragina federalin\u0119 vyriausyb\u0119 i\u0161laikyti elektromobili\u0173&hellip;\" \/>\n<meta property=\"og:url\" content=\"http:\/\/eautomobiliai.lt\/index.php\/2026\/03\/09\/ev-pramone-ragina-federaline-vyriausybe-islaikyti-elektromobiliu-nuolaida\/\" \/>\n<meta property=\"og:site_name\" content=\"Eautomobiliai.lt\" \/>\n<meta property=\"article:published_time\" content=\"2026-03-09T10:26:23+00:00\" \/>\n<meta property=\"og:image\" content=\"http:\/\/eautomobiliai.lt\/wp-content\/uploads\/2026\/03\/EV-pramone-ragina-federaline-vyriausybe-islaikyti-elektromobiliu-nuolaida.webp.webp\" \/>\n\t<meta property=\"og:image:width\" content=\"1200\" \/>\n\t<meta property=\"og:image:height\" content=\"900\" \/>\n\t<meta property=\"og:image:type\" content=\"image\/webp\" \/>\n<meta name=\"author\" content=\"admin\" \/>\n<meta name=\"twitter:card\" content=\"summary_large_image\" \/>\n<meta name=\"twitter:label1\" content=\"Written by\" \/>\n\t<meta name=\"twitter:data1\" content=\"admin\" \/>\n\t<meta name=\"twitter:label2\" content=\"Est. reading time\" \/>\n\t<meta name=\"twitter:data2\" content=\"2 minut\u0117s\" \/>\n<script type=\"application\/ld+json\" class=\"yoast-schema-graph\">{\"@context\":\"https:\/\/schema.org\",\"@graph\":[{\"@type\":\"Article\",\"@id\":\"http:\/\/eautomobiliai.lt\/index.php\/2026\/03\/09\/ev-pramone-ragina-federaline-vyriausybe-islaikyti-elektromobiliu-nuolaida\/#article\",\"isPartOf\":{\"@id\":\"http:\/\/eautomobiliai.lt\/index.php\/2026\/03\/09\/ev-pramone-ragina-federaline-vyriausybe-islaikyti-elektromobiliu-nuolaida\/\"},\"author\":{\"name\":\"admin\",\"@id\":\"http:\/\/eautomobiliai.lt\/#\/schema\/person\/ecf2a967f361217d056061f74deb92f2\"},\"headline\":\"EV pramon\u0117 ragina federalin\u0119 vyriausyb\u0119 i\u0161laikyti elektromobili\u0173 nuolaid\u0105\",\"datePublished\":\"2026-03-09T10:26:23+00:00\",\"mainEntityOfPage\":{\"@id\":\"http:\/\/eautomobiliai.lt\/index.php\/2026\/03\/09\/ev-pramone-ragina-federaline-vyriausybe-islaikyti-elektromobiliu-nuolaida\/\"},\"wordCount\":463,\"commentCount\":0,\"image\":{\"@id\":\"http:\/\/eautomobiliai.lt\/index.php\/2026\/03\/09\/ev-pramone-ragina-federaline-vyriausybe-islaikyti-elektromobiliu-nuolaida\/#primaryimage\"},\"thumbnailUrl\":\"http:\/\/eautomobiliai.lt\/wp-content\/uploads\/2026\/03\/EV-pramone-ragina-federaline-vyriausybe-islaikyti-elektromobiliu-nuolaida.webp.webp\",\"keywords\":[\"elektromobili\u0173\",\"Federalin\u0117\",\"i\u0161laikyti\",\"nuolaid\u0105\",\"pramon\u0119\",\"ragina\",\"vyriausyb\u0119\"],\"articleSection\":[\"eAUTOMOBILI\u0172 TECHNIN\u0116 PUS\u0116\"],\"inLanguage\":\"lt-LT\",\"potentialAction\":[{\"@type\":\"CommentAction\",\"name\":\"Comment\",\"target\":[\"http:\/\/eautomobiliai.lt\/index.php\/2026\/03\/09\/ev-pramone-ragina-federaline-vyriausybe-islaikyti-elektromobiliu-nuolaida\/#respond\"]}]},{\"@type\":\"WebPage\",\"@id\":\"http:\/\/eautomobiliai.lt\/index.php\/2026\/03\/09\/ev-pramone-ragina-federaline-vyriausybe-islaikyti-elektromobiliu-nuolaida\/\",\"url\":\"http:\/\/eautomobiliai.lt\/index.php\/2026\/03\/09\/ev-pramone-ragina-federaline-vyriausybe-islaikyti-elektromobiliu-nuolaida\/\",\"name\":\"EV pramon\u0117 ragina federalin\u0119 vyriausyb\u0119 i\u0161laikyti elektromobili\u0173 nuolaid\u0105 - Eautomobiliai.lt\",\"isPartOf\":{\"@id\":\"http:\/\/eautomobiliai.lt\/#website\"},\"primaryImageOfPage\":{\"@id\":\"http:\/\/eautomobiliai.lt\/index.php\/2026\/03\/09\/ev-pramone-ragina-federaline-vyriausybe-islaikyti-elektromobiliu-nuolaida\/#primaryimage\"},\"image\":{\"@id\":\"http:\/\/eautomobiliai.lt\/index.php\/2026\/03\/09\/ev-pramone-ragina-federaline-vyriausybe-islaikyti-elektromobiliu-nuolaida\/#primaryimage\"},\"thumbnailUrl\":\"http:\/\/eautomobiliai.lt\/wp-content\/uploads\/2026\/03\/EV-pramone-ragina-federaline-vyriausybe-islaikyti-elektromobiliu-nuolaida.webp.webp\",\"datePublished\":\"2026-03-09T10:26:23+00:00\",\"author\":{\"@id\":\"http:\/\/eautomobiliai.lt\/#\/schema\/person\/ecf2a967f361217d056061f74deb92f2\"},\"breadcrumb\":{\"@id\":\"http:\/\/eautomobiliai.lt\/index.php\/2026\/03\/09\/ev-pramone-ragina-federaline-vyriausybe-islaikyti-elektromobiliu-nuolaida\/#breadcrumb\"},\"inLanguage\":\"lt-LT\",\"potentialAction\":[{\"@type\":\"ReadAction\",\"target\":[\"http:\/\/eautomobiliai.lt\/index.php\/2026\/03\/09\/ev-pramone-ragina-federaline-vyriausybe-islaikyti-elektromobiliu-nuolaida\/\"]}]},{\"@type\":\"ImageObject\",\"inLanguage\":\"lt-LT\",\"@id\":\"http:\/\/eautomobiliai.lt\/index.php\/2026\/03\/09\/ev-pramone-ragina-federaline-vyriausybe-islaikyti-elektromobiliu-nuolaida\/#primaryimage\",\"url\":\"http:\/\/eautomobiliai.lt\/wp-content\/uploads\/2026\/03\/EV-pramone-ragina-federaline-vyriausybe-islaikyti-elektromobiliu-nuolaida.webp.webp\",\"contentUrl\":\"http:\/\/eautomobiliai.lt\/wp-content\/uploads\/2026\/03\/EV-pramone-ragina-federaline-vyriausybe-islaikyti-elektromobiliu-nuolaida.webp.webp\",\"width\":1200,\"height\":900},{\"@type\":\"BreadcrumbList\",\"@id\":\"http:\/\/eautomobiliai.lt\/index.php\/2026\/03\/09\/ev-pramone-ragina-federaline-vyriausybe-islaikyti-elektromobiliu-nuolaida\/#breadcrumb\",\"itemListElement\":[{\"@type\":\"ListItem\",\"position\":1,\"name\":\"Home\",\"item\":\"http:\/\/eautomobiliai.lt\/\"},{\"@type\":\"ListItem\",\"position\":2,\"name\":\"EV pramon\u0117 ragina federalin\u0119 vyriausyb\u0119 i\u0161laikyti elektromobili\u0173 nuolaid\u0105\"}]},{\"@type\":\"WebSite\",\"@id\":\"http:\/\/eautomobiliai.lt\/#website\",\"url\":\"http:\/\/eautomobiliai.lt\/\",\"name\":\"Eautomobiliai.lt\",\"description\":\"Elektrinis transportas, technologijos\",\"potentialAction\":[{\"@type\":\"SearchAction\",\"target\":{\"@type\":\"EntryPoint\",\"urlTemplate\":\"http:\/\/eautomobiliai.lt\/?s={search_term_string}\"},\"query-input\":{\"@type\":\"PropertyValueSpecification\",\"valueRequired\":true,\"valueName\":\"search_term_string\"}}],\"inLanguage\":\"lt-LT\"},{\"@type\":\"Person\",\"@id\":\"http:\/\/eautomobiliai.lt\/#\/schema\/person\/ecf2a967f361217d056061f74deb92f2\",\"name\":\"admin\",\"image\":{\"@type\":\"ImageObject\",\"inLanguage\":\"lt-LT\",\"@id\":\"http:\/\/eautomobiliai.lt\/#\/schema\/person\/image\/\",\"url\":\"https:\/\/secure.gravatar.com\/avatar\/6323379efae0c70c686c7905444d6bbd?s=96&d=mm&r=g\",\"contentUrl\":\"https:\/\/secure.gravatar.com\/avatar\/6323379efae0c70c686c7905444d6bbd?s=96&d=mm&r=g\",\"caption\":\"admin\"},\"sameAs\":[\"http:\/\/eautomobiliai.lt\"],\"url\":\"http:\/\/eautomobiliai.lt\/index.php\/author\/admin\/\"}]}<\/script>\n<!-- \/ Yoast SEO plugin. -->","yoast_head_json":{"title":"EV pramon\u0117 ragina federalin\u0119 vyriausyb\u0119 i\u0161laikyti elektromobili\u0173 nuolaid\u0105 - Eautomobiliai.lt","robots":{"index":"index","follow":"follow","max-snippet":"max-snippet:-1","max-image-preview":"max-image-preview:large","max-video-preview":"max-video-preview:-1"},"canonical":"http:\/\/eautomobiliai.lt\/index.php\/2026\/03\/09\/ev-pramone-ragina-federaline-vyriausybe-islaikyti-elektromobiliu-nuolaida\/","og_locale":"lt_LT","og_type":"article","og_title":"EV pramon\u0117 ragina federalin\u0119 vyriausyb\u0119 i\u0161laikyti elektromobili\u0173 nuolaid\u0105 - Eautomobiliai.lt","og_description":"Australijos elektromobili\u0173 (EV) pramon\u0117s suinteresuotosios \u0161alys, vadovaujamos Nacionalin\u0117s automobili\u0173 nuomos ir atlyginim\u0173 pakavimo asociacijos (NALSPA), ragina federalin\u0119 vyriausyb\u0119 i\u0161laikyti elektromobili\u0173&hellip;","og_url":"http:\/\/eautomobiliai.lt\/index.php\/2026\/03\/09\/ev-pramone-ragina-federaline-vyriausybe-islaikyti-elektromobiliu-nuolaida\/","og_site_name":"Eautomobiliai.lt","article_published_time":"2026-03-09T10:26:23+00:00","og_image":[{"width":1200,"height":900,"url":"http:\/\/eautomobiliai.lt\/wp-content\/uploads\/2026\/03\/EV-pramone-ragina-federaline-vyriausybe-islaikyti-elektromobiliu-nuolaida.webp.webp","type":"image\/webp"}],"author":"admin","twitter_card":"summary_large_image","twitter_misc":{"Written by":"admin","Est. reading time":"2 minut\u0117s"},"schema":{"@context":"https:\/\/schema.org","@graph":[{"@type":"Article","@id":"http:\/\/eautomobiliai.lt\/index.php\/2026\/03\/09\/ev-pramone-ragina-federaline-vyriausybe-islaikyti-elektromobiliu-nuolaida\/#article","isPartOf":{"@id":"http:\/\/eautomobiliai.lt\/index.php\/2026\/03\/09\/ev-pramone-ragina-federaline-vyriausybe-islaikyti-elektromobiliu-nuolaida\/"},"author":{"name":"admin","@id":"http:\/\/eautomobiliai.lt\/#\/schema\/person\/ecf2a967f361217d056061f74deb92f2"},"headline":"EV pramon\u0117 ragina federalin\u0119 vyriausyb\u0119 i\u0161laikyti elektromobili\u0173 nuolaid\u0105","datePublished":"2026-03-09T10:26:23+00:00","mainEntityOfPage":{"@id":"http:\/\/eautomobiliai.lt\/index.php\/2026\/03\/09\/ev-pramone-ragina-federaline-vyriausybe-islaikyti-elektromobiliu-nuolaida\/"},"wordCount":463,"commentCount":0,"image":{"@id":"http:\/\/eautomobiliai.lt\/index.php\/2026\/03\/09\/ev-pramone-ragina-federaline-vyriausybe-islaikyti-elektromobiliu-nuolaida\/#primaryimage"},"thumbnailUrl":"http:\/\/eautomobiliai.lt\/wp-content\/uploads\/2026\/03\/EV-pramone-ragina-federaline-vyriausybe-islaikyti-elektromobiliu-nuolaida.webp.webp","keywords":["elektromobili\u0173","Federalin\u0117","i\u0161laikyti","nuolaid\u0105","pramon\u0119","ragina","vyriausyb\u0119"],"articleSection":["eAUTOMOBILI\u0172 TECHNIN\u0116 PUS\u0116"],"inLanguage":"lt-LT","potentialAction":[{"@type":"CommentAction","name":"Comment","target":["http:\/\/eautomobiliai.lt\/index.php\/2026\/03\/09\/ev-pramone-ragina-federaline-vyriausybe-islaikyti-elektromobiliu-nuolaida\/#respond"]}]},{"@type":"WebPage","@id":"http:\/\/eautomobiliai.lt\/index.php\/2026\/03\/09\/ev-pramone-ragina-federaline-vyriausybe-islaikyti-elektromobiliu-nuolaida\/","url":"http:\/\/eautomobiliai.lt\/index.php\/2026\/03\/09\/ev-pramone-ragina-federaline-vyriausybe-islaikyti-elektromobiliu-nuolaida\/","name":"EV pramon\u0117 ragina federalin\u0119 vyriausyb\u0119 i\u0161laikyti elektromobili\u0173 nuolaid\u0105 - Eautomobiliai.lt","isPartOf":{"@id":"http:\/\/eautomobiliai.lt\/#website"},"primaryImageOfPage":{"@id":"http:\/\/eautomobiliai.lt\/index.php\/2026\/03\/09\/ev-pramone-ragina-federaline-vyriausybe-islaikyti-elektromobiliu-nuolaida\/#primaryimage"},"image":{"@id":"http:\/\/eautomobiliai.lt\/index.php\/2026\/03\/09\/ev-pramone-ragina-federaline-vyriausybe-islaikyti-elektromobiliu-nuolaida\/#primaryimage"},"thumbnailUrl":"http:\/\/eautomobiliai.lt\/wp-content\/uploads\/2026\/03\/EV-pramone-ragina-federaline-vyriausybe-islaikyti-elektromobiliu-nuolaida.webp.webp","datePublished":"2026-03-09T10:26:23+00:00","author":{"@id":"http:\/\/eautomobiliai.lt\/#\/schema\/person\/ecf2a967f361217d056061f74deb92f2"},"breadcrumb":{"@id":"http:\/\/eautomobiliai.lt\/index.php\/2026\/03\/09\/ev-pramone-ragina-federaline-vyriausybe-islaikyti-elektromobiliu-nuolaida\/#breadcrumb"},"inLanguage":"lt-LT","potentialAction":[{"@type":"ReadAction","target":["http:\/\/eautomobiliai.lt\/index.php\/2026\/03\/09\/ev-pramone-ragina-federaline-vyriausybe-islaikyti-elektromobiliu-nuolaida\/"]}]},{"@type":"ImageObject","inLanguage":"lt-LT","@id":"http:\/\/eautomobiliai.lt\/index.php\/2026\/03\/09\/ev-pramone-ragina-federaline-vyriausybe-islaikyti-elektromobiliu-nuolaida\/#primaryimage","url":"http:\/\/eautomobiliai.lt\/wp-content\/uploads\/2026\/03\/EV-pramone-ragina-federaline-vyriausybe-islaikyti-elektromobiliu-nuolaida.webp.webp","contentUrl":"http:\/\/eautomobiliai.lt\/wp-content\/uploads\/2026\/03\/EV-pramone-ragina-federaline-vyriausybe-islaikyti-elektromobiliu-nuolaida.webp.webp","width":1200,"height":900},{"@type":"BreadcrumbList","@id":"http:\/\/eautomobiliai.lt\/index.php\/2026\/03\/09\/ev-pramone-ragina-federaline-vyriausybe-islaikyti-elektromobiliu-nuolaida\/#breadcrumb","itemListElement":[{"@type":"ListItem","position":1,"name":"Home","item":"http:\/\/eautomobiliai.lt\/"},{"@type":"ListItem","position":2,"name":"EV pramon\u0117 ragina federalin\u0119 vyriausyb\u0119 i\u0161laikyti elektromobili\u0173 nuolaid\u0105"}]},{"@type":"WebSite","@id":"http:\/\/eautomobiliai.lt\/#website","url":"http:\/\/eautomobiliai.lt\/","name":"Eautomobiliai.lt","description":"Elektrinis transportas, technologijos","potentialAction":[{"@type":"SearchAction","target":{"@type":"EntryPoint","urlTemplate":"http:\/\/eautomobiliai.lt\/?s={search_term_string}"},"query-input":{"@type":"PropertyValueSpecification","valueRequired":true,"valueName":"search_term_string"}}],"inLanguage":"lt-LT"},{"@type":"Person","@id":"http:\/\/eautomobiliai.lt\/#\/schema\/person\/ecf2a967f361217d056061f74deb92f2","name":"admin","image":{"@type":"ImageObject","inLanguage":"lt-LT","@id":"http:\/\/eautomobiliai.lt\/#\/schema\/person\/image\/","url":"https:\/\/secure.gravatar.com\/avatar\/6323379efae0c70c686c7905444d6bbd?s=96&d=mm&r=g","contentUrl":"https:\/\/secure.gravatar.com\/avatar\/6323379efae0c70c686c7905444d6bbd?s=96&d=mm&r=g","caption":"admin"},"sameAs":["http:\/\/eautomobiliai.lt"],"url":"http:\/\/eautomobiliai.lt\/index.php\/author\/admin\/"}]}},"_links":{"self":[{"href":"http:\/\/eautomobiliai.lt\/index.php\/wp-json\/wp\/v2\/posts\/3681","targetHints":{"allow":["GET"]}}],"collection":[{"href":"http:\/\/eautomobiliai.lt\/index.php\/wp-json\/wp\/v2\/posts"}],"about":[{"href":"http:\/\/eautomobiliai.lt\/index.php\/wp-json\/wp\/v2\/types\/post"}],"author":[{"embeddable":true,"href":"http:\/\/eautomobiliai.lt\/index.php\/wp-json\/wp\/v2\/users\/1"}],"replies":[{"embeddable":true,"href":"http:\/\/eautomobiliai.lt\/index.php\/wp-json\/wp\/v2\/comments?post=3681"}],"version-history":[{"count":0,"href":"http:\/\/eautomobiliai.lt\/index.php\/wp-json\/wp\/v2\/posts\/3681\/revisions"}],"wp:featuredmedia":[{"embeddable":true,"href":"http:\/\/eautomobiliai.lt\/index.php\/wp-json\/wp\/v2\/media\/3682"}],"wp:attachment":[{"href":"http:\/\/eautomobiliai.lt\/index.php\/wp-json\/wp\/v2\/media?parent=3681"}],"wp:term":[{"taxonomy":"category","embeddable":true,"href":"http:\/\/eautomobiliai.lt\/index.php\/wp-json\/wp\/v2\/categories?post=3681"},{"taxonomy":"post_tag","embeddable":true,"href":"http:\/\/eautomobiliai.lt\/index.php\/wp-json\/wp\/v2\/tags?post=3681"}],"curies":[{"name":"wp","href":"https:\/\/api.w.org\/{rel}","templated":true}]}}