{"id":3685,"date":"2026-03-09T18:27:33","date_gmt":"2026-03-09T18:27:33","guid":{"rendered":"http:\/\/eautomobiliai.lt\/index.php\/2026\/03\/09\/tesla-patvirtina-savo-didziausia-modeli-y-australijai-ilgesni-ir-su-6-sedimomis-vietomis\/"},"modified":"2026-03-09T18:27:33","modified_gmt":"2026-03-09T18:27:33","slug":"tesla-patvirtina-savo-didziausia-modeli-y-australijai-ilgesni-ir-su-6-sedimomis-vietomis","status":"publish","type":"post","link":"http:\/\/eautomobiliai.lt\/index.php\/2026\/03\/09\/tesla-patvirtina-savo-didziausia-modeli-y-australijai-ilgesni-ir-su-6-sedimomis-vietomis\/","title":{"rendered":"\u201eTesla\u201c patvirtina savo did\u017eiausi\u0105 model\u012f Y Australijai, ilgesn\u012f ir su 6 s\u0117dimomis vietomis"},"content":{"rendered":"<p> <br \/>\n<\/p>\n<div id=\"\">\n<p><span style=\"font-weight: 400;\">Naujasis \u201eTesla\u201c \u0161e\u0161iavietis modelis YL pasirod\u0117 Australijos ROVER transporto priemoni\u0173 sertifikavimo duomen\u0173 baz\u0117je vasario pabaigoje, patvirtindamas, kad jis gavo ADR patvirtinim\u0105 vietiniam pardavimui.<\/span><\/p>\n<p><span style=\"font-weight: 400;\">\u201eTesla Australia\u201c patvirtino, kad \u0161is modelis m\u016bs\u0173 krantus pasieks \u0161iais metais, tiems, kurie nori daugiau erdv\u0117s iki \u0161iol did\u017eiausiame \u201eModel Y\u201c variante.<\/span><\/p>\n<p><span style=\"font-weight: 400;\">Nors tikslios datos, kainos ar vietini\u0173 specifikacij\u0173 dar nepateikta, galime remtis pra\u0117jusio m\u0117nesio patvirtinimo dokumentais, taip pat tuo, kas buvo pasteb\u0117ta kitose rinkose.<\/span><\/p>\n<p><span style=\"font-weight: 400;\">Remiantis dokumentais, \u0161is modelis Y tur\u0117s vis\u0173 rat\u0173 pavar\u0105 ir 88,2 kWh akumuliatori\u0173. <\/span><\/p>\n<p><span style=\"font-weight: 400;\">Tik\u0117tina, kad tai bus LG nikelio-mangano-kobalto (NMC) paketas, kuris naudojamas Tesla \u0160anchajaus gamykloje gaminamuose AWD variantuose.<\/span><\/p>\n<p><span style=\"font-weight: 400;\">Taip pat paskelbtas 2 088 kg, o akumuliatoriaus paketas sveria 465 kg.<\/span><\/p>\n<p><span style=\"font-weight: 400;\">Remiantis 2025 m. gruod\u017eio m\u0117n. Europos patvirtinimo dokumentais, \u0161is akumuliatorius gali nuva\u017eiuoti iki 681 km su 19 coli\u0173 ratais.<\/span><\/p>\n<p><span style=\"font-weight: 400;\">Pra\u0117jusi\u0173 met\u0173 rugpj\u016bt\u012f \u201eTesla\u201c rugpj\u016bt\u012f pristat\u0117 nauj\u0105 \u0161e\u0161i\u0173 viet\u0173 model\u012f YL, kurio kainos konkurencingoje Kinijos rinkoje prasideda nuo 72 700 USD. Ataskaitose tuo metu buvo teigiama, kad modelis pirm\u0105 dien\u0105 surinko beveik 40 000 u\u017esakym\u0173.<\/span><\/p>\n<p><span style=\"font-weight: 400;\">Viduje yra reguliuojamos priekini\u0173 s\u0117dyni\u0173 galvos atramos, kurios suteikia didesn\u012f komfort\u0105 vairuotojui ir priekiniam keleiviui.<\/span><\/p>\n<p><span style=\"font-weight: 400;\">Antroje eil\u0117je yra dvi \u201ekapitono k\u0117d\u0117s\u201c su i\u0161traukiamais porankiais. Juos galima valdyti galin\u0117s s\u0117dyn\u0117s ekranu arba mygtuku, esan\u010diu \u0161one, ir yra unikal\u016bs tik Y L modeliui.<\/span><\/p>\n<figure id=\"attachment_194374\" aria-describedby=\"caption-attachment-194374\" style=\"width: 1280px\" class=\"wp-caption aligncenter\"><img loading=\"lazy\" decoding=\"async\" class=\"size-full wp-image-194374\" src=\"https:\/\/thedriven.io\/wp-content\/uploads\/2026\/03\/Comfort-for-Everyone_Interior_0806_01-Large.jpeg\" alt=\"\" width=\"1280\" height=\"960\" srcset=\"https:\/\/thedriven.io\/wp-content\/uploads\/2026\/03\/Comfort-for-Everyone_Interior_0806_01-Large.jpeg 1280w, https:\/\/thedriven.io\/wp-content\/uploads\/2026\/03\/Comfort-for-Everyone_Interior_0806_01-Large-388x291.jpeg 388w, https:\/\/thedriven.io\/wp-content\/uploads\/2026\/03\/Comfort-for-Everyone_Interior_0806_01-Large-1160x870.jpeg 1160w, https:\/\/thedriven.io\/wp-content\/uploads\/2026\/03\/Comfort-for-Everyone_Interior_0806_01-Large-380x285.jpeg 380w, https:\/\/thedriven.io\/wp-content\/uploads\/2026\/03\/Comfort-for-Everyone_Interior_0806_01-Large-800x600.jpeg 800w, https:\/\/thedriven.io\/wp-content\/uploads\/2026\/03\/Comfort-for-Everyone_Interior_0806_01-Large-300x225.jpeg 300w, https:\/\/thedriven.io\/wp-content\/uploads\/2026\/03\/Comfort-for-Everyone_Interior_0806_01-Large-120x90.jpeg 120w, https:\/\/thedriven.io\/wp-content\/uploads\/2026\/03\/Comfort-for-Everyone_Interior_0806_01-Large-90x68.jpeg 90w, https:\/\/thedriven.io\/wp-content\/uploads\/2026\/03\/Comfort-for-Everyone_Interior_0806_01-Large-320x240.jpeg 320w, https:\/\/thedriven.io\/wp-content\/uploads\/2026\/03\/Comfort-for-Everyone_Interior_0806_01-Large-560x420.jpeg 560w, https:\/\/thedriven.io\/wp-content\/uploads\/2026\/03\/Comfort-for-Everyone_Interior_0806_01-Large-150x113.jpeg 150w, https:\/\/thedriven.io\/wp-content\/uploads\/2026\/03\/Comfort-for-Everyone_Interior_0806_01-Large-760x570.jpeg 760w, https:\/\/thedriven.io\/wp-content\/uploads\/2026\/03\/Comfort-for-Everyone_Interior_0806_01-Large-600x450.jpeg 600w, https:\/\/thedriven.io\/wp-content\/uploads\/2026\/03\/Comfort-for-Everyone_Interior_0806_01-Large-240x180.jpeg 240w, https:\/\/thedriven.io\/wp-content\/uploads\/2026\/03\/Comfort-for-Everyone_Interior_0806_01-Large-180x136.jpeg 180w, https:\/\/thedriven.io\/wp-content\/uploads\/2026\/03\/Comfort-for-Everyone_Interior_0806_01-Large-640x480.jpeg 640w, https:\/\/thedriven.io\/wp-content\/uploads\/2026\/03\/Comfort-for-Everyone_Interior_0806_01-Large-1120x840.jpeg 1120w\" sizes=\"auto, (max-width: 1280px) 100vw, 1280px\"\/><figcaption id=\"caption-attachment-194374\" class=\"wp-caption-text\">Nuotrauka: Tesla Australia<\/figcaption><\/figure>\n<p><span style=\"font-weight: 400;\">Neseniai Kinijoje s\u0117d\u0117j\u0119s ir ap\u017ei\u016br\u0117j\u0119s automobil\u012f, jis yra gana protingas dizainas ir matau, kaip tai gali b\u016bti naudinga \u0161eimoms, nes taip lengviau patekti \u012f tre\u010di\u0105 eil\u0119.<\/span><\/p>\n<p><span style=\"font-weight: 400;\">Taip pat yra tre\u010dioji eil\u0117 su dviem s\u0117dyn\u0117mis ir puodeli\u0173 laikikliais abiejose pus\u0117se, tod\u0117l joje yra pakankamai vietos tre\u010dios eil\u0117s keleiviams.<\/span><\/p>\n<p><span style=\"font-weight: 400;\">Modelio YL antros ir tre\u010dios eili\u0173 s\u0117dynes galima lengvai nulenkti naudojant baga\u017ein\u0117je esan\u010dius mygtukus, tod\u0117l baga\u017ein\u0117je yra daugiau nei 2500 litr\u0173 erdv\u0117s, tod\u0117l ji yra viena i\u0161 erdviausi\u0173 visureigi\u0173 segmente.<\/span><\/p>\n<p><span style=\"font-weight: 400;\">Taip pat d\u0117l \u200b\u200bpailgintos automobilio rat\u0173 baz\u0117s, kuri yra 186 mm ilgesn\u0117 nei standartinio modelio Y, tod\u0117l dabar automobilio ilgis siekia 4,97 metro.<\/span><\/p>\n<p><span style=\"font-weight: 400;\">Kelyje YL modelis naudos nuolat kintamus amortizatorius, esan\u010dius Model 3 ir Model Y Performance variantuose. <\/span><\/p>\n<p><span style=\"font-weight: 400;\">I\u0161sami informacija apie tiksl\u0173 laik\u0105, vietines specifikacijas ir kainas bus paskelbta ar\u010diau vietos paleidimo, kur\u012f, \u017einoma, steb\u0117sime.<\/span><\/p>\n<div class=\"saboxplugin-wrap\" itemtype=\"http:\/\/schema.org\/Person\" itemscope=\"\" itemprop=\"author\">\n<div class=\"saboxplugin-tab\">\n<div class=\"saboxplugin-gravatar\"><img decoding=\"async\" width=\"100\" height=\"100\" alt=\"Rizas Akhtaras\" itemprop=\"image\" loading=\"lazy\" class=\"native-lazyload-js-fallback\" src=\"https:\/\/b2232832.smushcdn.com\/2232832\/wp-content\/uploads\/2022\/02\/Riz.jpg?lossy=1&amp;strip=0&amp;webp=1\"\/><img loading=\"lazy\" decoding=\"async\" src=\"https:\/\/thedriven.io\/wp-content\/uploads\/2022\/02\/Riz.jpg\" width=\"100\" height=\"100\" alt=\"Rizas Akhtaras\" itemprop=\"image\"\/><\/div>\n<div class=\"saboxplugin-desc\">\n<div itemprop=\"description\">\n<p>Rizas yra Melburne \u012fsik\u016brusios \u012fmon\u0117s \u201ecarloop\u201c \u012fk\u016br\u0117jas, kurio specializacija yra Australijos EV duomenys, \u012f\u017evalgos ataskaitos ir tendencijos. Jis yra mechanikos in\u017einierius, kuris pirmuosius 7 savo karjeros metus praleido kurdamas transporto infrastrukt\u016br\u0105 prie\u0161 prad\u0117damas \u201ecarloop\u201c. Jis domisi automobiliams, ypa\u010d elektromobiliams, ir nori pad\u0117ti suma\u017einti transporto i\u0161metam\u0173 ter\u0161al\u0173 kiek\u012f Australijoje. \u0160iuo metu jis vairuoja raudon\u0105 \u201eTesla Model 3\u201c.<\/p>\n<\/div>\n<\/div>\n<\/div>\n<\/div>\n<p><!-- AI CONTENT END 1 --><\/p><\/div>\n<p><br \/>\n<br \/><a href=\"https:\/\/thedriven.io\/2026\/03\/09\/tesla-confirms-its-biggest-model-y-for-australia-longer-and-with-6-seats\/\">Source link <\/a><\/p>\n","protected":false},"excerpt":{"rendered":"<p>Naujasis \u201eTesla\u201c \u0161e\u0161iavietis modelis YL pasirod\u0117 Australijos ROVER transporto priemoni\u0173 sertifikavimo duomen\u0173 baz\u0117je vasario pabaigoje, patvirtindamas, kad jis gavo ADR&hellip;<\/p>\n","protected":false},"author":1,"featured_media":3686,"comment_status":"open","ping_status":"open","sticky":false,"template":"","format":"standard","meta":{"om_disable_all_campaigns":false,"_monsterinsights_skip_tracking":false,"_monsterinsights_sitenote_active":false,"_monsterinsights_sitenote_note":"","_monsterinsights_sitenote_category":0,"footnotes":""},"categories":[39],"tags":[728,1221,5630,820,2611,183,5631,14,2496],"class_list":["post-3685","post","type-post","status-publish","format-standard","has-post-thumbnail","hentry","category-eautomobiliu-technine-puse","tag-australijai","tag-didziausia","tag-ilgesni","tag-modeli","tag-patvirtina","tag-savo","tag-sedimomis","tag-tesla","tag-vietomis"],"aioseo_notices":[],"yoast_head":"<!-- This site is optimized with the Yoast SEO plugin v26.8 - https:\/\/yoast.com\/product\/yoast-seo-wordpress\/ -->\n<title>\u201eTesla\u201c patvirtina savo did\u017eiausi\u0105 model\u012f Y Australijai, ilgesn\u012f ir su 6 s\u0117dimomis vietomis - Eautomobiliai.lt<\/title>\n<meta name=\"robots\" content=\"index, follow, max-snippet:-1, max-image-preview:large, max-video-preview:-1\" \/>\n<link rel=\"canonical\" href=\"http:\/\/eautomobiliai.lt\/index.php\/2026\/03\/09\/tesla-patvirtina-savo-didziausia-modeli-y-australijai-ilgesni-ir-su-6-sedimomis-vietomis\/\" \/>\n<meta property=\"og:locale\" content=\"lt_LT\" \/>\n<meta property=\"og:type\" content=\"article\" \/>\n<meta property=\"og:title\" content=\"\u201eTesla\u201c patvirtina savo did\u017eiausi\u0105 model\u012f Y Australijai, ilgesn\u012f ir su 6 s\u0117dimomis vietomis - Eautomobiliai.lt\" \/>\n<meta property=\"og:description\" content=\"Naujasis \u201eTesla\u201c \u0161e\u0161iavietis modelis YL pasirod\u0117 Australijos ROVER transporto priemoni\u0173 sertifikavimo duomen\u0173 baz\u0117je vasario pabaigoje, patvirtindamas, kad jis gavo ADR&hellip;\" \/>\n<meta property=\"og:url\" content=\"http:\/\/eautomobiliai.lt\/index.php\/2026\/03\/09\/tesla-patvirtina-savo-didziausia-modeli-y-australijai-ilgesni-ir-su-6-sedimomis-vietomis\/\" \/>\n<meta property=\"og:site_name\" content=\"Eautomobiliai.lt\" \/>\n<meta property=\"article:published_time\" content=\"2026-03-09T18:27:33+00:00\" \/>\n<meta property=\"og:image\" content=\"http:\/\/eautomobiliai.lt\/wp-content\/uploads\/2026\/03\/\u201eTesla-patvirtina-savo-didziausia-modeli-Y-Australijai-ilgesni-ir-su.jpeg\" \/>\n\t<meta property=\"og:image:width\" content=\"2560\" \/>\n\t<meta property=\"og:image:height\" content=\"1920\" \/>\n\t<meta property=\"og:image:type\" content=\"image\/jpeg\" \/>\n<meta name=\"author\" content=\"admin\" \/>\n<meta name=\"twitter:card\" content=\"summary_large_image\" \/>\n<meta name=\"twitter:label1\" content=\"Written by\" \/>\n\t<meta name=\"twitter:data1\" content=\"admin\" \/>\n\t<meta name=\"twitter:label2\" content=\"Est. reading time\" \/>\n\t<meta name=\"twitter:data2\" content=\"2 minut\u0117s\" \/>\n<script type=\"application\/ld+json\" class=\"yoast-schema-graph\">{\"@context\":\"https:\/\/schema.org\",\"@graph\":[{\"@type\":\"Article\",\"@id\":\"http:\/\/eautomobiliai.lt\/index.php\/2026\/03\/09\/tesla-patvirtina-savo-didziausia-modeli-y-australijai-ilgesni-ir-su-6-sedimomis-vietomis\/#article\",\"isPartOf\":{\"@id\":\"http:\/\/eautomobiliai.lt\/index.php\/2026\/03\/09\/tesla-patvirtina-savo-didziausia-modeli-y-australijai-ilgesni-ir-su-6-sedimomis-vietomis\/\"},\"author\":{\"name\":\"admin\",\"@id\":\"https:\/\/eautomobiliai.lt\/#\/schema\/person\/ecf2a967f361217d056061f74deb92f2\"},\"headline\":\"\u201eTesla\u201c patvirtina savo did\u017eiausi\u0105 model\u012f Y Australijai, ilgesn\u012f ir su 6 s\u0117dimomis vietomis\",\"datePublished\":\"2026-03-09T18:27:33+00:00\",\"mainEntityOfPage\":{\"@id\":\"http:\/\/eautomobiliai.lt\/index.php\/2026\/03\/09\/tesla-patvirtina-savo-didziausia-modeli-y-australijai-ilgesni-ir-su-6-sedimomis-vietomis\/\"},\"wordCount\":467,\"commentCount\":0,\"image\":{\"@id\":\"http:\/\/eautomobiliai.lt\/index.php\/2026\/03\/09\/tesla-patvirtina-savo-didziausia-modeli-y-australijai-ilgesni-ir-su-6-sedimomis-vietomis\/#primaryimage\"},\"thumbnailUrl\":\"http:\/\/eautomobiliai.lt\/wp-content\/uploads\/2026\/03\/\u201eTesla-patvirtina-savo-didziausia-modeli-Y-Australijai-ilgesni-ir-su.jpeg\",\"keywords\":[\"Australijai\",\"did\u017eiausia\",\"ilgesn\u012f\",\"model\u012f\",\"patvirtina\",\"savo\",\"s\u0117dimomis\",\"Tesla\",\"vietomis\"],\"articleSection\":[\"eAUTOMOBILI\u0172 TECHNIN\u0116 PUS\u0116\"],\"inLanguage\":\"lt-LT\",\"potentialAction\":[{\"@type\":\"CommentAction\",\"name\":\"Comment\",\"target\":[\"http:\/\/eautomobiliai.lt\/index.php\/2026\/03\/09\/tesla-patvirtina-savo-didziausia-modeli-y-australijai-ilgesni-ir-su-6-sedimomis-vietomis\/#respond\"]}]},{\"@type\":\"WebPage\",\"@id\":\"http:\/\/eautomobiliai.lt\/index.php\/2026\/03\/09\/tesla-patvirtina-savo-didziausia-modeli-y-australijai-ilgesni-ir-su-6-sedimomis-vietomis\/\",\"url\":\"http:\/\/eautomobiliai.lt\/index.php\/2026\/03\/09\/tesla-patvirtina-savo-didziausia-modeli-y-australijai-ilgesni-ir-su-6-sedimomis-vietomis\/\",\"name\":\"\u201eTesla\u201c patvirtina savo did\u017eiausi\u0105 model\u012f Y Australijai, ilgesn\u012f ir su 6 s\u0117dimomis vietomis - Eautomobiliai.lt\",\"isPartOf\":{\"@id\":\"https:\/\/eautomobiliai.lt\/#website\"},\"primaryImageOfPage\":{\"@id\":\"http:\/\/eautomobiliai.lt\/index.php\/2026\/03\/09\/tesla-patvirtina-savo-didziausia-modeli-y-australijai-ilgesni-ir-su-6-sedimomis-vietomis\/#primaryimage\"},\"image\":{\"@id\":\"http:\/\/eautomobiliai.lt\/index.php\/2026\/03\/09\/tesla-patvirtina-savo-didziausia-modeli-y-australijai-ilgesni-ir-su-6-sedimomis-vietomis\/#primaryimage\"},\"thumbnailUrl\":\"http:\/\/eautomobiliai.lt\/wp-content\/uploads\/2026\/03\/\u201eTesla-patvirtina-savo-didziausia-modeli-Y-Australijai-ilgesni-ir-su.jpeg\",\"datePublished\":\"2026-03-09T18:27:33+00:00\",\"author\":{\"@id\":\"https:\/\/eautomobiliai.lt\/#\/schema\/person\/ecf2a967f361217d056061f74deb92f2\"},\"breadcrumb\":{\"@id\":\"http:\/\/eautomobiliai.lt\/index.php\/2026\/03\/09\/tesla-patvirtina-savo-didziausia-modeli-y-australijai-ilgesni-ir-su-6-sedimomis-vietomis\/#breadcrumb\"},\"inLanguage\":\"lt-LT\",\"potentialAction\":[{\"@type\":\"ReadAction\",\"target\":[\"http:\/\/eautomobiliai.lt\/index.php\/2026\/03\/09\/tesla-patvirtina-savo-didziausia-modeli-y-australijai-ilgesni-ir-su-6-sedimomis-vietomis\/\"]}]},{\"@type\":\"ImageObject\",\"inLanguage\":\"lt-LT\",\"@id\":\"http:\/\/eautomobiliai.lt\/index.php\/2026\/03\/09\/tesla-patvirtina-savo-didziausia-modeli-y-australijai-ilgesni-ir-su-6-sedimomis-vietomis\/#primaryimage\",\"url\":\"http:\/\/eautomobiliai.lt\/wp-content\/uploads\/2026\/03\/\u201eTesla-patvirtina-savo-didziausia-modeli-Y-Australijai-ilgesni-ir-su.jpeg\",\"contentUrl\":\"http:\/\/eautomobiliai.lt\/wp-content\/uploads\/2026\/03\/\u201eTesla-patvirtina-savo-didziausia-modeli-Y-Australijai-ilgesni-ir-su.jpeg\",\"width\":2560,\"height\":1920},{\"@type\":\"BreadcrumbList\",\"@id\":\"http:\/\/eautomobiliai.lt\/index.php\/2026\/03\/09\/tesla-patvirtina-savo-didziausia-modeli-y-australijai-ilgesni-ir-su-6-sedimomis-vietomis\/#breadcrumb\",\"itemListElement\":[{\"@type\":\"ListItem\",\"position\":1,\"name\":\"Home\",\"item\":\"https:\/\/eautomobiliai.lt\/\"},{\"@type\":\"ListItem\",\"position\":2,\"name\":\"\u201eTesla\u201c patvirtina savo did\u017eiausi\u0105 model\u012f Y Australijai, ilgesn\u012f ir su 6 s\u0117dimomis vietomis\"}]},{\"@type\":\"WebSite\",\"@id\":\"https:\/\/eautomobiliai.lt\/#website\",\"url\":\"https:\/\/eautomobiliai.lt\/\",\"name\":\"Eautomobiliai.lt\",\"description\":\"Elektrinis transportas, technologijos\",\"potentialAction\":[{\"@type\":\"SearchAction\",\"target\":{\"@type\":\"EntryPoint\",\"urlTemplate\":\"https:\/\/eautomobiliai.lt\/?s={search_term_string}\"},\"query-input\":{\"@type\":\"PropertyValueSpecification\",\"valueRequired\":true,\"valueName\":\"search_term_string\"}}],\"inLanguage\":\"lt-LT\"},{\"@type\":\"Person\",\"@id\":\"https:\/\/eautomobiliai.lt\/#\/schema\/person\/ecf2a967f361217d056061f74deb92f2\",\"name\":\"admin\",\"image\":{\"@type\":\"ImageObject\",\"inLanguage\":\"lt-LT\",\"@id\":\"https:\/\/eautomobiliai.lt\/#\/schema\/person\/image\/\",\"url\":\"https:\/\/secure.gravatar.com\/avatar\/6323379efae0c70c686c7905444d6bbd?s=96&d=mm&r=g\",\"contentUrl\":\"https:\/\/secure.gravatar.com\/avatar\/6323379efae0c70c686c7905444d6bbd?s=96&d=mm&r=g\",\"caption\":\"admin\"},\"sameAs\":[\"http:\/\/eautomobiliai.lt\"],\"url\":\"http:\/\/eautomobiliai.lt\/index.php\/author\/admin\/\"}]}<\/script>\n<!-- \/ Yoast SEO plugin. -->","yoast_head_json":{"title":"\u201eTesla\u201c patvirtina savo did\u017eiausi\u0105 model\u012f Y Australijai, ilgesn\u012f ir su 6 s\u0117dimomis vietomis - Eautomobiliai.lt","robots":{"index":"index","follow":"follow","max-snippet":"max-snippet:-1","max-image-preview":"max-image-preview:large","max-video-preview":"max-video-preview:-1"},"canonical":"http:\/\/eautomobiliai.lt\/index.php\/2026\/03\/09\/tesla-patvirtina-savo-didziausia-modeli-y-australijai-ilgesni-ir-su-6-sedimomis-vietomis\/","og_locale":"lt_LT","og_type":"article","og_title":"\u201eTesla\u201c patvirtina savo did\u017eiausi\u0105 model\u012f Y Australijai, ilgesn\u012f ir su 6 s\u0117dimomis vietomis - Eautomobiliai.lt","og_description":"Naujasis \u201eTesla\u201c \u0161e\u0161iavietis modelis YL pasirod\u0117 Australijos ROVER transporto priemoni\u0173 sertifikavimo duomen\u0173 baz\u0117je vasario pabaigoje, patvirtindamas, kad jis gavo ADR&hellip;","og_url":"http:\/\/eautomobiliai.lt\/index.php\/2026\/03\/09\/tesla-patvirtina-savo-didziausia-modeli-y-australijai-ilgesni-ir-su-6-sedimomis-vietomis\/","og_site_name":"Eautomobiliai.lt","article_published_time":"2026-03-09T18:27:33+00:00","og_image":[{"width":2560,"height":1920,"url":"http:\/\/eautomobiliai.lt\/wp-content\/uploads\/2026\/03\/\u201eTesla-patvirtina-savo-didziausia-modeli-Y-Australijai-ilgesni-ir-su.jpeg","type":"image\/jpeg"}],"author":"admin","twitter_card":"summary_large_image","twitter_misc":{"Written by":"admin","Est. reading time":"2 minut\u0117s"},"schema":{"@context":"https:\/\/schema.org","@graph":[{"@type":"Article","@id":"http:\/\/eautomobiliai.lt\/index.php\/2026\/03\/09\/tesla-patvirtina-savo-didziausia-modeli-y-australijai-ilgesni-ir-su-6-sedimomis-vietomis\/#article","isPartOf":{"@id":"http:\/\/eautomobiliai.lt\/index.php\/2026\/03\/09\/tesla-patvirtina-savo-didziausia-modeli-y-australijai-ilgesni-ir-su-6-sedimomis-vietomis\/"},"author":{"name":"admin","@id":"https:\/\/eautomobiliai.lt\/#\/schema\/person\/ecf2a967f361217d056061f74deb92f2"},"headline":"\u201eTesla\u201c patvirtina savo did\u017eiausi\u0105 model\u012f Y Australijai, ilgesn\u012f ir su 6 s\u0117dimomis vietomis","datePublished":"2026-03-09T18:27:33+00:00","mainEntityOfPage":{"@id":"http:\/\/eautomobiliai.lt\/index.php\/2026\/03\/09\/tesla-patvirtina-savo-didziausia-modeli-y-australijai-ilgesni-ir-su-6-sedimomis-vietomis\/"},"wordCount":467,"commentCount":0,"image":{"@id":"http:\/\/eautomobiliai.lt\/index.php\/2026\/03\/09\/tesla-patvirtina-savo-didziausia-modeli-y-australijai-ilgesni-ir-su-6-sedimomis-vietomis\/#primaryimage"},"thumbnailUrl":"http:\/\/eautomobiliai.lt\/wp-content\/uploads\/2026\/03\/\u201eTesla-patvirtina-savo-didziausia-modeli-Y-Australijai-ilgesni-ir-su.jpeg","keywords":["Australijai","did\u017eiausia","ilgesn\u012f","model\u012f","patvirtina","savo","s\u0117dimomis","Tesla","vietomis"],"articleSection":["eAUTOMOBILI\u0172 TECHNIN\u0116 PUS\u0116"],"inLanguage":"lt-LT","potentialAction":[{"@type":"CommentAction","name":"Comment","target":["http:\/\/eautomobiliai.lt\/index.php\/2026\/03\/09\/tesla-patvirtina-savo-didziausia-modeli-y-australijai-ilgesni-ir-su-6-sedimomis-vietomis\/#respond"]}]},{"@type":"WebPage","@id":"http:\/\/eautomobiliai.lt\/index.php\/2026\/03\/09\/tesla-patvirtina-savo-didziausia-modeli-y-australijai-ilgesni-ir-su-6-sedimomis-vietomis\/","url":"http:\/\/eautomobiliai.lt\/index.php\/2026\/03\/09\/tesla-patvirtina-savo-didziausia-modeli-y-australijai-ilgesni-ir-su-6-sedimomis-vietomis\/","name":"\u201eTesla\u201c patvirtina savo did\u017eiausi\u0105 model\u012f Y Australijai, ilgesn\u012f ir su 6 s\u0117dimomis vietomis - Eautomobiliai.lt","isPartOf":{"@id":"https:\/\/eautomobiliai.lt\/#website"},"primaryImageOfPage":{"@id":"http:\/\/eautomobiliai.lt\/index.php\/2026\/03\/09\/tesla-patvirtina-savo-didziausia-modeli-y-australijai-ilgesni-ir-su-6-sedimomis-vietomis\/#primaryimage"},"image":{"@id":"http:\/\/eautomobiliai.lt\/index.php\/2026\/03\/09\/tesla-patvirtina-savo-didziausia-modeli-y-australijai-ilgesni-ir-su-6-sedimomis-vietomis\/#primaryimage"},"thumbnailUrl":"http:\/\/eautomobiliai.lt\/wp-content\/uploads\/2026\/03\/\u201eTesla-patvirtina-savo-didziausia-modeli-Y-Australijai-ilgesni-ir-su.jpeg","datePublished":"2026-03-09T18:27:33+00:00","author":{"@id":"https:\/\/eautomobiliai.lt\/#\/schema\/person\/ecf2a967f361217d056061f74deb92f2"},"breadcrumb":{"@id":"http:\/\/eautomobiliai.lt\/index.php\/2026\/03\/09\/tesla-patvirtina-savo-didziausia-modeli-y-australijai-ilgesni-ir-su-6-sedimomis-vietomis\/#breadcrumb"},"inLanguage":"lt-LT","potentialAction":[{"@type":"ReadAction","target":["http:\/\/eautomobiliai.lt\/index.php\/2026\/03\/09\/tesla-patvirtina-savo-didziausia-modeli-y-australijai-ilgesni-ir-su-6-sedimomis-vietomis\/"]}]},{"@type":"ImageObject","inLanguage":"lt-LT","@id":"http:\/\/eautomobiliai.lt\/index.php\/2026\/03\/09\/tesla-patvirtina-savo-didziausia-modeli-y-australijai-ilgesni-ir-su-6-sedimomis-vietomis\/#primaryimage","url":"http:\/\/eautomobiliai.lt\/wp-content\/uploads\/2026\/03\/\u201eTesla-patvirtina-savo-didziausia-modeli-Y-Australijai-ilgesni-ir-su.jpeg","contentUrl":"http:\/\/eautomobiliai.lt\/wp-content\/uploads\/2026\/03\/\u201eTesla-patvirtina-savo-didziausia-modeli-Y-Australijai-ilgesni-ir-su.jpeg","width":2560,"height":1920},{"@type":"BreadcrumbList","@id":"http:\/\/eautomobiliai.lt\/index.php\/2026\/03\/09\/tesla-patvirtina-savo-didziausia-modeli-y-australijai-ilgesni-ir-su-6-sedimomis-vietomis\/#breadcrumb","itemListElement":[{"@type":"ListItem","position":1,"name":"Home","item":"https:\/\/eautomobiliai.lt\/"},{"@type":"ListItem","position":2,"name":"\u201eTesla\u201c patvirtina savo did\u017eiausi\u0105 model\u012f Y Australijai, ilgesn\u012f ir su 6 s\u0117dimomis vietomis"}]},{"@type":"WebSite","@id":"https:\/\/eautomobiliai.lt\/#website","url":"https:\/\/eautomobiliai.lt\/","name":"Eautomobiliai.lt","description":"Elektrinis transportas, technologijos","potentialAction":[{"@type":"SearchAction","target":{"@type":"EntryPoint","urlTemplate":"https:\/\/eautomobiliai.lt\/?s={search_term_string}"},"query-input":{"@type":"PropertyValueSpecification","valueRequired":true,"valueName":"search_term_string"}}],"inLanguage":"lt-LT"},{"@type":"Person","@id":"https:\/\/eautomobiliai.lt\/#\/schema\/person\/ecf2a967f361217d056061f74deb92f2","name":"admin","image":{"@type":"ImageObject","inLanguage":"lt-LT","@id":"https:\/\/eautomobiliai.lt\/#\/schema\/person\/image\/","url":"https:\/\/secure.gravatar.com\/avatar\/6323379efae0c70c686c7905444d6bbd?s=96&d=mm&r=g","contentUrl":"https:\/\/secure.gravatar.com\/avatar\/6323379efae0c70c686c7905444d6bbd?s=96&d=mm&r=g","caption":"admin"},"sameAs":["http:\/\/eautomobiliai.lt"],"url":"http:\/\/eautomobiliai.lt\/index.php\/author\/admin\/"}]}},"_links":{"self":[{"href":"http:\/\/eautomobiliai.lt\/index.php\/wp-json\/wp\/v2\/posts\/3685","targetHints":{"allow":["GET"]}}],"collection":[{"href":"http:\/\/eautomobiliai.lt\/index.php\/wp-json\/wp\/v2\/posts"}],"about":[{"href":"http:\/\/eautomobiliai.lt\/index.php\/wp-json\/wp\/v2\/types\/post"}],"author":[{"embeddable":true,"href":"http:\/\/eautomobiliai.lt\/index.php\/wp-json\/wp\/v2\/users\/1"}],"replies":[{"embeddable":true,"href":"http:\/\/eautomobiliai.lt\/index.php\/wp-json\/wp\/v2\/comments?post=3685"}],"version-history":[{"count":0,"href":"http:\/\/eautomobiliai.lt\/index.php\/wp-json\/wp\/v2\/posts\/3685\/revisions"}],"wp:featuredmedia":[{"embeddable":true,"href":"http:\/\/eautomobiliai.lt\/index.php\/wp-json\/wp\/v2\/media\/3686"}],"wp:attachment":[{"href":"http:\/\/eautomobiliai.lt\/index.php\/wp-json\/wp\/v2\/media?parent=3685"}],"wp:term":[{"taxonomy":"category","embeddable":true,"href":"http:\/\/eautomobiliai.lt\/index.php\/wp-json\/wp\/v2\/categories?post=3685"},{"taxonomy":"post_tag","embeddable":true,"href":"http:\/\/eautomobiliai.lt\/index.php\/wp-json\/wp\/v2\/tags?post=3685"}],"curies":[{"name":"wp","href":"https:\/\/api.w.org\/{rel}","templated":true}]}}