{"id":3692,"date":"2026-03-10T10:35:52","date_gmt":"2026-03-10T10:35:52","guid":{"rendered":"https:\/\/eautomobiliai.lt\/index.php\/2026\/03\/10\/zalieji-netiketai-laimejo-vokietijos-automobiliu-pramone-kuriai-gresia-kinijos-elektromobiliai\/"},"modified":"2026-03-10T10:35:52","modified_gmt":"2026-03-10T10:35:52","slug":"zalieji-netiketai-laimejo-vokietijos-automobiliu-pramone-kuriai-gresia-kinijos-elektromobiliai","status":"publish","type":"post","link":"http:\/\/eautomobiliai.lt\/index.php\/2026\/03\/10\/zalieji-netiketai-laimejo-vokietijos-automobiliu-pramone-kuriai-gresia-kinijos-elektromobiliai\/","title":{"rendered":"\u017dalieji netik\u0117tai laim\u0117jo Vokietijos automobili\u0173 pramon\u0119, kuriai gresia Kinijos elektromobiliai"},"content":{"rendered":"<p> <br \/>\n<\/p>\n<div>\n<p><span lang=\"EN-GB\">\u017dalieji surinko kiek daugiau nei 30 procent\u0173 bals\u0173 ir nedaug aplenk\u0117 CDU. <\/span><span lang=\"EN-GB\">preliminar\u016bs rezultatai<\/span> <span lang=\"EN-GB\">parod\u0117. Beveik 19 procent\u0173 rink\u0117j\u0173 pasirinko kra\u0161tutini\u0173 de\u0161ini\u0173j\u0173 populistin\u0119 Alternatyv\u0105 Vokietijai (AfD), o \u0161iek tiek daugiau nei penki procentai \u2013 socialdemokratus (SPD). <\/span><\/p>\n<p><span lang=\"EN-GB\">\u017dalieji netik\u0117tai i\u0161kovojo pergal\u0119 po dramati\u0161k\u0173 lenktyni\u0173 pasivyti likus kelioms savait\u0117ms iki balsavimo, nepaisant to, kad regione vis dar buvo konservatyvus poslinkis, palyginti su paskutiniais valstijos rinkimais prie\u0161 penkerius metus. Kol CDU padidino beveik \u0161e\u0161is procentinius punktus, o AfD padvigubino savo rezultat\u0105, \u017ealieji nusileido dviem procentiniais punktais, o parama SPD suma\u017e\u0117jo perpus.<\/span><\/p>\n<p><span lang=\"EN-GB\">Vis d\u0117lto rezultatas yra sm\u016bgis <\/span><span lang=\"EN-GB\">nepopuliarus kancleris Merzas<\/span><span lang=\"EN-GB\">kuris aktyviai agitavo valstijoje, nes tai pabr\u0117\u017eia rink\u0117j\u0173 nepasitenkinim\u0105 savo vadovybe pra\u0117jus metams po \u0161alies federalini\u0173 rinkim\u0173. <\/span><\/p>\n<h3><span lang=\"EN-GB\">Suvienyti klimato kaitos veiksmus ir ekonomik\u0105<\/span><\/h3>\n<p><span lang=\"EN-GB\">Ta\u010diau vietiniai veiksniai ir asmenyb\u0117s, o ne nacionalin\u0117 partij\u0173 politika, nul\u0117m\u0117 rezultat\u0105 strukt\u016bri\u0161kai konservatyviame regione, kur\u012f apibr\u0117\u017e\u0117 giliai \u012fsi\u0161aknijusios pramon\u0117s tradicijos, fiskalinis apdairumas ir kaimo tapatyb\u0117 u\u017e jo sostin\u0117s \u0160tutgarto ir kit\u0173 miest\u0173 rib\u0173. <\/span><\/p>\n<p><span lang=\"EN-GB\">ekonomika (29 proc.) <\/span><span lang=\"EN-GB\">atsid\u016br\u0117 s\u0105ra\u0161o vir\u0161uje<\/span><span lang=\"EN-GB\">  i\u0161 klausim\u0173, tur\u0117jusi\u0173 did\u017eiausi\u0105 \u012ftak\u0105 rink\u0117j\u0173 sprendimams, toliau seka socialin\u0117 apsauga (17 proc.), klimatas ir energetika (16 proc.). <\/span><\/p>\n<p><span lang=\"EN-GB\">Nors pergaling\u0105 \u017eali\u0173j\u0173 kandidat\u0105 Cem \u00d6zdemir, buv\u0119s federalinis \u017eem\u0117s \u016bkio ministras, per rinkim\u0173 kampanij\u0105 steng\u0117si neskamb\u0117ti pernelyg progresyviai, CDU kandidatas Manuelis Hagelis veng\u0117 skamb\u0117ti pernelyg konservatyvus, tod\u0117l buvo sunku pasteb\u0117ti ai\u0161kius politinius skirtumus tarp j\u0173dviej\u0173. <\/span><\/p>\n<p><span lang=\"EN-GB\">Taikydami \u0161\u012f metod\u0105, abu sek\u0117 ilgame\u010dio ir labai populiaraus \u017eali\u0173j\u0173 premjero Winfriedo Kretschmanno, pragmatiko, i\u0161gars\u0117jusio tuo, kad savo valstyb\u0117s interesus skiria vir\u0161 partijos politikos, p\u0117domis, kuris atsistatydina.  <\/span><\/p>\n<p><span lang=\"EN-GB\">Per kampanij\u0105 \u00d6zdemiras siek\u0117 atsiriboti nuo federalin\u0117s \u017dali\u0173j\u0173 partijos, pavyzd\u017eiui, pasisakydamas prie\u0161 dideles ES baudas automobili\u0173 gamintojams, kurie nesilaiko bloko i\u0161metam\u0173j\u0173 ter\u0161al\u0173 norm\u0173, ir netgi suabejodamas d\u0117l grie\u017eto vidaus degimo varikli\u0173 atsisakymo 2035 m. <\/span><\/p>\n<p><span lang=\"EN-GB\">rink\u0117jai <\/span><span lang=\"EN-GB\">svarst\u0117<\/span><span lang=\"EN-GB\">  60-metis \u00d6zdemiras yra simpati\u0161kesnis, kompetentingesnis ir patikimesnis nei CDU 37-eri\u0173 Hagelis. Likus kelioms dienoms iki balsavimo, filmuota vizito mokykloje filmuota med\u017eiaga, kurioje Hagelis ie\u0161kojo paai\u0161kinimo apie \u0161iltnamio efekt\u0105 sukelian\u010di\u0173 duj\u0173 poveik\u012f ir prekiavo spygliais su mokytoja, <\/span><span lang=\"EN-GB\">tapo virusine<\/span><span lang=\"EN-GB\">.<\/span><\/p>\n<p><span lang=\"EN-GB\">Paklaustas, ko federalin\u0117 \u017eali\u0173j\u0173 partija gal\u0117t\u0173 pasimokyti i\u0161 jo s\u0117km\u0117s, \u00d6zdemiras <\/span><span lang=\"EN-GB\">pasakojo<\/span><span lang=\"EN-GB\">  visuomeninis transliuotojas Phoenix teigia, kad \u201enetiesa, kad \u017emon\u0117s nebenori veiksm\u0173 klimato kaitos ar biologin\u0117s \u012fvairov\u0117s, o galb\u016bt tai, kaip mes tai darome, yra problema (&#8230;) Jei suvienysite klimato kaitos veiksmus ir ekonomik\u0105, galite rasti daug paramos\u201c. <\/span><\/p>\n<p><span lang=\"EN-GB\">&#8222;Ypa\u010d verslininkai da\u017enai yra m\u016bs\u0173 s\u0105jungininkai, nes daugelis j\u0173 prad\u0117jo u\u017edirbti gerus pinigus taupydami energij\u0105, energijos vartojimo efektyvum\u0105 ir naudodami ma\u017eiau i\u0161tekli\u0173. Taigi skatinkime \u0161i\u0105 problem\u0105 kartu&#8221;, &#8211; prid\u016br\u0117 jis.<\/span><\/p>\n<p><span lang=\"EN-GB\">Nors \u017ealieji kampanijoje pabr\u0117\u017e\u0117 ekonomines galimybes, susijusias su per\u0117jimu prie klimato neutralumo, konservatoriai persp\u0117jo \u201eneapkrauti ekonomikos klimato tikslais\u201c.<\/span><\/p>\n<p><i>\u0160varus energijos laidas. <\/i><i\/><i>Atkurta su leidimu.<\/i><\/p>\n<\/div>\n<p><br \/>\n<br \/><a href=\"https:\/\/thedriven.io\/2026\/03\/10\/greens-score-surprise-win-in-heart-of-german-car-industry-threatened-by-chinese-evs\/\">Source link <\/a><\/p>\n","protected":false},"excerpt":{"rendered":"<p>\u017dalieji surinko kiek daugiau nei 30 procent\u0173 bals\u0173 ir nedaug aplenk\u0117 CDU. preliminar\u016bs rezultatai parod\u0117. Beveik 19 procent\u0173 rink\u0117j\u0173 pasirinko&hellip;<\/p>\n","protected":false},"author":1,"featured_media":2989,"comment_status":"open","ping_status":"open","sticky":false,"template":"","format":"standard","meta":{"om_disable_all_campaigns":false,"_monsterinsights_skip_tracking":false,"_monsterinsights_sitenote_active":false,"_monsterinsights_sitenote_note":"","_monsterinsights_sitenote_category":0,"footnotes":""},"categories":[39],"tags":[96,2319,4329,94,2139,4761,5637,299,1558,5636],"class_list":["post-3692","post","type-post","status-publish","format-standard","has-post-thumbnail","hentry","category-eautomobiliu-technine-puse","tag-automobiliu","tag-elektromobiliai","tag-gresia","tag-kinijos","tag-kuriai","tag-laimejo","tag-netiketai","tag-pramone","tag-vokietijos","tag-zalieji"],"aioseo_notices":[],"yoast_head":"<!-- This site is optimized with the Yoast SEO plugin v26.8 - https:\/\/yoast.com\/product\/yoast-seo-wordpress\/ -->\n<title>\u017dalieji netik\u0117tai laim\u0117jo Vokietijos automobili\u0173 pramon\u0119, kuriai gresia Kinijos elektromobiliai - Eautomobiliai.lt<\/title>\n<meta name=\"robots\" content=\"index, follow, max-snippet:-1, max-image-preview:large, max-video-preview:-1\" \/>\n<link rel=\"canonical\" href=\"http:\/\/eautomobiliai.lt\/index.php\/2026\/03\/10\/zalieji-netiketai-laimejo-vokietijos-automobiliu-pramone-kuriai-gresia-kinijos-elektromobiliai\/\" \/>\n<meta property=\"og:locale\" content=\"lt_LT\" \/>\n<meta property=\"og:type\" content=\"article\" \/>\n<meta property=\"og:title\" content=\"\u017dalieji netik\u0117tai laim\u0117jo Vokietijos automobili\u0173 pramon\u0119, kuriai gresia Kinijos elektromobiliai - Eautomobiliai.lt\" \/>\n<meta property=\"og:description\" content=\"\u017dalieji surinko kiek daugiau nei 30 procent\u0173 bals\u0173 ir nedaug aplenk\u0117 CDU. preliminar\u016bs rezultatai parod\u0117. Beveik 19 procent\u0173 rink\u0117j\u0173 pasirinko&hellip;\" \/>\n<meta property=\"og:url\" content=\"http:\/\/eautomobiliai.lt\/index.php\/2026\/03\/10\/zalieji-netiketai-laimejo-vokietijos-automobiliu-pramone-kuriai-gresia-kinijos-elektromobiliai\/\" \/>\n<meta property=\"og:site_name\" content=\"Eautomobiliai.lt\" \/>\n<meta property=\"article:published_time\" content=\"2026-03-10T10:35:52+00:00\" \/>\n<meta property=\"og:image\" content=\"http:\/\/eautomobiliai.lt\/wp-content\/uploads\/2025\/12\/ES-nusilenkia-dideliems-automobiliu-gamintojams-ir-nuo-2035-metu-panaikina.jpg\" \/>\n\t<meta property=\"og:image:width\" content=\"1200\" \/>\n\t<meta property=\"og:image:height\" content=\"800\" \/>\n\t<meta property=\"og:image:type\" content=\"image\/jpeg\" \/>\n<meta name=\"author\" content=\"admin\" \/>\n<meta name=\"twitter:card\" content=\"summary_large_image\" \/>\n<meta name=\"twitter:label1\" content=\"Written by\" \/>\n\t<meta name=\"twitter:data1\" content=\"admin\" \/>\n\t<meta name=\"twitter:label2\" content=\"Est. reading time\" \/>\n\t<meta name=\"twitter:data2\" content=\"2 minut\u0117s\" \/>\n<script type=\"application\/ld+json\" class=\"yoast-schema-graph\">{\"@context\":\"https:\/\/schema.org\",\"@graph\":[{\"@type\":\"Article\",\"@id\":\"http:\/\/eautomobiliai.lt\/index.php\/2026\/03\/10\/zalieji-netiketai-laimejo-vokietijos-automobiliu-pramone-kuriai-gresia-kinijos-elektromobiliai\/#article\",\"isPartOf\":{\"@id\":\"http:\/\/eautomobiliai.lt\/index.php\/2026\/03\/10\/zalieji-netiketai-laimejo-vokietijos-automobiliu-pramone-kuriai-gresia-kinijos-elektromobiliai\/\"},\"author\":{\"name\":\"admin\",\"@id\":\"https:\/\/eautomobiliai.lt\/#\/schema\/person\/ecf2a967f361217d056061f74deb92f2\"},\"headline\":\"\u017dalieji netik\u0117tai laim\u0117jo Vokietijos automobili\u0173 pramon\u0119, kuriai gresia Kinijos elektromobiliai\",\"datePublished\":\"2026-03-10T10:35:52+00:00\",\"mainEntityOfPage\":{\"@id\":\"http:\/\/eautomobiliai.lt\/index.php\/2026\/03\/10\/zalieji-netiketai-laimejo-vokietijos-automobiliu-pramone-kuriai-gresia-kinijos-elektromobiliai\/\"},\"wordCount\":501,\"commentCount\":0,\"image\":{\"@id\":\"http:\/\/eautomobiliai.lt\/index.php\/2026\/03\/10\/zalieji-netiketai-laimejo-vokietijos-automobiliu-pramone-kuriai-gresia-kinijos-elektromobiliai\/#primaryimage\"},\"thumbnailUrl\":\"http:\/\/eautomobiliai.lt\/wp-content\/uploads\/2025\/12\/ES-nusilenkia-dideliems-automobiliu-gamintojams-ir-nuo-2035-metu-panaikina.jpg\",\"keywords\":[\"automobili\u0173\",\"elektromobiliai\",\"gresia\",\"Kinijos\",\"kuriai\",\"laim\u0117jo\",\"netik\u0117tai\",\"pramon\u0119\",\"Vokietijos\",\"\u017dalieji\"],\"articleSection\":[\"eAUTOMOBILI\u0172 TECHNIN\u0116 PUS\u0116\"],\"inLanguage\":\"lt-LT\",\"potentialAction\":[{\"@type\":\"CommentAction\",\"name\":\"Comment\",\"target\":[\"http:\/\/eautomobiliai.lt\/index.php\/2026\/03\/10\/zalieji-netiketai-laimejo-vokietijos-automobiliu-pramone-kuriai-gresia-kinijos-elektromobiliai\/#respond\"]}]},{\"@type\":\"WebPage\",\"@id\":\"http:\/\/eautomobiliai.lt\/index.php\/2026\/03\/10\/zalieji-netiketai-laimejo-vokietijos-automobiliu-pramone-kuriai-gresia-kinijos-elektromobiliai\/\",\"url\":\"http:\/\/eautomobiliai.lt\/index.php\/2026\/03\/10\/zalieji-netiketai-laimejo-vokietijos-automobiliu-pramone-kuriai-gresia-kinijos-elektromobiliai\/\",\"name\":\"\u017dalieji netik\u0117tai laim\u0117jo Vokietijos automobili\u0173 pramon\u0119, kuriai gresia Kinijos elektromobiliai - Eautomobiliai.lt\",\"isPartOf\":{\"@id\":\"https:\/\/eautomobiliai.lt\/#website\"},\"primaryImageOfPage\":{\"@id\":\"http:\/\/eautomobiliai.lt\/index.php\/2026\/03\/10\/zalieji-netiketai-laimejo-vokietijos-automobiliu-pramone-kuriai-gresia-kinijos-elektromobiliai\/#primaryimage\"},\"image\":{\"@id\":\"http:\/\/eautomobiliai.lt\/index.php\/2026\/03\/10\/zalieji-netiketai-laimejo-vokietijos-automobiliu-pramone-kuriai-gresia-kinijos-elektromobiliai\/#primaryimage\"},\"thumbnailUrl\":\"http:\/\/eautomobiliai.lt\/wp-content\/uploads\/2025\/12\/ES-nusilenkia-dideliems-automobiliu-gamintojams-ir-nuo-2035-metu-panaikina.jpg\",\"datePublished\":\"2026-03-10T10:35:52+00:00\",\"author\":{\"@id\":\"https:\/\/eautomobiliai.lt\/#\/schema\/person\/ecf2a967f361217d056061f74deb92f2\"},\"breadcrumb\":{\"@id\":\"http:\/\/eautomobiliai.lt\/index.php\/2026\/03\/10\/zalieji-netiketai-laimejo-vokietijos-automobiliu-pramone-kuriai-gresia-kinijos-elektromobiliai\/#breadcrumb\"},\"inLanguage\":\"lt-LT\",\"potentialAction\":[{\"@type\":\"ReadAction\",\"target\":[\"http:\/\/eautomobiliai.lt\/index.php\/2026\/03\/10\/zalieji-netiketai-laimejo-vokietijos-automobiliu-pramone-kuriai-gresia-kinijos-elektromobiliai\/\"]}]},{\"@type\":\"ImageObject\",\"inLanguage\":\"lt-LT\",\"@id\":\"http:\/\/eautomobiliai.lt\/index.php\/2026\/03\/10\/zalieji-netiketai-laimejo-vokietijos-automobiliu-pramone-kuriai-gresia-kinijos-elektromobiliai\/#primaryimage\",\"url\":\"http:\/\/eautomobiliai.lt\/wp-content\/uploads\/2025\/12\/ES-nusilenkia-dideliems-automobiliu-gamintojams-ir-nuo-2035-metu-panaikina.jpg\",\"contentUrl\":\"http:\/\/eautomobiliai.lt\/wp-content\/uploads\/2025\/12\/ES-nusilenkia-dideliems-automobiliu-gamintojams-ir-nuo-2035-metu-panaikina.jpg\",\"width\":1200,\"height\":800},{\"@type\":\"BreadcrumbList\",\"@id\":\"http:\/\/eautomobiliai.lt\/index.php\/2026\/03\/10\/zalieji-netiketai-laimejo-vokietijos-automobiliu-pramone-kuriai-gresia-kinijos-elektromobiliai\/#breadcrumb\",\"itemListElement\":[{\"@type\":\"ListItem\",\"position\":1,\"name\":\"Home\",\"item\":\"https:\/\/eautomobiliai.lt\/\"},{\"@type\":\"ListItem\",\"position\":2,\"name\":\"\u017dalieji netik\u0117tai laim\u0117jo Vokietijos automobili\u0173 pramon\u0119, kuriai gresia Kinijos elektromobiliai\"}]},{\"@type\":\"WebSite\",\"@id\":\"https:\/\/eautomobiliai.lt\/#website\",\"url\":\"https:\/\/eautomobiliai.lt\/\",\"name\":\"Eautomobiliai.lt\",\"description\":\"Elektrinis transportas, technologijos\",\"potentialAction\":[{\"@type\":\"SearchAction\",\"target\":{\"@type\":\"EntryPoint\",\"urlTemplate\":\"https:\/\/eautomobiliai.lt\/?s={search_term_string}\"},\"query-input\":{\"@type\":\"PropertyValueSpecification\",\"valueRequired\":true,\"valueName\":\"search_term_string\"}}],\"inLanguage\":\"lt-LT\"},{\"@type\":\"Person\",\"@id\":\"https:\/\/eautomobiliai.lt\/#\/schema\/person\/ecf2a967f361217d056061f74deb92f2\",\"name\":\"admin\",\"image\":{\"@type\":\"ImageObject\",\"inLanguage\":\"lt-LT\",\"@id\":\"https:\/\/eautomobiliai.lt\/#\/schema\/person\/image\/\",\"url\":\"https:\/\/secure.gravatar.com\/avatar\/6323379efae0c70c686c7905444d6bbd?s=96&d=mm&r=g\",\"contentUrl\":\"https:\/\/secure.gravatar.com\/avatar\/6323379efae0c70c686c7905444d6bbd?s=96&d=mm&r=g\",\"caption\":\"admin\"},\"sameAs\":[\"http:\/\/eautomobiliai.lt\"],\"url\":\"http:\/\/eautomobiliai.lt\/index.php\/author\/admin\/\"}]}<\/script>\n<!-- \/ Yoast SEO plugin. -->","yoast_head_json":{"title":"\u017dalieji netik\u0117tai laim\u0117jo Vokietijos automobili\u0173 pramon\u0119, kuriai gresia Kinijos elektromobiliai - Eautomobiliai.lt","robots":{"index":"index","follow":"follow","max-snippet":"max-snippet:-1","max-image-preview":"max-image-preview:large","max-video-preview":"max-video-preview:-1"},"canonical":"http:\/\/eautomobiliai.lt\/index.php\/2026\/03\/10\/zalieji-netiketai-laimejo-vokietijos-automobiliu-pramone-kuriai-gresia-kinijos-elektromobiliai\/","og_locale":"lt_LT","og_type":"article","og_title":"\u017dalieji netik\u0117tai laim\u0117jo Vokietijos automobili\u0173 pramon\u0119, kuriai gresia Kinijos elektromobiliai - Eautomobiliai.lt","og_description":"\u017dalieji surinko kiek daugiau nei 30 procent\u0173 bals\u0173 ir nedaug aplenk\u0117 CDU. preliminar\u016bs rezultatai parod\u0117. Beveik 19 procent\u0173 rink\u0117j\u0173 pasirinko&hellip;","og_url":"http:\/\/eautomobiliai.lt\/index.php\/2026\/03\/10\/zalieji-netiketai-laimejo-vokietijos-automobiliu-pramone-kuriai-gresia-kinijos-elektromobiliai\/","og_site_name":"Eautomobiliai.lt","article_published_time":"2026-03-10T10:35:52+00:00","og_image":[{"width":1200,"height":800,"url":"http:\/\/eautomobiliai.lt\/wp-content\/uploads\/2025\/12\/ES-nusilenkia-dideliems-automobiliu-gamintojams-ir-nuo-2035-metu-panaikina.jpg","type":"image\/jpeg"}],"author":"admin","twitter_card":"summary_large_image","twitter_misc":{"Written by":"admin","Est. reading time":"2 minut\u0117s"},"schema":{"@context":"https:\/\/schema.org","@graph":[{"@type":"Article","@id":"http:\/\/eautomobiliai.lt\/index.php\/2026\/03\/10\/zalieji-netiketai-laimejo-vokietijos-automobiliu-pramone-kuriai-gresia-kinijos-elektromobiliai\/#article","isPartOf":{"@id":"http:\/\/eautomobiliai.lt\/index.php\/2026\/03\/10\/zalieji-netiketai-laimejo-vokietijos-automobiliu-pramone-kuriai-gresia-kinijos-elektromobiliai\/"},"author":{"name":"admin","@id":"https:\/\/eautomobiliai.lt\/#\/schema\/person\/ecf2a967f361217d056061f74deb92f2"},"headline":"\u017dalieji netik\u0117tai laim\u0117jo Vokietijos automobili\u0173 pramon\u0119, kuriai gresia Kinijos elektromobiliai","datePublished":"2026-03-10T10:35:52+00:00","mainEntityOfPage":{"@id":"http:\/\/eautomobiliai.lt\/index.php\/2026\/03\/10\/zalieji-netiketai-laimejo-vokietijos-automobiliu-pramone-kuriai-gresia-kinijos-elektromobiliai\/"},"wordCount":501,"commentCount":0,"image":{"@id":"http:\/\/eautomobiliai.lt\/index.php\/2026\/03\/10\/zalieji-netiketai-laimejo-vokietijos-automobiliu-pramone-kuriai-gresia-kinijos-elektromobiliai\/#primaryimage"},"thumbnailUrl":"http:\/\/eautomobiliai.lt\/wp-content\/uploads\/2025\/12\/ES-nusilenkia-dideliems-automobiliu-gamintojams-ir-nuo-2035-metu-panaikina.jpg","keywords":["automobili\u0173","elektromobiliai","gresia","Kinijos","kuriai","laim\u0117jo","netik\u0117tai","pramon\u0119","Vokietijos","\u017dalieji"],"articleSection":["eAUTOMOBILI\u0172 TECHNIN\u0116 PUS\u0116"],"inLanguage":"lt-LT","potentialAction":[{"@type":"CommentAction","name":"Comment","target":["http:\/\/eautomobiliai.lt\/index.php\/2026\/03\/10\/zalieji-netiketai-laimejo-vokietijos-automobiliu-pramone-kuriai-gresia-kinijos-elektromobiliai\/#respond"]}]},{"@type":"WebPage","@id":"http:\/\/eautomobiliai.lt\/index.php\/2026\/03\/10\/zalieji-netiketai-laimejo-vokietijos-automobiliu-pramone-kuriai-gresia-kinijos-elektromobiliai\/","url":"http:\/\/eautomobiliai.lt\/index.php\/2026\/03\/10\/zalieji-netiketai-laimejo-vokietijos-automobiliu-pramone-kuriai-gresia-kinijos-elektromobiliai\/","name":"\u017dalieji netik\u0117tai laim\u0117jo Vokietijos automobili\u0173 pramon\u0119, kuriai gresia Kinijos elektromobiliai - Eautomobiliai.lt","isPartOf":{"@id":"https:\/\/eautomobiliai.lt\/#website"},"primaryImageOfPage":{"@id":"http:\/\/eautomobiliai.lt\/index.php\/2026\/03\/10\/zalieji-netiketai-laimejo-vokietijos-automobiliu-pramone-kuriai-gresia-kinijos-elektromobiliai\/#primaryimage"},"image":{"@id":"http:\/\/eautomobiliai.lt\/index.php\/2026\/03\/10\/zalieji-netiketai-laimejo-vokietijos-automobiliu-pramone-kuriai-gresia-kinijos-elektromobiliai\/#primaryimage"},"thumbnailUrl":"http:\/\/eautomobiliai.lt\/wp-content\/uploads\/2025\/12\/ES-nusilenkia-dideliems-automobiliu-gamintojams-ir-nuo-2035-metu-panaikina.jpg","datePublished":"2026-03-10T10:35:52+00:00","author":{"@id":"https:\/\/eautomobiliai.lt\/#\/schema\/person\/ecf2a967f361217d056061f74deb92f2"},"breadcrumb":{"@id":"http:\/\/eautomobiliai.lt\/index.php\/2026\/03\/10\/zalieji-netiketai-laimejo-vokietijos-automobiliu-pramone-kuriai-gresia-kinijos-elektromobiliai\/#breadcrumb"},"inLanguage":"lt-LT","potentialAction":[{"@type":"ReadAction","target":["http:\/\/eautomobiliai.lt\/index.php\/2026\/03\/10\/zalieji-netiketai-laimejo-vokietijos-automobiliu-pramone-kuriai-gresia-kinijos-elektromobiliai\/"]}]},{"@type":"ImageObject","inLanguage":"lt-LT","@id":"http:\/\/eautomobiliai.lt\/index.php\/2026\/03\/10\/zalieji-netiketai-laimejo-vokietijos-automobiliu-pramone-kuriai-gresia-kinijos-elektromobiliai\/#primaryimage","url":"http:\/\/eautomobiliai.lt\/wp-content\/uploads\/2025\/12\/ES-nusilenkia-dideliems-automobiliu-gamintojams-ir-nuo-2035-metu-panaikina.jpg","contentUrl":"http:\/\/eautomobiliai.lt\/wp-content\/uploads\/2025\/12\/ES-nusilenkia-dideliems-automobiliu-gamintojams-ir-nuo-2035-metu-panaikina.jpg","width":1200,"height":800},{"@type":"BreadcrumbList","@id":"http:\/\/eautomobiliai.lt\/index.php\/2026\/03\/10\/zalieji-netiketai-laimejo-vokietijos-automobiliu-pramone-kuriai-gresia-kinijos-elektromobiliai\/#breadcrumb","itemListElement":[{"@type":"ListItem","position":1,"name":"Home","item":"https:\/\/eautomobiliai.lt\/"},{"@type":"ListItem","position":2,"name":"\u017dalieji netik\u0117tai laim\u0117jo Vokietijos automobili\u0173 pramon\u0119, kuriai gresia Kinijos elektromobiliai"}]},{"@type":"WebSite","@id":"https:\/\/eautomobiliai.lt\/#website","url":"https:\/\/eautomobiliai.lt\/","name":"Eautomobiliai.lt","description":"Elektrinis transportas, technologijos","potentialAction":[{"@type":"SearchAction","target":{"@type":"EntryPoint","urlTemplate":"https:\/\/eautomobiliai.lt\/?s={search_term_string}"},"query-input":{"@type":"PropertyValueSpecification","valueRequired":true,"valueName":"search_term_string"}}],"inLanguage":"lt-LT"},{"@type":"Person","@id":"https:\/\/eautomobiliai.lt\/#\/schema\/person\/ecf2a967f361217d056061f74deb92f2","name":"admin","image":{"@type":"ImageObject","inLanguage":"lt-LT","@id":"https:\/\/eautomobiliai.lt\/#\/schema\/person\/image\/","url":"https:\/\/secure.gravatar.com\/avatar\/6323379efae0c70c686c7905444d6bbd?s=96&d=mm&r=g","contentUrl":"https:\/\/secure.gravatar.com\/avatar\/6323379efae0c70c686c7905444d6bbd?s=96&d=mm&r=g","caption":"admin"},"sameAs":["http:\/\/eautomobiliai.lt"],"url":"http:\/\/eautomobiliai.lt\/index.php\/author\/admin\/"}]}},"_links":{"self":[{"href":"http:\/\/eautomobiliai.lt\/index.php\/wp-json\/wp\/v2\/posts\/3692","targetHints":{"allow":["GET"]}}],"collection":[{"href":"http:\/\/eautomobiliai.lt\/index.php\/wp-json\/wp\/v2\/posts"}],"about":[{"href":"http:\/\/eautomobiliai.lt\/index.php\/wp-json\/wp\/v2\/types\/post"}],"author":[{"embeddable":true,"href":"http:\/\/eautomobiliai.lt\/index.php\/wp-json\/wp\/v2\/users\/1"}],"replies":[{"embeddable":true,"href":"http:\/\/eautomobiliai.lt\/index.php\/wp-json\/wp\/v2\/comments?post=3692"}],"version-history":[{"count":0,"href":"http:\/\/eautomobiliai.lt\/index.php\/wp-json\/wp\/v2\/posts\/3692\/revisions"}],"wp:featuredmedia":[{"embeddable":true,"href":"http:\/\/eautomobiliai.lt\/index.php\/wp-json\/wp\/v2\/media\/2989"}],"wp:attachment":[{"href":"http:\/\/eautomobiliai.lt\/index.php\/wp-json\/wp\/v2\/media?parent=3692"}],"wp:term":[{"taxonomy":"category","embeddable":true,"href":"http:\/\/eautomobiliai.lt\/index.php\/wp-json\/wp\/v2\/categories?post=3692"},{"taxonomy":"post_tag","embeddable":true,"href":"http:\/\/eautomobiliai.lt\/index.php\/wp-json\/wp\/v2\/tags?post=3692"}],"curies":[{"name":"wp","href":"https:\/\/api.w.org\/{rel}","templated":true}]}}