{"id":3701,"date":"2026-03-11T06:16:09","date_gmt":"2026-03-11T06:16:09","guid":{"rendered":"http:\/\/eautomobiliai.lt\/index.php\/2026\/03\/11\/sis-hyundai-visureigis-yra-elektromobilis-ir-kaip-manoma-yra-ioniq-1-vaizdo-irasas\/"},"modified":"2026-03-11T06:16:09","modified_gmt":"2026-03-11T06:16:09","slug":"sis-hyundai-visureigis-yra-elektromobilis-ir-kaip-manoma-yra-ioniq-1-vaizdo-irasas","status":"publish","type":"post","link":"http:\/\/eautomobiliai.lt\/index.php\/2026\/03\/11\/sis-hyundai-visureigis-yra-elektromobilis-ir-kaip-manoma-yra-ioniq-1-vaizdo-irasas\/","title":{"rendered":"\u0160is \u201eHyundai\u201c visureigis yra elektromobilis ir, kaip manoma, yra \u201eIONIQ 1\u201c (vaizdo \u012fra\u0161as)"},"content":{"rendered":"<p> <br \/>\n<\/p>\n<div wp_automatic_readability=\"102.62039189638\">\n<figure class=\"img-border featured-image\">\n<p>\t<br \/>\n\t<\/figure>\n<p>Neatpa\u017eintas \u201eHyundai\u201c elektrinis visureigis buvo pasteb\u0117tas (v\u0117l) bandydamas vie\u0161ai, kaip manoma, IONIQ 1.<\/p>\n<p><span id=\"more-455895\"\/><\/p>\n<h2 class=\"wp-block-heading\" id=\"h-is-hyundai-launching-the-ioniq-1-as-an-entry-level-ev\">Ar \u201eHyundai\u201c pristato IONIQ 1 kaip pradinio lygio elektromobil\u012f?<\/h2>\n<p>\u201eHyundai\u201c dar nepristat\u0117 IONIQ 3, savo pirmojo kompakti\u0161ko EV pagal IONIQ serij\u0105, ta\u010diau Kor\u0117jos automobili\u0173 gamintojas jau bando dar ma\u017eesn\u012f pradinio lygio model\u012f.<\/p>\n<p>Kinijos \u017einiasklaidos priemon\u0117 <em>Autonamai<\/em> i\u0161leido naujas \u0161nip\u0173 nuotraukas (su <em>Team-BHP.com<\/em>), kas yra \u201elabai tik\u0117tina\u201c Hyundai IONIQ 1 prototipas.<\/p>\n<p>Remiantis \u201eHyundai\u201c pavadinim\u0173 sistema, naudota ankstesniems elektra varomiems automobiliams, tikimasi, kad automobilis bus kol kas ma\u017eiausias IONIQ modelis.<\/p>\n<p>\t<span class=\"outbrain-ad-label\">Reklama \u2013 slinkite, kad gautum\u0117te daugiau turinio<\/span><\/p>\n<p>Ankstesni bandomieji EV, \u012fskaitant IONIQ 5 ir IONIQ 9, buvo pa\u017eym\u0117ti \u201eME\u201c ir \u201eNE\u201c, o \u201eE\u201c gale rei\u0161kia, kad jie yra pagr\u012fsti E-GMP platforma. Naujasis prototipas, kuris, kaip manoma, yra IONIQ 1, buvo pa\u017eenklintas \u201eHE1\u201c bandomosios transporto priemon\u0117s etikete.<\/p>\n<p>Nors apie tai ma\u017eai \u017einoma, galite ai\u0161kiai matyti sta\u010di\u0105, d\u0117\u017e\u0117s formos visureig\u012f primenant\u012f dizain\u0105, kitaip nei IONIQ 3. IONIQ 3 pasi\u017eymi nauju Hyundai Aero Hatch dizainu su \u017eemai va\u017eiuojan\u010diu, greito atgal siluetu.<\/p>\n<div class=\"wp-block-jetpack-tiled-gallery aligncenter is-style-rectangular\">\n<div class=\"\">\n<div class=\"tiled-gallery__gallery\">\n<div class=\"tiled-gallery__row\">\n<div class=\"tiled-gallery__col\" style=\"flex-basis:100.00000%\">\n<figure data-wp-context=\"{\" imageid\":\"69b108a834606\"}\"=\"\" data-wp-interactive=\"core\/image\" data-wp-key=\"69b108a834606\" class=\"tiled-gallery__item wp-lightbox-container\"><img decoding=\"async\" data-wp-class--hide=\"state.isContentHidden\" data-wp-class--show=\"state.isContentVisible\" data-wp-init=\"callbacks.setButtonStyles\" data-wp-on--click=\"actions.showLightbox\" data-wp-on--load=\"callbacks.setButtonStyles\" data-wp-on-window--resize=\"callbacks.setButtonStyles\" srcset=\"https:\/\/i0.wp.com\/electrek.co\/wp-content\/uploads\/sites\/3\/2026\/02\/Hyundai-IONIQ-1-EV-back.jpeg?strip=info&amp;w=600&amp;ssl=1 600w,https:\/\/i0.wp.com\/electrek.co\/wp-content\/uploads\/sites\/3\/2026\/02\/Hyundai-IONIQ-1-EV-back.jpeg?strip=info&amp;w=900&amp;ssl=1 900w,https:\/\/i0.wp.com\/electrek.co\/wp-content\/uploads\/sites\/3\/2026\/02\/Hyundai-IONIQ-1-EV-back.jpeg?strip=info&amp;w=1200&amp;ssl=1 1200w,https:\/\/i0.wp.com\/electrek.co\/wp-content\/uploads\/sites\/3\/2026\/02\/Hyundai-IONIQ-1-EV-back.jpeg?strip=info&amp;w=1400&amp;ssl=1 1400w\" alt=\"Hyundai-IONIQ-1-EV\" data-height=\"700\" data-id=\"455904\" data-link=\"https:\/\/electrek.co\/?attachment_id=455904\" data-url=\"https:\/\/electrek.co\/wp-content\/uploads\/sites\/3\/2026\/02\/Hyundai-IONIQ-1-EV-back.jpeg?quality=82&amp;strip=all&amp;w=1024\" data-width=\"1400\" src=\"https:\/\/i0.wp.com\/electrek.co\/wp-content\/uploads\/sites\/3\/2026\/02\/Hyundai-IONIQ-1-EV-back.jpeg?ssl=1\" data-amp-layout=\"responsive\"\/><button class=\"lightbox-trigger\" type=\"button\" aria-haspopup=\"dialog\" aria-label=\"Enlarge\" data-wp-init=\"callbacks.initTriggerButton\" data-wp-on--click=\"actions.showLightbox\" data-wp-style--right=\"state.imageButtonRight\" data-wp-style--top=\"state.imageButtonTop\"><br \/>\n\t\t\t<svg xmlns=\"http:\/\/www.w3.org\/2000\/svg\" width=\"12\" height=\"12\" fill=\"none\" viewbox=\"0 0 12 12\">\n\t\t\t\t<path fill=\"#fff\" d=\"M2 0a2 2 0 0 0-2 2v2h1.5V2a.5.5 0 0 1 .5-.5h2V0H2Zm2 10.5H2a.5.5 0 0 1-.5-.5V8H0v2a2 2 0 0 0 2 2h2v-1.5ZM8 12v-1.5h2a.5.5 0 0 0 .5-.5V8H12v2a2 2 0 0 1-2 2H8Zm2-12a2 2 0 0 1 2 2v2h-1.5V2a.5.5 0 0 0-.5-.5H8V0h2Z\"\/>\n\t\t\t<\/svg><br \/>\n\t\t<\/button><\/figure>\n<\/div>\n<\/div>\n<\/div>\n<\/div>\n<\/div>\n<p>Tuo tarpu kai kurie dizaino elementai, atrodo, pasiskolinti i\u0161 IONIQ 3 (pavaizduota \u017eemiau kaip Concept Three), pavyzd\u017eiui, padalinti priekiniai \u017eibintai ir ducktail spoileris.<\/p>\n<p>Nors bandomoji transporto priemon\u0117 buvo pasteb\u0117ta Indijos keliuose, neseniai Kor\u0117joje buvo i\u0161bandytas kitas paslaptingas \u201eHyundai\u201c visureigis, kuris atrodo beveik identi\u0161kas, taip pat manoma, kad tai yra \u201eIONIQ 1\u201c.<\/p>\n<p><iframe loading=\"lazy\" title=\"\uc815\uccb4\ubd88\uba85 \ud604\ub300\ucc28\u203c\ufe0f\uc124\ub9c8..\uc544\uc774\uc624\ub2c91 \uc77c\uae4c\u2049\ufe0f \" width=\"640\" height=\"360\" src=\"https:\/\/www.youtube.com\/embed\/HL0XNa3nRD0?feature=oembed\" frameborder=\"0\" allow=\"accelerometer; autoplay; clipboard-write; encrypted-media; gyroscope; picture-in-picture; web-share\" referrerpolicy=\"strict-origin-when-cross-origin\" allowfullscreen><\/iframe><\/p>\n<p>M\u016bs\u0173 draug\u0173 vaizdo \u012fra\u0161as adresu <em>HealerTV<\/em> parodytas nenustatytas automobilis \u201eHyundai\u201c, va\u017eiuojantis vie\u0161aisiais keliais. Nors i\u0161 vaizdo \u012fra\u0161o negali pasakyti, \u017eurnalistas atkreip\u0117 d\u0117mes\u012f, kad i\u0161vyd\u0119s kelet\u0105 j\u0173, ne vienas tur\u0117jo vidaus degimo varikl\u012f. Jie visi buvo elektriniai.<\/p>\n<p>Nors dar per anksti patvirtinti, Hyundai visureigis vis dar turi kelet\u0105 dizaino element\u0173 i\u0161 IONIQ 3, o tai rodo, kad tai gali b\u016bti IONIQ 1.<\/p>\n<p>Interjeras buvo trumpai u\u017efiksuotas, rodant nauj\u0105 \u201eHyundai\u201c informacijos ir pramog\u0173 sistem\u0105 \u201ePleos\u201c, kuri debiutuos kartu su IONIQ 3 ir b\u016bsimais elektromobiliais.<\/p>\n<div class=\"wp-block-jetpack-tiled-gallery aligncenter is-style-columns\">\n<div class=\"\">\n<div class=\"tiled-gallery__gallery\">\n<div class=\"tiled-gallery__row\">\n<div class=\"tiled-gallery__col\" style=\"flex-basis:50.00000%\">\n<figure data-wp-context=\"{\" imageid\":\"69b108a835b3c\"}\"=\"\" data-wp-interactive=\"core\/image\" data-wp-key=\"69b108a835b3c\" class=\"tiled-gallery__item wp-lightbox-container\"><img decoding=\"async\" data-wp-class--hide=\"state.isContentHidden\" data-wp-class--show=\"state.isContentVisible\" data-wp-init=\"callbacks.setButtonStyles\" data-wp-on--click=\"actions.showLightbox\" data-wp-on--load=\"callbacks.setButtonStyles\" data-wp-on-window--resize=\"callbacks.setButtonStyles\" srcset=\"https:\/\/i0.wp.com\/electrek.co\/wp-content\/uploads\/sites\/3\/2025\/09\/Hyundai-IONIQ-3-EV-concept-2.jpeg?strip=info&amp;w=600&amp;ssl=1 600w,https:\/\/i0.wp.com\/electrek.co\/wp-content\/uploads\/sites\/3\/2025\/09\/Hyundai-IONIQ-3-EV-concept-2.jpeg?strip=info&amp;w=900&amp;ssl=1 900w,https:\/\/i0.wp.com\/electrek.co\/wp-content\/uploads\/sites\/3\/2025\/09\/Hyundai-IONIQ-3-EV-concept-2.jpeg?strip=info&amp;w=1200&amp;ssl=1 1200w,https:\/\/i0.wp.com\/electrek.co\/wp-content\/uploads\/sites\/3\/2025\/09\/Hyundai-IONIQ-3-EV-concept-2.jpeg?strip=info&amp;w=1400&amp;ssl=1 1400w\" alt=\"\u201eHyundai-new-EVs\u201c dizainas\" data-height=\"700\" data-id=\"433499\" data-link=\"https:\/\/electrek.co\/2025\/09\/09\/hyundai-ioniq-3-is-coming-and-this-ev-concept-is-our-first-look\/hyundai-ioniq-3-ev-concept-2\/\" data-url=\"https:\/\/electrek.co\/wp-content\/uploads\/sites\/3\/2025\/09\/Hyundai-IONIQ-3-EV-concept-2.jpeg?quality=82&amp;strip=all&amp;w=1024\" data-width=\"1400\" src=\"https:\/\/i0.wp.com\/electrek.co\/wp-content\/uploads\/sites\/3\/2025\/09\/Hyundai-IONIQ-3-EV-concept-2.jpeg?ssl=1\" data-amp-layout=\"responsive\"\/><button class=\"lightbox-trigger\" type=\"button\" aria-haspopup=\"dialog\" aria-label=\"Enlarge\" data-wp-init=\"callbacks.initTriggerButton\" data-wp-on--click=\"actions.showLightbox\" data-wp-style--right=\"state.imageButtonRight\" data-wp-style--top=\"state.imageButtonTop\"><br \/>\n\t\t\t<svg xmlns=\"http:\/\/www.w3.org\/2000\/svg\" width=\"12\" height=\"12\" fill=\"none\" viewbox=\"0 0 12 12\">\n\t\t\t\t<path fill=\"#fff\" d=\"M2 0a2 2 0 0 0-2 2v2h1.5V2a.5.5 0 0 1 .5-.5h2V0H2Zm2 10.5H2a.5.5 0 0 1-.5-.5V8H0v2a2 2 0 0 0 2 2h2v-1.5ZM8 12v-1.5h2a.5.5 0 0 0 .5-.5V8H12v2a2 2 0 0 1-2 2H8Zm2-12a2 2 0 0 1 2 2v2h-1.5V2a.5.5 0 0 0-.5-.5H8V0h2Z\"\/>\n\t\t\t<\/svg><br \/>\n\t\t<\/button><\/figure>\n<\/div>\n<div class=\"tiled-gallery__col\" style=\"flex-basis:50.00000%\">\n<figure data-wp-context=\"{\" imageid\":\"69b108a835e43\"}\"=\"\" data-wp-interactive=\"core\/image\" data-wp-key=\"69b108a835e43\" class=\"tiled-gallery__item wp-lightbox-container\"><img decoding=\"async\" data-wp-class--hide=\"state.isContentHidden\" data-wp-class--show=\"state.isContentVisible\" data-wp-init=\"callbacks.setButtonStyles\" data-wp-on--click=\"actions.showLightbox\" data-wp-on--load=\"callbacks.setButtonStyles\" data-wp-on-window--resize=\"callbacks.setButtonStyles\" srcset=\"https:\/\/i0.wp.com\/electrek.co\/wp-content\/uploads\/sites\/3\/2025\/09\/Hyundai-IONIQ-3-EV-concept-1.jpeg?strip=info&amp;w=600&amp;ssl=1 600w,https:\/\/i0.wp.com\/electrek.co\/wp-content\/uploads\/sites\/3\/2025\/09\/Hyundai-IONIQ-3-EV-concept-1.jpeg?strip=info&amp;w=900&amp;ssl=1 900w,https:\/\/i0.wp.com\/electrek.co\/wp-content\/uploads\/sites\/3\/2025\/09\/Hyundai-IONIQ-3-EV-concept-1.jpeg?strip=info&amp;w=1200&amp;ssl=1 1200w,https:\/\/i0.wp.com\/electrek.co\/wp-content\/uploads\/sites\/3\/2025\/09\/Hyundai-IONIQ-3-EV-concept-1.jpeg?strip=info&amp;w=1400&amp;ssl=1 1400w\" alt=\"Hyundai-EV-hot-hatch\" data-height=\"700\" data-id=\"433498\" data-link=\"https:\/\/electrek.co\/2025\/09\/09\/hyundai-ioniq-3-is-coming-and-this-ev-concept-is-our-first-look\/hyundai-ioniq-3-ev-concept-1\/\" data-url=\"https:\/\/electrek.co\/wp-content\/uploads\/sites\/3\/2025\/09\/Hyundai-IONIQ-3-EV-concept-1.jpeg?quality=82&amp;strip=all&amp;w=1024\" data-width=\"1400\" src=\"https:\/\/i0.wp.com\/electrek.co\/wp-content\/uploads\/sites\/3\/2025\/09\/Hyundai-IONIQ-3-EV-concept-1.jpeg?ssl=1\" data-amp-layout=\"responsive\"\/><button class=\"lightbox-trigger\" type=\"button\" aria-haspopup=\"dialog\" aria-label=\"Enlarge\" data-wp-init=\"callbacks.initTriggerButton\" data-wp-on--click=\"actions.showLightbox\" data-wp-style--right=\"state.imageButtonRight\" data-wp-style--top=\"state.imageButtonTop\"><br \/>\n\t\t\t<svg xmlns=\"http:\/\/www.w3.org\/2000\/svg\" width=\"12\" height=\"12\" fill=\"none\" viewbox=\"0 0 12 12\">\n\t\t\t\t<path fill=\"#fff\" d=\"M2 0a2 2 0 0 0-2 2v2h1.5V2a.5.5 0 0 1 .5-.5h2V0H2Zm2 10.5H2a.5.5 0 0 1-.5-.5V8H0v2a2 2 0 0 0 2 2h2v-1.5ZM8 12v-1.5h2a.5.5 0 0 0 .5-.5V8H12v2a2 2 0 0 1-2 2H8Zm2-12a2 2 0 0 1 2 2v2h-1.5V2a.5.5 0 0 0-.5-.5H8V0h2Z\"\/>\n\t\t\t<\/svg><br \/>\n\t\t<\/button><\/figure>\n<\/div>\n<\/div>\n<\/div>\n<\/div>\n<\/div>\n<p>Kadangi \u201eIONIQ 3\u201c yra 4 287 mm ilgio, \u201eIONIQ 1\u201c gali b\u016bti dar ma\u017eesnis, ta\u010diau tai sunku nustatyti vien i\u0161 vaizdo \u012fra\u0161o.<\/p>\n<p>IONIQ 3 pasaulyje debiutuos \u0161\u012f baland\u012f, o pardavimai \u012fvyks netrukus. \u201eHyundai\u201c prad\u0117s IONIQ 3 gamyb\u0105 savo gamykloje Turkijoje 2026 m. viduryje.<\/p>\n<p>Kainos dar neatskleid\u017eiamos, ta\u010diau tikimasi, kad jos prasid\u0117s nuo ma\u017edaug 28 000 eur\u0173 (31 200 USD), esan\u010dios tarp \u201eInster EV\u201c ir \u201eKona Electric\u201c \u201eHyundai\u201c Europoje.<\/p>\n<p><em>\u0160altinis: Autohome, Team-BHP.com<\/em><\/p>\n<div class=\"google-preferred-source-badge\">\n<p>\t\t\t<img decoding=\"async\" class=\"google-preferred-source-badge-dark\" src=\"https:\/\/electrek.co\/wp-content\/themes\/ninetofive\/dist\/images\/google-preferred-source-badge-dark.png\" alt=\"Prid\u0117kite \u201eElectrek\u201c kaip pageidaujam\u0105 \u201eGoogle\u201c \u0161altin\u012f\"\/><br \/>\n\t\t\t<img decoding=\"async\" class=\"google-preferred-source-badge-light\" src=\"https:\/\/electrek.co\/wp-content\/themes\/ninetofive\/dist\/images\/google-preferred-source-badge-light.png\" alt=\"Prid\u0117kite \u201eElectrek\u201c kaip pageidaujam\u0105 \u201eGoogle\u201c \u0161altin\u012f\"\/><\/p><\/div>\n<div class=\"ad-disclaimer-container\" wp_automatic_readability=\"6.3518518518519\">\n<p class=\"disclaimer-affiliate\"><em>FTC: naudojame pajamas u\u017edirban\u010di\u0173 automobili\u0173 filial\u0173 nuorodas.<\/em> Daugiau.<\/p>\n<p><!-- post ad --><\/div>\n<\/p><\/div>\n<p><br \/>\n<br \/><a href=\"https:\/\/electrek.co\/2026\/03\/10\/hyundai-suv-ev-thought-to-be-ioniq-1-video\/\">Source link <\/a><\/p>\n","protected":false},"excerpt":{"rendered":"<p>Neatpa\u017eintas \u201eHyundai\u201c elektrinis visureigis buvo pasteb\u0117tas (v\u0117l) bandydamas vie\u0161ai, kaip manoma, IONIQ 1. Ar \u201eHyundai\u201c pristato IONIQ 1 kaip pradinio&hellip;<\/p>\n","protected":false},"author":1,"featured_media":3702,"comment_status":"open","ping_status":"open","sticky":false,"template":"","format":"standard","meta":{"om_disable_all_campaigns":false,"_monsterinsights_skip_tracking":false,"_monsterinsights_sitenote_active":false,"_monsterinsights_sitenote_note":"","_monsterinsights_sitenote_category":0,"footnotes":""},"categories":[8],"tags":[4175,605,598,850,42,5643,57,849,843,49],"class_list":["post-3701","post","type-post","status-publish","format-standard","has-post-thumbnail","hentry","category-elektriniai-automobiliai","tag-elektromobilis","tag-hyundai","tag-ioniq","tag-irasas","tag-kaip","tag-manoma","tag-sis","tag-vaizdo","tag-visureigis","tag-yra"],"aioseo_notices":[],"yoast_head":"<!-- This site is optimized with the Yoast SEO plugin v26.8 - https:\/\/yoast.com\/product\/yoast-seo-wordpress\/ -->\n<title>\u0160is \u201eHyundai\u201c visureigis yra elektromobilis ir, kaip manoma, yra \u201eIONIQ 1\u201c (vaizdo \u012fra\u0161as) - Eautomobiliai.lt<\/title>\n<meta name=\"robots\" content=\"index, follow, max-snippet:-1, max-image-preview:large, max-video-preview:-1\" \/>\n<link rel=\"canonical\" href=\"http:\/\/eautomobiliai.lt\/index.php\/2026\/03\/11\/sis-hyundai-visureigis-yra-elektromobilis-ir-kaip-manoma-yra-ioniq-1-vaizdo-irasas\/\" \/>\n<meta property=\"og:locale\" content=\"lt_LT\" \/>\n<meta property=\"og:type\" content=\"article\" \/>\n<meta property=\"og:title\" content=\"\u0160is \u201eHyundai\u201c visureigis yra elektromobilis ir, kaip manoma, yra \u201eIONIQ 1\u201c (vaizdo \u012fra\u0161as) - Eautomobiliai.lt\" \/>\n<meta property=\"og:description\" content=\"Neatpa\u017eintas \u201eHyundai\u201c elektrinis visureigis buvo pasteb\u0117tas (v\u0117l) bandydamas vie\u0161ai, kaip manoma, IONIQ 1. Ar \u201eHyundai\u201c pristato IONIQ 1 kaip pradinio&hellip;\" \/>\n<meta property=\"og:url\" content=\"http:\/\/eautomobiliai.lt\/index.php\/2026\/03\/11\/sis-hyundai-visureigis-yra-elektromobilis-ir-kaip-manoma-yra-ioniq-1-vaizdo-irasas\/\" \/>\n<meta property=\"og:site_name\" content=\"Eautomobiliai.lt\" \/>\n<meta property=\"article:published_time\" content=\"2026-03-11T06:16:09+00:00\" \/>\n<meta property=\"og:image\" content=\"http:\/\/eautomobiliai.lt\/wp-content\/uploads\/2026\/03\/Sis-\u201eHyundai-visureigis-yra-elektromobilis-ir-kaip-manoma-yra-\u201eIONIQ.jpeg\" \/>\n\t<meta property=\"og:image:width\" content=\"1200\" \/>\n\t<meta property=\"og:image:height\" content=\"628\" \/>\n\t<meta property=\"og:image:type\" content=\"image\/jpeg\" \/>\n<meta name=\"author\" content=\"admin\" \/>\n<meta name=\"twitter:card\" content=\"summary_large_image\" \/>\n<meta name=\"twitter:label1\" content=\"Written by\" \/>\n\t<meta name=\"twitter:data1\" content=\"admin\" \/>\n\t<meta name=\"twitter:label2\" content=\"Est. reading time\" \/>\n\t<meta name=\"twitter:data2\" content=\"2 minut\u0117s\" \/>\n<script type=\"application\/ld+json\" class=\"yoast-schema-graph\">{\"@context\":\"https:\/\/schema.org\",\"@graph\":[{\"@type\":\"Article\",\"@id\":\"http:\/\/eautomobiliai.lt\/index.php\/2026\/03\/11\/sis-hyundai-visureigis-yra-elektromobilis-ir-kaip-manoma-yra-ioniq-1-vaizdo-irasas\/#article\",\"isPartOf\":{\"@id\":\"http:\/\/eautomobiliai.lt\/index.php\/2026\/03\/11\/sis-hyundai-visureigis-yra-elektromobilis-ir-kaip-manoma-yra-ioniq-1-vaizdo-irasas\/\"},\"author\":{\"name\":\"admin\",\"@id\":\"http:\/\/eautomobiliai.lt\/#\/schema\/person\/ecf2a967f361217d056061f74deb92f2\"},\"headline\":\"\u0160is \u201eHyundai\u201c visureigis yra elektromobilis ir, kaip manoma, yra \u201eIONIQ 1\u201c (vaizdo \u012fra\u0161as)\",\"datePublished\":\"2026-03-11T06:16:09+00:00\",\"mainEntityOfPage\":{\"@id\":\"http:\/\/eautomobiliai.lt\/index.php\/2026\/03\/11\/sis-hyundai-visureigis-yra-elektromobilis-ir-kaip-manoma-yra-ioniq-1-vaizdo-irasas\/\"},\"wordCount\":428,\"commentCount\":0,\"image\":{\"@id\":\"http:\/\/eautomobiliai.lt\/index.php\/2026\/03\/11\/sis-hyundai-visureigis-yra-elektromobilis-ir-kaip-manoma-yra-ioniq-1-vaizdo-irasas\/#primaryimage\"},\"thumbnailUrl\":\"http:\/\/eautomobiliai.lt\/wp-content\/uploads\/2026\/03\/Sis-\u201eHyundai-visureigis-yra-elektromobilis-ir-kaip-manoma-yra-\u201eIONIQ.jpeg\",\"keywords\":[\"elektromobilis\",\"Hyundai\",\"Ioniq\",\"\u012fra\u0161as\",\"kaip\",\"manoma\",\"\u0161is\",\"vaizdo\",\"visureigis\",\"yra\"],\"articleSection\":[\"ELEKTRINIAI AUTOMOBILIAI\"],\"inLanguage\":\"lt-LT\",\"potentialAction\":[{\"@type\":\"CommentAction\",\"name\":\"Comment\",\"target\":[\"http:\/\/eautomobiliai.lt\/index.php\/2026\/03\/11\/sis-hyundai-visureigis-yra-elektromobilis-ir-kaip-manoma-yra-ioniq-1-vaizdo-irasas\/#respond\"]}]},{\"@type\":\"WebPage\",\"@id\":\"http:\/\/eautomobiliai.lt\/index.php\/2026\/03\/11\/sis-hyundai-visureigis-yra-elektromobilis-ir-kaip-manoma-yra-ioniq-1-vaizdo-irasas\/\",\"url\":\"http:\/\/eautomobiliai.lt\/index.php\/2026\/03\/11\/sis-hyundai-visureigis-yra-elektromobilis-ir-kaip-manoma-yra-ioniq-1-vaizdo-irasas\/\",\"name\":\"\u0160is \u201eHyundai\u201c visureigis yra elektromobilis ir, kaip manoma, yra \u201eIONIQ 1\u201c (vaizdo \u012fra\u0161as) - Eautomobiliai.lt\",\"isPartOf\":{\"@id\":\"http:\/\/eautomobiliai.lt\/#website\"},\"primaryImageOfPage\":{\"@id\":\"http:\/\/eautomobiliai.lt\/index.php\/2026\/03\/11\/sis-hyundai-visureigis-yra-elektromobilis-ir-kaip-manoma-yra-ioniq-1-vaizdo-irasas\/#primaryimage\"},\"image\":{\"@id\":\"http:\/\/eautomobiliai.lt\/index.php\/2026\/03\/11\/sis-hyundai-visureigis-yra-elektromobilis-ir-kaip-manoma-yra-ioniq-1-vaizdo-irasas\/#primaryimage\"},\"thumbnailUrl\":\"http:\/\/eautomobiliai.lt\/wp-content\/uploads\/2026\/03\/Sis-\u201eHyundai-visureigis-yra-elektromobilis-ir-kaip-manoma-yra-\u201eIONIQ.jpeg\",\"datePublished\":\"2026-03-11T06:16:09+00:00\",\"author\":{\"@id\":\"http:\/\/eautomobiliai.lt\/#\/schema\/person\/ecf2a967f361217d056061f74deb92f2\"},\"breadcrumb\":{\"@id\":\"http:\/\/eautomobiliai.lt\/index.php\/2026\/03\/11\/sis-hyundai-visureigis-yra-elektromobilis-ir-kaip-manoma-yra-ioniq-1-vaizdo-irasas\/#breadcrumb\"},\"inLanguage\":\"lt-LT\",\"potentialAction\":[{\"@type\":\"ReadAction\",\"target\":[\"http:\/\/eautomobiliai.lt\/index.php\/2026\/03\/11\/sis-hyundai-visureigis-yra-elektromobilis-ir-kaip-manoma-yra-ioniq-1-vaizdo-irasas\/\"]}]},{\"@type\":\"ImageObject\",\"inLanguage\":\"lt-LT\",\"@id\":\"http:\/\/eautomobiliai.lt\/index.php\/2026\/03\/11\/sis-hyundai-visureigis-yra-elektromobilis-ir-kaip-manoma-yra-ioniq-1-vaizdo-irasas\/#primaryimage\",\"url\":\"http:\/\/eautomobiliai.lt\/wp-content\/uploads\/2026\/03\/Sis-\u201eHyundai-visureigis-yra-elektromobilis-ir-kaip-manoma-yra-\u201eIONIQ.jpeg\",\"contentUrl\":\"http:\/\/eautomobiliai.lt\/wp-content\/uploads\/2026\/03\/Sis-\u201eHyundai-visureigis-yra-elektromobilis-ir-kaip-manoma-yra-\u201eIONIQ.jpeg\",\"width\":1200,\"height\":628},{\"@type\":\"BreadcrumbList\",\"@id\":\"http:\/\/eautomobiliai.lt\/index.php\/2026\/03\/11\/sis-hyundai-visureigis-yra-elektromobilis-ir-kaip-manoma-yra-ioniq-1-vaizdo-irasas\/#breadcrumb\",\"itemListElement\":[{\"@type\":\"ListItem\",\"position\":1,\"name\":\"Home\",\"item\":\"http:\/\/eautomobiliai.lt\/\"},{\"@type\":\"ListItem\",\"position\":2,\"name\":\"\u0160is \u201eHyundai\u201c visureigis yra elektromobilis ir, kaip manoma, yra \u201eIONIQ 1\u201c (vaizdo \u012fra\u0161as)\"}]},{\"@type\":\"WebSite\",\"@id\":\"http:\/\/eautomobiliai.lt\/#website\",\"url\":\"http:\/\/eautomobiliai.lt\/\",\"name\":\"Eautomobiliai.lt\",\"description\":\"Elektrinis transportas, technologijos\",\"potentialAction\":[{\"@type\":\"SearchAction\",\"target\":{\"@type\":\"EntryPoint\",\"urlTemplate\":\"http:\/\/eautomobiliai.lt\/?s={search_term_string}\"},\"query-input\":{\"@type\":\"PropertyValueSpecification\",\"valueRequired\":true,\"valueName\":\"search_term_string\"}}],\"inLanguage\":\"lt-LT\"},{\"@type\":\"Person\",\"@id\":\"http:\/\/eautomobiliai.lt\/#\/schema\/person\/ecf2a967f361217d056061f74deb92f2\",\"name\":\"admin\",\"image\":{\"@type\":\"ImageObject\",\"inLanguage\":\"lt-LT\",\"@id\":\"http:\/\/eautomobiliai.lt\/#\/schema\/person\/image\/\",\"url\":\"https:\/\/secure.gravatar.com\/avatar\/6323379efae0c70c686c7905444d6bbd?s=96&d=mm&r=g\",\"contentUrl\":\"https:\/\/secure.gravatar.com\/avatar\/6323379efae0c70c686c7905444d6bbd?s=96&d=mm&r=g\",\"caption\":\"admin\"},\"sameAs\":[\"http:\/\/eautomobiliai.lt\"],\"url\":\"http:\/\/eautomobiliai.lt\/index.php\/author\/admin\/\"}]}<\/script>\n<!-- \/ Yoast SEO plugin. -->","yoast_head_json":{"title":"\u0160is \u201eHyundai\u201c visureigis yra elektromobilis ir, kaip manoma, yra \u201eIONIQ 1\u201c (vaizdo \u012fra\u0161as) - Eautomobiliai.lt","robots":{"index":"index","follow":"follow","max-snippet":"max-snippet:-1","max-image-preview":"max-image-preview:large","max-video-preview":"max-video-preview:-1"},"canonical":"http:\/\/eautomobiliai.lt\/index.php\/2026\/03\/11\/sis-hyundai-visureigis-yra-elektromobilis-ir-kaip-manoma-yra-ioniq-1-vaizdo-irasas\/","og_locale":"lt_LT","og_type":"article","og_title":"\u0160is \u201eHyundai\u201c visureigis yra elektromobilis ir, kaip manoma, yra \u201eIONIQ 1\u201c (vaizdo \u012fra\u0161as) - Eautomobiliai.lt","og_description":"Neatpa\u017eintas \u201eHyundai\u201c elektrinis visureigis buvo pasteb\u0117tas (v\u0117l) bandydamas vie\u0161ai, kaip manoma, IONIQ 1. Ar \u201eHyundai\u201c pristato IONIQ 1 kaip pradinio&hellip;","og_url":"http:\/\/eautomobiliai.lt\/index.php\/2026\/03\/11\/sis-hyundai-visureigis-yra-elektromobilis-ir-kaip-manoma-yra-ioniq-1-vaizdo-irasas\/","og_site_name":"Eautomobiliai.lt","article_published_time":"2026-03-11T06:16:09+00:00","og_image":[{"width":1200,"height":628,"url":"http:\/\/eautomobiliai.lt\/wp-content\/uploads\/2026\/03\/Sis-\u201eHyundai-visureigis-yra-elektromobilis-ir-kaip-manoma-yra-\u201eIONIQ.jpeg","type":"image\/jpeg"}],"author":"admin","twitter_card":"summary_large_image","twitter_misc":{"Written by":"admin","Est. reading time":"2 minut\u0117s"},"schema":{"@context":"https:\/\/schema.org","@graph":[{"@type":"Article","@id":"http:\/\/eautomobiliai.lt\/index.php\/2026\/03\/11\/sis-hyundai-visureigis-yra-elektromobilis-ir-kaip-manoma-yra-ioniq-1-vaizdo-irasas\/#article","isPartOf":{"@id":"http:\/\/eautomobiliai.lt\/index.php\/2026\/03\/11\/sis-hyundai-visureigis-yra-elektromobilis-ir-kaip-manoma-yra-ioniq-1-vaizdo-irasas\/"},"author":{"name":"admin","@id":"http:\/\/eautomobiliai.lt\/#\/schema\/person\/ecf2a967f361217d056061f74deb92f2"},"headline":"\u0160is \u201eHyundai\u201c visureigis yra elektromobilis ir, kaip manoma, yra \u201eIONIQ 1\u201c (vaizdo \u012fra\u0161as)","datePublished":"2026-03-11T06:16:09+00:00","mainEntityOfPage":{"@id":"http:\/\/eautomobiliai.lt\/index.php\/2026\/03\/11\/sis-hyundai-visureigis-yra-elektromobilis-ir-kaip-manoma-yra-ioniq-1-vaizdo-irasas\/"},"wordCount":428,"commentCount":0,"image":{"@id":"http:\/\/eautomobiliai.lt\/index.php\/2026\/03\/11\/sis-hyundai-visureigis-yra-elektromobilis-ir-kaip-manoma-yra-ioniq-1-vaizdo-irasas\/#primaryimage"},"thumbnailUrl":"http:\/\/eautomobiliai.lt\/wp-content\/uploads\/2026\/03\/Sis-\u201eHyundai-visureigis-yra-elektromobilis-ir-kaip-manoma-yra-\u201eIONIQ.jpeg","keywords":["elektromobilis","Hyundai","Ioniq","\u012fra\u0161as","kaip","manoma","\u0161is","vaizdo","visureigis","yra"],"articleSection":["ELEKTRINIAI AUTOMOBILIAI"],"inLanguage":"lt-LT","potentialAction":[{"@type":"CommentAction","name":"Comment","target":["http:\/\/eautomobiliai.lt\/index.php\/2026\/03\/11\/sis-hyundai-visureigis-yra-elektromobilis-ir-kaip-manoma-yra-ioniq-1-vaizdo-irasas\/#respond"]}]},{"@type":"WebPage","@id":"http:\/\/eautomobiliai.lt\/index.php\/2026\/03\/11\/sis-hyundai-visureigis-yra-elektromobilis-ir-kaip-manoma-yra-ioniq-1-vaizdo-irasas\/","url":"http:\/\/eautomobiliai.lt\/index.php\/2026\/03\/11\/sis-hyundai-visureigis-yra-elektromobilis-ir-kaip-manoma-yra-ioniq-1-vaizdo-irasas\/","name":"\u0160is \u201eHyundai\u201c visureigis yra elektromobilis ir, kaip manoma, yra \u201eIONIQ 1\u201c (vaizdo \u012fra\u0161as) - Eautomobiliai.lt","isPartOf":{"@id":"http:\/\/eautomobiliai.lt\/#website"},"primaryImageOfPage":{"@id":"http:\/\/eautomobiliai.lt\/index.php\/2026\/03\/11\/sis-hyundai-visureigis-yra-elektromobilis-ir-kaip-manoma-yra-ioniq-1-vaizdo-irasas\/#primaryimage"},"image":{"@id":"http:\/\/eautomobiliai.lt\/index.php\/2026\/03\/11\/sis-hyundai-visureigis-yra-elektromobilis-ir-kaip-manoma-yra-ioniq-1-vaizdo-irasas\/#primaryimage"},"thumbnailUrl":"http:\/\/eautomobiliai.lt\/wp-content\/uploads\/2026\/03\/Sis-\u201eHyundai-visureigis-yra-elektromobilis-ir-kaip-manoma-yra-\u201eIONIQ.jpeg","datePublished":"2026-03-11T06:16:09+00:00","author":{"@id":"http:\/\/eautomobiliai.lt\/#\/schema\/person\/ecf2a967f361217d056061f74deb92f2"},"breadcrumb":{"@id":"http:\/\/eautomobiliai.lt\/index.php\/2026\/03\/11\/sis-hyundai-visureigis-yra-elektromobilis-ir-kaip-manoma-yra-ioniq-1-vaizdo-irasas\/#breadcrumb"},"inLanguage":"lt-LT","potentialAction":[{"@type":"ReadAction","target":["http:\/\/eautomobiliai.lt\/index.php\/2026\/03\/11\/sis-hyundai-visureigis-yra-elektromobilis-ir-kaip-manoma-yra-ioniq-1-vaizdo-irasas\/"]}]},{"@type":"ImageObject","inLanguage":"lt-LT","@id":"http:\/\/eautomobiliai.lt\/index.php\/2026\/03\/11\/sis-hyundai-visureigis-yra-elektromobilis-ir-kaip-manoma-yra-ioniq-1-vaizdo-irasas\/#primaryimage","url":"http:\/\/eautomobiliai.lt\/wp-content\/uploads\/2026\/03\/Sis-\u201eHyundai-visureigis-yra-elektromobilis-ir-kaip-manoma-yra-\u201eIONIQ.jpeg","contentUrl":"http:\/\/eautomobiliai.lt\/wp-content\/uploads\/2026\/03\/Sis-\u201eHyundai-visureigis-yra-elektromobilis-ir-kaip-manoma-yra-\u201eIONIQ.jpeg","width":1200,"height":628},{"@type":"BreadcrumbList","@id":"http:\/\/eautomobiliai.lt\/index.php\/2026\/03\/11\/sis-hyundai-visureigis-yra-elektromobilis-ir-kaip-manoma-yra-ioniq-1-vaizdo-irasas\/#breadcrumb","itemListElement":[{"@type":"ListItem","position":1,"name":"Home","item":"http:\/\/eautomobiliai.lt\/"},{"@type":"ListItem","position":2,"name":"\u0160is \u201eHyundai\u201c visureigis yra elektromobilis ir, kaip manoma, yra \u201eIONIQ 1\u201c (vaizdo \u012fra\u0161as)"}]},{"@type":"WebSite","@id":"http:\/\/eautomobiliai.lt\/#website","url":"http:\/\/eautomobiliai.lt\/","name":"Eautomobiliai.lt","description":"Elektrinis transportas, technologijos","potentialAction":[{"@type":"SearchAction","target":{"@type":"EntryPoint","urlTemplate":"http:\/\/eautomobiliai.lt\/?s={search_term_string}"},"query-input":{"@type":"PropertyValueSpecification","valueRequired":true,"valueName":"search_term_string"}}],"inLanguage":"lt-LT"},{"@type":"Person","@id":"http:\/\/eautomobiliai.lt\/#\/schema\/person\/ecf2a967f361217d056061f74deb92f2","name":"admin","image":{"@type":"ImageObject","inLanguage":"lt-LT","@id":"http:\/\/eautomobiliai.lt\/#\/schema\/person\/image\/","url":"https:\/\/secure.gravatar.com\/avatar\/6323379efae0c70c686c7905444d6bbd?s=96&d=mm&r=g","contentUrl":"https:\/\/secure.gravatar.com\/avatar\/6323379efae0c70c686c7905444d6bbd?s=96&d=mm&r=g","caption":"admin"},"sameAs":["http:\/\/eautomobiliai.lt"],"url":"http:\/\/eautomobiliai.lt\/index.php\/author\/admin\/"}]}},"_links":{"self":[{"href":"http:\/\/eautomobiliai.lt\/index.php\/wp-json\/wp\/v2\/posts\/3701","targetHints":{"allow":["GET"]}}],"collection":[{"href":"http:\/\/eautomobiliai.lt\/index.php\/wp-json\/wp\/v2\/posts"}],"about":[{"href":"http:\/\/eautomobiliai.lt\/index.php\/wp-json\/wp\/v2\/types\/post"}],"author":[{"embeddable":true,"href":"http:\/\/eautomobiliai.lt\/index.php\/wp-json\/wp\/v2\/users\/1"}],"replies":[{"embeddable":true,"href":"http:\/\/eautomobiliai.lt\/index.php\/wp-json\/wp\/v2\/comments?post=3701"}],"version-history":[{"count":0,"href":"http:\/\/eautomobiliai.lt\/index.php\/wp-json\/wp\/v2\/posts\/3701\/revisions"}],"wp:featuredmedia":[{"embeddable":true,"href":"http:\/\/eautomobiliai.lt\/index.php\/wp-json\/wp\/v2\/media\/3702"}],"wp:attachment":[{"href":"http:\/\/eautomobiliai.lt\/index.php\/wp-json\/wp\/v2\/media?parent=3701"}],"wp:term":[{"taxonomy":"category","embeddable":true,"href":"http:\/\/eautomobiliai.lt\/index.php\/wp-json\/wp\/v2\/categories?post=3701"},{"taxonomy":"post_tag","embeddable":true,"href":"http:\/\/eautomobiliai.lt\/index.php\/wp-json\/wp\/v2\/tags?post=3701"}],"curies":[{"name":"wp","href":"https:\/\/api.w.org\/{rel}","templated":true}]}}