{"id":3709,"date":"2026-03-11T22:17:23","date_gmt":"2026-03-11T22:17:23","guid":{"rendered":"https:\/\/eautomobiliai.lt\/index.php\/2026\/03\/11\/pigiausias-kia-elektromobilis-atrodo-kaip-kudikis-seltos-vaizdo-irasas\/"},"modified":"2026-03-11T22:17:23","modified_gmt":"2026-03-11T22:17:23","slug":"pigiausias-kia-elektromobilis-atrodo-kaip-kudikis-seltos-vaizdo-irasas","status":"publish","type":"post","link":"http:\/\/eautomobiliai.lt\/index.php\/2026\/03\/11\/pigiausias-kia-elektromobilis-atrodo-kaip-kudikis-seltos-vaizdo-irasas\/","title":{"rendered":"Pigiausias \u201eKia\u201c elektromobilis atrodo kaip k\u016bdikis Seltos (vaizdo \u012fra\u0161as)"},"content":{"rendered":"<p> <br \/>\n<\/p>\n<div>\n<figure class=\"img-border featured-image\">\n<p>\t<br \/>\n\t<\/figure>\n<p>EV2 bus parduodamas bet kuri\u0105 dien\u0105 kaip pigiausias Kia elektromobilis Europoje. D\u0117l sta\u010dios, d\u0117\u017e\u0117s formos, jis labiau primena \u201eSeltos\u201c visureig\u012f nei pradinio lygio elektromobil\u012f.<\/p>\n<p><span id=\"more-459215\"\/><\/p>\n<h2 class=\"wp-block-heading\" id=\"h-kia-ev2-set-to-go-on-sale-as-a-mini-electric-seltos\">Kia EV2 bus parduodamas kaip mini elektrinis Seltos<\/h2>\n<p>\u201eKia\u201c saus\u012f Briuselio automobili\u0173 parodoje pristat\u0117 EV2, manydama, kad tai \u201enaujas \u012f\u0117jimo \u012f elektrin\u012f mobilum\u0105 ta\u0161kas\u201c. Nors oficialios kainos dar n\u0117ra atskleistos, pradinio lygio EV tur\u0117t\u0173 prasid\u0117ti nuo ma\u017edaug 30 000 eur\u0173 (35 000 USD).<\/p>\n<p>EV2 yra \u0161iek tiek daugiau nei 4000 mm (160 coli\u0173) ilgio arba ma\u017eesnis nei Volkswagen ID.3 ir Chevy Bolt EV, bet Kia \u017eada, kad jis nesijaus toks ma\u017eas, kai jame s\u0117d\u0117site.<\/p>\n<p>\u201eKia\u201c teigia, kad turi \u201evien\u0105 \u012fsp\u016bdingiausi\u0173 interjer\u0173\u201c i\u0161 vis\u0173 savo transporto priemoni\u0173, su atviru dizainu, i\u0161mania saugykla ir lanks\u010diomis s\u0117dyn\u0117mis.<\/p>\n<p>\t<span class=\"outbrain-ad-label\">Reklama \u2013 slinkite, kad gautum\u0117te daugiau turinio<\/span><\/p>\n<p>D\u0117l plok\u0161\u010di\u0173 grind\u0173 dizaino ir d\u0117\u017eut\u0117s formos silueto EV2 keleivio gale yra beveik tiek pat vietos kojoms, kiek Soul \u2013 iki 858 mm.<\/p>\n<p>\u201eKia\u201c teigimu, jis taip pat nustato triuk\u0161mo, vibracijos ir at\u0161iaurumo (NVH) standart\u0105 kompakti\u0161k\u0173 EV segmente.<\/p>\n<figure class=\"wp-block-image alignwide size-large\"><img loading=\"lazy\" decoding=\"async\" height=\"512\" width=\"1024\" src=\"https:\/\/electrek.co\/wp-content\/uploads\/sites\/3\/2026\/03\/Kia-EV2-NVH-testing.jpeg?quality=82&amp;strip=all&amp;w=1024\" alt=\"Kia-EV2-NVH bandymas\" class=\"wp-image-459274\" srcset=\"https:\/\/electrek.co\/wp-content\/uploads\/sites\/3\/2026\/03\/Kia-EV2-NVH-testing.jpeg 1400w, https:\/\/electrek.co\/wp-content\/uploads\/sites\/3\/2026\/03\/Kia-EV2-NVH-testing.jpeg?resize=150,75 150w, https:\/\/electrek.co\/wp-content\/uploads\/sites\/3\/2026\/03\/Kia-EV2-NVH-testing.jpeg?resize=300,150 300w, https:\/\/electrek.co\/wp-content\/uploads\/sites\/3\/2026\/03\/Kia-EV2-NVH-testing.jpeg?resize=768,384 768w, https:\/\/electrek.co\/wp-content\/uploads\/sites\/3\/2026\/03\/Kia-EV2-NVH-testing.jpeg?resize=1024,512 1024w, https:\/\/electrek.co\/wp-content\/uploads\/sites\/3\/2026\/03\/Kia-EV2-NVH-testing.jpeg?resize=350,175 350w, https:\/\/electrek.co\/wp-content\/uploads\/sites\/3\/2026\/03\/Kia-EV2-NVH-testing.jpeg?resize=140,70 140w, https:\/\/electrek.co\/wp-content\/uploads\/sites\/3\/2026\/03\/Kia-EV2-NVH-testing.jpeg?resize=290,145 290w, https:\/\/electrek.co\/wp-content\/uploads\/sites\/3\/2026\/03\/Kia-EV2-NVH-testing.jpeg?resize=600,300 600w\" sizes=\"auto, (max-width: 1024px) 100vw, 1024px\"\/><figcaption class=\"wp-element-caption\">\u201eKia EV2\u201c NVH tobulinimo metu (\u0161altinis: \u201eKia\u201c)<\/figcaption><\/figure>\n<p>Nors elektromobiliai i\u0161 prigimties yra tylesni ir sklandesni, nes juose n\u0117ra galingo vidaus degimo variklio, \u201eKia\u201c perk\u0117l\u0117 j\u012f \u012f kit\u0105 lyg\u012f su akustin\u0117mis padangomis, stiklin\u0117mis durel\u0117mis ir priekiniu stiklu, kad suma\u017eint\u0173 v\u0117jo triuk\u0161m\u0105. EV2 taip pat turi special\u0173 garso paket\u0105, \u012f kur\u012f \u012feina br\u016bk\u0161nin\u0117s vidin\u0117s izoliacijos koncepcija, i\u0161orinis amortizatorius ir optimizuotas dugno dangtis.<\/p>\n<p>Kai EV2 bus parduodamas \u0161\u012f pavasar\u012f, Piet\u0173 Kor\u0117jos kelyje buvo u\u017efiksuotas neu\u017edengtas modelis, leid\u017eiantis mums geriausiai pamatyti, kaip veikia Kia pradinio lygio EV.<\/p>\n<figure class=\"wp-block-embed alignwide is-type-video is-provider-youtube wp-block-embed-youtube wp-embed-aspect-16-9 wp-has-aspect-ratio\">\n<p>\n<iframe loading=\"lazy\" title=\"[\uc20f\uce74] 3\ucc9c\ub9cc\uc6d0 \ub300 \ucd9c\uc2dc\uc608\uc815\uc778 \uae30\uc544\uc758 \uc5d4\ud2b8\ub9ac \uc804\uae30\ucc28!! EV2 \uc8fc\ud589\ubaa8\uc2b5 \ud3ec\ucc29!! \ucef4\ud329\ud2b8\ud558\uc9c0\ub9cc \ub2f9\ucc28\ubcf4\uc774\ub294\uac8c \uc9c4\uc9dc \uc774\uc05c\ub370\uc694?#ev2 #kia #\uc18c\ud615suv #\uc804\uae30\ucc28\" width=\"640\" height=\"360\" src=\"https:\/\/www.youtube.com\/embed\/nztLNdKYnPI?feature=oembed\" frameborder=\"0\" allow=\"accelerometer; autoplay; clipboard-write; encrypted-media; gyroscope; picture-in-picture; web-share\" referrerpolicy=\"strict-origin-when-cross-origin\" allowfullscreen><\/iframe>\n<\/p>\n<\/figure>\n<p>Nors naujame vaizdo \u012fra\u0161e sunku atskirti nuo <em>ShortsCar<\/em>EV2 neatrodo toks ma\u017eas, koks yra i\u0161 tikr\u0173j\u0173. D\u0117l pla\u010dios, \u012f visureig\u012f pana\u0161ios pad\u0117ties jis labiau pana\u0161us \u012f Seltos ar EV9, o ne \u012f pradinio lygio EV.<\/p>\n<p>EV2 yra pagamintas Kia \u017dilinos gamykloje Slovakijoje, skirtas Europos pirk\u0117jams. J\u012f bus galima \u012fsigyti su dviem baterijomis: 42,2 kWh ir 61 kWh, o tai, \u201eKia\u201c skai\u010diavimais, pasi\u016blys \u201egeriausi\u0105 savo klas\u0117je\u201c WLTP diapazon\u0105 \u2013 197 myli\u0173 (317 km) ir 281 myli\u0173 (453 km).<\/p>\n<figure class=\"wp-block-image alignwide size-large\"><img loading=\"lazy\" decoding=\"async\" height=\"512\" width=\"1024\" src=\"https:\/\/electrek.co\/wp-content\/uploads\/sites\/3\/2026\/01\/Kia-EV2-GT-Line-interior.jpeg?quality=82&amp;strip=all&amp;w=1024\" alt=\"Kia-EV2-pirmas \u017evilgsnis-interjeras\" class=\"wp-image-450896\" srcset=\"https:\/\/electrek.co\/wp-content\/uploads\/sites\/3\/2026\/01\/Kia-EV2-GT-Line-interior.jpeg 1500w, https:\/\/electrek.co\/wp-content\/uploads\/sites\/3\/2026\/01\/Kia-EV2-GT-Line-interior.jpeg?resize=150,75 150w, https:\/\/electrek.co\/wp-content\/uploads\/sites\/3\/2026\/01\/Kia-EV2-GT-Line-interior.jpeg?resize=300,150 300w, https:\/\/electrek.co\/wp-content\/uploads\/sites\/3\/2026\/01\/Kia-EV2-GT-Line-interior.jpeg?resize=768,384 768w, https:\/\/electrek.co\/wp-content\/uploads\/sites\/3\/2026\/01\/Kia-EV2-GT-Line-interior.jpeg?resize=1024,512 1024w, https:\/\/electrek.co\/wp-content\/uploads\/sites\/3\/2026\/01\/Kia-EV2-GT-Line-interior.jpeg?resize=350,175 350w, https:\/\/electrek.co\/wp-content\/uploads\/sites\/3\/2026\/01\/Kia-EV2-GT-Line-interior.jpeg?resize=140,70 140w, https:\/\/electrek.co\/wp-content\/uploads\/sites\/3\/2026\/01\/Kia-EV2-GT-Line-interior.jpeg?resize=290,145 290w, https:\/\/electrek.co\/wp-content\/uploads\/sites\/3\/2026\/01\/Kia-EV2-GT-Line-interior.jpeg?resize=600,300 600w\" sizes=\"auto, (max-width: 1024px) 100vw, 1024px\"\/><figcaption class=\"wp-element-caption\">\u201eKia EV2 GT-Line\u201c interjeras (\u0161altinis: \u201eKia\u201c)<\/figcaption><\/figure>\n<p>\u201eKia\u201c prad\u0117jo gaminti standartinio diapazono EV2 su 42,2 kWh baterija. Ilgo nuotolio 61 kWh akumuliatoriaus variantas ir EV2 GT-Line bus prad\u0117ti gaminti nuo 2026 m. bir\u017eelio m\u0117n.<\/p>\n<p>Greitai tur\u0117tume su\u017einoti kainas ir oficialius WLTP diapazono skai\u010dius, o pardavimas prasid\u0117s \u0161\u012f pavasar\u012f. <\/p>\n<p>Tiems, kurie gyvena JAV, nesitik\u0117kite, kad \u010dia bus parduodami Kia pradinio lygio elektromobiliai. EV2 yra \u012fmontuotas ir sukurtas Europai. Ma\u017ea to, \u201eKia\u201c jau neribotam laikui atid\u0117jo kelet\u0105 elektromobili\u0173 d\u0117l Trumpo administracijos importo tarif\u0173 ir kit\u0173 politikos pakeitim\u0173.<\/p>\n<div class=\"google-preferred-source-badge\">\n<p>\t\t\t<img decoding=\"async\" class=\"google-preferred-source-badge-dark\" src=\"https:\/\/electrek.co\/wp-content\/themes\/ninetofive\/dist\/images\/google-preferred-source-badge-dark.png\" alt=\"Prid\u0117kite \u201eElectrek\u201c kaip pageidaujam\u0105 \u201eGoogle\u201c \u0161altin\u012f\"\/><br \/>\n\t\t\t<img decoding=\"async\" class=\"google-preferred-source-badge-light\" src=\"https:\/\/electrek.co\/wp-content\/themes\/ninetofive\/dist\/images\/google-preferred-source-badge-light.png\" alt=\"Prid\u0117kite \u201eElectrek\u201c kaip pageidaujam\u0105 \u201eGoogle\u201c \u0161altin\u012f\"\/><\/p><\/div>\n<div class=\"ad-disclaimer-container\">\n<p class=\"disclaimer-affiliate\"><em>FTC: naudojame pajamas u\u017edirban\u010di\u0173 automobili\u0173 filial\u0173 nuorodas.<\/em> Daugiau.<\/p>\n<p><!-- post ad --><\/div>\n<\/p><\/div>\n<p><br \/>\n<br \/><a href=\"https:\/\/electrek.co\/2026\/03\/11\/kias-cheapest-ev-looks-like-a-baby-seltos-video\/\">Source link <\/a><\/p>\n","protected":false},"excerpt":{"rendered":"<p>EV2 bus parduodamas bet kuri\u0105 dien\u0105 kaip pigiausias Kia elektromobilis Europoje. D\u0117l sta\u010dios, d\u0117\u017e\u0117s formos, jis labiau primena \u201eSeltos\u201c visureig\u012f&hellip;<\/p>\n","protected":false},"author":1,"featured_media":3710,"comment_status":"open","ping_status":"open","sticky":false,"template":"","format":"standard","meta":{"om_disable_all_campaigns":false,"_monsterinsights_skip_tracking":false,"_monsterinsights_sitenote_active":false,"_monsterinsights_sitenote_note":"","_monsterinsights_sitenote_category":0,"footnotes":""},"categories":[8],"tags":[1367,4175,850,42,121,301,3403,5646,849],"class_list":["post-3709","post","type-post","status-publish","format-standard","has-post-thumbnail","hentry","category-elektriniai-automobiliai","tag-atrodo","tag-elektromobilis","tag-irasas","tag-kaip","tag-kia","tag-kudikis","tag-pigiausias","tag-seltos","tag-vaizdo"],"aioseo_notices":[],"yoast_head":"<!-- This site is optimized with the Yoast SEO plugin v26.8 - https:\/\/yoast.com\/product\/yoast-seo-wordpress\/ -->\n<title>Pigiausias \u201eKia\u201c elektromobilis atrodo kaip k\u016bdikis Seltos (vaizdo \u012fra\u0161as) - Eautomobiliai.lt<\/title>\n<meta name=\"robots\" content=\"index, follow, max-snippet:-1, max-image-preview:large, max-video-preview:-1\" \/>\n<link rel=\"canonical\" href=\"http:\/\/eautomobiliai.lt\/index.php\/2026\/03\/11\/pigiausias-kia-elektromobilis-atrodo-kaip-kudikis-seltos-vaizdo-irasas\/\" \/>\n<meta property=\"og:locale\" content=\"lt_LT\" \/>\n<meta property=\"og:type\" content=\"article\" \/>\n<meta property=\"og:title\" content=\"Pigiausias \u201eKia\u201c elektromobilis atrodo kaip k\u016bdikis Seltos (vaizdo \u012fra\u0161as) - Eautomobiliai.lt\" \/>\n<meta property=\"og:description\" content=\"EV2 bus parduodamas bet kuri\u0105 dien\u0105 kaip pigiausias Kia elektromobilis Europoje. D\u0117l sta\u010dios, d\u0117\u017e\u0117s formos, jis labiau primena \u201eSeltos\u201c visureig\u012f&hellip;\" \/>\n<meta property=\"og:url\" content=\"http:\/\/eautomobiliai.lt\/index.php\/2026\/03\/11\/pigiausias-kia-elektromobilis-atrodo-kaip-kudikis-seltos-vaizdo-irasas\/\" \/>\n<meta property=\"og:site_name\" content=\"Eautomobiliai.lt\" \/>\n<meta property=\"article:published_time\" content=\"2026-03-11T22:17:23+00:00\" \/>\n<meta property=\"og:image\" content=\"http:\/\/eautomobiliai.lt\/wp-content\/uploads\/2026\/03\/Pigiausias-\u201eKia-elektromobilis-atrodo-kaip-kudikis-Seltos-vaizdo-irasas.jpeg\" \/>\n\t<meta property=\"og:image:width\" content=\"1200\" \/>\n\t<meta property=\"og:image:height\" content=\"628\" \/>\n\t<meta property=\"og:image:type\" content=\"image\/jpeg\" \/>\n<meta name=\"author\" content=\"admin\" \/>\n<meta name=\"twitter:card\" content=\"summary_large_image\" \/>\n<meta name=\"twitter:label1\" content=\"Written by\" \/>\n\t<meta name=\"twitter:data1\" content=\"admin\" \/>\n\t<meta name=\"twitter:label2\" content=\"Est. reading time\" \/>\n\t<meta name=\"twitter:data2\" content=\"2 minut\u0117s\" \/>\n<script type=\"application\/ld+json\" class=\"yoast-schema-graph\">{\"@context\":\"https:\/\/schema.org\",\"@graph\":[{\"@type\":\"Article\",\"@id\":\"http:\/\/eautomobiliai.lt\/index.php\/2026\/03\/11\/pigiausias-kia-elektromobilis-atrodo-kaip-kudikis-seltos-vaizdo-irasas\/#article\",\"isPartOf\":{\"@id\":\"http:\/\/eautomobiliai.lt\/index.php\/2026\/03\/11\/pigiausias-kia-elektromobilis-atrodo-kaip-kudikis-seltos-vaizdo-irasas\/\"},\"author\":{\"name\":\"admin\",\"@id\":\"https:\/\/eautomobiliai.lt\/#\/schema\/person\/ecf2a967f361217d056061f74deb92f2\"},\"headline\":\"Pigiausias \u201eKia\u201c elektromobilis atrodo kaip k\u016bdikis Seltos (vaizdo \u012fra\u0161as)\",\"datePublished\":\"2026-03-11T22:17:23+00:00\",\"mainEntityOfPage\":{\"@id\":\"http:\/\/eautomobiliai.lt\/index.php\/2026\/03\/11\/pigiausias-kia-elektromobilis-atrodo-kaip-kudikis-seltos-vaizdo-irasas\/\"},\"wordCount\":479,\"commentCount\":0,\"image\":{\"@id\":\"http:\/\/eautomobiliai.lt\/index.php\/2026\/03\/11\/pigiausias-kia-elektromobilis-atrodo-kaip-kudikis-seltos-vaizdo-irasas\/#primaryimage\"},\"thumbnailUrl\":\"http:\/\/eautomobiliai.lt\/wp-content\/uploads\/2026\/03\/Pigiausias-\u201eKia-elektromobilis-atrodo-kaip-kudikis-Seltos-vaizdo-irasas.jpeg\",\"keywords\":[\"atrodo\",\"elektromobilis\",\"\u012fra\u0161as\",\"kaip\",\"Kia\",\"k\u016bdikis\",\"pigiausias\",\"Seltos\",\"vaizdo\"],\"articleSection\":[\"ELEKTRINIAI AUTOMOBILIAI\"],\"inLanguage\":\"lt-LT\",\"potentialAction\":[{\"@type\":\"CommentAction\",\"name\":\"Comment\",\"target\":[\"http:\/\/eautomobiliai.lt\/index.php\/2026\/03\/11\/pigiausias-kia-elektromobilis-atrodo-kaip-kudikis-seltos-vaizdo-irasas\/#respond\"]}]},{\"@type\":\"WebPage\",\"@id\":\"http:\/\/eautomobiliai.lt\/index.php\/2026\/03\/11\/pigiausias-kia-elektromobilis-atrodo-kaip-kudikis-seltos-vaizdo-irasas\/\",\"url\":\"http:\/\/eautomobiliai.lt\/index.php\/2026\/03\/11\/pigiausias-kia-elektromobilis-atrodo-kaip-kudikis-seltos-vaizdo-irasas\/\",\"name\":\"Pigiausias \u201eKia\u201c elektromobilis atrodo kaip k\u016bdikis Seltos (vaizdo \u012fra\u0161as) - Eautomobiliai.lt\",\"isPartOf\":{\"@id\":\"https:\/\/eautomobiliai.lt\/#website\"},\"primaryImageOfPage\":{\"@id\":\"http:\/\/eautomobiliai.lt\/index.php\/2026\/03\/11\/pigiausias-kia-elektromobilis-atrodo-kaip-kudikis-seltos-vaizdo-irasas\/#primaryimage\"},\"image\":{\"@id\":\"http:\/\/eautomobiliai.lt\/index.php\/2026\/03\/11\/pigiausias-kia-elektromobilis-atrodo-kaip-kudikis-seltos-vaizdo-irasas\/#primaryimage\"},\"thumbnailUrl\":\"http:\/\/eautomobiliai.lt\/wp-content\/uploads\/2026\/03\/Pigiausias-\u201eKia-elektromobilis-atrodo-kaip-kudikis-Seltos-vaizdo-irasas.jpeg\",\"datePublished\":\"2026-03-11T22:17:23+00:00\",\"author\":{\"@id\":\"https:\/\/eautomobiliai.lt\/#\/schema\/person\/ecf2a967f361217d056061f74deb92f2\"},\"breadcrumb\":{\"@id\":\"http:\/\/eautomobiliai.lt\/index.php\/2026\/03\/11\/pigiausias-kia-elektromobilis-atrodo-kaip-kudikis-seltos-vaizdo-irasas\/#breadcrumb\"},\"inLanguage\":\"lt-LT\",\"potentialAction\":[{\"@type\":\"ReadAction\",\"target\":[\"http:\/\/eautomobiliai.lt\/index.php\/2026\/03\/11\/pigiausias-kia-elektromobilis-atrodo-kaip-kudikis-seltos-vaizdo-irasas\/\"]}]},{\"@type\":\"ImageObject\",\"inLanguage\":\"lt-LT\",\"@id\":\"http:\/\/eautomobiliai.lt\/index.php\/2026\/03\/11\/pigiausias-kia-elektromobilis-atrodo-kaip-kudikis-seltos-vaizdo-irasas\/#primaryimage\",\"url\":\"http:\/\/eautomobiliai.lt\/wp-content\/uploads\/2026\/03\/Pigiausias-\u201eKia-elektromobilis-atrodo-kaip-kudikis-Seltos-vaizdo-irasas.jpeg\",\"contentUrl\":\"http:\/\/eautomobiliai.lt\/wp-content\/uploads\/2026\/03\/Pigiausias-\u201eKia-elektromobilis-atrodo-kaip-kudikis-Seltos-vaizdo-irasas.jpeg\",\"width\":1200,\"height\":628},{\"@type\":\"BreadcrumbList\",\"@id\":\"http:\/\/eautomobiliai.lt\/index.php\/2026\/03\/11\/pigiausias-kia-elektromobilis-atrodo-kaip-kudikis-seltos-vaizdo-irasas\/#breadcrumb\",\"itemListElement\":[{\"@type\":\"ListItem\",\"position\":1,\"name\":\"Home\",\"item\":\"https:\/\/eautomobiliai.lt\/\"},{\"@type\":\"ListItem\",\"position\":2,\"name\":\"Pigiausias \u201eKia\u201c elektromobilis atrodo kaip k\u016bdikis Seltos (vaizdo \u012fra\u0161as)\"}]},{\"@type\":\"WebSite\",\"@id\":\"https:\/\/eautomobiliai.lt\/#website\",\"url\":\"https:\/\/eautomobiliai.lt\/\",\"name\":\"Eautomobiliai.lt\",\"description\":\"Elektrinis transportas, technologijos\",\"potentialAction\":[{\"@type\":\"SearchAction\",\"target\":{\"@type\":\"EntryPoint\",\"urlTemplate\":\"https:\/\/eautomobiliai.lt\/?s={search_term_string}\"},\"query-input\":{\"@type\":\"PropertyValueSpecification\",\"valueRequired\":true,\"valueName\":\"search_term_string\"}}],\"inLanguage\":\"lt-LT\"},{\"@type\":\"Person\",\"@id\":\"https:\/\/eautomobiliai.lt\/#\/schema\/person\/ecf2a967f361217d056061f74deb92f2\",\"name\":\"admin\",\"image\":{\"@type\":\"ImageObject\",\"inLanguage\":\"lt-LT\",\"@id\":\"https:\/\/eautomobiliai.lt\/#\/schema\/person\/image\/\",\"url\":\"https:\/\/secure.gravatar.com\/avatar\/6323379efae0c70c686c7905444d6bbd?s=96&d=mm&r=g\",\"contentUrl\":\"https:\/\/secure.gravatar.com\/avatar\/6323379efae0c70c686c7905444d6bbd?s=96&d=mm&r=g\",\"caption\":\"admin\"},\"sameAs\":[\"http:\/\/eautomobiliai.lt\"],\"url\":\"http:\/\/eautomobiliai.lt\/index.php\/author\/admin\/\"}]}<\/script>\n<!-- \/ Yoast SEO plugin. -->","yoast_head_json":{"title":"Pigiausias \u201eKia\u201c elektromobilis atrodo kaip k\u016bdikis Seltos (vaizdo \u012fra\u0161as) - Eautomobiliai.lt","robots":{"index":"index","follow":"follow","max-snippet":"max-snippet:-1","max-image-preview":"max-image-preview:large","max-video-preview":"max-video-preview:-1"},"canonical":"http:\/\/eautomobiliai.lt\/index.php\/2026\/03\/11\/pigiausias-kia-elektromobilis-atrodo-kaip-kudikis-seltos-vaizdo-irasas\/","og_locale":"lt_LT","og_type":"article","og_title":"Pigiausias \u201eKia\u201c elektromobilis atrodo kaip k\u016bdikis Seltos (vaizdo \u012fra\u0161as) - Eautomobiliai.lt","og_description":"EV2 bus parduodamas bet kuri\u0105 dien\u0105 kaip pigiausias Kia elektromobilis Europoje. D\u0117l sta\u010dios, d\u0117\u017e\u0117s formos, jis labiau primena \u201eSeltos\u201c visureig\u012f&hellip;","og_url":"http:\/\/eautomobiliai.lt\/index.php\/2026\/03\/11\/pigiausias-kia-elektromobilis-atrodo-kaip-kudikis-seltos-vaizdo-irasas\/","og_site_name":"Eautomobiliai.lt","article_published_time":"2026-03-11T22:17:23+00:00","og_image":[{"width":1200,"height":628,"url":"http:\/\/eautomobiliai.lt\/wp-content\/uploads\/2026\/03\/Pigiausias-\u201eKia-elektromobilis-atrodo-kaip-kudikis-Seltos-vaizdo-irasas.jpeg","type":"image\/jpeg"}],"author":"admin","twitter_card":"summary_large_image","twitter_misc":{"Written by":"admin","Est. reading time":"2 minut\u0117s"},"schema":{"@context":"https:\/\/schema.org","@graph":[{"@type":"Article","@id":"http:\/\/eautomobiliai.lt\/index.php\/2026\/03\/11\/pigiausias-kia-elektromobilis-atrodo-kaip-kudikis-seltos-vaizdo-irasas\/#article","isPartOf":{"@id":"http:\/\/eautomobiliai.lt\/index.php\/2026\/03\/11\/pigiausias-kia-elektromobilis-atrodo-kaip-kudikis-seltos-vaizdo-irasas\/"},"author":{"name":"admin","@id":"https:\/\/eautomobiliai.lt\/#\/schema\/person\/ecf2a967f361217d056061f74deb92f2"},"headline":"Pigiausias \u201eKia\u201c elektromobilis atrodo kaip k\u016bdikis Seltos (vaizdo \u012fra\u0161as)","datePublished":"2026-03-11T22:17:23+00:00","mainEntityOfPage":{"@id":"http:\/\/eautomobiliai.lt\/index.php\/2026\/03\/11\/pigiausias-kia-elektromobilis-atrodo-kaip-kudikis-seltos-vaizdo-irasas\/"},"wordCount":479,"commentCount":0,"image":{"@id":"http:\/\/eautomobiliai.lt\/index.php\/2026\/03\/11\/pigiausias-kia-elektromobilis-atrodo-kaip-kudikis-seltos-vaizdo-irasas\/#primaryimage"},"thumbnailUrl":"http:\/\/eautomobiliai.lt\/wp-content\/uploads\/2026\/03\/Pigiausias-\u201eKia-elektromobilis-atrodo-kaip-kudikis-Seltos-vaizdo-irasas.jpeg","keywords":["atrodo","elektromobilis","\u012fra\u0161as","kaip","Kia","k\u016bdikis","pigiausias","Seltos","vaizdo"],"articleSection":["ELEKTRINIAI AUTOMOBILIAI"],"inLanguage":"lt-LT","potentialAction":[{"@type":"CommentAction","name":"Comment","target":["http:\/\/eautomobiliai.lt\/index.php\/2026\/03\/11\/pigiausias-kia-elektromobilis-atrodo-kaip-kudikis-seltos-vaizdo-irasas\/#respond"]}]},{"@type":"WebPage","@id":"http:\/\/eautomobiliai.lt\/index.php\/2026\/03\/11\/pigiausias-kia-elektromobilis-atrodo-kaip-kudikis-seltos-vaizdo-irasas\/","url":"http:\/\/eautomobiliai.lt\/index.php\/2026\/03\/11\/pigiausias-kia-elektromobilis-atrodo-kaip-kudikis-seltos-vaizdo-irasas\/","name":"Pigiausias \u201eKia\u201c elektromobilis atrodo kaip k\u016bdikis Seltos (vaizdo \u012fra\u0161as) - Eautomobiliai.lt","isPartOf":{"@id":"https:\/\/eautomobiliai.lt\/#website"},"primaryImageOfPage":{"@id":"http:\/\/eautomobiliai.lt\/index.php\/2026\/03\/11\/pigiausias-kia-elektromobilis-atrodo-kaip-kudikis-seltos-vaizdo-irasas\/#primaryimage"},"image":{"@id":"http:\/\/eautomobiliai.lt\/index.php\/2026\/03\/11\/pigiausias-kia-elektromobilis-atrodo-kaip-kudikis-seltos-vaizdo-irasas\/#primaryimage"},"thumbnailUrl":"http:\/\/eautomobiliai.lt\/wp-content\/uploads\/2026\/03\/Pigiausias-\u201eKia-elektromobilis-atrodo-kaip-kudikis-Seltos-vaizdo-irasas.jpeg","datePublished":"2026-03-11T22:17:23+00:00","author":{"@id":"https:\/\/eautomobiliai.lt\/#\/schema\/person\/ecf2a967f361217d056061f74deb92f2"},"breadcrumb":{"@id":"http:\/\/eautomobiliai.lt\/index.php\/2026\/03\/11\/pigiausias-kia-elektromobilis-atrodo-kaip-kudikis-seltos-vaizdo-irasas\/#breadcrumb"},"inLanguage":"lt-LT","potentialAction":[{"@type":"ReadAction","target":["http:\/\/eautomobiliai.lt\/index.php\/2026\/03\/11\/pigiausias-kia-elektromobilis-atrodo-kaip-kudikis-seltos-vaizdo-irasas\/"]}]},{"@type":"ImageObject","inLanguage":"lt-LT","@id":"http:\/\/eautomobiliai.lt\/index.php\/2026\/03\/11\/pigiausias-kia-elektromobilis-atrodo-kaip-kudikis-seltos-vaizdo-irasas\/#primaryimage","url":"http:\/\/eautomobiliai.lt\/wp-content\/uploads\/2026\/03\/Pigiausias-\u201eKia-elektromobilis-atrodo-kaip-kudikis-Seltos-vaizdo-irasas.jpeg","contentUrl":"http:\/\/eautomobiliai.lt\/wp-content\/uploads\/2026\/03\/Pigiausias-\u201eKia-elektromobilis-atrodo-kaip-kudikis-Seltos-vaizdo-irasas.jpeg","width":1200,"height":628},{"@type":"BreadcrumbList","@id":"http:\/\/eautomobiliai.lt\/index.php\/2026\/03\/11\/pigiausias-kia-elektromobilis-atrodo-kaip-kudikis-seltos-vaizdo-irasas\/#breadcrumb","itemListElement":[{"@type":"ListItem","position":1,"name":"Home","item":"https:\/\/eautomobiliai.lt\/"},{"@type":"ListItem","position":2,"name":"Pigiausias \u201eKia\u201c elektromobilis atrodo kaip k\u016bdikis Seltos (vaizdo \u012fra\u0161as)"}]},{"@type":"WebSite","@id":"https:\/\/eautomobiliai.lt\/#website","url":"https:\/\/eautomobiliai.lt\/","name":"Eautomobiliai.lt","description":"Elektrinis transportas, technologijos","potentialAction":[{"@type":"SearchAction","target":{"@type":"EntryPoint","urlTemplate":"https:\/\/eautomobiliai.lt\/?s={search_term_string}"},"query-input":{"@type":"PropertyValueSpecification","valueRequired":true,"valueName":"search_term_string"}}],"inLanguage":"lt-LT"},{"@type":"Person","@id":"https:\/\/eautomobiliai.lt\/#\/schema\/person\/ecf2a967f361217d056061f74deb92f2","name":"admin","image":{"@type":"ImageObject","inLanguage":"lt-LT","@id":"https:\/\/eautomobiliai.lt\/#\/schema\/person\/image\/","url":"https:\/\/secure.gravatar.com\/avatar\/6323379efae0c70c686c7905444d6bbd?s=96&d=mm&r=g","contentUrl":"https:\/\/secure.gravatar.com\/avatar\/6323379efae0c70c686c7905444d6bbd?s=96&d=mm&r=g","caption":"admin"},"sameAs":["http:\/\/eautomobiliai.lt"],"url":"http:\/\/eautomobiliai.lt\/index.php\/author\/admin\/"}]}},"_links":{"self":[{"href":"http:\/\/eautomobiliai.lt\/index.php\/wp-json\/wp\/v2\/posts\/3709","targetHints":{"allow":["GET"]}}],"collection":[{"href":"http:\/\/eautomobiliai.lt\/index.php\/wp-json\/wp\/v2\/posts"}],"about":[{"href":"http:\/\/eautomobiliai.lt\/index.php\/wp-json\/wp\/v2\/types\/post"}],"author":[{"embeddable":true,"href":"http:\/\/eautomobiliai.lt\/index.php\/wp-json\/wp\/v2\/users\/1"}],"replies":[{"embeddable":true,"href":"http:\/\/eautomobiliai.lt\/index.php\/wp-json\/wp\/v2\/comments?post=3709"}],"version-history":[{"count":0,"href":"http:\/\/eautomobiliai.lt\/index.php\/wp-json\/wp\/v2\/posts\/3709\/revisions"}],"wp:featuredmedia":[{"embeddable":true,"href":"http:\/\/eautomobiliai.lt\/index.php\/wp-json\/wp\/v2\/media\/3710"}],"wp:attachment":[{"href":"http:\/\/eautomobiliai.lt\/index.php\/wp-json\/wp\/v2\/media?parent=3709"}],"wp:term":[{"taxonomy":"category","embeddable":true,"href":"http:\/\/eautomobiliai.lt\/index.php\/wp-json\/wp\/v2\/categories?post=3709"},{"taxonomy":"post_tag","embeddable":true,"href":"http:\/\/eautomobiliai.lt\/index.php\/wp-json\/wp\/v2\/tags?post=3709"}],"curies":[{"name":"wp","href":"https:\/\/api.w.org\/{rel}","templated":true}]}}