{"id":3717,"date":"2026-03-12T14:25:58","date_gmt":"2026-03-12T14:25:58","guid":{"rendered":"http:\/\/eautomobiliai.lt\/index.php\/2026\/03\/12\/honda-atsisako-triju-svarbiausiu-savo-elektromobiliu-jav\/"},"modified":"2026-03-12T14:25:58","modified_gmt":"2026-03-12T14:25:58","slug":"honda-atsisako-triju-svarbiausiu-savo-elektromobiliu-jav","status":"publish","type":"post","link":"http:\/\/eautomobiliai.lt\/index.php\/2026\/03\/12\/honda-atsisako-triju-svarbiausiu-savo-elektromobiliu-jav\/","title":{"rendered":"\u201eHonda\u201c atsisako trij\u0173 svarbiausi\u0173 savo elektromobili\u0173 JAV"},"content":{"rendered":"<p> <br \/>\n<\/p>\n<div>\n<figure class=\"img-border featured-image\">\n<p>\t<br \/>\n\t<\/figure>\n<p>\u0160iais metais \u201eHonda\u201c ketino JAV pristatyti tris naujus elektromobilius, ta\u010diau tai nebebus.<\/p>\n<p><span id=\"more-459319\"\/><\/p>\n<div id=\"ez-toc-container\" class=\"ez-toc-v2_0_82_2 counter-hierarchy ez-toc-counter ez-toc-grey ez-toc-container-direction\">\n<div class=\"ez-toc-title-container\">\n<p class=\"ez-toc-title\" style=\"cursor:inherit\">Turinys:<\/p>\n<span class=\"ez-toc-title-toggle\"><a href=\"#\" class=\"ez-toc-pull-right ez-toc-btn ez-toc-btn-xs ez-toc-btn-default ez-toc-toggle\" aria-label=\"Toggle Table of Content\"><span class=\"ez-toc-js-icon-con\"><span class=\"\"><span class=\"eztoc-hide\" style=\"display:none;\">Toggle<\/span><span class=\"ez-toc-icon-toggle-span\"><svg style=\"fill: #999;color:#999\" xmlns=\"http:\/\/www.w3.org\/2000\/svg\" class=\"list-377408\" width=\"20px\" height=\"20px\" viewBox=\"0 0 24 24\" fill=\"none\"><path d=\"M6 6H4v2h2V6zm14 0H8v2h12V6zM4 11h2v2H4v-2zm16 0H8v2h12v-2zM4 16h2v2H4v-2zm16 0H8v2h12v-2z\" fill=\"currentColor\"><\/path><\/svg><svg style=\"fill: #999;color:#999\" class=\"arrow-unsorted-368013\" xmlns=\"http:\/\/www.w3.org\/2000\/svg\" width=\"10px\" height=\"10px\" viewBox=\"0 0 24 24\" version=\"1.2\" baseProfile=\"tiny\"><path d=\"M18.2 9.3l-6.2-6.3-6.2 6.3c-.2.2-.3.4-.3.7s.1.5.3.7c.2.2.4.3.7.3h11c.3 0 .5-.1.7-.3.2-.2.3-.5.3-.7s-.1-.5-.3-.7zM5.8 14.7l6.2 6.3 6.2-6.3c.2-.2.3-.5.3-.7s-.1-.5-.3-.7c-.2-.2-.4-.3-.7-.3h-11c-.3 0-.5.1-.7.3-.2.2-.3.5-.3.7s.1.5.3.7z\"\/><\/svg><\/span><\/span><\/span><\/a><\/span><\/div>\n<nav><ul class='ez-toc-list ez-toc-list-level-1 ' ><li class='ez-toc-page-1 ez-toc-heading-level-2'><a class=\"ez-toc-link ez-toc-heading-1\" href=\"http:\/\/eautomobiliai.lt\/index.php\/2026\/03\/12\/honda-atsisako-triju-svarbiausiu-savo-elektromobiliu-jav\/#Kodel_%E2%80%9EHonda%E2%80%9C_atsaukia_0_serijos_elektromobilius_ir_%E2%80%9EAcura_RSX%E2%80%9C\" >Kod\u0117l \u201eHonda\u201c at\u0161aukia 0 serijos elektromobilius ir \u201eAcura RSX\u201c?<\/a><\/li><li class='ez-toc-page-1 ez-toc-heading-level-2'><a class=\"ez-toc-link ez-toc-heading-2\" href=\"http:\/\/eautomobiliai.lt\/index.php\/2026\/03\/12\/honda-atsisako-triju-svarbiausiu-savo-elektromobiliu-jav\/#Electreks_Take\" >Electrek&#8217;s Take<\/a><\/li><\/ul><\/nav><\/div>\n<h2 class=\"wp-block-heading\" id=\"h-why-is-honda-canceling-the-0-series-evs-and-acura-rsx\"><span class=\"ez-toc-section\" id=\"Kodel_%E2%80%9EHonda%E2%80%9C_atsaukia_0_serijos_elektromobilius_ir_%E2%80%9EAcura_RSX%E2%80%9C\"><\/span>Kod\u0117l \u201eHonda\u201c at\u0161aukia 0 serijos elektromobilius ir \u201eAcura RSX\u201c?<span class=\"ez-toc-section-end\"><\/span><\/h2>\n<p>Japonijos automobili\u0173 gamintojas antradien\u012f paskelb\u0117, kad at\u0161aukia planus JAV i\u0161leisti tris elektromobilius, kuriuos v\u0117liau \u0161iais metais buvo numatyta gaminti \u201eHonda EV Hub\u201c Ohajo valstijoje.<\/p>\n<p>\u0160ie modeliai apima \u201eHonda 0\u201c serijos visureig\u012f ir sedan\u0105 ( sedan\u0105) bei \u201eAcura RSX\u201c. Visi trys buvo suplanuoti ant \u201eHonda\u201c vidin\u0117s \u201eZero\u201c EV platformos, skirtingai nei \u201eHonda Prologue\u201c ir \u201eAcura ZDX\u201c, kurie GM \u201eUltium\u201c platform\u0105 dalinosi su \u201eChevy Equinox EV\u201c ir \u201eCadillac Lyriq\u201c.<\/p>\n<p>\u201eHonda\u201c kaltino \u201edabartin\u0119 verslo aplink\u0105, kurioje elektromobili\u0173 paklausa smarkiai ma\u017e\u0117ja\u201c d\u0117l staigaus elektromobili\u0173 plan\u0173 pasikeitimo.<\/p>\n<p>\t<span class=\"outbrain-ad-label\">Reklama \u2013 slinkite, kad gautum\u0117te daugiau turinio<\/span><\/p>\n<p>Restrukt\u016brizavimo s\u0105naudos visame pasaulyje gali siekti 2,5 trilijono jen\u0173 (15,7 mlrd. USD), persp\u0117jo \u201eHonda\u201c, pa\u017eym\u0117damas pirm\u0105j\u012f metin\u012f nuostol\u012f per beveik 70 met\u0173. \u201eHonda\u201c teig\u0117, kad jos peln\u0105 nuken\u010dia JAV tarifai ir stipr\u0117janti konkurencija Azijoje, kai \u012f rink\u0105 patenka nauj\u0173 elektromobili\u0173 marki\u0173 i\u0161 Kinijos su pa\u017eangesn\u0117mis ir efektyvesn\u0117mis transporto priemon\u0117mis.<\/p>\n<figure class=\"wp-block-image aligncenter size-large\"><img loading=\"lazy\" decoding=\"async\" height=\"512\" width=\"1024\" src=\"https:\/\/electrek.co\/wp-content\/uploads\/sites\/3\/2026\/01\/Honda-new-H-Mark-EVs-4.jpeg?quality=82&amp;strip=all&amp;w=1024\" alt=\"\u201eHonda\u201c at\u0161aukia tris elektromobilius\" class=\"wp-image-451064\" srcset=\"https:\/\/electrek.co\/wp-content\/uploads\/sites\/3\/2026\/01\/Honda-new-H-Mark-EVs-4.jpeg 1920w, https:\/\/electrek.co\/wp-content\/uploads\/sites\/3\/2026\/01\/Honda-new-H-Mark-EVs-4.jpeg?resize=150,75 150w, https:\/\/electrek.co\/wp-content\/uploads\/sites\/3\/2026\/01\/Honda-new-H-Mark-EVs-4.jpeg?resize=300,150 300w, https:\/\/electrek.co\/wp-content\/uploads\/sites\/3\/2026\/01\/Honda-new-H-Mark-EVs-4.jpeg?resize=768,384 768w, https:\/\/electrek.co\/wp-content\/uploads\/sites\/3\/2026\/01\/Honda-new-H-Mark-EVs-4.jpeg?resize=1024,512 1024w, https:\/\/electrek.co\/wp-content\/uploads\/sites\/3\/2026\/01\/Honda-new-H-Mark-EVs-4.jpeg?resize=1536,768 1536w, https:\/\/electrek.co\/wp-content\/uploads\/sites\/3\/2026\/01\/Honda-new-H-Mark-EVs-4.jpeg?resize=350,175 350w, https:\/\/electrek.co\/wp-content\/uploads\/sites\/3\/2026\/01\/Honda-new-H-Mark-EVs-4.jpeg?resize=140,70 140w, https:\/\/electrek.co\/wp-content\/uploads\/sites\/3\/2026\/01\/Honda-new-H-Mark-EVs-4.jpeg?resize=1600,800 1600w, https:\/\/electrek.co\/wp-content\/uploads\/sites\/3\/2026\/01\/Honda-new-H-Mark-EVs-4.jpeg?resize=290,145 290w, https:\/\/electrek.co\/wp-content\/uploads\/sites\/3\/2026\/01\/Honda-new-H-Mark-EVs-4.jpeg?resize=600,300 600w\" sizes=\"auto, (max-width: 1024px) 100vw, 1024px\"\/><figcaption class=\"wp-element-caption\">Honda 0 serijos sedanas (de\u0161in\u0117je) ir visureigis (kair\u0117je) \u0160altinis: Honda<\/figcaption><\/figure>\n<p>\u201eHonda\u201c teig\u0117, kad pastaraisiais m\u0117nesiais JAV elektromobili\u0173 pardavimas sul\u0117t\u0117jo \u201ed\u0117l keli\u0173 veiksni\u0173, \u012fskaitant i\u0161kastinio kuro reglament\u0173 \u0161velninim\u0105 ir elektromobili\u0173 paskat\u0173 per\u017ei\u016bras\u201c.<\/p>\n<p>\u201eHonda negal\u0117jo pristatyti produkt\u0173, kuri\u0173 kainos ir kokyb\u0117s santykis b\u016bt\u0173 geresnis nei naujesni\u0173 elektromobili\u0173 gamintoj\u0173, tod\u0117l suma\u017e\u0117jo konkurencingumas\u201c, \u2013 sakoma bendrov\u0117s prane\u0161ime.<\/p>\n<figure class=\"wp-block-image aligncenter size-large\"><img loading=\"lazy\" decoding=\"async\" height=\"512\" width=\"1024\" src=\"https:\/\/electrek.co\/wp-content\/uploads\/sites\/3\/2026\/03\/Honda-cancels-three-EVs-Acura-1.jpeg?quality=82&amp;strip=all&amp;w=1024\" alt=\"\u201eHonda\u201c at\u0161aukia tris elektromobilius \u201eAcura-1\u201c.\" class=\"wp-image-459335\" srcset=\"https:\/\/electrek.co\/wp-content\/uploads\/sites\/3\/2026\/03\/Honda-cancels-three-EVs-Acura-1.jpeg 1200w, https:\/\/electrek.co\/wp-content\/uploads\/sites\/3\/2026\/03\/Honda-cancels-three-EVs-Acura-1.jpeg?resize=150,75 150w, https:\/\/electrek.co\/wp-content\/uploads\/sites\/3\/2026\/03\/Honda-cancels-three-EVs-Acura-1.jpeg?resize=300,150 300w, https:\/\/electrek.co\/wp-content\/uploads\/sites\/3\/2026\/03\/Honda-cancels-three-EVs-Acura-1.jpeg?resize=768,384 768w, https:\/\/electrek.co\/wp-content\/uploads\/sites\/3\/2026\/03\/Honda-cancels-three-EVs-Acura-1.jpeg?resize=1024,512 1024w, https:\/\/electrek.co\/wp-content\/uploads\/sites\/3\/2026\/03\/Honda-cancels-three-EVs-Acura-1.jpeg?resize=350,175 350w, https:\/\/electrek.co\/wp-content\/uploads\/sites\/3\/2026\/03\/Honda-cancels-three-EVs-Acura-1.jpeg?resize=140,70 140w, https:\/\/electrek.co\/wp-content\/uploads\/sites\/3\/2026\/03\/Honda-cancels-three-EVs-Acura-1.jpeg?resize=290,145 290w, https:\/\/electrek.co\/wp-content\/uploads\/sites\/3\/2026\/03\/Honda-cancels-three-EVs-Acura-1.jpeg?resize=600,300 600w\" sizes=\"auto, (max-width: 1024px) 100vw, 1024px\"\/><figcaption class=\"wp-element-caption\">\u201eAcura RSX EV\u201c prototipas (\u0161altinis: \u201eHonda\u201c)<\/figcaption><\/figure>\n<p>Siekdama pakeisti situacij\u0105 ir padidinti pelningum\u0105, \u201eHonda\u201c skirs daugiau i\u0161tekli\u0173 naujos kartos hibridams. \u201eHonda\u201c steb\u0117s pusiausvyr\u0105 tarp pelningumo ir rinkos tendencij\u0173 ilgalaik\u0117je perspektyvoje, planuodama \u201elanks\u010diai\u201c pristatyti naujus elektromobilius.<\/p>\n<h2 class=\"wp-block-heading\" id=\"h-electrek-s-take\"><span class=\"ez-toc-section\" id=\"Electreks_Take\"><\/span>Electrek&#8217;s Take<span class=\"ez-toc-section-end\"><\/span><\/h2>\n<p>\u201eHonda\u201c prisijungia prie daugyb\u0117s kit\u0173 automobili\u0173 gamintoj\u0173, kurie paskelb\u0117 apie planus atid\u0117ti arba at\u0161aukti nauj\u0105 elektromobil\u012f JAV po Trumpo administracijos politikos poky\u010di\u0173. <\/p>\n<p>\u201eHyundai\u201c, \u201eKia\u201c, \u201eVolkswagen\u201c, \u201eFord\u201c ir kiti pagrindiniai originalios \u012frangos gamintojai d\u0117l pakeitim\u0173 atsisak\u0117 dideli\u0173 elektromobili\u0173 projekt\u0173, tod\u0117l JAV pirk\u0117jams liko ma\u017eiau pasirinkimo.<\/p>\n<p>Did\u0117jant duj\u0173 kainoms, dabar moka visi. \u201eHonda\u201c investavo daugiau nei 4,4 mlrd. USD, kad \u012fkurt\u0173 Ohajo EV Hub, vien\u0105 did\u017eiausi\u0173 valstijos ekonomini\u0173 projekt\u0173, kad b\u016bt\u0173 sukurta \u0160iaur\u0117s Amerikos elektromobili\u0173 gamybos tiekimo grandin\u0117.<\/p>\n<p>\u201eHyundai\u201c investavo daugiau nei 12,6 mlrd. USD Gruzijoje elektromobili\u0173 ir baterij\u0173 gamybai. Trumpo administracijai panaikinus paskatas elektromobiliams ir \u0161velninus i\u0161kastinio kuro taisykles, JAV ne tik atsilieka nuo Kinijos, Kor\u0117jos, Europos ir kit\u0173, pereina prie elektrifikacijos, bet ir sukuria bangavimo efekt\u0105, kuris jau kenkia ekonomikai, o vartotojai moka kain\u0105.<\/p>\n<div class=\"google-preferred-source-badge\">\n<p>\t\t\t<img decoding=\"async\" class=\"google-preferred-source-badge-dark\" src=\"https:\/\/electrek.co\/wp-content\/themes\/ninetofive\/dist\/images\/google-preferred-source-badge-dark.png\" alt=\"Prid\u0117kite \u201eElectrek\u201c kaip pageidaujam\u0105 \u201eGoogle\u201c \u0161altin\u012f\"\/><br \/>\n\t\t\t<img decoding=\"async\" class=\"google-preferred-source-badge-light\" src=\"https:\/\/electrek.co\/wp-content\/themes\/ninetofive\/dist\/images\/google-preferred-source-badge-light.png\" alt=\"Prid\u0117kite \u201eElectrek\u201c kaip pageidaujam\u0105 \u201eGoogle\u201c \u0161altin\u012f\"\/><\/p><\/div>\n<div class=\"ad-disclaimer-container\">\n<p class=\"disclaimer-affiliate\"><em>FTC: naudojame pajamas u\u017edirban\u010di\u0173 automobili\u0173 filial\u0173 nuorodas.<\/em> Daugiau.<\/p>\n<p><!-- post ad --><\/div>\n<\/p><\/div>\n<p><br \/>\n<br \/><a href=\"https:\/\/electrek.co\/2026\/03\/12\/honda-scraps-three-most-important-evs-us\/\">Source link <\/a><\/p>\n","protected":false},"excerpt":{"rendered":"<p>\u0160iais metais \u201eHonda\u201c ketino JAV pristatyti tris naujus elektromobilius, ta\u010diau tai nebebus. Kod\u0117l \u201eHonda\u201c at\u0161aukia 0 serijos elektromobilius ir \u201eAcura&hellip;<\/p>\n","protected":false},"author":1,"featured_media":3718,"comment_status":"open","ping_status":"open","sticky":false,"template":"","format":"standard","meta":{"om_disable_all_campaigns":false,"_monsterinsights_skip_tracking":false,"_monsterinsights_sitenote_active":false,"_monsterinsights_sitenote_note":"","_monsterinsights_sitenote_category":0,"footnotes":""},"categories":[8],"tags":[3663,191,1637,83,183,5652,3981],"class_list":["post-3717","post","type-post","status-publish","format-standard","has-post-thumbnail","hentry","category-elektriniai-automobiliai","tag-atsisako","tag-elektromobiliu","tag-honda","tag-jav","tag-savo","tag-svarbiausiu","tag-triju"],"aioseo_notices":[],"yoast_head":"<!-- This site is optimized with the Yoast SEO plugin v26.8 - https:\/\/yoast.com\/product\/yoast-seo-wordpress\/ -->\n<title>\u201eHonda\u201c atsisako trij\u0173 svarbiausi\u0173 savo elektromobili\u0173 JAV - Eautomobiliai.lt<\/title>\n<meta name=\"robots\" content=\"index, follow, max-snippet:-1, max-image-preview:large, max-video-preview:-1\" \/>\n<link rel=\"canonical\" href=\"https:\/\/eautomobiliai.lt\/index.php\/2026\/03\/12\/honda-atsisako-triju-svarbiausiu-savo-elektromobiliu-jav\/\" \/>\n<meta property=\"og:locale\" content=\"lt_LT\" \/>\n<meta property=\"og:type\" content=\"article\" \/>\n<meta property=\"og:title\" content=\"\u201eHonda\u201c atsisako trij\u0173 svarbiausi\u0173 savo elektromobili\u0173 JAV - Eautomobiliai.lt\" \/>\n<meta property=\"og:description\" content=\"\u0160iais metais \u201eHonda\u201c ketino JAV pristatyti tris naujus elektromobilius, ta\u010diau tai nebebus. Kod\u0117l \u201eHonda\u201c at\u0161aukia 0 serijos elektromobilius ir \u201eAcura&hellip;\" \/>\n<meta property=\"og:url\" content=\"https:\/\/eautomobiliai.lt\/index.php\/2026\/03\/12\/honda-atsisako-triju-svarbiausiu-savo-elektromobiliu-jav\/\" \/>\n<meta property=\"og:site_name\" content=\"Eautomobiliai.lt\" \/>\n<meta property=\"article:published_time\" content=\"2026-03-12T14:25:58+00:00\" \/>\n<meta property=\"og:image\" content=\"https:\/\/eautomobiliai.lt\/wp-content\/uploads\/2026\/03\/\u201eHonda-atsisako-triju-svarbiausiu-savo-elektromobiliu-JAV.jpeg\" \/>\n\t<meta property=\"og:image:width\" content=\"1200\" \/>\n\t<meta property=\"og:image:height\" content=\"628\" \/>\n\t<meta property=\"og:image:type\" content=\"image\/jpeg\" \/>\n<meta name=\"author\" content=\"admin\" \/>\n<meta name=\"twitter:card\" content=\"summary_large_image\" \/>\n<meta name=\"twitter:label1\" content=\"Written by\" \/>\n\t<meta name=\"twitter:data1\" content=\"admin\" \/>\n\t<meta name=\"twitter:label2\" content=\"Est. reading time\" \/>\n\t<meta name=\"twitter:data2\" content=\"2 minut\u0117s\" \/>\n<script type=\"application\/ld+json\" class=\"yoast-schema-graph\">{\"@context\":\"https:\/\/schema.org\",\"@graph\":[{\"@type\":\"Article\",\"@id\":\"https:\/\/eautomobiliai.lt\/index.php\/2026\/03\/12\/honda-atsisako-triju-svarbiausiu-savo-elektromobiliu-jav\/#article\",\"isPartOf\":{\"@id\":\"https:\/\/eautomobiliai.lt\/index.php\/2026\/03\/12\/honda-atsisako-triju-svarbiausiu-savo-elektromobiliu-jav\/\"},\"author\":{\"name\":\"admin\",\"@id\":\"https:\/\/eautomobiliai.lt\/#\/schema\/person\/ecf2a967f361217d056061f74deb92f2\"},\"headline\":\"\u201eHonda\u201c atsisako trij\u0173 svarbiausi\u0173 savo elektromobili\u0173 JAV\",\"datePublished\":\"2026-03-12T14:25:58+00:00\",\"mainEntityOfPage\":{\"@id\":\"https:\/\/eautomobiliai.lt\/index.php\/2026\/03\/12\/honda-atsisako-triju-svarbiausiu-savo-elektromobiliu-jav\/\"},\"wordCount\":439,\"commentCount\":0,\"image\":{\"@id\":\"https:\/\/eautomobiliai.lt\/index.php\/2026\/03\/12\/honda-atsisako-triju-svarbiausiu-savo-elektromobiliu-jav\/#primaryimage\"},\"thumbnailUrl\":\"http:\/\/eautomobiliai.lt\/wp-content\/uploads\/2026\/03\/\u201eHonda-atsisako-triju-svarbiausiu-savo-elektromobiliu-JAV.jpeg\",\"keywords\":[\"atsisako\",\"elektromobili\u0173\",\"Honda\",\"JAV\",\"savo\",\"svarbiausi\u0173\",\"trij\u0173\"],\"articleSection\":[\"ELEKTRINIAI AUTOMOBILIAI\"],\"inLanguage\":\"lt-LT\",\"potentialAction\":[{\"@type\":\"CommentAction\",\"name\":\"Comment\",\"target\":[\"https:\/\/eautomobiliai.lt\/index.php\/2026\/03\/12\/honda-atsisako-triju-svarbiausiu-savo-elektromobiliu-jav\/#respond\"]}]},{\"@type\":\"WebPage\",\"@id\":\"https:\/\/eautomobiliai.lt\/index.php\/2026\/03\/12\/honda-atsisako-triju-svarbiausiu-savo-elektromobiliu-jav\/\",\"url\":\"https:\/\/eautomobiliai.lt\/index.php\/2026\/03\/12\/honda-atsisako-triju-svarbiausiu-savo-elektromobiliu-jav\/\",\"name\":\"\u201eHonda\u201c atsisako trij\u0173 svarbiausi\u0173 savo elektromobili\u0173 JAV - Eautomobiliai.lt\",\"isPartOf\":{\"@id\":\"https:\/\/eautomobiliai.lt\/#website\"},\"primaryImageOfPage\":{\"@id\":\"https:\/\/eautomobiliai.lt\/index.php\/2026\/03\/12\/honda-atsisako-triju-svarbiausiu-savo-elektromobiliu-jav\/#primaryimage\"},\"image\":{\"@id\":\"https:\/\/eautomobiliai.lt\/index.php\/2026\/03\/12\/honda-atsisako-triju-svarbiausiu-savo-elektromobiliu-jav\/#primaryimage\"},\"thumbnailUrl\":\"http:\/\/eautomobiliai.lt\/wp-content\/uploads\/2026\/03\/\u201eHonda-atsisako-triju-svarbiausiu-savo-elektromobiliu-JAV.jpeg\",\"datePublished\":\"2026-03-12T14:25:58+00:00\",\"author\":{\"@id\":\"https:\/\/eautomobiliai.lt\/#\/schema\/person\/ecf2a967f361217d056061f74deb92f2\"},\"breadcrumb\":{\"@id\":\"https:\/\/eautomobiliai.lt\/index.php\/2026\/03\/12\/honda-atsisako-triju-svarbiausiu-savo-elektromobiliu-jav\/#breadcrumb\"},\"inLanguage\":\"lt-LT\",\"potentialAction\":[{\"@type\":\"ReadAction\",\"target\":[\"https:\/\/eautomobiliai.lt\/index.php\/2026\/03\/12\/honda-atsisako-triju-svarbiausiu-savo-elektromobiliu-jav\/\"]}]},{\"@type\":\"ImageObject\",\"inLanguage\":\"lt-LT\",\"@id\":\"https:\/\/eautomobiliai.lt\/index.php\/2026\/03\/12\/honda-atsisako-triju-svarbiausiu-savo-elektromobiliu-jav\/#primaryimage\",\"url\":\"http:\/\/eautomobiliai.lt\/wp-content\/uploads\/2026\/03\/\u201eHonda-atsisako-triju-svarbiausiu-savo-elektromobiliu-JAV.jpeg\",\"contentUrl\":\"http:\/\/eautomobiliai.lt\/wp-content\/uploads\/2026\/03\/\u201eHonda-atsisako-triju-svarbiausiu-savo-elektromobiliu-JAV.jpeg\",\"width\":1200,\"height\":628},{\"@type\":\"BreadcrumbList\",\"@id\":\"https:\/\/eautomobiliai.lt\/index.php\/2026\/03\/12\/honda-atsisako-triju-svarbiausiu-savo-elektromobiliu-jav\/#breadcrumb\",\"itemListElement\":[{\"@type\":\"ListItem\",\"position\":1,\"name\":\"Home\",\"item\":\"https:\/\/eautomobiliai.lt\/\"},{\"@type\":\"ListItem\",\"position\":2,\"name\":\"\u201eHonda\u201c atsisako trij\u0173 svarbiausi\u0173 savo elektromobili\u0173 JAV\"}]},{\"@type\":\"WebSite\",\"@id\":\"https:\/\/eautomobiliai.lt\/#website\",\"url\":\"https:\/\/eautomobiliai.lt\/\",\"name\":\"Eautomobiliai.lt\",\"description\":\"Elektrinis transportas, technologijos\",\"potentialAction\":[{\"@type\":\"SearchAction\",\"target\":{\"@type\":\"EntryPoint\",\"urlTemplate\":\"https:\/\/eautomobiliai.lt\/?s={search_term_string}\"},\"query-input\":{\"@type\":\"PropertyValueSpecification\",\"valueRequired\":true,\"valueName\":\"search_term_string\"}}],\"inLanguage\":\"lt-LT\"},{\"@type\":\"Person\",\"@id\":\"https:\/\/eautomobiliai.lt\/#\/schema\/person\/ecf2a967f361217d056061f74deb92f2\",\"name\":\"admin\",\"image\":{\"@type\":\"ImageObject\",\"inLanguage\":\"lt-LT\",\"@id\":\"https:\/\/eautomobiliai.lt\/#\/schema\/person\/image\/\",\"url\":\"https:\/\/secure.gravatar.com\/avatar\/6323379efae0c70c686c7905444d6bbd?s=96&d=mm&r=g\",\"contentUrl\":\"https:\/\/secure.gravatar.com\/avatar\/6323379efae0c70c686c7905444d6bbd?s=96&d=mm&r=g\",\"caption\":\"admin\"},\"sameAs\":[\"http:\/\/eautomobiliai.lt\"],\"url\":\"http:\/\/eautomobiliai.lt\/index.php\/author\/admin\/\"}]}<\/script>\n<!-- \/ Yoast SEO plugin. -->","yoast_head_json":{"title":"\u201eHonda\u201c atsisako trij\u0173 svarbiausi\u0173 savo elektromobili\u0173 JAV - Eautomobiliai.lt","robots":{"index":"index","follow":"follow","max-snippet":"max-snippet:-1","max-image-preview":"max-image-preview:large","max-video-preview":"max-video-preview:-1"},"canonical":"https:\/\/eautomobiliai.lt\/index.php\/2026\/03\/12\/honda-atsisako-triju-svarbiausiu-savo-elektromobiliu-jav\/","og_locale":"lt_LT","og_type":"article","og_title":"\u201eHonda\u201c atsisako trij\u0173 svarbiausi\u0173 savo elektromobili\u0173 JAV - Eautomobiliai.lt","og_description":"\u0160iais metais \u201eHonda\u201c ketino JAV pristatyti tris naujus elektromobilius, ta\u010diau tai nebebus. Kod\u0117l \u201eHonda\u201c at\u0161aukia 0 serijos elektromobilius ir \u201eAcura&hellip;","og_url":"https:\/\/eautomobiliai.lt\/index.php\/2026\/03\/12\/honda-atsisako-triju-svarbiausiu-savo-elektromobiliu-jav\/","og_site_name":"Eautomobiliai.lt","article_published_time":"2026-03-12T14:25:58+00:00","og_image":[{"width":1200,"height":628,"url":"https:\/\/eautomobiliai.lt\/wp-content\/uploads\/2026\/03\/\u201eHonda-atsisako-triju-svarbiausiu-savo-elektromobiliu-JAV.jpeg","type":"image\/jpeg"}],"author":"admin","twitter_card":"summary_large_image","twitter_misc":{"Written by":"admin","Est. reading time":"2 minut\u0117s"},"schema":{"@context":"https:\/\/schema.org","@graph":[{"@type":"Article","@id":"https:\/\/eautomobiliai.lt\/index.php\/2026\/03\/12\/honda-atsisako-triju-svarbiausiu-savo-elektromobiliu-jav\/#article","isPartOf":{"@id":"https:\/\/eautomobiliai.lt\/index.php\/2026\/03\/12\/honda-atsisako-triju-svarbiausiu-savo-elektromobiliu-jav\/"},"author":{"name":"admin","@id":"https:\/\/eautomobiliai.lt\/#\/schema\/person\/ecf2a967f361217d056061f74deb92f2"},"headline":"\u201eHonda\u201c atsisako trij\u0173 svarbiausi\u0173 savo elektromobili\u0173 JAV","datePublished":"2026-03-12T14:25:58+00:00","mainEntityOfPage":{"@id":"https:\/\/eautomobiliai.lt\/index.php\/2026\/03\/12\/honda-atsisako-triju-svarbiausiu-savo-elektromobiliu-jav\/"},"wordCount":439,"commentCount":0,"image":{"@id":"https:\/\/eautomobiliai.lt\/index.php\/2026\/03\/12\/honda-atsisako-triju-svarbiausiu-savo-elektromobiliu-jav\/#primaryimage"},"thumbnailUrl":"http:\/\/eautomobiliai.lt\/wp-content\/uploads\/2026\/03\/\u201eHonda-atsisako-triju-svarbiausiu-savo-elektromobiliu-JAV.jpeg","keywords":["atsisako","elektromobili\u0173","Honda","JAV","savo","svarbiausi\u0173","trij\u0173"],"articleSection":["ELEKTRINIAI AUTOMOBILIAI"],"inLanguage":"lt-LT","potentialAction":[{"@type":"CommentAction","name":"Comment","target":["https:\/\/eautomobiliai.lt\/index.php\/2026\/03\/12\/honda-atsisako-triju-svarbiausiu-savo-elektromobiliu-jav\/#respond"]}]},{"@type":"WebPage","@id":"https:\/\/eautomobiliai.lt\/index.php\/2026\/03\/12\/honda-atsisako-triju-svarbiausiu-savo-elektromobiliu-jav\/","url":"https:\/\/eautomobiliai.lt\/index.php\/2026\/03\/12\/honda-atsisako-triju-svarbiausiu-savo-elektromobiliu-jav\/","name":"\u201eHonda\u201c atsisako trij\u0173 svarbiausi\u0173 savo elektromobili\u0173 JAV - Eautomobiliai.lt","isPartOf":{"@id":"https:\/\/eautomobiliai.lt\/#website"},"primaryImageOfPage":{"@id":"https:\/\/eautomobiliai.lt\/index.php\/2026\/03\/12\/honda-atsisako-triju-svarbiausiu-savo-elektromobiliu-jav\/#primaryimage"},"image":{"@id":"https:\/\/eautomobiliai.lt\/index.php\/2026\/03\/12\/honda-atsisako-triju-svarbiausiu-savo-elektromobiliu-jav\/#primaryimage"},"thumbnailUrl":"http:\/\/eautomobiliai.lt\/wp-content\/uploads\/2026\/03\/\u201eHonda-atsisako-triju-svarbiausiu-savo-elektromobiliu-JAV.jpeg","datePublished":"2026-03-12T14:25:58+00:00","author":{"@id":"https:\/\/eautomobiliai.lt\/#\/schema\/person\/ecf2a967f361217d056061f74deb92f2"},"breadcrumb":{"@id":"https:\/\/eautomobiliai.lt\/index.php\/2026\/03\/12\/honda-atsisako-triju-svarbiausiu-savo-elektromobiliu-jav\/#breadcrumb"},"inLanguage":"lt-LT","potentialAction":[{"@type":"ReadAction","target":["https:\/\/eautomobiliai.lt\/index.php\/2026\/03\/12\/honda-atsisako-triju-svarbiausiu-savo-elektromobiliu-jav\/"]}]},{"@type":"ImageObject","inLanguage":"lt-LT","@id":"https:\/\/eautomobiliai.lt\/index.php\/2026\/03\/12\/honda-atsisako-triju-svarbiausiu-savo-elektromobiliu-jav\/#primaryimage","url":"http:\/\/eautomobiliai.lt\/wp-content\/uploads\/2026\/03\/\u201eHonda-atsisako-triju-svarbiausiu-savo-elektromobiliu-JAV.jpeg","contentUrl":"http:\/\/eautomobiliai.lt\/wp-content\/uploads\/2026\/03\/\u201eHonda-atsisako-triju-svarbiausiu-savo-elektromobiliu-JAV.jpeg","width":1200,"height":628},{"@type":"BreadcrumbList","@id":"https:\/\/eautomobiliai.lt\/index.php\/2026\/03\/12\/honda-atsisako-triju-svarbiausiu-savo-elektromobiliu-jav\/#breadcrumb","itemListElement":[{"@type":"ListItem","position":1,"name":"Home","item":"https:\/\/eautomobiliai.lt\/"},{"@type":"ListItem","position":2,"name":"\u201eHonda\u201c atsisako trij\u0173 svarbiausi\u0173 savo elektromobili\u0173 JAV"}]},{"@type":"WebSite","@id":"https:\/\/eautomobiliai.lt\/#website","url":"https:\/\/eautomobiliai.lt\/","name":"Eautomobiliai.lt","description":"Elektrinis transportas, technologijos","potentialAction":[{"@type":"SearchAction","target":{"@type":"EntryPoint","urlTemplate":"https:\/\/eautomobiliai.lt\/?s={search_term_string}"},"query-input":{"@type":"PropertyValueSpecification","valueRequired":true,"valueName":"search_term_string"}}],"inLanguage":"lt-LT"},{"@type":"Person","@id":"https:\/\/eautomobiliai.lt\/#\/schema\/person\/ecf2a967f361217d056061f74deb92f2","name":"admin","image":{"@type":"ImageObject","inLanguage":"lt-LT","@id":"https:\/\/eautomobiliai.lt\/#\/schema\/person\/image\/","url":"https:\/\/secure.gravatar.com\/avatar\/6323379efae0c70c686c7905444d6bbd?s=96&d=mm&r=g","contentUrl":"https:\/\/secure.gravatar.com\/avatar\/6323379efae0c70c686c7905444d6bbd?s=96&d=mm&r=g","caption":"admin"},"sameAs":["http:\/\/eautomobiliai.lt"],"url":"http:\/\/eautomobiliai.lt\/index.php\/author\/admin\/"}]}},"_links":{"self":[{"href":"http:\/\/eautomobiliai.lt\/index.php\/wp-json\/wp\/v2\/posts\/3717","targetHints":{"allow":["GET"]}}],"collection":[{"href":"http:\/\/eautomobiliai.lt\/index.php\/wp-json\/wp\/v2\/posts"}],"about":[{"href":"http:\/\/eautomobiliai.lt\/index.php\/wp-json\/wp\/v2\/types\/post"}],"author":[{"embeddable":true,"href":"http:\/\/eautomobiliai.lt\/index.php\/wp-json\/wp\/v2\/users\/1"}],"replies":[{"embeddable":true,"href":"http:\/\/eautomobiliai.lt\/index.php\/wp-json\/wp\/v2\/comments?post=3717"}],"version-history":[{"count":0,"href":"http:\/\/eautomobiliai.lt\/index.php\/wp-json\/wp\/v2\/posts\/3717\/revisions"}],"wp:featuredmedia":[{"embeddable":true,"href":"http:\/\/eautomobiliai.lt\/index.php\/wp-json\/wp\/v2\/media\/3718"}],"wp:attachment":[{"href":"http:\/\/eautomobiliai.lt\/index.php\/wp-json\/wp\/v2\/media?parent=3717"}],"wp:term":[{"taxonomy":"category","embeddable":true,"href":"http:\/\/eautomobiliai.lt\/index.php\/wp-json\/wp\/v2\/categories?post=3717"},{"taxonomy":"post_tag","embeddable":true,"href":"http:\/\/eautomobiliai.lt\/index.php\/wp-json\/wp\/v2\/tags?post=3717"}],"curies":[{"name":"wp","href":"https:\/\/api.w.org\/{rel}","templated":true}]}}